{"id":100231,"date":"2021-01-19T14:25:35","date_gmt":"2021-01-19T13:25:35","guid":{"rendered":"https:\/\/dicodusport.fr\/blog\/?p=100231&#038;preview=true&#038;preview_id=100231"},"modified":"2021-01-19T14:50:35","modified_gmt":"2021-01-19T13:50:35","slug":"pinot-demare-gaudu-programme-des-leaders-groupama-fdj-en-2021","status":"publish","type":"post","link":"https:\/\/dicodusport.fr\/blog\/pinot-demare-gaudu-programme-des-leaders-groupama-fdj-en-2021\/","title":{"rendered":"Pinot, D\u00e9mare, Gaudu, le programme des leaders de la Groupama-FDJ en 2021"},"content":{"rendered":"<p style=\"text-align: justify;\"><strong><em>CYCLISME 2021 &#8211; Ce mardi, \u00e0 l&rsquo;occasion de 25\u00e8me pr\u00e9sentation de la Groupama-FDJ, les programmes de Thibaut Pinot, Arnaud D\u00e9mare et David Gaudu ont \u00e9t\u00e9 d\u00e9voil\u00e9s.<\/em><\/strong><\/p>\n<h2 style=\"text-align: justify;\">Arnaud D\u00e9mare, Classiques et Tour de France au menu<\/h2>\n<p style=\"text-align: justify;\">Coureur le plus prolifique du peloton en 2020, <strong>Arnaud D\u00e9mare<\/strong> retrouvera les routes du Tour de France cette ann\u00e9e. Ce dernier partira de Bretagne le 26 juin prochain. Le Picard de 29 ans tentera de r\u00e9\u00e9diter la m\u00eame performance que sur le Giro 2020, avec quatre victoires d&rsquo;\u00e9tape et le classement par points dans la poche. Le sprinteur de Beauvais reprendra la comp\u00e9tition au <strong>Tour de Valence<\/strong> en Espagne, le 3 f\u00e9vrier prochain. Le champion de France en titre encha\u00eenera avec le <strong>Tour de La Provence<\/strong> (11 au 14 f\u00e9vrier), <strong>Kuurne-Bruxelles-Kuurne<\/strong> (28 f\u00e9vrier) et <strong>Paris-Nice<\/strong> (7 au 14 mars).<\/p>\n<p style=\"text-align: justify;\"><strong>Arnaud D\u00e9mare<\/strong> a \u00e9galement annonc\u00e9 qu&rsquo;il sera au d\u00e9part de deux Monuments au printemps, avec <strong>Milan &#8211; San Remo<\/strong> (20 mars) et <strong>Paris-Roubaix<\/strong> le 11 avril prochain. Entre deux, il sera \u00e9galement align\u00e9 sur <strong>Gand-Wevelgem<\/strong> (28 mars).<\/p>\n<blockquote class=\"twitter-tweet\">\n<p dir=\"ltr\" lang=\"fr\">Quadruple vainqueur d&rsquo;\u00e9tape sur le Giro 2020, Arnaud D\u00e9mare fera en 2021 son retour sur le Tour de France avec beaucoup d&rsquo;ambition. <a href=\"https:\/\/t.co\/aWxkdxFmLu\">pic.twitter.com\/aWxkdxFmLu<\/a><\/p>\n<p>\u2014 \u00c9quipe Cycliste Groupama-FDJ (@GroupamaFDJ) <a href=\"https:\/\/twitter.com\/GroupamaFDJ\/status\/1351510496764174338?ref_src=twsrc%5Etfw\">January 19, 2021<\/a><\/p><\/blockquote>\n<p><script async src=\"https:\/\/platform.twitter.com\/widgets.js\" charset=\"utf-8\"><\/script><\/p>\n<h2>Thibaut Pinot et la confirmation du Tour d&rsquo;Italie<\/h2>\n<p style=\"text-align: justify;\"><a href=\"https:\/\/dicodusport.fr\/blog\/thibaut-pinot-ne-devrait-pas-etre-present-sur-tour-de-france-2021\/\" target=\"_blank\" rel=\"noopener\">On vous l&rsquo;annon\u00e7ait ce dimanche<\/a>, c&rsquo;est d\u00e9sormais officiel. <strong>Thibaut Pinot<\/strong> aura pour grand objectif le <strong>Tour d&rsquo;Italie<\/strong> en 2021. <em>\u00ab Je vais tout faire pour \u00eatre \u00e0 100% \u00bb<\/em> a-t-il d\u00e9clar\u00e9. Le Giro d\u00e9marrera \u00e0 Turin le 8 mai prochain. Avec l&rsquo;objectif de <em>\u00ab jouer devant \u00bb<\/em> selon les propres mots de Marc Madiot. Pas d&rsquo;autres informations ont \u00e9t\u00e9 donn\u00e9es sur le reste de son programme.<\/p>\n<h3 style=\"text-align: justify;\">La d\u00e9claration de Thibaut Pinot<\/h3>\n<blockquote>\n<p style=\"text-align: justify;\">C&rsquo;\u00e9tait une d\u00e9cision m\u00fbrement r\u00e9fl\u00e9chie, je pense que c&rsquo;est le moment pour moi de revenir sur le Tour d&rsquo;Italie. En voyant le parcours du Tour de France, j&rsquo;ai vu que ce n&rsquo;\u00e9tait pas pour moi cette ann\u00e9e. Je ne l&rsquo;ai rat\u00e9 qu&rsquo;une seule fois dans ma carri\u00e8re. Si \u00e7a me permet de revenir \u00e0 100% sur le Tour, ce sera du bonus pour tout le monde.<\/p>\n<\/blockquote>\n<blockquote class=\"twitter-tweet\">\n<p dir=\"ltr\" lang=\"fr\">La premi\u00e8re partie de la saison 2021 de Thibaut Pinot sera consacr\u00e9e \u00e0 un tr\u00e8s grand objectif : le Giro &#x1f1ee;&#x1f1f9; <a href=\"https:\/\/t.co\/TAGQBwNrC7\">pic.twitter.com\/TAGQBwNrC7<\/a><\/p>\n<p>\u2014 \u00c9quipe Cycliste Groupama-FDJ (@GroupamaFDJ) <a href=\"https:\/\/twitter.com\/GroupamaFDJ\/status\/1351515875531223046?ref_src=twsrc%5Etfw\">January 19, 2021<\/a><\/p><\/blockquote>\n<p><script async src=\"https:\/\/platform.twitter.com\/widgets.js\" charset=\"utf-8\"><\/script><\/p>\n<h2 style=\"text-align: justify;\">David Gaudu, Ardennaises et Tour de France en ligne de mire<\/h2>\n<p style=\"text-align: justify;\">Vainqueur de deux \u00e9tapes sur la Vuelta 2020, <strong>David Gaudu<\/strong> aura un programme charg\u00e9 cette saison, avec davantage de responsabilit\u00e9s. Le Breton de 24 ans sera align\u00e9 sur <strong>Paris-Nice<\/strong> (7 au 14 mars) avant de prendre la direction des Ardennaises, et notamment de la <strong>Fl\u00e8che Wallonne<\/strong> (21 avril) et <strong>Li\u00e8ge-Bastogne-Li\u00e8ge<\/strong> (25 avril). Il sera ensuite tourn\u00e9 vers le <strong>Tour de France<\/strong> (26 juin &#8211; 18 juillet), avec le <strong>Dauphin\u00e9<\/strong> en guise de pr\u00e9paration (30 mai &#8211; 6 juin).<\/p>\n<p style=\"text-align: justify;\">Sur la Grande Boucle, <strong>David Gaudu<\/strong> pourra compter sur son ami, <strong>Valentin Madouas<\/strong>. Le Brestois de 24 ans, qui sera au d\u00e9part des <strong>Strade Bianche<\/strong> (6 mars), de <strong>Tirreno-Adriatico<\/strong> (10 au 16 mars), du <strong>Tour des Flandres<\/strong> (4 avril) et vraisemblablement des Ardennaises, sera \u00e9galement align\u00e9 sur le Tour de France. Madouas en a profit\u00e9 pour annoncer la prolongation de son contrat jusqu&rsquo;en 2024 avec la formation de Marc Madiot.<\/p>\n<blockquote class=\"twitter-tweet\">\n<p dir=\"ltr\" lang=\"it\">2021 + 3 = 2024 \/ Valentin prolonge ! &#x1f58a;&#x2705; <a href=\"https:\/\/t.co\/QNwdLLZGpK\">pic.twitter.com\/QNwdLLZGpK<\/a><\/p>\n<p>\u2014 \u00c9quipe Cycliste Groupama-FDJ (@GroupamaFDJ) <a href=\"https:\/\/twitter.com\/GroupamaFDJ\/status\/1351521603247595521?ref_src=twsrc%5Etfw\">January 19, 2021<\/a><\/p><\/blockquote>\n<p><script async src=\"https:\/\/platform.twitter.com\/widgets.js\" charset=\"utf-8\"><\/script><\/p>\n<ul>\n<li style=\"text-align: justify;\"><strong>\u00c0 lire aussi &#8211; <a href=\"https:\/\/dicodusport.fr\/blog\/cyclisme-masculin-calendrier-cycliste-2021\/\" target=\"_blank\" rel=\"noopener\">Cyclisme masculin : le calendrier cycliste 2021<\/a><\/strong><\/li>\n<\/ul>\n<p><strong><em>Dicodusport<br \/>\n<a href=\"https:\/\/www.facebook.com\/dicodusport\/\" target=\"_blank\" rel=\"noopener noreferrer\"><img loading=\"lazy\" decoding=\"async\" class=\"alignnone wp-image-2909\" src=\"http:\/\/dicodusport.fr\/blog\/wp-content\/uploads\/2017\/07\/logo-facebook-150x150.png\" alt=\"\" width=\"40\" height=\"40\" \/><\/a><a href=\"https:\/\/twitter.com\/dicodusport\" target=\"_blank\" rel=\"noopener noreferrer\"><img loading=\"lazy\" decoding=\"async\" class=\"alignnone wp-image-2908\" src=\"http:\/\/dicodusport.fr\/blog\/wp-content\/uploads\/2017\/07\/logo-twitter-150x150.png\" alt=\"\" width=\"39\" height=\"39\" \/><\/a><\/em><\/strong><\/p>\n","protected":false},"excerpt":{"rendered":"<p>CYCLISME 2021 &#8211; Ce mardi, \u00e0 l&rsquo;occasion de 25\u00e8me pr\u00e9sentation de la Groupama-FDJ, les programmes de Thibaut Pinot, Arnaud D\u00e9mare et David Gaudu ont \u00e9t\u00e9 d\u00e9voil\u00e9s.<\/p>\n","protected":false},"author":4,"featured_media":100235,"comment_status":"open","ping_status":"closed","sticky":false,"template":"","format":"standard","meta":{"_acf_changed":false,"_daextam_enable_autolinks":"","footnotes":""},"categories":[2307],"tags":[4285,3113,3279,4839],"class_list":["post-100231","post","type-post","status-publish","format-standard","has-post-thumbnail","hentry","category-cyclisme","tag-arnaud-demare","tag-david-gaudu","tag-groupama-fdj","tag-thibaut-pinot"],"acf":[],"yoast_head":"<!-- This site is optimized with the Yoast SEO Premium plugin v26.7 (Yoast SEO v26.7) - https:\/\/yoast.com\/wordpress\/plugins\/seo\/ -->\n<title>Pinot, D\u00e9mare, Gaudu, le programme des leaders de la Groupama-FDJ en 2021<\/title>\n<meta name=\"description\" content=\"CYCLISME 2021 - Ce mardi, les programmes des leaders de la Groupama-FDJ, Thibaut Pinot, Arnaud D\u00e9mare et David Gaudu, ont \u00e9t\u00e9 d\u00e9voil\u00e9s.\" \/>\n<meta name=\"robots\" content=\"index, follow, max-snippet:-1, max-image-preview:large, max-video-preview:-1\" \/>\n<link rel=\"canonical\" href=\"https:\/\/dicodusport.fr\/blog\/pinot-demare-gaudu-programme-des-leaders-groupama-fdj-en-2021\/\" \/>\n<meta property=\"og:locale\" content=\"fr_FR\" \/>\n<meta property=\"og:type\" content=\"article\" \/>\n<meta property=\"og:title\" content=\"Pinot, D\u00e9mare, Gaudu, le programme des leaders de la Groupama-FDJ en 2021\" \/>\n<meta property=\"og:description\" content=\"CYCLISME 2021 - Ce mardi, les programmes des leaders de la Groupama-FDJ, Thibaut Pinot, Arnaud D\u00e9mare et David Gaudu, ont \u00e9t\u00e9 d\u00e9voil\u00e9s.\" \/>\n<meta property=\"og:url\" content=\"https:\/\/dicodusport.fr\/blog\/pinot-demare-gaudu-programme-des-leaders-groupama-fdj-en-2021\/\" \/>\n<meta property=\"og:site_name\" content=\"Dicodusport\" \/>\n<meta property=\"article:publisher\" content=\"https:\/\/www.facebook.com\/dicodusport\" \/>\n<meta property=\"article:author\" content=\"https:\/\/www.facebook.com\/florent.ostermann\" \/>\n<meta property=\"article:published_time\" content=\"2021-01-19T13:25:35+00:00\" \/>\n<meta property=\"article:modified_time\" content=\"2021-01-19T13:50:35+00:00\" \/>\n<meta property=\"og:image\" content=\"https:\/\/dicodusport.fr\/blog\/wp-content\/uploads\/2021\/01\/Cyclisme-Pinot-Demare-Gaudu-le-programme-des-leaders-de-la-Groupama-FDJ-en-2021.png\" \/>\n\t<meta property=\"og:image:width\" content=\"800\" \/>\n\t<meta property=\"og:image:height\" content=\"445\" \/>\n\t<meta property=\"og:image:type\" content=\"image\/png\" \/>\n<meta name=\"author\" content=\"Flo Ostermann\" \/>\n<meta name=\"twitter:card\" content=\"summary_large_image\" \/>\n<meta name=\"twitter:title\" content=\"Pinot, D\u00e9mare, Gaudu, le programme des leaders de la Groupama-FDJ en 2021\" \/>\n<meta name=\"twitter:creator\" content=\"@https:\/\/twitter.com\/FlOstermann\" \/>\n<meta name=\"twitter:site\" content=\"@dicodusport\" \/>\n<script type=\"application\/ld+json\" class=\"yoast-schema-graph\">{\"@context\":\"https:\/\/schema.org\",\"@graph\":[{\"@type\":\"NewsArticle\",\"@id\":\"https:\/\/dicodusport.fr\/blog\/pinot-demare-gaudu-programme-des-leaders-groupama-fdj-en-2021\/#article\",\"isPartOf\":{\"@id\":\"https:\/\/dicodusport.fr\/blog\/pinot-demare-gaudu-programme-des-leaders-groupama-fdj-en-2021\/\"},\"author\":{\"name\":\"Flo Ostermann\",\"@id\":\"https:\/\/dicodusport.fr\/blog\/#\/schema\/person\/cb02af4c173ce4a653b55e9baf388d4a\"},\"headline\":\"Pinot, D\u00e9mare, Gaudu, le programme des leaders de la Groupama-FDJ en 2021\",\"datePublished\":\"2021-01-19T13:25:35+00:00\",\"dateModified\":\"2021-01-19T13:50:35+00:00\",\"mainEntityOfPage\":{\"@id\":\"https:\/\/dicodusport.fr\/blog\/pinot-demare-gaudu-programme-des-leaders-groupama-fdj-en-2021\/\"},\"wordCount\":587,\"commentCount\":0,\"publisher\":{\"@id\":\"https:\/\/dicodusport.fr\/blog\/#organization\"},\"image\":{\"@id\":\"https:\/\/dicodusport.fr\/blog\/pinot-demare-gaudu-programme-des-leaders-groupama-fdj-en-2021\/#primaryimage\"},\"thumbnailUrl\":\"https:\/\/dicodusport.fr\/blog\/wp-content\/uploads\/2021\/01\/Cyclisme-Pinot-Demare-Gaudu-le-programme-des-leaders-de-la-Groupama-FDJ-en-2021.png\",\"keywords\":[\"Arnaud D\u00e9mare\",\"David Gaudu\",\"Groupama FDJ\",\"Thibaut Pinot\"],\"articleSection\":[\"Cyclisme\"],\"inLanguage\":\"fr-FR\",\"potentialAction\":[{\"@type\":\"CommentAction\",\"name\":\"Comment\",\"target\":[\"https:\/\/dicodusport.fr\/blog\/pinot-demare-gaudu-programme-des-leaders-groupama-fdj-en-2021\/#respond\"]}],\"copyrightYear\":\"2021\",\"copyrightHolder\":{\"@id\":\"https:\/\/dicodusport.fr\/blog\/#organization\"}},{\"@type\":\"WebPage\",\"@id\":\"https:\/\/dicodusport.fr\/blog\/pinot-demare-gaudu-programme-des-leaders-groupama-fdj-en-2021\/\",\"url\":\"https:\/\/dicodusport.fr\/blog\/pinot-demare-gaudu-programme-des-leaders-groupama-fdj-en-2021\/\",\"name\":\"Pinot, D\u00e9mare, Gaudu, le programme des leaders de la Groupama-FDJ en 2021\",\"isPartOf\":{\"@id\":\"https:\/\/dicodusport.fr\/blog\/#website\"},\"primaryImageOfPage\":{\"@id\":\"https:\/\/dicodusport.fr\/blog\/pinot-demare-gaudu-programme-des-leaders-groupama-fdj-en-2021\/#primaryimage\"},\"image\":{\"@id\":\"https:\/\/dicodusport.fr\/blog\/pinot-demare-gaudu-programme-des-leaders-groupama-fdj-en-2021\/#primaryimage\"},\"thumbnailUrl\":\"https:\/\/dicodusport.fr\/blog\/wp-content\/uploads\/2021\/01\/Cyclisme-Pinot-Demare-Gaudu-le-programme-des-leaders-de-la-Groupama-FDJ-en-2021.png\",\"datePublished\":\"2021-01-19T13:25:35+00:00\",\"dateModified\":\"2021-01-19T13:50:35+00:00\",\"description\":\"CYCLISME 2021 - Ce mardi, les programmes des leaders de la Groupama-FDJ, Thibaut Pinot, Arnaud D\u00e9mare et David Gaudu, ont \u00e9t\u00e9 d\u00e9voil\u00e9s.\",\"breadcrumb\":{\"@id\":\"https:\/\/dicodusport.fr\/blog\/pinot-demare-gaudu-programme-des-leaders-groupama-fdj-en-2021\/#breadcrumb\"},\"inLanguage\":\"fr-FR\",\"potentialAction\":[{\"@type\":\"ReadAction\",\"target\":[\"https:\/\/dicodusport.fr\/blog\/pinot-demare-gaudu-programme-des-leaders-groupama-fdj-en-2021\/\"]}]},{\"@type\":\"ImageObject\",\"inLanguage\":\"fr-FR\",\"@id\":\"https:\/\/dicodusport.fr\/blog\/pinot-demare-gaudu-programme-des-leaders-groupama-fdj-en-2021\/#primaryimage\",\"url\":\"https:\/\/dicodusport.fr\/blog\/wp-content\/uploads\/2021\/01\/Cyclisme-Pinot-Demare-Gaudu-le-programme-des-leaders-de-la-Groupama-FDJ-en-2021.png\",\"contentUrl\":\"https:\/\/dicodusport.fr\/blog\/wp-content\/uploads\/2021\/01\/Cyclisme-Pinot-Demare-Gaudu-le-programme-des-leaders-de-la-Groupama-FDJ-en-2021.png\",\"width\":800,\"height\":445,\"caption\":\"Pinot, D\u00e9mare, Gaudu, le programme des leaders de la Groupama-FDJ en 2021\"},{\"@type\":\"BreadcrumbList\",\"@id\":\"https:\/\/dicodusport.fr\/blog\/pinot-demare-gaudu-programme-des-leaders-groupama-fdj-en-2021\/#breadcrumb\",\"itemListElement\":[{\"@type\":\"ListItem\",\"position\":1,\"name\":\"Accueil\",\"item\":\"https:\/\/dicodusport.fr\/blog\/\"},{\"@type\":\"ListItem\",\"position\":2,\"name\":\"Pinot, D\u00e9mare, Gaudu, le programme des leaders de la Groupama-FDJ en 2021\"}]},{\"@type\":\"WebSite\",\"@id\":\"https:\/\/dicodusport.fr\/blog\/#website\",\"url\":\"https:\/\/dicodusport.fr\/blog\/\",\"name\":\"Dicodusport\",\"description\":\"L&#039;encyclop\u00e9die de l&#039;actualit\u00e9 sportive\",\"publisher\":{\"@id\":\"https:\/\/dicodusport.fr\/blog\/#organization\"},\"potentialAction\":[{\"@type\":\"SearchAction\",\"target\":{\"@type\":\"EntryPoint\",\"urlTemplate\":\"https:\/\/dicodusport.fr\/blog\/?s={search_term_string}\"},\"query-input\":{\"@type\":\"PropertyValueSpecification\",\"valueRequired\":true,\"valueName\":\"search_term_string\"}}],\"inLanguage\":\"fr-FR\"},{\"@type\":\"NewsMediaOrganization\",\"@id\":\"https:\/\/dicodusport.fr\/blog\/#organization\",\"name\":\"Dicodusport\",\"url\":\"https:\/\/dicodusport.fr\/blog\/\",\"logo\":{\"@type\":\"ImageObject\",\"inLanguage\":\"fr-FR\",\"@id\":\"https:\/\/dicodusport.fr\/blog\/#\/schema\/logo\/image\/\",\"url\":\"https:\/\/dicodusport.fr\/blog\/wp-content\/uploads\/2020\/06\/cropped-LOGO-DICODUSPORT-2020-SANS-FOND-SANS-TEXTE.png\",\"contentUrl\":\"https:\/\/dicodusport.fr\/blog\/wp-content\/uploads\/2020\/06\/cropped-LOGO-DICODUSPORT-2020-SANS-FOND-SANS-TEXTE.png\",\"width\":512,\"height\":512,\"caption\":\"Dicodusport\"},\"image\":{\"@id\":\"https:\/\/dicodusport.fr\/blog\/#\/schema\/logo\/image\/\"},\"sameAs\":[\"https:\/\/www.facebook.com\/dicodusport\",\"https:\/\/x.com\/dicodusport\",\"https:\/\/www.instagram.com\/dicodusport\/\",\"https:\/\/www.youtube.com\/channel\/UC7V2KZ5sd3htJivAbA4ZG3w\"],\"description\":\"Dicodusport est l'encyclop\u00e9die de l'actualit\u00e9 sportive.\",\"email\":\"bonjour@dicodusport.fr\",\"legalName\":\"DICODUSPORT\",\"foundingDate\":\"2018-01-14\",\"vatID\":\"FR71834470973\",\"taxID\":\"83447097300043\",\"numberOfEmployees\":{\"@type\":\"QuantitativeValue\",\"minValue\":\"1\",\"maxValue\":\"10\"}},{\"@type\":\"Person\",\"@id\":\"https:\/\/dicodusport.fr\/blog\/#\/schema\/person\/cb02af4c173ce4a653b55e9baf388d4a\",\"name\":\"Flo Ostermann\",\"image\":{\"@type\":\"ImageObject\",\"inLanguage\":\"fr-FR\",\"@id\":\"https:\/\/dicodusport.fr\/blog\/#\/schema\/person\/image\/\",\"url\":\"https:\/\/dicodusport.fr\/blog\/wp-content\/uploads\/2021\/05\/Flo-Ostermann-150x150.jpg\",\"contentUrl\":\"https:\/\/dicodusport.fr\/blog\/wp-content\/uploads\/2021\/05\/Flo-Ostermann-150x150.jpg\",\"caption\":\"Flo Ostermann\"},\"description\":\"Journaliste\/R\u00e9dacteur depuis septembre 2015 - Mes premiers souvenirs dans le sport ? Les envol\u00e9es du Stade Toulousain et les duels Villeneuve-Schumacher et H\u00e4kkinen-Schumacher \u00e0 la fin des ann\u00e9es 90, la Coupe du monde de football en 1998, l\u2019exploit du XV de France face aux All Blacks en 1999, mais aussi Richard C\u0153ur de Lion qui vole sur les montagnes du Tour de France. Bien parti pour devenir professeur d\u2019EPS, les \u00e9v\u00e9nements de la vie (et la flemme d\u2019animer des s\u00e9ances de 3x500 m\u00e8tres toute ma vie) m\u2019ont conduit \u00e0 revoir mes plans. Me voil\u00e0 depuis fin 2017 sur Dicodusport, m\u00e9dia gr\u00e2ce (et pour) lequel je partage ma passion : le sport dans tous ses \u00e9tats. Le tout accompagn\u00e9 par les fous furieux et folles furieuses cit\u00e9s sur cette page !\",\"sameAs\":[\"https:\/\/www.facebook.com\/florent.ostermann\",\"https:\/\/x.com\/https:\/\/twitter.com\/FlOstermann\",\"admin\"],\"url\":\"https:\/\/dicodusport.fr\/blog\/author\/flo\/\"}]}<\/script>\n<!-- \/ Yoast SEO Premium plugin. -->","yoast_head_json":{"title":"Pinot, D\u00e9mare, Gaudu, le programme des leaders de la Groupama-FDJ en 2021","description":"CYCLISME 2021 - Ce mardi, les programmes des leaders de la Groupama-FDJ, Thibaut Pinot, Arnaud D\u00e9mare et David Gaudu, ont \u00e9t\u00e9 d\u00e9voil\u00e9s.","robots":{"index":"index","follow":"follow","max-snippet":"max-snippet:-1","max-image-preview":"max-image-preview:large","max-video-preview":"max-video-preview:-1"},"canonical":"https:\/\/dicodusport.fr\/blog\/pinot-demare-gaudu-programme-des-leaders-groupama-fdj-en-2021\/","og_locale":"fr_FR","og_type":"article","og_title":"Pinot, D\u00e9mare, Gaudu, le programme des leaders de la Groupama-FDJ en 2021","og_description":"CYCLISME 2021 - Ce mardi, les programmes des leaders de la Groupama-FDJ, Thibaut Pinot, Arnaud D\u00e9mare et David Gaudu, ont \u00e9t\u00e9 d\u00e9voil\u00e9s.","og_url":"https:\/\/dicodusport.fr\/blog\/pinot-demare-gaudu-programme-des-leaders-groupama-fdj-en-2021\/","og_site_name":"Dicodusport","article_publisher":"https:\/\/www.facebook.com\/dicodusport","article_author":"https:\/\/www.facebook.com\/florent.ostermann","article_published_time":"2021-01-19T13:25:35+00:00","article_modified_time":"2021-01-19T13:50:35+00:00","og_image":[{"width":800,"height":445,"url":"https:\/\/dicodusport.fr\/blog\/wp-content\/uploads\/2021\/01\/Cyclisme-Pinot-Demare-Gaudu-le-programme-des-leaders-de-la-Groupama-FDJ-en-2021.png","type":"image\/png"}],"author":"Flo Ostermann","twitter_card":"summary_large_image","twitter_title":"Pinot, D\u00e9mare, Gaudu, le programme des leaders de la Groupama-FDJ en 2021","twitter_creator":"@https:\/\/twitter.com\/FlOstermann","twitter_site":"@dicodusport","schema":{"@context":"https:\/\/schema.org","@graph":[{"@type":"NewsArticle","@id":"https:\/\/dicodusport.fr\/blog\/pinot-demare-gaudu-programme-des-leaders-groupama-fdj-en-2021\/#article","isPartOf":{"@id":"https:\/\/dicodusport.fr\/blog\/pinot-demare-gaudu-programme-des-leaders-groupama-fdj-en-2021\/"},"author":{"name":"Flo Ostermann","@id":"https:\/\/dicodusport.fr\/blog\/#\/schema\/person\/cb02af4c173ce4a653b55e9baf388d4a"},"headline":"Pinot, D\u00e9mare, Gaudu, le programme des leaders de la Groupama-FDJ en 2021","datePublished":"2021-01-19T13:25:35+00:00","dateModified":"2021-01-19T13:50:35+00:00","mainEntityOfPage":{"@id":"https:\/\/dicodusport.fr\/blog\/pinot-demare-gaudu-programme-des-leaders-groupama-fdj-en-2021\/"},"wordCount":587,"commentCount":0,"publisher":{"@id":"https:\/\/dicodusport.fr\/blog\/#organization"},"image":{"@id":"https:\/\/dicodusport.fr\/blog\/pinot-demare-gaudu-programme-des-leaders-groupama-fdj-en-2021\/#primaryimage"},"thumbnailUrl":"https:\/\/dicodusport.fr\/blog\/wp-content\/uploads\/2021\/01\/Cyclisme-Pinot-Demare-Gaudu-le-programme-des-leaders-de-la-Groupama-FDJ-en-2021.png","keywords":["Arnaud D\u00e9mare","David Gaudu","Groupama FDJ","Thibaut Pinot"],"articleSection":["Cyclisme"],"inLanguage":"fr-FR","potentialAction":[{"@type":"CommentAction","name":"Comment","target":["https:\/\/dicodusport.fr\/blog\/pinot-demare-gaudu-programme-des-leaders-groupama-fdj-en-2021\/#respond"]}],"copyrightYear":"2021","copyrightHolder":{"@id":"https:\/\/dicodusport.fr\/blog\/#organization"}},{"@type":"WebPage","@id":"https:\/\/dicodusport.fr\/blog\/pinot-demare-gaudu-programme-des-leaders-groupama-fdj-en-2021\/","url":"https:\/\/dicodusport.fr\/blog\/pinot-demare-gaudu-programme-des-leaders-groupama-fdj-en-2021\/","name":"Pinot, D\u00e9mare, Gaudu, le programme des leaders de la Groupama-FDJ en 2021","isPartOf":{"@id":"https:\/\/dicodusport.fr\/blog\/#website"},"primaryImageOfPage":{"@id":"https:\/\/dicodusport.fr\/blog\/pinot-demare-gaudu-programme-des-leaders-groupama-fdj-en-2021\/#primaryimage"},"image":{"@id":"https:\/\/dicodusport.fr\/blog\/pinot-demare-gaudu-programme-des-leaders-groupama-fdj-en-2021\/#primaryimage"},"thumbnailUrl":"https:\/\/dicodusport.fr\/blog\/wp-content\/uploads\/2021\/01\/Cyclisme-Pinot-Demare-Gaudu-le-programme-des-leaders-de-la-Groupama-FDJ-en-2021.png","datePublished":"2021-01-19T13:25:35+00:00","dateModified":"2021-01-19T13:50:35+00:00","description":"CYCLISME 2021 - Ce mardi, les programmes des leaders de la Groupama-FDJ, Thibaut Pinot, Arnaud D\u00e9mare et David Gaudu, ont \u00e9t\u00e9 d\u00e9voil\u00e9s.","breadcrumb":{"@id":"https:\/\/dicodusport.fr\/blog\/pinot-demare-gaudu-programme-des-leaders-groupama-fdj-en-2021\/#breadcrumb"},"inLanguage":"fr-FR","potentialAction":[{"@type":"ReadAction","target":["https:\/\/dicodusport.fr\/blog\/pinot-demare-gaudu-programme-des-leaders-groupama-fdj-en-2021\/"]}]},{"@type":"ImageObject","inLanguage":"fr-FR","@id":"https:\/\/dicodusport.fr\/blog\/pinot-demare-gaudu-programme-des-leaders-groupama-fdj-en-2021\/#primaryimage","url":"https:\/\/dicodusport.fr\/blog\/wp-content\/uploads\/2021\/01\/Cyclisme-Pinot-Demare-Gaudu-le-programme-des-leaders-de-la-Groupama-FDJ-en-2021.png","contentUrl":"https:\/\/dicodusport.fr\/blog\/wp-content\/uploads\/2021\/01\/Cyclisme-Pinot-Demare-Gaudu-le-programme-des-leaders-de-la-Groupama-FDJ-en-2021.png","width":800,"height":445,"caption":"Pinot, D\u00e9mare, Gaudu, le programme des leaders de la Groupama-FDJ en 2021"},{"@type":"BreadcrumbList","@id":"https:\/\/dicodusport.fr\/blog\/pinot-demare-gaudu-programme-des-leaders-groupama-fdj-en-2021\/#breadcrumb","itemListElement":[{"@type":"ListItem","position":1,"name":"Accueil","item":"https:\/\/dicodusport.fr\/blog\/"},{"@type":"ListItem","position":2,"name":"Pinot, D\u00e9mare, Gaudu, le programme des leaders de la Groupama-FDJ en 2021"}]},{"@type":"WebSite","@id":"https:\/\/dicodusport.fr\/blog\/#website","url":"https:\/\/dicodusport.fr\/blog\/","name":"Dicodusport","description":"L&#039;encyclop\u00e9die de l&#039;actualit\u00e9 sportive","publisher":{"@id":"https:\/\/dicodusport.fr\/blog\/#organization"},"potentialAction":[{"@type":"SearchAction","target":{"@type":"EntryPoint","urlTemplate":"https:\/\/dicodusport.fr\/blog\/?s={search_term_string}"},"query-input":{"@type":"PropertyValueSpecification","valueRequired":true,"valueName":"search_term_string"}}],"inLanguage":"fr-FR"},{"@type":"NewsMediaOrganization","@id":"https:\/\/dicodusport.fr\/blog\/#organization","name":"Dicodusport","url":"https:\/\/dicodusport.fr\/blog\/","logo":{"@type":"ImageObject","inLanguage":"fr-FR","@id":"https:\/\/dicodusport.fr\/blog\/#\/schema\/logo\/image\/","url":"https:\/\/dicodusport.fr\/blog\/wp-content\/uploads\/2020\/06\/cropped-LOGO-DICODUSPORT-2020-SANS-FOND-SANS-TEXTE.png","contentUrl":"https:\/\/dicodusport.fr\/blog\/wp-content\/uploads\/2020\/06\/cropped-LOGO-DICODUSPORT-2020-SANS-FOND-SANS-TEXTE.png","width":512,"height":512,"caption":"Dicodusport"},"image":{"@id":"https:\/\/dicodusport.fr\/blog\/#\/schema\/logo\/image\/"},"sameAs":["https:\/\/www.facebook.com\/dicodusport","https:\/\/x.com\/dicodusport","https:\/\/www.instagram.com\/dicodusport\/","https:\/\/www.youtube.com\/channel\/UC7V2KZ5sd3htJivAbA4ZG3w"],"description":"Dicodusport est l'encyclop\u00e9die de l'actualit\u00e9 sportive.","email":"bonjour@dicodusport.fr","legalName":"DICODUSPORT","foundingDate":"2018-01-14","vatID":"FR71834470973","taxID":"83447097300043","numberOfEmployees":{"@type":"QuantitativeValue","minValue":"1","maxValue":"10"}},{"@type":"Person","@id":"https:\/\/dicodusport.fr\/blog\/#\/schema\/person\/cb02af4c173ce4a653b55e9baf388d4a","name":"Flo Ostermann","image":{"@type":"ImageObject","inLanguage":"fr-FR","@id":"https:\/\/dicodusport.fr\/blog\/#\/schema\/person\/image\/","url":"https:\/\/dicodusport.fr\/blog\/wp-content\/uploads\/2021\/05\/Flo-Ostermann-150x150.jpg","contentUrl":"https:\/\/dicodusport.fr\/blog\/wp-content\/uploads\/2021\/05\/Flo-Ostermann-150x150.jpg","caption":"Flo Ostermann"},"description":"Journaliste\/R\u00e9dacteur depuis septembre 2015 - Mes premiers souvenirs dans le sport ? Les envol\u00e9es du Stade Toulousain et les duels Villeneuve-Schumacher et H\u00e4kkinen-Schumacher \u00e0 la fin des ann\u00e9es 90, la Coupe du monde de football en 1998, l\u2019exploit du XV de France face aux All Blacks en 1999, mais aussi Richard C\u0153ur de Lion qui vole sur les montagnes du Tour de France. Bien parti pour devenir professeur d\u2019EPS, les \u00e9v\u00e9nements de la vie (et la flemme d\u2019animer des s\u00e9ances de 3x500 m\u00e8tres toute ma vie) m\u2019ont conduit \u00e0 revoir mes plans. Me voil\u00e0 depuis fin 2017 sur Dicodusport, m\u00e9dia gr\u00e2ce (et pour) lequel je partage ma passion : le sport dans tous ses \u00e9tats. Le tout accompagn\u00e9 par les fous furieux et folles furieuses cit\u00e9s sur cette page !","sameAs":["https:\/\/www.facebook.com\/florent.ostermann","https:\/\/x.com\/https:\/\/twitter.com\/FlOstermann","admin"],"url":"https:\/\/dicodusport.fr\/blog\/author\/flo\/"}]}},"_links":{"self":[{"href":"https:\/\/dicodusport.fr\/blog\/wp-json\/wp\/v2\/posts\/100231","targetHints":{"allow":["GET"]}}],"collection":[{"href":"https:\/\/dicodusport.fr\/blog\/wp-json\/wp\/v2\/posts"}],"about":[{"href":"https:\/\/dicodusport.fr\/blog\/wp-json\/wp\/v2\/types\/post"}],"author":[{"embeddable":true,"href":"https:\/\/dicodusport.fr\/blog\/wp-json\/wp\/v2\/users\/4"}],"replies":[{"embeddable":true,"href":"https:\/\/dicodusport.fr\/blog\/wp-json\/wp\/v2\/comments?post=100231"}],"version-history":[{"count":0,"href":"https:\/\/dicodusport.fr\/blog\/wp-json\/wp\/v2\/posts\/100231\/revisions"}],"wp:featuredmedia":[{"embeddable":true,"href":"https:\/\/dicodusport.fr\/blog\/wp-json\/wp\/v2\/media\/100235"}],"wp:attachment":[{"href":"https:\/\/dicodusport.fr\/blog\/wp-json\/wp\/v2\/media?parent=100231"}],"wp:term":[{"taxonomy":"category","embeddable":true,"href":"https:\/\/dicodusport.fr\/blog\/wp-json\/wp\/v2\/categories?post=100231"},{"taxonomy":"post_tag","embeddable":true,"href":"https:\/\/dicodusport.fr\/blog\/wp-json\/wp\/v2\/tags?post=100231"}],"curies":[{"name":"wp","href":"https:\/\/api.w.org\/{rel}","templated":true}]}}