{"id":10027,"date":"2018-01-08T12:00:06","date_gmt":"2018-01-08T11:00:06","guid":{"rendered":"http:\/\/dicodusport.fr\/blog\/?p=10027"},"modified":"2018-01-08T01:44:51","modified_gmt":"2018-01-08T00:44:51","slug":"un-lundi-au-taquet-24-laffont-musquin-en-forme-fourcade-regale","status":"publish","type":"post","link":"https:\/\/dicodusport.fr\/blog\/un-lundi-au-taquet-24-laffont-musquin-en-forme-fourcade-regale\/","title":{"rendered":"Un lundi au taquet #24 : Laffont et Musquin en forme, Fourcade r\u00e9gale"},"content":{"rendered":"<p><strong><em>Apr\u00e8s quelques semaines de vacances, votre chronique est de retour. S\u00e9ance de rattrapages de l&rsquo;actualit\u00e9 qui nous a marqu\u00e9 ce week-end. Moteur.<\/em><\/strong><\/p>\n<hr \/>\n<h6 style=\"text-align: center;\"><em><strong>&#8211; En bref &#8211;<\/strong><\/em><\/h6>\n<p style=\"text-align: justify;\"><strong>#Ski de fond &#8211; Tour de Ski : les Tricolores plac\u00e9s<br \/>\n<\/strong><\/p>\n<p style=\"text-align: justify;\">A un mois des Jeux Olympiques de Pyeongchang, il n&rsquo;y a pas qu&rsquo;en biathlon que l&rsquo;\u00e9quipe de France brille. Vainqueur il y a un mois \u00e0 Nov\u00e9 M\u011bsto (R\u00e9publique Tch\u00e8que) sur le 15km libre, Maurice Manificat a r\u00e9alis\u00e9 le deuxi\u00e8me temps de la derni\u00e8re \u00e9tape du Tour de Ski, \u00e0 l&rsquo;Alpe Cermis \u00e0 Val di Fiemme (Italie). Il termine \u00e0 la 11\u00e8me place au g\u00e9n\u00e9ral. Un Tricolore a fait mieux que le natif de Sallanches, en la personne de Jean-Marc Gaillard, qui d\u00e9croche une tr\u00e8s belle septi\u00e8me place finale.<\/p>\n<p style=\"text-align: justify;\"><strong>#Football &#8211; Coupe de France : Granville, la surprise du chef<br \/>\n<\/strong><\/p>\n<p style=\"text-align: justify;\">C&rsquo;est la seule vraie surprise des 32\u00e8mes de finale de la Coupe de France : le succ\u00e8s de Granville (Nationale 2) face aux Girondins de Bordeaux. Une d\u00e9faite 2-1 en prolongations pour les hommes de Jocelyn Gourvennec, qui n&rsquo;ont plus remport\u00e9 un seul match depuis la fin du mois de novembre. Pour les Normands, c&rsquo;est la grande f\u00eate, tant ils ont \u00e9t\u00e9 domin\u00e9s en premi\u00e8re mi-temps. Mais la magie de la comp\u00e9tition a ensuite op\u00e9r\u00e9, bien aid\u00e9e par les trois expulsions c\u00f4t\u00e9 bordelais. Soit, pour Granville, c&rsquo;\u00e9tait jour de gloire !<\/p>\n<div id=\"attachment_10036\" style=\"width: 993px\" class=\"wp-caption aligncenter\"><img loading=\"lazy\" decoding=\"async\" aria-describedby=\"caption-attachment-10036\" class=\"size-full wp-image-10036\" src=\"http:\/\/dicodusport.fr\/blog\/wp-content\/uploads\/2018\/01\/US-Granville-supporters.png\" alt=\"\" width=\"983\" height=\"552\" srcset=\"https:\/\/dicodusport.fr\/blog\/wp-content\/uploads\/2018\/01\/US-Granville-supporters.png 983w, https:\/\/dicodusport.fr\/blog\/wp-content\/uploads\/2018\/01\/US-Granville-supporters-300x168.png 300w, https:\/\/dicodusport.fr\/blog\/wp-content\/uploads\/2018\/01\/US-Granville-supporters-768x431.png 768w\" sizes=\"auto, (max-width: 983px) 100vw, 983px\" \/><p id=\"caption-attachment-10036\" class=\"wp-caption-text\">Les supporters normands jubilent &#8211; France 3 Normandie<\/p><\/div>\n<hr \/>\n<h6 style=\"text-align: center;\"><em><strong>&#8211; La femme du week-end &#8211;<\/strong><\/em><\/h6>\n<p style=\"text-align: justify;\">Zoom aujourd&rsquo;hui sur Perrine Laffont, championne du Monde en titre en ski de bosses. A seulement 19 ans, l\u2019Ari\u00e9geoise est une grande chance de m\u00e9daille pour Pyeongchang et semble arriver au meilleur de sa forme au bon moment, puisqu&rsquo;elle a pris la deuxi\u00e8me place de la manche de Coupe du Monde qui se d\u00e9roulait \u00e0 Calgary (Canada), ce week-end. Il s&rsquo;agit de son neuvi\u00e8me podium en Coupe du Monde, \u00e0 laquelle elle avait termin\u00e9 deuxi\u00e8me au classement g\u00e9n\u00e9ral l&rsquo;an dernier. Il s&rsquo;agit du premier podium de la saison pour les bosseurs tricolores.<\/p>\n<hr \/>\n<h6 style=\"text-align: center;\"><em><strong>&#8211; L&rsquo;homme du week-end &#8211;<\/strong><\/em><\/h6>\n<p style=\"text-align: justify;\">Notre homme de la semaine s&rsquo;appelle Marvin Musquin. Ce nom ne vous dit rien ? Et pourtant, le Tricolore est une star du motocross aux \u00c9tats-Unis. Vainqueur du supercross de Paris l&rsquo;an dernier, le Girondin s&rsquo;est adjug\u00e9 la premi\u00e8re manche du supercross US \u00e0 Anaheim, au terme d&rsquo;un week-end rondement men\u00e9. A 28 ans, il confirme qu&rsquo;il est bien le chef de file du motocross fran\u00e7ais, avec un palmar\u00e8s qui ne cesse de prendre de l&rsquo;ampleur.<\/p>\n<div id=\"attachment_10037\" style=\"width: 1930px\" class=\"wp-caption aligncenter\"><img loading=\"lazy\" decoding=\"async\" aria-describedby=\"caption-attachment-10037\" class=\"size-full wp-image-10037\" src=\"http:\/\/dicodusport.fr\/blog\/wp-content\/uploads\/2018\/01\/Marvin-Musquin-Anaheim.jpg\" alt=\"\" width=\"1920\" height=\"1080\" srcset=\"https:\/\/dicodusport.fr\/blog\/wp-content\/uploads\/2018\/01\/Marvin-Musquin-Anaheim.jpg 1920w, https:\/\/dicodusport.fr\/blog\/wp-content\/uploads\/2018\/01\/Marvin-Musquin-Anaheim-300x169.jpg 300w, https:\/\/dicodusport.fr\/blog\/wp-content\/uploads\/2018\/01\/Marvin-Musquin-Anaheim-768x432.jpg 768w, https:\/\/dicodusport.fr\/blog\/wp-content\/uploads\/2018\/01\/Marvin-Musquin-Anaheim-1024x576.jpg 1024w\" sizes=\"auto, (max-width: 1920px) 100vw, 1920px\" \/><p id=\"caption-attachment-10037\" class=\"wp-caption-text\">Sur sa KTM, Marvin Musquin d\u00e9marre du bon une saison o\u00f9 il peut davantage marquer son sport &#8211; Ultimate Motor Cycling<\/p><\/div>\n<hr \/>\n<h6 style=\"text-align: center;\"><em><strong>&#8211; L&rsquo;image de la semaine &#8211;<\/strong><\/em><\/h6>\n<p style=\"text-align: justify;\">Qu&rsquo;elle est belle cette image de Martin Fourcade d\u00e9fiant du regard le trio norv\u00e9gien (les fr\u00e8res Boe et Svendsen) lors de la poursuite d&rsquo;Oberhof (Allemagne). Une course qu&rsquo;a remport\u00e9 le Fran\u00e7ais. D\u00e9j\u00e0 victorieux du sprint la veille, le sextuple vainqueur du gros globe de Cristal avait \u00e0 ses trousses l&rsquo;armada norv\u00e9gienne, emmen\u00e9e par son adversaire num\u00e9ro un cette saison, Johannes Boe. Sur le dernier tir debout, le Tricolore s&rsquo;est retrouv\u00e9 en sa compagnie, mais aussi du frangin, Tarjei Boe et Emil Svendsen. Ce dernier, d\u00e9croch\u00e9 sur les skis, loupe une balle tandis que Fourcade fait un sans-faute. Un regard vers ses trois adversaires avant de repartir pour la derni\u00e8re boucle, comme un symbole. Une fa\u00e7on de montrer qu&rsquo;il est bien le patron, encore et toujours. 67\u00e8me victoire en carri\u00e8re, la 4\u00e8me cette saison, ce qui lui permet de consolider son dossard rouge de leader de la Coupe du Monde.<\/p>\n<blockquote class=\"twitter-tweet tw-align-center\" data-lang=\"fr\">\n<p lang=\"fr\" dir=\"ltr\">Martin Fourcade d\u00e9fie du regard l&#39;armada norv\u00e9gienne &#x1f440;&#x1f4aa;&#x1f1f2;&#x1f1eb; <a href=\"https:\/\/twitter.com\/hashtag\/lequipeBIATHLON?src=hash&amp;ref_src=twsrc%5Etfw\">#lequipeBIATHLON<\/a> <a href=\"https:\/\/t.co\/a7SIUgWIVb\">pic.twitter.com\/a7SIUgWIVb<\/a><\/p>\n<p>&mdash; la chaine L&#39;\u00c9QUIPE (@lachainelequipe) <a href=\"https:\/\/twitter.com\/lachainelequipe\/status\/949649547281678336?ref_src=twsrc%5Etfw\">6 janvier 2018<\/a><\/p><\/blockquote>\n<p><script async src=\"https:\/\/platform.twitter.com\/widgets.js\" charset=\"utf-8\"><\/script><\/p>\n<hr \/>\n<h6 style=\"text-align: center;\"><strong><em>&#8211; Ce qu&rsquo;il ne faut pas louper cette semaine &#8211;<\/em><\/strong><\/h6>\n<p style=\"text-align: justify;\">\u2219 D\u00e9but ce vendredi des Championnats d&rsquo;Europe masculin de handball, qui se d\u00e9rouleront en Croatie jusqu&rsquo;au 28 janvier. Les Bleus, triple champions d&rsquo;Europe et sans Omeyer et Narcisse \u00e0 la retraite, affronteront en phase de poules la Bi\u00e9lorussie (vendredi 12\/01), l&rsquo;Autriche (dimanche 14\/01) et la Norv\u00e8ge (mardi 16\/01).<\/p>\n<p><em><strong>Flo Ostermann<\/strong><\/em><em><br \/>\n<\/em><a href=\"https:\/\/www.facebook.com\/florent.ostermann\"><img loading=\"lazy\" decoding=\"async\" class=\"alignnone wp-image-2909\" src=\"http:\/\/dicodusport.fr\/blog\/wp-content\/uploads\/2017\/07\/logo-facebook-150x150.png\" alt=\"\" width=\"40\" height=\"40\" \/><\/a><a href=\"https:\/\/twitter.com\/SportInsideMag\"><img loading=\"lazy\" decoding=\"async\" class=\"alignnone wp-image-2908\" src=\"http:\/\/dicodusport.fr\/blog\/wp-content\/uploads\/2017\/07\/logo-twitter-150x150.png\" alt=\"\" width=\"39\" height=\"39\" \/><\/a><\/p>\n","protected":false},"excerpt":{"rendered":"<p>Apr\u00e8s quelques semaines de vacances, votre chronique est de retour. S\u00e9ance de rattrapages de l&rsquo;actualit\u00e9 qui nous a marqu\u00e9 ce week-end. Moteur. &#8211; En bref &#8211; #Ski de fond &#8211; Tour de Ski : les Tricolores plac\u00e9s A un mois des Jeux Olympiques de Pyeongchang, il n&rsquo;y a pas qu&rsquo;en biathlon que l&rsquo;\u00e9quipe de France [&hellip;]<\/p>\n","protected":false},"author":4,"featured_media":10040,"comment_status":"open","ping_status":"closed","sticky":false,"template":"","format":"standard","meta":{"_acf_changed":false,"_daextam_enable_autolinks":"","footnotes":""},"categories":[2,2366],"tags":[2427,2870,2429,2820,649,3262,3263,2819,3260],"class_list":["post-10027","post","type-post","status-publish","format-standard","has-post-thumbnail","hentry","category-actualites","category-multisports","tag-biathlon","tag-coupe-de-france","tag-martin-fourcade","tag-maurice-manificat","tag-motocross","tag-perrine-laffont","tag-ski-de-bosses","tag-ski-de-fond","tag-tour-de-ski"],"acf":[],"yoast_head":"<!-- This site is optimized with the Yoast SEO Premium plugin v26.7 (Yoast SEO v26.7) - https:\/\/yoast.com\/wordpress\/plugins\/seo\/ -->\n<title>Un lundi au taquet #24 : Laffont et Musquin en forme, Fourcade r\u00e9gale<\/title>\n<meta name=\"description\" content=\"Un lundi au taquet, \u00e9pisode 24. Au menu cette semaine, Perrine Laffont et Marvin Musquin brillent, Martin Fourcade r\u00e9gale\" \/>\n<meta name=\"robots\" content=\"index, follow, max-snippet:-1, max-image-preview:large, max-video-preview:-1\" \/>\n<link rel=\"canonical\" href=\"https:\/\/dicodusport.fr\/blog\/un-lundi-au-taquet-24-laffont-musquin-en-forme-fourcade-regale\/\" \/>\n<meta property=\"og:locale\" content=\"fr_FR\" \/>\n<meta property=\"og:type\" content=\"article\" \/>\n<meta property=\"og:title\" content=\"Un lundi au taquet #24 : Laffont et Musquin en forme, Fourcade r\u00e9gale\" \/>\n<meta property=\"og:description\" content=\"Un lundi au taquet, \u00e9pisode 24. Au menu cette semaine, Perrine Laffont et Marvin Musquin brillent, Martin Fourcade r\u00e9gale\" \/>\n<meta property=\"og:url\" content=\"https:\/\/dicodusport.fr\/blog\/un-lundi-au-taquet-24-laffont-musquin-en-forme-fourcade-regale\/\" \/>\n<meta property=\"og:site_name\" content=\"Dicodusport\" \/>\n<meta property=\"article:publisher\" content=\"https:\/\/www.facebook.com\/dicodusport\" \/>\n<meta property=\"article:author\" content=\"https:\/\/www.facebook.com\/florent.ostermann\" \/>\n<meta property=\"article:published_time\" content=\"2018-01-08T11:00:06+00:00\" \/>\n<meta property=\"og:image\" content=\"https:\/\/dicodusport.fr\/blog\/wp-content\/uploads\/2018\/01\/Perrine-Laffont-Calgary.png\" \/>\n\t<meta property=\"og:image:width\" content=\"1200\" \/>\n\t<meta property=\"og:image:height\" content=\"670\" \/>\n\t<meta property=\"og:image:type\" content=\"image\/png\" \/>\n<meta name=\"author\" content=\"Flo Ostermann\" \/>\n<meta name=\"twitter:card\" content=\"summary_large_image\" \/>\n<meta name=\"twitter:creator\" content=\"@https:\/\/twitter.com\/FlOstermann\" \/>\n<meta name=\"twitter:site\" content=\"@dicodusport\" \/>\n<script type=\"application\/ld+json\" class=\"yoast-schema-graph\">{\"@context\":\"https:\/\/schema.org\",\"@graph\":[{\"@type\":\"NewsArticle\",\"@id\":\"https:\/\/dicodusport.fr\/blog\/un-lundi-au-taquet-24-laffont-musquin-en-forme-fourcade-regale\/#article\",\"isPartOf\":{\"@id\":\"https:\/\/dicodusport.fr\/blog\/un-lundi-au-taquet-24-laffont-musquin-en-forme-fourcade-regale\/\"},\"author\":{\"name\":\"Flo Ostermann\",\"@id\":\"https:\/\/dicodusport.fr\/blog\/#\/schema\/person\/cb02af4c173ce4a653b55e9baf388d4a\"},\"headline\":\"Un lundi au taquet #24 : Laffont et Musquin en forme, Fourcade r\u00e9gale\",\"datePublished\":\"2018-01-08T11:00:06+00:00\",\"mainEntityOfPage\":{\"@id\":\"https:\/\/dicodusport.fr\/blog\/un-lundi-au-taquet-24-laffont-musquin-en-forme-fourcade-regale\/\"},\"wordCount\":773,\"commentCount\":0,\"publisher\":{\"@id\":\"https:\/\/dicodusport.fr\/blog\/#organization\"},\"image\":{\"@id\":\"https:\/\/dicodusport.fr\/blog\/un-lundi-au-taquet-24-laffont-musquin-en-forme-fourcade-regale\/#primaryimage\"},\"thumbnailUrl\":\"https:\/\/dicodusport.fr\/blog\/wp-content\/uploads\/2018\/01\/Perrine-Laffont-Calgary.png\",\"keywords\":[\"Biathlon\",\"Coupe de France\",\"Martin Fourcade\",\"Maurice Manificat\",\"motocross\",\"Perrine Laffont\",\"ski de bosses\",\"Ski de fond\",\"tour de ski\"],\"articleSection\":[\"Actualit\u00e9s\",\"Multisports\"],\"inLanguage\":\"fr-FR\",\"potentialAction\":[{\"@type\":\"CommentAction\",\"name\":\"Comment\",\"target\":[\"https:\/\/dicodusport.fr\/blog\/un-lundi-au-taquet-24-laffont-musquin-en-forme-fourcade-regale\/#respond\"]}],\"copyrightYear\":\"2018\",\"copyrightHolder\":{\"@id\":\"https:\/\/dicodusport.fr\/blog\/#organization\"}},{\"@type\":\"WebPage\",\"@id\":\"https:\/\/dicodusport.fr\/blog\/un-lundi-au-taquet-24-laffont-musquin-en-forme-fourcade-regale\/\",\"url\":\"https:\/\/dicodusport.fr\/blog\/un-lundi-au-taquet-24-laffont-musquin-en-forme-fourcade-regale\/\",\"name\":\"Un lundi au taquet #24 : Laffont et Musquin en forme, Fourcade r\u00e9gale\",\"isPartOf\":{\"@id\":\"https:\/\/dicodusport.fr\/blog\/#website\"},\"primaryImageOfPage\":{\"@id\":\"https:\/\/dicodusport.fr\/blog\/un-lundi-au-taquet-24-laffont-musquin-en-forme-fourcade-regale\/#primaryimage\"},\"image\":{\"@id\":\"https:\/\/dicodusport.fr\/blog\/un-lundi-au-taquet-24-laffont-musquin-en-forme-fourcade-regale\/#primaryimage\"},\"thumbnailUrl\":\"https:\/\/dicodusport.fr\/blog\/wp-content\/uploads\/2018\/01\/Perrine-Laffont-Calgary.png\",\"datePublished\":\"2018-01-08T11:00:06+00:00\",\"description\":\"Un lundi au taquet, \u00e9pisode 24. Au menu cette semaine, Perrine Laffont et Marvin Musquin brillent, Martin Fourcade r\u00e9gale\",\"breadcrumb\":{\"@id\":\"https:\/\/dicodusport.fr\/blog\/un-lundi-au-taquet-24-laffont-musquin-en-forme-fourcade-regale\/#breadcrumb\"},\"inLanguage\":\"fr-FR\",\"potentialAction\":[{\"@type\":\"ReadAction\",\"target\":[\"https:\/\/dicodusport.fr\/blog\/un-lundi-au-taquet-24-laffont-musquin-en-forme-fourcade-regale\/\"]}]},{\"@type\":\"ImageObject\",\"inLanguage\":\"fr-FR\",\"@id\":\"https:\/\/dicodusport.fr\/blog\/un-lundi-au-taquet-24-laffont-musquin-en-forme-fourcade-regale\/#primaryimage\",\"url\":\"https:\/\/dicodusport.fr\/blog\/wp-content\/uploads\/2018\/01\/Perrine-Laffont-Calgary.png\",\"contentUrl\":\"https:\/\/dicodusport.fr\/blog\/wp-content\/uploads\/2018\/01\/Perrine-Laffont-Calgary.png\",\"width\":1200,\"height\":670},{\"@type\":\"BreadcrumbList\",\"@id\":\"https:\/\/dicodusport.fr\/blog\/un-lundi-au-taquet-24-laffont-musquin-en-forme-fourcade-regale\/#breadcrumb\",\"itemListElement\":[{\"@type\":\"ListItem\",\"position\":1,\"name\":\"Accueil\",\"item\":\"https:\/\/dicodusport.fr\/blog\/\"},{\"@type\":\"ListItem\",\"position\":2,\"name\":\"Un lundi au taquet #24 : Laffont et Musquin en forme, Fourcade r\u00e9gale\"}]},{\"@type\":\"WebSite\",\"@id\":\"https:\/\/dicodusport.fr\/blog\/#website\",\"url\":\"https:\/\/dicodusport.fr\/blog\/\",\"name\":\"Dicodusport\",\"description\":\"L&#039;encyclop\u00e9die de l&#039;actualit\u00e9 sportive\",\"publisher\":{\"@id\":\"https:\/\/dicodusport.fr\/blog\/#organization\"},\"potentialAction\":[{\"@type\":\"SearchAction\",\"target\":{\"@type\":\"EntryPoint\",\"urlTemplate\":\"https:\/\/dicodusport.fr\/blog\/?s={search_term_string}\"},\"query-input\":{\"@type\":\"PropertyValueSpecification\",\"valueRequired\":true,\"valueName\":\"search_term_string\"}}],\"inLanguage\":\"fr-FR\"},{\"@type\":\"NewsMediaOrganization\",\"@id\":\"https:\/\/dicodusport.fr\/blog\/#organization\",\"name\":\"Dicodusport\",\"url\":\"https:\/\/dicodusport.fr\/blog\/\",\"logo\":{\"@type\":\"ImageObject\",\"inLanguage\":\"fr-FR\",\"@id\":\"https:\/\/dicodusport.fr\/blog\/#\/schema\/logo\/image\/\",\"url\":\"https:\/\/dicodusport.fr\/blog\/wp-content\/uploads\/2020\/06\/cropped-LOGO-DICODUSPORT-2020-SANS-FOND-SANS-TEXTE.png\",\"contentUrl\":\"https:\/\/dicodusport.fr\/blog\/wp-content\/uploads\/2020\/06\/cropped-LOGO-DICODUSPORT-2020-SANS-FOND-SANS-TEXTE.png\",\"width\":512,\"height\":512,\"caption\":\"Dicodusport\"},\"image\":{\"@id\":\"https:\/\/dicodusport.fr\/blog\/#\/schema\/logo\/image\/\"},\"sameAs\":[\"https:\/\/www.facebook.com\/dicodusport\",\"https:\/\/x.com\/dicodusport\",\"https:\/\/www.instagram.com\/dicodusport\/\",\"https:\/\/www.youtube.com\/channel\/UC7V2KZ5sd3htJivAbA4ZG3w\"],\"description\":\"Dicodusport est l'encyclop\u00e9die de l'actualit\u00e9 sportive.\",\"email\":\"bonjour@dicodusport.fr\",\"legalName\":\"DICODUSPORT\",\"foundingDate\":\"2018-01-14\",\"vatID\":\"FR71834470973\",\"taxID\":\"83447097300043\",\"numberOfEmployees\":{\"@type\":\"QuantitativeValue\",\"minValue\":\"1\",\"maxValue\":\"10\"}},{\"@type\":\"Person\",\"@id\":\"https:\/\/dicodusport.fr\/blog\/#\/schema\/person\/cb02af4c173ce4a653b55e9baf388d4a\",\"name\":\"Flo Ostermann\",\"image\":{\"@type\":\"ImageObject\",\"inLanguage\":\"fr-FR\",\"@id\":\"https:\/\/dicodusport.fr\/blog\/#\/schema\/person\/image\/\",\"url\":\"https:\/\/dicodusport.fr\/blog\/wp-content\/uploads\/2021\/05\/Flo-Ostermann-150x150.jpg\",\"contentUrl\":\"https:\/\/dicodusport.fr\/blog\/wp-content\/uploads\/2021\/05\/Flo-Ostermann-150x150.jpg\",\"caption\":\"Flo Ostermann\"},\"description\":\"Journaliste\/R\u00e9dacteur depuis septembre 2015 - Mes premiers souvenirs dans le sport ? Les envol\u00e9es du Stade Toulousain et les duels Villeneuve-Schumacher et H\u00e4kkinen-Schumacher \u00e0 la fin des ann\u00e9es 90, la Coupe du monde de football en 1998, l\u2019exploit du XV de France face aux All Blacks en 1999, mais aussi Richard C\u0153ur de Lion qui vole sur les montagnes du Tour de France. Bien parti pour devenir professeur d\u2019EPS, les \u00e9v\u00e9nements de la vie (et la flemme d\u2019animer des s\u00e9ances de 3x500 m\u00e8tres toute ma vie) m\u2019ont conduit \u00e0 revoir mes plans. Me voil\u00e0 depuis fin 2017 sur Dicodusport, m\u00e9dia gr\u00e2ce (et pour) lequel je partage ma passion : le sport dans tous ses \u00e9tats. Le tout accompagn\u00e9 par les fous furieux et folles furieuses cit\u00e9s sur cette page !\",\"sameAs\":[\"https:\/\/www.facebook.com\/florent.ostermann\",\"https:\/\/x.com\/https:\/\/twitter.com\/FlOstermann\",\"admin\"],\"url\":\"https:\/\/dicodusport.fr\/blog\/author\/flo\/\"}]}<\/script>\n<!-- \/ Yoast SEO Premium plugin. -->","yoast_head_json":{"title":"Un lundi au taquet #24 : Laffont et Musquin en forme, Fourcade r\u00e9gale","description":"Un lundi au taquet, \u00e9pisode 24. Au menu cette semaine, Perrine Laffont et Marvin Musquin brillent, Martin Fourcade r\u00e9gale","robots":{"index":"index","follow":"follow","max-snippet":"max-snippet:-1","max-image-preview":"max-image-preview:large","max-video-preview":"max-video-preview:-1"},"canonical":"https:\/\/dicodusport.fr\/blog\/un-lundi-au-taquet-24-laffont-musquin-en-forme-fourcade-regale\/","og_locale":"fr_FR","og_type":"article","og_title":"Un lundi au taquet #24 : Laffont et Musquin en forme, Fourcade r\u00e9gale","og_description":"Un lundi au taquet, \u00e9pisode 24. Au menu cette semaine, Perrine Laffont et Marvin Musquin brillent, Martin Fourcade r\u00e9gale","og_url":"https:\/\/dicodusport.fr\/blog\/un-lundi-au-taquet-24-laffont-musquin-en-forme-fourcade-regale\/","og_site_name":"Dicodusport","article_publisher":"https:\/\/www.facebook.com\/dicodusport","article_author":"https:\/\/www.facebook.com\/florent.ostermann","article_published_time":"2018-01-08T11:00:06+00:00","og_image":[{"width":1200,"height":670,"url":"https:\/\/dicodusport.fr\/blog\/wp-content\/uploads\/2018\/01\/Perrine-Laffont-Calgary.png","type":"image\/png"}],"author":"Flo Ostermann","twitter_card":"summary_large_image","twitter_creator":"@https:\/\/twitter.com\/FlOstermann","twitter_site":"@dicodusport","schema":{"@context":"https:\/\/schema.org","@graph":[{"@type":"NewsArticle","@id":"https:\/\/dicodusport.fr\/blog\/un-lundi-au-taquet-24-laffont-musquin-en-forme-fourcade-regale\/#article","isPartOf":{"@id":"https:\/\/dicodusport.fr\/blog\/un-lundi-au-taquet-24-laffont-musquin-en-forme-fourcade-regale\/"},"author":{"name":"Flo Ostermann","@id":"https:\/\/dicodusport.fr\/blog\/#\/schema\/person\/cb02af4c173ce4a653b55e9baf388d4a"},"headline":"Un lundi au taquet #24 : Laffont et Musquin en forme, Fourcade r\u00e9gale","datePublished":"2018-01-08T11:00:06+00:00","mainEntityOfPage":{"@id":"https:\/\/dicodusport.fr\/blog\/un-lundi-au-taquet-24-laffont-musquin-en-forme-fourcade-regale\/"},"wordCount":773,"commentCount":0,"publisher":{"@id":"https:\/\/dicodusport.fr\/blog\/#organization"},"image":{"@id":"https:\/\/dicodusport.fr\/blog\/un-lundi-au-taquet-24-laffont-musquin-en-forme-fourcade-regale\/#primaryimage"},"thumbnailUrl":"https:\/\/dicodusport.fr\/blog\/wp-content\/uploads\/2018\/01\/Perrine-Laffont-Calgary.png","keywords":["Biathlon","Coupe de France","Martin Fourcade","Maurice Manificat","motocross","Perrine Laffont","ski de bosses","Ski de fond","tour de ski"],"articleSection":["Actualit\u00e9s","Multisports"],"inLanguage":"fr-FR","potentialAction":[{"@type":"CommentAction","name":"Comment","target":["https:\/\/dicodusport.fr\/blog\/un-lundi-au-taquet-24-laffont-musquin-en-forme-fourcade-regale\/#respond"]}],"copyrightYear":"2018","copyrightHolder":{"@id":"https:\/\/dicodusport.fr\/blog\/#organization"}},{"@type":"WebPage","@id":"https:\/\/dicodusport.fr\/blog\/un-lundi-au-taquet-24-laffont-musquin-en-forme-fourcade-regale\/","url":"https:\/\/dicodusport.fr\/blog\/un-lundi-au-taquet-24-laffont-musquin-en-forme-fourcade-regale\/","name":"Un lundi au taquet #24 : Laffont et Musquin en forme, Fourcade r\u00e9gale","isPartOf":{"@id":"https:\/\/dicodusport.fr\/blog\/#website"},"primaryImageOfPage":{"@id":"https:\/\/dicodusport.fr\/blog\/un-lundi-au-taquet-24-laffont-musquin-en-forme-fourcade-regale\/#primaryimage"},"image":{"@id":"https:\/\/dicodusport.fr\/blog\/un-lundi-au-taquet-24-laffont-musquin-en-forme-fourcade-regale\/#primaryimage"},"thumbnailUrl":"https:\/\/dicodusport.fr\/blog\/wp-content\/uploads\/2018\/01\/Perrine-Laffont-Calgary.png","datePublished":"2018-01-08T11:00:06+00:00","description":"Un lundi au taquet, \u00e9pisode 24. Au menu cette semaine, Perrine Laffont et Marvin Musquin brillent, Martin Fourcade r\u00e9gale","breadcrumb":{"@id":"https:\/\/dicodusport.fr\/blog\/un-lundi-au-taquet-24-laffont-musquin-en-forme-fourcade-regale\/#breadcrumb"},"inLanguage":"fr-FR","potentialAction":[{"@type":"ReadAction","target":["https:\/\/dicodusport.fr\/blog\/un-lundi-au-taquet-24-laffont-musquin-en-forme-fourcade-regale\/"]}]},{"@type":"ImageObject","inLanguage":"fr-FR","@id":"https:\/\/dicodusport.fr\/blog\/un-lundi-au-taquet-24-laffont-musquin-en-forme-fourcade-regale\/#primaryimage","url":"https:\/\/dicodusport.fr\/blog\/wp-content\/uploads\/2018\/01\/Perrine-Laffont-Calgary.png","contentUrl":"https:\/\/dicodusport.fr\/blog\/wp-content\/uploads\/2018\/01\/Perrine-Laffont-Calgary.png","width":1200,"height":670},{"@type":"BreadcrumbList","@id":"https:\/\/dicodusport.fr\/blog\/un-lundi-au-taquet-24-laffont-musquin-en-forme-fourcade-regale\/#breadcrumb","itemListElement":[{"@type":"ListItem","position":1,"name":"Accueil","item":"https:\/\/dicodusport.fr\/blog\/"},{"@type":"ListItem","position":2,"name":"Un lundi au taquet #24 : Laffont et Musquin en forme, Fourcade r\u00e9gale"}]},{"@type":"WebSite","@id":"https:\/\/dicodusport.fr\/blog\/#website","url":"https:\/\/dicodusport.fr\/blog\/","name":"Dicodusport","description":"L&#039;encyclop\u00e9die de l&#039;actualit\u00e9 sportive","publisher":{"@id":"https:\/\/dicodusport.fr\/blog\/#organization"},"potentialAction":[{"@type":"SearchAction","target":{"@type":"EntryPoint","urlTemplate":"https:\/\/dicodusport.fr\/blog\/?s={search_term_string}"},"query-input":{"@type":"PropertyValueSpecification","valueRequired":true,"valueName":"search_term_string"}}],"inLanguage":"fr-FR"},{"@type":"NewsMediaOrganization","@id":"https:\/\/dicodusport.fr\/blog\/#organization","name":"Dicodusport","url":"https:\/\/dicodusport.fr\/blog\/","logo":{"@type":"ImageObject","inLanguage":"fr-FR","@id":"https:\/\/dicodusport.fr\/blog\/#\/schema\/logo\/image\/","url":"https:\/\/dicodusport.fr\/blog\/wp-content\/uploads\/2020\/06\/cropped-LOGO-DICODUSPORT-2020-SANS-FOND-SANS-TEXTE.png","contentUrl":"https:\/\/dicodusport.fr\/blog\/wp-content\/uploads\/2020\/06\/cropped-LOGO-DICODUSPORT-2020-SANS-FOND-SANS-TEXTE.png","width":512,"height":512,"caption":"Dicodusport"},"image":{"@id":"https:\/\/dicodusport.fr\/blog\/#\/schema\/logo\/image\/"},"sameAs":["https:\/\/www.facebook.com\/dicodusport","https:\/\/x.com\/dicodusport","https:\/\/www.instagram.com\/dicodusport\/","https:\/\/www.youtube.com\/channel\/UC7V2KZ5sd3htJivAbA4ZG3w"],"description":"Dicodusport est l'encyclop\u00e9die de l'actualit\u00e9 sportive.","email":"bonjour@dicodusport.fr","legalName":"DICODUSPORT","foundingDate":"2018-01-14","vatID":"FR71834470973","taxID":"83447097300043","numberOfEmployees":{"@type":"QuantitativeValue","minValue":"1","maxValue":"10"}},{"@type":"Person","@id":"https:\/\/dicodusport.fr\/blog\/#\/schema\/person\/cb02af4c173ce4a653b55e9baf388d4a","name":"Flo Ostermann","image":{"@type":"ImageObject","inLanguage":"fr-FR","@id":"https:\/\/dicodusport.fr\/blog\/#\/schema\/person\/image\/","url":"https:\/\/dicodusport.fr\/blog\/wp-content\/uploads\/2021\/05\/Flo-Ostermann-150x150.jpg","contentUrl":"https:\/\/dicodusport.fr\/blog\/wp-content\/uploads\/2021\/05\/Flo-Ostermann-150x150.jpg","caption":"Flo Ostermann"},"description":"Journaliste\/R\u00e9dacteur depuis septembre 2015 - Mes premiers souvenirs dans le sport ? Les envol\u00e9es du Stade Toulousain et les duels Villeneuve-Schumacher et H\u00e4kkinen-Schumacher \u00e0 la fin des ann\u00e9es 90, la Coupe du monde de football en 1998, l\u2019exploit du XV de France face aux All Blacks en 1999, mais aussi Richard C\u0153ur de Lion qui vole sur les montagnes du Tour de France. Bien parti pour devenir professeur d\u2019EPS, les \u00e9v\u00e9nements de la vie (et la flemme d\u2019animer des s\u00e9ances de 3x500 m\u00e8tres toute ma vie) m\u2019ont conduit \u00e0 revoir mes plans. Me voil\u00e0 depuis fin 2017 sur Dicodusport, m\u00e9dia gr\u00e2ce (et pour) lequel je partage ma passion : le sport dans tous ses \u00e9tats. Le tout accompagn\u00e9 par les fous furieux et folles furieuses cit\u00e9s sur cette page !","sameAs":["https:\/\/www.facebook.com\/florent.ostermann","https:\/\/x.com\/https:\/\/twitter.com\/FlOstermann","admin"],"url":"https:\/\/dicodusport.fr\/blog\/author\/flo\/"}]}},"_links":{"self":[{"href":"https:\/\/dicodusport.fr\/blog\/wp-json\/wp\/v2\/posts\/10027","targetHints":{"allow":["GET"]}}],"collection":[{"href":"https:\/\/dicodusport.fr\/blog\/wp-json\/wp\/v2\/posts"}],"about":[{"href":"https:\/\/dicodusport.fr\/blog\/wp-json\/wp\/v2\/types\/post"}],"author":[{"embeddable":true,"href":"https:\/\/dicodusport.fr\/blog\/wp-json\/wp\/v2\/users\/4"}],"replies":[{"embeddable":true,"href":"https:\/\/dicodusport.fr\/blog\/wp-json\/wp\/v2\/comments?post=10027"}],"version-history":[{"count":0,"href":"https:\/\/dicodusport.fr\/blog\/wp-json\/wp\/v2\/posts\/10027\/revisions"}],"wp:featuredmedia":[{"embeddable":true,"href":"https:\/\/dicodusport.fr\/blog\/wp-json\/wp\/v2\/media\/10040"}],"wp:attachment":[{"href":"https:\/\/dicodusport.fr\/blog\/wp-json\/wp\/v2\/media?parent=10027"}],"wp:term":[{"taxonomy":"category","embeddable":true,"href":"https:\/\/dicodusport.fr\/blog\/wp-json\/wp\/v2\/categories?post=10027"},{"taxonomy":"post_tag","embeddable":true,"href":"https:\/\/dicodusport.fr\/blog\/wp-json\/wp\/v2\/tags?post=10027"}],"curies":[{"name":"wp","href":"https:\/\/api.w.org\/{rel}","templated":true}]}}