{"id":100961,"date":"2021-01-22T18:31:41","date_gmt":"2021-01-22T17:31:41","guid":{"rendered":"https:\/\/dicodusport.fr\/blog\/?p=100961&#038;preview=true&#038;preview_id=100961"},"modified":"2021-01-22T21:15:23","modified_gmt":"2021-01-22T20:15:23","slug":"biathlon-antholz-anterselva-startlist-mass-start-femmes","status":"publish","type":"post","link":"https:\/\/dicodusport.fr\/blog\/biathlon-antholz-anterselva-startlist-mass-start-femmes\/","title":{"rendered":"Biathlon &#8211; Antholz-Anterselva : la startlist de la mass start femmes"},"content":{"rendered":"<p style=\"text-align: justify;\"><em><b><a href=\"https:\/\/dicodusport.fr\/blog\/biathlon-antholz-anterselva-programme-complet-7eme-etape-coupe-du-monde\/\" target=\"_blank\" rel=\"noopener\">COUPE DU MONDE DE BIATHLON \u2013 ANTHOLZ<\/a> \u2013 D\u00e9couvrez la startlist de la mass start femmes d&rsquo;Antholz-Anterselva (Italie). D\u00e9part \u00e0 13h10 ce samedi 23 janvier.<\/b><\/em><\/p>\n<h2 style=\"text-align: justify;\">La liste de d\u00e9part de la mass start femmes d&rsquo;Antholz-Anterselva<\/h2>\n<a href=\"https:\/\/dicodusport.fr\/blog\/wp-content\/uploads\/2021\/01\/Biathlon-Antholz-Anterselva-Startlist-mass-start-femmes.pdf\" class=\"pdfemb-viewer\" style=\"\" data-width=\"max\" data-height=\"max\"  data-toolbar=\"both\" data-toolbar-fixed=\"on\">Biathlon - Antholz-Anterselva - Startlist mass start femmes<br\/><\/a>\n<p>&nbsp;<\/p>\n<ul>\n<li style=\"text-align: justify;\"><strong>\u00c0 lire aussi &#8211; <a href=\"https:\/\/dicodusport.fr\/blog\/biathlon-antholz-anterselva-pronostic-mass-start-femmes\/\" target=\"_blank\" rel=\"noopener\">Biathlon \u2013 Antholz-Anterselva : notre pronostic pour la mass start femmes<\/a><\/strong><\/li>\n<\/ul>\n<p><strong><em>Dicodusport<br \/>\n<a href=\"https:\/\/www.facebook.com\/dicodusport\/\" target=\"_blank\" rel=\"noopener noreferrer\"><img loading=\"lazy\" decoding=\"async\" class=\"alignnone wp-image-2909\" src=\"http:\/\/dicodusport.fr\/blog\/wp-content\/uploads\/2017\/07\/logo-facebook-150x150.png\" alt=\"\" width=\"40\" height=\"40\" \/><\/a><a href=\"https:\/\/twitter.com\/dicodusport\" target=\"_blank\" rel=\"noopener noreferrer\"><img loading=\"lazy\" decoding=\"async\" class=\"alignnone wp-image-2908\" src=\"http:\/\/dicodusport.fr\/blog\/wp-content\/uploads\/2017\/07\/logo-twitter-150x150.png\" alt=\"\" width=\"39\" height=\"39\" \/><\/a><\/em><\/strong><\/p>\n","protected":false},"excerpt":{"rendered":"<p>COUPE DU MONDE DE BIATHLON \u2013 ANTHOLZ \u2013 D\u00e9couvrez la startlist de la mass start femmes d&rsquo;Antholz-Anterselva (Italie). D\u00e9part \u00e0 13h10 ce samedi 23 janvier.<\/p>\n","protected":false},"author":4,"featured_media":100672,"comment_status":"open","ping_status":"closed","sticky":false,"template":"","format":"standard","meta":{"_acf_changed":false,"_daextam_enable_autolinks":"","footnotes":""},"categories":[47040],"tags":[2427,13699,13719],"class_list":["post-100961","post","type-post","status-publish","format-standard","has-post-thumbnail","hentry","category-coupe-du-monde-de-biathlon","tag-biathlon","tag-biathlon-antholz","tag-biathlon-antholz-anterselva"],"acf":[],"yoast_head":"<!-- This site is optimized with the Yoast SEO Premium plugin v26.7 (Yoast SEO v26.7) - https:\/\/yoast.com\/wordpress\/plugins\/seo\/ -->\n<title>Biathlon - Antholz-Anterselva : la startlist de la mass start femmes<\/title>\n<meta name=\"description\" content=\"COUPE DU MONDE DE BIATHLON \u2013 ANTHOLZ \u2013 D\u00e9couvrez la startlist de la mass start femmes d&#039;Antholz. D\u00e9part \u00e0 13h10 ce samedi 23 janvier.\" \/>\n<meta name=\"robots\" content=\"index, follow, max-snippet:-1, max-image-preview:large, max-video-preview:-1\" \/>\n<link rel=\"canonical\" href=\"https:\/\/dicodusport.fr\/blog\/biathlon-antholz-anterselva-startlist-mass-start-femmes\/\" \/>\n<meta property=\"og:locale\" content=\"fr_FR\" \/>\n<meta property=\"og:type\" content=\"article\" \/>\n<meta property=\"og:title\" content=\"Biathlon - Antholz-Anterselva : la startlist de la mass start femmes\" \/>\n<meta property=\"og:description\" content=\"COUPE DU MONDE DE BIATHLON \u2013 ANTHOLZ \u2013 D\u00e9couvrez la startlist de la mass start femmes d&#039;Antholz. D\u00e9part \u00e0 13h10 ce samedi 23 janvier.\" \/>\n<meta property=\"og:url\" content=\"https:\/\/dicodusport.fr\/blog\/biathlon-antholz-anterselva-startlist-mass-start-femmes\/\" \/>\n<meta property=\"og:site_name\" content=\"Dicodusport\" \/>\n<meta property=\"article:publisher\" content=\"https:\/\/www.facebook.com\/dicodusport\" \/>\n<meta property=\"article:author\" content=\"https:\/\/www.facebook.com\/florent.ostermann\" \/>\n<meta property=\"article:published_time\" content=\"2021-01-22T17:31:41+00:00\" \/>\n<meta property=\"article:modified_time\" content=\"2021-01-22T20:15:23+00:00\" \/>\n<meta property=\"og:image\" content=\"https:\/\/dicodusport.fr\/blog\/wp-content\/uploads\/2021\/01\/Antholz-Anterselva-Anais-Chevalier-Bouchet-troisieme-de-lindividuel-Hauser-simpose.png\" \/>\n\t<meta property=\"og:image:width\" content=\"800\" \/>\n\t<meta property=\"og:image:height\" content=\"445\" \/>\n\t<meta property=\"og:image:type\" content=\"image\/png\" \/>\n<meta name=\"author\" content=\"Flo Ostermann\" \/>\n<meta name=\"twitter:card\" content=\"summary_large_image\" \/>\n<meta name=\"twitter:title\" content=\"Biathlon - Antholz-Anterselva : la startlist de la mass start femmes\" \/>\n<meta name=\"twitter:creator\" content=\"@https:\/\/twitter.com\/FlOstermann\" \/>\n<meta name=\"twitter:site\" content=\"@dicodusport\" \/>\n<script type=\"application\/ld+json\" class=\"yoast-schema-graph\">{\"@context\":\"https:\/\/schema.org\",\"@graph\":[{\"@type\":\"NewsArticle\",\"@id\":\"https:\/\/dicodusport.fr\/blog\/biathlon-antholz-anterselva-startlist-mass-start-femmes\/#article\",\"isPartOf\":{\"@id\":\"https:\/\/dicodusport.fr\/blog\/biathlon-antholz-anterselva-startlist-mass-start-femmes\/\"},\"author\":{\"name\":\"Flo Ostermann\",\"@id\":\"https:\/\/dicodusport.fr\/blog\/#\/schema\/person\/cb02af4c173ce4a653b55e9baf388d4a\"},\"headline\":\"Biathlon &#8211; Antholz-Anterselva : la startlist de la mass start femmes\",\"datePublished\":\"2021-01-22T17:31:41+00:00\",\"dateModified\":\"2021-01-22T20:15:23+00:00\",\"mainEntityOfPage\":{\"@id\":\"https:\/\/dicodusport.fr\/blog\/biathlon-antholz-anterselva-startlist-mass-start-femmes\/\"},\"wordCount\":79,\"commentCount\":0,\"publisher\":{\"@id\":\"https:\/\/dicodusport.fr\/blog\/#organization\"},\"image\":{\"@id\":\"https:\/\/dicodusport.fr\/blog\/biathlon-antholz-anterselva-startlist-mass-start-femmes\/#primaryimage\"},\"thumbnailUrl\":\"https:\/\/dicodusport.fr\/blog\/wp-content\/uploads\/2021\/01\/Antholz-Anterselva-Anais-Chevalier-Bouchet-troisieme-de-lindividuel-Hauser-simpose.png\",\"keywords\":[\"Biathlon\",\"Biathlon Antholz\",\"Biathlon Antholz-Anterselva\"],\"articleSection\":[\"Coupe du monde de biathlon\"],\"inLanguage\":\"fr-FR\",\"potentialAction\":[{\"@type\":\"CommentAction\",\"name\":\"Comment\",\"target\":[\"https:\/\/dicodusport.fr\/blog\/biathlon-antholz-anterselva-startlist-mass-start-femmes\/#respond\"]}],\"copyrightYear\":\"2021\",\"copyrightHolder\":{\"@id\":\"https:\/\/dicodusport.fr\/blog\/#organization\"}},{\"@type\":\"WebPage\",\"@id\":\"https:\/\/dicodusport.fr\/blog\/biathlon-antholz-anterselva-startlist-mass-start-femmes\/\",\"url\":\"https:\/\/dicodusport.fr\/blog\/biathlon-antholz-anterselva-startlist-mass-start-femmes\/\",\"name\":\"Biathlon - Antholz-Anterselva : la startlist de la mass start femmes\",\"isPartOf\":{\"@id\":\"https:\/\/dicodusport.fr\/blog\/#website\"},\"primaryImageOfPage\":{\"@id\":\"https:\/\/dicodusport.fr\/blog\/biathlon-antholz-anterselva-startlist-mass-start-femmes\/#primaryimage\"},\"image\":{\"@id\":\"https:\/\/dicodusport.fr\/blog\/biathlon-antholz-anterselva-startlist-mass-start-femmes\/#primaryimage\"},\"thumbnailUrl\":\"https:\/\/dicodusport.fr\/blog\/wp-content\/uploads\/2021\/01\/Antholz-Anterselva-Anais-Chevalier-Bouchet-troisieme-de-lindividuel-Hauser-simpose.png\",\"datePublished\":\"2021-01-22T17:31:41+00:00\",\"dateModified\":\"2021-01-22T20:15:23+00:00\",\"description\":\"COUPE DU MONDE DE BIATHLON \u2013 ANTHOLZ \u2013 D\u00e9couvrez la startlist de la mass start femmes d'Antholz. D\u00e9part \u00e0 13h10 ce samedi 23 janvier.\",\"breadcrumb\":{\"@id\":\"https:\/\/dicodusport.fr\/blog\/biathlon-antholz-anterselva-startlist-mass-start-femmes\/#breadcrumb\"},\"inLanguage\":\"fr-FR\",\"potentialAction\":[{\"@type\":\"ReadAction\",\"target\":[\"https:\/\/dicodusport.fr\/blog\/biathlon-antholz-anterselva-startlist-mass-start-femmes\/\"]}]},{\"@type\":\"ImageObject\",\"inLanguage\":\"fr-FR\",\"@id\":\"https:\/\/dicodusport.fr\/blog\/biathlon-antholz-anterselva-startlist-mass-start-femmes\/#primaryimage\",\"url\":\"https:\/\/dicodusport.fr\/blog\/wp-content\/uploads\/2021\/01\/Antholz-Anterselva-Anais-Chevalier-Bouchet-troisieme-de-lindividuel-Hauser-simpose.png\",\"contentUrl\":\"https:\/\/dicodusport.fr\/blog\/wp-content\/uploads\/2021\/01\/Antholz-Anterselva-Anais-Chevalier-Bouchet-troisieme-de-lindividuel-Hauser-simpose.png\",\"width\":800,\"height\":445,\"caption\":\"Biathlon - Nove Mesto : la startlist du relais mixte\"},{\"@type\":\"BreadcrumbList\",\"@id\":\"https:\/\/dicodusport.fr\/blog\/biathlon-antholz-anterselva-startlist-mass-start-femmes\/#breadcrumb\",\"itemListElement\":[{\"@type\":\"ListItem\",\"position\":1,\"name\":\"Accueil\",\"item\":\"https:\/\/dicodusport.fr\/blog\/\"},{\"@type\":\"ListItem\",\"position\":2,\"name\":\"Biathlon &#8211; Antholz-Anterselva : la startlist de la mass start femmes\"}]},{\"@type\":\"WebSite\",\"@id\":\"https:\/\/dicodusport.fr\/blog\/#website\",\"url\":\"https:\/\/dicodusport.fr\/blog\/\",\"name\":\"Dicodusport\",\"description\":\"L&#039;encyclop\u00e9die de l&#039;actualit\u00e9 sportive\",\"publisher\":{\"@id\":\"https:\/\/dicodusport.fr\/blog\/#organization\"},\"potentialAction\":[{\"@type\":\"SearchAction\",\"target\":{\"@type\":\"EntryPoint\",\"urlTemplate\":\"https:\/\/dicodusport.fr\/blog\/?s={search_term_string}\"},\"query-input\":{\"@type\":\"PropertyValueSpecification\",\"valueRequired\":true,\"valueName\":\"search_term_string\"}}],\"inLanguage\":\"fr-FR\"},{\"@type\":\"NewsMediaOrganization\",\"@id\":\"https:\/\/dicodusport.fr\/blog\/#organization\",\"name\":\"Dicodusport\",\"url\":\"https:\/\/dicodusport.fr\/blog\/\",\"logo\":{\"@type\":\"ImageObject\",\"inLanguage\":\"fr-FR\",\"@id\":\"https:\/\/dicodusport.fr\/blog\/#\/schema\/logo\/image\/\",\"url\":\"https:\/\/dicodusport.fr\/blog\/wp-content\/uploads\/2020\/06\/cropped-LOGO-DICODUSPORT-2020-SANS-FOND-SANS-TEXTE.png\",\"contentUrl\":\"https:\/\/dicodusport.fr\/blog\/wp-content\/uploads\/2020\/06\/cropped-LOGO-DICODUSPORT-2020-SANS-FOND-SANS-TEXTE.png\",\"width\":512,\"height\":512,\"caption\":\"Dicodusport\"},\"image\":{\"@id\":\"https:\/\/dicodusport.fr\/blog\/#\/schema\/logo\/image\/\"},\"sameAs\":[\"https:\/\/www.facebook.com\/dicodusport\",\"https:\/\/x.com\/dicodusport\",\"https:\/\/www.instagram.com\/dicodusport\/\",\"https:\/\/www.youtube.com\/channel\/UC7V2KZ5sd3htJivAbA4ZG3w\"],\"description\":\"Dicodusport est l'encyclop\u00e9die de l'actualit\u00e9 sportive.\",\"email\":\"bonjour@dicodusport.fr\",\"legalName\":\"DICODUSPORT\",\"foundingDate\":\"2018-01-14\",\"vatID\":\"FR71834470973\",\"taxID\":\"83447097300043\",\"numberOfEmployees\":{\"@type\":\"QuantitativeValue\",\"minValue\":\"1\",\"maxValue\":\"10\"}},{\"@type\":\"Person\",\"@id\":\"https:\/\/dicodusport.fr\/blog\/#\/schema\/person\/cb02af4c173ce4a653b55e9baf388d4a\",\"name\":\"Flo Ostermann\",\"image\":{\"@type\":\"ImageObject\",\"inLanguage\":\"fr-FR\",\"@id\":\"https:\/\/dicodusport.fr\/blog\/#\/schema\/person\/image\/\",\"url\":\"https:\/\/dicodusport.fr\/blog\/wp-content\/uploads\/2021\/05\/Flo-Ostermann-150x150.jpg\",\"contentUrl\":\"https:\/\/dicodusport.fr\/blog\/wp-content\/uploads\/2021\/05\/Flo-Ostermann-150x150.jpg\",\"caption\":\"Flo Ostermann\"},\"description\":\"Journaliste\/R\u00e9dacteur depuis septembre 2015 - Mes premiers souvenirs dans le sport ? Les envol\u00e9es du Stade Toulousain et les duels Villeneuve-Schumacher et H\u00e4kkinen-Schumacher \u00e0 la fin des ann\u00e9es 90, la Coupe du monde de football en 1998, l\u2019exploit du XV de France face aux All Blacks en 1999, mais aussi Richard C\u0153ur de Lion qui vole sur les montagnes du Tour de France. Bien parti pour devenir professeur d\u2019EPS, les \u00e9v\u00e9nements de la vie (et la flemme d\u2019animer des s\u00e9ances de 3x500 m\u00e8tres toute ma vie) m\u2019ont conduit \u00e0 revoir mes plans. Me voil\u00e0 depuis fin 2017 sur Dicodusport, m\u00e9dia gr\u00e2ce (et pour) lequel je partage ma passion : le sport dans tous ses \u00e9tats. Le tout accompagn\u00e9 par les fous furieux et folles furieuses cit\u00e9s sur cette page !\",\"sameAs\":[\"https:\/\/www.facebook.com\/florent.ostermann\",\"https:\/\/x.com\/https:\/\/twitter.com\/FlOstermann\",\"admin\"],\"url\":\"https:\/\/dicodusport.fr\/blog\/author\/flo\/\"}]}<\/script>\n<!-- \/ Yoast SEO Premium plugin. -->","yoast_head_json":{"title":"Biathlon - Antholz-Anterselva : la startlist de la mass start femmes","description":"COUPE DU MONDE DE BIATHLON \u2013 ANTHOLZ \u2013 D\u00e9couvrez la startlist de la mass start femmes d'Antholz. D\u00e9part \u00e0 13h10 ce samedi 23 janvier.","robots":{"index":"index","follow":"follow","max-snippet":"max-snippet:-1","max-image-preview":"max-image-preview:large","max-video-preview":"max-video-preview:-1"},"canonical":"https:\/\/dicodusport.fr\/blog\/biathlon-antholz-anterselva-startlist-mass-start-femmes\/","og_locale":"fr_FR","og_type":"article","og_title":"Biathlon - Antholz-Anterselva : la startlist de la mass start femmes","og_description":"COUPE DU MONDE DE BIATHLON \u2013 ANTHOLZ \u2013 D\u00e9couvrez la startlist de la mass start femmes d'Antholz. D\u00e9part \u00e0 13h10 ce samedi 23 janvier.","og_url":"https:\/\/dicodusport.fr\/blog\/biathlon-antholz-anterselva-startlist-mass-start-femmes\/","og_site_name":"Dicodusport","article_publisher":"https:\/\/www.facebook.com\/dicodusport","article_author":"https:\/\/www.facebook.com\/florent.ostermann","article_published_time":"2021-01-22T17:31:41+00:00","article_modified_time":"2021-01-22T20:15:23+00:00","og_image":[{"width":800,"height":445,"url":"https:\/\/dicodusport.fr\/blog\/wp-content\/uploads\/2021\/01\/Antholz-Anterselva-Anais-Chevalier-Bouchet-troisieme-de-lindividuel-Hauser-simpose.png","type":"image\/png"}],"author":"Flo Ostermann","twitter_card":"summary_large_image","twitter_title":"Biathlon - Antholz-Anterselva : la startlist de la mass start femmes","twitter_creator":"@https:\/\/twitter.com\/FlOstermann","twitter_site":"@dicodusport","schema":{"@context":"https:\/\/schema.org","@graph":[{"@type":"NewsArticle","@id":"https:\/\/dicodusport.fr\/blog\/biathlon-antholz-anterselva-startlist-mass-start-femmes\/#article","isPartOf":{"@id":"https:\/\/dicodusport.fr\/blog\/biathlon-antholz-anterselva-startlist-mass-start-femmes\/"},"author":{"name":"Flo Ostermann","@id":"https:\/\/dicodusport.fr\/blog\/#\/schema\/person\/cb02af4c173ce4a653b55e9baf388d4a"},"headline":"Biathlon &#8211; Antholz-Anterselva : la startlist de la mass start femmes","datePublished":"2021-01-22T17:31:41+00:00","dateModified":"2021-01-22T20:15:23+00:00","mainEntityOfPage":{"@id":"https:\/\/dicodusport.fr\/blog\/biathlon-antholz-anterselva-startlist-mass-start-femmes\/"},"wordCount":79,"commentCount":0,"publisher":{"@id":"https:\/\/dicodusport.fr\/blog\/#organization"},"image":{"@id":"https:\/\/dicodusport.fr\/blog\/biathlon-antholz-anterselva-startlist-mass-start-femmes\/#primaryimage"},"thumbnailUrl":"https:\/\/dicodusport.fr\/blog\/wp-content\/uploads\/2021\/01\/Antholz-Anterselva-Anais-Chevalier-Bouchet-troisieme-de-lindividuel-Hauser-simpose.png","keywords":["Biathlon","Biathlon Antholz","Biathlon Antholz-Anterselva"],"articleSection":["Coupe du monde de biathlon"],"inLanguage":"fr-FR","potentialAction":[{"@type":"CommentAction","name":"Comment","target":["https:\/\/dicodusport.fr\/blog\/biathlon-antholz-anterselva-startlist-mass-start-femmes\/#respond"]}],"copyrightYear":"2021","copyrightHolder":{"@id":"https:\/\/dicodusport.fr\/blog\/#organization"}},{"@type":"WebPage","@id":"https:\/\/dicodusport.fr\/blog\/biathlon-antholz-anterselva-startlist-mass-start-femmes\/","url":"https:\/\/dicodusport.fr\/blog\/biathlon-antholz-anterselva-startlist-mass-start-femmes\/","name":"Biathlon - Antholz-Anterselva : la startlist de la mass start femmes","isPartOf":{"@id":"https:\/\/dicodusport.fr\/blog\/#website"},"primaryImageOfPage":{"@id":"https:\/\/dicodusport.fr\/blog\/biathlon-antholz-anterselva-startlist-mass-start-femmes\/#primaryimage"},"image":{"@id":"https:\/\/dicodusport.fr\/blog\/biathlon-antholz-anterselva-startlist-mass-start-femmes\/#primaryimage"},"thumbnailUrl":"https:\/\/dicodusport.fr\/blog\/wp-content\/uploads\/2021\/01\/Antholz-Anterselva-Anais-Chevalier-Bouchet-troisieme-de-lindividuel-Hauser-simpose.png","datePublished":"2021-01-22T17:31:41+00:00","dateModified":"2021-01-22T20:15:23+00:00","description":"COUPE DU MONDE DE BIATHLON \u2013 ANTHOLZ \u2013 D\u00e9couvrez la startlist de la mass start femmes d'Antholz. D\u00e9part \u00e0 13h10 ce samedi 23 janvier.","breadcrumb":{"@id":"https:\/\/dicodusport.fr\/blog\/biathlon-antholz-anterselva-startlist-mass-start-femmes\/#breadcrumb"},"inLanguage":"fr-FR","potentialAction":[{"@type":"ReadAction","target":["https:\/\/dicodusport.fr\/blog\/biathlon-antholz-anterselva-startlist-mass-start-femmes\/"]}]},{"@type":"ImageObject","inLanguage":"fr-FR","@id":"https:\/\/dicodusport.fr\/blog\/biathlon-antholz-anterselva-startlist-mass-start-femmes\/#primaryimage","url":"https:\/\/dicodusport.fr\/blog\/wp-content\/uploads\/2021\/01\/Antholz-Anterselva-Anais-Chevalier-Bouchet-troisieme-de-lindividuel-Hauser-simpose.png","contentUrl":"https:\/\/dicodusport.fr\/blog\/wp-content\/uploads\/2021\/01\/Antholz-Anterselva-Anais-Chevalier-Bouchet-troisieme-de-lindividuel-Hauser-simpose.png","width":800,"height":445,"caption":"Biathlon - Nove Mesto : la startlist du relais mixte"},{"@type":"BreadcrumbList","@id":"https:\/\/dicodusport.fr\/blog\/biathlon-antholz-anterselva-startlist-mass-start-femmes\/#breadcrumb","itemListElement":[{"@type":"ListItem","position":1,"name":"Accueil","item":"https:\/\/dicodusport.fr\/blog\/"},{"@type":"ListItem","position":2,"name":"Biathlon &#8211; Antholz-Anterselva : la startlist de la mass start femmes"}]},{"@type":"WebSite","@id":"https:\/\/dicodusport.fr\/blog\/#website","url":"https:\/\/dicodusport.fr\/blog\/","name":"Dicodusport","description":"L&#039;encyclop\u00e9die de l&#039;actualit\u00e9 sportive","publisher":{"@id":"https:\/\/dicodusport.fr\/blog\/#organization"},"potentialAction":[{"@type":"SearchAction","target":{"@type":"EntryPoint","urlTemplate":"https:\/\/dicodusport.fr\/blog\/?s={search_term_string}"},"query-input":{"@type":"PropertyValueSpecification","valueRequired":true,"valueName":"search_term_string"}}],"inLanguage":"fr-FR"},{"@type":"NewsMediaOrganization","@id":"https:\/\/dicodusport.fr\/blog\/#organization","name":"Dicodusport","url":"https:\/\/dicodusport.fr\/blog\/","logo":{"@type":"ImageObject","inLanguage":"fr-FR","@id":"https:\/\/dicodusport.fr\/blog\/#\/schema\/logo\/image\/","url":"https:\/\/dicodusport.fr\/blog\/wp-content\/uploads\/2020\/06\/cropped-LOGO-DICODUSPORT-2020-SANS-FOND-SANS-TEXTE.png","contentUrl":"https:\/\/dicodusport.fr\/blog\/wp-content\/uploads\/2020\/06\/cropped-LOGO-DICODUSPORT-2020-SANS-FOND-SANS-TEXTE.png","width":512,"height":512,"caption":"Dicodusport"},"image":{"@id":"https:\/\/dicodusport.fr\/blog\/#\/schema\/logo\/image\/"},"sameAs":["https:\/\/www.facebook.com\/dicodusport","https:\/\/x.com\/dicodusport","https:\/\/www.instagram.com\/dicodusport\/","https:\/\/www.youtube.com\/channel\/UC7V2KZ5sd3htJivAbA4ZG3w"],"description":"Dicodusport est l'encyclop\u00e9die de l'actualit\u00e9 sportive.","email":"bonjour@dicodusport.fr","legalName":"DICODUSPORT","foundingDate":"2018-01-14","vatID":"FR71834470973","taxID":"83447097300043","numberOfEmployees":{"@type":"QuantitativeValue","minValue":"1","maxValue":"10"}},{"@type":"Person","@id":"https:\/\/dicodusport.fr\/blog\/#\/schema\/person\/cb02af4c173ce4a653b55e9baf388d4a","name":"Flo Ostermann","image":{"@type":"ImageObject","inLanguage":"fr-FR","@id":"https:\/\/dicodusport.fr\/blog\/#\/schema\/person\/image\/","url":"https:\/\/dicodusport.fr\/blog\/wp-content\/uploads\/2021\/05\/Flo-Ostermann-150x150.jpg","contentUrl":"https:\/\/dicodusport.fr\/blog\/wp-content\/uploads\/2021\/05\/Flo-Ostermann-150x150.jpg","caption":"Flo Ostermann"},"description":"Journaliste\/R\u00e9dacteur depuis septembre 2015 - Mes premiers souvenirs dans le sport ? Les envol\u00e9es du Stade Toulousain et les duels Villeneuve-Schumacher et H\u00e4kkinen-Schumacher \u00e0 la fin des ann\u00e9es 90, la Coupe du monde de football en 1998, l\u2019exploit du XV de France face aux All Blacks en 1999, mais aussi Richard C\u0153ur de Lion qui vole sur les montagnes du Tour de France. Bien parti pour devenir professeur d\u2019EPS, les \u00e9v\u00e9nements de la vie (et la flemme d\u2019animer des s\u00e9ances de 3x500 m\u00e8tres toute ma vie) m\u2019ont conduit \u00e0 revoir mes plans. Me voil\u00e0 depuis fin 2017 sur Dicodusport, m\u00e9dia gr\u00e2ce (et pour) lequel je partage ma passion : le sport dans tous ses \u00e9tats. Le tout accompagn\u00e9 par les fous furieux et folles furieuses cit\u00e9s sur cette page !","sameAs":["https:\/\/www.facebook.com\/florent.ostermann","https:\/\/x.com\/https:\/\/twitter.com\/FlOstermann","admin"],"url":"https:\/\/dicodusport.fr\/blog\/author\/flo\/"}]}},"_links":{"self":[{"href":"https:\/\/dicodusport.fr\/blog\/wp-json\/wp\/v2\/posts\/100961","targetHints":{"allow":["GET"]}}],"collection":[{"href":"https:\/\/dicodusport.fr\/blog\/wp-json\/wp\/v2\/posts"}],"about":[{"href":"https:\/\/dicodusport.fr\/blog\/wp-json\/wp\/v2\/types\/post"}],"author":[{"embeddable":true,"href":"https:\/\/dicodusport.fr\/blog\/wp-json\/wp\/v2\/users\/4"}],"replies":[{"embeddable":true,"href":"https:\/\/dicodusport.fr\/blog\/wp-json\/wp\/v2\/comments?post=100961"}],"version-history":[{"count":0,"href":"https:\/\/dicodusport.fr\/blog\/wp-json\/wp\/v2\/posts\/100961\/revisions"}],"wp:featuredmedia":[{"embeddable":true,"href":"https:\/\/dicodusport.fr\/blog\/wp-json\/wp\/v2\/media\/100672"}],"wp:attachment":[{"href":"https:\/\/dicodusport.fr\/blog\/wp-json\/wp\/v2\/media?parent=100961"}],"wp:term":[{"taxonomy":"category","embeddable":true,"href":"https:\/\/dicodusport.fr\/blog\/wp-json\/wp\/v2\/categories?post=100961"},{"taxonomy":"post_tag","embeddable":true,"href":"https:\/\/dicodusport.fr\/blog\/wp-json\/wp\/v2\/tags?post=100961"}],"curies":[{"name":"wp","href":"https:\/\/api.w.org\/{rel}","templated":true}]}}