{"id":101051,"date":"2021-01-23T11:39:46","date_gmt":"2021-01-23T10:39:46","guid":{"rendered":"https:\/\/dicodusport.fr\/blog\/?p=101051"},"modified":"2021-01-23T12:12:46","modified_gmt":"2021-01-23T11:12:46","slug":"meeting-de-miramas-martinot-lagarde-et-belocian-deja-en-forme","status":"publish","type":"post","link":"https:\/\/dicodusport.fr\/blog\/meeting-de-miramas-martinot-lagarde-et-belocian-deja-en-forme\/","title":{"rendered":"Meeting de Miramas : Martinot-Lagarde et Belocian d\u00e9j\u00e0 en forme"},"content":{"rendered":"<p style=\"text-align: justify;\"><em><strong>ATHLETISME &#8211; Vendredi soir, le meeting de Miramas nous a offert le duel qu&rsquo;on attendait entre les deux meilleurs hurdlers fran\u00e7ais. Sur 60 m haies, Pascal Martinot-Lagarde s&rsquo;est impos\u00e9 de peu face \u00e0 Wilhem Belocian, avec de gros chronos \u00e0 la cl\u00e9. Les autres \u00e9preuves ont aussi d\u00e9livr\u00e9 de belles performances et des surprises.<\/strong><\/em><\/p>\n<p style=\"text-align: justify;\">Une chose est s\u00fbre, <strong>Pascal Martinot-Lagarde <\/strong>(29 ans) et <strong>Wilhem Belocian<\/strong> (25 ans) \u00e9taient impatients d&rsquo;en d\u00e9coudre. En effet, les deux hurdlers fran\u00e7ais nous ont offert un beau spectacle sur le 60 m haies. Ils ont tous deux commenc\u00e9 la soir\u00e9e en validant les minima pour les championnats d&rsquo;Europe en salle, \u00e0 <strong>Torun<\/strong> (en Pologne, du 1 au 3 mars). Plus tard, en finale, Martinot-Lagarde et Belocian ont \u00e9t\u00e9 encore plus rapides. C&rsquo;est Martinot-Lagarde qui s&rsquo;est impos\u00e9, avec la meilleure performance mondiale de l&rsquo;ann\u00e9e \u00e0 la cl\u00e9 en 7&Prime;54 secondes. Belocian, deuxi\u00e8me, le suivait de pr\u00e8s avec un chrono en 7&Prime;57. Sur les haies dames f\u00e9minins, il y a eu une grosse surprise en revanche. La favorite, <strong>Cyr\u00e9na Samba-Mayela<\/strong> (20 ans), a \u00e9t\u00e9 disqualifi\u00e9e pour un faux-d\u00e9part en finale. C&rsquo;est <strong>Laura Valette<\/strong> (23 ans) qui s&rsquo;est impos\u00e9e en 8&Prime;10.<\/p>\n<blockquote class=\"twitter-tweet\">\n<p dir=\"ltr\" lang=\"fr\">&#x1f525; Les hurdlers ont brill\u00e9 au meeting de Miramas !<\/p>\n<p>&#x1f4aa; Pascal Martinot-Lagarde a r\u00e9alis\u00e9 l&rsquo;une des meilleures rentr\u00e9es de sa carri\u00e8re en s&rsquo;imposant en 7\u00a0\u00bb54 sur 60 m haies, juste devant Wilhem Belocian (7\u00a0\u00bb57) !<\/p>\n<p>&#x1f449; R\u00e9sum\u00e9 : <a href=\"https:\/\/t.co\/V4rfjZH7n0\">https:\/\/t.co\/V4rfjZH7n0<\/a><\/p>\n<p>&#x1f4f8; J-L. Juvin \/ <a href=\"https:\/\/twitter.com\/stadion_actu?ref_src=twsrc%5Etfw\">@stadion_actu<\/a> <a href=\"https:\/\/t.co\/r974oe1Dkv\">pic.twitter.com\/r974oe1Dkv<\/a><\/p>\n<p>\u2014 FFA (@FFAthletisme) <a href=\"https:\/\/twitter.com\/FFAthletisme\/status\/1352757628238258178?ref_src=twsrc%5Etfw\">January 22, 2021<\/a><\/p><\/blockquote>\n<p><script async src=\"https:\/\/platform.twitter.com\/widgets.js\" charset=\"utf-8\"><\/script><\/p>\n<h2 style=\"text-align: justify;\">Contrat rempli pour Zahi, Zango loin de son record du monde<\/h2>\n<p style=\"text-align: justify;\">Autre athl\u00e8te \u00e0 avoir acquis le niveau de performance pour les Europe de Torun, <strong>Carole Zahi<\/strong> (26 ans) a domin\u00e9 le 60 m. Avec un chrono en 7&Prime;19, elle s&rsquo;est impos\u00e9e devant <strong>Orlane Ombissa-Dzangue <\/strong>(29 ans), qui a r\u00e9alis\u00e9 7&Prime;25. Chez les hommes, c&rsquo;est <strong>Ryan Z\u00e9z\u00e9<\/strong> (22 ans) qui a \u00e9t\u00e9 le plus rapide en 6&Prime;69. Pour les autres performances, <strong>Djilali Bedrani<\/strong> (27 ans) aura domin\u00e9 le 1500 m masculin en 3&rsquo;41&Prime;46, sans toutefois parvenir \u00e0 obtenir le niveau de performance requis pour les Europe. Sur 400m masculin, c&rsquo;est <strong>Thomas Jordier<\/strong> (26 ans) qui s&rsquo;est impos\u00e9 en 47&Prime;30. Pour le lancer de poids, <strong>Fr\u00e9d\u00e9ric Dag\u00e9e<\/strong> (28 ans) s&rsquo;est impos\u00e9 avec un jet \u00e0 19,54 m. Sur le 3000 m f\u00e9minin, <strong>Alice Finot\u00a0<\/strong>(30 ans) l&rsquo;a emport\u00e9 en 9&rsquo;02&Prime;63, devant <strong>Sara Benfares<\/strong> (19 ans) qui a battu le record de France espoir en 9&rsquo;04&Prime;94.<\/p>\n<p style=\"text-align: justify;\">Concernant le triple masculin, la nouvelle star <strong>Hugues Fabrice Zango<\/strong> (27 ans) n&rsquo;\u00e9tait pas dans sa meilleure soir\u00e9e. En effet, le Burkinab\u00e9, qui a battu le record du monde la semaine pass\u00e9e (18,07 m), n&rsquo;a pu faire mieux que 17,05 m. Zango a mordu la planche sur quatre sauts, mais ce fut suffisant pour l&#8217;emporter. Le second, <strong>Melvin Raffin<\/strong> (22 ans), ayant fait 16,58 m.<\/p>\n<p style=\"text-align: justify;\"><em><strong>Alexandre Jeffroy<br \/>\n<a href=\"https:\/\/www.facebook.com\/alexandre.jeffroy.3\/\" target=\"_blank\" rel=\"noopener noreferrer\"><img loading=\"lazy\" decoding=\"async\" class=\"alignnone wp-image-2909\" src=\"http:\/\/dicodusport.fr\/blog\/wp-content\/uploads\/2017\/07\/logo-facebook-150x150.png\" sizes=\"auto, (max-width: 40px) 100vw, 40px\" srcset=\"https:\/\/dicodusport.fr\/blog\/wp-content\/uploads\/2017\/07\/logo-facebook-150x150.png 150w, https:\/\/dicodusport.fr\/blog\/wp-content\/uploads\/2017\/07\/logo-facebook-300x300.png 300w, https:\/\/dicodusport.fr\/blog\/wp-content\/uploads\/2017\/07\/logo-facebook.png 400w\" alt=\"\" width=\"40\" height=\"40\" \/><\/a><a href=\"https:\/\/twitter.com\/smokinalexjoe\" target=\"_blank\" rel=\"noopener noreferrer\"><img loading=\"lazy\" decoding=\"async\" class=\"alignnone wp-image-2908\" src=\"http:\/\/dicodusport.fr\/blog\/wp-content\/uploads\/2017\/07\/logo-twitter-150x150.png\" alt=\"\" width=\"39\" height=\"39\" \/><\/a><\/strong><\/em><\/p>\n","protected":false},"excerpt":{"rendered":"<p>ATHLETISME &#8211; Vendredi soir, le meeting de Miramas nous a offert le duel qu&rsquo;on attendait entre les deux meilleurs hurdlers fran\u00e7ais. Sur 60 m haies, Pascal Martinot-Lagarde s&rsquo;est impos\u00e9 de peu face \u00e0 Wilhem Belocian, avec de gros chronos \u00e0 la cl\u00e9. Les autres \u00e9preuves ont aussi d\u00e9livr\u00e9 de belles performances et des surprises.<\/p>\n","protected":false},"author":45,"featured_media":101069,"comment_status":"open","ping_status":"closed","sticky":false,"template":"","format":"standard","meta":{"_acf_changed":false,"_daextam_enable_autolinks":"","footnotes":""},"categories":[2308],"tags":[143,8813,5225,7375],"class_list":["post-101051","post","type-post","status-publish","format-standard","has-post-thumbnail","hentry","category-athletisme","tag-athletisme","tag-djilali-bedrani","tag-pascal-martinot-lagarde","tag-wilhem-belocian"],"acf":[],"yoast_head":"<!-- This site is optimized with the Yoast SEO Premium plugin v26.7 (Yoast SEO v26.7) - https:\/\/yoast.com\/wordpress\/plugins\/seo\/ -->\n<title>Meeting de Miramas : Martinot-Lagarde et Belocian d\u00e9j\u00e0 en forme<\/title>\n<meta name=\"description\" content=\"Le meeting de Miramas aura d\u00e9livr\u00e9 quelques belles performances. On pense notamment \u00e0 la victoire de Pascal Martinot-Lagarde sur 60 m haies.\" \/>\n<meta name=\"robots\" content=\"index, follow, max-snippet:-1, max-image-preview:large, max-video-preview:-1\" \/>\n<link rel=\"canonical\" href=\"https:\/\/dicodusport.fr\/blog\/meeting-de-miramas-martinot-lagarde-et-belocian-deja-en-forme\/\" \/>\n<meta property=\"og:locale\" content=\"fr_FR\" \/>\n<meta property=\"og:type\" content=\"article\" \/>\n<meta property=\"og:title\" content=\"Meeting de Miramas : Martinot-Lagarde et Belocian d\u00e9j\u00e0 en forme\" \/>\n<meta property=\"og:description\" content=\"Le meeting de Miramas aura d\u00e9livr\u00e9 quelques belles performances. On pense notamment \u00e0 la victoire de Pascal Martinot-Lagarde sur 60 m haies.\" \/>\n<meta property=\"og:url\" content=\"https:\/\/dicodusport.fr\/blog\/meeting-de-miramas-martinot-lagarde-et-belocian-deja-en-forme\/\" \/>\n<meta property=\"og:site_name\" content=\"Dicodusport\" \/>\n<meta property=\"article:publisher\" content=\"https:\/\/www.facebook.com\/dicodusport\" \/>\n<meta property=\"article:author\" content=\"https:\/\/www.facebook.com\/alexandre.jeffroy.3\/\" \/>\n<meta property=\"article:published_time\" content=\"2021-01-23T10:39:46+00:00\" \/>\n<meta property=\"article:modified_time\" content=\"2021-01-23T11:12:46+00:00\" \/>\n<meta property=\"og:image\" content=\"https:\/\/dicodusport.fr\/blog\/wp-content\/uploads\/2021\/01\/Meeting-de-Miramas-Martinot-Lagarde-et-Belocian-deja-en-forme.png\" \/>\n\t<meta property=\"og:image:width\" content=\"800\" \/>\n\t<meta property=\"og:image:height\" content=\"445\" \/>\n\t<meta property=\"og:image:type\" content=\"image\/png\" \/>\n<meta name=\"author\" content=\"Alexandre Jeffroy\" \/>\n<meta name=\"twitter:card\" content=\"summary_large_image\" \/>\n<meta name=\"twitter:title\" content=\"Meeting de Miramas : Martinot-Lagarde et Belocian d\u00e9j\u00e0 en forme\" \/>\n<meta name=\"twitter:creator\" content=\"@https:\/\/twitter.com\/smokinalexjoe\" \/>\n<meta name=\"twitter:site\" content=\"@dicodusport\" \/>\n<script type=\"application\/ld+json\" class=\"yoast-schema-graph\">{\"@context\":\"https:\/\/schema.org\",\"@graph\":[{\"@type\":\"NewsArticle\",\"@id\":\"https:\/\/dicodusport.fr\/blog\/meeting-de-miramas-martinot-lagarde-et-belocian-deja-en-forme\/#article\",\"isPartOf\":{\"@id\":\"https:\/\/dicodusport.fr\/blog\/meeting-de-miramas-martinot-lagarde-et-belocian-deja-en-forme\/\"},\"author\":{\"name\":\"Alexandre Jeffroy\",\"@id\":\"https:\/\/dicodusport.fr\/blog\/#\/schema\/person\/0e50be5ee9a0e6705846ac950257c4a0\"},\"headline\":\"Meeting de Miramas : Martinot-Lagarde et Belocian d\u00e9j\u00e0 en forme\",\"datePublished\":\"2021-01-23T10:39:46+00:00\",\"dateModified\":\"2021-01-23T11:12:46+00:00\",\"mainEntityOfPage\":{\"@id\":\"https:\/\/dicodusport.fr\/blog\/meeting-de-miramas-martinot-lagarde-et-belocian-deja-en-forme\/\"},\"wordCount\":489,\"commentCount\":0,\"publisher\":{\"@id\":\"https:\/\/dicodusport.fr\/blog\/#organization\"},\"image\":{\"@id\":\"https:\/\/dicodusport.fr\/blog\/meeting-de-miramas-martinot-lagarde-et-belocian-deja-en-forme\/#primaryimage\"},\"thumbnailUrl\":\"https:\/\/dicodusport.fr\/blog\/wp-content\/uploads\/2021\/01\/Meeting-de-Miramas-Martinot-Lagarde-et-Belocian-deja-en-forme.png\",\"keywords\":[\"Athl\u00e9tisme\",\"Djilali Bedrani\",\"Pascal Martinot-Lagarde\",\"Wilhem Belocian\"],\"articleSection\":[\"Athl\u00e9tisme\"],\"inLanguage\":\"fr-FR\",\"potentialAction\":[{\"@type\":\"CommentAction\",\"name\":\"Comment\",\"target\":[\"https:\/\/dicodusport.fr\/blog\/meeting-de-miramas-martinot-lagarde-et-belocian-deja-en-forme\/#respond\"]}],\"copyrightYear\":\"2021\",\"copyrightHolder\":{\"@id\":\"https:\/\/dicodusport.fr\/blog\/#organization\"}},{\"@type\":\"WebPage\",\"@id\":\"https:\/\/dicodusport.fr\/blog\/meeting-de-miramas-martinot-lagarde-et-belocian-deja-en-forme\/\",\"url\":\"https:\/\/dicodusport.fr\/blog\/meeting-de-miramas-martinot-lagarde-et-belocian-deja-en-forme\/\",\"name\":\"Meeting de Miramas : Martinot-Lagarde et Belocian d\u00e9j\u00e0 en forme\",\"isPartOf\":{\"@id\":\"https:\/\/dicodusport.fr\/blog\/#website\"},\"primaryImageOfPage\":{\"@id\":\"https:\/\/dicodusport.fr\/blog\/meeting-de-miramas-martinot-lagarde-et-belocian-deja-en-forme\/#primaryimage\"},\"image\":{\"@id\":\"https:\/\/dicodusport.fr\/blog\/meeting-de-miramas-martinot-lagarde-et-belocian-deja-en-forme\/#primaryimage\"},\"thumbnailUrl\":\"https:\/\/dicodusport.fr\/blog\/wp-content\/uploads\/2021\/01\/Meeting-de-Miramas-Martinot-Lagarde-et-Belocian-deja-en-forme.png\",\"datePublished\":\"2021-01-23T10:39:46+00:00\",\"dateModified\":\"2021-01-23T11:12:46+00:00\",\"description\":\"Le meeting de Miramas aura d\u00e9livr\u00e9 quelques belles performances. On pense notamment \u00e0 la victoire de Pascal Martinot-Lagarde sur 60 m haies.\",\"breadcrumb\":{\"@id\":\"https:\/\/dicodusport.fr\/blog\/meeting-de-miramas-martinot-lagarde-et-belocian-deja-en-forme\/#breadcrumb\"},\"inLanguage\":\"fr-FR\",\"potentialAction\":[{\"@type\":\"ReadAction\",\"target\":[\"https:\/\/dicodusport.fr\/blog\/meeting-de-miramas-martinot-lagarde-et-belocian-deja-en-forme\/\"]}]},{\"@type\":\"ImageObject\",\"inLanguage\":\"fr-FR\",\"@id\":\"https:\/\/dicodusport.fr\/blog\/meeting-de-miramas-martinot-lagarde-et-belocian-deja-en-forme\/#primaryimage\",\"url\":\"https:\/\/dicodusport.fr\/blog\/wp-content\/uploads\/2021\/01\/Meeting-de-Miramas-Martinot-Lagarde-et-Belocian-deja-en-forme.png\",\"contentUrl\":\"https:\/\/dicodusport.fr\/blog\/wp-content\/uploads\/2021\/01\/Meeting-de-Miramas-Martinot-Lagarde-et-Belocian-deja-en-forme.png\",\"width\":800,\"height\":445,\"caption\":\"Meeting de Miramas - Martinot-Lagarde et Belocian d\u00e9j\u00e0 en forme\"},{\"@type\":\"BreadcrumbList\",\"@id\":\"https:\/\/dicodusport.fr\/blog\/meeting-de-miramas-martinot-lagarde-et-belocian-deja-en-forme\/#breadcrumb\",\"itemListElement\":[{\"@type\":\"ListItem\",\"position\":1,\"name\":\"Accueil\",\"item\":\"https:\/\/dicodusport.fr\/blog\/\"},{\"@type\":\"ListItem\",\"position\":2,\"name\":\"Meeting de Miramas : Martinot-Lagarde et Belocian d\u00e9j\u00e0 en forme\"}]},{\"@type\":\"WebSite\",\"@id\":\"https:\/\/dicodusport.fr\/blog\/#website\",\"url\":\"https:\/\/dicodusport.fr\/blog\/\",\"name\":\"Dicodusport\",\"description\":\"L&#039;encyclop\u00e9die de l&#039;actualit\u00e9 sportive\",\"publisher\":{\"@id\":\"https:\/\/dicodusport.fr\/blog\/#organization\"},\"potentialAction\":[{\"@type\":\"SearchAction\",\"target\":{\"@type\":\"EntryPoint\",\"urlTemplate\":\"https:\/\/dicodusport.fr\/blog\/?s={search_term_string}\"},\"query-input\":{\"@type\":\"PropertyValueSpecification\",\"valueRequired\":true,\"valueName\":\"search_term_string\"}}],\"inLanguage\":\"fr-FR\"},{\"@type\":\"NewsMediaOrganization\",\"@id\":\"https:\/\/dicodusport.fr\/blog\/#organization\",\"name\":\"Dicodusport\",\"url\":\"https:\/\/dicodusport.fr\/blog\/\",\"logo\":{\"@type\":\"ImageObject\",\"inLanguage\":\"fr-FR\",\"@id\":\"https:\/\/dicodusport.fr\/blog\/#\/schema\/logo\/image\/\",\"url\":\"https:\/\/dicodusport.fr\/blog\/wp-content\/uploads\/2020\/06\/cropped-LOGO-DICODUSPORT-2020-SANS-FOND-SANS-TEXTE.png\",\"contentUrl\":\"https:\/\/dicodusport.fr\/blog\/wp-content\/uploads\/2020\/06\/cropped-LOGO-DICODUSPORT-2020-SANS-FOND-SANS-TEXTE.png\",\"width\":512,\"height\":512,\"caption\":\"Dicodusport\"},\"image\":{\"@id\":\"https:\/\/dicodusport.fr\/blog\/#\/schema\/logo\/image\/\"},\"sameAs\":[\"https:\/\/www.facebook.com\/dicodusport\",\"https:\/\/x.com\/dicodusport\",\"https:\/\/www.instagram.com\/dicodusport\/\",\"https:\/\/www.youtube.com\/channel\/UC7V2KZ5sd3htJivAbA4ZG3w\"],\"description\":\"Dicodusport est l'encyclop\u00e9die de l'actualit\u00e9 sportive.\",\"email\":\"bonjour@dicodusport.fr\",\"legalName\":\"DICODUSPORT\",\"foundingDate\":\"2018-01-14\",\"vatID\":\"FR71834470973\",\"taxID\":\"83447097300043\",\"numberOfEmployees\":{\"@type\":\"QuantitativeValue\",\"minValue\":\"1\",\"maxValue\":\"10\"}},{\"@type\":\"Person\",\"@id\":\"https:\/\/dicodusport.fr\/blog\/#\/schema\/person\/0e50be5ee9a0e6705846ac950257c4a0\",\"name\":\"Alexandre Jeffroy\",\"image\":{\"@type\":\"ImageObject\",\"inLanguage\":\"fr-FR\",\"@id\":\"https:\/\/dicodusport.fr\/blog\/#\/schema\/person\/image\/\",\"url\":\"https:\/\/dicodusport.fr\/blog\/wp-content\/uploads\/2021\/05\/Alexandre-Jeffroy-150x150.jpg\",\"contentUrl\":\"https:\/\/dicodusport.fr\/blog\/wp-content\/uploads\/2021\/05\/Alexandre-Jeffroy-150x150.jpg\",\"caption\":\"Alexandre Jeffroy\"},\"description\":\"Journaliste\/R\u00e9dacteur depuis octobre 2020 - Bolt qui foudroie le record du monde du 100 m\u00e8tres, les derniers essais de Dominici, les premi\u00e8res charges d\u00e9vastatrices de Bastarocket... de beaux souvenirs pour une grande passion, celle du sport. L\u2019histoire du sport aussi. Comprendre le r\u00f4le qu\u2019il a eu, celui qu\u2019il a et celui qu\u2019il aura dans notre soci\u00e9t\u00e9. Le sport au pass\u00e9, au pr\u00e9sent, au futur. Le sport tous les jours, matin, midi et soir. A d\u00e9faut d\u2019\u00eatre un grand sportif, je suis et je raconte l\u2019actualit\u00e9 et l\u2019histoire des championnes et des champions qui savent se d\u00e9passer pour accomplir des merveilles.\",\"sameAs\":[\"https:\/\/www.facebook.com\/alexandre.jeffroy.3\/\",\"https:\/\/x.com\/https:\/\/twitter.com\/smokinalexjoe\"],\"url\":\"https:\/\/dicodusport.fr\/blog\/author\/alexandrejeffroy\/\"}]}<\/script>\n<!-- \/ Yoast SEO Premium plugin. -->","yoast_head_json":{"title":"Meeting de Miramas : Martinot-Lagarde et Belocian d\u00e9j\u00e0 en forme","description":"Le meeting de Miramas aura d\u00e9livr\u00e9 quelques belles performances. On pense notamment \u00e0 la victoire de Pascal Martinot-Lagarde sur 60 m haies.","robots":{"index":"index","follow":"follow","max-snippet":"max-snippet:-1","max-image-preview":"max-image-preview:large","max-video-preview":"max-video-preview:-1"},"canonical":"https:\/\/dicodusport.fr\/blog\/meeting-de-miramas-martinot-lagarde-et-belocian-deja-en-forme\/","og_locale":"fr_FR","og_type":"article","og_title":"Meeting de Miramas : Martinot-Lagarde et Belocian d\u00e9j\u00e0 en forme","og_description":"Le meeting de Miramas aura d\u00e9livr\u00e9 quelques belles performances. On pense notamment \u00e0 la victoire de Pascal Martinot-Lagarde sur 60 m haies.","og_url":"https:\/\/dicodusport.fr\/blog\/meeting-de-miramas-martinot-lagarde-et-belocian-deja-en-forme\/","og_site_name":"Dicodusport","article_publisher":"https:\/\/www.facebook.com\/dicodusport","article_author":"https:\/\/www.facebook.com\/alexandre.jeffroy.3\/","article_published_time":"2021-01-23T10:39:46+00:00","article_modified_time":"2021-01-23T11:12:46+00:00","og_image":[{"width":800,"height":445,"url":"https:\/\/dicodusport.fr\/blog\/wp-content\/uploads\/2021\/01\/Meeting-de-Miramas-Martinot-Lagarde-et-Belocian-deja-en-forme.png","type":"image\/png"}],"author":"Alexandre Jeffroy","twitter_card":"summary_large_image","twitter_title":"Meeting de Miramas : Martinot-Lagarde et Belocian d\u00e9j\u00e0 en forme","twitter_creator":"@https:\/\/twitter.com\/smokinalexjoe","twitter_site":"@dicodusport","schema":{"@context":"https:\/\/schema.org","@graph":[{"@type":"NewsArticle","@id":"https:\/\/dicodusport.fr\/blog\/meeting-de-miramas-martinot-lagarde-et-belocian-deja-en-forme\/#article","isPartOf":{"@id":"https:\/\/dicodusport.fr\/blog\/meeting-de-miramas-martinot-lagarde-et-belocian-deja-en-forme\/"},"author":{"name":"Alexandre Jeffroy","@id":"https:\/\/dicodusport.fr\/blog\/#\/schema\/person\/0e50be5ee9a0e6705846ac950257c4a0"},"headline":"Meeting de Miramas : Martinot-Lagarde et Belocian d\u00e9j\u00e0 en forme","datePublished":"2021-01-23T10:39:46+00:00","dateModified":"2021-01-23T11:12:46+00:00","mainEntityOfPage":{"@id":"https:\/\/dicodusport.fr\/blog\/meeting-de-miramas-martinot-lagarde-et-belocian-deja-en-forme\/"},"wordCount":489,"commentCount":0,"publisher":{"@id":"https:\/\/dicodusport.fr\/blog\/#organization"},"image":{"@id":"https:\/\/dicodusport.fr\/blog\/meeting-de-miramas-martinot-lagarde-et-belocian-deja-en-forme\/#primaryimage"},"thumbnailUrl":"https:\/\/dicodusport.fr\/blog\/wp-content\/uploads\/2021\/01\/Meeting-de-Miramas-Martinot-Lagarde-et-Belocian-deja-en-forme.png","keywords":["Athl\u00e9tisme","Djilali Bedrani","Pascal Martinot-Lagarde","Wilhem Belocian"],"articleSection":["Athl\u00e9tisme"],"inLanguage":"fr-FR","potentialAction":[{"@type":"CommentAction","name":"Comment","target":["https:\/\/dicodusport.fr\/blog\/meeting-de-miramas-martinot-lagarde-et-belocian-deja-en-forme\/#respond"]}],"copyrightYear":"2021","copyrightHolder":{"@id":"https:\/\/dicodusport.fr\/blog\/#organization"}},{"@type":"WebPage","@id":"https:\/\/dicodusport.fr\/blog\/meeting-de-miramas-martinot-lagarde-et-belocian-deja-en-forme\/","url":"https:\/\/dicodusport.fr\/blog\/meeting-de-miramas-martinot-lagarde-et-belocian-deja-en-forme\/","name":"Meeting de Miramas : Martinot-Lagarde et Belocian d\u00e9j\u00e0 en forme","isPartOf":{"@id":"https:\/\/dicodusport.fr\/blog\/#website"},"primaryImageOfPage":{"@id":"https:\/\/dicodusport.fr\/blog\/meeting-de-miramas-martinot-lagarde-et-belocian-deja-en-forme\/#primaryimage"},"image":{"@id":"https:\/\/dicodusport.fr\/blog\/meeting-de-miramas-martinot-lagarde-et-belocian-deja-en-forme\/#primaryimage"},"thumbnailUrl":"https:\/\/dicodusport.fr\/blog\/wp-content\/uploads\/2021\/01\/Meeting-de-Miramas-Martinot-Lagarde-et-Belocian-deja-en-forme.png","datePublished":"2021-01-23T10:39:46+00:00","dateModified":"2021-01-23T11:12:46+00:00","description":"Le meeting de Miramas aura d\u00e9livr\u00e9 quelques belles performances. On pense notamment \u00e0 la victoire de Pascal Martinot-Lagarde sur 60 m haies.","breadcrumb":{"@id":"https:\/\/dicodusport.fr\/blog\/meeting-de-miramas-martinot-lagarde-et-belocian-deja-en-forme\/#breadcrumb"},"inLanguage":"fr-FR","potentialAction":[{"@type":"ReadAction","target":["https:\/\/dicodusport.fr\/blog\/meeting-de-miramas-martinot-lagarde-et-belocian-deja-en-forme\/"]}]},{"@type":"ImageObject","inLanguage":"fr-FR","@id":"https:\/\/dicodusport.fr\/blog\/meeting-de-miramas-martinot-lagarde-et-belocian-deja-en-forme\/#primaryimage","url":"https:\/\/dicodusport.fr\/blog\/wp-content\/uploads\/2021\/01\/Meeting-de-Miramas-Martinot-Lagarde-et-Belocian-deja-en-forme.png","contentUrl":"https:\/\/dicodusport.fr\/blog\/wp-content\/uploads\/2021\/01\/Meeting-de-Miramas-Martinot-Lagarde-et-Belocian-deja-en-forme.png","width":800,"height":445,"caption":"Meeting de Miramas - Martinot-Lagarde et Belocian d\u00e9j\u00e0 en forme"},{"@type":"BreadcrumbList","@id":"https:\/\/dicodusport.fr\/blog\/meeting-de-miramas-martinot-lagarde-et-belocian-deja-en-forme\/#breadcrumb","itemListElement":[{"@type":"ListItem","position":1,"name":"Accueil","item":"https:\/\/dicodusport.fr\/blog\/"},{"@type":"ListItem","position":2,"name":"Meeting de Miramas : Martinot-Lagarde et Belocian d\u00e9j\u00e0 en forme"}]},{"@type":"WebSite","@id":"https:\/\/dicodusport.fr\/blog\/#website","url":"https:\/\/dicodusport.fr\/blog\/","name":"Dicodusport","description":"L&#039;encyclop\u00e9die de l&#039;actualit\u00e9 sportive","publisher":{"@id":"https:\/\/dicodusport.fr\/blog\/#organization"},"potentialAction":[{"@type":"SearchAction","target":{"@type":"EntryPoint","urlTemplate":"https:\/\/dicodusport.fr\/blog\/?s={search_term_string}"},"query-input":{"@type":"PropertyValueSpecification","valueRequired":true,"valueName":"search_term_string"}}],"inLanguage":"fr-FR"},{"@type":"NewsMediaOrganization","@id":"https:\/\/dicodusport.fr\/blog\/#organization","name":"Dicodusport","url":"https:\/\/dicodusport.fr\/blog\/","logo":{"@type":"ImageObject","inLanguage":"fr-FR","@id":"https:\/\/dicodusport.fr\/blog\/#\/schema\/logo\/image\/","url":"https:\/\/dicodusport.fr\/blog\/wp-content\/uploads\/2020\/06\/cropped-LOGO-DICODUSPORT-2020-SANS-FOND-SANS-TEXTE.png","contentUrl":"https:\/\/dicodusport.fr\/blog\/wp-content\/uploads\/2020\/06\/cropped-LOGO-DICODUSPORT-2020-SANS-FOND-SANS-TEXTE.png","width":512,"height":512,"caption":"Dicodusport"},"image":{"@id":"https:\/\/dicodusport.fr\/blog\/#\/schema\/logo\/image\/"},"sameAs":["https:\/\/www.facebook.com\/dicodusport","https:\/\/x.com\/dicodusport","https:\/\/www.instagram.com\/dicodusport\/","https:\/\/www.youtube.com\/channel\/UC7V2KZ5sd3htJivAbA4ZG3w"],"description":"Dicodusport est l'encyclop\u00e9die de l'actualit\u00e9 sportive.","email":"bonjour@dicodusport.fr","legalName":"DICODUSPORT","foundingDate":"2018-01-14","vatID":"FR71834470973","taxID":"83447097300043","numberOfEmployees":{"@type":"QuantitativeValue","minValue":"1","maxValue":"10"}},{"@type":"Person","@id":"https:\/\/dicodusport.fr\/blog\/#\/schema\/person\/0e50be5ee9a0e6705846ac950257c4a0","name":"Alexandre Jeffroy","image":{"@type":"ImageObject","inLanguage":"fr-FR","@id":"https:\/\/dicodusport.fr\/blog\/#\/schema\/person\/image\/","url":"https:\/\/dicodusport.fr\/blog\/wp-content\/uploads\/2021\/05\/Alexandre-Jeffroy-150x150.jpg","contentUrl":"https:\/\/dicodusport.fr\/blog\/wp-content\/uploads\/2021\/05\/Alexandre-Jeffroy-150x150.jpg","caption":"Alexandre Jeffroy"},"description":"Journaliste\/R\u00e9dacteur depuis octobre 2020 - Bolt qui foudroie le record du monde du 100 m\u00e8tres, les derniers essais de Dominici, les premi\u00e8res charges d\u00e9vastatrices de Bastarocket... de beaux souvenirs pour une grande passion, celle du sport. L\u2019histoire du sport aussi. Comprendre le r\u00f4le qu\u2019il a eu, celui qu\u2019il a et celui qu\u2019il aura dans notre soci\u00e9t\u00e9. Le sport au pass\u00e9, au pr\u00e9sent, au futur. Le sport tous les jours, matin, midi et soir. A d\u00e9faut d\u2019\u00eatre un grand sportif, je suis et je raconte l\u2019actualit\u00e9 et l\u2019histoire des championnes et des champions qui savent se d\u00e9passer pour accomplir des merveilles.","sameAs":["https:\/\/www.facebook.com\/alexandre.jeffroy.3\/","https:\/\/x.com\/https:\/\/twitter.com\/smokinalexjoe"],"url":"https:\/\/dicodusport.fr\/blog\/author\/alexandrejeffroy\/"}]}},"_links":{"self":[{"href":"https:\/\/dicodusport.fr\/blog\/wp-json\/wp\/v2\/posts\/101051","targetHints":{"allow":["GET"]}}],"collection":[{"href":"https:\/\/dicodusport.fr\/blog\/wp-json\/wp\/v2\/posts"}],"about":[{"href":"https:\/\/dicodusport.fr\/blog\/wp-json\/wp\/v2\/types\/post"}],"author":[{"embeddable":true,"href":"https:\/\/dicodusport.fr\/blog\/wp-json\/wp\/v2\/users\/45"}],"replies":[{"embeddable":true,"href":"https:\/\/dicodusport.fr\/blog\/wp-json\/wp\/v2\/comments?post=101051"}],"version-history":[{"count":0,"href":"https:\/\/dicodusport.fr\/blog\/wp-json\/wp\/v2\/posts\/101051\/revisions"}],"wp:featuredmedia":[{"embeddable":true,"href":"https:\/\/dicodusport.fr\/blog\/wp-json\/wp\/v2\/media\/101069"}],"wp:attachment":[{"href":"https:\/\/dicodusport.fr\/blog\/wp-json\/wp\/v2\/media?parent=101051"}],"wp:term":[{"taxonomy":"category","embeddable":true,"href":"https:\/\/dicodusport.fr\/blog\/wp-json\/wp\/v2\/categories?post=101051"},{"taxonomy":"post_tag","embeddable":true,"href":"https:\/\/dicodusport.fr\/blog\/wp-json\/wp\/v2\/tags?post=101051"}],"curies":[{"name":"wp","href":"https:\/\/api.w.org\/{rel}","templated":true}]}}