{"id":101088,"date":"2021-01-23T13:34:28","date_gmt":"2021-01-23T12:34:28","guid":{"rendered":"https:\/\/dicodusport.fr\/blog\/?p=101088&#038;preview=true&#038;preview_id=101088"},"modified":"2021-01-23T16:31:11","modified_gmt":"2021-01-23T15:31:11","slug":"tom-dumoulin-met-sa-carriere-entre-parentheses","status":"publish","type":"post","link":"https:\/\/dicodusport.fr\/blog\/tom-dumoulin-met-sa-carriere-entre-parentheses\/","title":{"rendered":"Tom Dumoulin met sa carri\u00e8re entre parenth\u00e8ses"},"content":{"rendered":"<p style=\"text-align: justify;\"><strong><em><a href=\"https:\/\/dicodusport.fr\/blog\/actualites\/cyclisme\/\" target=\"_blank\" rel=\"noopener\">CYCLISME<\/a> &#8211; Tom Dumoulin (Jumbo-Visma) a annonc\u00e9 qu&rsquo;il mettait sa carri\u00e8re cycliste entre parenth\u00e8ses pour une dur\u00e9e ind\u00e9termin\u00e9e.\u00a0<\/em><\/strong><\/p>\n<p style=\"text-align: justify;\">Apr\u00e8s une saison 2020 un peu d\u00e9cevante, le coureur n\u00e9erlandais <a href=\"https:\/\/www.procyclingstats.com\/rider\/tom-dumoulin\/\" target=\"_blank\" rel=\"noopener\"><strong>Tom Dumoulin<\/strong><\/a> a annonc\u00e9 qu&rsquo;il avait senti le besoin du prendre du recul par rapport \u00e0 sa carri\u00e8re de sportif de haut niveau. Il ne courra pas jusqu&rsquo;\u00e0 nouvel ordre, comme il l&rsquo;a annonc\u00e9 sur les r\u00e9seaux sociaux de la Jumbo-Visma.<\/p>\n<h2>\u00ab Je vais faire une pause pour un moment \u00bb<\/h2>\n<p style=\"text-align: justify;\">Alors qu&rsquo;il avait d\u00e9voil\u00e9 son programme vendredi avec une reprise pr\u00e9vue sur les Strade Bianche, <strong>Tom Dumoulin<\/strong> a donc finalement choisi de dire stop pour quelque temps, comme il l&rsquo;a longuement expliqu\u00e9 sur les r\u00e9seaux sociaux de la formation n\u00e9erlandaise.<\/p>\n<blockquote>\n<p style=\"text-align: justify;\">Est-ce que je veux toujours \u00eatre un coureur cycliste ? Si oui, comment ? Si je veux gagner le Tour, comment dois-je travailler ? Aujourd&rsquo;hui, j&rsquo;ai le sentiment de ne plus savoir quoi faire, et de laisser les autres r\u00e9pondre pour moi, poursuit-il. Cela ne me m\u00e8ne pas aux r\u00e9sultats esp\u00e9r\u00e9s. Cela me rend malheureux. C&rsquo;est dommage, cela ne devrait pas se passer comme \u00e7a. C&rsquo;est pour cela que je vais faire une pause pour un moment.<\/p>\n<\/blockquote>\n<p style=\"text-align: justify;\">Reverra-t-on le vainqueur du Giro 2017 sur un v\u00e9lo en comp\u00e9tition, ou m\u00eame dans la course pour remporter un grand tour ? Pour le moment, le coureur n\u00e9erlandais est rest\u00e9 flou sur son futur.<\/p>\n<blockquote class=\"twitter-tweet\">\n<p dir=\"ltr\" lang=\"en\">Tom Dumoulin won&rsquo;t race for the time being. Dumoulin clarifies this decision in the video below.<\/p>\n<p>\u2014 Team Jumbo-Visma cycling (@JumboVismaRoad) <a href=\"https:\/\/twitter.com\/JumboVismaRoad\/status\/1352954838846472193?ref_src=twsrc%5Etfw\">January 23, 2021<\/a><\/p><\/blockquote>\n<p><script async src=\"https:\/\/platform.twitter.com\/widgets.js\" charset=\"utf-8\"><\/script><\/p>\n<p><strong><em>Dicodusport<br \/>\n<a href=\"https:\/\/www.facebook.com\/dicodusport\/\" target=\"_blank\" rel=\"noopener noreferrer\"><img loading=\"lazy\" decoding=\"async\" class=\"alignnone wp-image-2909\" src=\"http:\/\/dicodusport.fr\/blog\/wp-content\/uploads\/2017\/07\/logo-facebook-150x150.png\" alt=\"\" width=\"40\" height=\"40\" \/><\/a><a href=\"https:\/\/twitter.com\/dicodusport\" target=\"_blank\" rel=\"noopener noreferrer\"><img loading=\"lazy\" decoding=\"async\" class=\"alignnone wp-image-2908\" src=\"http:\/\/dicodusport.fr\/blog\/wp-content\/uploads\/2017\/07\/logo-twitter-150x150.png\" alt=\"\" width=\"39\" height=\"39\" \/><\/a><\/em><\/strong><\/p>\n","protected":false},"excerpt":{"rendered":"<p>CYCLISME &#8211; Tom Dumoulin (Jumbo-Visma) a annonc\u00e9 qu&rsquo;il mettait sa carri\u00e8re cycliste entre parenth\u00e8ses pour une dur\u00e9e ind\u00e9termin\u00e9e.\u00a0<\/p>\n","protected":false},"author":1,"featured_media":83515,"comment_status":"open","ping_status":"closed","sticky":false,"template":"","format":"standard","meta":{"_acf_changed":false,"_daextam_enable_autolinks":"","footnotes":""},"categories":[2307],"tags":[574,1439,8551,4732],"class_list":["post-101088","post","type-post","status-publish","format-standard","has-post-thumbnail","hentry","category-cyclisme","tag-cyclisme","tag-dumoulin","tag-jumbo-visma","tag-tom-dumoulin"],"acf":[],"yoast_head":"<!-- This site is optimized with the Yoast SEO Premium plugin v26.7 (Yoast SEO v26.7) - https:\/\/yoast.com\/wordpress\/plugins\/seo\/ -->\n<title>Tom Dumoulin met sa carri\u00e8re entre parenth\u00e8ses<\/title>\n<meta name=\"description\" content=\"CYCLISME - Tom Dumoulin (Jumbo-Visma) a annonc\u00e9 qu&#039;il mettait sa carri\u00e8re cycliste entre parenth\u00e8ses pour une dur\u00e9e ind\u00e9termin\u00e9e.\u00a0\" \/>\n<meta name=\"robots\" content=\"index, follow, max-snippet:-1, max-image-preview:large, max-video-preview:-1\" \/>\n<link rel=\"canonical\" href=\"https:\/\/dicodusport.fr\/blog\/tom-dumoulin-met-sa-carriere-entre-parentheses\/\" \/>\n<meta property=\"og:locale\" content=\"fr_FR\" \/>\n<meta property=\"og:type\" content=\"article\" \/>\n<meta property=\"og:title\" content=\"Tom Dumoulin met sa carri\u00e8re entre parenth\u00e8ses\" \/>\n<meta property=\"og:description\" content=\"CYCLISME - Tom Dumoulin (Jumbo-Visma) a annonc\u00e9 qu&#039;il mettait sa carri\u00e8re cycliste entre parenth\u00e8ses pour une dur\u00e9e ind\u00e9termin\u00e9e.\u00a0\" \/>\n<meta property=\"og:url\" content=\"https:\/\/dicodusport.fr\/blog\/tom-dumoulin-met-sa-carriere-entre-parentheses\/\" \/>\n<meta property=\"og:site_name\" content=\"Dicodusport\" \/>\n<meta property=\"article:publisher\" content=\"https:\/\/www.facebook.com\/dicodusport\" \/>\n<meta property=\"article:author\" content=\"https:\/\/www.facebook.com\/dicodusport\" \/>\n<meta property=\"article:published_time\" content=\"2021-01-23T12:34:28+00:00\" \/>\n<meta property=\"article:modified_time\" content=\"2021-01-23T15:31:11+00:00\" \/>\n<meta property=\"og:image\" content=\"https:\/\/dicodusport.fr\/blog\/wp-content\/uploads\/2020\/10\/Tom-Dumoulin-AFP.png\" \/>\n\t<meta property=\"og:image:width\" content=\"800\" \/>\n\t<meta property=\"og:image:height\" content=\"445\" \/>\n\t<meta property=\"og:image:type\" content=\"image\/png\" \/>\n<meta name=\"author\" content=\"Nicolas Jacquemard\" \/>\n<meta name=\"twitter:card\" content=\"summary_large_image\" \/>\n<meta name=\"twitter:title\" content=\"Tom Dumoulin met sa carri\u00e8re entre parenth\u00e8ses\" \/>\n<meta name=\"twitter:creator\" content=\"@https:\/\/twitter.com\/Nico_Jacquemard\" \/>\n<meta name=\"twitter:site\" content=\"@dicodusport\" \/>\n<script type=\"application\/ld+json\" class=\"yoast-schema-graph\">{\"@context\":\"https:\/\/schema.org\",\"@graph\":[{\"@type\":\"NewsArticle\",\"@id\":\"https:\/\/dicodusport.fr\/blog\/tom-dumoulin-met-sa-carriere-entre-parentheses\/#article\",\"isPartOf\":{\"@id\":\"https:\/\/dicodusport.fr\/blog\/tom-dumoulin-met-sa-carriere-entre-parentheses\/\"},\"author\":{\"name\":\"Nicolas Jacquemard\",\"@id\":\"https:\/\/dicodusport.fr\/blog\/#\/schema\/person\/55dcb50ad410894e431ed812bbb70191\"},\"headline\":\"Tom Dumoulin met sa carri\u00e8re entre parenth\u00e8ses\",\"datePublished\":\"2021-01-23T12:34:28+00:00\",\"dateModified\":\"2021-01-23T15:31:11+00:00\",\"mainEntityOfPage\":{\"@id\":\"https:\/\/dicodusport.fr\/blog\/tom-dumoulin-met-sa-carriere-entre-parentheses\/\"},\"wordCount\":285,\"commentCount\":0,\"publisher\":{\"@id\":\"https:\/\/dicodusport.fr\/blog\/#organization\"},\"image\":{\"@id\":\"https:\/\/dicodusport.fr\/blog\/tom-dumoulin-met-sa-carriere-entre-parentheses\/#primaryimage\"},\"thumbnailUrl\":\"https:\/\/dicodusport.fr\/blog\/wp-content\/uploads\/2020\/10\/Tom-Dumoulin-AFP.png\",\"keywords\":[\"Cyclisme\",\"dumoulin\",\"Jumbo-Visma\",\"Tom Dumoulin\"],\"articleSection\":[\"Cyclisme\"],\"inLanguage\":\"fr-FR\",\"potentialAction\":[{\"@type\":\"CommentAction\",\"name\":\"Comment\",\"target\":[\"https:\/\/dicodusport.fr\/blog\/tom-dumoulin-met-sa-carriere-entre-parentheses\/#respond\"]}],\"copyrightYear\":\"2021\",\"copyrightHolder\":{\"@id\":\"https:\/\/dicodusport.fr\/blog\/#organization\"}},{\"@type\":\"WebPage\",\"@id\":\"https:\/\/dicodusport.fr\/blog\/tom-dumoulin-met-sa-carriere-entre-parentheses\/\",\"url\":\"https:\/\/dicodusport.fr\/blog\/tom-dumoulin-met-sa-carriere-entre-parentheses\/\",\"name\":\"Tom Dumoulin met sa carri\u00e8re entre parenth\u00e8ses\",\"isPartOf\":{\"@id\":\"https:\/\/dicodusport.fr\/blog\/#website\"},\"primaryImageOfPage\":{\"@id\":\"https:\/\/dicodusport.fr\/blog\/tom-dumoulin-met-sa-carriere-entre-parentheses\/#primaryimage\"},\"image\":{\"@id\":\"https:\/\/dicodusport.fr\/blog\/tom-dumoulin-met-sa-carriere-entre-parentheses\/#primaryimage\"},\"thumbnailUrl\":\"https:\/\/dicodusport.fr\/blog\/wp-content\/uploads\/2020\/10\/Tom-Dumoulin-AFP.png\",\"datePublished\":\"2021-01-23T12:34:28+00:00\",\"dateModified\":\"2021-01-23T15:31:11+00:00\",\"description\":\"CYCLISME - Tom Dumoulin (Jumbo-Visma) a annonc\u00e9 qu'il mettait sa carri\u00e8re cycliste entre parenth\u00e8ses pour une dur\u00e9e ind\u00e9termin\u00e9e.\u00a0\",\"breadcrumb\":{\"@id\":\"https:\/\/dicodusport.fr\/blog\/tom-dumoulin-met-sa-carriere-entre-parentheses\/#breadcrumb\"},\"inLanguage\":\"fr-FR\",\"potentialAction\":[{\"@type\":\"ReadAction\",\"target\":[\"https:\/\/dicodusport.fr\/blog\/tom-dumoulin-met-sa-carriere-entre-parentheses\/\"]}]},{\"@type\":\"ImageObject\",\"inLanguage\":\"fr-FR\",\"@id\":\"https:\/\/dicodusport.fr\/blog\/tom-dumoulin-met-sa-carriere-entre-parentheses\/#primaryimage\",\"url\":\"https:\/\/dicodusport.fr\/blog\/wp-content\/uploads\/2020\/10\/Tom-Dumoulin-AFP.png\",\"contentUrl\":\"https:\/\/dicodusport.fr\/blog\/wp-content\/uploads\/2020\/10\/Tom-Dumoulin-AFP.png\",\"width\":800,\"height\":445,\"caption\":\"Tom Dumoulin met sa carri\u00e8re entre parenth\u00e8ses\"},{\"@type\":\"BreadcrumbList\",\"@id\":\"https:\/\/dicodusport.fr\/blog\/tom-dumoulin-met-sa-carriere-entre-parentheses\/#breadcrumb\",\"itemListElement\":[{\"@type\":\"ListItem\",\"position\":1,\"name\":\"Accueil\",\"item\":\"https:\/\/dicodusport.fr\/blog\/\"},{\"@type\":\"ListItem\",\"position\":2,\"name\":\"Tom Dumoulin met sa carri\u00e8re entre parenth\u00e8ses\"}]},{\"@type\":\"WebSite\",\"@id\":\"https:\/\/dicodusport.fr\/blog\/#website\",\"url\":\"https:\/\/dicodusport.fr\/blog\/\",\"name\":\"Dicodusport\",\"description\":\"L&#039;encyclop\u00e9die de l&#039;actualit\u00e9 sportive\",\"publisher\":{\"@id\":\"https:\/\/dicodusport.fr\/blog\/#organization\"},\"potentialAction\":[{\"@type\":\"SearchAction\",\"target\":{\"@type\":\"EntryPoint\",\"urlTemplate\":\"https:\/\/dicodusport.fr\/blog\/?s={search_term_string}\"},\"query-input\":{\"@type\":\"PropertyValueSpecification\",\"valueRequired\":true,\"valueName\":\"search_term_string\"}}],\"inLanguage\":\"fr-FR\"},{\"@type\":\"NewsMediaOrganization\",\"@id\":\"https:\/\/dicodusport.fr\/blog\/#organization\",\"name\":\"Dicodusport\",\"url\":\"https:\/\/dicodusport.fr\/blog\/\",\"logo\":{\"@type\":\"ImageObject\",\"inLanguage\":\"fr-FR\",\"@id\":\"https:\/\/dicodusport.fr\/blog\/#\/schema\/logo\/image\/\",\"url\":\"https:\/\/dicodusport.fr\/blog\/wp-content\/uploads\/2020\/06\/cropped-LOGO-DICODUSPORT-2020-SANS-FOND-SANS-TEXTE.png\",\"contentUrl\":\"https:\/\/dicodusport.fr\/blog\/wp-content\/uploads\/2020\/06\/cropped-LOGO-DICODUSPORT-2020-SANS-FOND-SANS-TEXTE.png\",\"width\":512,\"height\":512,\"caption\":\"Dicodusport\"},\"image\":{\"@id\":\"https:\/\/dicodusport.fr\/blog\/#\/schema\/logo\/image\/\"},\"sameAs\":[\"https:\/\/www.facebook.com\/dicodusport\",\"https:\/\/x.com\/dicodusport\",\"https:\/\/www.instagram.com\/dicodusport\/\",\"https:\/\/www.youtube.com\/channel\/UC7V2KZ5sd3htJivAbA4ZG3w\"],\"description\":\"Dicodusport est l'encyclop\u00e9die de l'actualit\u00e9 sportive.\",\"email\":\"bonjour@dicodusport.fr\",\"legalName\":\"DICODUSPORT\",\"foundingDate\":\"2018-01-14\",\"vatID\":\"FR71834470973\",\"taxID\":\"83447097300043\",\"numberOfEmployees\":{\"@type\":\"QuantitativeValue\",\"minValue\":\"1\",\"maxValue\":\"10\"}},{\"@type\":\"Person\",\"@id\":\"https:\/\/dicodusport.fr\/blog\/#\/schema\/person\/55dcb50ad410894e431ed812bbb70191\",\"name\":\"Nicolas Jacquemard\",\"image\":{\"@type\":\"ImageObject\",\"inLanguage\":\"fr-FR\",\"@id\":\"https:\/\/dicodusport.fr\/blog\/#\/schema\/person\/image\/\",\"url\":\"https:\/\/dicodusport.fr\/blog\/wp-content\/uploads\/2021\/05\/Nicolas-Jacquemard-150x150.jpeg\",\"contentUrl\":\"https:\/\/dicodusport.fr\/blog\/wp-content\/uploads\/2021\/05\/Nicolas-Jacquemard-150x150.jpeg\",\"caption\":\"Nicolas Jacquemard\"},\"description\":\"Passionn\u00e9 de sport et entrepreneur depuis mes 18 ans, la cr\u00e9ation de Dicodusport m'a sembl\u00e9 \u00e9vidente pour participer \u00e0 la m\u00e9diatisation d'un plus grand nombre de sports. Le chemin est long mais avec une \u00e9quipe des plus motiv\u00e9es et les Jeux Olympiques de Paris 2024 en point de mire, nous y arriverons ! Journaliste dans le monde du sport depuis plus de 5 ans, je traite aussi bien de football, de rugby, de biathlon que de cyclisme.\",\"sameAs\":[\"https:\/\/www.facebook.com\/dicodusport\",\"https:\/\/x.com\/https:\/\/twitter.com\/Nico_Jacquemard\"],\"url\":\"https:\/\/dicodusport.fr\/blog\/author\/dicodusport\/\"}]}<\/script>\n<!-- \/ Yoast SEO Premium plugin. -->","yoast_head_json":{"title":"Tom Dumoulin met sa carri\u00e8re entre parenth\u00e8ses","description":"CYCLISME - Tom Dumoulin (Jumbo-Visma) a annonc\u00e9 qu'il mettait sa carri\u00e8re cycliste entre parenth\u00e8ses pour une dur\u00e9e ind\u00e9termin\u00e9e.\u00a0","robots":{"index":"index","follow":"follow","max-snippet":"max-snippet:-1","max-image-preview":"max-image-preview:large","max-video-preview":"max-video-preview:-1"},"canonical":"https:\/\/dicodusport.fr\/blog\/tom-dumoulin-met-sa-carriere-entre-parentheses\/","og_locale":"fr_FR","og_type":"article","og_title":"Tom Dumoulin met sa carri\u00e8re entre parenth\u00e8ses","og_description":"CYCLISME - Tom Dumoulin (Jumbo-Visma) a annonc\u00e9 qu'il mettait sa carri\u00e8re cycliste entre parenth\u00e8ses pour une dur\u00e9e ind\u00e9termin\u00e9e.\u00a0","og_url":"https:\/\/dicodusport.fr\/blog\/tom-dumoulin-met-sa-carriere-entre-parentheses\/","og_site_name":"Dicodusport","article_publisher":"https:\/\/www.facebook.com\/dicodusport","article_author":"https:\/\/www.facebook.com\/dicodusport","article_published_time":"2021-01-23T12:34:28+00:00","article_modified_time":"2021-01-23T15:31:11+00:00","og_image":[{"width":800,"height":445,"url":"https:\/\/dicodusport.fr\/blog\/wp-content\/uploads\/2020\/10\/Tom-Dumoulin-AFP.png","type":"image\/png"}],"author":"Nicolas Jacquemard","twitter_card":"summary_large_image","twitter_title":"Tom Dumoulin met sa carri\u00e8re entre parenth\u00e8ses","twitter_creator":"@https:\/\/twitter.com\/Nico_Jacquemard","twitter_site":"@dicodusport","schema":{"@context":"https:\/\/schema.org","@graph":[{"@type":"NewsArticle","@id":"https:\/\/dicodusport.fr\/blog\/tom-dumoulin-met-sa-carriere-entre-parentheses\/#article","isPartOf":{"@id":"https:\/\/dicodusport.fr\/blog\/tom-dumoulin-met-sa-carriere-entre-parentheses\/"},"author":{"name":"Nicolas Jacquemard","@id":"https:\/\/dicodusport.fr\/blog\/#\/schema\/person\/55dcb50ad410894e431ed812bbb70191"},"headline":"Tom Dumoulin met sa carri\u00e8re entre parenth\u00e8ses","datePublished":"2021-01-23T12:34:28+00:00","dateModified":"2021-01-23T15:31:11+00:00","mainEntityOfPage":{"@id":"https:\/\/dicodusport.fr\/blog\/tom-dumoulin-met-sa-carriere-entre-parentheses\/"},"wordCount":285,"commentCount":0,"publisher":{"@id":"https:\/\/dicodusport.fr\/blog\/#organization"},"image":{"@id":"https:\/\/dicodusport.fr\/blog\/tom-dumoulin-met-sa-carriere-entre-parentheses\/#primaryimage"},"thumbnailUrl":"https:\/\/dicodusport.fr\/blog\/wp-content\/uploads\/2020\/10\/Tom-Dumoulin-AFP.png","keywords":["Cyclisme","dumoulin","Jumbo-Visma","Tom Dumoulin"],"articleSection":["Cyclisme"],"inLanguage":"fr-FR","potentialAction":[{"@type":"CommentAction","name":"Comment","target":["https:\/\/dicodusport.fr\/blog\/tom-dumoulin-met-sa-carriere-entre-parentheses\/#respond"]}],"copyrightYear":"2021","copyrightHolder":{"@id":"https:\/\/dicodusport.fr\/blog\/#organization"}},{"@type":"WebPage","@id":"https:\/\/dicodusport.fr\/blog\/tom-dumoulin-met-sa-carriere-entre-parentheses\/","url":"https:\/\/dicodusport.fr\/blog\/tom-dumoulin-met-sa-carriere-entre-parentheses\/","name":"Tom Dumoulin met sa carri\u00e8re entre parenth\u00e8ses","isPartOf":{"@id":"https:\/\/dicodusport.fr\/blog\/#website"},"primaryImageOfPage":{"@id":"https:\/\/dicodusport.fr\/blog\/tom-dumoulin-met-sa-carriere-entre-parentheses\/#primaryimage"},"image":{"@id":"https:\/\/dicodusport.fr\/blog\/tom-dumoulin-met-sa-carriere-entre-parentheses\/#primaryimage"},"thumbnailUrl":"https:\/\/dicodusport.fr\/blog\/wp-content\/uploads\/2020\/10\/Tom-Dumoulin-AFP.png","datePublished":"2021-01-23T12:34:28+00:00","dateModified":"2021-01-23T15:31:11+00:00","description":"CYCLISME - Tom Dumoulin (Jumbo-Visma) a annonc\u00e9 qu'il mettait sa carri\u00e8re cycliste entre parenth\u00e8ses pour une dur\u00e9e ind\u00e9termin\u00e9e.\u00a0","breadcrumb":{"@id":"https:\/\/dicodusport.fr\/blog\/tom-dumoulin-met-sa-carriere-entre-parentheses\/#breadcrumb"},"inLanguage":"fr-FR","potentialAction":[{"@type":"ReadAction","target":["https:\/\/dicodusport.fr\/blog\/tom-dumoulin-met-sa-carriere-entre-parentheses\/"]}]},{"@type":"ImageObject","inLanguage":"fr-FR","@id":"https:\/\/dicodusport.fr\/blog\/tom-dumoulin-met-sa-carriere-entre-parentheses\/#primaryimage","url":"https:\/\/dicodusport.fr\/blog\/wp-content\/uploads\/2020\/10\/Tom-Dumoulin-AFP.png","contentUrl":"https:\/\/dicodusport.fr\/blog\/wp-content\/uploads\/2020\/10\/Tom-Dumoulin-AFP.png","width":800,"height":445,"caption":"Tom Dumoulin met sa carri\u00e8re entre parenth\u00e8ses"},{"@type":"BreadcrumbList","@id":"https:\/\/dicodusport.fr\/blog\/tom-dumoulin-met-sa-carriere-entre-parentheses\/#breadcrumb","itemListElement":[{"@type":"ListItem","position":1,"name":"Accueil","item":"https:\/\/dicodusport.fr\/blog\/"},{"@type":"ListItem","position":2,"name":"Tom Dumoulin met sa carri\u00e8re entre parenth\u00e8ses"}]},{"@type":"WebSite","@id":"https:\/\/dicodusport.fr\/blog\/#website","url":"https:\/\/dicodusport.fr\/blog\/","name":"Dicodusport","description":"L&#039;encyclop\u00e9die de l&#039;actualit\u00e9 sportive","publisher":{"@id":"https:\/\/dicodusport.fr\/blog\/#organization"},"potentialAction":[{"@type":"SearchAction","target":{"@type":"EntryPoint","urlTemplate":"https:\/\/dicodusport.fr\/blog\/?s={search_term_string}"},"query-input":{"@type":"PropertyValueSpecification","valueRequired":true,"valueName":"search_term_string"}}],"inLanguage":"fr-FR"},{"@type":"NewsMediaOrganization","@id":"https:\/\/dicodusport.fr\/blog\/#organization","name":"Dicodusport","url":"https:\/\/dicodusport.fr\/blog\/","logo":{"@type":"ImageObject","inLanguage":"fr-FR","@id":"https:\/\/dicodusport.fr\/blog\/#\/schema\/logo\/image\/","url":"https:\/\/dicodusport.fr\/blog\/wp-content\/uploads\/2020\/06\/cropped-LOGO-DICODUSPORT-2020-SANS-FOND-SANS-TEXTE.png","contentUrl":"https:\/\/dicodusport.fr\/blog\/wp-content\/uploads\/2020\/06\/cropped-LOGO-DICODUSPORT-2020-SANS-FOND-SANS-TEXTE.png","width":512,"height":512,"caption":"Dicodusport"},"image":{"@id":"https:\/\/dicodusport.fr\/blog\/#\/schema\/logo\/image\/"},"sameAs":["https:\/\/www.facebook.com\/dicodusport","https:\/\/x.com\/dicodusport","https:\/\/www.instagram.com\/dicodusport\/","https:\/\/www.youtube.com\/channel\/UC7V2KZ5sd3htJivAbA4ZG3w"],"description":"Dicodusport est l'encyclop\u00e9die de l'actualit\u00e9 sportive.","email":"bonjour@dicodusport.fr","legalName":"DICODUSPORT","foundingDate":"2018-01-14","vatID":"FR71834470973","taxID":"83447097300043","numberOfEmployees":{"@type":"QuantitativeValue","minValue":"1","maxValue":"10"}},{"@type":"Person","@id":"https:\/\/dicodusport.fr\/blog\/#\/schema\/person\/55dcb50ad410894e431ed812bbb70191","name":"Nicolas Jacquemard","image":{"@type":"ImageObject","inLanguage":"fr-FR","@id":"https:\/\/dicodusport.fr\/blog\/#\/schema\/person\/image\/","url":"https:\/\/dicodusport.fr\/blog\/wp-content\/uploads\/2021\/05\/Nicolas-Jacquemard-150x150.jpeg","contentUrl":"https:\/\/dicodusport.fr\/blog\/wp-content\/uploads\/2021\/05\/Nicolas-Jacquemard-150x150.jpeg","caption":"Nicolas Jacquemard"},"description":"Passionn\u00e9 de sport et entrepreneur depuis mes 18 ans, la cr\u00e9ation de Dicodusport m'a sembl\u00e9 \u00e9vidente pour participer \u00e0 la m\u00e9diatisation d'un plus grand nombre de sports. Le chemin est long mais avec une \u00e9quipe des plus motiv\u00e9es et les Jeux Olympiques de Paris 2024 en point de mire, nous y arriverons ! Journaliste dans le monde du sport depuis plus de 5 ans, je traite aussi bien de football, de rugby, de biathlon que de cyclisme.","sameAs":["https:\/\/www.facebook.com\/dicodusport","https:\/\/x.com\/https:\/\/twitter.com\/Nico_Jacquemard"],"url":"https:\/\/dicodusport.fr\/blog\/author\/dicodusport\/"}]}},"_links":{"self":[{"href":"https:\/\/dicodusport.fr\/blog\/wp-json\/wp\/v2\/posts\/101088","targetHints":{"allow":["GET"]}}],"collection":[{"href":"https:\/\/dicodusport.fr\/blog\/wp-json\/wp\/v2\/posts"}],"about":[{"href":"https:\/\/dicodusport.fr\/blog\/wp-json\/wp\/v2\/types\/post"}],"author":[{"embeddable":true,"href":"https:\/\/dicodusport.fr\/blog\/wp-json\/wp\/v2\/users\/1"}],"replies":[{"embeddable":true,"href":"https:\/\/dicodusport.fr\/blog\/wp-json\/wp\/v2\/comments?post=101088"}],"version-history":[{"count":0,"href":"https:\/\/dicodusport.fr\/blog\/wp-json\/wp\/v2\/posts\/101088\/revisions"}],"wp:featuredmedia":[{"embeddable":true,"href":"https:\/\/dicodusport.fr\/blog\/wp-json\/wp\/v2\/media\/83515"}],"wp:attachment":[{"href":"https:\/\/dicodusport.fr\/blog\/wp-json\/wp\/v2\/media?parent=101088"}],"wp:term":[{"taxonomy":"category","embeddable":true,"href":"https:\/\/dicodusport.fr\/blog\/wp-json\/wp\/v2\/categories?post=101088"},{"taxonomy":"post_tag","embeddable":true,"href":"https:\/\/dicodusport.fr\/blog\/wp-json\/wp\/v2\/tags?post=101088"}],"curies":[{"name":"wp","href":"https:\/\/api.w.org\/{rel}","templated":true}]}}