{"id":101128,"date":"2021-01-23T16:24:29","date_gmt":"2021-01-23T15:24:29","guid":{"rendered":"https:\/\/dicodusport.fr\/blog\/?p=101128&#038;preview=true&#038;preview_id=101128"},"modified":"2021-01-23T17:53:51","modified_gmt":"2021-01-23T16:53:51","slug":"biathlon-antholz-anterselva-emilien-jacquelin-et-les-bleus-refont-le-coup-sur-le-relais","status":"publish","type":"post","link":"https:\/\/dicodusport.fr\/blog\/biathlon-antholz-anterselva-emilien-jacquelin-et-les-bleus-refont-le-coup-sur-le-relais\/","title":{"rendered":"Antholz-Anterselva : \u00c9milien Jacquelin et les Bleus refont le coup sur le relais !"},"content":{"rendered":"<p style=\"text-align: justify;\"><strong><em><a href=\"https:\/\/dicodusport.fr\/blog\/biathlon-antholz-anterselva-programme-complet-7eme-etape-coupe-du-monde\/\" target=\"_blank\" rel=\"noopener\">BIATHLON &#8211; ANTHOLZ-ANTERSELVA<\/a> &#8211; Ils l&rsquo;ont refait ! Le relais fran\u00e7ais (Guigonnat, Fillon Maillet, Desthieux et Jacquelin) a remport\u00e9 le relais hommes ce samedi \u00e0 Antholz ! Et comme l&rsquo;an pass\u00e9 lors des Mondiaux, \u00c9milien Jacquelin s&rsquo;est de nouveau pay\u00e9 Johannes Boe dans un dernier tour de folie.<\/em><\/strong><\/p>\n<p style=\"text-align: justify;\">Ph\u00e9nom\u00e9nale <strong>\u00e9quipe de France de biathlon<\/strong> ce samedi \u00e0 Antholz ! Apr\u00e8s <a href=\"https:\/\/dicodusport.fr\/blog\/biathlon-antholz-anterselva-enorme-julia-simon-remporte-mass-start\/\" target=\"_blank\" rel=\"noopener\">le triomphe de <strong>Julia Simon<\/strong> sur la mass start<\/a>, c&rsquo;est le relais masculin qui est all\u00e9 s&rsquo;imposer sur le site italien. Et au bon souvenir d&rsquo;Antholz 2020, lors des derniers Mondiaux lors desquels <strong>Martin Fourcade<\/strong>, accompagn\u00e9 de <strong>Quentin Fillon Maillet<\/strong>, <strong>Simon Desthieux<\/strong> et <strong>Emilien Jacquelin<\/strong>, est all\u00e9 chercher le seul titre qui lui manquait \u00e0 son palmar\u00e8s. Mais au-del\u00e0 de cette deuxi\u00e8me victoire cons\u00e9cutive pour le relais bleu apr\u00e8s le succ\u00e8s \u00e0 Oberhof la semaine pass\u00e9e, c&rsquo;est la mani\u00e8re et le finish qui sont \u00e0 retenir.<\/p>\n<h2 style=\"text-align: justify;\">Jacquelin encore une fois imprenable pour Johannes Boe<\/h2>\n<p style=\"text-align: justify;\">Car si les Bleus ont r\u00e9cidiv\u00e9 \u00e0 Antholz, que dire du dernier relais d&rsquo;<strong>\u00c9milien Jacquelin<\/strong> ? Ce dernier a pris le t\u00e9moin en t\u00eate, avec 18 secondes d&rsquo;avance sur <strong>Johannes Boe<\/strong>. Plomb\u00e9e par un tour de p\u00e9nalit\u00e9 conc\u00e9d\u00e9 par <strong>Johannes Dale<\/strong>, la Norv\u00e8ge a ainsi couru derri\u00e8re la France une bonne partie de la course. Jusqu&rsquo;\u00e0 ce que le leader du classement g\u00e9n\u00e9ral de la Coupe du monde, intenable sur les skis dans son premier tour, ne rejoigne le Fran\u00e7ais, ainsi que le Russe <strong>Latypov<\/strong> et l&rsquo;Allemand <strong>Doll<\/strong>. Impeccable sur le couch\u00e9, le cadet des fr\u00e8res Boe arrivait seul en t\u00eate sur le debout. Le Norv\u00e9gien devait piocher une fois, quand <strong>\u00c9milien Jacquelin<\/strong> faisait le plein. \u00c0 la sortie du pas de tir, l&rsquo;Is\u00e9rois pointe alors \u00e0 trois petites secondes de Boe.<\/p>\n<p style=\"text-align: justify;\">La suite, vous la connaissez. La <strong>France<\/strong> (9 pioches) s&rsquo;imposait donc devant la <strong>Norv\u00e8ge<\/strong> (1 tour et 9 pioches). La <strong>Russie<\/strong> (1 tour et 7 pioches) compl\u00e8te le podium. \u00c0 deux grosses semaines des Mondiaux de Pokljuka (Slov\u00e9nie), le relais masculin, vainqueur deux semaines de suite avec deux compositions diff\u00e9rentes, a pris un s\u00e9rieux ascendant psychologique pour conserver son titre mondial.<\/p>\n<blockquote class=\"twitter-tweet\">\n<p dir=\"ltr\" lang=\"fr\">&#x1f1eb;&#x1f1f7; VICTOIRE DES BLEUS !<\/p>\n<p>Emilien Jacquelin d\u00e9pose Johannes Boe dans le sprint final !<a href=\"https:\/\/twitter.com\/hashtag\/lequipeBIATHLON?src=hash&amp;ref_src=twsrc%5Etfw\">#lequipeBIATHLON<\/a> <a href=\"https:\/\/t.co\/VVd84ZUAs4\">pic.twitter.com\/VVd84ZUAs4<\/a><\/p>\n<p>\u2014 la chaine L&rsquo;\u00c9quipe (@lachainelequipe) <a href=\"https:\/\/twitter.com\/lachainelequipe\/status\/1353000710259023872?ref_src=twsrc%5Etfw\">January 23, 2021<\/a><\/p><\/blockquote>\n<p><script async src=\"https:\/\/platform.twitter.com\/widgets.js\" charset=\"utf-8\"><\/script><\/p>\n<h2>\u00c0 lire aussi<\/h2>\n<ul>\n<li><a href=\"https:\/\/dicodusport.fr\/blog\/biathlon-antholz-anterselva-classement-relais-hommes\/\" target=\"_blank\" rel=\"noopener\"><strong>Biathlon \u2013 Antholz-Anterselva : le classement du relais hommes<\/strong><\/a><\/li>\n<\/ul>\n<p><strong><em>Dicodusport<br \/>\n<a href=\"https:\/\/www.facebook.com\/dicodusport\/\" target=\"_blank\" rel=\"noopener noreferrer\"><img loading=\"lazy\" decoding=\"async\" class=\"alignnone wp-image-2909\" src=\"http:\/\/dicodusport.fr\/blog\/wp-content\/uploads\/2017\/07\/logo-facebook-150x150.png\" alt=\"\" width=\"40\" height=\"40\" \/><\/a><a href=\"https:\/\/twitter.com\/dicodusport\" target=\"_blank\" rel=\"noopener noreferrer\"><img loading=\"lazy\" decoding=\"async\" class=\"alignnone wp-image-2908\" src=\"http:\/\/dicodusport.fr\/blog\/wp-content\/uploads\/2017\/07\/logo-twitter-150x150.png\" alt=\"\" width=\"39\" height=\"39\" \/><\/a><\/em><\/strong><\/p>\n","protected":false},"excerpt":{"rendered":"<p>BIATHLON &#8211; ANTHOLZ-ANTERSELVA &#8211; Ils l&rsquo;ont refait ! Le relais fran\u00e7ais (Guigonnat, Fillon Maillet, Desthieux et Jacquelin) a remport\u00e9 le relais hommes ce samedi \u00e0 Antholz ! Et comme l&rsquo;an pass\u00e9 lors des Mondiaux, \u00c9milien Jacquelin s&rsquo;est de nouveau pay\u00e9 Johannes Boe dans un dernier tour de folie.<\/p>\n","protected":false},"author":4,"featured_media":101153,"comment_status":"open","ping_status":"closed","sticky":false,"template":"","format":"standard","meta":{"_acf_changed":false,"_daextam_enable_autolinks":"","footnotes":""},"categories":[47040],"tags":[13699,13719,24],"class_list":["post-101128","post","type-post","status-publish","format-standard","has-post-thumbnail","hentry","category-coupe-du-monde-de-biathlon","tag-biathlon-antholz","tag-biathlon-antholz-anterselva","tag-sport"],"acf":[],"yoast_head":"<!-- This site is optimized with the Yoast SEO Premium plugin v26.7 (Yoast SEO v26.7) - https:\/\/yoast.com\/wordpress\/plugins\/seo\/ -->\n<title>Antholz-Anterselva : \u00c9milien Jacquelin et les Bleus refont le coup sur le relais !<\/title>\n<meta name=\"description\" content=\"BIATHLON - ANTHOLZ-ANTERSELVA - Le relais fran\u00e7ais (Guigonnat, Fillon Maillet, Desthieux et Jacquelin) a remport\u00e9 le relais hommes ce samedi \u00e0 Antholz !\" \/>\n<meta name=\"robots\" content=\"index, follow, max-snippet:-1, max-image-preview:large, max-video-preview:-1\" \/>\n<link rel=\"canonical\" href=\"https:\/\/dicodusport.fr\/blog\/biathlon-antholz-anterselva-emilien-jacquelin-et-les-bleus-refont-le-coup-sur-le-relais\/\" \/>\n<meta property=\"og:locale\" content=\"fr_FR\" \/>\n<meta property=\"og:type\" content=\"article\" \/>\n<meta property=\"og:title\" content=\"Antholz-Anterselva : \u00c9milien Jacquelin et les Bleus refont le coup sur le relais !\" \/>\n<meta property=\"og:description\" content=\"BIATHLON - ANTHOLZ-ANTERSELVA - Le relais fran\u00e7ais (Guigonnat, Fillon Maillet, Desthieux et Jacquelin) a remport\u00e9 le relais hommes ce samedi \u00e0 Antholz !\" \/>\n<meta property=\"og:url\" content=\"https:\/\/dicodusport.fr\/blog\/biathlon-antholz-anterselva-emilien-jacquelin-et-les-bleus-refont-le-coup-sur-le-relais\/\" \/>\n<meta property=\"og:site_name\" content=\"Dicodusport\" \/>\n<meta property=\"article:publisher\" content=\"https:\/\/www.facebook.com\/dicodusport\" \/>\n<meta property=\"article:author\" content=\"https:\/\/www.facebook.com\/florent.ostermann\" \/>\n<meta property=\"article:published_time\" content=\"2021-01-23T15:24:29+00:00\" \/>\n<meta property=\"article:modified_time\" content=\"2021-01-23T16:53:51+00:00\" \/>\n<meta property=\"og:image\" content=\"https:\/\/dicodusport.fr\/blog\/wp-content\/uploads\/2021\/01\/Antholz-Anterselva-Emilien-Jacquelin-et-les-Bleus-refont-le-coup-sur-le-relais.png\" \/>\n\t<meta property=\"og:image:width\" content=\"800\" \/>\n\t<meta property=\"og:image:height\" content=\"445\" \/>\n\t<meta property=\"og:image:type\" content=\"image\/png\" \/>\n<meta name=\"author\" content=\"Flo Ostermann\" \/>\n<meta name=\"twitter:card\" content=\"summary_large_image\" \/>\n<meta name=\"twitter:title\" content=\"Antholz-Anterselva : \u00c9milien Jacquelin et les Bleus refont le coup sur le relais !\" \/>\n<meta name=\"twitter:creator\" content=\"@https:\/\/twitter.com\/FlOstermann\" \/>\n<meta name=\"twitter:site\" content=\"@dicodusport\" \/>\n<script type=\"application\/ld+json\" class=\"yoast-schema-graph\">{\"@context\":\"https:\/\/schema.org\",\"@graph\":[{\"@type\":\"NewsArticle\",\"@id\":\"https:\/\/dicodusport.fr\/blog\/biathlon-antholz-anterselva-emilien-jacquelin-et-les-bleus-refont-le-coup-sur-le-relais\/#article\",\"isPartOf\":{\"@id\":\"https:\/\/dicodusport.fr\/blog\/biathlon-antholz-anterselva-emilien-jacquelin-et-les-bleus-refont-le-coup-sur-le-relais\/\"},\"author\":{\"name\":\"Flo Ostermann\",\"@id\":\"https:\/\/dicodusport.fr\/blog\/#\/schema\/person\/cb02af4c173ce4a653b55e9baf388d4a\"},\"headline\":\"Antholz-Anterselva : \u00c9milien Jacquelin et les Bleus refont le coup sur le relais !\",\"datePublished\":\"2021-01-23T15:24:29+00:00\",\"dateModified\":\"2021-01-23T16:53:51+00:00\",\"mainEntityOfPage\":{\"@id\":\"https:\/\/dicodusport.fr\/blog\/biathlon-antholz-anterselva-emilien-jacquelin-et-les-bleus-refont-le-coup-sur-le-relais\/\"},\"wordCount\":423,\"commentCount\":0,\"publisher\":{\"@id\":\"https:\/\/dicodusport.fr\/blog\/#organization\"},\"image\":{\"@id\":\"https:\/\/dicodusport.fr\/blog\/biathlon-antholz-anterselva-emilien-jacquelin-et-les-bleus-refont-le-coup-sur-le-relais\/#primaryimage\"},\"thumbnailUrl\":\"https:\/\/dicodusport.fr\/blog\/wp-content\/uploads\/2021\/01\/Antholz-Anterselva-Emilien-Jacquelin-et-les-Bleus-refont-le-coup-sur-le-relais.png\",\"keywords\":[\"Biathlon Antholz\",\"Biathlon Antholz-Anterselva\",\"sport\"],\"articleSection\":[\"Coupe du monde de biathlon\"],\"inLanguage\":\"fr-FR\",\"potentialAction\":[{\"@type\":\"CommentAction\",\"name\":\"Comment\",\"target\":[\"https:\/\/dicodusport.fr\/blog\/biathlon-antholz-anterselva-emilien-jacquelin-et-les-bleus-refont-le-coup-sur-le-relais\/#respond\"]}],\"copyrightYear\":\"2021\",\"copyrightHolder\":{\"@id\":\"https:\/\/dicodusport.fr\/blog\/#organization\"}},{\"@type\":\"WebPage\",\"@id\":\"https:\/\/dicodusport.fr\/blog\/biathlon-antholz-anterselva-emilien-jacquelin-et-les-bleus-refont-le-coup-sur-le-relais\/\",\"url\":\"https:\/\/dicodusport.fr\/blog\/biathlon-antholz-anterselva-emilien-jacquelin-et-les-bleus-refont-le-coup-sur-le-relais\/\",\"name\":\"Antholz-Anterselva : \u00c9milien Jacquelin et les Bleus refont le coup sur le relais !\",\"isPartOf\":{\"@id\":\"https:\/\/dicodusport.fr\/blog\/#website\"},\"primaryImageOfPage\":{\"@id\":\"https:\/\/dicodusport.fr\/blog\/biathlon-antholz-anterselva-emilien-jacquelin-et-les-bleus-refont-le-coup-sur-le-relais\/#primaryimage\"},\"image\":{\"@id\":\"https:\/\/dicodusport.fr\/blog\/biathlon-antholz-anterselva-emilien-jacquelin-et-les-bleus-refont-le-coup-sur-le-relais\/#primaryimage\"},\"thumbnailUrl\":\"https:\/\/dicodusport.fr\/blog\/wp-content\/uploads\/2021\/01\/Antholz-Anterselva-Emilien-Jacquelin-et-les-Bleus-refont-le-coup-sur-le-relais.png\",\"datePublished\":\"2021-01-23T15:24:29+00:00\",\"dateModified\":\"2021-01-23T16:53:51+00:00\",\"description\":\"BIATHLON - ANTHOLZ-ANTERSELVA - Le relais fran\u00e7ais (Guigonnat, Fillon Maillet, Desthieux et Jacquelin) a remport\u00e9 le relais hommes ce samedi \u00e0 Antholz !\",\"breadcrumb\":{\"@id\":\"https:\/\/dicodusport.fr\/blog\/biathlon-antholz-anterselva-emilien-jacquelin-et-les-bleus-refont-le-coup-sur-le-relais\/#breadcrumb\"},\"inLanguage\":\"fr-FR\",\"potentialAction\":[{\"@type\":\"ReadAction\",\"target\":[\"https:\/\/dicodusport.fr\/blog\/biathlon-antholz-anterselva-emilien-jacquelin-et-les-bleus-refont-le-coup-sur-le-relais\/\"]}]},{\"@type\":\"ImageObject\",\"inLanguage\":\"fr-FR\",\"@id\":\"https:\/\/dicodusport.fr\/blog\/biathlon-antholz-anterselva-emilien-jacquelin-et-les-bleus-refont-le-coup-sur-le-relais\/#primaryimage\",\"url\":\"https:\/\/dicodusport.fr\/blog\/wp-content\/uploads\/2021\/01\/Antholz-Anterselva-Emilien-Jacquelin-et-les-Bleus-refont-le-coup-sur-le-relais.png\",\"contentUrl\":\"https:\/\/dicodusport.fr\/blog\/wp-content\/uploads\/2021\/01\/Antholz-Anterselva-Emilien-Jacquelin-et-les-Bleus-refont-le-coup-sur-le-relais.png\",\"width\":800,\"height\":445,\"caption\":\"Antholz-Anterselva - \u00c9milien Jacquelin et les Bleus refont le coup sur le relais\"},{\"@type\":\"BreadcrumbList\",\"@id\":\"https:\/\/dicodusport.fr\/blog\/biathlon-antholz-anterselva-emilien-jacquelin-et-les-bleus-refont-le-coup-sur-le-relais\/#breadcrumb\",\"itemListElement\":[{\"@type\":\"ListItem\",\"position\":1,\"name\":\"Accueil\",\"item\":\"https:\/\/dicodusport.fr\/blog\/\"},{\"@type\":\"ListItem\",\"position\":2,\"name\":\"Antholz-Anterselva : \u00c9milien Jacquelin et les Bleus refont le coup sur le relais !\"}]},{\"@type\":\"WebSite\",\"@id\":\"https:\/\/dicodusport.fr\/blog\/#website\",\"url\":\"https:\/\/dicodusport.fr\/blog\/\",\"name\":\"Dicodusport\",\"description\":\"L&#039;encyclop\u00e9die de l&#039;actualit\u00e9 sportive\",\"publisher\":{\"@id\":\"https:\/\/dicodusport.fr\/blog\/#organization\"},\"potentialAction\":[{\"@type\":\"SearchAction\",\"target\":{\"@type\":\"EntryPoint\",\"urlTemplate\":\"https:\/\/dicodusport.fr\/blog\/?s={search_term_string}\"},\"query-input\":{\"@type\":\"PropertyValueSpecification\",\"valueRequired\":true,\"valueName\":\"search_term_string\"}}],\"inLanguage\":\"fr-FR\"},{\"@type\":\"NewsMediaOrganization\",\"@id\":\"https:\/\/dicodusport.fr\/blog\/#organization\",\"name\":\"Dicodusport\",\"url\":\"https:\/\/dicodusport.fr\/blog\/\",\"logo\":{\"@type\":\"ImageObject\",\"inLanguage\":\"fr-FR\",\"@id\":\"https:\/\/dicodusport.fr\/blog\/#\/schema\/logo\/image\/\",\"url\":\"https:\/\/dicodusport.fr\/blog\/wp-content\/uploads\/2020\/06\/cropped-LOGO-DICODUSPORT-2020-SANS-FOND-SANS-TEXTE.png\",\"contentUrl\":\"https:\/\/dicodusport.fr\/blog\/wp-content\/uploads\/2020\/06\/cropped-LOGO-DICODUSPORT-2020-SANS-FOND-SANS-TEXTE.png\",\"width\":512,\"height\":512,\"caption\":\"Dicodusport\"},\"image\":{\"@id\":\"https:\/\/dicodusport.fr\/blog\/#\/schema\/logo\/image\/\"},\"sameAs\":[\"https:\/\/www.facebook.com\/dicodusport\",\"https:\/\/x.com\/dicodusport\",\"https:\/\/www.instagram.com\/dicodusport\/\",\"https:\/\/www.youtube.com\/channel\/UC7V2KZ5sd3htJivAbA4ZG3w\"],\"description\":\"Dicodusport est l'encyclop\u00e9die de l'actualit\u00e9 sportive.\",\"email\":\"bonjour@dicodusport.fr\",\"legalName\":\"DICODUSPORT\",\"foundingDate\":\"2018-01-14\",\"vatID\":\"FR71834470973\",\"taxID\":\"83447097300043\",\"numberOfEmployees\":{\"@type\":\"QuantitativeValue\",\"minValue\":\"1\",\"maxValue\":\"10\"}},{\"@type\":\"Person\",\"@id\":\"https:\/\/dicodusport.fr\/blog\/#\/schema\/person\/cb02af4c173ce4a653b55e9baf388d4a\",\"name\":\"Flo Ostermann\",\"image\":{\"@type\":\"ImageObject\",\"inLanguage\":\"fr-FR\",\"@id\":\"https:\/\/dicodusport.fr\/blog\/#\/schema\/person\/image\/\",\"url\":\"https:\/\/dicodusport.fr\/blog\/wp-content\/uploads\/2021\/05\/Flo-Ostermann-150x150.jpg\",\"contentUrl\":\"https:\/\/dicodusport.fr\/blog\/wp-content\/uploads\/2021\/05\/Flo-Ostermann-150x150.jpg\",\"caption\":\"Flo Ostermann\"},\"description\":\"Journaliste\/R\u00e9dacteur depuis septembre 2015 - Mes premiers souvenirs dans le sport ? Les envol\u00e9es du Stade Toulousain et les duels Villeneuve-Schumacher et H\u00e4kkinen-Schumacher \u00e0 la fin des ann\u00e9es 90, la Coupe du monde de football en 1998, l\u2019exploit du XV de France face aux All Blacks en 1999, mais aussi Richard C\u0153ur de Lion qui vole sur les montagnes du Tour de France. Bien parti pour devenir professeur d\u2019EPS, les \u00e9v\u00e9nements de la vie (et la flemme d\u2019animer des s\u00e9ances de 3x500 m\u00e8tres toute ma vie) m\u2019ont conduit \u00e0 revoir mes plans. Me voil\u00e0 depuis fin 2017 sur Dicodusport, m\u00e9dia gr\u00e2ce (et pour) lequel je partage ma passion : le sport dans tous ses \u00e9tats. Le tout accompagn\u00e9 par les fous furieux et folles furieuses cit\u00e9s sur cette page !\",\"sameAs\":[\"https:\/\/www.facebook.com\/florent.ostermann\",\"https:\/\/x.com\/https:\/\/twitter.com\/FlOstermann\",\"admin\"],\"url\":\"https:\/\/dicodusport.fr\/blog\/author\/flo\/\"}]}<\/script>\n<!-- \/ Yoast SEO Premium plugin. -->","yoast_head_json":{"title":"Antholz-Anterselva : \u00c9milien Jacquelin et les Bleus refont le coup sur le relais !","description":"BIATHLON - ANTHOLZ-ANTERSELVA - Le relais fran\u00e7ais (Guigonnat, Fillon Maillet, Desthieux et Jacquelin) a remport\u00e9 le relais hommes ce samedi \u00e0 Antholz !","robots":{"index":"index","follow":"follow","max-snippet":"max-snippet:-1","max-image-preview":"max-image-preview:large","max-video-preview":"max-video-preview:-1"},"canonical":"https:\/\/dicodusport.fr\/blog\/biathlon-antholz-anterselva-emilien-jacquelin-et-les-bleus-refont-le-coup-sur-le-relais\/","og_locale":"fr_FR","og_type":"article","og_title":"Antholz-Anterselva : \u00c9milien Jacquelin et les Bleus refont le coup sur le relais !","og_description":"BIATHLON - ANTHOLZ-ANTERSELVA - Le relais fran\u00e7ais (Guigonnat, Fillon Maillet, Desthieux et Jacquelin) a remport\u00e9 le relais hommes ce samedi \u00e0 Antholz !","og_url":"https:\/\/dicodusport.fr\/blog\/biathlon-antholz-anterselva-emilien-jacquelin-et-les-bleus-refont-le-coup-sur-le-relais\/","og_site_name":"Dicodusport","article_publisher":"https:\/\/www.facebook.com\/dicodusport","article_author":"https:\/\/www.facebook.com\/florent.ostermann","article_published_time":"2021-01-23T15:24:29+00:00","article_modified_time":"2021-01-23T16:53:51+00:00","og_image":[{"width":800,"height":445,"url":"https:\/\/dicodusport.fr\/blog\/wp-content\/uploads\/2021\/01\/Antholz-Anterselva-Emilien-Jacquelin-et-les-Bleus-refont-le-coup-sur-le-relais.png","type":"image\/png"}],"author":"Flo Ostermann","twitter_card":"summary_large_image","twitter_title":"Antholz-Anterselva : \u00c9milien Jacquelin et les Bleus refont le coup sur le relais !","twitter_creator":"@https:\/\/twitter.com\/FlOstermann","twitter_site":"@dicodusport","schema":{"@context":"https:\/\/schema.org","@graph":[{"@type":"NewsArticle","@id":"https:\/\/dicodusport.fr\/blog\/biathlon-antholz-anterselva-emilien-jacquelin-et-les-bleus-refont-le-coup-sur-le-relais\/#article","isPartOf":{"@id":"https:\/\/dicodusport.fr\/blog\/biathlon-antholz-anterselva-emilien-jacquelin-et-les-bleus-refont-le-coup-sur-le-relais\/"},"author":{"name":"Flo Ostermann","@id":"https:\/\/dicodusport.fr\/blog\/#\/schema\/person\/cb02af4c173ce4a653b55e9baf388d4a"},"headline":"Antholz-Anterselva : \u00c9milien Jacquelin et les Bleus refont le coup sur le relais !","datePublished":"2021-01-23T15:24:29+00:00","dateModified":"2021-01-23T16:53:51+00:00","mainEntityOfPage":{"@id":"https:\/\/dicodusport.fr\/blog\/biathlon-antholz-anterselva-emilien-jacquelin-et-les-bleus-refont-le-coup-sur-le-relais\/"},"wordCount":423,"commentCount":0,"publisher":{"@id":"https:\/\/dicodusport.fr\/blog\/#organization"},"image":{"@id":"https:\/\/dicodusport.fr\/blog\/biathlon-antholz-anterselva-emilien-jacquelin-et-les-bleus-refont-le-coup-sur-le-relais\/#primaryimage"},"thumbnailUrl":"https:\/\/dicodusport.fr\/blog\/wp-content\/uploads\/2021\/01\/Antholz-Anterselva-Emilien-Jacquelin-et-les-Bleus-refont-le-coup-sur-le-relais.png","keywords":["Biathlon Antholz","Biathlon Antholz-Anterselva","sport"],"articleSection":["Coupe du monde de biathlon"],"inLanguage":"fr-FR","potentialAction":[{"@type":"CommentAction","name":"Comment","target":["https:\/\/dicodusport.fr\/blog\/biathlon-antholz-anterselva-emilien-jacquelin-et-les-bleus-refont-le-coup-sur-le-relais\/#respond"]}],"copyrightYear":"2021","copyrightHolder":{"@id":"https:\/\/dicodusport.fr\/blog\/#organization"}},{"@type":"WebPage","@id":"https:\/\/dicodusport.fr\/blog\/biathlon-antholz-anterselva-emilien-jacquelin-et-les-bleus-refont-le-coup-sur-le-relais\/","url":"https:\/\/dicodusport.fr\/blog\/biathlon-antholz-anterselva-emilien-jacquelin-et-les-bleus-refont-le-coup-sur-le-relais\/","name":"Antholz-Anterselva : \u00c9milien Jacquelin et les Bleus refont le coup sur le relais !","isPartOf":{"@id":"https:\/\/dicodusport.fr\/blog\/#website"},"primaryImageOfPage":{"@id":"https:\/\/dicodusport.fr\/blog\/biathlon-antholz-anterselva-emilien-jacquelin-et-les-bleus-refont-le-coup-sur-le-relais\/#primaryimage"},"image":{"@id":"https:\/\/dicodusport.fr\/blog\/biathlon-antholz-anterselva-emilien-jacquelin-et-les-bleus-refont-le-coup-sur-le-relais\/#primaryimage"},"thumbnailUrl":"https:\/\/dicodusport.fr\/blog\/wp-content\/uploads\/2021\/01\/Antholz-Anterselva-Emilien-Jacquelin-et-les-Bleus-refont-le-coup-sur-le-relais.png","datePublished":"2021-01-23T15:24:29+00:00","dateModified":"2021-01-23T16:53:51+00:00","description":"BIATHLON - ANTHOLZ-ANTERSELVA - Le relais fran\u00e7ais (Guigonnat, Fillon Maillet, Desthieux et Jacquelin) a remport\u00e9 le relais hommes ce samedi \u00e0 Antholz !","breadcrumb":{"@id":"https:\/\/dicodusport.fr\/blog\/biathlon-antholz-anterselva-emilien-jacquelin-et-les-bleus-refont-le-coup-sur-le-relais\/#breadcrumb"},"inLanguage":"fr-FR","potentialAction":[{"@type":"ReadAction","target":["https:\/\/dicodusport.fr\/blog\/biathlon-antholz-anterselva-emilien-jacquelin-et-les-bleus-refont-le-coup-sur-le-relais\/"]}]},{"@type":"ImageObject","inLanguage":"fr-FR","@id":"https:\/\/dicodusport.fr\/blog\/biathlon-antholz-anterselva-emilien-jacquelin-et-les-bleus-refont-le-coup-sur-le-relais\/#primaryimage","url":"https:\/\/dicodusport.fr\/blog\/wp-content\/uploads\/2021\/01\/Antholz-Anterselva-Emilien-Jacquelin-et-les-Bleus-refont-le-coup-sur-le-relais.png","contentUrl":"https:\/\/dicodusport.fr\/blog\/wp-content\/uploads\/2021\/01\/Antholz-Anterselva-Emilien-Jacquelin-et-les-Bleus-refont-le-coup-sur-le-relais.png","width":800,"height":445,"caption":"Antholz-Anterselva - \u00c9milien Jacquelin et les Bleus refont le coup sur le relais"},{"@type":"BreadcrumbList","@id":"https:\/\/dicodusport.fr\/blog\/biathlon-antholz-anterselva-emilien-jacquelin-et-les-bleus-refont-le-coup-sur-le-relais\/#breadcrumb","itemListElement":[{"@type":"ListItem","position":1,"name":"Accueil","item":"https:\/\/dicodusport.fr\/blog\/"},{"@type":"ListItem","position":2,"name":"Antholz-Anterselva : \u00c9milien Jacquelin et les Bleus refont le coup sur le relais !"}]},{"@type":"WebSite","@id":"https:\/\/dicodusport.fr\/blog\/#website","url":"https:\/\/dicodusport.fr\/blog\/","name":"Dicodusport","description":"L&#039;encyclop\u00e9die de l&#039;actualit\u00e9 sportive","publisher":{"@id":"https:\/\/dicodusport.fr\/blog\/#organization"},"potentialAction":[{"@type":"SearchAction","target":{"@type":"EntryPoint","urlTemplate":"https:\/\/dicodusport.fr\/blog\/?s={search_term_string}"},"query-input":{"@type":"PropertyValueSpecification","valueRequired":true,"valueName":"search_term_string"}}],"inLanguage":"fr-FR"},{"@type":"NewsMediaOrganization","@id":"https:\/\/dicodusport.fr\/blog\/#organization","name":"Dicodusport","url":"https:\/\/dicodusport.fr\/blog\/","logo":{"@type":"ImageObject","inLanguage":"fr-FR","@id":"https:\/\/dicodusport.fr\/blog\/#\/schema\/logo\/image\/","url":"https:\/\/dicodusport.fr\/blog\/wp-content\/uploads\/2020\/06\/cropped-LOGO-DICODUSPORT-2020-SANS-FOND-SANS-TEXTE.png","contentUrl":"https:\/\/dicodusport.fr\/blog\/wp-content\/uploads\/2020\/06\/cropped-LOGO-DICODUSPORT-2020-SANS-FOND-SANS-TEXTE.png","width":512,"height":512,"caption":"Dicodusport"},"image":{"@id":"https:\/\/dicodusport.fr\/blog\/#\/schema\/logo\/image\/"},"sameAs":["https:\/\/www.facebook.com\/dicodusport","https:\/\/x.com\/dicodusport","https:\/\/www.instagram.com\/dicodusport\/","https:\/\/www.youtube.com\/channel\/UC7V2KZ5sd3htJivAbA4ZG3w"],"description":"Dicodusport est l'encyclop\u00e9die de l'actualit\u00e9 sportive.","email":"bonjour@dicodusport.fr","legalName":"DICODUSPORT","foundingDate":"2018-01-14","vatID":"FR71834470973","taxID":"83447097300043","numberOfEmployees":{"@type":"QuantitativeValue","minValue":"1","maxValue":"10"}},{"@type":"Person","@id":"https:\/\/dicodusport.fr\/blog\/#\/schema\/person\/cb02af4c173ce4a653b55e9baf388d4a","name":"Flo Ostermann","image":{"@type":"ImageObject","inLanguage":"fr-FR","@id":"https:\/\/dicodusport.fr\/blog\/#\/schema\/person\/image\/","url":"https:\/\/dicodusport.fr\/blog\/wp-content\/uploads\/2021\/05\/Flo-Ostermann-150x150.jpg","contentUrl":"https:\/\/dicodusport.fr\/blog\/wp-content\/uploads\/2021\/05\/Flo-Ostermann-150x150.jpg","caption":"Flo Ostermann"},"description":"Journaliste\/R\u00e9dacteur depuis septembre 2015 - Mes premiers souvenirs dans le sport ? Les envol\u00e9es du Stade Toulousain et les duels Villeneuve-Schumacher et H\u00e4kkinen-Schumacher \u00e0 la fin des ann\u00e9es 90, la Coupe du monde de football en 1998, l\u2019exploit du XV de France face aux All Blacks en 1999, mais aussi Richard C\u0153ur de Lion qui vole sur les montagnes du Tour de France. Bien parti pour devenir professeur d\u2019EPS, les \u00e9v\u00e9nements de la vie (et la flemme d\u2019animer des s\u00e9ances de 3x500 m\u00e8tres toute ma vie) m\u2019ont conduit \u00e0 revoir mes plans. Me voil\u00e0 depuis fin 2017 sur Dicodusport, m\u00e9dia gr\u00e2ce (et pour) lequel je partage ma passion : le sport dans tous ses \u00e9tats. Le tout accompagn\u00e9 par les fous furieux et folles furieuses cit\u00e9s sur cette page !","sameAs":["https:\/\/www.facebook.com\/florent.ostermann","https:\/\/x.com\/https:\/\/twitter.com\/FlOstermann","admin"],"url":"https:\/\/dicodusport.fr\/blog\/author\/flo\/"}]}},"_links":{"self":[{"href":"https:\/\/dicodusport.fr\/blog\/wp-json\/wp\/v2\/posts\/101128","targetHints":{"allow":["GET"]}}],"collection":[{"href":"https:\/\/dicodusport.fr\/blog\/wp-json\/wp\/v2\/posts"}],"about":[{"href":"https:\/\/dicodusport.fr\/blog\/wp-json\/wp\/v2\/types\/post"}],"author":[{"embeddable":true,"href":"https:\/\/dicodusport.fr\/blog\/wp-json\/wp\/v2\/users\/4"}],"replies":[{"embeddable":true,"href":"https:\/\/dicodusport.fr\/blog\/wp-json\/wp\/v2\/comments?post=101128"}],"version-history":[{"count":0,"href":"https:\/\/dicodusport.fr\/blog\/wp-json\/wp\/v2\/posts\/101128\/revisions"}],"wp:featuredmedia":[{"embeddable":true,"href":"https:\/\/dicodusport.fr\/blog\/wp-json\/wp\/v2\/media\/101153"}],"wp:attachment":[{"href":"https:\/\/dicodusport.fr\/blog\/wp-json\/wp\/v2\/media?parent=101128"}],"wp:term":[{"taxonomy":"category","embeddable":true,"href":"https:\/\/dicodusport.fr\/blog\/wp-json\/wp\/v2\/categories?post=101128"},{"taxonomy":"post_tag","embeddable":true,"href":"https:\/\/dicodusport.fr\/blog\/wp-json\/wp\/v2\/tags?post=101128"}],"curies":[{"name":"wp","href":"https:\/\/api.w.org\/{rel}","templated":true}]}}