{"id":101333,"date":"2021-01-24T08:43:15","date_gmt":"2021-01-24T07:43:15","guid":{"rendered":"https:\/\/dicodusport.fr\/blog\/?p=101333&#038;preview=true&#038;preview_id=101333"},"modified":"2021-01-24T08:49:49","modified_gmt":"2021-01-24T07:49:49","slug":"video-ufc-257-dustin-poirier-enorme-ko-a-conor-mcgregor","status":"publish","type":"post","link":"https:\/\/dicodusport.fr\/blog\/video-ufc-257-dustin-poirier-enorme-ko-a-conor-mcgregor\/","title":{"rendered":"[Vid\u00e9o] UFC 257 : Dustin Poirier inflige un \u00e9norme KO \u00e0 Conor McGregor"},"content":{"rendered":"<p style=\"text-align: justify;\"><em><strong>MMA &#8211; L&rsquo;Irlandais Conor McGregor n&rsquo;a rien pu faire pour contrer l&rsquo;Am\u00e9ricain Dustin Poirier lors de l&rsquo;UFC 257. Ce dernier tient sa revanche plus de 6 ans apr\u00e8s leur premier combat.\u00a0<\/strong><\/em><\/p>\n<p style=\"text-align: justify;\">Un an apr\u00e8s son dernier combat, le champion irlandais <strong>Conor McGregor<\/strong> n&rsquo;a m\u00eame pas tenu deux reprises face \u00e0 l&rsquo;Am\u00e9ricain <strong>Dustin Poirier<\/strong>. Un encha\u00eenement de coups de poing fatal \u00e0 <strong>McGregor<\/strong> qui a oblig\u00e9 l&rsquo;arbitre \u00e0 mettre un terme au combat.<\/p>\n<blockquote class=\"twitter-tweet\">\n<p dir=\"ltr\" lang=\"fr\">C\u2019est possible ???&#x1f633; <a href=\"https:\/\/twitter.com\/hashtag\/UFC257?src=hash&amp;ref_src=twsrc%5Etfw\">#UFC257<\/a> <a href=\"https:\/\/t.co\/QWGjCa766T\">pic.twitter.com\/QWGjCa766T<\/a><\/p>\n<p>\u2014 Nks699 (@Noe11039696) <a href=\"https:\/\/twitter.com\/Noe11039696\/status\/1353236658028732416?ref_src=twsrc%5Etfw\">January 24, 2021<\/a><\/p><\/blockquote>\n<p><script async src=\"https:\/\/platform.twitter.com\/widgets.js\" charset=\"utf-8\"><\/script><\/p>\n<ul>\n<li style=\"text-align: justify;\"><strong>\u00c0 lire aussi &#8211; <a href=\"https:\/\/dicodusport.fr\/blog\/video-en-2014-conor-mcgregor-mettait-dustin-poirier-ko-en-2-minutes\/\" target=\"_blank\" rel=\"noopener\">[Vid\u00e9o] En 2014, Conor McGregor mettait Dustin Poirier KO en 2 minutes<\/a><\/strong><\/li>\n<\/ul>\n<p><strong><em>Dicodusport<br \/>\n<a href=\"https:\/\/www.facebook.com\/dicodusport\/\" target=\"_blank\" rel=\"noopener noreferrer\"><img loading=\"lazy\" decoding=\"async\" class=\"alignnone wp-image-2909\" src=\"http:\/\/dicodusport.fr\/blog\/wp-content\/uploads\/2017\/07\/logo-facebook-150x150.png\" alt=\"\" width=\"40\" height=\"40\" \/><\/a><a href=\"https:\/\/twitter.com\/dicodusport\" target=\"_blank\" rel=\"noopener noreferrer\"><img loading=\"lazy\" decoding=\"async\" class=\"alignnone wp-image-2908\" src=\"http:\/\/dicodusport.fr\/blog\/wp-content\/uploads\/2017\/07\/logo-twitter-150x150.png\" alt=\"\" width=\"39\" height=\"39\" \/><\/a><\/em><\/strong><\/p>\n","protected":false},"excerpt":{"rendered":"<p>MMA &#8211; L&rsquo;Irlandais Conor McGregor n&rsquo;a rien pu faire pour contrer l&rsquo;Am\u00e9ricain Dustin Poirier lors de l&rsquo;UFC 257. Ce dernier tient sa revanche plus de 6 ans apr\u00e8s leur premier combat.\u00a0<\/p>\n","protected":false},"author":1,"featured_media":101339,"comment_status":"open","ping_status":"closed","sticky":false,"template":"","format":"standard","meta":{"_acf_changed":false,"_daextam_enable_autolinks":"","footnotes":""},"categories":[10666],"tags":[6205,1222,1224],"class_list":["post-101333","post","type-post","status-publish","format-standard","has-post-thumbnail","hentry","category-mma","tag-conor-mcgregor","tag-mma","tag-ufc"],"acf":[],"yoast_head":"<!-- This site is optimized with the Yoast SEO Premium plugin v26.7 (Yoast SEO v26.7) - https:\/\/yoast.com\/wordpress\/plugins\/seo\/ -->\n<title>[Vid\u00e9o] UFC 257 : Dustin Poirier inflige un \u00e9norme KO \u00e0 Conor McGregor<\/title>\n<meta name=\"description\" content=\"MMA - L&#039;Irlandais Conor McGregor n&#039;a rien pu faire pour contrer l&#039;Am\u00e9ricain Dustin Poirier lors de l&#039;UFC 257. Ce dernier tient sa revanche.\" \/>\n<meta name=\"robots\" content=\"index, follow, max-snippet:-1, max-image-preview:large, max-video-preview:-1\" \/>\n<link rel=\"canonical\" href=\"https:\/\/dicodusport.fr\/blog\/video-ufc-257-dustin-poirier-enorme-ko-a-conor-mcgregor\/\" \/>\n<meta property=\"og:locale\" content=\"fr_FR\" \/>\n<meta property=\"og:type\" content=\"article\" \/>\n<meta property=\"og:title\" content=\"[Vid\u00e9o] UFC 257 : Dustin Poirier inflige un \u00e9norme KO \u00e0 Conor McGregor\" \/>\n<meta property=\"og:description\" content=\"MMA - L&#039;Irlandais Conor McGregor n&#039;a rien pu faire pour contrer l&#039;Am\u00e9ricain Dustin Poirier lors de l&#039;UFC 257. Ce dernier tient sa revanche.\" \/>\n<meta property=\"og:url\" content=\"https:\/\/dicodusport.fr\/blog\/video-ufc-257-dustin-poirier-enorme-ko-a-conor-mcgregor\/\" \/>\n<meta property=\"og:site_name\" content=\"Dicodusport\" \/>\n<meta property=\"article:publisher\" content=\"https:\/\/www.facebook.com\/dicodusport\" \/>\n<meta property=\"article:author\" content=\"https:\/\/www.facebook.com\/dicodusport\" \/>\n<meta property=\"article:published_time\" content=\"2021-01-24T07:43:15+00:00\" \/>\n<meta property=\"article:modified_time\" content=\"2021-01-24T07:49:49+00:00\" \/>\n<meta property=\"og:image\" content=\"https:\/\/dicodusport.fr\/blog\/wp-content\/uploads\/2021\/01\/Video-UFC-257-Dustin-Poirier-inflige-un-enorme-KO-a-Conor-McGregor.png\" \/>\n\t<meta property=\"og:image:width\" content=\"800\" \/>\n\t<meta property=\"og:image:height\" content=\"445\" \/>\n\t<meta property=\"og:image:type\" content=\"image\/png\" \/>\n<meta name=\"author\" content=\"Nicolas Jacquemard\" \/>\n<meta name=\"twitter:card\" content=\"summary_large_image\" \/>\n<meta name=\"twitter:title\" content=\"[Vid\u00e9o] UFC 257 : Dustin Poirier inflige un \u00e9norme KO \u00e0 Conor McGregor\" \/>\n<meta name=\"twitter:creator\" content=\"@https:\/\/twitter.com\/Nico_Jacquemard\" \/>\n<meta name=\"twitter:site\" content=\"@dicodusport\" \/>\n<script type=\"application\/ld+json\" class=\"yoast-schema-graph\">{\"@context\":\"https:\/\/schema.org\",\"@graph\":[{\"@type\":\"NewsArticle\",\"@id\":\"https:\/\/dicodusport.fr\/blog\/video-ufc-257-dustin-poirier-enorme-ko-a-conor-mcgregor\/#article\",\"isPartOf\":{\"@id\":\"https:\/\/dicodusport.fr\/blog\/video-ufc-257-dustin-poirier-enorme-ko-a-conor-mcgregor\/\"},\"author\":{\"name\":\"Nicolas Jacquemard\",\"@id\":\"https:\/\/dicodusport.fr\/blog\/#\/schema\/person\/55dcb50ad410894e431ed812bbb70191\"},\"headline\":\"[Vid\u00e9o] UFC 257 : Dustin Poirier inflige un \u00e9norme KO \u00e0 Conor McGregor\",\"datePublished\":\"2021-01-24T07:43:15+00:00\",\"dateModified\":\"2021-01-24T07:49:49+00:00\",\"mainEntityOfPage\":{\"@id\":\"https:\/\/dicodusport.fr\/blog\/video-ufc-257-dustin-poirier-enorme-ko-a-conor-mcgregor\/\"},\"wordCount\":120,\"commentCount\":0,\"publisher\":{\"@id\":\"https:\/\/dicodusport.fr\/blog\/#organization\"},\"image\":{\"@id\":\"https:\/\/dicodusport.fr\/blog\/video-ufc-257-dustin-poirier-enorme-ko-a-conor-mcgregor\/#primaryimage\"},\"thumbnailUrl\":\"https:\/\/dicodusport.fr\/blog\/wp-content\/uploads\/2021\/01\/Video-UFC-257-Dustin-Poirier-inflige-un-enorme-KO-a-Conor-McGregor.png\",\"keywords\":[\"Conor McGregor\",\"MMA\",\"UFC\"],\"articleSection\":[\"MMA\"],\"inLanguage\":\"fr-FR\",\"potentialAction\":[{\"@type\":\"CommentAction\",\"name\":\"Comment\",\"target\":[\"https:\/\/dicodusport.fr\/blog\/video-ufc-257-dustin-poirier-enorme-ko-a-conor-mcgregor\/#respond\"]}],\"copyrightYear\":\"2021\",\"copyrightHolder\":{\"@id\":\"https:\/\/dicodusport.fr\/blog\/#organization\"}},{\"@type\":\"WebPage\",\"@id\":\"https:\/\/dicodusport.fr\/blog\/video-ufc-257-dustin-poirier-enorme-ko-a-conor-mcgregor\/\",\"url\":\"https:\/\/dicodusport.fr\/blog\/video-ufc-257-dustin-poirier-enorme-ko-a-conor-mcgregor\/\",\"name\":\"[Vid\u00e9o] UFC 257 : Dustin Poirier inflige un \u00e9norme KO \u00e0 Conor McGregor\",\"isPartOf\":{\"@id\":\"https:\/\/dicodusport.fr\/blog\/#website\"},\"primaryImageOfPage\":{\"@id\":\"https:\/\/dicodusport.fr\/blog\/video-ufc-257-dustin-poirier-enorme-ko-a-conor-mcgregor\/#primaryimage\"},\"image\":{\"@id\":\"https:\/\/dicodusport.fr\/blog\/video-ufc-257-dustin-poirier-enorme-ko-a-conor-mcgregor\/#primaryimage\"},\"thumbnailUrl\":\"https:\/\/dicodusport.fr\/blog\/wp-content\/uploads\/2021\/01\/Video-UFC-257-Dustin-Poirier-inflige-un-enorme-KO-a-Conor-McGregor.png\",\"datePublished\":\"2021-01-24T07:43:15+00:00\",\"dateModified\":\"2021-01-24T07:49:49+00:00\",\"description\":\"MMA - L'Irlandais Conor McGregor n'a rien pu faire pour contrer l'Am\u00e9ricain Dustin Poirier lors de l'UFC 257. Ce dernier tient sa revanche.\",\"breadcrumb\":{\"@id\":\"https:\/\/dicodusport.fr\/blog\/video-ufc-257-dustin-poirier-enorme-ko-a-conor-mcgregor\/#breadcrumb\"},\"inLanguage\":\"fr-FR\",\"potentialAction\":[{\"@type\":\"ReadAction\",\"target\":[\"https:\/\/dicodusport.fr\/blog\/video-ufc-257-dustin-poirier-enorme-ko-a-conor-mcgregor\/\"]}]},{\"@type\":\"ImageObject\",\"inLanguage\":\"fr-FR\",\"@id\":\"https:\/\/dicodusport.fr\/blog\/video-ufc-257-dustin-poirier-enorme-ko-a-conor-mcgregor\/#primaryimage\",\"url\":\"https:\/\/dicodusport.fr\/blog\/wp-content\/uploads\/2021\/01\/Video-UFC-257-Dustin-Poirier-inflige-un-enorme-KO-a-Conor-McGregor.png\",\"contentUrl\":\"https:\/\/dicodusport.fr\/blog\/wp-content\/uploads\/2021\/01\/Video-UFC-257-Dustin-Poirier-inflige-un-enorme-KO-a-Conor-McGregor.png\",\"width\":800,\"height\":445,\"caption\":\"[Vid\u00e9o] UFC 257 - Dustin Poirier inflige un \u00e9norme KO \u00e0 Conor McGregor\"},{\"@type\":\"BreadcrumbList\",\"@id\":\"https:\/\/dicodusport.fr\/blog\/video-ufc-257-dustin-poirier-enorme-ko-a-conor-mcgregor\/#breadcrumb\",\"itemListElement\":[{\"@type\":\"ListItem\",\"position\":1,\"name\":\"Accueil\",\"item\":\"https:\/\/dicodusport.fr\/blog\/\"},{\"@type\":\"ListItem\",\"position\":2,\"name\":\"[Vid\u00e9o] UFC 257 : Dustin Poirier inflige un \u00e9norme KO \u00e0 Conor McGregor\"}]},{\"@type\":\"WebSite\",\"@id\":\"https:\/\/dicodusport.fr\/blog\/#website\",\"url\":\"https:\/\/dicodusport.fr\/blog\/\",\"name\":\"Dicodusport\",\"description\":\"L&#039;encyclop\u00e9die de l&#039;actualit\u00e9 sportive\",\"publisher\":{\"@id\":\"https:\/\/dicodusport.fr\/blog\/#organization\"},\"potentialAction\":[{\"@type\":\"SearchAction\",\"target\":{\"@type\":\"EntryPoint\",\"urlTemplate\":\"https:\/\/dicodusport.fr\/blog\/?s={search_term_string}\"},\"query-input\":{\"@type\":\"PropertyValueSpecification\",\"valueRequired\":true,\"valueName\":\"search_term_string\"}}],\"inLanguage\":\"fr-FR\"},{\"@type\":\"NewsMediaOrganization\",\"@id\":\"https:\/\/dicodusport.fr\/blog\/#organization\",\"name\":\"Dicodusport\",\"url\":\"https:\/\/dicodusport.fr\/blog\/\",\"logo\":{\"@type\":\"ImageObject\",\"inLanguage\":\"fr-FR\",\"@id\":\"https:\/\/dicodusport.fr\/blog\/#\/schema\/logo\/image\/\",\"url\":\"https:\/\/dicodusport.fr\/blog\/wp-content\/uploads\/2020\/06\/cropped-LOGO-DICODUSPORT-2020-SANS-FOND-SANS-TEXTE.png\",\"contentUrl\":\"https:\/\/dicodusport.fr\/blog\/wp-content\/uploads\/2020\/06\/cropped-LOGO-DICODUSPORT-2020-SANS-FOND-SANS-TEXTE.png\",\"width\":512,\"height\":512,\"caption\":\"Dicodusport\"},\"image\":{\"@id\":\"https:\/\/dicodusport.fr\/blog\/#\/schema\/logo\/image\/\"},\"sameAs\":[\"https:\/\/www.facebook.com\/dicodusport\",\"https:\/\/x.com\/dicodusport\",\"https:\/\/www.instagram.com\/dicodusport\/\",\"https:\/\/www.youtube.com\/channel\/UC7V2KZ5sd3htJivAbA4ZG3w\"],\"description\":\"Dicodusport est l'encyclop\u00e9die de l'actualit\u00e9 sportive.\",\"email\":\"bonjour@dicodusport.fr\",\"legalName\":\"DICODUSPORT\",\"foundingDate\":\"2018-01-14\",\"vatID\":\"FR71834470973\",\"taxID\":\"83447097300043\",\"numberOfEmployees\":{\"@type\":\"QuantitativeValue\",\"minValue\":\"1\",\"maxValue\":\"10\"}},{\"@type\":\"Person\",\"@id\":\"https:\/\/dicodusport.fr\/blog\/#\/schema\/person\/55dcb50ad410894e431ed812bbb70191\",\"name\":\"Nicolas Jacquemard\",\"image\":{\"@type\":\"ImageObject\",\"inLanguage\":\"fr-FR\",\"@id\":\"https:\/\/dicodusport.fr\/blog\/#\/schema\/person\/image\/\",\"url\":\"https:\/\/dicodusport.fr\/blog\/wp-content\/uploads\/2021\/05\/Nicolas-Jacquemard-150x150.jpeg\",\"contentUrl\":\"https:\/\/dicodusport.fr\/blog\/wp-content\/uploads\/2021\/05\/Nicolas-Jacquemard-150x150.jpeg\",\"caption\":\"Nicolas Jacquemard\"},\"description\":\"Passionn\u00e9 de sport et entrepreneur depuis mes 18 ans, la cr\u00e9ation de Dicodusport m'a sembl\u00e9 \u00e9vidente pour participer \u00e0 la m\u00e9diatisation d'un plus grand nombre de sports. Le chemin est long mais avec une \u00e9quipe des plus motiv\u00e9es et les Jeux Olympiques de Paris 2024 en point de mire, nous y arriverons ! Journaliste dans le monde du sport depuis plus de 5 ans, je traite aussi bien de football, de rugby, de biathlon que de cyclisme.\",\"sameAs\":[\"https:\/\/www.facebook.com\/dicodusport\",\"https:\/\/x.com\/https:\/\/twitter.com\/Nico_Jacquemard\"],\"url\":\"https:\/\/dicodusport.fr\/blog\/author\/dicodusport\/\"}]}<\/script>\n<!-- \/ Yoast SEO Premium plugin. -->","yoast_head_json":{"title":"[Vid\u00e9o] UFC 257 : Dustin Poirier inflige un \u00e9norme KO \u00e0 Conor McGregor","description":"MMA - L'Irlandais Conor McGregor n'a rien pu faire pour contrer l'Am\u00e9ricain Dustin Poirier lors de l'UFC 257. Ce dernier tient sa revanche.","robots":{"index":"index","follow":"follow","max-snippet":"max-snippet:-1","max-image-preview":"max-image-preview:large","max-video-preview":"max-video-preview:-1"},"canonical":"https:\/\/dicodusport.fr\/blog\/video-ufc-257-dustin-poirier-enorme-ko-a-conor-mcgregor\/","og_locale":"fr_FR","og_type":"article","og_title":"[Vid\u00e9o] UFC 257 : Dustin Poirier inflige un \u00e9norme KO \u00e0 Conor McGregor","og_description":"MMA - L'Irlandais Conor McGregor n'a rien pu faire pour contrer l'Am\u00e9ricain Dustin Poirier lors de l'UFC 257. Ce dernier tient sa revanche.","og_url":"https:\/\/dicodusport.fr\/blog\/video-ufc-257-dustin-poirier-enorme-ko-a-conor-mcgregor\/","og_site_name":"Dicodusport","article_publisher":"https:\/\/www.facebook.com\/dicodusport","article_author":"https:\/\/www.facebook.com\/dicodusport","article_published_time":"2021-01-24T07:43:15+00:00","article_modified_time":"2021-01-24T07:49:49+00:00","og_image":[{"width":800,"height":445,"url":"https:\/\/dicodusport.fr\/blog\/wp-content\/uploads\/2021\/01\/Video-UFC-257-Dustin-Poirier-inflige-un-enorme-KO-a-Conor-McGregor.png","type":"image\/png"}],"author":"Nicolas Jacquemard","twitter_card":"summary_large_image","twitter_title":"[Vid\u00e9o] UFC 257 : Dustin Poirier inflige un \u00e9norme KO \u00e0 Conor McGregor","twitter_creator":"@https:\/\/twitter.com\/Nico_Jacquemard","twitter_site":"@dicodusport","schema":{"@context":"https:\/\/schema.org","@graph":[{"@type":"NewsArticle","@id":"https:\/\/dicodusport.fr\/blog\/video-ufc-257-dustin-poirier-enorme-ko-a-conor-mcgregor\/#article","isPartOf":{"@id":"https:\/\/dicodusport.fr\/blog\/video-ufc-257-dustin-poirier-enorme-ko-a-conor-mcgregor\/"},"author":{"name":"Nicolas Jacquemard","@id":"https:\/\/dicodusport.fr\/blog\/#\/schema\/person\/55dcb50ad410894e431ed812bbb70191"},"headline":"[Vid\u00e9o] UFC 257 : Dustin Poirier inflige un \u00e9norme KO \u00e0 Conor McGregor","datePublished":"2021-01-24T07:43:15+00:00","dateModified":"2021-01-24T07:49:49+00:00","mainEntityOfPage":{"@id":"https:\/\/dicodusport.fr\/blog\/video-ufc-257-dustin-poirier-enorme-ko-a-conor-mcgregor\/"},"wordCount":120,"commentCount":0,"publisher":{"@id":"https:\/\/dicodusport.fr\/blog\/#organization"},"image":{"@id":"https:\/\/dicodusport.fr\/blog\/video-ufc-257-dustin-poirier-enorme-ko-a-conor-mcgregor\/#primaryimage"},"thumbnailUrl":"https:\/\/dicodusport.fr\/blog\/wp-content\/uploads\/2021\/01\/Video-UFC-257-Dustin-Poirier-inflige-un-enorme-KO-a-Conor-McGregor.png","keywords":["Conor McGregor","MMA","UFC"],"articleSection":["MMA"],"inLanguage":"fr-FR","potentialAction":[{"@type":"CommentAction","name":"Comment","target":["https:\/\/dicodusport.fr\/blog\/video-ufc-257-dustin-poirier-enorme-ko-a-conor-mcgregor\/#respond"]}],"copyrightYear":"2021","copyrightHolder":{"@id":"https:\/\/dicodusport.fr\/blog\/#organization"}},{"@type":"WebPage","@id":"https:\/\/dicodusport.fr\/blog\/video-ufc-257-dustin-poirier-enorme-ko-a-conor-mcgregor\/","url":"https:\/\/dicodusport.fr\/blog\/video-ufc-257-dustin-poirier-enorme-ko-a-conor-mcgregor\/","name":"[Vid\u00e9o] UFC 257 : Dustin Poirier inflige un \u00e9norme KO \u00e0 Conor McGregor","isPartOf":{"@id":"https:\/\/dicodusport.fr\/blog\/#website"},"primaryImageOfPage":{"@id":"https:\/\/dicodusport.fr\/blog\/video-ufc-257-dustin-poirier-enorme-ko-a-conor-mcgregor\/#primaryimage"},"image":{"@id":"https:\/\/dicodusport.fr\/blog\/video-ufc-257-dustin-poirier-enorme-ko-a-conor-mcgregor\/#primaryimage"},"thumbnailUrl":"https:\/\/dicodusport.fr\/blog\/wp-content\/uploads\/2021\/01\/Video-UFC-257-Dustin-Poirier-inflige-un-enorme-KO-a-Conor-McGregor.png","datePublished":"2021-01-24T07:43:15+00:00","dateModified":"2021-01-24T07:49:49+00:00","description":"MMA - L'Irlandais Conor McGregor n'a rien pu faire pour contrer l'Am\u00e9ricain Dustin Poirier lors de l'UFC 257. Ce dernier tient sa revanche.","breadcrumb":{"@id":"https:\/\/dicodusport.fr\/blog\/video-ufc-257-dustin-poirier-enorme-ko-a-conor-mcgregor\/#breadcrumb"},"inLanguage":"fr-FR","potentialAction":[{"@type":"ReadAction","target":["https:\/\/dicodusport.fr\/blog\/video-ufc-257-dustin-poirier-enorme-ko-a-conor-mcgregor\/"]}]},{"@type":"ImageObject","inLanguage":"fr-FR","@id":"https:\/\/dicodusport.fr\/blog\/video-ufc-257-dustin-poirier-enorme-ko-a-conor-mcgregor\/#primaryimage","url":"https:\/\/dicodusport.fr\/blog\/wp-content\/uploads\/2021\/01\/Video-UFC-257-Dustin-Poirier-inflige-un-enorme-KO-a-Conor-McGregor.png","contentUrl":"https:\/\/dicodusport.fr\/blog\/wp-content\/uploads\/2021\/01\/Video-UFC-257-Dustin-Poirier-inflige-un-enorme-KO-a-Conor-McGregor.png","width":800,"height":445,"caption":"[Vid\u00e9o] UFC 257 - Dustin Poirier inflige un \u00e9norme KO \u00e0 Conor McGregor"},{"@type":"BreadcrumbList","@id":"https:\/\/dicodusport.fr\/blog\/video-ufc-257-dustin-poirier-enorme-ko-a-conor-mcgregor\/#breadcrumb","itemListElement":[{"@type":"ListItem","position":1,"name":"Accueil","item":"https:\/\/dicodusport.fr\/blog\/"},{"@type":"ListItem","position":2,"name":"[Vid\u00e9o] UFC 257 : Dustin Poirier inflige un \u00e9norme KO \u00e0 Conor McGregor"}]},{"@type":"WebSite","@id":"https:\/\/dicodusport.fr\/blog\/#website","url":"https:\/\/dicodusport.fr\/blog\/","name":"Dicodusport","description":"L&#039;encyclop\u00e9die de l&#039;actualit\u00e9 sportive","publisher":{"@id":"https:\/\/dicodusport.fr\/blog\/#organization"},"potentialAction":[{"@type":"SearchAction","target":{"@type":"EntryPoint","urlTemplate":"https:\/\/dicodusport.fr\/blog\/?s={search_term_string}"},"query-input":{"@type":"PropertyValueSpecification","valueRequired":true,"valueName":"search_term_string"}}],"inLanguage":"fr-FR"},{"@type":"NewsMediaOrganization","@id":"https:\/\/dicodusport.fr\/blog\/#organization","name":"Dicodusport","url":"https:\/\/dicodusport.fr\/blog\/","logo":{"@type":"ImageObject","inLanguage":"fr-FR","@id":"https:\/\/dicodusport.fr\/blog\/#\/schema\/logo\/image\/","url":"https:\/\/dicodusport.fr\/blog\/wp-content\/uploads\/2020\/06\/cropped-LOGO-DICODUSPORT-2020-SANS-FOND-SANS-TEXTE.png","contentUrl":"https:\/\/dicodusport.fr\/blog\/wp-content\/uploads\/2020\/06\/cropped-LOGO-DICODUSPORT-2020-SANS-FOND-SANS-TEXTE.png","width":512,"height":512,"caption":"Dicodusport"},"image":{"@id":"https:\/\/dicodusport.fr\/blog\/#\/schema\/logo\/image\/"},"sameAs":["https:\/\/www.facebook.com\/dicodusport","https:\/\/x.com\/dicodusport","https:\/\/www.instagram.com\/dicodusport\/","https:\/\/www.youtube.com\/channel\/UC7V2KZ5sd3htJivAbA4ZG3w"],"description":"Dicodusport est l'encyclop\u00e9die de l'actualit\u00e9 sportive.","email":"bonjour@dicodusport.fr","legalName":"DICODUSPORT","foundingDate":"2018-01-14","vatID":"FR71834470973","taxID":"83447097300043","numberOfEmployees":{"@type":"QuantitativeValue","minValue":"1","maxValue":"10"}},{"@type":"Person","@id":"https:\/\/dicodusport.fr\/blog\/#\/schema\/person\/55dcb50ad410894e431ed812bbb70191","name":"Nicolas Jacquemard","image":{"@type":"ImageObject","inLanguage":"fr-FR","@id":"https:\/\/dicodusport.fr\/blog\/#\/schema\/person\/image\/","url":"https:\/\/dicodusport.fr\/blog\/wp-content\/uploads\/2021\/05\/Nicolas-Jacquemard-150x150.jpeg","contentUrl":"https:\/\/dicodusport.fr\/blog\/wp-content\/uploads\/2021\/05\/Nicolas-Jacquemard-150x150.jpeg","caption":"Nicolas Jacquemard"},"description":"Passionn\u00e9 de sport et entrepreneur depuis mes 18 ans, la cr\u00e9ation de Dicodusport m'a sembl\u00e9 \u00e9vidente pour participer \u00e0 la m\u00e9diatisation d'un plus grand nombre de sports. Le chemin est long mais avec une \u00e9quipe des plus motiv\u00e9es et les Jeux Olympiques de Paris 2024 en point de mire, nous y arriverons ! Journaliste dans le monde du sport depuis plus de 5 ans, je traite aussi bien de football, de rugby, de biathlon que de cyclisme.","sameAs":["https:\/\/www.facebook.com\/dicodusport","https:\/\/x.com\/https:\/\/twitter.com\/Nico_Jacquemard"],"url":"https:\/\/dicodusport.fr\/blog\/author\/dicodusport\/"}]}},"_links":{"self":[{"href":"https:\/\/dicodusport.fr\/blog\/wp-json\/wp\/v2\/posts\/101333","targetHints":{"allow":["GET"]}}],"collection":[{"href":"https:\/\/dicodusport.fr\/blog\/wp-json\/wp\/v2\/posts"}],"about":[{"href":"https:\/\/dicodusport.fr\/blog\/wp-json\/wp\/v2\/types\/post"}],"author":[{"embeddable":true,"href":"https:\/\/dicodusport.fr\/blog\/wp-json\/wp\/v2\/users\/1"}],"replies":[{"embeddable":true,"href":"https:\/\/dicodusport.fr\/blog\/wp-json\/wp\/v2\/comments?post=101333"}],"version-history":[{"count":0,"href":"https:\/\/dicodusport.fr\/blog\/wp-json\/wp\/v2\/posts\/101333\/revisions"}],"wp:featuredmedia":[{"embeddable":true,"href":"https:\/\/dicodusport.fr\/blog\/wp-json\/wp\/v2\/media\/101339"}],"wp:attachment":[{"href":"https:\/\/dicodusport.fr\/blog\/wp-json\/wp\/v2\/media?parent=101333"}],"wp:term":[{"taxonomy":"category","embeddable":true,"href":"https:\/\/dicodusport.fr\/blog\/wp-json\/wp\/v2\/categories?post=101333"},{"taxonomy":"post_tag","embeddable":true,"href":"https:\/\/dicodusport.fr\/blog\/wp-json\/wp\/v2\/tags?post=101333"}],"curies":[{"name":"wp","href":"https:\/\/api.w.org\/{rel}","templated":true}]}}