{"id":101417,"date":"2021-01-24T14:36:53","date_gmt":"2021-01-24T13:36:53","guid":{"rendered":"https:\/\/dicodusport.fr\/blog\/?p=101417&#038;preview=true&#038;preview_id=101417"},"modified":"2021-01-24T15:43:33","modified_gmt":"2021-01-24T14:43:33","slug":"coupe-du-monde-cyclo-cross-ceylin-alvarado-s-impose-a-overijse-general-pour-brand","status":"publish","type":"post","link":"https:\/\/dicodusport.fr\/blog\/coupe-du-monde-cyclo-cross-ceylin-alvarado-s-impose-a-overijse-general-pour-brand\/","title":{"rendered":"Coupe du monde de cyclo-cross : Ceylin Alvarado s&rsquo;impose \u00e0 Overijse, le g\u00e9n\u00e9ral pour Brand"},"content":{"rendered":"<p style=\"text-align: justify;\"><em><b><a href=\"https:\/\/dicodusport.fr\/blog\/actualites\/cyclisme\/cyclo-cross\/\" target=\"_blank\" rel=\"noopener\">CYCLO-CROSS<\/a> &#8211; Imp\u00e9riale durant les cinq tours, la N\u00e9erlandaise Ceylin Alvarado a remport\u00e9 ce dimanche la 5\u00e8me et derni\u00e8re manche de Coupe du monde \u00e0 Overijse (Belgique). Deuxi\u00e8me, sa compatriote Lucinda Brand rafle le classement g\u00e9n\u00e9ral.<\/b><\/em><\/p>\n<p style=\"text-align: justify;\">Elle \u00e9tait intouchable ce dimanche. <strong>Ceylin Alvarado<\/strong> (Alpecin-Fenix) a enlev\u00e9 la 5\u00e8me et derni\u00e8re manche de la Coupe du monde, sur le circuit mythique d&rsquo;Overijse (Belgique). Seule en t\u00eate apr\u00e8s trois tours, la championne du monde en titre a ensuite vu revenir, dans un second temps, sa grande rivale <strong>Lucinda Brand<\/strong> (Baloise Trek Lions). Mais cette derni\u00e8re a finalement l\u00e2ch\u00e9 la roue d&rsquo;Alvarado dans le dernier tour, au moment du dernier changement de v\u00e9lo des deux N\u00e9erlandaises, mieux g\u00e9r\u00e9 par la coureuse d&rsquo;Alpecin-Fenix.<\/p>\n<p style=\"text-align: justify;\">Sur la ligne, <strong>Alvarado<\/strong> devan\u00e7ait <strong>Brand<\/strong> de 20 secondes, d\u00e9crochant sa deuxi\u00e8me victoire du week-end apr\u00e8s celle d\u00e9croch\u00e9e hier sur le Flandriencross. <strong>Lucinda Brand<\/strong>, elle, se console avec le classement g\u00e9n\u00e9ral de la Coupe du monde. Le deux rivales ont pris rendez-vous pour les Mondiaux d&rsquo;Ostende (Belgique), le week-end prochain.<\/p>\n<blockquote class=\"twitter-tweet\">\n<p dir=\"ltr\" lang=\"en\">The World Champion Ceylin Alvarado, wins in Overijse! <a href=\"https:\/\/twitter.com\/lucinda_brand?ref_src=twsrc%5Etfw\">@lucinda_brand<\/a> Brand finishes &#x1f948;, but wins the <a href=\"https:\/\/twitter.com\/hashtag\/CXWorldCup?src=hash&amp;ref_src=twsrc%5Etfw\">#CXWorldCup<\/a>. Manon Bakker takes &#x1f949;! <a href=\"https:\/\/t.co\/jhOGD0FBZe\">pic.twitter.com\/jhOGD0FBZe<\/a><\/p>\n<p>\u2014 UCI Cyclo-cross World Cup (@UCIcyclocrossWC) <a href=\"https:\/\/twitter.com\/UCIcyclocrossWC\/status\/1353335038289571841?ref_src=twsrc%5Etfw\">January 24, 2021<\/a><\/p><\/blockquote>\n<p><script async src=\"https:\/\/platform.twitter.com\/widgets.js\" charset=\"utf-8\"><\/script><\/p>\n<h2 style=\"text-align: justify;\">\u00c0 lire aussi<\/h2>\n<ul>\n<li><a href=\"https:\/\/dicodusport.fr\/blog\/cyclo-cross-coupe-du-monde-overijse-classement-course-femmes\/\" target=\"_blank\" rel=\"noopener\"><strong>Coupe du monde d\u2019Overijse : le classement de la course femmes<\/strong><\/a><\/li>\n<\/ul>\n<p><strong><em>Dicodusport<br \/>\n<a href=\"https:\/\/www.facebook.com\/dicodusport\/\" target=\"_blank\" rel=\"noopener noreferrer\"><img loading=\"lazy\" decoding=\"async\" class=\"alignnone wp-image-2909\" src=\"http:\/\/dicodusport.fr\/blog\/wp-content\/uploads\/2017\/07\/logo-facebook-150x150.png\" alt=\"\" width=\"40\" height=\"40\" \/><\/a><a href=\"https:\/\/twitter.com\/dicodusport\" target=\"_blank\" rel=\"noopener noreferrer\"><img loading=\"lazy\" decoding=\"async\" class=\"alignnone wp-image-2908\" src=\"http:\/\/dicodusport.fr\/blog\/wp-content\/uploads\/2017\/07\/logo-twitter-150x150.png\" alt=\"\" width=\"39\" height=\"39\" \/><\/a><\/em><\/strong><\/p>\n","protected":false},"excerpt":{"rendered":"<p>CYCLO-CROSS &#8211; Imp\u00e9riale durant les cinq tours, la N\u00e9erlandaise Ceylin Alvarado a remport\u00e9 ce dimanche la 5\u00e8me et derni\u00e8re manche de Coupe du monde \u00e0 Overijse (Belgique). Deuxi\u00e8me, sa compatriote Lucinda Brand rafle le classement g\u00e9n\u00e9ral.<\/p>\n","protected":false},"author":4,"featured_media":101432,"comment_status":"open","ping_status":"closed","sticky":false,"template":"","format":"standard","meta":{"_acf_changed":false,"_daextam_enable_autolinks":"","footnotes":""},"categories":[9611],"tags":[6666,13838],"class_list":["post-101417","post","type-post","status-publish","format-standard","has-post-thumbnail","hentry","category-cyclo-cross","tag-cyclo-cross","tag-cyclo-cross-overijse"],"acf":[],"yoast_head":"<!-- This site is optimized with the Yoast SEO Premium plugin v26.7 (Yoast SEO v26.7) - https:\/\/yoast.com\/wordpress\/plugins\/seo\/ -->\n<title>Coupe du monde de cyclo-cross : Ceylin Alvarado s&#039;impose \u00e0 Overijse, le g\u00e9n\u00e9ral pour Brand<\/title>\n<meta name=\"description\" content=\"CYCLO-CROSS - Ceylin Alvarado a remport\u00e9 ce dimanche la 5\u00e8me et derni\u00e8re manche de Coupe du monde \u00e0 Overijse (Belgique). Lucinda Brand rafle le classement g\u00e9n\u00e9ral.\" \/>\n<meta name=\"robots\" content=\"index, follow, max-snippet:-1, max-image-preview:large, max-video-preview:-1\" \/>\n<link rel=\"canonical\" href=\"https:\/\/dicodusport.fr\/blog\/coupe-du-monde-cyclo-cross-ceylin-alvarado-s-impose-a-overijse-general-pour-brand\/\" \/>\n<meta property=\"og:locale\" content=\"fr_FR\" \/>\n<meta property=\"og:type\" content=\"article\" \/>\n<meta property=\"og:title\" content=\"Coupe du monde de cyclo-cross : Alvarado s&#039;impose \u00e0 Overijse, le g\u00e9n\u00e9ral pour Brand\" \/>\n<meta property=\"og:description\" content=\"CYCLO-CROSS - Ceylin Alvarado a remport\u00e9 ce dimanche la 5\u00e8me et derni\u00e8re manche de Coupe du monde \u00e0 Overijse (Belgique). Lucinda Brand rafle le classement g\u00e9n\u00e9ral.\" \/>\n<meta property=\"og:url\" content=\"https:\/\/dicodusport.fr\/blog\/coupe-du-monde-cyclo-cross-ceylin-alvarado-s-impose-a-overijse-general-pour-brand\/\" \/>\n<meta property=\"og:site_name\" content=\"Dicodusport\" \/>\n<meta property=\"article:publisher\" content=\"https:\/\/www.facebook.com\/dicodusport\" \/>\n<meta property=\"article:author\" content=\"https:\/\/www.facebook.com\/florent.ostermann\" \/>\n<meta property=\"article:published_time\" content=\"2021-01-24T13:36:53+00:00\" \/>\n<meta property=\"article:modified_time\" content=\"2021-01-24T14:43:33+00:00\" \/>\n<meta property=\"og:image\" content=\"https:\/\/dicodusport.fr\/blog\/wp-content\/uploads\/2021\/01\/Coupe-du-monde-de-cyclo-cross-Ceylin-Alvarado-simpose-a-Overijse-le-general-pour-Brand.png\" \/>\n\t<meta property=\"og:image:width\" content=\"800\" \/>\n\t<meta property=\"og:image:height\" content=\"445\" \/>\n\t<meta property=\"og:image:type\" content=\"image\/png\" \/>\n<meta name=\"author\" content=\"Flo Ostermann\" \/>\n<meta name=\"twitter:card\" content=\"summary_large_image\" \/>\n<meta name=\"twitter:title\" content=\"Coupe du monde de cyclo-cross : Alvarado s&#039;impose \u00e0 Overijse, le g\u00e9n\u00e9ral pour Brand\" \/>\n<meta name=\"twitter:creator\" content=\"@https:\/\/twitter.com\/FlOstermann\" \/>\n<meta name=\"twitter:site\" content=\"@dicodusport\" \/>\n<script type=\"application\/ld+json\" class=\"yoast-schema-graph\">{\"@context\":\"https:\/\/schema.org\",\"@graph\":[{\"@type\":\"NewsArticle\",\"@id\":\"https:\/\/dicodusport.fr\/blog\/coupe-du-monde-cyclo-cross-ceylin-alvarado-s-impose-a-overijse-general-pour-brand\/#article\",\"isPartOf\":{\"@id\":\"https:\/\/dicodusport.fr\/blog\/coupe-du-monde-cyclo-cross-ceylin-alvarado-s-impose-a-overijse-general-pour-brand\/\"},\"author\":{\"name\":\"Flo Ostermann\",\"@id\":\"https:\/\/dicodusport.fr\/blog\/#\/schema\/person\/cb02af4c173ce4a653b55e9baf388d4a\"},\"headline\":\"Coupe du monde de cyclo-cross : Ceylin Alvarado s&rsquo;impose \u00e0 Overijse, le g\u00e9n\u00e9ral pour Brand\",\"datePublished\":\"2021-01-24T13:36:53+00:00\",\"dateModified\":\"2021-01-24T14:43:33+00:00\",\"mainEntityOfPage\":{\"@id\":\"https:\/\/dicodusport.fr\/blog\/coupe-du-monde-cyclo-cross-ceylin-alvarado-s-impose-a-overijse-general-pour-brand\/\"},\"wordCount\":257,\"commentCount\":0,\"publisher\":{\"@id\":\"https:\/\/dicodusport.fr\/blog\/#organization\"},\"image\":{\"@id\":\"https:\/\/dicodusport.fr\/blog\/coupe-du-monde-cyclo-cross-ceylin-alvarado-s-impose-a-overijse-general-pour-brand\/#primaryimage\"},\"thumbnailUrl\":\"https:\/\/dicodusport.fr\/blog\/wp-content\/uploads\/2021\/01\/Coupe-du-monde-de-cyclo-cross-Ceylin-Alvarado-simpose-a-Overijse-le-general-pour-Brand.png\",\"keywords\":[\"Cyclo-cross\",\"Cyclo-cross Overijse\"],\"articleSection\":[\"Cyclo-cross\"],\"inLanguage\":\"fr-FR\",\"potentialAction\":[{\"@type\":\"CommentAction\",\"name\":\"Comment\",\"target\":[\"https:\/\/dicodusport.fr\/blog\/coupe-du-monde-cyclo-cross-ceylin-alvarado-s-impose-a-overijse-general-pour-brand\/#respond\"]}],\"copyrightYear\":\"2021\",\"copyrightHolder\":{\"@id\":\"https:\/\/dicodusport.fr\/blog\/#organization\"}},{\"@type\":\"WebPage\",\"@id\":\"https:\/\/dicodusport.fr\/blog\/coupe-du-monde-cyclo-cross-ceylin-alvarado-s-impose-a-overijse-general-pour-brand\/\",\"url\":\"https:\/\/dicodusport.fr\/blog\/coupe-du-monde-cyclo-cross-ceylin-alvarado-s-impose-a-overijse-general-pour-brand\/\",\"name\":\"Coupe du monde de cyclo-cross : Ceylin Alvarado s'impose \u00e0 Overijse, le g\u00e9n\u00e9ral pour Brand\",\"isPartOf\":{\"@id\":\"https:\/\/dicodusport.fr\/blog\/#website\"},\"primaryImageOfPage\":{\"@id\":\"https:\/\/dicodusport.fr\/blog\/coupe-du-monde-cyclo-cross-ceylin-alvarado-s-impose-a-overijse-general-pour-brand\/#primaryimage\"},\"image\":{\"@id\":\"https:\/\/dicodusport.fr\/blog\/coupe-du-monde-cyclo-cross-ceylin-alvarado-s-impose-a-overijse-general-pour-brand\/#primaryimage\"},\"thumbnailUrl\":\"https:\/\/dicodusport.fr\/blog\/wp-content\/uploads\/2021\/01\/Coupe-du-monde-de-cyclo-cross-Ceylin-Alvarado-simpose-a-Overijse-le-general-pour-Brand.png\",\"datePublished\":\"2021-01-24T13:36:53+00:00\",\"dateModified\":\"2021-01-24T14:43:33+00:00\",\"description\":\"CYCLO-CROSS - Ceylin Alvarado a remport\u00e9 ce dimanche la 5\u00e8me et derni\u00e8re manche de Coupe du monde \u00e0 Overijse (Belgique). Lucinda Brand rafle le classement g\u00e9n\u00e9ral.\",\"breadcrumb\":{\"@id\":\"https:\/\/dicodusport.fr\/blog\/coupe-du-monde-cyclo-cross-ceylin-alvarado-s-impose-a-overijse-general-pour-brand\/#breadcrumb\"},\"inLanguage\":\"fr-FR\",\"potentialAction\":[{\"@type\":\"ReadAction\",\"target\":[\"https:\/\/dicodusport.fr\/blog\/coupe-du-monde-cyclo-cross-ceylin-alvarado-s-impose-a-overijse-general-pour-brand\/\"]}]},{\"@type\":\"ImageObject\",\"inLanguage\":\"fr-FR\",\"@id\":\"https:\/\/dicodusport.fr\/blog\/coupe-du-monde-cyclo-cross-ceylin-alvarado-s-impose-a-overijse-general-pour-brand\/#primaryimage\",\"url\":\"https:\/\/dicodusport.fr\/blog\/wp-content\/uploads\/2021\/01\/Coupe-du-monde-de-cyclo-cross-Ceylin-Alvarado-simpose-a-Overijse-le-general-pour-Brand.png\",\"contentUrl\":\"https:\/\/dicodusport.fr\/blog\/wp-content\/uploads\/2021\/01\/Coupe-du-monde-de-cyclo-cross-Ceylin-Alvarado-simpose-a-Overijse-le-general-pour-Brand.png\",\"width\":800,\"height\":445,\"caption\":\"Coupe du monde de cyclo-cross - Ceylin Alvarado s'impose \u00e0 Overijse, le g\u00e9n\u00e9ral pour Brand\"},{\"@type\":\"BreadcrumbList\",\"@id\":\"https:\/\/dicodusport.fr\/blog\/coupe-du-monde-cyclo-cross-ceylin-alvarado-s-impose-a-overijse-general-pour-brand\/#breadcrumb\",\"itemListElement\":[{\"@type\":\"ListItem\",\"position\":1,\"name\":\"Accueil\",\"item\":\"https:\/\/dicodusport.fr\/blog\/\"},{\"@type\":\"ListItem\",\"position\":2,\"name\":\"Coupe du monde de cyclo-cross : Ceylin Alvarado s&rsquo;impose \u00e0 Overijse, le g\u00e9n\u00e9ral pour Brand\"}]},{\"@type\":\"WebSite\",\"@id\":\"https:\/\/dicodusport.fr\/blog\/#website\",\"url\":\"https:\/\/dicodusport.fr\/blog\/\",\"name\":\"Dicodusport\",\"description\":\"L&#039;encyclop\u00e9die de l&#039;actualit\u00e9 sportive\",\"publisher\":{\"@id\":\"https:\/\/dicodusport.fr\/blog\/#organization\"},\"potentialAction\":[{\"@type\":\"SearchAction\",\"target\":{\"@type\":\"EntryPoint\",\"urlTemplate\":\"https:\/\/dicodusport.fr\/blog\/?s={search_term_string}\"},\"query-input\":{\"@type\":\"PropertyValueSpecification\",\"valueRequired\":true,\"valueName\":\"search_term_string\"}}],\"inLanguage\":\"fr-FR\"},{\"@type\":\"NewsMediaOrganization\",\"@id\":\"https:\/\/dicodusport.fr\/blog\/#organization\",\"name\":\"Dicodusport\",\"url\":\"https:\/\/dicodusport.fr\/blog\/\",\"logo\":{\"@type\":\"ImageObject\",\"inLanguage\":\"fr-FR\",\"@id\":\"https:\/\/dicodusport.fr\/blog\/#\/schema\/logo\/image\/\",\"url\":\"https:\/\/dicodusport.fr\/blog\/wp-content\/uploads\/2020\/06\/cropped-LOGO-DICODUSPORT-2020-SANS-FOND-SANS-TEXTE.png\",\"contentUrl\":\"https:\/\/dicodusport.fr\/blog\/wp-content\/uploads\/2020\/06\/cropped-LOGO-DICODUSPORT-2020-SANS-FOND-SANS-TEXTE.png\",\"width\":512,\"height\":512,\"caption\":\"Dicodusport\"},\"image\":{\"@id\":\"https:\/\/dicodusport.fr\/blog\/#\/schema\/logo\/image\/\"},\"sameAs\":[\"https:\/\/www.facebook.com\/dicodusport\",\"https:\/\/x.com\/dicodusport\",\"https:\/\/www.instagram.com\/dicodusport\/\",\"https:\/\/www.youtube.com\/channel\/UC7V2KZ5sd3htJivAbA4ZG3w\"],\"description\":\"Dicodusport est l'encyclop\u00e9die de l'actualit\u00e9 sportive.\",\"email\":\"bonjour@dicodusport.fr\",\"legalName\":\"DICODUSPORT\",\"foundingDate\":\"2018-01-14\",\"vatID\":\"FR71834470973\",\"taxID\":\"83447097300043\",\"numberOfEmployees\":{\"@type\":\"QuantitativeValue\",\"minValue\":\"1\",\"maxValue\":\"10\"}},{\"@type\":\"Person\",\"@id\":\"https:\/\/dicodusport.fr\/blog\/#\/schema\/person\/cb02af4c173ce4a653b55e9baf388d4a\",\"name\":\"Flo Ostermann\",\"image\":{\"@type\":\"ImageObject\",\"inLanguage\":\"fr-FR\",\"@id\":\"https:\/\/dicodusport.fr\/blog\/#\/schema\/person\/image\/\",\"url\":\"https:\/\/dicodusport.fr\/blog\/wp-content\/uploads\/2021\/05\/Flo-Ostermann-150x150.jpg\",\"contentUrl\":\"https:\/\/dicodusport.fr\/blog\/wp-content\/uploads\/2021\/05\/Flo-Ostermann-150x150.jpg\",\"caption\":\"Flo Ostermann\"},\"description\":\"Journaliste\/R\u00e9dacteur depuis septembre 2015 - Mes premiers souvenirs dans le sport ? Les envol\u00e9es du Stade Toulousain et les duels Villeneuve-Schumacher et H\u00e4kkinen-Schumacher \u00e0 la fin des ann\u00e9es 90, la Coupe du monde de football en 1998, l\u2019exploit du XV de France face aux All Blacks en 1999, mais aussi Richard C\u0153ur de Lion qui vole sur les montagnes du Tour de France. Bien parti pour devenir professeur d\u2019EPS, les \u00e9v\u00e9nements de la vie (et la flemme d\u2019animer des s\u00e9ances de 3x500 m\u00e8tres toute ma vie) m\u2019ont conduit \u00e0 revoir mes plans. Me voil\u00e0 depuis fin 2017 sur Dicodusport, m\u00e9dia gr\u00e2ce (et pour) lequel je partage ma passion : le sport dans tous ses \u00e9tats. Le tout accompagn\u00e9 par les fous furieux et folles furieuses cit\u00e9s sur cette page !\",\"sameAs\":[\"https:\/\/www.facebook.com\/florent.ostermann\",\"https:\/\/x.com\/https:\/\/twitter.com\/FlOstermann\",\"admin\"],\"url\":\"https:\/\/dicodusport.fr\/blog\/author\/flo\/\"}]}<\/script>\n<!-- \/ Yoast SEO Premium plugin. -->","yoast_head_json":{"title":"Coupe du monde de cyclo-cross : Ceylin Alvarado s'impose \u00e0 Overijse, le g\u00e9n\u00e9ral pour Brand","description":"CYCLO-CROSS - Ceylin Alvarado a remport\u00e9 ce dimanche la 5\u00e8me et derni\u00e8re manche de Coupe du monde \u00e0 Overijse (Belgique). Lucinda Brand rafle le classement g\u00e9n\u00e9ral.","robots":{"index":"index","follow":"follow","max-snippet":"max-snippet:-1","max-image-preview":"max-image-preview:large","max-video-preview":"max-video-preview:-1"},"canonical":"https:\/\/dicodusport.fr\/blog\/coupe-du-monde-cyclo-cross-ceylin-alvarado-s-impose-a-overijse-general-pour-brand\/","og_locale":"fr_FR","og_type":"article","og_title":"Coupe du monde de cyclo-cross : Alvarado s'impose \u00e0 Overijse, le g\u00e9n\u00e9ral pour Brand","og_description":"CYCLO-CROSS - Ceylin Alvarado a remport\u00e9 ce dimanche la 5\u00e8me et derni\u00e8re manche de Coupe du monde \u00e0 Overijse (Belgique). Lucinda Brand rafle le classement g\u00e9n\u00e9ral.","og_url":"https:\/\/dicodusport.fr\/blog\/coupe-du-monde-cyclo-cross-ceylin-alvarado-s-impose-a-overijse-general-pour-brand\/","og_site_name":"Dicodusport","article_publisher":"https:\/\/www.facebook.com\/dicodusport","article_author":"https:\/\/www.facebook.com\/florent.ostermann","article_published_time":"2021-01-24T13:36:53+00:00","article_modified_time":"2021-01-24T14:43:33+00:00","og_image":[{"width":800,"height":445,"url":"https:\/\/dicodusport.fr\/blog\/wp-content\/uploads\/2021\/01\/Coupe-du-monde-de-cyclo-cross-Ceylin-Alvarado-simpose-a-Overijse-le-general-pour-Brand.png","type":"image\/png"}],"author":"Flo Ostermann","twitter_card":"summary_large_image","twitter_title":"Coupe du monde de cyclo-cross : Alvarado s'impose \u00e0 Overijse, le g\u00e9n\u00e9ral pour Brand","twitter_creator":"@https:\/\/twitter.com\/FlOstermann","twitter_site":"@dicodusport","schema":{"@context":"https:\/\/schema.org","@graph":[{"@type":"NewsArticle","@id":"https:\/\/dicodusport.fr\/blog\/coupe-du-monde-cyclo-cross-ceylin-alvarado-s-impose-a-overijse-general-pour-brand\/#article","isPartOf":{"@id":"https:\/\/dicodusport.fr\/blog\/coupe-du-monde-cyclo-cross-ceylin-alvarado-s-impose-a-overijse-general-pour-brand\/"},"author":{"name":"Flo Ostermann","@id":"https:\/\/dicodusport.fr\/blog\/#\/schema\/person\/cb02af4c173ce4a653b55e9baf388d4a"},"headline":"Coupe du monde de cyclo-cross : Ceylin Alvarado s&rsquo;impose \u00e0 Overijse, le g\u00e9n\u00e9ral pour Brand","datePublished":"2021-01-24T13:36:53+00:00","dateModified":"2021-01-24T14:43:33+00:00","mainEntityOfPage":{"@id":"https:\/\/dicodusport.fr\/blog\/coupe-du-monde-cyclo-cross-ceylin-alvarado-s-impose-a-overijse-general-pour-brand\/"},"wordCount":257,"commentCount":0,"publisher":{"@id":"https:\/\/dicodusport.fr\/blog\/#organization"},"image":{"@id":"https:\/\/dicodusport.fr\/blog\/coupe-du-monde-cyclo-cross-ceylin-alvarado-s-impose-a-overijse-general-pour-brand\/#primaryimage"},"thumbnailUrl":"https:\/\/dicodusport.fr\/blog\/wp-content\/uploads\/2021\/01\/Coupe-du-monde-de-cyclo-cross-Ceylin-Alvarado-simpose-a-Overijse-le-general-pour-Brand.png","keywords":["Cyclo-cross","Cyclo-cross Overijse"],"articleSection":["Cyclo-cross"],"inLanguage":"fr-FR","potentialAction":[{"@type":"CommentAction","name":"Comment","target":["https:\/\/dicodusport.fr\/blog\/coupe-du-monde-cyclo-cross-ceylin-alvarado-s-impose-a-overijse-general-pour-brand\/#respond"]}],"copyrightYear":"2021","copyrightHolder":{"@id":"https:\/\/dicodusport.fr\/blog\/#organization"}},{"@type":"WebPage","@id":"https:\/\/dicodusport.fr\/blog\/coupe-du-monde-cyclo-cross-ceylin-alvarado-s-impose-a-overijse-general-pour-brand\/","url":"https:\/\/dicodusport.fr\/blog\/coupe-du-monde-cyclo-cross-ceylin-alvarado-s-impose-a-overijse-general-pour-brand\/","name":"Coupe du monde de cyclo-cross : Ceylin Alvarado s'impose \u00e0 Overijse, le g\u00e9n\u00e9ral pour Brand","isPartOf":{"@id":"https:\/\/dicodusport.fr\/blog\/#website"},"primaryImageOfPage":{"@id":"https:\/\/dicodusport.fr\/blog\/coupe-du-monde-cyclo-cross-ceylin-alvarado-s-impose-a-overijse-general-pour-brand\/#primaryimage"},"image":{"@id":"https:\/\/dicodusport.fr\/blog\/coupe-du-monde-cyclo-cross-ceylin-alvarado-s-impose-a-overijse-general-pour-brand\/#primaryimage"},"thumbnailUrl":"https:\/\/dicodusport.fr\/blog\/wp-content\/uploads\/2021\/01\/Coupe-du-monde-de-cyclo-cross-Ceylin-Alvarado-simpose-a-Overijse-le-general-pour-Brand.png","datePublished":"2021-01-24T13:36:53+00:00","dateModified":"2021-01-24T14:43:33+00:00","description":"CYCLO-CROSS - Ceylin Alvarado a remport\u00e9 ce dimanche la 5\u00e8me et derni\u00e8re manche de Coupe du monde \u00e0 Overijse (Belgique). Lucinda Brand rafle le classement g\u00e9n\u00e9ral.","breadcrumb":{"@id":"https:\/\/dicodusport.fr\/blog\/coupe-du-monde-cyclo-cross-ceylin-alvarado-s-impose-a-overijse-general-pour-brand\/#breadcrumb"},"inLanguage":"fr-FR","potentialAction":[{"@type":"ReadAction","target":["https:\/\/dicodusport.fr\/blog\/coupe-du-monde-cyclo-cross-ceylin-alvarado-s-impose-a-overijse-general-pour-brand\/"]}]},{"@type":"ImageObject","inLanguage":"fr-FR","@id":"https:\/\/dicodusport.fr\/blog\/coupe-du-monde-cyclo-cross-ceylin-alvarado-s-impose-a-overijse-general-pour-brand\/#primaryimage","url":"https:\/\/dicodusport.fr\/blog\/wp-content\/uploads\/2021\/01\/Coupe-du-monde-de-cyclo-cross-Ceylin-Alvarado-simpose-a-Overijse-le-general-pour-Brand.png","contentUrl":"https:\/\/dicodusport.fr\/blog\/wp-content\/uploads\/2021\/01\/Coupe-du-monde-de-cyclo-cross-Ceylin-Alvarado-simpose-a-Overijse-le-general-pour-Brand.png","width":800,"height":445,"caption":"Coupe du monde de cyclo-cross - Ceylin Alvarado s'impose \u00e0 Overijse, le g\u00e9n\u00e9ral pour Brand"},{"@type":"BreadcrumbList","@id":"https:\/\/dicodusport.fr\/blog\/coupe-du-monde-cyclo-cross-ceylin-alvarado-s-impose-a-overijse-general-pour-brand\/#breadcrumb","itemListElement":[{"@type":"ListItem","position":1,"name":"Accueil","item":"https:\/\/dicodusport.fr\/blog\/"},{"@type":"ListItem","position":2,"name":"Coupe du monde de cyclo-cross : Ceylin Alvarado s&rsquo;impose \u00e0 Overijse, le g\u00e9n\u00e9ral pour Brand"}]},{"@type":"WebSite","@id":"https:\/\/dicodusport.fr\/blog\/#website","url":"https:\/\/dicodusport.fr\/blog\/","name":"Dicodusport","description":"L&#039;encyclop\u00e9die de l&#039;actualit\u00e9 sportive","publisher":{"@id":"https:\/\/dicodusport.fr\/blog\/#organization"},"potentialAction":[{"@type":"SearchAction","target":{"@type":"EntryPoint","urlTemplate":"https:\/\/dicodusport.fr\/blog\/?s={search_term_string}"},"query-input":{"@type":"PropertyValueSpecification","valueRequired":true,"valueName":"search_term_string"}}],"inLanguage":"fr-FR"},{"@type":"NewsMediaOrganization","@id":"https:\/\/dicodusport.fr\/blog\/#organization","name":"Dicodusport","url":"https:\/\/dicodusport.fr\/blog\/","logo":{"@type":"ImageObject","inLanguage":"fr-FR","@id":"https:\/\/dicodusport.fr\/blog\/#\/schema\/logo\/image\/","url":"https:\/\/dicodusport.fr\/blog\/wp-content\/uploads\/2020\/06\/cropped-LOGO-DICODUSPORT-2020-SANS-FOND-SANS-TEXTE.png","contentUrl":"https:\/\/dicodusport.fr\/blog\/wp-content\/uploads\/2020\/06\/cropped-LOGO-DICODUSPORT-2020-SANS-FOND-SANS-TEXTE.png","width":512,"height":512,"caption":"Dicodusport"},"image":{"@id":"https:\/\/dicodusport.fr\/blog\/#\/schema\/logo\/image\/"},"sameAs":["https:\/\/www.facebook.com\/dicodusport","https:\/\/x.com\/dicodusport","https:\/\/www.instagram.com\/dicodusport\/","https:\/\/www.youtube.com\/channel\/UC7V2KZ5sd3htJivAbA4ZG3w"],"description":"Dicodusport est l'encyclop\u00e9die de l'actualit\u00e9 sportive.","email":"bonjour@dicodusport.fr","legalName":"DICODUSPORT","foundingDate":"2018-01-14","vatID":"FR71834470973","taxID":"83447097300043","numberOfEmployees":{"@type":"QuantitativeValue","minValue":"1","maxValue":"10"}},{"@type":"Person","@id":"https:\/\/dicodusport.fr\/blog\/#\/schema\/person\/cb02af4c173ce4a653b55e9baf388d4a","name":"Flo Ostermann","image":{"@type":"ImageObject","inLanguage":"fr-FR","@id":"https:\/\/dicodusport.fr\/blog\/#\/schema\/person\/image\/","url":"https:\/\/dicodusport.fr\/blog\/wp-content\/uploads\/2021\/05\/Flo-Ostermann-150x150.jpg","contentUrl":"https:\/\/dicodusport.fr\/blog\/wp-content\/uploads\/2021\/05\/Flo-Ostermann-150x150.jpg","caption":"Flo Ostermann"},"description":"Journaliste\/R\u00e9dacteur depuis septembre 2015 - Mes premiers souvenirs dans le sport ? Les envol\u00e9es du Stade Toulousain et les duels Villeneuve-Schumacher et H\u00e4kkinen-Schumacher \u00e0 la fin des ann\u00e9es 90, la Coupe du monde de football en 1998, l\u2019exploit du XV de France face aux All Blacks en 1999, mais aussi Richard C\u0153ur de Lion qui vole sur les montagnes du Tour de France. Bien parti pour devenir professeur d\u2019EPS, les \u00e9v\u00e9nements de la vie (et la flemme d\u2019animer des s\u00e9ances de 3x500 m\u00e8tres toute ma vie) m\u2019ont conduit \u00e0 revoir mes plans. Me voil\u00e0 depuis fin 2017 sur Dicodusport, m\u00e9dia gr\u00e2ce (et pour) lequel je partage ma passion : le sport dans tous ses \u00e9tats. Le tout accompagn\u00e9 par les fous furieux et folles furieuses cit\u00e9s sur cette page !","sameAs":["https:\/\/www.facebook.com\/florent.ostermann","https:\/\/x.com\/https:\/\/twitter.com\/FlOstermann","admin"],"url":"https:\/\/dicodusport.fr\/blog\/author\/flo\/"}]}},"_links":{"self":[{"href":"https:\/\/dicodusport.fr\/blog\/wp-json\/wp\/v2\/posts\/101417","targetHints":{"allow":["GET"]}}],"collection":[{"href":"https:\/\/dicodusport.fr\/blog\/wp-json\/wp\/v2\/posts"}],"about":[{"href":"https:\/\/dicodusport.fr\/blog\/wp-json\/wp\/v2\/types\/post"}],"author":[{"embeddable":true,"href":"https:\/\/dicodusport.fr\/blog\/wp-json\/wp\/v2\/users\/4"}],"replies":[{"embeddable":true,"href":"https:\/\/dicodusport.fr\/blog\/wp-json\/wp\/v2\/comments?post=101417"}],"version-history":[{"count":0,"href":"https:\/\/dicodusport.fr\/blog\/wp-json\/wp\/v2\/posts\/101417\/revisions"}],"wp:featuredmedia":[{"embeddable":true,"href":"https:\/\/dicodusport.fr\/blog\/wp-json\/wp\/v2\/media\/101432"}],"wp:attachment":[{"href":"https:\/\/dicodusport.fr\/blog\/wp-json\/wp\/v2\/media?parent=101417"}],"wp:term":[{"taxonomy":"category","embeddable":true,"href":"https:\/\/dicodusport.fr\/blog\/wp-json\/wp\/v2\/categories?post=101417"},{"taxonomy":"post_tag","embeddable":true,"href":"https:\/\/dicodusport.fr\/blog\/wp-json\/wp\/v2\/tags?post=101417"}],"curies":[{"name":"wp","href":"https:\/\/api.w.org\/{rel}","templated":true}]}}