{"id":1018,"date":"2017-01-31T14:20:01","date_gmt":"2017-01-31T13:20:01","guid":{"rendered":"http:\/\/dicodusport.fr\/blog\/?p=1018"},"modified":"2021-04-13T23:27:22","modified_gmt":"2021-04-13T21:27:22","slug":"lucas-destang-retour-aider-bande-a-grandir","status":"publish","type":"post","link":"https:\/\/dicodusport.fr\/blog\/lucas-destang-retour-aider-bande-a-grandir\/","title":{"rendered":"Lucas Destang, un retour pour aider la bande \u00e0 grandir"},"content":{"rendered":"<p style=\"text-align: justify;\"><span style=\"color: #000000;\"><em>On a rencontr\u00e9 Lucas Destang, routier\/pistard de la bande, qui fait son retour dans le peloton en 2017 apr\u00e8s quelques mois d&rsquo;arr\u00eat.<\/em><\/span><\/p>\n<p style=\"text-align: justify;\"><span style=\"text-decoration: underline; color: #000000;\"><strong>Lucas, peux-tu te pr\u00e9senter en quelques mots ?<\/strong><\/span><\/p>\n<p style=\"text-align: justify;\"><span style=\"color: #000000;\">Je m&rsquo;appelle Lucas Destang, j&rsquo;ai 21 ans, je suis Girondin. Je fais du <span style=\"color: #0000ff;\"><a style=\"color: #0000ff;\" href=\"http:\/\/dicodusport.fr\/definition-sport\/cyclisme\/\" target=\"_blank\" rel=\"noopener\">cyclisme<\/a><\/span> depuis plus de 10 ans et apr\u00e8s quelques mois d&rsquo;arr\u00eat je fais mon retour dans le peloton.<\/span><\/p>\n<p style=\"text-align: justify;\"><span style=\"text-decoration: underline; color: #000000;\"><strong>Quel type de coureur\u00a0es-tu\u00a0?<\/strong><\/span><\/p>\n<p style=\"text-align: justify;\"><span style=\"color: #000000;\">Je suis routier\/pistard, avec une belle pointe de vitesse qui peut me permettre de gagner des sprints (si je passe les bosses avant).<\/span><\/p>\n<p style=\"text-align: justify;\"><span style=\"text-decoration: underline; color: #000000;\"><strong>Pourquoi avoir rejoint le team Morning\u00a0\/ La bande\u00a0?<\/strong><\/span><\/p>\n<p style=\"text-align: justify;\"><span style=\"color: #000000;\">Je connais bien Achile Metro qui faisait d\u00e9j\u00e0 partie de l&rsquo;\u00e9quipe l&rsquo;an pass\u00e9 et de l&rsquo;ext\u00e9rieur l&rsquo;\u00e9quipe m&rsquo;attirais beaucoup, j&rsquo;ai donc eu le Manager Max Massat au t\u00e9l\u00e9phone et l&rsquo;histoire, l&rsquo;ambiance et m\u00eame l&rsquo;entreprise m&rsquo;ont beaucoup touch\u00e9 et m&rsquo;ont confirm\u00e9 l&rsquo;envie que j&rsquo;avais de reprendre le cyclisme.<\/span><\/p>\n<p style=\"text-align: justify;\"><span style=\"text-decoration: underline; color: #000000;\"><strong>Tu as enchain\u00e9 les bons r\u00e9sultats sur piste, c\u2019est vraiment une discipline que tu aimes ?<\/strong><\/span><\/p>\n<p style=\"text-align: justify;\"><span style=\"color: #000000;\">La piste est une discipline qui m&rsquo;a beaucoup apport\u00e9 dans ma carri\u00e8re de cycliste depuis les plus jeunes cat\u00e9gories donc il est inconcevable pour moi de la laisser de c\u00f4t\u00e9 en particulier l&rsquo;hiver car on a la chance de rouler avec un toit au dessus de nos t\u00eates.<\/span><\/p>\n<p style=\"text-align: justify;\"><span style=\"text-decoration: underline; color: #000000;\"><strong>La bande a lanc\u00e9 sa <span style=\"color: #0000ff;\"><a style=\"color: #0000ff; text-decoration: underline;\" href=\"https:\/\/www.bulbintown.com\/projects\/habillez-les-jeunes-espoirs-du-cyclisme-francais\" target=\"_blank\" rel=\"noopener\">campagne de\u00a0crowdfunding<\/a><\/span>\u00a0pour sauver l\u2019\u00e9quipe, que dirais-tu aux gens pour les inciter \u00e0 vous aider\u00a0?<\/strong><\/span><\/p>\n<p style=\"text-align: justify;\"><span style=\"color: #000000;\">On ne peut pas forcer les gens \u00e0 nous aider, mais on peut essayer de les toucher avec notre histoire, dans le sud et sud ouest il n y a pas beaucoup d&rsquo;\u00e9quipes de Division Nationale mais je sais que beaucoup de gens aiment le v\u00e9lo au moins autant que nous et aimeraient voir des \u00e9quipes du coin grandir. Alors m\u00eame si c est 1\u20ac le but est d avoir le maximum de personnes qui donnent, si beaucoup de gens nous soutiennent on y arrivera.<\/span><\/p>\n<p style=\"text-align: justify;\"><span style=\"text-decoration: underline; color: #000000;\"><strong>Le\u00a0r\u00e9sultat dont tu es le plus fier sur un v\u00e9lo ?<\/strong><\/span><\/p>\n<p style=\"text-align: justify;\"><span style=\"color: #000000;\">Je pense que mon ann\u00e9e de J2 est ma plus belle ann\u00e9e, mais je pense que ma victoire sur la premi\u00e8re \u00e9tape du Tour de Normandie en 2015 est jusque-l\u00e0 mon plus beau souvenir.<\/span><\/p>\n<p style=\"text-align: justify;\"><span style=\"text-decoration: underline; color: #000000;\"><strong>Le coureur\u00a0pro qui t\u2019impressionne le plus\u00a0?<\/strong><\/span><\/p>\n<p style=\"text-align: justify;\"><span style=\"color: #000000;\">Peter Sagan sans h\u00e9sitation j aime son style et sa personnalit\u00e9.<\/span><\/p>\n<p style=\"text-align: justify;\"><span style=\"text-decoration: underline; color: #000000;\"><strong>Le mot de la fin\u00a0?<\/strong><\/span><\/p>\n<p style=\"text-align: justify;\"><span style=\"color: #000000;\">Je n\u2019ai pas grand chose \u00e0 ajouter, mais LA BANDE compte beaucoup sur vous pour nous sortir de cette p\u00e9riode un peu compliqu\u00e9, vous ne serez pas d\u00e9\u00e7u.<\/span><\/p>\n<p style=\"text-align: justify;\"><span style=\"color: #000000;\"><strong>Pour soutenir Lucas\u00a0et la bande pour la saison 2017 c&rsquo;est par <span style=\"color: #0000ff;\"><a style=\"color: #0000ff;\" href=\"https:\/\/www.bulbintown.com\/projects\/habillez-les-jeunes-espoirs-du-cyclisme-francais\" target=\"_blank\" rel=\"noopener\">ici<\/a><\/span> !<\/strong><\/span><\/p>\n<p>&nbsp;<\/p>\n<p style=\"text-align: justify;\"><span style=\"color: #000000;\"><a style=\"color: #000000;\" href=\"http:\/\/dicodusport.fr\" target=\"_blank\" rel=\"noopener\"><img loading=\"lazy\" decoding=\"async\" class=\"size-thumbnail wp-image-999 aligncenter\" src=\"http:\/\/dicodusport.fr\/blog\/wp-content\/uploads\/2017\/01\/cropped-logo-dicodusport-sans-fond-150x150.png\" alt=\"\" width=\"150\" height=\"150\" srcset=\"https:\/\/dicodusport.fr\/blog\/wp-content\/uploads\/2017\/01\/cropped-logo-dicodusport-sans-fond-150x150.png 150w, https:\/\/dicodusport.fr\/blog\/wp-content\/uploads\/2017\/01\/cropped-logo-dicodusport-sans-fond-300x300.png 300w, https:\/\/dicodusport.fr\/blog\/wp-content\/uploads\/2017\/01\/cropped-logo-dicodusport-sans-fond-270x270.png 270w, https:\/\/dicodusport.fr\/blog\/wp-content\/uploads\/2017\/01\/cropped-logo-dicodusport-sans-fond-192x192.png 192w, https:\/\/dicodusport.fr\/blog\/wp-content\/uploads\/2017\/01\/cropped-logo-dicodusport-sans-fond-180x180.png 180w, https:\/\/dicodusport.fr\/blog\/wp-content\/uploads\/2017\/01\/cropped-logo-dicodusport-sans-fond-32x32.png 32w, https:\/\/dicodusport.fr\/blog\/wp-content\/uploads\/2017\/01\/cropped-logo-dicodusport-sans-fond.png 512w\" sizes=\"auto, (max-width: 150px) 100vw, 150px\" \/><\/a><\/span><\/p>\n","protected":false},"excerpt":{"rendered":"<p>On a rencontr\u00e9 Lucas Destang, routier\/pistard de la bande, qui fait son retour dans le peloton en 2017 apr\u00e8s quelques mois d&rsquo;arr\u00eat. Lucas, peux-tu te pr\u00e9senter en quelques mots ? Je m&rsquo;appelle Lucas Destang, j&rsquo;ai 21 ans, je suis Girondin. Je fais du cyclisme depuis plus de 10 ans et apr\u00e8s quelques mois d&rsquo;arr\u00eat je [&hellip;]<\/p>\n","protected":false},"author":1,"featured_media":1021,"comment_status":"open","ping_status":"closed","sticky":false,"template":"","format":"standard","meta":{"_acf_changed":false,"_daextam_enable_autolinks":"","footnotes":""},"categories":[4],"tags":[574,772,579],"class_list":["post-1018","post","type-post","status-publish","format-standard","has-post-thumbnail","hentry","category-portraits","tag-cyclisme","tag-la-bande","tag-velo"],"acf":[],"yoast_head":"<!-- This site is optimized with the Yoast SEO Premium plugin v26.7 (Yoast SEO v26.7) - https:\/\/yoast.com\/wordpress\/plugins\/seo\/ -->\n<title>Lucas Destang, un retour pour aider la bande \u00e0 grandir<\/title>\n<meta name=\"description\" content=\"On a rencontr\u00e9 Lucas Destaing, routier pistard de la bande, qui fait son retour dans le peloton en 2017 apr\u00e8s quelques mois d&#039;arr\u00eat.\" \/>\n<meta name=\"robots\" content=\"index, follow, max-snippet:-1, max-image-preview:large, max-video-preview:-1\" \/>\n<link rel=\"canonical\" href=\"https:\/\/dicodusport.fr\/blog\/lucas-destang-retour-aider-bande-a-grandir\/\" \/>\n<meta property=\"og:locale\" content=\"fr_FR\" \/>\n<meta property=\"og:type\" content=\"article\" \/>\n<meta property=\"og:title\" content=\"Lucas Destang, un retour pour aider la bande \u00e0 grandir\" \/>\n<meta property=\"og:description\" content=\"On a rencontr\u00e9 Lucas Destaing, routier pistard de la bande, qui fait son retour dans le peloton en 2017 apr\u00e8s quelques mois d&#039;arr\u00eat.\" \/>\n<meta property=\"og:url\" content=\"https:\/\/dicodusport.fr\/blog\/lucas-destang-retour-aider-bande-a-grandir\/\" \/>\n<meta property=\"og:site_name\" content=\"Dicodusport\" \/>\n<meta property=\"article:publisher\" content=\"https:\/\/www.facebook.com\/dicodusport\" \/>\n<meta property=\"article:author\" content=\"https:\/\/www.facebook.com\/dicodusport\" \/>\n<meta property=\"article:published_time\" content=\"2017-01-31T13:20:01+00:00\" \/>\n<meta property=\"article:modified_time\" content=\"2021-04-13T21:27:22+00:00\" \/>\n<meta property=\"og:image\" content=\"https:\/\/dicodusport.fr\/blog\/wp-content\/uploads\/2017\/01\/Lucas-Destang-1.png\" \/>\n\t<meta property=\"og:image:width\" content=\"1200\" \/>\n\t<meta property=\"og:image:height\" content=\"670\" \/>\n\t<meta property=\"og:image:type\" content=\"image\/png\" \/>\n<meta name=\"author\" content=\"Nicolas Jacquemard\" \/>\n<meta name=\"twitter:card\" content=\"summary_large_image\" \/>\n<meta name=\"twitter:creator\" content=\"@https:\/\/twitter.com\/Nico_Jacquemard\" \/>\n<meta name=\"twitter:site\" content=\"@dicodusport\" \/>\n<script type=\"application\/ld+json\" class=\"yoast-schema-graph\">{\"@context\":\"https:\/\/schema.org\",\"@graph\":[{\"@type\":\"NewsArticle\",\"@id\":\"https:\/\/dicodusport.fr\/blog\/lucas-destang-retour-aider-bande-a-grandir\/#article\",\"isPartOf\":{\"@id\":\"https:\/\/dicodusport.fr\/blog\/lucas-destang-retour-aider-bande-a-grandir\/\"},\"author\":{\"name\":\"Nicolas Jacquemard\",\"@id\":\"https:\/\/dicodusport.fr\/blog\/#\/schema\/person\/55dcb50ad410894e431ed812bbb70191\"},\"headline\":\"Lucas Destang, un retour pour aider la bande \u00e0 grandir\",\"datePublished\":\"2017-01-31T13:20:01+00:00\",\"dateModified\":\"2021-04-13T21:27:22+00:00\",\"mainEntityOfPage\":{\"@id\":\"https:\/\/dicodusport.fr\/blog\/lucas-destang-retour-aider-bande-a-grandir\/\"},\"wordCount\":474,\"commentCount\":0,\"publisher\":{\"@id\":\"https:\/\/dicodusport.fr\/blog\/#organization\"},\"image\":{\"@id\":\"https:\/\/dicodusport.fr\/blog\/lucas-destang-retour-aider-bande-a-grandir\/#primaryimage\"},\"thumbnailUrl\":\"https:\/\/dicodusport.fr\/blog\/wp-content\/uploads\/2017\/01\/Lucas-Destang-1.png\",\"keywords\":[\"Cyclisme\",\"la bande\",\"v\u00e9lo\"],\"articleSection\":[\"Portraits\"],\"inLanguage\":\"fr-FR\",\"potentialAction\":[{\"@type\":\"CommentAction\",\"name\":\"Comment\",\"target\":[\"https:\/\/dicodusport.fr\/blog\/lucas-destang-retour-aider-bande-a-grandir\/#respond\"]}],\"copyrightYear\":\"2017\",\"copyrightHolder\":{\"@id\":\"https:\/\/dicodusport.fr\/blog\/#organization\"}},{\"@type\":\"WebPage\",\"@id\":\"https:\/\/dicodusport.fr\/blog\/lucas-destang-retour-aider-bande-a-grandir\/\",\"url\":\"https:\/\/dicodusport.fr\/blog\/lucas-destang-retour-aider-bande-a-grandir\/\",\"name\":\"Lucas Destang, un retour pour aider la bande \u00e0 grandir\",\"isPartOf\":{\"@id\":\"https:\/\/dicodusport.fr\/blog\/#website\"},\"primaryImageOfPage\":{\"@id\":\"https:\/\/dicodusport.fr\/blog\/lucas-destang-retour-aider-bande-a-grandir\/#primaryimage\"},\"image\":{\"@id\":\"https:\/\/dicodusport.fr\/blog\/lucas-destang-retour-aider-bande-a-grandir\/#primaryimage\"},\"thumbnailUrl\":\"https:\/\/dicodusport.fr\/blog\/wp-content\/uploads\/2017\/01\/Lucas-Destang-1.png\",\"datePublished\":\"2017-01-31T13:20:01+00:00\",\"dateModified\":\"2021-04-13T21:27:22+00:00\",\"description\":\"On a rencontr\u00e9 Lucas Destaing, routier pistard de la bande, qui fait son retour dans le peloton en 2017 apr\u00e8s quelques mois d'arr\u00eat.\",\"breadcrumb\":{\"@id\":\"https:\/\/dicodusport.fr\/blog\/lucas-destang-retour-aider-bande-a-grandir\/#breadcrumb\"},\"inLanguage\":\"fr-FR\",\"potentialAction\":[{\"@type\":\"ReadAction\",\"target\":[\"https:\/\/dicodusport.fr\/blog\/lucas-destang-retour-aider-bande-a-grandir\/\"]}]},{\"@type\":\"ImageObject\",\"inLanguage\":\"fr-FR\",\"@id\":\"https:\/\/dicodusport.fr\/blog\/lucas-destang-retour-aider-bande-a-grandir\/#primaryimage\",\"url\":\"https:\/\/dicodusport.fr\/blog\/wp-content\/uploads\/2017\/01\/Lucas-Destang-1.png\",\"contentUrl\":\"https:\/\/dicodusport.fr\/blog\/wp-content\/uploads\/2017\/01\/Lucas-Destang-1.png\",\"width\":1200,\"height\":670,\"caption\":\"Lucas Destang\"},{\"@type\":\"BreadcrumbList\",\"@id\":\"https:\/\/dicodusport.fr\/blog\/lucas-destang-retour-aider-bande-a-grandir\/#breadcrumb\",\"itemListElement\":[{\"@type\":\"ListItem\",\"position\":1,\"name\":\"Accueil\",\"item\":\"https:\/\/dicodusport.fr\/blog\/\"},{\"@type\":\"ListItem\",\"position\":2,\"name\":\"Lucas Destang, un retour pour aider la bande \u00e0 grandir\"}]},{\"@type\":\"WebSite\",\"@id\":\"https:\/\/dicodusport.fr\/blog\/#website\",\"url\":\"https:\/\/dicodusport.fr\/blog\/\",\"name\":\"Dicodusport\",\"description\":\"L&#039;encyclop\u00e9die de l&#039;actualit\u00e9 sportive\",\"publisher\":{\"@id\":\"https:\/\/dicodusport.fr\/blog\/#organization\"},\"potentialAction\":[{\"@type\":\"SearchAction\",\"target\":{\"@type\":\"EntryPoint\",\"urlTemplate\":\"https:\/\/dicodusport.fr\/blog\/?s={search_term_string}\"},\"query-input\":{\"@type\":\"PropertyValueSpecification\",\"valueRequired\":true,\"valueName\":\"search_term_string\"}}],\"inLanguage\":\"fr-FR\"},{\"@type\":\"NewsMediaOrganization\",\"@id\":\"https:\/\/dicodusport.fr\/blog\/#organization\",\"name\":\"Dicodusport\",\"url\":\"https:\/\/dicodusport.fr\/blog\/\",\"logo\":{\"@type\":\"ImageObject\",\"inLanguage\":\"fr-FR\",\"@id\":\"https:\/\/dicodusport.fr\/blog\/#\/schema\/logo\/image\/\",\"url\":\"https:\/\/dicodusport.fr\/blog\/wp-content\/uploads\/2020\/06\/cropped-LOGO-DICODUSPORT-2020-SANS-FOND-SANS-TEXTE.png\",\"contentUrl\":\"https:\/\/dicodusport.fr\/blog\/wp-content\/uploads\/2020\/06\/cropped-LOGO-DICODUSPORT-2020-SANS-FOND-SANS-TEXTE.png\",\"width\":512,\"height\":512,\"caption\":\"Dicodusport\"},\"image\":{\"@id\":\"https:\/\/dicodusport.fr\/blog\/#\/schema\/logo\/image\/\"},\"sameAs\":[\"https:\/\/www.facebook.com\/dicodusport\",\"https:\/\/x.com\/dicodusport\",\"https:\/\/www.instagram.com\/dicodusport\/\",\"https:\/\/www.youtube.com\/channel\/UC7V2KZ5sd3htJivAbA4ZG3w\"],\"description\":\"Dicodusport est l'encyclop\u00e9die de l'actualit\u00e9 sportive.\",\"email\":\"bonjour@dicodusport.fr\",\"legalName\":\"DICODUSPORT\",\"foundingDate\":\"2018-01-14\",\"vatID\":\"FR71834470973\",\"taxID\":\"83447097300043\",\"numberOfEmployees\":{\"@type\":\"QuantitativeValue\",\"minValue\":\"1\",\"maxValue\":\"10\"}},{\"@type\":\"Person\",\"@id\":\"https:\/\/dicodusport.fr\/blog\/#\/schema\/person\/55dcb50ad410894e431ed812bbb70191\",\"name\":\"Nicolas Jacquemard\",\"image\":{\"@type\":\"ImageObject\",\"inLanguage\":\"fr-FR\",\"@id\":\"https:\/\/dicodusport.fr\/blog\/#\/schema\/person\/image\/\",\"url\":\"https:\/\/dicodusport.fr\/blog\/wp-content\/uploads\/2021\/05\/Nicolas-Jacquemard-150x150.jpeg\",\"contentUrl\":\"https:\/\/dicodusport.fr\/blog\/wp-content\/uploads\/2021\/05\/Nicolas-Jacquemard-150x150.jpeg\",\"caption\":\"Nicolas Jacquemard\"},\"description\":\"Passionn\u00e9 de sport et entrepreneur depuis mes 18 ans, la cr\u00e9ation de Dicodusport m'a sembl\u00e9 \u00e9vidente pour participer \u00e0 la m\u00e9diatisation d'un plus grand nombre de sports. Le chemin est long mais avec une \u00e9quipe des plus motiv\u00e9es et les Jeux Olympiques de Paris 2024 en point de mire, nous y arriverons ! Journaliste dans le monde du sport depuis plus de 5 ans, je traite aussi bien de football, de rugby, de biathlon que de cyclisme.\",\"sameAs\":[\"https:\/\/www.facebook.com\/dicodusport\",\"https:\/\/x.com\/https:\/\/twitter.com\/Nico_Jacquemard\"],\"url\":\"https:\/\/dicodusport.fr\/blog\/author\/dicodusport\/\"}]}<\/script>\n<!-- \/ Yoast SEO Premium plugin. -->","yoast_head_json":{"title":"Lucas Destang, un retour pour aider la bande \u00e0 grandir","description":"On a rencontr\u00e9 Lucas Destaing, routier pistard de la bande, qui fait son retour dans le peloton en 2017 apr\u00e8s quelques mois d'arr\u00eat.","robots":{"index":"index","follow":"follow","max-snippet":"max-snippet:-1","max-image-preview":"max-image-preview:large","max-video-preview":"max-video-preview:-1"},"canonical":"https:\/\/dicodusport.fr\/blog\/lucas-destang-retour-aider-bande-a-grandir\/","og_locale":"fr_FR","og_type":"article","og_title":"Lucas Destang, un retour pour aider la bande \u00e0 grandir","og_description":"On a rencontr\u00e9 Lucas Destaing, routier pistard de la bande, qui fait son retour dans le peloton en 2017 apr\u00e8s quelques mois d'arr\u00eat.","og_url":"https:\/\/dicodusport.fr\/blog\/lucas-destang-retour-aider-bande-a-grandir\/","og_site_name":"Dicodusport","article_publisher":"https:\/\/www.facebook.com\/dicodusport","article_author":"https:\/\/www.facebook.com\/dicodusport","article_published_time":"2017-01-31T13:20:01+00:00","article_modified_time":"2021-04-13T21:27:22+00:00","og_image":[{"width":1200,"height":670,"url":"https:\/\/dicodusport.fr\/blog\/wp-content\/uploads\/2017\/01\/Lucas-Destang-1.png","type":"image\/png"}],"author":"Nicolas Jacquemard","twitter_card":"summary_large_image","twitter_creator":"@https:\/\/twitter.com\/Nico_Jacquemard","twitter_site":"@dicodusport","schema":{"@context":"https:\/\/schema.org","@graph":[{"@type":"NewsArticle","@id":"https:\/\/dicodusport.fr\/blog\/lucas-destang-retour-aider-bande-a-grandir\/#article","isPartOf":{"@id":"https:\/\/dicodusport.fr\/blog\/lucas-destang-retour-aider-bande-a-grandir\/"},"author":{"name":"Nicolas Jacquemard","@id":"https:\/\/dicodusport.fr\/blog\/#\/schema\/person\/55dcb50ad410894e431ed812bbb70191"},"headline":"Lucas Destang, un retour pour aider la bande \u00e0 grandir","datePublished":"2017-01-31T13:20:01+00:00","dateModified":"2021-04-13T21:27:22+00:00","mainEntityOfPage":{"@id":"https:\/\/dicodusport.fr\/blog\/lucas-destang-retour-aider-bande-a-grandir\/"},"wordCount":474,"commentCount":0,"publisher":{"@id":"https:\/\/dicodusport.fr\/blog\/#organization"},"image":{"@id":"https:\/\/dicodusport.fr\/blog\/lucas-destang-retour-aider-bande-a-grandir\/#primaryimage"},"thumbnailUrl":"https:\/\/dicodusport.fr\/blog\/wp-content\/uploads\/2017\/01\/Lucas-Destang-1.png","keywords":["Cyclisme","la bande","v\u00e9lo"],"articleSection":["Portraits"],"inLanguage":"fr-FR","potentialAction":[{"@type":"CommentAction","name":"Comment","target":["https:\/\/dicodusport.fr\/blog\/lucas-destang-retour-aider-bande-a-grandir\/#respond"]}],"copyrightYear":"2017","copyrightHolder":{"@id":"https:\/\/dicodusport.fr\/blog\/#organization"}},{"@type":"WebPage","@id":"https:\/\/dicodusport.fr\/blog\/lucas-destang-retour-aider-bande-a-grandir\/","url":"https:\/\/dicodusport.fr\/blog\/lucas-destang-retour-aider-bande-a-grandir\/","name":"Lucas Destang, un retour pour aider la bande \u00e0 grandir","isPartOf":{"@id":"https:\/\/dicodusport.fr\/blog\/#website"},"primaryImageOfPage":{"@id":"https:\/\/dicodusport.fr\/blog\/lucas-destang-retour-aider-bande-a-grandir\/#primaryimage"},"image":{"@id":"https:\/\/dicodusport.fr\/blog\/lucas-destang-retour-aider-bande-a-grandir\/#primaryimage"},"thumbnailUrl":"https:\/\/dicodusport.fr\/blog\/wp-content\/uploads\/2017\/01\/Lucas-Destang-1.png","datePublished":"2017-01-31T13:20:01+00:00","dateModified":"2021-04-13T21:27:22+00:00","description":"On a rencontr\u00e9 Lucas Destaing, routier pistard de la bande, qui fait son retour dans le peloton en 2017 apr\u00e8s quelques mois d'arr\u00eat.","breadcrumb":{"@id":"https:\/\/dicodusport.fr\/blog\/lucas-destang-retour-aider-bande-a-grandir\/#breadcrumb"},"inLanguage":"fr-FR","potentialAction":[{"@type":"ReadAction","target":["https:\/\/dicodusport.fr\/blog\/lucas-destang-retour-aider-bande-a-grandir\/"]}]},{"@type":"ImageObject","inLanguage":"fr-FR","@id":"https:\/\/dicodusport.fr\/blog\/lucas-destang-retour-aider-bande-a-grandir\/#primaryimage","url":"https:\/\/dicodusport.fr\/blog\/wp-content\/uploads\/2017\/01\/Lucas-Destang-1.png","contentUrl":"https:\/\/dicodusport.fr\/blog\/wp-content\/uploads\/2017\/01\/Lucas-Destang-1.png","width":1200,"height":670,"caption":"Lucas Destang"},{"@type":"BreadcrumbList","@id":"https:\/\/dicodusport.fr\/blog\/lucas-destang-retour-aider-bande-a-grandir\/#breadcrumb","itemListElement":[{"@type":"ListItem","position":1,"name":"Accueil","item":"https:\/\/dicodusport.fr\/blog\/"},{"@type":"ListItem","position":2,"name":"Lucas Destang, un retour pour aider la bande \u00e0 grandir"}]},{"@type":"WebSite","@id":"https:\/\/dicodusport.fr\/blog\/#website","url":"https:\/\/dicodusport.fr\/blog\/","name":"Dicodusport","description":"L&#039;encyclop\u00e9die de l&#039;actualit\u00e9 sportive","publisher":{"@id":"https:\/\/dicodusport.fr\/blog\/#organization"},"potentialAction":[{"@type":"SearchAction","target":{"@type":"EntryPoint","urlTemplate":"https:\/\/dicodusport.fr\/blog\/?s={search_term_string}"},"query-input":{"@type":"PropertyValueSpecification","valueRequired":true,"valueName":"search_term_string"}}],"inLanguage":"fr-FR"},{"@type":"NewsMediaOrganization","@id":"https:\/\/dicodusport.fr\/blog\/#organization","name":"Dicodusport","url":"https:\/\/dicodusport.fr\/blog\/","logo":{"@type":"ImageObject","inLanguage":"fr-FR","@id":"https:\/\/dicodusport.fr\/blog\/#\/schema\/logo\/image\/","url":"https:\/\/dicodusport.fr\/blog\/wp-content\/uploads\/2020\/06\/cropped-LOGO-DICODUSPORT-2020-SANS-FOND-SANS-TEXTE.png","contentUrl":"https:\/\/dicodusport.fr\/blog\/wp-content\/uploads\/2020\/06\/cropped-LOGO-DICODUSPORT-2020-SANS-FOND-SANS-TEXTE.png","width":512,"height":512,"caption":"Dicodusport"},"image":{"@id":"https:\/\/dicodusport.fr\/blog\/#\/schema\/logo\/image\/"},"sameAs":["https:\/\/www.facebook.com\/dicodusport","https:\/\/x.com\/dicodusport","https:\/\/www.instagram.com\/dicodusport\/","https:\/\/www.youtube.com\/channel\/UC7V2KZ5sd3htJivAbA4ZG3w"],"description":"Dicodusport est l'encyclop\u00e9die de l'actualit\u00e9 sportive.","email":"bonjour@dicodusport.fr","legalName":"DICODUSPORT","foundingDate":"2018-01-14","vatID":"FR71834470973","taxID":"83447097300043","numberOfEmployees":{"@type":"QuantitativeValue","minValue":"1","maxValue":"10"}},{"@type":"Person","@id":"https:\/\/dicodusport.fr\/blog\/#\/schema\/person\/55dcb50ad410894e431ed812bbb70191","name":"Nicolas Jacquemard","image":{"@type":"ImageObject","inLanguage":"fr-FR","@id":"https:\/\/dicodusport.fr\/blog\/#\/schema\/person\/image\/","url":"https:\/\/dicodusport.fr\/blog\/wp-content\/uploads\/2021\/05\/Nicolas-Jacquemard-150x150.jpeg","contentUrl":"https:\/\/dicodusport.fr\/blog\/wp-content\/uploads\/2021\/05\/Nicolas-Jacquemard-150x150.jpeg","caption":"Nicolas Jacquemard"},"description":"Passionn\u00e9 de sport et entrepreneur depuis mes 18 ans, la cr\u00e9ation de Dicodusport m'a sembl\u00e9 \u00e9vidente pour participer \u00e0 la m\u00e9diatisation d'un plus grand nombre de sports. Le chemin est long mais avec une \u00e9quipe des plus motiv\u00e9es et les Jeux Olympiques de Paris 2024 en point de mire, nous y arriverons ! Journaliste dans le monde du sport depuis plus de 5 ans, je traite aussi bien de football, de rugby, de biathlon que de cyclisme.","sameAs":["https:\/\/www.facebook.com\/dicodusport","https:\/\/x.com\/https:\/\/twitter.com\/Nico_Jacquemard"],"url":"https:\/\/dicodusport.fr\/blog\/author\/dicodusport\/"}]}},"_links":{"self":[{"href":"https:\/\/dicodusport.fr\/blog\/wp-json\/wp\/v2\/posts\/1018","targetHints":{"allow":["GET"]}}],"collection":[{"href":"https:\/\/dicodusport.fr\/blog\/wp-json\/wp\/v2\/posts"}],"about":[{"href":"https:\/\/dicodusport.fr\/blog\/wp-json\/wp\/v2\/types\/post"}],"author":[{"embeddable":true,"href":"https:\/\/dicodusport.fr\/blog\/wp-json\/wp\/v2\/users\/1"}],"replies":[{"embeddable":true,"href":"https:\/\/dicodusport.fr\/blog\/wp-json\/wp\/v2\/comments?post=1018"}],"version-history":[{"count":0,"href":"https:\/\/dicodusport.fr\/blog\/wp-json\/wp\/v2\/posts\/1018\/revisions"}],"wp:featuredmedia":[{"embeddable":true,"href":"https:\/\/dicodusport.fr\/blog\/wp-json\/wp\/v2\/media\/1021"}],"wp:attachment":[{"href":"https:\/\/dicodusport.fr\/blog\/wp-json\/wp\/v2\/media?parent=1018"}],"wp:term":[{"taxonomy":"category","embeddable":true,"href":"https:\/\/dicodusport.fr\/blog\/wp-json\/wp\/v2\/categories?post=1018"},{"taxonomy":"post_tag","embeddable":true,"href":"https:\/\/dicodusport.fr\/blog\/wp-json\/wp\/v2\/tags?post=1018"}],"curies":[{"name":"wp","href":"https:\/\/api.w.org\/{rel}","templated":true}]}}