{"id":101877,"date":"2021-01-26T14:35:29","date_gmt":"2021-01-26T13:35:29","guid":{"rendered":"https:\/\/dicodusport.fr\/blog\/?p=101877&#038;preview=true&#038;preview_id=101877"},"modified":"2021-01-26T17:27:40","modified_gmt":"2021-01-26T16:27:40","slug":"slalom-geant-de-kronplatz-tessa-worley-s-impose-en-patronne","status":"publish","type":"post","link":"https:\/\/dicodusport.fr\/blog\/slalom-geant-de-kronplatz-tessa-worley-s-impose-en-patronne\/","title":{"rendered":"Slalom g\u00e9ant de Kronplatz : Tessa Worley s&rsquo;impose en patronne"},"content":{"rendered":"<p style=\"text-align: justify;\"><strong><em>SKI ALPIN 2020-2021 &#8211; Ph\u00e9nom\u00e9nale Tessa Worley ! La Fran\u00e7aise a remport\u00e9 ce mardi le g\u00e9ant de Kronplatz (Italie). \u00c9tincelante lors du second run, Worley, 31 ans, d\u00e9croche son premier succ\u00e8s depuis 2019 et sa victoire \u00e0 S\u00f6lden (Autriche).<\/em><\/strong><\/p>\n<p style=\"text-align: justify;\">Exceptionnelle <strong>Worley<\/strong> ! <a href=\"https:\/\/dicodusport.fr\/blog\/geant-de-courchevel-premier-poidum-saison-tessa-worley\/\" target=\"_blank\" rel=\"noopener\">Troisi\u00e8me \u00e0 Courchevel<\/a> en d\u00e9cembre, <a href=\"https:\/\/dicodusport.fr\/blog\/slalom-geant-de-kranjska-gora-tessa-worley-deuxieme-derriere-litalienne-marta-bassino\/\" target=\"_blank\" rel=\"noopener\">deuxi\u00e8me \u00e0 Kranjska Gora<\/a> il y a 10 jours, <strong>Tessa Worley<\/strong> s&rsquo;est impos\u00e9e ce mardi \u00e0 Kronplatz, dans les Dolomites, en Italie. Partie avec le dossard 1 ce matin lors de la premi\u00e8re manche, la Fran\u00e7aise avait r\u00e9alis\u00e9 le 5\u00e8me temps de celle-ci, \u00e0 0.78 centi\u00e8mes de la Suissesse <strong>Michelle Gisin<\/strong>. Mais la skieuse du Grand Bornand a sorti le grand jeu lors du second acte, avec le deuxi\u00e8me temps \u00e0 la cl\u00e9.<\/p>\n<p style=\"text-align: justify;\">Au final, elle devance une autre Helv\u00e8te, <strong>Lara Gut-Behrami <\/strong>(+0.27), ainsi que l&rsquo;Italienne <strong>Marta Bassino<\/strong> (0.73), en t\u00eate du <a href=\"https:\/\/www.fis-ski.com\/DB\/alpine-skiing\/cup-standings.html?sectorcode=AL&amp;seasoncode=2021&amp;cupcode=WC&amp;disciplinecode=GS&amp;gendercode=W&amp;nationcode=\" target=\"_blank\" rel=\"noopener\">classement de la sp\u00e9cialit\u00e9<\/a>. <strong>Worley<\/strong>, gr\u00e2ce \u00e0 ce 14\u00e8me succ\u00e8s en Coupe du monde, se replace quant \u00e0 elle \u00e0 la deuxi\u00e8me place, mais \u00e0 124 points de la Transalpine. Une victoire \u00e9galement synonyme de magnifique cadeau \u00e0 son compagnon, <a href=\"https:\/\/dicodusport.fr\/blog\/ski-alpin-julien-lizeroux-met-un-terme-a-sa-carriere\/\" target=\"_blank\" rel=\"noopener\"><strong>Julien Lizeroux<\/strong><\/a>, qui disputera sa derni\u00e8re course ce mardi soir \u00e0 Schladming, en Autriche.<\/p>\n<blockquote class=\"twitter-tweet\">\n<p dir=\"ltr\" lang=\"fr\">Chapeau <a href=\"https:\/\/twitter.com\/TessaWorley?ref_src=twsrc%5Etfw\">@TessaWorley<\/a>, quelle victoire &#x1f525;&#x1f1eb;&#x1f1f7; !<a href=\"https:\/\/t.co\/O4BJq4oO4C\">pic.twitter.com\/O4BJq4oO4C<\/a><\/p>\n<p>\u2014 FFS &#8211; F\u00e9d\u00e9ration Fran\u00e7aise de Ski (@FedFranceSki) <a href=\"https:\/\/twitter.com\/FedFranceSki\/status\/1354059074523058176?ref_src=twsrc%5Etfw\">January 26, 2021<\/a><\/p><\/blockquote>\n<p><script async src=\"https:\/\/platform.twitter.com\/widgets.js\" charset=\"utf-8\"><\/script><\/p>\n<p><strong><em>Dicodusport<br \/>\n<a href=\"https:\/\/www.facebook.com\/dicodusport\/\" target=\"_blank\" rel=\"noopener noreferrer\"><img loading=\"lazy\" decoding=\"async\" class=\"alignnone wp-image-2909\" src=\"http:\/\/dicodusport.fr\/blog\/wp-content\/uploads\/2017\/07\/logo-facebook-150x150.png\" alt=\"\" width=\"40\" height=\"40\" \/><\/a><a href=\"https:\/\/twitter.com\/dicodusport\" target=\"_blank\" rel=\"noopener noreferrer\"><img loading=\"lazy\" decoding=\"async\" class=\"alignnone wp-image-2908\" src=\"http:\/\/dicodusport.fr\/blog\/wp-content\/uploads\/2017\/07\/logo-twitter-150x150.png\" alt=\"\" width=\"39\" height=\"39\" \/><\/a><\/em><\/strong><\/p>\n","protected":false},"excerpt":{"rendered":"<p>SKI ALPIN 2020-2021 &#8211; Ph\u00e9nom\u00e9nale Tessa Worley ! La Fran\u00e7aise a remport\u00e9 ce mardi le g\u00e9ant de Kronplatz (Italie). \u00c9tincelante lors du second run, Worley, 31 ans, d\u00e9croche son premier succ\u00e8s depuis 2019 et sa victoire \u00e0 S\u00f6lden (Autriche).<\/p>\n","protected":false},"author":4,"featured_media":101878,"comment_status":"open","ping_status":"closed","sticky":false,"template":"","format":"standard","meta":{"_acf_changed":false,"_daextam_enable_autolinks":"","footnotes":""},"categories":[9217],"tags":[13894,24,2232],"class_list":["post-101877","post","type-post","status-publish","format-standard","has-post-thumbnail","hentry","category-ski","tag-geant-de-kronplatz","tag-sport","tag-tessa-worley"],"acf":[],"yoast_head":"<!-- This site is optimized with the Yoast SEO Premium plugin v26.7 (Yoast SEO v26.7) - https:\/\/yoast.com\/wordpress\/plugins\/seo\/ -->\n<title>Slalom g\u00e9ant de Kronplatz : Tessa Worley s&#039;impose en patronne<\/title>\n<meta name=\"description\" content=\"SKI ALPIN 2020-2021 - Ph\u00e9nom\u00e9nale Tessa Worley ! La Fran\u00e7aise a remport\u00e9 ce mardi le g\u00e9ant de Kronplatz (Italie).\" \/>\n<meta name=\"robots\" content=\"index, follow, max-snippet:-1, max-image-preview:large, max-video-preview:-1\" \/>\n<link rel=\"canonical\" href=\"https:\/\/dicodusport.fr\/blog\/slalom-geant-de-kronplatz-tessa-worley-s-impose-en-patronne\/\" \/>\n<meta property=\"og:locale\" content=\"fr_FR\" \/>\n<meta property=\"og:type\" content=\"article\" \/>\n<meta property=\"og:title\" content=\"Slalom g\u00e9ant de Kronplatz : Tessa Worley s&#039;impose en patronne\" \/>\n<meta property=\"og:description\" content=\"SKI ALPIN 2020-2021 - Ph\u00e9nom\u00e9nale Tessa Worley ! La Fran\u00e7aise a remport\u00e9 ce mardi le g\u00e9ant de Kronplatz (Italie).\" \/>\n<meta property=\"og:url\" content=\"https:\/\/dicodusport.fr\/blog\/slalom-geant-de-kronplatz-tessa-worley-s-impose-en-patronne\/\" \/>\n<meta property=\"og:site_name\" content=\"Dicodusport\" \/>\n<meta property=\"article:publisher\" content=\"https:\/\/www.facebook.com\/dicodusport\" \/>\n<meta property=\"article:author\" content=\"https:\/\/www.facebook.com\/florent.ostermann\" \/>\n<meta property=\"article:published_time\" content=\"2021-01-26T13:35:29+00:00\" \/>\n<meta property=\"article:modified_time\" content=\"2021-01-26T16:27:40+00:00\" \/>\n<meta property=\"og:image\" content=\"https:\/\/dicodusport.fr\/blog\/wp-content\/uploads\/2021\/01\/Slalom-geant-de-Kronplatz-Tessa-Worley-simpose-en-patronne.png\" \/>\n\t<meta property=\"og:image:width\" content=\"800\" \/>\n\t<meta property=\"og:image:height\" content=\"445\" \/>\n\t<meta property=\"og:image:type\" content=\"image\/png\" \/>\n<meta name=\"author\" content=\"Flo Ostermann\" \/>\n<meta name=\"twitter:card\" content=\"summary_large_image\" \/>\n<meta name=\"twitter:title\" content=\"Slalom g\u00e9ant de Kronplatz : Tessa Worley s&#039;impose en patronne\" \/>\n<meta name=\"twitter:creator\" content=\"@https:\/\/twitter.com\/FlOstermann\" \/>\n<meta name=\"twitter:site\" content=\"@dicodusport\" \/>\n<script type=\"application\/ld+json\" class=\"yoast-schema-graph\">{\"@context\":\"https:\/\/schema.org\",\"@graph\":[{\"@type\":\"NewsArticle\",\"@id\":\"https:\/\/dicodusport.fr\/blog\/slalom-geant-de-kronplatz-tessa-worley-s-impose-en-patronne\/#article\",\"isPartOf\":{\"@id\":\"https:\/\/dicodusport.fr\/blog\/slalom-geant-de-kronplatz-tessa-worley-s-impose-en-patronne\/\"},\"author\":{\"name\":\"Flo Ostermann\",\"@id\":\"https:\/\/dicodusport.fr\/blog\/#\/schema\/person\/cb02af4c173ce4a653b55e9baf388d4a\"},\"headline\":\"Slalom g\u00e9ant de Kronplatz : Tessa Worley s&rsquo;impose en patronne\",\"datePublished\":\"2021-01-26T13:35:29+00:00\",\"dateModified\":\"2021-01-26T16:27:40+00:00\",\"mainEntityOfPage\":{\"@id\":\"https:\/\/dicodusport.fr\/blog\/slalom-geant-de-kronplatz-tessa-worley-s-impose-en-patronne\/\"},\"wordCount\":238,\"commentCount\":0,\"publisher\":{\"@id\":\"https:\/\/dicodusport.fr\/blog\/#organization\"},\"image\":{\"@id\":\"https:\/\/dicodusport.fr\/blog\/slalom-geant-de-kronplatz-tessa-worley-s-impose-en-patronne\/#primaryimage\"},\"thumbnailUrl\":\"https:\/\/dicodusport.fr\/blog\/wp-content\/uploads\/2021\/01\/Slalom-geant-de-Kronplatz-Tessa-Worley-simpose-en-patronne.png\",\"keywords\":[\"G\u00e9ant de Kronplatz\",\"sport\",\"Tessa Worley\"],\"articleSection\":[\"Ski\"],\"inLanguage\":\"fr-FR\",\"potentialAction\":[{\"@type\":\"CommentAction\",\"name\":\"Comment\",\"target\":[\"https:\/\/dicodusport.fr\/blog\/slalom-geant-de-kronplatz-tessa-worley-s-impose-en-patronne\/#respond\"]}],\"copyrightYear\":\"2021\",\"copyrightHolder\":{\"@id\":\"https:\/\/dicodusport.fr\/blog\/#organization\"}},{\"@type\":\"WebPage\",\"@id\":\"https:\/\/dicodusport.fr\/blog\/slalom-geant-de-kronplatz-tessa-worley-s-impose-en-patronne\/\",\"url\":\"https:\/\/dicodusport.fr\/blog\/slalom-geant-de-kronplatz-tessa-worley-s-impose-en-patronne\/\",\"name\":\"Slalom g\u00e9ant de Kronplatz : Tessa Worley s'impose en patronne\",\"isPartOf\":{\"@id\":\"https:\/\/dicodusport.fr\/blog\/#website\"},\"primaryImageOfPage\":{\"@id\":\"https:\/\/dicodusport.fr\/blog\/slalom-geant-de-kronplatz-tessa-worley-s-impose-en-patronne\/#primaryimage\"},\"image\":{\"@id\":\"https:\/\/dicodusport.fr\/blog\/slalom-geant-de-kronplatz-tessa-worley-s-impose-en-patronne\/#primaryimage\"},\"thumbnailUrl\":\"https:\/\/dicodusport.fr\/blog\/wp-content\/uploads\/2021\/01\/Slalom-geant-de-Kronplatz-Tessa-Worley-simpose-en-patronne.png\",\"datePublished\":\"2021-01-26T13:35:29+00:00\",\"dateModified\":\"2021-01-26T16:27:40+00:00\",\"description\":\"SKI ALPIN 2020-2021 - Ph\u00e9nom\u00e9nale Tessa Worley ! La Fran\u00e7aise a remport\u00e9 ce mardi le g\u00e9ant de Kronplatz (Italie).\",\"breadcrumb\":{\"@id\":\"https:\/\/dicodusport.fr\/blog\/slalom-geant-de-kronplatz-tessa-worley-s-impose-en-patronne\/#breadcrumb\"},\"inLanguage\":\"fr-FR\",\"potentialAction\":[{\"@type\":\"ReadAction\",\"target\":[\"https:\/\/dicodusport.fr\/blog\/slalom-geant-de-kronplatz-tessa-worley-s-impose-en-patronne\/\"]}]},{\"@type\":\"ImageObject\",\"inLanguage\":\"fr-FR\",\"@id\":\"https:\/\/dicodusport.fr\/blog\/slalom-geant-de-kronplatz-tessa-worley-s-impose-en-patronne\/#primaryimage\",\"url\":\"https:\/\/dicodusport.fr\/blog\/wp-content\/uploads\/2021\/01\/Slalom-geant-de-Kronplatz-Tessa-Worley-simpose-en-patronne.png\",\"contentUrl\":\"https:\/\/dicodusport.fr\/blog\/wp-content\/uploads\/2021\/01\/Slalom-geant-de-Kronplatz-Tessa-Worley-simpose-en-patronne.png\",\"width\":800,\"height\":445,\"caption\":\"Tessa Worley - Getty Images\"},{\"@type\":\"BreadcrumbList\",\"@id\":\"https:\/\/dicodusport.fr\/blog\/slalom-geant-de-kronplatz-tessa-worley-s-impose-en-patronne\/#breadcrumb\",\"itemListElement\":[{\"@type\":\"ListItem\",\"position\":1,\"name\":\"Accueil\",\"item\":\"https:\/\/dicodusport.fr\/blog\/\"},{\"@type\":\"ListItem\",\"position\":2,\"name\":\"Slalom g\u00e9ant de Kronplatz : Tessa Worley s&rsquo;impose en patronne\"}]},{\"@type\":\"WebSite\",\"@id\":\"https:\/\/dicodusport.fr\/blog\/#website\",\"url\":\"https:\/\/dicodusport.fr\/blog\/\",\"name\":\"Dicodusport\",\"description\":\"L&#039;encyclop\u00e9die de l&#039;actualit\u00e9 sportive\",\"publisher\":{\"@id\":\"https:\/\/dicodusport.fr\/blog\/#organization\"},\"potentialAction\":[{\"@type\":\"SearchAction\",\"target\":{\"@type\":\"EntryPoint\",\"urlTemplate\":\"https:\/\/dicodusport.fr\/blog\/?s={search_term_string}\"},\"query-input\":{\"@type\":\"PropertyValueSpecification\",\"valueRequired\":true,\"valueName\":\"search_term_string\"}}],\"inLanguage\":\"fr-FR\"},{\"@type\":\"NewsMediaOrganization\",\"@id\":\"https:\/\/dicodusport.fr\/blog\/#organization\",\"name\":\"Dicodusport\",\"url\":\"https:\/\/dicodusport.fr\/blog\/\",\"logo\":{\"@type\":\"ImageObject\",\"inLanguage\":\"fr-FR\",\"@id\":\"https:\/\/dicodusport.fr\/blog\/#\/schema\/logo\/image\/\",\"url\":\"https:\/\/dicodusport.fr\/blog\/wp-content\/uploads\/2020\/06\/cropped-LOGO-DICODUSPORT-2020-SANS-FOND-SANS-TEXTE.png\",\"contentUrl\":\"https:\/\/dicodusport.fr\/blog\/wp-content\/uploads\/2020\/06\/cropped-LOGO-DICODUSPORT-2020-SANS-FOND-SANS-TEXTE.png\",\"width\":512,\"height\":512,\"caption\":\"Dicodusport\"},\"image\":{\"@id\":\"https:\/\/dicodusport.fr\/blog\/#\/schema\/logo\/image\/\"},\"sameAs\":[\"https:\/\/www.facebook.com\/dicodusport\",\"https:\/\/x.com\/dicodusport\",\"https:\/\/www.instagram.com\/dicodusport\/\",\"https:\/\/www.youtube.com\/channel\/UC7V2KZ5sd3htJivAbA4ZG3w\"],\"description\":\"Dicodusport est l'encyclop\u00e9die de l'actualit\u00e9 sportive.\",\"email\":\"bonjour@dicodusport.fr\",\"legalName\":\"DICODUSPORT\",\"foundingDate\":\"2018-01-14\",\"vatID\":\"FR71834470973\",\"taxID\":\"83447097300043\",\"numberOfEmployees\":{\"@type\":\"QuantitativeValue\",\"minValue\":\"1\",\"maxValue\":\"10\"}},{\"@type\":\"Person\",\"@id\":\"https:\/\/dicodusport.fr\/blog\/#\/schema\/person\/cb02af4c173ce4a653b55e9baf388d4a\",\"name\":\"Flo Ostermann\",\"image\":{\"@type\":\"ImageObject\",\"inLanguage\":\"fr-FR\",\"@id\":\"https:\/\/dicodusport.fr\/blog\/#\/schema\/person\/image\/\",\"url\":\"https:\/\/dicodusport.fr\/blog\/wp-content\/uploads\/2021\/05\/Flo-Ostermann-150x150.jpg\",\"contentUrl\":\"https:\/\/dicodusport.fr\/blog\/wp-content\/uploads\/2021\/05\/Flo-Ostermann-150x150.jpg\",\"caption\":\"Flo Ostermann\"},\"description\":\"Journaliste\/R\u00e9dacteur depuis septembre 2015 - Mes premiers souvenirs dans le sport ? Les envol\u00e9es du Stade Toulousain et les duels Villeneuve-Schumacher et H\u00e4kkinen-Schumacher \u00e0 la fin des ann\u00e9es 90, la Coupe du monde de football en 1998, l\u2019exploit du XV de France face aux All Blacks en 1999, mais aussi Richard C\u0153ur de Lion qui vole sur les montagnes du Tour de France. Bien parti pour devenir professeur d\u2019EPS, les \u00e9v\u00e9nements de la vie (et la flemme d\u2019animer des s\u00e9ances de 3x500 m\u00e8tres toute ma vie) m\u2019ont conduit \u00e0 revoir mes plans. Me voil\u00e0 depuis fin 2017 sur Dicodusport, m\u00e9dia gr\u00e2ce (et pour) lequel je partage ma passion : le sport dans tous ses \u00e9tats. Le tout accompagn\u00e9 par les fous furieux et folles furieuses cit\u00e9s sur cette page !\",\"sameAs\":[\"https:\/\/www.facebook.com\/florent.ostermann\",\"https:\/\/x.com\/https:\/\/twitter.com\/FlOstermann\",\"admin\"],\"url\":\"https:\/\/dicodusport.fr\/blog\/author\/flo\/\"}]}<\/script>\n<!-- \/ Yoast SEO Premium plugin. -->","yoast_head_json":{"title":"Slalom g\u00e9ant de Kronplatz : Tessa Worley s'impose en patronne","description":"SKI ALPIN 2020-2021 - Ph\u00e9nom\u00e9nale Tessa Worley ! La Fran\u00e7aise a remport\u00e9 ce mardi le g\u00e9ant de Kronplatz (Italie).","robots":{"index":"index","follow":"follow","max-snippet":"max-snippet:-1","max-image-preview":"max-image-preview:large","max-video-preview":"max-video-preview:-1"},"canonical":"https:\/\/dicodusport.fr\/blog\/slalom-geant-de-kronplatz-tessa-worley-s-impose-en-patronne\/","og_locale":"fr_FR","og_type":"article","og_title":"Slalom g\u00e9ant de Kronplatz : Tessa Worley s'impose en patronne","og_description":"SKI ALPIN 2020-2021 - Ph\u00e9nom\u00e9nale Tessa Worley ! La Fran\u00e7aise a remport\u00e9 ce mardi le g\u00e9ant de Kronplatz (Italie).","og_url":"https:\/\/dicodusport.fr\/blog\/slalom-geant-de-kronplatz-tessa-worley-s-impose-en-patronne\/","og_site_name":"Dicodusport","article_publisher":"https:\/\/www.facebook.com\/dicodusport","article_author":"https:\/\/www.facebook.com\/florent.ostermann","article_published_time":"2021-01-26T13:35:29+00:00","article_modified_time":"2021-01-26T16:27:40+00:00","og_image":[{"width":800,"height":445,"url":"https:\/\/dicodusport.fr\/blog\/wp-content\/uploads\/2021\/01\/Slalom-geant-de-Kronplatz-Tessa-Worley-simpose-en-patronne.png","type":"image\/png"}],"author":"Flo Ostermann","twitter_card":"summary_large_image","twitter_title":"Slalom g\u00e9ant de Kronplatz : Tessa Worley s'impose en patronne","twitter_creator":"@https:\/\/twitter.com\/FlOstermann","twitter_site":"@dicodusport","schema":{"@context":"https:\/\/schema.org","@graph":[{"@type":"NewsArticle","@id":"https:\/\/dicodusport.fr\/blog\/slalom-geant-de-kronplatz-tessa-worley-s-impose-en-patronne\/#article","isPartOf":{"@id":"https:\/\/dicodusport.fr\/blog\/slalom-geant-de-kronplatz-tessa-worley-s-impose-en-patronne\/"},"author":{"name":"Flo Ostermann","@id":"https:\/\/dicodusport.fr\/blog\/#\/schema\/person\/cb02af4c173ce4a653b55e9baf388d4a"},"headline":"Slalom g\u00e9ant de Kronplatz : Tessa Worley s&rsquo;impose en patronne","datePublished":"2021-01-26T13:35:29+00:00","dateModified":"2021-01-26T16:27:40+00:00","mainEntityOfPage":{"@id":"https:\/\/dicodusport.fr\/blog\/slalom-geant-de-kronplatz-tessa-worley-s-impose-en-patronne\/"},"wordCount":238,"commentCount":0,"publisher":{"@id":"https:\/\/dicodusport.fr\/blog\/#organization"},"image":{"@id":"https:\/\/dicodusport.fr\/blog\/slalom-geant-de-kronplatz-tessa-worley-s-impose-en-patronne\/#primaryimage"},"thumbnailUrl":"https:\/\/dicodusport.fr\/blog\/wp-content\/uploads\/2021\/01\/Slalom-geant-de-Kronplatz-Tessa-Worley-simpose-en-patronne.png","keywords":["G\u00e9ant de Kronplatz","sport","Tessa Worley"],"articleSection":["Ski"],"inLanguage":"fr-FR","potentialAction":[{"@type":"CommentAction","name":"Comment","target":["https:\/\/dicodusport.fr\/blog\/slalom-geant-de-kronplatz-tessa-worley-s-impose-en-patronne\/#respond"]}],"copyrightYear":"2021","copyrightHolder":{"@id":"https:\/\/dicodusport.fr\/blog\/#organization"}},{"@type":"WebPage","@id":"https:\/\/dicodusport.fr\/blog\/slalom-geant-de-kronplatz-tessa-worley-s-impose-en-patronne\/","url":"https:\/\/dicodusport.fr\/blog\/slalom-geant-de-kronplatz-tessa-worley-s-impose-en-patronne\/","name":"Slalom g\u00e9ant de Kronplatz : Tessa Worley s'impose en patronne","isPartOf":{"@id":"https:\/\/dicodusport.fr\/blog\/#website"},"primaryImageOfPage":{"@id":"https:\/\/dicodusport.fr\/blog\/slalom-geant-de-kronplatz-tessa-worley-s-impose-en-patronne\/#primaryimage"},"image":{"@id":"https:\/\/dicodusport.fr\/blog\/slalom-geant-de-kronplatz-tessa-worley-s-impose-en-patronne\/#primaryimage"},"thumbnailUrl":"https:\/\/dicodusport.fr\/blog\/wp-content\/uploads\/2021\/01\/Slalom-geant-de-Kronplatz-Tessa-Worley-simpose-en-patronne.png","datePublished":"2021-01-26T13:35:29+00:00","dateModified":"2021-01-26T16:27:40+00:00","description":"SKI ALPIN 2020-2021 - Ph\u00e9nom\u00e9nale Tessa Worley ! La Fran\u00e7aise a remport\u00e9 ce mardi le g\u00e9ant de Kronplatz (Italie).","breadcrumb":{"@id":"https:\/\/dicodusport.fr\/blog\/slalom-geant-de-kronplatz-tessa-worley-s-impose-en-patronne\/#breadcrumb"},"inLanguage":"fr-FR","potentialAction":[{"@type":"ReadAction","target":["https:\/\/dicodusport.fr\/blog\/slalom-geant-de-kronplatz-tessa-worley-s-impose-en-patronne\/"]}]},{"@type":"ImageObject","inLanguage":"fr-FR","@id":"https:\/\/dicodusport.fr\/blog\/slalom-geant-de-kronplatz-tessa-worley-s-impose-en-patronne\/#primaryimage","url":"https:\/\/dicodusport.fr\/blog\/wp-content\/uploads\/2021\/01\/Slalom-geant-de-Kronplatz-Tessa-Worley-simpose-en-patronne.png","contentUrl":"https:\/\/dicodusport.fr\/blog\/wp-content\/uploads\/2021\/01\/Slalom-geant-de-Kronplatz-Tessa-Worley-simpose-en-patronne.png","width":800,"height":445,"caption":"Tessa Worley - Getty Images"},{"@type":"BreadcrumbList","@id":"https:\/\/dicodusport.fr\/blog\/slalom-geant-de-kronplatz-tessa-worley-s-impose-en-patronne\/#breadcrumb","itemListElement":[{"@type":"ListItem","position":1,"name":"Accueil","item":"https:\/\/dicodusport.fr\/blog\/"},{"@type":"ListItem","position":2,"name":"Slalom g\u00e9ant de Kronplatz : Tessa Worley s&rsquo;impose en patronne"}]},{"@type":"WebSite","@id":"https:\/\/dicodusport.fr\/blog\/#website","url":"https:\/\/dicodusport.fr\/blog\/","name":"Dicodusport","description":"L&#039;encyclop\u00e9die de l&#039;actualit\u00e9 sportive","publisher":{"@id":"https:\/\/dicodusport.fr\/blog\/#organization"},"potentialAction":[{"@type":"SearchAction","target":{"@type":"EntryPoint","urlTemplate":"https:\/\/dicodusport.fr\/blog\/?s={search_term_string}"},"query-input":{"@type":"PropertyValueSpecification","valueRequired":true,"valueName":"search_term_string"}}],"inLanguage":"fr-FR"},{"@type":"NewsMediaOrganization","@id":"https:\/\/dicodusport.fr\/blog\/#organization","name":"Dicodusport","url":"https:\/\/dicodusport.fr\/blog\/","logo":{"@type":"ImageObject","inLanguage":"fr-FR","@id":"https:\/\/dicodusport.fr\/blog\/#\/schema\/logo\/image\/","url":"https:\/\/dicodusport.fr\/blog\/wp-content\/uploads\/2020\/06\/cropped-LOGO-DICODUSPORT-2020-SANS-FOND-SANS-TEXTE.png","contentUrl":"https:\/\/dicodusport.fr\/blog\/wp-content\/uploads\/2020\/06\/cropped-LOGO-DICODUSPORT-2020-SANS-FOND-SANS-TEXTE.png","width":512,"height":512,"caption":"Dicodusport"},"image":{"@id":"https:\/\/dicodusport.fr\/blog\/#\/schema\/logo\/image\/"},"sameAs":["https:\/\/www.facebook.com\/dicodusport","https:\/\/x.com\/dicodusport","https:\/\/www.instagram.com\/dicodusport\/","https:\/\/www.youtube.com\/channel\/UC7V2KZ5sd3htJivAbA4ZG3w"],"description":"Dicodusport est l'encyclop\u00e9die de l'actualit\u00e9 sportive.","email":"bonjour@dicodusport.fr","legalName":"DICODUSPORT","foundingDate":"2018-01-14","vatID":"FR71834470973","taxID":"83447097300043","numberOfEmployees":{"@type":"QuantitativeValue","minValue":"1","maxValue":"10"}},{"@type":"Person","@id":"https:\/\/dicodusport.fr\/blog\/#\/schema\/person\/cb02af4c173ce4a653b55e9baf388d4a","name":"Flo Ostermann","image":{"@type":"ImageObject","inLanguage":"fr-FR","@id":"https:\/\/dicodusport.fr\/blog\/#\/schema\/person\/image\/","url":"https:\/\/dicodusport.fr\/blog\/wp-content\/uploads\/2021\/05\/Flo-Ostermann-150x150.jpg","contentUrl":"https:\/\/dicodusport.fr\/blog\/wp-content\/uploads\/2021\/05\/Flo-Ostermann-150x150.jpg","caption":"Flo Ostermann"},"description":"Journaliste\/R\u00e9dacteur depuis septembre 2015 - Mes premiers souvenirs dans le sport ? Les envol\u00e9es du Stade Toulousain et les duels Villeneuve-Schumacher et H\u00e4kkinen-Schumacher \u00e0 la fin des ann\u00e9es 90, la Coupe du monde de football en 1998, l\u2019exploit du XV de France face aux All Blacks en 1999, mais aussi Richard C\u0153ur de Lion qui vole sur les montagnes du Tour de France. Bien parti pour devenir professeur d\u2019EPS, les \u00e9v\u00e9nements de la vie (et la flemme d\u2019animer des s\u00e9ances de 3x500 m\u00e8tres toute ma vie) m\u2019ont conduit \u00e0 revoir mes plans. Me voil\u00e0 depuis fin 2017 sur Dicodusport, m\u00e9dia gr\u00e2ce (et pour) lequel je partage ma passion : le sport dans tous ses \u00e9tats. Le tout accompagn\u00e9 par les fous furieux et folles furieuses cit\u00e9s sur cette page !","sameAs":["https:\/\/www.facebook.com\/florent.ostermann","https:\/\/x.com\/https:\/\/twitter.com\/FlOstermann","admin"],"url":"https:\/\/dicodusport.fr\/blog\/author\/flo\/"}]}},"_links":{"self":[{"href":"https:\/\/dicodusport.fr\/blog\/wp-json\/wp\/v2\/posts\/101877","targetHints":{"allow":["GET"]}}],"collection":[{"href":"https:\/\/dicodusport.fr\/blog\/wp-json\/wp\/v2\/posts"}],"about":[{"href":"https:\/\/dicodusport.fr\/blog\/wp-json\/wp\/v2\/types\/post"}],"author":[{"embeddable":true,"href":"https:\/\/dicodusport.fr\/blog\/wp-json\/wp\/v2\/users\/4"}],"replies":[{"embeddable":true,"href":"https:\/\/dicodusport.fr\/blog\/wp-json\/wp\/v2\/comments?post=101877"}],"version-history":[{"count":0,"href":"https:\/\/dicodusport.fr\/blog\/wp-json\/wp\/v2\/posts\/101877\/revisions"}],"wp:featuredmedia":[{"embeddable":true,"href":"https:\/\/dicodusport.fr\/blog\/wp-json\/wp\/v2\/media\/101878"}],"wp:attachment":[{"href":"https:\/\/dicodusport.fr\/blog\/wp-json\/wp\/v2\/media?parent=101877"}],"wp:term":[{"taxonomy":"category","embeddable":true,"href":"https:\/\/dicodusport.fr\/blog\/wp-json\/wp\/v2\/categories?post=101877"},{"taxonomy":"post_tag","embeddable":true,"href":"https:\/\/dicodusport.fr\/blog\/wp-json\/wp\/v2\/tags?post=101877"}],"curies":[{"name":"wp","href":"https:\/\/api.w.org\/{rel}","templated":true}]}}