{"id":10193,"date":"2018-01-12T10:00:41","date_gmt":"2018-01-12T09:00:41","guid":{"rendered":"http:\/\/dicodusport.fr\/blog\/?p=10193"},"modified":"2018-01-12T08:16:28","modified_gmt":"2018-01-12T07:16:28","slug":"sport-au-feminin-16-lumiere-sur-karine-ruby-constat-claire-lavogez","status":"publish","type":"post","link":"https:\/\/dicodusport.fr\/blog\/sport-au-feminin-16-lumiere-sur-karine-ruby-constat-claire-lavogez\/","title":{"rendered":"Sport au f\u00e9minin #16 : hommage \u00e0 Karine Ruby, le constat de Claire Lavogez"},"content":{"rendered":"<p style=\"text-align: justify;\"><em><strong>Apr\u00e8s <a href=\"http:\/\/sport-inside.eu\/?s=sport+au+f%C3%A9minin\">huit premiers \u00e9pisodes sur Sport-Inside<\/a>, la chronique l\u2019\u00e9mission de radio <a href=\"https:\/\/www.facebook.com\/SportauFeminin1\/?ref=br_rs\">Sport au f\u00e9minin<\/a>\u00a0a pris ses quartiers sur Dicodusport ! Et pour ce premier num\u00e9ro en 2018, Sport au f\u00e9minin fait peau neuve. Au menu cette semaine, hommage \u00e0 la regrett\u00e9e Karine Ruby et focus sur Claire Lavogez.<br \/>\n<\/strong><\/em><\/p>\n<h4 style=\"text-align: justify;\">#Portrait des L\u00e9gendes : Karine Ruby<\/h4>\n<p style=\"text-align: justify;\">Championne olympique fran\u00e7aise de snowboard, sp\u00e9cialiste du slalom g\u00e9ant, du slalom parall\u00e8le et du boardercross, Karine Ruby aurait f\u00eat\u00e9 ses 40 ans le 4 janvier dernier. Guide de haute montagne apr\u00e8s sa carri\u00e8re sportive, elle est d\u00e9c\u00e9d\u00e9e en tombant dans une crevasse pendant une sortie dans le massif du Mont-Blanc.<\/p>\n<p style=\"text-align: justify;\">Elle fut la premi\u00e8re championne olympique de snowboard, \u00e0 seulement 20 ans, en 1998 aux Jeux Olympiques de Nagano dans sa sp\u00e9cialit\u00e9 qu\u2019est le slalom g\u00e9ant. Elle r\u00e9cidivera en 2002 aux Jeux de Salt Lake City. Mais son palmar\u00e8s ne s\u2019arr\u00eate pas l\u00e0 puisqu\u2019elle remporte, entre 1996 et 2005, 6 m\u00e9dailles d\u2019or et 4 d\u2019argent aux championnats du Monde dans diff\u00e9rentes disciplines : le slalom parall\u00e8le, le slalom g\u00e9ant et le cross. Avec 67 victoires en Coupe du Monde et 6 globes de cristal, elle est la snowboardeuse la plus titr\u00e9e de son temps.<\/p>\n<p style=\"text-align: justify;\">Malgr\u00e9 de grosses blessures (genou en 2004 et vert\u00e8bres en 2005), elle parvient \u00e0 participer \u00e0 ses troisi\u00e8mes JO \u00e0 Turin en 2006. Mais la marche \u00e9tait trop haute et termine \u00e0 la 16\u00e8me place de l\u2019\u00e9preuve de boardercross. Elle d\u00e9cide de se retirer de la comp\u00e9tition et de consacrer sa vie \u00e0 la montagne en devenant guide de haute montagne. Karine Ruby restera une figure embl\u00e9matique du sport fran\u00e7ais qui a ouvert la voie du snowboard aux athl\u00e8tes fran\u00e7aises.<\/p>\n<h4 style=\"text-align: justify;\">#Et si vous nous donniez votre avis ?<\/h4>\n<p style=\"text-align: justify;\">Apr\u00e8s son pr\u00eat au FC Fleury 91 (11e de D1F) Claire Lavogez avait r\u00e9agi dans les colonnes du Parisien :<\/p>\n<p style=\"text-align: justify;\"><em>\u00ab C\u2019est un bon choix pour rebondir et retrouver l\u2019\u00e9quipe de France. [&#8230;] Apr\u00e8s ma blessure, j\u2019ai tout fait pour revenir \u00e0 mon meilleur niveau, mais on ne m\u2019a pas donn\u00e9 ma chance. [&#8230;] On ne fait pas confiance aux jeunes fran\u00e7aises \u00bb. <\/em>Elle regrette que Reynald Pedros, entraineur de l\u2019OL ne lui ait <em>\u00ab pas fait confiance \u00bb<\/em> <em>\u00ab La pilule a \u00e9t\u00e9 dure \u00e0 avaler, il n\u2019a pas pris le temps de me connaitre (..) \u00bb<\/em> Elle ajoute : <em>\u00ab le constat c\u2019est qu\u2019il y a beaucoup d\u2019\u00e9trang\u00e8res dans les grands clubs fran\u00e7ais et qu\u2019on ne fait pas confiance aux jeunes joueuses fran\u00e7aises \u00bb.<\/em><\/p>\n<div id=\"attachment_10251\" style=\"width: 950px\" class=\"wp-caption aligncenter\"><img loading=\"lazy\" decoding=\"async\" aria-describedby=\"caption-attachment-10251\" class=\"size-full wp-image-10251\" src=\"http:\/\/dicodusport.fr\/blog\/wp-content\/uploads\/2018\/01\/Claire-Lavogez.jpg\" alt=\"\" width=\"940\" height=\"640\" srcset=\"https:\/\/dicodusport.fr\/blog\/wp-content\/uploads\/2018\/01\/Claire-Lavogez.jpg 940w, https:\/\/dicodusport.fr\/blog\/wp-content\/uploads\/2018\/01\/Claire-Lavogez-300x204.jpg 300w, https:\/\/dicodusport.fr\/blog\/wp-content\/uploads\/2018\/01\/Claire-Lavogez-768x523.jpg 768w, https:\/\/dicodusport.fr\/blog\/wp-content\/uploads\/2018\/01\/Claire-Lavogez-130x90.jpg 130w\" sizes=\"auto, (max-width: 940px) 100vw, 940px\" \/><p id=\"caption-attachment-10251\" class=\"wp-caption-text\">Claire Lavogez avec le maillot de l&rsquo;\u00e9quipe de France &#8211; F\u00e9d\u00e9ration Fran\u00e7aise de Football<\/p><\/div>\n<p style=\"text-align: justify;\">Sur Twitter, nous vous avons pos\u00e9 la question suivante : <strong>la pr\u00e9sence d&rsquo;un nombre important de joueuses \u00e9trang\u00e8res dans les grands clubs de D1 peut-elle nuire au d\u00e9veloppement des joueuses fran\u00e7aises et donc \u00e0 l\u2019\u00e9quipe de France, en vue de la future Coupe du Monde 2019 en France ?<\/strong><\/p>\n<p style=\"text-align: justify;\">A la fin de notre sondage, 60 % des participants ont estim\u00e9 que la pr\u00e9sence des joueuses \u00e9trang\u00e8res dans les grands clubs de D1 ne nuisait pas au d\u00e9veloppement des joueuses fran\u00e7aises. Et vous qu\u2019en pensez-vous ?<\/p>\n<p><em><strong>Deborah Sarfati\u00a0 \u00a0 \u00a0 \u00a0 \u00a0\u00a0<\/strong><br \/>\n<\/em><a href=\"https:\/\/www.facebook.com\/debsnow04\" target=\"_blank\" rel=\"noopener\"><img loading=\"lazy\" decoding=\"async\" class=\"alignnone wp-image-2909\" src=\"http:\/\/dicodusport.fr\/blog\/wp-content\/uploads\/2017\/07\/logo-facebook-150x150.png\" alt=\"\" width=\"40\" height=\"40\" \/><\/a><a href=\"https:\/\/twitter.com\/deborah_3s?lang=fr\" target=\"_blank\" rel=\"noopener\"><img loading=\"lazy\" decoding=\"async\" class=\"alignnone wp-image-2908\" src=\"http:\/\/dicodusport.fr\/blog\/wp-content\/uploads\/2017\/07\/logo-twitter-150x150.png\" alt=\"\" width=\"39\" height=\"39\" \/><\/a><\/p>\n","protected":false},"excerpt":{"rendered":"<p>Apr\u00e8s huit premiers \u00e9pisodes sur Sport-Inside, la chronique l\u2019\u00e9mission de radio Sport au f\u00e9minin\u00a0a pris ses quartiers sur Dicodusport ! Et pour ce premier num\u00e9ro en 2018, Sport au f\u00e9minin fait peau neuve. Au menu cette semaine, hommage \u00e0 la regrett\u00e9e Karine Ruby et focus sur Claire Lavogez. #Portrait des L\u00e9gendes : Karine Ruby Championne [&hellip;]<\/p>\n","protected":false},"author":4,"featured_media":10250,"comment_status":"open","ping_status":"closed","sticky":false,"template":"","format":"standard","meta":{"_acf_changed":false,"_daextam_enable_autolinks":"","footnotes":""},"categories":[2,2366],"tags":[1355,2069,783,1398],"class_list":["post-10193","post","type-post","status-publish","format-standard","has-post-thumbnail","hentry","category-actualites","category-multisports","tag-foot-feminin","tag-ol-feminin","tag-snowboard","tag-sport-feminin"],"acf":[],"yoast_head":"<!-- This site is optimized with the Yoast SEO Premium plugin v26.7 (Yoast SEO v26.7) - https:\/\/yoast.com\/wordpress\/plugins\/seo\/ -->\n<title>Sport au f\u00e9minin #16 : hommage \u00e0 Karine Ruby, le constat de Claire Lavogez<\/title>\n<meta name=\"description\" content=\"Pour ce premier num\u00e9ro en 2018, Sport au f\u00e9minin fait peau neuve. Au menu cette semaine, portrait de la regrett\u00e9 Karine Ruby et focus sur Claire Lavogez.\" \/>\n<meta name=\"robots\" content=\"index, follow, max-snippet:-1, max-image-preview:large, max-video-preview:-1\" \/>\n<link rel=\"canonical\" href=\"https:\/\/dicodusport.fr\/blog\/sport-au-feminin-16-lumiere-sur-karine-ruby-constat-claire-lavogez\/\" \/>\n<meta property=\"og:locale\" content=\"fr_FR\" \/>\n<meta property=\"og:type\" content=\"article\" \/>\n<meta property=\"og:title\" content=\"Sport au f\u00e9minin #16 : hommage \u00e0 Karine Ruby, le constat de Claire Lavogez\" \/>\n<meta property=\"og:description\" content=\"Pour ce premier num\u00e9ro en 2018, Sport au f\u00e9minin fait peau neuve. Au menu cette semaine, portrait de la regrett\u00e9 Karine Ruby et focus sur Claire Lavogez.\" \/>\n<meta property=\"og:url\" content=\"https:\/\/dicodusport.fr\/blog\/sport-au-feminin-16-lumiere-sur-karine-ruby-constat-claire-lavogez\/\" \/>\n<meta property=\"og:site_name\" content=\"Dicodusport\" \/>\n<meta property=\"article:publisher\" content=\"https:\/\/www.facebook.com\/dicodusport\" \/>\n<meta property=\"article:author\" content=\"https:\/\/www.facebook.com\/florent.ostermann\" \/>\n<meta property=\"article:published_time\" content=\"2018-01-12T09:00:41+00:00\" \/>\n<meta property=\"og:image\" content=\"https:\/\/dicodusport.fr\/blog\/wp-content\/uploads\/2018\/01\/Karine-Ruby.png\" \/>\n\t<meta property=\"og:image:width\" content=\"1200\" \/>\n\t<meta property=\"og:image:height\" content=\"670\" \/>\n\t<meta property=\"og:image:type\" content=\"image\/png\" \/>\n<meta name=\"author\" content=\"Flo Ostermann\" \/>\n<meta name=\"twitter:card\" content=\"summary_large_image\" \/>\n<meta name=\"twitter:creator\" content=\"@https:\/\/twitter.com\/FlOstermann\" \/>\n<meta name=\"twitter:site\" content=\"@dicodusport\" \/>\n<script type=\"application\/ld+json\" class=\"yoast-schema-graph\">{\"@context\":\"https:\/\/schema.org\",\"@graph\":[{\"@type\":\"NewsArticle\",\"@id\":\"https:\/\/dicodusport.fr\/blog\/sport-au-feminin-16-lumiere-sur-karine-ruby-constat-claire-lavogez\/#article\",\"isPartOf\":{\"@id\":\"https:\/\/dicodusport.fr\/blog\/sport-au-feminin-16-lumiere-sur-karine-ruby-constat-claire-lavogez\/\"},\"author\":{\"name\":\"Flo Ostermann\",\"@id\":\"https:\/\/dicodusport.fr\/blog\/#\/schema\/person\/cb02af4c173ce4a653b55e9baf388d4a\"},\"headline\":\"Sport au f\u00e9minin #16 : hommage \u00e0 Karine Ruby, le constat de Claire Lavogez\",\"datePublished\":\"2018-01-12T09:00:41+00:00\",\"mainEntityOfPage\":{\"@id\":\"https:\/\/dicodusport.fr\/blog\/sport-au-feminin-16-lumiere-sur-karine-ruby-constat-claire-lavogez\/\"},\"wordCount\":561,\"commentCount\":0,\"publisher\":{\"@id\":\"https:\/\/dicodusport.fr\/blog\/#organization\"},\"image\":{\"@id\":\"https:\/\/dicodusport.fr\/blog\/sport-au-feminin-16-lumiere-sur-karine-ruby-constat-claire-lavogez\/#primaryimage\"},\"thumbnailUrl\":\"https:\/\/dicodusport.fr\/blog\/wp-content\/uploads\/2018\/01\/Karine-Ruby.png\",\"keywords\":[\"foot f\u00e9minin\",\"OL f\u00e9minin\",\"snowboard\",\"sport f\u00e9minin\"],\"articleSection\":[\"Actualit\u00e9s\",\"Multisports\"],\"inLanguage\":\"fr-FR\",\"potentialAction\":[{\"@type\":\"CommentAction\",\"name\":\"Comment\",\"target\":[\"https:\/\/dicodusport.fr\/blog\/sport-au-feminin-16-lumiere-sur-karine-ruby-constat-claire-lavogez\/#respond\"]}],\"copyrightYear\":\"2018\",\"copyrightHolder\":{\"@id\":\"https:\/\/dicodusport.fr\/blog\/#organization\"}},{\"@type\":\"WebPage\",\"@id\":\"https:\/\/dicodusport.fr\/blog\/sport-au-feminin-16-lumiere-sur-karine-ruby-constat-claire-lavogez\/\",\"url\":\"https:\/\/dicodusport.fr\/blog\/sport-au-feminin-16-lumiere-sur-karine-ruby-constat-claire-lavogez\/\",\"name\":\"Sport au f\u00e9minin #16 : hommage \u00e0 Karine Ruby, le constat de Claire Lavogez\",\"isPartOf\":{\"@id\":\"https:\/\/dicodusport.fr\/blog\/#website\"},\"primaryImageOfPage\":{\"@id\":\"https:\/\/dicodusport.fr\/blog\/sport-au-feminin-16-lumiere-sur-karine-ruby-constat-claire-lavogez\/#primaryimage\"},\"image\":{\"@id\":\"https:\/\/dicodusport.fr\/blog\/sport-au-feminin-16-lumiere-sur-karine-ruby-constat-claire-lavogez\/#primaryimage\"},\"thumbnailUrl\":\"https:\/\/dicodusport.fr\/blog\/wp-content\/uploads\/2018\/01\/Karine-Ruby.png\",\"datePublished\":\"2018-01-12T09:00:41+00:00\",\"description\":\"Pour ce premier num\u00e9ro en 2018, Sport au f\u00e9minin fait peau neuve. Au menu cette semaine, portrait de la regrett\u00e9 Karine Ruby et focus sur Claire Lavogez.\",\"breadcrumb\":{\"@id\":\"https:\/\/dicodusport.fr\/blog\/sport-au-feminin-16-lumiere-sur-karine-ruby-constat-claire-lavogez\/#breadcrumb\"},\"inLanguage\":\"fr-FR\",\"potentialAction\":[{\"@type\":\"ReadAction\",\"target\":[\"https:\/\/dicodusport.fr\/blog\/sport-au-feminin-16-lumiere-sur-karine-ruby-constat-claire-lavogez\/\"]}]},{\"@type\":\"ImageObject\",\"inLanguage\":\"fr-FR\",\"@id\":\"https:\/\/dicodusport.fr\/blog\/sport-au-feminin-16-lumiere-sur-karine-ruby-constat-claire-lavogez\/#primaryimage\",\"url\":\"https:\/\/dicodusport.fr\/blog\/wp-content\/uploads\/2018\/01\/Karine-Ruby.png\",\"contentUrl\":\"https:\/\/dicodusport.fr\/blog\/wp-content\/uploads\/2018\/01\/Karine-Ruby.png\",\"width\":1200,\"height\":670},{\"@type\":\"BreadcrumbList\",\"@id\":\"https:\/\/dicodusport.fr\/blog\/sport-au-feminin-16-lumiere-sur-karine-ruby-constat-claire-lavogez\/#breadcrumb\",\"itemListElement\":[{\"@type\":\"ListItem\",\"position\":1,\"name\":\"Accueil\",\"item\":\"https:\/\/dicodusport.fr\/blog\/\"},{\"@type\":\"ListItem\",\"position\":2,\"name\":\"Sport au f\u00e9minin #16 : hommage \u00e0 Karine Ruby, le constat de Claire Lavogez\"}]},{\"@type\":\"WebSite\",\"@id\":\"https:\/\/dicodusport.fr\/blog\/#website\",\"url\":\"https:\/\/dicodusport.fr\/blog\/\",\"name\":\"Dicodusport\",\"description\":\"L&#039;encyclop\u00e9die de l&#039;actualit\u00e9 sportive\",\"publisher\":{\"@id\":\"https:\/\/dicodusport.fr\/blog\/#organization\"},\"potentialAction\":[{\"@type\":\"SearchAction\",\"target\":{\"@type\":\"EntryPoint\",\"urlTemplate\":\"https:\/\/dicodusport.fr\/blog\/?s={search_term_string}\"},\"query-input\":{\"@type\":\"PropertyValueSpecification\",\"valueRequired\":true,\"valueName\":\"search_term_string\"}}],\"inLanguage\":\"fr-FR\"},{\"@type\":\"NewsMediaOrganization\",\"@id\":\"https:\/\/dicodusport.fr\/blog\/#organization\",\"name\":\"Dicodusport\",\"url\":\"https:\/\/dicodusport.fr\/blog\/\",\"logo\":{\"@type\":\"ImageObject\",\"inLanguage\":\"fr-FR\",\"@id\":\"https:\/\/dicodusport.fr\/blog\/#\/schema\/logo\/image\/\",\"url\":\"https:\/\/dicodusport.fr\/blog\/wp-content\/uploads\/2020\/06\/cropped-LOGO-DICODUSPORT-2020-SANS-FOND-SANS-TEXTE.png\",\"contentUrl\":\"https:\/\/dicodusport.fr\/blog\/wp-content\/uploads\/2020\/06\/cropped-LOGO-DICODUSPORT-2020-SANS-FOND-SANS-TEXTE.png\",\"width\":512,\"height\":512,\"caption\":\"Dicodusport\"},\"image\":{\"@id\":\"https:\/\/dicodusport.fr\/blog\/#\/schema\/logo\/image\/\"},\"sameAs\":[\"https:\/\/www.facebook.com\/dicodusport\",\"https:\/\/x.com\/dicodusport\",\"https:\/\/www.instagram.com\/dicodusport\/\",\"https:\/\/www.youtube.com\/channel\/UC7V2KZ5sd3htJivAbA4ZG3w\"],\"description\":\"Dicodusport est l'encyclop\u00e9die de l'actualit\u00e9 sportive.\",\"email\":\"bonjour@dicodusport.fr\",\"legalName\":\"DICODUSPORT\",\"foundingDate\":\"2018-01-14\",\"vatID\":\"FR71834470973\",\"taxID\":\"83447097300043\",\"numberOfEmployees\":{\"@type\":\"QuantitativeValue\",\"minValue\":\"1\",\"maxValue\":\"10\"}},{\"@type\":\"Person\",\"@id\":\"https:\/\/dicodusport.fr\/blog\/#\/schema\/person\/cb02af4c173ce4a653b55e9baf388d4a\",\"name\":\"Flo Ostermann\",\"image\":{\"@type\":\"ImageObject\",\"inLanguage\":\"fr-FR\",\"@id\":\"https:\/\/dicodusport.fr\/blog\/#\/schema\/person\/image\/\",\"url\":\"https:\/\/dicodusport.fr\/blog\/wp-content\/uploads\/2021\/05\/Flo-Ostermann-150x150.jpg\",\"contentUrl\":\"https:\/\/dicodusport.fr\/blog\/wp-content\/uploads\/2021\/05\/Flo-Ostermann-150x150.jpg\",\"caption\":\"Flo Ostermann\"},\"description\":\"Journaliste\/R\u00e9dacteur depuis septembre 2015 - Mes premiers souvenirs dans le sport ? Les envol\u00e9es du Stade Toulousain et les duels Villeneuve-Schumacher et H\u00e4kkinen-Schumacher \u00e0 la fin des ann\u00e9es 90, la Coupe du monde de football en 1998, l\u2019exploit du XV de France face aux All Blacks en 1999, mais aussi Richard C\u0153ur de Lion qui vole sur les montagnes du Tour de France. Bien parti pour devenir professeur d\u2019EPS, les \u00e9v\u00e9nements de la vie (et la flemme d\u2019animer des s\u00e9ances de 3x500 m\u00e8tres toute ma vie) m\u2019ont conduit \u00e0 revoir mes plans. Me voil\u00e0 depuis fin 2017 sur Dicodusport, m\u00e9dia gr\u00e2ce (et pour) lequel je partage ma passion : le sport dans tous ses \u00e9tats. Le tout accompagn\u00e9 par les fous furieux et folles furieuses cit\u00e9s sur cette page !\",\"sameAs\":[\"https:\/\/www.facebook.com\/florent.ostermann\",\"https:\/\/x.com\/https:\/\/twitter.com\/FlOstermann\",\"admin\"],\"url\":\"https:\/\/dicodusport.fr\/blog\/author\/flo\/\"}]}<\/script>\n<!-- \/ Yoast SEO Premium plugin. -->","yoast_head_json":{"title":"Sport au f\u00e9minin #16 : hommage \u00e0 Karine Ruby, le constat de Claire Lavogez","description":"Pour ce premier num\u00e9ro en 2018, Sport au f\u00e9minin fait peau neuve. Au menu cette semaine, portrait de la regrett\u00e9 Karine Ruby et focus sur Claire Lavogez.","robots":{"index":"index","follow":"follow","max-snippet":"max-snippet:-1","max-image-preview":"max-image-preview:large","max-video-preview":"max-video-preview:-1"},"canonical":"https:\/\/dicodusport.fr\/blog\/sport-au-feminin-16-lumiere-sur-karine-ruby-constat-claire-lavogez\/","og_locale":"fr_FR","og_type":"article","og_title":"Sport au f\u00e9minin #16 : hommage \u00e0 Karine Ruby, le constat de Claire Lavogez","og_description":"Pour ce premier num\u00e9ro en 2018, Sport au f\u00e9minin fait peau neuve. Au menu cette semaine, portrait de la regrett\u00e9 Karine Ruby et focus sur Claire Lavogez.","og_url":"https:\/\/dicodusport.fr\/blog\/sport-au-feminin-16-lumiere-sur-karine-ruby-constat-claire-lavogez\/","og_site_name":"Dicodusport","article_publisher":"https:\/\/www.facebook.com\/dicodusport","article_author":"https:\/\/www.facebook.com\/florent.ostermann","article_published_time":"2018-01-12T09:00:41+00:00","og_image":[{"width":1200,"height":670,"url":"https:\/\/dicodusport.fr\/blog\/wp-content\/uploads\/2018\/01\/Karine-Ruby.png","type":"image\/png"}],"author":"Flo Ostermann","twitter_card":"summary_large_image","twitter_creator":"@https:\/\/twitter.com\/FlOstermann","twitter_site":"@dicodusport","schema":{"@context":"https:\/\/schema.org","@graph":[{"@type":"NewsArticle","@id":"https:\/\/dicodusport.fr\/blog\/sport-au-feminin-16-lumiere-sur-karine-ruby-constat-claire-lavogez\/#article","isPartOf":{"@id":"https:\/\/dicodusport.fr\/blog\/sport-au-feminin-16-lumiere-sur-karine-ruby-constat-claire-lavogez\/"},"author":{"name":"Flo Ostermann","@id":"https:\/\/dicodusport.fr\/blog\/#\/schema\/person\/cb02af4c173ce4a653b55e9baf388d4a"},"headline":"Sport au f\u00e9minin #16 : hommage \u00e0 Karine Ruby, le constat de Claire Lavogez","datePublished":"2018-01-12T09:00:41+00:00","mainEntityOfPage":{"@id":"https:\/\/dicodusport.fr\/blog\/sport-au-feminin-16-lumiere-sur-karine-ruby-constat-claire-lavogez\/"},"wordCount":561,"commentCount":0,"publisher":{"@id":"https:\/\/dicodusport.fr\/blog\/#organization"},"image":{"@id":"https:\/\/dicodusport.fr\/blog\/sport-au-feminin-16-lumiere-sur-karine-ruby-constat-claire-lavogez\/#primaryimage"},"thumbnailUrl":"https:\/\/dicodusport.fr\/blog\/wp-content\/uploads\/2018\/01\/Karine-Ruby.png","keywords":["foot f\u00e9minin","OL f\u00e9minin","snowboard","sport f\u00e9minin"],"articleSection":["Actualit\u00e9s","Multisports"],"inLanguage":"fr-FR","potentialAction":[{"@type":"CommentAction","name":"Comment","target":["https:\/\/dicodusport.fr\/blog\/sport-au-feminin-16-lumiere-sur-karine-ruby-constat-claire-lavogez\/#respond"]}],"copyrightYear":"2018","copyrightHolder":{"@id":"https:\/\/dicodusport.fr\/blog\/#organization"}},{"@type":"WebPage","@id":"https:\/\/dicodusport.fr\/blog\/sport-au-feminin-16-lumiere-sur-karine-ruby-constat-claire-lavogez\/","url":"https:\/\/dicodusport.fr\/blog\/sport-au-feminin-16-lumiere-sur-karine-ruby-constat-claire-lavogez\/","name":"Sport au f\u00e9minin #16 : hommage \u00e0 Karine Ruby, le constat de Claire Lavogez","isPartOf":{"@id":"https:\/\/dicodusport.fr\/blog\/#website"},"primaryImageOfPage":{"@id":"https:\/\/dicodusport.fr\/blog\/sport-au-feminin-16-lumiere-sur-karine-ruby-constat-claire-lavogez\/#primaryimage"},"image":{"@id":"https:\/\/dicodusport.fr\/blog\/sport-au-feminin-16-lumiere-sur-karine-ruby-constat-claire-lavogez\/#primaryimage"},"thumbnailUrl":"https:\/\/dicodusport.fr\/blog\/wp-content\/uploads\/2018\/01\/Karine-Ruby.png","datePublished":"2018-01-12T09:00:41+00:00","description":"Pour ce premier num\u00e9ro en 2018, Sport au f\u00e9minin fait peau neuve. Au menu cette semaine, portrait de la regrett\u00e9 Karine Ruby et focus sur Claire Lavogez.","breadcrumb":{"@id":"https:\/\/dicodusport.fr\/blog\/sport-au-feminin-16-lumiere-sur-karine-ruby-constat-claire-lavogez\/#breadcrumb"},"inLanguage":"fr-FR","potentialAction":[{"@type":"ReadAction","target":["https:\/\/dicodusport.fr\/blog\/sport-au-feminin-16-lumiere-sur-karine-ruby-constat-claire-lavogez\/"]}]},{"@type":"ImageObject","inLanguage":"fr-FR","@id":"https:\/\/dicodusport.fr\/blog\/sport-au-feminin-16-lumiere-sur-karine-ruby-constat-claire-lavogez\/#primaryimage","url":"https:\/\/dicodusport.fr\/blog\/wp-content\/uploads\/2018\/01\/Karine-Ruby.png","contentUrl":"https:\/\/dicodusport.fr\/blog\/wp-content\/uploads\/2018\/01\/Karine-Ruby.png","width":1200,"height":670},{"@type":"BreadcrumbList","@id":"https:\/\/dicodusport.fr\/blog\/sport-au-feminin-16-lumiere-sur-karine-ruby-constat-claire-lavogez\/#breadcrumb","itemListElement":[{"@type":"ListItem","position":1,"name":"Accueil","item":"https:\/\/dicodusport.fr\/blog\/"},{"@type":"ListItem","position":2,"name":"Sport au f\u00e9minin #16 : hommage \u00e0 Karine Ruby, le constat de Claire Lavogez"}]},{"@type":"WebSite","@id":"https:\/\/dicodusport.fr\/blog\/#website","url":"https:\/\/dicodusport.fr\/blog\/","name":"Dicodusport","description":"L&#039;encyclop\u00e9die de l&#039;actualit\u00e9 sportive","publisher":{"@id":"https:\/\/dicodusport.fr\/blog\/#organization"},"potentialAction":[{"@type":"SearchAction","target":{"@type":"EntryPoint","urlTemplate":"https:\/\/dicodusport.fr\/blog\/?s={search_term_string}"},"query-input":{"@type":"PropertyValueSpecification","valueRequired":true,"valueName":"search_term_string"}}],"inLanguage":"fr-FR"},{"@type":"NewsMediaOrganization","@id":"https:\/\/dicodusport.fr\/blog\/#organization","name":"Dicodusport","url":"https:\/\/dicodusport.fr\/blog\/","logo":{"@type":"ImageObject","inLanguage":"fr-FR","@id":"https:\/\/dicodusport.fr\/blog\/#\/schema\/logo\/image\/","url":"https:\/\/dicodusport.fr\/blog\/wp-content\/uploads\/2020\/06\/cropped-LOGO-DICODUSPORT-2020-SANS-FOND-SANS-TEXTE.png","contentUrl":"https:\/\/dicodusport.fr\/blog\/wp-content\/uploads\/2020\/06\/cropped-LOGO-DICODUSPORT-2020-SANS-FOND-SANS-TEXTE.png","width":512,"height":512,"caption":"Dicodusport"},"image":{"@id":"https:\/\/dicodusport.fr\/blog\/#\/schema\/logo\/image\/"},"sameAs":["https:\/\/www.facebook.com\/dicodusport","https:\/\/x.com\/dicodusport","https:\/\/www.instagram.com\/dicodusport\/","https:\/\/www.youtube.com\/channel\/UC7V2KZ5sd3htJivAbA4ZG3w"],"description":"Dicodusport est l'encyclop\u00e9die de l'actualit\u00e9 sportive.","email":"bonjour@dicodusport.fr","legalName":"DICODUSPORT","foundingDate":"2018-01-14","vatID":"FR71834470973","taxID":"83447097300043","numberOfEmployees":{"@type":"QuantitativeValue","minValue":"1","maxValue":"10"}},{"@type":"Person","@id":"https:\/\/dicodusport.fr\/blog\/#\/schema\/person\/cb02af4c173ce4a653b55e9baf388d4a","name":"Flo Ostermann","image":{"@type":"ImageObject","inLanguage":"fr-FR","@id":"https:\/\/dicodusport.fr\/blog\/#\/schema\/person\/image\/","url":"https:\/\/dicodusport.fr\/blog\/wp-content\/uploads\/2021\/05\/Flo-Ostermann-150x150.jpg","contentUrl":"https:\/\/dicodusport.fr\/blog\/wp-content\/uploads\/2021\/05\/Flo-Ostermann-150x150.jpg","caption":"Flo Ostermann"},"description":"Journaliste\/R\u00e9dacteur depuis septembre 2015 - Mes premiers souvenirs dans le sport ? Les envol\u00e9es du Stade Toulousain et les duels Villeneuve-Schumacher et H\u00e4kkinen-Schumacher \u00e0 la fin des ann\u00e9es 90, la Coupe du monde de football en 1998, l\u2019exploit du XV de France face aux All Blacks en 1999, mais aussi Richard C\u0153ur de Lion qui vole sur les montagnes du Tour de France. Bien parti pour devenir professeur d\u2019EPS, les \u00e9v\u00e9nements de la vie (et la flemme d\u2019animer des s\u00e9ances de 3x500 m\u00e8tres toute ma vie) m\u2019ont conduit \u00e0 revoir mes plans. Me voil\u00e0 depuis fin 2017 sur Dicodusport, m\u00e9dia gr\u00e2ce (et pour) lequel je partage ma passion : le sport dans tous ses \u00e9tats. Le tout accompagn\u00e9 par les fous furieux et folles furieuses cit\u00e9s sur cette page !","sameAs":["https:\/\/www.facebook.com\/florent.ostermann","https:\/\/x.com\/https:\/\/twitter.com\/FlOstermann","admin"],"url":"https:\/\/dicodusport.fr\/blog\/author\/flo\/"}]}},"_links":{"self":[{"href":"https:\/\/dicodusport.fr\/blog\/wp-json\/wp\/v2\/posts\/10193","targetHints":{"allow":["GET"]}}],"collection":[{"href":"https:\/\/dicodusport.fr\/blog\/wp-json\/wp\/v2\/posts"}],"about":[{"href":"https:\/\/dicodusport.fr\/blog\/wp-json\/wp\/v2\/types\/post"}],"author":[{"embeddable":true,"href":"https:\/\/dicodusport.fr\/blog\/wp-json\/wp\/v2\/users\/4"}],"replies":[{"embeddable":true,"href":"https:\/\/dicodusport.fr\/blog\/wp-json\/wp\/v2\/comments?post=10193"}],"version-history":[{"count":0,"href":"https:\/\/dicodusport.fr\/blog\/wp-json\/wp\/v2\/posts\/10193\/revisions"}],"wp:featuredmedia":[{"embeddable":true,"href":"https:\/\/dicodusport.fr\/blog\/wp-json\/wp\/v2\/media\/10250"}],"wp:attachment":[{"href":"https:\/\/dicodusport.fr\/blog\/wp-json\/wp\/v2\/media?parent=10193"}],"wp:term":[{"taxonomy":"category","embeddable":true,"href":"https:\/\/dicodusport.fr\/blog\/wp-json\/wp\/v2\/categories?post=10193"},{"taxonomy":"post_tag","embeddable":true,"href":"https:\/\/dicodusport.fr\/blog\/wp-json\/wp\/v2\/tags?post=10193"}],"curies":[{"name":"wp","href":"https:\/\/api.w.org\/{rel}","templated":true}]}}