{"id":101958,"date":"2021-01-26T20:53:01","date_gmt":"2021-01-26T19:53:01","guid":{"rendered":"https:\/\/dicodusport.fr\/blog\/?p=101958"},"modified":"2021-01-26T21:40:34","modified_gmt":"2021-01-26T20:40:34","slug":"ligue-2-valenciennes-se-relance-face-au-paris-fc","status":"publish","type":"post","link":"https:\/\/dicodusport.fr\/blog\/ligue-2-valenciennes-se-relance-face-au-paris-fc\/","title":{"rendered":"Ligue 2 : Valenciennes se relance face au Paris FC"},"content":{"rendered":"<p style=\"text-align: justify;\"><em><b>Ligue 2 &#8211; 20\u00e8me journ\u00e9e &#8211; Report\u00e9 \u00e0 cause des chutes de neiges qui se sont abattues, il y a 10 jours, sur le Nord de la France, le match opposant Valenciennes au Paris FC a enfin pu se d\u00e9rouler. Si les Nordistes pouvaient reprendre espoir pour les barrages, les Parisiens avaient l&rsquo;occasion de retrouver le top 5. Au terme d&rsquo;une partie tr\u00e8s disput\u00e9e, les hommes en forme de VA ont permis au club hennuyer de l&#8217;emporter et de se relancer dans ce championnat. Score final : 2-0.\u00a0<\/b><\/em><\/p>\n<p style=\"text-align: justify;\">Alors que le <strong>Paris FC<\/strong> venait d\u2019annoncer, plus t\u00f4t dans la journ\u00e9e, qu\u2019il se s\u00e9parait de <strong>Jonathan Pitroipa<\/strong> d\u2019un commun accord, <strong>Ren\u00e9 Girard<\/strong> pouvait compter sur un effectif quasiment au complet. Cela n\u2019\u00e9tait pas vraiment le cas pour <strong>Olivier Gu\u00e9gan<\/strong>. En effet, l\u2019entra\u00eeneur du club hennuyer devait faire avec de la jeunesse au milieu de terrain puisque <strong>Julien Masson<\/strong>, <strong>Sessi d\u2019Almeida<\/strong> et <strong>Jaba Kankava<\/strong> manquaient \u00e0 l\u2019appel. Tandis que les Valenciennois sont tr\u00e8s irr\u00e9guliers jusque-l\u00e0, ils gardaient l\u2019espoir d\u2019accrocher les places de barragiste. Une victoire \u00e9tait pour cela imp\u00e9rative face \u00e0 des Parisiens qui ont retrouv\u00e9 le chemin de la victoire face \u00e0 Amiens (4-2), samedi dernier.<\/p>\n<h2 style=\"text-align: justify;\">Statu quo<\/h2>\n<p style=\"text-align: justify;\">19h, le coup d\u2019envoi \u00e9tait donn\u00e9 au Stade du Hainaut. Les Rouges contre les Bleus, non, nous n\u2019assistions pas \u00e0 un match de Babyfoot. Ce sont bien 22 joueurs en chair et en os qui foulaient la pelouse du Hainaut. Le premier quart d\u2019heure ressemblait plut\u00f4t \u00e0 un round d\u2019observation. Malgr\u00e9 le manque d\u2019occasions franches de part et d\u2019autre, les d\u00e9bats \u00e9taient bien agr\u00e9ables \u00e0 suivre, tant les deux \u00e9quipes y mettaient du c\u0153ur \u00e0 l\u2019ouvrage.<\/p>\n<p style=\"text-align: justify;\">Apr\u00e8s cela, la premi\u00e8re occasion dangereuse de la partie sera parisienne. Une frappe enroul\u00e9e de <strong>Ga\u00ebtan Laura<\/strong> obligera <strong>J\u00e9r\u00f4me Prior<\/strong> \u00e0 se d\u00e9tendre de tout son long pour repousser le cuir (23\u2019). Ainsi, la demi-heure de jeu pointait le bout de son nez. Il fallait, alors, \u00eatre attentif sur les pertes de balles, pour des Valenciennois qui se faisaient syst\u00e9matiquement surprendre en contre.<\/p>\n<p style=\"text-align: justify;\">De cette mani\u00e8re, c\u2019est au terme d\u2019une premi\u00e8re p\u00e9riode anim\u00e9e mais pauvre en v\u00e9ritables occasions de buts, que les deux formations se s\u00e9paraient sur un score nul et vierge. Un premier acte domin\u00e9 par VA, mais c\u2019\u00e9tait bien les visiteurs les plus incisifs, notamment dans le jeu de transition. 0-0 \u00e0 la pause.<\/p>\n<h2 style=\"text-align: justify;\">La meilleure d\u00e9fense, c\u2019est l\u2019attaque<\/h2>\n<p style=\"text-align: justify;\">Le temps de reprendre des forces et les acteurs de la rencontre repartaient, pied au plancher, pour en d\u00e9coudre dans ce deuxi\u00e8me acte. Peu avant l\u2019heure de jeu, c\u2019\u00e9tait au tour de <strong>Baptiste Guillaume<\/strong> de faire chauffer les gants du gardien adverse. L\u2019attaquant des Rouge et Blanc alertait <strong>Vincent Demarconnay<\/strong> d\u2019une grosse frappe lointaine (56\u2019).<\/p>\n<p style=\"text-align: justify;\">C\u2019est 3 minutes plus tard que venait l\u2019ouverture du score pour les locaux. <strong>Joffrey Cuffaut<\/strong> d\u00e9boulait \u00e0 toute blinde vers le but depuis son c\u00f4t\u00e9 droit, son tir crois\u00e9 \u00e9tait impeccable pour finir sa course dans le petit filet oppos\u00e9 (59\u2019, 1-0). Le d\u00e9fenseur confirmait, par ailleurs, sa grande forme actuelle avec son 7<sup>\u00e8me<\/sup> but de la saison.<\/p>\n<p style=\"text-align: justify;\">En grande forme \u00e9galement, le duo <strong>Guillaume-Cabral<\/strong> s\u2019illustrait ensuite pour doubler la mise. Le premier offrait un ballon parfait pour le second qui trompait le gardien d\u2019un plat du pied (69\u2019, 2-0). Le score n\u2019\u00e9voluait plus dans cette rencontre. Valenciennes se relan\u00e7ait ainsi en revenant \u00e0 4 points de son adversaire du jour. 2-0, fin du match.<\/p>\n<blockquote class=\"twitter-tweet\">\n<p dir=\"ltr\" lang=\"fr\">&#x231a; C&rsquo;est termin\u00e9 !<\/p>\n<p>Belle prestation des Rouge et Blanc qui s&rsquo;imposent 2-0 face au <a href=\"https:\/\/twitter.com\/ParisFC?ref_src=twsrc%5Etfw\">@ParisFC<\/a> !<a href=\"https:\/\/twitter.com\/hashtag\/VAFCPFC?src=hash&amp;ref_src=twsrc%5Etfw\">#VAFCPFC<\/a> 2-0 <a href=\"https:\/\/t.co\/r5AO3ITQSo\">pic.twitter.com\/r5AO3ITQSo<\/a><\/p>\n<p>\u2014 Valenciennes FC &#x1f9a2; (@VAFC) <a href=\"https:\/\/twitter.com\/VAFC\/status\/1354154780151738368?ref_src=twsrc%5Etfw\">January 26, 2021<\/a><\/p><\/blockquote>\n<p><script async src=\"https:\/\/platform.twitter.com\/widgets.js\" charset=\"utf-8\"><\/script><\/p>\n<p><em><strong>Christophe Beaumont<\/strong><\/em><br \/>\n<em><strong><a href=\"https:\/\/www.facebook.com\/christophe.beaumont.9\"><img loading=\"lazy\" decoding=\"async\" class=\"alignnone wp-image-2909\" src=\"https:\/\/dicodusport.fr\/blog\/wp-content\/uploads\/2017\/07\/logo-facebook.png\" sizes=\"auto, (max-width: 38px) 100vw, 38px\" srcset=\"https:\/\/dicodusport.fr\/blog\/wp-content\/uploads\/2017\/07\/logo-facebook.png 400w, https:\/\/dicodusport.fr\/blog\/wp-content\/uploads\/2017\/07\/logo-facebook-150x150.png 150w, https:\/\/dicodusport.fr\/blog\/wp-content\/uploads\/2017\/07\/logo-facebook-300x300.png 300w\" alt=\"\" width=\"38\" height=\"38\" \/><\/a><a href=\"https:\/\/twitter.com\/Christophebmt\"><img loading=\"lazy\" decoding=\"async\" class=\"alignnone wp-image-2908\" src=\"http:\/\/dicodusport.fr\/blog\/wp-content\/uploads\/2017\/07\/logo-twitter.png\" alt=\"\" width=\"38\" height=\"38\" \/><\/a><a href=\"https:\/\/www.instagram.com\/christophebmt\/?hl=fr\"><img loading=\"lazy\" decoding=\"async\" class=\"alignnone wp-image-3709\" src=\"https:\/\/dicodusport.fr\/blog\/wp-content\/uploads\/2017\/08\/signature-instagram.png\" sizes=\"auto, (max-width: 38px) 100vw, 38px\" srcset=\"https:\/\/dicodusport.fr\/blog\/wp-content\/uploads\/2017\/08\/signature-instagram.png 283w, https:\/\/dicodusport.fr\/blog\/wp-content\/uploads\/2017\/08\/signature-instagram-150x150.png 150w\" alt=\"\" width=\"38\" height=\"38\" \/><\/a><\/strong><\/em><\/p>\n","protected":false},"excerpt":{"rendered":"<p>Ligue 2 &#8211; 20\u00e8me journ\u00e9e &#8211; Report\u00e9 \u00e0 cause des chutes de neiges qui se sont abattues, il y a 10 jours, sur le Nord de la France, le match opposant Valenciennes au Paris FC a enfin pu se d\u00e9rouler. Si les Nordistes pouvaient reprendre espoir pour les barrages, les Parisiens avaient l&rsquo;occasion de retrouver le top 5. Au terme d&rsquo;une partie tr\u00e8s disput\u00e9e, les hommes en forme de VA ont permis au club hennuyer de l&#8217;emporter et de se relancer dans ce championnat. Score final : 2-0.\u00a0<\/p>\n","protected":false},"author":47,"featured_media":101970,"comment_status":"open","ping_status":"closed","sticky":false,"template":"","format":"standard","meta":{"_acf_changed":false,"_daextam_enable_autolinks":"","footnotes":""},"categories":[2301],"tags":[75,12325,3364,5638],"class_list":["post-101958","post","type-post","status-publish","format-standard","has-post-thumbnail","hentry","category-football","tag-football","tag-ligue-2-bkt","tag-paris-fc","tag-valenciennes"],"acf":[],"yoast_head":"<!-- This site is optimized with the Yoast SEO Premium plugin v26.7 (Yoast SEO v26.7) - https:\/\/yoast.com\/wordpress\/plugins\/seo\/ -->\n<title>Ligue 2 : Valenciennes se relance face au Paris FC<\/title>\n<meta name=\"description\" content=\"En match en retard de la 20\u00e8me journ\u00e9e de Ligue 2, Valenciennes recevait le Paris FC. La course aux barrages \u00e9tait en jeu. Score final, 2-0 pour VA.\" \/>\n<meta name=\"robots\" content=\"index, follow, max-snippet:-1, max-image-preview:large, max-video-preview:-1\" \/>\n<link rel=\"canonical\" href=\"https:\/\/dicodusport.fr\/blog\/ligue-2-valenciennes-se-relance-face-au-paris-fc\/\" \/>\n<meta property=\"og:locale\" content=\"fr_FR\" \/>\n<meta property=\"og:type\" content=\"article\" \/>\n<meta property=\"og:title\" content=\"Ligue 2 : Valenciennes se relance face au Paris FC\" \/>\n<meta property=\"og:description\" content=\"En match en retard de la 20\u00e8me journ\u00e9e de Ligue 2, Valenciennes recevait le Paris FC. La course aux barrages \u00e9tait en jeu. Score final, 2-0 pour VA.\" \/>\n<meta property=\"og:url\" content=\"https:\/\/dicodusport.fr\/blog\/ligue-2-valenciennes-se-relance-face-au-paris-fc\/\" \/>\n<meta property=\"og:site_name\" content=\"Dicodusport\" \/>\n<meta property=\"article:publisher\" content=\"https:\/\/www.facebook.com\/dicodusport\" \/>\n<meta property=\"article:author\" content=\"https:\/\/www.facebook.com\/christophe.beaumont.9\" \/>\n<meta property=\"article:published_time\" content=\"2021-01-26T19:53:01+00:00\" \/>\n<meta property=\"article:modified_time\" content=\"2021-01-26T20:40:34+00:00\" \/>\n<meta property=\"og:image\" content=\"https:\/\/dicodusport.fr\/blog\/wp-content\/uploads\/2021\/01\/Ligue-2-Valenciennes-se-relance-face-au-Paris-FC.png\" \/>\n\t<meta property=\"og:image:width\" content=\"800\" \/>\n\t<meta property=\"og:image:height\" content=\"445\" \/>\n\t<meta property=\"og:image:type\" content=\"image\/png\" \/>\n<meta name=\"author\" content=\"Christophe Beaumont\" \/>\n<meta name=\"twitter:card\" content=\"summary_large_image\" \/>\n<meta name=\"twitter:title\" content=\"Ligue 2 : Valenciennes se relance face au Paris FC\" \/>\n<meta name=\"twitter:creator\" content=\"@https:\/\/twitter.com\/Christophebmt\" \/>\n<meta name=\"twitter:site\" content=\"@dicodusport\" \/>\n<script type=\"application\/ld+json\" class=\"yoast-schema-graph\">{\"@context\":\"https:\/\/schema.org\",\"@graph\":[{\"@type\":\"NewsArticle\",\"@id\":\"https:\/\/dicodusport.fr\/blog\/ligue-2-valenciennes-se-relance-face-au-paris-fc\/#article\",\"isPartOf\":{\"@id\":\"https:\/\/dicodusport.fr\/blog\/ligue-2-valenciennes-se-relance-face-au-paris-fc\/\"},\"author\":{\"name\":\"Christophe Beaumont\",\"@id\":\"https:\/\/dicodusport.fr\/blog\/#\/schema\/person\/b89957b7587ef154ecdeda237f64c120\"},\"headline\":\"Ligue 2 : Valenciennes se relance face au Paris FC\",\"datePublished\":\"2021-01-26T19:53:01+00:00\",\"dateModified\":\"2021-01-26T20:40:34+00:00\",\"mainEntityOfPage\":{\"@id\":\"https:\/\/dicodusport.fr\/blog\/ligue-2-valenciennes-se-relance-face-au-paris-fc\/\"},\"wordCount\":654,\"commentCount\":0,\"publisher\":{\"@id\":\"https:\/\/dicodusport.fr\/blog\/#organization\"},\"image\":{\"@id\":\"https:\/\/dicodusport.fr\/blog\/ligue-2-valenciennes-se-relance-face-au-paris-fc\/#primaryimage\"},\"thumbnailUrl\":\"https:\/\/dicodusport.fr\/blog\/wp-content\/uploads\/2021\/01\/Ligue-2-Valenciennes-se-relance-face-au-Paris-FC.png\",\"keywords\":[\"Football\",\"Ligue 2 BKT\",\"Paris FC\",\"Valenciennes\"],\"articleSection\":[\"Football\"],\"inLanguage\":\"fr-FR\",\"potentialAction\":[{\"@type\":\"CommentAction\",\"name\":\"Comment\",\"target\":[\"https:\/\/dicodusport.fr\/blog\/ligue-2-valenciennes-se-relance-face-au-paris-fc\/#respond\"]}],\"copyrightYear\":\"2021\",\"copyrightHolder\":{\"@id\":\"https:\/\/dicodusport.fr\/blog\/#organization\"}},{\"@type\":\"WebPage\",\"@id\":\"https:\/\/dicodusport.fr\/blog\/ligue-2-valenciennes-se-relance-face-au-paris-fc\/\",\"url\":\"https:\/\/dicodusport.fr\/blog\/ligue-2-valenciennes-se-relance-face-au-paris-fc\/\",\"name\":\"Ligue 2 : Valenciennes se relance face au Paris FC\",\"isPartOf\":{\"@id\":\"https:\/\/dicodusport.fr\/blog\/#website\"},\"primaryImageOfPage\":{\"@id\":\"https:\/\/dicodusport.fr\/blog\/ligue-2-valenciennes-se-relance-face-au-paris-fc\/#primaryimage\"},\"image\":{\"@id\":\"https:\/\/dicodusport.fr\/blog\/ligue-2-valenciennes-se-relance-face-au-paris-fc\/#primaryimage\"},\"thumbnailUrl\":\"https:\/\/dicodusport.fr\/blog\/wp-content\/uploads\/2021\/01\/Ligue-2-Valenciennes-se-relance-face-au-Paris-FC.png\",\"datePublished\":\"2021-01-26T19:53:01+00:00\",\"dateModified\":\"2021-01-26T20:40:34+00:00\",\"description\":\"En match en retard de la 20\u00e8me journ\u00e9e de Ligue 2, Valenciennes recevait le Paris FC. La course aux barrages \u00e9tait en jeu. Score final, 2-0 pour VA.\",\"breadcrumb\":{\"@id\":\"https:\/\/dicodusport.fr\/blog\/ligue-2-valenciennes-se-relance-face-au-paris-fc\/#breadcrumb\"},\"inLanguage\":\"fr-FR\",\"potentialAction\":[{\"@type\":\"ReadAction\",\"target\":[\"https:\/\/dicodusport.fr\/blog\/ligue-2-valenciennes-se-relance-face-au-paris-fc\/\"]}]},{\"@type\":\"ImageObject\",\"inLanguage\":\"fr-FR\",\"@id\":\"https:\/\/dicodusport.fr\/blog\/ligue-2-valenciennes-se-relance-face-au-paris-fc\/#primaryimage\",\"url\":\"https:\/\/dicodusport.fr\/blog\/wp-content\/uploads\/2021\/01\/Ligue-2-Valenciennes-se-relance-face-au-Paris-FC.png\",\"contentUrl\":\"https:\/\/dicodusport.fr\/blog\/wp-content\/uploads\/2021\/01\/Ligue-2-Valenciennes-se-relance-face-au-Paris-FC.png\",\"width\":800,\"height\":445,\"caption\":\"Ligue 2 - Valenciennes se relance face au Paris FC\"},{\"@type\":\"BreadcrumbList\",\"@id\":\"https:\/\/dicodusport.fr\/blog\/ligue-2-valenciennes-se-relance-face-au-paris-fc\/#breadcrumb\",\"itemListElement\":[{\"@type\":\"ListItem\",\"position\":1,\"name\":\"Accueil\",\"item\":\"https:\/\/dicodusport.fr\/blog\/\"},{\"@type\":\"ListItem\",\"position\":2,\"name\":\"Ligue 2 : Valenciennes se relance face au Paris FC\"}]},{\"@type\":\"WebSite\",\"@id\":\"https:\/\/dicodusport.fr\/blog\/#website\",\"url\":\"https:\/\/dicodusport.fr\/blog\/\",\"name\":\"Dicodusport\",\"description\":\"L&#039;encyclop\u00e9die de l&#039;actualit\u00e9 sportive\",\"publisher\":{\"@id\":\"https:\/\/dicodusport.fr\/blog\/#organization\"},\"potentialAction\":[{\"@type\":\"SearchAction\",\"target\":{\"@type\":\"EntryPoint\",\"urlTemplate\":\"https:\/\/dicodusport.fr\/blog\/?s={search_term_string}\"},\"query-input\":{\"@type\":\"PropertyValueSpecification\",\"valueRequired\":true,\"valueName\":\"search_term_string\"}}],\"inLanguage\":\"fr-FR\"},{\"@type\":\"NewsMediaOrganization\",\"@id\":\"https:\/\/dicodusport.fr\/blog\/#organization\",\"name\":\"Dicodusport\",\"url\":\"https:\/\/dicodusport.fr\/blog\/\",\"logo\":{\"@type\":\"ImageObject\",\"inLanguage\":\"fr-FR\",\"@id\":\"https:\/\/dicodusport.fr\/blog\/#\/schema\/logo\/image\/\",\"url\":\"https:\/\/dicodusport.fr\/blog\/wp-content\/uploads\/2020\/06\/cropped-LOGO-DICODUSPORT-2020-SANS-FOND-SANS-TEXTE.png\",\"contentUrl\":\"https:\/\/dicodusport.fr\/blog\/wp-content\/uploads\/2020\/06\/cropped-LOGO-DICODUSPORT-2020-SANS-FOND-SANS-TEXTE.png\",\"width\":512,\"height\":512,\"caption\":\"Dicodusport\"},\"image\":{\"@id\":\"https:\/\/dicodusport.fr\/blog\/#\/schema\/logo\/image\/\"},\"sameAs\":[\"https:\/\/www.facebook.com\/dicodusport\",\"https:\/\/x.com\/dicodusport\",\"https:\/\/www.instagram.com\/dicodusport\/\",\"https:\/\/www.youtube.com\/channel\/UC7V2KZ5sd3htJivAbA4ZG3w\"],\"description\":\"Dicodusport est l'encyclop\u00e9die de l'actualit\u00e9 sportive.\",\"email\":\"bonjour@dicodusport.fr\",\"legalName\":\"DICODUSPORT\",\"foundingDate\":\"2018-01-14\",\"vatID\":\"FR71834470973\",\"taxID\":\"83447097300043\",\"numberOfEmployees\":{\"@type\":\"QuantitativeValue\",\"minValue\":\"1\",\"maxValue\":\"10\"}},{\"@type\":\"Person\",\"@id\":\"https:\/\/dicodusport.fr\/blog\/#\/schema\/person\/b89957b7587ef154ecdeda237f64c120\",\"name\":\"Christophe Beaumont\",\"image\":{\"@type\":\"ImageObject\",\"inLanguage\":\"fr-FR\",\"@id\":\"https:\/\/dicodusport.fr\/blog\/#\/schema\/person\/image\/\",\"url\":\"https:\/\/dicodusport.fr\/blog\/wp-content\/uploads\/2021\/05\/Christophe-Beaumont-150x150.jpg\",\"contentUrl\":\"https:\/\/dicodusport.fr\/blog\/wp-content\/uploads\/2021\/05\/Christophe-Beaumont-150x150.jpg\",\"caption\":\"Christophe Beaumont\"},\"description\":\"Journaliste\/r\u00e9dacteur depuis novembre 2020 - C'\u00e9tait \u00e0 13h15, le 24 mai 1994, qu'\u00e9tait donn\u00e9 le coup d'envoi de ma vie. Emmen\u00e9 tr\u00e8s t\u00f4t dans le mythique Stade Nungesser de Valenciennes par mon p\u00e8re et mon grand-p\u00e8re, ma passion pour le Football ne pouvait pas mieux d\u00e9marrer. Tandis que je jouais derri\u00e8re la tribune de fer pendant la quasi totalit\u00e9 des rencontres, ce n'est qu'au moment o\u00f9 Steve Savidan \u00e9crivait les plus heures de VA que je commen\u00e7ais \u00e0 m'int\u00e9resser \u00e0 ce qui se passait sur le rectangle vert. C'est alors par hasard que je me suis mis \u00e0 jouer au Billard durant l'adolescence. Aujourd'hui, mon amour pour ces deux sports est intacte, et Dicodusport me permet de vous conter les histoires de toutes celles et ceux qui les font. En toute humilit\u00e9, pour vous les passionn\u00e9s, et ce jusqu'au coup de sifflet final.\",\"sameAs\":[\"https:\/\/www.facebook.com\/christophe.beaumont.9\",\"https:\/\/www.instagram.com\/christophebmt\/?hl=fr\",\"https:\/\/x.com\/https:\/\/twitter.com\/Christophebmt\"],\"url\":\"https:\/\/dicodusport.fr\/blog\/author\/christopheb\/\"}]}<\/script>\n<!-- \/ Yoast SEO Premium plugin. -->","yoast_head_json":{"title":"Ligue 2 : Valenciennes se relance face au Paris FC","description":"En match en retard de la 20\u00e8me journ\u00e9e de Ligue 2, Valenciennes recevait le Paris FC. La course aux barrages \u00e9tait en jeu. Score final, 2-0 pour VA.","robots":{"index":"index","follow":"follow","max-snippet":"max-snippet:-1","max-image-preview":"max-image-preview:large","max-video-preview":"max-video-preview:-1"},"canonical":"https:\/\/dicodusport.fr\/blog\/ligue-2-valenciennes-se-relance-face-au-paris-fc\/","og_locale":"fr_FR","og_type":"article","og_title":"Ligue 2 : Valenciennes se relance face au Paris FC","og_description":"En match en retard de la 20\u00e8me journ\u00e9e de Ligue 2, Valenciennes recevait le Paris FC. La course aux barrages \u00e9tait en jeu. Score final, 2-0 pour VA.","og_url":"https:\/\/dicodusport.fr\/blog\/ligue-2-valenciennes-se-relance-face-au-paris-fc\/","og_site_name":"Dicodusport","article_publisher":"https:\/\/www.facebook.com\/dicodusport","article_author":"https:\/\/www.facebook.com\/christophe.beaumont.9","article_published_time":"2021-01-26T19:53:01+00:00","article_modified_time":"2021-01-26T20:40:34+00:00","og_image":[{"width":800,"height":445,"url":"https:\/\/dicodusport.fr\/blog\/wp-content\/uploads\/2021\/01\/Ligue-2-Valenciennes-se-relance-face-au-Paris-FC.png","type":"image\/png"}],"author":"Christophe Beaumont","twitter_card":"summary_large_image","twitter_title":"Ligue 2 : Valenciennes se relance face au Paris FC","twitter_creator":"@https:\/\/twitter.com\/Christophebmt","twitter_site":"@dicodusport","schema":{"@context":"https:\/\/schema.org","@graph":[{"@type":"NewsArticle","@id":"https:\/\/dicodusport.fr\/blog\/ligue-2-valenciennes-se-relance-face-au-paris-fc\/#article","isPartOf":{"@id":"https:\/\/dicodusport.fr\/blog\/ligue-2-valenciennes-se-relance-face-au-paris-fc\/"},"author":{"name":"Christophe Beaumont","@id":"https:\/\/dicodusport.fr\/blog\/#\/schema\/person\/b89957b7587ef154ecdeda237f64c120"},"headline":"Ligue 2 : Valenciennes se relance face au Paris FC","datePublished":"2021-01-26T19:53:01+00:00","dateModified":"2021-01-26T20:40:34+00:00","mainEntityOfPage":{"@id":"https:\/\/dicodusport.fr\/blog\/ligue-2-valenciennes-se-relance-face-au-paris-fc\/"},"wordCount":654,"commentCount":0,"publisher":{"@id":"https:\/\/dicodusport.fr\/blog\/#organization"},"image":{"@id":"https:\/\/dicodusport.fr\/blog\/ligue-2-valenciennes-se-relance-face-au-paris-fc\/#primaryimage"},"thumbnailUrl":"https:\/\/dicodusport.fr\/blog\/wp-content\/uploads\/2021\/01\/Ligue-2-Valenciennes-se-relance-face-au-Paris-FC.png","keywords":["Football","Ligue 2 BKT","Paris FC","Valenciennes"],"articleSection":["Football"],"inLanguage":"fr-FR","potentialAction":[{"@type":"CommentAction","name":"Comment","target":["https:\/\/dicodusport.fr\/blog\/ligue-2-valenciennes-se-relance-face-au-paris-fc\/#respond"]}],"copyrightYear":"2021","copyrightHolder":{"@id":"https:\/\/dicodusport.fr\/blog\/#organization"}},{"@type":"WebPage","@id":"https:\/\/dicodusport.fr\/blog\/ligue-2-valenciennes-se-relance-face-au-paris-fc\/","url":"https:\/\/dicodusport.fr\/blog\/ligue-2-valenciennes-se-relance-face-au-paris-fc\/","name":"Ligue 2 : Valenciennes se relance face au Paris FC","isPartOf":{"@id":"https:\/\/dicodusport.fr\/blog\/#website"},"primaryImageOfPage":{"@id":"https:\/\/dicodusport.fr\/blog\/ligue-2-valenciennes-se-relance-face-au-paris-fc\/#primaryimage"},"image":{"@id":"https:\/\/dicodusport.fr\/blog\/ligue-2-valenciennes-se-relance-face-au-paris-fc\/#primaryimage"},"thumbnailUrl":"https:\/\/dicodusport.fr\/blog\/wp-content\/uploads\/2021\/01\/Ligue-2-Valenciennes-se-relance-face-au-Paris-FC.png","datePublished":"2021-01-26T19:53:01+00:00","dateModified":"2021-01-26T20:40:34+00:00","description":"En match en retard de la 20\u00e8me journ\u00e9e de Ligue 2, Valenciennes recevait le Paris FC. La course aux barrages \u00e9tait en jeu. Score final, 2-0 pour VA.","breadcrumb":{"@id":"https:\/\/dicodusport.fr\/blog\/ligue-2-valenciennes-se-relance-face-au-paris-fc\/#breadcrumb"},"inLanguage":"fr-FR","potentialAction":[{"@type":"ReadAction","target":["https:\/\/dicodusport.fr\/blog\/ligue-2-valenciennes-se-relance-face-au-paris-fc\/"]}]},{"@type":"ImageObject","inLanguage":"fr-FR","@id":"https:\/\/dicodusport.fr\/blog\/ligue-2-valenciennes-se-relance-face-au-paris-fc\/#primaryimage","url":"https:\/\/dicodusport.fr\/blog\/wp-content\/uploads\/2021\/01\/Ligue-2-Valenciennes-se-relance-face-au-Paris-FC.png","contentUrl":"https:\/\/dicodusport.fr\/blog\/wp-content\/uploads\/2021\/01\/Ligue-2-Valenciennes-se-relance-face-au-Paris-FC.png","width":800,"height":445,"caption":"Ligue 2 - Valenciennes se relance face au Paris FC"},{"@type":"BreadcrumbList","@id":"https:\/\/dicodusport.fr\/blog\/ligue-2-valenciennes-se-relance-face-au-paris-fc\/#breadcrumb","itemListElement":[{"@type":"ListItem","position":1,"name":"Accueil","item":"https:\/\/dicodusport.fr\/blog\/"},{"@type":"ListItem","position":2,"name":"Ligue 2 : Valenciennes se relance face au Paris FC"}]},{"@type":"WebSite","@id":"https:\/\/dicodusport.fr\/blog\/#website","url":"https:\/\/dicodusport.fr\/blog\/","name":"Dicodusport","description":"L&#039;encyclop\u00e9die de l&#039;actualit\u00e9 sportive","publisher":{"@id":"https:\/\/dicodusport.fr\/blog\/#organization"},"potentialAction":[{"@type":"SearchAction","target":{"@type":"EntryPoint","urlTemplate":"https:\/\/dicodusport.fr\/blog\/?s={search_term_string}"},"query-input":{"@type":"PropertyValueSpecification","valueRequired":true,"valueName":"search_term_string"}}],"inLanguage":"fr-FR"},{"@type":"NewsMediaOrganization","@id":"https:\/\/dicodusport.fr\/blog\/#organization","name":"Dicodusport","url":"https:\/\/dicodusport.fr\/blog\/","logo":{"@type":"ImageObject","inLanguage":"fr-FR","@id":"https:\/\/dicodusport.fr\/blog\/#\/schema\/logo\/image\/","url":"https:\/\/dicodusport.fr\/blog\/wp-content\/uploads\/2020\/06\/cropped-LOGO-DICODUSPORT-2020-SANS-FOND-SANS-TEXTE.png","contentUrl":"https:\/\/dicodusport.fr\/blog\/wp-content\/uploads\/2020\/06\/cropped-LOGO-DICODUSPORT-2020-SANS-FOND-SANS-TEXTE.png","width":512,"height":512,"caption":"Dicodusport"},"image":{"@id":"https:\/\/dicodusport.fr\/blog\/#\/schema\/logo\/image\/"},"sameAs":["https:\/\/www.facebook.com\/dicodusport","https:\/\/x.com\/dicodusport","https:\/\/www.instagram.com\/dicodusport\/","https:\/\/www.youtube.com\/channel\/UC7V2KZ5sd3htJivAbA4ZG3w"],"description":"Dicodusport est l'encyclop\u00e9die de l'actualit\u00e9 sportive.","email":"bonjour@dicodusport.fr","legalName":"DICODUSPORT","foundingDate":"2018-01-14","vatID":"FR71834470973","taxID":"83447097300043","numberOfEmployees":{"@type":"QuantitativeValue","minValue":"1","maxValue":"10"}},{"@type":"Person","@id":"https:\/\/dicodusport.fr\/blog\/#\/schema\/person\/b89957b7587ef154ecdeda237f64c120","name":"Christophe Beaumont","image":{"@type":"ImageObject","inLanguage":"fr-FR","@id":"https:\/\/dicodusport.fr\/blog\/#\/schema\/person\/image\/","url":"https:\/\/dicodusport.fr\/blog\/wp-content\/uploads\/2021\/05\/Christophe-Beaumont-150x150.jpg","contentUrl":"https:\/\/dicodusport.fr\/blog\/wp-content\/uploads\/2021\/05\/Christophe-Beaumont-150x150.jpg","caption":"Christophe Beaumont"},"description":"Journaliste\/r\u00e9dacteur depuis novembre 2020 - C'\u00e9tait \u00e0 13h15, le 24 mai 1994, qu'\u00e9tait donn\u00e9 le coup d'envoi de ma vie. Emmen\u00e9 tr\u00e8s t\u00f4t dans le mythique Stade Nungesser de Valenciennes par mon p\u00e8re et mon grand-p\u00e8re, ma passion pour le Football ne pouvait pas mieux d\u00e9marrer. Tandis que je jouais derri\u00e8re la tribune de fer pendant la quasi totalit\u00e9 des rencontres, ce n'est qu'au moment o\u00f9 Steve Savidan \u00e9crivait les plus heures de VA que je commen\u00e7ais \u00e0 m'int\u00e9resser \u00e0 ce qui se passait sur le rectangle vert. C'est alors par hasard que je me suis mis \u00e0 jouer au Billard durant l'adolescence. Aujourd'hui, mon amour pour ces deux sports est intacte, et Dicodusport me permet de vous conter les histoires de toutes celles et ceux qui les font. En toute humilit\u00e9, pour vous les passionn\u00e9s, et ce jusqu'au coup de sifflet final.","sameAs":["https:\/\/www.facebook.com\/christophe.beaumont.9","https:\/\/www.instagram.com\/christophebmt\/?hl=fr","https:\/\/x.com\/https:\/\/twitter.com\/Christophebmt"],"url":"https:\/\/dicodusport.fr\/blog\/author\/christopheb\/"}]}},"_links":{"self":[{"href":"https:\/\/dicodusport.fr\/blog\/wp-json\/wp\/v2\/posts\/101958","targetHints":{"allow":["GET"]}}],"collection":[{"href":"https:\/\/dicodusport.fr\/blog\/wp-json\/wp\/v2\/posts"}],"about":[{"href":"https:\/\/dicodusport.fr\/blog\/wp-json\/wp\/v2\/types\/post"}],"author":[{"embeddable":true,"href":"https:\/\/dicodusport.fr\/blog\/wp-json\/wp\/v2\/users\/47"}],"replies":[{"embeddable":true,"href":"https:\/\/dicodusport.fr\/blog\/wp-json\/wp\/v2\/comments?post=101958"}],"version-history":[{"count":0,"href":"https:\/\/dicodusport.fr\/blog\/wp-json\/wp\/v2\/posts\/101958\/revisions"}],"wp:featuredmedia":[{"embeddable":true,"href":"https:\/\/dicodusport.fr\/blog\/wp-json\/wp\/v2\/media\/101970"}],"wp:attachment":[{"href":"https:\/\/dicodusport.fr\/blog\/wp-json\/wp\/v2\/media?parent=101958"}],"wp:term":[{"taxonomy":"category","embeddable":true,"href":"https:\/\/dicodusport.fr\/blog\/wp-json\/wp\/v2\/categories?post=101958"},{"taxonomy":"post_tag","embeddable":true,"href":"https:\/\/dicodusport.fr\/blog\/wp-json\/wp\/v2\/tags?post=101958"}],"curies":[{"name":"wp","href":"https:\/\/api.w.org\/{rel}","templated":true}]}}