{"id":101978,"date":"2021-01-26T21:43:25","date_gmt":"2021-01-26T20:43:25","guid":{"rendered":"https:\/\/dicodusport.fr\/blog\/?p=101978&#038;preview=true&#038;preview_id=101978"},"modified":"2021-01-26T23:10:03","modified_gmt":"2021-01-26T22:10:03","slug":"slalom-de-schladming-clement-noel-et-alexis-pinturault-podium-schwarz-s-impose","status":"publish","type":"post","link":"https:\/\/dicodusport.fr\/blog\/slalom-de-schladming-clement-noel-et-alexis-pinturault-podium-schwarz-s-impose\/","title":{"rendered":"Slalom de Schladming : Cl\u00e9ment No\u00ebl et Alexis Pinturault sur le podium, Schwarz s&rsquo;impose"},"content":{"rendered":"<p style=\"text-align: justify;\"><strong><em><a href=\"https:\/\/dicodusport.fr\/blog\/ski-alpin-coupe-du-monde-2020-2021-le-calendrier-complet\/\" target=\"_blank\" rel=\"noopener\">SKI ALPIN 2020-2021<\/a> &#8211; Ils ont \u00e9t\u00e9 \u00e9normes ! Ce mardi, Cl\u00e9ment No\u00ebl et Alexis Pinturault ont r\u00e9alis\u00e9 un slalom de folie \u00e0 Schladming (Autriche). Le Vosgien d\u00e9croche une belle deuxi\u00e8me place, tandis que le Savoyard se classe \u00e0 une excellente troisi\u00e8me place, apr\u00e8s un second run de feu. C&rsquo;est l&rsquo;Autrichien Marco Schwarz qui s&rsquo;est impos\u00e9, \u00e0 domicile.<\/em><\/strong><\/p>\n<p style=\"text-align: justify;\">Ils ont \u00e9t\u00e9 excellents ! <strong>Cl\u00e9ment No\u00ebl<\/strong>, deuxi\u00e8me et <strong>Alexis Pinturault<\/strong>, troisi\u00e8me, ont r\u00e9gal\u00e9 ce mardi \u00e0 Schladming. Le Vosgien, cinqui\u00e8me temps sur les deux runs, a \u00e9t\u00e9 propre sur la piste pour venir d\u00e9crocher un deuxi\u00e8me podium cette saison, lui qui avait d\u00e9j\u00e0 pris la deuxi\u00e8me place \u00e0 Flachau (Autriche).<\/p>\n<h2 style=\"text-align: justify;\">Pinturault continue \u00e0 engranger<\/h2>\n<p style=\"text-align: justify;\">De son c\u00f4te, <strong>Alexis Pinturault<\/strong> a fait un petit pas de plus vers le gros globe de cristal. Avec le 11\u00e8me temps lors de la 1\u00e8re manche \u00e0 1.73 secondes de <strong>Manuel Feller<\/strong>, le Savoyard n&rsquo;avait pas d&rsquo;autre choix que d&rsquo;attaquer sur le second trac\u00e9. Et le leader du classement g\u00e9n\u00e9ral a tout simplement \u00e9t\u00e9 exceptionnel, en r\u00e9alisant le meilleur chrono du second acte. Le natif de Mo\u00fbtiers d\u00e9croche ainsi son deuxi\u00e8me podium de rang en slalom.<\/p>\n<p style=\"text-align: justify;\">Devant les deux Fran\u00e7ais, l&rsquo;Autrichien <strong>Marco Schwarz<\/strong> a \u00e9t\u00e9 imp\u00e9rial. Sixi\u00e8me temps du premier run (0.89), celui qui s&rsquo;\u00e9tait d\u00e9j\u00e0 impos\u00e9 \u00e0 Adelboden (Suisse) s&rsquo;est empar\u00e9 du deuxi\u00e8me temps de la seconde manche, \u00e0 deux centi\u00e8mes de <strong>Pinturault<\/strong>. Suffisant pour l&#8217;emporter puisque devant lui, ses compatriotes <strong>Feller<\/strong> (meilleur temps de la premi\u00e8re manche) et <strong>Matt<\/strong> (3\u00e8me chrono) sont partis \u00e0 la faute.<\/p>\n<h2 style=\"text-align: justify;\">Les performances de Cl\u00e9ment No\u00ebl et Alexis Pinturault<\/h2>\n<blockquote class=\"twitter-tweet\">\n<p dir=\"ltr\" lang=\"fr\">Le finish de <a href=\"https:\/\/twitter.com\/clement__noel?ref_src=twsrc%5Etfw\">@clement__noel<\/a> pour la 2e place \u00e0 <a href=\"https:\/\/twitter.com\/hashtag\/Schladming?src=hash&amp;ref_src=twsrc%5Etfw\">#Schladming<\/a>. <a href=\"https:\/\/twitter.com\/hashtag\/Schwarz?src=hash&amp;ref_src=twsrc%5Etfw\">#Schwarz<\/a> intouchable ce soir sur la <a href=\"https:\/\/twitter.com\/hashtag\/Planai?src=hash&amp;ref_src=twsrc%5Etfw\">#Planai<\/a> . <a href=\"https:\/\/twitter.com\/Eurosport_FR?ref_src=twsrc%5Etfw\">@Eurosport_FR<\/a> <a href=\"https:\/\/twitter.com\/hashtag\/ChaletClub?src=hash&amp;ref_src=twsrc%5Etfw\">#ChaletClub<\/a> <a href=\"https:\/\/twitter.com\/FX_Rallet?ref_src=twsrc%5Etfw\">@FX_Rallet<\/a> <a href=\"https:\/\/twitter.com\/SKIVIDAL?ref_src=twsrc%5Etfw\">@SKIVIDAL<\/a> <a href=\"https:\/\/t.co\/Mf6nEEvE6y\">pic.twitter.com\/Mf6nEEvE6y<\/a><\/p>\n<p>\u2014 Chalet &#x2744;&#xfe0f; Club (@ChaletClub2021) <a href=\"https:\/\/twitter.com\/ChaletClub2021\/status\/1354169517535068160?ref_src=twsrc%5Etfw\">January 26, 2021<\/a><\/p><\/blockquote>\n<p><script async src=\"https:\/\/platform.twitter.com\/widgets.js\" charset=\"utf-8\"><\/script><\/p>\n<blockquote class=\"twitter-tweet\">\n<p dir=\"ltr\" lang=\"fr\">Oh la claque de <a href=\"https:\/\/twitter.com\/AlexPinturault?ref_src=twsrc%5Etfw\">@AlexPinturault<\/a> qui prend la 1ere place provisoire de mani\u00e8re magistrale \u00e0 <a href=\"https:\/\/twitter.com\/hashtag\/Schladming?src=hash&amp;ref_src=twsrc%5Etfw\">#Schladming<\/a> ! <a href=\"https:\/\/twitter.com\/Eurosport_FR?ref_src=twsrc%5Etfw\">@Eurosport_FR<\/a> <a href=\"https:\/\/twitter.com\/hashtag\/ChaletClub?src=hash&amp;ref_src=twsrc%5Etfw\">#ChaletClub<\/a> <a href=\"https:\/\/twitter.com\/FX_Rallet?ref_src=twsrc%5Etfw\">@FX_Rallet<\/a> <a href=\"https:\/\/twitter.com\/SKIVIDAL?ref_src=twsrc%5Etfw\">@SKIVIDAL<\/a> <a href=\"https:\/\/t.co\/Zma19VC8os\">pic.twitter.com\/Zma19VC8os<\/a><\/p>\n<p>\u2014 Chalet &#x2744;&#xfe0f; Club (@ChaletClub2021) <a href=\"https:\/\/twitter.com\/ChaletClub2021\/status\/1354162517480775680?ref_src=twsrc%5Etfw\">January 26, 2021<\/a><\/p><\/blockquote>\n<p><script async src=\"https:\/\/platform.twitter.com\/widgets.js\" charset=\"utf-8\"><\/script><\/p>\n<h2 style=\"text-align: justify;\">\u00c0 lire aussi<\/h2>\n<ul>\n<li><a href=\"https:\/\/dicodusport.fr\/blog\/ski-alpin-schladming-classement-slalom-hommes\/\" target=\"_blank\" rel=\"noopener\"><strong>Ski alpin \u2013 Schladming : le classement du slalom hommes<\/strong><\/a><\/li>\n<li><a href=\"https:\/\/dicodusport.fr\/blog\/ski-alpin-coupe-du-monde-2020-2021-le-classement-general-hommes\/\" target=\"_blank\" rel=\"noopener\"><strong>Ski alpin \u2013 Coupe du monde 2020\/2021 : le classement g\u00e9n\u00e9ral hommes<\/strong><\/a><\/li>\n<\/ul>\n<p><strong><em>Dicodusport<br \/>\n<a href=\"https:\/\/www.facebook.com\/dicodusport\/\" target=\"_blank\" rel=\"noopener noreferrer\"><img loading=\"lazy\" decoding=\"async\" class=\"alignnone wp-image-2909\" src=\"http:\/\/dicodusport.fr\/blog\/wp-content\/uploads\/2017\/07\/logo-facebook-150x150.png\" alt=\"\" width=\"40\" height=\"40\" \/><\/a><a href=\"https:\/\/twitter.com\/dicodusport\" target=\"_blank\" rel=\"noopener noreferrer\"><img loading=\"lazy\" decoding=\"async\" class=\"alignnone wp-image-2908\" src=\"http:\/\/dicodusport.fr\/blog\/wp-content\/uploads\/2017\/07\/logo-twitter-150x150.png\" alt=\"\" width=\"39\" height=\"39\" \/><\/a><\/em><\/strong><\/p>\n","protected":false},"excerpt":{"rendered":"<p>SKI ALPIN 2020-2021 &#8211; Ils ont \u00e9t\u00e9 \u00e9normes ! Ce mardi, Cl\u00e9ment No\u00ebl et Alexis Pinturault ont r\u00e9alis\u00e9 un slalom de folie \u00e0 Schladming (Autriche). Le Vosgien d\u00e9croche une belle deuxi\u00e8me place, tandis que le Savoyard se classe \u00e0 une excellente troisi\u00e8me place, apr\u00e8s un second run de feu. C&rsquo;est l&rsquo;Autrichien Marco Schwarz qui s&rsquo;est impos\u00e9, \u00e0 domicile.<\/p>\n","protected":false},"author":4,"featured_media":101990,"comment_status":"open","ping_status":"closed","sticky":false,"template":"","format":"standard","meta":{"_acf_changed":false,"_daextam_enable_autolinks":"","footnotes":""},"categories":[9217],"tags":[13905,13904,24],"class_list":["post-101978","post","type-post","status-publish","format-standard","has-post-thumbnail","hentry","category-ski","tag-schladming","tag-slalom-de-schladming","tag-sport"],"acf":[],"yoast_head":"<!-- This site is optimized with the Yoast SEO Premium plugin v26.7 (Yoast SEO v26.7) - https:\/\/yoast.com\/wordpress\/plugins\/seo\/ -->\n<title>Slalom de Schladming : Cl\u00e9ment No\u00ebl et Alexis Pinturault sur le podium, Schwarz s&#039;impose<\/title>\n<meta name=\"description\" content=\"SKI ALPIN 2020-2021 - Ils ont \u00e9t\u00e9 \u00e9normes ! Ce mardi, Cl\u00e9ment No\u00ebl et Alexis Pinturault ont r\u00e9alis\u00e9 un slalom de folie \u00e0 Schladming (Autriche).\" \/>\n<meta name=\"robots\" content=\"index, follow, max-snippet:-1, max-image-preview:large, max-video-preview:-1\" \/>\n<link rel=\"canonical\" href=\"https:\/\/dicodusport.fr\/blog\/slalom-de-schladming-clement-noel-et-alexis-pinturault-podium-schwarz-s-impose\/\" \/>\n<meta property=\"og:locale\" content=\"fr_FR\" \/>\n<meta property=\"og:type\" content=\"article\" \/>\n<meta property=\"og:title\" content=\"Slalom de Schladming : Cl\u00e9ment No\u00ebl et Alexis Pinturault sur le podium, Schwarz s&#039;impose\" \/>\n<meta property=\"og:description\" content=\"SKI ALPIN 2020-2021 - Ils ont \u00e9t\u00e9 \u00e9normes ! Ce mardi, Cl\u00e9ment No\u00ebl et Alexis Pinturault ont r\u00e9alis\u00e9 un slalom de folie \u00e0 Schladming (Autriche).\" \/>\n<meta property=\"og:url\" content=\"https:\/\/dicodusport.fr\/blog\/slalom-de-schladming-clement-noel-et-alexis-pinturault-podium-schwarz-s-impose\/\" \/>\n<meta property=\"og:site_name\" content=\"Dicodusport\" \/>\n<meta property=\"article:publisher\" content=\"https:\/\/www.facebook.com\/dicodusport\" \/>\n<meta property=\"article:author\" content=\"https:\/\/www.facebook.com\/florent.ostermann\" \/>\n<meta property=\"article:published_time\" content=\"2021-01-26T20:43:25+00:00\" \/>\n<meta property=\"article:modified_time\" content=\"2021-01-26T22:10:03+00:00\" \/>\n<meta property=\"og:image\" content=\"https:\/\/dicodusport.fr\/blog\/wp-content\/uploads\/2021\/01\/Slalom-de-Schladming-Clement-Noel-et-Alexis-Pinturault-sur-le-podium-Schwarz-simpose.png\" \/>\n\t<meta property=\"og:image:width\" content=\"800\" \/>\n\t<meta property=\"og:image:height\" content=\"445\" \/>\n\t<meta property=\"og:image:type\" content=\"image\/png\" \/>\n<meta name=\"author\" content=\"Flo Ostermann\" \/>\n<meta name=\"twitter:card\" content=\"summary_large_image\" \/>\n<meta name=\"twitter:title\" content=\"Slalom de Schladming : Cl\u00e9ment No\u00ebl et Alexis Pinturault sur le podium, Schwarz s&#039;impose\" \/>\n<meta name=\"twitter:creator\" content=\"@https:\/\/twitter.com\/FlOstermann\" \/>\n<meta name=\"twitter:site\" content=\"@dicodusport\" \/>\n<script type=\"application\/ld+json\" class=\"yoast-schema-graph\">{\"@context\":\"https:\/\/schema.org\",\"@graph\":[{\"@type\":\"NewsArticle\",\"@id\":\"https:\/\/dicodusport.fr\/blog\/slalom-de-schladming-clement-noel-et-alexis-pinturault-podium-schwarz-s-impose\/#article\",\"isPartOf\":{\"@id\":\"https:\/\/dicodusport.fr\/blog\/slalom-de-schladming-clement-noel-et-alexis-pinturault-podium-schwarz-s-impose\/\"},\"author\":{\"name\":\"Flo Ostermann\",\"@id\":\"https:\/\/dicodusport.fr\/blog\/#\/schema\/person\/cb02af4c173ce4a653b55e9baf388d4a\"},\"headline\":\"Slalom de Schladming : Cl\u00e9ment No\u00ebl et Alexis Pinturault sur le podium, Schwarz s&rsquo;impose\",\"datePublished\":\"2021-01-26T20:43:25+00:00\",\"dateModified\":\"2021-01-26T22:10:03+00:00\",\"mainEntityOfPage\":{\"@id\":\"https:\/\/dicodusport.fr\/blog\/slalom-de-schladming-clement-noel-et-alexis-pinturault-podium-schwarz-s-impose\/\"},\"wordCount\":398,\"commentCount\":0,\"publisher\":{\"@id\":\"https:\/\/dicodusport.fr\/blog\/#organization\"},\"image\":{\"@id\":\"https:\/\/dicodusport.fr\/blog\/slalom-de-schladming-clement-noel-et-alexis-pinturault-podium-schwarz-s-impose\/#primaryimage\"},\"thumbnailUrl\":\"https:\/\/dicodusport.fr\/blog\/wp-content\/uploads\/2021\/01\/Slalom-de-Schladming-Clement-Noel-et-Alexis-Pinturault-sur-le-podium-Schwarz-simpose.png\",\"keywords\":[\"Schladming\",\"Slalom de Schladming\",\"sport\"],\"articleSection\":[\"Ski\"],\"inLanguage\":\"fr-FR\",\"potentialAction\":[{\"@type\":\"CommentAction\",\"name\":\"Comment\",\"target\":[\"https:\/\/dicodusport.fr\/blog\/slalom-de-schladming-clement-noel-et-alexis-pinturault-podium-schwarz-s-impose\/#respond\"]}],\"copyrightYear\":\"2021\",\"copyrightHolder\":{\"@id\":\"https:\/\/dicodusport.fr\/blog\/#organization\"}},{\"@type\":\"WebPage\",\"@id\":\"https:\/\/dicodusport.fr\/blog\/slalom-de-schladming-clement-noel-et-alexis-pinturault-podium-schwarz-s-impose\/\",\"url\":\"https:\/\/dicodusport.fr\/blog\/slalom-de-schladming-clement-noel-et-alexis-pinturault-podium-schwarz-s-impose\/\",\"name\":\"Slalom de Schladming : Cl\u00e9ment No\u00ebl et Alexis Pinturault sur le podium, Schwarz s'impose\",\"isPartOf\":{\"@id\":\"https:\/\/dicodusport.fr\/blog\/#website\"},\"primaryImageOfPage\":{\"@id\":\"https:\/\/dicodusport.fr\/blog\/slalom-de-schladming-clement-noel-et-alexis-pinturault-podium-schwarz-s-impose\/#primaryimage\"},\"image\":{\"@id\":\"https:\/\/dicodusport.fr\/blog\/slalom-de-schladming-clement-noel-et-alexis-pinturault-podium-schwarz-s-impose\/#primaryimage\"},\"thumbnailUrl\":\"https:\/\/dicodusport.fr\/blog\/wp-content\/uploads\/2021\/01\/Slalom-de-Schladming-Clement-Noel-et-Alexis-Pinturault-sur-le-podium-Schwarz-simpose.png\",\"datePublished\":\"2021-01-26T20:43:25+00:00\",\"dateModified\":\"2021-01-26T22:10:03+00:00\",\"description\":\"SKI ALPIN 2020-2021 - Ils ont \u00e9t\u00e9 \u00e9normes ! Ce mardi, Cl\u00e9ment No\u00ebl et Alexis Pinturault ont r\u00e9alis\u00e9 un slalom de folie \u00e0 Schladming (Autriche).\",\"breadcrumb\":{\"@id\":\"https:\/\/dicodusport.fr\/blog\/slalom-de-schladming-clement-noel-et-alexis-pinturault-podium-schwarz-s-impose\/#breadcrumb\"},\"inLanguage\":\"fr-FR\",\"potentialAction\":[{\"@type\":\"ReadAction\",\"target\":[\"https:\/\/dicodusport.fr\/blog\/slalom-de-schladming-clement-noel-et-alexis-pinturault-podium-schwarz-s-impose\/\"]}]},{\"@type\":\"ImageObject\",\"inLanguage\":\"fr-FR\",\"@id\":\"https:\/\/dicodusport.fr\/blog\/slalom-de-schladming-clement-noel-et-alexis-pinturault-podium-schwarz-s-impose\/#primaryimage\",\"url\":\"https:\/\/dicodusport.fr\/blog\/wp-content\/uploads\/2021\/01\/Slalom-de-Schladming-Clement-Noel-et-Alexis-Pinturault-sur-le-podium-Schwarz-simpose.png\",\"contentUrl\":\"https:\/\/dicodusport.fr\/blog\/wp-content\/uploads\/2021\/01\/Slalom-de-Schladming-Clement-Noel-et-Alexis-Pinturault-sur-le-podium-Schwarz-simpose.png\",\"width\":800,\"height\":445,\"caption\":\"Slalom de Schladming - Cl\u00e9ment No\u00ebl et Alexis Pinturault sur le podium, Schwarz s'impose\"},{\"@type\":\"BreadcrumbList\",\"@id\":\"https:\/\/dicodusport.fr\/blog\/slalom-de-schladming-clement-noel-et-alexis-pinturault-podium-schwarz-s-impose\/#breadcrumb\",\"itemListElement\":[{\"@type\":\"ListItem\",\"position\":1,\"name\":\"Accueil\",\"item\":\"https:\/\/dicodusport.fr\/blog\/\"},{\"@type\":\"ListItem\",\"position\":2,\"name\":\"Slalom de Schladming : Cl\u00e9ment No\u00ebl et Alexis Pinturault sur le podium, Schwarz s&rsquo;impose\"}]},{\"@type\":\"WebSite\",\"@id\":\"https:\/\/dicodusport.fr\/blog\/#website\",\"url\":\"https:\/\/dicodusport.fr\/blog\/\",\"name\":\"Dicodusport\",\"description\":\"L&#039;encyclop\u00e9die de l&#039;actualit\u00e9 sportive\",\"publisher\":{\"@id\":\"https:\/\/dicodusport.fr\/blog\/#organization\"},\"potentialAction\":[{\"@type\":\"SearchAction\",\"target\":{\"@type\":\"EntryPoint\",\"urlTemplate\":\"https:\/\/dicodusport.fr\/blog\/?s={search_term_string}\"},\"query-input\":{\"@type\":\"PropertyValueSpecification\",\"valueRequired\":true,\"valueName\":\"search_term_string\"}}],\"inLanguage\":\"fr-FR\"},{\"@type\":\"NewsMediaOrganization\",\"@id\":\"https:\/\/dicodusport.fr\/blog\/#organization\",\"name\":\"Dicodusport\",\"url\":\"https:\/\/dicodusport.fr\/blog\/\",\"logo\":{\"@type\":\"ImageObject\",\"inLanguage\":\"fr-FR\",\"@id\":\"https:\/\/dicodusport.fr\/blog\/#\/schema\/logo\/image\/\",\"url\":\"https:\/\/dicodusport.fr\/blog\/wp-content\/uploads\/2020\/06\/cropped-LOGO-DICODUSPORT-2020-SANS-FOND-SANS-TEXTE.png\",\"contentUrl\":\"https:\/\/dicodusport.fr\/blog\/wp-content\/uploads\/2020\/06\/cropped-LOGO-DICODUSPORT-2020-SANS-FOND-SANS-TEXTE.png\",\"width\":512,\"height\":512,\"caption\":\"Dicodusport\"},\"image\":{\"@id\":\"https:\/\/dicodusport.fr\/blog\/#\/schema\/logo\/image\/\"},\"sameAs\":[\"https:\/\/www.facebook.com\/dicodusport\",\"https:\/\/x.com\/dicodusport\",\"https:\/\/www.instagram.com\/dicodusport\/\",\"https:\/\/www.youtube.com\/channel\/UC7V2KZ5sd3htJivAbA4ZG3w\"],\"description\":\"Dicodusport est l'encyclop\u00e9die de l'actualit\u00e9 sportive.\",\"email\":\"bonjour@dicodusport.fr\",\"legalName\":\"DICODUSPORT\",\"foundingDate\":\"2018-01-14\",\"vatID\":\"FR71834470973\",\"taxID\":\"83447097300043\",\"numberOfEmployees\":{\"@type\":\"QuantitativeValue\",\"minValue\":\"1\",\"maxValue\":\"10\"}},{\"@type\":\"Person\",\"@id\":\"https:\/\/dicodusport.fr\/blog\/#\/schema\/person\/cb02af4c173ce4a653b55e9baf388d4a\",\"name\":\"Flo Ostermann\",\"image\":{\"@type\":\"ImageObject\",\"inLanguage\":\"fr-FR\",\"@id\":\"https:\/\/dicodusport.fr\/blog\/#\/schema\/person\/image\/\",\"url\":\"https:\/\/dicodusport.fr\/blog\/wp-content\/uploads\/2021\/05\/Flo-Ostermann-150x150.jpg\",\"contentUrl\":\"https:\/\/dicodusport.fr\/blog\/wp-content\/uploads\/2021\/05\/Flo-Ostermann-150x150.jpg\",\"caption\":\"Flo Ostermann\"},\"description\":\"Journaliste\/R\u00e9dacteur depuis septembre 2015 - Mes premiers souvenirs dans le sport ? Les envol\u00e9es du Stade Toulousain et les duels Villeneuve-Schumacher et H\u00e4kkinen-Schumacher \u00e0 la fin des ann\u00e9es 90, la Coupe du monde de football en 1998, l\u2019exploit du XV de France face aux All Blacks en 1999, mais aussi Richard C\u0153ur de Lion qui vole sur les montagnes du Tour de France. Bien parti pour devenir professeur d\u2019EPS, les \u00e9v\u00e9nements de la vie (et la flemme d\u2019animer des s\u00e9ances de 3x500 m\u00e8tres toute ma vie) m\u2019ont conduit \u00e0 revoir mes plans. Me voil\u00e0 depuis fin 2017 sur Dicodusport, m\u00e9dia gr\u00e2ce (et pour) lequel je partage ma passion : le sport dans tous ses \u00e9tats. Le tout accompagn\u00e9 par les fous furieux et folles furieuses cit\u00e9s sur cette page !\",\"sameAs\":[\"https:\/\/www.facebook.com\/florent.ostermann\",\"https:\/\/x.com\/https:\/\/twitter.com\/FlOstermann\",\"admin\"],\"url\":\"https:\/\/dicodusport.fr\/blog\/author\/flo\/\"}]}<\/script>\n<!-- \/ Yoast SEO Premium plugin. -->","yoast_head_json":{"title":"Slalom de Schladming : Cl\u00e9ment No\u00ebl et Alexis Pinturault sur le podium, Schwarz s'impose","description":"SKI ALPIN 2020-2021 - Ils ont \u00e9t\u00e9 \u00e9normes ! Ce mardi, Cl\u00e9ment No\u00ebl et Alexis Pinturault ont r\u00e9alis\u00e9 un slalom de folie \u00e0 Schladming (Autriche).","robots":{"index":"index","follow":"follow","max-snippet":"max-snippet:-1","max-image-preview":"max-image-preview:large","max-video-preview":"max-video-preview:-1"},"canonical":"https:\/\/dicodusport.fr\/blog\/slalom-de-schladming-clement-noel-et-alexis-pinturault-podium-schwarz-s-impose\/","og_locale":"fr_FR","og_type":"article","og_title":"Slalom de Schladming : Cl\u00e9ment No\u00ebl et Alexis Pinturault sur le podium, Schwarz s'impose","og_description":"SKI ALPIN 2020-2021 - Ils ont \u00e9t\u00e9 \u00e9normes ! Ce mardi, Cl\u00e9ment No\u00ebl et Alexis Pinturault ont r\u00e9alis\u00e9 un slalom de folie \u00e0 Schladming (Autriche).","og_url":"https:\/\/dicodusport.fr\/blog\/slalom-de-schladming-clement-noel-et-alexis-pinturault-podium-schwarz-s-impose\/","og_site_name":"Dicodusport","article_publisher":"https:\/\/www.facebook.com\/dicodusport","article_author":"https:\/\/www.facebook.com\/florent.ostermann","article_published_time":"2021-01-26T20:43:25+00:00","article_modified_time":"2021-01-26T22:10:03+00:00","og_image":[{"width":800,"height":445,"url":"https:\/\/dicodusport.fr\/blog\/wp-content\/uploads\/2021\/01\/Slalom-de-Schladming-Clement-Noel-et-Alexis-Pinturault-sur-le-podium-Schwarz-simpose.png","type":"image\/png"}],"author":"Flo Ostermann","twitter_card":"summary_large_image","twitter_title":"Slalom de Schladming : Cl\u00e9ment No\u00ebl et Alexis Pinturault sur le podium, Schwarz s'impose","twitter_creator":"@https:\/\/twitter.com\/FlOstermann","twitter_site":"@dicodusport","schema":{"@context":"https:\/\/schema.org","@graph":[{"@type":"NewsArticle","@id":"https:\/\/dicodusport.fr\/blog\/slalom-de-schladming-clement-noel-et-alexis-pinturault-podium-schwarz-s-impose\/#article","isPartOf":{"@id":"https:\/\/dicodusport.fr\/blog\/slalom-de-schladming-clement-noel-et-alexis-pinturault-podium-schwarz-s-impose\/"},"author":{"name":"Flo Ostermann","@id":"https:\/\/dicodusport.fr\/blog\/#\/schema\/person\/cb02af4c173ce4a653b55e9baf388d4a"},"headline":"Slalom de Schladming : Cl\u00e9ment No\u00ebl et Alexis Pinturault sur le podium, Schwarz s&rsquo;impose","datePublished":"2021-01-26T20:43:25+00:00","dateModified":"2021-01-26T22:10:03+00:00","mainEntityOfPage":{"@id":"https:\/\/dicodusport.fr\/blog\/slalom-de-schladming-clement-noel-et-alexis-pinturault-podium-schwarz-s-impose\/"},"wordCount":398,"commentCount":0,"publisher":{"@id":"https:\/\/dicodusport.fr\/blog\/#organization"},"image":{"@id":"https:\/\/dicodusport.fr\/blog\/slalom-de-schladming-clement-noel-et-alexis-pinturault-podium-schwarz-s-impose\/#primaryimage"},"thumbnailUrl":"https:\/\/dicodusport.fr\/blog\/wp-content\/uploads\/2021\/01\/Slalom-de-Schladming-Clement-Noel-et-Alexis-Pinturault-sur-le-podium-Schwarz-simpose.png","keywords":["Schladming","Slalom de Schladming","sport"],"articleSection":["Ski"],"inLanguage":"fr-FR","potentialAction":[{"@type":"CommentAction","name":"Comment","target":["https:\/\/dicodusport.fr\/blog\/slalom-de-schladming-clement-noel-et-alexis-pinturault-podium-schwarz-s-impose\/#respond"]}],"copyrightYear":"2021","copyrightHolder":{"@id":"https:\/\/dicodusport.fr\/blog\/#organization"}},{"@type":"WebPage","@id":"https:\/\/dicodusport.fr\/blog\/slalom-de-schladming-clement-noel-et-alexis-pinturault-podium-schwarz-s-impose\/","url":"https:\/\/dicodusport.fr\/blog\/slalom-de-schladming-clement-noel-et-alexis-pinturault-podium-schwarz-s-impose\/","name":"Slalom de Schladming : Cl\u00e9ment No\u00ebl et Alexis Pinturault sur le podium, Schwarz s'impose","isPartOf":{"@id":"https:\/\/dicodusport.fr\/blog\/#website"},"primaryImageOfPage":{"@id":"https:\/\/dicodusport.fr\/blog\/slalom-de-schladming-clement-noel-et-alexis-pinturault-podium-schwarz-s-impose\/#primaryimage"},"image":{"@id":"https:\/\/dicodusport.fr\/blog\/slalom-de-schladming-clement-noel-et-alexis-pinturault-podium-schwarz-s-impose\/#primaryimage"},"thumbnailUrl":"https:\/\/dicodusport.fr\/blog\/wp-content\/uploads\/2021\/01\/Slalom-de-Schladming-Clement-Noel-et-Alexis-Pinturault-sur-le-podium-Schwarz-simpose.png","datePublished":"2021-01-26T20:43:25+00:00","dateModified":"2021-01-26T22:10:03+00:00","description":"SKI ALPIN 2020-2021 - Ils ont \u00e9t\u00e9 \u00e9normes ! Ce mardi, Cl\u00e9ment No\u00ebl et Alexis Pinturault ont r\u00e9alis\u00e9 un slalom de folie \u00e0 Schladming (Autriche).","breadcrumb":{"@id":"https:\/\/dicodusport.fr\/blog\/slalom-de-schladming-clement-noel-et-alexis-pinturault-podium-schwarz-s-impose\/#breadcrumb"},"inLanguage":"fr-FR","potentialAction":[{"@type":"ReadAction","target":["https:\/\/dicodusport.fr\/blog\/slalom-de-schladming-clement-noel-et-alexis-pinturault-podium-schwarz-s-impose\/"]}]},{"@type":"ImageObject","inLanguage":"fr-FR","@id":"https:\/\/dicodusport.fr\/blog\/slalom-de-schladming-clement-noel-et-alexis-pinturault-podium-schwarz-s-impose\/#primaryimage","url":"https:\/\/dicodusport.fr\/blog\/wp-content\/uploads\/2021\/01\/Slalom-de-Schladming-Clement-Noel-et-Alexis-Pinturault-sur-le-podium-Schwarz-simpose.png","contentUrl":"https:\/\/dicodusport.fr\/blog\/wp-content\/uploads\/2021\/01\/Slalom-de-Schladming-Clement-Noel-et-Alexis-Pinturault-sur-le-podium-Schwarz-simpose.png","width":800,"height":445,"caption":"Slalom de Schladming - Cl\u00e9ment No\u00ebl et Alexis Pinturault sur le podium, Schwarz s'impose"},{"@type":"BreadcrumbList","@id":"https:\/\/dicodusport.fr\/blog\/slalom-de-schladming-clement-noel-et-alexis-pinturault-podium-schwarz-s-impose\/#breadcrumb","itemListElement":[{"@type":"ListItem","position":1,"name":"Accueil","item":"https:\/\/dicodusport.fr\/blog\/"},{"@type":"ListItem","position":2,"name":"Slalom de Schladming : Cl\u00e9ment No\u00ebl et Alexis Pinturault sur le podium, Schwarz s&rsquo;impose"}]},{"@type":"WebSite","@id":"https:\/\/dicodusport.fr\/blog\/#website","url":"https:\/\/dicodusport.fr\/blog\/","name":"Dicodusport","description":"L&#039;encyclop\u00e9die de l&#039;actualit\u00e9 sportive","publisher":{"@id":"https:\/\/dicodusport.fr\/blog\/#organization"},"potentialAction":[{"@type":"SearchAction","target":{"@type":"EntryPoint","urlTemplate":"https:\/\/dicodusport.fr\/blog\/?s={search_term_string}"},"query-input":{"@type":"PropertyValueSpecification","valueRequired":true,"valueName":"search_term_string"}}],"inLanguage":"fr-FR"},{"@type":"NewsMediaOrganization","@id":"https:\/\/dicodusport.fr\/blog\/#organization","name":"Dicodusport","url":"https:\/\/dicodusport.fr\/blog\/","logo":{"@type":"ImageObject","inLanguage":"fr-FR","@id":"https:\/\/dicodusport.fr\/blog\/#\/schema\/logo\/image\/","url":"https:\/\/dicodusport.fr\/blog\/wp-content\/uploads\/2020\/06\/cropped-LOGO-DICODUSPORT-2020-SANS-FOND-SANS-TEXTE.png","contentUrl":"https:\/\/dicodusport.fr\/blog\/wp-content\/uploads\/2020\/06\/cropped-LOGO-DICODUSPORT-2020-SANS-FOND-SANS-TEXTE.png","width":512,"height":512,"caption":"Dicodusport"},"image":{"@id":"https:\/\/dicodusport.fr\/blog\/#\/schema\/logo\/image\/"},"sameAs":["https:\/\/www.facebook.com\/dicodusport","https:\/\/x.com\/dicodusport","https:\/\/www.instagram.com\/dicodusport\/","https:\/\/www.youtube.com\/channel\/UC7V2KZ5sd3htJivAbA4ZG3w"],"description":"Dicodusport est l'encyclop\u00e9die de l'actualit\u00e9 sportive.","email":"bonjour@dicodusport.fr","legalName":"DICODUSPORT","foundingDate":"2018-01-14","vatID":"FR71834470973","taxID":"83447097300043","numberOfEmployees":{"@type":"QuantitativeValue","minValue":"1","maxValue":"10"}},{"@type":"Person","@id":"https:\/\/dicodusport.fr\/blog\/#\/schema\/person\/cb02af4c173ce4a653b55e9baf388d4a","name":"Flo Ostermann","image":{"@type":"ImageObject","inLanguage":"fr-FR","@id":"https:\/\/dicodusport.fr\/blog\/#\/schema\/person\/image\/","url":"https:\/\/dicodusport.fr\/blog\/wp-content\/uploads\/2021\/05\/Flo-Ostermann-150x150.jpg","contentUrl":"https:\/\/dicodusport.fr\/blog\/wp-content\/uploads\/2021\/05\/Flo-Ostermann-150x150.jpg","caption":"Flo Ostermann"},"description":"Journaliste\/R\u00e9dacteur depuis septembre 2015 - Mes premiers souvenirs dans le sport ? Les envol\u00e9es du Stade Toulousain et les duels Villeneuve-Schumacher et H\u00e4kkinen-Schumacher \u00e0 la fin des ann\u00e9es 90, la Coupe du monde de football en 1998, l\u2019exploit du XV de France face aux All Blacks en 1999, mais aussi Richard C\u0153ur de Lion qui vole sur les montagnes du Tour de France. Bien parti pour devenir professeur d\u2019EPS, les \u00e9v\u00e9nements de la vie (et la flemme d\u2019animer des s\u00e9ances de 3x500 m\u00e8tres toute ma vie) m\u2019ont conduit \u00e0 revoir mes plans. Me voil\u00e0 depuis fin 2017 sur Dicodusport, m\u00e9dia gr\u00e2ce (et pour) lequel je partage ma passion : le sport dans tous ses \u00e9tats. Le tout accompagn\u00e9 par les fous furieux et folles furieuses cit\u00e9s sur cette page !","sameAs":["https:\/\/www.facebook.com\/florent.ostermann","https:\/\/x.com\/https:\/\/twitter.com\/FlOstermann","admin"],"url":"https:\/\/dicodusport.fr\/blog\/author\/flo\/"}]}},"_links":{"self":[{"href":"https:\/\/dicodusport.fr\/blog\/wp-json\/wp\/v2\/posts\/101978","targetHints":{"allow":["GET"]}}],"collection":[{"href":"https:\/\/dicodusport.fr\/blog\/wp-json\/wp\/v2\/posts"}],"about":[{"href":"https:\/\/dicodusport.fr\/blog\/wp-json\/wp\/v2\/types\/post"}],"author":[{"embeddable":true,"href":"https:\/\/dicodusport.fr\/blog\/wp-json\/wp\/v2\/users\/4"}],"replies":[{"embeddable":true,"href":"https:\/\/dicodusport.fr\/blog\/wp-json\/wp\/v2\/comments?post=101978"}],"version-history":[{"count":0,"href":"https:\/\/dicodusport.fr\/blog\/wp-json\/wp\/v2\/posts\/101978\/revisions"}],"wp:featuredmedia":[{"embeddable":true,"href":"https:\/\/dicodusport.fr\/blog\/wp-json\/wp\/v2\/media\/101990"}],"wp:attachment":[{"href":"https:\/\/dicodusport.fr\/blog\/wp-json\/wp\/v2\/media?parent=101978"}],"wp:term":[{"taxonomy":"category","embeddable":true,"href":"https:\/\/dicodusport.fr\/blog\/wp-json\/wp\/v2\/categories?post=101978"},{"taxonomy":"post_tag","embeddable":true,"href":"https:\/\/dicodusport.fr\/blog\/wp-json\/wp\/v2\/tags?post=101978"}],"curies":[{"name":"wp","href":"https:\/\/api.w.org\/{rel}","templated":true}]}}