{"id":10254,"date":"2018-01-12T16:00:36","date_gmt":"2018-01-12T15:00:36","guid":{"rendered":"http:\/\/dicodusport.fr\/blog\/?p=10254"},"modified":"2018-01-31T10:35:54","modified_gmt":"2018-01-31T09:35:54","slug":"retro-sotchi-2014-4-missillier-pinturault-mode-geant","status":"publish","type":"post","link":"https:\/\/dicodusport.fr\/blog\/retro-sotchi-2014-4-missillier-pinturault-mode-geant\/","title":{"rendered":"R\u00e9tro Sotchi 2014 #4 : Missillier et Pinturault en mode g\u00e9ant"},"content":{"rendered":"<p style=\"text-align: justify;\"><em><strong>A l&rsquo;approche des Jeux Olympiques de Pyeongchang, la r\u00e9daction de Dicodusport vous propose de revenir sur les quinze breloques r\u00e9colt\u00e9es par la d\u00e9l\u00e9gation tricolore \u00e0 Sotchi, il y a quatre ans. Pour notre quatri\u00e8me volet, retour sur le g\u00e9ant, o\u00f9 Steve Missillier et Alexis Pinturault s&rsquo;\u00e9taient par\u00e9s d&rsquo;argent et de bronze.<br \/>\n<\/strong><\/em><\/p>\n<p style=\"text-align: justify;\">Avant ce g\u00e9ant, Alexis Pinturault et Steve Missillier sont sur une trajectoire bien diff\u00e9rente. Le premier cit\u00e9, 22 ans, s&rsquo;affirme depuis le d\u00e9but de saison et a fait des Jeux Olympiques de Sotchi son objectif majeur de la saison. Vainqueur des super combin\u00e9s de Wengen et Kitzb\u00fchel quelques semaines auparavant, le natif de Mo\u00fbtiers est parmi les favoris pour l&rsquo;\u00e9preuve olympique dans la discipline. Il sera finalement \u00e9ject\u00e9 de la course au titre, en enfourchant lors du slalom. Une d\u00e9ception qui ne l&rsquo;atteindra pas plus que \u00e7a.<br \/>\nSon compatriote Steve Missilier ne fait quant \u00e0 lui pas partie des pr\u00e9tendants au podium avant d\u2019atterrir en Russie. A 29 ans, le skieur originaire d&rsquo;Annecy multiplie les tops 15 en Coupe du Monde en slalom et en g\u00e9ant. Mais sur une course d&rsquo;un jour, tout est tellement possible.<\/p>\n<p style=\"text-align: justify;\">La preuve en est, ce 19 f\u00e9vrier 2014. Apr\u00e8s une premi\u00e8re manche o\u00f9 les Tricolores trustent le Top 10 (Fanara 4\u00e8me, Pinturault 6\u00e8me et Missillier 10\u00e8me), derri\u00e8re l&rsquo;intouchable Ted Ligety, les deux derniers larrons vont mettre le feu lors du second acte. Missillier, licenci\u00e9 au Grand Bornand, allume la premi\u00e8re m\u00e8che, en r\u00e9alisant un second trac\u00e9 de folie pour s&rsquo;installer \u00e0 la premi\u00e8re place provisoire. Alors qu&rsquo;ils sont une quinzaine dans la m\u00eame seconde derri\u00e8re Ligety, c&rsquo;est bien lui qui r\u00e9alisera le meilleur temps sur le second trac\u00e9. Fort. Tandis que Thomas Fanara coince, Alexis Pinturault va lui aussi sortir le grand jeu, en \u00e9tablissant le deuxi\u00e8me meilleur temps de la deuxi\u00e8me manche derri\u00e8re Steve Missillier. Au final, Ted Ligety d\u00e9corchera le titre olympique, devant les deux Fran\u00e7ais. Les premi\u00e8res breloques pour le ski alpin tricolore lors de ces Jeux Olympiques, mais aussi depuis 2006 \u00e0 Turin, o\u00f9 Jo\u00ebl Chenal s&rsquo;\u00e9tait par\u00e9 d&rsquo;argent, d\u00e9j\u00e0 sur le g\u00e9ant.<\/p>\n<h4 style=\"text-align: justify;\">L&rsquo;apr\u00e8s Sotchi<\/h4>\n<p style=\"text-align: justify;\">L\u00e0 aussi, les deux m\u00e9daill\u00e9s empruntent un chemin diff\u00e9rent. A 33 ans, Steve Missillier sent le poids des ann\u00e9es faire son effet. Emb\u00eat\u00e9 par son dos ces derni\u00e8res semaines, il ne parviendra pas \u00e0 confirmer. En revanche, Alexis Pinturault est devenu l&rsquo;un des skieurs les plus redout\u00e9s sur le plateau. S&rsquo;il est pass\u00e9 un peu au travers individuellement lors des deux derniers championnats du Monde (encore le bronze en g\u00e9ant\u00a0en 2015 et l&rsquo;or \u00e0 la Coupe des Nations en 2017), il a remport\u00e9 le classement g\u00e9n\u00e9ral des deux derni\u00e8res Coupes du Monde en combin\u00e9. En attendant la cons\u00e9cration \u00e0 Pyeongchang ?<\/p>\n<p style=\"text-align: justify;\"><em><strong>Flo Ostermann<\/strong><\/em><em><br \/>\n<\/em><a href=\"https:\/\/www.facebook.com\/florent.ostermann\"><img loading=\"lazy\" decoding=\"async\" class=\"alignnone wp-image-2909\" src=\"http:\/\/dicodusport.fr\/blog\/wp-content\/uploads\/2017\/07\/logo-facebook-150x150.png\" alt=\"\" width=\"40\" height=\"40\" \/><\/a><a href=\"https:\/\/twitter.com\/SportInsideMag\"><img loading=\"lazy\" decoding=\"async\" class=\"alignnone wp-image-2908\" src=\"http:\/\/dicodusport.fr\/blog\/wp-content\/uploads\/2017\/07\/logo-twitter-150x150.png\" alt=\"\" width=\"39\" height=\"39\" \/><\/a><\/p>\n","protected":false},"excerpt":{"rendered":"<p>A l&rsquo;approche des Jeux Olympiques de Pyeongchang, la r\u00e9daction de Dicodusport vous propose de revenir sur les quinze breloques r\u00e9colt\u00e9es par la d\u00e9l\u00e9gation tricolore \u00e0 Sotchi, il y a quatre ans. Pour notre quatri\u00e8me volet, retour sur le g\u00e9ant, o\u00f9 Steve Missillier et Alexis Pinturault s&rsquo;\u00e9taient par\u00e9s d&rsquo;argent et de bronze. Avant ce g\u00e9ant, Alexis [&hellip;]<\/p>\n","protected":false},"author":4,"featured_media":10304,"comment_status":"open","ping_status":"closed","sticky":false,"template":"","format":"standard","meta":{"_acf_changed":false,"_daextam_enable_autolinks":"","footnotes":""},"categories":[2,3588],"tags":[2806,3009,3328,676,2233],"class_list":["post-10254","post","type-post","status-publish","format-standard","has-post-thumbnail","hentry","category-actualites","category-pyeongchang-2018","tag-alexis-pinturault","tag-geant","tag-pinturault","tag-ski","tag-ski-alpin"],"acf":[],"yoast_head":"<!-- This site is optimized with the Yoast SEO Premium plugin v26.7 (Yoast SEO v26.7) - https:\/\/yoast.com\/wordpress\/plugins\/seo\/ -->\n<title>R\u00e9tro Sotchi 2014 #4 : Missillier et Pinturault en mode g\u00e9ant<\/title>\n<meta name=\"description\" content=\"Pour notre quatri\u00e8me volet, retour sur le g\u00e9ant, o\u00f9 Steve Missillier et Alexis Pinturault s&#039;\u00e9taient par\u00e9s d&#039;argent et de bronze.\" \/>\n<meta name=\"robots\" content=\"index, follow, max-snippet:-1, max-image-preview:large, max-video-preview:-1\" \/>\n<link rel=\"canonical\" href=\"https:\/\/dicodusport.fr\/blog\/retro-sotchi-2014-4-missillier-pinturault-mode-geant\/\" \/>\n<meta property=\"og:locale\" content=\"fr_FR\" \/>\n<meta property=\"og:type\" content=\"article\" \/>\n<meta property=\"og:title\" content=\"R\u00e9tro Sotchi 2014 #4 : Missillier et Pinturault en mode g\u00e9ant\" \/>\n<meta property=\"og:description\" content=\"Pour notre quatri\u00e8me volet, retour sur le g\u00e9ant, o\u00f9 Steve Missillier et Alexis Pinturault s&#039;\u00e9taient par\u00e9s d&#039;argent et de bronze.\" \/>\n<meta property=\"og:url\" content=\"https:\/\/dicodusport.fr\/blog\/retro-sotchi-2014-4-missillier-pinturault-mode-geant\/\" \/>\n<meta property=\"og:site_name\" content=\"Dicodusport\" \/>\n<meta property=\"article:publisher\" content=\"https:\/\/www.facebook.com\/dicodusport\" \/>\n<meta property=\"article:author\" content=\"https:\/\/www.facebook.com\/florent.ostermann\" \/>\n<meta property=\"article:published_time\" content=\"2018-01-12T15:00:36+00:00\" \/>\n<meta property=\"article:modified_time\" content=\"2018-01-31T09:35:54+00:00\" \/>\n<meta property=\"og:image\" content=\"https:\/\/dicodusport.fr\/blog\/wp-content\/uploads\/2018\/01\/sotchi-2014-Missillier-Pinturault.png\" \/>\n\t<meta property=\"og:image:width\" content=\"1200\" \/>\n\t<meta property=\"og:image:height\" content=\"670\" \/>\n\t<meta property=\"og:image:type\" content=\"image\/png\" \/>\n<meta name=\"author\" content=\"Flo Ostermann\" \/>\n<meta name=\"twitter:card\" content=\"summary_large_image\" \/>\n<meta name=\"twitter:creator\" content=\"@https:\/\/twitter.com\/FlOstermann\" \/>\n<meta name=\"twitter:site\" content=\"@dicodusport\" \/>\n<script type=\"application\/ld+json\" class=\"yoast-schema-graph\">{\"@context\":\"https:\/\/schema.org\",\"@graph\":[{\"@type\":\"NewsArticle\",\"@id\":\"https:\/\/dicodusport.fr\/blog\/retro-sotchi-2014-4-missillier-pinturault-mode-geant\/#article\",\"isPartOf\":{\"@id\":\"https:\/\/dicodusport.fr\/blog\/retro-sotchi-2014-4-missillier-pinturault-mode-geant\/\"},\"author\":{\"name\":\"Flo Ostermann\",\"@id\":\"https:\/\/dicodusport.fr\/blog\/#\/schema\/person\/cb02af4c173ce4a653b55e9baf388d4a\"},\"headline\":\"R\u00e9tro Sotchi 2014 #4 : Missillier et Pinturault en mode g\u00e9ant\",\"datePublished\":\"2018-01-12T15:00:36+00:00\",\"dateModified\":\"2018-01-31T09:35:54+00:00\",\"mainEntityOfPage\":{\"@id\":\"https:\/\/dicodusport.fr\/blog\/retro-sotchi-2014-4-missillier-pinturault-mode-geant\/\"},\"wordCount\":511,\"commentCount\":0,\"publisher\":{\"@id\":\"https:\/\/dicodusport.fr\/blog\/#organization\"},\"image\":{\"@id\":\"https:\/\/dicodusport.fr\/blog\/retro-sotchi-2014-4-missillier-pinturault-mode-geant\/#primaryimage\"},\"thumbnailUrl\":\"https:\/\/dicodusport.fr\/blog\/wp-content\/uploads\/2018\/01\/sotchi-2014-Missillier-Pinturault.png\",\"keywords\":[\"Alexis Pinturault\",\"g\u00e9ant\",\"Pinturault\",\"ski\",\"Ski alpin\"],\"articleSection\":[\"Actualit\u00e9s\",\"Pyeongchang 2018\"],\"inLanguage\":\"fr-FR\",\"potentialAction\":[{\"@type\":\"CommentAction\",\"name\":\"Comment\",\"target\":[\"https:\/\/dicodusport.fr\/blog\/retro-sotchi-2014-4-missillier-pinturault-mode-geant\/#respond\"]}],\"copyrightYear\":\"2018\",\"copyrightHolder\":{\"@id\":\"https:\/\/dicodusport.fr\/blog\/#organization\"}},{\"@type\":\"WebPage\",\"@id\":\"https:\/\/dicodusport.fr\/blog\/retro-sotchi-2014-4-missillier-pinturault-mode-geant\/\",\"url\":\"https:\/\/dicodusport.fr\/blog\/retro-sotchi-2014-4-missillier-pinturault-mode-geant\/\",\"name\":\"R\u00e9tro Sotchi 2014 #4 : Missillier et Pinturault en mode g\u00e9ant\",\"isPartOf\":{\"@id\":\"https:\/\/dicodusport.fr\/blog\/#website\"},\"primaryImageOfPage\":{\"@id\":\"https:\/\/dicodusport.fr\/blog\/retro-sotchi-2014-4-missillier-pinturault-mode-geant\/#primaryimage\"},\"image\":{\"@id\":\"https:\/\/dicodusport.fr\/blog\/retro-sotchi-2014-4-missillier-pinturault-mode-geant\/#primaryimage\"},\"thumbnailUrl\":\"https:\/\/dicodusport.fr\/blog\/wp-content\/uploads\/2018\/01\/sotchi-2014-Missillier-Pinturault.png\",\"datePublished\":\"2018-01-12T15:00:36+00:00\",\"dateModified\":\"2018-01-31T09:35:54+00:00\",\"description\":\"Pour notre quatri\u00e8me volet, retour sur le g\u00e9ant, o\u00f9 Steve Missillier et Alexis Pinturault s'\u00e9taient par\u00e9s d'argent et de bronze.\",\"breadcrumb\":{\"@id\":\"https:\/\/dicodusport.fr\/blog\/retro-sotchi-2014-4-missillier-pinturault-mode-geant\/#breadcrumb\"},\"inLanguage\":\"fr-FR\",\"potentialAction\":[{\"@type\":\"ReadAction\",\"target\":[\"https:\/\/dicodusport.fr\/blog\/retro-sotchi-2014-4-missillier-pinturault-mode-geant\/\"]}]},{\"@type\":\"ImageObject\",\"inLanguage\":\"fr-FR\",\"@id\":\"https:\/\/dicodusport.fr\/blog\/retro-sotchi-2014-4-missillier-pinturault-mode-geant\/#primaryimage\",\"url\":\"https:\/\/dicodusport.fr\/blog\/wp-content\/uploads\/2018\/01\/sotchi-2014-Missillier-Pinturault.png\",\"contentUrl\":\"https:\/\/dicodusport.fr\/blog\/wp-content\/uploads\/2018\/01\/sotchi-2014-Missillier-Pinturault.png\",\"width\":1200,\"height\":670,\"caption\":\"sotchi 2014 Missillier Pinturault\"},{\"@type\":\"BreadcrumbList\",\"@id\":\"https:\/\/dicodusport.fr\/blog\/retro-sotchi-2014-4-missillier-pinturault-mode-geant\/#breadcrumb\",\"itemListElement\":[{\"@type\":\"ListItem\",\"position\":1,\"name\":\"Accueil\",\"item\":\"https:\/\/dicodusport.fr\/blog\/\"},{\"@type\":\"ListItem\",\"position\":2,\"name\":\"R\u00e9tro Sotchi 2014 #4 : Missillier et Pinturault en mode g\u00e9ant\"}]},{\"@type\":\"WebSite\",\"@id\":\"https:\/\/dicodusport.fr\/blog\/#website\",\"url\":\"https:\/\/dicodusport.fr\/blog\/\",\"name\":\"Dicodusport\",\"description\":\"L&#039;encyclop\u00e9die de l&#039;actualit\u00e9 sportive\",\"publisher\":{\"@id\":\"https:\/\/dicodusport.fr\/blog\/#organization\"},\"potentialAction\":[{\"@type\":\"SearchAction\",\"target\":{\"@type\":\"EntryPoint\",\"urlTemplate\":\"https:\/\/dicodusport.fr\/blog\/?s={search_term_string}\"},\"query-input\":{\"@type\":\"PropertyValueSpecification\",\"valueRequired\":true,\"valueName\":\"search_term_string\"}}],\"inLanguage\":\"fr-FR\"},{\"@type\":\"NewsMediaOrganization\",\"@id\":\"https:\/\/dicodusport.fr\/blog\/#organization\",\"name\":\"Dicodusport\",\"url\":\"https:\/\/dicodusport.fr\/blog\/\",\"logo\":{\"@type\":\"ImageObject\",\"inLanguage\":\"fr-FR\",\"@id\":\"https:\/\/dicodusport.fr\/blog\/#\/schema\/logo\/image\/\",\"url\":\"https:\/\/dicodusport.fr\/blog\/wp-content\/uploads\/2020\/06\/cropped-LOGO-DICODUSPORT-2020-SANS-FOND-SANS-TEXTE.png\",\"contentUrl\":\"https:\/\/dicodusport.fr\/blog\/wp-content\/uploads\/2020\/06\/cropped-LOGO-DICODUSPORT-2020-SANS-FOND-SANS-TEXTE.png\",\"width\":512,\"height\":512,\"caption\":\"Dicodusport\"},\"image\":{\"@id\":\"https:\/\/dicodusport.fr\/blog\/#\/schema\/logo\/image\/\"},\"sameAs\":[\"https:\/\/www.facebook.com\/dicodusport\",\"https:\/\/x.com\/dicodusport\",\"https:\/\/www.instagram.com\/dicodusport\/\",\"https:\/\/www.youtube.com\/channel\/UC7V2KZ5sd3htJivAbA4ZG3w\"],\"description\":\"Dicodusport est l'encyclop\u00e9die de l'actualit\u00e9 sportive.\",\"email\":\"bonjour@dicodusport.fr\",\"legalName\":\"DICODUSPORT\",\"foundingDate\":\"2018-01-14\",\"vatID\":\"FR71834470973\",\"taxID\":\"83447097300043\",\"numberOfEmployees\":{\"@type\":\"QuantitativeValue\",\"minValue\":\"1\",\"maxValue\":\"10\"}},{\"@type\":\"Person\",\"@id\":\"https:\/\/dicodusport.fr\/blog\/#\/schema\/person\/cb02af4c173ce4a653b55e9baf388d4a\",\"name\":\"Flo Ostermann\",\"image\":{\"@type\":\"ImageObject\",\"inLanguage\":\"fr-FR\",\"@id\":\"https:\/\/dicodusport.fr\/blog\/#\/schema\/person\/image\/\",\"url\":\"https:\/\/dicodusport.fr\/blog\/wp-content\/uploads\/2021\/05\/Flo-Ostermann-150x150.jpg\",\"contentUrl\":\"https:\/\/dicodusport.fr\/blog\/wp-content\/uploads\/2021\/05\/Flo-Ostermann-150x150.jpg\",\"caption\":\"Flo Ostermann\"},\"description\":\"Journaliste\/R\u00e9dacteur depuis septembre 2015 - Mes premiers souvenirs dans le sport ? Les envol\u00e9es du Stade Toulousain et les duels Villeneuve-Schumacher et H\u00e4kkinen-Schumacher \u00e0 la fin des ann\u00e9es 90, la Coupe du monde de football en 1998, l\u2019exploit du XV de France face aux All Blacks en 1999, mais aussi Richard C\u0153ur de Lion qui vole sur les montagnes du Tour de France. Bien parti pour devenir professeur d\u2019EPS, les \u00e9v\u00e9nements de la vie (et la flemme d\u2019animer des s\u00e9ances de 3x500 m\u00e8tres toute ma vie) m\u2019ont conduit \u00e0 revoir mes plans. Me voil\u00e0 depuis fin 2017 sur Dicodusport, m\u00e9dia gr\u00e2ce (et pour) lequel je partage ma passion : le sport dans tous ses \u00e9tats. Le tout accompagn\u00e9 par les fous furieux et folles furieuses cit\u00e9s sur cette page !\",\"sameAs\":[\"https:\/\/www.facebook.com\/florent.ostermann\",\"https:\/\/x.com\/https:\/\/twitter.com\/FlOstermann\",\"admin\"],\"url\":\"https:\/\/dicodusport.fr\/blog\/author\/flo\/\"}]}<\/script>\n<!-- \/ Yoast SEO Premium plugin. -->","yoast_head_json":{"title":"R\u00e9tro Sotchi 2014 #4 : Missillier et Pinturault en mode g\u00e9ant","description":"Pour notre quatri\u00e8me volet, retour sur le g\u00e9ant, o\u00f9 Steve Missillier et Alexis Pinturault s'\u00e9taient par\u00e9s d'argent et de bronze.","robots":{"index":"index","follow":"follow","max-snippet":"max-snippet:-1","max-image-preview":"max-image-preview:large","max-video-preview":"max-video-preview:-1"},"canonical":"https:\/\/dicodusport.fr\/blog\/retro-sotchi-2014-4-missillier-pinturault-mode-geant\/","og_locale":"fr_FR","og_type":"article","og_title":"R\u00e9tro Sotchi 2014 #4 : Missillier et Pinturault en mode g\u00e9ant","og_description":"Pour notre quatri\u00e8me volet, retour sur le g\u00e9ant, o\u00f9 Steve Missillier et Alexis Pinturault s'\u00e9taient par\u00e9s d'argent et de bronze.","og_url":"https:\/\/dicodusport.fr\/blog\/retro-sotchi-2014-4-missillier-pinturault-mode-geant\/","og_site_name":"Dicodusport","article_publisher":"https:\/\/www.facebook.com\/dicodusport","article_author":"https:\/\/www.facebook.com\/florent.ostermann","article_published_time":"2018-01-12T15:00:36+00:00","article_modified_time":"2018-01-31T09:35:54+00:00","og_image":[{"width":1200,"height":670,"url":"https:\/\/dicodusport.fr\/blog\/wp-content\/uploads\/2018\/01\/sotchi-2014-Missillier-Pinturault.png","type":"image\/png"}],"author":"Flo Ostermann","twitter_card":"summary_large_image","twitter_creator":"@https:\/\/twitter.com\/FlOstermann","twitter_site":"@dicodusport","schema":{"@context":"https:\/\/schema.org","@graph":[{"@type":"NewsArticle","@id":"https:\/\/dicodusport.fr\/blog\/retro-sotchi-2014-4-missillier-pinturault-mode-geant\/#article","isPartOf":{"@id":"https:\/\/dicodusport.fr\/blog\/retro-sotchi-2014-4-missillier-pinturault-mode-geant\/"},"author":{"name":"Flo Ostermann","@id":"https:\/\/dicodusport.fr\/blog\/#\/schema\/person\/cb02af4c173ce4a653b55e9baf388d4a"},"headline":"R\u00e9tro Sotchi 2014 #4 : Missillier et Pinturault en mode g\u00e9ant","datePublished":"2018-01-12T15:00:36+00:00","dateModified":"2018-01-31T09:35:54+00:00","mainEntityOfPage":{"@id":"https:\/\/dicodusport.fr\/blog\/retro-sotchi-2014-4-missillier-pinturault-mode-geant\/"},"wordCount":511,"commentCount":0,"publisher":{"@id":"https:\/\/dicodusport.fr\/blog\/#organization"},"image":{"@id":"https:\/\/dicodusport.fr\/blog\/retro-sotchi-2014-4-missillier-pinturault-mode-geant\/#primaryimage"},"thumbnailUrl":"https:\/\/dicodusport.fr\/blog\/wp-content\/uploads\/2018\/01\/sotchi-2014-Missillier-Pinturault.png","keywords":["Alexis Pinturault","g\u00e9ant","Pinturault","ski","Ski alpin"],"articleSection":["Actualit\u00e9s","Pyeongchang 2018"],"inLanguage":"fr-FR","potentialAction":[{"@type":"CommentAction","name":"Comment","target":["https:\/\/dicodusport.fr\/blog\/retro-sotchi-2014-4-missillier-pinturault-mode-geant\/#respond"]}],"copyrightYear":"2018","copyrightHolder":{"@id":"https:\/\/dicodusport.fr\/blog\/#organization"}},{"@type":"WebPage","@id":"https:\/\/dicodusport.fr\/blog\/retro-sotchi-2014-4-missillier-pinturault-mode-geant\/","url":"https:\/\/dicodusport.fr\/blog\/retro-sotchi-2014-4-missillier-pinturault-mode-geant\/","name":"R\u00e9tro Sotchi 2014 #4 : Missillier et Pinturault en mode g\u00e9ant","isPartOf":{"@id":"https:\/\/dicodusport.fr\/blog\/#website"},"primaryImageOfPage":{"@id":"https:\/\/dicodusport.fr\/blog\/retro-sotchi-2014-4-missillier-pinturault-mode-geant\/#primaryimage"},"image":{"@id":"https:\/\/dicodusport.fr\/blog\/retro-sotchi-2014-4-missillier-pinturault-mode-geant\/#primaryimage"},"thumbnailUrl":"https:\/\/dicodusport.fr\/blog\/wp-content\/uploads\/2018\/01\/sotchi-2014-Missillier-Pinturault.png","datePublished":"2018-01-12T15:00:36+00:00","dateModified":"2018-01-31T09:35:54+00:00","description":"Pour notre quatri\u00e8me volet, retour sur le g\u00e9ant, o\u00f9 Steve Missillier et Alexis Pinturault s'\u00e9taient par\u00e9s d'argent et de bronze.","breadcrumb":{"@id":"https:\/\/dicodusport.fr\/blog\/retro-sotchi-2014-4-missillier-pinturault-mode-geant\/#breadcrumb"},"inLanguage":"fr-FR","potentialAction":[{"@type":"ReadAction","target":["https:\/\/dicodusport.fr\/blog\/retro-sotchi-2014-4-missillier-pinturault-mode-geant\/"]}]},{"@type":"ImageObject","inLanguage":"fr-FR","@id":"https:\/\/dicodusport.fr\/blog\/retro-sotchi-2014-4-missillier-pinturault-mode-geant\/#primaryimage","url":"https:\/\/dicodusport.fr\/blog\/wp-content\/uploads\/2018\/01\/sotchi-2014-Missillier-Pinturault.png","contentUrl":"https:\/\/dicodusport.fr\/blog\/wp-content\/uploads\/2018\/01\/sotchi-2014-Missillier-Pinturault.png","width":1200,"height":670,"caption":"sotchi 2014 Missillier Pinturault"},{"@type":"BreadcrumbList","@id":"https:\/\/dicodusport.fr\/blog\/retro-sotchi-2014-4-missillier-pinturault-mode-geant\/#breadcrumb","itemListElement":[{"@type":"ListItem","position":1,"name":"Accueil","item":"https:\/\/dicodusport.fr\/blog\/"},{"@type":"ListItem","position":2,"name":"R\u00e9tro Sotchi 2014 #4 : Missillier et Pinturault en mode g\u00e9ant"}]},{"@type":"WebSite","@id":"https:\/\/dicodusport.fr\/blog\/#website","url":"https:\/\/dicodusport.fr\/blog\/","name":"Dicodusport","description":"L&#039;encyclop\u00e9die de l&#039;actualit\u00e9 sportive","publisher":{"@id":"https:\/\/dicodusport.fr\/blog\/#organization"},"potentialAction":[{"@type":"SearchAction","target":{"@type":"EntryPoint","urlTemplate":"https:\/\/dicodusport.fr\/blog\/?s={search_term_string}"},"query-input":{"@type":"PropertyValueSpecification","valueRequired":true,"valueName":"search_term_string"}}],"inLanguage":"fr-FR"},{"@type":"NewsMediaOrganization","@id":"https:\/\/dicodusport.fr\/blog\/#organization","name":"Dicodusport","url":"https:\/\/dicodusport.fr\/blog\/","logo":{"@type":"ImageObject","inLanguage":"fr-FR","@id":"https:\/\/dicodusport.fr\/blog\/#\/schema\/logo\/image\/","url":"https:\/\/dicodusport.fr\/blog\/wp-content\/uploads\/2020\/06\/cropped-LOGO-DICODUSPORT-2020-SANS-FOND-SANS-TEXTE.png","contentUrl":"https:\/\/dicodusport.fr\/blog\/wp-content\/uploads\/2020\/06\/cropped-LOGO-DICODUSPORT-2020-SANS-FOND-SANS-TEXTE.png","width":512,"height":512,"caption":"Dicodusport"},"image":{"@id":"https:\/\/dicodusport.fr\/blog\/#\/schema\/logo\/image\/"},"sameAs":["https:\/\/www.facebook.com\/dicodusport","https:\/\/x.com\/dicodusport","https:\/\/www.instagram.com\/dicodusport\/","https:\/\/www.youtube.com\/channel\/UC7V2KZ5sd3htJivAbA4ZG3w"],"description":"Dicodusport est l'encyclop\u00e9die de l'actualit\u00e9 sportive.","email":"bonjour@dicodusport.fr","legalName":"DICODUSPORT","foundingDate":"2018-01-14","vatID":"FR71834470973","taxID":"83447097300043","numberOfEmployees":{"@type":"QuantitativeValue","minValue":"1","maxValue":"10"}},{"@type":"Person","@id":"https:\/\/dicodusport.fr\/blog\/#\/schema\/person\/cb02af4c173ce4a653b55e9baf388d4a","name":"Flo Ostermann","image":{"@type":"ImageObject","inLanguage":"fr-FR","@id":"https:\/\/dicodusport.fr\/blog\/#\/schema\/person\/image\/","url":"https:\/\/dicodusport.fr\/blog\/wp-content\/uploads\/2021\/05\/Flo-Ostermann-150x150.jpg","contentUrl":"https:\/\/dicodusport.fr\/blog\/wp-content\/uploads\/2021\/05\/Flo-Ostermann-150x150.jpg","caption":"Flo Ostermann"},"description":"Journaliste\/R\u00e9dacteur depuis septembre 2015 - Mes premiers souvenirs dans le sport ? Les envol\u00e9es du Stade Toulousain et les duels Villeneuve-Schumacher et H\u00e4kkinen-Schumacher \u00e0 la fin des ann\u00e9es 90, la Coupe du monde de football en 1998, l\u2019exploit du XV de France face aux All Blacks en 1999, mais aussi Richard C\u0153ur de Lion qui vole sur les montagnes du Tour de France. Bien parti pour devenir professeur d\u2019EPS, les \u00e9v\u00e9nements de la vie (et la flemme d\u2019animer des s\u00e9ances de 3x500 m\u00e8tres toute ma vie) m\u2019ont conduit \u00e0 revoir mes plans. Me voil\u00e0 depuis fin 2017 sur Dicodusport, m\u00e9dia gr\u00e2ce (et pour) lequel je partage ma passion : le sport dans tous ses \u00e9tats. Le tout accompagn\u00e9 par les fous furieux et folles furieuses cit\u00e9s sur cette page !","sameAs":["https:\/\/www.facebook.com\/florent.ostermann","https:\/\/x.com\/https:\/\/twitter.com\/FlOstermann","admin"],"url":"https:\/\/dicodusport.fr\/blog\/author\/flo\/"}]}},"_links":{"self":[{"href":"https:\/\/dicodusport.fr\/blog\/wp-json\/wp\/v2\/posts\/10254","targetHints":{"allow":["GET"]}}],"collection":[{"href":"https:\/\/dicodusport.fr\/blog\/wp-json\/wp\/v2\/posts"}],"about":[{"href":"https:\/\/dicodusport.fr\/blog\/wp-json\/wp\/v2\/types\/post"}],"author":[{"embeddable":true,"href":"https:\/\/dicodusport.fr\/blog\/wp-json\/wp\/v2\/users\/4"}],"replies":[{"embeddable":true,"href":"https:\/\/dicodusport.fr\/blog\/wp-json\/wp\/v2\/comments?post=10254"}],"version-history":[{"count":0,"href":"https:\/\/dicodusport.fr\/blog\/wp-json\/wp\/v2\/posts\/10254\/revisions"}],"wp:featuredmedia":[{"embeddable":true,"href":"https:\/\/dicodusport.fr\/blog\/wp-json\/wp\/v2\/media\/10304"}],"wp:attachment":[{"href":"https:\/\/dicodusport.fr\/blog\/wp-json\/wp\/v2\/media?parent=10254"}],"wp:term":[{"taxonomy":"category","embeddable":true,"href":"https:\/\/dicodusport.fr\/blog\/wp-json\/wp\/v2\/categories?post=10254"},{"taxonomy":"post_tag","embeddable":true,"href":"https:\/\/dicodusport.fr\/blog\/wp-json\/wp\/v2\/tags?post=10254"}],"curies":[{"name":"wp","href":"https:\/\/api.w.org\/{rel}","templated":true}]}}