{"id":102577,"date":"2021-01-30T09:00:43","date_gmt":"2021-01-30T08:00:43","guid":{"rendered":"https:\/\/dicodusport.fr\/blog\/?p=102577"},"modified":"2021-01-30T22:40:12","modified_gmt":"2021-01-30T21:40:12","slug":"wawrinka-veut-a-nouveau-ressentir-ce-sentiment-de-stress-et-de-pression","status":"publish","type":"post","link":"https:\/\/dicodusport.fr\/blog\/wawrinka-veut-a-nouveau-ressentir-ce-sentiment-de-stress-et-de-pression\/","title":{"rendered":"Wawrinka veut \u00e0 nouveau ressentir \u00ab\u00a0ce sentiment de stress et de pression\u00a0\u00bb"},"content":{"rendered":"<p style=\"text-align: justify;\"><em><strong>Alors que l&rsquo;Open d&rsquo;Australie d\u00e9butera le 8 f\u00e9vrier prochain, Stan Wawrinka s&rsquo;est confi\u00e9 pour le m\u00e9dia australien AFR. Touch\u00e9 par le virus il y a quelques semaines, le Suisse a h\u00e2te d&rsquo;en d\u00e9coudre.<\/strong><\/em><\/p>\n<p style=\"text-align: justify;\">Le 1er Grand Chelem de l&rsquo;ann\u00e9e approche, repouss\u00e9 de 3 semaines \u00e0 cause de la pand\u00e9mie de coronavirus. La petite balle jaune va reprendre ses droits. Sous fond de Covid et de quarantaine impos\u00e9e, la pr\u00e9paration des joueurs aura \u00e9t\u00e9 sans pr\u00e9c\u00e9dent. Si nombreux sont celles et ceux s&rsquo;\u00e9tant plaints de ces conditions, <strong>Stan Wawrinka<\/strong> de son c\u00f4t\u00e9 comprend les mesures prises.<\/p>\n<h2 style=\"text-align: justify;\">C&rsquo;est \u00e0 nous de nous adapter<\/h2>\n<p style=\"text-align: justify;\">Laur\u00e9at en 2014 face \u00e0 <strong>Rafael Nadal<\/strong>, celui qui occupe actuellement le 18\u00e8me rang mondial s&rsquo;est en effet montr\u00e9 en phase avec les d\u00e9cisions en vigueur. <em>\u00ab <strong>L&rsquo;\u00c9tat de Victoria se porte bien parce qu&rsquo;il a connu cinq ou six mois de confinement absolu. Alors quand nous, joueurs, nous venons ici en tant qu&rsquo;invit\u00e9s, nous devons nous adapter.<\/strong><\/em> <em>J&rsquo;avais une belle chambre, j&rsquo;ai eu l&rsquo;occasion de m&rsquo;entra\u00eener tous les jours en sortant pendant cinq heures. La pr\u00e9paration s&rsquo;est bien d\u00e9roul\u00e9e et pour tout cela je remercie l&rsquo;organisation, l&rsquo;engagement qu&rsquo;ils ont mis pour amener autant de monde ici est \u00e9norme. \u00bb<\/em><\/p>\n<h2 style=\"text-align: justify;\">Le Covid, une mauvaise exp\u00e9rience pour Wawrinka<\/h2>\n<p style=\"text-align: justify;\">Ayant contract\u00e9 le virus en d\u00e9cembre dernier, le Suisse qui f\u00eatera ses 36 ans cette ann\u00e9e en garde un souvenir amer. <em>\u00ab <strong>J&rsquo;ai contract\u00e9 le virus en d\u00e9cembre et pour cela j&rsquo;ai d\u00fb passer plus de dix jours \u00e0 la maison. J&rsquo;ai compl\u00e8tement perdu tout le travail que j&rsquo;avais fait pendant l&rsquo;intersaison.<\/strong> Au cours des cinq premiers jours, j&rsquo;\u00e9tais vraiment malade, mais les sympt\u00f4mes persistent et vous vous sentez fatigu\u00e9 tous les jours, pendant quelques semaines la situation reste comme \u00e7a et vous vous demandez pourquoi. <strong>Ce n&rsquo;\u00e9tait pas une bonne exp\u00e9rience, j&rsquo;ai eu une mauvaise exp\u00e9rience \u00e0 la maison<\/strong>. Maintenant, je r\u00e9alise enfin que je me sens mieux. Mais le virus peut vous faire tr\u00e8s mal et il est important d&rsquo;\u00eatre prudent. \u00bb<\/em><\/p>\n<p style=\"text-align: justify;\">Cette mauvaise passe derri\u00e8re lui, l&rsquo;Helv\u00e8te souhaite vite retrouver la comp\u00e9tition. <em>\u00ab <strong>J&rsquo;ai h\u00e2te de ressentir \u00e0 nouveau ce sentiment de stress et d&rsquo;\u00e9motion.<\/strong> C&rsquo;est pourquoi je suis ici et j&rsquo;en suis tr\u00e8s content. J&rsquo;esp\u00e8re revenir ici, mais \u00e0 mon \u00e2ge et \u00e0 ce stade de ma carri\u00e8re, il est vraiment difficile de savoir ce qui va se passer dans un an ou deux. Je vais donc essayer de pousser le plus possible en 2021. \u00bb<\/em><\/p>\n<p style=\"text-align: justify;\">A noter que le tirage au sort de l&rsquo;<a href=\"https:\/\/dicodusport.fr\/blog\/actualites\/tennis\/open-australie-2021\/\" target=\"_blank\" rel=\"noopener\">Open d&rsquo;Australie<\/a> aura lieu le 4 f\u00e9vrier prochain.<\/p>\n<blockquote class=\"twitter-tweet\">\n<p dir=\"ltr\" lang=\"en\">Former Australian Open Winner Stan Wawrinka Reveals COVID-19 Fight | Tennis News <a href=\"https:\/\/t.co\/wsIVPKS3bi\">https:\/\/t.co\/wsIVPKS3bi<\/a><\/p>\n<p>\u2014 Network20 News (@network20news) <a href=\"https:\/\/twitter.com\/network20news\/status\/1355361897621692416?ref_src=twsrc%5Etfw\">January 30, 2021<\/a><\/p><\/blockquote>\n<p><script async src=\"https:\/\/platform.twitter.com\/widgets.js\" charset=\"utf-8\"><\/script><\/p>\n<p><strong><em>Julien Correia<br \/>\n<a href=\"https:\/\/www.facebook.com\/julien.correia.52\" target=\"_blank\" rel=\"noopener noreferrer\"><img loading=\"lazy\" decoding=\"async\" class=\"alignnone wp-image-2909\" src=\"http:\/\/dicodusport.fr\/blog\/wp-content\/uploads\/2017\/07\/logo-facebook-150x150.png\" alt=\"\" width=\"40\" height=\"40\" \/><\/a><a href=\"https:\/\/twitter.com\/julienco_psg70\" target=\"_blank\" rel=\"noopener noreferrer\"><img loading=\"lazy\" decoding=\"async\" class=\"alignnone wp-image-2908\" src=\"http:\/\/dicodusport.fr\/blog\/wp-content\/uploads\/2017\/07\/logo-twitter-150x150.png\" alt=\"\" width=\"39\" height=\"39\" \/><\/a><\/em><\/strong><\/p>\n<p>&nbsp;<\/p>\n<p>&nbsp;<\/p>\n","protected":false},"excerpt":{"rendered":"<p>Alors que l&rsquo;Open d&rsquo;Australie d\u00e9butera le 8 f\u00e9vrier prochain, Stan Wawrinka s&rsquo;est confi\u00e9 pour le m\u00e9dia australien AFR. Touch\u00e9 par le virus il y a quelques semaines, le Suisse a h\u00e2te d&rsquo;en d\u00e9coudre.<\/p>\n","protected":false},"author":37,"featured_media":102621,"comment_status":"open","ping_status":"closed","sticky":false,"template":"","format":"standard","meta":{"_acf_changed":false,"_daextam_enable_autolinks":"","footnotes":""},"categories":[47089],"tags":[9827,3226,3923,136],"class_list":["post-102577","post","type-post","status-publish","format-standard","has-post-thumbnail","hentry","category-open-d-australie","tag-coronavirus","tag-open-daustralie","tag-stan-wawrinka","tag-tennis"],"acf":[],"yoast_head":"<!-- This site is optimized with the Yoast SEO Premium plugin v26.7 (Yoast SEO v26.7) - https:\/\/yoast.com\/wordpress\/plugins\/seo\/ -->\n<title>Wawrinka veut \u00e0 nouveau ressentir &quot;ce sentiment de stress et de pression&quot;<\/title>\n<meta name=\"description\" content=\"Alors que l&#039;Open d&#039;Australie d\u00e9butera le 8 f\u00e9vrier prochain, Stan Wawrinka s&#039;est confi\u00e9 pour le m\u00e9dia Australien AFR.\" \/>\n<meta name=\"robots\" content=\"index, follow, max-snippet:-1, max-image-preview:large, max-video-preview:-1\" \/>\n<link rel=\"canonical\" href=\"https:\/\/dicodusport.fr\/blog\/wawrinka-veut-a-nouveau-ressentir-ce-sentiment-de-stress-et-de-pression\/\" \/>\n<meta property=\"og:locale\" content=\"fr_FR\" \/>\n<meta property=\"og:type\" content=\"article\" \/>\n<meta property=\"og:title\" content=\"Wawrinka veut \u00e0 nouveau ressentir &quot;ce sentiment de stress et de pression&quot;\" \/>\n<meta property=\"og:description\" content=\"Alors que l&#039;Open d&#039;Australie d\u00e9butera le 8 f\u00e9vrier prochain, Stan Wawrinka s&#039;est confi\u00e9 pour le m\u00e9dia Australien AFR.\" \/>\n<meta property=\"og:url\" content=\"https:\/\/dicodusport.fr\/blog\/wawrinka-veut-a-nouveau-ressentir-ce-sentiment-de-stress-et-de-pression\/\" \/>\n<meta property=\"og:site_name\" content=\"Dicodusport\" \/>\n<meta property=\"article:publisher\" content=\"https:\/\/www.facebook.com\/dicodusport\" \/>\n<meta property=\"article:author\" content=\"https:\/\/www.facebook.com\/julien.correia.52\" \/>\n<meta property=\"article:published_time\" content=\"2021-01-30T08:00:43+00:00\" \/>\n<meta property=\"article:modified_time\" content=\"2021-01-30T21:40:12+00:00\" \/>\n<meta property=\"og:image\" content=\"https:\/\/dicodusport.fr\/blog\/wp-content\/uploads\/2021\/01\/Wawrinka-veut-a-nouveau-ressentir-ce-sentiment-de-stress-et-de-pression.png\" \/>\n\t<meta property=\"og:image:width\" content=\"800\" \/>\n\t<meta property=\"og:image:height\" content=\"445\" \/>\n\t<meta property=\"og:image:type\" content=\"image\/png\" \/>\n<meta name=\"author\" content=\"Julien Correia\" \/>\n<meta name=\"twitter:card\" content=\"summary_large_image\" \/>\n<meta name=\"twitter:title\" content=\"Wawrinka veut \u00e0 nouveau ressentir &quot;ce sentiment de stress et de pression&quot;\" \/>\n<meta name=\"twitter:creator\" content=\"@https:\/\/twitter.com\/julienco_psg70\" \/>\n<meta name=\"twitter:site\" content=\"@dicodusport\" \/>\n<script type=\"application\/ld+json\" class=\"yoast-schema-graph\">{\"@context\":\"https:\/\/schema.org\",\"@graph\":[{\"@type\":\"NewsArticle\",\"@id\":\"https:\/\/dicodusport.fr\/blog\/wawrinka-veut-a-nouveau-ressentir-ce-sentiment-de-stress-et-de-pression\/#article\",\"isPartOf\":{\"@id\":\"https:\/\/dicodusport.fr\/blog\/wawrinka-veut-a-nouveau-ressentir-ce-sentiment-de-stress-et-de-pression\/\"},\"author\":{\"name\":\"Julien Correia\",\"@id\":\"https:\/\/dicodusport.fr\/blog\/#\/schema\/person\/0f73d157e4670e108e23009fa82f2239\"},\"headline\":\"Wawrinka veut \u00e0 nouveau ressentir \u00ab\u00a0ce sentiment de stress et de pression\u00a0\u00bb\",\"datePublished\":\"2021-01-30T08:00:43+00:00\",\"dateModified\":\"2021-01-30T21:40:12+00:00\",\"mainEntityOfPage\":{\"@id\":\"https:\/\/dicodusport.fr\/blog\/wawrinka-veut-a-nouveau-ressentir-ce-sentiment-de-stress-et-de-pression\/\"},\"wordCount\":514,\"commentCount\":0,\"publisher\":{\"@id\":\"https:\/\/dicodusport.fr\/blog\/#organization\"},\"image\":{\"@id\":\"https:\/\/dicodusport.fr\/blog\/wawrinka-veut-a-nouveau-ressentir-ce-sentiment-de-stress-et-de-pression\/#primaryimage\"},\"thumbnailUrl\":\"https:\/\/dicodusport.fr\/blog\/wp-content\/uploads\/2021\/01\/Wawrinka-veut-a-nouveau-ressentir-ce-sentiment-de-stress-et-de-pression.png\",\"keywords\":[\"Coronavirus\",\"Open d'Australie\",\"Stan Wawrinka\",\"Tennis\"],\"articleSection\":[\"Open d'Australie\"],\"inLanguage\":\"fr-FR\",\"potentialAction\":[{\"@type\":\"CommentAction\",\"name\":\"Comment\",\"target\":[\"https:\/\/dicodusport.fr\/blog\/wawrinka-veut-a-nouveau-ressentir-ce-sentiment-de-stress-et-de-pression\/#respond\"]}],\"copyrightYear\":\"2021\",\"copyrightHolder\":{\"@id\":\"https:\/\/dicodusport.fr\/blog\/#organization\"}},{\"@type\":\"WebPage\",\"@id\":\"https:\/\/dicodusport.fr\/blog\/wawrinka-veut-a-nouveau-ressentir-ce-sentiment-de-stress-et-de-pression\/\",\"url\":\"https:\/\/dicodusport.fr\/blog\/wawrinka-veut-a-nouveau-ressentir-ce-sentiment-de-stress-et-de-pression\/\",\"name\":\"Wawrinka veut \u00e0 nouveau ressentir \\\"ce sentiment de stress et de pression\\\"\",\"isPartOf\":{\"@id\":\"https:\/\/dicodusport.fr\/blog\/#website\"},\"primaryImageOfPage\":{\"@id\":\"https:\/\/dicodusport.fr\/blog\/wawrinka-veut-a-nouveau-ressentir-ce-sentiment-de-stress-et-de-pression\/#primaryimage\"},\"image\":{\"@id\":\"https:\/\/dicodusport.fr\/blog\/wawrinka-veut-a-nouveau-ressentir-ce-sentiment-de-stress-et-de-pression\/#primaryimage\"},\"thumbnailUrl\":\"https:\/\/dicodusport.fr\/blog\/wp-content\/uploads\/2021\/01\/Wawrinka-veut-a-nouveau-ressentir-ce-sentiment-de-stress-et-de-pression.png\",\"datePublished\":\"2021-01-30T08:00:43+00:00\",\"dateModified\":\"2021-01-30T21:40:12+00:00\",\"description\":\"Alors que l'Open d'Australie d\u00e9butera le 8 f\u00e9vrier prochain, Stan Wawrinka s'est confi\u00e9 pour le m\u00e9dia Australien AFR.\",\"breadcrumb\":{\"@id\":\"https:\/\/dicodusport.fr\/blog\/wawrinka-veut-a-nouveau-ressentir-ce-sentiment-de-stress-et-de-pression\/#breadcrumb\"},\"inLanguage\":\"fr-FR\",\"potentialAction\":[{\"@type\":\"ReadAction\",\"target\":[\"https:\/\/dicodusport.fr\/blog\/wawrinka-veut-a-nouveau-ressentir-ce-sentiment-de-stress-et-de-pression\/\"]}]},{\"@type\":\"ImageObject\",\"inLanguage\":\"fr-FR\",\"@id\":\"https:\/\/dicodusport.fr\/blog\/wawrinka-veut-a-nouveau-ressentir-ce-sentiment-de-stress-et-de-pression\/#primaryimage\",\"url\":\"https:\/\/dicodusport.fr\/blog\/wp-content\/uploads\/2021\/01\/Wawrinka-veut-a-nouveau-ressentir-ce-sentiment-de-stress-et-de-pression.png\",\"contentUrl\":\"https:\/\/dicodusport.fr\/blog\/wp-content\/uploads\/2021\/01\/Wawrinka-veut-a-nouveau-ressentir-ce-sentiment-de-stress-et-de-pression.png\",\"width\":800,\"height\":445,\"caption\":\"Wawrinka veut \u00e0 nouveau ressentir ce sentiment de stress et de pression\"},{\"@type\":\"BreadcrumbList\",\"@id\":\"https:\/\/dicodusport.fr\/blog\/wawrinka-veut-a-nouveau-ressentir-ce-sentiment-de-stress-et-de-pression\/#breadcrumb\",\"itemListElement\":[{\"@type\":\"ListItem\",\"position\":1,\"name\":\"Accueil\",\"item\":\"https:\/\/dicodusport.fr\/blog\/\"},{\"@type\":\"ListItem\",\"position\":2,\"name\":\"Wawrinka veut \u00e0 nouveau ressentir \u00ab\u00a0ce sentiment de stress et de pression\u00a0\u00bb\"}]},{\"@type\":\"WebSite\",\"@id\":\"https:\/\/dicodusport.fr\/blog\/#website\",\"url\":\"https:\/\/dicodusport.fr\/blog\/\",\"name\":\"Dicodusport\",\"description\":\"L&#039;encyclop\u00e9die de l&#039;actualit\u00e9 sportive\",\"publisher\":{\"@id\":\"https:\/\/dicodusport.fr\/blog\/#organization\"},\"potentialAction\":[{\"@type\":\"SearchAction\",\"target\":{\"@type\":\"EntryPoint\",\"urlTemplate\":\"https:\/\/dicodusport.fr\/blog\/?s={search_term_string}\"},\"query-input\":{\"@type\":\"PropertyValueSpecification\",\"valueRequired\":true,\"valueName\":\"search_term_string\"}}],\"inLanguage\":\"fr-FR\"},{\"@type\":\"NewsMediaOrganization\",\"@id\":\"https:\/\/dicodusport.fr\/blog\/#organization\",\"name\":\"Dicodusport\",\"url\":\"https:\/\/dicodusport.fr\/blog\/\",\"logo\":{\"@type\":\"ImageObject\",\"inLanguage\":\"fr-FR\",\"@id\":\"https:\/\/dicodusport.fr\/blog\/#\/schema\/logo\/image\/\",\"url\":\"https:\/\/dicodusport.fr\/blog\/wp-content\/uploads\/2020\/06\/cropped-LOGO-DICODUSPORT-2020-SANS-FOND-SANS-TEXTE.png\",\"contentUrl\":\"https:\/\/dicodusport.fr\/blog\/wp-content\/uploads\/2020\/06\/cropped-LOGO-DICODUSPORT-2020-SANS-FOND-SANS-TEXTE.png\",\"width\":512,\"height\":512,\"caption\":\"Dicodusport\"},\"image\":{\"@id\":\"https:\/\/dicodusport.fr\/blog\/#\/schema\/logo\/image\/\"},\"sameAs\":[\"https:\/\/www.facebook.com\/dicodusport\",\"https:\/\/x.com\/dicodusport\",\"https:\/\/www.instagram.com\/dicodusport\/\",\"https:\/\/www.youtube.com\/channel\/UC7V2KZ5sd3htJivAbA4ZG3w\"],\"description\":\"Dicodusport est l'encyclop\u00e9die de l'actualit\u00e9 sportive.\",\"email\":\"bonjour@dicodusport.fr\",\"legalName\":\"DICODUSPORT\",\"foundingDate\":\"2018-01-14\",\"vatID\":\"FR71834470973\",\"taxID\":\"83447097300043\",\"numberOfEmployees\":{\"@type\":\"QuantitativeValue\",\"minValue\":\"1\",\"maxValue\":\"10\"}},{\"@type\":\"Person\",\"@id\":\"https:\/\/dicodusport.fr\/blog\/#\/schema\/person\/0f73d157e4670e108e23009fa82f2239\",\"name\":\"Julien Correia\",\"image\":{\"@type\":\"ImageObject\",\"inLanguage\":\"fr-FR\",\"@id\":\"https:\/\/dicodusport.fr\/blog\/#\/schema\/person\/image\/\",\"url\":\"https:\/\/dicodusport.fr\/blog\/wp-content\/uploads\/2021\/05\/Julien-Correia-150x150.jpg\",\"contentUrl\":\"https:\/\/dicodusport.fr\/blog\/wp-content\/uploads\/2021\/05\/Julien-Correia-150x150.jpg\",\"caption\":\"Julien Correia\"},\"description\":\"Journaliste\/r\u00e9dacteur depuis janvier 2019 - Tomb\u00e9 dans le monde du ballon rond \u00e9tant petit, j\u2019aurais pu devenir pro sans ces foutus ligaments crois\u00e9s. D\u00e9filant sur les champs (mais pas Elys\u00e9es) en 98, j\u2019ai \u00e9t\u00e9 berc\u00e9 par les exploits de Mister George, piqu\u00e9 par la technique du Snake, grandi avec Captain Rai et Ronnie, m\u00fbri avec Pauleta et Edi. Mais Ibracadabra, je suis d\u00e9sormais reconverti en runner\/traileur. Moins rapide que Bolt et moins endurant que Jornet, c\u2019est donc plume \u00e0 la main que je partage les exploits de ces athl\u00e8tes !\",\"sameAs\":[\"https:\/\/www.facebook.com\/julien.correia.52\",\"https:\/\/x.com\/https:\/\/twitter.com\/julienco_psg70\"],\"url\":\"https:\/\/dicodusport.fr\/blog\/author\/julien-c\/\"}]}<\/script>\n<!-- \/ Yoast SEO Premium plugin. -->","yoast_head_json":{"title":"Wawrinka veut \u00e0 nouveau ressentir \"ce sentiment de stress et de pression\"","description":"Alors que l'Open d'Australie d\u00e9butera le 8 f\u00e9vrier prochain, Stan Wawrinka s'est confi\u00e9 pour le m\u00e9dia Australien AFR.","robots":{"index":"index","follow":"follow","max-snippet":"max-snippet:-1","max-image-preview":"max-image-preview:large","max-video-preview":"max-video-preview:-1"},"canonical":"https:\/\/dicodusport.fr\/blog\/wawrinka-veut-a-nouveau-ressentir-ce-sentiment-de-stress-et-de-pression\/","og_locale":"fr_FR","og_type":"article","og_title":"Wawrinka veut \u00e0 nouveau ressentir \"ce sentiment de stress et de pression\"","og_description":"Alors que l'Open d'Australie d\u00e9butera le 8 f\u00e9vrier prochain, Stan Wawrinka s'est confi\u00e9 pour le m\u00e9dia Australien AFR.","og_url":"https:\/\/dicodusport.fr\/blog\/wawrinka-veut-a-nouveau-ressentir-ce-sentiment-de-stress-et-de-pression\/","og_site_name":"Dicodusport","article_publisher":"https:\/\/www.facebook.com\/dicodusport","article_author":"https:\/\/www.facebook.com\/julien.correia.52","article_published_time":"2021-01-30T08:00:43+00:00","article_modified_time":"2021-01-30T21:40:12+00:00","og_image":[{"width":800,"height":445,"url":"https:\/\/dicodusport.fr\/blog\/wp-content\/uploads\/2021\/01\/Wawrinka-veut-a-nouveau-ressentir-ce-sentiment-de-stress-et-de-pression.png","type":"image\/png"}],"author":"Julien Correia","twitter_card":"summary_large_image","twitter_title":"Wawrinka veut \u00e0 nouveau ressentir \"ce sentiment de stress et de pression\"","twitter_creator":"@https:\/\/twitter.com\/julienco_psg70","twitter_site":"@dicodusport","schema":{"@context":"https:\/\/schema.org","@graph":[{"@type":"NewsArticle","@id":"https:\/\/dicodusport.fr\/blog\/wawrinka-veut-a-nouveau-ressentir-ce-sentiment-de-stress-et-de-pression\/#article","isPartOf":{"@id":"https:\/\/dicodusport.fr\/blog\/wawrinka-veut-a-nouveau-ressentir-ce-sentiment-de-stress-et-de-pression\/"},"author":{"name":"Julien Correia","@id":"https:\/\/dicodusport.fr\/blog\/#\/schema\/person\/0f73d157e4670e108e23009fa82f2239"},"headline":"Wawrinka veut \u00e0 nouveau ressentir \u00ab\u00a0ce sentiment de stress et de pression\u00a0\u00bb","datePublished":"2021-01-30T08:00:43+00:00","dateModified":"2021-01-30T21:40:12+00:00","mainEntityOfPage":{"@id":"https:\/\/dicodusport.fr\/blog\/wawrinka-veut-a-nouveau-ressentir-ce-sentiment-de-stress-et-de-pression\/"},"wordCount":514,"commentCount":0,"publisher":{"@id":"https:\/\/dicodusport.fr\/blog\/#organization"},"image":{"@id":"https:\/\/dicodusport.fr\/blog\/wawrinka-veut-a-nouveau-ressentir-ce-sentiment-de-stress-et-de-pression\/#primaryimage"},"thumbnailUrl":"https:\/\/dicodusport.fr\/blog\/wp-content\/uploads\/2021\/01\/Wawrinka-veut-a-nouveau-ressentir-ce-sentiment-de-stress-et-de-pression.png","keywords":["Coronavirus","Open d'Australie","Stan Wawrinka","Tennis"],"articleSection":["Open d'Australie"],"inLanguage":"fr-FR","potentialAction":[{"@type":"CommentAction","name":"Comment","target":["https:\/\/dicodusport.fr\/blog\/wawrinka-veut-a-nouveau-ressentir-ce-sentiment-de-stress-et-de-pression\/#respond"]}],"copyrightYear":"2021","copyrightHolder":{"@id":"https:\/\/dicodusport.fr\/blog\/#organization"}},{"@type":"WebPage","@id":"https:\/\/dicodusport.fr\/blog\/wawrinka-veut-a-nouveau-ressentir-ce-sentiment-de-stress-et-de-pression\/","url":"https:\/\/dicodusport.fr\/blog\/wawrinka-veut-a-nouveau-ressentir-ce-sentiment-de-stress-et-de-pression\/","name":"Wawrinka veut \u00e0 nouveau ressentir \"ce sentiment de stress et de pression\"","isPartOf":{"@id":"https:\/\/dicodusport.fr\/blog\/#website"},"primaryImageOfPage":{"@id":"https:\/\/dicodusport.fr\/blog\/wawrinka-veut-a-nouveau-ressentir-ce-sentiment-de-stress-et-de-pression\/#primaryimage"},"image":{"@id":"https:\/\/dicodusport.fr\/blog\/wawrinka-veut-a-nouveau-ressentir-ce-sentiment-de-stress-et-de-pression\/#primaryimage"},"thumbnailUrl":"https:\/\/dicodusport.fr\/blog\/wp-content\/uploads\/2021\/01\/Wawrinka-veut-a-nouveau-ressentir-ce-sentiment-de-stress-et-de-pression.png","datePublished":"2021-01-30T08:00:43+00:00","dateModified":"2021-01-30T21:40:12+00:00","description":"Alors que l'Open d'Australie d\u00e9butera le 8 f\u00e9vrier prochain, Stan Wawrinka s'est confi\u00e9 pour le m\u00e9dia Australien AFR.","breadcrumb":{"@id":"https:\/\/dicodusport.fr\/blog\/wawrinka-veut-a-nouveau-ressentir-ce-sentiment-de-stress-et-de-pression\/#breadcrumb"},"inLanguage":"fr-FR","potentialAction":[{"@type":"ReadAction","target":["https:\/\/dicodusport.fr\/blog\/wawrinka-veut-a-nouveau-ressentir-ce-sentiment-de-stress-et-de-pression\/"]}]},{"@type":"ImageObject","inLanguage":"fr-FR","@id":"https:\/\/dicodusport.fr\/blog\/wawrinka-veut-a-nouveau-ressentir-ce-sentiment-de-stress-et-de-pression\/#primaryimage","url":"https:\/\/dicodusport.fr\/blog\/wp-content\/uploads\/2021\/01\/Wawrinka-veut-a-nouveau-ressentir-ce-sentiment-de-stress-et-de-pression.png","contentUrl":"https:\/\/dicodusport.fr\/blog\/wp-content\/uploads\/2021\/01\/Wawrinka-veut-a-nouveau-ressentir-ce-sentiment-de-stress-et-de-pression.png","width":800,"height":445,"caption":"Wawrinka veut \u00e0 nouveau ressentir ce sentiment de stress et de pression"},{"@type":"BreadcrumbList","@id":"https:\/\/dicodusport.fr\/blog\/wawrinka-veut-a-nouveau-ressentir-ce-sentiment-de-stress-et-de-pression\/#breadcrumb","itemListElement":[{"@type":"ListItem","position":1,"name":"Accueil","item":"https:\/\/dicodusport.fr\/blog\/"},{"@type":"ListItem","position":2,"name":"Wawrinka veut \u00e0 nouveau ressentir \u00ab\u00a0ce sentiment de stress et de pression\u00a0\u00bb"}]},{"@type":"WebSite","@id":"https:\/\/dicodusport.fr\/blog\/#website","url":"https:\/\/dicodusport.fr\/blog\/","name":"Dicodusport","description":"L&#039;encyclop\u00e9die de l&#039;actualit\u00e9 sportive","publisher":{"@id":"https:\/\/dicodusport.fr\/blog\/#organization"},"potentialAction":[{"@type":"SearchAction","target":{"@type":"EntryPoint","urlTemplate":"https:\/\/dicodusport.fr\/blog\/?s={search_term_string}"},"query-input":{"@type":"PropertyValueSpecification","valueRequired":true,"valueName":"search_term_string"}}],"inLanguage":"fr-FR"},{"@type":"NewsMediaOrganization","@id":"https:\/\/dicodusport.fr\/blog\/#organization","name":"Dicodusport","url":"https:\/\/dicodusport.fr\/blog\/","logo":{"@type":"ImageObject","inLanguage":"fr-FR","@id":"https:\/\/dicodusport.fr\/blog\/#\/schema\/logo\/image\/","url":"https:\/\/dicodusport.fr\/blog\/wp-content\/uploads\/2020\/06\/cropped-LOGO-DICODUSPORT-2020-SANS-FOND-SANS-TEXTE.png","contentUrl":"https:\/\/dicodusport.fr\/blog\/wp-content\/uploads\/2020\/06\/cropped-LOGO-DICODUSPORT-2020-SANS-FOND-SANS-TEXTE.png","width":512,"height":512,"caption":"Dicodusport"},"image":{"@id":"https:\/\/dicodusport.fr\/blog\/#\/schema\/logo\/image\/"},"sameAs":["https:\/\/www.facebook.com\/dicodusport","https:\/\/x.com\/dicodusport","https:\/\/www.instagram.com\/dicodusport\/","https:\/\/www.youtube.com\/channel\/UC7V2KZ5sd3htJivAbA4ZG3w"],"description":"Dicodusport est l'encyclop\u00e9die de l'actualit\u00e9 sportive.","email":"bonjour@dicodusport.fr","legalName":"DICODUSPORT","foundingDate":"2018-01-14","vatID":"FR71834470973","taxID":"83447097300043","numberOfEmployees":{"@type":"QuantitativeValue","minValue":"1","maxValue":"10"}},{"@type":"Person","@id":"https:\/\/dicodusport.fr\/blog\/#\/schema\/person\/0f73d157e4670e108e23009fa82f2239","name":"Julien Correia","image":{"@type":"ImageObject","inLanguage":"fr-FR","@id":"https:\/\/dicodusport.fr\/blog\/#\/schema\/person\/image\/","url":"https:\/\/dicodusport.fr\/blog\/wp-content\/uploads\/2021\/05\/Julien-Correia-150x150.jpg","contentUrl":"https:\/\/dicodusport.fr\/blog\/wp-content\/uploads\/2021\/05\/Julien-Correia-150x150.jpg","caption":"Julien Correia"},"description":"Journaliste\/r\u00e9dacteur depuis janvier 2019 - Tomb\u00e9 dans le monde du ballon rond \u00e9tant petit, j\u2019aurais pu devenir pro sans ces foutus ligaments crois\u00e9s. D\u00e9filant sur les champs (mais pas Elys\u00e9es) en 98, j\u2019ai \u00e9t\u00e9 berc\u00e9 par les exploits de Mister George, piqu\u00e9 par la technique du Snake, grandi avec Captain Rai et Ronnie, m\u00fbri avec Pauleta et Edi. Mais Ibracadabra, je suis d\u00e9sormais reconverti en runner\/traileur. Moins rapide que Bolt et moins endurant que Jornet, c\u2019est donc plume \u00e0 la main que je partage les exploits de ces athl\u00e8tes !","sameAs":["https:\/\/www.facebook.com\/julien.correia.52","https:\/\/x.com\/https:\/\/twitter.com\/julienco_psg70"],"url":"https:\/\/dicodusport.fr\/blog\/author\/julien-c\/"}]}},"_links":{"self":[{"href":"https:\/\/dicodusport.fr\/blog\/wp-json\/wp\/v2\/posts\/102577","targetHints":{"allow":["GET"]}}],"collection":[{"href":"https:\/\/dicodusport.fr\/blog\/wp-json\/wp\/v2\/posts"}],"about":[{"href":"https:\/\/dicodusport.fr\/blog\/wp-json\/wp\/v2\/types\/post"}],"author":[{"embeddable":true,"href":"https:\/\/dicodusport.fr\/blog\/wp-json\/wp\/v2\/users\/37"}],"replies":[{"embeddable":true,"href":"https:\/\/dicodusport.fr\/blog\/wp-json\/wp\/v2\/comments?post=102577"}],"version-history":[{"count":0,"href":"https:\/\/dicodusport.fr\/blog\/wp-json\/wp\/v2\/posts\/102577\/revisions"}],"wp:featuredmedia":[{"embeddable":true,"href":"https:\/\/dicodusport.fr\/blog\/wp-json\/wp\/v2\/media\/102621"}],"wp:attachment":[{"href":"https:\/\/dicodusport.fr\/blog\/wp-json\/wp\/v2\/media?parent=102577"}],"wp:term":[{"taxonomy":"category","embeddable":true,"href":"https:\/\/dicodusport.fr\/blog\/wp-json\/wp\/v2\/categories?post=102577"},{"taxonomy":"post_tag","embeddable":true,"href":"https:\/\/dicodusport.fr\/blog\/wp-json\/wp\/v2\/tags?post=102577"}],"curies":[{"name":"wp","href":"https:\/\/api.w.org\/{rel}","templated":true}]}}