{"id":102627,"date":"2021-01-30T11:45:36","date_gmt":"2021-01-30T10:45:36","guid":{"rendered":"https:\/\/dicodusport.fr\/blog\/?p=102627"},"modified":"2021-01-30T11:45:36","modified_gmt":"2021-01-30T10:45:36","slug":"meeting-de-karlsruhe-renaud-lavillenie-et-wilhem-belocian-a-la-fete","status":"publish","type":"post","link":"https:\/\/dicodusport.fr\/blog\/meeting-de-karlsruhe-renaud-lavillenie-et-wilhem-belocian-a-la-fete\/","title":{"rendered":"Meeting de Karlsruhe\u00a0: Renaud Lavillenie et Wilhem Belocian \u00e0 la f\u00eate"},"content":{"rendered":"<p style=\"text-align: justify;\"><em><strong>Athl\u00e9tisme &#8211; Ce vendredi soir, le meeting de Karlsruhe a \u00e9t\u00e9 \u00e0 la hauteur des attentes. Plusieurs athl\u00e8tes se sont illustr\u00e9s lors de cette premi\u00e8re manche du World Athletics \u00ab Gold Tour \u00bb. On pense notamment \u00e0 Dina Asher-Smith, Renaud Lavillenie ou encore Wilhem Belocian.<\/strong><\/em><\/p>\n<h2 style=\"text-align: justify;\">Les athl\u00e8tes fran\u00e7ais montent en puissance<\/h2>\n<p style=\"text-align: justify;\">A 34 ans, <strong>Renaud Lavillenie<\/strong> est en train de r\u00e9ussir l&rsquo;un des plus beaux d\u00e9buts de saison de sa carri\u00e8re. Apr\u00e8s avoir pass\u00e9 5,92 m \u00e0 Bordeaux une semaine auparavant, l\u2019Auvergnat a r\u00e9alis\u00e9 une nouvelle grosse performance en passant une barre \u00e0 5,95 m. Il s\u2019est ensuite attaqu\u00e9 aux six m\u00e8tres, sans succ\u00e8s. Peut-\u00eatre passera-t-il cette barre lors de la <a href=\"https:\/\/dicodusport.fr\/blog\/saut-a-la-perche-renaud-lavillenie-en-tete-daffiche-de-perche-en-or-dimanche\/\" target=\"_blank\" rel=\"noopener\">Perche en Or<\/a>, \u00e0 Tourcoing, ce dimanche ? Autre Fran\u00e7ais \u00e0 avoir brill\u00e9, <strong>Wilhem Belocian<\/strong> (25 ans) a domin\u00e9 le 60 m haies. Il a \u00e9tabli un chronom\u00e8tre en 7.49. A la troisi\u00e8me place, on retrouve <strong>Aurel Manga<\/strong> (28 ans), qui a r\u00e9alis\u00e9 7.65. Malheureusement, <strong>Pascal Martinot-Lagarde<\/strong> (29 ans) s&rsquo;est bless\u00e9 au cours de sa demi-finale.<\/p>\n<p style=\"text-align: justify;\">Sur 800 m, deux Fran\u00e7ais ont fini sur le podium. <strong>Benjamin Robert<\/strong> (23 ans) a termin\u00e9 second en 1:46.30, juste devant <strong>Pierre-Ambroise Bosse<\/strong> (28 ans), troisi\u00e8me en 1:64.40. C\u00f4t\u00e9 fran\u00e7ais, on retiendra aussi les performances d\u2019<strong>Orlann Dzangue-Ombissa<\/strong> (29 ans) et de <strong>Jimmy Gressier<\/strong> (23 ans). Sur 60 m, la Fran\u00e7aise a fini en troisi\u00e8me position, avec un chronom\u00e8tre en 7.16. Gressier, de son c\u00f4t\u00e9, a aussi termin\u00e9 troisi\u00e8me avec un chrono de 7:39.70 sur 3000 m.<\/p>\n<h2 style=\"text-align: justify;\">Rentr\u00e9e parfaite pour Asher-Smith<\/h2>\n<p style=\"text-align: justify;\">On attendait le retour de <strong>Dina Asher-Smith<\/strong> sur 60 m en salle. Elle n&rsquo;avait plus couru sous un toit depuis 2018. La Britannique de 25 ans a largement domin\u00e9 les d\u00e9bats. En effet, elle a remport\u00e9 la course et a \u00e9gal\u00e9 son record personnel de 7.08. Du c\u00f4t\u00e9 du 60 m haies f\u00e9minin, c\u2019est la Finlandaise <strong>Nooralotta Neziri<\/strong> (28 ans) qui s\u2019est impos\u00e9e en 7.95, battant ainsi le record de Finlande. Dans la cat\u00e9gorie des records nationaux battus, la Portugaise <strong>Auriol Dongmo<\/strong> (30 ans) s&rsquo;est \u00e9galement illustr\u00e9e au lancer du poids. En effet, elle a remport\u00e9 le concours avec un jet \u00e0 19,65 m\u00e8tres.<\/p>\n<p style=\"text-align: justify;\">Sur 3000 m, ce sont les K\u00e9nyans qui ont fait la loi. Chez les hommes, <strong>Bethwell Birgen<\/strong> (32 ans) s\u2019est impos\u00e9 en 7:34.12. Chez les dames, la favorite <strong>Beatrice Chepkoech<\/strong> (29 ans) a gagn\u00e9 en 8:41.98. Sur 800 m homme, c\u2019est le Britannique <strong>Elliot Giles<\/strong> (26 ans) qui a domin\u00e9 la course en 1:45.50. Le triple saut f\u00e9minin a \u00e9t\u00e9 remport\u00e9 par la Cubaine <strong>Liadagmis Povea<\/strong> (24 ans), avec un saut mesur\u00e9 \u00e0 14,54 m. En saut en longueur masculin, son compatriote <strong>Juan Miguel Etchevarra<\/strong> (22 ans) a gagn\u00e9 avec 18,18 m. Pour finir, le 400 m a \u00e9t\u00e9 remport\u00e9 par l\u2019Allemand <strong>Marvin Schlegel<\/strong> (23 ans) en 46.61.<\/p>\n<blockquote class=\"twitter-tweet\">\n<p dir=\"ltr\" lang=\"en\">Poetry in motion.<a href=\"https:\/\/twitter.com\/airlavillenie?ref_src=twsrc%5Etfw\">@airlavillenie<\/a> sails over 5.95m <a href=\"https:\/\/twitter.com\/INDOOR_MEETING?ref_src=twsrc%5Etfw\">@INDOOR_MEETING<\/a> record and world lead.<a href=\"https:\/\/twitter.com\/hashtag\/WorldIndoorTour?src=hash&amp;ref_src=twsrc%5Etfw\">#WorldIndoorTour<\/a> <a href=\"https:\/\/t.co\/YRuh9OJf3i\">pic.twitter.com\/YRuh9OJf3i<\/a><\/p>\n<p>\u2014 World Athletics (@WorldAthletics) <a href=\"https:\/\/twitter.com\/WorldAthletics\/status\/1355280850984833025?ref_src=twsrc%5Etfw\">January 29, 2021<\/a><\/p><\/blockquote>\n<p><script async src=\"https:\/\/platform.twitter.com\/widgets.js\" charset=\"utf-8\"><\/script><\/p>\n<p><em><strong>Alexandre Jeffroy<br \/>\n<a href=\"https:\/\/www.facebook.com\/alexandre.jeffroy.3\/\" target=\"_blank\" rel=\"noopener noreferrer\"><img loading=\"lazy\" decoding=\"async\" class=\"alignnone wp-image-2909\" src=\"http:\/\/dicodusport.fr\/blog\/wp-content\/uploads\/2017\/07\/logo-facebook-150x150.png\" sizes=\"auto, (max-width: 40px) 100vw, 40px\" srcset=\"https:\/\/dicodusport.fr\/blog\/wp-content\/uploads\/2017\/07\/logo-facebook-150x150.png 150w, https:\/\/dicodusport.fr\/blog\/wp-content\/uploads\/2017\/07\/logo-facebook-300x300.png 300w, https:\/\/dicodusport.fr\/blog\/wp-content\/uploads\/2017\/07\/logo-facebook.png 400w\" alt=\"\" width=\"40\" height=\"40\" \/><\/a><a href=\"https:\/\/twitter.com\/smokinalexjoe\" target=\"_blank\" rel=\"noopener noreferrer\"><img loading=\"lazy\" decoding=\"async\" class=\"alignnone wp-image-2908\" src=\"http:\/\/dicodusport.fr\/blog\/wp-content\/uploads\/2017\/07\/logo-twitter-150x150.png\" alt=\"\" width=\"39\" height=\"39\" \/><\/a><\/strong><\/em><\/p>\n","protected":false},"excerpt":{"rendered":"<p>Athl\u00e9tisme &#8211; Ce vendredi soir, le meeting de Karlsruhe a \u00e9t\u00e9 \u00e0 la hauteur des attentes. Plusieurs athl\u00e8tes se sont illustr\u00e9s lors de cette premi\u00e8re manche du World Athletics \u00ab Gold Tour \u00bb. On pense notamment \u00e0 Dina Asher-Smith, Renaud Lavillenie ou encore Wilhem Belocian.<\/p>\n","protected":false},"author":45,"featured_media":102649,"comment_status":"open","ping_status":"closed","sticky":false,"template":"","format":"standard","meta":{"_acf_changed":false,"_daextam_enable_autolinks":"","footnotes":""},"categories":[2308],"tags":[143,7383,6856,1610,11541,7375],"class_list":["post-102627","post","type-post","status-publish","format-standard","has-post-thumbnail","hentry","category-athletisme","tag-athletisme","tag-athletisme-indoor","tag-jimmy-gressier","tag-pierre-ambroise-bosse","tag-renaud-lavillennie","tag-wilhem-belocian"],"acf":[],"yoast_head":"<!-- This site is optimized with the Yoast SEO Premium plugin v26.7 (Yoast SEO v26.7) - https:\/\/yoast.com\/wordpress\/plugins\/seo\/ -->\n<title>Meeting de Karlsruhe\u00a0: Renaud Lavillenie et Wilhem Belocian \u00e0 la f\u00eate<\/title>\n<meta name=\"description\" content=\"Ce vendredi soir, le meeting de Karlsruhe, comptant pour le World Athletics \u00ab Gold Tour \u00bb a \u00e9t\u00e9 \u00e0 la hauteur des attentes.\" \/>\n<meta name=\"robots\" content=\"index, follow, max-snippet:-1, max-image-preview:large, max-video-preview:-1\" \/>\n<link rel=\"canonical\" href=\"https:\/\/dicodusport.fr\/blog\/meeting-de-karlsruhe-renaud-lavillenie-et-wilhem-belocian-a-la-fete\/\" \/>\n<meta property=\"og:locale\" content=\"fr_FR\" \/>\n<meta property=\"og:type\" content=\"article\" \/>\n<meta property=\"og:title\" content=\"Meeting de Karlsruhe\u00a0: Renaud Lavillenie et Wilhem Belocian \u00e0 la f\u00eate\" \/>\n<meta property=\"og:description\" content=\"Ce vendredi soir, le meeting de Karlsruhe, comptant pour le World Athletics \u00ab Gold Tour \u00bb a \u00e9t\u00e9 \u00e0 la hauteur des attentes.\" \/>\n<meta property=\"og:url\" content=\"https:\/\/dicodusport.fr\/blog\/meeting-de-karlsruhe-renaud-lavillenie-et-wilhem-belocian-a-la-fete\/\" \/>\n<meta property=\"og:site_name\" content=\"Dicodusport\" \/>\n<meta property=\"article:publisher\" content=\"https:\/\/www.facebook.com\/dicodusport\" \/>\n<meta property=\"article:author\" content=\"https:\/\/www.facebook.com\/alexandre.jeffroy.3\/\" \/>\n<meta property=\"article:published_time\" content=\"2021-01-30T10:45:36+00:00\" \/>\n<meta property=\"og:image\" content=\"https:\/\/dicodusport.fr\/blog\/wp-content\/uploads\/2021\/01\/Meeting-de-Karlsruhe-Renaud-Lavillenie-et-Wilhem-Belocian-a-la-fete.png\" \/>\n\t<meta property=\"og:image:width\" content=\"800\" \/>\n\t<meta property=\"og:image:height\" content=\"445\" \/>\n\t<meta property=\"og:image:type\" content=\"image\/png\" \/>\n<meta name=\"author\" content=\"Alexandre Jeffroy\" \/>\n<meta name=\"twitter:card\" content=\"summary_large_image\" \/>\n<meta name=\"twitter:title\" content=\"Meeting de Karlsruhe\u00a0: Renaud Lavillenie et Wilhem Belocian \u00e0 la f\u00eate\" \/>\n<meta name=\"twitter:creator\" content=\"@https:\/\/twitter.com\/smokinalexjoe\" \/>\n<meta name=\"twitter:site\" content=\"@dicodusport\" \/>\n<script type=\"application\/ld+json\" class=\"yoast-schema-graph\">{\"@context\":\"https:\/\/schema.org\",\"@graph\":[{\"@type\":\"NewsArticle\",\"@id\":\"https:\/\/dicodusport.fr\/blog\/meeting-de-karlsruhe-renaud-lavillenie-et-wilhem-belocian-a-la-fete\/#article\",\"isPartOf\":{\"@id\":\"https:\/\/dicodusport.fr\/blog\/meeting-de-karlsruhe-renaud-lavillenie-et-wilhem-belocian-a-la-fete\/\"},\"author\":{\"name\":\"Alexandre Jeffroy\",\"@id\":\"https:\/\/dicodusport.fr\/blog\/#\/schema\/person\/0e50be5ee9a0e6705846ac950257c4a0\"},\"headline\":\"Meeting de Karlsruhe\u00a0: Renaud Lavillenie et Wilhem Belocian \u00e0 la f\u00eate\",\"datePublished\":\"2021-01-30T10:45:36+00:00\",\"mainEntityOfPage\":{\"@id\":\"https:\/\/dicodusport.fr\/blog\/meeting-de-karlsruhe-renaud-lavillenie-et-wilhem-belocian-a-la-fete\/\"},\"wordCount\":490,\"commentCount\":0,\"publisher\":{\"@id\":\"https:\/\/dicodusport.fr\/blog\/#organization\"},\"image\":{\"@id\":\"https:\/\/dicodusport.fr\/blog\/meeting-de-karlsruhe-renaud-lavillenie-et-wilhem-belocian-a-la-fete\/#primaryimage\"},\"thumbnailUrl\":\"https:\/\/dicodusport.fr\/blog\/wp-content\/uploads\/2021\/01\/Meeting-de-Karlsruhe-Renaud-Lavillenie-et-Wilhem-Belocian-a-la-fete.png\",\"keywords\":[\"Athl\u00e9tisme\",\"athl\u00e9tisme indoor\",\"Jimmy Gressier\",\"Pierre-Ambroise Bosse\",\"Renaud Lavillennie\",\"Wilhem Belocian\"],\"articleSection\":[\"Athl\u00e9tisme\"],\"inLanguage\":\"fr-FR\",\"potentialAction\":[{\"@type\":\"CommentAction\",\"name\":\"Comment\",\"target\":[\"https:\/\/dicodusport.fr\/blog\/meeting-de-karlsruhe-renaud-lavillenie-et-wilhem-belocian-a-la-fete\/#respond\"]}],\"copyrightYear\":\"2021\",\"copyrightHolder\":{\"@id\":\"https:\/\/dicodusport.fr\/blog\/#organization\"}},{\"@type\":\"WebPage\",\"@id\":\"https:\/\/dicodusport.fr\/blog\/meeting-de-karlsruhe-renaud-lavillenie-et-wilhem-belocian-a-la-fete\/\",\"url\":\"https:\/\/dicodusport.fr\/blog\/meeting-de-karlsruhe-renaud-lavillenie-et-wilhem-belocian-a-la-fete\/\",\"name\":\"Meeting de Karlsruhe\u00a0: Renaud Lavillenie et Wilhem Belocian \u00e0 la f\u00eate\",\"isPartOf\":{\"@id\":\"https:\/\/dicodusport.fr\/blog\/#website\"},\"primaryImageOfPage\":{\"@id\":\"https:\/\/dicodusport.fr\/blog\/meeting-de-karlsruhe-renaud-lavillenie-et-wilhem-belocian-a-la-fete\/#primaryimage\"},\"image\":{\"@id\":\"https:\/\/dicodusport.fr\/blog\/meeting-de-karlsruhe-renaud-lavillenie-et-wilhem-belocian-a-la-fete\/#primaryimage\"},\"thumbnailUrl\":\"https:\/\/dicodusport.fr\/blog\/wp-content\/uploads\/2021\/01\/Meeting-de-Karlsruhe-Renaud-Lavillenie-et-Wilhem-Belocian-a-la-fete.png\",\"datePublished\":\"2021-01-30T10:45:36+00:00\",\"description\":\"Ce vendredi soir, le meeting de Karlsruhe, comptant pour le World Athletics \u00ab Gold Tour \u00bb a \u00e9t\u00e9 \u00e0 la hauteur des attentes.\",\"breadcrumb\":{\"@id\":\"https:\/\/dicodusport.fr\/blog\/meeting-de-karlsruhe-renaud-lavillenie-et-wilhem-belocian-a-la-fete\/#breadcrumb\"},\"inLanguage\":\"fr-FR\",\"potentialAction\":[{\"@type\":\"ReadAction\",\"target\":[\"https:\/\/dicodusport.fr\/blog\/meeting-de-karlsruhe-renaud-lavillenie-et-wilhem-belocian-a-la-fete\/\"]}]},{\"@type\":\"ImageObject\",\"inLanguage\":\"fr-FR\",\"@id\":\"https:\/\/dicodusport.fr\/blog\/meeting-de-karlsruhe-renaud-lavillenie-et-wilhem-belocian-a-la-fete\/#primaryimage\",\"url\":\"https:\/\/dicodusport.fr\/blog\/wp-content\/uploads\/2021\/01\/Meeting-de-Karlsruhe-Renaud-Lavillenie-et-Wilhem-Belocian-a-la-fete.png\",\"contentUrl\":\"https:\/\/dicodusport.fr\/blog\/wp-content\/uploads\/2021\/01\/Meeting-de-Karlsruhe-Renaud-Lavillenie-et-Wilhem-Belocian-a-la-fete.png\",\"width\":800,\"height\":445,\"caption\":\"Meeting de Karlsruhe\u00a0- Renaud Lavillenie et Wilhem Belocian \u00e0 la f\u00eate\"},{\"@type\":\"BreadcrumbList\",\"@id\":\"https:\/\/dicodusport.fr\/blog\/meeting-de-karlsruhe-renaud-lavillenie-et-wilhem-belocian-a-la-fete\/#breadcrumb\",\"itemListElement\":[{\"@type\":\"ListItem\",\"position\":1,\"name\":\"Accueil\",\"item\":\"https:\/\/dicodusport.fr\/blog\/\"},{\"@type\":\"ListItem\",\"position\":2,\"name\":\"Meeting de Karlsruhe\u00a0: Renaud Lavillenie et Wilhem Belocian \u00e0 la f\u00eate\"}]},{\"@type\":\"WebSite\",\"@id\":\"https:\/\/dicodusport.fr\/blog\/#website\",\"url\":\"https:\/\/dicodusport.fr\/blog\/\",\"name\":\"Dicodusport\",\"description\":\"L&#039;encyclop\u00e9die de l&#039;actualit\u00e9 sportive\",\"publisher\":{\"@id\":\"https:\/\/dicodusport.fr\/blog\/#organization\"},\"potentialAction\":[{\"@type\":\"SearchAction\",\"target\":{\"@type\":\"EntryPoint\",\"urlTemplate\":\"https:\/\/dicodusport.fr\/blog\/?s={search_term_string}\"},\"query-input\":{\"@type\":\"PropertyValueSpecification\",\"valueRequired\":true,\"valueName\":\"search_term_string\"}}],\"inLanguage\":\"fr-FR\"},{\"@type\":\"NewsMediaOrganization\",\"@id\":\"https:\/\/dicodusport.fr\/blog\/#organization\",\"name\":\"Dicodusport\",\"url\":\"https:\/\/dicodusport.fr\/blog\/\",\"logo\":{\"@type\":\"ImageObject\",\"inLanguage\":\"fr-FR\",\"@id\":\"https:\/\/dicodusport.fr\/blog\/#\/schema\/logo\/image\/\",\"url\":\"https:\/\/dicodusport.fr\/blog\/wp-content\/uploads\/2020\/06\/cropped-LOGO-DICODUSPORT-2020-SANS-FOND-SANS-TEXTE.png\",\"contentUrl\":\"https:\/\/dicodusport.fr\/blog\/wp-content\/uploads\/2020\/06\/cropped-LOGO-DICODUSPORT-2020-SANS-FOND-SANS-TEXTE.png\",\"width\":512,\"height\":512,\"caption\":\"Dicodusport\"},\"image\":{\"@id\":\"https:\/\/dicodusport.fr\/blog\/#\/schema\/logo\/image\/\"},\"sameAs\":[\"https:\/\/www.facebook.com\/dicodusport\",\"https:\/\/x.com\/dicodusport\",\"https:\/\/www.instagram.com\/dicodusport\/\",\"https:\/\/www.youtube.com\/channel\/UC7V2KZ5sd3htJivAbA4ZG3w\"],\"description\":\"Dicodusport est l'encyclop\u00e9die de l'actualit\u00e9 sportive.\",\"email\":\"bonjour@dicodusport.fr\",\"legalName\":\"DICODUSPORT\",\"foundingDate\":\"2018-01-14\",\"vatID\":\"FR71834470973\",\"taxID\":\"83447097300043\",\"numberOfEmployees\":{\"@type\":\"QuantitativeValue\",\"minValue\":\"1\",\"maxValue\":\"10\"}},{\"@type\":\"Person\",\"@id\":\"https:\/\/dicodusport.fr\/blog\/#\/schema\/person\/0e50be5ee9a0e6705846ac950257c4a0\",\"name\":\"Alexandre Jeffroy\",\"image\":{\"@type\":\"ImageObject\",\"inLanguage\":\"fr-FR\",\"@id\":\"https:\/\/dicodusport.fr\/blog\/#\/schema\/person\/image\/\",\"url\":\"https:\/\/dicodusport.fr\/blog\/wp-content\/uploads\/2021\/05\/Alexandre-Jeffroy-150x150.jpg\",\"contentUrl\":\"https:\/\/dicodusport.fr\/blog\/wp-content\/uploads\/2021\/05\/Alexandre-Jeffroy-150x150.jpg\",\"caption\":\"Alexandre Jeffroy\"},\"description\":\"Journaliste\/R\u00e9dacteur depuis octobre 2020 - Bolt qui foudroie le record du monde du 100 m\u00e8tres, les derniers essais de Dominici, les premi\u00e8res charges d\u00e9vastatrices de Bastarocket... de beaux souvenirs pour une grande passion, celle du sport. L\u2019histoire du sport aussi. Comprendre le r\u00f4le qu\u2019il a eu, celui qu\u2019il a et celui qu\u2019il aura dans notre soci\u00e9t\u00e9. Le sport au pass\u00e9, au pr\u00e9sent, au futur. Le sport tous les jours, matin, midi et soir. A d\u00e9faut d\u2019\u00eatre un grand sportif, je suis et je raconte l\u2019actualit\u00e9 et l\u2019histoire des championnes et des champions qui savent se d\u00e9passer pour accomplir des merveilles.\",\"sameAs\":[\"https:\/\/www.facebook.com\/alexandre.jeffroy.3\/\",\"https:\/\/x.com\/https:\/\/twitter.com\/smokinalexjoe\"],\"url\":\"https:\/\/dicodusport.fr\/blog\/author\/alexandrejeffroy\/\"}]}<\/script>\n<!-- \/ Yoast SEO Premium plugin. -->","yoast_head_json":{"title":"Meeting de Karlsruhe\u00a0: Renaud Lavillenie et Wilhem Belocian \u00e0 la f\u00eate","description":"Ce vendredi soir, le meeting de Karlsruhe, comptant pour le World Athletics \u00ab Gold Tour \u00bb a \u00e9t\u00e9 \u00e0 la hauteur des attentes.","robots":{"index":"index","follow":"follow","max-snippet":"max-snippet:-1","max-image-preview":"max-image-preview:large","max-video-preview":"max-video-preview:-1"},"canonical":"https:\/\/dicodusport.fr\/blog\/meeting-de-karlsruhe-renaud-lavillenie-et-wilhem-belocian-a-la-fete\/","og_locale":"fr_FR","og_type":"article","og_title":"Meeting de Karlsruhe\u00a0: Renaud Lavillenie et Wilhem Belocian \u00e0 la f\u00eate","og_description":"Ce vendredi soir, le meeting de Karlsruhe, comptant pour le World Athletics \u00ab Gold Tour \u00bb a \u00e9t\u00e9 \u00e0 la hauteur des attentes.","og_url":"https:\/\/dicodusport.fr\/blog\/meeting-de-karlsruhe-renaud-lavillenie-et-wilhem-belocian-a-la-fete\/","og_site_name":"Dicodusport","article_publisher":"https:\/\/www.facebook.com\/dicodusport","article_author":"https:\/\/www.facebook.com\/alexandre.jeffroy.3\/","article_published_time":"2021-01-30T10:45:36+00:00","og_image":[{"width":800,"height":445,"url":"https:\/\/dicodusport.fr\/blog\/wp-content\/uploads\/2021\/01\/Meeting-de-Karlsruhe-Renaud-Lavillenie-et-Wilhem-Belocian-a-la-fete.png","type":"image\/png"}],"author":"Alexandre Jeffroy","twitter_card":"summary_large_image","twitter_title":"Meeting de Karlsruhe\u00a0: Renaud Lavillenie et Wilhem Belocian \u00e0 la f\u00eate","twitter_creator":"@https:\/\/twitter.com\/smokinalexjoe","twitter_site":"@dicodusport","schema":{"@context":"https:\/\/schema.org","@graph":[{"@type":"NewsArticle","@id":"https:\/\/dicodusport.fr\/blog\/meeting-de-karlsruhe-renaud-lavillenie-et-wilhem-belocian-a-la-fete\/#article","isPartOf":{"@id":"https:\/\/dicodusport.fr\/blog\/meeting-de-karlsruhe-renaud-lavillenie-et-wilhem-belocian-a-la-fete\/"},"author":{"name":"Alexandre Jeffroy","@id":"https:\/\/dicodusport.fr\/blog\/#\/schema\/person\/0e50be5ee9a0e6705846ac950257c4a0"},"headline":"Meeting de Karlsruhe\u00a0: Renaud Lavillenie et Wilhem Belocian \u00e0 la f\u00eate","datePublished":"2021-01-30T10:45:36+00:00","mainEntityOfPage":{"@id":"https:\/\/dicodusport.fr\/blog\/meeting-de-karlsruhe-renaud-lavillenie-et-wilhem-belocian-a-la-fete\/"},"wordCount":490,"commentCount":0,"publisher":{"@id":"https:\/\/dicodusport.fr\/blog\/#organization"},"image":{"@id":"https:\/\/dicodusport.fr\/blog\/meeting-de-karlsruhe-renaud-lavillenie-et-wilhem-belocian-a-la-fete\/#primaryimage"},"thumbnailUrl":"https:\/\/dicodusport.fr\/blog\/wp-content\/uploads\/2021\/01\/Meeting-de-Karlsruhe-Renaud-Lavillenie-et-Wilhem-Belocian-a-la-fete.png","keywords":["Athl\u00e9tisme","athl\u00e9tisme indoor","Jimmy Gressier","Pierre-Ambroise Bosse","Renaud Lavillennie","Wilhem Belocian"],"articleSection":["Athl\u00e9tisme"],"inLanguage":"fr-FR","potentialAction":[{"@type":"CommentAction","name":"Comment","target":["https:\/\/dicodusport.fr\/blog\/meeting-de-karlsruhe-renaud-lavillenie-et-wilhem-belocian-a-la-fete\/#respond"]}],"copyrightYear":"2021","copyrightHolder":{"@id":"https:\/\/dicodusport.fr\/blog\/#organization"}},{"@type":"WebPage","@id":"https:\/\/dicodusport.fr\/blog\/meeting-de-karlsruhe-renaud-lavillenie-et-wilhem-belocian-a-la-fete\/","url":"https:\/\/dicodusport.fr\/blog\/meeting-de-karlsruhe-renaud-lavillenie-et-wilhem-belocian-a-la-fete\/","name":"Meeting de Karlsruhe\u00a0: Renaud Lavillenie et Wilhem Belocian \u00e0 la f\u00eate","isPartOf":{"@id":"https:\/\/dicodusport.fr\/blog\/#website"},"primaryImageOfPage":{"@id":"https:\/\/dicodusport.fr\/blog\/meeting-de-karlsruhe-renaud-lavillenie-et-wilhem-belocian-a-la-fete\/#primaryimage"},"image":{"@id":"https:\/\/dicodusport.fr\/blog\/meeting-de-karlsruhe-renaud-lavillenie-et-wilhem-belocian-a-la-fete\/#primaryimage"},"thumbnailUrl":"https:\/\/dicodusport.fr\/blog\/wp-content\/uploads\/2021\/01\/Meeting-de-Karlsruhe-Renaud-Lavillenie-et-Wilhem-Belocian-a-la-fete.png","datePublished":"2021-01-30T10:45:36+00:00","description":"Ce vendredi soir, le meeting de Karlsruhe, comptant pour le World Athletics \u00ab Gold Tour \u00bb a \u00e9t\u00e9 \u00e0 la hauteur des attentes.","breadcrumb":{"@id":"https:\/\/dicodusport.fr\/blog\/meeting-de-karlsruhe-renaud-lavillenie-et-wilhem-belocian-a-la-fete\/#breadcrumb"},"inLanguage":"fr-FR","potentialAction":[{"@type":"ReadAction","target":["https:\/\/dicodusport.fr\/blog\/meeting-de-karlsruhe-renaud-lavillenie-et-wilhem-belocian-a-la-fete\/"]}]},{"@type":"ImageObject","inLanguage":"fr-FR","@id":"https:\/\/dicodusport.fr\/blog\/meeting-de-karlsruhe-renaud-lavillenie-et-wilhem-belocian-a-la-fete\/#primaryimage","url":"https:\/\/dicodusport.fr\/blog\/wp-content\/uploads\/2021\/01\/Meeting-de-Karlsruhe-Renaud-Lavillenie-et-Wilhem-Belocian-a-la-fete.png","contentUrl":"https:\/\/dicodusport.fr\/blog\/wp-content\/uploads\/2021\/01\/Meeting-de-Karlsruhe-Renaud-Lavillenie-et-Wilhem-Belocian-a-la-fete.png","width":800,"height":445,"caption":"Meeting de Karlsruhe\u00a0- Renaud Lavillenie et Wilhem Belocian \u00e0 la f\u00eate"},{"@type":"BreadcrumbList","@id":"https:\/\/dicodusport.fr\/blog\/meeting-de-karlsruhe-renaud-lavillenie-et-wilhem-belocian-a-la-fete\/#breadcrumb","itemListElement":[{"@type":"ListItem","position":1,"name":"Accueil","item":"https:\/\/dicodusport.fr\/blog\/"},{"@type":"ListItem","position":2,"name":"Meeting de Karlsruhe\u00a0: Renaud Lavillenie et Wilhem Belocian \u00e0 la f\u00eate"}]},{"@type":"WebSite","@id":"https:\/\/dicodusport.fr\/blog\/#website","url":"https:\/\/dicodusport.fr\/blog\/","name":"Dicodusport","description":"L&#039;encyclop\u00e9die de l&#039;actualit\u00e9 sportive","publisher":{"@id":"https:\/\/dicodusport.fr\/blog\/#organization"},"potentialAction":[{"@type":"SearchAction","target":{"@type":"EntryPoint","urlTemplate":"https:\/\/dicodusport.fr\/blog\/?s={search_term_string}"},"query-input":{"@type":"PropertyValueSpecification","valueRequired":true,"valueName":"search_term_string"}}],"inLanguage":"fr-FR"},{"@type":"NewsMediaOrganization","@id":"https:\/\/dicodusport.fr\/blog\/#organization","name":"Dicodusport","url":"https:\/\/dicodusport.fr\/blog\/","logo":{"@type":"ImageObject","inLanguage":"fr-FR","@id":"https:\/\/dicodusport.fr\/blog\/#\/schema\/logo\/image\/","url":"https:\/\/dicodusport.fr\/blog\/wp-content\/uploads\/2020\/06\/cropped-LOGO-DICODUSPORT-2020-SANS-FOND-SANS-TEXTE.png","contentUrl":"https:\/\/dicodusport.fr\/blog\/wp-content\/uploads\/2020\/06\/cropped-LOGO-DICODUSPORT-2020-SANS-FOND-SANS-TEXTE.png","width":512,"height":512,"caption":"Dicodusport"},"image":{"@id":"https:\/\/dicodusport.fr\/blog\/#\/schema\/logo\/image\/"},"sameAs":["https:\/\/www.facebook.com\/dicodusport","https:\/\/x.com\/dicodusport","https:\/\/www.instagram.com\/dicodusport\/","https:\/\/www.youtube.com\/channel\/UC7V2KZ5sd3htJivAbA4ZG3w"],"description":"Dicodusport est l'encyclop\u00e9die de l'actualit\u00e9 sportive.","email":"bonjour@dicodusport.fr","legalName":"DICODUSPORT","foundingDate":"2018-01-14","vatID":"FR71834470973","taxID":"83447097300043","numberOfEmployees":{"@type":"QuantitativeValue","minValue":"1","maxValue":"10"}},{"@type":"Person","@id":"https:\/\/dicodusport.fr\/blog\/#\/schema\/person\/0e50be5ee9a0e6705846ac950257c4a0","name":"Alexandre Jeffroy","image":{"@type":"ImageObject","inLanguage":"fr-FR","@id":"https:\/\/dicodusport.fr\/blog\/#\/schema\/person\/image\/","url":"https:\/\/dicodusport.fr\/blog\/wp-content\/uploads\/2021\/05\/Alexandre-Jeffroy-150x150.jpg","contentUrl":"https:\/\/dicodusport.fr\/blog\/wp-content\/uploads\/2021\/05\/Alexandre-Jeffroy-150x150.jpg","caption":"Alexandre Jeffroy"},"description":"Journaliste\/R\u00e9dacteur depuis octobre 2020 - Bolt qui foudroie le record du monde du 100 m\u00e8tres, les derniers essais de Dominici, les premi\u00e8res charges d\u00e9vastatrices de Bastarocket... de beaux souvenirs pour une grande passion, celle du sport. L\u2019histoire du sport aussi. Comprendre le r\u00f4le qu\u2019il a eu, celui qu\u2019il a et celui qu\u2019il aura dans notre soci\u00e9t\u00e9. Le sport au pass\u00e9, au pr\u00e9sent, au futur. Le sport tous les jours, matin, midi et soir. A d\u00e9faut d\u2019\u00eatre un grand sportif, je suis et je raconte l\u2019actualit\u00e9 et l\u2019histoire des championnes et des champions qui savent se d\u00e9passer pour accomplir des merveilles.","sameAs":["https:\/\/www.facebook.com\/alexandre.jeffroy.3\/","https:\/\/x.com\/https:\/\/twitter.com\/smokinalexjoe"],"url":"https:\/\/dicodusport.fr\/blog\/author\/alexandrejeffroy\/"}]}},"_links":{"self":[{"href":"https:\/\/dicodusport.fr\/blog\/wp-json\/wp\/v2\/posts\/102627","targetHints":{"allow":["GET"]}}],"collection":[{"href":"https:\/\/dicodusport.fr\/blog\/wp-json\/wp\/v2\/posts"}],"about":[{"href":"https:\/\/dicodusport.fr\/blog\/wp-json\/wp\/v2\/types\/post"}],"author":[{"embeddable":true,"href":"https:\/\/dicodusport.fr\/blog\/wp-json\/wp\/v2\/users\/45"}],"replies":[{"embeddable":true,"href":"https:\/\/dicodusport.fr\/blog\/wp-json\/wp\/v2\/comments?post=102627"}],"version-history":[{"count":0,"href":"https:\/\/dicodusport.fr\/blog\/wp-json\/wp\/v2\/posts\/102627\/revisions"}],"wp:featuredmedia":[{"embeddable":true,"href":"https:\/\/dicodusport.fr\/blog\/wp-json\/wp\/v2\/media\/102649"}],"wp:attachment":[{"href":"https:\/\/dicodusport.fr\/blog\/wp-json\/wp\/v2\/media?parent=102627"}],"wp:term":[{"taxonomy":"category","embeddable":true,"href":"https:\/\/dicodusport.fr\/blog\/wp-json\/wp\/v2\/categories?post=102627"},{"taxonomy":"post_tag","embeddable":true,"href":"https:\/\/dicodusport.fr\/blog\/wp-json\/wp\/v2\/tags?post=102627"}],"curies":[{"name":"wp","href":"https:\/\/api.w.org\/{rel}","templated":true}]}}