{"id":102732,"date":"2021-01-30T16:07:41","date_gmt":"2021-01-30T15:07:41","guid":{"rendered":"https:\/\/dicodusport.fr\/blog\/?p=102732&#038;preview=true&#038;preview_id=102732"},"modified":"2021-01-30T17:24:19","modified_gmt":"2021-01-30T16:24:19","slug":"championnats-du-monde-cyclo-cross-2021-lucinda-brand-enfin-sacree","status":"publish","type":"post","link":"https:\/\/dicodusport.fr\/blog\/championnats-du-monde-cyclo-cross-2021-lucinda-brand-enfin-sacree\/","title":{"rendered":"Championnats du monde de cyclo-cross 2021 : Lucinda Brand enfin sacr\u00e9e !"},"content":{"rendered":"<p style=\"text-align: justify;\"><strong><em><a href=\"https:\/\/dicodusport.fr\/blog\/cyclo-cross-championnats-du-monde-2021-ostende-programme-complet\/\" target=\"_blank\" rel=\"noopener\">CYCLO-CROSS &#8211; CHAMPIONNATS DU MONDE 2021<\/a> &#8211; Enfin sacr\u00e9e ! La N\u00e9erlandaise a remport\u00e9 ce samedi le titre mondial \u00e0 Ostende (Belgique). Au terme d&rsquo;un \u00e9norme combat, elle devance ses deux compatriotes, Annemarie Worst et Denise Betsema.<\/em><\/strong><\/p>\n<p style=\"text-align: justify;\">Elle tournait autour depuis quatre ans. Quatri\u00e8me en 2017, en bronze en 2017 et 2019 mais aussi en argent en 2018, <strong>Lucinda Brand<\/strong>, 31 ans, a d\u00e9croch\u00e9 le titre monde en cyclo-cross ce samedi, \u00e0 Ostende. La laur\u00e9ate de la Coupe du monde 2020-2021 a \u00e9t\u00e9 solide durant les 5 tours pour l&#8217;emporter, sur un parcours exceptionnel, entre sable et parties techniques.<\/p>\n<h2 style=\"text-align: justify;\">Brand solide<\/h2>\n<p style=\"text-align: justify;\">Une course qui a pris un premier tournant, d\u00e8s le premier virage, lorsque la championne du monde sortante, <strong>Ceylin Alvarado<\/strong>, chutait. Cette derni\u00e8re, qui perdait 25 secondes d\u00e8s le premier tour, ne reviendra jamais sur la t\u00eate de la course. Devant, <strong>Denise Betsema<\/strong> prenait le meilleur d\u00e9part, avant de voir revenir sur elle Lucinda Brand puis <strong>Annemarie Worst<\/strong>. \u00c0 trois \u00e0 l&rsquo;amorce du dernier tour, c&rsquo;est <strong>Betsema<\/strong> qui craquait la premi\u00e8re, manquant de puissance dans le money-time. En argent l&rsquo;ann\u00e9e derni\u00e8re, <strong>Worst<\/strong>, alors au coude \u00e0 coude avec Brand, chutait dans les derniers virages, laissant sa compatriote filer vers le titre. Derri\u00e8re le trio Brand &#8211; Worst &#8211; Betsema, l&rsquo;Am\u00e9ricaine <strong>Clara Honsinger<\/strong> termine au pied du podium. Alvarado, doit se contenter de la 6\u00e8me place. Premi\u00e8re Fran\u00e7aise, <strong>Perrine Clauzel<\/strong> termine 13\u00e8me.<\/p>\n<blockquote class=\"twitter-tweet\">\n<p dir=\"ltr\" lang=\"fr\">Lucinda Brand est championne du monde de cyclo-cross pour la premi\u00e8re fois de sa carri\u00e8re &#x1f44f;&#x1f44f;<a href=\"https:\/\/twitter.com\/hashtag\/lequipeVELO?src=hash&amp;ref_src=twsrc%5Etfw\">#lequipeVELO<\/a> <a href=\"https:\/\/t.co\/3nS9GirpdN\">pic.twitter.com\/3nS9GirpdN<\/a><\/p>\n<p>\u2014 la chaine L&rsquo;\u00c9quipe (@lachainelequipe) <a href=\"https:\/\/twitter.com\/lachainelequipe\/status\/1355532458977087491?ref_src=twsrc%5Etfw\">January 30, 2021<\/a><\/p><\/blockquote>\n<p><script async src=\"https:\/\/platform.twitter.com\/widgets.js\" charset=\"utf-8\"><\/script><\/p>\n<ul>\n<li style=\"text-align: justify;\"><strong>\u00c0 lire aussi &#8211; <a href=\"https:\/\/dicodusport.fr\/blog\/cyclo-cross-championnats-du-monde-2021-classement-course-elite-femmes\/\" target=\"_blank\" rel=\"noopener\">Cyclo-cross \u2013 Championnats du monde 2021 : le classement de la course \u00e9lite femmes<\/a><\/strong><\/li>\n<\/ul>\n<p><strong><em>Dicodusport<br \/>\n<a href=\"https:\/\/www.facebook.com\/dicodusport\/\" target=\"_blank\" rel=\"noopener noreferrer\"><img loading=\"lazy\" decoding=\"async\" class=\"alignnone wp-image-2909\" src=\"http:\/\/dicodusport.fr\/blog\/wp-content\/uploads\/2017\/07\/logo-facebook-150x150.png\" alt=\"\" width=\"40\" height=\"40\" \/><\/a><a href=\"https:\/\/twitter.com\/dicodusport\" target=\"_blank\" rel=\"noopener noreferrer\"><img loading=\"lazy\" decoding=\"async\" class=\"alignnone wp-image-2908\" src=\"http:\/\/dicodusport.fr\/blog\/wp-content\/uploads\/2017\/07\/logo-twitter-150x150.png\" alt=\"\" width=\"39\" height=\"39\" \/><\/a><\/em><\/strong><\/p>\n","protected":false},"excerpt":{"rendered":"<p>CYCLO-CROSS &#8211; CHAMPIONNATS DU MONDE 2021 &#8211; Enfin sacr\u00e9e ! La N\u00e9erlandaise a remport\u00e9 ce samedi le titre mondial \u00e0 Ostende (Belgique). Au terme d&rsquo;un \u00e9norme combat, elle devance ses deux compatriotes, Annemarie Worst et Denise Betsema.<\/p>\n","protected":false},"author":4,"featured_media":102793,"comment_status":"open","ping_status":"closed","sticky":false,"template":"","format":"standard","meta":{"_acf_changed":false,"_daextam_enable_autolinks":"","footnotes":""},"categories":[9611],"tags":[9759],"class_list":["post-102732","post","type-post","status-publish","format-standard","has-post-thumbnail","hentry","category-cyclo-cross","tag-championnats-du-monde-de-cyclo-cross"],"acf":[],"yoast_head":"<!-- This site is optimized with the Yoast SEO Premium plugin v26.7 (Yoast SEO v26.7) - https:\/\/yoast.com\/wordpress\/plugins\/seo\/ -->\n<title>Championnats du monde de cyclo-cross 2021 : Lucinda Brand enfin sacr\u00e9e !<\/title>\n<meta name=\"description\" content=\"CYCLO-CROSS - CHAMPIONNATS DU MONDE 2021 - Enfin sacr\u00e9e ! La N\u00e9erlandaise a remport\u00e9 ce samedi le titre mondial \u00e0 Ostende (Belgique). cours\" \/>\n<meta name=\"robots\" content=\"index, follow, max-snippet:-1, max-image-preview:large, max-video-preview:-1\" \/>\n<link rel=\"canonical\" href=\"https:\/\/dicodusport.fr\/blog\/championnats-du-monde-cyclo-cross-2021-lucinda-brand-enfin-sacree\/\" \/>\n<meta property=\"og:locale\" content=\"fr_FR\" \/>\n<meta property=\"og:type\" content=\"article\" \/>\n<meta property=\"og:title\" content=\"Championnats du monde de cyclo-cross 2021 : Lucinda Brand enfin sacr\u00e9e !\" \/>\n<meta property=\"og:description\" content=\"CYCLO-CROSS - CHAMPIONNATS DU MONDE 2021 - Enfin sacr\u00e9e ! La N\u00e9erlandaise a remport\u00e9 ce samedi le titre mondial \u00e0 Ostende (Belgique). cours\" \/>\n<meta property=\"og:url\" content=\"https:\/\/dicodusport.fr\/blog\/championnats-du-monde-cyclo-cross-2021-lucinda-brand-enfin-sacree\/\" \/>\n<meta property=\"og:site_name\" content=\"Dicodusport\" \/>\n<meta property=\"article:publisher\" content=\"https:\/\/www.facebook.com\/dicodusport\" \/>\n<meta property=\"article:author\" content=\"https:\/\/www.facebook.com\/florent.ostermann\" \/>\n<meta property=\"article:published_time\" content=\"2021-01-30T15:07:41+00:00\" \/>\n<meta property=\"article:modified_time\" content=\"2021-01-30T16:24:19+00:00\" \/>\n<meta property=\"og:image\" content=\"https:\/\/dicodusport.fr\/blog\/wp-content\/uploads\/2021\/01\/Cyclisme-Championnats-du-monde-de-cyclo-cross-2021-Lucinda-Brand-enfin-sacree-.png\" \/>\n\t<meta property=\"og:image:width\" content=\"800\" \/>\n\t<meta property=\"og:image:height\" content=\"445\" \/>\n\t<meta property=\"og:image:type\" content=\"image\/png\" \/>\n<meta name=\"author\" content=\"Flo Ostermann\" \/>\n<meta name=\"twitter:card\" content=\"summary_large_image\" \/>\n<meta name=\"twitter:title\" content=\"Championnats du monde de cyclo-cross 2021 : Lucinda Brand enfin sacr\u00e9e !\" \/>\n<meta name=\"twitter:creator\" content=\"@https:\/\/twitter.com\/FlOstermann\" \/>\n<meta name=\"twitter:site\" content=\"@dicodusport\" \/>\n<script type=\"application\/ld+json\" class=\"yoast-schema-graph\">{\"@context\":\"https:\/\/schema.org\",\"@graph\":[{\"@type\":\"NewsArticle\",\"@id\":\"https:\/\/dicodusport.fr\/blog\/championnats-du-monde-cyclo-cross-2021-lucinda-brand-enfin-sacree\/#article\",\"isPartOf\":{\"@id\":\"https:\/\/dicodusport.fr\/blog\/championnats-du-monde-cyclo-cross-2021-lucinda-brand-enfin-sacree\/\"},\"author\":{\"name\":\"Flo Ostermann\",\"@id\":\"https:\/\/dicodusport.fr\/blog\/#\/schema\/person\/cb02af4c173ce4a653b55e9baf388d4a\"},\"headline\":\"Championnats du monde de cyclo-cross 2021 : Lucinda Brand enfin sacr\u00e9e !\",\"datePublished\":\"2021-01-30T15:07:41+00:00\",\"dateModified\":\"2021-01-30T16:24:19+00:00\",\"mainEntityOfPage\":{\"@id\":\"https:\/\/dicodusport.fr\/blog\/championnats-du-monde-cyclo-cross-2021-lucinda-brand-enfin-sacree\/\"},\"wordCount\":301,\"commentCount\":0,\"publisher\":{\"@id\":\"https:\/\/dicodusport.fr\/blog\/#organization\"},\"image\":{\"@id\":\"https:\/\/dicodusport.fr\/blog\/championnats-du-monde-cyclo-cross-2021-lucinda-brand-enfin-sacree\/#primaryimage\"},\"thumbnailUrl\":\"https:\/\/dicodusport.fr\/blog\/wp-content\/uploads\/2021\/01\/Cyclisme-Championnats-du-monde-de-cyclo-cross-2021-Lucinda-Brand-enfin-sacree-.png\",\"keywords\":[\"Championnats du monde de Cyclo-cross\"],\"articleSection\":[\"Cyclo-cross\"],\"inLanguage\":\"fr-FR\",\"potentialAction\":[{\"@type\":\"CommentAction\",\"name\":\"Comment\",\"target\":[\"https:\/\/dicodusport.fr\/blog\/championnats-du-monde-cyclo-cross-2021-lucinda-brand-enfin-sacree\/#respond\"]}],\"copyrightYear\":\"2021\",\"copyrightHolder\":{\"@id\":\"https:\/\/dicodusport.fr\/blog\/#organization\"}},{\"@type\":\"WebPage\",\"@id\":\"https:\/\/dicodusport.fr\/blog\/championnats-du-monde-cyclo-cross-2021-lucinda-brand-enfin-sacree\/\",\"url\":\"https:\/\/dicodusport.fr\/blog\/championnats-du-monde-cyclo-cross-2021-lucinda-brand-enfin-sacree\/\",\"name\":\"Championnats du monde de cyclo-cross 2021 : Lucinda Brand enfin sacr\u00e9e !\",\"isPartOf\":{\"@id\":\"https:\/\/dicodusport.fr\/blog\/#website\"},\"primaryImageOfPage\":{\"@id\":\"https:\/\/dicodusport.fr\/blog\/championnats-du-monde-cyclo-cross-2021-lucinda-brand-enfin-sacree\/#primaryimage\"},\"image\":{\"@id\":\"https:\/\/dicodusport.fr\/blog\/championnats-du-monde-cyclo-cross-2021-lucinda-brand-enfin-sacree\/#primaryimage\"},\"thumbnailUrl\":\"https:\/\/dicodusport.fr\/blog\/wp-content\/uploads\/2021\/01\/Cyclisme-Championnats-du-monde-de-cyclo-cross-2021-Lucinda-Brand-enfin-sacree-.png\",\"datePublished\":\"2021-01-30T15:07:41+00:00\",\"dateModified\":\"2021-01-30T16:24:19+00:00\",\"description\":\"CYCLO-CROSS - CHAMPIONNATS DU MONDE 2021 - Enfin sacr\u00e9e ! La N\u00e9erlandaise a remport\u00e9 ce samedi le titre mondial \u00e0 Ostende (Belgique). cours\",\"breadcrumb\":{\"@id\":\"https:\/\/dicodusport.fr\/blog\/championnats-du-monde-cyclo-cross-2021-lucinda-brand-enfin-sacree\/#breadcrumb\"},\"inLanguage\":\"fr-FR\",\"potentialAction\":[{\"@type\":\"ReadAction\",\"target\":[\"https:\/\/dicodusport.fr\/blog\/championnats-du-monde-cyclo-cross-2021-lucinda-brand-enfin-sacree\/\"]}]},{\"@type\":\"ImageObject\",\"inLanguage\":\"fr-FR\",\"@id\":\"https:\/\/dicodusport.fr\/blog\/championnats-du-monde-cyclo-cross-2021-lucinda-brand-enfin-sacree\/#primaryimage\",\"url\":\"https:\/\/dicodusport.fr\/blog\/wp-content\/uploads\/2021\/01\/Cyclisme-Championnats-du-monde-de-cyclo-cross-2021-Lucinda-Brand-enfin-sacree-.png\",\"contentUrl\":\"https:\/\/dicodusport.fr\/blog\/wp-content\/uploads\/2021\/01\/Cyclisme-Championnats-du-monde-de-cyclo-cross-2021-Lucinda-Brand-enfin-sacree-.png\",\"width\":800,\"height\":445,\"caption\":\"Cyclisme - Championnats du monde de cyclo-cross 2021 - Lucinda Brand enfin sacr\u00e9e\"},{\"@type\":\"BreadcrumbList\",\"@id\":\"https:\/\/dicodusport.fr\/blog\/championnats-du-monde-cyclo-cross-2021-lucinda-brand-enfin-sacree\/#breadcrumb\",\"itemListElement\":[{\"@type\":\"ListItem\",\"position\":1,\"name\":\"Accueil\",\"item\":\"https:\/\/dicodusport.fr\/blog\/\"},{\"@type\":\"ListItem\",\"position\":2,\"name\":\"Championnats du monde de cyclo-cross 2021 : Lucinda Brand enfin sacr\u00e9e !\"}]},{\"@type\":\"WebSite\",\"@id\":\"https:\/\/dicodusport.fr\/blog\/#website\",\"url\":\"https:\/\/dicodusport.fr\/blog\/\",\"name\":\"Dicodusport\",\"description\":\"L&#039;encyclop\u00e9die de l&#039;actualit\u00e9 sportive\",\"publisher\":{\"@id\":\"https:\/\/dicodusport.fr\/blog\/#organization\"},\"potentialAction\":[{\"@type\":\"SearchAction\",\"target\":{\"@type\":\"EntryPoint\",\"urlTemplate\":\"https:\/\/dicodusport.fr\/blog\/?s={search_term_string}\"},\"query-input\":{\"@type\":\"PropertyValueSpecification\",\"valueRequired\":true,\"valueName\":\"search_term_string\"}}],\"inLanguage\":\"fr-FR\"},{\"@type\":\"NewsMediaOrganization\",\"@id\":\"https:\/\/dicodusport.fr\/blog\/#organization\",\"name\":\"Dicodusport\",\"url\":\"https:\/\/dicodusport.fr\/blog\/\",\"logo\":{\"@type\":\"ImageObject\",\"inLanguage\":\"fr-FR\",\"@id\":\"https:\/\/dicodusport.fr\/blog\/#\/schema\/logo\/image\/\",\"url\":\"https:\/\/dicodusport.fr\/blog\/wp-content\/uploads\/2020\/06\/cropped-LOGO-DICODUSPORT-2020-SANS-FOND-SANS-TEXTE.png\",\"contentUrl\":\"https:\/\/dicodusport.fr\/blog\/wp-content\/uploads\/2020\/06\/cropped-LOGO-DICODUSPORT-2020-SANS-FOND-SANS-TEXTE.png\",\"width\":512,\"height\":512,\"caption\":\"Dicodusport\"},\"image\":{\"@id\":\"https:\/\/dicodusport.fr\/blog\/#\/schema\/logo\/image\/\"},\"sameAs\":[\"https:\/\/www.facebook.com\/dicodusport\",\"https:\/\/x.com\/dicodusport\",\"https:\/\/www.instagram.com\/dicodusport\/\",\"https:\/\/www.youtube.com\/channel\/UC7V2KZ5sd3htJivAbA4ZG3w\"],\"description\":\"Dicodusport est l'encyclop\u00e9die de l'actualit\u00e9 sportive.\",\"email\":\"bonjour@dicodusport.fr\",\"legalName\":\"DICODUSPORT\",\"foundingDate\":\"2018-01-14\",\"vatID\":\"FR71834470973\",\"taxID\":\"83447097300043\",\"numberOfEmployees\":{\"@type\":\"QuantitativeValue\",\"minValue\":\"1\",\"maxValue\":\"10\"}},{\"@type\":\"Person\",\"@id\":\"https:\/\/dicodusport.fr\/blog\/#\/schema\/person\/cb02af4c173ce4a653b55e9baf388d4a\",\"name\":\"Flo Ostermann\",\"image\":{\"@type\":\"ImageObject\",\"inLanguage\":\"fr-FR\",\"@id\":\"https:\/\/dicodusport.fr\/blog\/#\/schema\/person\/image\/\",\"url\":\"https:\/\/dicodusport.fr\/blog\/wp-content\/uploads\/2021\/05\/Flo-Ostermann-150x150.jpg\",\"contentUrl\":\"https:\/\/dicodusport.fr\/blog\/wp-content\/uploads\/2021\/05\/Flo-Ostermann-150x150.jpg\",\"caption\":\"Flo Ostermann\"},\"description\":\"Journaliste\/R\u00e9dacteur depuis septembre 2015 - Mes premiers souvenirs dans le sport ? Les envol\u00e9es du Stade Toulousain et les duels Villeneuve-Schumacher et H\u00e4kkinen-Schumacher \u00e0 la fin des ann\u00e9es 90, la Coupe du monde de football en 1998, l\u2019exploit du XV de France face aux All Blacks en 1999, mais aussi Richard C\u0153ur de Lion qui vole sur les montagnes du Tour de France. Bien parti pour devenir professeur d\u2019EPS, les \u00e9v\u00e9nements de la vie (et la flemme d\u2019animer des s\u00e9ances de 3x500 m\u00e8tres toute ma vie) m\u2019ont conduit \u00e0 revoir mes plans. Me voil\u00e0 depuis fin 2017 sur Dicodusport, m\u00e9dia gr\u00e2ce (et pour) lequel je partage ma passion : le sport dans tous ses \u00e9tats. Le tout accompagn\u00e9 par les fous furieux et folles furieuses cit\u00e9s sur cette page !\",\"sameAs\":[\"https:\/\/www.facebook.com\/florent.ostermann\",\"https:\/\/x.com\/https:\/\/twitter.com\/FlOstermann\",\"admin\"],\"url\":\"https:\/\/dicodusport.fr\/blog\/author\/flo\/\"}]}<\/script>\n<!-- \/ Yoast SEO Premium plugin. -->","yoast_head_json":{"title":"Championnats du monde de cyclo-cross 2021 : Lucinda Brand enfin sacr\u00e9e !","description":"CYCLO-CROSS - CHAMPIONNATS DU MONDE 2021 - Enfin sacr\u00e9e ! La N\u00e9erlandaise a remport\u00e9 ce samedi le titre mondial \u00e0 Ostende (Belgique). cours","robots":{"index":"index","follow":"follow","max-snippet":"max-snippet:-1","max-image-preview":"max-image-preview:large","max-video-preview":"max-video-preview:-1"},"canonical":"https:\/\/dicodusport.fr\/blog\/championnats-du-monde-cyclo-cross-2021-lucinda-brand-enfin-sacree\/","og_locale":"fr_FR","og_type":"article","og_title":"Championnats du monde de cyclo-cross 2021 : Lucinda Brand enfin sacr\u00e9e !","og_description":"CYCLO-CROSS - CHAMPIONNATS DU MONDE 2021 - Enfin sacr\u00e9e ! La N\u00e9erlandaise a remport\u00e9 ce samedi le titre mondial \u00e0 Ostende (Belgique). cours","og_url":"https:\/\/dicodusport.fr\/blog\/championnats-du-monde-cyclo-cross-2021-lucinda-brand-enfin-sacree\/","og_site_name":"Dicodusport","article_publisher":"https:\/\/www.facebook.com\/dicodusport","article_author":"https:\/\/www.facebook.com\/florent.ostermann","article_published_time":"2021-01-30T15:07:41+00:00","article_modified_time":"2021-01-30T16:24:19+00:00","og_image":[{"width":800,"height":445,"url":"https:\/\/dicodusport.fr\/blog\/wp-content\/uploads\/2021\/01\/Cyclisme-Championnats-du-monde-de-cyclo-cross-2021-Lucinda-Brand-enfin-sacree-.png","type":"image\/png"}],"author":"Flo Ostermann","twitter_card":"summary_large_image","twitter_title":"Championnats du monde de cyclo-cross 2021 : Lucinda Brand enfin sacr\u00e9e !","twitter_creator":"@https:\/\/twitter.com\/FlOstermann","twitter_site":"@dicodusport","schema":{"@context":"https:\/\/schema.org","@graph":[{"@type":"NewsArticle","@id":"https:\/\/dicodusport.fr\/blog\/championnats-du-monde-cyclo-cross-2021-lucinda-brand-enfin-sacree\/#article","isPartOf":{"@id":"https:\/\/dicodusport.fr\/blog\/championnats-du-monde-cyclo-cross-2021-lucinda-brand-enfin-sacree\/"},"author":{"name":"Flo Ostermann","@id":"https:\/\/dicodusport.fr\/blog\/#\/schema\/person\/cb02af4c173ce4a653b55e9baf388d4a"},"headline":"Championnats du monde de cyclo-cross 2021 : Lucinda Brand enfin sacr\u00e9e !","datePublished":"2021-01-30T15:07:41+00:00","dateModified":"2021-01-30T16:24:19+00:00","mainEntityOfPage":{"@id":"https:\/\/dicodusport.fr\/blog\/championnats-du-monde-cyclo-cross-2021-lucinda-brand-enfin-sacree\/"},"wordCount":301,"commentCount":0,"publisher":{"@id":"https:\/\/dicodusport.fr\/blog\/#organization"},"image":{"@id":"https:\/\/dicodusport.fr\/blog\/championnats-du-monde-cyclo-cross-2021-lucinda-brand-enfin-sacree\/#primaryimage"},"thumbnailUrl":"https:\/\/dicodusport.fr\/blog\/wp-content\/uploads\/2021\/01\/Cyclisme-Championnats-du-monde-de-cyclo-cross-2021-Lucinda-Brand-enfin-sacree-.png","keywords":["Championnats du monde de Cyclo-cross"],"articleSection":["Cyclo-cross"],"inLanguage":"fr-FR","potentialAction":[{"@type":"CommentAction","name":"Comment","target":["https:\/\/dicodusport.fr\/blog\/championnats-du-monde-cyclo-cross-2021-lucinda-brand-enfin-sacree\/#respond"]}],"copyrightYear":"2021","copyrightHolder":{"@id":"https:\/\/dicodusport.fr\/blog\/#organization"}},{"@type":"WebPage","@id":"https:\/\/dicodusport.fr\/blog\/championnats-du-monde-cyclo-cross-2021-lucinda-brand-enfin-sacree\/","url":"https:\/\/dicodusport.fr\/blog\/championnats-du-monde-cyclo-cross-2021-lucinda-brand-enfin-sacree\/","name":"Championnats du monde de cyclo-cross 2021 : Lucinda Brand enfin sacr\u00e9e !","isPartOf":{"@id":"https:\/\/dicodusport.fr\/blog\/#website"},"primaryImageOfPage":{"@id":"https:\/\/dicodusport.fr\/blog\/championnats-du-monde-cyclo-cross-2021-lucinda-brand-enfin-sacree\/#primaryimage"},"image":{"@id":"https:\/\/dicodusport.fr\/blog\/championnats-du-monde-cyclo-cross-2021-lucinda-brand-enfin-sacree\/#primaryimage"},"thumbnailUrl":"https:\/\/dicodusport.fr\/blog\/wp-content\/uploads\/2021\/01\/Cyclisme-Championnats-du-monde-de-cyclo-cross-2021-Lucinda-Brand-enfin-sacree-.png","datePublished":"2021-01-30T15:07:41+00:00","dateModified":"2021-01-30T16:24:19+00:00","description":"CYCLO-CROSS - CHAMPIONNATS DU MONDE 2021 - Enfin sacr\u00e9e ! La N\u00e9erlandaise a remport\u00e9 ce samedi le titre mondial \u00e0 Ostende (Belgique). cours","breadcrumb":{"@id":"https:\/\/dicodusport.fr\/blog\/championnats-du-monde-cyclo-cross-2021-lucinda-brand-enfin-sacree\/#breadcrumb"},"inLanguage":"fr-FR","potentialAction":[{"@type":"ReadAction","target":["https:\/\/dicodusport.fr\/blog\/championnats-du-monde-cyclo-cross-2021-lucinda-brand-enfin-sacree\/"]}]},{"@type":"ImageObject","inLanguage":"fr-FR","@id":"https:\/\/dicodusport.fr\/blog\/championnats-du-monde-cyclo-cross-2021-lucinda-brand-enfin-sacree\/#primaryimage","url":"https:\/\/dicodusport.fr\/blog\/wp-content\/uploads\/2021\/01\/Cyclisme-Championnats-du-monde-de-cyclo-cross-2021-Lucinda-Brand-enfin-sacree-.png","contentUrl":"https:\/\/dicodusport.fr\/blog\/wp-content\/uploads\/2021\/01\/Cyclisme-Championnats-du-monde-de-cyclo-cross-2021-Lucinda-Brand-enfin-sacree-.png","width":800,"height":445,"caption":"Cyclisme - Championnats du monde de cyclo-cross 2021 - Lucinda Brand enfin sacr\u00e9e"},{"@type":"BreadcrumbList","@id":"https:\/\/dicodusport.fr\/blog\/championnats-du-monde-cyclo-cross-2021-lucinda-brand-enfin-sacree\/#breadcrumb","itemListElement":[{"@type":"ListItem","position":1,"name":"Accueil","item":"https:\/\/dicodusport.fr\/blog\/"},{"@type":"ListItem","position":2,"name":"Championnats du monde de cyclo-cross 2021 : Lucinda Brand enfin sacr\u00e9e !"}]},{"@type":"WebSite","@id":"https:\/\/dicodusport.fr\/blog\/#website","url":"https:\/\/dicodusport.fr\/blog\/","name":"Dicodusport","description":"L&#039;encyclop\u00e9die de l&#039;actualit\u00e9 sportive","publisher":{"@id":"https:\/\/dicodusport.fr\/blog\/#organization"},"potentialAction":[{"@type":"SearchAction","target":{"@type":"EntryPoint","urlTemplate":"https:\/\/dicodusport.fr\/blog\/?s={search_term_string}"},"query-input":{"@type":"PropertyValueSpecification","valueRequired":true,"valueName":"search_term_string"}}],"inLanguage":"fr-FR"},{"@type":"NewsMediaOrganization","@id":"https:\/\/dicodusport.fr\/blog\/#organization","name":"Dicodusport","url":"https:\/\/dicodusport.fr\/blog\/","logo":{"@type":"ImageObject","inLanguage":"fr-FR","@id":"https:\/\/dicodusport.fr\/blog\/#\/schema\/logo\/image\/","url":"https:\/\/dicodusport.fr\/blog\/wp-content\/uploads\/2020\/06\/cropped-LOGO-DICODUSPORT-2020-SANS-FOND-SANS-TEXTE.png","contentUrl":"https:\/\/dicodusport.fr\/blog\/wp-content\/uploads\/2020\/06\/cropped-LOGO-DICODUSPORT-2020-SANS-FOND-SANS-TEXTE.png","width":512,"height":512,"caption":"Dicodusport"},"image":{"@id":"https:\/\/dicodusport.fr\/blog\/#\/schema\/logo\/image\/"},"sameAs":["https:\/\/www.facebook.com\/dicodusport","https:\/\/x.com\/dicodusport","https:\/\/www.instagram.com\/dicodusport\/","https:\/\/www.youtube.com\/channel\/UC7V2KZ5sd3htJivAbA4ZG3w"],"description":"Dicodusport est l'encyclop\u00e9die de l'actualit\u00e9 sportive.","email":"bonjour@dicodusport.fr","legalName":"DICODUSPORT","foundingDate":"2018-01-14","vatID":"FR71834470973","taxID":"83447097300043","numberOfEmployees":{"@type":"QuantitativeValue","minValue":"1","maxValue":"10"}},{"@type":"Person","@id":"https:\/\/dicodusport.fr\/blog\/#\/schema\/person\/cb02af4c173ce4a653b55e9baf388d4a","name":"Flo Ostermann","image":{"@type":"ImageObject","inLanguage":"fr-FR","@id":"https:\/\/dicodusport.fr\/blog\/#\/schema\/person\/image\/","url":"https:\/\/dicodusport.fr\/blog\/wp-content\/uploads\/2021\/05\/Flo-Ostermann-150x150.jpg","contentUrl":"https:\/\/dicodusport.fr\/blog\/wp-content\/uploads\/2021\/05\/Flo-Ostermann-150x150.jpg","caption":"Flo Ostermann"},"description":"Journaliste\/R\u00e9dacteur depuis septembre 2015 - Mes premiers souvenirs dans le sport ? Les envol\u00e9es du Stade Toulousain et les duels Villeneuve-Schumacher et H\u00e4kkinen-Schumacher \u00e0 la fin des ann\u00e9es 90, la Coupe du monde de football en 1998, l\u2019exploit du XV de France face aux All Blacks en 1999, mais aussi Richard C\u0153ur de Lion qui vole sur les montagnes du Tour de France. Bien parti pour devenir professeur d\u2019EPS, les \u00e9v\u00e9nements de la vie (et la flemme d\u2019animer des s\u00e9ances de 3x500 m\u00e8tres toute ma vie) m\u2019ont conduit \u00e0 revoir mes plans. Me voil\u00e0 depuis fin 2017 sur Dicodusport, m\u00e9dia gr\u00e2ce (et pour) lequel je partage ma passion : le sport dans tous ses \u00e9tats. Le tout accompagn\u00e9 par les fous furieux et folles furieuses cit\u00e9s sur cette page !","sameAs":["https:\/\/www.facebook.com\/florent.ostermann","https:\/\/x.com\/https:\/\/twitter.com\/FlOstermann","admin"],"url":"https:\/\/dicodusport.fr\/blog\/author\/flo\/"}]}},"_links":{"self":[{"href":"https:\/\/dicodusport.fr\/blog\/wp-json\/wp\/v2\/posts\/102732","targetHints":{"allow":["GET"]}}],"collection":[{"href":"https:\/\/dicodusport.fr\/blog\/wp-json\/wp\/v2\/posts"}],"about":[{"href":"https:\/\/dicodusport.fr\/blog\/wp-json\/wp\/v2\/types\/post"}],"author":[{"embeddable":true,"href":"https:\/\/dicodusport.fr\/blog\/wp-json\/wp\/v2\/users\/4"}],"replies":[{"embeddable":true,"href":"https:\/\/dicodusport.fr\/blog\/wp-json\/wp\/v2\/comments?post=102732"}],"version-history":[{"count":0,"href":"https:\/\/dicodusport.fr\/blog\/wp-json\/wp\/v2\/posts\/102732\/revisions"}],"wp:featuredmedia":[{"embeddable":true,"href":"https:\/\/dicodusport.fr\/blog\/wp-json\/wp\/v2\/media\/102793"}],"wp:attachment":[{"href":"https:\/\/dicodusport.fr\/blog\/wp-json\/wp\/v2\/media?parent=102732"}],"wp:term":[{"taxonomy":"category","embeddable":true,"href":"https:\/\/dicodusport.fr\/blog\/wp-json\/wp\/v2\/categories?post=102732"},{"taxonomy":"post_tag","embeddable":true,"href":"https:\/\/dicodusport.fr\/blog\/wp-json\/wp\/v2\/tags?post=102732"}],"curies":[{"name":"wp","href":"https:\/\/api.w.org\/{rel}","templated":true}]}}