{"id":102995,"date":"2021-01-31T16:14:12","date_gmt":"2021-01-31T15:14:12","guid":{"rendered":"https:\/\/dicodusport.fr\/blog\/?p=102995&#038;preview=true&#038;preview_id=102995"},"modified":"2021-01-31T17:53:15","modified_gmt":"2021-01-31T16:53:15","slug":"championnats-du-monde-de-cyclo-cross-2021-mathieu-van-der-poel-sacre-pour-la-4eme-fois","status":"publish","type":"post","link":"https:\/\/dicodusport.fr\/blog\/championnats-du-monde-de-cyclo-cross-2021-mathieu-van-der-poel-sacre-pour-la-4eme-fois\/","title":{"rendered":"Championnats du monde de cyclo-cross 2021 : Mathieu van der Poel sacr\u00e9 pour la 4\u00e8me fois"},"content":{"rendered":"<p style=\"text-align: justify;\"><strong><em><a href=\"https:\/\/dicodusport.fr\/blog\/cyclo-cross-championnats-du-monde-2021-ostende-programme-complet\/\" target=\"_blank\" rel=\"noopener\">CYCLO-CROSS &#8211; CHAMPIONNATS DU MONDE 2021<\/a> &#8211; Le combat des chefs pour Mathieu van der Poel ! Le N\u00e9erlandais est devenu champion du monde de cyclo-cross pour la 4\u00e8me fois ce dimanche, \u00e0 Ostende. Il devance un Wout Van Aert malheureux et moins \u00e0 l&rsquo;aise techniquement, au terme d&rsquo;un gros combat. Toon Aerts compl\u00e8te le podium.<\/em><\/strong><\/p>\n<p style=\"text-align: justify;\">La course masculine des Mondiaux 2021 a tenu toutes ses promesses ! Sur le parcours exceptionnel d&rsquo;Ostende, <strong>Mathieu van der Poel<\/strong> a donc remport\u00e9 un 4\u00e8me titre mondial, le troisi\u00e8me cons\u00e9cutif. Pourtant, le d\u00e9but de course \u00e9tait \u00e0 l&rsquo;avantage de son grand rival, <strong>Wout Van Aert<\/strong> !<\/p>\n<h2 style=\"text-align: justify;\">La bataille van der Poel &#8211; Van Aert a bien eu lieu<\/h2>\n<p style=\"text-align: justify;\">Le Belge r\u00e9alisait en effet un meilleur d\u00e9part sur le sable, avec des passages en force \u00e0 chaque fois. Derri\u00e8re, le N\u00e9erlandais devait mettre pied \u00e0 terre d\u00e8s le deuxi\u00e8me tour dans le sable, laissant quelques secondes d&rsquo;avance \u00e0 <strong>Van Aert<\/strong>. Pire, le Batave tombait \u00e0 l&rsquo;issue de ce m\u00eame deuxi\u00e8me tour. R\u00e9sultat, le coureur de la Jumbo-Visma comptait 15 secondes d&rsquo;avance \u00e0 l&rsquo;amorce du troisi\u00e8me des huit tours. Oui mais voil\u00e0, <strong>Van Aert<\/strong> \u00e9tait victime d&rsquo;une crevaison avant le d\u00e9but de la quatri\u00e8me boucle, permettant \u00e0 <strong>Mathieu van der Poel<\/strong> de revenir et de prendre les commandes. La suite ? Avec un d\u00e9bours de 15 secondes au moment de changer de v\u00e9lo, puis 20, <strong>Van Aert<\/strong> s&rsquo;\u00e9crasait et laissait filer son meilleur ennemi vers un 4\u00e8me titre de champion du monde. Aujourd&rsquo;hui, c&rsquo;\u00e9tait bien le N\u00e9erlandais le plus fort.<\/p>\n<blockquote class=\"twitter-tweet\">\n<p dir=\"ltr\" lang=\"fr\">&#x1f44f; Mathieu van der Poel est CHAMPION DU MONDE de cyclo-cross pour la quatri\u00e8me fois de sa carri\u00e8re ! <a href=\"https:\/\/twitter.com\/hashtag\/lequipeVELO?src=hash&amp;ref_src=twsrc%5Etfw\">#lequipeVELO<\/a> <a href=\"https:\/\/t.co\/U6Nhd396MX\">pic.twitter.com\/U6Nhd396MX<\/a><\/p>\n<p>\u2014 la chaine L&rsquo;\u00c9quipe (@lachainelequipe) <a href=\"https:\/\/twitter.com\/lachainelequipe\/status\/1355897983464853505?ref_src=twsrc%5Etfw\">January 31, 2021<\/a><\/p><\/blockquote>\n<p><script async src=\"https:\/\/platform.twitter.com\/widgets.js\" charset=\"utf-8\"><\/script><\/p>\n<p style=\"text-align: justify;\">Sur la bo\u00eete, le Belge <strong>Toon Aerts<\/strong> devance le Britannique <strong>Tom Pidcock<\/strong> pour le bronze. Premier Fran\u00e7ais, <strong>Yan Gras<\/strong> se classe 15\u00e8me<\/p>\n<ul>\n<li style=\"text-align: justify;\"><strong>\u00c0 lire aussi &#8211; <a href=\"https:\/\/dicodusport.fr\/blog\/cyclo-cross-championnats-du-monde-2021-classement-course-elite-hommes\" target=\"_blank\" rel=\"noopener\">Cyclo-cross \u2013 Championnats du monde 2021 : le classement de la course \u00e9lite hommes<\/a><\/strong><\/li>\n<\/ul>\n<p><strong><em>Dicodusport<br \/>\n<a href=\"https:\/\/www.facebook.com\/dicodusport\/\" target=\"_blank\" rel=\"noopener noreferrer\"><img loading=\"lazy\" decoding=\"async\" class=\"alignnone wp-image-2909\" src=\"http:\/\/dicodusport.fr\/blog\/wp-content\/uploads\/2017\/07\/logo-facebook-150x150.png\" alt=\"\" width=\"40\" height=\"40\" \/><\/a><a href=\"https:\/\/twitter.com\/dicodusport\" target=\"_blank\" rel=\"noopener noreferrer\"><img loading=\"lazy\" decoding=\"async\" class=\"alignnone wp-image-2908\" src=\"http:\/\/dicodusport.fr\/blog\/wp-content\/uploads\/2017\/07\/logo-twitter-150x150.png\" alt=\"\" width=\"39\" height=\"39\" \/><\/a><\/em><\/strong><\/p>\n","protected":false},"excerpt":{"rendered":"<p>CYCLO-CROSS &#8211; CHAMPIONNATS DU MONDE 2021 &#8211; Le combat des chefs pour Mathieu van der Poel ! La N\u00e9erlandais est devenu champion du monde de cyclo-cross pour la 4\u00e8me fois ce dimanche, \u00e0 Ostende. Il devance un Wout Van Aert malheureux et moins \u00e0 l&rsquo;aise techniquement, au terme d&rsquo;un gros combat.<\/p>\n","protected":false},"author":4,"featured_media":103051,"comment_status":"open","ping_status":"closed","sticky":false,"template":"","format":"standard","meta":{"_acf_changed":false,"_daextam_enable_autolinks":"","footnotes":""},"categories":[9611],"tags":[9759,24],"class_list":["post-102995","post","type-post","status-publish","format-standard","has-post-thumbnail","hentry","category-cyclo-cross","tag-championnats-du-monde-de-cyclo-cross","tag-sport"],"acf":[],"yoast_head":"<!-- This site is optimized with the Yoast SEO Premium plugin v26.7 (Yoast SEO v26.7) - https:\/\/yoast.com\/wordpress\/plugins\/seo\/ -->\n<title>Championnats du monde de cyclo-cross 2021 : Mathieu van der Poel sacr\u00e9 pour la 4\u00e8me fois<\/title>\n<meta name=\"description\" content=\"CYCLO-CROSS - CHAMPIONNATS DU MONDE 2021 - Le combat des chefs pour Mathieu van der Poel ! La N\u00e9erlandais est devenu champion du monde de cyclo-cross pour la 4\u00e8me fois ce dimanche, \u00e0 Ostende.\" \/>\n<meta name=\"robots\" content=\"index, follow, max-snippet:-1, max-image-preview:large, max-video-preview:-1\" \/>\n<link rel=\"canonical\" href=\"https:\/\/dicodusport.fr\/blog\/championnats-du-monde-de-cyclo-cross-2021-mathieu-van-der-poel-sacre-pour-la-4eme-fois\/\" \/>\n<meta property=\"og:locale\" content=\"fr_FR\" \/>\n<meta property=\"og:type\" content=\"article\" \/>\n<meta property=\"og:title\" content=\"Championnats du monde de cyclo-cross 2021 : Mathieu van der Poel sacr\u00e9 pour la 4\u00e8me fois\" \/>\n<meta property=\"og:description\" content=\"CYCLO-CROSS - CHAMPIONNATS DU MONDE 2021 - Le combat des chefs pour Mathieu van der Poel ! La N\u00e9erlandais est devenu champion du monde de cyclo-cross pour la 4\u00e8me fois ce dimanche, \u00e0 Ostende.\" \/>\n<meta property=\"og:url\" content=\"https:\/\/dicodusport.fr\/blog\/championnats-du-monde-de-cyclo-cross-2021-mathieu-van-der-poel-sacre-pour-la-4eme-fois\/\" \/>\n<meta property=\"og:site_name\" content=\"Dicodusport\" \/>\n<meta property=\"article:publisher\" content=\"https:\/\/www.facebook.com\/dicodusport\" \/>\n<meta property=\"article:author\" content=\"https:\/\/www.facebook.com\/florent.ostermann\" \/>\n<meta property=\"article:published_time\" content=\"2021-01-31T15:14:12+00:00\" \/>\n<meta property=\"article:modified_time\" content=\"2021-01-31T16:53:15+00:00\" \/>\n<meta property=\"og:image\" content=\"https:\/\/dicodusport.fr\/blog\/wp-content\/uploads\/2021\/01\/CX-Championnats-du-monde-de-cyclo-cross-2021-Mathieu-van-der-Poel-sacre-pour-la-4eme-fois.png\" \/>\n\t<meta property=\"og:image:width\" content=\"800\" \/>\n\t<meta property=\"og:image:height\" content=\"445\" \/>\n\t<meta property=\"og:image:type\" content=\"image\/png\" \/>\n<meta name=\"author\" content=\"Flo Ostermann\" \/>\n<meta name=\"twitter:card\" content=\"summary_large_image\" \/>\n<meta name=\"twitter:title\" content=\"Championnats du monde de cyclo-cross 2021 : Mathieu van der Poel sacr\u00e9 pour la 4\u00e8me fois\" \/>\n<meta name=\"twitter:creator\" content=\"@https:\/\/twitter.com\/FlOstermann\" \/>\n<meta name=\"twitter:site\" content=\"@dicodusport\" \/>\n<script type=\"application\/ld+json\" class=\"yoast-schema-graph\">{\"@context\":\"https:\/\/schema.org\",\"@graph\":[{\"@type\":\"NewsArticle\",\"@id\":\"https:\/\/dicodusport.fr\/blog\/championnats-du-monde-de-cyclo-cross-2021-mathieu-van-der-poel-sacre-pour-la-4eme-fois\/#article\",\"isPartOf\":{\"@id\":\"https:\/\/dicodusport.fr\/blog\/championnats-du-monde-de-cyclo-cross-2021-mathieu-van-der-poel-sacre-pour-la-4eme-fois\/\"},\"author\":{\"name\":\"Flo Ostermann\",\"@id\":\"https:\/\/dicodusport.fr\/blog\/#\/schema\/person\/cb02af4c173ce4a653b55e9baf388d4a\"},\"headline\":\"Championnats du monde de cyclo-cross 2021 : Mathieu van der Poel sacr\u00e9 pour la 4\u00e8me fois\",\"datePublished\":\"2021-01-31T15:14:12+00:00\",\"dateModified\":\"2021-01-31T16:53:15+00:00\",\"mainEntityOfPage\":{\"@id\":\"https:\/\/dicodusport.fr\/blog\/championnats-du-monde-de-cyclo-cross-2021-mathieu-van-der-poel-sacre-pour-la-4eme-fois\/\"},\"wordCount\":357,\"commentCount\":0,\"publisher\":{\"@id\":\"https:\/\/dicodusport.fr\/blog\/#organization\"},\"image\":{\"@id\":\"https:\/\/dicodusport.fr\/blog\/championnats-du-monde-de-cyclo-cross-2021-mathieu-van-der-poel-sacre-pour-la-4eme-fois\/#primaryimage\"},\"thumbnailUrl\":\"https:\/\/dicodusport.fr\/blog\/wp-content\/uploads\/2021\/01\/CX-Championnats-du-monde-de-cyclo-cross-2021-Mathieu-van-der-Poel-sacre-pour-la-4eme-fois.png\",\"keywords\":[\"Championnats du monde de Cyclo-cross\",\"sport\"],\"articleSection\":[\"Cyclo-cross\"],\"inLanguage\":\"fr-FR\",\"potentialAction\":[{\"@type\":\"CommentAction\",\"name\":\"Comment\",\"target\":[\"https:\/\/dicodusport.fr\/blog\/championnats-du-monde-de-cyclo-cross-2021-mathieu-van-der-poel-sacre-pour-la-4eme-fois\/#respond\"]}],\"copyrightYear\":\"2021\",\"copyrightHolder\":{\"@id\":\"https:\/\/dicodusport.fr\/blog\/#organization\"}},{\"@type\":\"WebPage\",\"@id\":\"https:\/\/dicodusport.fr\/blog\/championnats-du-monde-de-cyclo-cross-2021-mathieu-van-der-poel-sacre-pour-la-4eme-fois\/\",\"url\":\"https:\/\/dicodusport.fr\/blog\/championnats-du-monde-de-cyclo-cross-2021-mathieu-van-der-poel-sacre-pour-la-4eme-fois\/\",\"name\":\"Championnats du monde de cyclo-cross 2021 : Mathieu van der Poel sacr\u00e9 pour la 4\u00e8me fois\",\"isPartOf\":{\"@id\":\"https:\/\/dicodusport.fr\/blog\/#website\"},\"primaryImageOfPage\":{\"@id\":\"https:\/\/dicodusport.fr\/blog\/championnats-du-monde-de-cyclo-cross-2021-mathieu-van-der-poel-sacre-pour-la-4eme-fois\/#primaryimage\"},\"image\":{\"@id\":\"https:\/\/dicodusport.fr\/blog\/championnats-du-monde-de-cyclo-cross-2021-mathieu-van-der-poel-sacre-pour-la-4eme-fois\/#primaryimage\"},\"thumbnailUrl\":\"https:\/\/dicodusport.fr\/blog\/wp-content\/uploads\/2021\/01\/CX-Championnats-du-monde-de-cyclo-cross-2021-Mathieu-van-der-Poel-sacre-pour-la-4eme-fois.png\",\"datePublished\":\"2021-01-31T15:14:12+00:00\",\"dateModified\":\"2021-01-31T16:53:15+00:00\",\"description\":\"CYCLO-CROSS - CHAMPIONNATS DU MONDE 2021 - Le combat des chefs pour Mathieu van der Poel ! La N\u00e9erlandais est devenu champion du monde de cyclo-cross pour la 4\u00e8me fois ce dimanche, \u00e0 Ostende.\",\"breadcrumb\":{\"@id\":\"https:\/\/dicodusport.fr\/blog\/championnats-du-monde-de-cyclo-cross-2021-mathieu-van-der-poel-sacre-pour-la-4eme-fois\/#breadcrumb\"},\"inLanguage\":\"fr-FR\",\"potentialAction\":[{\"@type\":\"ReadAction\",\"target\":[\"https:\/\/dicodusport.fr\/blog\/championnats-du-monde-de-cyclo-cross-2021-mathieu-van-der-poel-sacre-pour-la-4eme-fois\/\"]}]},{\"@type\":\"ImageObject\",\"inLanguage\":\"fr-FR\",\"@id\":\"https:\/\/dicodusport.fr\/blog\/championnats-du-monde-de-cyclo-cross-2021-mathieu-van-der-poel-sacre-pour-la-4eme-fois\/#primaryimage\",\"url\":\"https:\/\/dicodusport.fr\/blog\/wp-content\/uploads\/2021\/01\/CX-Championnats-du-monde-de-cyclo-cross-2021-Mathieu-van-der-Poel-sacre-pour-la-4eme-fois.png\",\"contentUrl\":\"https:\/\/dicodusport.fr\/blog\/wp-content\/uploads\/2021\/01\/CX-Championnats-du-monde-de-cyclo-cross-2021-Mathieu-van-der-Poel-sacre-pour-la-4eme-fois.png\",\"width\":800,\"height\":445,\"caption\":\"CX - Championnats du monde de cyclo-cross 2021 - Mathieu van der Poel sacr\u00e9 pour la 4\u00e8me fois\"},{\"@type\":\"BreadcrumbList\",\"@id\":\"https:\/\/dicodusport.fr\/blog\/championnats-du-monde-de-cyclo-cross-2021-mathieu-van-der-poel-sacre-pour-la-4eme-fois\/#breadcrumb\",\"itemListElement\":[{\"@type\":\"ListItem\",\"position\":1,\"name\":\"Accueil\",\"item\":\"https:\/\/dicodusport.fr\/blog\/\"},{\"@type\":\"ListItem\",\"position\":2,\"name\":\"Championnats du monde de cyclo-cross 2021 : Mathieu van der Poel sacr\u00e9 pour la 4\u00e8me fois\"}]},{\"@type\":\"WebSite\",\"@id\":\"https:\/\/dicodusport.fr\/blog\/#website\",\"url\":\"https:\/\/dicodusport.fr\/blog\/\",\"name\":\"Dicodusport\",\"description\":\"L&#039;encyclop\u00e9die de l&#039;actualit\u00e9 sportive\",\"publisher\":{\"@id\":\"https:\/\/dicodusport.fr\/blog\/#organization\"},\"potentialAction\":[{\"@type\":\"SearchAction\",\"target\":{\"@type\":\"EntryPoint\",\"urlTemplate\":\"https:\/\/dicodusport.fr\/blog\/?s={search_term_string}\"},\"query-input\":{\"@type\":\"PropertyValueSpecification\",\"valueRequired\":true,\"valueName\":\"search_term_string\"}}],\"inLanguage\":\"fr-FR\"},{\"@type\":\"NewsMediaOrganization\",\"@id\":\"https:\/\/dicodusport.fr\/blog\/#organization\",\"name\":\"Dicodusport\",\"url\":\"https:\/\/dicodusport.fr\/blog\/\",\"logo\":{\"@type\":\"ImageObject\",\"inLanguage\":\"fr-FR\",\"@id\":\"https:\/\/dicodusport.fr\/blog\/#\/schema\/logo\/image\/\",\"url\":\"https:\/\/dicodusport.fr\/blog\/wp-content\/uploads\/2020\/06\/cropped-LOGO-DICODUSPORT-2020-SANS-FOND-SANS-TEXTE.png\",\"contentUrl\":\"https:\/\/dicodusport.fr\/blog\/wp-content\/uploads\/2020\/06\/cropped-LOGO-DICODUSPORT-2020-SANS-FOND-SANS-TEXTE.png\",\"width\":512,\"height\":512,\"caption\":\"Dicodusport\"},\"image\":{\"@id\":\"https:\/\/dicodusport.fr\/blog\/#\/schema\/logo\/image\/\"},\"sameAs\":[\"https:\/\/www.facebook.com\/dicodusport\",\"https:\/\/x.com\/dicodusport\",\"https:\/\/www.instagram.com\/dicodusport\/\",\"https:\/\/www.youtube.com\/channel\/UC7V2KZ5sd3htJivAbA4ZG3w\"],\"description\":\"Dicodusport est l'encyclop\u00e9die de l'actualit\u00e9 sportive.\",\"email\":\"bonjour@dicodusport.fr\",\"legalName\":\"DICODUSPORT\",\"foundingDate\":\"2018-01-14\",\"vatID\":\"FR71834470973\",\"taxID\":\"83447097300043\",\"numberOfEmployees\":{\"@type\":\"QuantitativeValue\",\"minValue\":\"1\",\"maxValue\":\"10\"}},{\"@type\":\"Person\",\"@id\":\"https:\/\/dicodusport.fr\/blog\/#\/schema\/person\/cb02af4c173ce4a653b55e9baf388d4a\",\"name\":\"Flo Ostermann\",\"image\":{\"@type\":\"ImageObject\",\"inLanguage\":\"fr-FR\",\"@id\":\"https:\/\/dicodusport.fr\/blog\/#\/schema\/person\/image\/\",\"url\":\"https:\/\/dicodusport.fr\/blog\/wp-content\/uploads\/2021\/05\/Flo-Ostermann-150x150.jpg\",\"contentUrl\":\"https:\/\/dicodusport.fr\/blog\/wp-content\/uploads\/2021\/05\/Flo-Ostermann-150x150.jpg\",\"caption\":\"Flo Ostermann\"},\"description\":\"Journaliste\/R\u00e9dacteur depuis septembre 2015 - Mes premiers souvenirs dans le sport ? Les envol\u00e9es du Stade Toulousain et les duels Villeneuve-Schumacher et H\u00e4kkinen-Schumacher \u00e0 la fin des ann\u00e9es 90, la Coupe du monde de football en 1998, l\u2019exploit du XV de France face aux All Blacks en 1999, mais aussi Richard C\u0153ur de Lion qui vole sur les montagnes du Tour de France. Bien parti pour devenir professeur d\u2019EPS, les \u00e9v\u00e9nements de la vie (et la flemme d\u2019animer des s\u00e9ances de 3x500 m\u00e8tres toute ma vie) m\u2019ont conduit \u00e0 revoir mes plans. Me voil\u00e0 depuis fin 2017 sur Dicodusport, m\u00e9dia gr\u00e2ce (et pour) lequel je partage ma passion : le sport dans tous ses \u00e9tats. Le tout accompagn\u00e9 par les fous furieux et folles furieuses cit\u00e9s sur cette page !\",\"sameAs\":[\"https:\/\/www.facebook.com\/florent.ostermann\",\"https:\/\/x.com\/https:\/\/twitter.com\/FlOstermann\",\"admin\"],\"url\":\"https:\/\/dicodusport.fr\/blog\/author\/flo\/\"}]}<\/script>\n<!-- \/ Yoast SEO Premium plugin. -->","yoast_head_json":{"title":"Championnats du monde de cyclo-cross 2021 : Mathieu van der Poel sacr\u00e9 pour la 4\u00e8me fois","description":"CYCLO-CROSS - CHAMPIONNATS DU MONDE 2021 - Le combat des chefs pour Mathieu van der Poel ! La N\u00e9erlandais est devenu champion du monde de cyclo-cross pour la 4\u00e8me fois ce dimanche, \u00e0 Ostende.","robots":{"index":"index","follow":"follow","max-snippet":"max-snippet:-1","max-image-preview":"max-image-preview:large","max-video-preview":"max-video-preview:-1"},"canonical":"https:\/\/dicodusport.fr\/blog\/championnats-du-monde-de-cyclo-cross-2021-mathieu-van-der-poel-sacre-pour-la-4eme-fois\/","og_locale":"fr_FR","og_type":"article","og_title":"Championnats du monde de cyclo-cross 2021 : Mathieu van der Poel sacr\u00e9 pour la 4\u00e8me fois","og_description":"CYCLO-CROSS - CHAMPIONNATS DU MONDE 2021 - Le combat des chefs pour Mathieu van der Poel ! La N\u00e9erlandais est devenu champion du monde de cyclo-cross pour la 4\u00e8me fois ce dimanche, \u00e0 Ostende.","og_url":"https:\/\/dicodusport.fr\/blog\/championnats-du-monde-de-cyclo-cross-2021-mathieu-van-der-poel-sacre-pour-la-4eme-fois\/","og_site_name":"Dicodusport","article_publisher":"https:\/\/www.facebook.com\/dicodusport","article_author":"https:\/\/www.facebook.com\/florent.ostermann","article_published_time":"2021-01-31T15:14:12+00:00","article_modified_time":"2021-01-31T16:53:15+00:00","og_image":[{"width":800,"height":445,"url":"https:\/\/dicodusport.fr\/blog\/wp-content\/uploads\/2021\/01\/CX-Championnats-du-monde-de-cyclo-cross-2021-Mathieu-van-der-Poel-sacre-pour-la-4eme-fois.png","type":"image\/png"}],"author":"Flo Ostermann","twitter_card":"summary_large_image","twitter_title":"Championnats du monde de cyclo-cross 2021 : Mathieu van der Poel sacr\u00e9 pour la 4\u00e8me fois","twitter_creator":"@https:\/\/twitter.com\/FlOstermann","twitter_site":"@dicodusport","schema":{"@context":"https:\/\/schema.org","@graph":[{"@type":"NewsArticle","@id":"https:\/\/dicodusport.fr\/blog\/championnats-du-monde-de-cyclo-cross-2021-mathieu-van-der-poel-sacre-pour-la-4eme-fois\/#article","isPartOf":{"@id":"https:\/\/dicodusport.fr\/blog\/championnats-du-monde-de-cyclo-cross-2021-mathieu-van-der-poel-sacre-pour-la-4eme-fois\/"},"author":{"name":"Flo Ostermann","@id":"https:\/\/dicodusport.fr\/blog\/#\/schema\/person\/cb02af4c173ce4a653b55e9baf388d4a"},"headline":"Championnats du monde de cyclo-cross 2021 : Mathieu van der Poel sacr\u00e9 pour la 4\u00e8me fois","datePublished":"2021-01-31T15:14:12+00:00","dateModified":"2021-01-31T16:53:15+00:00","mainEntityOfPage":{"@id":"https:\/\/dicodusport.fr\/blog\/championnats-du-monde-de-cyclo-cross-2021-mathieu-van-der-poel-sacre-pour-la-4eme-fois\/"},"wordCount":357,"commentCount":0,"publisher":{"@id":"https:\/\/dicodusport.fr\/blog\/#organization"},"image":{"@id":"https:\/\/dicodusport.fr\/blog\/championnats-du-monde-de-cyclo-cross-2021-mathieu-van-der-poel-sacre-pour-la-4eme-fois\/#primaryimage"},"thumbnailUrl":"https:\/\/dicodusport.fr\/blog\/wp-content\/uploads\/2021\/01\/CX-Championnats-du-monde-de-cyclo-cross-2021-Mathieu-van-der-Poel-sacre-pour-la-4eme-fois.png","keywords":["Championnats du monde de Cyclo-cross","sport"],"articleSection":["Cyclo-cross"],"inLanguage":"fr-FR","potentialAction":[{"@type":"CommentAction","name":"Comment","target":["https:\/\/dicodusport.fr\/blog\/championnats-du-monde-de-cyclo-cross-2021-mathieu-van-der-poel-sacre-pour-la-4eme-fois\/#respond"]}],"copyrightYear":"2021","copyrightHolder":{"@id":"https:\/\/dicodusport.fr\/blog\/#organization"}},{"@type":"WebPage","@id":"https:\/\/dicodusport.fr\/blog\/championnats-du-monde-de-cyclo-cross-2021-mathieu-van-der-poel-sacre-pour-la-4eme-fois\/","url":"https:\/\/dicodusport.fr\/blog\/championnats-du-monde-de-cyclo-cross-2021-mathieu-van-der-poel-sacre-pour-la-4eme-fois\/","name":"Championnats du monde de cyclo-cross 2021 : Mathieu van der Poel sacr\u00e9 pour la 4\u00e8me fois","isPartOf":{"@id":"https:\/\/dicodusport.fr\/blog\/#website"},"primaryImageOfPage":{"@id":"https:\/\/dicodusport.fr\/blog\/championnats-du-monde-de-cyclo-cross-2021-mathieu-van-der-poel-sacre-pour-la-4eme-fois\/#primaryimage"},"image":{"@id":"https:\/\/dicodusport.fr\/blog\/championnats-du-monde-de-cyclo-cross-2021-mathieu-van-der-poel-sacre-pour-la-4eme-fois\/#primaryimage"},"thumbnailUrl":"https:\/\/dicodusport.fr\/blog\/wp-content\/uploads\/2021\/01\/CX-Championnats-du-monde-de-cyclo-cross-2021-Mathieu-van-der-Poel-sacre-pour-la-4eme-fois.png","datePublished":"2021-01-31T15:14:12+00:00","dateModified":"2021-01-31T16:53:15+00:00","description":"CYCLO-CROSS - CHAMPIONNATS DU MONDE 2021 - Le combat des chefs pour Mathieu van der Poel ! La N\u00e9erlandais est devenu champion du monde de cyclo-cross pour la 4\u00e8me fois ce dimanche, \u00e0 Ostende.","breadcrumb":{"@id":"https:\/\/dicodusport.fr\/blog\/championnats-du-monde-de-cyclo-cross-2021-mathieu-van-der-poel-sacre-pour-la-4eme-fois\/#breadcrumb"},"inLanguage":"fr-FR","potentialAction":[{"@type":"ReadAction","target":["https:\/\/dicodusport.fr\/blog\/championnats-du-monde-de-cyclo-cross-2021-mathieu-van-der-poel-sacre-pour-la-4eme-fois\/"]}]},{"@type":"ImageObject","inLanguage":"fr-FR","@id":"https:\/\/dicodusport.fr\/blog\/championnats-du-monde-de-cyclo-cross-2021-mathieu-van-der-poel-sacre-pour-la-4eme-fois\/#primaryimage","url":"https:\/\/dicodusport.fr\/blog\/wp-content\/uploads\/2021\/01\/CX-Championnats-du-monde-de-cyclo-cross-2021-Mathieu-van-der-Poel-sacre-pour-la-4eme-fois.png","contentUrl":"https:\/\/dicodusport.fr\/blog\/wp-content\/uploads\/2021\/01\/CX-Championnats-du-monde-de-cyclo-cross-2021-Mathieu-van-der-Poel-sacre-pour-la-4eme-fois.png","width":800,"height":445,"caption":"CX - Championnats du monde de cyclo-cross 2021 - Mathieu van der Poel sacr\u00e9 pour la 4\u00e8me fois"},{"@type":"BreadcrumbList","@id":"https:\/\/dicodusport.fr\/blog\/championnats-du-monde-de-cyclo-cross-2021-mathieu-van-der-poel-sacre-pour-la-4eme-fois\/#breadcrumb","itemListElement":[{"@type":"ListItem","position":1,"name":"Accueil","item":"https:\/\/dicodusport.fr\/blog\/"},{"@type":"ListItem","position":2,"name":"Championnats du monde de cyclo-cross 2021 : Mathieu van der Poel sacr\u00e9 pour la 4\u00e8me fois"}]},{"@type":"WebSite","@id":"https:\/\/dicodusport.fr\/blog\/#website","url":"https:\/\/dicodusport.fr\/blog\/","name":"Dicodusport","description":"L&#039;encyclop\u00e9die de l&#039;actualit\u00e9 sportive","publisher":{"@id":"https:\/\/dicodusport.fr\/blog\/#organization"},"potentialAction":[{"@type":"SearchAction","target":{"@type":"EntryPoint","urlTemplate":"https:\/\/dicodusport.fr\/blog\/?s={search_term_string}"},"query-input":{"@type":"PropertyValueSpecification","valueRequired":true,"valueName":"search_term_string"}}],"inLanguage":"fr-FR"},{"@type":"NewsMediaOrganization","@id":"https:\/\/dicodusport.fr\/blog\/#organization","name":"Dicodusport","url":"https:\/\/dicodusport.fr\/blog\/","logo":{"@type":"ImageObject","inLanguage":"fr-FR","@id":"https:\/\/dicodusport.fr\/blog\/#\/schema\/logo\/image\/","url":"https:\/\/dicodusport.fr\/blog\/wp-content\/uploads\/2020\/06\/cropped-LOGO-DICODUSPORT-2020-SANS-FOND-SANS-TEXTE.png","contentUrl":"https:\/\/dicodusport.fr\/blog\/wp-content\/uploads\/2020\/06\/cropped-LOGO-DICODUSPORT-2020-SANS-FOND-SANS-TEXTE.png","width":512,"height":512,"caption":"Dicodusport"},"image":{"@id":"https:\/\/dicodusport.fr\/blog\/#\/schema\/logo\/image\/"},"sameAs":["https:\/\/www.facebook.com\/dicodusport","https:\/\/x.com\/dicodusport","https:\/\/www.instagram.com\/dicodusport\/","https:\/\/www.youtube.com\/channel\/UC7V2KZ5sd3htJivAbA4ZG3w"],"description":"Dicodusport est l'encyclop\u00e9die de l'actualit\u00e9 sportive.","email":"bonjour@dicodusport.fr","legalName":"DICODUSPORT","foundingDate":"2018-01-14","vatID":"FR71834470973","taxID":"83447097300043","numberOfEmployees":{"@type":"QuantitativeValue","minValue":"1","maxValue":"10"}},{"@type":"Person","@id":"https:\/\/dicodusport.fr\/blog\/#\/schema\/person\/cb02af4c173ce4a653b55e9baf388d4a","name":"Flo Ostermann","image":{"@type":"ImageObject","inLanguage":"fr-FR","@id":"https:\/\/dicodusport.fr\/blog\/#\/schema\/person\/image\/","url":"https:\/\/dicodusport.fr\/blog\/wp-content\/uploads\/2021\/05\/Flo-Ostermann-150x150.jpg","contentUrl":"https:\/\/dicodusport.fr\/blog\/wp-content\/uploads\/2021\/05\/Flo-Ostermann-150x150.jpg","caption":"Flo Ostermann"},"description":"Journaliste\/R\u00e9dacteur depuis septembre 2015 - Mes premiers souvenirs dans le sport ? Les envol\u00e9es du Stade Toulousain et les duels Villeneuve-Schumacher et H\u00e4kkinen-Schumacher \u00e0 la fin des ann\u00e9es 90, la Coupe du monde de football en 1998, l\u2019exploit du XV de France face aux All Blacks en 1999, mais aussi Richard C\u0153ur de Lion qui vole sur les montagnes du Tour de France. Bien parti pour devenir professeur d\u2019EPS, les \u00e9v\u00e9nements de la vie (et la flemme d\u2019animer des s\u00e9ances de 3x500 m\u00e8tres toute ma vie) m\u2019ont conduit \u00e0 revoir mes plans. Me voil\u00e0 depuis fin 2017 sur Dicodusport, m\u00e9dia gr\u00e2ce (et pour) lequel je partage ma passion : le sport dans tous ses \u00e9tats. Le tout accompagn\u00e9 par les fous furieux et folles furieuses cit\u00e9s sur cette page !","sameAs":["https:\/\/www.facebook.com\/florent.ostermann","https:\/\/x.com\/https:\/\/twitter.com\/FlOstermann","admin"],"url":"https:\/\/dicodusport.fr\/blog\/author\/flo\/"}]}},"_links":{"self":[{"href":"https:\/\/dicodusport.fr\/blog\/wp-json\/wp\/v2\/posts\/102995","targetHints":{"allow":["GET"]}}],"collection":[{"href":"https:\/\/dicodusport.fr\/blog\/wp-json\/wp\/v2\/posts"}],"about":[{"href":"https:\/\/dicodusport.fr\/blog\/wp-json\/wp\/v2\/types\/post"}],"author":[{"embeddable":true,"href":"https:\/\/dicodusport.fr\/blog\/wp-json\/wp\/v2\/users\/4"}],"replies":[{"embeddable":true,"href":"https:\/\/dicodusport.fr\/blog\/wp-json\/wp\/v2\/comments?post=102995"}],"version-history":[{"count":0,"href":"https:\/\/dicodusport.fr\/blog\/wp-json\/wp\/v2\/posts\/102995\/revisions"}],"wp:featuredmedia":[{"embeddable":true,"href":"https:\/\/dicodusport.fr\/blog\/wp-json\/wp\/v2\/media\/103051"}],"wp:attachment":[{"href":"https:\/\/dicodusport.fr\/blog\/wp-json\/wp\/v2\/media?parent=102995"}],"wp:term":[{"taxonomy":"category","embeddable":true,"href":"https:\/\/dicodusport.fr\/blog\/wp-json\/wp\/v2\/categories?post=102995"},{"taxonomy":"post_tag","embeddable":true,"href":"https:\/\/dicodusport.fr\/blog\/wp-json\/wp\/v2\/tags?post=102995"}],"curies":[{"name":"wp","href":"https:\/\/api.w.org\/{rel}","templated":true}]}}