{"id":103082,"date":"2021-01-31T20:31:04","date_gmt":"2021-01-31T19:31:04","guid":{"rendered":"https:\/\/dicodusport.fr\/blog\/?p=103082&#038;preview=true&#038;preview_id=103082"},"modified":"2021-01-31T20:31:04","modified_gmt":"2021-01-31T19:31:04","slug":"wout-van-aert-je-n-ai-pas-su-riposter-comme-a-l-accoutumee","status":"publish","type":"post","link":"https:\/\/dicodusport.fr\/blog\/wout-van-aert-je-n-ai-pas-su-riposter-comme-a-l-accoutumee\/","title":{"rendered":"Wout Van Aert : \u00ab\u00a0Je n&rsquo;ai pas su riposter comme \u00e0 l&rsquo;accoutum\u00e9e\u00a0\u00bb"},"content":{"rendered":"<p style=\"text-align: justify;\"><strong><em>CHAMPIONNATS DU MONDE DE CYCLO-CROSS 2021 &#8211; Wout Van Aert a d\u00fb se contenter de la m\u00e9daille d&rsquo;argent aux championnats du monde de cyclo-cross, battu par un grand Mathieu Van der Poel. Le Belge a fait part de son impuissance apr\u00e8s sa crevaison.<\/em><\/strong><\/p>\n<p style=\"text-align: justify;\"><strong>Wout Van Aert<\/strong> a donc d\u00fb se contenter de la deuxi\u00e8me place du <a href=\"https:\/\/dicodusport.fr\/blog\/cyclo-cross-championnats-du-monde-2021-classement-course-elite-hommes\/\" target=\"_blank\" rel=\"noopener\">classement des championnats du monde de cyclo-cross<\/a>. Le Belge avait pourtant pris le meilleur d\u00e9part avant d&rsquo;\u00eatre victime d&rsquo;une crevaison. Il n&rsquo;a jamais r\u00e9ussi \u00e0 s&rsquo;en remettre comme, il l&rsquo;a expliqu\u00e9 \u00e0 <em>Sporza<\/em>.<\/p>\n<blockquote>\n<p style=\"text-align: justify;\">Je suis particuli\u00e8rement d\u00e9\u00e7u de moi-m\u00eame, car je n&rsquo;ai pas su riposter comme \u00e0 l&rsquo;accoutum\u00e9e. Mon mental n&rsquo;\u00e9tait pas comme d&rsquo;habitude. Je me suis retrouv\u00e9 dans une situation favorable en d\u00e9but de course, mais cette crevaison de la roue avant m&rsquo;a co\u00fbt\u00e9 beaucoup de temps, une trentaine de secondes. Une fois reparti, j&rsquo;ai r\u00e9ussi \u00e0 revenir tr\u00e8s pr\u00e8s de Mathieu, mais j&rsquo;ai fini par exploser.<\/p>\n<\/blockquote>\n<h2 style=\"text-align: justify;\">Van der Poel et le facteur chance<\/h2>\n<p style=\"text-align: justify;\">De son c\u00f4t\u00e9, <strong>Mathieu van der Poel<\/strong> a expliqu\u00e9 qu&rsquo;il avait commis une erreur en d\u00e9but de course avant de monter en puissance avec des sensations ascendantes.<\/p>\n<blockquote>\n<p style=\"text-align: justify;\">Je me sentais de mieux en mieux tour apr\u00e8s tour. Dans le deuxi\u00e8me tour, je me suis retrouv\u00e9 dans une orni\u00e8re profonde et j&rsquo;ai commis une erreur. Wout a alors cr\u00e9\u00e9 un \u00e9cart mais je suis rest\u00e9 calme car rien n&rsquo;\u00e9tait jou\u00e9 \u00e0 ce moment-l\u00e0. Ensuite, j&rsquo;ai eu un peu de chance que Wout ait crev\u00e9 car je ne sais pas si je serais revenu autrement. C&rsquo;est difficile \u00e0 dire. Dans la seconde moiti\u00e9 de la course, j&rsquo;ai senti que je contr\u00f4lais la course.<\/p>\n<\/blockquote>\n<p style=\"text-align: justify;\"><strong>Mathieu van der Poel<\/strong> passe devant <strong>Wout Van Aert<\/strong> avec ce quatri\u00e8me succ\u00e8s mondial, contre trois pour le coureur belge. Les prochaines joutes devraient \u00eatre sur la route pour ces deux champions hors-normes.<\/p>\n<blockquote class=\"twitter-tweet\">\n<p dir=\"ltr\" lang=\"nl\">Teleurgestelde Wout van Aert: \u00ab\u00a0Heb niet teruggevochten zoals ik dat normaal kan\u00a0\u00bb<a href=\"https:\/\/t.co\/3Xr4qSLn4k\">https:\/\/t.co\/3Xr4qSLn4k<\/a> <a href=\"https:\/\/twitter.com\/hashtag\/WKOostende?src=hash&amp;ref_src=twsrc%5Etfw\">#WKOostende<\/a> <a href=\"https:\/\/t.co\/GwAChBXBTw\">pic.twitter.com\/GwAChBXBTw<\/a><\/p>\n<p>\u2014 Sporza &#x1f6b4; (@sporza_koers) <a href=\"https:\/\/twitter.com\/sporza_koers\/status\/1355909179727343616?ref_src=twsrc%5Etfw\">January 31, 2021<\/a><\/p><\/blockquote>\n<p><script async src=\"https:\/\/platform.twitter.com\/widgets.js\" charset=\"utf-8\"><\/script><\/p>\n<p style=\"text-align: justify;\"><strong><em>Dicodusport<br \/>\n<a href=\"https:\/\/www.facebook.com\/dicodusport\/\" target=\"_blank\" rel=\"noopener noreferrer\"><img loading=\"lazy\" decoding=\"async\" class=\"alignnone wp-image-2909\" src=\"http:\/\/dicodusport.fr\/blog\/wp-content\/uploads\/2017\/07\/logo-facebook-150x150.png\" alt=\"\" width=\"40\" height=\"40\" \/><\/a><a href=\"https:\/\/twitter.com\/dicodusport\" target=\"_blank\" rel=\"noopener noreferrer\"><img loading=\"lazy\" decoding=\"async\" class=\"alignnone wp-image-2908\" src=\"http:\/\/dicodusport.fr\/blog\/wp-content\/uploads\/2017\/07\/logo-twitter-150x150.png\" alt=\"\" width=\"39\" height=\"39\" \/><\/a><\/em><\/strong><\/p>\n","protected":false},"excerpt":{"rendered":"<p>CHAMPIONNATS DU MONDE DE CYCLO-CROSS 2021 &#8211; Wout Van Aert a d\u00fb se contenter de la m\u00e9daille d&rsquo;argent aux championnats du monde de cyclo-cross, battu par un grand Mathieu Van der Poel. Le Belge a fait part de son impuissance apr\u00e8s sa crevaison.<\/p>\n","protected":false},"author":1,"featured_media":103124,"comment_status":"open","ping_status":"closed","sticky":false,"template":"","format":"standard","meta":{"_acf_changed":false,"_daextam_enable_autolinks":"","footnotes":""},"categories":[9611],"tags":[6666,6597,8091],"class_list":["post-103082","post","type-post","status-publish","format-standard","has-post-thumbnail","hentry","category-cyclo-cross","tag-cyclo-cross","tag-mathieu-van-der-poel","tag-wout-van-aert"],"acf":[],"yoast_head":"<!-- This site is optimized with the Yoast SEO Premium plugin v26.7 (Yoast SEO v26.7) - https:\/\/yoast.com\/wordpress\/plugins\/seo\/ -->\n<title>Wout Van Aert : &quot;Je n&#039;ai pas su riposter comme \u00e0 l&#039;accoutum\u00e9e&quot;<\/title>\n<meta name=\"description\" content=\"CHAMPIONNATS DU MONDE DE CYCLO-CROSS 2021 - Wout Van Aert a d\u00fb se contenter de la m\u00e9daille d&#039;argent aux championnats du monde de cyclo-cross, battu par un grand Mathieu Van der Poel. Le Belge a fait part de son impuissance apr\u00e8s sa crevaison.\" \/>\n<meta name=\"robots\" content=\"index, follow, max-snippet:-1, max-image-preview:large, max-video-preview:-1\" \/>\n<link rel=\"canonical\" href=\"https:\/\/dicodusport.fr\/blog\/wout-van-aert-je-n-ai-pas-su-riposter-comme-a-l-accoutumee\/\" \/>\n<meta property=\"og:locale\" content=\"fr_FR\" \/>\n<meta property=\"og:type\" content=\"article\" \/>\n<meta property=\"og:title\" content=\"Wout Van Aert : &quot;Je n&#039;ai pas su riposter comme \u00e0 l&#039;accoutum\u00e9e&quot;\" \/>\n<meta property=\"og:description\" content=\"CHAMPIONNATS DU MONDE DE CYCLO-CROSS 2021 - Wout Van Aert a d\u00fb se contenter de la m\u00e9daille d&#039;argent aux championnats du monde de cyclo-cross, battu par un grand Mathieu Van der Poel. Le Belge a fait part de son impuissance apr\u00e8s sa crevaison.\" \/>\n<meta property=\"og:url\" content=\"https:\/\/dicodusport.fr\/blog\/wout-van-aert-je-n-ai-pas-su-riposter-comme-a-l-accoutumee\/\" \/>\n<meta property=\"og:site_name\" content=\"Dicodusport\" \/>\n<meta property=\"article:publisher\" content=\"https:\/\/www.facebook.com\/dicodusport\" \/>\n<meta property=\"article:author\" content=\"https:\/\/www.facebook.com\/dicodusport\" \/>\n<meta property=\"article:published_time\" content=\"2021-01-31T19:31:04+00:00\" \/>\n<meta property=\"og:image\" content=\"https:\/\/dicodusport.fr\/blog\/wp-content\/uploads\/2021\/01\/Wout-Van-Aert-Je-nai-pas-su-riposter-comme-a-laccoutumee.png\" \/>\n\t<meta property=\"og:image:width\" content=\"800\" \/>\n\t<meta property=\"og:image:height\" content=\"445\" \/>\n\t<meta property=\"og:image:type\" content=\"image\/png\" \/>\n<meta name=\"author\" content=\"Nicolas Jacquemard\" \/>\n<meta name=\"twitter:card\" content=\"summary_large_image\" \/>\n<meta name=\"twitter:title\" content=\"Wout Van Aert : &quot;Je n&#039;ai pas su riposter comme \u00e0 l&#039;accoutum\u00e9e&quot;\" \/>\n<meta name=\"twitter:creator\" content=\"@https:\/\/twitter.com\/Nico_Jacquemard\" \/>\n<meta name=\"twitter:site\" content=\"@dicodusport\" \/>\n<script type=\"application\/ld+json\" class=\"yoast-schema-graph\">{\"@context\":\"https:\/\/schema.org\",\"@graph\":[{\"@type\":\"NewsArticle\",\"@id\":\"https:\/\/dicodusport.fr\/blog\/wout-van-aert-je-n-ai-pas-su-riposter-comme-a-l-accoutumee\/#article\",\"isPartOf\":{\"@id\":\"https:\/\/dicodusport.fr\/blog\/wout-van-aert-je-n-ai-pas-su-riposter-comme-a-l-accoutumee\/\"},\"author\":{\"name\":\"Nicolas Jacquemard\",\"@id\":\"https:\/\/dicodusport.fr\/blog\/#\/schema\/person\/55dcb50ad410894e431ed812bbb70191\"},\"headline\":\"Wout Van Aert : \u00ab\u00a0Je n&rsquo;ai pas su riposter comme \u00e0 l&rsquo;accoutum\u00e9e\u00a0\u00bb\",\"datePublished\":\"2021-01-31T19:31:04+00:00\",\"mainEntityOfPage\":{\"@id\":\"https:\/\/dicodusport.fr\/blog\/wout-van-aert-je-n-ai-pas-su-riposter-comme-a-l-accoutumee\/\"},\"wordCount\":383,\"commentCount\":0,\"publisher\":{\"@id\":\"https:\/\/dicodusport.fr\/blog\/#organization\"},\"image\":{\"@id\":\"https:\/\/dicodusport.fr\/blog\/wout-van-aert-je-n-ai-pas-su-riposter-comme-a-l-accoutumee\/#primaryimage\"},\"thumbnailUrl\":\"https:\/\/dicodusport.fr\/blog\/wp-content\/uploads\/2021\/01\/Wout-Van-Aert-Je-nai-pas-su-riposter-comme-a-laccoutumee.png\",\"keywords\":[\"Cyclo-cross\",\"Mathieu van der Poel\",\"Wout Van Aert\"],\"articleSection\":[\"Cyclo-cross\"],\"inLanguage\":\"fr-FR\",\"potentialAction\":[{\"@type\":\"CommentAction\",\"name\":\"Comment\",\"target\":[\"https:\/\/dicodusport.fr\/blog\/wout-van-aert-je-n-ai-pas-su-riposter-comme-a-l-accoutumee\/#respond\"]}],\"copyrightYear\":\"2021\",\"copyrightHolder\":{\"@id\":\"https:\/\/dicodusport.fr\/blog\/#organization\"}},{\"@type\":\"WebPage\",\"@id\":\"https:\/\/dicodusport.fr\/blog\/wout-van-aert-je-n-ai-pas-su-riposter-comme-a-l-accoutumee\/\",\"url\":\"https:\/\/dicodusport.fr\/blog\/wout-van-aert-je-n-ai-pas-su-riposter-comme-a-l-accoutumee\/\",\"name\":\"Wout Van Aert : \\\"Je n'ai pas su riposter comme \u00e0 l'accoutum\u00e9e\\\"\",\"isPartOf\":{\"@id\":\"https:\/\/dicodusport.fr\/blog\/#website\"},\"primaryImageOfPage\":{\"@id\":\"https:\/\/dicodusport.fr\/blog\/wout-van-aert-je-n-ai-pas-su-riposter-comme-a-l-accoutumee\/#primaryimage\"},\"image\":{\"@id\":\"https:\/\/dicodusport.fr\/blog\/wout-van-aert-je-n-ai-pas-su-riposter-comme-a-l-accoutumee\/#primaryimage\"},\"thumbnailUrl\":\"https:\/\/dicodusport.fr\/blog\/wp-content\/uploads\/2021\/01\/Wout-Van-Aert-Je-nai-pas-su-riposter-comme-a-laccoutumee.png\",\"datePublished\":\"2021-01-31T19:31:04+00:00\",\"description\":\"CHAMPIONNATS DU MONDE DE CYCLO-CROSS 2021 - Wout Van Aert a d\u00fb se contenter de la m\u00e9daille d'argent aux championnats du monde de cyclo-cross, battu par un grand Mathieu Van der Poel. Le Belge a fait part de son impuissance apr\u00e8s sa crevaison.\",\"breadcrumb\":{\"@id\":\"https:\/\/dicodusport.fr\/blog\/wout-van-aert-je-n-ai-pas-su-riposter-comme-a-l-accoutumee\/#breadcrumb\"},\"inLanguage\":\"fr-FR\",\"potentialAction\":[{\"@type\":\"ReadAction\",\"target\":[\"https:\/\/dicodusport.fr\/blog\/wout-van-aert-je-n-ai-pas-su-riposter-comme-a-l-accoutumee\/\"]}]},{\"@type\":\"ImageObject\",\"inLanguage\":\"fr-FR\",\"@id\":\"https:\/\/dicodusport.fr\/blog\/wout-van-aert-je-n-ai-pas-su-riposter-comme-a-l-accoutumee\/#primaryimage\",\"url\":\"https:\/\/dicodusport.fr\/blog\/wp-content\/uploads\/2021\/01\/Wout-Van-Aert-Je-nai-pas-su-riposter-comme-a-laccoutumee.png\",\"contentUrl\":\"https:\/\/dicodusport.fr\/blog\/wp-content\/uploads\/2021\/01\/Wout-Van-Aert-Je-nai-pas-su-riposter-comme-a-laccoutumee.png\",\"width\":800,\"height\":445,\"caption\":\"Wout Van Aert - Je n'ai pas su riposter comme \u00e0 l'accoutum\u00e9e\"},{\"@type\":\"BreadcrumbList\",\"@id\":\"https:\/\/dicodusport.fr\/blog\/wout-van-aert-je-n-ai-pas-su-riposter-comme-a-l-accoutumee\/#breadcrumb\",\"itemListElement\":[{\"@type\":\"ListItem\",\"position\":1,\"name\":\"Accueil\",\"item\":\"https:\/\/dicodusport.fr\/blog\/\"},{\"@type\":\"ListItem\",\"position\":2,\"name\":\"Wout Van Aert : \u00ab\u00a0Je n&rsquo;ai pas su riposter comme \u00e0 l&rsquo;accoutum\u00e9e\u00a0\u00bb\"}]},{\"@type\":\"WebSite\",\"@id\":\"https:\/\/dicodusport.fr\/blog\/#website\",\"url\":\"https:\/\/dicodusport.fr\/blog\/\",\"name\":\"Dicodusport\",\"description\":\"L&#039;encyclop\u00e9die de l&#039;actualit\u00e9 sportive\",\"publisher\":{\"@id\":\"https:\/\/dicodusport.fr\/blog\/#organization\"},\"potentialAction\":[{\"@type\":\"SearchAction\",\"target\":{\"@type\":\"EntryPoint\",\"urlTemplate\":\"https:\/\/dicodusport.fr\/blog\/?s={search_term_string}\"},\"query-input\":{\"@type\":\"PropertyValueSpecification\",\"valueRequired\":true,\"valueName\":\"search_term_string\"}}],\"inLanguage\":\"fr-FR\"},{\"@type\":\"NewsMediaOrganization\",\"@id\":\"https:\/\/dicodusport.fr\/blog\/#organization\",\"name\":\"Dicodusport\",\"url\":\"https:\/\/dicodusport.fr\/blog\/\",\"logo\":{\"@type\":\"ImageObject\",\"inLanguage\":\"fr-FR\",\"@id\":\"https:\/\/dicodusport.fr\/blog\/#\/schema\/logo\/image\/\",\"url\":\"https:\/\/dicodusport.fr\/blog\/wp-content\/uploads\/2020\/06\/cropped-LOGO-DICODUSPORT-2020-SANS-FOND-SANS-TEXTE.png\",\"contentUrl\":\"https:\/\/dicodusport.fr\/blog\/wp-content\/uploads\/2020\/06\/cropped-LOGO-DICODUSPORT-2020-SANS-FOND-SANS-TEXTE.png\",\"width\":512,\"height\":512,\"caption\":\"Dicodusport\"},\"image\":{\"@id\":\"https:\/\/dicodusport.fr\/blog\/#\/schema\/logo\/image\/\"},\"sameAs\":[\"https:\/\/www.facebook.com\/dicodusport\",\"https:\/\/x.com\/dicodusport\",\"https:\/\/www.instagram.com\/dicodusport\/\",\"https:\/\/www.youtube.com\/channel\/UC7V2KZ5sd3htJivAbA4ZG3w\"],\"description\":\"Dicodusport est l'encyclop\u00e9die de l'actualit\u00e9 sportive.\",\"email\":\"bonjour@dicodusport.fr\",\"legalName\":\"DICODUSPORT\",\"foundingDate\":\"2018-01-14\",\"vatID\":\"FR71834470973\",\"taxID\":\"83447097300043\",\"numberOfEmployees\":{\"@type\":\"QuantitativeValue\",\"minValue\":\"1\",\"maxValue\":\"10\"}},{\"@type\":\"Person\",\"@id\":\"https:\/\/dicodusport.fr\/blog\/#\/schema\/person\/55dcb50ad410894e431ed812bbb70191\",\"name\":\"Nicolas Jacquemard\",\"image\":{\"@type\":\"ImageObject\",\"inLanguage\":\"fr-FR\",\"@id\":\"https:\/\/dicodusport.fr\/blog\/#\/schema\/person\/image\/\",\"url\":\"https:\/\/dicodusport.fr\/blog\/wp-content\/uploads\/2021\/05\/Nicolas-Jacquemard-150x150.jpeg\",\"contentUrl\":\"https:\/\/dicodusport.fr\/blog\/wp-content\/uploads\/2021\/05\/Nicolas-Jacquemard-150x150.jpeg\",\"caption\":\"Nicolas Jacquemard\"},\"description\":\"Passionn\u00e9 de sport et entrepreneur depuis mes 18 ans, la cr\u00e9ation de Dicodusport m'a sembl\u00e9 \u00e9vidente pour participer \u00e0 la m\u00e9diatisation d'un plus grand nombre de sports. Le chemin est long mais avec une \u00e9quipe des plus motiv\u00e9es et les Jeux Olympiques de Paris 2024 en point de mire, nous y arriverons ! Journaliste dans le monde du sport depuis plus de 5 ans, je traite aussi bien de football, de rugby, de biathlon que de cyclisme.\",\"sameAs\":[\"https:\/\/www.facebook.com\/dicodusport\",\"https:\/\/x.com\/https:\/\/twitter.com\/Nico_Jacquemard\"],\"url\":\"https:\/\/dicodusport.fr\/blog\/author\/dicodusport\/\"}]}<\/script>\n<!-- \/ Yoast SEO Premium plugin. -->","yoast_head_json":{"title":"Wout Van Aert : \"Je n'ai pas su riposter comme \u00e0 l'accoutum\u00e9e\"","description":"CHAMPIONNATS DU MONDE DE CYCLO-CROSS 2021 - Wout Van Aert a d\u00fb se contenter de la m\u00e9daille d'argent aux championnats du monde de cyclo-cross, battu par un grand Mathieu Van der Poel. Le Belge a fait part de son impuissance apr\u00e8s sa crevaison.","robots":{"index":"index","follow":"follow","max-snippet":"max-snippet:-1","max-image-preview":"max-image-preview:large","max-video-preview":"max-video-preview:-1"},"canonical":"https:\/\/dicodusport.fr\/blog\/wout-van-aert-je-n-ai-pas-su-riposter-comme-a-l-accoutumee\/","og_locale":"fr_FR","og_type":"article","og_title":"Wout Van Aert : \"Je n'ai pas su riposter comme \u00e0 l'accoutum\u00e9e\"","og_description":"CHAMPIONNATS DU MONDE DE CYCLO-CROSS 2021 - Wout Van Aert a d\u00fb se contenter de la m\u00e9daille d'argent aux championnats du monde de cyclo-cross, battu par un grand Mathieu Van der Poel. Le Belge a fait part de son impuissance apr\u00e8s sa crevaison.","og_url":"https:\/\/dicodusport.fr\/blog\/wout-van-aert-je-n-ai-pas-su-riposter-comme-a-l-accoutumee\/","og_site_name":"Dicodusport","article_publisher":"https:\/\/www.facebook.com\/dicodusport","article_author":"https:\/\/www.facebook.com\/dicodusport","article_published_time":"2021-01-31T19:31:04+00:00","og_image":[{"width":800,"height":445,"url":"https:\/\/dicodusport.fr\/blog\/wp-content\/uploads\/2021\/01\/Wout-Van-Aert-Je-nai-pas-su-riposter-comme-a-laccoutumee.png","type":"image\/png"}],"author":"Nicolas Jacquemard","twitter_card":"summary_large_image","twitter_title":"Wout Van Aert : \"Je n'ai pas su riposter comme \u00e0 l'accoutum\u00e9e\"","twitter_creator":"@https:\/\/twitter.com\/Nico_Jacquemard","twitter_site":"@dicodusport","schema":{"@context":"https:\/\/schema.org","@graph":[{"@type":"NewsArticle","@id":"https:\/\/dicodusport.fr\/blog\/wout-van-aert-je-n-ai-pas-su-riposter-comme-a-l-accoutumee\/#article","isPartOf":{"@id":"https:\/\/dicodusport.fr\/blog\/wout-van-aert-je-n-ai-pas-su-riposter-comme-a-l-accoutumee\/"},"author":{"name":"Nicolas Jacquemard","@id":"https:\/\/dicodusport.fr\/blog\/#\/schema\/person\/55dcb50ad410894e431ed812bbb70191"},"headline":"Wout Van Aert : \u00ab\u00a0Je n&rsquo;ai pas su riposter comme \u00e0 l&rsquo;accoutum\u00e9e\u00a0\u00bb","datePublished":"2021-01-31T19:31:04+00:00","mainEntityOfPage":{"@id":"https:\/\/dicodusport.fr\/blog\/wout-van-aert-je-n-ai-pas-su-riposter-comme-a-l-accoutumee\/"},"wordCount":383,"commentCount":0,"publisher":{"@id":"https:\/\/dicodusport.fr\/blog\/#organization"},"image":{"@id":"https:\/\/dicodusport.fr\/blog\/wout-van-aert-je-n-ai-pas-su-riposter-comme-a-l-accoutumee\/#primaryimage"},"thumbnailUrl":"https:\/\/dicodusport.fr\/blog\/wp-content\/uploads\/2021\/01\/Wout-Van-Aert-Je-nai-pas-su-riposter-comme-a-laccoutumee.png","keywords":["Cyclo-cross","Mathieu van der Poel","Wout Van Aert"],"articleSection":["Cyclo-cross"],"inLanguage":"fr-FR","potentialAction":[{"@type":"CommentAction","name":"Comment","target":["https:\/\/dicodusport.fr\/blog\/wout-van-aert-je-n-ai-pas-su-riposter-comme-a-l-accoutumee\/#respond"]}],"copyrightYear":"2021","copyrightHolder":{"@id":"https:\/\/dicodusport.fr\/blog\/#organization"}},{"@type":"WebPage","@id":"https:\/\/dicodusport.fr\/blog\/wout-van-aert-je-n-ai-pas-su-riposter-comme-a-l-accoutumee\/","url":"https:\/\/dicodusport.fr\/blog\/wout-van-aert-je-n-ai-pas-su-riposter-comme-a-l-accoutumee\/","name":"Wout Van Aert : \"Je n'ai pas su riposter comme \u00e0 l'accoutum\u00e9e\"","isPartOf":{"@id":"https:\/\/dicodusport.fr\/blog\/#website"},"primaryImageOfPage":{"@id":"https:\/\/dicodusport.fr\/blog\/wout-van-aert-je-n-ai-pas-su-riposter-comme-a-l-accoutumee\/#primaryimage"},"image":{"@id":"https:\/\/dicodusport.fr\/blog\/wout-van-aert-je-n-ai-pas-su-riposter-comme-a-l-accoutumee\/#primaryimage"},"thumbnailUrl":"https:\/\/dicodusport.fr\/blog\/wp-content\/uploads\/2021\/01\/Wout-Van-Aert-Je-nai-pas-su-riposter-comme-a-laccoutumee.png","datePublished":"2021-01-31T19:31:04+00:00","description":"CHAMPIONNATS DU MONDE DE CYCLO-CROSS 2021 - Wout Van Aert a d\u00fb se contenter de la m\u00e9daille d'argent aux championnats du monde de cyclo-cross, battu par un grand Mathieu Van der Poel. Le Belge a fait part de son impuissance apr\u00e8s sa crevaison.","breadcrumb":{"@id":"https:\/\/dicodusport.fr\/blog\/wout-van-aert-je-n-ai-pas-su-riposter-comme-a-l-accoutumee\/#breadcrumb"},"inLanguage":"fr-FR","potentialAction":[{"@type":"ReadAction","target":["https:\/\/dicodusport.fr\/blog\/wout-van-aert-je-n-ai-pas-su-riposter-comme-a-l-accoutumee\/"]}]},{"@type":"ImageObject","inLanguage":"fr-FR","@id":"https:\/\/dicodusport.fr\/blog\/wout-van-aert-je-n-ai-pas-su-riposter-comme-a-l-accoutumee\/#primaryimage","url":"https:\/\/dicodusport.fr\/blog\/wp-content\/uploads\/2021\/01\/Wout-Van-Aert-Je-nai-pas-su-riposter-comme-a-laccoutumee.png","contentUrl":"https:\/\/dicodusport.fr\/blog\/wp-content\/uploads\/2021\/01\/Wout-Van-Aert-Je-nai-pas-su-riposter-comme-a-laccoutumee.png","width":800,"height":445,"caption":"Wout Van Aert - Je n'ai pas su riposter comme \u00e0 l'accoutum\u00e9e"},{"@type":"BreadcrumbList","@id":"https:\/\/dicodusport.fr\/blog\/wout-van-aert-je-n-ai-pas-su-riposter-comme-a-l-accoutumee\/#breadcrumb","itemListElement":[{"@type":"ListItem","position":1,"name":"Accueil","item":"https:\/\/dicodusport.fr\/blog\/"},{"@type":"ListItem","position":2,"name":"Wout Van Aert : \u00ab\u00a0Je n&rsquo;ai pas su riposter comme \u00e0 l&rsquo;accoutum\u00e9e\u00a0\u00bb"}]},{"@type":"WebSite","@id":"https:\/\/dicodusport.fr\/blog\/#website","url":"https:\/\/dicodusport.fr\/blog\/","name":"Dicodusport","description":"L&#039;encyclop\u00e9die de l&#039;actualit\u00e9 sportive","publisher":{"@id":"https:\/\/dicodusport.fr\/blog\/#organization"},"potentialAction":[{"@type":"SearchAction","target":{"@type":"EntryPoint","urlTemplate":"https:\/\/dicodusport.fr\/blog\/?s={search_term_string}"},"query-input":{"@type":"PropertyValueSpecification","valueRequired":true,"valueName":"search_term_string"}}],"inLanguage":"fr-FR"},{"@type":"NewsMediaOrganization","@id":"https:\/\/dicodusport.fr\/blog\/#organization","name":"Dicodusport","url":"https:\/\/dicodusport.fr\/blog\/","logo":{"@type":"ImageObject","inLanguage":"fr-FR","@id":"https:\/\/dicodusport.fr\/blog\/#\/schema\/logo\/image\/","url":"https:\/\/dicodusport.fr\/blog\/wp-content\/uploads\/2020\/06\/cropped-LOGO-DICODUSPORT-2020-SANS-FOND-SANS-TEXTE.png","contentUrl":"https:\/\/dicodusport.fr\/blog\/wp-content\/uploads\/2020\/06\/cropped-LOGO-DICODUSPORT-2020-SANS-FOND-SANS-TEXTE.png","width":512,"height":512,"caption":"Dicodusport"},"image":{"@id":"https:\/\/dicodusport.fr\/blog\/#\/schema\/logo\/image\/"},"sameAs":["https:\/\/www.facebook.com\/dicodusport","https:\/\/x.com\/dicodusport","https:\/\/www.instagram.com\/dicodusport\/","https:\/\/www.youtube.com\/channel\/UC7V2KZ5sd3htJivAbA4ZG3w"],"description":"Dicodusport est l'encyclop\u00e9die de l'actualit\u00e9 sportive.","email":"bonjour@dicodusport.fr","legalName":"DICODUSPORT","foundingDate":"2018-01-14","vatID":"FR71834470973","taxID":"83447097300043","numberOfEmployees":{"@type":"QuantitativeValue","minValue":"1","maxValue":"10"}},{"@type":"Person","@id":"https:\/\/dicodusport.fr\/blog\/#\/schema\/person\/55dcb50ad410894e431ed812bbb70191","name":"Nicolas Jacquemard","image":{"@type":"ImageObject","inLanguage":"fr-FR","@id":"https:\/\/dicodusport.fr\/blog\/#\/schema\/person\/image\/","url":"https:\/\/dicodusport.fr\/blog\/wp-content\/uploads\/2021\/05\/Nicolas-Jacquemard-150x150.jpeg","contentUrl":"https:\/\/dicodusport.fr\/blog\/wp-content\/uploads\/2021\/05\/Nicolas-Jacquemard-150x150.jpeg","caption":"Nicolas Jacquemard"},"description":"Passionn\u00e9 de sport et entrepreneur depuis mes 18 ans, la cr\u00e9ation de Dicodusport m'a sembl\u00e9 \u00e9vidente pour participer \u00e0 la m\u00e9diatisation d'un plus grand nombre de sports. Le chemin est long mais avec une \u00e9quipe des plus motiv\u00e9es et les Jeux Olympiques de Paris 2024 en point de mire, nous y arriverons ! Journaliste dans le monde du sport depuis plus de 5 ans, je traite aussi bien de football, de rugby, de biathlon que de cyclisme.","sameAs":["https:\/\/www.facebook.com\/dicodusport","https:\/\/x.com\/https:\/\/twitter.com\/Nico_Jacquemard"],"url":"https:\/\/dicodusport.fr\/blog\/author\/dicodusport\/"}]}},"_links":{"self":[{"href":"https:\/\/dicodusport.fr\/blog\/wp-json\/wp\/v2\/posts\/103082","targetHints":{"allow":["GET"]}}],"collection":[{"href":"https:\/\/dicodusport.fr\/blog\/wp-json\/wp\/v2\/posts"}],"about":[{"href":"https:\/\/dicodusport.fr\/blog\/wp-json\/wp\/v2\/types\/post"}],"author":[{"embeddable":true,"href":"https:\/\/dicodusport.fr\/blog\/wp-json\/wp\/v2\/users\/1"}],"replies":[{"embeddable":true,"href":"https:\/\/dicodusport.fr\/blog\/wp-json\/wp\/v2\/comments?post=103082"}],"version-history":[{"count":0,"href":"https:\/\/dicodusport.fr\/blog\/wp-json\/wp\/v2\/posts\/103082\/revisions"}],"wp:featuredmedia":[{"embeddable":true,"href":"https:\/\/dicodusport.fr\/blog\/wp-json\/wp\/v2\/media\/103124"}],"wp:attachment":[{"href":"https:\/\/dicodusport.fr\/blog\/wp-json\/wp\/v2\/media?parent=103082"}],"wp:term":[{"taxonomy":"category","embeddable":true,"href":"https:\/\/dicodusport.fr\/blog\/wp-json\/wp\/v2\/categories?post=103082"},{"taxonomy":"post_tag","embeddable":true,"href":"https:\/\/dicodusport.fr\/blog\/wp-json\/wp\/v2\/tags?post=103082"}],"curies":[{"name":"wp","href":"https:\/\/api.w.org\/{rel}","templated":true}]}}