{"id":103215,"date":"2021-02-02T09:00:17","date_gmt":"2021-02-02T08:00:17","guid":{"rendered":"https:\/\/dicodusport.fr\/blog\/?p=103215"},"modified":"2021-02-02T11:49:44","modified_gmt":"2021-02-02T10:49:44","slug":"championnats-du-monde-de-ski-alpin-les-chances-de-medaille-francaises","status":"publish","type":"post","link":"https:\/\/dicodusport.fr\/blog\/championnats-du-monde-de-ski-alpin-les-chances-de-medaille-francaises\/","title":{"rendered":"Championnats du monde de ski alpin : les chances de m\u00e9dailles fran\u00e7aises"},"content":{"rendered":"<p style=\"text-align: justify;\"><em><strong><a href=\"https:\/\/dicodusport.fr\/definition-sport\/ski-alpin\/\" target=\"_blank\" rel=\"noopener\">SKI ALPIN<\/a> &#8211; \u00c0 seulement une semaine du d\u00e9but des championnats du monde de ski alpin \u00e0 Cortina d&rsquo;Ampezzo (Italie), l&rsquo;\u00e9quipe de France a de grandes ambitions. Avec Cl\u00e9ment No\u00ebl, Alexis Pinturault et Tessa Worley en t\u00eates d&rsquo;affiche, les Bleus peuvent l\u00e9gitimement esp\u00e9rer une belle moisson de m\u00e9dailles.<\/strong><\/em><\/p>\n<h2 style=\"text-align: justify;\">Trois m\u00e9dailles pour Pinturault ?<\/h2>\n<p style=\"text-align: justify;\">Tenant du titre du combin\u00e9 alpin depuis 2019, <a href=\"https:\/\/dicodusport.fr\/blog\/tag\/alexis-pinturault\/\" target=\"_blank\" rel=\"noopener\"><strong>Alexis Pinturault<\/strong><\/a> aura \u00e0 c\u0153ur de conserver son titre. Unique combin\u00e9 de la saison apr\u00e8s sa suppression en Coupe du monde, c&rsquo;est donc sans trop de rep\u00e8res que les skieurs s&rsquo;\u00e9lanceront pour l&rsquo;\u00e9preuve. Vice-champion olympique en titre et quatre fois vainqueur du petit globe, le Fran\u00e7ais s&rsquo;affirme comme leader de la discipline. <strong>Alexis Pinturault<\/strong> peut devenir le second Fran\u00e7ais \u00e0 conserver son titre en combin\u00e9. Il succ\u00e9derait \u00e0 <strong>Jean-Claude Killy<\/strong> qui avait r\u00e9alis\u00e9 cette prouesse en 1966 et 1968.<\/p>\n<p style=\"text-align: justify;\">Discipline dans laquelle il a le plus gagn\u00e9 en Coupe du monde (17 victoires), le slalom g\u00e9ant lui r\u00e9siste encore en grandes comp\u00e9titions. Apr\u00e8s deux m\u00e9dailles de bronze aux JO et deux m\u00e9dailles de bronze aux Mondiaux, il est temps pour le skieur natif de Mo\u00fbtiers de mettre fin \u00e0 cette s\u00e9rie. D\u00e9j\u00e0 trois fois vainqueur cette saison et leader de la discipline, il part grand favori pour le titre mondial. <strong>Marco Odermatt<\/strong> et <strong>Filip Zubcic<\/strong> seront sans doute ses concurrents les plus redoutables.<\/p>\n<p style=\"text-align: justify;\">Si la m\u00e9daille d&rsquo;or en slalom parait difficile \u00e0 obtenir, une m\u00e9daille est tout \u00e0 fait envisageable. Au pied du podium en 2019 \u00e0 \u00c5re (Su\u00e8de) apr\u00e8s une erreur en seconde manche, il sera \u00e0 n&rsquo;en pas douter, \u00e0 la lutte cette ann\u00e9e. En signant ses 9\u00e8me et 10\u00e8me podiums en slalom cette saison, il confirme \u00eatre revenu au haut niveau de cette discipline exigeante. De plus, il n&rsquo;a jamais remport\u00e9 la moindre m\u00e9daille en slalom o\u00f9 il a souvent \u00e9chou\u00e9 de peu (6\u00e8me en 2013, 5\u00e8me en 2018 et donc 4\u00e8me en 2019).<\/p>\n<div id=\"attachment_99774\" style=\"width: 810px\" class=\"wp-caption aligncenter\"><a href=\"https:\/\/dicodusport.fr\/blog\/wp-content\/uploads\/2021\/01\/Slalom-de-Flachau-Alexis-Pinturault-sur-le-podium-Sebastian-Foss-Solevag-simpose.png\"><img loading=\"lazy\" decoding=\"async\" aria-describedby=\"caption-attachment-99774\" class=\"size-full wp-image-99774\" src=\"https:\/\/dicodusport.fr\/blog\/wp-content\/uploads\/2021\/01\/Slalom-de-Flachau-Alexis-Pinturault-sur-le-podium-Sebastian-Foss-Solevag-simpose.png\" alt=\"Slalom de Flachau - Alexis Pinturault sur le podium, Sebastian Foss Solevag s'impose\" width=\"800\" height=\"445\" srcset=\"https:\/\/dicodusport.fr\/blog\/wp-content\/uploads\/2021\/01\/Slalom-de-Flachau-Alexis-Pinturault-sur-le-podium-Sebastian-Foss-Solevag-simpose.png 800w, https:\/\/dicodusport.fr\/blog\/wp-content\/uploads\/2021\/01\/Slalom-de-Flachau-Alexis-Pinturault-sur-le-podium-Sebastian-Foss-Solevag-simpose-300x167.png 300w, https:\/\/dicodusport.fr\/blog\/wp-content\/uploads\/2021\/01\/Slalom-de-Flachau-Alexis-Pinturault-sur-le-podium-Sebastian-Foss-Solevag-simpose-768x427.png 768w\" sizes=\"auto, (max-width: 800px) 100vw, 800px\" \/><\/a><p id=\"caption-attachment-99774\" class=\"wp-caption-text\">Alexis Pinturault &#8211; Joe Klamar \/ AFP<\/p><\/div>\n<h2 style=\"text-align: justify;\">No\u00ebl, le titre ou rien<\/h2>\n<p style=\"text-align: justify;\">\u00c0 seulement 23 ans, <strong>Cl\u00e9ment No\u00ebl<\/strong> sera l&rsquo;un des grands favoris pour la course entre les piquets. Avec 13 podiums dont 7 victoires en slalom sur les trois derni\u00e8res saisons, il pourrait devenir le digne successeur de <strong>Jean-Baptiste Grange<\/strong>. Quatri\u00e8me pour ses premiers JO en 2018, 7\u00e8me en 2019 pour ses premiers Mondiaux, il visera cette fois la boite, et m\u00eame plus. Tr\u00e8s irr\u00e9gulier cette saison malgr\u00e9 ses trois podiums, il est capable du meilleur comme du pire \u00e0 l&rsquo;image de son week-end \u00e0 Chamonix. <a href=\"https:\/\/dicodusport.fr\/blog\/slalom-de-chamonix-clement-noel-s-impose-en-patron\/\" target=\"_blank\" rel=\"noopener\">Vainqueur du premier slalom le week-end dernier en Haute-Savoie<\/a>, il ne se qualifiera m\u00eame pas pour la seconde manche le lendemain. Une alternance de chaud et de froid qui pourrait lui jouer des tours.<\/p>\n<h2>Tessa Worley, le retour en forme<\/h2>\n<p style=\"text-align: justify;\">Pr\u00e8s d&rsquo;un an et demi apr\u00e8s sa derni\u00e8re victoire, <a href=\"https:\/\/dicodusport.fr\/blog\/slalom-geant-de-kronplatz-tessa-worley-s-impose-en-patronne\/\" target=\"_blank\" rel=\"noopener\"><strong>Tessa Worley<\/strong> a retrouv\u00e9 le chemin du succ\u00e8s cette saison \u00e0 Kronplatz<\/a>. La sp\u00e9cialiste du g\u00e9ant a sign\u00e9 sa 14\u00e8me victoire et son 32\u00e8me podium en carri\u00e8re. Championne du monde en 2013 et 2017 mais aussi m\u00e9daill\u00e9e de bronze en 2011, elle deviendrait la premi\u00e8re Fran\u00e7aise \u00e0 \u00eatre triple championne du monde de g\u00e9ant. Bien que tous ses espoirs de m\u00e9daille seront en g\u00e9ant, elle pourrait esp\u00e9rer une belle place en Super-G o\u00f9 elle compte plusieurs top 10 cette saison.<\/p>\n<div id=\"attachment_101878\" style=\"width: 810px\" class=\"wp-caption aligncenter\"><a href=\"https:\/\/dicodusport.fr\/blog\/wp-content\/uploads\/2021\/01\/Slalom-geant-de-Kronplatz-Tessa-Worley-simpose-en-patronne.png\"><img loading=\"lazy\" decoding=\"async\" aria-describedby=\"caption-attachment-101878\" class=\"size-full wp-image-101878\" src=\"https:\/\/dicodusport.fr\/blog\/wp-content\/uploads\/2021\/01\/Slalom-geant-de-Kronplatz-Tessa-Worley-simpose-en-patronne.png\" alt=\"Slalom g\u00e9ant de Kronplatz - Tessa Worley s'impose en patronne\" width=\"800\" height=\"445\" srcset=\"https:\/\/dicodusport.fr\/blog\/wp-content\/uploads\/2021\/01\/Slalom-geant-de-Kronplatz-Tessa-Worley-simpose-en-patronne.png 800w, https:\/\/dicodusport.fr\/blog\/wp-content\/uploads\/2021\/01\/Slalom-geant-de-Kronplatz-Tessa-Worley-simpose-en-patronne-300x167.png 300w, https:\/\/dicodusport.fr\/blog\/wp-content\/uploads\/2021\/01\/Slalom-geant-de-Kronplatz-Tessa-Worley-simpose-en-patronne-768x427.png 768w\" sizes=\"auto, (max-width: 800px) 100vw, 800px\" \/><\/a><p id=\"caption-attachment-101878\" class=\"wp-caption-text\">Tessa Worley &#8211; Getty Images<\/p><\/div>\n<h2>Muffat-Jeandet et Clarey en embuscade<\/h2>\n<p style=\"text-align: justify;\">S&rsquo;il ne partira pas en tant que favori, <strong>Victor Muffat-Jeandet<\/strong> a des arguments \u00e0 faire valoir. M\u00e9daill\u00e9 de bronze aux JO de Pyeongchang en combin\u00e9, il esp\u00e8re enfin d\u00e9crocher sa premi\u00e8re m\u00e9daille mondiale. Si 5 de ses 10 podiums en Coupe du monde ont \u00e9t\u00e9 obtenus en combin\u00e9, les 5 autres l&rsquo;ont \u00e9t\u00e9 en g\u00e9ant. Cette saison, il a \u00e9t\u00e9 capable de fulgurances qui font qu&rsquo;il faudra garder un \u0153il sur lui. Avec une deuxi\u00e8me place lors de la premi\u00e8re manche du slalom d&rsquo;Adelboden, et une 4\u00e8me place finale \u00e0 Chamonix, il semble avoir retrouv\u00e9 un bon ski au bon moment.<\/p>\n<p style=\"text-align: justify;\">Quarante ans pass\u00e9s mais toujours l\u00e0. Le v\u00e9t\u00e9ran de l&rsquo;\u00e9quipe de France <strong>Johan Clarey<\/strong> n&rsquo;a pas l&rsquo;intention de s&rsquo;arr\u00eater l\u00e0. Fort de ses 4\u00e8me et 2\u00e8me places sur la mythique descente de Kitzb\u00fchel cette saison, il est devenu le skieur le plus \u00e2g\u00e9 \u00e0 monter sur un podium de Coupe du monde. Vice-champion du monde en titre de Super-G, il pourrait r\u00e9\u00e9diter cet exploit, lui qui n&rsquo;a jamais gagn\u00e9.<\/p>\n<p style=\"text-align: justify;\">Enfin, victorieuse en 2011 et 2017, la France pourra \u00e9galement jouer le titre par \u00e9quipes mixte. Cinqui\u00e8me \u00e0 l&rsquo;heure actuelle au classement g\u00e9n\u00e9ral des nations, il faudra faire face aux favoris que sont la Suisse (championne du monde et olympique en titre) et l&rsquo;Autriche (m\u00e9daill\u00e9e d&rsquo;argent aux JO 2018 et aux Mondiaux 2019).<\/p>\n<p><strong><em>Maxime Boulard<br \/>\n<a href=\"https:\/\/www.facebook.com\/Max.Bld2\/\" target=\"_blank\" rel=\"noopener noreferrer\"><img loading=\"lazy\" decoding=\"async\" class=\"alignnone wp-image-2909\" src=\"http:\/\/dicodusport.fr\/blog\/wp-content\/uploads\/2017\/07\/logo-facebook-150x150.png\" alt=\"\" width=\"40\" height=\"40\" \/><\/a><a href=\"https:\/\/twitter.com\/MaximeB_2\" target=\"_blank\" rel=\"noopener noreferrer\"><img loading=\"lazy\" decoding=\"async\" class=\"alignnone wp-image-2908\" src=\"http:\/\/dicodusport.fr\/blog\/wp-content\/uploads\/2017\/07\/logo-twitter-150x150.png\" alt=\"\" width=\"39\" height=\"39\" \/><\/a><\/em><\/strong><\/p>\n","protected":false},"excerpt":{"rendered":"<p>SKI ALPIN &#8211; \u00c0 seulement une semaine du d\u00e9but des championnats du monde de ski alpin \u00e0 Cortina d&rsquo;Ampezzo (Italie), l&rsquo;\u00e9quipe de France a de grandes ambitions. Avec Cl\u00e9ment No\u00ebl, Alexis Pinturault et Tessa Worley en t\u00eates d&rsquo;affiche, les Bleus peuvent l\u00e9gitimement esp\u00e9rer une belle moisson de m\u00e9dailles.<\/p>\n","protected":false},"author":43,"featured_media":97722,"comment_status":"open","ping_status":"closed","sticky":false,"template":"","format":"standard","meta":{"_acf_changed":false,"_daextam_enable_autolinks":"","footnotes":""},"categories":[47083],"tags":[2806,3912,24,2232],"class_list":["post-103215","post","type-post","status-publish","format-standard","has-post-thumbnail","hentry","category-championnats-du-monde-ski-alpin","tag-alexis-pinturault","tag-clement-noel","tag-sport","tag-tessa-worley"],"acf":[],"yoast_head":"<!-- This site is optimized with the Yoast SEO Premium plugin v26.7 (Yoast SEO v26.7) - https:\/\/yoast.com\/wordpress\/plugins\/seo\/ -->\n<title>Championnats du monde de ski alpin : les chances de m\u00e9dailles fran\u00e7aises<\/title>\n<meta name=\"description\" content=\"SKI ALPIN - \u00c0 seulement une semaine du d\u00e9but des championnats du monde de ski alpin \u00e0 Cortina d&#039;Ampezzo (Italie), focus sur les chances de m\u00e9dailles de l&#039;\u00e9quipe de France.\" \/>\n<meta name=\"robots\" content=\"index, follow, max-snippet:-1, max-image-preview:large, max-video-preview:-1\" \/>\n<link rel=\"canonical\" href=\"https:\/\/dicodusport.fr\/blog\/championnats-du-monde-de-ski-alpin-les-chances-de-medaille-francaises\/\" \/>\n<meta property=\"og:locale\" content=\"fr_FR\" \/>\n<meta property=\"og:type\" content=\"article\" \/>\n<meta property=\"og:title\" content=\"Championnats du monde de ski alpin : les chances de m\u00e9dailles fran\u00e7aises\" \/>\n<meta property=\"og:description\" content=\"SKI ALPIN - \u00c0 seulement une semaine du d\u00e9but des championnats du monde de ski alpin \u00e0 Cortina d&#039;Ampezzo (Italie), focus sur les chances de m\u00e9dailles de l&#039;\u00e9quipe de France.\" \/>\n<meta property=\"og:url\" content=\"https:\/\/dicodusport.fr\/blog\/championnats-du-monde-de-ski-alpin-les-chances-de-medaille-francaises\/\" \/>\n<meta property=\"og:site_name\" content=\"Dicodusport\" \/>\n<meta property=\"article:publisher\" content=\"https:\/\/www.facebook.com\/dicodusport\" \/>\n<meta property=\"article:author\" content=\"https:\/\/www.facebook.com\/Max.Bld2\/\" \/>\n<meta property=\"article:published_time\" content=\"2021-02-02T08:00:17+00:00\" \/>\n<meta property=\"article:modified_time\" content=\"2021-02-02T10:49:44+00:00\" \/>\n<meta property=\"og:image\" content=\"https:\/\/dicodusport.fr\/blog\/wp-content\/uploads\/2021\/01\/Vid\u00e9o-La-d\u00e9monstration-dAlexis-Pinturault-sur-le-g\u00e9ant-dAdelboden.png\" \/>\n\t<meta property=\"og:image:width\" content=\"800\" \/>\n\t<meta property=\"og:image:height\" content=\"445\" \/>\n\t<meta property=\"og:image:type\" content=\"image\/png\" \/>\n<meta name=\"author\" content=\"Maxime Boulard\" \/>\n<meta name=\"twitter:card\" content=\"summary_large_image\" \/>\n<meta name=\"twitter:title\" content=\"Championnats du monde de ski alpin : les chances de m\u00e9dailles fran\u00e7aises\" \/>\n<meta name=\"twitter:creator\" content=\"@https:\/\/twitter.com\/MaximeB_2\" \/>\n<meta name=\"twitter:site\" content=\"@dicodusport\" \/>\n<script type=\"application\/ld+json\" class=\"yoast-schema-graph\">{\"@context\":\"https:\/\/schema.org\",\"@graph\":[{\"@type\":\"NewsArticle\",\"@id\":\"https:\/\/dicodusport.fr\/blog\/championnats-du-monde-de-ski-alpin-les-chances-de-medaille-francaises\/#article\",\"isPartOf\":{\"@id\":\"https:\/\/dicodusport.fr\/blog\/championnats-du-monde-de-ski-alpin-les-chances-de-medaille-francaises\/\"},\"author\":{\"name\":\"Maxime Boulard\",\"@id\":\"https:\/\/dicodusport.fr\/blog\/#\/schema\/person\/5aab10ee856e86ac63e9819a9da34784\"},\"headline\":\"Championnats du monde de ski alpin : les chances de m\u00e9dailles fran\u00e7aises\",\"datePublished\":\"2021-02-02T08:00:17+00:00\",\"dateModified\":\"2021-02-02T10:49:44+00:00\",\"mainEntityOfPage\":{\"@id\":\"https:\/\/dicodusport.fr\/blog\/championnats-du-monde-de-ski-alpin-les-chances-de-medaille-francaises\/\"},\"wordCount\":858,\"commentCount\":0,\"publisher\":{\"@id\":\"https:\/\/dicodusport.fr\/blog\/#organization\"},\"image\":{\"@id\":\"https:\/\/dicodusport.fr\/blog\/championnats-du-monde-de-ski-alpin-les-chances-de-medaille-francaises\/#primaryimage\"},\"thumbnailUrl\":\"https:\/\/dicodusport.fr\/blog\/wp-content\/uploads\/2021\/01\/Vid\u00e9o-La-d\u00e9monstration-dAlexis-Pinturault-sur-le-g\u00e9ant-dAdelboden.png\",\"keywords\":[\"Alexis Pinturault\",\"Cl\u00e9ment No\u00ebl\",\"sport\",\"Tessa Worley\"],\"articleSection\":[\"Championnats du monde de ski alpin\"],\"inLanguage\":\"fr-FR\",\"potentialAction\":[{\"@type\":\"CommentAction\",\"name\":\"Comment\",\"target\":[\"https:\/\/dicodusport.fr\/blog\/championnats-du-monde-de-ski-alpin-les-chances-de-medaille-francaises\/#respond\"]}],\"copyrightYear\":\"2021\",\"copyrightHolder\":{\"@id\":\"https:\/\/dicodusport.fr\/blog\/#organization\"}},{\"@type\":\"WebPage\",\"@id\":\"https:\/\/dicodusport.fr\/blog\/championnats-du-monde-de-ski-alpin-les-chances-de-medaille-francaises\/\",\"url\":\"https:\/\/dicodusport.fr\/blog\/championnats-du-monde-de-ski-alpin-les-chances-de-medaille-francaises\/\",\"name\":\"Championnats du monde de ski alpin : les chances de m\u00e9dailles fran\u00e7aises\",\"isPartOf\":{\"@id\":\"https:\/\/dicodusport.fr\/blog\/#website\"},\"primaryImageOfPage\":{\"@id\":\"https:\/\/dicodusport.fr\/blog\/championnats-du-monde-de-ski-alpin-les-chances-de-medaille-francaises\/#primaryimage\"},\"image\":{\"@id\":\"https:\/\/dicodusport.fr\/blog\/championnats-du-monde-de-ski-alpin-les-chances-de-medaille-francaises\/#primaryimage\"},\"thumbnailUrl\":\"https:\/\/dicodusport.fr\/blog\/wp-content\/uploads\/2021\/01\/Vid\u00e9o-La-d\u00e9monstration-dAlexis-Pinturault-sur-le-g\u00e9ant-dAdelboden.png\",\"datePublished\":\"2021-02-02T08:00:17+00:00\",\"dateModified\":\"2021-02-02T10:49:44+00:00\",\"description\":\"SKI ALPIN - \u00c0 seulement une semaine du d\u00e9but des championnats du monde de ski alpin \u00e0 Cortina d'Ampezzo (Italie), focus sur les chances de m\u00e9dailles de l'\u00e9quipe de France.\",\"breadcrumb\":{\"@id\":\"https:\/\/dicodusport.fr\/blog\/championnats-du-monde-de-ski-alpin-les-chances-de-medaille-francaises\/#breadcrumb\"},\"inLanguage\":\"fr-FR\",\"potentialAction\":[{\"@type\":\"ReadAction\",\"target\":[\"https:\/\/dicodusport.fr\/blog\/championnats-du-monde-de-ski-alpin-les-chances-de-medaille-francaises\/\"]}]},{\"@type\":\"ImageObject\",\"inLanguage\":\"fr-FR\",\"@id\":\"https:\/\/dicodusport.fr\/blog\/championnats-du-monde-de-ski-alpin-les-chances-de-medaille-francaises\/#primaryimage\",\"url\":\"https:\/\/dicodusport.fr\/blog\/wp-content\/uploads\/2021\/01\/Vid\u00e9o-La-d\u00e9monstration-dAlexis-Pinturault-sur-le-g\u00e9ant-dAdelboden.png\",\"contentUrl\":\"https:\/\/dicodusport.fr\/blog\/wp-content\/uploads\/2021\/01\/Vid\u00e9o-La-d\u00e9monstration-dAlexis-Pinturault-sur-le-g\u00e9ant-dAdelboden.png\",\"width\":800,\"height\":445,\"caption\":\"Championnats du monde de ski alpin : les chances de m\u00e9dailles fran\u00e7aises\"},{\"@type\":\"BreadcrumbList\",\"@id\":\"https:\/\/dicodusport.fr\/blog\/championnats-du-monde-de-ski-alpin-les-chances-de-medaille-francaises\/#breadcrumb\",\"itemListElement\":[{\"@type\":\"ListItem\",\"position\":1,\"name\":\"Accueil\",\"item\":\"https:\/\/dicodusport.fr\/blog\/\"},{\"@type\":\"ListItem\",\"position\":2,\"name\":\"Championnats du monde de ski alpin : les chances de m\u00e9dailles fran\u00e7aises\"}]},{\"@type\":\"WebSite\",\"@id\":\"https:\/\/dicodusport.fr\/blog\/#website\",\"url\":\"https:\/\/dicodusport.fr\/blog\/\",\"name\":\"Dicodusport\",\"description\":\"L&#039;encyclop\u00e9die de l&#039;actualit\u00e9 sportive\",\"publisher\":{\"@id\":\"https:\/\/dicodusport.fr\/blog\/#organization\"},\"potentialAction\":[{\"@type\":\"SearchAction\",\"target\":{\"@type\":\"EntryPoint\",\"urlTemplate\":\"https:\/\/dicodusport.fr\/blog\/?s={search_term_string}\"},\"query-input\":{\"@type\":\"PropertyValueSpecification\",\"valueRequired\":true,\"valueName\":\"search_term_string\"}}],\"inLanguage\":\"fr-FR\"},{\"@type\":\"NewsMediaOrganization\",\"@id\":\"https:\/\/dicodusport.fr\/blog\/#organization\",\"name\":\"Dicodusport\",\"url\":\"https:\/\/dicodusport.fr\/blog\/\",\"logo\":{\"@type\":\"ImageObject\",\"inLanguage\":\"fr-FR\",\"@id\":\"https:\/\/dicodusport.fr\/blog\/#\/schema\/logo\/image\/\",\"url\":\"https:\/\/dicodusport.fr\/blog\/wp-content\/uploads\/2020\/06\/cropped-LOGO-DICODUSPORT-2020-SANS-FOND-SANS-TEXTE.png\",\"contentUrl\":\"https:\/\/dicodusport.fr\/blog\/wp-content\/uploads\/2020\/06\/cropped-LOGO-DICODUSPORT-2020-SANS-FOND-SANS-TEXTE.png\",\"width\":512,\"height\":512,\"caption\":\"Dicodusport\"},\"image\":{\"@id\":\"https:\/\/dicodusport.fr\/blog\/#\/schema\/logo\/image\/\"},\"sameAs\":[\"https:\/\/www.facebook.com\/dicodusport\",\"https:\/\/x.com\/dicodusport\",\"https:\/\/www.instagram.com\/dicodusport\/\",\"https:\/\/www.youtube.com\/channel\/UC7V2KZ5sd3htJivAbA4ZG3w\"],\"description\":\"Dicodusport est l'encyclop\u00e9die de l'actualit\u00e9 sportive.\",\"email\":\"bonjour@dicodusport.fr\",\"legalName\":\"DICODUSPORT\",\"foundingDate\":\"2018-01-14\",\"vatID\":\"FR71834470973\",\"taxID\":\"83447097300043\",\"numberOfEmployees\":{\"@type\":\"QuantitativeValue\",\"minValue\":\"1\",\"maxValue\":\"10\"}},{\"@type\":\"Person\",\"@id\":\"https:\/\/dicodusport.fr\/blog\/#\/schema\/person\/5aab10ee856e86ac63e9819a9da34784\",\"name\":\"Maxime Boulard\",\"image\":{\"@type\":\"ImageObject\",\"inLanguage\":\"fr-FR\",\"@id\":\"https:\/\/dicodusport.fr\/blog\/#\/schema\/person\/image\/\",\"url\":\"https:\/\/dicodusport.fr\/blog\/wp-content\/uploads\/2021\/05\/Maxime-Boulard-150x150.jpg\",\"contentUrl\":\"https:\/\/dicodusport.fr\/blog\/wp-content\/uploads\/2021\/05\/Maxime-Boulard-150x150.jpg\",\"caption\":\"Maxime Boulard\"},\"description\":\"Journaliste\/r\u00e9dacteur depuis octobre 2020 - Si mon plus vieux souvenir de sport aurait pu m'en d\u00e9go\u00fbter, la finale de la Coupe du monde 2006 a \u00e9t\u00e9 tout le contraire. V\u00e9ritable d\u00e9clencheur d'une passion qui aujourd'hui ne fait que grandir avec le temps, mon leitmotiv est la France qui brille ! Je relate les exploits pass\u00e9s et pr\u00e9sents du sport bleu-blanc-rouge sans m\u00e9nagement depuis octobre 2020. Sport valide ou handisport, aucune diff\u00e9rence, il n'y a que du sport et plusieurs fa\u00e7ons de le pratiquer.\",\"sameAs\":[\"https:\/\/www.facebook.com\/Max.Bld2\/\",\"https:\/\/x.com\/https:\/\/twitter.com\/MaximeB_2\"],\"url\":\"https:\/\/dicodusport.fr\/blog\/author\/maxime-b\/\"}]}<\/script>\n<!-- \/ Yoast SEO Premium plugin. -->","yoast_head_json":{"title":"Championnats du monde de ski alpin : les chances de m\u00e9dailles fran\u00e7aises","description":"SKI ALPIN - \u00c0 seulement une semaine du d\u00e9but des championnats du monde de ski alpin \u00e0 Cortina d'Ampezzo (Italie), focus sur les chances de m\u00e9dailles de l'\u00e9quipe de France.","robots":{"index":"index","follow":"follow","max-snippet":"max-snippet:-1","max-image-preview":"max-image-preview:large","max-video-preview":"max-video-preview:-1"},"canonical":"https:\/\/dicodusport.fr\/blog\/championnats-du-monde-de-ski-alpin-les-chances-de-medaille-francaises\/","og_locale":"fr_FR","og_type":"article","og_title":"Championnats du monde de ski alpin : les chances de m\u00e9dailles fran\u00e7aises","og_description":"SKI ALPIN - \u00c0 seulement une semaine du d\u00e9but des championnats du monde de ski alpin \u00e0 Cortina d'Ampezzo (Italie), focus sur les chances de m\u00e9dailles de l'\u00e9quipe de France.","og_url":"https:\/\/dicodusport.fr\/blog\/championnats-du-monde-de-ski-alpin-les-chances-de-medaille-francaises\/","og_site_name":"Dicodusport","article_publisher":"https:\/\/www.facebook.com\/dicodusport","article_author":"https:\/\/www.facebook.com\/Max.Bld2\/","article_published_time":"2021-02-02T08:00:17+00:00","article_modified_time":"2021-02-02T10:49:44+00:00","og_image":[{"width":800,"height":445,"url":"https:\/\/dicodusport.fr\/blog\/wp-content\/uploads\/2021\/01\/Vid\u00e9o-La-d\u00e9monstration-dAlexis-Pinturault-sur-le-g\u00e9ant-dAdelboden.png","type":"image\/png"}],"author":"Maxime Boulard","twitter_card":"summary_large_image","twitter_title":"Championnats du monde de ski alpin : les chances de m\u00e9dailles fran\u00e7aises","twitter_creator":"@https:\/\/twitter.com\/MaximeB_2","twitter_site":"@dicodusport","schema":{"@context":"https:\/\/schema.org","@graph":[{"@type":"NewsArticle","@id":"https:\/\/dicodusport.fr\/blog\/championnats-du-monde-de-ski-alpin-les-chances-de-medaille-francaises\/#article","isPartOf":{"@id":"https:\/\/dicodusport.fr\/blog\/championnats-du-monde-de-ski-alpin-les-chances-de-medaille-francaises\/"},"author":{"name":"Maxime Boulard","@id":"https:\/\/dicodusport.fr\/blog\/#\/schema\/person\/5aab10ee856e86ac63e9819a9da34784"},"headline":"Championnats du monde de ski alpin : les chances de m\u00e9dailles fran\u00e7aises","datePublished":"2021-02-02T08:00:17+00:00","dateModified":"2021-02-02T10:49:44+00:00","mainEntityOfPage":{"@id":"https:\/\/dicodusport.fr\/blog\/championnats-du-monde-de-ski-alpin-les-chances-de-medaille-francaises\/"},"wordCount":858,"commentCount":0,"publisher":{"@id":"https:\/\/dicodusport.fr\/blog\/#organization"},"image":{"@id":"https:\/\/dicodusport.fr\/blog\/championnats-du-monde-de-ski-alpin-les-chances-de-medaille-francaises\/#primaryimage"},"thumbnailUrl":"https:\/\/dicodusport.fr\/blog\/wp-content\/uploads\/2021\/01\/Vid\u00e9o-La-d\u00e9monstration-dAlexis-Pinturault-sur-le-g\u00e9ant-dAdelboden.png","keywords":["Alexis Pinturault","Cl\u00e9ment No\u00ebl","sport","Tessa Worley"],"articleSection":["Championnats du monde de ski alpin"],"inLanguage":"fr-FR","potentialAction":[{"@type":"CommentAction","name":"Comment","target":["https:\/\/dicodusport.fr\/blog\/championnats-du-monde-de-ski-alpin-les-chances-de-medaille-francaises\/#respond"]}],"copyrightYear":"2021","copyrightHolder":{"@id":"https:\/\/dicodusport.fr\/blog\/#organization"}},{"@type":"WebPage","@id":"https:\/\/dicodusport.fr\/blog\/championnats-du-monde-de-ski-alpin-les-chances-de-medaille-francaises\/","url":"https:\/\/dicodusport.fr\/blog\/championnats-du-monde-de-ski-alpin-les-chances-de-medaille-francaises\/","name":"Championnats du monde de ski alpin : les chances de m\u00e9dailles fran\u00e7aises","isPartOf":{"@id":"https:\/\/dicodusport.fr\/blog\/#website"},"primaryImageOfPage":{"@id":"https:\/\/dicodusport.fr\/blog\/championnats-du-monde-de-ski-alpin-les-chances-de-medaille-francaises\/#primaryimage"},"image":{"@id":"https:\/\/dicodusport.fr\/blog\/championnats-du-monde-de-ski-alpin-les-chances-de-medaille-francaises\/#primaryimage"},"thumbnailUrl":"https:\/\/dicodusport.fr\/blog\/wp-content\/uploads\/2021\/01\/Vid\u00e9o-La-d\u00e9monstration-dAlexis-Pinturault-sur-le-g\u00e9ant-dAdelboden.png","datePublished":"2021-02-02T08:00:17+00:00","dateModified":"2021-02-02T10:49:44+00:00","description":"SKI ALPIN - \u00c0 seulement une semaine du d\u00e9but des championnats du monde de ski alpin \u00e0 Cortina d'Ampezzo (Italie), focus sur les chances de m\u00e9dailles de l'\u00e9quipe de France.","breadcrumb":{"@id":"https:\/\/dicodusport.fr\/blog\/championnats-du-monde-de-ski-alpin-les-chances-de-medaille-francaises\/#breadcrumb"},"inLanguage":"fr-FR","potentialAction":[{"@type":"ReadAction","target":["https:\/\/dicodusport.fr\/blog\/championnats-du-monde-de-ski-alpin-les-chances-de-medaille-francaises\/"]}]},{"@type":"ImageObject","inLanguage":"fr-FR","@id":"https:\/\/dicodusport.fr\/blog\/championnats-du-monde-de-ski-alpin-les-chances-de-medaille-francaises\/#primaryimage","url":"https:\/\/dicodusport.fr\/blog\/wp-content\/uploads\/2021\/01\/Vid\u00e9o-La-d\u00e9monstration-dAlexis-Pinturault-sur-le-g\u00e9ant-dAdelboden.png","contentUrl":"https:\/\/dicodusport.fr\/blog\/wp-content\/uploads\/2021\/01\/Vid\u00e9o-La-d\u00e9monstration-dAlexis-Pinturault-sur-le-g\u00e9ant-dAdelboden.png","width":800,"height":445,"caption":"Championnats du monde de ski alpin : les chances de m\u00e9dailles fran\u00e7aises"},{"@type":"BreadcrumbList","@id":"https:\/\/dicodusport.fr\/blog\/championnats-du-monde-de-ski-alpin-les-chances-de-medaille-francaises\/#breadcrumb","itemListElement":[{"@type":"ListItem","position":1,"name":"Accueil","item":"https:\/\/dicodusport.fr\/blog\/"},{"@type":"ListItem","position":2,"name":"Championnats du monde de ski alpin : les chances de m\u00e9dailles fran\u00e7aises"}]},{"@type":"WebSite","@id":"https:\/\/dicodusport.fr\/blog\/#website","url":"https:\/\/dicodusport.fr\/blog\/","name":"Dicodusport","description":"L&#039;encyclop\u00e9die de l&#039;actualit\u00e9 sportive","publisher":{"@id":"https:\/\/dicodusport.fr\/blog\/#organization"},"potentialAction":[{"@type":"SearchAction","target":{"@type":"EntryPoint","urlTemplate":"https:\/\/dicodusport.fr\/blog\/?s={search_term_string}"},"query-input":{"@type":"PropertyValueSpecification","valueRequired":true,"valueName":"search_term_string"}}],"inLanguage":"fr-FR"},{"@type":"NewsMediaOrganization","@id":"https:\/\/dicodusport.fr\/blog\/#organization","name":"Dicodusport","url":"https:\/\/dicodusport.fr\/blog\/","logo":{"@type":"ImageObject","inLanguage":"fr-FR","@id":"https:\/\/dicodusport.fr\/blog\/#\/schema\/logo\/image\/","url":"https:\/\/dicodusport.fr\/blog\/wp-content\/uploads\/2020\/06\/cropped-LOGO-DICODUSPORT-2020-SANS-FOND-SANS-TEXTE.png","contentUrl":"https:\/\/dicodusport.fr\/blog\/wp-content\/uploads\/2020\/06\/cropped-LOGO-DICODUSPORT-2020-SANS-FOND-SANS-TEXTE.png","width":512,"height":512,"caption":"Dicodusport"},"image":{"@id":"https:\/\/dicodusport.fr\/blog\/#\/schema\/logo\/image\/"},"sameAs":["https:\/\/www.facebook.com\/dicodusport","https:\/\/x.com\/dicodusport","https:\/\/www.instagram.com\/dicodusport\/","https:\/\/www.youtube.com\/channel\/UC7V2KZ5sd3htJivAbA4ZG3w"],"description":"Dicodusport est l'encyclop\u00e9die de l'actualit\u00e9 sportive.","email":"bonjour@dicodusport.fr","legalName":"DICODUSPORT","foundingDate":"2018-01-14","vatID":"FR71834470973","taxID":"83447097300043","numberOfEmployees":{"@type":"QuantitativeValue","minValue":"1","maxValue":"10"}},{"@type":"Person","@id":"https:\/\/dicodusport.fr\/blog\/#\/schema\/person\/5aab10ee856e86ac63e9819a9da34784","name":"Maxime Boulard","image":{"@type":"ImageObject","inLanguage":"fr-FR","@id":"https:\/\/dicodusport.fr\/blog\/#\/schema\/person\/image\/","url":"https:\/\/dicodusport.fr\/blog\/wp-content\/uploads\/2021\/05\/Maxime-Boulard-150x150.jpg","contentUrl":"https:\/\/dicodusport.fr\/blog\/wp-content\/uploads\/2021\/05\/Maxime-Boulard-150x150.jpg","caption":"Maxime Boulard"},"description":"Journaliste\/r\u00e9dacteur depuis octobre 2020 - Si mon plus vieux souvenir de sport aurait pu m'en d\u00e9go\u00fbter, la finale de la Coupe du monde 2006 a \u00e9t\u00e9 tout le contraire. V\u00e9ritable d\u00e9clencheur d'une passion qui aujourd'hui ne fait que grandir avec le temps, mon leitmotiv est la France qui brille ! Je relate les exploits pass\u00e9s et pr\u00e9sents du sport bleu-blanc-rouge sans m\u00e9nagement depuis octobre 2020. Sport valide ou handisport, aucune diff\u00e9rence, il n'y a que du sport et plusieurs fa\u00e7ons de le pratiquer.","sameAs":["https:\/\/www.facebook.com\/Max.Bld2\/","https:\/\/x.com\/https:\/\/twitter.com\/MaximeB_2"],"url":"https:\/\/dicodusport.fr\/blog\/author\/maxime-b\/"}]}},"_links":{"self":[{"href":"https:\/\/dicodusport.fr\/blog\/wp-json\/wp\/v2\/posts\/103215","targetHints":{"allow":["GET"]}}],"collection":[{"href":"https:\/\/dicodusport.fr\/blog\/wp-json\/wp\/v2\/posts"}],"about":[{"href":"https:\/\/dicodusport.fr\/blog\/wp-json\/wp\/v2\/types\/post"}],"author":[{"embeddable":true,"href":"https:\/\/dicodusport.fr\/blog\/wp-json\/wp\/v2\/users\/43"}],"replies":[{"embeddable":true,"href":"https:\/\/dicodusport.fr\/blog\/wp-json\/wp\/v2\/comments?post=103215"}],"version-history":[{"count":0,"href":"https:\/\/dicodusport.fr\/blog\/wp-json\/wp\/v2\/posts\/103215\/revisions"}],"wp:featuredmedia":[{"embeddable":true,"href":"https:\/\/dicodusport.fr\/blog\/wp-json\/wp\/v2\/media\/97722"}],"wp:attachment":[{"href":"https:\/\/dicodusport.fr\/blog\/wp-json\/wp\/v2\/media?parent=103215"}],"wp:term":[{"taxonomy":"category","embeddable":true,"href":"https:\/\/dicodusport.fr\/blog\/wp-json\/wp\/v2\/categories?post=103215"},{"taxonomy":"post_tag","embeddable":true,"href":"https:\/\/dicodusport.fr\/blog\/wp-json\/wp\/v2\/tags?post=103215"}],"curies":[{"name":"wp","href":"https:\/\/api.w.org\/{rel}","templated":true}]}}