{"id":103337,"date":"2021-02-02T11:41:24","date_gmt":"2021-02-02T10:41:24","guid":{"rendered":"https:\/\/dicodusport.fr\/blog\/?p=103337&#038;preview=true&#038;preview_id=103337"},"modified":"2021-02-03T13:09:05","modified_gmt":"2021-02-03T12:09:05","slug":"etoile-de-besseges-2021-profil-des-etapes","status":"publish","type":"post","link":"https:\/\/dicodusport.fr\/blog\/etoile-de-besseges-2021-profil-des-etapes\/","title":{"rendered":"\u00c9toile de Bess\u00e8ges 2021 : le profil des \u00e9tapes"},"content":{"rendered":"<p style=\"text-align: justify;\"><em><b>CYCLISME SUR ROUTE &#8211; La <a href=\"https:\/\/www.procyclingstats.com\/race\/etoile-de-besseges\/2021\/overview\" target=\"_blank\" rel=\"noopener\">51\u00e8me \u00e9dition de l&rsquo;\u00c9toile de Bess\u00e8ges<\/a> d\u00e9bute ce mercredi 3 f\u00e9vrier et s&rsquo;ach\u00e8vera dimanche. D\u00e9couvrez le profil des \u00e9tapes.<\/b><\/em><\/p>\n<hr \/>\n<h2 style=\"text-align: justify;\">1\u00e8re \u00e9tape : Bellegarde \u2013 Bellegarde (Mercredi 3 f\u00e9vrier)<\/h2>\n<p style=\"text-align: justify;\">\u00c9tape plate d&rsquo;une distance de 144 km.<\/p>\n<div id=\"attachment_103362\" style=\"width: 1460px\" class=\"wp-caption aligncenter\"><a href=\"https:\/\/dicodusport.fr\/blog\/wp-content\/uploads\/2021\/02\/Profil-de-la-1ere-etape-de-lEtoile-de-Besseges-2021.jpg\"><img loading=\"lazy\" decoding=\"async\" aria-describedby=\"caption-attachment-103362\" class=\"wp-image-103362 size-full\" src=\"https:\/\/dicodusport.fr\/blog\/wp-content\/uploads\/2021\/02\/Profil-de-la-1ere-etape-de-lEtoile-de-Besseges-2021.jpg\" alt=\"Profil de la 1\u00e8re \u00e9tape de l'\u00c9toile de Bess\u00e8ges 2021\" width=\"1450\" height=\"625\" srcset=\"https:\/\/dicodusport.fr\/blog\/wp-content\/uploads\/2021\/02\/Profil-de-la-1ere-etape-de-lEtoile-de-Besseges-2021.jpg 1450w, https:\/\/dicodusport.fr\/blog\/wp-content\/uploads\/2021\/02\/Profil-de-la-1ere-etape-de-lEtoile-de-Besseges-2021-300x129.jpg 300w, https:\/\/dicodusport.fr\/blog\/wp-content\/uploads\/2021\/02\/Profil-de-la-1ere-etape-de-lEtoile-de-Besseges-2021-1024x441.jpg 1024w, https:\/\/dicodusport.fr\/blog\/wp-content\/uploads\/2021\/02\/Profil-de-la-1ere-etape-de-lEtoile-de-Besseges-2021-768x331.jpg 768w\" sizes=\"auto, (max-width: 1450px) 100vw, 1450px\" \/><\/a><p id=\"caption-attachment-103362\" class=\"wp-caption-text\">Profil de la 1\u00e8re \u00e9tape de l&rsquo;\u00c9toile de Bess\u00e8ges 2021 &#8211; Via Pro Cycling Stats<\/p><\/div>\n<p style=\"text-align: center;\"><a href=\"http:\/\/dicodusport.fr\/blog\/etoile-de-besseges-2021-profil-des-etapes\/2\/#deux\" class=\"su-button su-button-style-flat\" style=\"color:#FFFFFF;background-color:#005f9b;border-color:#004c7c;border-radius:4px\" target=\"_self\"><span style=\"color:#FFFFFF;padding:0px 20px;font-size:16px;line-height:32px;border-color:#4d8fb9;border-radius:4px;text-shadow:none\"> Deuxi\u00e8me \u00e9tape<\/span><\/a><!--nextpage--><\/p>\n<h2 style=\"text-align: justify;\"><a id=\"deux\"><\/a>2\u00e8me \u00e9tape : Saint-Geni\u00e8s-de-Malgoir\u00e8s &#8211; La Calmette (Jeudi 4 f\u00e9vrier)<\/h2>\n<p style=\"text-align: justify;\">\u00c9tape accident\u00e9e d&rsquo;une distance de 154 km.<\/p>\n<div id=\"attachment_103363\" style=\"width: 1460px\" class=\"wp-caption aligncenter\"><a href=\"https:\/\/dicodusport.fr\/blog\/wp-content\/uploads\/2021\/02\/Profil-de-la-2eme-etape-de-lEtoile-de-Besseges-2021.jpg\"><img loading=\"lazy\" decoding=\"async\" aria-describedby=\"caption-attachment-103363\" class=\"wp-image-103363 size-full\" src=\"https:\/\/dicodusport.fr\/blog\/wp-content\/uploads\/2021\/02\/Profil-de-la-2eme-etape-de-lEtoile-de-Besseges-2021.jpg\" alt=\"Profil de la 2\u00e8me \u00e9tape de l'\u00c9toile de Bess\u00e8ges 2021\" width=\"1450\" height=\"625\" srcset=\"https:\/\/dicodusport.fr\/blog\/wp-content\/uploads\/2021\/02\/Profil-de-la-2eme-etape-de-lEtoile-de-Besseges-2021.jpg 1450w, https:\/\/dicodusport.fr\/blog\/wp-content\/uploads\/2021\/02\/Profil-de-la-2eme-etape-de-lEtoile-de-Besseges-2021-300x129.jpg 300w, https:\/\/dicodusport.fr\/blog\/wp-content\/uploads\/2021\/02\/Profil-de-la-2eme-etape-de-lEtoile-de-Besseges-2021-1024x441.jpg 1024w, https:\/\/dicodusport.fr\/blog\/wp-content\/uploads\/2021\/02\/Profil-de-la-2eme-etape-de-lEtoile-de-Besseges-2021-768x331.jpg 768w\" sizes=\"auto, (max-width: 1450px) 100vw, 1450px\" \/><\/a><p id=\"caption-attachment-103363\" class=\"wp-caption-text\">Profil de la 2\u00e8me \u00e9tape de l&rsquo;\u00c9toile de Bess\u00e8ges 2021 &#8211; Via Pro Cycling Stats<\/p><\/div>\n<p style=\"text-align: center;\"><a href=\"http:\/\/dicodusport.fr\/blog\/etoile-de-besseges-2021-profil-des-etapes\/3\/#trois\" class=\"su-button su-button-style-flat\" style=\"color:#FFFFFF;background-color:#005f9b;border-color:#004c7c;border-radius:4px\" target=\"_self\"><span style=\"color:#FFFFFF;padding:0px 20px;font-size:16px;line-height:32px;border-color:#4d8fb9;border-radius:4px;text-shadow:none\"> Troisi\u00e8me \u00e9tape<\/span><\/a>\n<p><!--nextpage--><\/p>\n<h2 style=\"text-align: justify;\"><a id=\"trois\"><\/a>3\u00e8me \u00e9tape : Bess\u00e8ges &#8211; Bess\u00e8ges (Vendredi 5 f\u00e9vrier)<\/h2>\n<p style=\"text-align: justify;\">\u00c9tape vallonn\u00e9e d&rsquo;une distance de 155 km.<\/p>\n<div id=\"attachment_103364\" style=\"width: 1460px\" class=\"wp-caption aligncenter\"><a href=\"https:\/\/dicodusport.fr\/blog\/wp-content\/uploads\/2021\/02\/Profil-de-la-3eme-etape-de-lEtoile-de-Besseges-2021.jpg\"><img loading=\"lazy\" decoding=\"async\" aria-describedby=\"caption-attachment-103364\" class=\"wp-image-103364 size-full\" src=\"https:\/\/dicodusport.fr\/blog\/wp-content\/uploads\/2021\/02\/Profil-de-la-3eme-etape-de-lEtoile-de-Besseges-2021.jpg\" alt=\"Profil de la 3\u00e8me \u00e9tape de l'\u00c9toile de Bess\u00e8ges 2021\" width=\"1450\" height=\"625\" srcset=\"https:\/\/dicodusport.fr\/blog\/wp-content\/uploads\/2021\/02\/Profil-de-la-3eme-etape-de-lEtoile-de-Besseges-2021.jpg 1450w, https:\/\/dicodusport.fr\/blog\/wp-content\/uploads\/2021\/02\/Profil-de-la-3eme-etape-de-lEtoile-de-Besseges-2021-300x129.jpg 300w, https:\/\/dicodusport.fr\/blog\/wp-content\/uploads\/2021\/02\/Profil-de-la-3eme-etape-de-lEtoile-de-Besseges-2021-1024x441.jpg 1024w, https:\/\/dicodusport.fr\/blog\/wp-content\/uploads\/2021\/02\/Profil-de-la-3eme-etape-de-lEtoile-de-Besseges-2021-768x331.jpg 768w\" sizes=\"auto, (max-width: 1450px) 100vw, 1450px\" \/><\/a><p id=\"caption-attachment-103364\" class=\"wp-caption-text\">Profil de la 3\u00e8me \u00e9tape de l&rsquo;\u00c9toile de Bess\u00e8ges 2021 &#8211; Via Pro Cycling Stats<\/p><\/div>\n<p style=\"text-align: center;\"><a href=\"http:\/\/dicodusport.fr\/blog\/etoile-de-besseges-2021-profil-des-etapes\/4\/#quatre\" class=\"su-button su-button-style-flat\" style=\"color:#FFFFFF;background-color:#005f9b;border-color:#004c7c;border-radius:4px\" target=\"_self\"><span style=\"color:#FFFFFF;padding:0px 20px;font-size:16px;line-height:32px;border-color:#4d8fb9;border-radius:4px;text-shadow:none\"> Quatri\u00e8me \u00e9tape<\/span><\/a>\n<p><!--nextpage--><\/p>\n<h2 style=\"text-align: justify;\"><a id=\"quatre\"><\/a>4\u00e8me \u00e9tape : Rousson &#8211; Saint-Siffret (Samedi 6 f\u00e9vrier)<\/h2>\n<p style=\"text-align: justify;\">\u00c9tape accident\u00e9e d&rsquo;une distance de 152 km.<\/p>\n<div id=\"attachment_103365\" style=\"width: 1460px\" class=\"wp-caption aligncenter\"><a href=\"https:\/\/dicodusport.fr\/blog\/wp-content\/uploads\/2021\/02\/Profil-de-la-4eme-etape-de-lEtoile-de-Besseges-2021.jpg\"><img loading=\"lazy\" decoding=\"async\" aria-describedby=\"caption-attachment-103365\" class=\"wp-image-103365 size-full\" src=\"https:\/\/dicodusport.fr\/blog\/wp-content\/uploads\/2021\/02\/Profil-de-la-4eme-etape-de-lEtoile-de-Besseges-2021.jpg\" alt=\"Profil de la 4\u00e8me \u00e9tape de l'\u00c9toile de Bess\u00e8ges 2021\" width=\"1450\" height=\"625\" data-wp-editing=\"1\" srcset=\"https:\/\/dicodusport.fr\/blog\/wp-content\/uploads\/2021\/02\/Profil-de-la-4eme-etape-de-lEtoile-de-Besseges-2021.jpg 1450w, https:\/\/dicodusport.fr\/blog\/wp-content\/uploads\/2021\/02\/Profil-de-la-4eme-etape-de-lEtoile-de-Besseges-2021-300x129.jpg 300w, https:\/\/dicodusport.fr\/blog\/wp-content\/uploads\/2021\/02\/Profil-de-la-4eme-etape-de-lEtoile-de-Besseges-2021-1024x441.jpg 1024w, https:\/\/dicodusport.fr\/blog\/wp-content\/uploads\/2021\/02\/Profil-de-la-4eme-etape-de-lEtoile-de-Besseges-2021-768x331.jpg 768w\" sizes=\"auto, (max-width: 1450px) 100vw, 1450px\" \/><\/a><p id=\"caption-attachment-103365\" class=\"wp-caption-text\">Profil de la 4\u00e8me \u00e9tape de l&rsquo;\u00c9toile de Bess\u00e8ges 2021 &#8211; Via Pro Cycling Stats<\/p><\/div>\n<p style=\"text-align: center;\"><a href=\"http:\/\/dicodusport.fr\/blog\/etoile-de-besseges-2021-profil-des-etapes\/5\/#cinq\" class=\"su-button su-button-style-flat\" style=\"color:#FFFFFF;background-color:#005f9b;border-color:#004c7c;border-radius:4px\" target=\"_self\"><span style=\"color:#FFFFFF;padding:0px 20px;font-size:16px;line-height:32px;border-color:#4d8fb9;border-radius:4px;text-shadow:none\"> Cinqui\u00e8me \u00e9tape<\/span><\/a>\n<p><!--nextpage--><\/p>\n<h2 style=\"text-align: justify;\"><a id=\"cinq\"><\/a>5\u00e8me \u00e9tape &#8211; CLM Individuel : Al\u00e8s &#8211; Al\u00e8s (Dimanche 7 f\u00e9vrier)<\/h2>\n<p style=\"text-align: justify;\">CLM individuel d&rsquo;une distance de 11 km.<\/p>\n<div id=\"attachment_103366\" style=\"width: 1260px\" class=\"wp-caption aligncenter\"><a href=\"https:\/\/dicodusport.fr\/blog\/wp-content\/uploads\/2021\/02\/Profil-de-la-5eme-etape-de-lEtoile-de-Besseges-2021.jpg\"><img loading=\"lazy\" decoding=\"async\" aria-describedby=\"caption-attachment-103366\" class=\"wp-image-103366 size-full\" src=\"https:\/\/dicodusport.fr\/blog\/wp-content\/uploads\/2021\/02\/Profil-de-la-5eme-etape-de-lEtoile-de-Besseges-2021.jpg\" alt=\"Profil de la 5\u00e8me \u00e9tape de l'\u00c9toile de Bess\u00e8ges 2021\" width=\"1250\" height=\"625\" srcset=\"https:\/\/dicodusport.fr\/blog\/wp-content\/uploads\/2021\/02\/Profil-de-la-5eme-etape-de-lEtoile-de-Besseges-2021.jpg 1250w, https:\/\/dicodusport.fr\/blog\/wp-content\/uploads\/2021\/02\/Profil-de-la-5eme-etape-de-lEtoile-de-Besseges-2021-300x150.jpg 300w, https:\/\/dicodusport.fr\/blog\/wp-content\/uploads\/2021\/02\/Profil-de-la-5eme-etape-de-lEtoile-de-Besseges-2021-1024x512.jpg 1024w, https:\/\/dicodusport.fr\/blog\/wp-content\/uploads\/2021\/02\/Profil-de-la-5eme-etape-de-lEtoile-de-Besseges-2021-768x384.jpg 768w\" sizes=\"auto, (max-width: 1250px) 100vw, 1250px\" \/><\/a><p id=\"caption-attachment-103366\" class=\"wp-caption-text\">Profil de la 5\u00e8me \u00e9tape de l&rsquo;\u00c9toile de Bess\u00e8ges 2021 &#8211; Via Pro Cycling Stats<\/p><\/div>\n<p style=\"text-align: center;\"><a href=\"http:\/\/dicodusport.fr\/blog\/etoile-de-besseges-2021-profil-des-etapes\" class=\"su-button su-button-style-flat\" style=\"color:#FFFFFF;background-color:#005f9b;border-color:#004c7c;border-radius:4px\" target=\"_self\"><span style=\"color:#FFFFFF;padding:0px 20px;font-size:16px;line-height:32px;border-color:#4d8fb9;border-radius:4px;text-shadow:none\"> Revenir au d\u00e9but<\/span><\/a>\n<h2 style=\"text-align: justify;\">\u00c0 lire aussi<\/h2>\n<ul>\n<li style=\"text-align: justify;\"><strong><a href=\"https:\/\/dicodusport.fr\/blog\/etoile-de-besseges-2021-le-parcours-en-detail\/\" target=\"_blank\" rel=\"noopener\">\u00c9toile de Bess\u00e8ges 2021 : le parcours dans le d\u00e9tail<\/a><\/strong><\/li>\n<li style=\"text-align: justify;\"><a href=\"https:\/\/dicodusport.fr\/blog\/etoile-de-besseges-2021-la-liste-des-engages\/\" target=\"_blank\" rel=\"noopener\"><strong>\u00c9toile de Bess\u00e8ges 2021 : la liste des engag\u00e9s<\/strong><\/a><\/li>\n<\/ul>\n<p><strong><em>Dicodusport<br \/>\n<a href=\"https:\/\/www.facebook.com\/dicodusport\/\" target=\"_blank\" rel=\"noopener noreferrer\"><img loading=\"lazy\" decoding=\"async\" class=\"alignnone wp-image-2909\" src=\"http:\/\/dicodusport.fr\/blog\/wp-content\/uploads\/2017\/07\/logo-facebook-150x150.png\" alt=\"\" width=\"40\" height=\"40\" \/><\/a><a href=\"https:\/\/twitter.com\/dicodusport\" target=\"_blank\" rel=\"noopener noreferrer\"><img loading=\"lazy\" decoding=\"async\" class=\"alignnone wp-image-2908\" src=\"http:\/\/dicodusport.fr\/blog\/wp-content\/uploads\/2017\/07\/logo-twitter-150x150.png\" alt=\"\" width=\"39\" height=\"39\" \/><\/a><\/em><\/strong><\/p>\n<p>&nbsp;<\/p>\n<p style=\"text-align: center;\">\n","protected":false},"excerpt":{"rendered":"<p>CYCLISME SUR ROUTE &#8211; La 51\u00e8me \u00e9dition de l&rsquo;\u00c9toile de Bess\u00e8ges d\u00e9bute ce mercredi 3 f\u00e9vrier et s&rsquo;ach\u00e8vera dimanche. D\u00e9couvrez le profil des \u00e9tapes.<\/p>\n","protected":false},"author":4,"featured_media":103377,"comment_status":"open","ping_status":"closed","sticky":false,"template":"","format":"standard","meta":{"_acf_changed":false,"_daextam_enable_autolinks":"","footnotes":""},"categories":[2307],"tags":[574,3645],"class_list":["post-103337","post","type-post","status-publish","format-standard","has-post-thumbnail","hentry","category-cyclisme","tag-cyclisme","tag-etoile-de-besseges"],"acf":[],"yoast_head":"<!-- This site is optimized with the Yoast SEO Premium plugin v26.7 (Yoast SEO v26.7) - https:\/\/yoast.com\/wordpress\/plugins\/seo\/ -->\n<title>\u00c9toile de Bess\u00e8ges 2021 : le profil des \u00e9tapes<\/title>\n<meta name=\"description\" content=\"CYCLISME SUR ROUTE - La 51\u00e8me \u00e9dition de l&#039;\u00c9toile de Bess\u00e8ges d\u00e9bute ce mercredi 3 f\u00e9vrier et s&#039;ach\u00e8vera dimanche. D\u00e9couvrez le profil des \u00e9tapes.\" \/>\n<meta name=\"robots\" content=\"index, follow, max-snippet:-1, max-image-preview:large, max-video-preview:-1\" \/>\n<link rel=\"canonical\" href=\"https:\/\/dicodusport.fr\/blog\/etoile-de-besseges-2021-profil-des-etapes\/\" \/>\n<link rel=\"next\" href=\"https:\/\/dicodusport.fr\/blog\/etoile-de-besseges-2021-profil-des-etapes\/2\/\" \/>\n<meta property=\"og:locale\" content=\"fr_FR\" \/>\n<meta property=\"og:type\" content=\"article\" \/>\n<meta property=\"og:title\" content=\"\u00c9toile de Bess\u00e8ges 2021 : le profil des \u00e9tapes\" \/>\n<meta property=\"og:description\" content=\"CYCLISME SUR ROUTE - La 51\u00e8me \u00e9dition de l&#039;\u00c9toile de Bess\u00e8ges d\u00e9bute ce mercredi 3 f\u00e9vrier et s&#039;ach\u00e8vera dimanche. D\u00e9couvrez le profil des \u00e9tapes.\" \/>\n<meta property=\"og:url\" content=\"https:\/\/dicodusport.fr\/blog\/etoile-de-besseges-2021-profil-des-etapes\/\" \/>\n<meta property=\"og:site_name\" content=\"Dicodusport\" \/>\n<meta property=\"article:publisher\" content=\"https:\/\/www.facebook.com\/dicodusport\" \/>\n<meta property=\"article:author\" content=\"https:\/\/www.facebook.com\/florent.ostermann\" \/>\n<meta property=\"article:published_time\" content=\"2021-02-02T10:41:24+00:00\" \/>\n<meta property=\"article:modified_time\" content=\"2021-02-03T12:09:05+00:00\" \/>\n<meta property=\"og:image\" content=\"https:\/\/dicodusport.fr\/blog\/wp-content\/uploads\/2021\/02\/Etoile-de-Besseges-2021-Le-profil-des-etapes.png\" \/>\n\t<meta property=\"og:image:width\" content=\"1200\" \/>\n\t<meta property=\"og:image:height\" content=\"670\" \/>\n\t<meta property=\"og:image:type\" content=\"image\/png\" \/>\n<meta name=\"author\" content=\"Flo Ostermann\" \/>\n<meta name=\"twitter:card\" content=\"summary_large_image\" \/>\n<meta name=\"twitter:title\" content=\"\u00c9toile de Bess\u00e8ges 2021 : le profil des \u00e9tapes\" \/>\n<meta name=\"twitter:creator\" content=\"@https:\/\/twitter.com\/FlOstermann\" \/>\n<meta name=\"twitter:site\" content=\"@dicodusport\" \/>\n<script type=\"application\/ld+json\" class=\"yoast-schema-graph\">{\"@context\":\"https:\/\/schema.org\",\"@graph\":[{\"@type\":\"NewsArticle\",\"@id\":\"https:\/\/dicodusport.fr\/blog\/etoile-de-besseges-2021-profil-des-etapes\/#article\",\"isPartOf\":{\"@id\":\"https:\/\/dicodusport.fr\/blog\/etoile-de-besseges-2021-profil-des-etapes\/\"},\"author\":{\"name\":\"Flo Ostermann\",\"@id\":\"https:\/\/dicodusport.fr\/blog\/#\/schema\/person\/cb02af4c173ce4a653b55e9baf388d4a\"},\"headline\":\"\u00c9toile de Bess\u00e8ges 2021 : le profil des \u00e9tapes\",\"datePublished\":\"2021-02-02T10:41:24+00:00\",\"dateModified\":\"2021-02-03T12:09:05+00:00\",\"mainEntityOfPage\":{\"@id\":\"https:\/\/dicodusport.fr\/blog\/etoile-de-besseges-2021-profil-des-etapes\/\"},\"wordCount\":373,\"commentCount\":0,\"publisher\":{\"@id\":\"https:\/\/dicodusport.fr\/blog\/#organization\"},\"image\":{\"@id\":\"https:\/\/dicodusport.fr\/blog\/etoile-de-besseges-2021-profil-des-etapes\/#primaryimage\"},\"thumbnailUrl\":\"https:\/\/dicodusport.fr\/blog\/wp-content\/uploads\/2021\/02\/Etoile-de-Besseges-2021-Le-profil-des-etapes.png\",\"keywords\":[\"Cyclisme\",\"Etoile de Bess\u00e8ges\"],\"articleSection\":[\"Cyclisme\"],\"inLanguage\":\"fr-FR\",\"potentialAction\":[{\"@type\":\"CommentAction\",\"name\":\"Comment\",\"target\":[\"https:\/\/dicodusport.fr\/blog\/etoile-de-besseges-2021-profil-des-etapes\/#respond\"]}],\"copyrightYear\":\"2021\",\"copyrightHolder\":{\"@id\":\"https:\/\/dicodusport.fr\/blog\/#organization\"}},{\"@type\":\"WebPage\",\"@id\":\"https:\/\/dicodusport.fr\/blog\/etoile-de-besseges-2021-profil-des-etapes\/\",\"url\":\"https:\/\/dicodusport.fr\/blog\/etoile-de-besseges-2021-profil-des-etapes\/\",\"name\":\"\u00c9toile de Bess\u00e8ges 2021 : le profil des \u00e9tapes\",\"isPartOf\":{\"@id\":\"https:\/\/dicodusport.fr\/blog\/#website\"},\"primaryImageOfPage\":{\"@id\":\"https:\/\/dicodusport.fr\/blog\/etoile-de-besseges-2021-profil-des-etapes\/#primaryimage\"},\"image\":{\"@id\":\"https:\/\/dicodusport.fr\/blog\/etoile-de-besseges-2021-profil-des-etapes\/#primaryimage\"},\"thumbnailUrl\":\"https:\/\/dicodusport.fr\/blog\/wp-content\/uploads\/2021\/02\/Etoile-de-Besseges-2021-Le-profil-des-etapes.png\",\"datePublished\":\"2021-02-02T10:41:24+00:00\",\"dateModified\":\"2021-02-03T12:09:05+00:00\",\"description\":\"CYCLISME SUR ROUTE - La 51\u00e8me \u00e9dition de l'\u00c9toile de Bess\u00e8ges d\u00e9bute ce mercredi 3 f\u00e9vrier et s'ach\u00e8vera dimanche. D\u00e9couvrez le profil des \u00e9tapes.\",\"inLanguage\":\"fr-FR\",\"potentialAction\":[{\"@type\":\"ReadAction\",\"target\":[\"https:\/\/dicodusport.fr\/blog\/etoile-de-besseges-2021-profil-des-etapes\/\"]}]},{\"@type\":\"ImageObject\",\"inLanguage\":\"fr-FR\",\"@id\":\"https:\/\/dicodusport.fr\/blog\/etoile-de-besseges-2021-profil-des-etapes\/#primaryimage\",\"url\":\"https:\/\/dicodusport.fr\/blog\/wp-content\/uploads\/2021\/02\/Etoile-de-Besseges-2021-Le-profil-des-etapes.png\",\"contentUrl\":\"https:\/\/dicodusport.fr\/blog\/wp-content\/uploads\/2021\/02\/Etoile-de-Besseges-2021-Le-profil-des-etapes.png\",\"width\":1200,\"height\":670,\"caption\":\"\u00c9toile de Bess\u00e8ges 2021 - Le profil des \u00e9tapes\"},{\"@type\":\"WebSite\",\"@id\":\"https:\/\/dicodusport.fr\/blog\/#website\",\"url\":\"https:\/\/dicodusport.fr\/blog\/\",\"name\":\"Dicodusport\",\"description\":\"L&#039;encyclop\u00e9die de l&#039;actualit\u00e9 sportive\",\"publisher\":{\"@id\":\"https:\/\/dicodusport.fr\/blog\/#organization\"},\"potentialAction\":[{\"@type\":\"SearchAction\",\"target\":{\"@type\":\"EntryPoint\",\"urlTemplate\":\"https:\/\/dicodusport.fr\/blog\/?s={search_term_string}\"},\"query-input\":{\"@type\":\"PropertyValueSpecification\",\"valueRequired\":true,\"valueName\":\"search_term_string\"}}],\"inLanguage\":\"fr-FR\"},{\"@type\":\"NewsMediaOrganization\",\"@id\":\"https:\/\/dicodusport.fr\/blog\/#organization\",\"name\":\"Dicodusport\",\"url\":\"https:\/\/dicodusport.fr\/blog\/\",\"logo\":{\"@type\":\"ImageObject\",\"inLanguage\":\"fr-FR\",\"@id\":\"https:\/\/dicodusport.fr\/blog\/#\/schema\/logo\/image\/\",\"url\":\"https:\/\/dicodusport.fr\/blog\/wp-content\/uploads\/2020\/06\/cropped-LOGO-DICODUSPORT-2020-SANS-FOND-SANS-TEXTE.png\",\"contentUrl\":\"https:\/\/dicodusport.fr\/blog\/wp-content\/uploads\/2020\/06\/cropped-LOGO-DICODUSPORT-2020-SANS-FOND-SANS-TEXTE.png\",\"width\":512,\"height\":512,\"caption\":\"Dicodusport\"},\"image\":{\"@id\":\"https:\/\/dicodusport.fr\/blog\/#\/schema\/logo\/image\/\"},\"sameAs\":[\"https:\/\/www.facebook.com\/dicodusport\",\"https:\/\/x.com\/dicodusport\",\"https:\/\/www.instagram.com\/dicodusport\/\",\"https:\/\/www.youtube.com\/channel\/UC7V2KZ5sd3htJivAbA4ZG3w\"],\"description\":\"Dicodusport est l'encyclop\u00e9die de l'actualit\u00e9 sportive.\",\"email\":\"bonjour@dicodusport.fr\",\"legalName\":\"DICODUSPORT\",\"foundingDate\":\"2018-01-14\",\"vatID\":\"FR71834470973\",\"taxID\":\"83447097300043\",\"numberOfEmployees\":{\"@type\":\"QuantitativeValue\",\"minValue\":\"1\",\"maxValue\":\"10\"}},{\"@type\":\"Person\",\"@id\":\"https:\/\/dicodusport.fr\/blog\/#\/schema\/person\/cb02af4c173ce4a653b55e9baf388d4a\",\"name\":\"Flo Ostermann\",\"image\":{\"@type\":\"ImageObject\",\"inLanguage\":\"fr-FR\",\"@id\":\"https:\/\/dicodusport.fr\/blog\/#\/schema\/person\/image\/\",\"url\":\"https:\/\/dicodusport.fr\/blog\/wp-content\/uploads\/2021\/05\/Flo-Ostermann-150x150.jpg\",\"contentUrl\":\"https:\/\/dicodusport.fr\/blog\/wp-content\/uploads\/2021\/05\/Flo-Ostermann-150x150.jpg\",\"caption\":\"Flo Ostermann\"},\"description\":\"Journaliste\/R\u00e9dacteur depuis septembre 2015 - Mes premiers souvenirs dans le sport ? Les envol\u00e9es du Stade Toulousain et les duels Villeneuve-Schumacher et H\u00e4kkinen-Schumacher \u00e0 la fin des ann\u00e9es 90, la Coupe du monde de football en 1998, l\u2019exploit du XV de France face aux All Blacks en 1999, mais aussi Richard C\u0153ur de Lion qui vole sur les montagnes du Tour de France. Bien parti pour devenir professeur d\u2019EPS, les \u00e9v\u00e9nements de la vie (et la flemme d\u2019animer des s\u00e9ances de 3x500 m\u00e8tres toute ma vie) m\u2019ont conduit \u00e0 revoir mes plans. Me voil\u00e0 depuis fin 2017 sur Dicodusport, m\u00e9dia gr\u00e2ce (et pour) lequel je partage ma passion : le sport dans tous ses \u00e9tats. Le tout accompagn\u00e9 par les fous furieux et folles furieuses cit\u00e9s sur cette page !\",\"sameAs\":[\"https:\/\/www.facebook.com\/florent.ostermann\",\"https:\/\/x.com\/https:\/\/twitter.com\/FlOstermann\",\"admin\"],\"url\":\"https:\/\/dicodusport.fr\/blog\/author\/flo\/\"}]}<\/script>\n<!-- \/ Yoast SEO Premium plugin. -->","yoast_head_json":{"title":"\u00c9toile de Bess\u00e8ges 2021 : le profil des \u00e9tapes","description":"CYCLISME SUR ROUTE - La 51\u00e8me \u00e9dition de l'\u00c9toile de Bess\u00e8ges d\u00e9bute ce mercredi 3 f\u00e9vrier et s'ach\u00e8vera dimanche. D\u00e9couvrez le profil des \u00e9tapes.","robots":{"index":"index","follow":"follow","max-snippet":"max-snippet:-1","max-image-preview":"max-image-preview:large","max-video-preview":"max-video-preview:-1"},"canonical":"https:\/\/dicodusport.fr\/blog\/etoile-de-besseges-2021-profil-des-etapes\/","next":"https:\/\/dicodusport.fr\/blog\/etoile-de-besseges-2021-profil-des-etapes\/2\/","og_locale":"fr_FR","og_type":"article","og_title":"\u00c9toile de Bess\u00e8ges 2021 : le profil des \u00e9tapes","og_description":"CYCLISME SUR ROUTE - La 51\u00e8me \u00e9dition de l'\u00c9toile de Bess\u00e8ges d\u00e9bute ce mercredi 3 f\u00e9vrier et s'ach\u00e8vera dimanche. D\u00e9couvrez le profil des \u00e9tapes.","og_url":"https:\/\/dicodusport.fr\/blog\/etoile-de-besseges-2021-profil-des-etapes\/","og_site_name":"Dicodusport","article_publisher":"https:\/\/www.facebook.com\/dicodusport","article_author":"https:\/\/www.facebook.com\/florent.ostermann","article_published_time":"2021-02-02T10:41:24+00:00","article_modified_time":"2021-02-03T12:09:05+00:00","og_image":[{"width":1200,"height":670,"url":"https:\/\/dicodusport.fr\/blog\/wp-content\/uploads\/2021\/02\/Etoile-de-Besseges-2021-Le-profil-des-etapes.png","type":"image\/png"}],"author":"Flo Ostermann","twitter_card":"summary_large_image","twitter_title":"\u00c9toile de Bess\u00e8ges 2021 : le profil des \u00e9tapes","twitter_creator":"@https:\/\/twitter.com\/FlOstermann","twitter_site":"@dicodusport","schema":{"@context":"https:\/\/schema.org","@graph":[{"@type":"NewsArticle","@id":"https:\/\/dicodusport.fr\/blog\/etoile-de-besseges-2021-profil-des-etapes\/#article","isPartOf":{"@id":"https:\/\/dicodusport.fr\/blog\/etoile-de-besseges-2021-profil-des-etapes\/"},"author":{"name":"Flo Ostermann","@id":"https:\/\/dicodusport.fr\/blog\/#\/schema\/person\/cb02af4c173ce4a653b55e9baf388d4a"},"headline":"\u00c9toile de Bess\u00e8ges 2021 : le profil des \u00e9tapes","datePublished":"2021-02-02T10:41:24+00:00","dateModified":"2021-02-03T12:09:05+00:00","mainEntityOfPage":{"@id":"https:\/\/dicodusport.fr\/blog\/etoile-de-besseges-2021-profil-des-etapes\/"},"wordCount":373,"commentCount":0,"publisher":{"@id":"https:\/\/dicodusport.fr\/blog\/#organization"},"image":{"@id":"https:\/\/dicodusport.fr\/blog\/etoile-de-besseges-2021-profil-des-etapes\/#primaryimage"},"thumbnailUrl":"https:\/\/dicodusport.fr\/blog\/wp-content\/uploads\/2021\/02\/Etoile-de-Besseges-2021-Le-profil-des-etapes.png","keywords":["Cyclisme","Etoile de Bess\u00e8ges"],"articleSection":["Cyclisme"],"inLanguage":"fr-FR","potentialAction":[{"@type":"CommentAction","name":"Comment","target":["https:\/\/dicodusport.fr\/blog\/etoile-de-besseges-2021-profil-des-etapes\/#respond"]}],"copyrightYear":"2021","copyrightHolder":{"@id":"https:\/\/dicodusport.fr\/blog\/#organization"}},{"@type":"WebPage","@id":"https:\/\/dicodusport.fr\/blog\/etoile-de-besseges-2021-profil-des-etapes\/","url":"https:\/\/dicodusport.fr\/blog\/etoile-de-besseges-2021-profil-des-etapes\/","name":"\u00c9toile de Bess\u00e8ges 2021 : le profil des \u00e9tapes","isPartOf":{"@id":"https:\/\/dicodusport.fr\/blog\/#website"},"primaryImageOfPage":{"@id":"https:\/\/dicodusport.fr\/blog\/etoile-de-besseges-2021-profil-des-etapes\/#primaryimage"},"image":{"@id":"https:\/\/dicodusport.fr\/blog\/etoile-de-besseges-2021-profil-des-etapes\/#primaryimage"},"thumbnailUrl":"https:\/\/dicodusport.fr\/blog\/wp-content\/uploads\/2021\/02\/Etoile-de-Besseges-2021-Le-profil-des-etapes.png","datePublished":"2021-02-02T10:41:24+00:00","dateModified":"2021-02-03T12:09:05+00:00","description":"CYCLISME SUR ROUTE - La 51\u00e8me \u00e9dition de l'\u00c9toile de Bess\u00e8ges d\u00e9bute ce mercredi 3 f\u00e9vrier et s'ach\u00e8vera dimanche. D\u00e9couvrez le profil des \u00e9tapes.","inLanguage":"fr-FR","potentialAction":[{"@type":"ReadAction","target":["https:\/\/dicodusport.fr\/blog\/etoile-de-besseges-2021-profil-des-etapes\/"]}]},{"@type":"ImageObject","inLanguage":"fr-FR","@id":"https:\/\/dicodusport.fr\/blog\/etoile-de-besseges-2021-profil-des-etapes\/#primaryimage","url":"https:\/\/dicodusport.fr\/blog\/wp-content\/uploads\/2021\/02\/Etoile-de-Besseges-2021-Le-profil-des-etapes.png","contentUrl":"https:\/\/dicodusport.fr\/blog\/wp-content\/uploads\/2021\/02\/Etoile-de-Besseges-2021-Le-profil-des-etapes.png","width":1200,"height":670,"caption":"\u00c9toile de Bess\u00e8ges 2021 - Le profil des \u00e9tapes"},{"@type":"WebSite","@id":"https:\/\/dicodusport.fr\/blog\/#website","url":"https:\/\/dicodusport.fr\/blog\/","name":"Dicodusport","description":"L&#039;encyclop\u00e9die de l&#039;actualit\u00e9 sportive","publisher":{"@id":"https:\/\/dicodusport.fr\/blog\/#organization"},"potentialAction":[{"@type":"SearchAction","target":{"@type":"EntryPoint","urlTemplate":"https:\/\/dicodusport.fr\/blog\/?s={search_term_string}"},"query-input":{"@type":"PropertyValueSpecification","valueRequired":true,"valueName":"search_term_string"}}],"inLanguage":"fr-FR"},{"@type":"NewsMediaOrganization","@id":"https:\/\/dicodusport.fr\/blog\/#organization","name":"Dicodusport","url":"https:\/\/dicodusport.fr\/blog\/","logo":{"@type":"ImageObject","inLanguage":"fr-FR","@id":"https:\/\/dicodusport.fr\/blog\/#\/schema\/logo\/image\/","url":"https:\/\/dicodusport.fr\/blog\/wp-content\/uploads\/2020\/06\/cropped-LOGO-DICODUSPORT-2020-SANS-FOND-SANS-TEXTE.png","contentUrl":"https:\/\/dicodusport.fr\/blog\/wp-content\/uploads\/2020\/06\/cropped-LOGO-DICODUSPORT-2020-SANS-FOND-SANS-TEXTE.png","width":512,"height":512,"caption":"Dicodusport"},"image":{"@id":"https:\/\/dicodusport.fr\/blog\/#\/schema\/logo\/image\/"},"sameAs":["https:\/\/www.facebook.com\/dicodusport","https:\/\/x.com\/dicodusport","https:\/\/www.instagram.com\/dicodusport\/","https:\/\/www.youtube.com\/channel\/UC7V2KZ5sd3htJivAbA4ZG3w"],"description":"Dicodusport est l'encyclop\u00e9die de l'actualit\u00e9 sportive.","email":"bonjour@dicodusport.fr","legalName":"DICODUSPORT","foundingDate":"2018-01-14","vatID":"FR71834470973","taxID":"83447097300043","numberOfEmployees":{"@type":"QuantitativeValue","minValue":"1","maxValue":"10"}},{"@type":"Person","@id":"https:\/\/dicodusport.fr\/blog\/#\/schema\/person\/cb02af4c173ce4a653b55e9baf388d4a","name":"Flo Ostermann","image":{"@type":"ImageObject","inLanguage":"fr-FR","@id":"https:\/\/dicodusport.fr\/blog\/#\/schema\/person\/image\/","url":"https:\/\/dicodusport.fr\/blog\/wp-content\/uploads\/2021\/05\/Flo-Ostermann-150x150.jpg","contentUrl":"https:\/\/dicodusport.fr\/blog\/wp-content\/uploads\/2021\/05\/Flo-Ostermann-150x150.jpg","caption":"Flo Ostermann"},"description":"Journaliste\/R\u00e9dacteur depuis septembre 2015 - Mes premiers souvenirs dans le sport ? Les envol\u00e9es du Stade Toulousain et les duels Villeneuve-Schumacher et H\u00e4kkinen-Schumacher \u00e0 la fin des ann\u00e9es 90, la Coupe du monde de football en 1998, l\u2019exploit du XV de France face aux All Blacks en 1999, mais aussi Richard C\u0153ur de Lion qui vole sur les montagnes du Tour de France. Bien parti pour devenir professeur d\u2019EPS, les \u00e9v\u00e9nements de la vie (et la flemme d\u2019animer des s\u00e9ances de 3x500 m\u00e8tres toute ma vie) m\u2019ont conduit \u00e0 revoir mes plans. Me voil\u00e0 depuis fin 2017 sur Dicodusport, m\u00e9dia gr\u00e2ce (et pour) lequel je partage ma passion : le sport dans tous ses \u00e9tats. Le tout accompagn\u00e9 par les fous furieux et folles furieuses cit\u00e9s sur cette page !","sameAs":["https:\/\/www.facebook.com\/florent.ostermann","https:\/\/x.com\/https:\/\/twitter.com\/FlOstermann","admin"],"url":"https:\/\/dicodusport.fr\/blog\/author\/flo\/"}]}},"_links":{"self":[{"href":"https:\/\/dicodusport.fr\/blog\/wp-json\/wp\/v2\/posts\/103337","targetHints":{"allow":["GET"]}}],"collection":[{"href":"https:\/\/dicodusport.fr\/blog\/wp-json\/wp\/v2\/posts"}],"about":[{"href":"https:\/\/dicodusport.fr\/blog\/wp-json\/wp\/v2\/types\/post"}],"author":[{"embeddable":true,"href":"https:\/\/dicodusport.fr\/blog\/wp-json\/wp\/v2\/users\/4"}],"replies":[{"embeddable":true,"href":"https:\/\/dicodusport.fr\/blog\/wp-json\/wp\/v2\/comments?post=103337"}],"version-history":[{"count":0,"href":"https:\/\/dicodusport.fr\/blog\/wp-json\/wp\/v2\/posts\/103337\/revisions"}],"wp:featuredmedia":[{"embeddable":true,"href":"https:\/\/dicodusport.fr\/blog\/wp-json\/wp\/v2\/media\/103377"}],"wp:attachment":[{"href":"https:\/\/dicodusport.fr\/blog\/wp-json\/wp\/v2\/media?parent=103337"}],"wp:term":[{"taxonomy":"category","embeddable":true,"href":"https:\/\/dicodusport.fr\/blog\/wp-json\/wp\/v2\/categories?post=103337"},{"taxonomy":"post_tag","embeddable":true,"href":"https:\/\/dicodusport.fr\/blog\/wp-json\/wp\/v2\/tags?post=103337"}],"curies":[{"name":"wp","href":"https:\/\/api.w.org\/{rel}","templated":true}]}}