{"id":103435,"date":"2021-02-02T16:10:12","date_gmt":"2021-02-02T15:10:12","guid":{"rendered":"https:\/\/dicodusport.fr\/blog\/?p=103435&#038;preview=true&#038;preview_id=103435"},"modified":"2021-02-02T17:00:43","modified_gmt":"2021-02-02T16:00:43","slug":"football-retour-sur-un-mercato-d-hiver-essouffle","status":"publish","type":"post","link":"https:\/\/dicodusport.fr\/blog\/football-retour-sur-un-mercato-d-hiver-essouffle\/","title":{"rendered":"Retour sur un mercato d&rsquo;hiver essouffl\u00e9"},"content":{"rendered":"<p style=\"text-align: justify;\"><strong><em>C&rsquo;est termin\u00e9, le mercato d&rsquo;hiver 2021 vient de s&rsquo;achever et ce n&rsquo;est pas plus mal, tant il aura \u00e9t\u00e9 laborieux. Un mercato frapp\u00e9 de plein fouet par la crise et en baisse de 80% par rapport \u00e0 l&rsquo;ann\u00e9e derni\u00e8re.<\/em><\/strong><\/p>\n<p style=\"text-align: justify;\">Jamais tr\u00e8s attractif compar\u00e9 \u00e0 celui de l&rsquo;\u00e9t\u00e9, le mercato d&rsquo;hiver a \u00e9t\u00e9 particuli\u00e8rement tranquille cette ann\u00e9e, ne fr\u00e9tillant que ces derniers jours, avant la cl\u00f4ture. La crise sanitaire mondiale y est fortement pour quelque chose, puisque les clubs ont vu leurs recettes fondre comme neige au soleil. <strong>Le CEIS, observatoire du football, a ainsi \u00e9tabli que ce mercato est revenu au niveau de celui de l&rsquo;ann\u00e9e 2012 en termes d&rsquo;\u00e9changes, passant de 1298 millions d&rsquo;euros \u00e0 seulement 295 millions d&rsquo;euros<\/strong>. Le dynamiteur anglais est lui aussi rest\u00e9 sage, avec seulement 100 millions d\u00e9pens\u00e9s, alors que la Liga fait grise mine, se pla\u00e7ant derri\u00e8re la Ligue 1 avec 25 millions d&rsquo;euros de transferts.<\/p>\n<blockquote class=\"twitter-tweet\">\n<p dir=\"ltr\" lang=\"en\">Drastic drop in big-5 league clubs transfer expenditure &#x23ec; &#x2796;8&#x20e3;0&#x20e3;% compared to same period in 2020 &#x1fa82; From &#x2796;7&#x20e3;0&#x20e3;% in the <a href=\"https:\/\/twitter.com\/premierleague?ref_src=twsrc%5Etfw\">@premierleague<\/a> &#x1f3f4;&#xe0067;&#xe0062;&#xe0065;&#xe006e;&#xe0067;&#xe007f; to &#x2796;9&#x20e3;0&#x20e3;% in <a href=\"https:\/\/twitter.com\/LaLiga?ref_src=twsrc%5Etfw\">@LaLiga<\/a> &#x1f1ea;&#x1f1f8; Record low since 2012 &#x1f62e; More exclusive <a href=\"https:\/\/twitter.com\/CIES_Football?ref_src=twsrc%5Etfw\">@CIES_Football<\/a> data &#x27a1;&#xfe0f; <a href=\"https:\/\/t.co\/2cuyvabijJ\">https:\/\/t.co\/2cuyvabijJ<\/a> <a href=\"https:\/\/t.co\/MG8x1MrJNf\">pic.twitter.com\/MG8x1MrJNf<\/a><\/p>\n<p>\u2014 CIES Football Obs (@CIES_Football) <a href=\"https:\/\/twitter.com\/CIES_Football\/status\/1356531793516777472?ref_src=twsrc%5Etfw\">February 2, 2021<\/a><\/p><\/blockquote>\n<p style=\"text-align: justify;\"><script async src=\"https:\/\/platform.twitter.com\/widgets.js\" charset=\"utf-8\"><\/script><\/p>\n<h2>Le pr\u00eat avec option d&rsquo;achat, la nouvelle mode<\/h2>\n<p style=\"text-align: justify;\">Les clubs ont us\u00e9 d&rsquo;une alternative qui se d\u00e9veloppe de plus en plus, le pr\u00eat avec option d&rsquo;achat. Souvent obligatoire et soumis \u00e0 certains imp\u00e9ratifs sportifs, il permet aux clubs de d\u00e9caler la sortie de tr\u00e9sorerie, en esp\u00e9rant donc une sortie de crise. Chez nous, en France o\u00f9 la situation sanitaire est doubl\u00e9e d&rsquo;une crise concernant les droits TV, les clubs sont rest\u00e9s plut\u00f4t sages, \u00e0 l&rsquo;exception de certains qui en ont profit\u00e9 pour essayer de se renforcer. L&rsquo;OM a \u00e9t\u00e9 actif avec des d\u00e9parts, dont le transfert sec de <strong>Sanson<\/strong> \u00e0 Aston Villa qui a fait du bien aux caisses, ou les d\u00e9parts des d\u00e9ceptions <strong>Strootman<\/strong>, <strong>Radonjic<\/strong> et <strong>Mitroglou<\/strong>. Le club marseillais a ainsi r\u00e9cup\u00e9r\u00e9 l&rsquo;attaquant <strong>Milik<\/strong>, le d\u00e9fenseur espagnol <strong>Pol Lirola<\/strong> et sur le fil, le milieu du Celtic Glasgow, <strong>Olivier Ntcham<\/strong>.<\/p>\n<p style=\"text-align: justify;\">Plus in\u00e9dit, Marseille a effectu\u00e9 un \u00e9change de joueurs entre <strong>Ake<\/strong> qui file \u00e0 la Juve contre le jeune <strong>Tongya<\/strong> qui arrive en France. Une situation o\u00f9 les deux clubs vont encaisser le m\u00eame montant, mais qui ne creuse pas la caisse. Monaco a cass\u00e9 sa tirelire pour <strong>Krepin Diatta<\/strong> et a r\u00e9alis\u00e9 le transfert le plus on\u00e9reux en France, avec 16 millions d&rsquo;euros investis. Bordeaux a r\u00e9ussi un joli coup en attirant <strong>Seri<\/strong> qui s&rsquo;\u00e9tait un peu perdu. Nice en a profit\u00e9 pour reb\u00e2tir sa d\u00e9fense en attirant en pr\u00eat les jeunes <strong>Saliba<\/strong> et <strong>Todibo<\/strong>. Beaucoup de clubs sont eux rest\u00e9s au statut quo, se contentant de l&rsquo;effectif et pla\u00e7ant leurs espoirs de renouveau \u00e0 l&rsquo;\u00e9t\u00e9 prochain.<\/p>\n<p style=\"text-align: justify;\">Pour le reste de l&rsquo;Europe, c&rsquo;est \u00e0 peu pr\u00e8s le m\u00eame cas de figure. L&rsquo;Angleterre n&rsquo;a pas r\u00e9alis\u00e9 de transferts d\u00e9lirants alors que l&rsquo;Allemagne et l&rsquo;Italie ont surtout privil\u00e9gi\u00e9 des \u00e9changes avec des championnats dits mineurs. Surtout, beaucoup de pr\u00eats ont \u00e9t\u00e9 effectu\u00e9s comme <strong>Odegaard \u00e0 Arsenal<\/strong>, ou encore <strong>Luka Jovic pr\u00eat\u00e9 \u00e0 Francfort<\/strong>. L&rsquo;Espagne pour sa part, a beaucoup de difficult\u00e9s. En effet, le club qui a r\u00e9alis\u00e9 le plus gros mercato est S\u00e9ville qui a attir\u00e9 <strong>Papu Gomez<\/strong> de l&rsquo;Atalanta, et c&rsquo;est \u00e0 peu pr\u00e8s tout. Certains clubs de Liga ont \u00e9galement essay\u00e9 de piocher en deuxi\u00e8me division et certains se sont m\u00eame faits pr\u00eater des joueurs provenant de l&rsquo;\u00e9chelon inf\u00e9rieur.<\/p>\n<p style=\"text-align: justify;\">Ce mercato, qui ne restera pas dans les annales, mettra du temps \u00e0 retrouver les niveaux de 2019 ou 2020 mais rappelle qu&rsquo;un autre mode de fonctionnement est possible. Si cet \u00e9t\u00e9 devrait \u00eatre explosif avec beaucoup de grands joueurs en fin de contrat, les plus modestes risquent d&rsquo;\u00eatre toujours impact\u00e9s, et le mercato pourrait en p\u00e2tir encore dans quelques mois.<\/p>\n<p style=\"text-align: justify;\"><strong><em>Dicodusport<br \/>\n<a href=\"https:\/\/www.facebook.com\/dicodusport\/\" target=\"_blank\" rel=\"noopener noreferrer\"><img loading=\"lazy\" decoding=\"async\" class=\"alignnone wp-image-2909\" src=\"http:\/\/dicodusport.fr\/blog\/wp-content\/uploads\/2017\/07\/logo-facebook-150x150.png\" alt=\"\" width=\"40\" height=\"40\" \/><\/a><a href=\"https:\/\/twitter.com\/dicodusport\" target=\"_blank\" rel=\"noopener noreferrer\"><img loading=\"lazy\" decoding=\"async\" class=\"alignnone wp-image-2908\" src=\"http:\/\/dicodusport.fr\/blog\/wp-content\/uploads\/2017\/07\/logo-twitter-150x150.png\" alt=\"\" width=\"39\" height=\"39\" \/><\/a><\/em><\/strong><\/p>\n","protected":false},"excerpt":{"rendered":"<p>C&rsquo;est termin\u00e9, le mercato d&rsquo;hiver 2021 vient de s&rsquo;achever et ce n&rsquo;est pas plus mal, tant il aura \u00e9t\u00e9 laborieux. Un mercato frapp\u00e9 de plein fouet par la crise et en baisse de 80% par rapport \u00e0 l&rsquo;ann\u00e9e derni\u00e8re.<\/p>\n","protected":false},"author":1,"featured_media":103452,"comment_status":"open","ping_status":"closed","sticky":false,"template":"","format":"standard","meta":{"_acf_changed":false,"_daextam_enable_autolinks":"","footnotes":""},"categories":[2301],"tags":[75,1555,14093],"class_list":["post-103435","post","type-post","status-publish","format-standard","has-post-thumbnail","hentry","category-football","tag-football","tag-mercato","tag-mercato-football"],"acf":[],"yoast_head":"<!-- This site is optimized with the Yoast SEO Premium plugin v26.7 (Yoast SEO v26.7) - https:\/\/yoast.com\/wordpress\/plugins\/seo\/ -->\n<title>Retour sur un mercato d&#039;hiver essouffl\u00e9<\/title>\n<meta name=\"description\" content=\"C&#039;est termin\u00e9, le mercato d&#039;hiver 2021 vient de s&#039;achever et ce n&#039;est pas plus mal, tant il aura \u00e9t\u00e9 laborieux. Un mercato frapp\u00e9 de plein fouet par la crise et en baisse de 80% par rapport \u00e0 l&#039;ann\u00e9e derni\u00e8re.\" \/>\n<meta name=\"robots\" content=\"index, follow, max-snippet:-1, max-image-preview:large, max-video-preview:-1\" \/>\n<link rel=\"canonical\" href=\"https:\/\/dicodusport.fr\/blog\/football-retour-sur-un-mercato-d-hiver-essouffle\/\" \/>\n<meta property=\"og:locale\" content=\"fr_FR\" \/>\n<meta property=\"og:type\" content=\"article\" \/>\n<meta property=\"og:title\" content=\"Football : Retour sur un mercato d&#039;hiver essouffl\u00e9\" \/>\n<meta property=\"og:description\" content=\"C&#039;est termin\u00e9, le mercato d&#039;hiver 2021 vient de s&#039;achever et ce n&#039;est pas plus mal, tant il aura \u00e9t\u00e9 laborieux. Un mercato frapp\u00e9 de plein fouet par la crise et en baisse de 80% par rapport \u00e0 l&#039;ann\u00e9e derni\u00e8re.\" \/>\n<meta property=\"og:url\" content=\"https:\/\/dicodusport.fr\/blog\/football-retour-sur-un-mercato-d-hiver-essouffle\/\" \/>\n<meta property=\"og:site_name\" content=\"Dicodusport\" \/>\n<meta property=\"article:publisher\" content=\"https:\/\/www.facebook.com\/dicodusport\" \/>\n<meta property=\"article:author\" content=\"https:\/\/www.facebook.com\/dicodusport\" \/>\n<meta property=\"article:published_time\" content=\"2021-02-02T15:10:12+00:00\" \/>\n<meta property=\"article:modified_time\" content=\"2021-02-02T16:00:43+00:00\" \/>\n<meta property=\"og:image\" content=\"https:\/\/dicodusport.fr\/blog\/wp-content\/uploads\/2021\/02\/Football-Retour-sur-un-mercato-dhiver-essouffle.png\" \/>\n\t<meta property=\"og:image:width\" content=\"800\" \/>\n\t<meta property=\"og:image:height\" content=\"445\" \/>\n\t<meta property=\"og:image:type\" content=\"image\/png\" \/>\n<meta name=\"author\" content=\"Nicolas Jacquemard\" \/>\n<meta name=\"twitter:card\" content=\"summary_large_image\" \/>\n<meta name=\"twitter:title\" content=\"Football : Retour sur un mercato d&#039;hiver essouffl\u00e9\" \/>\n<meta name=\"twitter:creator\" content=\"@https:\/\/twitter.com\/Nico_Jacquemard\" \/>\n<meta name=\"twitter:site\" content=\"@dicodusport\" \/>\n<script type=\"application\/ld+json\" class=\"yoast-schema-graph\">{\"@context\":\"https:\/\/schema.org\",\"@graph\":[{\"@type\":\"NewsArticle\",\"@id\":\"https:\/\/dicodusport.fr\/blog\/football-retour-sur-un-mercato-d-hiver-essouffle\/#article\",\"isPartOf\":{\"@id\":\"https:\/\/dicodusport.fr\/blog\/football-retour-sur-un-mercato-d-hiver-essouffle\/\"},\"author\":{\"name\":\"Nicolas Jacquemard\",\"@id\":\"https:\/\/dicodusport.fr\/blog\/#\/schema\/person\/55dcb50ad410894e431ed812bbb70191\"},\"headline\":\"Retour sur un mercato d&rsquo;hiver essouffl\u00e9\",\"datePublished\":\"2021-02-02T15:10:12+00:00\",\"dateModified\":\"2021-02-02T16:00:43+00:00\",\"mainEntityOfPage\":{\"@id\":\"https:\/\/dicodusport.fr\/blog\/football-retour-sur-un-mercato-d-hiver-essouffle\/\"},\"wordCount\":748,\"commentCount\":0,\"publisher\":{\"@id\":\"https:\/\/dicodusport.fr\/blog\/#organization\"},\"image\":{\"@id\":\"https:\/\/dicodusport.fr\/blog\/football-retour-sur-un-mercato-d-hiver-essouffle\/#primaryimage\"},\"thumbnailUrl\":\"https:\/\/dicodusport.fr\/blog\/wp-content\/uploads\/2021\/02\/Football-Retour-sur-un-mercato-dhiver-essouffle.png\",\"keywords\":[\"Football\",\"Mercato\",\"Mercato football\"],\"articleSection\":[\"Football\"],\"inLanguage\":\"fr-FR\",\"potentialAction\":[{\"@type\":\"CommentAction\",\"name\":\"Comment\",\"target\":[\"https:\/\/dicodusport.fr\/blog\/football-retour-sur-un-mercato-d-hiver-essouffle\/#respond\"]}],\"copyrightYear\":\"2021\",\"copyrightHolder\":{\"@id\":\"https:\/\/dicodusport.fr\/blog\/#organization\"}},{\"@type\":\"WebPage\",\"@id\":\"https:\/\/dicodusport.fr\/blog\/football-retour-sur-un-mercato-d-hiver-essouffle\/\",\"url\":\"https:\/\/dicodusport.fr\/blog\/football-retour-sur-un-mercato-d-hiver-essouffle\/\",\"name\":\"Retour sur un mercato d'hiver essouffl\u00e9\",\"isPartOf\":{\"@id\":\"https:\/\/dicodusport.fr\/blog\/#website\"},\"primaryImageOfPage\":{\"@id\":\"https:\/\/dicodusport.fr\/blog\/football-retour-sur-un-mercato-d-hiver-essouffle\/#primaryimage\"},\"image\":{\"@id\":\"https:\/\/dicodusport.fr\/blog\/football-retour-sur-un-mercato-d-hiver-essouffle\/#primaryimage\"},\"thumbnailUrl\":\"https:\/\/dicodusport.fr\/blog\/wp-content\/uploads\/2021\/02\/Football-Retour-sur-un-mercato-dhiver-essouffle.png\",\"datePublished\":\"2021-02-02T15:10:12+00:00\",\"dateModified\":\"2021-02-02T16:00:43+00:00\",\"description\":\"C'est termin\u00e9, le mercato d'hiver 2021 vient de s'achever et ce n'est pas plus mal, tant il aura \u00e9t\u00e9 laborieux. Un mercato frapp\u00e9 de plein fouet par la crise et en baisse de 80% par rapport \u00e0 l'ann\u00e9e derni\u00e8re.\",\"breadcrumb\":{\"@id\":\"https:\/\/dicodusport.fr\/blog\/football-retour-sur-un-mercato-d-hiver-essouffle\/#breadcrumb\"},\"inLanguage\":\"fr-FR\",\"potentialAction\":[{\"@type\":\"ReadAction\",\"target\":[\"https:\/\/dicodusport.fr\/blog\/football-retour-sur-un-mercato-d-hiver-essouffle\/\"]}]},{\"@type\":\"ImageObject\",\"inLanguage\":\"fr-FR\",\"@id\":\"https:\/\/dicodusport.fr\/blog\/football-retour-sur-un-mercato-d-hiver-essouffle\/#primaryimage\",\"url\":\"https:\/\/dicodusport.fr\/blog\/wp-content\/uploads\/2021\/02\/Football-Retour-sur-un-mercato-dhiver-essouffle.png\",\"contentUrl\":\"https:\/\/dicodusport.fr\/blog\/wp-content\/uploads\/2021\/02\/Football-Retour-sur-un-mercato-dhiver-essouffle.png\",\"width\":800,\"height\":445,\"caption\":\"Football - Retour sur un mercato d'hiver essouffl\u00e9\"},{\"@type\":\"BreadcrumbList\",\"@id\":\"https:\/\/dicodusport.fr\/blog\/football-retour-sur-un-mercato-d-hiver-essouffle\/#breadcrumb\",\"itemListElement\":[{\"@type\":\"ListItem\",\"position\":1,\"name\":\"Accueil\",\"item\":\"https:\/\/dicodusport.fr\/blog\/\"},{\"@type\":\"ListItem\",\"position\":2,\"name\":\"Retour sur un mercato d&rsquo;hiver essouffl\u00e9\"}]},{\"@type\":\"WebSite\",\"@id\":\"https:\/\/dicodusport.fr\/blog\/#website\",\"url\":\"https:\/\/dicodusport.fr\/blog\/\",\"name\":\"Dicodusport\",\"description\":\"L&#039;encyclop\u00e9die de l&#039;actualit\u00e9 sportive\",\"publisher\":{\"@id\":\"https:\/\/dicodusport.fr\/blog\/#organization\"},\"potentialAction\":[{\"@type\":\"SearchAction\",\"target\":{\"@type\":\"EntryPoint\",\"urlTemplate\":\"https:\/\/dicodusport.fr\/blog\/?s={search_term_string}\"},\"query-input\":{\"@type\":\"PropertyValueSpecification\",\"valueRequired\":true,\"valueName\":\"search_term_string\"}}],\"inLanguage\":\"fr-FR\"},{\"@type\":\"NewsMediaOrganization\",\"@id\":\"https:\/\/dicodusport.fr\/blog\/#organization\",\"name\":\"Dicodusport\",\"url\":\"https:\/\/dicodusport.fr\/blog\/\",\"logo\":{\"@type\":\"ImageObject\",\"inLanguage\":\"fr-FR\",\"@id\":\"https:\/\/dicodusport.fr\/blog\/#\/schema\/logo\/image\/\",\"url\":\"https:\/\/dicodusport.fr\/blog\/wp-content\/uploads\/2020\/06\/cropped-LOGO-DICODUSPORT-2020-SANS-FOND-SANS-TEXTE.png\",\"contentUrl\":\"https:\/\/dicodusport.fr\/blog\/wp-content\/uploads\/2020\/06\/cropped-LOGO-DICODUSPORT-2020-SANS-FOND-SANS-TEXTE.png\",\"width\":512,\"height\":512,\"caption\":\"Dicodusport\"},\"image\":{\"@id\":\"https:\/\/dicodusport.fr\/blog\/#\/schema\/logo\/image\/\"},\"sameAs\":[\"https:\/\/www.facebook.com\/dicodusport\",\"https:\/\/x.com\/dicodusport\",\"https:\/\/www.instagram.com\/dicodusport\/\",\"https:\/\/www.youtube.com\/channel\/UC7V2KZ5sd3htJivAbA4ZG3w\"],\"description\":\"Dicodusport est l'encyclop\u00e9die de l'actualit\u00e9 sportive.\",\"email\":\"bonjour@dicodusport.fr\",\"legalName\":\"DICODUSPORT\",\"foundingDate\":\"2018-01-14\",\"vatID\":\"FR71834470973\",\"taxID\":\"83447097300043\",\"numberOfEmployees\":{\"@type\":\"QuantitativeValue\",\"minValue\":\"1\",\"maxValue\":\"10\"}},{\"@type\":\"Person\",\"@id\":\"https:\/\/dicodusport.fr\/blog\/#\/schema\/person\/55dcb50ad410894e431ed812bbb70191\",\"name\":\"Nicolas Jacquemard\",\"image\":{\"@type\":\"ImageObject\",\"inLanguage\":\"fr-FR\",\"@id\":\"https:\/\/dicodusport.fr\/blog\/#\/schema\/person\/image\/\",\"url\":\"https:\/\/dicodusport.fr\/blog\/wp-content\/uploads\/2021\/05\/Nicolas-Jacquemard-150x150.jpeg\",\"contentUrl\":\"https:\/\/dicodusport.fr\/blog\/wp-content\/uploads\/2021\/05\/Nicolas-Jacquemard-150x150.jpeg\",\"caption\":\"Nicolas Jacquemard\"},\"description\":\"Passionn\u00e9 de sport et entrepreneur depuis mes 18 ans, la cr\u00e9ation de Dicodusport m'a sembl\u00e9 \u00e9vidente pour participer \u00e0 la m\u00e9diatisation d'un plus grand nombre de sports. Le chemin est long mais avec une \u00e9quipe des plus motiv\u00e9es et les Jeux Olympiques de Paris 2024 en point de mire, nous y arriverons ! Journaliste dans le monde du sport depuis plus de 5 ans, je traite aussi bien de football, de rugby, de biathlon que de cyclisme.\",\"sameAs\":[\"https:\/\/www.facebook.com\/dicodusport\",\"https:\/\/x.com\/https:\/\/twitter.com\/Nico_Jacquemard\"],\"url\":\"https:\/\/dicodusport.fr\/blog\/author\/dicodusport\/\"}]}<\/script>\n<!-- \/ Yoast SEO Premium plugin. -->","yoast_head_json":{"title":"Retour sur un mercato d'hiver essouffl\u00e9","description":"C'est termin\u00e9, le mercato d'hiver 2021 vient de s'achever et ce n'est pas plus mal, tant il aura \u00e9t\u00e9 laborieux. Un mercato frapp\u00e9 de plein fouet par la crise et en baisse de 80% par rapport \u00e0 l'ann\u00e9e derni\u00e8re.","robots":{"index":"index","follow":"follow","max-snippet":"max-snippet:-1","max-image-preview":"max-image-preview:large","max-video-preview":"max-video-preview:-1"},"canonical":"https:\/\/dicodusport.fr\/blog\/football-retour-sur-un-mercato-d-hiver-essouffle\/","og_locale":"fr_FR","og_type":"article","og_title":"Football : Retour sur un mercato d'hiver essouffl\u00e9","og_description":"C'est termin\u00e9, le mercato d'hiver 2021 vient de s'achever et ce n'est pas plus mal, tant il aura \u00e9t\u00e9 laborieux. Un mercato frapp\u00e9 de plein fouet par la crise et en baisse de 80% par rapport \u00e0 l'ann\u00e9e derni\u00e8re.","og_url":"https:\/\/dicodusport.fr\/blog\/football-retour-sur-un-mercato-d-hiver-essouffle\/","og_site_name":"Dicodusport","article_publisher":"https:\/\/www.facebook.com\/dicodusport","article_author":"https:\/\/www.facebook.com\/dicodusport","article_published_time":"2021-02-02T15:10:12+00:00","article_modified_time":"2021-02-02T16:00:43+00:00","og_image":[{"width":800,"height":445,"url":"https:\/\/dicodusport.fr\/blog\/wp-content\/uploads\/2021\/02\/Football-Retour-sur-un-mercato-dhiver-essouffle.png","type":"image\/png"}],"author":"Nicolas Jacquemard","twitter_card":"summary_large_image","twitter_title":"Football : Retour sur un mercato d'hiver essouffl\u00e9","twitter_creator":"@https:\/\/twitter.com\/Nico_Jacquemard","twitter_site":"@dicodusport","schema":{"@context":"https:\/\/schema.org","@graph":[{"@type":"NewsArticle","@id":"https:\/\/dicodusport.fr\/blog\/football-retour-sur-un-mercato-d-hiver-essouffle\/#article","isPartOf":{"@id":"https:\/\/dicodusport.fr\/blog\/football-retour-sur-un-mercato-d-hiver-essouffle\/"},"author":{"name":"Nicolas Jacquemard","@id":"https:\/\/dicodusport.fr\/blog\/#\/schema\/person\/55dcb50ad410894e431ed812bbb70191"},"headline":"Retour sur un mercato d&rsquo;hiver essouffl\u00e9","datePublished":"2021-02-02T15:10:12+00:00","dateModified":"2021-02-02T16:00:43+00:00","mainEntityOfPage":{"@id":"https:\/\/dicodusport.fr\/blog\/football-retour-sur-un-mercato-d-hiver-essouffle\/"},"wordCount":748,"commentCount":0,"publisher":{"@id":"https:\/\/dicodusport.fr\/blog\/#organization"},"image":{"@id":"https:\/\/dicodusport.fr\/blog\/football-retour-sur-un-mercato-d-hiver-essouffle\/#primaryimage"},"thumbnailUrl":"https:\/\/dicodusport.fr\/blog\/wp-content\/uploads\/2021\/02\/Football-Retour-sur-un-mercato-dhiver-essouffle.png","keywords":["Football","Mercato","Mercato football"],"articleSection":["Football"],"inLanguage":"fr-FR","potentialAction":[{"@type":"CommentAction","name":"Comment","target":["https:\/\/dicodusport.fr\/blog\/football-retour-sur-un-mercato-d-hiver-essouffle\/#respond"]}],"copyrightYear":"2021","copyrightHolder":{"@id":"https:\/\/dicodusport.fr\/blog\/#organization"}},{"@type":"WebPage","@id":"https:\/\/dicodusport.fr\/blog\/football-retour-sur-un-mercato-d-hiver-essouffle\/","url":"https:\/\/dicodusport.fr\/blog\/football-retour-sur-un-mercato-d-hiver-essouffle\/","name":"Retour sur un mercato d'hiver essouffl\u00e9","isPartOf":{"@id":"https:\/\/dicodusport.fr\/blog\/#website"},"primaryImageOfPage":{"@id":"https:\/\/dicodusport.fr\/blog\/football-retour-sur-un-mercato-d-hiver-essouffle\/#primaryimage"},"image":{"@id":"https:\/\/dicodusport.fr\/blog\/football-retour-sur-un-mercato-d-hiver-essouffle\/#primaryimage"},"thumbnailUrl":"https:\/\/dicodusport.fr\/blog\/wp-content\/uploads\/2021\/02\/Football-Retour-sur-un-mercato-dhiver-essouffle.png","datePublished":"2021-02-02T15:10:12+00:00","dateModified":"2021-02-02T16:00:43+00:00","description":"C'est termin\u00e9, le mercato d'hiver 2021 vient de s'achever et ce n'est pas plus mal, tant il aura \u00e9t\u00e9 laborieux. Un mercato frapp\u00e9 de plein fouet par la crise et en baisse de 80% par rapport \u00e0 l'ann\u00e9e derni\u00e8re.","breadcrumb":{"@id":"https:\/\/dicodusport.fr\/blog\/football-retour-sur-un-mercato-d-hiver-essouffle\/#breadcrumb"},"inLanguage":"fr-FR","potentialAction":[{"@type":"ReadAction","target":["https:\/\/dicodusport.fr\/blog\/football-retour-sur-un-mercato-d-hiver-essouffle\/"]}]},{"@type":"ImageObject","inLanguage":"fr-FR","@id":"https:\/\/dicodusport.fr\/blog\/football-retour-sur-un-mercato-d-hiver-essouffle\/#primaryimage","url":"https:\/\/dicodusport.fr\/blog\/wp-content\/uploads\/2021\/02\/Football-Retour-sur-un-mercato-dhiver-essouffle.png","contentUrl":"https:\/\/dicodusport.fr\/blog\/wp-content\/uploads\/2021\/02\/Football-Retour-sur-un-mercato-dhiver-essouffle.png","width":800,"height":445,"caption":"Football - Retour sur un mercato d'hiver essouffl\u00e9"},{"@type":"BreadcrumbList","@id":"https:\/\/dicodusport.fr\/blog\/football-retour-sur-un-mercato-d-hiver-essouffle\/#breadcrumb","itemListElement":[{"@type":"ListItem","position":1,"name":"Accueil","item":"https:\/\/dicodusport.fr\/blog\/"},{"@type":"ListItem","position":2,"name":"Retour sur un mercato d&rsquo;hiver essouffl\u00e9"}]},{"@type":"WebSite","@id":"https:\/\/dicodusport.fr\/blog\/#website","url":"https:\/\/dicodusport.fr\/blog\/","name":"Dicodusport","description":"L&#039;encyclop\u00e9die de l&#039;actualit\u00e9 sportive","publisher":{"@id":"https:\/\/dicodusport.fr\/blog\/#organization"},"potentialAction":[{"@type":"SearchAction","target":{"@type":"EntryPoint","urlTemplate":"https:\/\/dicodusport.fr\/blog\/?s={search_term_string}"},"query-input":{"@type":"PropertyValueSpecification","valueRequired":true,"valueName":"search_term_string"}}],"inLanguage":"fr-FR"},{"@type":"NewsMediaOrganization","@id":"https:\/\/dicodusport.fr\/blog\/#organization","name":"Dicodusport","url":"https:\/\/dicodusport.fr\/blog\/","logo":{"@type":"ImageObject","inLanguage":"fr-FR","@id":"https:\/\/dicodusport.fr\/blog\/#\/schema\/logo\/image\/","url":"https:\/\/dicodusport.fr\/blog\/wp-content\/uploads\/2020\/06\/cropped-LOGO-DICODUSPORT-2020-SANS-FOND-SANS-TEXTE.png","contentUrl":"https:\/\/dicodusport.fr\/blog\/wp-content\/uploads\/2020\/06\/cropped-LOGO-DICODUSPORT-2020-SANS-FOND-SANS-TEXTE.png","width":512,"height":512,"caption":"Dicodusport"},"image":{"@id":"https:\/\/dicodusport.fr\/blog\/#\/schema\/logo\/image\/"},"sameAs":["https:\/\/www.facebook.com\/dicodusport","https:\/\/x.com\/dicodusport","https:\/\/www.instagram.com\/dicodusport\/","https:\/\/www.youtube.com\/channel\/UC7V2KZ5sd3htJivAbA4ZG3w"],"description":"Dicodusport est l'encyclop\u00e9die de l'actualit\u00e9 sportive.","email":"bonjour@dicodusport.fr","legalName":"DICODUSPORT","foundingDate":"2018-01-14","vatID":"FR71834470973","taxID":"83447097300043","numberOfEmployees":{"@type":"QuantitativeValue","minValue":"1","maxValue":"10"}},{"@type":"Person","@id":"https:\/\/dicodusport.fr\/blog\/#\/schema\/person\/55dcb50ad410894e431ed812bbb70191","name":"Nicolas Jacquemard","image":{"@type":"ImageObject","inLanguage":"fr-FR","@id":"https:\/\/dicodusport.fr\/blog\/#\/schema\/person\/image\/","url":"https:\/\/dicodusport.fr\/blog\/wp-content\/uploads\/2021\/05\/Nicolas-Jacquemard-150x150.jpeg","contentUrl":"https:\/\/dicodusport.fr\/blog\/wp-content\/uploads\/2021\/05\/Nicolas-Jacquemard-150x150.jpeg","caption":"Nicolas Jacquemard"},"description":"Passionn\u00e9 de sport et entrepreneur depuis mes 18 ans, la cr\u00e9ation de Dicodusport m'a sembl\u00e9 \u00e9vidente pour participer \u00e0 la m\u00e9diatisation d'un plus grand nombre de sports. Le chemin est long mais avec une \u00e9quipe des plus motiv\u00e9es et les Jeux Olympiques de Paris 2024 en point de mire, nous y arriverons ! Journaliste dans le monde du sport depuis plus de 5 ans, je traite aussi bien de football, de rugby, de biathlon que de cyclisme.","sameAs":["https:\/\/www.facebook.com\/dicodusport","https:\/\/x.com\/https:\/\/twitter.com\/Nico_Jacquemard"],"url":"https:\/\/dicodusport.fr\/blog\/author\/dicodusport\/"}]}},"_links":{"self":[{"href":"https:\/\/dicodusport.fr\/blog\/wp-json\/wp\/v2\/posts\/103435","targetHints":{"allow":["GET"]}}],"collection":[{"href":"https:\/\/dicodusport.fr\/blog\/wp-json\/wp\/v2\/posts"}],"about":[{"href":"https:\/\/dicodusport.fr\/blog\/wp-json\/wp\/v2\/types\/post"}],"author":[{"embeddable":true,"href":"https:\/\/dicodusport.fr\/blog\/wp-json\/wp\/v2\/users\/1"}],"replies":[{"embeddable":true,"href":"https:\/\/dicodusport.fr\/blog\/wp-json\/wp\/v2\/comments?post=103435"}],"version-history":[{"count":0,"href":"https:\/\/dicodusport.fr\/blog\/wp-json\/wp\/v2\/posts\/103435\/revisions"}],"wp:featuredmedia":[{"embeddable":true,"href":"https:\/\/dicodusport.fr\/blog\/wp-json\/wp\/v2\/media\/103452"}],"wp:attachment":[{"href":"https:\/\/dicodusport.fr\/blog\/wp-json\/wp\/v2\/media?parent=103435"}],"wp:term":[{"taxonomy":"category","embeddable":true,"href":"https:\/\/dicodusport.fr\/blog\/wp-json\/wp\/v2\/categories?post=103435"},{"taxonomy":"post_tag","embeddable":true,"href":"https:\/\/dicodusport.fr\/blog\/wp-json\/wp\/v2\/tags?post=103435"}],"curies":[{"name":"wp","href":"https:\/\/api.w.org\/{rel}","templated":true}]}}