{"id":103548,"date":"2021-02-03T12:45:45","date_gmt":"2021-02-03T11:45:45","guid":{"rendered":"https:\/\/dicodusport.fr\/blog\/?p=103548"},"modified":"2021-02-03T12:49:33","modified_gmt":"2021-02-03T11:49:33","slug":"atp-cup-les-bleus-dans-le-dur","status":"publish","type":"post","link":"https:\/\/dicodusport.fr\/blog\/atp-cup-les-bleus-dans-le-dur\/","title":{"rendered":"ATP Cup : les Bleus dans le dur"},"content":{"rendered":"<p style=\"text-align: justify;\"><em><b><a href=\"https:\/\/dicodusport.fr\/blog\/atp-cup-2021-tableau-et-resultats\/\" target=\"_blank\" rel=\"noopener\">ATP Cup<\/a> &#8211; Apr\u00e8s les rencontres de la nuit, l&rsquo;\u00e9quipe de France est d&rsquo;ores et d\u00e9j\u00e0 \u00e9limin\u00e9e de l&rsquo;ATP Cup, Matteo Berrettini et Fabio Fognini n&rsquo;ayant pas fait dans le d\u00e9tail face \u00e0 Ga\u00ebl Monfils et Beno\u00eet Paire. Dans les autres poules, deux chocs sont au programme cette nuit.<\/b><\/em><\/p>\n<p style=\"text-align: justify;\">On part apparemment sur les m\u00eames bases&#8230; Apr\u00e8s une ann\u00e9e 2020 des plus compliqu\u00e9es pour le tennis fran\u00e7ais, 2021 reprend sur le m\u00eame rythme. Pr\u00e9sents dans la poule C de l&rsquo;<strong>ATP Cup<\/strong> en compagnie de l&rsquo;<strong>Autriche et de l&rsquo;Italie<\/strong>, les Tricolores n&rsquo;ont jamais fait illusion face \u00e0 l&rsquo;Italie.<\/p>\n<h2 style=\"text-align: justify;\">Monfils et Paire au tapis, le double sauve l&rsquo;honneur<\/h2>\n<p style=\"text-align: justify;\">Pour le premier des deux simples, <strong>Fabio Fognini<\/strong> a donc triomph\u00e9 de <strong>Beno\u00eet Paire<\/strong> sur le score de 6\/1, 7\/6. Apr\u00e8s un d\u00e9but de match catastrophique, l&rsquo;Avignonnais avait pourtant relev\u00e9 la t\u00eate lors de la seconde manche pour mener 5\/3, alors qu&rsquo;il \u00e9tait men\u00e9 3\/0. Servant pour le set \u00e0 5\/4, il retomba \u00e0 nouveau dans ses travers pour finalement s&rsquo;incliner.<\/p>\n<p style=\"text-align: justify;\">De son c\u00f4t\u00e9, <b>Ga\u00ebl Monfils<\/b> \u00e9tait quant \u00e0 lui oppos\u00e9 \u00e0 <strong>Matteo Berrettini<\/strong>, tombeur de <strong>Dominic Thiem<\/strong> la veille. Si une place s\u00e9pare les deux hommes au classement ATP, l&rsquo;\u00e9cart \u00e9tait bien plus grand sur le court. Pour le Fran\u00e7ais, 11\u00e8me mondial, le sc\u00e9nario aura \u00e9t\u00e9 l&rsquo;inverse de celui de son co\u00e9quipier. Incisif, bien dans son match d\u00e8s l&rsquo;entame, il menait rapidement 4\/1 dans la premi\u00e8re manche. Devenant nerveux et commettant de nombreuses fautes ensuite, le Parisien c\u00e9da la premi\u00e8re manche sur le score de 6\/4. D\u00e9pass\u00e9 et touch\u00e9 \u00e0 l&rsquo;\u00e9paule, le Fran\u00e7ais passera compl\u00e8tement \u00e0 c\u00f4t\u00e9 de la seconde manche pour s&rsquo;incliner 6\/1.<\/p>\n<p style=\"text-align: justify;\">Avec deux d\u00e9faites au compteur, la France voyait son aventure se terminer alors que dans le m\u00eame temps l&rsquo;Italie se qualifiait pour les demies. Une \u00e9claircie \u00e0 noter tout de m\u00eame dans ce sombre tableau est la victoire de la paire <strong>Vasselin-Mahut<\/strong> en double. Les Fran\u00e7ais pour l&rsquo;honneur ont domin\u00e9 la paire <strong>Bolelli-Vavassori<\/strong> sur le score de 6\/3, 6\/4. De quoi tout de m\u00eame donner un peu de confiance pour la suite de la saison \u00e0 la paire fran\u00e7aise.<\/p>\n<h2 style=\"text-align: justify;\">Deux chocs au programme la nuit prochaine<\/h2>\n<p style=\"text-align: justify;\">Si <strong>l&rsquo;ATP Cup<\/strong> r\u00e9unit le gratin du tennis mondial, les regards seront tourn\u00e9s vers deux rencontres en particulier la nuit prochaine. Dans la poule A, la Serbie et l&rsquo;Allemagne s&rsquo;affronteront pour obtenir un billet pour les demies. Les deux nations ayant battu le <strong>Canada, Novak Djokovic<\/strong> et <strong>Alexander Zverev<\/strong> voudront mener leur pays vers la victoire. L&rsquo;opposition entre le 1er et le 7\u00e8me au classement ATP m\u00e9ritera d&rsquo;y \u00eatre attentif. Si <em>Nole<\/em> est sorti vainqueur de ses 3 derni\u00e8res confrontations face \u00e0 l&rsquo;Allemand, <strong>Zverev<\/strong> a tout de m\u00eame remport\u00e9 deux des six confrontations entre les deux hommes.<\/p>\n<p style=\"text-align: justify;\">Autre rencontre attendue, l&rsquo;opposition entre <strong>Stefanos Tsitsipas<\/strong> et <strong>Rafael Nadal<\/strong>. Sur le court actuellement face \u00e0<strong> Alex de Minaur,<\/strong> le Grec devrait \u00eatre oppos\u00e9 au num\u00e9ro 2 mondial dans la poule B. Devrait car le Majorquin avait d\u00e9clar\u00e9 forfait suite \u00e0 une douleur au dos lors de son entr\u00e9e en lice. Si l&rsquo;Espagnol peut tenir son rang, les deux hommes pourraient donc livrer un duel permettant de jauger leur \u00e9tat de forme, quelques jours avant le d\u00e9but des internationaux d&rsquo;Australie. Sinon, pour l&rsquo;honneur, il sera \u00e9galement possible de se pencher sur la match entre<strong> Ga\u00ebl Monfils<\/strong> et <strong>Dominic Thiem<\/strong> par exemple. M\u00eame si on aurait pr\u00e9f\u00e9r\u00e9 un autre enjeu pour cette rencontre.<\/p>\n<blockquote class=\"twitter-tweet\">\n<p dir=\"ltr\" lang=\"en\">&#x1f1eb;&#x1f1f7; <a href=\"https:\/\/twitter.com\/hashtag\/TeamFrance?src=hash&amp;ref_src=twsrc%5Etfw\">#TeamFrance<\/a> gets on the board at the hands of Mahut\/Roger-Vasselin!<a href=\"https:\/\/twitter.com\/hashtag\/FRAITA?src=hash&amp;ref_src=twsrc%5Etfw\">#FRAITA<\/a> | <a href=\"https:\/\/twitter.com\/hashtag\/ATPCup?src=hash&amp;ref_src=twsrc%5Etfw\">#ATPCup<\/a> <a href=\"https:\/\/t.co\/VGUaDJYuIt\">pic.twitter.com\/VGUaDJYuIt<\/a><\/p>\n<p>\u2014 ATPCup (@ATPCup) <a href=\"https:\/\/twitter.com\/ATPCup\/status\/1356821633235898369?ref_src=twsrc%5Etfw\">February 3, 2021<\/a><\/p><\/blockquote>\n<p><script async src=\"https:\/\/platform.twitter.com\/widgets.js\" charset=\"utf-8\"><\/script><\/p>\n<p><strong><em>Julien Correia<br \/>\n<a href=\"https:\/\/www.facebook.com\/julien.correia.52\" target=\"_blank\" rel=\"noopener noreferrer\"><img loading=\"lazy\" decoding=\"async\" class=\"alignnone wp-image-2909\" src=\"http:\/\/dicodusport.fr\/blog\/wp-content\/uploads\/2017\/07\/logo-facebook-150x150.png\" alt=\"\" width=\"40\" height=\"40\" \/><\/a><a href=\"https:\/\/twitter.com\/julienco_psg70\" target=\"_blank\" rel=\"noopener noreferrer\"><img loading=\"lazy\" decoding=\"async\" class=\"alignnone wp-image-2908\" src=\"http:\/\/dicodusport.fr\/blog\/wp-content\/uploads\/2017\/07\/logo-twitter-150x150.png\" alt=\"\" width=\"39\" height=\"39\" \/><\/a><\/em><\/strong><\/p>\n","protected":false},"excerpt":{"rendered":"<p>ATP Cup &#8211; Apr\u00e8s les rencontres de la nuit, l&rsquo;\u00e9quipe de France est d&rsquo;ores et d\u00e9j\u00e0 \u00e9limin\u00e9e de l&rsquo;ATP Cup, Matteo Berrettini et Fabio Fognini n&rsquo;ayant pas fait dans le d\u00e9tail face \u00e0 Ga\u00ebl Monfils et Beno\u00eet Paire. Dans les autres poules, deux chocs sont au programme cette nuit.<\/p>\n","protected":false},"author":37,"featured_media":103585,"comment_status":"open","ping_status":"closed","sticky":false,"template":"","format":"standard","meta":{"_acf_changed":false,"_daextam_enable_autolinks":"","footnotes":""},"categories":[2302],"tags":[6688,5942,2804,136],"class_list":["post-103548","post","type-post","status-publish","format-standard","has-post-thumbnail","hentry","category-tennis","tag-atp-cup","tag-benoit-paire","tag-gael-monfils","tag-tennis"],"acf":[],"yoast_head":"<!-- This site is optimized with the Yoast SEO Premium plugin v26.7 (Yoast SEO v26.7) - https:\/\/yoast.com\/wordpress\/plugins\/seo\/ -->\n<title>ATP Cup : les Bleus dans le dur<\/title>\n<meta name=\"description\" content=\"Apr\u00e8s les rencontres de la nuit, l&#039;\u00e9quipe de France est d&#039;ores et d\u00e9j\u00e0 \u00e9limin\u00e9e de l&#039;ATP Cup. Cette nuit deux chocs sont programm\u00e9s.\" \/>\n<meta name=\"robots\" content=\"index, follow, max-snippet:-1, max-image-preview:large, max-video-preview:-1\" \/>\n<link rel=\"canonical\" href=\"https:\/\/dicodusport.fr\/blog\/atp-cup-les-bleus-dans-le-dur\/\" \/>\n<meta property=\"og:locale\" content=\"fr_FR\" \/>\n<meta property=\"og:type\" content=\"article\" \/>\n<meta property=\"og:title\" content=\"ATP Cup : les Bleus dans le dur\" \/>\n<meta property=\"og:description\" content=\"Apr\u00e8s les rencontres de la nuit, l&#039;\u00e9quipe de France est d&#039;ores et d\u00e9j\u00e0 \u00e9limin\u00e9e de l&#039;ATP Cup. Cette nuit deux chocs sont programm\u00e9s.\" \/>\n<meta property=\"og:url\" content=\"https:\/\/dicodusport.fr\/blog\/atp-cup-les-bleus-dans-le-dur\/\" \/>\n<meta property=\"og:site_name\" content=\"Dicodusport\" \/>\n<meta property=\"article:publisher\" content=\"https:\/\/www.facebook.com\/dicodusport\" \/>\n<meta property=\"article:author\" content=\"https:\/\/www.facebook.com\/julien.correia.52\" \/>\n<meta property=\"article:published_time\" content=\"2021-02-03T11:45:45+00:00\" \/>\n<meta property=\"article:modified_time\" content=\"2021-02-03T11:49:33+00:00\" \/>\n<meta property=\"og:image\" content=\"https:\/\/dicodusport.fr\/blog\/wp-content\/uploads\/2021\/02\/ATP-Cup-Les-Bleus-dans-le-dur.png\" \/>\n\t<meta property=\"og:image:width\" content=\"800\" \/>\n\t<meta property=\"og:image:height\" content=\"445\" \/>\n\t<meta property=\"og:image:type\" content=\"image\/png\" \/>\n<meta name=\"author\" content=\"Julien Correia\" \/>\n<meta name=\"twitter:card\" content=\"summary_large_image\" \/>\n<meta name=\"twitter:title\" content=\"ATP Cup : les Bleus dans le dur\" \/>\n<meta name=\"twitter:creator\" content=\"@https:\/\/twitter.com\/julienco_psg70\" \/>\n<meta name=\"twitter:site\" content=\"@dicodusport\" \/>\n<script type=\"application\/ld+json\" class=\"yoast-schema-graph\">{\"@context\":\"https:\/\/schema.org\",\"@graph\":[{\"@type\":\"NewsArticle\",\"@id\":\"https:\/\/dicodusport.fr\/blog\/atp-cup-les-bleus-dans-le-dur\/#article\",\"isPartOf\":{\"@id\":\"https:\/\/dicodusport.fr\/blog\/atp-cup-les-bleus-dans-le-dur\/\"},\"author\":{\"name\":\"Julien Correia\",\"@id\":\"https:\/\/dicodusport.fr\/blog\/#\/schema\/person\/0f73d157e4670e108e23009fa82f2239\"},\"headline\":\"ATP Cup : les Bleus dans le dur\",\"datePublished\":\"2021-02-03T11:45:45+00:00\",\"dateModified\":\"2021-02-03T11:49:33+00:00\",\"mainEntityOfPage\":{\"@id\":\"https:\/\/dicodusport.fr\/blog\/atp-cup-les-bleus-dans-le-dur\/\"},\"wordCount\":654,\"commentCount\":0,\"publisher\":{\"@id\":\"https:\/\/dicodusport.fr\/blog\/#organization\"},\"image\":{\"@id\":\"https:\/\/dicodusport.fr\/blog\/atp-cup-les-bleus-dans-le-dur\/#primaryimage\"},\"thumbnailUrl\":\"https:\/\/dicodusport.fr\/blog\/wp-content\/uploads\/2021\/02\/ATP-Cup-Les-Bleus-dans-le-dur.png\",\"keywords\":[\"ATP Cup\",\"Beno\u00eet Paire\",\"Ga\u00ebl Monfils\",\"Tennis\"],\"articleSection\":[\"Tennis\"],\"inLanguage\":\"fr-FR\",\"potentialAction\":[{\"@type\":\"CommentAction\",\"name\":\"Comment\",\"target\":[\"https:\/\/dicodusport.fr\/blog\/atp-cup-les-bleus-dans-le-dur\/#respond\"]}],\"copyrightYear\":\"2021\",\"copyrightHolder\":{\"@id\":\"https:\/\/dicodusport.fr\/blog\/#organization\"}},{\"@type\":\"WebPage\",\"@id\":\"https:\/\/dicodusport.fr\/blog\/atp-cup-les-bleus-dans-le-dur\/\",\"url\":\"https:\/\/dicodusport.fr\/blog\/atp-cup-les-bleus-dans-le-dur\/\",\"name\":\"ATP Cup : les Bleus dans le dur\",\"isPartOf\":{\"@id\":\"https:\/\/dicodusport.fr\/blog\/#website\"},\"primaryImageOfPage\":{\"@id\":\"https:\/\/dicodusport.fr\/blog\/atp-cup-les-bleus-dans-le-dur\/#primaryimage\"},\"image\":{\"@id\":\"https:\/\/dicodusport.fr\/blog\/atp-cup-les-bleus-dans-le-dur\/#primaryimage\"},\"thumbnailUrl\":\"https:\/\/dicodusport.fr\/blog\/wp-content\/uploads\/2021\/02\/ATP-Cup-Les-Bleus-dans-le-dur.png\",\"datePublished\":\"2021-02-03T11:45:45+00:00\",\"dateModified\":\"2021-02-03T11:49:33+00:00\",\"description\":\"Apr\u00e8s les rencontres de la nuit, l'\u00e9quipe de France est d'ores et d\u00e9j\u00e0 \u00e9limin\u00e9e de l'ATP Cup. Cette nuit deux chocs sont programm\u00e9s.\",\"breadcrumb\":{\"@id\":\"https:\/\/dicodusport.fr\/blog\/atp-cup-les-bleus-dans-le-dur\/#breadcrumb\"},\"inLanguage\":\"fr-FR\",\"potentialAction\":[{\"@type\":\"ReadAction\",\"target\":[\"https:\/\/dicodusport.fr\/blog\/atp-cup-les-bleus-dans-le-dur\/\"]}]},{\"@type\":\"ImageObject\",\"inLanguage\":\"fr-FR\",\"@id\":\"https:\/\/dicodusport.fr\/blog\/atp-cup-les-bleus-dans-le-dur\/#primaryimage\",\"url\":\"https:\/\/dicodusport.fr\/blog\/wp-content\/uploads\/2021\/02\/ATP-Cup-Les-Bleus-dans-le-dur.png\",\"contentUrl\":\"https:\/\/dicodusport.fr\/blog\/wp-content\/uploads\/2021\/02\/ATP-Cup-Les-Bleus-dans-le-dur.png\",\"width\":800,\"height\":445,\"caption\":\"ATP Cup - Les Bleus dans le dur\"},{\"@type\":\"BreadcrumbList\",\"@id\":\"https:\/\/dicodusport.fr\/blog\/atp-cup-les-bleus-dans-le-dur\/#breadcrumb\",\"itemListElement\":[{\"@type\":\"ListItem\",\"position\":1,\"name\":\"Accueil\",\"item\":\"https:\/\/dicodusport.fr\/blog\/\"},{\"@type\":\"ListItem\",\"position\":2,\"name\":\"ATP Cup : les Bleus dans le dur\"}]},{\"@type\":\"WebSite\",\"@id\":\"https:\/\/dicodusport.fr\/blog\/#website\",\"url\":\"https:\/\/dicodusport.fr\/blog\/\",\"name\":\"Dicodusport\",\"description\":\"L&#039;encyclop\u00e9die de l&#039;actualit\u00e9 sportive\",\"publisher\":{\"@id\":\"https:\/\/dicodusport.fr\/blog\/#organization\"},\"potentialAction\":[{\"@type\":\"SearchAction\",\"target\":{\"@type\":\"EntryPoint\",\"urlTemplate\":\"https:\/\/dicodusport.fr\/blog\/?s={search_term_string}\"},\"query-input\":{\"@type\":\"PropertyValueSpecification\",\"valueRequired\":true,\"valueName\":\"search_term_string\"}}],\"inLanguage\":\"fr-FR\"},{\"@type\":\"NewsMediaOrganization\",\"@id\":\"https:\/\/dicodusport.fr\/blog\/#organization\",\"name\":\"Dicodusport\",\"url\":\"https:\/\/dicodusport.fr\/blog\/\",\"logo\":{\"@type\":\"ImageObject\",\"inLanguage\":\"fr-FR\",\"@id\":\"https:\/\/dicodusport.fr\/blog\/#\/schema\/logo\/image\/\",\"url\":\"https:\/\/dicodusport.fr\/blog\/wp-content\/uploads\/2020\/06\/cropped-LOGO-DICODUSPORT-2020-SANS-FOND-SANS-TEXTE.png\",\"contentUrl\":\"https:\/\/dicodusport.fr\/blog\/wp-content\/uploads\/2020\/06\/cropped-LOGO-DICODUSPORT-2020-SANS-FOND-SANS-TEXTE.png\",\"width\":512,\"height\":512,\"caption\":\"Dicodusport\"},\"image\":{\"@id\":\"https:\/\/dicodusport.fr\/blog\/#\/schema\/logo\/image\/\"},\"sameAs\":[\"https:\/\/www.facebook.com\/dicodusport\",\"https:\/\/x.com\/dicodusport\",\"https:\/\/www.instagram.com\/dicodusport\/\",\"https:\/\/www.youtube.com\/channel\/UC7V2KZ5sd3htJivAbA4ZG3w\"],\"description\":\"Dicodusport est l'encyclop\u00e9die de l'actualit\u00e9 sportive.\",\"email\":\"bonjour@dicodusport.fr\",\"legalName\":\"DICODUSPORT\",\"foundingDate\":\"2018-01-14\",\"vatID\":\"FR71834470973\",\"taxID\":\"83447097300043\",\"numberOfEmployees\":{\"@type\":\"QuantitativeValue\",\"minValue\":\"1\",\"maxValue\":\"10\"}},{\"@type\":\"Person\",\"@id\":\"https:\/\/dicodusport.fr\/blog\/#\/schema\/person\/0f73d157e4670e108e23009fa82f2239\",\"name\":\"Julien Correia\",\"image\":{\"@type\":\"ImageObject\",\"inLanguage\":\"fr-FR\",\"@id\":\"https:\/\/dicodusport.fr\/blog\/#\/schema\/person\/image\/\",\"url\":\"https:\/\/dicodusport.fr\/blog\/wp-content\/uploads\/2021\/05\/Julien-Correia-150x150.jpg\",\"contentUrl\":\"https:\/\/dicodusport.fr\/blog\/wp-content\/uploads\/2021\/05\/Julien-Correia-150x150.jpg\",\"caption\":\"Julien Correia\"},\"description\":\"Journaliste\/r\u00e9dacteur depuis janvier 2019 - Tomb\u00e9 dans le monde du ballon rond \u00e9tant petit, j\u2019aurais pu devenir pro sans ces foutus ligaments crois\u00e9s. D\u00e9filant sur les champs (mais pas Elys\u00e9es) en 98, j\u2019ai \u00e9t\u00e9 berc\u00e9 par les exploits de Mister George, piqu\u00e9 par la technique du Snake, grandi avec Captain Rai et Ronnie, m\u00fbri avec Pauleta et Edi. Mais Ibracadabra, je suis d\u00e9sormais reconverti en runner\/traileur. Moins rapide que Bolt et moins endurant que Jornet, c\u2019est donc plume \u00e0 la main que je partage les exploits de ces athl\u00e8tes !\",\"sameAs\":[\"https:\/\/www.facebook.com\/julien.correia.52\",\"https:\/\/x.com\/https:\/\/twitter.com\/julienco_psg70\"],\"url\":\"https:\/\/dicodusport.fr\/blog\/author\/julien-c\/\"}]}<\/script>\n<!-- \/ Yoast SEO Premium plugin. -->","yoast_head_json":{"title":"ATP Cup : les Bleus dans le dur","description":"Apr\u00e8s les rencontres de la nuit, l'\u00e9quipe de France est d'ores et d\u00e9j\u00e0 \u00e9limin\u00e9e de l'ATP Cup. Cette nuit deux chocs sont programm\u00e9s.","robots":{"index":"index","follow":"follow","max-snippet":"max-snippet:-1","max-image-preview":"max-image-preview:large","max-video-preview":"max-video-preview:-1"},"canonical":"https:\/\/dicodusport.fr\/blog\/atp-cup-les-bleus-dans-le-dur\/","og_locale":"fr_FR","og_type":"article","og_title":"ATP Cup : les Bleus dans le dur","og_description":"Apr\u00e8s les rencontres de la nuit, l'\u00e9quipe de France est d'ores et d\u00e9j\u00e0 \u00e9limin\u00e9e de l'ATP Cup. Cette nuit deux chocs sont programm\u00e9s.","og_url":"https:\/\/dicodusport.fr\/blog\/atp-cup-les-bleus-dans-le-dur\/","og_site_name":"Dicodusport","article_publisher":"https:\/\/www.facebook.com\/dicodusport","article_author":"https:\/\/www.facebook.com\/julien.correia.52","article_published_time":"2021-02-03T11:45:45+00:00","article_modified_time":"2021-02-03T11:49:33+00:00","og_image":[{"width":800,"height":445,"url":"https:\/\/dicodusport.fr\/blog\/wp-content\/uploads\/2021\/02\/ATP-Cup-Les-Bleus-dans-le-dur.png","type":"image\/png"}],"author":"Julien Correia","twitter_card":"summary_large_image","twitter_title":"ATP Cup : les Bleus dans le dur","twitter_creator":"@https:\/\/twitter.com\/julienco_psg70","twitter_site":"@dicodusport","schema":{"@context":"https:\/\/schema.org","@graph":[{"@type":"NewsArticle","@id":"https:\/\/dicodusport.fr\/blog\/atp-cup-les-bleus-dans-le-dur\/#article","isPartOf":{"@id":"https:\/\/dicodusport.fr\/blog\/atp-cup-les-bleus-dans-le-dur\/"},"author":{"name":"Julien Correia","@id":"https:\/\/dicodusport.fr\/blog\/#\/schema\/person\/0f73d157e4670e108e23009fa82f2239"},"headline":"ATP Cup : les Bleus dans le dur","datePublished":"2021-02-03T11:45:45+00:00","dateModified":"2021-02-03T11:49:33+00:00","mainEntityOfPage":{"@id":"https:\/\/dicodusport.fr\/blog\/atp-cup-les-bleus-dans-le-dur\/"},"wordCount":654,"commentCount":0,"publisher":{"@id":"https:\/\/dicodusport.fr\/blog\/#organization"},"image":{"@id":"https:\/\/dicodusport.fr\/blog\/atp-cup-les-bleus-dans-le-dur\/#primaryimage"},"thumbnailUrl":"https:\/\/dicodusport.fr\/blog\/wp-content\/uploads\/2021\/02\/ATP-Cup-Les-Bleus-dans-le-dur.png","keywords":["ATP Cup","Beno\u00eet Paire","Ga\u00ebl Monfils","Tennis"],"articleSection":["Tennis"],"inLanguage":"fr-FR","potentialAction":[{"@type":"CommentAction","name":"Comment","target":["https:\/\/dicodusport.fr\/blog\/atp-cup-les-bleus-dans-le-dur\/#respond"]}],"copyrightYear":"2021","copyrightHolder":{"@id":"https:\/\/dicodusport.fr\/blog\/#organization"}},{"@type":"WebPage","@id":"https:\/\/dicodusport.fr\/blog\/atp-cup-les-bleus-dans-le-dur\/","url":"https:\/\/dicodusport.fr\/blog\/atp-cup-les-bleus-dans-le-dur\/","name":"ATP Cup : les Bleus dans le dur","isPartOf":{"@id":"https:\/\/dicodusport.fr\/blog\/#website"},"primaryImageOfPage":{"@id":"https:\/\/dicodusport.fr\/blog\/atp-cup-les-bleus-dans-le-dur\/#primaryimage"},"image":{"@id":"https:\/\/dicodusport.fr\/blog\/atp-cup-les-bleus-dans-le-dur\/#primaryimage"},"thumbnailUrl":"https:\/\/dicodusport.fr\/blog\/wp-content\/uploads\/2021\/02\/ATP-Cup-Les-Bleus-dans-le-dur.png","datePublished":"2021-02-03T11:45:45+00:00","dateModified":"2021-02-03T11:49:33+00:00","description":"Apr\u00e8s les rencontres de la nuit, l'\u00e9quipe de France est d'ores et d\u00e9j\u00e0 \u00e9limin\u00e9e de l'ATP Cup. Cette nuit deux chocs sont programm\u00e9s.","breadcrumb":{"@id":"https:\/\/dicodusport.fr\/blog\/atp-cup-les-bleus-dans-le-dur\/#breadcrumb"},"inLanguage":"fr-FR","potentialAction":[{"@type":"ReadAction","target":["https:\/\/dicodusport.fr\/blog\/atp-cup-les-bleus-dans-le-dur\/"]}]},{"@type":"ImageObject","inLanguage":"fr-FR","@id":"https:\/\/dicodusport.fr\/blog\/atp-cup-les-bleus-dans-le-dur\/#primaryimage","url":"https:\/\/dicodusport.fr\/blog\/wp-content\/uploads\/2021\/02\/ATP-Cup-Les-Bleus-dans-le-dur.png","contentUrl":"https:\/\/dicodusport.fr\/blog\/wp-content\/uploads\/2021\/02\/ATP-Cup-Les-Bleus-dans-le-dur.png","width":800,"height":445,"caption":"ATP Cup - Les Bleus dans le dur"},{"@type":"BreadcrumbList","@id":"https:\/\/dicodusport.fr\/blog\/atp-cup-les-bleus-dans-le-dur\/#breadcrumb","itemListElement":[{"@type":"ListItem","position":1,"name":"Accueil","item":"https:\/\/dicodusport.fr\/blog\/"},{"@type":"ListItem","position":2,"name":"ATP Cup : les Bleus dans le dur"}]},{"@type":"WebSite","@id":"https:\/\/dicodusport.fr\/blog\/#website","url":"https:\/\/dicodusport.fr\/blog\/","name":"Dicodusport","description":"L&#039;encyclop\u00e9die de l&#039;actualit\u00e9 sportive","publisher":{"@id":"https:\/\/dicodusport.fr\/blog\/#organization"},"potentialAction":[{"@type":"SearchAction","target":{"@type":"EntryPoint","urlTemplate":"https:\/\/dicodusport.fr\/blog\/?s={search_term_string}"},"query-input":{"@type":"PropertyValueSpecification","valueRequired":true,"valueName":"search_term_string"}}],"inLanguage":"fr-FR"},{"@type":"NewsMediaOrganization","@id":"https:\/\/dicodusport.fr\/blog\/#organization","name":"Dicodusport","url":"https:\/\/dicodusport.fr\/blog\/","logo":{"@type":"ImageObject","inLanguage":"fr-FR","@id":"https:\/\/dicodusport.fr\/blog\/#\/schema\/logo\/image\/","url":"https:\/\/dicodusport.fr\/blog\/wp-content\/uploads\/2020\/06\/cropped-LOGO-DICODUSPORT-2020-SANS-FOND-SANS-TEXTE.png","contentUrl":"https:\/\/dicodusport.fr\/blog\/wp-content\/uploads\/2020\/06\/cropped-LOGO-DICODUSPORT-2020-SANS-FOND-SANS-TEXTE.png","width":512,"height":512,"caption":"Dicodusport"},"image":{"@id":"https:\/\/dicodusport.fr\/blog\/#\/schema\/logo\/image\/"},"sameAs":["https:\/\/www.facebook.com\/dicodusport","https:\/\/x.com\/dicodusport","https:\/\/www.instagram.com\/dicodusport\/","https:\/\/www.youtube.com\/channel\/UC7V2KZ5sd3htJivAbA4ZG3w"],"description":"Dicodusport est l'encyclop\u00e9die de l'actualit\u00e9 sportive.","email":"bonjour@dicodusport.fr","legalName":"DICODUSPORT","foundingDate":"2018-01-14","vatID":"FR71834470973","taxID":"83447097300043","numberOfEmployees":{"@type":"QuantitativeValue","minValue":"1","maxValue":"10"}},{"@type":"Person","@id":"https:\/\/dicodusport.fr\/blog\/#\/schema\/person\/0f73d157e4670e108e23009fa82f2239","name":"Julien Correia","image":{"@type":"ImageObject","inLanguage":"fr-FR","@id":"https:\/\/dicodusport.fr\/blog\/#\/schema\/person\/image\/","url":"https:\/\/dicodusport.fr\/blog\/wp-content\/uploads\/2021\/05\/Julien-Correia-150x150.jpg","contentUrl":"https:\/\/dicodusport.fr\/blog\/wp-content\/uploads\/2021\/05\/Julien-Correia-150x150.jpg","caption":"Julien Correia"},"description":"Journaliste\/r\u00e9dacteur depuis janvier 2019 - Tomb\u00e9 dans le monde du ballon rond \u00e9tant petit, j\u2019aurais pu devenir pro sans ces foutus ligaments crois\u00e9s. D\u00e9filant sur les champs (mais pas Elys\u00e9es) en 98, j\u2019ai \u00e9t\u00e9 berc\u00e9 par les exploits de Mister George, piqu\u00e9 par la technique du Snake, grandi avec Captain Rai et Ronnie, m\u00fbri avec Pauleta et Edi. Mais Ibracadabra, je suis d\u00e9sormais reconverti en runner\/traileur. Moins rapide que Bolt et moins endurant que Jornet, c\u2019est donc plume \u00e0 la main que je partage les exploits de ces athl\u00e8tes !","sameAs":["https:\/\/www.facebook.com\/julien.correia.52","https:\/\/x.com\/https:\/\/twitter.com\/julienco_psg70"],"url":"https:\/\/dicodusport.fr\/blog\/author\/julien-c\/"}]}},"_links":{"self":[{"href":"https:\/\/dicodusport.fr\/blog\/wp-json\/wp\/v2\/posts\/103548","targetHints":{"allow":["GET"]}}],"collection":[{"href":"https:\/\/dicodusport.fr\/blog\/wp-json\/wp\/v2\/posts"}],"about":[{"href":"https:\/\/dicodusport.fr\/blog\/wp-json\/wp\/v2\/types\/post"}],"author":[{"embeddable":true,"href":"https:\/\/dicodusport.fr\/blog\/wp-json\/wp\/v2\/users\/37"}],"replies":[{"embeddable":true,"href":"https:\/\/dicodusport.fr\/blog\/wp-json\/wp\/v2\/comments?post=103548"}],"version-history":[{"count":0,"href":"https:\/\/dicodusport.fr\/blog\/wp-json\/wp\/v2\/posts\/103548\/revisions"}],"wp:featuredmedia":[{"embeddable":true,"href":"https:\/\/dicodusport.fr\/blog\/wp-json\/wp\/v2\/media\/103585"}],"wp:attachment":[{"href":"https:\/\/dicodusport.fr\/blog\/wp-json\/wp\/v2\/media?parent=103548"}],"wp:term":[{"taxonomy":"category","embeddable":true,"href":"https:\/\/dicodusport.fr\/blog\/wp-json\/wp\/v2\/categories?post=103548"},{"taxonomy":"post_tag","embeddable":true,"href":"https:\/\/dicodusport.fr\/blog\/wp-json\/wp\/v2\/tags?post=103548"}],"curies":[{"name":"wp","href":"https:\/\/api.w.org\/{rel}","templated":true}]}}