{"id":103628,"date":"2021-02-04T08:01:11","date_gmt":"2021-02-04T07:01:11","guid":{"rendered":"https:\/\/dicodusport.fr\/blog\/?p=103628"},"modified":"2021-02-04T08:00:48","modified_gmt":"2021-02-04T07:00:48","slug":"4-fevrier-1995-5eme-titre-europeen-consecutif-pour-surya-bonaly","status":"publish","type":"post","link":"https:\/\/dicodusport.fr\/blog\/4-fevrier-1995-5eme-titre-europeen-consecutif-pour-surya-bonaly\/","title":{"rendered":"4 f\u00e9vrier 1995 : 5\u00e8me titre europ\u00e9en cons\u00e9cutif pour Surya Bonaly"},"content":{"rendered":"<p style=\"text-align: justify;\"><em><strong><a href=\"https:\/\/dicodusport.fr\/definition-sport\/patinage-artistique\/\">PATINAGE ARTISTIQUE<\/a> &#8211; On vous parlait il y a peu du <a href=\"https:\/\/dicodusport.fr\/blog\/25-janvier-1991-premier-titre-europeen-pour-surya-bonaly\/\">premier titre europ\u00e9en<\/a> d\u00e9croch\u00e9 par Surya Bonaly en janvier 1991. Quatre ans plus tard, la patineuse fran\u00e7aise est toujours au sommet de l\u2019Europe.<\/strong> <\/em><\/p>\n<h2 style=\"text-align: justify;\">\u00c7a s&rsquo;est pass\u00e9 le 4 f\u00e9vrier 1995<\/h2>\n<p style=\"text-align: justify;\">Si le premier sacre avait \u00e9t\u00e9 compliqu\u00e9 \u00e0 aller chercher, le dernier l\u2019est beaucoup moins. Seconde apr\u00e8s le programme court, Surya Bonaly est coll\u00e9e de pr\u00e8s par les Russes Olga Markova et Maria Boutirska\u00efa. Apr\u00e8s une chute de cette derni\u00e8re lors du libre, restent alors Markova et Bonaly. Point positif pour la Fran\u00e7aise, elle est la derni\u00e8re \u00e0 s\u2019ex\u00e9cuter sur la glace de Dortmund, sans pression, d\u2019autant plus que la Russe ne semble pas sereine lors des combinaisons de sauts. La vice-championne du monde encha\u00eene les triples sauts. La technique est presque parfaite, l\u2019artistique bien meilleure qu\u2019auparavant. La musique s\u2019arr\u00eate, Surya Bonaly le sait, elle vient de d\u00e9crocher son cinqui\u00e8me titre europ\u00e9en.<\/p>\n<p><span class=\"nbmf3ZLzQdoBI0WRIggaRE4VrpcP1AJQurxPjukM8GTdwZqvsCqlGXHtnHy0EB2o26sz7\"><iframe loading=\"lazy\" title=\"Surya Bonaly (FRA) - 1995 European Figure Skating Championships, Ladies&#039; Free Skate\" width=\"740\" height=\"555\" src=\"https:\/\/www.youtube.com\/embed\/VJJ4FOy9yVY?feature=oembed\" frameborder=\"0\" allow=\"accelerometer; autoplay; clipboard-write; encrypted-media; gyroscope; picture-in-picture\" allowfullscreen><\/iframe><\/span><\/p>\n<p style=\"text-align: justify;\">Info\u00a0: Surya Bonaly est encore \u00e0 ce jour la seule patineuse fran\u00e7aise \u00e0 avoir remport\u00e9 le titre europ\u00e9en dans la cat\u00e9gorie dames.<\/p>\n<p><em><strong>Sophie Clapier<\/strong><br \/>\n<\/em><a href=\"https:\/\/twitter.com\/soocube\" target=\"_blank\" rel=\"noopener noreferrer\"><img loading=\"lazy\" decoding=\"async\" class=\"alignnone wp-image-2908\" src=\"http:\/\/dicodusport.fr\/blog\/wp-content\/uploads\/2017\/07\/logo-twitter-150x150.png\" alt=\"\" width=\"39\" height=\"39\" \/><\/a><a href=\"https:\/\/www.facebook.com\/soocube\" target=\"_blank\" rel=\"noopener noreferrer\"><img loading=\"lazy\" decoding=\"async\" class=\"alignnone wp-image-2909\" src=\"http:\/\/dicodusport.fr\/blog\/wp-content\/uploads\/2017\/07\/logo-facebook-150x150.png\" alt=\"\" width=\"40\" height=\"40\" \/><\/a><\/p>\n","protected":false},"excerpt":{"rendered":"<p>Retour sur la journ\u00e9e du 4 f\u00e9vrier 1995 et le cinqui\u00e8me sacre europ\u00e9en pour la patineuse tricolore Surya Bonaly. Cinqui\u00e8me !<\/p>\n","protected":false},"author":18,"featured_media":103773,"comment_status":"open","ping_status":"closed","sticky":false,"template":"","format":"standard","meta":{"_acf_changed":false,"_daextam_enable_autolinks":"","footnotes":""},"categories":[8,9141],"tags":[4799,2289],"class_list":["post-103628","post","type-post","status-publish","format-standard","has-post-thumbnail","hentry","category-histoire","category-patinage-artistique","tag-championnats-deurope","tag-patinage-artistique"],"acf":[],"yoast_head":"<!-- This site is optimized with the Yoast SEO Premium plugin v26.7 (Yoast SEO v26.7) - https:\/\/yoast.com\/wordpress\/plugins\/seo\/ -->\n<title>4 f\u00e9vrier 1995 : 5\u00e8me titre europ\u00e9en cons\u00e9cutif pour Surya Bonaly<\/title>\n<meta name=\"description\" content=\"Retour sur la journ\u00e9e du 4 f\u00e9vrier 1995 et le cinqui\u00e8me sacre europ\u00e9en pour la patineuse tricolore Surya Bonaly. Cinqui\u00e8me !\" \/>\n<meta name=\"robots\" content=\"index, follow, max-snippet:-1, max-image-preview:large, max-video-preview:-1\" \/>\n<link rel=\"canonical\" href=\"https:\/\/dicodusport.fr\/blog\/4-fevrier-1995-5eme-titre-europeen-consecutif-pour-surya-bonaly\/\" \/>\n<meta property=\"og:locale\" content=\"fr_FR\" \/>\n<meta property=\"og:type\" content=\"article\" \/>\n<meta property=\"og:title\" content=\"4 f\u00e9vrier 1995 : 5\u00e8me titre europ\u00e9en cons\u00e9cutif pour Surya Bonaly\" \/>\n<meta property=\"og:description\" content=\"Retour sur la journ\u00e9e du 4 f\u00e9vrier 1995 et le cinqui\u00e8me sacre europ\u00e9en pour la patineuse tricolore Surya Bonaly. Cinqui\u00e8me !\" \/>\n<meta property=\"og:url\" content=\"https:\/\/dicodusport.fr\/blog\/4-fevrier-1995-5eme-titre-europeen-consecutif-pour-surya-bonaly\/\" \/>\n<meta property=\"og:site_name\" content=\"Dicodusport\" \/>\n<meta property=\"article:publisher\" content=\"https:\/\/www.facebook.com\/dicodusport\" \/>\n<meta property=\"article:author\" content=\"https:\/\/www.facebook.com\/soocube\" \/>\n<meta property=\"article:published_time\" content=\"2021-02-04T07:01:11+00:00\" \/>\n<meta property=\"og:image\" content=\"https:\/\/dicodusport.fr\/blog\/wp-content\/uploads\/2021\/02\/4-fevrier-1995-5eme-titre-europeen-consecutif-pour-Surya-Bonaly.png\" \/>\n\t<meta property=\"og:image:width\" content=\"800\" \/>\n\t<meta property=\"og:image:height\" content=\"445\" \/>\n\t<meta property=\"og:image:type\" content=\"image\/png\" \/>\n<meta name=\"author\" content=\"Sophie Clapier\" \/>\n<meta name=\"twitter:card\" content=\"summary_large_image\" \/>\n<meta name=\"twitter:title\" content=\"4 f\u00e9vrier 1995 : 5\u00e8me titre europ\u00e9en cons\u00e9cutif pour Surya Bonaly\" \/>\n<meta name=\"twitter:creator\" content=\"@https:\/\/twitter.com\/soocube\" \/>\n<meta name=\"twitter:site\" content=\"@dicodusport\" \/>\n<script type=\"application\/ld+json\" class=\"yoast-schema-graph\">{\"@context\":\"https:\/\/schema.org\",\"@graph\":[{\"@type\":\"NewsArticle\",\"@id\":\"https:\/\/dicodusport.fr\/blog\/4-fevrier-1995-5eme-titre-europeen-consecutif-pour-surya-bonaly\/#article\",\"isPartOf\":{\"@id\":\"https:\/\/dicodusport.fr\/blog\/4-fevrier-1995-5eme-titre-europeen-consecutif-pour-surya-bonaly\/\"},\"author\":{\"name\":\"Sophie Clapier\",\"@id\":\"https:\/\/dicodusport.fr\/blog\/#\/schema\/person\/416c975648aca9da8839bdfe333a21c9\"},\"headline\":\"4 f\u00e9vrier 1995 : 5\u00e8me titre europ\u00e9en cons\u00e9cutif pour Surya Bonaly\",\"datePublished\":\"2021-02-04T07:01:11+00:00\",\"mainEntityOfPage\":{\"@id\":\"https:\/\/dicodusport.fr\/blog\/4-fevrier-1995-5eme-titre-europeen-consecutif-pour-surya-bonaly\/\"},\"wordCount\":219,\"commentCount\":0,\"publisher\":{\"@id\":\"https:\/\/dicodusport.fr\/blog\/#organization\"},\"image\":{\"@id\":\"https:\/\/dicodusport.fr\/blog\/4-fevrier-1995-5eme-titre-europeen-consecutif-pour-surya-bonaly\/#primaryimage\"},\"thumbnailUrl\":\"https:\/\/dicodusport.fr\/blog\/wp-content\/uploads\/2021\/02\/4-fevrier-1995-5eme-titre-europeen-consecutif-pour-Surya-Bonaly.png\",\"keywords\":[\"Championnats d'Europe\",\"Patinage artistique\"],\"articleSection\":[\"Histoire\",\"Patinage artistique\"],\"inLanguage\":\"fr-FR\",\"potentialAction\":[{\"@type\":\"CommentAction\",\"name\":\"Comment\",\"target\":[\"https:\/\/dicodusport.fr\/blog\/4-fevrier-1995-5eme-titre-europeen-consecutif-pour-surya-bonaly\/#respond\"]}],\"copyrightYear\":\"2021\",\"copyrightHolder\":{\"@id\":\"https:\/\/dicodusport.fr\/blog\/#organization\"}},{\"@type\":\"WebPage\",\"@id\":\"https:\/\/dicodusport.fr\/blog\/4-fevrier-1995-5eme-titre-europeen-consecutif-pour-surya-bonaly\/\",\"url\":\"https:\/\/dicodusport.fr\/blog\/4-fevrier-1995-5eme-titre-europeen-consecutif-pour-surya-bonaly\/\",\"name\":\"4 f\u00e9vrier 1995 : 5\u00e8me titre europ\u00e9en cons\u00e9cutif pour Surya Bonaly\",\"isPartOf\":{\"@id\":\"https:\/\/dicodusport.fr\/blog\/#website\"},\"primaryImageOfPage\":{\"@id\":\"https:\/\/dicodusport.fr\/blog\/4-fevrier-1995-5eme-titre-europeen-consecutif-pour-surya-bonaly\/#primaryimage\"},\"image\":{\"@id\":\"https:\/\/dicodusport.fr\/blog\/4-fevrier-1995-5eme-titre-europeen-consecutif-pour-surya-bonaly\/#primaryimage\"},\"thumbnailUrl\":\"https:\/\/dicodusport.fr\/blog\/wp-content\/uploads\/2021\/02\/4-fevrier-1995-5eme-titre-europeen-consecutif-pour-Surya-Bonaly.png\",\"datePublished\":\"2021-02-04T07:01:11+00:00\",\"description\":\"Retour sur la journ\u00e9e du 4 f\u00e9vrier 1995 et le cinqui\u00e8me sacre europ\u00e9en pour la patineuse tricolore Surya Bonaly. Cinqui\u00e8me !\",\"breadcrumb\":{\"@id\":\"https:\/\/dicodusport.fr\/blog\/4-fevrier-1995-5eme-titre-europeen-consecutif-pour-surya-bonaly\/#breadcrumb\"},\"inLanguage\":\"fr-FR\",\"potentialAction\":[{\"@type\":\"ReadAction\",\"target\":[\"https:\/\/dicodusport.fr\/blog\/4-fevrier-1995-5eme-titre-europeen-consecutif-pour-surya-bonaly\/\"]}]},{\"@type\":\"ImageObject\",\"inLanguage\":\"fr-FR\",\"@id\":\"https:\/\/dicodusport.fr\/blog\/4-fevrier-1995-5eme-titre-europeen-consecutif-pour-surya-bonaly\/#primaryimage\",\"url\":\"https:\/\/dicodusport.fr\/blog\/wp-content\/uploads\/2021\/02\/4-fevrier-1995-5eme-titre-europeen-consecutif-pour-Surya-Bonaly.png\",\"contentUrl\":\"https:\/\/dicodusport.fr\/blog\/wp-content\/uploads\/2021\/02\/4-fevrier-1995-5eme-titre-europeen-consecutif-pour-Surya-Bonaly.png\",\"width\":800,\"height\":445,\"caption\":\"4 f\u00e9vrier 1995 - 5\u00e8me titre europ\u00e9en cons\u00e9cutif pour Surya Bonaly\"},{\"@type\":\"BreadcrumbList\",\"@id\":\"https:\/\/dicodusport.fr\/blog\/4-fevrier-1995-5eme-titre-europeen-consecutif-pour-surya-bonaly\/#breadcrumb\",\"itemListElement\":[{\"@type\":\"ListItem\",\"position\":1,\"name\":\"Accueil\",\"item\":\"https:\/\/dicodusport.fr\/blog\/\"},{\"@type\":\"ListItem\",\"position\":2,\"name\":\"4 f\u00e9vrier 1995 : 5\u00e8me titre europ\u00e9en cons\u00e9cutif pour Surya Bonaly\"}]},{\"@type\":\"WebSite\",\"@id\":\"https:\/\/dicodusport.fr\/blog\/#website\",\"url\":\"https:\/\/dicodusport.fr\/blog\/\",\"name\":\"Dicodusport\",\"description\":\"L&#039;encyclop\u00e9die de l&#039;actualit\u00e9 sportive\",\"publisher\":{\"@id\":\"https:\/\/dicodusport.fr\/blog\/#organization\"},\"potentialAction\":[{\"@type\":\"SearchAction\",\"target\":{\"@type\":\"EntryPoint\",\"urlTemplate\":\"https:\/\/dicodusport.fr\/blog\/?s={search_term_string}\"},\"query-input\":{\"@type\":\"PropertyValueSpecification\",\"valueRequired\":true,\"valueName\":\"search_term_string\"}}],\"inLanguage\":\"fr-FR\"},{\"@type\":\"NewsMediaOrganization\",\"@id\":\"https:\/\/dicodusport.fr\/blog\/#organization\",\"name\":\"Dicodusport\",\"url\":\"https:\/\/dicodusport.fr\/blog\/\",\"logo\":{\"@type\":\"ImageObject\",\"inLanguage\":\"fr-FR\",\"@id\":\"https:\/\/dicodusport.fr\/blog\/#\/schema\/logo\/image\/\",\"url\":\"https:\/\/dicodusport.fr\/blog\/wp-content\/uploads\/2020\/06\/cropped-LOGO-DICODUSPORT-2020-SANS-FOND-SANS-TEXTE.png\",\"contentUrl\":\"https:\/\/dicodusport.fr\/blog\/wp-content\/uploads\/2020\/06\/cropped-LOGO-DICODUSPORT-2020-SANS-FOND-SANS-TEXTE.png\",\"width\":512,\"height\":512,\"caption\":\"Dicodusport\"},\"image\":{\"@id\":\"https:\/\/dicodusport.fr\/blog\/#\/schema\/logo\/image\/\"},\"sameAs\":[\"https:\/\/www.facebook.com\/dicodusport\",\"https:\/\/x.com\/dicodusport\",\"https:\/\/www.instagram.com\/dicodusport\/\",\"https:\/\/www.youtube.com\/channel\/UC7V2KZ5sd3htJivAbA4ZG3w\"],\"description\":\"Dicodusport est l'encyclop\u00e9die de l'actualit\u00e9 sportive.\",\"email\":\"bonjour@dicodusport.fr\",\"legalName\":\"DICODUSPORT\",\"foundingDate\":\"2018-01-14\",\"vatID\":\"FR71834470973\",\"taxID\":\"83447097300043\",\"numberOfEmployees\":{\"@type\":\"QuantitativeValue\",\"minValue\":\"1\",\"maxValue\":\"10\"}},{\"@type\":\"Person\",\"@id\":\"https:\/\/dicodusport.fr\/blog\/#\/schema\/person\/416c975648aca9da8839bdfe333a21c9\",\"name\":\"Sophie Clapier\",\"image\":{\"@type\":\"ImageObject\",\"inLanguage\":\"fr-FR\",\"@id\":\"https:\/\/dicodusport.fr\/blog\/#\/schema\/person\/image\/\",\"url\":\"https:\/\/dicodusport.fr\/blog\/wp-content\/uploads\/2021\/05\/Sophie-Clapier-150x150.jpg\",\"contentUrl\":\"https:\/\/dicodusport.fr\/blog\/wp-content\/uploads\/2021\/05\/Sophie-Clapier-150x150.jpg\",\"caption\":\"Sophie Clapier\"},\"description\":\"Journaliste\/r\u00e9dactrice depuis janvier 2016 - Passionn\u00e9e de sport depuis toujours, j\u2019en ai pratiqu\u00e9 quelques-uns. Judo, football, handball ou encore tennis, je n\u2019ai jamais pu me mettre d\u2019accord sur un en particulier. Mais \u00e7a, c\u2019\u00e9tait avant de d\u00e9couvrir le basket, devenu mon sport de pr\u00e9dilection. Les actions NBA, le All-Star Week-end, la fureur des Game 7 pendant les playoffs ou mieux, lors des Finals, this is why we play. Team Spurs T.P, je m\u2019accroche encore \u00e0 Gregg Popovich (don\u2019t leave !). Team chef Curry, je souhaite qu\u2019il finisse aux Warriors (staaaay !). Non, il n\u2019y a pas qu\u2019eux, des petits nouveaux -et des petites nouvelles \u00e9videmment- arrivent chaque jour dans toutes les disciplines et cr\u00e9ent de nouveaux exploits. Alors pour les grands \u00e9v\u00e9nements et comp\u00e9titions internationales, vive les pulsations 240\/minutes et le d\u00e9fibrillateur pas loin, et allez les Bleu(e)s ! C\u2019est s\u00fbr, j\u2019aurai plus vu ma vie sur un terrain de sport, mais \u00e0 d\u00e9faut d\u2019en faire en haut niveau, je le partage avec vous.\",\"sameAs\":[\"https:\/\/www.facebook.com\/soocube\",\"https:\/\/x.com\/https:\/\/twitter.com\/soocube\",\"admin\"],\"url\":\"https:\/\/dicodusport.fr\/blog\/author\/sophie\/\"}]}<\/script>\n<!-- \/ Yoast SEO Premium plugin. -->","yoast_head_json":{"title":"4 f\u00e9vrier 1995 : 5\u00e8me titre europ\u00e9en cons\u00e9cutif pour Surya Bonaly","description":"Retour sur la journ\u00e9e du 4 f\u00e9vrier 1995 et le cinqui\u00e8me sacre europ\u00e9en pour la patineuse tricolore Surya Bonaly. Cinqui\u00e8me !","robots":{"index":"index","follow":"follow","max-snippet":"max-snippet:-1","max-image-preview":"max-image-preview:large","max-video-preview":"max-video-preview:-1"},"canonical":"https:\/\/dicodusport.fr\/blog\/4-fevrier-1995-5eme-titre-europeen-consecutif-pour-surya-bonaly\/","og_locale":"fr_FR","og_type":"article","og_title":"4 f\u00e9vrier 1995 : 5\u00e8me titre europ\u00e9en cons\u00e9cutif pour Surya Bonaly","og_description":"Retour sur la journ\u00e9e du 4 f\u00e9vrier 1995 et le cinqui\u00e8me sacre europ\u00e9en pour la patineuse tricolore Surya Bonaly. Cinqui\u00e8me !","og_url":"https:\/\/dicodusport.fr\/blog\/4-fevrier-1995-5eme-titre-europeen-consecutif-pour-surya-bonaly\/","og_site_name":"Dicodusport","article_publisher":"https:\/\/www.facebook.com\/dicodusport","article_author":"https:\/\/www.facebook.com\/soocube","article_published_time":"2021-02-04T07:01:11+00:00","og_image":[{"width":800,"height":445,"url":"https:\/\/dicodusport.fr\/blog\/wp-content\/uploads\/2021\/02\/4-fevrier-1995-5eme-titre-europeen-consecutif-pour-Surya-Bonaly.png","type":"image\/png"}],"author":"Sophie Clapier","twitter_card":"summary_large_image","twitter_title":"4 f\u00e9vrier 1995 : 5\u00e8me titre europ\u00e9en cons\u00e9cutif pour Surya Bonaly","twitter_creator":"@https:\/\/twitter.com\/soocube","twitter_site":"@dicodusport","schema":{"@context":"https:\/\/schema.org","@graph":[{"@type":"NewsArticle","@id":"https:\/\/dicodusport.fr\/blog\/4-fevrier-1995-5eme-titre-europeen-consecutif-pour-surya-bonaly\/#article","isPartOf":{"@id":"https:\/\/dicodusport.fr\/blog\/4-fevrier-1995-5eme-titre-europeen-consecutif-pour-surya-bonaly\/"},"author":{"name":"Sophie Clapier","@id":"https:\/\/dicodusport.fr\/blog\/#\/schema\/person\/416c975648aca9da8839bdfe333a21c9"},"headline":"4 f\u00e9vrier 1995 : 5\u00e8me titre europ\u00e9en cons\u00e9cutif pour Surya Bonaly","datePublished":"2021-02-04T07:01:11+00:00","mainEntityOfPage":{"@id":"https:\/\/dicodusport.fr\/blog\/4-fevrier-1995-5eme-titre-europeen-consecutif-pour-surya-bonaly\/"},"wordCount":219,"commentCount":0,"publisher":{"@id":"https:\/\/dicodusport.fr\/blog\/#organization"},"image":{"@id":"https:\/\/dicodusport.fr\/blog\/4-fevrier-1995-5eme-titre-europeen-consecutif-pour-surya-bonaly\/#primaryimage"},"thumbnailUrl":"https:\/\/dicodusport.fr\/blog\/wp-content\/uploads\/2021\/02\/4-fevrier-1995-5eme-titre-europeen-consecutif-pour-Surya-Bonaly.png","keywords":["Championnats d'Europe","Patinage artistique"],"articleSection":["Histoire","Patinage artistique"],"inLanguage":"fr-FR","potentialAction":[{"@type":"CommentAction","name":"Comment","target":["https:\/\/dicodusport.fr\/blog\/4-fevrier-1995-5eme-titre-europeen-consecutif-pour-surya-bonaly\/#respond"]}],"copyrightYear":"2021","copyrightHolder":{"@id":"https:\/\/dicodusport.fr\/blog\/#organization"}},{"@type":"WebPage","@id":"https:\/\/dicodusport.fr\/blog\/4-fevrier-1995-5eme-titre-europeen-consecutif-pour-surya-bonaly\/","url":"https:\/\/dicodusport.fr\/blog\/4-fevrier-1995-5eme-titre-europeen-consecutif-pour-surya-bonaly\/","name":"4 f\u00e9vrier 1995 : 5\u00e8me titre europ\u00e9en cons\u00e9cutif pour Surya Bonaly","isPartOf":{"@id":"https:\/\/dicodusport.fr\/blog\/#website"},"primaryImageOfPage":{"@id":"https:\/\/dicodusport.fr\/blog\/4-fevrier-1995-5eme-titre-europeen-consecutif-pour-surya-bonaly\/#primaryimage"},"image":{"@id":"https:\/\/dicodusport.fr\/blog\/4-fevrier-1995-5eme-titre-europeen-consecutif-pour-surya-bonaly\/#primaryimage"},"thumbnailUrl":"https:\/\/dicodusport.fr\/blog\/wp-content\/uploads\/2021\/02\/4-fevrier-1995-5eme-titre-europeen-consecutif-pour-Surya-Bonaly.png","datePublished":"2021-02-04T07:01:11+00:00","description":"Retour sur la journ\u00e9e du 4 f\u00e9vrier 1995 et le cinqui\u00e8me sacre europ\u00e9en pour la patineuse tricolore Surya Bonaly. Cinqui\u00e8me !","breadcrumb":{"@id":"https:\/\/dicodusport.fr\/blog\/4-fevrier-1995-5eme-titre-europeen-consecutif-pour-surya-bonaly\/#breadcrumb"},"inLanguage":"fr-FR","potentialAction":[{"@type":"ReadAction","target":["https:\/\/dicodusport.fr\/blog\/4-fevrier-1995-5eme-titre-europeen-consecutif-pour-surya-bonaly\/"]}]},{"@type":"ImageObject","inLanguage":"fr-FR","@id":"https:\/\/dicodusport.fr\/blog\/4-fevrier-1995-5eme-titre-europeen-consecutif-pour-surya-bonaly\/#primaryimage","url":"https:\/\/dicodusport.fr\/blog\/wp-content\/uploads\/2021\/02\/4-fevrier-1995-5eme-titre-europeen-consecutif-pour-Surya-Bonaly.png","contentUrl":"https:\/\/dicodusport.fr\/blog\/wp-content\/uploads\/2021\/02\/4-fevrier-1995-5eme-titre-europeen-consecutif-pour-Surya-Bonaly.png","width":800,"height":445,"caption":"4 f\u00e9vrier 1995 - 5\u00e8me titre europ\u00e9en cons\u00e9cutif pour Surya Bonaly"},{"@type":"BreadcrumbList","@id":"https:\/\/dicodusport.fr\/blog\/4-fevrier-1995-5eme-titre-europeen-consecutif-pour-surya-bonaly\/#breadcrumb","itemListElement":[{"@type":"ListItem","position":1,"name":"Accueil","item":"https:\/\/dicodusport.fr\/blog\/"},{"@type":"ListItem","position":2,"name":"4 f\u00e9vrier 1995 : 5\u00e8me titre europ\u00e9en cons\u00e9cutif pour Surya Bonaly"}]},{"@type":"WebSite","@id":"https:\/\/dicodusport.fr\/blog\/#website","url":"https:\/\/dicodusport.fr\/blog\/","name":"Dicodusport","description":"L&#039;encyclop\u00e9die de l&#039;actualit\u00e9 sportive","publisher":{"@id":"https:\/\/dicodusport.fr\/blog\/#organization"},"potentialAction":[{"@type":"SearchAction","target":{"@type":"EntryPoint","urlTemplate":"https:\/\/dicodusport.fr\/blog\/?s={search_term_string}"},"query-input":{"@type":"PropertyValueSpecification","valueRequired":true,"valueName":"search_term_string"}}],"inLanguage":"fr-FR"},{"@type":"NewsMediaOrganization","@id":"https:\/\/dicodusport.fr\/blog\/#organization","name":"Dicodusport","url":"https:\/\/dicodusport.fr\/blog\/","logo":{"@type":"ImageObject","inLanguage":"fr-FR","@id":"https:\/\/dicodusport.fr\/blog\/#\/schema\/logo\/image\/","url":"https:\/\/dicodusport.fr\/blog\/wp-content\/uploads\/2020\/06\/cropped-LOGO-DICODUSPORT-2020-SANS-FOND-SANS-TEXTE.png","contentUrl":"https:\/\/dicodusport.fr\/blog\/wp-content\/uploads\/2020\/06\/cropped-LOGO-DICODUSPORT-2020-SANS-FOND-SANS-TEXTE.png","width":512,"height":512,"caption":"Dicodusport"},"image":{"@id":"https:\/\/dicodusport.fr\/blog\/#\/schema\/logo\/image\/"},"sameAs":["https:\/\/www.facebook.com\/dicodusport","https:\/\/x.com\/dicodusport","https:\/\/www.instagram.com\/dicodusport\/","https:\/\/www.youtube.com\/channel\/UC7V2KZ5sd3htJivAbA4ZG3w"],"description":"Dicodusport est l'encyclop\u00e9die de l'actualit\u00e9 sportive.","email":"bonjour@dicodusport.fr","legalName":"DICODUSPORT","foundingDate":"2018-01-14","vatID":"FR71834470973","taxID":"83447097300043","numberOfEmployees":{"@type":"QuantitativeValue","minValue":"1","maxValue":"10"}},{"@type":"Person","@id":"https:\/\/dicodusport.fr\/blog\/#\/schema\/person\/416c975648aca9da8839bdfe333a21c9","name":"Sophie Clapier","image":{"@type":"ImageObject","inLanguage":"fr-FR","@id":"https:\/\/dicodusport.fr\/blog\/#\/schema\/person\/image\/","url":"https:\/\/dicodusport.fr\/blog\/wp-content\/uploads\/2021\/05\/Sophie-Clapier-150x150.jpg","contentUrl":"https:\/\/dicodusport.fr\/blog\/wp-content\/uploads\/2021\/05\/Sophie-Clapier-150x150.jpg","caption":"Sophie Clapier"},"description":"Journaliste\/r\u00e9dactrice depuis janvier 2016 - Passionn\u00e9e de sport depuis toujours, j\u2019en ai pratiqu\u00e9 quelques-uns. Judo, football, handball ou encore tennis, je n\u2019ai jamais pu me mettre d\u2019accord sur un en particulier. Mais \u00e7a, c\u2019\u00e9tait avant de d\u00e9couvrir le basket, devenu mon sport de pr\u00e9dilection. Les actions NBA, le All-Star Week-end, la fureur des Game 7 pendant les playoffs ou mieux, lors des Finals, this is why we play. Team Spurs T.P, je m\u2019accroche encore \u00e0 Gregg Popovich (don\u2019t leave !). Team chef Curry, je souhaite qu\u2019il finisse aux Warriors (staaaay !). Non, il n\u2019y a pas qu\u2019eux, des petits nouveaux -et des petites nouvelles \u00e9videmment- arrivent chaque jour dans toutes les disciplines et cr\u00e9ent de nouveaux exploits. Alors pour les grands \u00e9v\u00e9nements et comp\u00e9titions internationales, vive les pulsations 240\/minutes et le d\u00e9fibrillateur pas loin, et allez les Bleu(e)s ! C\u2019est s\u00fbr, j\u2019aurai plus vu ma vie sur un terrain de sport, mais \u00e0 d\u00e9faut d\u2019en faire en haut niveau, je le partage avec vous.","sameAs":["https:\/\/www.facebook.com\/soocube","https:\/\/x.com\/https:\/\/twitter.com\/soocube","admin"],"url":"https:\/\/dicodusport.fr\/blog\/author\/sophie\/"}]}},"_links":{"self":[{"href":"https:\/\/dicodusport.fr\/blog\/wp-json\/wp\/v2\/posts\/103628","targetHints":{"allow":["GET"]}}],"collection":[{"href":"https:\/\/dicodusport.fr\/blog\/wp-json\/wp\/v2\/posts"}],"about":[{"href":"https:\/\/dicodusport.fr\/blog\/wp-json\/wp\/v2\/types\/post"}],"author":[{"embeddable":true,"href":"https:\/\/dicodusport.fr\/blog\/wp-json\/wp\/v2\/users\/18"}],"replies":[{"embeddable":true,"href":"https:\/\/dicodusport.fr\/blog\/wp-json\/wp\/v2\/comments?post=103628"}],"version-history":[{"count":0,"href":"https:\/\/dicodusport.fr\/blog\/wp-json\/wp\/v2\/posts\/103628\/revisions"}],"wp:featuredmedia":[{"embeddable":true,"href":"https:\/\/dicodusport.fr\/blog\/wp-json\/wp\/v2\/media\/103773"}],"wp:attachment":[{"href":"https:\/\/dicodusport.fr\/blog\/wp-json\/wp\/v2\/media?parent=103628"}],"wp:term":[{"taxonomy":"category","embeddable":true,"href":"https:\/\/dicodusport.fr\/blog\/wp-json\/wp\/v2\/categories?post=103628"},{"taxonomy":"post_tag","embeddable":true,"href":"https:\/\/dicodusport.fr\/blog\/wp-json\/wp\/v2\/tags?post=103628"}],"curies":[{"name":"wp","href":"https:\/\/api.w.org\/{rel}","templated":true}]}}