{"id":103781,"date":"2021-02-05T13:50:32","date_gmt":"2021-02-05T12:50:32","guid":{"rendered":"https:\/\/dicodusport.fr\/blog\/?p=103781&#038;preview=true&#038;preview_id=103781"},"modified":"2021-02-05T14:07:47","modified_gmt":"2021-02-05T13:07:47","slug":"ciryl-gane-un-francais-au-sommet-de-lufc","status":"publish","type":"post","link":"https:\/\/dicodusport.fr\/blog\/ciryl-gane-un-francais-au-sommet-de-lufc\/","title":{"rendered":"Ciryl Gane, un Fran\u00e7ais au sommet de l&rsquo;UFC ?"},"content":{"rendered":"<p style=\"text-align: justify;\"><strong><i><a href=\"https:\/\/dicodusport.fr\/blog\/tag\/ufc\/\" target=\"_blank\" rel=\"noopener\">UFC<\/a> &#8211; Ciryl Gane va affronter Jairzinho Rozenstruik le 27 f\u00e9vrier prochain. Un combat symbolique \u00e0 plus d&rsquo;un titre pour le Fran\u00e7ais. <\/i><\/strong><\/p>\n<p style=\"text-align: justify;\">Pour la\u00a0premi\u00e8re fois\u00a0de sa carri\u00e8re UFC, le poids lourd fran\u00e7ais <strong>Ciryl Gane<\/strong> (30 ans) va se retrouver en haut de l&rsquo;affiche. Son combat face au Surinamien <strong>Jaizinho Rozenstruik<\/strong> sera le main event de l&rsquo;UFC Fight Night du 27 f\u00e9vrier. Un duel important pour le Fran\u00e7ais, qui pourrait \u00eatre propuls\u00e9 vers les sommets du classement des poids lourds de l&rsquo;UFC en cas de victoire face au num\u00e9ro 3 mondial de sa cat\u00e9gorie. Une mont\u00e9e en puissance fulgurante pour <strong>Ciryl Gane<\/strong>, qui a connu un parcours aussi atypique que l&rsquo;\u00e9criture de son pr\u00e9nom.<\/p>\n<h2 style=\"text-align: justify;\">D\u00e9buts tardifs, progression pr\u00e9coce<\/h2>\n<p style=\"text-align: justify;\">Rien ne destinait <em>Bon Gamin<\/em> <strong>Ciryl Gane<\/strong> \u00e0 \u00eatre l\u00e0 o\u00f9 il est aujourd&rsquo;hui. Le Vend\u00e9en a d\u00e9couvert les sports de combat sur le tard. Apr\u00e8s s&rsquo;\u00eatre mis au Muay-Tha\u00ef en 2014 (discipline o\u00f9 il a remport\u00e9 ses 7 combats pro), Gane a fait une transition vers le MMA en 2018, \u00e0 28 ans. Apr\u00e8s seulement 3 combats (tous gagn\u00e9s) au Canada pour une f\u00e9d\u00e9ration mineure, l&rsquo;UFC le recrute. Une signature qui a fait parler en raison de son \u00e2ge d\u00e9j\u00e0 avanc\u00e9 et de sa relative inexp\u00e9rience du MMA.<\/p>\n<p style=\"text-align: justify;\">Mais rapidement, <em>Bon Gamin<\/em> fera taire les sceptiques. Invaincu en 4 combats dans le c\u00e9l\u00e8bre octogone, il reste sur une prestigieuse victoire face \u00e0 l&rsquo;ancien champion du monde junior <strong>Dos Santos<\/strong> en d\u00e9cembre 2020. Inconnu il y a encore 2 ans, <strong>Ciryl Gane<\/strong> conna\u00eet une progression tr\u00e8s rapide vers les sommets des poids lourds. Et l&rsquo;histoire ne fait sans doute que commencer.<\/p>\n<h2 style=\"text-align: justify;\">Combat pour le titre \u00e0 venir ?<\/h2>\n<p style=\"text-align: justify;\">Ce combat \u00e0 venir entre <strong>Ciryl Gane<\/strong> et <strong>Jairzinho Rozenstruik<\/strong> a tout d&rsquo;une demi-finale mondiale. Si la prochaine opportunit\u00e9 au titre semble promise \u00e0 <strong>Jon Jones<\/strong> (qui affrontera cet \u00e9t\u00e9 le vainqueur du combat pr\u00e9vu le 27 mars entre <strong>Stipe Miocic<\/strong> et <strong>Francis Ngannou<\/strong>), le vainqueur du duel <strong>Gane-Rozenstruik<\/strong> pourrait \u00eatre le suivant sur la liste. De quoi motiver le Vend\u00e9en \u00e0 d\u00e9crocher une 8\u00e8me victoire cons\u00e9cutive en MMA.<\/p>\n<blockquote class=\"twitter-tweet\">\n<p dir=\"ltr\" lang=\"fr\">La France &#x1f1eb;&#x1f1f7; en t\u00eate d\u2019affiche ! <a href=\"https:\/\/twitter.com\/JairRozenstruik?ref_src=twsrc%5Etfw\">@JairRozenstruik<\/a>&#x1f1f8;&#x1f1f7; vs <a href=\"https:\/\/twitter.com\/ciryl_gane?ref_src=twsrc%5Etfw\">@ciryl_gane<\/a>&#x1f1eb;&#x1f1f7; le 27 F\u00e9vrier ! <a href=\"https:\/\/twitter.com\/hashtag\/UFCVegas20?src=hash&amp;ref_src=twsrc%5Etfw\">#UFCVegas20<\/a> <a href=\"https:\/\/t.co\/ZkpaJXcDyG\">pic.twitter.com\/ZkpaJXcDyG<\/a><\/p>\n<p>\u2014 UFC France &#x1f1eb;&#x1f1f7; (@UFCFRA) <a href=\"https:\/\/twitter.com\/UFCFRA\/status\/1357012359567597572?ref_src=twsrc%5Etfw\">February 3, 2021<\/a><\/p><\/blockquote>\n<p><script async src=\"https:\/\/platform.twitter.com\/widgets.js\" charset=\"utf-8\"><\/script><\/p>\n<p><strong><em>Idriss Ahamada<br \/>\n<\/em><\/strong><strong><em><a href=\"https:\/\/www.facebook.com\/dicodusport\/\" target=\"_blank\" rel=\"noopener noreferrer\"><img loading=\"lazy\" decoding=\"async\" class=\"alignnone wp-image-2909\" src=\"http:\/\/dicodusport.fr\/blog\/wp-content\/uploads\/2017\/07\/logo-facebook-150x150.png\" alt=\"\" width=\"40\" height=\"40\" \/><\/a><a href=\"https:\/\/twitter.com\/dicodusport\" target=\"_blank\" rel=\"noopener noreferrer\"><img loading=\"lazy\" decoding=\"async\" class=\"alignnone wp-image-2908\" src=\"http:\/\/dicodusport.fr\/blog\/wp-content\/uploads\/2017\/07\/logo-twitter-150x150.png\" alt=\"\" width=\"39\" height=\"39\" \/><\/a><\/em><\/strong><\/p>\n","protected":false},"excerpt":{"rendered":"<p>UFC &#8211; Ciryl Gane va affronter Jairzinho Rozenstruik le 27 f\u00e9vrier prochain. Un combat symbolique \u00e0 plus d&rsquo;un titre pour le Fran\u00e7ais.<\/p>\n","protected":false},"author":39,"featured_media":104120,"comment_status":"open","ping_status":"closed","sticky":false,"template":"","format":"standard","meta":{"_acf_changed":false,"_daextam_enable_autolinks":"","footnotes":""},"categories":[10666],"tags":[14125,1222,1224],"class_list":["post-103781","post","type-post","status-publish","format-standard","has-post-thumbnail","hentry","category-mma","tag-ciryl-gane","tag-mma","tag-ufc"],"acf":[],"yoast_head":"<!-- This site is optimized with the Yoast SEO Premium plugin v26.7 (Yoast SEO v26.7) - https:\/\/yoast.com\/wordpress\/plugins\/seo\/ -->\n<title>Ciryl Gane, un Fran\u00e7ais au sommet de l&#039;UFC ?<\/title>\n<meta name=\"description\" content=\"UFC - Ciryl Gane va affronter Jairzinho Rozenstruik le 27 f\u00e9vrier prochain. Un combat symbolique \u00e0 plus d&#039;un titre pour le Fran\u00e7ais.\" \/>\n<meta name=\"robots\" content=\"index, follow, max-snippet:-1, max-image-preview:large, max-video-preview:-1\" \/>\n<link rel=\"canonical\" href=\"https:\/\/dicodusport.fr\/blog\/ciryl-gane-un-francais-au-sommet-de-lufc\/\" \/>\n<meta property=\"og:locale\" content=\"fr_FR\" \/>\n<meta property=\"og:type\" content=\"article\" \/>\n<meta property=\"og:title\" content=\"Ciryl Gane, un Fran\u00e7ais au sommet de l&#039;UFC ?\" \/>\n<meta property=\"og:description\" content=\"UFC - Ciryl Gane va affronter Jairzinho Rozenstruik le 27 f\u00e9vrier prochain. Un combat symbolique \u00e0 plus d&#039;un titre pour le Fran\u00e7ais.\" \/>\n<meta property=\"og:url\" content=\"https:\/\/dicodusport.fr\/blog\/ciryl-gane-un-francais-au-sommet-de-lufc\/\" \/>\n<meta property=\"og:site_name\" content=\"Dicodusport\" \/>\n<meta property=\"article:publisher\" content=\"https:\/\/www.facebook.com\/dicodusport\" \/>\n<meta property=\"article:published_time\" content=\"2021-02-05T12:50:32+00:00\" \/>\n<meta property=\"article:modified_time\" content=\"2021-02-05T13:07:47+00:00\" \/>\n<meta property=\"og:image\" content=\"https:\/\/dicodusport.fr\/blog\/wp-content\/uploads\/2021\/02\/Ciryl-Gane-un-Francais-au-sommet-de-lUFC.png\" \/>\n\t<meta property=\"og:image:width\" content=\"800\" \/>\n\t<meta property=\"og:image:height\" content=\"445\" \/>\n\t<meta property=\"og:image:type\" content=\"image\/png\" \/>\n<meta name=\"author\" content=\"Idriss Ahamada\" \/>\n<meta name=\"twitter:card\" content=\"summary_large_image\" \/>\n<meta name=\"twitter:title\" content=\"Ciryl Gane, un Fran\u00e7ais au sommet de l&#039;UFC ?\" \/>\n<meta name=\"twitter:creator\" content=\"@https:\/\/twitter.com\/idriss_ia7\" \/>\n<meta name=\"twitter:site\" content=\"@dicodusport\" \/>\n<script type=\"application\/ld+json\" class=\"yoast-schema-graph\">{\"@context\":\"https:\/\/schema.org\",\"@graph\":[{\"@type\":\"NewsArticle\",\"@id\":\"https:\/\/dicodusport.fr\/blog\/ciryl-gane-un-francais-au-sommet-de-lufc\/#article\",\"isPartOf\":{\"@id\":\"https:\/\/dicodusport.fr\/blog\/ciryl-gane-un-francais-au-sommet-de-lufc\/\"},\"author\":{\"name\":\"Idriss Ahamada\",\"@id\":\"https:\/\/dicodusport.fr\/blog\/#\/schema\/person\/f3797823174b5e2975b9efe0302f16f4\"},\"headline\":\"Ciryl Gane, un Fran\u00e7ais au sommet de l&rsquo;UFC ?\",\"datePublished\":\"2021-02-05T12:50:32+00:00\",\"dateModified\":\"2021-02-05T13:07:47+00:00\",\"mainEntityOfPage\":{\"@id\":\"https:\/\/dicodusport.fr\/blog\/ciryl-gane-un-francais-au-sommet-de-lufc\/\"},\"wordCount\":425,\"commentCount\":0,\"publisher\":{\"@id\":\"https:\/\/dicodusport.fr\/blog\/#organization\"},\"image\":{\"@id\":\"https:\/\/dicodusport.fr\/blog\/ciryl-gane-un-francais-au-sommet-de-lufc\/#primaryimage\"},\"thumbnailUrl\":\"https:\/\/dicodusport.fr\/blog\/wp-content\/uploads\/2021\/02\/Ciryl-Gane-un-Francais-au-sommet-de-lUFC.png\",\"keywords\":[\"Ciryl Gane\",\"MMA\",\"UFC\"],\"articleSection\":[\"MMA\"],\"inLanguage\":\"fr-FR\",\"potentialAction\":[{\"@type\":\"CommentAction\",\"name\":\"Comment\",\"target\":[\"https:\/\/dicodusport.fr\/blog\/ciryl-gane-un-francais-au-sommet-de-lufc\/#respond\"]}],\"copyrightYear\":\"2021\",\"copyrightHolder\":{\"@id\":\"https:\/\/dicodusport.fr\/blog\/#organization\"}},{\"@type\":\"WebPage\",\"@id\":\"https:\/\/dicodusport.fr\/blog\/ciryl-gane-un-francais-au-sommet-de-lufc\/\",\"url\":\"https:\/\/dicodusport.fr\/blog\/ciryl-gane-un-francais-au-sommet-de-lufc\/\",\"name\":\"Ciryl Gane, un Fran\u00e7ais au sommet de l'UFC ?\",\"isPartOf\":{\"@id\":\"https:\/\/dicodusport.fr\/blog\/#website\"},\"primaryImageOfPage\":{\"@id\":\"https:\/\/dicodusport.fr\/blog\/ciryl-gane-un-francais-au-sommet-de-lufc\/#primaryimage\"},\"image\":{\"@id\":\"https:\/\/dicodusport.fr\/blog\/ciryl-gane-un-francais-au-sommet-de-lufc\/#primaryimage\"},\"thumbnailUrl\":\"https:\/\/dicodusport.fr\/blog\/wp-content\/uploads\/2021\/02\/Ciryl-Gane-un-Francais-au-sommet-de-lUFC.png\",\"datePublished\":\"2021-02-05T12:50:32+00:00\",\"dateModified\":\"2021-02-05T13:07:47+00:00\",\"description\":\"UFC - Ciryl Gane va affronter Jairzinho Rozenstruik le 27 f\u00e9vrier prochain. Un combat symbolique \u00e0 plus d'un titre pour le Fran\u00e7ais.\",\"breadcrumb\":{\"@id\":\"https:\/\/dicodusport.fr\/blog\/ciryl-gane-un-francais-au-sommet-de-lufc\/#breadcrumb\"},\"inLanguage\":\"fr-FR\",\"potentialAction\":[{\"@type\":\"ReadAction\",\"target\":[\"https:\/\/dicodusport.fr\/blog\/ciryl-gane-un-francais-au-sommet-de-lufc\/\"]}]},{\"@type\":\"ImageObject\",\"inLanguage\":\"fr-FR\",\"@id\":\"https:\/\/dicodusport.fr\/blog\/ciryl-gane-un-francais-au-sommet-de-lufc\/#primaryimage\",\"url\":\"https:\/\/dicodusport.fr\/blog\/wp-content\/uploads\/2021\/02\/Ciryl-Gane-un-Francais-au-sommet-de-lUFC.png\",\"contentUrl\":\"https:\/\/dicodusport.fr\/blog\/wp-content\/uploads\/2021\/02\/Ciryl-Gane-un-Francais-au-sommet-de-lUFC.png\",\"width\":800,\"height\":445,\"caption\":\"Ciryl Gane au r\u00e9v\u00e9lateur Jairzinho Rozenstruik\"},{\"@type\":\"BreadcrumbList\",\"@id\":\"https:\/\/dicodusport.fr\/blog\/ciryl-gane-un-francais-au-sommet-de-lufc\/#breadcrumb\",\"itemListElement\":[{\"@type\":\"ListItem\",\"position\":1,\"name\":\"Accueil\",\"item\":\"https:\/\/dicodusport.fr\/blog\/\"},{\"@type\":\"ListItem\",\"position\":2,\"name\":\"Ciryl Gane, un Fran\u00e7ais au sommet de l&rsquo;UFC ?\"}]},{\"@type\":\"WebSite\",\"@id\":\"https:\/\/dicodusport.fr\/blog\/#website\",\"url\":\"https:\/\/dicodusport.fr\/blog\/\",\"name\":\"Dicodusport\",\"description\":\"L&#039;encyclop\u00e9die de l&#039;actualit\u00e9 sportive\",\"publisher\":{\"@id\":\"https:\/\/dicodusport.fr\/blog\/#organization\"},\"potentialAction\":[{\"@type\":\"SearchAction\",\"target\":{\"@type\":\"EntryPoint\",\"urlTemplate\":\"https:\/\/dicodusport.fr\/blog\/?s={search_term_string}\"},\"query-input\":{\"@type\":\"PropertyValueSpecification\",\"valueRequired\":true,\"valueName\":\"search_term_string\"}}],\"inLanguage\":\"fr-FR\"},{\"@type\":\"NewsMediaOrganization\",\"@id\":\"https:\/\/dicodusport.fr\/blog\/#organization\",\"name\":\"Dicodusport\",\"url\":\"https:\/\/dicodusport.fr\/blog\/\",\"logo\":{\"@type\":\"ImageObject\",\"inLanguage\":\"fr-FR\",\"@id\":\"https:\/\/dicodusport.fr\/blog\/#\/schema\/logo\/image\/\",\"url\":\"https:\/\/dicodusport.fr\/blog\/wp-content\/uploads\/2020\/06\/cropped-LOGO-DICODUSPORT-2020-SANS-FOND-SANS-TEXTE.png\",\"contentUrl\":\"https:\/\/dicodusport.fr\/blog\/wp-content\/uploads\/2020\/06\/cropped-LOGO-DICODUSPORT-2020-SANS-FOND-SANS-TEXTE.png\",\"width\":512,\"height\":512,\"caption\":\"Dicodusport\"},\"image\":{\"@id\":\"https:\/\/dicodusport.fr\/blog\/#\/schema\/logo\/image\/\"},\"sameAs\":[\"https:\/\/www.facebook.com\/dicodusport\",\"https:\/\/x.com\/dicodusport\",\"https:\/\/www.instagram.com\/dicodusport\/\",\"https:\/\/www.youtube.com\/channel\/UC7V2KZ5sd3htJivAbA4ZG3w\"],\"description\":\"Dicodusport est l'encyclop\u00e9die de l'actualit\u00e9 sportive.\",\"email\":\"bonjour@dicodusport.fr\",\"legalName\":\"DICODUSPORT\",\"foundingDate\":\"2018-01-14\",\"vatID\":\"FR71834470973\",\"taxID\":\"83447097300043\",\"numberOfEmployees\":{\"@type\":\"QuantitativeValue\",\"minValue\":\"1\",\"maxValue\":\"10\"}},{\"@type\":\"Person\",\"@id\":\"https:\/\/dicodusport.fr\/blog\/#\/schema\/person\/f3797823174b5e2975b9efe0302f16f4\",\"name\":\"Idriss Ahamada\",\"image\":{\"@type\":\"ImageObject\",\"inLanguage\":\"fr-FR\",\"@id\":\"https:\/\/dicodusport.fr\/blog\/#\/schema\/person\/image\/\",\"url\":\"https:\/\/dicodusport.fr\/blog\/wp-content\/uploads\/2021\/04\/Maillot-Idriss-Dicodusport-150x150.png\",\"contentUrl\":\"https:\/\/dicodusport.fr\/blog\/wp-content\/uploads\/2021\/04\/Maillot-Idriss-Dicodusport-150x150.png\",\"caption\":\"Idriss Ahamada\"},\"description\":\"Passionn\u00e9 de sport depuis toujours, c\u2019est tout naturellement qu\u2019apr\u00e8s avoir compris que je n\u2019avais pas le niveau pour jouer \u00e0 Manchester United, et pas la force n\u00e9cessaire pour combattre \u00e0 l\u2019UFC que je me suis tourn\u00e9 vers le journalisme pour raconter les exploits et les histoires de ceux qui en sont capables. Le football, surtout quand il est jou\u00e9 en Angleterre, reste mon premier amour. Mais j\u2019aime aussi veiller la nuit pour vous parler de KO et de victoires unanimes \u00e0 l\u2019UFC ou sur les rings de boxe. Mon c\u00f4t\u00e9 fan de Wayne Rooney m\u2019a \u00e9galement pouss\u00e9 \u00e0 devenir polyvalent et \u00e0 parler aussi de rugby (\u00e0 XIII comme \u00e0 XV) et occasionnellement de cyclisme. C\u2019est donc logiquement que j\u2019ai rejoint Dicodusport, pour pouvoir parler de l\u2019actualit\u00e9, sur tous les terrains.\",\"sameAs\":[\"https:\/\/x.com\/https:\/\/twitter.com\/idriss_ia7\"],\"url\":\"https:\/\/dicodusport.fr\/blog\/author\/idriss\/\"}]}<\/script>\n<!-- \/ Yoast SEO Premium plugin. -->","yoast_head_json":{"title":"Ciryl Gane, un Fran\u00e7ais au sommet de l'UFC ?","description":"UFC - Ciryl Gane va affronter Jairzinho Rozenstruik le 27 f\u00e9vrier prochain. Un combat symbolique \u00e0 plus d'un titre pour le Fran\u00e7ais.","robots":{"index":"index","follow":"follow","max-snippet":"max-snippet:-1","max-image-preview":"max-image-preview:large","max-video-preview":"max-video-preview:-1"},"canonical":"https:\/\/dicodusport.fr\/blog\/ciryl-gane-un-francais-au-sommet-de-lufc\/","og_locale":"fr_FR","og_type":"article","og_title":"Ciryl Gane, un Fran\u00e7ais au sommet de l'UFC ?","og_description":"UFC - Ciryl Gane va affronter Jairzinho Rozenstruik le 27 f\u00e9vrier prochain. Un combat symbolique \u00e0 plus d'un titre pour le Fran\u00e7ais.","og_url":"https:\/\/dicodusport.fr\/blog\/ciryl-gane-un-francais-au-sommet-de-lufc\/","og_site_name":"Dicodusport","article_publisher":"https:\/\/www.facebook.com\/dicodusport","article_published_time":"2021-02-05T12:50:32+00:00","article_modified_time":"2021-02-05T13:07:47+00:00","og_image":[{"width":800,"height":445,"url":"https:\/\/dicodusport.fr\/blog\/wp-content\/uploads\/2021\/02\/Ciryl-Gane-un-Francais-au-sommet-de-lUFC.png","type":"image\/png"}],"author":"Idriss Ahamada","twitter_card":"summary_large_image","twitter_title":"Ciryl Gane, un Fran\u00e7ais au sommet de l'UFC ?","twitter_creator":"@https:\/\/twitter.com\/idriss_ia7","twitter_site":"@dicodusport","schema":{"@context":"https:\/\/schema.org","@graph":[{"@type":"NewsArticle","@id":"https:\/\/dicodusport.fr\/blog\/ciryl-gane-un-francais-au-sommet-de-lufc\/#article","isPartOf":{"@id":"https:\/\/dicodusport.fr\/blog\/ciryl-gane-un-francais-au-sommet-de-lufc\/"},"author":{"name":"Idriss Ahamada","@id":"https:\/\/dicodusport.fr\/blog\/#\/schema\/person\/f3797823174b5e2975b9efe0302f16f4"},"headline":"Ciryl Gane, un Fran\u00e7ais au sommet de l&rsquo;UFC ?","datePublished":"2021-02-05T12:50:32+00:00","dateModified":"2021-02-05T13:07:47+00:00","mainEntityOfPage":{"@id":"https:\/\/dicodusport.fr\/blog\/ciryl-gane-un-francais-au-sommet-de-lufc\/"},"wordCount":425,"commentCount":0,"publisher":{"@id":"https:\/\/dicodusport.fr\/blog\/#organization"},"image":{"@id":"https:\/\/dicodusport.fr\/blog\/ciryl-gane-un-francais-au-sommet-de-lufc\/#primaryimage"},"thumbnailUrl":"https:\/\/dicodusport.fr\/blog\/wp-content\/uploads\/2021\/02\/Ciryl-Gane-un-Francais-au-sommet-de-lUFC.png","keywords":["Ciryl Gane","MMA","UFC"],"articleSection":["MMA"],"inLanguage":"fr-FR","potentialAction":[{"@type":"CommentAction","name":"Comment","target":["https:\/\/dicodusport.fr\/blog\/ciryl-gane-un-francais-au-sommet-de-lufc\/#respond"]}],"copyrightYear":"2021","copyrightHolder":{"@id":"https:\/\/dicodusport.fr\/blog\/#organization"}},{"@type":"WebPage","@id":"https:\/\/dicodusport.fr\/blog\/ciryl-gane-un-francais-au-sommet-de-lufc\/","url":"https:\/\/dicodusport.fr\/blog\/ciryl-gane-un-francais-au-sommet-de-lufc\/","name":"Ciryl Gane, un Fran\u00e7ais au sommet de l'UFC ?","isPartOf":{"@id":"https:\/\/dicodusport.fr\/blog\/#website"},"primaryImageOfPage":{"@id":"https:\/\/dicodusport.fr\/blog\/ciryl-gane-un-francais-au-sommet-de-lufc\/#primaryimage"},"image":{"@id":"https:\/\/dicodusport.fr\/blog\/ciryl-gane-un-francais-au-sommet-de-lufc\/#primaryimage"},"thumbnailUrl":"https:\/\/dicodusport.fr\/blog\/wp-content\/uploads\/2021\/02\/Ciryl-Gane-un-Francais-au-sommet-de-lUFC.png","datePublished":"2021-02-05T12:50:32+00:00","dateModified":"2021-02-05T13:07:47+00:00","description":"UFC - Ciryl Gane va affronter Jairzinho Rozenstruik le 27 f\u00e9vrier prochain. Un combat symbolique \u00e0 plus d'un titre pour le Fran\u00e7ais.","breadcrumb":{"@id":"https:\/\/dicodusport.fr\/blog\/ciryl-gane-un-francais-au-sommet-de-lufc\/#breadcrumb"},"inLanguage":"fr-FR","potentialAction":[{"@type":"ReadAction","target":["https:\/\/dicodusport.fr\/blog\/ciryl-gane-un-francais-au-sommet-de-lufc\/"]}]},{"@type":"ImageObject","inLanguage":"fr-FR","@id":"https:\/\/dicodusport.fr\/blog\/ciryl-gane-un-francais-au-sommet-de-lufc\/#primaryimage","url":"https:\/\/dicodusport.fr\/blog\/wp-content\/uploads\/2021\/02\/Ciryl-Gane-un-Francais-au-sommet-de-lUFC.png","contentUrl":"https:\/\/dicodusport.fr\/blog\/wp-content\/uploads\/2021\/02\/Ciryl-Gane-un-Francais-au-sommet-de-lUFC.png","width":800,"height":445,"caption":"Ciryl Gane au r\u00e9v\u00e9lateur Jairzinho Rozenstruik"},{"@type":"BreadcrumbList","@id":"https:\/\/dicodusport.fr\/blog\/ciryl-gane-un-francais-au-sommet-de-lufc\/#breadcrumb","itemListElement":[{"@type":"ListItem","position":1,"name":"Accueil","item":"https:\/\/dicodusport.fr\/blog\/"},{"@type":"ListItem","position":2,"name":"Ciryl Gane, un Fran\u00e7ais au sommet de l&rsquo;UFC ?"}]},{"@type":"WebSite","@id":"https:\/\/dicodusport.fr\/blog\/#website","url":"https:\/\/dicodusport.fr\/blog\/","name":"Dicodusport","description":"L&#039;encyclop\u00e9die de l&#039;actualit\u00e9 sportive","publisher":{"@id":"https:\/\/dicodusport.fr\/blog\/#organization"},"potentialAction":[{"@type":"SearchAction","target":{"@type":"EntryPoint","urlTemplate":"https:\/\/dicodusport.fr\/blog\/?s={search_term_string}"},"query-input":{"@type":"PropertyValueSpecification","valueRequired":true,"valueName":"search_term_string"}}],"inLanguage":"fr-FR"},{"@type":"NewsMediaOrganization","@id":"https:\/\/dicodusport.fr\/blog\/#organization","name":"Dicodusport","url":"https:\/\/dicodusport.fr\/blog\/","logo":{"@type":"ImageObject","inLanguage":"fr-FR","@id":"https:\/\/dicodusport.fr\/blog\/#\/schema\/logo\/image\/","url":"https:\/\/dicodusport.fr\/blog\/wp-content\/uploads\/2020\/06\/cropped-LOGO-DICODUSPORT-2020-SANS-FOND-SANS-TEXTE.png","contentUrl":"https:\/\/dicodusport.fr\/blog\/wp-content\/uploads\/2020\/06\/cropped-LOGO-DICODUSPORT-2020-SANS-FOND-SANS-TEXTE.png","width":512,"height":512,"caption":"Dicodusport"},"image":{"@id":"https:\/\/dicodusport.fr\/blog\/#\/schema\/logo\/image\/"},"sameAs":["https:\/\/www.facebook.com\/dicodusport","https:\/\/x.com\/dicodusport","https:\/\/www.instagram.com\/dicodusport\/","https:\/\/www.youtube.com\/channel\/UC7V2KZ5sd3htJivAbA4ZG3w"],"description":"Dicodusport est l'encyclop\u00e9die de l'actualit\u00e9 sportive.","email":"bonjour@dicodusport.fr","legalName":"DICODUSPORT","foundingDate":"2018-01-14","vatID":"FR71834470973","taxID":"83447097300043","numberOfEmployees":{"@type":"QuantitativeValue","minValue":"1","maxValue":"10"}},{"@type":"Person","@id":"https:\/\/dicodusport.fr\/blog\/#\/schema\/person\/f3797823174b5e2975b9efe0302f16f4","name":"Idriss Ahamada","image":{"@type":"ImageObject","inLanguage":"fr-FR","@id":"https:\/\/dicodusport.fr\/blog\/#\/schema\/person\/image\/","url":"https:\/\/dicodusport.fr\/blog\/wp-content\/uploads\/2021\/04\/Maillot-Idriss-Dicodusport-150x150.png","contentUrl":"https:\/\/dicodusport.fr\/blog\/wp-content\/uploads\/2021\/04\/Maillot-Idriss-Dicodusport-150x150.png","caption":"Idriss Ahamada"},"description":"Passionn\u00e9 de sport depuis toujours, c\u2019est tout naturellement qu\u2019apr\u00e8s avoir compris que je n\u2019avais pas le niveau pour jouer \u00e0 Manchester United, et pas la force n\u00e9cessaire pour combattre \u00e0 l\u2019UFC que je me suis tourn\u00e9 vers le journalisme pour raconter les exploits et les histoires de ceux qui en sont capables. Le football, surtout quand il est jou\u00e9 en Angleterre, reste mon premier amour. Mais j\u2019aime aussi veiller la nuit pour vous parler de KO et de victoires unanimes \u00e0 l\u2019UFC ou sur les rings de boxe. Mon c\u00f4t\u00e9 fan de Wayne Rooney m\u2019a \u00e9galement pouss\u00e9 \u00e0 devenir polyvalent et \u00e0 parler aussi de rugby (\u00e0 XIII comme \u00e0 XV) et occasionnellement de cyclisme. C\u2019est donc logiquement que j\u2019ai rejoint Dicodusport, pour pouvoir parler de l\u2019actualit\u00e9, sur tous les terrains.","sameAs":["https:\/\/x.com\/https:\/\/twitter.com\/idriss_ia7"],"url":"https:\/\/dicodusport.fr\/blog\/author\/idriss\/"}]}},"_links":{"self":[{"href":"https:\/\/dicodusport.fr\/blog\/wp-json\/wp\/v2\/posts\/103781","targetHints":{"allow":["GET"]}}],"collection":[{"href":"https:\/\/dicodusport.fr\/blog\/wp-json\/wp\/v2\/posts"}],"about":[{"href":"https:\/\/dicodusport.fr\/blog\/wp-json\/wp\/v2\/types\/post"}],"author":[{"embeddable":true,"href":"https:\/\/dicodusport.fr\/blog\/wp-json\/wp\/v2\/users\/39"}],"replies":[{"embeddable":true,"href":"https:\/\/dicodusport.fr\/blog\/wp-json\/wp\/v2\/comments?post=103781"}],"version-history":[{"count":0,"href":"https:\/\/dicodusport.fr\/blog\/wp-json\/wp\/v2\/posts\/103781\/revisions"}],"wp:featuredmedia":[{"embeddable":true,"href":"https:\/\/dicodusport.fr\/blog\/wp-json\/wp\/v2\/media\/104120"}],"wp:attachment":[{"href":"https:\/\/dicodusport.fr\/blog\/wp-json\/wp\/v2\/media?parent=103781"}],"wp:term":[{"taxonomy":"category","embeddable":true,"href":"https:\/\/dicodusport.fr\/blog\/wp-json\/wp\/v2\/categories?post=103781"},{"taxonomy":"post_tag","embeddable":true,"href":"https:\/\/dicodusport.fr\/blog\/wp-json\/wp\/v2\/tags?post=103781"}],"curies":[{"name":"wp","href":"https:\/\/api.w.org\/{rel}","templated":true}]}}