{"id":103922,"date":"2021-02-05T16:03:41","date_gmt":"2021-02-05T15:03:41","guid":{"rendered":"https:\/\/dicodusport.fr\/blog\/?p=103922&#038;preview=true&#038;preview_id=103922"},"modified":"2021-06-18T08:01:54","modified_gmt":"2021-06-18T06:01:54","slug":"steve-chainel-j-ai-toujours-la-meme-passion-meme-envie-meme-hargne","status":"publish","type":"post","link":"https:\/\/dicodusport.fr\/blog\/steve-chainel-j-ai-toujours-la-meme-passion-meme-envie-meme-hargne\/","title":{"rendered":"Steve Chainel : \u00ab J\u2019ai toujours la m\u00eame passion, la m\u00eame envie et la m\u00eame hargne \u00bb"},"content":{"rendered":"<p style=\"text-align: justify;\"><em><b>Alors que la saison 2020-2021 de cyclo-cross approche de son \u00e9pilogue, nous avons \u00e9chang\u00e9 avec Steve Chainel, coureur et fondateur de la Cross Team Legendre. L&rsquo;ancien coureur professionnel sur route fait un premier bilan de cette saison, \u00e9voque les deux stars de la discipline, Mathieu van der Poel et Wout Van Aert mais aussi son nouveau r\u00f4le \u00e0 l&rsquo;UCI et la place du cyclo-cross en France.\u00a0<\/b><\/em><\/p>\n<h3 style=\"text-align: justify;\"><strong>Steve, m\u00eame si la saison de cyclo-cross n\u2019est pas compl\u00e8tement termin\u00e9e, quel bilan en fais-tu ?<\/strong><\/h3>\n<p style=\"text-align: justify;\">Le bilan, il faut \u00eatre honn\u00eate n\u2019est pas \u00e0 la hauteur de mes esp\u00e9rances, mais aussi de l\u2019esp\u00e9rance de l\u2019ensemble de l\u2019\u00e9quipe. Nous avons beaucoup de belles choses \u00e0 notre compteur en cette fin de saison, mais aussi pas mal de d\u00e9ceptions\u2026 C\u2019est ainsi. Notre fil rouge qui est habituellement la Coupe de France n\u2019a pas eu lieu, et il est forc\u00e9ment compliqu\u00e9 de tirer un bilan, alors que nous avons \u00e9t\u00e9 courir quasiment toute l\u2019ann\u00e9e \u00e0 l\u2019\u00e9tranger. J\u2019ai tout de m\u00eame gagn\u00e9 en Su\u00e8de \u00e0 Stockholm et avoir lev\u00e9 les bras m\u2019a fait un bien fou.<\/p>\n<h3 style=\"text-align: justify;\"><strong>Que vises-tu sur les derni\u00e8res courses de la saison ? Seras-tu au d\u00e9part des deux X2o et du dernier Super Prestige ?<\/strong><\/h3>\n<p style=\"text-align: justify;\">Je vais faire les trois derniers week-ends en Belgique, c\u2019est important pour moi, car je suis un sp\u00e9cialiste du cyclo-cross, et ce n\u2019est pas parce que le championnat du monde est pass\u00e9 qu\u2019il faut s\u2019arr\u00eater. C\u2019est un petit peu la mode en France, on s\u2019arr\u00eate un petit peu pr\u00e9cipitamment, c\u2019est normal compte tenu des saisons route qui en g\u00e9n\u00e9ral s&rsquo;encha\u00eenent rapidement.<\/p>\n<h3 style=\"text-align: justify;\"><strong>Pour le Team Legendre, il y a eu le titre de champion de France espoirs d\u2019Antoine Huby et le podium de David Menut. Quel premier bilan fais-tu de la saison de ton \u00e9quipe ?<\/strong><\/h3>\n<p style=\"text-align: justify;\">Le titre de champion de France, ainsi que les deux m\u00e9dailles de David et Florian, viennent \u00e9videmment confirmer que nous sommes le team num\u00e9ro un en France. Aucune \u00e9quipe n\u2019a fait mieux, et c\u2019est un moindre mal compte tenu de notre situation actuelle puisque nous sommes \u00e9galement la seule \u00e9quipe de cyclo-cross pro inscrite \u00e0 l&rsquo;UCI.<\/p>\n<h3 style=\"text-align: justify;\"><strong>Tu c\u00f4toies de pr\u00e8s van der Poel et Van Aert, les deux ph\u00e9nom\u00e8nes du cyclo-cross. Que penses-tu de ces deux champions ? Ils apportent de la visibilit\u00e9 au cyclo-cross, encore plus depuis qu\u2019ils sont aussi sur la route, est-ce que c\u2019est perceptible pour toi en tant que patron d\u2019\u00e9quipe, notamment pour les sponsors ?<\/strong><\/h3>\n<p style=\"text-align: justify;\">Je les c\u00f4toies \u00e9videmment, et c\u2019est toujours int\u00e9ressant de pouvoir discuter avec eux, de savoir quel regard ils portent sur la discipline, mais aussi de discuter avec eux de l\u2019avenir du cyclo-cross. Ce sont de v\u00e9ritables stars du cyclisme en g\u00e9n\u00e9ral. \u00c9tant de l\u2019\u00e9cole de formation cyclo-cross, je suis tr\u00e8s content qu\u2019ils puissent continuer dans les sous-bois, malgr\u00e9 leur contrat de travail qui doit \u00eatre certainement assez cher, surtout pour la pratique de la route. Avec mon fr\u00e8re et Rodolphe, nous avons \u00e9videmment l\u2019envie d\u2019avoir avec nous dans les prochaines ann\u00e9es le nouveau VDP ou Van Aert.<\/p>\n<h3 style=\"text-align: justify;\"><strong>Tu viens d\u2019\u00eatre \u00e9lu \u00e0 l\u2019UCI \u00e0 la commission des athl\u00e8tes, quel sera ton r\u00f4le exactement ?<\/strong><\/h3>\n<p style=\"text-align: justify;\">Je suis le repr\u00e9sentant des coureurs pour le cyclo-cross \u00e0 la commission des athl\u00e8tes. S&rsquo;il y a des informations, des choses \u00e0 faire remonter dans cette commission, je suis le repr\u00e9sentant avec la concurrente tch\u00e8que Kate\u0159ina Nash.<\/p>\n<blockquote class=\"twitter-tweet\">\n<p dir=\"ltr\" lang=\"en\">Congratulations to <a href=\"https:\/\/twitter.com\/katkanash?ref_src=twsrc%5Etfw\">@katkanash<\/a> and <a href=\"https:\/\/twitter.com\/chainelsteve?ref_src=twsrc%5Etfw\">@chainelsteve<\/a> who have been elected to the UCI Athletes\u2019 Commission as cyclo-cross representatives for 2021-2025 &#x1f44f;<\/p>\n<p>Click below for more info!<\/p>\n<p>\u2014 UCI Cyclocross (@UCI_CX) <a href=\"https:\/\/twitter.com\/UCI_CX\/status\/1356619187767148545?ref_src=twsrc%5Etfw\">February 2, 2021<\/a><\/p><\/blockquote>\n<p><script async src=\"https:\/\/platform.twitter.com\/widgets.js\" charset=\"utf-8\"><\/script><\/p>\n<h3 style=\"text-align: justify;\"><strong>Comment vois-tu la suite de ta carri\u00e8re ? As-tu encore envie de courir quelques ann\u00e9es ?<\/strong><\/h3>\n<p style=\"text-align: justify;\">Bien \u00e9videmment j\u2019ai encore envie de faire du v\u00e9lo, j\u2019ai toujours la m\u00eame passion, la m\u00eame envie et la m\u00eame hargne. Pas 10 ans, c\u2019est une certitude, mais l&rsquo;envie est encore l\u00e0. Et c\u2019est d\u2019ailleurs incroyable d\u2019avoir toujours autant cette envie, je crois m\u00eame que j\u2019ai plus envie de faire du v\u00e9lo maintenant, que lorsque j\u2019\u00e9tais professionnel. Mais comme \u00e9norm\u00e9ment de coursiers, et de sportifs en g\u00e9n\u00e9ral, je crois que c\u2019est lorsque tout est fini, que l\u2019on se rend compte qu\u2019on n&rsquo;a peut-\u00eatre pas fait le maximum pour \u00eatre le meilleur.<\/p>\n<h3 style=\"text-align: justify;\"><strong>Le cyclo-cross pourrait, \u00e0 terme, entrer aux Jeux Olympiques d\u2019hiver, que penses-tu de cette id\u00e9e ?<\/strong><\/h3>\n<p style=\"text-align: justify;\">Cela serait l\u00e9gitime, m\u00eame si je ne suis pas objectif \u00e0 r\u00e9pondre \u00e0 cette question, \u00e9tant un amoureux inconditionnel de ma discipline. Je sais pertinemment que pour faire son entr\u00e9e aux Jeux Olympiques d\u2019hiver, il faut que le sport soit pratiqu\u00e9 sur la neige ou la glace. C\u2019\u00e9tait l\u2019une des envies de la part de notre f\u00e9d\u00e9ration internationale en proposant une Coupe du monde en Suisse qui aurait d\u00fb avoir lieu si la Covid n\u2019\u00e9tait pas pass\u00e9e par l\u00e0. J\u2019esp\u00e8re de tout c\u0153ur que nous serons un sport olympique un jour, car cela ne pourrait apporter que des bonnes choses.<\/p>\n<h3 style=\"text-align: justify;\"><strong>Quel regard as-tu sur la situation du cyclo-cross en France ? Certaines voix, dont celle de Cyrille Guimard, parlent d&rsquo;un abandon de la discipline en France. As-tu un peu le m\u00eame ressenti ?<\/strong><\/h3>\n<p style=\"text-align: justify;\">Le cyclo-cross en France se porte tr\u00e8s bien, puisque de nombreux Team se sont construits, et l\u2019ensemble des Coupes de France jeunes avoisinent les 200 participants. L\u00e0 o\u00f9 Cyrille Guimard veut en venir, c\u2019est l\u2019apport de la f\u00e9d\u00e9ration dans la discipline. Le constat est simple, le cyclo-cross n\u2019\u00e9tant pas une discipline olympique, et la f\u00e9d\u00e9ration vivant uniquement sur les apports de notre Minist\u00e8re par rapport aux m\u00e9dailles olympiques, il est tout \u00e0 fait compr\u00e9hensible d\u2019imaginer que les budgets sont bien plus cons\u00e9quents pour la piste, la route, le VTT ou le BMX\u2026<\/p>\n<p style=\"text-align: justify;\">C\u2019est gr\u00e2ce \u00e0 nos m\u00e9dailles olympiques, que la f\u00e9d\u00e9ration pourra avoir ainsi plus de budget. En revanche, il y a fort \u00e0 parier que de nombreux crossmen seront les futures stars du cyclisme sur route demain, et je trouve \u00e7a dommage de ne pas plus se servir de cette discipline comme d\u00e9tecteur de talents. L\u2019id\u00e9e du cross Team Legendre, c&rsquo;est justement d\u2019emmener les meilleurs Fran\u00e7ais au plus haut niveau.<\/p>\n<p style=\"text-align: justify;\"><strong><em>Dicodusport<br \/>\n<a href=\"https:\/\/www.facebook.com\/dicodusport\/\" target=\"_blank\" rel=\"noopener noreferrer\"><img loading=\"lazy\" decoding=\"async\" class=\"alignnone wp-image-2909\" src=\"http:\/\/dicodusport.fr\/blog\/wp-content\/uploads\/2017\/07\/logo-facebook-150x150.png\" alt=\"\" width=\"40\" height=\"40\" \/><\/a><a href=\"https:\/\/twitter.com\/dicodusport\" target=\"_blank\" rel=\"noopener noreferrer\"><img loading=\"lazy\" decoding=\"async\" class=\"alignnone wp-image-2908\" src=\"http:\/\/dicodusport.fr\/blog\/wp-content\/uploads\/2017\/07\/logo-twitter-150x150.png\" alt=\"\" width=\"39\" height=\"39\" \/><\/a><\/em><\/strong><\/p>\n","protected":false},"excerpt":{"rendered":"<p>Alors que la saison 2020-2021 de cyclo-cross approche de son \u00e9pilogue, nous avons \u00e9chang\u00e9 avec Steve Chainel, coureur et fondateur de la Cross Team Legendre.<\/p>\n","protected":false},"author":1,"featured_media":104165,"comment_status":"open","ping_status":"closed","sticky":false,"template":"","format":"standard","meta":{"_acf_changed":false,"_daextam_enable_autolinks":"","footnotes":""},"categories":[9611],"tags":[6666,24],"class_list":["post-103922","post","type-post","status-publish","format-standard","has-post-thumbnail","hentry","category-cyclo-cross","tag-cyclo-cross","tag-sport"],"acf":[],"yoast_head":"<!-- This site is optimized with the Yoast SEO Premium plugin v26.7 (Yoast SEO v26.7) - https:\/\/yoast.com\/wordpress\/plugins\/seo\/ -->\n<title>Steve Chainel : \u00ab J\u2019ai toujours la m\u00eame passion, la m\u00eame envie et la m\u00eame hargne \u00bb<\/title>\n<meta name=\"description\" content=\"Alors que la saison 2020-2021 de cyclo-cross approche de son \u00e9pilogue, nous avons \u00e9chang\u00e9 avec Steve Chainel, coureur et fondateur de le Cross Team Legendre.\" \/>\n<meta name=\"robots\" content=\"index, follow, max-snippet:-1, max-image-preview:large, max-video-preview:-1\" \/>\n<link rel=\"canonical\" href=\"https:\/\/dicodusport.fr\/blog\/steve-chainel-j-ai-toujours-la-meme-passion-meme-envie-meme-hargne\/\" \/>\n<meta property=\"og:locale\" content=\"fr_FR\" \/>\n<meta property=\"og:type\" content=\"article\" \/>\n<meta property=\"og:title\" content=\"Steve Chainel : \u00ab J\u2019ai toujours la m\u00eame passion, la m\u00eame envie et la m\u00eame hargne \u00bb\" \/>\n<meta property=\"og:description\" content=\"Alors que la saison 2020-2021 de cyclo-cross approche de son \u00e9pilogue, nous avons \u00e9chang\u00e9 avec Steve Chainel, coureur et fondateur de le Cross Team Legendre.\" \/>\n<meta property=\"og:url\" content=\"https:\/\/dicodusport.fr\/blog\/steve-chainel-j-ai-toujours-la-meme-passion-meme-envie-meme-hargne\/\" \/>\n<meta property=\"og:site_name\" content=\"Dicodusport\" \/>\n<meta property=\"article:publisher\" content=\"https:\/\/www.facebook.com\/dicodusport\" \/>\n<meta property=\"article:author\" content=\"https:\/\/www.facebook.com\/dicodusport\" \/>\n<meta property=\"article:published_time\" content=\"2021-02-05T15:03:41+00:00\" \/>\n<meta property=\"article:modified_time\" content=\"2021-06-18T06:01:54+00:00\" \/>\n<meta property=\"og:image\" content=\"https:\/\/dicodusport.fr\/blog\/wp-content\/uploads\/2021\/02\/Steve-Chainel-Jai-toujours-la-meme-passion-la-meme-envie-et-la-meme-hargne.png\" \/>\n\t<meta property=\"og:image:width\" content=\"800\" \/>\n\t<meta property=\"og:image:height\" content=\"445\" \/>\n\t<meta property=\"og:image:type\" content=\"image\/png\" \/>\n<meta name=\"author\" content=\"Nicolas Jacquemard\" \/>\n<meta name=\"twitter:card\" content=\"summary_large_image\" \/>\n<meta name=\"twitter:title\" content=\"Steve Chainel : \u00ab J\u2019ai toujours la m\u00eame passion, la m\u00eame envie et la m\u00eame hargne \u00bb\" \/>\n<meta name=\"twitter:creator\" content=\"@https:\/\/twitter.com\/Nico_Jacquemard\" \/>\n<meta name=\"twitter:site\" content=\"@dicodusport\" \/>\n<script type=\"application\/ld+json\" class=\"yoast-schema-graph\">{\"@context\":\"https:\/\/schema.org\",\"@graph\":[{\"@type\":\"NewsArticle\",\"@id\":\"https:\/\/dicodusport.fr\/blog\/steve-chainel-j-ai-toujours-la-meme-passion-meme-envie-meme-hargne\/#article\",\"isPartOf\":{\"@id\":\"https:\/\/dicodusport.fr\/blog\/steve-chainel-j-ai-toujours-la-meme-passion-meme-envie-meme-hargne\/\"},\"author\":{\"name\":\"Nicolas Jacquemard\",\"@id\":\"https:\/\/dicodusport.fr\/blog\/#\/schema\/person\/55dcb50ad410894e431ed812bbb70191\"},\"headline\":\"Steve Chainel : \u00ab J\u2019ai toujours la m\u00eame passion, la m\u00eame envie et la m\u00eame hargne \u00bb\",\"datePublished\":\"2021-02-05T15:03:41+00:00\",\"dateModified\":\"2021-06-18T06:01:54+00:00\",\"mainEntityOfPage\":{\"@id\":\"https:\/\/dicodusport.fr\/blog\/steve-chainel-j-ai-toujours-la-meme-passion-meme-envie-meme-hargne\/\"},\"wordCount\":1143,\"commentCount\":0,\"publisher\":{\"@id\":\"https:\/\/dicodusport.fr\/blog\/#organization\"},\"image\":{\"@id\":\"https:\/\/dicodusport.fr\/blog\/steve-chainel-j-ai-toujours-la-meme-passion-meme-envie-meme-hargne\/#primaryimage\"},\"thumbnailUrl\":\"https:\/\/dicodusport.fr\/blog\/wp-content\/uploads\/2021\/02\/Steve-Chainel-Jai-toujours-la-meme-passion-la-meme-envie-et-la-meme-hargne.png\",\"keywords\":[\"Cyclo-cross\",\"sport\"],\"articleSection\":[\"Cyclo-cross\"],\"inLanguage\":\"fr-FR\",\"potentialAction\":[{\"@type\":\"CommentAction\",\"name\":\"Comment\",\"target\":[\"https:\/\/dicodusport.fr\/blog\/steve-chainel-j-ai-toujours-la-meme-passion-meme-envie-meme-hargne\/#respond\"]}],\"copyrightYear\":\"2021\",\"copyrightHolder\":{\"@id\":\"https:\/\/dicodusport.fr\/blog\/#organization\"}},{\"@type\":\"WebPage\",\"@id\":\"https:\/\/dicodusport.fr\/blog\/steve-chainel-j-ai-toujours-la-meme-passion-meme-envie-meme-hargne\/\",\"url\":\"https:\/\/dicodusport.fr\/blog\/steve-chainel-j-ai-toujours-la-meme-passion-meme-envie-meme-hargne\/\",\"name\":\"Steve Chainel : \u00ab J\u2019ai toujours la m\u00eame passion, la m\u00eame envie et la m\u00eame hargne \u00bb\",\"isPartOf\":{\"@id\":\"https:\/\/dicodusport.fr\/blog\/#website\"},\"primaryImageOfPage\":{\"@id\":\"https:\/\/dicodusport.fr\/blog\/steve-chainel-j-ai-toujours-la-meme-passion-meme-envie-meme-hargne\/#primaryimage\"},\"image\":{\"@id\":\"https:\/\/dicodusport.fr\/blog\/steve-chainel-j-ai-toujours-la-meme-passion-meme-envie-meme-hargne\/#primaryimage\"},\"thumbnailUrl\":\"https:\/\/dicodusport.fr\/blog\/wp-content\/uploads\/2021\/02\/Steve-Chainel-Jai-toujours-la-meme-passion-la-meme-envie-et-la-meme-hargne.png\",\"datePublished\":\"2021-02-05T15:03:41+00:00\",\"dateModified\":\"2021-06-18T06:01:54+00:00\",\"description\":\"Alors que la saison 2020-2021 de cyclo-cross approche de son \u00e9pilogue, nous avons \u00e9chang\u00e9 avec Steve Chainel, coureur et fondateur de le Cross Team Legendre.\",\"breadcrumb\":{\"@id\":\"https:\/\/dicodusport.fr\/blog\/steve-chainel-j-ai-toujours-la-meme-passion-meme-envie-meme-hargne\/#breadcrumb\"},\"inLanguage\":\"fr-FR\",\"potentialAction\":[{\"@type\":\"ReadAction\",\"target\":[\"https:\/\/dicodusport.fr\/blog\/steve-chainel-j-ai-toujours-la-meme-passion-meme-envie-meme-hargne\/\"]}]},{\"@type\":\"ImageObject\",\"inLanguage\":\"fr-FR\",\"@id\":\"https:\/\/dicodusport.fr\/blog\/steve-chainel-j-ai-toujours-la-meme-passion-meme-envie-meme-hargne\/#primaryimage\",\"url\":\"https:\/\/dicodusport.fr\/blog\/wp-content\/uploads\/2021\/02\/Steve-Chainel-Jai-toujours-la-meme-passion-la-meme-envie-et-la-meme-hargne.png\",\"contentUrl\":\"https:\/\/dicodusport.fr\/blog\/wp-content\/uploads\/2021\/02\/Steve-Chainel-Jai-toujours-la-meme-passion-la-meme-envie-et-la-meme-hargne.png\",\"width\":800,\"height\":445,\"caption\":\"Steve Chainel - J\u2019ai toujours la m\u00eame passion, la m\u00eame envie et la m\u00eame hargne\"},{\"@type\":\"BreadcrumbList\",\"@id\":\"https:\/\/dicodusport.fr\/blog\/steve-chainel-j-ai-toujours-la-meme-passion-meme-envie-meme-hargne\/#breadcrumb\",\"itemListElement\":[{\"@type\":\"ListItem\",\"position\":1,\"name\":\"Accueil\",\"item\":\"https:\/\/dicodusport.fr\/blog\/\"},{\"@type\":\"ListItem\",\"position\":2,\"name\":\"Steve Chainel : \u00ab J\u2019ai toujours la m\u00eame passion, la m\u00eame envie et la m\u00eame hargne \u00bb\"}]},{\"@type\":\"WebSite\",\"@id\":\"https:\/\/dicodusport.fr\/blog\/#website\",\"url\":\"https:\/\/dicodusport.fr\/blog\/\",\"name\":\"Dicodusport\",\"description\":\"L&#039;encyclop\u00e9die de l&#039;actualit\u00e9 sportive\",\"publisher\":{\"@id\":\"https:\/\/dicodusport.fr\/blog\/#organization\"},\"potentialAction\":[{\"@type\":\"SearchAction\",\"target\":{\"@type\":\"EntryPoint\",\"urlTemplate\":\"https:\/\/dicodusport.fr\/blog\/?s={search_term_string}\"},\"query-input\":{\"@type\":\"PropertyValueSpecification\",\"valueRequired\":true,\"valueName\":\"search_term_string\"}}],\"inLanguage\":\"fr-FR\"},{\"@type\":\"NewsMediaOrganization\",\"@id\":\"https:\/\/dicodusport.fr\/blog\/#organization\",\"name\":\"Dicodusport\",\"url\":\"https:\/\/dicodusport.fr\/blog\/\",\"logo\":{\"@type\":\"ImageObject\",\"inLanguage\":\"fr-FR\",\"@id\":\"https:\/\/dicodusport.fr\/blog\/#\/schema\/logo\/image\/\",\"url\":\"https:\/\/dicodusport.fr\/blog\/wp-content\/uploads\/2020\/06\/cropped-LOGO-DICODUSPORT-2020-SANS-FOND-SANS-TEXTE.png\",\"contentUrl\":\"https:\/\/dicodusport.fr\/blog\/wp-content\/uploads\/2020\/06\/cropped-LOGO-DICODUSPORT-2020-SANS-FOND-SANS-TEXTE.png\",\"width\":512,\"height\":512,\"caption\":\"Dicodusport\"},\"image\":{\"@id\":\"https:\/\/dicodusport.fr\/blog\/#\/schema\/logo\/image\/\"},\"sameAs\":[\"https:\/\/www.facebook.com\/dicodusport\",\"https:\/\/x.com\/dicodusport\",\"https:\/\/www.instagram.com\/dicodusport\/\",\"https:\/\/www.youtube.com\/channel\/UC7V2KZ5sd3htJivAbA4ZG3w\"],\"description\":\"Dicodusport est l'encyclop\u00e9die de l'actualit\u00e9 sportive.\",\"email\":\"bonjour@dicodusport.fr\",\"legalName\":\"DICODUSPORT\",\"foundingDate\":\"2018-01-14\",\"vatID\":\"FR71834470973\",\"taxID\":\"83447097300043\",\"numberOfEmployees\":{\"@type\":\"QuantitativeValue\",\"minValue\":\"1\",\"maxValue\":\"10\"}},{\"@type\":\"Person\",\"@id\":\"https:\/\/dicodusport.fr\/blog\/#\/schema\/person\/55dcb50ad410894e431ed812bbb70191\",\"name\":\"Nicolas Jacquemard\",\"image\":{\"@type\":\"ImageObject\",\"inLanguage\":\"fr-FR\",\"@id\":\"https:\/\/dicodusport.fr\/blog\/#\/schema\/person\/image\/\",\"url\":\"https:\/\/dicodusport.fr\/blog\/wp-content\/uploads\/2021\/05\/Nicolas-Jacquemard-150x150.jpeg\",\"contentUrl\":\"https:\/\/dicodusport.fr\/blog\/wp-content\/uploads\/2021\/05\/Nicolas-Jacquemard-150x150.jpeg\",\"caption\":\"Nicolas Jacquemard\"},\"description\":\"Passionn\u00e9 de sport et entrepreneur depuis mes 18 ans, la cr\u00e9ation de Dicodusport m'a sembl\u00e9 \u00e9vidente pour participer \u00e0 la m\u00e9diatisation d'un plus grand nombre de sports. Le chemin est long mais avec une \u00e9quipe des plus motiv\u00e9es et les Jeux Olympiques de Paris 2024 en point de mire, nous y arriverons ! Journaliste dans le monde du sport depuis plus de 5 ans, je traite aussi bien de football, de rugby, de biathlon que de cyclisme.\",\"sameAs\":[\"https:\/\/www.facebook.com\/dicodusport\",\"https:\/\/x.com\/https:\/\/twitter.com\/Nico_Jacquemard\"],\"url\":\"https:\/\/dicodusport.fr\/blog\/author\/dicodusport\/\"}]}<\/script>\n<!-- \/ Yoast SEO Premium plugin. -->","yoast_head_json":{"title":"Steve Chainel : \u00ab J\u2019ai toujours la m\u00eame passion, la m\u00eame envie et la m\u00eame hargne \u00bb","description":"Alors que la saison 2020-2021 de cyclo-cross approche de son \u00e9pilogue, nous avons \u00e9chang\u00e9 avec Steve Chainel, coureur et fondateur de le Cross Team Legendre.","robots":{"index":"index","follow":"follow","max-snippet":"max-snippet:-1","max-image-preview":"max-image-preview:large","max-video-preview":"max-video-preview:-1"},"canonical":"https:\/\/dicodusport.fr\/blog\/steve-chainel-j-ai-toujours-la-meme-passion-meme-envie-meme-hargne\/","og_locale":"fr_FR","og_type":"article","og_title":"Steve Chainel : \u00ab J\u2019ai toujours la m\u00eame passion, la m\u00eame envie et la m\u00eame hargne \u00bb","og_description":"Alors que la saison 2020-2021 de cyclo-cross approche de son \u00e9pilogue, nous avons \u00e9chang\u00e9 avec Steve Chainel, coureur et fondateur de le Cross Team Legendre.","og_url":"https:\/\/dicodusport.fr\/blog\/steve-chainel-j-ai-toujours-la-meme-passion-meme-envie-meme-hargne\/","og_site_name":"Dicodusport","article_publisher":"https:\/\/www.facebook.com\/dicodusport","article_author":"https:\/\/www.facebook.com\/dicodusport","article_published_time":"2021-02-05T15:03:41+00:00","article_modified_time":"2021-06-18T06:01:54+00:00","og_image":[{"width":800,"height":445,"url":"https:\/\/dicodusport.fr\/blog\/wp-content\/uploads\/2021\/02\/Steve-Chainel-Jai-toujours-la-meme-passion-la-meme-envie-et-la-meme-hargne.png","type":"image\/png"}],"author":"Nicolas Jacquemard","twitter_card":"summary_large_image","twitter_title":"Steve Chainel : \u00ab J\u2019ai toujours la m\u00eame passion, la m\u00eame envie et la m\u00eame hargne \u00bb","twitter_creator":"@https:\/\/twitter.com\/Nico_Jacquemard","twitter_site":"@dicodusport","schema":{"@context":"https:\/\/schema.org","@graph":[{"@type":"NewsArticle","@id":"https:\/\/dicodusport.fr\/blog\/steve-chainel-j-ai-toujours-la-meme-passion-meme-envie-meme-hargne\/#article","isPartOf":{"@id":"https:\/\/dicodusport.fr\/blog\/steve-chainel-j-ai-toujours-la-meme-passion-meme-envie-meme-hargne\/"},"author":{"name":"Nicolas Jacquemard","@id":"https:\/\/dicodusport.fr\/blog\/#\/schema\/person\/55dcb50ad410894e431ed812bbb70191"},"headline":"Steve Chainel : \u00ab J\u2019ai toujours la m\u00eame passion, la m\u00eame envie et la m\u00eame hargne \u00bb","datePublished":"2021-02-05T15:03:41+00:00","dateModified":"2021-06-18T06:01:54+00:00","mainEntityOfPage":{"@id":"https:\/\/dicodusport.fr\/blog\/steve-chainel-j-ai-toujours-la-meme-passion-meme-envie-meme-hargne\/"},"wordCount":1143,"commentCount":0,"publisher":{"@id":"https:\/\/dicodusport.fr\/blog\/#organization"},"image":{"@id":"https:\/\/dicodusport.fr\/blog\/steve-chainel-j-ai-toujours-la-meme-passion-meme-envie-meme-hargne\/#primaryimage"},"thumbnailUrl":"https:\/\/dicodusport.fr\/blog\/wp-content\/uploads\/2021\/02\/Steve-Chainel-Jai-toujours-la-meme-passion-la-meme-envie-et-la-meme-hargne.png","keywords":["Cyclo-cross","sport"],"articleSection":["Cyclo-cross"],"inLanguage":"fr-FR","potentialAction":[{"@type":"CommentAction","name":"Comment","target":["https:\/\/dicodusport.fr\/blog\/steve-chainel-j-ai-toujours-la-meme-passion-meme-envie-meme-hargne\/#respond"]}],"copyrightYear":"2021","copyrightHolder":{"@id":"https:\/\/dicodusport.fr\/blog\/#organization"}},{"@type":"WebPage","@id":"https:\/\/dicodusport.fr\/blog\/steve-chainel-j-ai-toujours-la-meme-passion-meme-envie-meme-hargne\/","url":"https:\/\/dicodusport.fr\/blog\/steve-chainel-j-ai-toujours-la-meme-passion-meme-envie-meme-hargne\/","name":"Steve Chainel : \u00ab J\u2019ai toujours la m\u00eame passion, la m\u00eame envie et la m\u00eame hargne \u00bb","isPartOf":{"@id":"https:\/\/dicodusport.fr\/blog\/#website"},"primaryImageOfPage":{"@id":"https:\/\/dicodusport.fr\/blog\/steve-chainel-j-ai-toujours-la-meme-passion-meme-envie-meme-hargne\/#primaryimage"},"image":{"@id":"https:\/\/dicodusport.fr\/blog\/steve-chainel-j-ai-toujours-la-meme-passion-meme-envie-meme-hargne\/#primaryimage"},"thumbnailUrl":"https:\/\/dicodusport.fr\/blog\/wp-content\/uploads\/2021\/02\/Steve-Chainel-Jai-toujours-la-meme-passion-la-meme-envie-et-la-meme-hargne.png","datePublished":"2021-02-05T15:03:41+00:00","dateModified":"2021-06-18T06:01:54+00:00","description":"Alors que la saison 2020-2021 de cyclo-cross approche de son \u00e9pilogue, nous avons \u00e9chang\u00e9 avec Steve Chainel, coureur et fondateur de le Cross Team Legendre.","breadcrumb":{"@id":"https:\/\/dicodusport.fr\/blog\/steve-chainel-j-ai-toujours-la-meme-passion-meme-envie-meme-hargne\/#breadcrumb"},"inLanguage":"fr-FR","potentialAction":[{"@type":"ReadAction","target":["https:\/\/dicodusport.fr\/blog\/steve-chainel-j-ai-toujours-la-meme-passion-meme-envie-meme-hargne\/"]}]},{"@type":"ImageObject","inLanguage":"fr-FR","@id":"https:\/\/dicodusport.fr\/blog\/steve-chainel-j-ai-toujours-la-meme-passion-meme-envie-meme-hargne\/#primaryimage","url":"https:\/\/dicodusport.fr\/blog\/wp-content\/uploads\/2021\/02\/Steve-Chainel-Jai-toujours-la-meme-passion-la-meme-envie-et-la-meme-hargne.png","contentUrl":"https:\/\/dicodusport.fr\/blog\/wp-content\/uploads\/2021\/02\/Steve-Chainel-Jai-toujours-la-meme-passion-la-meme-envie-et-la-meme-hargne.png","width":800,"height":445,"caption":"Steve Chainel - J\u2019ai toujours la m\u00eame passion, la m\u00eame envie et la m\u00eame hargne"},{"@type":"BreadcrumbList","@id":"https:\/\/dicodusport.fr\/blog\/steve-chainel-j-ai-toujours-la-meme-passion-meme-envie-meme-hargne\/#breadcrumb","itemListElement":[{"@type":"ListItem","position":1,"name":"Accueil","item":"https:\/\/dicodusport.fr\/blog\/"},{"@type":"ListItem","position":2,"name":"Steve Chainel : \u00ab J\u2019ai toujours la m\u00eame passion, la m\u00eame envie et la m\u00eame hargne \u00bb"}]},{"@type":"WebSite","@id":"https:\/\/dicodusport.fr\/blog\/#website","url":"https:\/\/dicodusport.fr\/blog\/","name":"Dicodusport","description":"L&#039;encyclop\u00e9die de l&#039;actualit\u00e9 sportive","publisher":{"@id":"https:\/\/dicodusport.fr\/blog\/#organization"},"potentialAction":[{"@type":"SearchAction","target":{"@type":"EntryPoint","urlTemplate":"https:\/\/dicodusport.fr\/blog\/?s={search_term_string}"},"query-input":{"@type":"PropertyValueSpecification","valueRequired":true,"valueName":"search_term_string"}}],"inLanguage":"fr-FR"},{"@type":"NewsMediaOrganization","@id":"https:\/\/dicodusport.fr\/blog\/#organization","name":"Dicodusport","url":"https:\/\/dicodusport.fr\/blog\/","logo":{"@type":"ImageObject","inLanguage":"fr-FR","@id":"https:\/\/dicodusport.fr\/blog\/#\/schema\/logo\/image\/","url":"https:\/\/dicodusport.fr\/blog\/wp-content\/uploads\/2020\/06\/cropped-LOGO-DICODUSPORT-2020-SANS-FOND-SANS-TEXTE.png","contentUrl":"https:\/\/dicodusport.fr\/blog\/wp-content\/uploads\/2020\/06\/cropped-LOGO-DICODUSPORT-2020-SANS-FOND-SANS-TEXTE.png","width":512,"height":512,"caption":"Dicodusport"},"image":{"@id":"https:\/\/dicodusport.fr\/blog\/#\/schema\/logo\/image\/"},"sameAs":["https:\/\/www.facebook.com\/dicodusport","https:\/\/x.com\/dicodusport","https:\/\/www.instagram.com\/dicodusport\/","https:\/\/www.youtube.com\/channel\/UC7V2KZ5sd3htJivAbA4ZG3w"],"description":"Dicodusport est l'encyclop\u00e9die de l'actualit\u00e9 sportive.","email":"bonjour@dicodusport.fr","legalName":"DICODUSPORT","foundingDate":"2018-01-14","vatID":"FR71834470973","taxID":"83447097300043","numberOfEmployees":{"@type":"QuantitativeValue","minValue":"1","maxValue":"10"}},{"@type":"Person","@id":"https:\/\/dicodusport.fr\/blog\/#\/schema\/person\/55dcb50ad410894e431ed812bbb70191","name":"Nicolas Jacquemard","image":{"@type":"ImageObject","inLanguage":"fr-FR","@id":"https:\/\/dicodusport.fr\/blog\/#\/schema\/person\/image\/","url":"https:\/\/dicodusport.fr\/blog\/wp-content\/uploads\/2021\/05\/Nicolas-Jacquemard-150x150.jpeg","contentUrl":"https:\/\/dicodusport.fr\/blog\/wp-content\/uploads\/2021\/05\/Nicolas-Jacquemard-150x150.jpeg","caption":"Nicolas Jacquemard"},"description":"Passionn\u00e9 de sport et entrepreneur depuis mes 18 ans, la cr\u00e9ation de Dicodusport m'a sembl\u00e9 \u00e9vidente pour participer \u00e0 la m\u00e9diatisation d'un plus grand nombre de sports. Le chemin est long mais avec une \u00e9quipe des plus motiv\u00e9es et les Jeux Olympiques de Paris 2024 en point de mire, nous y arriverons ! Journaliste dans le monde du sport depuis plus de 5 ans, je traite aussi bien de football, de rugby, de biathlon que de cyclisme.","sameAs":["https:\/\/www.facebook.com\/dicodusport","https:\/\/x.com\/https:\/\/twitter.com\/Nico_Jacquemard"],"url":"https:\/\/dicodusport.fr\/blog\/author\/dicodusport\/"}]}},"_links":{"self":[{"href":"https:\/\/dicodusport.fr\/blog\/wp-json\/wp\/v2\/posts\/103922","targetHints":{"allow":["GET"]}}],"collection":[{"href":"https:\/\/dicodusport.fr\/blog\/wp-json\/wp\/v2\/posts"}],"about":[{"href":"https:\/\/dicodusport.fr\/blog\/wp-json\/wp\/v2\/types\/post"}],"author":[{"embeddable":true,"href":"https:\/\/dicodusport.fr\/blog\/wp-json\/wp\/v2\/users\/1"}],"replies":[{"embeddable":true,"href":"https:\/\/dicodusport.fr\/blog\/wp-json\/wp\/v2\/comments?post=103922"}],"version-history":[{"count":0,"href":"https:\/\/dicodusport.fr\/blog\/wp-json\/wp\/v2\/posts\/103922\/revisions"}],"wp:featuredmedia":[{"embeddable":true,"href":"https:\/\/dicodusport.fr\/blog\/wp-json\/wp\/v2\/media\/104165"}],"wp:attachment":[{"href":"https:\/\/dicodusport.fr\/blog\/wp-json\/wp\/v2\/media?parent=103922"}],"wp:term":[{"taxonomy":"category","embeddable":true,"href":"https:\/\/dicodusport.fr\/blog\/wp-json\/wp\/v2\/categories?post=103922"},{"taxonomy":"post_tag","embeddable":true,"href":"https:\/\/dicodusport.fr\/blog\/wp-json\/wp\/v2\/tags?post=103922"}],"curies":[{"name":"wp","href":"https:\/\/api.w.org\/{rel}","templated":true}]}}