{"id":104005,"date":"2021-02-05T07:54:34","date_gmt":"2021-02-05T06:54:34","guid":{"rendered":"https:\/\/dicodusport.fr\/blog\/?p=104005"},"modified":"2021-02-05T08:01:39","modified_gmt":"2021-02-05T07:01:39","slug":"richard-gasquet-forfait-pour-lopen-daustralie","status":"publish","type":"post","link":"https:\/\/dicodusport.fr\/blog\/richard-gasquet-forfait-pour-lopen-daustralie\/","title":{"rendered":"Richard Gasquet forfait pour l&rsquo;Open d&rsquo;Australie"},"content":{"rendered":"<p style=\"text-align: justify;\"><em><strong><a href=\"https:\/\/dicodusport.fr\/blog\/actualites\/tennis\/open-australie-2021\/\">Open d&rsquo;Australie 2021<\/a> &#8211; Il n&rsquo;y aura que neuf Fran\u00e7ais dans <a href=\"https:\/\/dicodusport.fr\/blog\/open-daustralie-2021-le-tableau-simple-hommes\/\">le tableau principal chez les hommes<\/a>. Richard Gasquet a d\u00e9clar\u00e9 forfait \u00e0 la derni\u00e8re minute pour cet Open d&rsquo;Australie 2021. Il n&rsquo;a pas disput\u00e9 le Grand Chelem australien depuis 2018.<\/strong><\/em><\/p>\n<p style=\"text-align: justify;\">La nouvelle est tomb\u00e9e au moment du tirage au sort pour le tableau principal. Pour la troisi\u00e8me fois d&rsquo;affil\u00e9e, <strong>Richard Gasquet ne disputera pas l&rsquo;Open d&rsquo;Australie<\/strong>. Le Biterrois ne s&rsquo;est pas encore exprim\u00e9 pour expliquer son forfait, mais pourrait le faire dans les prochaines heures ou jours. Il a disput\u00e9 un match d&rsquo;ATP 250 en d\u00e9but de semaine, <a href=\"https:\/\/dicodusport.fr\/blog\/atp-250-murray-river-open-le-tableau-du-tournoi\/\">battu en deux sets par Mackenzie McDonald<\/a>, 194e mondial. Ce match a probablement r\u00e9veill\u00e9 une de ses blessures.<\/p>\n<p style=\"text-align: justify;\">\u00c0 34 ans<strong>, le Fran\u00e7ais a multipli\u00e9 les p\u00e9pins physiques ces derniers mois<\/strong> (genou, dos, pubis&#8230;). Il n&rsquo;a pu disputer qu&rsquo;une soixantaine de matchs sur les deux derni\u00e8res saisons. <a href=\"https:\/\/dicodusport.fr\/blog\/les-4-mousquetaires-on-nest-pas-tombes-dans-la-bonne-generation\/\">En octobre dernier<\/a>, il sentait d\u00e9j\u00e0 que <em>\u00ab la fin \u00e9tait proche \u00bb<\/em>, envisageant <strong>une possible retraite \u00e0 la fin de la saison 2021<\/strong>.<\/p>\n<blockquote class=\"twitter-tweet\">\n<p dir=\"ltr\" lang=\"fr\">.<a href=\"https:\/\/twitter.com\/richardgasquet1?ref_src=twsrc%5Etfw\">@richardgasquet1<\/a> s\u2019est retir\u00e9 de <a href=\"https:\/\/twitter.com\/AustralianOpen?ref_src=twsrc%5Etfw\">@AustralianOpen<\/a>. <a href=\"https:\/\/twitter.com\/robin_haase?ref_src=twsrc%5Etfw\">@robin_haase<\/a> le remplace en tant que lucky loser! <a href=\"https:\/\/twitter.com\/hashtag\/AO2021?src=hash&amp;ref_src=twsrc%5Etfw\">#AO2021<\/a><\/p>\n<p>\u2014 Eric Salliot (@ericsalliot) <a href=\"https:\/\/twitter.com\/ericsalliot\/status\/1357568884539351041?ref_src=twsrc%5Etfw\">February 5, 2021<\/a><\/p><\/blockquote>\n<p><script async src=\"https:\/\/platform.twitter.com\/widgets.js\" charset=\"utf-8\"><\/script><\/p>\n<p><em><strong>Tom Compayrot<\/strong><br \/>\n<\/em><a href=\"https:\/\/twitter.com\/Tom_Cprt\" target=\"_blank\" rel=\"noopener noreferrer\"><img loading=\"lazy\" decoding=\"async\" class=\"alignnone wp-image-2908 jetpack-lazy-image jetpack-lazy-image--handled\" src=\"https:\/\/i1.wp.com\/dicodusport.fr\/blog\/wp-content\/uploads\/2017\/07\/logo-twitter-150x150.png?resize=39%2C39\" alt=\"\" width=\"39\" height=\"39\" data-recalc-dims=\"1\" data-lazy-loaded=\"1\" \/><\/a><\/p>\n<p>&nbsp;<\/p>\n","protected":false},"excerpt":{"rendered":"<p>Open d&rsquo;Australie 2021 &#8211; Il n&rsquo;y aura que neuf Fran\u00e7ais dans le tableau principal chez les hommes. Richard Gasquet a d\u00e9clar\u00e9 forfait \u00e0 la derni\u00e8re minute pour cet Open d&rsquo;Australie 2021. Il n&rsquo;a pas disput\u00e9 le Grand Chelem australien depuis 2018.<\/p>\n","protected":false},"author":13,"featured_media":104024,"comment_status":"open","ping_status":"closed","sticky":false,"template":"","format":"standard","meta":{"_acf_changed":false,"_daextam_enable_autolinks":"","footnotes":""},"categories":[47089],"tags":[2542],"class_list":["post-104005","post","type-post","status-publish","format-standard","has-post-thumbnail","hentry","category-open-d-australie","tag-richard-gasquet"],"acf":[],"yoast_head":"<!-- This site is optimized with the Yoast SEO Premium plugin v26.7 (Yoast SEO v26.7) - https:\/\/yoast.com\/wordpress\/plugins\/seo\/ -->\n<title>Richard Gasquet forfait pour l&#039;Open d&#039;Australie<\/title>\n<meta name=\"description\" content=\"Richard Gasquet a d\u00e9clar\u00e9 forfait \u00e0 la derni\u00e8re minute pour cet Open d&#039;Australie. Il n&#039;a pas disput\u00e9 le Grand Chelem australien depuis 2018.\" \/>\n<meta name=\"robots\" content=\"index, follow, max-snippet:-1, max-image-preview:large, max-video-preview:-1\" \/>\n<link rel=\"canonical\" href=\"https:\/\/dicodusport.fr\/blog\/richard-gasquet-forfait-pour-lopen-daustralie\/\" \/>\n<meta property=\"og:locale\" content=\"fr_FR\" \/>\n<meta property=\"og:type\" content=\"article\" \/>\n<meta property=\"og:title\" content=\"Richard Gasquet forfait pour l&#039;Open d&#039;Australie\" \/>\n<meta property=\"og:description\" content=\"Richard Gasquet a d\u00e9clar\u00e9 forfait \u00e0 la derni\u00e8re minute pour cet Open d&#039;Australie. Il n&#039;a pas disput\u00e9 le Grand Chelem australien depuis 2018.\" \/>\n<meta property=\"og:url\" content=\"https:\/\/dicodusport.fr\/blog\/richard-gasquet-forfait-pour-lopen-daustralie\/\" \/>\n<meta property=\"og:site_name\" content=\"Dicodusport\" \/>\n<meta property=\"article:publisher\" content=\"https:\/\/www.facebook.com\/dicodusport\" \/>\n<meta property=\"article:published_time\" content=\"2021-02-05T06:54:34+00:00\" \/>\n<meta property=\"article:modified_time\" content=\"2021-02-05T07:01:39+00:00\" \/>\n<meta property=\"og:image\" content=\"https:\/\/dicodusport.fr\/blog\/wp-content\/uploads\/2021\/02\/Richard-Gasquet-forfait-pour-lOpen-dAustralie.png\" \/>\n\t<meta property=\"og:image:width\" content=\"800\" \/>\n\t<meta property=\"og:image:height\" content=\"445\" \/>\n\t<meta property=\"og:image:type\" content=\"image\/png\" \/>\n<meta name=\"author\" content=\"Tom Compayrot\" \/>\n<meta name=\"twitter:card\" content=\"summary_large_image\" \/>\n<meta name=\"twitter:title\" content=\"Richard Gasquet forfait pour l&#039;Open d&#039;Australie\" \/>\n<meta name=\"twitter:creator\" content=\"@https:\/\/twitter.com\/Tom_Cprt\" \/>\n<meta name=\"twitter:site\" content=\"@dicodusport\" \/>\n<script type=\"application\/ld+json\" class=\"yoast-schema-graph\">{\"@context\":\"https:\/\/schema.org\",\"@graph\":[{\"@type\":\"NewsArticle\",\"@id\":\"https:\/\/dicodusport.fr\/blog\/richard-gasquet-forfait-pour-lopen-daustralie\/#article\",\"isPartOf\":{\"@id\":\"https:\/\/dicodusport.fr\/blog\/richard-gasquet-forfait-pour-lopen-daustralie\/\"},\"author\":{\"name\":\"Tom Compayrot\",\"@id\":\"https:\/\/dicodusport.fr\/blog\/#\/schema\/person\/bf1e4f404e108bd2be5b447b16bde9a7\"},\"headline\":\"Richard Gasquet forfait pour l&rsquo;Open d&rsquo;Australie\",\"datePublished\":\"2021-02-05T06:54:34+00:00\",\"dateModified\":\"2021-02-05T07:01:39+00:00\",\"mainEntityOfPage\":{\"@id\":\"https:\/\/dicodusport.fr\/blog\/richard-gasquet-forfait-pour-lopen-daustralie\/\"},\"wordCount\":213,\"commentCount\":0,\"publisher\":{\"@id\":\"https:\/\/dicodusport.fr\/blog\/#organization\"},\"image\":{\"@id\":\"https:\/\/dicodusport.fr\/blog\/richard-gasquet-forfait-pour-lopen-daustralie\/#primaryimage\"},\"thumbnailUrl\":\"https:\/\/dicodusport.fr\/blog\/wp-content\/uploads\/2021\/02\/Richard-Gasquet-forfait-pour-lOpen-dAustralie.png\",\"keywords\":[\"Richard Gasquet\"],\"articleSection\":[\"Open d'Australie\"],\"inLanguage\":\"fr-FR\",\"potentialAction\":[{\"@type\":\"CommentAction\",\"name\":\"Comment\",\"target\":[\"https:\/\/dicodusport.fr\/blog\/richard-gasquet-forfait-pour-lopen-daustralie\/#respond\"]}],\"copyrightYear\":\"2021\",\"copyrightHolder\":{\"@id\":\"https:\/\/dicodusport.fr\/blog\/#organization\"}},{\"@type\":\"WebPage\",\"@id\":\"https:\/\/dicodusport.fr\/blog\/richard-gasquet-forfait-pour-lopen-daustralie\/\",\"url\":\"https:\/\/dicodusport.fr\/blog\/richard-gasquet-forfait-pour-lopen-daustralie\/\",\"name\":\"Richard Gasquet forfait pour l'Open d'Australie\",\"isPartOf\":{\"@id\":\"https:\/\/dicodusport.fr\/blog\/#website\"},\"primaryImageOfPage\":{\"@id\":\"https:\/\/dicodusport.fr\/blog\/richard-gasquet-forfait-pour-lopen-daustralie\/#primaryimage\"},\"image\":{\"@id\":\"https:\/\/dicodusport.fr\/blog\/richard-gasquet-forfait-pour-lopen-daustralie\/#primaryimage\"},\"thumbnailUrl\":\"https:\/\/dicodusport.fr\/blog\/wp-content\/uploads\/2021\/02\/Richard-Gasquet-forfait-pour-lOpen-dAustralie.png\",\"datePublished\":\"2021-02-05T06:54:34+00:00\",\"dateModified\":\"2021-02-05T07:01:39+00:00\",\"description\":\"Richard Gasquet a d\u00e9clar\u00e9 forfait \u00e0 la derni\u00e8re minute pour cet Open d'Australie. Il n'a pas disput\u00e9 le Grand Chelem australien depuis 2018.\",\"breadcrumb\":{\"@id\":\"https:\/\/dicodusport.fr\/blog\/richard-gasquet-forfait-pour-lopen-daustralie\/#breadcrumb\"},\"inLanguage\":\"fr-FR\",\"potentialAction\":[{\"@type\":\"ReadAction\",\"target\":[\"https:\/\/dicodusport.fr\/blog\/richard-gasquet-forfait-pour-lopen-daustralie\/\"]}]},{\"@type\":\"ImageObject\",\"inLanguage\":\"fr-FR\",\"@id\":\"https:\/\/dicodusport.fr\/blog\/richard-gasquet-forfait-pour-lopen-daustralie\/#primaryimage\",\"url\":\"https:\/\/dicodusport.fr\/blog\/wp-content\/uploads\/2021\/02\/Richard-Gasquet-forfait-pour-lOpen-dAustralie.png\",\"contentUrl\":\"https:\/\/dicodusport.fr\/blog\/wp-content\/uploads\/2021\/02\/Richard-Gasquet-forfait-pour-lOpen-dAustralie.png\",\"width\":800,\"height\":445,\"caption\":\"Richard Gasquet forfait pour l'Open d'Australie\"},{\"@type\":\"BreadcrumbList\",\"@id\":\"https:\/\/dicodusport.fr\/blog\/richard-gasquet-forfait-pour-lopen-daustralie\/#breadcrumb\",\"itemListElement\":[{\"@type\":\"ListItem\",\"position\":1,\"name\":\"Accueil\",\"item\":\"https:\/\/dicodusport.fr\/blog\/\"},{\"@type\":\"ListItem\",\"position\":2,\"name\":\"Richard Gasquet forfait pour l&rsquo;Open d&rsquo;Australie\"}]},{\"@type\":\"WebSite\",\"@id\":\"https:\/\/dicodusport.fr\/blog\/#website\",\"url\":\"https:\/\/dicodusport.fr\/blog\/\",\"name\":\"Dicodusport\",\"description\":\"L&#039;encyclop\u00e9die de l&#039;actualit\u00e9 sportive\",\"publisher\":{\"@id\":\"https:\/\/dicodusport.fr\/blog\/#organization\"},\"potentialAction\":[{\"@type\":\"SearchAction\",\"target\":{\"@type\":\"EntryPoint\",\"urlTemplate\":\"https:\/\/dicodusport.fr\/blog\/?s={search_term_string}\"},\"query-input\":{\"@type\":\"PropertyValueSpecification\",\"valueRequired\":true,\"valueName\":\"search_term_string\"}}],\"inLanguage\":\"fr-FR\"},{\"@type\":\"NewsMediaOrganization\",\"@id\":\"https:\/\/dicodusport.fr\/blog\/#organization\",\"name\":\"Dicodusport\",\"url\":\"https:\/\/dicodusport.fr\/blog\/\",\"logo\":{\"@type\":\"ImageObject\",\"inLanguage\":\"fr-FR\",\"@id\":\"https:\/\/dicodusport.fr\/blog\/#\/schema\/logo\/image\/\",\"url\":\"https:\/\/dicodusport.fr\/blog\/wp-content\/uploads\/2020\/06\/cropped-LOGO-DICODUSPORT-2020-SANS-FOND-SANS-TEXTE.png\",\"contentUrl\":\"https:\/\/dicodusport.fr\/blog\/wp-content\/uploads\/2020\/06\/cropped-LOGO-DICODUSPORT-2020-SANS-FOND-SANS-TEXTE.png\",\"width\":512,\"height\":512,\"caption\":\"Dicodusport\"},\"image\":{\"@id\":\"https:\/\/dicodusport.fr\/blog\/#\/schema\/logo\/image\/\"},\"sameAs\":[\"https:\/\/www.facebook.com\/dicodusport\",\"https:\/\/x.com\/dicodusport\",\"https:\/\/www.instagram.com\/dicodusport\/\",\"https:\/\/www.youtube.com\/channel\/UC7V2KZ5sd3htJivAbA4ZG3w\"],\"description\":\"Dicodusport est l'encyclop\u00e9die de l'actualit\u00e9 sportive.\",\"email\":\"bonjour@dicodusport.fr\",\"legalName\":\"DICODUSPORT\",\"foundingDate\":\"2018-01-14\",\"vatID\":\"FR71834470973\",\"taxID\":\"83447097300043\",\"numberOfEmployees\":{\"@type\":\"QuantitativeValue\",\"minValue\":\"1\",\"maxValue\":\"10\"}},{\"@type\":\"Person\",\"@id\":\"https:\/\/dicodusport.fr\/blog\/#\/schema\/person\/bf1e4f404e108bd2be5b447b16bde9a7\",\"name\":\"Tom Compayrot\",\"image\":{\"@type\":\"ImageObject\",\"inLanguage\":\"fr-FR\",\"@id\":\"https:\/\/dicodusport.fr\/blog\/#\/schema\/person\/image\/\",\"url\":\"https:\/\/dicodusport.fr\/blog\/wp-content\/uploads\/2021\/05\/Tom-Compayrot-150x150.jpg\",\"contentUrl\":\"https:\/\/dicodusport.fr\/blog\/wp-content\/uploads\/2021\/05\/Tom-Compayrot-150x150.jpg\",\"caption\":\"Tom Compayrot\"},\"description\":\"Journaliste\/r\u00e9dacteur depuis mars 2017 - Amoureux de la petite balle jaune et du gros ballon orange qui tra\u00eene sa carcasse sur Dicodusport depuis 2017. Rafael Nadal et LeBron James sont les meilleurs joueurs de l'histoire.\",\"sameAs\":[\"https:\/\/x.com\/https:\/\/twitter.com\/Tom_Cprt\"],\"url\":\"https:\/\/dicodusport.fr\/blog\/author\/tom\/\"}]}<\/script>\n<!-- \/ Yoast SEO Premium plugin. -->","yoast_head_json":{"title":"Richard Gasquet forfait pour l'Open d'Australie","description":"Richard Gasquet a d\u00e9clar\u00e9 forfait \u00e0 la derni\u00e8re minute pour cet Open d'Australie. Il n'a pas disput\u00e9 le Grand Chelem australien depuis 2018.","robots":{"index":"index","follow":"follow","max-snippet":"max-snippet:-1","max-image-preview":"max-image-preview:large","max-video-preview":"max-video-preview:-1"},"canonical":"https:\/\/dicodusport.fr\/blog\/richard-gasquet-forfait-pour-lopen-daustralie\/","og_locale":"fr_FR","og_type":"article","og_title":"Richard Gasquet forfait pour l'Open d'Australie","og_description":"Richard Gasquet a d\u00e9clar\u00e9 forfait \u00e0 la derni\u00e8re minute pour cet Open d'Australie. Il n'a pas disput\u00e9 le Grand Chelem australien depuis 2018.","og_url":"https:\/\/dicodusport.fr\/blog\/richard-gasquet-forfait-pour-lopen-daustralie\/","og_site_name":"Dicodusport","article_publisher":"https:\/\/www.facebook.com\/dicodusport","article_published_time":"2021-02-05T06:54:34+00:00","article_modified_time":"2021-02-05T07:01:39+00:00","og_image":[{"width":800,"height":445,"url":"https:\/\/dicodusport.fr\/blog\/wp-content\/uploads\/2021\/02\/Richard-Gasquet-forfait-pour-lOpen-dAustralie.png","type":"image\/png"}],"author":"Tom Compayrot","twitter_card":"summary_large_image","twitter_title":"Richard Gasquet forfait pour l'Open d'Australie","twitter_creator":"@https:\/\/twitter.com\/Tom_Cprt","twitter_site":"@dicodusport","schema":{"@context":"https:\/\/schema.org","@graph":[{"@type":"NewsArticle","@id":"https:\/\/dicodusport.fr\/blog\/richard-gasquet-forfait-pour-lopen-daustralie\/#article","isPartOf":{"@id":"https:\/\/dicodusport.fr\/blog\/richard-gasquet-forfait-pour-lopen-daustralie\/"},"author":{"name":"Tom Compayrot","@id":"https:\/\/dicodusport.fr\/blog\/#\/schema\/person\/bf1e4f404e108bd2be5b447b16bde9a7"},"headline":"Richard Gasquet forfait pour l&rsquo;Open d&rsquo;Australie","datePublished":"2021-02-05T06:54:34+00:00","dateModified":"2021-02-05T07:01:39+00:00","mainEntityOfPage":{"@id":"https:\/\/dicodusport.fr\/blog\/richard-gasquet-forfait-pour-lopen-daustralie\/"},"wordCount":213,"commentCount":0,"publisher":{"@id":"https:\/\/dicodusport.fr\/blog\/#organization"},"image":{"@id":"https:\/\/dicodusport.fr\/blog\/richard-gasquet-forfait-pour-lopen-daustralie\/#primaryimage"},"thumbnailUrl":"https:\/\/dicodusport.fr\/blog\/wp-content\/uploads\/2021\/02\/Richard-Gasquet-forfait-pour-lOpen-dAustralie.png","keywords":["Richard Gasquet"],"articleSection":["Open d'Australie"],"inLanguage":"fr-FR","potentialAction":[{"@type":"CommentAction","name":"Comment","target":["https:\/\/dicodusport.fr\/blog\/richard-gasquet-forfait-pour-lopen-daustralie\/#respond"]}],"copyrightYear":"2021","copyrightHolder":{"@id":"https:\/\/dicodusport.fr\/blog\/#organization"}},{"@type":"WebPage","@id":"https:\/\/dicodusport.fr\/blog\/richard-gasquet-forfait-pour-lopen-daustralie\/","url":"https:\/\/dicodusport.fr\/blog\/richard-gasquet-forfait-pour-lopen-daustralie\/","name":"Richard Gasquet forfait pour l'Open d'Australie","isPartOf":{"@id":"https:\/\/dicodusport.fr\/blog\/#website"},"primaryImageOfPage":{"@id":"https:\/\/dicodusport.fr\/blog\/richard-gasquet-forfait-pour-lopen-daustralie\/#primaryimage"},"image":{"@id":"https:\/\/dicodusport.fr\/blog\/richard-gasquet-forfait-pour-lopen-daustralie\/#primaryimage"},"thumbnailUrl":"https:\/\/dicodusport.fr\/blog\/wp-content\/uploads\/2021\/02\/Richard-Gasquet-forfait-pour-lOpen-dAustralie.png","datePublished":"2021-02-05T06:54:34+00:00","dateModified":"2021-02-05T07:01:39+00:00","description":"Richard Gasquet a d\u00e9clar\u00e9 forfait \u00e0 la derni\u00e8re minute pour cet Open d'Australie. Il n'a pas disput\u00e9 le Grand Chelem australien depuis 2018.","breadcrumb":{"@id":"https:\/\/dicodusport.fr\/blog\/richard-gasquet-forfait-pour-lopen-daustralie\/#breadcrumb"},"inLanguage":"fr-FR","potentialAction":[{"@type":"ReadAction","target":["https:\/\/dicodusport.fr\/blog\/richard-gasquet-forfait-pour-lopen-daustralie\/"]}]},{"@type":"ImageObject","inLanguage":"fr-FR","@id":"https:\/\/dicodusport.fr\/blog\/richard-gasquet-forfait-pour-lopen-daustralie\/#primaryimage","url":"https:\/\/dicodusport.fr\/blog\/wp-content\/uploads\/2021\/02\/Richard-Gasquet-forfait-pour-lOpen-dAustralie.png","contentUrl":"https:\/\/dicodusport.fr\/blog\/wp-content\/uploads\/2021\/02\/Richard-Gasquet-forfait-pour-lOpen-dAustralie.png","width":800,"height":445,"caption":"Richard Gasquet forfait pour l'Open d'Australie"},{"@type":"BreadcrumbList","@id":"https:\/\/dicodusport.fr\/blog\/richard-gasquet-forfait-pour-lopen-daustralie\/#breadcrumb","itemListElement":[{"@type":"ListItem","position":1,"name":"Accueil","item":"https:\/\/dicodusport.fr\/blog\/"},{"@type":"ListItem","position":2,"name":"Richard Gasquet forfait pour l&rsquo;Open d&rsquo;Australie"}]},{"@type":"WebSite","@id":"https:\/\/dicodusport.fr\/blog\/#website","url":"https:\/\/dicodusport.fr\/blog\/","name":"Dicodusport","description":"L&#039;encyclop\u00e9die de l&#039;actualit\u00e9 sportive","publisher":{"@id":"https:\/\/dicodusport.fr\/blog\/#organization"},"potentialAction":[{"@type":"SearchAction","target":{"@type":"EntryPoint","urlTemplate":"https:\/\/dicodusport.fr\/blog\/?s={search_term_string}"},"query-input":{"@type":"PropertyValueSpecification","valueRequired":true,"valueName":"search_term_string"}}],"inLanguage":"fr-FR"},{"@type":"NewsMediaOrganization","@id":"https:\/\/dicodusport.fr\/blog\/#organization","name":"Dicodusport","url":"https:\/\/dicodusport.fr\/blog\/","logo":{"@type":"ImageObject","inLanguage":"fr-FR","@id":"https:\/\/dicodusport.fr\/blog\/#\/schema\/logo\/image\/","url":"https:\/\/dicodusport.fr\/blog\/wp-content\/uploads\/2020\/06\/cropped-LOGO-DICODUSPORT-2020-SANS-FOND-SANS-TEXTE.png","contentUrl":"https:\/\/dicodusport.fr\/blog\/wp-content\/uploads\/2020\/06\/cropped-LOGO-DICODUSPORT-2020-SANS-FOND-SANS-TEXTE.png","width":512,"height":512,"caption":"Dicodusport"},"image":{"@id":"https:\/\/dicodusport.fr\/blog\/#\/schema\/logo\/image\/"},"sameAs":["https:\/\/www.facebook.com\/dicodusport","https:\/\/x.com\/dicodusport","https:\/\/www.instagram.com\/dicodusport\/","https:\/\/www.youtube.com\/channel\/UC7V2KZ5sd3htJivAbA4ZG3w"],"description":"Dicodusport est l'encyclop\u00e9die de l'actualit\u00e9 sportive.","email":"bonjour@dicodusport.fr","legalName":"DICODUSPORT","foundingDate":"2018-01-14","vatID":"FR71834470973","taxID":"83447097300043","numberOfEmployees":{"@type":"QuantitativeValue","minValue":"1","maxValue":"10"}},{"@type":"Person","@id":"https:\/\/dicodusport.fr\/blog\/#\/schema\/person\/bf1e4f404e108bd2be5b447b16bde9a7","name":"Tom Compayrot","image":{"@type":"ImageObject","inLanguage":"fr-FR","@id":"https:\/\/dicodusport.fr\/blog\/#\/schema\/person\/image\/","url":"https:\/\/dicodusport.fr\/blog\/wp-content\/uploads\/2021\/05\/Tom-Compayrot-150x150.jpg","contentUrl":"https:\/\/dicodusport.fr\/blog\/wp-content\/uploads\/2021\/05\/Tom-Compayrot-150x150.jpg","caption":"Tom Compayrot"},"description":"Journaliste\/r\u00e9dacteur depuis mars 2017 - Amoureux de la petite balle jaune et du gros ballon orange qui tra\u00eene sa carcasse sur Dicodusport depuis 2017. Rafael Nadal et LeBron James sont les meilleurs joueurs de l'histoire.","sameAs":["https:\/\/x.com\/https:\/\/twitter.com\/Tom_Cprt"],"url":"https:\/\/dicodusport.fr\/blog\/author\/tom\/"}]}},"_links":{"self":[{"href":"https:\/\/dicodusport.fr\/blog\/wp-json\/wp\/v2\/posts\/104005","targetHints":{"allow":["GET"]}}],"collection":[{"href":"https:\/\/dicodusport.fr\/blog\/wp-json\/wp\/v2\/posts"}],"about":[{"href":"https:\/\/dicodusport.fr\/blog\/wp-json\/wp\/v2\/types\/post"}],"author":[{"embeddable":true,"href":"https:\/\/dicodusport.fr\/blog\/wp-json\/wp\/v2\/users\/13"}],"replies":[{"embeddable":true,"href":"https:\/\/dicodusport.fr\/blog\/wp-json\/wp\/v2\/comments?post=104005"}],"version-history":[{"count":0,"href":"https:\/\/dicodusport.fr\/blog\/wp-json\/wp\/v2\/posts\/104005\/revisions"}],"wp:featuredmedia":[{"embeddable":true,"href":"https:\/\/dicodusport.fr\/blog\/wp-json\/wp\/v2\/media\/104024"}],"wp:attachment":[{"href":"https:\/\/dicodusport.fr\/blog\/wp-json\/wp\/v2\/media?parent=104005"}],"wp:term":[{"taxonomy":"category","embeddable":true,"href":"https:\/\/dicodusport.fr\/blog\/wp-json\/wp\/v2\/categories?post=104005"},{"taxonomy":"post_tag","embeddable":true,"href":"https:\/\/dicodusport.fr\/blog\/wp-json\/wp\/v2\/tags?post=104005"}],"curies":[{"name":"wp","href":"https:\/\/api.w.org\/{rel}","templated":true}]}}