{"id":105235,"date":"2021-02-10T16:23:14","date_gmt":"2021-02-10T15:23:14","guid":{"rendered":"https:\/\/dicodusport.fr\/blog\/?p=105235&#038;preview=true&#038;preview_id=105235"},"modified":"2021-02-10T16:48:07","modified_gmt":"2021-02-10T15:48:07","slug":"pokljuka-norvege-sacree-championne-du-monde-relais-mixte-france-5eme","status":"publish","type":"post","link":"https:\/\/dicodusport.fr\/blog\/pokljuka-norvege-sacree-championne-du-monde-relais-mixte-france-5eme\/","title":{"rendered":"Pokljuka : la Norv\u00e8ge sacr\u00e9e championne du monde sur le relais mixte, la France 5\u00e8me"},"content":{"rendered":"<p style=\"text-align: justify;\"><strong><em><a href=\"https:\/\/dicodusport.fr\/blog\/biathlon-championnats-du-monde-2021-programme-complet-pokljuka\/\" target=\"_blank\" rel=\"noopener\">BIATHLON &#8211; CHAMPIONNATS DU MONDE 2021<\/a> &#8211; Malgr\u00e9 11 pioches, la Norv\u00e8ge a remport\u00e9 ce mercredi le titre mondial sur le relais mixte \u00e0 Pokljuka (Slov\u00e9nie). L&rsquo;Autriche et la Su\u00e8de compl\u00e8tent le podium. La France, plomb\u00e9e par un tour de p\u00e9nalit\u00e9, termine 5\u00e8me.<\/em><\/strong><\/p>\n<p style=\"text-align: justify;\">Sixi\u00e8me titre mondial sur le relais mixte pour la Norv\u00e8ge. Ce mercredi, en ouverture des Mondiaux de Pokljuka, <strong>Sturla Laegreid<\/strong>, <strong>Johannes Boe<\/strong>, <strong>Tiril Eckhoff<\/strong> et <strong>Marte Olsbu Roeiseland<\/strong>, grands favoris, ont tenu leur rang. Malgr\u00e9 11 pioches et une derni\u00e8re frayeur pour <strong>Roeiseland<\/strong>, toute proche du tour de p\u00e9nalit\u00e9 sur l&rsquo;ultime tir, les Norv\u00e9giens ont fait le job pour rafler un troisi\u00e8me titre cons\u00e9cutif sur ce format. Derri\u00e8re, l&rsquo;<strong>Autriche<\/strong> de <strong>Komatz<\/strong>, <strong>Eder<\/strong>, <strong>Zdouc<\/strong> et <strong>Hauser<\/strong> (2 pioches seulement) prend l&rsquo;argent, devant la <strong>Su\u00e8de<\/strong> d&rsquo;une <strong>Hanna Oeberg<\/strong> au rendez-vous (8 pioches).<\/p>\n<blockquote class=\"twitter-tweet\">\n<p dir=\"ltr\" lang=\"fr\">La Norv\u00e8ge remporte la premi\u00e8re m\u00e9daille des Mondiaux ! La France termine \u00e0 la 5e place <a href=\"https:\/\/twitter.com\/hashtag\/lequipeBIATHLON?src=hash&amp;ref_src=twsrc%5Etfw\">#lequipeBIATHLON<\/a> <a href=\"https:\/\/t.co\/MbLo2KrvZy\">pic.twitter.com\/MbLo2KrvZy<\/a><\/p>\n<p>\u2014 la chaine L&rsquo;\u00c9quipe (@lachainelequipe) <a href=\"https:\/\/twitter.com\/lachainelequipe\/status\/1359523462621061120?ref_src=twsrc%5Etfw\">February 10, 2021<\/a><\/p><\/blockquote>\n<p><script async src=\"https:\/\/platform.twitter.com\/widgets.js\" charset=\"utf-8\"><\/script><\/p>\n<h2 style=\"text-align: justify;\">La France loupe le coche<\/h2>\n<p style=\"text-align: justify;\">Dans le coup pour le podium durant presque les trois-quarts de la course, l&rsquo;\u00e9quipe de France doit se contenter d&rsquo;une 5\u00e8me place frustrante. <strong>Jacquelin<\/strong> (2 pioches) et <strong>Fillon Maillet<\/strong> (3 pioches) avaient fait le job, ce dernier donnant le t\u00e9moin \u00e0 <strong>Ana\u00efs Chevalier-Bouchet<\/strong> dans le m\u00eame temps que les Norv\u00e9giens, en deuxi\u00e8me position. Mais apr\u00e8s un tir couch\u00e9 ma\u00eetris\u00e9 et un \u00e9cart stabilis\u00e9 de 30 secondes avec <strong>Tiril Eckhoff<\/strong>, la Fran\u00e7aise craquait sur sa derni\u00e8re balle au moment du tir debout, avec au bout, un tour de p\u00e9nalit\u00e9.<\/p>\n<p style=\"text-align: justify;\">Rel\u00e9gu\u00e9e en 5\u00e8me position \u00e0 1&rsquo;15 de la Norv\u00e8ge et 30 secondes du podium, l&rsquo;\u00e9quipe de France ne parvenait pas \u00e0 revenir sur la bo\u00eete, malgr\u00e9 un relais tr\u00e8s propre de <strong>Julia Simon<\/strong> (1 pioche). Les Bleus ne sont plus mont\u00e9s sur le podium des Mondiaux en relais mixte depuis 2017. Une vraie anomalie.<\/p>\n<h2 style=\"text-align: justify;\">\u00c0 lire aussi<\/h2>\n<ul>\n<li style=\"text-align: justify;\"><a href=\"https:\/\/dicodusport.fr\/blog\/biathlon-championnats-du-monde-2021-classement-relais-mixte\/\" target=\"_blank\" rel=\"noopener\"><strong>Le classement du relais mixte<\/strong><\/a><\/li>\n<li style=\"text-align: justify;\"><a href=\"https:\/\/dicodusport.fr\/blog\/biathlon-championnats-du-monde-2021-tableau-des-medailles\/\" target=\"_blank\" rel=\"noopener\"><strong>Le tableau des m\u00e9dailles<\/strong><\/a><\/li>\n<\/ul>\n<p><strong><em>Dicodusport<br \/>\n<a href=\"https:\/\/www.facebook.com\/dicodusport\/\" target=\"_blank\" rel=\"noopener noreferrer\"><img loading=\"lazy\" decoding=\"async\" class=\"alignnone wp-image-2909\" src=\"http:\/\/dicodusport.fr\/blog\/wp-content\/uploads\/2017\/07\/logo-facebook-150x150.png\" alt=\"\" width=\"40\" height=\"40\" \/><\/a><a href=\"https:\/\/twitter.com\/dicodusport\" target=\"_blank\" rel=\"noopener noreferrer\"><img loading=\"lazy\" decoding=\"async\" class=\"alignnone wp-image-2908\" src=\"http:\/\/dicodusport.fr\/blog\/wp-content\/uploads\/2017\/07\/logo-twitter-150x150.png\" alt=\"\" width=\"39\" height=\"39\" \/><\/a><\/em><\/strong><\/p>\n","protected":false},"excerpt":{"rendered":"<p>BIATHLON &#8211; CHAMPIONNATS DU MONDE 2021 &#8211; Malgr\u00e9 11 pioches, la Norv\u00e8ge a remport\u00e9 ce mercredi le titre mondial sur le relais mixte \u00e0 Pokljuka (Slov\u00e9nie). L&rsquo;Autriche et la Su\u00e8de compl\u00e8tent le podium. La France, plomb\u00e9e par un tour de p\u00e9nalit\u00e9, termine 5\u00e8me.<\/p>\n","protected":false},"author":4,"featured_media":105261,"comment_status":"open","ping_status":"closed","sticky":false,"template":"","format":"standard","meta":{"_acf_changed":false,"_daextam_enable_autolinks":"","footnotes":""},"categories":[47039],"tags":[14225],"class_list":["post-105235","post","type-post","status-publish","format-standard","has-post-thumbnail","hentry","category-championnats-du-monde-de-biathlon","tag-relais-mixte-pokljuka"],"acf":[],"yoast_head":"<!-- This site is optimized with the Yoast SEO Premium plugin v26.7 (Yoast SEO v26.7) - https:\/\/yoast.com\/wordpress\/plugins\/seo\/ -->\n<title>Pokljuka : la Norv\u00e8ge sacr\u00e9e championne du monde sur le relais mixte, la France 5\u00e8me<\/title>\n<meta name=\"description\" content=\"BIATHLON - CHAMPIONNATS DU MONDE 2021 - Malgr\u00e9 11 pioches, la Norv\u00e8ge a remport\u00e9 ce mercredi le titre mondial sur le relais mixte \u00e0 Pokljuka (Slov\u00e9nie).\" \/>\n<meta name=\"robots\" content=\"index, follow, max-snippet:-1, max-image-preview:large, max-video-preview:-1\" \/>\n<link rel=\"canonical\" href=\"https:\/\/dicodusport.fr\/blog\/pokljuka-norvege-sacree-championne-du-monde-relais-mixte-france-5eme\/\" \/>\n<meta property=\"og:locale\" content=\"fr_FR\" \/>\n<meta property=\"og:type\" content=\"article\" \/>\n<meta property=\"og:title\" content=\"Pokljuka : la Norv\u00e8ge sacr\u00e9e championne du monde sur le relais mixte, la France 5\u00e8me\" \/>\n<meta property=\"og:description\" content=\"BIATHLON - CHAMPIONNATS DU MONDE 2021 - Malgr\u00e9 11 pioches, la Norv\u00e8ge a remport\u00e9 ce mercredi le titre mondial sur le relais mixte \u00e0 Pokljuka (Slov\u00e9nie).\" \/>\n<meta property=\"og:url\" content=\"https:\/\/dicodusport.fr\/blog\/pokljuka-norvege-sacree-championne-du-monde-relais-mixte-france-5eme\/\" \/>\n<meta property=\"og:site_name\" content=\"Dicodusport\" \/>\n<meta property=\"article:publisher\" content=\"https:\/\/www.facebook.com\/dicodusport\" \/>\n<meta property=\"article:author\" content=\"https:\/\/www.facebook.com\/florent.ostermann\" \/>\n<meta property=\"article:published_time\" content=\"2021-02-10T15:23:14+00:00\" \/>\n<meta property=\"article:modified_time\" content=\"2021-02-10T15:48:07+00:00\" \/>\n<meta property=\"og:image\" content=\"https:\/\/dicodusport.fr\/blog\/wp-content\/uploads\/2021\/02\/Pokljuka-La-Norvege-sacree-championne-du-monde-sur-le-relais-mixte-la-France-5eme.png\" \/>\n\t<meta property=\"og:image:width\" content=\"800\" \/>\n\t<meta property=\"og:image:height\" content=\"445\" \/>\n\t<meta property=\"og:image:type\" content=\"image\/png\" \/>\n<meta name=\"author\" content=\"Flo Ostermann\" \/>\n<meta name=\"twitter:card\" content=\"summary_large_image\" \/>\n<meta name=\"twitter:title\" content=\"Pokljuka : la Norv\u00e8ge sacr\u00e9e championne du monde sur le relais mixte, la France 5\u00e8me\" \/>\n<meta name=\"twitter:creator\" content=\"@https:\/\/twitter.com\/FlOstermann\" \/>\n<meta name=\"twitter:site\" content=\"@dicodusport\" \/>\n<script type=\"application\/ld+json\" class=\"yoast-schema-graph\">{\"@context\":\"https:\/\/schema.org\",\"@graph\":[{\"@type\":\"NewsArticle\",\"@id\":\"https:\/\/dicodusport.fr\/blog\/pokljuka-norvege-sacree-championne-du-monde-relais-mixte-france-5eme\/#article\",\"isPartOf\":{\"@id\":\"https:\/\/dicodusport.fr\/blog\/pokljuka-norvege-sacree-championne-du-monde-relais-mixte-france-5eme\/\"},\"author\":{\"name\":\"Flo Ostermann\",\"@id\":\"https:\/\/dicodusport.fr\/blog\/#\/schema\/person\/cb02af4c173ce4a653b55e9baf388d4a\"},\"headline\":\"Pokljuka : la Norv\u00e8ge sacr\u00e9e championne du monde sur le relais mixte, la France 5\u00e8me\",\"datePublished\":\"2021-02-10T15:23:14+00:00\",\"dateModified\":\"2021-02-10T15:48:07+00:00\",\"mainEntityOfPage\":{\"@id\":\"https:\/\/dicodusport.fr\/blog\/pokljuka-norvege-sacree-championne-du-monde-relais-mixte-france-5eme\/\"},\"wordCount\":361,\"commentCount\":0,\"publisher\":{\"@id\":\"https:\/\/dicodusport.fr\/blog\/#organization\"},\"image\":{\"@id\":\"https:\/\/dicodusport.fr\/blog\/pokljuka-norvege-sacree-championne-du-monde-relais-mixte-france-5eme\/#primaryimage\"},\"thumbnailUrl\":\"https:\/\/dicodusport.fr\/blog\/wp-content\/uploads\/2021\/02\/Pokljuka-La-Norvege-sacree-championne-du-monde-sur-le-relais-mixte-la-France-5eme.png\",\"keywords\":[\"Relais mixte Pokljuka\"],\"articleSection\":[\"Championnats du monde de biathlon\"],\"inLanguage\":\"fr-FR\",\"potentialAction\":[{\"@type\":\"CommentAction\",\"name\":\"Comment\",\"target\":[\"https:\/\/dicodusport.fr\/blog\/pokljuka-norvege-sacree-championne-du-monde-relais-mixte-france-5eme\/#respond\"]}],\"copyrightYear\":\"2021\",\"copyrightHolder\":{\"@id\":\"https:\/\/dicodusport.fr\/blog\/#organization\"}},{\"@type\":\"WebPage\",\"@id\":\"https:\/\/dicodusport.fr\/blog\/pokljuka-norvege-sacree-championne-du-monde-relais-mixte-france-5eme\/\",\"url\":\"https:\/\/dicodusport.fr\/blog\/pokljuka-norvege-sacree-championne-du-monde-relais-mixte-france-5eme\/\",\"name\":\"Pokljuka : la Norv\u00e8ge sacr\u00e9e championne du monde sur le relais mixte, la France 5\u00e8me\",\"isPartOf\":{\"@id\":\"https:\/\/dicodusport.fr\/blog\/#website\"},\"primaryImageOfPage\":{\"@id\":\"https:\/\/dicodusport.fr\/blog\/pokljuka-norvege-sacree-championne-du-monde-relais-mixte-france-5eme\/#primaryimage\"},\"image\":{\"@id\":\"https:\/\/dicodusport.fr\/blog\/pokljuka-norvege-sacree-championne-du-monde-relais-mixte-france-5eme\/#primaryimage\"},\"thumbnailUrl\":\"https:\/\/dicodusport.fr\/blog\/wp-content\/uploads\/2021\/02\/Pokljuka-La-Norvege-sacree-championne-du-monde-sur-le-relais-mixte-la-France-5eme.png\",\"datePublished\":\"2021-02-10T15:23:14+00:00\",\"dateModified\":\"2021-02-10T15:48:07+00:00\",\"description\":\"BIATHLON - CHAMPIONNATS DU MONDE 2021 - Malgr\u00e9 11 pioches, la Norv\u00e8ge a remport\u00e9 ce mercredi le titre mondial sur le relais mixte \u00e0 Pokljuka (Slov\u00e9nie).\",\"breadcrumb\":{\"@id\":\"https:\/\/dicodusport.fr\/blog\/pokljuka-norvege-sacree-championne-du-monde-relais-mixte-france-5eme\/#breadcrumb\"},\"inLanguage\":\"fr-FR\",\"potentialAction\":[{\"@type\":\"ReadAction\",\"target\":[\"https:\/\/dicodusport.fr\/blog\/pokljuka-norvege-sacree-championne-du-monde-relais-mixte-france-5eme\/\"]}]},{\"@type\":\"ImageObject\",\"inLanguage\":\"fr-FR\",\"@id\":\"https:\/\/dicodusport.fr\/blog\/pokljuka-norvege-sacree-championne-du-monde-relais-mixte-france-5eme\/#primaryimage\",\"url\":\"https:\/\/dicodusport.fr\/blog\/wp-content\/uploads\/2021\/02\/Pokljuka-La-Norvege-sacree-championne-du-monde-sur-le-relais-mixte-la-France-5eme.png\",\"contentUrl\":\"https:\/\/dicodusport.fr\/blog\/wp-content\/uploads\/2021\/02\/Pokljuka-La-Norvege-sacree-championne-du-monde-sur-le-relais-mixte-la-France-5eme.png\",\"width\":800,\"height\":445,\"caption\":\"Pokljuka - La Norv\u00e8ge sacr\u00e9e championne du monde sur le relais mixte, la France 5\u00e8me\"},{\"@type\":\"BreadcrumbList\",\"@id\":\"https:\/\/dicodusport.fr\/blog\/pokljuka-norvege-sacree-championne-du-monde-relais-mixte-france-5eme\/#breadcrumb\",\"itemListElement\":[{\"@type\":\"ListItem\",\"position\":1,\"name\":\"Accueil\",\"item\":\"https:\/\/dicodusport.fr\/blog\/\"},{\"@type\":\"ListItem\",\"position\":2,\"name\":\"Pokljuka : la Norv\u00e8ge sacr\u00e9e championne du monde sur le relais mixte, la France 5\u00e8me\"}]},{\"@type\":\"WebSite\",\"@id\":\"https:\/\/dicodusport.fr\/blog\/#website\",\"url\":\"https:\/\/dicodusport.fr\/blog\/\",\"name\":\"Dicodusport\",\"description\":\"L&#039;encyclop\u00e9die de l&#039;actualit\u00e9 sportive\",\"publisher\":{\"@id\":\"https:\/\/dicodusport.fr\/blog\/#organization\"},\"potentialAction\":[{\"@type\":\"SearchAction\",\"target\":{\"@type\":\"EntryPoint\",\"urlTemplate\":\"https:\/\/dicodusport.fr\/blog\/?s={search_term_string}\"},\"query-input\":{\"@type\":\"PropertyValueSpecification\",\"valueRequired\":true,\"valueName\":\"search_term_string\"}}],\"inLanguage\":\"fr-FR\"},{\"@type\":\"NewsMediaOrganization\",\"@id\":\"https:\/\/dicodusport.fr\/blog\/#organization\",\"name\":\"Dicodusport\",\"url\":\"https:\/\/dicodusport.fr\/blog\/\",\"logo\":{\"@type\":\"ImageObject\",\"inLanguage\":\"fr-FR\",\"@id\":\"https:\/\/dicodusport.fr\/blog\/#\/schema\/logo\/image\/\",\"url\":\"https:\/\/dicodusport.fr\/blog\/wp-content\/uploads\/2020\/06\/cropped-LOGO-DICODUSPORT-2020-SANS-FOND-SANS-TEXTE.png\",\"contentUrl\":\"https:\/\/dicodusport.fr\/blog\/wp-content\/uploads\/2020\/06\/cropped-LOGO-DICODUSPORT-2020-SANS-FOND-SANS-TEXTE.png\",\"width\":512,\"height\":512,\"caption\":\"Dicodusport\"},\"image\":{\"@id\":\"https:\/\/dicodusport.fr\/blog\/#\/schema\/logo\/image\/\"},\"sameAs\":[\"https:\/\/www.facebook.com\/dicodusport\",\"https:\/\/x.com\/dicodusport\",\"https:\/\/www.instagram.com\/dicodusport\/\",\"https:\/\/www.youtube.com\/channel\/UC7V2KZ5sd3htJivAbA4ZG3w\"],\"description\":\"Dicodusport est l'encyclop\u00e9die de l'actualit\u00e9 sportive.\",\"email\":\"bonjour@dicodusport.fr\",\"legalName\":\"DICODUSPORT\",\"foundingDate\":\"2018-01-14\",\"vatID\":\"FR71834470973\",\"taxID\":\"83447097300043\",\"numberOfEmployees\":{\"@type\":\"QuantitativeValue\",\"minValue\":\"1\",\"maxValue\":\"10\"}},{\"@type\":\"Person\",\"@id\":\"https:\/\/dicodusport.fr\/blog\/#\/schema\/person\/cb02af4c173ce4a653b55e9baf388d4a\",\"name\":\"Flo Ostermann\",\"image\":{\"@type\":\"ImageObject\",\"inLanguage\":\"fr-FR\",\"@id\":\"https:\/\/dicodusport.fr\/blog\/#\/schema\/person\/image\/\",\"url\":\"https:\/\/dicodusport.fr\/blog\/wp-content\/uploads\/2021\/05\/Flo-Ostermann-150x150.jpg\",\"contentUrl\":\"https:\/\/dicodusport.fr\/blog\/wp-content\/uploads\/2021\/05\/Flo-Ostermann-150x150.jpg\",\"caption\":\"Flo Ostermann\"},\"description\":\"Journaliste\/R\u00e9dacteur depuis septembre 2015 - Mes premiers souvenirs dans le sport ? Les envol\u00e9es du Stade Toulousain et les duels Villeneuve-Schumacher et H\u00e4kkinen-Schumacher \u00e0 la fin des ann\u00e9es 90, la Coupe du monde de football en 1998, l\u2019exploit du XV de France face aux All Blacks en 1999, mais aussi Richard C\u0153ur de Lion qui vole sur les montagnes du Tour de France. Bien parti pour devenir professeur d\u2019EPS, les \u00e9v\u00e9nements de la vie (et la flemme d\u2019animer des s\u00e9ances de 3x500 m\u00e8tres toute ma vie) m\u2019ont conduit \u00e0 revoir mes plans. Me voil\u00e0 depuis fin 2017 sur Dicodusport, m\u00e9dia gr\u00e2ce (et pour) lequel je partage ma passion : le sport dans tous ses \u00e9tats. Le tout accompagn\u00e9 par les fous furieux et folles furieuses cit\u00e9s sur cette page !\",\"sameAs\":[\"https:\/\/www.facebook.com\/florent.ostermann\",\"https:\/\/x.com\/https:\/\/twitter.com\/FlOstermann\",\"admin\"],\"url\":\"https:\/\/dicodusport.fr\/blog\/author\/flo\/\"}]}<\/script>\n<!-- \/ Yoast SEO Premium plugin. -->","yoast_head_json":{"title":"Pokljuka : la Norv\u00e8ge sacr\u00e9e championne du monde sur le relais mixte, la France 5\u00e8me","description":"BIATHLON - CHAMPIONNATS DU MONDE 2021 - Malgr\u00e9 11 pioches, la Norv\u00e8ge a remport\u00e9 ce mercredi le titre mondial sur le relais mixte \u00e0 Pokljuka (Slov\u00e9nie).","robots":{"index":"index","follow":"follow","max-snippet":"max-snippet:-1","max-image-preview":"max-image-preview:large","max-video-preview":"max-video-preview:-1"},"canonical":"https:\/\/dicodusport.fr\/blog\/pokljuka-norvege-sacree-championne-du-monde-relais-mixte-france-5eme\/","og_locale":"fr_FR","og_type":"article","og_title":"Pokljuka : la Norv\u00e8ge sacr\u00e9e championne du monde sur le relais mixte, la France 5\u00e8me","og_description":"BIATHLON - CHAMPIONNATS DU MONDE 2021 - Malgr\u00e9 11 pioches, la Norv\u00e8ge a remport\u00e9 ce mercredi le titre mondial sur le relais mixte \u00e0 Pokljuka (Slov\u00e9nie).","og_url":"https:\/\/dicodusport.fr\/blog\/pokljuka-norvege-sacree-championne-du-monde-relais-mixte-france-5eme\/","og_site_name":"Dicodusport","article_publisher":"https:\/\/www.facebook.com\/dicodusport","article_author":"https:\/\/www.facebook.com\/florent.ostermann","article_published_time":"2021-02-10T15:23:14+00:00","article_modified_time":"2021-02-10T15:48:07+00:00","og_image":[{"width":800,"height":445,"url":"https:\/\/dicodusport.fr\/blog\/wp-content\/uploads\/2021\/02\/Pokljuka-La-Norvege-sacree-championne-du-monde-sur-le-relais-mixte-la-France-5eme.png","type":"image\/png"}],"author":"Flo Ostermann","twitter_card":"summary_large_image","twitter_title":"Pokljuka : la Norv\u00e8ge sacr\u00e9e championne du monde sur le relais mixte, la France 5\u00e8me","twitter_creator":"@https:\/\/twitter.com\/FlOstermann","twitter_site":"@dicodusport","schema":{"@context":"https:\/\/schema.org","@graph":[{"@type":"NewsArticle","@id":"https:\/\/dicodusport.fr\/blog\/pokljuka-norvege-sacree-championne-du-monde-relais-mixte-france-5eme\/#article","isPartOf":{"@id":"https:\/\/dicodusport.fr\/blog\/pokljuka-norvege-sacree-championne-du-monde-relais-mixte-france-5eme\/"},"author":{"name":"Flo Ostermann","@id":"https:\/\/dicodusport.fr\/blog\/#\/schema\/person\/cb02af4c173ce4a653b55e9baf388d4a"},"headline":"Pokljuka : la Norv\u00e8ge sacr\u00e9e championne du monde sur le relais mixte, la France 5\u00e8me","datePublished":"2021-02-10T15:23:14+00:00","dateModified":"2021-02-10T15:48:07+00:00","mainEntityOfPage":{"@id":"https:\/\/dicodusport.fr\/blog\/pokljuka-norvege-sacree-championne-du-monde-relais-mixte-france-5eme\/"},"wordCount":361,"commentCount":0,"publisher":{"@id":"https:\/\/dicodusport.fr\/blog\/#organization"},"image":{"@id":"https:\/\/dicodusport.fr\/blog\/pokljuka-norvege-sacree-championne-du-monde-relais-mixte-france-5eme\/#primaryimage"},"thumbnailUrl":"https:\/\/dicodusport.fr\/blog\/wp-content\/uploads\/2021\/02\/Pokljuka-La-Norvege-sacree-championne-du-monde-sur-le-relais-mixte-la-France-5eme.png","keywords":["Relais mixte Pokljuka"],"articleSection":["Championnats du monde de biathlon"],"inLanguage":"fr-FR","potentialAction":[{"@type":"CommentAction","name":"Comment","target":["https:\/\/dicodusport.fr\/blog\/pokljuka-norvege-sacree-championne-du-monde-relais-mixte-france-5eme\/#respond"]}],"copyrightYear":"2021","copyrightHolder":{"@id":"https:\/\/dicodusport.fr\/blog\/#organization"}},{"@type":"WebPage","@id":"https:\/\/dicodusport.fr\/blog\/pokljuka-norvege-sacree-championne-du-monde-relais-mixte-france-5eme\/","url":"https:\/\/dicodusport.fr\/blog\/pokljuka-norvege-sacree-championne-du-monde-relais-mixte-france-5eme\/","name":"Pokljuka : la Norv\u00e8ge sacr\u00e9e championne du monde sur le relais mixte, la France 5\u00e8me","isPartOf":{"@id":"https:\/\/dicodusport.fr\/blog\/#website"},"primaryImageOfPage":{"@id":"https:\/\/dicodusport.fr\/blog\/pokljuka-norvege-sacree-championne-du-monde-relais-mixte-france-5eme\/#primaryimage"},"image":{"@id":"https:\/\/dicodusport.fr\/blog\/pokljuka-norvege-sacree-championne-du-monde-relais-mixte-france-5eme\/#primaryimage"},"thumbnailUrl":"https:\/\/dicodusport.fr\/blog\/wp-content\/uploads\/2021\/02\/Pokljuka-La-Norvege-sacree-championne-du-monde-sur-le-relais-mixte-la-France-5eme.png","datePublished":"2021-02-10T15:23:14+00:00","dateModified":"2021-02-10T15:48:07+00:00","description":"BIATHLON - CHAMPIONNATS DU MONDE 2021 - Malgr\u00e9 11 pioches, la Norv\u00e8ge a remport\u00e9 ce mercredi le titre mondial sur le relais mixte \u00e0 Pokljuka (Slov\u00e9nie).","breadcrumb":{"@id":"https:\/\/dicodusport.fr\/blog\/pokljuka-norvege-sacree-championne-du-monde-relais-mixte-france-5eme\/#breadcrumb"},"inLanguage":"fr-FR","potentialAction":[{"@type":"ReadAction","target":["https:\/\/dicodusport.fr\/blog\/pokljuka-norvege-sacree-championne-du-monde-relais-mixte-france-5eme\/"]}]},{"@type":"ImageObject","inLanguage":"fr-FR","@id":"https:\/\/dicodusport.fr\/blog\/pokljuka-norvege-sacree-championne-du-monde-relais-mixte-france-5eme\/#primaryimage","url":"https:\/\/dicodusport.fr\/blog\/wp-content\/uploads\/2021\/02\/Pokljuka-La-Norvege-sacree-championne-du-monde-sur-le-relais-mixte-la-France-5eme.png","contentUrl":"https:\/\/dicodusport.fr\/blog\/wp-content\/uploads\/2021\/02\/Pokljuka-La-Norvege-sacree-championne-du-monde-sur-le-relais-mixte-la-France-5eme.png","width":800,"height":445,"caption":"Pokljuka - La Norv\u00e8ge sacr\u00e9e championne du monde sur le relais mixte, la France 5\u00e8me"},{"@type":"BreadcrumbList","@id":"https:\/\/dicodusport.fr\/blog\/pokljuka-norvege-sacree-championne-du-monde-relais-mixte-france-5eme\/#breadcrumb","itemListElement":[{"@type":"ListItem","position":1,"name":"Accueil","item":"https:\/\/dicodusport.fr\/blog\/"},{"@type":"ListItem","position":2,"name":"Pokljuka : la Norv\u00e8ge sacr\u00e9e championne du monde sur le relais mixte, la France 5\u00e8me"}]},{"@type":"WebSite","@id":"https:\/\/dicodusport.fr\/blog\/#website","url":"https:\/\/dicodusport.fr\/blog\/","name":"Dicodusport","description":"L&#039;encyclop\u00e9die de l&#039;actualit\u00e9 sportive","publisher":{"@id":"https:\/\/dicodusport.fr\/blog\/#organization"},"potentialAction":[{"@type":"SearchAction","target":{"@type":"EntryPoint","urlTemplate":"https:\/\/dicodusport.fr\/blog\/?s={search_term_string}"},"query-input":{"@type":"PropertyValueSpecification","valueRequired":true,"valueName":"search_term_string"}}],"inLanguage":"fr-FR"},{"@type":"NewsMediaOrganization","@id":"https:\/\/dicodusport.fr\/blog\/#organization","name":"Dicodusport","url":"https:\/\/dicodusport.fr\/blog\/","logo":{"@type":"ImageObject","inLanguage":"fr-FR","@id":"https:\/\/dicodusport.fr\/blog\/#\/schema\/logo\/image\/","url":"https:\/\/dicodusport.fr\/blog\/wp-content\/uploads\/2020\/06\/cropped-LOGO-DICODUSPORT-2020-SANS-FOND-SANS-TEXTE.png","contentUrl":"https:\/\/dicodusport.fr\/blog\/wp-content\/uploads\/2020\/06\/cropped-LOGO-DICODUSPORT-2020-SANS-FOND-SANS-TEXTE.png","width":512,"height":512,"caption":"Dicodusport"},"image":{"@id":"https:\/\/dicodusport.fr\/blog\/#\/schema\/logo\/image\/"},"sameAs":["https:\/\/www.facebook.com\/dicodusport","https:\/\/x.com\/dicodusport","https:\/\/www.instagram.com\/dicodusport\/","https:\/\/www.youtube.com\/channel\/UC7V2KZ5sd3htJivAbA4ZG3w"],"description":"Dicodusport est l'encyclop\u00e9die de l'actualit\u00e9 sportive.","email":"bonjour@dicodusport.fr","legalName":"DICODUSPORT","foundingDate":"2018-01-14","vatID":"FR71834470973","taxID":"83447097300043","numberOfEmployees":{"@type":"QuantitativeValue","minValue":"1","maxValue":"10"}},{"@type":"Person","@id":"https:\/\/dicodusport.fr\/blog\/#\/schema\/person\/cb02af4c173ce4a653b55e9baf388d4a","name":"Flo Ostermann","image":{"@type":"ImageObject","inLanguage":"fr-FR","@id":"https:\/\/dicodusport.fr\/blog\/#\/schema\/person\/image\/","url":"https:\/\/dicodusport.fr\/blog\/wp-content\/uploads\/2021\/05\/Flo-Ostermann-150x150.jpg","contentUrl":"https:\/\/dicodusport.fr\/blog\/wp-content\/uploads\/2021\/05\/Flo-Ostermann-150x150.jpg","caption":"Flo Ostermann"},"description":"Journaliste\/R\u00e9dacteur depuis septembre 2015 - Mes premiers souvenirs dans le sport ? Les envol\u00e9es du Stade Toulousain et les duels Villeneuve-Schumacher et H\u00e4kkinen-Schumacher \u00e0 la fin des ann\u00e9es 90, la Coupe du monde de football en 1998, l\u2019exploit du XV de France face aux All Blacks en 1999, mais aussi Richard C\u0153ur de Lion qui vole sur les montagnes du Tour de France. Bien parti pour devenir professeur d\u2019EPS, les \u00e9v\u00e9nements de la vie (et la flemme d\u2019animer des s\u00e9ances de 3x500 m\u00e8tres toute ma vie) m\u2019ont conduit \u00e0 revoir mes plans. Me voil\u00e0 depuis fin 2017 sur Dicodusport, m\u00e9dia gr\u00e2ce (et pour) lequel je partage ma passion : le sport dans tous ses \u00e9tats. Le tout accompagn\u00e9 par les fous furieux et folles furieuses cit\u00e9s sur cette page !","sameAs":["https:\/\/www.facebook.com\/florent.ostermann","https:\/\/x.com\/https:\/\/twitter.com\/FlOstermann","admin"],"url":"https:\/\/dicodusport.fr\/blog\/author\/flo\/"}]}},"_links":{"self":[{"href":"https:\/\/dicodusport.fr\/blog\/wp-json\/wp\/v2\/posts\/105235","targetHints":{"allow":["GET"]}}],"collection":[{"href":"https:\/\/dicodusport.fr\/blog\/wp-json\/wp\/v2\/posts"}],"about":[{"href":"https:\/\/dicodusport.fr\/blog\/wp-json\/wp\/v2\/types\/post"}],"author":[{"embeddable":true,"href":"https:\/\/dicodusport.fr\/blog\/wp-json\/wp\/v2\/users\/4"}],"replies":[{"embeddable":true,"href":"https:\/\/dicodusport.fr\/blog\/wp-json\/wp\/v2\/comments?post=105235"}],"version-history":[{"count":0,"href":"https:\/\/dicodusport.fr\/blog\/wp-json\/wp\/v2\/posts\/105235\/revisions"}],"wp:featuredmedia":[{"embeddable":true,"href":"https:\/\/dicodusport.fr\/blog\/wp-json\/wp\/v2\/media\/105261"}],"wp:attachment":[{"href":"https:\/\/dicodusport.fr\/blog\/wp-json\/wp\/v2\/media?parent=105235"}],"wp:term":[{"taxonomy":"category","embeddable":true,"href":"https:\/\/dicodusport.fr\/blog\/wp-json\/wp\/v2\/categories?post=105235"},{"taxonomy":"post_tag","embeddable":true,"href":"https:\/\/dicodusport.fr\/blog\/wp-json\/wp\/v2\/tags?post=105235"}],"curies":[{"name":"wp","href":"https:\/\/api.w.org\/{rel}","templated":true}]}}