{"id":105429,"date":"2021-02-11T11:55:15","date_gmt":"2021-02-11T10:55:15","guid":{"rendered":"https:\/\/dicodusport.fr\/blog\/?p=105429&#038;preview=true&#038;preview_id=105429"},"modified":"2021-02-11T12:15:12","modified_gmt":"2021-02-11T11:15:12","slug":"cortina-d-ampezzo-lara-gut-behrami-championne-du-monde-super-g","status":"publish","type":"post","link":"https:\/\/dicodusport.fr\/blog\/cortina-d-ampezzo-lara-gut-behrami-championne-du-monde-super-g\/","title":{"rendered":"Cortina d&rsquo;Ampezzo : Lara Gut-Behrami championne du monde sur le Super-G"},"content":{"rendered":"<p style=\"text-align: justify;\"><strong><em><a href=\"https:\/\/dicodusport.fr\/blog\/ski-alpin-championnats-du-monde-2021-programme-complet\/\" target=\"_blank\" rel=\"noopener\">SKI ALPIN &#8211; CHAMPIONNATS DU MONDE 2021<\/a> &#8211; Lara Gut-Behrami a d\u00e9croch\u00e9 ce jeudi le titre mondial du Super-G \u00e0 Cortina d&rsquo;Ampezzo (Italie). La Suissesse devance sa compatriote Corinne Suter et la grande Mikaela Shiffrin. Premi\u00e8re Fran\u00e7aise, Tessa Worley se classe 13\u00e8me.<\/em><\/strong><\/p>\n<p style=\"text-align: justify;\">Argent\u00e9e en 2013 \u00e0 Schladming puis bronz\u00e9e en 2017 \u00e0 Beaver Creek, <strong>Lara Gut-Behrami<\/strong> tient enfin le graal ! Laur\u00e9ate de quatre Super-G cette saison et grande favorite avant le d\u00e9part de la course, le Suissesse de 29 ans est r\u00e9compens\u00e9e avec ce premier titre mondial, d\u00e9croch\u00e9 en patronne. Elle devance, sur le podium, sa compatriote <strong>Corinne Suter<\/strong> (+0.34) et l&rsquo;Am\u00e9ricaine <strong>Mikaela Shiffrin<\/strong> (+0.47), qui a bien failli cr\u00e9er la sensation sur la piste de Cortina ce jeudi.<\/p>\n<p style=\"text-align: justify;\">Celle qui n&rsquo;avait plus couru de Super-G depuis un an a r\u00e9alis\u00e9 une course parfaite jusqu&rsquo;au bas du trac\u00e9 et une faute d&rsquo;engagement qui lui a co\u00fbt\u00e9 quelques dixi\u00e8mes. <strong>Shiffrin<\/strong>, 25 ans et tenante du titre, d\u00e9croche tout de m\u00eame sa 8\u00e8me m\u00e9daille mondiale. C\u00f4t\u00e9 Fran\u00e7aises, <strong>Tessa Worley<\/strong> lance ses Mondiaux avec une 13\u00e8me place, dans une discipline qui n&rsquo;est pas sa sp\u00e9cialit\u00e9. Dossard 2, <strong>Tiffany Gauthier<\/strong> se classe 21\u00e8me. Laura Gauche est 26\u00e8me, <strong>Tifany<\/strong> Roux 34\u00e8me.<\/p>\n<blockquote class=\"twitter-tweet\">\n<p dir=\"ltr\" lang=\"fr\">\u00ab Elle est entrain d\u2019assommer la concurrence \u00bb <a href=\"https:\/\/twitter.com\/hashtag\/laragut?src=hash&amp;ref_src=twsrc%5Etfw\">#laragut<\/a> enfin le titre mondial pour la Suisse! <a href=\"https:\/\/twitter.com\/hashtag\/Cortinadampezzo?src=hash&amp;ref_src=twsrc%5Etfw\">#Cortinadampezzo<\/a> <a href=\"https:\/\/twitter.com\/hashtag\/fis?src=hash&amp;ref_src=twsrc%5Etfw\">#fis<\/a> <a href=\"https:\/\/twitter.com\/fisalpine?ref_src=twsrc%5Etfw\">@fisalpine<\/a> <a href=\"https:\/\/twitter.com\/swissskiteam?ref_src=twsrc%5Etfw\">@swissskiteam<\/a> <a href=\"https:\/\/twitter.com\/Eurosport_FR?ref_src=twsrc%5Etfw\">@Eurosport_FR<\/a> <a href=\"https:\/\/twitter.com\/hashtag\/chaletclub?src=hash&amp;ref_src=twsrc%5Etfw\">#chaletclub<\/a> <a href=\"https:\/\/twitter.com\/hashtag\/superG?src=hash&amp;ref_src=twsrc%5Etfw\">#superG<\/a><br \/>\nPour l\u2019instant \u00e7a ne bouge pas :<br \/>\n1. Lara Gut&#x1f1e8;&#x1f1ed;<br \/>\n2. Corinne Suter &#x1f1e8;&#x1f1ed;<br \/>\n3. Mikaela Shiffrin &#x1f1fa;&#x1f1f8; <a href=\"https:\/\/t.co\/weBoE7vMHK\">pic.twitter.com\/weBoE7vMHK<\/a><\/p>\n<p>\u2014 Chalet &#x2744;&#xfe0f; Club (@ChaletClub2021) <a href=\"https:\/\/twitter.com\/ChaletClub2021\/status\/1359809581774471171?ref_src=twsrc%5Etfw\">February 11, 2021<\/a><\/p><\/blockquote>\n<p><script async src=\"https:\/\/platform.twitter.com\/widgets.js\" charset=\"utf-8\"><\/script><\/p>\n<h2 style=\"text-align: justify;\">\u00c0 lire aussi<\/h2>\n<ul>\n<li style=\"text-align: justify;\"><a href=\"https:\/\/dicodusport.fr\/blog\/ski-alpin-championnats-du-monde-2021-classement-super-g-femmes\/\" target=\"_blank\" rel=\"noopener\"><strong>Le classement du Super-G femmes<\/strong><\/a><\/li>\n<li style=\"text-align: justify;\"><a href=\"https:\/\/dicodusport.fr\/blog\/ski-alpin-championnats-du-monde-2021-tableau-des-medailles\/\" target=\"_blank\" rel=\"noopener\"><strong>Le tableau des m\u00e9dailles<\/strong><\/a><\/li>\n<\/ul>\n<p><strong><em>Dicodusport<br \/>\n<a href=\"https:\/\/www.facebook.com\/dicodusport\/\" target=\"_blank\" rel=\"noopener noreferrer\"><img loading=\"lazy\" decoding=\"async\" class=\"alignnone wp-image-2909\" src=\"http:\/\/dicodusport.fr\/blog\/wp-content\/uploads\/2017\/07\/logo-facebook-150x150.png\" alt=\"\" width=\"40\" height=\"40\" \/><\/a><a href=\"https:\/\/twitter.com\/dicodusport\" target=\"_blank\" rel=\"noopener noreferrer\"><img loading=\"lazy\" decoding=\"async\" class=\"alignnone wp-image-2908\" src=\"http:\/\/dicodusport.fr\/blog\/wp-content\/uploads\/2017\/07\/logo-twitter-150x150.png\" alt=\"\" width=\"39\" height=\"39\" \/><\/a><\/em><\/strong><\/p>\n","protected":false},"excerpt":{"rendered":"<p>SKI ALPIN &#8211; CHAMPIONNATS DU MONDE 2021 &#8211; Lara Gut-Behrami a d\u00e9croch\u00e9 ce jeudi le titre mondial du Super-G \u00e0 Cortina d&rsquo;Ampezzo (Italie). La Suissesse devance sa compatriote Corinne Suter et la grande Mikaela Shiffrin. Premi\u00e8re Fran\u00e7aise, Tessa Worley se classe 13\u00e8me.<\/p>\n","protected":false},"author":4,"featured_media":105450,"comment_status":"open","ping_status":"closed","sticky":false,"template":"","format":"standard","meta":{"_acf_changed":false,"_daextam_enable_autolinks":"","footnotes":""},"categories":[47083],"tags":[2233],"class_list":["post-105429","post","type-post","status-publish","format-standard","has-post-thumbnail","hentry","category-championnats-du-monde-ski-alpin","tag-ski-alpin"],"acf":[],"yoast_head":"<!-- This site is optimized with the Yoast SEO Premium plugin v26.7 (Yoast SEO v26.7) - https:\/\/yoast.com\/wordpress\/plugins\/seo\/ -->\n<title>Cortina d&#039;Ampezzo : Lara Gut-Behrami championne du monde sur le Super-G<\/title>\n<meta name=\"description\" content=\"SKI ALPIN - CHAMPIONNATS DU MONDE 2021 - Lara Gut-Behrami a d\u00e9croch\u00e9 ce jeudi le titre mondial du Super-G \u00e0 Cortina d&#039;Ampezzo (Italie).\" \/>\n<meta name=\"robots\" content=\"index, follow, max-snippet:-1, max-image-preview:large, max-video-preview:-1\" \/>\n<link rel=\"canonical\" href=\"https:\/\/dicodusport.fr\/blog\/cortina-d-ampezzo-lara-gut-behrami-championne-du-monde-super-g\/\" \/>\n<meta property=\"og:locale\" content=\"fr_FR\" \/>\n<meta property=\"og:type\" content=\"article\" \/>\n<meta property=\"og:title\" content=\"Cortina d&#039;Ampezzo : Lara Gut-Behrami championne du monde sur le Super-G\" \/>\n<meta property=\"og:description\" content=\"SKI ALPIN - CHAMPIONNATS DU MONDE 2021 - Lara Gut-Behrami a d\u00e9croch\u00e9 ce jeudi le titre mondial du Super-G \u00e0 Cortina d&#039;Ampezzo (Italie).\" \/>\n<meta property=\"og:url\" content=\"https:\/\/dicodusport.fr\/blog\/cortina-d-ampezzo-lara-gut-behrami-championne-du-monde-super-g\/\" \/>\n<meta property=\"og:site_name\" content=\"Dicodusport\" \/>\n<meta property=\"article:publisher\" content=\"https:\/\/www.facebook.com\/dicodusport\" \/>\n<meta property=\"article:author\" content=\"https:\/\/www.facebook.com\/florent.ostermann\" \/>\n<meta property=\"article:published_time\" content=\"2021-02-11T10:55:15+00:00\" \/>\n<meta property=\"article:modified_time\" content=\"2021-02-11T11:15:12+00:00\" \/>\n<meta property=\"og:image\" content=\"https:\/\/dicodusport.fr\/blog\/wp-content\/uploads\/2021\/02\/Cortina-dAmpezzo-Lara-Gut-Behrami-championne-du-monde-sur-le-Super-G.png\" \/>\n\t<meta property=\"og:image:width\" content=\"800\" \/>\n\t<meta property=\"og:image:height\" content=\"445\" \/>\n\t<meta property=\"og:image:type\" content=\"image\/png\" \/>\n<meta name=\"author\" content=\"Flo Ostermann\" \/>\n<meta name=\"twitter:card\" content=\"summary_large_image\" \/>\n<meta name=\"twitter:title\" content=\"Cortina d&#039;Ampezzo : Lara Gut-Behrami championne du monde sur le Super-G\" \/>\n<meta name=\"twitter:creator\" content=\"@https:\/\/twitter.com\/FlOstermann\" \/>\n<meta name=\"twitter:site\" content=\"@dicodusport\" \/>\n<script type=\"application\/ld+json\" class=\"yoast-schema-graph\">{\"@context\":\"https:\/\/schema.org\",\"@graph\":[{\"@type\":\"NewsArticle\",\"@id\":\"https:\/\/dicodusport.fr\/blog\/cortina-d-ampezzo-lara-gut-behrami-championne-du-monde-super-g\/#article\",\"isPartOf\":{\"@id\":\"https:\/\/dicodusport.fr\/blog\/cortina-d-ampezzo-lara-gut-behrami-championne-du-monde-super-g\/\"},\"author\":{\"name\":\"Flo Ostermann\",\"@id\":\"https:\/\/dicodusport.fr\/blog\/#\/schema\/person\/cb02af4c173ce4a653b55e9baf388d4a\"},\"headline\":\"Cortina d&rsquo;Ampezzo : Lara Gut-Behrami championne du monde sur le Super-G\",\"datePublished\":\"2021-02-11T10:55:15+00:00\",\"dateModified\":\"2021-02-11T11:15:12+00:00\",\"mainEntityOfPage\":{\"@id\":\"https:\/\/dicodusport.fr\/blog\/cortina-d-ampezzo-lara-gut-behrami-championne-du-monde-super-g\/\"},\"wordCount\":302,\"commentCount\":0,\"publisher\":{\"@id\":\"https:\/\/dicodusport.fr\/blog\/#organization\"},\"image\":{\"@id\":\"https:\/\/dicodusport.fr\/blog\/cortina-d-ampezzo-lara-gut-behrami-championne-du-monde-super-g\/#primaryimage\"},\"thumbnailUrl\":\"https:\/\/dicodusport.fr\/blog\/wp-content\/uploads\/2021\/02\/Cortina-dAmpezzo-Lara-Gut-Behrami-championne-du-monde-sur-le-Super-G.png\",\"keywords\":[\"Ski alpin\"],\"articleSection\":[\"Championnats du monde de ski alpin\"],\"inLanguage\":\"fr-FR\",\"potentialAction\":[{\"@type\":\"CommentAction\",\"name\":\"Comment\",\"target\":[\"https:\/\/dicodusport.fr\/blog\/cortina-d-ampezzo-lara-gut-behrami-championne-du-monde-super-g\/#respond\"]}],\"copyrightYear\":\"2021\",\"copyrightHolder\":{\"@id\":\"https:\/\/dicodusport.fr\/blog\/#organization\"}},{\"@type\":\"WebPage\",\"@id\":\"https:\/\/dicodusport.fr\/blog\/cortina-d-ampezzo-lara-gut-behrami-championne-du-monde-super-g\/\",\"url\":\"https:\/\/dicodusport.fr\/blog\/cortina-d-ampezzo-lara-gut-behrami-championne-du-monde-super-g\/\",\"name\":\"Cortina d'Ampezzo : Lara Gut-Behrami championne du monde sur le Super-G\",\"isPartOf\":{\"@id\":\"https:\/\/dicodusport.fr\/blog\/#website\"},\"primaryImageOfPage\":{\"@id\":\"https:\/\/dicodusport.fr\/blog\/cortina-d-ampezzo-lara-gut-behrami-championne-du-monde-super-g\/#primaryimage\"},\"image\":{\"@id\":\"https:\/\/dicodusport.fr\/blog\/cortina-d-ampezzo-lara-gut-behrami-championne-du-monde-super-g\/#primaryimage\"},\"thumbnailUrl\":\"https:\/\/dicodusport.fr\/blog\/wp-content\/uploads\/2021\/02\/Cortina-dAmpezzo-Lara-Gut-Behrami-championne-du-monde-sur-le-Super-G.png\",\"datePublished\":\"2021-02-11T10:55:15+00:00\",\"dateModified\":\"2021-02-11T11:15:12+00:00\",\"description\":\"SKI ALPIN - CHAMPIONNATS DU MONDE 2021 - Lara Gut-Behrami a d\u00e9croch\u00e9 ce jeudi le titre mondial du Super-G \u00e0 Cortina d'Ampezzo (Italie).\",\"breadcrumb\":{\"@id\":\"https:\/\/dicodusport.fr\/blog\/cortina-d-ampezzo-lara-gut-behrami-championne-du-monde-super-g\/#breadcrumb\"},\"inLanguage\":\"fr-FR\",\"potentialAction\":[{\"@type\":\"ReadAction\",\"target\":[\"https:\/\/dicodusport.fr\/blog\/cortina-d-ampezzo-lara-gut-behrami-championne-du-monde-super-g\/\"]}]},{\"@type\":\"ImageObject\",\"inLanguage\":\"fr-FR\",\"@id\":\"https:\/\/dicodusport.fr\/blog\/cortina-d-ampezzo-lara-gut-behrami-championne-du-monde-super-g\/#primaryimage\",\"url\":\"https:\/\/dicodusport.fr\/blog\/wp-content\/uploads\/2021\/02\/Cortina-dAmpezzo-Lara-Gut-Behrami-championne-du-monde-sur-le-Super-G.png\",\"contentUrl\":\"https:\/\/dicodusport.fr\/blog\/wp-content\/uploads\/2021\/02\/Cortina-dAmpezzo-Lara-Gut-Behrami-championne-du-monde-sur-le-Super-G.png\",\"width\":800,\"height\":445,\"caption\":\"Ski alpin - Finales de la Coupe du monde : la startlist du Super-G\"},{\"@type\":\"BreadcrumbList\",\"@id\":\"https:\/\/dicodusport.fr\/blog\/cortina-d-ampezzo-lara-gut-behrami-championne-du-monde-super-g\/#breadcrumb\",\"itemListElement\":[{\"@type\":\"ListItem\",\"position\":1,\"name\":\"Accueil\",\"item\":\"https:\/\/dicodusport.fr\/blog\/\"},{\"@type\":\"ListItem\",\"position\":2,\"name\":\"Cortina d&rsquo;Ampezzo : Lara Gut-Behrami championne du monde sur le Super-G\"}]},{\"@type\":\"WebSite\",\"@id\":\"https:\/\/dicodusport.fr\/blog\/#website\",\"url\":\"https:\/\/dicodusport.fr\/blog\/\",\"name\":\"Dicodusport\",\"description\":\"L&#039;encyclop\u00e9die de l&#039;actualit\u00e9 sportive\",\"publisher\":{\"@id\":\"https:\/\/dicodusport.fr\/blog\/#organization\"},\"potentialAction\":[{\"@type\":\"SearchAction\",\"target\":{\"@type\":\"EntryPoint\",\"urlTemplate\":\"https:\/\/dicodusport.fr\/blog\/?s={search_term_string}\"},\"query-input\":{\"@type\":\"PropertyValueSpecification\",\"valueRequired\":true,\"valueName\":\"search_term_string\"}}],\"inLanguage\":\"fr-FR\"},{\"@type\":\"NewsMediaOrganization\",\"@id\":\"https:\/\/dicodusport.fr\/blog\/#organization\",\"name\":\"Dicodusport\",\"url\":\"https:\/\/dicodusport.fr\/blog\/\",\"logo\":{\"@type\":\"ImageObject\",\"inLanguage\":\"fr-FR\",\"@id\":\"https:\/\/dicodusport.fr\/blog\/#\/schema\/logo\/image\/\",\"url\":\"https:\/\/dicodusport.fr\/blog\/wp-content\/uploads\/2020\/06\/cropped-LOGO-DICODUSPORT-2020-SANS-FOND-SANS-TEXTE.png\",\"contentUrl\":\"https:\/\/dicodusport.fr\/blog\/wp-content\/uploads\/2020\/06\/cropped-LOGO-DICODUSPORT-2020-SANS-FOND-SANS-TEXTE.png\",\"width\":512,\"height\":512,\"caption\":\"Dicodusport\"},\"image\":{\"@id\":\"https:\/\/dicodusport.fr\/blog\/#\/schema\/logo\/image\/\"},\"sameAs\":[\"https:\/\/www.facebook.com\/dicodusport\",\"https:\/\/x.com\/dicodusport\",\"https:\/\/www.instagram.com\/dicodusport\/\",\"https:\/\/www.youtube.com\/channel\/UC7V2KZ5sd3htJivAbA4ZG3w\"],\"description\":\"Dicodusport est l'encyclop\u00e9die de l'actualit\u00e9 sportive.\",\"email\":\"bonjour@dicodusport.fr\",\"legalName\":\"DICODUSPORT\",\"foundingDate\":\"2018-01-14\",\"vatID\":\"FR71834470973\",\"taxID\":\"83447097300043\",\"numberOfEmployees\":{\"@type\":\"QuantitativeValue\",\"minValue\":\"1\",\"maxValue\":\"10\"}},{\"@type\":\"Person\",\"@id\":\"https:\/\/dicodusport.fr\/blog\/#\/schema\/person\/cb02af4c173ce4a653b55e9baf388d4a\",\"name\":\"Flo Ostermann\",\"image\":{\"@type\":\"ImageObject\",\"inLanguage\":\"fr-FR\",\"@id\":\"https:\/\/dicodusport.fr\/blog\/#\/schema\/person\/image\/\",\"url\":\"https:\/\/dicodusport.fr\/blog\/wp-content\/uploads\/2021\/05\/Flo-Ostermann-150x150.jpg\",\"contentUrl\":\"https:\/\/dicodusport.fr\/blog\/wp-content\/uploads\/2021\/05\/Flo-Ostermann-150x150.jpg\",\"caption\":\"Flo Ostermann\"},\"description\":\"Journaliste\/R\u00e9dacteur depuis septembre 2015 - Mes premiers souvenirs dans le sport ? Les envol\u00e9es du Stade Toulousain et les duels Villeneuve-Schumacher et H\u00e4kkinen-Schumacher \u00e0 la fin des ann\u00e9es 90, la Coupe du monde de football en 1998, l\u2019exploit du XV de France face aux All Blacks en 1999, mais aussi Richard C\u0153ur de Lion qui vole sur les montagnes du Tour de France. Bien parti pour devenir professeur d\u2019EPS, les \u00e9v\u00e9nements de la vie (et la flemme d\u2019animer des s\u00e9ances de 3x500 m\u00e8tres toute ma vie) m\u2019ont conduit \u00e0 revoir mes plans. Me voil\u00e0 depuis fin 2017 sur Dicodusport, m\u00e9dia gr\u00e2ce (et pour) lequel je partage ma passion : le sport dans tous ses \u00e9tats. Le tout accompagn\u00e9 par les fous furieux et folles furieuses cit\u00e9s sur cette page !\",\"sameAs\":[\"https:\/\/www.facebook.com\/florent.ostermann\",\"https:\/\/x.com\/https:\/\/twitter.com\/FlOstermann\",\"admin\"],\"url\":\"https:\/\/dicodusport.fr\/blog\/author\/flo\/\"}]}<\/script>\n<!-- \/ Yoast SEO Premium plugin. -->","yoast_head_json":{"title":"Cortina d'Ampezzo : Lara Gut-Behrami championne du monde sur le Super-G","description":"SKI ALPIN - CHAMPIONNATS DU MONDE 2021 - Lara Gut-Behrami a d\u00e9croch\u00e9 ce jeudi le titre mondial du Super-G \u00e0 Cortina d'Ampezzo (Italie).","robots":{"index":"index","follow":"follow","max-snippet":"max-snippet:-1","max-image-preview":"max-image-preview:large","max-video-preview":"max-video-preview:-1"},"canonical":"https:\/\/dicodusport.fr\/blog\/cortina-d-ampezzo-lara-gut-behrami-championne-du-monde-super-g\/","og_locale":"fr_FR","og_type":"article","og_title":"Cortina d'Ampezzo : Lara Gut-Behrami championne du monde sur le Super-G","og_description":"SKI ALPIN - CHAMPIONNATS DU MONDE 2021 - Lara Gut-Behrami a d\u00e9croch\u00e9 ce jeudi le titre mondial du Super-G \u00e0 Cortina d'Ampezzo (Italie).","og_url":"https:\/\/dicodusport.fr\/blog\/cortina-d-ampezzo-lara-gut-behrami-championne-du-monde-super-g\/","og_site_name":"Dicodusport","article_publisher":"https:\/\/www.facebook.com\/dicodusport","article_author":"https:\/\/www.facebook.com\/florent.ostermann","article_published_time":"2021-02-11T10:55:15+00:00","article_modified_time":"2021-02-11T11:15:12+00:00","og_image":[{"width":800,"height":445,"url":"https:\/\/dicodusport.fr\/blog\/wp-content\/uploads\/2021\/02\/Cortina-dAmpezzo-Lara-Gut-Behrami-championne-du-monde-sur-le-Super-G.png","type":"image\/png"}],"author":"Flo Ostermann","twitter_card":"summary_large_image","twitter_title":"Cortina d'Ampezzo : Lara Gut-Behrami championne du monde sur le Super-G","twitter_creator":"@https:\/\/twitter.com\/FlOstermann","twitter_site":"@dicodusport","schema":{"@context":"https:\/\/schema.org","@graph":[{"@type":"NewsArticle","@id":"https:\/\/dicodusport.fr\/blog\/cortina-d-ampezzo-lara-gut-behrami-championne-du-monde-super-g\/#article","isPartOf":{"@id":"https:\/\/dicodusport.fr\/blog\/cortina-d-ampezzo-lara-gut-behrami-championne-du-monde-super-g\/"},"author":{"name":"Flo Ostermann","@id":"https:\/\/dicodusport.fr\/blog\/#\/schema\/person\/cb02af4c173ce4a653b55e9baf388d4a"},"headline":"Cortina d&rsquo;Ampezzo : Lara Gut-Behrami championne du monde sur le Super-G","datePublished":"2021-02-11T10:55:15+00:00","dateModified":"2021-02-11T11:15:12+00:00","mainEntityOfPage":{"@id":"https:\/\/dicodusport.fr\/blog\/cortina-d-ampezzo-lara-gut-behrami-championne-du-monde-super-g\/"},"wordCount":302,"commentCount":0,"publisher":{"@id":"https:\/\/dicodusport.fr\/blog\/#organization"},"image":{"@id":"https:\/\/dicodusport.fr\/blog\/cortina-d-ampezzo-lara-gut-behrami-championne-du-monde-super-g\/#primaryimage"},"thumbnailUrl":"https:\/\/dicodusport.fr\/blog\/wp-content\/uploads\/2021\/02\/Cortina-dAmpezzo-Lara-Gut-Behrami-championne-du-monde-sur-le-Super-G.png","keywords":["Ski alpin"],"articleSection":["Championnats du monde de ski alpin"],"inLanguage":"fr-FR","potentialAction":[{"@type":"CommentAction","name":"Comment","target":["https:\/\/dicodusport.fr\/blog\/cortina-d-ampezzo-lara-gut-behrami-championne-du-monde-super-g\/#respond"]}],"copyrightYear":"2021","copyrightHolder":{"@id":"https:\/\/dicodusport.fr\/blog\/#organization"}},{"@type":"WebPage","@id":"https:\/\/dicodusport.fr\/blog\/cortina-d-ampezzo-lara-gut-behrami-championne-du-monde-super-g\/","url":"https:\/\/dicodusport.fr\/blog\/cortina-d-ampezzo-lara-gut-behrami-championne-du-monde-super-g\/","name":"Cortina d'Ampezzo : Lara Gut-Behrami championne du monde sur le Super-G","isPartOf":{"@id":"https:\/\/dicodusport.fr\/blog\/#website"},"primaryImageOfPage":{"@id":"https:\/\/dicodusport.fr\/blog\/cortina-d-ampezzo-lara-gut-behrami-championne-du-monde-super-g\/#primaryimage"},"image":{"@id":"https:\/\/dicodusport.fr\/blog\/cortina-d-ampezzo-lara-gut-behrami-championne-du-monde-super-g\/#primaryimage"},"thumbnailUrl":"https:\/\/dicodusport.fr\/blog\/wp-content\/uploads\/2021\/02\/Cortina-dAmpezzo-Lara-Gut-Behrami-championne-du-monde-sur-le-Super-G.png","datePublished":"2021-02-11T10:55:15+00:00","dateModified":"2021-02-11T11:15:12+00:00","description":"SKI ALPIN - CHAMPIONNATS DU MONDE 2021 - Lara Gut-Behrami a d\u00e9croch\u00e9 ce jeudi le titre mondial du Super-G \u00e0 Cortina d'Ampezzo (Italie).","breadcrumb":{"@id":"https:\/\/dicodusport.fr\/blog\/cortina-d-ampezzo-lara-gut-behrami-championne-du-monde-super-g\/#breadcrumb"},"inLanguage":"fr-FR","potentialAction":[{"@type":"ReadAction","target":["https:\/\/dicodusport.fr\/blog\/cortina-d-ampezzo-lara-gut-behrami-championne-du-monde-super-g\/"]}]},{"@type":"ImageObject","inLanguage":"fr-FR","@id":"https:\/\/dicodusport.fr\/blog\/cortina-d-ampezzo-lara-gut-behrami-championne-du-monde-super-g\/#primaryimage","url":"https:\/\/dicodusport.fr\/blog\/wp-content\/uploads\/2021\/02\/Cortina-dAmpezzo-Lara-Gut-Behrami-championne-du-monde-sur-le-Super-G.png","contentUrl":"https:\/\/dicodusport.fr\/blog\/wp-content\/uploads\/2021\/02\/Cortina-dAmpezzo-Lara-Gut-Behrami-championne-du-monde-sur-le-Super-G.png","width":800,"height":445,"caption":"Ski alpin - Finales de la Coupe du monde : la startlist du Super-G"},{"@type":"BreadcrumbList","@id":"https:\/\/dicodusport.fr\/blog\/cortina-d-ampezzo-lara-gut-behrami-championne-du-monde-super-g\/#breadcrumb","itemListElement":[{"@type":"ListItem","position":1,"name":"Accueil","item":"https:\/\/dicodusport.fr\/blog\/"},{"@type":"ListItem","position":2,"name":"Cortina d&rsquo;Ampezzo : Lara Gut-Behrami championne du monde sur le Super-G"}]},{"@type":"WebSite","@id":"https:\/\/dicodusport.fr\/blog\/#website","url":"https:\/\/dicodusport.fr\/blog\/","name":"Dicodusport","description":"L&#039;encyclop\u00e9die de l&#039;actualit\u00e9 sportive","publisher":{"@id":"https:\/\/dicodusport.fr\/blog\/#organization"},"potentialAction":[{"@type":"SearchAction","target":{"@type":"EntryPoint","urlTemplate":"https:\/\/dicodusport.fr\/blog\/?s={search_term_string}"},"query-input":{"@type":"PropertyValueSpecification","valueRequired":true,"valueName":"search_term_string"}}],"inLanguage":"fr-FR"},{"@type":"NewsMediaOrganization","@id":"https:\/\/dicodusport.fr\/blog\/#organization","name":"Dicodusport","url":"https:\/\/dicodusport.fr\/blog\/","logo":{"@type":"ImageObject","inLanguage":"fr-FR","@id":"https:\/\/dicodusport.fr\/blog\/#\/schema\/logo\/image\/","url":"https:\/\/dicodusport.fr\/blog\/wp-content\/uploads\/2020\/06\/cropped-LOGO-DICODUSPORT-2020-SANS-FOND-SANS-TEXTE.png","contentUrl":"https:\/\/dicodusport.fr\/blog\/wp-content\/uploads\/2020\/06\/cropped-LOGO-DICODUSPORT-2020-SANS-FOND-SANS-TEXTE.png","width":512,"height":512,"caption":"Dicodusport"},"image":{"@id":"https:\/\/dicodusport.fr\/blog\/#\/schema\/logo\/image\/"},"sameAs":["https:\/\/www.facebook.com\/dicodusport","https:\/\/x.com\/dicodusport","https:\/\/www.instagram.com\/dicodusport\/","https:\/\/www.youtube.com\/channel\/UC7V2KZ5sd3htJivAbA4ZG3w"],"description":"Dicodusport est l'encyclop\u00e9die de l'actualit\u00e9 sportive.","email":"bonjour@dicodusport.fr","legalName":"DICODUSPORT","foundingDate":"2018-01-14","vatID":"FR71834470973","taxID":"83447097300043","numberOfEmployees":{"@type":"QuantitativeValue","minValue":"1","maxValue":"10"}},{"@type":"Person","@id":"https:\/\/dicodusport.fr\/blog\/#\/schema\/person\/cb02af4c173ce4a653b55e9baf388d4a","name":"Flo Ostermann","image":{"@type":"ImageObject","inLanguage":"fr-FR","@id":"https:\/\/dicodusport.fr\/blog\/#\/schema\/person\/image\/","url":"https:\/\/dicodusport.fr\/blog\/wp-content\/uploads\/2021\/05\/Flo-Ostermann-150x150.jpg","contentUrl":"https:\/\/dicodusport.fr\/blog\/wp-content\/uploads\/2021\/05\/Flo-Ostermann-150x150.jpg","caption":"Flo Ostermann"},"description":"Journaliste\/R\u00e9dacteur depuis septembre 2015 - Mes premiers souvenirs dans le sport ? Les envol\u00e9es du Stade Toulousain et les duels Villeneuve-Schumacher et H\u00e4kkinen-Schumacher \u00e0 la fin des ann\u00e9es 90, la Coupe du monde de football en 1998, l\u2019exploit du XV de France face aux All Blacks en 1999, mais aussi Richard C\u0153ur de Lion qui vole sur les montagnes du Tour de France. Bien parti pour devenir professeur d\u2019EPS, les \u00e9v\u00e9nements de la vie (et la flemme d\u2019animer des s\u00e9ances de 3x500 m\u00e8tres toute ma vie) m\u2019ont conduit \u00e0 revoir mes plans. Me voil\u00e0 depuis fin 2017 sur Dicodusport, m\u00e9dia gr\u00e2ce (et pour) lequel je partage ma passion : le sport dans tous ses \u00e9tats. Le tout accompagn\u00e9 par les fous furieux et folles furieuses cit\u00e9s sur cette page !","sameAs":["https:\/\/www.facebook.com\/florent.ostermann","https:\/\/x.com\/https:\/\/twitter.com\/FlOstermann","admin"],"url":"https:\/\/dicodusport.fr\/blog\/author\/flo\/"}]}},"_links":{"self":[{"href":"https:\/\/dicodusport.fr\/blog\/wp-json\/wp\/v2\/posts\/105429","targetHints":{"allow":["GET"]}}],"collection":[{"href":"https:\/\/dicodusport.fr\/blog\/wp-json\/wp\/v2\/posts"}],"about":[{"href":"https:\/\/dicodusport.fr\/blog\/wp-json\/wp\/v2\/types\/post"}],"author":[{"embeddable":true,"href":"https:\/\/dicodusport.fr\/blog\/wp-json\/wp\/v2\/users\/4"}],"replies":[{"embeddable":true,"href":"https:\/\/dicodusport.fr\/blog\/wp-json\/wp\/v2\/comments?post=105429"}],"version-history":[{"count":0,"href":"https:\/\/dicodusport.fr\/blog\/wp-json\/wp\/v2\/posts\/105429\/revisions"}],"wp:featuredmedia":[{"embeddable":true,"href":"https:\/\/dicodusport.fr\/blog\/wp-json\/wp\/v2\/media\/105450"}],"wp:attachment":[{"href":"https:\/\/dicodusport.fr\/blog\/wp-json\/wp\/v2\/media?parent=105429"}],"wp:term":[{"taxonomy":"category","embeddable":true,"href":"https:\/\/dicodusport.fr\/blog\/wp-json\/wp\/v2\/categories?post=105429"},{"taxonomy":"post_tag","embeddable":true,"href":"https:\/\/dicodusport.fr\/blog\/wp-json\/wp\/v2\/tags?post=105429"}],"curies":[{"name":"wp","href":"https:\/\/api.w.org\/{rel}","templated":true}]}}