{"id":105636,"date":"2021-02-12T17:29:37","date_gmt":"2021-02-12T16:29:37","guid":{"rendered":"https:\/\/dicodusport.fr\/blog\/?p=105636&#038;preview=true&#038;preview_id=105636"},"modified":"2022-01-31T12:06:36","modified_gmt":"2022-01-31T11:06:36","slug":"sandie-clair-mettre-toutes-les-chances-de-mon-cote-pour-etre-aux-jo-de-pekin","status":"publish","type":"post","link":"https:\/\/dicodusport.fr\/blog\/sandie-clair-mettre-toutes-les-chances-de-mon-cote-pour-etre-aux-jo-de-pekin\/","title":{"rendered":"Sandie Clair : \u00ab Mettre toutes les chances de mon c\u00f4t\u00e9 pour \u00eatre aux JO de P\u00e9kin \u00bb"},"content":{"rendered":"<p style=\"text-align: justify;\"><strong><em>BOBSLEIGH &#8211; \u00c0 32 ans, Sandie Clair, championne d&rsquo;Europe de vitesse individuelle en 2010 et multiple championne de France, est d\u00e9sormais pass\u00e9e des pistes en bois, aux pistes de glace. L&rsquo;ancienne pistarde, qui a mis un terme \u00e0 sa carri\u00e8re en 2019 apr\u00e8s que la F\u00e9d\u00e9ration Fran\u00e7ais de Cyclisme ait d\u00e9cid\u00e9 d&rsquo;arr\u00eater son programme de vitesse par \u00e9quipes f\u00e9minine, a trouv\u00e9 refuge dans le bobsleigh. Entretien.<\/em><\/strong><\/p>\n<h3 style=\"text-align: justify;\">Sandie, comment s&rsquo;est pass\u00e9 ce premier hiver en tant que bobbeuse ?<\/h3>\n<p style=\"text-align: justify;\">Froid ! (rires). J&rsquo;ai d\u00fb perdre 30 degr\u00e9s par rapport aux v\u00e9lodromes ! S\u00e9rieusement, \u00e7a s&rsquo;est bien pass\u00e9. J&rsquo;ai fait une premi\u00e8re partie de saison sans comp\u00e9tition, pour d\u00e9couvrir la discipline et ce nouvel univers. J&rsquo;ai d\u00e9couvert le travail et les entra\u00eenements dans le froid, mais aussi tout ce qui est autour du bobsleigh, comme l&rsquo;entretien et la manutention par exemple. J&rsquo;ai ensuite fait la deuxi\u00e8me partie de la saison avec des comp\u00e9titions, \u00e0 partir du mois de janvier, avec les championnats d&rsquo;Europe et une Coupe du monde \u00e0 Saint-Moritz. Ce n&rsquo;\u00e9tait pas forc\u00e9ment pr\u00e9vu, mais c&rsquo;\u00e9tait vraiment super. En plus, on a fait un bon r\u00e9sultat aux Europe (6\u00e8mes) donc pour une premi\u00e8re comp\u00e9tition, c&rsquo;\u00e9tait vraiment g\u00e9nial.<\/p>\n<h3 style=\"text-align: justify;\">Racontez-nous un peu, comment \u00eates-vous arriv\u00e9e en \u00e9quipe de France de bobsleigh apr\u00e8s l&rsquo;arr\u00eat de votre carri\u00e8re en cyclisme sur piste ?<\/h3>\n<p style=\"text-align: justify;\">C&rsquo;est parti d&rsquo;un d\u00e9lire avec mon fr\u00e8re qui m&rsquo;entra\u00eenait quand je faisais du cyclisme. Puis finalement, l&rsquo;id\u00e9e a fait son chemin dans ma t\u00eate. Je me disais que j&rsquo;aimerais bien faire une descente en bobsleigh, voire les sensations. Puis un jour, durant le premier confinement l&rsquo;ann\u00e9e derni\u00e8re, j&rsquo;ai contact\u00e9 Margot Boch, pilote en \u00e9quipe de France de bobsleigh, qui m&rsquo;a encourag\u00e9e \u00e0 venir tester lors d&rsquo;un stage d&rsquo;\u00e9t\u00e9. J&rsquo;y suis all\u00e9e, pour un stage de pouss\u00e9e dans un premier temps, et j&rsquo;ai vraiment bien accroch\u00e9. J&rsquo;ai finalement pris le risque de l\u00e2cher mon travail dans une salle de sports \u00e0 Hy\u00e8res sans savoir si \u00e7a allait marcher ou non. J&rsquo;ai eu l&rsquo;opportunit\u00e9, et je l&rsquo;ai saisie. Mon esprit de comp\u00e9tition l&rsquo;a finalement emport\u00e9 !<\/p>\n<h3 style=\"text-align: justify;\">Au final, avez-vous retrouv\u00e9 des similitudes avec le cyclisme sur piste, que ce soit au niveau des entra\u00eenements, et notamment de la musculation ?<\/h3>\n<p style=\"text-align: justify;\">Oui, concernant la musculation, on est un peu sur les m\u00eames bases. On a besoin des m\u00eames qualit\u00e9s physiques, \u00e0 savoir la force, l&rsquo;explosivit\u00e9, la puissance et la rapidit\u00e9. Apr\u00e8s, cela reste deux sports totalement diff\u00e9rents. On est plus sur de la musculation, avec du sprint en athl\u00e9tisme pour le travail de pouss\u00e9e. Personnellement, je pars presque de z\u00e9ro, puisque je n&rsquo;avais jamais fait de footing de ma vie. Je dois donc apprendre \u00e0 courir, avec un travail tr\u00e8s technique o\u00f9 je dois apprendre \u00e0 poser mon pied correctement au sol. C&rsquo;est hyper technique ! D&rsquo;ailleurs, vu que je n&rsquo;avais pas l&rsquo;habitude de courir, je souffre de p\u00e9riostites aux tibias depuis quelques temps, j&rsquo;ai gal\u00e9r\u00e9 toute la saison avec \u00e7a. C&rsquo;est un vrai changement par rapport au travail sur la piste, mon corps ne comprend pas trop ce qui lui arrive pour le moment.<\/p>\n<h3 style=\"text-align: justify;\">Avec un peu de recul et ces quelques mois d&rsquo;exp\u00e9rience, qu&rsquo;est-ce qui vous attire dans cette discipline du bobsleigh ?<\/h3>\n<p style=\"text-align: justify;\">Dans mon cas, en \u00e9tant pousseuse \u00e0 l&rsquo;arri\u00e8re du bob&rsquo;, j&rsquo;ai un peu le r\u00f4le de moteur. \u00c7a ressemble beaucoup \u00e0 ce que je faisais en d\u00e9part arr\u00eat\u00e9 pour le cyclisme sur piste, avec beaucoup d&rsquo;explosivit\u00e9, c&rsquo;est un effort tr\u00e8s court et intense. De c\u00f4t\u00e9 l\u00e0, c&rsquo;est vraiment une sensation que je retrouve et qui me pla\u00eet \u00e9norm\u00e9ment. Apr\u00e8s, tout au long de la descente, c&rsquo;est vrai que je sers un peu de sac de sable (rires) ! Mais pour r\u00e9sumer, c&rsquo;est vraiment la vitesse et l&rsquo;explosivit\u00e9 en amont qui me plaisent dans cette discipline.<\/p>\n<blockquote class=\"instagram-media\" style=\"background: #FFF; border: 0; border-radius: 3px; box-shadow: 0 0 1px 0 rgba(0,0,0,0.5),0 1px 10px 0 rgba(0,0,0,0.15); margin: 1px; max-width: 540px; min-width: 326px; padding: 0; width: calc(100% - 2px);\" data-instgrm-captioned=\"\" data-instgrm-permalink=\"https:\/\/www.instagram.com\/p\/CJ3GmZXnLa_\/?utm_source=ig_embed&amp;utm_campaign=loading\" data-instgrm-version=\"13\">\n<div style=\"padding: 16px;\">\n<p>&nbsp;<\/p>\n<div style=\"display: flex; flex-direction: row; align-items: center;\">\n<div style=\"background-color: #f4f4f4; border-radius: 50%; flex-grow: 0; height: 40px; margin-right: 14px; width: 40px;\"><\/div>\n<div style=\"display: flex; flex-direction: column; flex-grow: 1; justify-content: center;\">\n<div style=\"background-color: #f4f4f4; border-radius: 4px; flex-grow: 0; height: 14px; margin-bottom: 6px; width: 100px;\"><\/div>\n<div style=\"background-color: #f4f4f4; border-radius: 4px; flex-grow: 0; height: 14px; width: 60px;\"><\/div>\n<\/div>\n<\/div>\n<div style=\"padding: 19% 0;\"><\/div>\n<div style=\"display: block; height: 50px; margin: 0 auto 12px; width: 50px;\"><\/div>\n<div style=\"padding-top: 8px;\">\n<div style=\"color: #3897f0; font-family: Arial,sans-serif; font-size: 14px; font-style: normal; font-weight: 550; line-height: 18px;\">Voir cette publication sur Instagram<\/div>\n<\/div>\n<div style=\"padding: 12.5% 0;\"><\/div>\n<div style=\"display: flex; flex-direction: row; margin-bottom: 14px; align-items: center;\">\n<div>\n<div style=\"background-color: #f4f4f4; border-radius: 50%; height: 12.5px; width: 12.5px; transform: translateX(0px) translateY(7px);\"><\/div>\n<div style=\"background-color: #f4f4f4; height: 12.5px; transform: rotate(-45deg) translateX(3px) translateY(1px); width: 12.5px; flex-grow: 0; margin-right: 14px; margin-left: 2px;\"><\/div>\n<div style=\"background-color: #f4f4f4; border-radius: 50%; height: 12.5px; width: 12.5px; transform: translateX(9px) translateY(-18px);\"><\/div>\n<\/div>\n<div style=\"margin-left: 8px;\">\n<div style=\"background-color: #f4f4f4; border-radius: 50%; flex-grow: 0; height: 20px; width: 20px;\"><\/div>\n<div style=\"width: 0; height: 0; border-top: 2px solid transparent; border-left: 6px solid #f4f4f4; border-bottom: 2px solid transparent; transform: translateX(16px) translateY(-4px) rotate(30deg);\"><\/div>\n<\/div>\n<div style=\"margin-left: auto;\">\n<div style=\"width: 0px; border-top: 8px solid #F4F4F4; border-right: 8px solid transparent; transform: translateY(16px);\"><\/div>\n<div style=\"background-color: #f4f4f4; flex-grow: 0; height: 12px; width: 16px; transform: translateY(-4px);\"><\/div>\n<div style=\"width: 0; height: 0; border-top: 8px solid #F4F4F4; border-left: 8px solid transparent; transform: translateY(-4px) translateX(8px);\"><\/div>\n<\/div>\n<\/div>\n<div style=\"display: flex; flex-direction: column; flex-grow: 1; justify-content: center; margin-bottom: 24px;\">\n<div style=\"background-color: #f4f4f4; border-radius: 4px; flex-grow: 0; height: 14px; margin-bottom: 6px; width: 224px;\"><\/div>\n<div style=\"background-color: #f4f4f4; border-radius: 4px; flex-grow: 0; height: 14px; width: 144px;\"><\/div>\n<\/div>\n<p>&nbsp;<\/p>\n<p style=\"color: #c9c8cd; font-family: Arial,sans-serif; font-size: 14px; line-height: 17px; margin-bottom: 0; margin-top: 8px; overflow: hidden; padding: 8px 0 7px; text-align: center; text-overflow: ellipsis; white-space: nowrap;\"><a style=\"color: #c9c8cd; font-family: Arial,sans-serif; font-size: 14px; font-style: normal; font-weight: normal; line-height: 17px; text-decoration: none;\" href=\"https:\/\/www.instagram.com\/p\/CJ3GmZXnLa_\/?utm_source=ig_embed&amp;utm_campaign=loading\" target=\"_blank\" rel=\"noopener\">Une publication partag\u00e9e par Sandie CLAIR (@sandie.clair)<\/a><\/p>\n<\/div>\n<\/blockquote>\n<p><script async src=\"\/\/www.instagram.com\/embed.js\"><\/script><\/p>\n<h3 style=\"text-align: justify;\">Maintenant que vous avez rejoint l&rsquo;\u00e9quipe de France, a-t-on une chance de vous voir aux Jeux Olympiques de P\u00e9kin, en 2022 ?<\/h3>\n<p style=\"text-align: justify;\">J&rsquo;esp\u00e8re, je vais tout pour y \u00eatre en tout cas ! C&rsquo;est vrai qu&rsquo;au d\u00e9part, comme je l&rsquo;ai d\u00e9j\u00e0 dit, c&rsquo;\u00e9tait vraiment dans le but de d\u00e9couvrir ce sport. J&rsquo;ai vraiment eu de la chance de pouvoir partir en comp\u00e9tition d\u00e8s cet hiver. Et maintenant que j&rsquo;y suis, oui, j&rsquo;ai vraiment envie d&rsquo;y rester. Je serais super contente de faire les Jeux d&rsquo;hiver cette fois-ci. Apr\u00e8s, il n&rsquo;y a pas que moi et Carla (Senechal, pousseuse de l&rsquo;\u00e9quipe de France que Sandie Clair a remplac\u00e9 aux championnats d&rsquo;Europe), il y a aussi d&rsquo;autres filles. Je ferai tout pour \u00eatre la meilleure, c&rsquo;est vrai que ce serait extraordinaire d&rsquo;\u00eatre \u00e0 P\u00e9kin. Je vais mettre toutes les chances de mon c\u00f4t\u00e9 pour en \u00eatre.<\/p>\n<h3 style=\"text-align: justify;\">Oui, et puis des sportives qui ont particip\u00e9 aux JO d&rsquo;\u00e9t\u00e9 et d&rsquo;hiver, il n&rsquo;y en a pas beaucoup, \u00e7a peut \u00eatre un sacr\u00e9 d\u00e9fi non ?<\/h3>\n<p style=\"text-align: justify;\">Oui, apr\u00e8s c&rsquo;est vrai que je m&rsquo;en rends pas toujours compte. Par exemple, il n&rsquo;y a pas longtemps, Florian Rousseau (multiple champion du monde et olympique) me disait qu&rsquo;il admirait ma capacit\u00e9 \u00e0 rebondir. C&rsquo;est vrai que quand il m&rsquo;a dit ces mots, \u00e7a m&rsquo;a vraiment touch\u00e9. Je me suis dit \u00ab ah oui, ce que je suis en train de faire, c&rsquo;est un super truc \u00bb. Apr\u00e8s, je prends les choses les unes apr\u00e8s les autres. J&rsquo;ai eu cette opportunit\u00e9, alors je fonce !<\/p>\n<h3 style=\"text-align: justify;\">Toujours avec du recul, en voulez-vous toujours \u00e0 la F\u00e9d\u00e9ration Fran\u00e7aise de Cyclisme de ne pas vous avoir laiss\u00e9 davantage votre chance en vue de Tokyo ?<\/h3>\n<p style=\"text-align: justify;\">En r\u00e9alit\u00e9, maintenant, je me dit que tout ce qui m&rsquo;arrive, c&rsquo;est un mal pour un bien. C&rsquo;est aussi pour \u00e7a que j&rsquo;arrive \u00e0 rebondir rapidement au final. Je me sers du n\u00e9gatif pour en faire du positif. Apr\u00e8s, je ne suis toujours pas d&rsquo;accord de la fa\u00e7on dont \u00e7a s&rsquo;est pass\u00e9, et je ne le serais jamais. J&rsquo;ai toujours de la col\u00e8re envers certaines personnes de la F\u00e9d\u00e9ration. Finalement, je me dis que c&rsquo;est un mal pour un bien et que si j&rsquo;avais fait les Jeux de Tokyo, je n&rsquo;aurais peut-\u00eatre pas v\u00e9cu ce que je suis en train vivre depuis quelques mois en \u00e9quipe de France de bobsleigh, car cela reste une exp\u00e9rience incroyable.<\/p>\n<h3 style=\"text-align: justify;\">Question palmar\u00e8s, vous n&rsquo;avez pas \u00e0 rougir ! Quel est votre meilleur souvenir en carri\u00e8re sur la piste ?<\/h3>\n<p style=\"text-align: justify;\">Sans h\u00e9siter, mon titre de championne d&rsquo;Europe en vitesse individuelle en 2010 \u00e0 Pruszkow (Pologne) ! Et bizarrement, mon plus mauvais souvenir reste ma m\u00e9daille d&rsquo;argent lors des Mondiaux en 2011 sur 500 m, o\u00f9 je perds en finale pour deux centi\u00e8mes&#8230;<\/p>\n<h3 style=\"text-align: justify;\">Et maintenant, qu&rsquo;est-ce qu&rsquo;on peut vous souhaiter pour la suite ?<\/h3>\n<p style=\"text-align: justify;\">De continuer \u00e0 \u00eatre heureuse et de m&rsquo;\u00e9panouir dans mon sport et ma vie ! Apr\u00e8s, c&rsquo;est s\u00fbr qu&rsquo;il y a les JO dans un coin de la t\u00eate. C&rsquo;est vrai que c&rsquo;est devenu un objectif, maintenant il faut absolument que je progresse pour gagner ma place !<\/p>\n<p><strong><em>Dicodusport<br \/>\n<a href=\"https:\/\/www.facebook.com\/dicodusport\/\" target=\"_blank\" rel=\"noopener noreferrer\"><img loading=\"lazy\" decoding=\"async\" class=\"alignnone wp-image-2909\" src=\"http:\/\/dicodusport.fr\/blog\/wp-content\/uploads\/2017\/07\/logo-facebook-150x150.png\" alt=\"\" width=\"40\" height=\"40\" \/><\/a><a href=\"https:\/\/twitter.com\/dicodusport\" target=\"_blank\" rel=\"noopener noreferrer\"><img loading=\"lazy\" decoding=\"async\" class=\"alignnone wp-image-2908\" src=\"http:\/\/dicodusport.fr\/blog\/wp-content\/uploads\/2017\/07\/logo-twitter-150x150.png\" alt=\"\" width=\"39\" height=\"39\" \/><\/a><\/em><\/strong><\/p>\n","protected":false},"excerpt":{"rendered":"<p>BOBSLEIGH &#8211; \u00c0 32 ans, Sandie Clair, championne d&rsquo;Europe de vitesse individuelle en 2010 et multiple championne de France, est pass\u00e9e des pistes en bois, aux pistes de glace. L&rsquo;ancienne pistarde, qui a mis un terme \u00e0 sa carri\u00e8re en 2019 apr\u00e8s que la F\u00e9d\u00e9ration Fran\u00e7ais de Cyclisme ait d\u00e9cid\u00e9 d&rsquo;arr\u00eater son programme de vitesse par \u00e9quipes f\u00e9minine, a trouv\u00e9 refuge dans le bobsleigh. Entretien.<\/p>\n","protected":false},"author":4,"featured_media":105834,"comment_status":"open","ping_status":"closed","sticky":false,"template":"","format":"standard","meta":{"_acf_changed":false,"_daextam_enable_autolinks":"","footnotes":""},"categories":[20104,2313],"tags":[2800,24],"class_list":["post-105636","post","type-post","status-publish","format-standard","has-post-thumbnail","hentry","category-jo-hiver-pekin-2022","category-sports-dhiver","tag-bobsleigh","tag-sport"],"acf":[],"yoast_head":"<!-- This site is optimized with the Yoast SEO Premium plugin v26.7 (Yoast SEO v26.7) - https:\/\/yoast.com\/wordpress\/plugins\/seo\/ -->\n<title>Sandie Clair : \u00ab Mettre toutes les chances de mon c\u00f4t\u00e9 pour \u00eatre aux JO de P\u00e9kin \u00bb<\/title>\n<meta name=\"description\" content=\"BOBSLEIGH - \u00c0 32 ans, Sandie Clair, est pass\u00e9e des pistes en bois, aux pistes de glace. Entretien avec l&#039;ancienne pistarde.\" \/>\n<meta name=\"robots\" content=\"index, follow, max-snippet:-1, max-image-preview:large, max-video-preview:-1\" \/>\n<link rel=\"canonical\" href=\"https:\/\/dicodusport.fr\/blog\/sandie-clair-mettre-toutes-les-chances-de-mon-cote-pour-etre-aux-jo-de-pekin\/\" \/>\n<meta property=\"og:locale\" content=\"fr_FR\" \/>\n<meta property=\"og:type\" content=\"article\" \/>\n<meta property=\"og:title\" content=\"Sandie Clair : \u00ab Mettre toutes les chances de mon c\u00f4t\u00e9 pour \u00eatre aux JO de P\u00e9kin \u00bb\" \/>\n<meta property=\"og:description\" content=\"BOBSLEIGH - \u00c0 32 ans, Sandie Clair, est pass\u00e9e des pistes en bois, aux pistes de glace. Entretien avec l&#039;ancienne pistarde.\" \/>\n<meta property=\"og:url\" content=\"https:\/\/dicodusport.fr\/blog\/sandie-clair-mettre-toutes-les-chances-de-mon-cote-pour-etre-aux-jo-de-pekin\/\" \/>\n<meta property=\"og:site_name\" content=\"Dicodusport\" \/>\n<meta property=\"article:publisher\" content=\"https:\/\/www.facebook.com\/dicodusport\" \/>\n<meta property=\"article:author\" content=\"https:\/\/www.facebook.com\/florent.ostermann\" \/>\n<meta property=\"article:published_time\" content=\"2021-02-12T16:29:37+00:00\" \/>\n<meta property=\"article:modified_time\" content=\"2022-01-31T11:06:36+00:00\" \/>\n<meta property=\"og:image\" content=\"https:\/\/dicodusport.fr\/blog\/wp-content\/uploads\/2021\/02\/Sandie-Clair-Mettre-toutes-les-chances-de-mon-cote-pour-etre-aux-JO-de-Pekin.png\" \/>\n\t<meta property=\"og:image:width\" content=\"800\" \/>\n\t<meta property=\"og:image:height\" content=\"445\" \/>\n\t<meta property=\"og:image:type\" content=\"image\/png\" \/>\n<meta name=\"author\" content=\"Flo Ostermann\" \/>\n<meta name=\"twitter:card\" content=\"summary_large_image\" \/>\n<meta name=\"twitter:title\" content=\"Sandie Clair : \u00ab Mettre toutes les chances de mon c\u00f4t\u00e9 pour \u00eatre aux JO de P\u00e9kin \u00bb\" \/>\n<meta name=\"twitter:creator\" content=\"@https:\/\/twitter.com\/FlOstermann\" \/>\n<meta name=\"twitter:site\" content=\"@dicodusport\" \/>\n<script type=\"application\/ld+json\" class=\"yoast-schema-graph\">{\"@context\":\"https:\/\/schema.org\",\"@graph\":[{\"@type\":\"NewsArticle\",\"@id\":\"https:\/\/dicodusport.fr\/blog\/sandie-clair-mettre-toutes-les-chances-de-mon-cote-pour-etre-aux-jo-de-pekin\/#article\",\"isPartOf\":{\"@id\":\"https:\/\/dicodusport.fr\/blog\/sandie-clair-mettre-toutes-les-chances-de-mon-cote-pour-etre-aux-jo-de-pekin\/\"},\"author\":{\"name\":\"Flo Ostermann\",\"@id\":\"https:\/\/dicodusport.fr\/blog\/#\/schema\/person\/cb02af4c173ce4a653b55e9baf388d4a\"},\"headline\":\"Sandie Clair : \u00ab Mettre toutes les chances de mon c\u00f4t\u00e9 pour \u00eatre aux JO de P\u00e9kin \u00bb\",\"datePublished\":\"2021-02-12T16:29:37+00:00\",\"dateModified\":\"2022-01-31T11:06:36+00:00\",\"mainEntityOfPage\":{\"@id\":\"https:\/\/dicodusport.fr\/blog\/sandie-clair-mettre-toutes-les-chances-de-mon-cote-pour-etre-aux-jo-de-pekin\/\"},\"wordCount\":1330,\"commentCount\":0,\"publisher\":{\"@id\":\"https:\/\/dicodusport.fr\/blog\/#organization\"},\"image\":{\"@id\":\"https:\/\/dicodusport.fr\/blog\/sandie-clair-mettre-toutes-les-chances-de-mon-cote-pour-etre-aux-jo-de-pekin\/#primaryimage\"},\"thumbnailUrl\":\"https:\/\/dicodusport.fr\/blog\/wp-content\/uploads\/2021\/02\/Sandie-Clair-Mettre-toutes-les-chances-de-mon-cote-pour-etre-aux-JO-de-Pekin.png\",\"keywords\":[\"bobsleigh\",\"sport\"],\"articleSection\":[\"JO d'hiver P\u00e9kin 2022\",\"Sports d'hiver\"],\"inLanguage\":\"fr-FR\",\"potentialAction\":[{\"@type\":\"CommentAction\",\"name\":\"Comment\",\"target\":[\"https:\/\/dicodusport.fr\/blog\/sandie-clair-mettre-toutes-les-chances-de-mon-cote-pour-etre-aux-jo-de-pekin\/#respond\"]}],\"copyrightYear\":\"2021\",\"copyrightHolder\":{\"@id\":\"https:\/\/dicodusport.fr\/blog\/#organization\"}},{\"@type\":\"WebPage\",\"@id\":\"https:\/\/dicodusport.fr\/blog\/sandie-clair-mettre-toutes-les-chances-de-mon-cote-pour-etre-aux-jo-de-pekin\/\",\"url\":\"https:\/\/dicodusport.fr\/blog\/sandie-clair-mettre-toutes-les-chances-de-mon-cote-pour-etre-aux-jo-de-pekin\/\",\"name\":\"Sandie Clair : \u00ab Mettre toutes les chances de mon c\u00f4t\u00e9 pour \u00eatre aux JO de P\u00e9kin \u00bb\",\"isPartOf\":{\"@id\":\"https:\/\/dicodusport.fr\/blog\/#website\"},\"primaryImageOfPage\":{\"@id\":\"https:\/\/dicodusport.fr\/blog\/sandie-clair-mettre-toutes-les-chances-de-mon-cote-pour-etre-aux-jo-de-pekin\/#primaryimage\"},\"image\":{\"@id\":\"https:\/\/dicodusport.fr\/blog\/sandie-clair-mettre-toutes-les-chances-de-mon-cote-pour-etre-aux-jo-de-pekin\/#primaryimage\"},\"thumbnailUrl\":\"https:\/\/dicodusport.fr\/blog\/wp-content\/uploads\/2021\/02\/Sandie-Clair-Mettre-toutes-les-chances-de-mon-cote-pour-etre-aux-JO-de-Pekin.png\",\"datePublished\":\"2021-02-12T16:29:37+00:00\",\"dateModified\":\"2022-01-31T11:06:36+00:00\",\"description\":\"BOBSLEIGH - \u00c0 32 ans, Sandie Clair, est pass\u00e9e des pistes en bois, aux pistes de glace. Entretien avec l'ancienne pistarde.\",\"breadcrumb\":{\"@id\":\"https:\/\/dicodusport.fr\/blog\/sandie-clair-mettre-toutes-les-chances-de-mon-cote-pour-etre-aux-jo-de-pekin\/#breadcrumb\"},\"inLanguage\":\"fr-FR\",\"potentialAction\":[{\"@type\":\"ReadAction\",\"target\":[\"https:\/\/dicodusport.fr\/blog\/sandie-clair-mettre-toutes-les-chances-de-mon-cote-pour-etre-aux-jo-de-pekin\/\"]}]},{\"@type\":\"ImageObject\",\"inLanguage\":\"fr-FR\",\"@id\":\"https:\/\/dicodusport.fr\/blog\/sandie-clair-mettre-toutes-les-chances-de-mon-cote-pour-etre-aux-jo-de-pekin\/#primaryimage\",\"url\":\"https:\/\/dicodusport.fr\/blog\/wp-content\/uploads\/2021\/02\/Sandie-Clair-Mettre-toutes-les-chances-de-mon-cote-pour-etre-aux-JO-de-Pekin.png\",\"contentUrl\":\"https:\/\/dicodusport.fr\/blog\/wp-content\/uploads\/2021\/02\/Sandie-Clair-Mettre-toutes-les-chances-de-mon-cote-pour-etre-aux-JO-de-Pekin.png\",\"width\":800,\"height\":445,\"caption\":\"Sandie Clair - Mettre toutes les chances de mon c\u00f4t\u00e9 pour \u00eatre aux JO de P\u00e9kin\"},{\"@type\":\"BreadcrumbList\",\"@id\":\"https:\/\/dicodusport.fr\/blog\/sandie-clair-mettre-toutes-les-chances-de-mon-cote-pour-etre-aux-jo-de-pekin\/#breadcrumb\",\"itemListElement\":[{\"@type\":\"ListItem\",\"position\":1,\"name\":\"Accueil\",\"item\":\"https:\/\/dicodusport.fr\/blog\/\"},{\"@type\":\"ListItem\",\"position\":2,\"name\":\"Sandie Clair : \u00ab Mettre toutes les chances de mon c\u00f4t\u00e9 pour \u00eatre aux JO de P\u00e9kin \u00bb\"}]},{\"@type\":\"WebSite\",\"@id\":\"https:\/\/dicodusport.fr\/blog\/#website\",\"url\":\"https:\/\/dicodusport.fr\/blog\/\",\"name\":\"Dicodusport\",\"description\":\"L&#039;encyclop\u00e9die de l&#039;actualit\u00e9 sportive\",\"publisher\":{\"@id\":\"https:\/\/dicodusport.fr\/blog\/#organization\"},\"potentialAction\":[{\"@type\":\"SearchAction\",\"target\":{\"@type\":\"EntryPoint\",\"urlTemplate\":\"https:\/\/dicodusport.fr\/blog\/?s={search_term_string}\"},\"query-input\":{\"@type\":\"PropertyValueSpecification\",\"valueRequired\":true,\"valueName\":\"search_term_string\"}}],\"inLanguage\":\"fr-FR\"},{\"@type\":\"NewsMediaOrganization\",\"@id\":\"https:\/\/dicodusport.fr\/blog\/#organization\",\"name\":\"Dicodusport\",\"url\":\"https:\/\/dicodusport.fr\/blog\/\",\"logo\":{\"@type\":\"ImageObject\",\"inLanguage\":\"fr-FR\",\"@id\":\"https:\/\/dicodusport.fr\/blog\/#\/schema\/logo\/image\/\",\"url\":\"https:\/\/dicodusport.fr\/blog\/wp-content\/uploads\/2020\/06\/cropped-LOGO-DICODUSPORT-2020-SANS-FOND-SANS-TEXTE.png\",\"contentUrl\":\"https:\/\/dicodusport.fr\/blog\/wp-content\/uploads\/2020\/06\/cropped-LOGO-DICODUSPORT-2020-SANS-FOND-SANS-TEXTE.png\",\"width\":512,\"height\":512,\"caption\":\"Dicodusport\"},\"image\":{\"@id\":\"https:\/\/dicodusport.fr\/blog\/#\/schema\/logo\/image\/\"},\"sameAs\":[\"https:\/\/www.facebook.com\/dicodusport\",\"https:\/\/x.com\/dicodusport\",\"https:\/\/www.instagram.com\/dicodusport\/\",\"https:\/\/www.youtube.com\/channel\/UC7V2KZ5sd3htJivAbA4ZG3w\"],\"description\":\"Dicodusport est l'encyclop\u00e9die de l'actualit\u00e9 sportive.\",\"email\":\"bonjour@dicodusport.fr\",\"legalName\":\"DICODUSPORT\",\"foundingDate\":\"2018-01-14\",\"vatID\":\"FR71834470973\",\"taxID\":\"83447097300043\",\"numberOfEmployees\":{\"@type\":\"QuantitativeValue\",\"minValue\":\"1\",\"maxValue\":\"10\"}},{\"@type\":\"Person\",\"@id\":\"https:\/\/dicodusport.fr\/blog\/#\/schema\/person\/cb02af4c173ce4a653b55e9baf388d4a\",\"name\":\"Flo Ostermann\",\"image\":{\"@type\":\"ImageObject\",\"inLanguage\":\"fr-FR\",\"@id\":\"https:\/\/dicodusport.fr\/blog\/#\/schema\/person\/image\/\",\"url\":\"https:\/\/dicodusport.fr\/blog\/wp-content\/uploads\/2021\/05\/Flo-Ostermann-150x150.jpg\",\"contentUrl\":\"https:\/\/dicodusport.fr\/blog\/wp-content\/uploads\/2021\/05\/Flo-Ostermann-150x150.jpg\",\"caption\":\"Flo Ostermann\"},\"description\":\"Journaliste\/R\u00e9dacteur depuis septembre 2015 - Mes premiers souvenirs dans le sport ? Les envol\u00e9es du Stade Toulousain et les duels Villeneuve-Schumacher et H\u00e4kkinen-Schumacher \u00e0 la fin des ann\u00e9es 90, la Coupe du monde de football en 1998, l\u2019exploit du XV de France face aux All Blacks en 1999, mais aussi Richard C\u0153ur de Lion qui vole sur les montagnes du Tour de France. Bien parti pour devenir professeur d\u2019EPS, les \u00e9v\u00e9nements de la vie (et la flemme d\u2019animer des s\u00e9ances de 3x500 m\u00e8tres toute ma vie) m\u2019ont conduit \u00e0 revoir mes plans. Me voil\u00e0 depuis fin 2017 sur Dicodusport, m\u00e9dia gr\u00e2ce (et pour) lequel je partage ma passion : le sport dans tous ses \u00e9tats. Le tout accompagn\u00e9 par les fous furieux et folles furieuses cit\u00e9s sur cette page !\",\"sameAs\":[\"https:\/\/www.facebook.com\/florent.ostermann\",\"https:\/\/x.com\/https:\/\/twitter.com\/FlOstermann\",\"admin\"],\"url\":\"https:\/\/dicodusport.fr\/blog\/author\/flo\/\"}]}<\/script>\n<!-- \/ Yoast SEO Premium plugin. -->","yoast_head_json":{"title":"Sandie Clair : \u00ab Mettre toutes les chances de mon c\u00f4t\u00e9 pour \u00eatre aux JO de P\u00e9kin \u00bb","description":"BOBSLEIGH - \u00c0 32 ans, Sandie Clair, est pass\u00e9e des pistes en bois, aux pistes de glace. Entretien avec l'ancienne pistarde.","robots":{"index":"index","follow":"follow","max-snippet":"max-snippet:-1","max-image-preview":"max-image-preview:large","max-video-preview":"max-video-preview:-1"},"canonical":"https:\/\/dicodusport.fr\/blog\/sandie-clair-mettre-toutes-les-chances-de-mon-cote-pour-etre-aux-jo-de-pekin\/","og_locale":"fr_FR","og_type":"article","og_title":"Sandie Clair : \u00ab Mettre toutes les chances de mon c\u00f4t\u00e9 pour \u00eatre aux JO de P\u00e9kin \u00bb","og_description":"BOBSLEIGH - \u00c0 32 ans, Sandie Clair, est pass\u00e9e des pistes en bois, aux pistes de glace. Entretien avec l'ancienne pistarde.","og_url":"https:\/\/dicodusport.fr\/blog\/sandie-clair-mettre-toutes-les-chances-de-mon-cote-pour-etre-aux-jo-de-pekin\/","og_site_name":"Dicodusport","article_publisher":"https:\/\/www.facebook.com\/dicodusport","article_author":"https:\/\/www.facebook.com\/florent.ostermann","article_published_time":"2021-02-12T16:29:37+00:00","article_modified_time":"2022-01-31T11:06:36+00:00","og_image":[{"width":800,"height":445,"url":"https:\/\/dicodusport.fr\/blog\/wp-content\/uploads\/2021\/02\/Sandie-Clair-Mettre-toutes-les-chances-de-mon-cote-pour-etre-aux-JO-de-Pekin.png","type":"image\/png"}],"author":"Flo Ostermann","twitter_card":"summary_large_image","twitter_title":"Sandie Clair : \u00ab Mettre toutes les chances de mon c\u00f4t\u00e9 pour \u00eatre aux JO de P\u00e9kin \u00bb","twitter_creator":"@https:\/\/twitter.com\/FlOstermann","twitter_site":"@dicodusport","schema":{"@context":"https:\/\/schema.org","@graph":[{"@type":"NewsArticle","@id":"https:\/\/dicodusport.fr\/blog\/sandie-clair-mettre-toutes-les-chances-de-mon-cote-pour-etre-aux-jo-de-pekin\/#article","isPartOf":{"@id":"https:\/\/dicodusport.fr\/blog\/sandie-clair-mettre-toutes-les-chances-de-mon-cote-pour-etre-aux-jo-de-pekin\/"},"author":{"name":"Flo Ostermann","@id":"https:\/\/dicodusport.fr\/blog\/#\/schema\/person\/cb02af4c173ce4a653b55e9baf388d4a"},"headline":"Sandie Clair : \u00ab Mettre toutes les chances de mon c\u00f4t\u00e9 pour \u00eatre aux JO de P\u00e9kin \u00bb","datePublished":"2021-02-12T16:29:37+00:00","dateModified":"2022-01-31T11:06:36+00:00","mainEntityOfPage":{"@id":"https:\/\/dicodusport.fr\/blog\/sandie-clair-mettre-toutes-les-chances-de-mon-cote-pour-etre-aux-jo-de-pekin\/"},"wordCount":1330,"commentCount":0,"publisher":{"@id":"https:\/\/dicodusport.fr\/blog\/#organization"},"image":{"@id":"https:\/\/dicodusport.fr\/blog\/sandie-clair-mettre-toutes-les-chances-de-mon-cote-pour-etre-aux-jo-de-pekin\/#primaryimage"},"thumbnailUrl":"https:\/\/dicodusport.fr\/blog\/wp-content\/uploads\/2021\/02\/Sandie-Clair-Mettre-toutes-les-chances-de-mon-cote-pour-etre-aux-JO-de-Pekin.png","keywords":["bobsleigh","sport"],"articleSection":["JO d'hiver P\u00e9kin 2022","Sports d'hiver"],"inLanguage":"fr-FR","potentialAction":[{"@type":"CommentAction","name":"Comment","target":["https:\/\/dicodusport.fr\/blog\/sandie-clair-mettre-toutes-les-chances-de-mon-cote-pour-etre-aux-jo-de-pekin\/#respond"]}],"copyrightYear":"2021","copyrightHolder":{"@id":"https:\/\/dicodusport.fr\/blog\/#organization"}},{"@type":"WebPage","@id":"https:\/\/dicodusport.fr\/blog\/sandie-clair-mettre-toutes-les-chances-de-mon-cote-pour-etre-aux-jo-de-pekin\/","url":"https:\/\/dicodusport.fr\/blog\/sandie-clair-mettre-toutes-les-chances-de-mon-cote-pour-etre-aux-jo-de-pekin\/","name":"Sandie Clair : \u00ab Mettre toutes les chances de mon c\u00f4t\u00e9 pour \u00eatre aux JO de P\u00e9kin \u00bb","isPartOf":{"@id":"https:\/\/dicodusport.fr\/blog\/#website"},"primaryImageOfPage":{"@id":"https:\/\/dicodusport.fr\/blog\/sandie-clair-mettre-toutes-les-chances-de-mon-cote-pour-etre-aux-jo-de-pekin\/#primaryimage"},"image":{"@id":"https:\/\/dicodusport.fr\/blog\/sandie-clair-mettre-toutes-les-chances-de-mon-cote-pour-etre-aux-jo-de-pekin\/#primaryimage"},"thumbnailUrl":"https:\/\/dicodusport.fr\/blog\/wp-content\/uploads\/2021\/02\/Sandie-Clair-Mettre-toutes-les-chances-de-mon-cote-pour-etre-aux-JO-de-Pekin.png","datePublished":"2021-02-12T16:29:37+00:00","dateModified":"2022-01-31T11:06:36+00:00","description":"BOBSLEIGH - \u00c0 32 ans, Sandie Clair, est pass\u00e9e des pistes en bois, aux pistes de glace. Entretien avec l'ancienne pistarde.","breadcrumb":{"@id":"https:\/\/dicodusport.fr\/blog\/sandie-clair-mettre-toutes-les-chances-de-mon-cote-pour-etre-aux-jo-de-pekin\/#breadcrumb"},"inLanguage":"fr-FR","potentialAction":[{"@type":"ReadAction","target":["https:\/\/dicodusport.fr\/blog\/sandie-clair-mettre-toutes-les-chances-de-mon-cote-pour-etre-aux-jo-de-pekin\/"]}]},{"@type":"ImageObject","inLanguage":"fr-FR","@id":"https:\/\/dicodusport.fr\/blog\/sandie-clair-mettre-toutes-les-chances-de-mon-cote-pour-etre-aux-jo-de-pekin\/#primaryimage","url":"https:\/\/dicodusport.fr\/blog\/wp-content\/uploads\/2021\/02\/Sandie-Clair-Mettre-toutes-les-chances-de-mon-cote-pour-etre-aux-JO-de-Pekin.png","contentUrl":"https:\/\/dicodusport.fr\/blog\/wp-content\/uploads\/2021\/02\/Sandie-Clair-Mettre-toutes-les-chances-de-mon-cote-pour-etre-aux-JO-de-Pekin.png","width":800,"height":445,"caption":"Sandie Clair - Mettre toutes les chances de mon c\u00f4t\u00e9 pour \u00eatre aux JO de P\u00e9kin"},{"@type":"BreadcrumbList","@id":"https:\/\/dicodusport.fr\/blog\/sandie-clair-mettre-toutes-les-chances-de-mon-cote-pour-etre-aux-jo-de-pekin\/#breadcrumb","itemListElement":[{"@type":"ListItem","position":1,"name":"Accueil","item":"https:\/\/dicodusport.fr\/blog\/"},{"@type":"ListItem","position":2,"name":"Sandie Clair : \u00ab Mettre toutes les chances de mon c\u00f4t\u00e9 pour \u00eatre aux JO de P\u00e9kin \u00bb"}]},{"@type":"WebSite","@id":"https:\/\/dicodusport.fr\/blog\/#website","url":"https:\/\/dicodusport.fr\/blog\/","name":"Dicodusport","description":"L&#039;encyclop\u00e9die de l&#039;actualit\u00e9 sportive","publisher":{"@id":"https:\/\/dicodusport.fr\/blog\/#organization"},"potentialAction":[{"@type":"SearchAction","target":{"@type":"EntryPoint","urlTemplate":"https:\/\/dicodusport.fr\/blog\/?s={search_term_string}"},"query-input":{"@type":"PropertyValueSpecification","valueRequired":true,"valueName":"search_term_string"}}],"inLanguage":"fr-FR"},{"@type":"NewsMediaOrganization","@id":"https:\/\/dicodusport.fr\/blog\/#organization","name":"Dicodusport","url":"https:\/\/dicodusport.fr\/blog\/","logo":{"@type":"ImageObject","inLanguage":"fr-FR","@id":"https:\/\/dicodusport.fr\/blog\/#\/schema\/logo\/image\/","url":"https:\/\/dicodusport.fr\/blog\/wp-content\/uploads\/2020\/06\/cropped-LOGO-DICODUSPORT-2020-SANS-FOND-SANS-TEXTE.png","contentUrl":"https:\/\/dicodusport.fr\/blog\/wp-content\/uploads\/2020\/06\/cropped-LOGO-DICODUSPORT-2020-SANS-FOND-SANS-TEXTE.png","width":512,"height":512,"caption":"Dicodusport"},"image":{"@id":"https:\/\/dicodusport.fr\/blog\/#\/schema\/logo\/image\/"},"sameAs":["https:\/\/www.facebook.com\/dicodusport","https:\/\/x.com\/dicodusport","https:\/\/www.instagram.com\/dicodusport\/","https:\/\/www.youtube.com\/channel\/UC7V2KZ5sd3htJivAbA4ZG3w"],"description":"Dicodusport est l'encyclop\u00e9die de l'actualit\u00e9 sportive.","email":"bonjour@dicodusport.fr","legalName":"DICODUSPORT","foundingDate":"2018-01-14","vatID":"FR71834470973","taxID":"83447097300043","numberOfEmployees":{"@type":"QuantitativeValue","minValue":"1","maxValue":"10"}},{"@type":"Person","@id":"https:\/\/dicodusport.fr\/blog\/#\/schema\/person\/cb02af4c173ce4a653b55e9baf388d4a","name":"Flo Ostermann","image":{"@type":"ImageObject","inLanguage":"fr-FR","@id":"https:\/\/dicodusport.fr\/blog\/#\/schema\/person\/image\/","url":"https:\/\/dicodusport.fr\/blog\/wp-content\/uploads\/2021\/05\/Flo-Ostermann-150x150.jpg","contentUrl":"https:\/\/dicodusport.fr\/blog\/wp-content\/uploads\/2021\/05\/Flo-Ostermann-150x150.jpg","caption":"Flo Ostermann"},"description":"Journaliste\/R\u00e9dacteur depuis septembre 2015 - Mes premiers souvenirs dans le sport ? Les envol\u00e9es du Stade Toulousain et les duels Villeneuve-Schumacher et H\u00e4kkinen-Schumacher \u00e0 la fin des ann\u00e9es 90, la Coupe du monde de football en 1998, l\u2019exploit du XV de France face aux All Blacks en 1999, mais aussi Richard C\u0153ur de Lion qui vole sur les montagnes du Tour de France. Bien parti pour devenir professeur d\u2019EPS, les \u00e9v\u00e9nements de la vie (et la flemme d\u2019animer des s\u00e9ances de 3x500 m\u00e8tres toute ma vie) m\u2019ont conduit \u00e0 revoir mes plans. Me voil\u00e0 depuis fin 2017 sur Dicodusport, m\u00e9dia gr\u00e2ce (et pour) lequel je partage ma passion : le sport dans tous ses \u00e9tats. Le tout accompagn\u00e9 par les fous furieux et folles furieuses cit\u00e9s sur cette page !","sameAs":["https:\/\/www.facebook.com\/florent.ostermann","https:\/\/x.com\/https:\/\/twitter.com\/FlOstermann","admin"],"url":"https:\/\/dicodusport.fr\/blog\/author\/flo\/"}]}},"_links":{"self":[{"href":"https:\/\/dicodusport.fr\/blog\/wp-json\/wp\/v2\/posts\/105636","targetHints":{"allow":["GET"]}}],"collection":[{"href":"https:\/\/dicodusport.fr\/blog\/wp-json\/wp\/v2\/posts"}],"about":[{"href":"https:\/\/dicodusport.fr\/blog\/wp-json\/wp\/v2\/types\/post"}],"author":[{"embeddable":true,"href":"https:\/\/dicodusport.fr\/blog\/wp-json\/wp\/v2\/users\/4"}],"replies":[{"embeddable":true,"href":"https:\/\/dicodusport.fr\/blog\/wp-json\/wp\/v2\/comments?post=105636"}],"version-history":[{"count":0,"href":"https:\/\/dicodusport.fr\/blog\/wp-json\/wp\/v2\/posts\/105636\/revisions"}],"wp:featuredmedia":[{"embeddable":true,"href":"https:\/\/dicodusport.fr\/blog\/wp-json\/wp\/v2\/media\/105834"}],"wp:attachment":[{"href":"https:\/\/dicodusport.fr\/blog\/wp-json\/wp\/v2\/media?parent=105636"}],"wp:term":[{"taxonomy":"category","embeddable":true,"href":"https:\/\/dicodusport.fr\/blog\/wp-json\/wp\/v2\/categories?post=105636"},{"taxonomy":"post_tag","embeddable":true,"href":"https:\/\/dicodusport.fr\/blog\/wp-json\/wp\/v2\/tags?post=105636"}],"curies":[{"name":"wp","href":"https:\/\/api.w.org\/{rel}","templated":true}]}}