{"id":105725,"date":"2021-02-12T13:47:33","date_gmt":"2021-02-12T12:47:33","guid":{"rendered":"https:\/\/dicodusport.fr\/blog\/?p=105725&#038;preview=true&#038;preview_id=105725"},"modified":"2021-10-18T16:34:25","modified_gmt":"2021-10-18T14:34:25","slug":"6-nations-2021-composition-irlande-pour-defier-xv-de-france","status":"publish","type":"post","link":"https:\/\/dicodusport.fr\/blog\/6-nations-2021-composition-irlande-pour-defier-xv-de-france\/","title":{"rendered":"6 Nations 2021 : la composition de l&rsquo;Irlande pour d\u00e9fier le XV de France"},"content":{"rendered":"<p style=\"text-align: justify;\"><em><a style=\"font-weight: bold;\" href=\"https:\/\/dicodusport.fr\/blog\/actualites\/rugby\/rugby-a-xv\/tournoi-6-nations-2021\/\" target=\"_blank\" rel=\"noopener\">TOURNOI DES 6 NATIONS 2021<\/a><b> &#8211; Le s\u00e9lectionneur de l&rsquo;Irlande, Andy Farrell, a d\u00e9voil\u00e9 la composition du XV du Tr\u00e8fle pour affronter le XV de France ce dimanche (16h00).<\/b><\/em><\/p>\n<p style=\"text-align: justify;\">Commotionn\u00e9 pour la \u00e9ni\u00e8me fois le week-end dernier face au Pays de Galles, <strong>Jonathan Sexton<\/strong> est absent. <strong>Billy Burns<\/strong> le remplacera \u00e0 l&rsquo;ouverture.<\/p>\n<h2 style=\"text-align: justify;\">La composition de l&rsquo;Irlande pour affronter le XV de France<\/h2>\n<p style=\"text-align: justify;\">15. Keenan \u2013 14. Earls, 13. Ringrose, 12. Henshaw, 11. Lowe \u2013 10. Burns (o), 9. Gibson Park (m) \u2013 7. Van Der Flier, 8. Stander, 6. Ruddock \u2013 5. Henderson (cap), 4. Beirne \u2013 3. Porter, 2. Herring, 1. Healy<\/p>\n<p><strong>Rempla\u00e7ants :\u00a0<\/strong>16. Kelleher, 17. E. Byrne, 18. Furlong, 19. Dillane, 20. Connors, 21. Casey, 22. Burns, 23. Larmour<\/p>\n<blockquote class=\"twitter-tweet\">\n<p dir=\"ltr\" lang=\"en\"><a href=\"https:\/\/twitter.com\/hashtag\/TeamOfUs?src=hash&amp;ref_src=twsrc%5Etfw\">#TeamOfUs<\/a><\/p>\n<p>Head Coach Andy Farrell has selected his Match Day 23 for Sunday&rsquo;s <a href=\"https:\/\/twitter.com\/hashtag\/GuinnessSixNations?src=hash&amp;ref_src=twsrc%5Etfw\">#GuinnessSixNations<\/a> showdown against France at <a href=\"https:\/\/twitter.com\/AVIVAStadium?ref_src=twsrc%5Etfw\">@AVIVAStadium<\/a>, with <a href=\"https:\/\/twitter.com\/HendersonIain?ref_src=twsrc%5Etfw\">@HendersonIain<\/a> named to captain Ireland <a href=\"https:\/\/twitter.com\/hashtag\/ShoulderToShoulder?src=hash&amp;ref_src=twsrc%5Etfw\">#ShoulderToShoulder<\/a> <a href=\"https:\/\/twitter.com\/hashtag\/IrishRugby?src=hash&amp;ref_src=twsrc%5Etfw\">#IrishRugby<\/a> <a href=\"https:\/\/twitter.com\/hashtag\/IREvFRA?src=hash&amp;ref_src=twsrc%5Etfw\">#IREvFRA<\/a> <a href=\"https:\/\/t.co\/zcM4Hglo05\">pic.twitter.com\/zcM4Hglo05<\/a><\/p>\n<p>\u2014 Irish Rugby (@IrishRugby) <a href=\"https:\/\/twitter.com\/IrishRugby\/status\/1360189309354147847?ref_src=twsrc%5Etfw\">February 12, 2021<\/a><\/p><\/blockquote>\n<p><script async src=\"https:\/\/platform.twitter.com\/widgets.js\" charset=\"utf-8\"><\/script><\/p>\n<h2 style=\"text-align: justify;\">\u00c0 lire aussi<\/h2>\n<ul>\n<li style=\"text-align: justify;\"><a href=\"https:\/\/dicodusport.fr\/blog\/bleus-composition-xv-de-france-deplacement-irlande\/\" target=\"_blank\" rel=\"noopener\"><strong>La composition du XV de France face \u00e0 l&rsquo;Irlande<\/strong><\/a><\/li>\n<li style=\"text-align: justify;\"><a href=\"https:\/\/dicodusport.fr\/blog\/tournoi-des-6-nations-2021-pronostic-irlande-france\/\" target=\"_blank\" rel=\"noopener\"><strong>Notre pronostic pour Irlande &#8211; France<\/strong><\/a><\/li>\n<li style=\"text-align: justify;\"><a href=\"https:\/\/dicodusport.fr\/blog\/tournoi-des-6-nations-2021-calendrier-et-resultats\/\" target=\"_blank\" rel=\"noopener\"><strong>Tournoi des 6 Nations 2021 : calendrier et r\u00e9sultats<\/strong><\/a><\/li>\n<li style=\"text-align: justify;\"><a href=\"https:\/\/dicodusport.fr\/blog\/tournoi-des-6-nations-2021-le-classement\/\" target=\"_blank\" rel=\"noopener\"><strong>Tournoi des 6 Nations 2021 : le classement<\/strong><\/a><\/li>\n<\/ul>\n<p><strong><em>Dicodusport<br \/>\n<a href=\"https:\/\/www.facebook.com\/dicodusport\/\" target=\"_blank\" rel=\"noopener noreferrer\"><img loading=\"lazy\" decoding=\"async\" class=\"alignnone wp-image-2909\" src=\"http:\/\/dicodusport.fr\/blog\/wp-content\/uploads\/2017\/07\/logo-facebook-150x150.png\" alt=\"\" width=\"40\" height=\"40\" \/><\/a><a href=\"https:\/\/twitter.com\/dicodusport\" target=\"_blank\" rel=\"noopener noreferrer\"><img loading=\"lazy\" decoding=\"async\" class=\"alignnone wp-image-2908\" src=\"http:\/\/dicodusport.fr\/blog\/wp-content\/uploads\/2017\/07\/logo-twitter-150x150.png\" alt=\"\" width=\"39\" height=\"39\" \/><\/a><\/em><\/strong><\/p>\n","protected":false},"excerpt":{"rendered":"<p>TOURNOI DES 6 NATIONS 2021 &#8211; Le s\u00e9lectionneur de l&rsquo;Irlande, Andy Farrell, a d\u00e9voil\u00e9 la composition du XV du Tr\u00e8fle pour affronter le XV de France ce dimanche (16h00).<\/p>\n","protected":false},"author":4,"featured_media":105740,"comment_status":"open","ping_status":"closed","sticky":false,"template":"","format":"standard","meta":{"_acf_changed":false,"_daextam_enable_autolinks":"","footnotes":""},"categories":[47048,19951],"tags":[9734],"class_list":["post-105725","post","type-post","status-publish","format-standard","has-post-thumbnail","hentry","category-tournoi-des-6-nations","category-xv-de-france","tag-tournoi-des-6-nations"],"acf":[],"yoast_head":"<!-- This site is optimized with the Yoast SEO Premium plugin v26.7 (Yoast SEO v26.7) - https:\/\/yoast.com\/wordpress\/plugins\/seo\/ -->\n<title>6 Nations 2021 : la composition de l&#039;Irlande pour d\u00e9fier le XV de France<\/title>\n<meta name=\"description\" content=\"TOURNOI DES 6 NATIONS 2021 - Le s\u00e9lectionneur de l&#039;Irlande, Andy Farrell, a d\u00e9voil\u00e9 la composition du XV du Tr\u00e8fle pour affronter le XV de France.\" \/>\n<meta name=\"robots\" content=\"index, follow, max-snippet:-1, max-image-preview:large, max-video-preview:-1\" \/>\n<link rel=\"canonical\" href=\"https:\/\/dicodusport.fr\/blog\/6-nations-2021-composition-irlande-pour-defier-xv-de-france\/\" \/>\n<meta property=\"og:locale\" content=\"fr_FR\" \/>\n<meta property=\"og:type\" content=\"article\" \/>\n<meta property=\"og:title\" content=\"6 Nations 2021 : la composition de l&#039;Irlande pour d\u00e9fier le XV de France\" \/>\n<meta property=\"og:description\" content=\"TOURNOI DES 6 NATIONS 2021 - Le s\u00e9lectionneur de l&#039;Irlande, Andy Farrell, a d\u00e9voil\u00e9 la composition du XV du Tr\u00e8fle pour affronter le XV de France.\" \/>\n<meta property=\"og:url\" content=\"https:\/\/dicodusport.fr\/blog\/6-nations-2021-composition-irlande-pour-defier-xv-de-france\/\" \/>\n<meta property=\"og:site_name\" content=\"Dicodusport\" \/>\n<meta property=\"article:publisher\" content=\"https:\/\/www.facebook.com\/dicodusport\" \/>\n<meta property=\"article:author\" content=\"https:\/\/www.facebook.com\/florent.ostermann\" \/>\n<meta property=\"article:published_time\" content=\"2021-02-12T12:47:33+00:00\" \/>\n<meta property=\"article:modified_time\" content=\"2021-10-18T14:34:25+00:00\" \/>\n<meta property=\"og:image\" content=\"https:\/\/dicodusport.fr\/blog\/wp-content\/uploads\/2021\/02\/6-Nations-2021-La-composition-de-lIrlande-pour-defier-le-XV-de-France.png\" \/>\n\t<meta property=\"og:image:width\" content=\"800\" \/>\n\t<meta property=\"og:image:height\" content=\"445\" \/>\n\t<meta property=\"og:image:type\" content=\"image\/png\" \/>\n<meta name=\"author\" content=\"Flo Ostermann\" \/>\n<meta name=\"twitter:card\" content=\"summary_large_image\" \/>\n<meta name=\"twitter:title\" content=\"6 Nations 2021 : la composition de l&#039;Irlande pour d\u00e9fier le XV de France\" \/>\n<meta name=\"twitter:creator\" content=\"@https:\/\/twitter.com\/FlOstermann\" \/>\n<meta name=\"twitter:site\" content=\"@dicodusport\" \/>\n<script type=\"application\/ld+json\" class=\"yoast-schema-graph\">{\"@context\":\"https:\/\/schema.org\",\"@graph\":[{\"@type\":\"NewsArticle\",\"@id\":\"https:\/\/dicodusport.fr\/blog\/6-nations-2021-composition-irlande-pour-defier-xv-de-france\/#article\",\"isPartOf\":{\"@id\":\"https:\/\/dicodusport.fr\/blog\/6-nations-2021-composition-irlande-pour-defier-xv-de-france\/\"},\"author\":{\"name\":\"Flo Ostermann\",\"@id\":\"https:\/\/dicodusport.fr\/blog\/#\/schema\/person\/cb02af4c173ce4a653b55e9baf388d4a\"},\"headline\":\"6 Nations 2021 : la composition de l&rsquo;Irlande pour d\u00e9fier le XV de France\",\"datePublished\":\"2021-02-12T12:47:33+00:00\",\"dateModified\":\"2021-10-18T14:34:25+00:00\",\"mainEntityOfPage\":{\"@id\":\"https:\/\/dicodusport.fr\/blog\/6-nations-2021-composition-irlande-pour-defier-xv-de-france\/\"},\"wordCount\":178,\"commentCount\":0,\"publisher\":{\"@id\":\"https:\/\/dicodusport.fr\/blog\/#organization\"},\"image\":{\"@id\":\"https:\/\/dicodusport.fr\/blog\/6-nations-2021-composition-irlande-pour-defier-xv-de-france\/#primaryimage\"},\"thumbnailUrl\":\"https:\/\/dicodusport.fr\/blog\/wp-content\/uploads\/2021\/02\/6-Nations-2021-La-composition-de-lIrlande-pour-defier-le-XV-de-France.png\",\"keywords\":[\"Tournoi des 6 Nations\"],\"articleSection\":[\"Tournoi des 6 Nations\",\"XV de France\"],\"inLanguage\":\"fr-FR\",\"potentialAction\":[{\"@type\":\"CommentAction\",\"name\":\"Comment\",\"target\":[\"https:\/\/dicodusport.fr\/blog\/6-nations-2021-composition-irlande-pour-defier-xv-de-france\/#respond\"]}],\"copyrightYear\":\"2021\",\"copyrightHolder\":{\"@id\":\"https:\/\/dicodusport.fr\/blog\/#organization\"}},{\"@type\":\"WebPage\",\"@id\":\"https:\/\/dicodusport.fr\/blog\/6-nations-2021-composition-irlande-pour-defier-xv-de-france\/\",\"url\":\"https:\/\/dicodusport.fr\/blog\/6-nations-2021-composition-irlande-pour-defier-xv-de-france\/\",\"name\":\"6 Nations 2021 : la composition de l'Irlande pour d\u00e9fier le XV de France\",\"isPartOf\":{\"@id\":\"https:\/\/dicodusport.fr\/blog\/#website\"},\"primaryImageOfPage\":{\"@id\":\"https:\/\/dicodusport.fr\/blog\/6-nations-2021-composition-irlande-pour-defier-xv-de-france\/#primaryimage\"},\"image\":{\"@id\":\"https:\/\/dicodusport.fr\/blog\/6-nations-2021-composition-irlande-pour-defier-xv-de-france\/#primaryimage\"},\"thumbnailUrl\":\"https:\/\/dicodusport.fr\/blog\/wp-content\/uploads\/2021\/02\/6-Nations-2021-La-composition-de-lIrlande-pour-defier-le-XV-de-France.png\",\"datePublished\":\"2021-02-12T12:47:33+00:00\",\"dateModified\":\"2021-10-18T14:34:25+00:00\",\"description\":\"TOURNOI DES 6 NATIONS 2021 - Le s\u00e9lectionneur de l'Irlande, Andy Farrell, a d\u00e9voil\u00e9 la composition du XV du Tr\u00e8fle pour affronter le XV de France.\",\"breadcrumb\":{\"@id\":\"https:\/\/dicodusport.fr\/blog\/6-nations-2021-composition-irlande-pour-defier-xv-de-france\/#breadcrumb\"},\"inLanguage\":\"fr-FR\",\"potentialAction\":[{\"@type\":\"ReadAction\",\"target\":[\"https:\/\/dicodusport.fr\/blog\/6-nations-2021-composition-irlande-pour-defier-xv-de-france\/\"]}]},{\"@type\":\"ImageObject\",\"inLanguage\":\"fr-FR\",\"@id\":\"https:\/\/dicodusport.fr\/blog\/6-nations-2021-composition-irlande-pour-defier-xv-de-france\/#primaryimage\",\"url\":\"https:\/\/dicodusport.fr\/blog\/wp-content\/uploads\/2021\/02\/6-Nations-2021-La-composition-de-lIrlande-pour-defier-le-XV-de-France.png\",\"contentUrl\":\"https:\/\/dicodusport.fr\/blog\/wp-content\/uploads\/2021\/02\/6-Nations-2021-La-composition-de-lIrlande-pour-defier-le-XV-de-France.png\",\"width\":800,\"height\":445,\"caption\":\"6 Nations 2021 : la composition de l'Irlande pour d\u00e9fier le XV de France\"},{\"@type\":\"BreadcrumbList\",\"@id\":\"https:\/\/dicodusport.fr\/blog\/6-nations-2021-composition-irlande-pour-defier-xv-de-france\/#breadcrumb\",\"itemListElement\":[{\"@type\":\"ListItem\",\"position\":1,\"name\":\"Accueil\",\"item\":\"https:\/\/dicodusport.fr\/blog\/\"},{\"@type\":\"ListItem\",\"position\":2,\"name\":\"6 Nations 2021 : la composition de l&rsquo;Irlande pour d\u00e9fier le XV de France\"}]},{\"@type\":\"WebSite\",\"@id\":\"https:\/\/dicodusport.fr\/blog\/#website\",\"url\":\"https:\/\/dicodusport.fr\/blog\/\",\"name\":\"Dicodusport\",\"description\":\"L&#039;encyclop\u00e9die de l&#039;actualit\u00e9 sportive\",\"publisher\":{\"@id\":\"https:\/\/dicodusport.fr\/blog\/#organization\"},\"potentialAction\":[{\"@type\":\"SearchAction\",\"target\":{\"@type\":\"EntryPoint\",\"urlTemplate\":\"https:\/\/dicodusport.fr\/blog\/?s={search_term_string}\"},\"query-input\":{\"@type\":\"PropertyValueSpecification\",\"valueRequired\":true,\"valueName\":\"search_term_string\"}}],\"inLanguage\":\"fr-FR\"},{\"@type\":\"NewsMediaOrganization\",\"@id\":\"https:\/\/dicodusport.fr\/blog\/#organization\",\"name\":\"Dicodusport\",\"url\":\"https:\/\/dicodusport.fr\/blog\/\",\"logo\":{\"@type\":\"ImageObject\",\"inLanguage\":\"fr-FR\",\"@id\":\"https:\/\/dicodusport.fr\/blog\/#\/schema\/logo\/image\/\",\"url\":\"https:\/\/dicodusport.fr\/blog\/wp-content\/uploads\/2020\/06\/cropped-LOGO-DICODUSPORT-2020-SANS-FOND-SANS-TEXTE.png\",\"contentUrl\":\"https:\/\/dicodusport.fr\/blog\/wp-content\/uploads\/2020\/06\/cropped-LOGO-DICODUSPORT-2020-SANS-FOND-SANS-TEXTE.png\",\"width\":512,\"height\":512,\"caption\":\"Dicodusport\"},\"image\":{\"@id\":\"https:\/\/dicodusport.fr\/blog\/#\/schema\/logo\/image\/\"},\"sameAs\":[\"https:\/\/www.facebook.com\/dicodusport\",\"https:\/\/x.com\/dicodusport\",\"https:\/\/www.instagram.com\/dicodusport\/\",\"https:\/\/www.youtube.com\/channel\/UC7V2KZ5sd3htJivAbA4ZG3w\"],\"description\":\"Dicodusport est l'encyclop\u00e9die de l'actualit\u00e9 sportive.\",\"email\":\"bonjour@dicodusport.fr\",\"legalName\":\"DICODUSPORT\",\"foundingDate\":\"2018-01-14\",\"vatID\":\"FR71834470973\",\"taxID\":\"83447097300043\",\"numberOfEmployees\":{\"@type\":\"QuantitativeValue\",\"minValue\":\"1\",\"maxValue\":\"10\"}},{\"@type\":\"Person\",\"@id\":\"https:\/\/dicodusport.fr\/blog\/#\/schema\/person\/cb02af4c173ce4a653b55e9baf388d4a\",\"name\":\"Flo Ostermann\",\"image\":{\"@type\":\"ImageObject\",\"inLanguage\":\"fr-FR\",\"@id\":\"https:\/\/dicodusport.fr\/blog\/#\/schema\/person\/image\/\",\"url\":\"https:\/\/dicodusport.fr\/blog\/wp-content\/uploads\/2021\/05\/Flo-Ostermann-150x150.jpg\",\"contentUrl\":\"https:\/\/dicodusport.fr\/blog\/wp-content\/uploads\/2021\/05\/Flo-Ostermann-150x150.jpg\",\"caption\":\"Flo Ostermann\"},\"description\":\"Journaliste\/R\u00e9dacteur depuis septembre 2015 - Mes premiers souvenirs dans le sport ? Les envol\u00e9es du Stade Toulousain et les duels Villeneuve-Schumacher et H\u00e4kkinen-Schumacher \u00e0 la fin des ann\u00e9es 90, la Coupe du monde de football en 1998, l\u2019exploit du XV de France face aux All Blacks en 1999, mais aussi Richard C\u0153ur de Lion qui vole sur les montagnes du Tour de France. Bien parti pour devenir professeur d\u2019EPS, les \u00e9v\u00e9nements de la vie (et la flemme d\u2019animer des s\u00e9ances de 3x500 m\u00e8tres toute ma vie) m\u2019ont conduit \u00e0 revoir mes plans. Me voil\u00e0 depuis fin 2017 sur Dicodusport, m\u00e9dia gr\u00e2ce (et pour) lequel je partage ma passion : le sport dans tous ses \u00e9tats. Le tout accompagn\u00e9 par les fous furieux et folles furieuses cit\u00e9s sur cette page !\",\"sameAs\":[\"https:\/\/www.facebook.com\/florent.ostermann\",\"https:\/\/x.com\/https:\/\/twitter.com\/FlOstermann\",\"admin\"],\"url\":\"https:\/\/dicodusport.fr\/blog\/author\/flo\/\"}]}<\/script>\n<!-- \/ Yoast SEO Premium plugin. -->","yoast_head_json":{"title":"6 Nations 2021 : la composition de l'Irlande pour d\u00e9fier le XV de France","description":"TOURNOI DES 6 NATIONS 2021 - Le s\u00e9lectionneur de l'Irlande, Andy Farrell, a d\u00e9voil\u00e9 la composition du XV du Tr\u00e8fle pour affronter le XV de France.","robots":{"index":"index","follow":"follow","max-snippet":"max-snippet:-1","max-image-preview":"max-image-preview:large","max-video-preview":"max-video-preview:-1"},"canonical":"https:\/\/dicodusport.fr\/blog\/6-nations-2021-composition-irlande-pour-defier-xv-de-france\/","og_locale":"fr_FR","og_type":"article","og_title":"6 Nations 2021 : la composition de l'Irlande pour d\u00e9fier le XV de France","og_description":"TOURNOI DES 6 NATIONS 2021 - Le s\u00e9lectionneur de l'Irlande, Andy Farrell, a d\u00e9voil\u00e9 la composition du XV du Tr\u00e8fle pour affronter le XV de France.","og_url":"https:\/\/dicodusport.fr\/blog\/6-nations-2021-composition-irlande-pour-defier-xv-de-france\/","og_site_name":"Dicodusport","article_publisher":"https:\/\/www.facebook.com\/dicodusport","article_author":"https:\/\/www.facebook.com\/florent.ostermann","article_published_time":"2021-02-12T12:47:33+00:00","article_modified_time":"2021-10-18T14:34:25+00:00","og_image":[{"width":800,"height":445,"url":"https:\/\/dicodusport.fr\/blog\/wp-content\/uploads\/2021\/02\/6-Nations-2021-La-composition-de-lIrlande-pour-defier-le-XV-de-France.png","type":"image\/png"}],"author":"Flo Ostermann","twitter_card":"summary_large_image","twitter_title":"6 Nations 2021 : la composition de l'Irlande pour d\u00e9fier le XV de France","twitter_creator":"@https:\/\/twitter.com\/FlOstermann","twitter_site":"@dicodusport","schema":{"@context":"https:\/\/schema.org","@graph":[{"@type":"NewsArticle","@id":"https:\/\/dicodusport.fr\/blog\/6-nations-2021-composition-irlande-pour-defier-xv-de-france\/#article","isPartOf":{"@id":"https:\/\/dicodusport.fr\/blog\/6-nations-2021-composition-irlande-pour-defier-xv-de-france\/"},"author":{"name":"Flo Ostermann","@id":"https:\/\/dicodusport.fr\/blog\/#\/schema\/person\/cb02af4c173ce4a653b55e9baf388d4a"},"headline":"6 Nations 2021 : la composition de l&rsquo;Irlande pour d\u00e9fier le XV de France","datePublished":"2021-02-12T12:47:33+00:00","dateModified":"2021-10-18T14:34:25+00:00","mainEntityOfPage":{"@id":"https:\/\/dicodusport.fr\/blog\/6-nations-2021-composition-irlande-pour-defier-xv-de-france\/"},"wordCount":178,"commentCount":0,"publisher":{"@id":"https:\/\/dicodusport.fr\/blog\/#organization"},"image":{"@id":"https:\/\/dicodusport.fr\/blog\/6-nations-2021-composition-irlande-pour-defier-xv-de-france\/#primaryimage"},"thumbnailUrl":"https:\/\/dicodusport.fr\/blog\/wp-content\/uploads\/2021\/02\/6-Nations-2021-La-composition-de-lIrlande-pour-defier-le-XV-de-France.png","keywords":["Tournoi des 6 Nations"],"articleSection":["Tournoi des 6 Nations","XV de France"],"inLanguage":"fr-FR","potentialAction":[{"@type":"CommentAction","name":"Comment","target":["https:\/\/dicodusport.fr\/blog\/6-nations-2021-composition-irlande-pour-defier-xv-de-france\/#respond"]}],"copyrightYear":"2021","copyrightHolder":{"@id":"https:\/\/dicodusport.fr\/blog\/#organization"}},{"@type":"WebPage","@id":"https:\/\/dicodusport.fr\/blog\/6-nations-2021-composition-irlande-pour-defier-xv-de-france\/","url":"https:\/\/dicodusport.fr\/blog\/6-nations-2021-composition-irlande-pour-defier-xv-de-france\/","name":"6 Nations 2021 : la composition de l'Irlande pour d\u00e9fier le XV de France","isPartOf":{"@id":"https:\/\/dicodusport.fr\/blog\/#website"},"primaryImageOfPage":{"@id":"https:\/\/dicodusport.fr\/blog\/6-nations-2021-composition-irlande-pour-defier-xv-de-france\/#primaryimage"},"image":{"@id":"https:\/\/dicodusport.fr\/blog\/6-nations-2021-composition-irlande-pour-defier-xv-de-france\/#primaryimage"},"thumbnailUrl":"https:\/\/dicodusport.fr\/blog\/wp-content\/uploads\/2021\/02\/6-Nations-2021-La-composition-de-lIrlande-pour-defier-le-XV-de-France.png","datePublished":"2021-02-12T12:47:33+00:00","dateModified":"2021-10-18T14:34:25+00:00","description":"TOURNOI DES 6 NATIONS 2021 - Le s\u00e9lectionneur de l'Irlande, Andy Farrell, a d\u00e9voil\u00e9 la composition du XV du Tr\u00e8fle pour affronter le XV de France.","breadcrumb":{"@id":"https:\/\/dicodusport.fr\/blog\/6-nations-2021-composition-irlande-pour-defier-xv-de-france\/#breadcrumb"},"inLanguage":"fr-FR","potentialAction":[{"@type":"ReadAction","target":["https:\/\/dicodusport.fr\/blog\/6-nations-2021-composition-irlande-pour-defier-xv-de-france\/"]}]},{"@type":"ImageObject","inLanguage":"fr-FR","@id":"https:\/\/dicodusport.fr\/blog\/6-nations-2021-composition-irlande-pour-defier-xv-de-france\/#primaryimage","url":"https:\/\/dicodusport.fr\/blog\/wp-content\/uploads\/2021\/02\/6-Nations-2021-La-composition-de-lIrlande-pour-defier-le-XV-de-France.png","contentUrl":"https:\/\/dicodusport.fr\/blog\/wp-content\/uploads\/2021\/02\/6-Nations-2021-La-composition-de-lIrlande-pour-defier-le-XV-de-France.png","width":800,"height":445,"caption":"6 Nations 2021 : la composition de l'Irlande pour d\u00e9fier le XV de France"},{"@type":"BreadcrumbList","@id":"https:\/\/dicodusport.fr\/blog\/6-nations-2021-composition-irlande-pour-defier-xv-de-france\/#breadcrumb","itemListElement":[{"@type":"ListItem","position":1,"name":"Accueil","item":"https:\/\/dicodusport.fr\/blog\/"},{"@type":"ListItem","position":2,"name":"6 Nations 2021 : la composition de l&rsquo;Irlande pour d\u00e9fier le XV de France"}]},{"@type":"WebSite","@id":"https:\/\/dicodusport.fr\/blog\/#website","url":"https:\/\/dicodusport.fr\/blog\/","name":"Dicodusport","description":"L&#039;encyclop\u00e9die de l&#039;actualit\u00e9 sportive","publisher":{"@id":"https:\/\/dicodusport.fr\/blog\/#organization"},"potentialAction":[{"@type":"SearchAction","target":{"@type":"EntryPoint","urlTemplate":"https:\/\/dicodusport.fr\/blog\/?s={search_term_string}"},"query-input":{"@type":"PropertyValueSpecification","valueRequired":true,"valueName":"search_term_string"}}],"inLanguage":"fr-FR"},{"@type":"NewsMediaOrganization","@id":"https:\/\/dicodusport.fr\/blog\/#organization","name":"Dicodusport","url":"https:\/\/dicodusport.fr\/blog\/","logo":{"@type":"ImageObject","inLanguage":"fr-FR","@id":"https:\/\/dicodusport.fr\/blog\/#\/schema\/logo\/image\/","url":"https:\/\/dicodusport.fr\/blog\/wp-content\/uploads\/2020\/06\/cropped-LOGO-DICODUSPORT-2020-SANS-FOND-SANS-TEXTE.png","contentUrl":"https:\/\/dicodusport.fr\/blog\/wp-content\/uploads\/2020\/06\/cropped-LOGO-DICODUSPORT-2020-SANS-FOND-SANS-TEXTE.png","width":512,"height":512,"caption":"Dicodusport"},"image":{"@id":"https:\/\/dicodusport.fr\/blog\/#\/schema\/logo\/image\/"},"sameAs":["https:\/\/www.facebook.com\/dicodusport","https:\/\/x.com\/dicodusport","https:\/\/www.instagram.com\/dicodusport\/","https:\/\/www.youtube.com\/channel\/UC7V2KZ5sd3htJivAbA4ZG3w"],"description":"Dicodusport est l'encyclop\u00e9die de l'actualit\u00e9 sportive.","email":"bonjour@dicodusport.fr","legalName":"DICODUSPORT","foundingDate":"2018-01-14","vatID":"FR71834470973","taxID":"83447097300043","numberOfEmployees":{"@type":"QuantitativeValue","minValue":"1","maxValue":"10"}},{"@type":"Person","@id":"https:\/\/dicodusport.fr\/blog\/#\/schema\/person\/cb02af4c173ce4a653b55e9baf388d4a","name":"Flo Ostermann","image":{"@type":"ImageObject","inLanguage":"fr-FR","@id":"https:\/\/dicodusport.fr\/blog\/#\/schema\/person\/image\/","url":"https:\/\/dicodusport.fr\/blog\/wp-content\/uploads\/2021\/05\/Flo-Ostermann-150x150.jpg","contentUrl":"https:\/\/dicodusport.fr\/blog\/wp-content\/uploads\/2021\/05\/Flo-Ostermann-150x150.jpg","caption":"Flo Ostermann"},"description":"Journaliste\/R\u00e9dacteur depuis septembre 2015 - Mes premiers souvenirs dans le sport ? Les envol\u00e9es du Stade Toulousain et les duels Villeneuve-Schumacher et H\u00e4kkinen-Schumacher \u00e0 la fin des ann\u00e9es 90, la Coupe du monde de football en 1998, l\u2019exploit du XV de France face aux All Blacks en 1999, mais aussi Richard C\u0153ur de Lion qui vole sur les montagnes du Tour de France. Bien parti pour devenir professeur d\u2019EPS, les \u00e9v\u00e9nements de la vie (et la flemme d\u2019animer des s\u00e9ances de 3x500 m\u00e8tres toute ma vie) m\u2019ont conduit \u00e0 revoir mes plans. Me voil\u00e0 depuis fin 2017 sur Dicodusport, m\u00e9dia gr\u00e2ce (et pour) lequel je partage ma passion : le sport dans tous ses \u00e9tats. Le tout accompagn\u00e9 par les fous furieux et folles furieuses cit\u00e9s sur cette page !","sameAs":["https:\/\/www.facebook.com\/florent.ostermann","https:\/\/x.com\/https:\/\/twitter.com\/FlOstermann","admin"],"url":"https:\/\/dicodusport.fr\/blog\/author\/flo\/"}]}},"_links":{"self":[{"href":"https:\/\/dicodusport.fr\/blog\/wp-json\/wp\/v2\/posts\/105725","targetHints":{"allow":["GET"]}}],"collection":[{"href":"https:\/\/dicodusport.fr\/blog\/wp-json\/wp\/v2\/posts"}],"about":[{"href":"https:\/\/dicodusport.fr\/blog\/wp-json\/wp\/v2\/types\/post"}],"author":[{"embeddable":true,"href":"https:\/\/dicodusport.fr\/blog\/wp-json\/wp\/v2\/users\/4"}],"replies":[{"embeddable":true,"href":"https:\/\/dicodusport.fr\/blog\/wp-json\/wp\/v2\/comments?post=105725"}],"version-history":[{"count":0,"href":"https:\/\/dicodusport.fr\/blog\/wp-json\/wp\/v2\/posts\/105725\/revisions"}],"wp:featuredmedia":[{"embeddable":true,"href":"https:\/\/dicodusport.fr\/blog\/wp-json\/wp\/v2\/media\/105740"}],"wp:attachment":[{"href":"https:\/\/dicodusport.fr\/blog\/wp-json\/wp\/v2\/media?parent=105725"}],"wp:term":[{"taxonomy":"category","embeddable":true,"href":"https:\/\/dicodusport.fr\/blog\/wp-json\/wp\/v2\/categories?post=105725"},{"taxonomy":"post_tag","embeddable":true,"href":"https:\/\/dicodusport.fr\/blog\/wp-json\/wp\/v2\/tags?post=105725"}],"curies":[{"name":"wp","href":"https:\/\/api.w.org\/{rel}","templated":true}]}}