{"id":105749,"date":"2021-02-12T16:00:08","date_gmt":"2021-02-12T15:00:08","guid":{"rendered":"https:\/\/dicodusport.fr\/blog\/?p=105749"},"modified":"2021-02-12T17:13:22","modified_gmt":"2021-02-12T16:13:22","slug":"open-daustralie-djokovic-bleus-huis-clos-ce-quil-faut-retenir-de-la-journee-de-vendredi","status":"publish","type":"post","link":"https:\/\/dicodusport.fr\/blog\/open-daustralie-djokovic-bleus-huis-clos-ce-quil-faut-retenir-de-la-journee-de-vendredi\/","title":{"rendered":"Open d&rsquo;Australie : Djokovic, Bleus, huis clos, ce qu&rsquo;il faut retenir de la journ\u00e9e de vendredi"},"content":{"rendered":"<p style=\"text-align: justify;\"><em><strong><a href=\"https:\/\/dicodusport.fr\/blog\/actualites\/tennis\/open-australie-2021\/\" target=\"_blank\" rel=\"noopener\">OPEN D&rsquo;AUSTRALIE 2021<\/a> \u2013 Le d\u00e9but du 3\u00e8me tour \u00e9tait au programme ce vendredi. Mais outre les rencontres, on retiendra que Melbourne se reconfine pendant 5 jours. Un huis clos sera de rigueur au moins jusqu&rsquo;\u00e0 mercredi.<\/strong><\/em><\/p>\n<p style=\"text-align: justify;\">Le plaisir de revoir une enceinte avec des spectateurs. De l&rsquo;ambiance, <a href=\"https:\/\/dicodusport.fr\/blog\/open-d-australie-mladenovic-nadal-doigt-d-honneur-ce-qu-il-faut-retenir-de-jeudi\/\">des faits insolites,<\/a> une ferveur retrouv\u00e9e&#8230; On commen\u00e7ait \u00e0 se demander quand ce jour allait arriver. C&rsquo;\u00e9tait le cas lors de ce d\u00e9but d&rsquo;<strong>Open d&rsquo;Australie<\/strong> et cela faisait du bien. Le pass\u00e9 est de rigueur car suite aux d\u00e9cisions du gouvernement de placer Melbourne sous confinement pendant 5 jours, le tournoi est forc\u00e9ment impact\u00e9.<\/p>\n<h2 style=\"text-align: justify;\">Djokovic et Thiem dans la douleur, Mannarino \u00e9limin\u00e9<\/h2>\n<p style=\"text-align: justify;\">Et on ne plaisante pas avec les r\u00e8gles impos\u00e9es. Mis en place \u00e0 minuit heure locale, les spectateurs ont \u00e9t\u00e9 pri\u00e9s de quitter l&rsquo;enceinte avant le terme du match entre <strong>Djokovic et Fritz<\/strong>. Le Serbe lui sera encore pr\u00e9sent en 8e de finale, mais son \u00e9tat physique \u00e0 l&rsquo;instar de Nadal peut poser question. Touch\u00e9 aux abdominaux, le Serbe semblait se diriger vers la sortie. Il trouva malgr\u00e9 tout des ressources pour s&rsquo;imposer en 5 sets (7-6, 6-4, 3-6, 4-6, 6-2). Mais quel sera son \u00e9tat physique lors du prochain tour face \u00e0 <strong>Milos Raonic<\/strong> ?<\/p>\n<p style=\"text-align: justify;\">Autre favori en lice, la t\u00eate de s\u00e9rie num\u00e9ro 3 <strong>Dominic Thiem<\/strong>. L&rsquo;Autrichien \u00e9tait oppos\u00e9 au fantasque local <strong>Nick Krygios<\/strong>. L&rsquo;Australien <a href=\"https:\/\/dicodusport.fr\/blog\/open-daustralie-2021-ugo-humbert-sincline-face-a-nick-kyrgios-dans-un-match-fou\/\" target=\"_blank\" rel=\"noopener\">tombeur d<strong>&lsquo;Ugo Humbert<\/strong><\/a> au tour pr\u00e9c\u00e9dent aura donn\u00e9 du fil \u00e0 retordre au n\u00b03 mondial. Apr\u00e8s avoir remport\u00e9 les deux premi\u00e8res manches, on pensait alors la surprise possible. Mais c&rsquo;est \u00e0 ce moment du match que l&rsquo;Autrichien aura r\u00e9ussi \u00e0 imposer son jeu et inverser la tendance. Score final (4-6, 4-6, 6-3, 6-3, 6-4). Il sera oppos\u00e9 \u00e0 <strong>Dimitrov<\/strong> au prochain tour.<\/p>\n<p style=\"text-align: justify;\">Du c\u00f4t\u00e9 des Bleus on ne compte plus de Fran\u00e7ais dans le tableau masculin&#8230; Face \u00e0 <strong>Alexander Zverev, Adrian Mannarino<\/strong> a \u00e9t\u00e9 surpass\u00e9. D\u00e9fait en 3 sets secs (6-3, 6-3, 6-1) la t\u00eate de s\u00e9rie num\u00e9ro 32 n&rsquo;aura jamais inqui\u00e9t\u00e9 son adversaire qui fait figure d\u2019\u00e9pouvantail dans ce tournoi. Parmi les t\u00eates de s\u00e9rie on notera les \u00e9liminations de l&rsquo;<strong>Argentin Schwartzmann (8) et de Shapovalov (11).<\/strong><\/p>\n<h2 style=\"text-align: justify;\">Les favorites sans trembler, Ferro s&rsquo;arr\u00eate l\u00e0<\/h2>\n<p style=\"text-align: justify;\">D&rsquo;\u00e9limination il en est question \u00e9galement pour <strong>Fiona Ferro<\/strong>. Num\u00e9ro 2 Fran\u00e7aise au classement WTA, elle \u00e9tait oppos\u00e9e \u00e0 <a href=\"https:\/\/dicodusport.fr\/blog\/?s=swiatek\" target=\"_blank\" rel=\"noopener\"><strong>Iga Swiatek<\/strong><\/a> la laur\u00e9ate de<strong> Roland-Garros<\/strong>. Face \u00e0 la Polonaise, sans avoir d\u00e9m\u00e9rit\u00e9, la joueuse qui f\u00eatera ses 24 ans le mois prochain a d\u00fb s&rsquo;incliner contre plus forte qu&rsquo;elle. Le score : 6-3, 6-4. 2 sets, c&rsquo;est \u00e9galement ce qu&rsquo;il aura suffi aux principales t\u00eates de s\u00e9rie engag\u00e9es ce jour. <strong>Simona Halep (2), Naomi Osaka (3) ou encore Aryna Sabalenka (7)<\/strong> auront toutes \u00e9t\u00e9 exp\u00e9ditives. Swiatek et Halep s&rsquo;affronteront d&rsquo;ailleurs dans l&rsquo;une des affiches de ces 8e de finale.<\/p>\n<p style=\"text-align: justify;\">C\u00f4t\u00e9 tricolore, les derniers espoirs se porteront donc sur <strong>Kristina Mladenovic<\/strong>. Oppos\u00e9e \u00e0 l&rsquo;Am\u00e9ricaine <strong>Jessica Pegula<\/strong>, elle aura une carte \u00e0 jouer. Et on esp\u00e8re de tout c\u0153ur qu&rsquo;elle a encore quelques atouts \u00e0 faire valoir dans son jeu afin de retrouver une Fran\u00e7aise en 2e semaine. Et donc que tous ne se soient pas retrouv\u00e9s sur le carreau&#8230;<\/p>\n<p><strong><em>Julien Correia<br \/>\n<a href=\"https:\/\/www.facebook.com\/julien.correia.52\" target=\"_blank\" rel=\"noopener noreferrer\"><img loading=\"lazy\" decoding=\"async\" class=\"alignnone wp-image-2909 jetpack-lazy-image jetpack-lazy-image--handled\" src=\"https:\/\/i2.wp.com\/dicodusport.fr\/blog\/wp-content\/uploads\/2017\/07\/logo-facebook-150x150.png?resize=40%2C40\" alt=\"\" width=\"40\" height=\"40\" data-recalc-dims=\"1\" data-lazy-loaded=\"1\" \/><\/a><a href=\"https:\/\/twitter.com\/julienco_psg70\" target=\"_blank\" rel=\"noopener noreferrer\"><img loading=\"lazy\" decoding=\"async\" class=\"alignnone wp-image-2908 jetpack-lazy-image jetpack-lazy-image--handled\" src=\"https:\/\/i1.wp.com\/dicodusport.fr\/blog\/wp-content\/uploads\/2017\/07\/logo-twitter-150x150.png?resize=39%2C39\" alt=\"\" width=\"39\" height=\"39\" data-recalc-dims=\"1\" data-lazy-loaded=\"1\" \/><\/a><\/em><\/strong><\/p>\n","protected":false},"excerpt":{"rendered":"<p>OPEN D&rsquo;AUSTRALIE 2021 \u2013 Le d\u00e9but du 3\u00e8me tour \u00e9tait au programme ce vendredi. Mais outre les rencontres, on retiendra que Melbourne se reconfine pendant 5 jours. Un huis clos sera de rigueur au moins jusqu&rsquo;\u00e0 mercredi.<\/p>\n","protected":false},"author":37,"featured_media":105806,"comment_status":"open","ping_status":"closed","sticky":false,"template":"","format":"standard","meta":{"_acf_changed":false,"_daextam_enable_autolinks":"","footnotes":""},"categories":[47089],"tags":[4303,4371,3483,7937,8022,4160,3224,3539,136],"class_list":["post-105749","post","type-post","status-publish","format-standard","has-post-thumbnail","hentry","category-open-d-australie","tag-adrian-mannarino","tag-alexander-zverev","tag-dominic-thiem","tag-fiona-ferro","tag-iga-swiatek","tag-naomi-osaka","tag-novak-djokovic","tag-simona-halep","tag-tennis"],"acf":[],"yoast_head":"<!-- This site is optimized with the Yoast SEO Premium plugin v26.7 (Yoast SEO v26.7) - https:\/\/yoast.com\/wordpress\/plugins\/seo\/ -->\n<title>Open d&#039;Australie : Djokovic, Bleus, huis clos, ce qu&#039;il faut retenir de la journ\u00e9e de vendredi<\/title>\n<meta name=\"description\" content=\"Le d\u00e9but du 3\u00e8me tour \u00e9tait au programme ce vendredi. Mais outre les rencontres, on retiendra que Melbourne se reconfine pendant 5 jours.\" \/>\n<meta name=\"robots\" content=\"index, follow, max-snippet:-1, max-image-preview:large, max-video-preview:-1\" \/>\n<link rel=\"canonical\" href=\"https:\/\/dicodusport.fr\/blog\/open-daustralie-djokovic-bleus-huis-clos-ce-quil-faut-retenir-de-la-journee-de-vendredi\/\" \/>\n<meta property=\"og:locale\" content=\"fr_FR\" \/>\n<meta property=\"og:type\" content=\"article\" \/>\n<meta property=\"og:title\" content=\"Open d&#039;Australie : Djokovic, Bleus, huis clos, ce qu&#039;il faut retenir de la journ\u00e9e de vendredi\" \/>\n<meta property=\"og:description\" content=\"Le d\u00e9but du 3\u00e8me tour \u00e9tait au programme ce vendredi. Mais outre les rencontres, on retiendra que Melbourne se reconfine pendant 5 jours.\" \/>\n<meta property=\"og:url\" content=\"https:\/\/dicodusport.fr\/blog\/open-daustralie-djokovic-bleus-huis-clos-ce-quil-faut-retenir-de-la-journee-de-vendredi\/\" \/>\n<meta property=\"og:site_name\" content=\"Dicodusport\" \/>\n<meta property=\"article:publisher\" content=\"https:\/\/www.facebook.com\/dicodusport\" \/>\n<meta property=\"article:author\" content=\"https:\/\/www.facebook.com\/julien.correia.52\" \/>\n<meta property=\"article:published_time\" content=\"2021-02-12T15:00:08+00:00\" \/>\n<meta property=\"article:modified_time\" content=\"2021-02-12T16:13:22+00:00\" \/>\n<meta property=\"og:image\" content=\"https:\/\/dicodusport.fr\/blog\/wp-content\/uploads\/2021\/02\/Open-dAustralie-Djokovic-Bleus-huis-clos-ce-quil-faut-retenir-de-la-journee-de-vendredi.jpg\" \/>\n\t<meta property=\"og:image:width\" content=\"800\" \/>\n\t<meta property=\"og:image:height\" content=\"444\" \/>\n\t<meta property=\"og:image:type\" content=\"image\/jpeg\" \/>\n<meta name=\"author\" content=\"Julien Correia\" \/>\n<meta name=\"twitter:card\" content=\"summary_large_image\" \/>\n<meta name=\"twitter:title\" content=\"Open d&#039;Australie : Djokovic, Bleus, huis clos, ce qu&#039;il faut retenir de la journ\u00e9e de vendredi\" \/>\n<meta name=\"twitter:creator\" content=\"@https:\/\/twitter.com\/julienco_psg70\" \/>\n<meta name=\"twitter:site\" content=\"@dicodusport\" \/>\n<script type=\"application\/ld+json\" class=\"yoast-schema-graph\">{\"@context\":\"https:\/\/schema.org\",\"@graph\":[{\"@type\":\"NewsArticle\",\"@id\":\"https:\/\/dicodusport.fr\/blog\/open-daustralie-djokovic-bleus-huis-clos-ce-quil-faut-retenir-de-la-journee-de-vendredi\/#article\",\"isPartOf\":{\"@id\":\"https:\/\/dicodusport.fr\/blog\/open-daustralie-djokovic-bleus-huis-clos-ce-quil-faut-retenir-de-la-journee-de-vendredi\/\"},\"author\":{\"name\":\"Julien Correia\",\"@id\":\"https:\/\/dicodusport.fr\/blog\/#\/schema\/person\/0f73d157e4670e108e23009fa82f2239\"},\"headline\":\"Open d&rsquo;Australie : Djokovic, Bleus, huis clos, ce qu&rsquo;il faut retenir de la journ\u00e9e de vendredi\",\"datePublished\":\"2021-02-12T15:00:08+00:00\",\"dateModified\":\"2021-02-12T16:13:22+00:00\",\"mainEntityOfPage\":{\"@id\":\"https:\/\/dicodusport.fr\/blog\/open-daustralie-djokovic-bleus-huis-clos-ce-quil-faut-retenir-de-la-journee-de-vendredi\/\"},\"wordCount\":581,\"commentCount\":0,\"publisher\":{\"@id\":\"https:\/\/dicodusport.fr\/blog\/#organization\"},\"image\":{\"@id\":\"https:\/\/dicodusport.fr\/blog\/open-daustralie-djokovic-bleus-huis-clos-ce-quil-faut-retenir-de-la-journee-de-vendredi\/#primaryimage\"},\"thumbnailUrl\":\"https:\/\/dicodusport.fr\/blog\/wp-content\/uploads\/2021\/02\/Open-dAustralie-Djokovic-Bleus-huis-clos-ce-quil-faut-retenir-de-la-journee-de-vendredi.jpg\",\"keywords\":[\"Adrian Mannarino\",\"Alexander Zverev\",\"Dominic Thiem\",\"Fiona Ferro\",\"Iga Swiatek\",\"Naomi Osaka\",\"Novak Djokovic\",\"Simona Halep\",\"Tennis\"],\"articleSection\":[\"Open d'Australie\"],\"inLanguage\":\"fr-FR\",\"potentialAction\":[{\"@type\":\"CommentAction\",\"name\":\"Comment\",\"target\":[\"https:\/\/dicodusport.fr\/blog\/open-daustralie-djokovic-bleus-huis-clos-ce-quil-faut-retenir-de-la-journee-de-vendredi\/#respond\"]}],\"copyrightYear\":\"2021\",\"copyrightHolder\":{\"@id\":\"https:\/\/dicodusport.fr\/blog\/#organization\"}},{\"@type\":\"WebPage\",\"@id\":\"https:\/\/dicodusport.fr\/blog\/open-daustralie-djokovic-bleus-huis-clos-ce-quil-faut-retenir-de-la-journee-de-vendredi\/\",\"url\":\"https:\/\/dicodusport.fr\/blog\/open-daustralie-djokovic-bleus-huis-clos-ce-quil-faut-retenir-de-la-journee-de-vendredi\/\",\"name\":\"Open d'Australie : Djokovic, Bleus, huis clos, ce qu'il faut retenir de la journ\u00e9e de vendredi\",\"isPartOf\":{\"@id\":\"https:\/\/dicodusport.fr\/blog\/#website\"},\"primaryImageOfPage\":{\"@id\":\"https:\/\/dicodusport.fr\/blog\/open-daustralie-djokovic-bleus-huis-clos-ce-quil-faut-retenir-de-la-journee-de-vendredi\/#primaryimage\"},\"image\":{\"@id\":\"https:\/\/dicodusport.fr\/blog\/open-daustralie-djokovic-bleus-huis-clos-ce-quil-faut-retenir-de-la-journee-de-vendredi\/#primaryimage\"},\"thumbnailUrl\":\"https:\/\/dicodusport.fr\/blog\/wp-content\/uploads\/2021\/02\/Open-dAustralie-Djokovic-Bleus-huis-clos-ce-quil-faut-retenir-de-la-journee-de-vendredi.jpg\",\"datePublished\":\"2021-02-12T15:00:08+00:00\",\"dateModified\":\"2021-02-12T16:13:22+00:00\",\"description\":\"Le d\u00e9but du 3\u00e8me tour \u00e9tait au programme ce vendredi. Mais outre les rencontres, on retiendra que Melbourne se reconfine pendant 5 jours.\",\"breadcrumb\":{\"@id\":\"https:\/\/dicodusport.fr\/blog\/open-daustralie-djokovic-bleus-huis-clos-ce-quil-faut-retenir-de-la-journee-de-vendredi\/#breadcrumb\"},\"inLanguage\":\"fr-FR\",\"potentialAction\":[{\"@type\":\"ReadAction\",\"target\":[\"https:\/\/dicodusport.fr\/blog\/open-daustralie-djokovic-bleus-huis-clos-ce-quil-faut-retenir-de-la-journee-de-vendredi\/\"]}]},{\"@type\":\"ImageObject\",\"inLanguage\":\"fr-FR\",\"@id\":\"https:\/\/dicodusport.fr\/blog\/open-daustralie-djokovic-bleus-huis-clos-ce-quil-faut-retenir-de-la-journee-de-vendredi\/#primaryimage\",\"url\":\"https:\/\/dicodusport.fr\/blog\/wp-content\/uploads\/2021\/02\/Open-dAustralie-Djokovic-Bleus-huis-clos-ce-quil-faut-retenir-de-la-journee-de-vendredi.jpg\",\"contentUrl\":\"https:\/\/dicodusport.fr\/blog\/wp-content\/uploads\/2021\/02\/Open-dAustralie-Djokovic-Bleus-huis-clos-ce-quil-faut-retenir-de-la-journee-de-vendredi.jpg\",\"width\":800,\"height\":444},{\"@type\":\"BreadcrumbList\",\"@id\":\"https:\/\/dicodusport.fr\/blog\/open-daustralie-djokovic-bleus-huis-clos-ce-quil-faut-retenir-de-la-journee-de-vendredi\/#breadcrumb\",\"itemListElement\":[{\"@type\":\"ListItem\",\"position\":1,\"name\":\"Accueil\",\"item\":\"https:\/\/dicodusport.fr\/blog\/\"},{\"@type\":\"ListItem\",\"position\":2,\"name\":\"Open d&rsquo;Australie : Djokovic, Bleus, huis clos, ce qu&rsquo;il faut retenir de la journ\u00e9e de vendredi\"}]},{\"@type\":\"WebSite\",\"@id\":\"https:\/\/dicodusport.fr\/blog\/#website\",\"url\":\"https:\/\/dicodusport.fr\/blog\/\",\"name\":\"Dicodusport\",\"description\":\"L&#039;encyclop\u00e9die de l&#039;actualit\u00e9 sportive\",\"publisher\":{\"@id\":\"https:\/\/dicodusport.fr\/blog\/#organization\"},\"potentialAction\":[{\"@type\":\"SearchAction\",\"target\":{\"@type\":\"EntryPoint\",\"urlTemplate\":\"https:\/\/dicodusport.fr\/blog\/?s={search_term_string}\"},\"query-input\":{\"@type\":\"PropertyValueSpecification\",\"valueRequired\":true,\"valueName\":\"search_term_string\"}}],\"inLanguage\":\"fr-FR\"},{\"@type\":\"NewsMediaOrganization\",\"@id\":\"https:\/\/dicodusport.fr\/blog\/#organization\",\"name\":\"Dicodusport\",\"url\":\"https:\/\/dicodusport.fr\/blog\/\",\"logo\":{\"@type\":\"ImageObject\",\"inLanguage\":\"fr-FR\",\"@id\":\"https:\/\/dicodusport.fr\/blog\/#\/schema\/logo\/image\/\",\"url\":\"https:\/\/dicodusport.fr\/blog\/wp-content\/uploads\/2020\/06\/cropped-LOGO-DICODUSPORT-2020-SANS-FOND-SANS-TEXTE.png\",\"contentUrl\":\"https:\/\/dicodusport.fr\/blog\/wp-content\/uploads\/2020\/06\/cropped-LOGO-DICODUSPORT-2020-SANS-FOND-SANS-TEXTE.png\",\"width\":512,\"height\":512,\"caption\":\"Dicodusport\"},\"image\":{\"@id\":\"https:\/\/dicodusport.fr\/blog\/#\/schema\/logo\/image\/\"},\"sameAs\":[\"https:\/\/www.facebook.com\/dicodusport\",\"https:\/\/x.com\/dicodusport\",\"https:\/\/www.instagram.com\/dicodusport\/\",\"https:\/\/www.youtube.com\/channel\/UC7V2KZ5sd3htJivAbA4ZG3w\"],\"description\":\"Dicodusport est l'encyclop\u00e9die de l'actualit\u00e9 sportive.\",\"email\":\"bonjour@dicodusport.fr\",\"legalName\":\"DICODUSPORT\",\"foundingDate\":\"2018-01-14\",\"vatID\":\"FR71834470973\",\"taxID\":\"83447097300043\",\"numberOfEmployees\":{\"@type\":\"QuantitativeValue\",\"minValue\":\"1\",\"maxValue\":\"10\"}},{\"@type\":\"Person\",\"@id\":\"https:\/\/dicodusport.fr\/blog\/#\/schema\/person\/0f73d157e4670e108e23009fa82f2239\",\"name\":\"Julien Correia\",\"image\":{\"@type\":\"ImageObject\",\"inLanguage\":\"fr-FR\",\"@id\":\"https:\/\/dicodusport.fr\/blog\/#\/schema\/person\/image\/\",\"url\":\"https:\/\/dicodusport.fr\/blog\/wp-content\/uploads\/2021\/05\/Julien-Correia-150x150.jpg\",\"contentUrl\":\"https:\/\/dicodusport.fr\/blog\/wp-content\/uploads\/2021\/05\/Julien-Correia-150x150.jpg\",\"caption\":\"Julien Correia\"},\"description\":\"Journaliste\/r\u00e9dacteur depuis janvier 2019 - Tomb\u00e9 dans le monde du ballon rond \u00e9tant petit, j\u2019aurais pu devenir pro sans ces foutus ligaments crois\u00e9s. D\u00e9filant sur les champs (mais pas Elys\u00e9es) en 98, j\u2019ai \u00e9t\u00e9 berc\u00e9 par les exploits de Mister George, piqu\u00e9 par la technique du Snake, grandi avec Captain Rai et Ronnie, m\u00fbri avec Pauleta et Edi. Mais Ibracadabra, je suis d\u00e9sormais reconverti en runner\/traileur. Moins rapide que Bolt et moins endurant que Jornet, c\u2019est donc plume \u00e0 la main que je partage les exploits de ces athl\u00e8tes !\",\"sameAs\":[\"https:\/\/www.facebook.com\/julien.correia.52\",\"https:\/\/x.com\/https:\/\/twitter.com\/julienco_psg70\"],\"url\":\"https:\/\/dicodusport.fr\/blog\/author\/julien-c\/\"}]}<\/script>\n<!-- \/ Yoast SEO Premium plugin. -->","yoast_head_json":{"title":"Open d'Australie : Djokovic, Bleus, huis clos, ce qu'il faut retenir de la journ\u00e9e de vendredi","description":"Le d\u00e9but du 3\u00e8me tour \u00e9tait au programme ce vendredi. Mais outre les rencontres, on retiendra que Melbourne se reconfine pendant 5 jours.","robots":{"index":"index","follow":"follow","max-snippet":"max-snippet:-1","max-image-preview":"max-image-preview:large","max-video-preview":"max-video-preview:-1"},"canonical":"https:\/\/dicodusport.fr\/blog\/open-daustralie-djokovic-bleus-huis-clos-ce-quil-faut-retenir-de-la-journee-de-vendredi\/","og_locale":"fr_FR","og_type":"article","og_title":"Open d'Australie : Djokovic, Bleus, huis clos, ce qu'il faut retenir de la journ\u00e9e de vendredi","og_description":"Le d\u00e9but du 3\u00e8me tour \u00e9tait au programme ce vendredi. Mais outre les rencontres, on retiendra que Melbourne se reconfine pendant 5 jours.","og_url":"https:\/\/dicodusport.fr\/blog\/open-daustralie-djokovic-bleus-huis-clos-ce-quil-faut-retenir-de-la-journee-de-vendredi\/","og_site_name":"Dicodusport","article_publisher":"https:\/\/www.facebook.com\/dicodusport","article_author":"https:\/\/www.facebook.com\/julien.correia.52","article_published_time":"2021-02-12T15:00:08+00:00","article_modified_time":"2021-02-12T16:13:22+00:00","og_image":[{"width":800,"height":444,"url":"https:\/\/dicodusport.fr\/blog\/wp-content\/uploads\/2021\/02\/Open-dAustralie-Djokovic-Bleus-huis-clos-ce-quil-faut-retenir-de-la-journee-de-vendredi.jpg","type":"image\/jpeg"}],"author":"Julien Correia","twitter_card":"summary_large_image","twitter_title":"Open d'Australie : Djokovic, Bleus, huis clos, ce qu'il faut retenir de la journ\u00e9e de vendredi","twitter_creator":"@https:\/\/twitter.com\/julienco_psg70","twitter_site":"@dicodusport","schema":{"@context":"https:\/\/schema.org","@graph":[{"@type":"NewsArticle","@id":"https:\/\/dicodusport.fr\/blog\/open-daustralie-djokovic-bleus-huis-clos-ce-quil-faut-retenir-de-la-journee-de-vendredi\/#article","isPartOf":{"@id":"https:\/\/dicodusport.fr\/blog\/open-daustralie-djokovic-bleus-huis-clos-ce-quil-faut-retenir-de-la-journee-de-vendredi\/"},"author":{"name":"Julien Correia","@id":"https:\/\/dicodusport.fr\/blog\/#\/schema\/person\/0f73d157e4670e108e23009fa82f2239"},"headline":"Open d&rsquo;Australie : Djokovic, Bleus, huis clos, ce qu&rsquo;il faut retenir de la journ\u00e9e de vendredi","datePublished":"2021-02-12T15:00:08+00:00","dateModified":"2021-02-12T16:13:22+00:00","mainEntityOfPage":{"@id":"https:\/\/dicodusport.fr\/blog\/open-daustralie-djokovic-bleus-huis-clos-ce-quil-faut-retenir-de-la-journee-de-vendredi\/"},"wordCount":581,"commentCount":0,"publisher":{"@id":"https:\/\/dicodusport.fr\/blog\/#organization"},"image":{"@id":"https:\/\/dicodusport.fr\/blog\/open-daustralie-djokovic-bleus-huis-clos-ce-quil-faut-retenir-de-la-journee-de-vendredi\/#primaryimage"},"thumbnailUrl":"https:\/\/dicodusport.fr\/blog\/wp-content\/uploads\/2021\/02\/Open-dAustralie-Djokovic-Bleus-huis-clos-ce-quil-faut-retenir-de-la-journee-de-vendredi.jpg","keywords":["Adrian Mannarino","Alexander Zverev","Dominic Thiem","Fiona Ferro","Iga Swiatek","Naomi Osaka","Novak Djokovic","Simona Halep","Tennis"],"articleSection":["Open d'Australie"],"inLanguage":"fr-FR","potentialAction":[{"@type":"CommentAction","name":"Comment","target":["https:\/\/dicodusport.fr\/blog\/open-daustralie-djokovic-bleus-huis-clos-ce-quil-faut-retenir-de-la-journee-de-vendredi\/#respond"]}],"copyrightYear":"2021","copyrightHolder":{"@id":"https:\/\/dicodusport.fr\/blog\/#organization"}},{"@type":"WebPage","@id":"https:\/\/dicodusport.fr\/blog\/open-daustralie-djokovic-bleus-huis-clos-ce-quil-faut-retenir-de-la-journee-de-vendredi\/","url":"https:\/\/dicodusport.fr\/blog\/open-daustralie-djokovic-bleus-huis-clos-ce-quil-faut-retenir-de-la-journee-de-vendredi\/","name":"Open d'Australie : Djokovic, Bleus, huis clos, ce qu'il faut retenir de la journ\u00e9e de vendredi","isPartOf":{"@id":"https:\/\/dicodusport.fr\/blog\/#website"},"primaryImageOfPage":{"@id":"https:\/\/dicodusport.fr\/blog\/open-daustralie-djokovic-bleus-huis-clos-ce-quil-faut-retenir-de-la-journee-de-vendredi\/#primaryimage"},"image":{"@id":"https:\/\/dicodusport.fr\/blog\/open-daustralie-djokovic-bleus-huis-clos-ce-quil-faut-retenir-de-la-journee-de-vendredi\/#primaryimage"},"thumbnailUrl":"https:\/\/dicodusport.fr\/blog\/wp-content\/uploads\/2021\/02\/Open-dAustralie-Djokovic-Bleus-huis-clos-ce-quil-faut-retenir-de-la-journee-de-vendredi.jpg","datePublished":"2021-02-12T15:00:08+00:00","dateModified":"2021-02-12T16:13:22+00:00","description":"Le d\u00e9but du 3\u00e8me tour \u00e9tait au programme ce vendredi. Mais outre les rencontres, on retiendra que Melbourne se reconfine pendant 5 jours.","breadcrumb":{"@id":"https:\/\/dicodusport.fr\/blog\/open-daustralie-djokovic-bleus-huis-clos-ce-quil-faut-retenir-de-la-journee-de-vendredi\/#breadcrumb"},"inLanguage":"fr-FR","potentialAction":[{"@type":"ReadAction","target":["https:\/\/dicodusport.fr\/blog\/open-daustralie-djokovic-bleus-huis-clos-ce-quil-faut-retenir-de-la-journee-de-vendredi\/"]}]},{"@type":"ImageObject","inLanguage":"fr-FR","@id":"https:\/\/dicodusport.fr\/blog\/open-daustralie-djokovic-bleus-huis-clos-ce-quil-faut-retenir-de-la-journee-de-vendredi\/#primaryimage","url":"https:\/\/dicodusport.fr\/blog\/wp-content\/uploads\/2021\/02\/Open-dAustralie-Djokovic-Bleus-huis-clos-ce-quil-faut-retenir-de-la-journee-de-vendredi.jpg","contentUrl":"https:\/\/dicodusport.fr\/blog\/wp-content\/uploads\/2021\/02\/Open-dAustralie-Djokovic-Bleus-huis-clos-ce-quil-faut-retenir-de-la-journee-de-vendredi.jpg","width":800,"height":444},{"@type":"BreadcrumbList","@id":"https:\/\/dicodusport.fr\/blog\/open-daustralie-djokovic-bleus-huis-clos-ce-quil-faut-retenir-de-la-journee-de-vendredi\/#breadcrumb","itemListElement":[{"@type":"ListItem","position":1,"name":"Accueil","item":"https:\/\/dicodusport.fr\/blog\/"},{"@type":"ListItem","position":2,"name":"Open d&rsquo;Australie : Djokovic, Bleus, huis clos, ce qu&rsquo;il faut retenir de la journ\u00e9e de vendredi"}]},{"@type":"WebSite","@id":"https:\/\/dicodusport.fr\/blog\/#website","url":"https:\/\/dicodusport.fr\/blog\/","name":"Dicodusport","description":"L&#039;encyclop\u00e9die de l&#039;actualit\u00e9 sportive","publisher":{"@id":"https:\/\/dicodusport.fr\/blog\/#organization"},"potentialAction":[{"@type":"SearchAction","target":{"@type":"EntryPoint","urlTemplate":"https:\/\/dicodusport.fr\/blog\/?s={search_term_string}"},"query-input":{"@type":"PropertyValueSpecification","valueRequired":true,"valueName":"search_term_string"}}],"inLanguage":"fr-FR"},{"@type":"NewsMediaOrganization","@id":"https:\/\/dicodusport.fr\/blog\/#organization","name":"Dicodusport","url":"https:\/\/dicodusport.fr\/blog\/","logo":{"@type":"ImageObject","inLanguage":"fr-FR","@id":"https:\/\/dicodusport.fr\/blog\/#\/schema\/logo\/image\/","url":"https:\/\/dicodusport.fr\/blog\/wp-content\/uploads\/2020\/06\/cropped-LOGO-DICODUSPORT-2020-SANS-FOND-SANS-TEXTE.png","contentUrl":"https:\/\/dicodusport.fr\/blog\/wp-content\/uploads\/2020\/06\/cropped-LOGO-DICODUSPORT-2020-SANS-FOND-SANS-TEXTE.png","width":512,"height":512,"caption":"Dicodusport"},"image":{"@id":"https:\/\/dicodusport.fr\/blog\/#\/schema\/logo\/image\/"},"sameAs":["https:\/\/www.facebook.com\/dicodusport","https:\/\/x.com\/dicodusport","https:\/\/www.instagram.com\/dicodusport\/","https:\/\/www.youtube.com\/channel\/UC7V2KZ5sd3htJivAbA4ZG3w"],"description":"Dicodusport est l'encyclop\u00e9die de l'actualit\u00e9 sportive.","email":"bonjour@dicodusport.fr","legalName":"DICODUSPORT","foundingDate":"2018-01-14","vatID":"FR71834470973","taxID":"83447097300043","numberOfEmployees":{"@type":"QuantitativeValue","minValue":"1","maxValue":"10"}},{"@type":"Person","@id":"https:\/\/dicodusport.fr\/blog\/#\/schema\/person\/0f73d157e4670e108e23009fa82f2239","name":"Julien Correia","image":{"@type":"ImageObject","inLanguage":"fr-FR","@id":"https:\/\/dicodusport.fr\/blog\/#\/schema\/person\/image\/","url":"https:\/\/dicodusport.fr\/blog\/wp-content\/uploads\/2021\/05\/Julien-Correia-150x150.jpg","contentUrl":"https:\/\/dicodusport.fr\/blog\/wp-content\/uploads\/2021\/05\/Julien-Correia-150x150.jpg","caption":"Julien Correia"},"description":"Journaliste\/r\u00e9dacteur depuis janvier 2019 - Tomb\u00e9 dans le monde du ballon rond \u00e9tant petit, j\u2019aurais pu devenir pro sans ces foutus ligaments crois\u00e9s. D\u00e9filant sur les champs (mais pas Elys\u00e9es) en 98, j\u2019ai \u00e9t\u00e9 berc\u00e9 par les exploits de Mister George, piqu\u00e9 par la technique du Snake, grandi avec Captain Rai et Ronnie, m\u00fbri avec Pauleta et Edi. Mais Ibracadabra, je suis d\u00e9sormais reconverti en runner\/traileur. Moins rapide que Bolt et moins endurant que Jornet, c\u2019est donc plume \u00e0 la main que je partage les exploits de ces athl\u00e8tes !","sameAs":["https:\/\/www.facebook.com\/julien.correia.52","https:\/\/x.com\/https:\/\/twitter.com\/julienco_psg70"],"url":"https:\/\/dicodusport.fr\/blog\/author\/julien-c\/"}]}},"_links":{"self":[{"href":"https:\/\/dicodusport.fr\/blog\/wp-json\/wp\/v2\/posts\/105749","targetHints":{"allow":["GET"]}}],"collection":[{"href":"https:\/\/dicodusport.fr\/blog\/wp-json\/wp\/v2\/posts"}],"about":[{"href":"https:\/\/dicodusport.fr\/blog\/wp-json\/wp\/v2\/types\/post"}],"author":[{"embeddable":true,"href":"https:\/\/dicodusport.fr\/blog\/wp-json\/wp\/v2\/users\/37"}],"replies":[{"embeddable":true,"href":"https:\/\/dicodusport.fr\/blog\/wp-json\/wp\/v2\/comments?post=105749"}],"version-history":[{"count":0,"href":"https:\/\/dicodusport.fr\/blog\/wp-json\/wp\/v2\/posts\/105749\/revisions"}],"wp:featuredmedia":[{"embeddable":true,"href":"https:\/\/dicodusport.fr\/blog\/wp-json\/wp\/v2\/media\/105806"}],"wp:attachment":[{"href":"https:\/\/dicodusport.fr\/blog\/wp-json\/wp\/v2\/media?parent=105749"}],"wp:term":[{"taxonomy":"category","embeddable":true,"href":"https:\/\/dicodusport.fr\/blog\/wp-json\/wp\/v2\/categories?post=105749"},{"taxonomy":"post_tag","embeddable":true,"href":"https:\/\/dicodusport.fr\/blog\/wp-json\/wp\/v2\/tags?post=105749"}],"curies":[{"name":"wp","href":"https:\/\/api.w.org\/{rel}","templated":true}]}}