{"id":106001,"date":"2021-02-13T14:06:52","date_gmt":"2021-02-13T13:06:52","guid":{"rendered":"https:\/\/dicodusport.fr\/blog\/?p=106001"},"modified":"2021-02-13T14:16:27","modified_gmt":"2021-02-13T13:16:27","slug":"mondiaux-de-skicross-alizee-baron-de-nouveau-en-bronze","status":"publish","type":"post","link":"https:\/\/dicodusport.fr\/blog\/mondiaux-de-skicross-alizee-baron-de-nouveau-en-bronze\/","title":{"rendered":"Mondiaux de skicross : Aliz\u00e9e Baron de nouveau en bronze"},"content":{"rendered":"<p style=\"text-align: justify;\"><strong><em><a href=\"https:\/\/dicodusport.fr\/blog\/tag\/skicross\/\" target=\"_blank\" rel=\"noopener\">SKICROSS<\/a> &#8211; Avec trois repr\u00e9sentantes tricolores qualifi\u00e9es, la France avait de s\u00e9rieuses chances de m\u00e9dailles \u00e0 Idre Fj\u00e4ll (Su\u00e8de), et \u00e7a n&rsquo;a pas loup\u00e9. <a href=\"https:\/\/dicodusport.fr\/blog\/skicross-a-idre-fjall-alizee-baron-devance-marielle-berger-sabbatel\/\" target=\"_blank\" rel=\"noopener\">Victorieuse en janvier en Coupe du monde<\/a>, Aliz\u00e9e Baron confirme sa grande forme.<\/em><\/strong><\/p>\n<h2>En bronze comme en 2019<\/h2>\n<p style=\"text-align: justify;\">Bis repetita pour <strong>Aliz\u00e9e Baron<\/strong> ! M\u00e9daill\u00e9e de bronze aux Mondiaux de Park City (Etats-Unis) en 2019 derri\u00e8re <strong>Marielle Thompson<\/strong> et <strong>Fanny Smith<\/strong>, la Fran\u00e7aise signe son deuxi\u00e8me podium mondial en 2021. Qualifi\u00e9e en compagnie de <strong>Jade Grillet-Aubert<\/strong>, \u00e9limin\u00e9e en quarts et de <strong>Marielle Berger Sabbatel<\/strong>, \u00e9limin\u00e9e en demies, la Montpelli\u00e9raine \u00e9tait la meilleure chance tricolore. En finale, contre la Su\u00e9doise <strong>Sandra Naeslund <\/strong>et\u00a0les Suissesses <strong>Fanny Smith<\/strong> et <strong>Talina Gantenbein<\/strong>, elle est parvenue \u00e0 suivre Naeslund et Smith jusqu&rsquo;\u00e0 la ligne d&rsquo;arriv\u00e9e. Si Smith et Baron prennent la m\u00eame m\u00e9daille qu&rsquo;en 2019, <strong>Naeslund<\/strong> succ\u00e8de elle \u00e0 Marielle Thompson.<\/p>\n<blockquote class=\"twitter-tweet\">\n<p dir=\"ltr\" lang=\"fr\">Nouvelle m\u00e9daille de bronze mondiale pour <a href=\"https:\/\/twitter.com\/BaronAlizee?ref_src=twsrc%5Etfw\">@BaronAlizee<\/a> 2 ans apr\u00e8s Park City ! Bravo \u00e0 la skieuse d&rsquo; <a href=\"https:\/\/twitter.com\/orcieres?ref_src=twsrc%5Etfw\">@orcieres<\/a> ! <a href=\"https:\/\/twitter.com\/hashtag\/idrefj%C3%A4ll2021?src=hash&amp;ref_src=twsrc%5Etfw\">#idrefj\u00e4ll2021<\/a> <a href=\"https:\/\/twitter.com\/FedFranceSki?ref_src=twsrc%5Etfw\">@FedFranceSki<\/a> <a href=\"https:\/\/t.co\/jsDB0wJZum\">pic.twitter.com\/jsDB0wJZum<\/a><\/p>\n<p>\u2014 Chalet &#x2744;&#xfe0f; Club (@ChaletClub2021) <a href=\"https:\/\/twitter.com\/ChaletClub2021\/status\/1360572858569809920?ref_src=twsrc%5Etfw\">February 13, 2021<\/a><\/p><\/blockquote>\n<p><script async src=\"https:\/\/platform.twitter.com\/widgets.js\" charset=\"utf-8\"><\/script><\/p>\n<p style=\"text-align: justify;\"><strong><em>Maxime Boulard<br \/>\n<a href=\"https:\/\/www.facebook.com\/Max.Bld2\/\" target=\"_blank\" rel=\"noopener noreferrer\"><img loading=\"lazy\" decoding=\"async\" class=\"alignnone wp-image-2909 jetpack-lazy-image jetpack-lazy-image--handled\" src=\"https:\/\/i2.wp.com\/dicodusport.fr\/blog\/wp-content\/uploads\/2017\/07\/logo-facebook-150x150.png?resize=40%2C40\" alt=\"\" width=\"40\" height=\"40\" data-lazy-loaded=\"1\" \/><\/a><a href=\"https:\/\/twitter.com\/MaximeB_2\" target=\"_blank\" rel=\"noopener noreferrer\"><img loading=\"lazy\" decoding=\"async\" class=\"alignnone wp-image-2908 jetpack-lazy-image jetpack-lazy-image--handled\" src=\"https:\/\/i1.wp.com\/dicodusport.fr\/blog\/wp-content\/uploads\/2017\/07\/logo-twitter-150x150.png?resize=39%2C39\" alt=\"\" width=\"39\" height=\"39\" data-lazy-loaded=\"1\" \/><\/a><\/em><\/strong><\/p>\n","protected":false},"excerpt":{"rendered":"<p>SKICROSS &#8211; Avec trois repr\u00e9sentantes tricolores qualifi\u00e9es, la France avait de s\u00e9rieuses chances de m\u00e9dailles, et \u00e7a n&rsquo;a pas loup\u00e9. Victorieuse en janvier en Coupe du monde, Aliz\u00e9e Baron confirme sa grande forme.<\/p>\n","protected":false},"author":43,"featured_media":106009,"comment_status":"open","ping_status":"closed","sticky":false,"template":"","format":"standard","meta":{"_acf_changed":false,"_daextam_enable_autolinks":"","footnotes":""},"categories":[9217],"tags":[],"class_list":["post-106001","post","type-post","status-publish","format-standard","has-post-thumbnail","hentry","category-ski"],"acf":[],"yoast_head":"<!-- This site is optimized with the Yoast SEO Premium plugin v26.7 (Yoast SEO v26.7) - https:\/\/yoast.com\/wordpress\/plugins\/seo\/ -->\n<title>Mondiaux de skicross : Aliz\u00e9e Baron de nouveau en bronze<\/title>\n<meta name=\"description\" content=\"SKICROSS - D\u00e9j\u00e0 m\u00e9daill\u00e9e de bronze en 2019, Aliz\u00e9e Baron r\u00e9cidive en 2021 aux mondiaux de skicross \u00e0 Idre Fj\u00e4ll.\" \/>\n<meta name=\"robots\" content=\"index, follow, max-snippet:-1, max-image-preview:large, max-video-preview:-1\" \/>\n<link rel=\"canonical\" href=\"https:\/\/dicodusport.fr\/blog\/mondiaux-de-skicross-alizee-baron-de-nouveau-en-bronze\/\" \/>\n<meta property=\"og:locale\" content=\"fr_FR\" \/>\n<meta property=\"og:type\" content=\"article\" \/>\n<meta property=\"og:title\" content=\"Mondiaux de skicross : Aliz\u00e9e Baron de nouveau en bronze\" \/>\n<meta property=\"og:description\" content=\"SKICROSS - D\u00e9j\u00e0 m\u00e9daill\u00e9e de bronze en 2019, Aliz\u00e9e Baron r\u00e9cidive en 2021 aux mondiaux de skicross \u00e0 Idre Fj\u00e4ll.\" \/>\n<meta property=\"og:url\" content=\"https:\/\/dicodusport.fr\/blog\/mondiaux-de-skicross-alizee-baron-de-nouveau-en-bronze\/\" \/>\n<meta property=\"og:site_name\" content=\"Dicodusport\" \/>\n<meta property=\"article:publisher\" content=\"https:\/\/www.facebook.com\/dicodusport\" \/>\n<meta property=\"article:author\" content=\"https:\/\/www.facebook.com\/Max.Bld2\/\" \/>\n<meta property=\"article:published_time\" content=\"2021-02-13T13:06:52+00:00\" \/>\n<meta property=\"article:modified_time\" content=\"2021-02-13T13:16:27+00:00\" \/>\n<meta property=\"og:image\" content=\"https:\/\/dicodusport.fr\/blog\/wp-content\/uploads\/2021\/02\/Mondiaux-de-skicross-Alizee-Baron-de-nouveau-en-bronze.png\" \/>\n\t<meta property=\"og:image:width\" content=\"800\" \/>\n\t<meta property=\"og:image:height\" content=\"445\" \/>\n\t<meta property=\"og:image:type\" content=\"image\/png\" \/>\n<meta name=\"author\" content=\"Maxime Boulard\" \/>\n<meta name=\"twitter:card\" content=\"summary_large_image\" \/>\n<meta name=\"twitter:title\" content=\"Mondiaux de skicross : Aliz\u00e9e Baron de nouveau en bronze\" \/>\n<meta name=\"twitter:creator\" content=\"@https:\/\/twitter.com\/MaximeB_2\" \/>\n<meta name=\"twitter:site\" content=\"@dicodusport\" \/>\n<script type=\"application\/ld+json\" class=\"yoast-schema-graph\">{\"@context\":\"https:\/\/schema.org\",\"@graph\":[{\"@type\":\"NewsArticle\",\"@id\":\"https:\/\/dicodusport.fr\/blog\/mondiaux-de-skicross-alizee-baron-de-nouveau-en-bronze\/#article\",\"isPartOf\":{\"@id\":\"https:\/\/dicodusport.fr\/blog\/mondiaux-de-skicross-alizee-baron-de-nouveau-en-bronze\/\"},\"author\":{\"name\":\"Maxime Boulard\",\"@id\":\"https:\/\/dicodusport.fr\/blog\/#\/schema\/person\/5aab10ee856e86ac63e9819a9da34784\"},\"headline\":\"Mondiaux de skicross : Aliz\u00e9e Baron de nouveau en bronze\",\"datePublished\":\"2021-02-13T13:06:52+00:00\",\"dateModified\":\"2021-02-13T13:16:27+00:00\",\"mainEntityOfPage\":{\"@id\":\"https:\/\/dicodusport.fr\/blog\/mondiaux-de-skicross-alizee-baron-de-nouveau-en-bronze\/\"},\"wordCount\":203,\"commentCount\":0,\"publisher\":{\"@id\":\"https:\/\/dicodusport.fr\/blog\/#organization\"},\"image\":{\"@id\":\"https:\/\/dicodusport.fr\/blog\/mondiaux-de-skicross-alizee-baron-de-nouveau-en-bronze\/#primaryimage\"},\"thumbnailUrl\":\"https:\/\/dicodusport.fr\/blog\/wp-content\/uploads\/2021\/02\/Mondiaux-de-skicross-Alizee-Baron-de-nouveau-en-bronze.png\",\"articleSection\":[\"Ski\"],\"inLanguage\":\"fr-FR\",\"potentialAction\":[{\"@type\":\"CommentAction\",\"name\":\"Comment\",\"target\":[\"https:\/\/dicodusport.fr\/blog\/mondiaux-de-skicross-alizee-baron-de-nouveau-en-bronze\/#respond\"]}],\"copyrightYear\":\"2021\",\"copyrightHolder\":{\"@id\":\"https:\/\/dicodusport.fr\/blog\/#organization\"}},{\"@type\":\"WebPage\",\"@id\":\"https:\/\/dicodusport.fr\/blog\/mondiaux-de-skicross-alizee-baron-de-nouveau-en-bronze\/\",\"url\":\"https:\/\/dicodusport.fr\/blog\/mondiaux-de-skicross-alizee-baron-de-nouveau-en-bronze\/\",\"name\":\"Mondiaux de skicross : Aliz\u00e9e Baron de nouveau en bronze\",\"isPartOf\":{\"@id\":\"https:\/\/dicodusport.fr\/blog\/#website\"},\"primaryImageOfPage\":{\"@id\":\"https:\/\/dicodusport.fr\/blog\/mondiaux-de-skicross-alizee-baron-de-nouveau-en-bronze\/#primaryimage\"},\"image\":{\"@id\":\"https:\/\/dicodusport.fr\/blog\/mondiaux-de-skicross-alizee-baron-de-nouveau-en-bronze\/#primaryimage\"},\"thumbnailUrl\":\"https:\/\/dicodusport.fr\/blog\/wp-content\/uploads\/2021\/02\/Mondiaux-de-skicross-Alizee-Baron-de-nouveau-en-bronze.png\",\"datePublished\":\"2021-02-13T13:06:52+00:00\",\"dateModified\":\"2021-02-13T13:16:27+00:00\",\"description\":\"SKICROSS - D\u00e9j\u00e0 m\u00e9daill\u00e9e de bronze en 2019, Aliz\u00e9e Baron r\u00e9cidive en 2021 aux mondiaux de skicross \u00e0 Idre Fj\u00e4ll.\",\"breadcrumb\":{\"@id\":\"https:\/\/dicodusport.fr\/blog\/mondiaux-de-skicross-alizee-baron-de-nouveau-en-bronze\/#breadcrumb\"},\"inLanguage\":\"fr-FR\",\"potentialAction\":[{\"@type\":\"ReadAction\",\"target\":[\"https:\/\/dicodusport.fr\/blog\/mondiaux-de-skicross-alizee-baron-de-nouveau-en-bronze\/\"]}]},{\"@type\":\"ImageObject\",\"inLanguage\":\"fr-FR\",\"@id\":\"https:\/\/dicodusport.fr\/blog\/mondiaux-de-skicross-alizee-baron-de-nouveau-en-bronze\/#primaryimage\",\"url\":\"https:\/\/dicodusport.fr\/blog\/wp-content\/uploads\/2021\/02\/Mondiaux-de-skicross-Alizee-Baron-de-nouveau-en-bronze.png\",\"contentUrl\":\"https:\/\/dicodusport.fr\/blog\/wp-content\/uploads\/2021\/02\/Mondiaux-de-skicross-Alizee-Baron-de-nouveau-en-bronze.png\",\"width\":800,\"height\":445,\"caption\":\"Mondiaux de skicross - Aliz\u00e9e Baron de nouveau en bronze\"},{\"@type\":\"BreadcrumbList\",\"@id\":\"https:\/\/dicodusport.fr\/blog\/mondiaux-de-skicross-alizee-baron-de-nouveau-en-bronze\/#breadcrumb\",\"itemListElement\":[{\"@type\":\"ListItem\",\"position\":1,\"name\":\"Accueil\",\"item\":\"https:\/\/dicodusport.fr\/blog\/\"},{\"@type\":\"ListItem\",\"position\":2,\"name\":\"Mondiaux de skicross : Aliz\u00e9e Baron de nouveau en bronze\"}]},{\"@type\":\"WebSite\",\"@id\":\"https:\/\/dicodusport.fr\/blog\/#website\",\"url\":\"https:\/\/dicodusport.fr\/blog\/\",\"name\":\"Dicodusport\",\"description\":\"L&#039;encyclop\u00e9die de l&#039;actualit\u00e9 sportive\",\"publisher\":{\"@id\":\"https:\/\/dicodusport.fr\/blog\/#organization\"},\"potentialAction\":[{\"@type\":\"SearchAction\",\"target\":{\"@type\":\"EntryPoint\",\"urlTemplate\":\"https:\/\/dicodusport.fr\/blog\/?s={search_term_string}\"},\"query-input\":{\"@type\":\"PropertyValueSpecification\",\"valueRequired\":true,\"valueName\":\"search_term_string\"}}],\"inLanguage\":\"fr-FR\"},{\"@type\":\"NewsMediaOrganization\",\"@id\":\"https:\/\/dicodusport.fr\/blog\/#organization\",\"name\":\"Dicodusport\",\"url\":\"https:\/\/dicodusport.fr\/blog\/\",\"logo\":{\"@type\":\"ImageObject\",\"inLanguage\":\"fr-FR\",\"@id\":\"https:\/\/dicodusport.fr\/blog\/#\/schema\/logo\/image\/\",\"url\":\"https:\/\/dicodusport.fr\/blog\/wp-content\/uploads\/2020\/06\/cropped-LOGO-DICODUSPORT-2020-SANS-FOND-SANS-TEXTE.png\",\"contentUrl\":\"https:\/\/dicodusport.fr\/blog\/wp-content\/uploads\/2020\/06\/cropped-LOGO-DICODUSPORT-2020-SANS-FOND-SANS-TEXTE.png\",\"width\":512,\"height\":512,\"caption\":\"Dicodusport\"},\"image\":{\"@id\":\"https:\/\/dicodusport.fr\/blog\/#\/schema\/logo\/image\/\"},\"sameAs\":[\"https:\/\/www.facebook.com\/dicodusport\",\"https:\/\/x.com\/dicodusport\",\"https:\/\/www.instagram.com\/dicodusport\/\",\"https:\/\/www.youtube.com\/channel\/UC7V2KZ5sd3htJivAbA4ZG3w\"],\"description\":\"Dicodusport est l'encyclop\u00e9die de l'actualit\u00e9 sportive.\",\"email\":\"bonjour@dicodusport.fr\",\"legalName\":\"DICODUSPORT\",\"foundingDate\":\"2018-01-14\",\"vatID\":\"FR71834470973\",\"taxID\":\"83447097300043\",\"numberOfEmployees\":{\"@type\":\"QuantitativeValue\",\"minValue\":\"1\",\"maxValue\":\"10\"}},{\"@type\":\"Person\",\"@id\":\"https:\/\/dicodusport.fr\/blog\/#\/schema\/person\/5aab10ee856e86ac63e9819a9da34784\",\"name\":\"Maxime Boulard\",\"image\":{\"@type\":\"ImageObject\",\"inLanguage\":\"fr-FR\",\"@id\":\"https:\/\/dicodusport.fr\/blog\/#\/schema\/person\/image\/\",\"url\":\"https:\/\/dicodusport.fr\/blog\/wp-content\/uploads\/2021\/05\/Maxime-Boulard-150x150.jpg\",\"contentUrl\":\"https:\/\/dicodusport.fr\/blog\/wp-content\/uploads\/2021\/05\/Maxime-Boulard-150x150.jpg\",\"caption\":\"Maxime Boulard\"},\"description\":\"Journaliste\/r\u00e9dacteur depuis octobre 2020 - Si mon plus vieux souvenir de sport aurait pu m'en d\u00e9go\u00fbter, la finale de la Coupe du monde 2006 a \u00e9t\u00e9 tout le contraire. V\u00e9ritable d\u00e9clencheur d'une passion qui aujourd'hui ne fait que grandir avec le temps, mon leitmotiv est la France qui brille ! Je relate les exploits pass\u00e9s et pr\u00e9sents du sport bleu-blanc-rouge sans m\u00e9nagement depuis octobre 2020. Sport valide ou handisport, aucune diff\u00e9rence, il n'y a que du sport et plusieurs fa\u00e7ons de le pratiquer.\",\"sameAs\":[\"https:\/\/www.facebook.com\/Max.Bld2\/\",\"https:\/\/x.com\/https:\/\/twitter.com\/MaximeB_2\"],\"url\":\"https:\/\/dicodusport.fr\/blog\/author\/maxime-b\/\"}]}<\/script>\n<!-- \/ Yoast SEO Premium plugin. -->","yoast_head_json":{"title":"Mondiaux de skicross : Aliz\u00e9e Baron de nouveau en bronze","description":"SKICROSS - D\u00e9j\u00e0 m\u00e9daill\u00e9e de bronze en 2019, Aliz\u00e9e Baron r\u00e9cidive en 2021 aux mondiaux de skicross \u00e0 Idre Fj\u00e4ll.","robots":{"index":"index","follow":"follow","max-snippet":"max-snippet:-1","max-image-preview":"max-image-preview:large","max-video-preview":"max-video-preview:-1"},"canonical":"https:\/\/dicodusport.fr\/blog\/mondiaux-de-skicross-alizee-baron-de-nouveau-en-bronze\/","og_locale":"fr_FR","og_type":"article","og_title":"Mondiaux de skicross : Aliz\u00e9e Baron de nouveau en bronze","og_description":"SKICROSS - D\u00e9j\u00e0 m\u00e9daill\u00e9e de bronze en 2019, Aliz\u00e9e Baron r\u00e9cidive en 2021 aux mondiaux de skicross \u00e0 Idre Fj\u00e4ll.","og_url":"https:\/\/dicodusport.fr\/blog\/mondiaux-de-skicross-alizee-baron-de-nouveau-en-bronze\/","og_site_name":"Dicodusport","article_publisher":"https:\/\/www.facebook.com\/dicodusport","article_author":"https:\/\/www.facebook.com\/Max.Bld2\/","article_published_time":"2021-02-13T13:06:52+00:00","article_modified_time":"2021-02-13T13:16:27+00:00","og_image":[{"width":800,"height":445,"url":"https:\/\/dicodusport.fr\/blog\/wp-content\/uploads\/2021\/02\/Mondiaux-de-skicross-Alizee-Baron-de-nouveau-en-bronze.png","type":"image\/png"}],"author":"Maxime Boulard","twitter_card":"summary_large_image","twitter_title":"Mondiaux de skicross : Aliz\u00e9e Baron de nouveau en bronze","twitter_creator":"@https:\/\/twitter.com\/MaximeB_2","twitter_site":"@dicodusport","schema":{"@context":"https:\/\/schema.org","@graph":[{"@type":"NewsArticle","@id":"https:\/\/dicodusport.fr\/blog\/mondiaux-de-skicross-alizee-baron-de-nouveau-en-bronze\/#article","isPartOf":{"@id":"https:\/\/dicodusport.fr\/blog\/mondiaux-de-skicross-alizee-baron-de-nouveau-en-bronze\/"},"author":{"name":"Maxime Boulard","@id":"https:\/\/dicodusport.fr\/blog\/#\/schema\/person\/5aab10ee856e86ac63e9819a9da34784"},"headline":"Mondiaux de skicross : Aliz\u00e9e Baron de nouveau en bronze","datePublished":"2021-02-13T13:06:52+00:00","dateModified":"2021-02-13T13:16:27+00:00","mainEntityOfPage":{"@id":"https:\/\/dicodusport.fr\/blog\/mondiaux-de-skicross-alizee-baron-de-nouveau-en-bronze\/"},"wordCount":203,"commentCount":0,"publisher":{"@id":"https:\/\/dicodusport.fr\/blog\/#organization"},"image":{"@id":"https:\/\/dicodusport.fr\/blog\/mondiaux-de-skicross-alizee-baron-de-nouveau-en-bronze\/#primaryimage"},"thumbnailUrl":"https:\/\/dicodusport.fr\/blog\/wp-content\/uploads\/2021\/02\/Mondiaux-de-skicross-Alizee-Baron-de-nouveau-en-bronze.png","articleSection":["Ski"],"inLanguage":"fr-FR","potentialAction":[{"@type":"CommentAction","name":"Comment","target":["https:\/\/dicodusport.fr\/blog\/mondiaux-de-skicross-alizee-baron-de-nouveau-en-bronze\/#respond"]}],"copyrightYear":"2021","copyrightHolder":{"@id":"https:\/\/dicodusport.fr\/blog\/#organization"}},{"@type":"WebPage","@id":"https:\/\/dicodusport.fr\/blog\/mondiaux-de-skicross-alizee-baron-de-nouveau-en-bronze\/","url":"https:\/\/dicodusport.fr\/blog\/mondiaux-de-skicross-alizee-baron-de-nouveau-en-bronze\/","name":"Mondiaux de skicross : Aliz\u00e9e Baron de nouveau en bronze","isPartOf":{"@id":"https:\/\/dicodusport.fr\/blog\/#website"},"primaryImageOfPage":{"@id":"https:\/\/dicodusport.fr\/blog\/mondiaux-de-skicross-alizee-baron-de-nouveau-en-bronze\/#primaryimage"},"image":{"@id":"https:\/\/dicodusport.fr\/blog\/mondiaux-de-skicross-alizee-baron-de-nouveau-en-bronze\/#primaryimage"},"thumbnailUrl":"https:\/\/dicodusport.fr\/blog\/wp-content\/uploads\/2021\/02\/Mondiaux-de-skicross-Alizee-Baron-de-nouveau-en-bronze.png","datePublished":"2021-02-13T13:06:52+00:00","dateModified":"2021-02-13T13:16:27+00:00","description":"SKICROSS - D\u00e9j\u00e0 m\u00e9daill\u00e9e de bronze en 2019, Aliz\u00e9e Baron r\u00e9cidive en 2021 aux mondiaux de skicross \u00e0 Idre Fj\u00e4ll.","breadcrumb":{"@id":"https:\/\/dicodusport.fr\/blog\/mondiaux-de-skicross-alizee-baron-de-nouveau-en-bronze\/#breadcrumb"},"inLanguage":"fr-FR","potentialAction":[{"@type":"ReadAction","target":["https:\/\/dicodusport.fr\/blog\/mondiaux-de-skicross-alizee-baron-de-nouveau-en-bronze\/"]}]},{"@type":"ImageObject","inLanguage":"fr-FR","@id":"https:\/\/dicodusport.fr\/blog\/mondiaux-de-skicross-alizee-baron-de-nouveau-en-bronze\/#primaryimage","url":"https:\/\/dicodusport.fr\/blog\/wp-content\/uploads\/2021\/02\/Mondiaux-de-skicross-Alizee-Baron-de-nouveau-en-bronze.png","contentUrl":"https:\/\/dicodusport.fr\/blog\/wp-content\/uploads\/2021\/02\/Mondiaux-de-skicross-Alizee-Baron-de-nouveau-en-bronze.png","width":800,"height":445,"caption":"Mondiaux de skicross - Aliz\u00e9e Baron de nouveau en bronze"},{"@type":"BreadcrumbList","@id":"https:\/\/dicodusport.fr\/blog\/mondiaux-de-skicross-alizee-baron-de-nouveau-en-bronze\/#breadcrumb","itemListElement":[{"@type":"ListItem","position":1,"name":"Accueil","item":"https:\/\/dicodusport.fr\/blog\/"},{"@type":"ListItem","position":2,"name":"Mondiaux de skicross : Aliz\u00e9e Baron de nouveau en bronze"}]},{"@type":"WebSite","@id":"https:\/\/dicodusport.fr\/blog\/#website","url":"https:\/\/dicodusport.fr\/blog\/","name":"Dicodusport","description":"L&#039;encyclop\u00e9die de l&#039;actualit\u00e9 sportive","publisher":{"@id":"https:\/\/dicodusport.fr\/blog\/#organization"},"potentialAction":[{"@type":"SearchAction","target":{"@type":"EntryPoint","urlTemplate":"https:\/\/dicodusport.fr\/blog\/?s={search_term_string}"},"query-input":{"@type":"PropertyValueSpecification","valueRequired":true,"valueName":"search_term_string"}}],"inLanguage":"fr-FR"},{"@type":"NewsMediaOrganization","@id":"https:\/\/dicodusport.fr\/blog\/#organization","name":"Dicodusport","url":"https:\/\/dicodusport.fr\/blog\/","logo":{"@type":"ImageObject","inLanguage":"fr-FR","@id":"https:\/\/dicodusport.fr\/blog\/#\/schema\/logo\/image\/","url":"https:\/\/dicodusport.fr\/blog\/wp-content\/uploads\/2020\/06\/cropped-LOGO-DICODUSPORT-2020-SANS-FOND-SANS-TEXTE.png","contentUrl":"https:\/\/dicodusport.fr\/blog\/wp-content\/uploads\/2020\/06\/cropped-LOGO-DICODUSPORT-2020-SANS-FOND-SANS-TEXTE.png","width":512,"height":512,"caption":"Dicodusport"},"image":{"@id":"https:\/\/dicodusport.fr\/blog\/#\/schema\/logo\/image\/"},"sameAs":["https:\/\/www.facebook.com\/dicodusport","https:\/\/x.com\/dicodusport","https:\/\/www.instagram.com\/dicodusport\/","https:\/\/www.youtube.com\/channel\/UC7V2KZ5sd3htJivAbA4ZG3w"],"description":"Dicodusport est l'encyclop\u00e9die de l'actualit\u00e9 sportive.","email":"bonjour@dicodusport.fr","legalName":"DICODUSPORT","foundingDate":"2018-01-14","vatID":"FR71834470973","taxID":"83447097300043","numberOfEmployees":{"@type":"QuantitativeValue","minValue":"1","maxValue":"10"}},{"@type":"Person","@id":"https:\/\/dicodusport.fr\/blog\/#\/schema\/person\/5aab10ee856e86ac63e9819a9da34784","name":"Maxime Boulard","image":{"@type":"ImageObject","inLanguage":"fr-FR","@id":"https:\/\/dicodusport.fr\/blog\/#\/schema\/person\/image\/","url":"https:\/\/dicodusport.fr\/blog\/wp-content\/uploads\/2021\/05\/Maxime-Boulard-150x150.jpg","contentUrl":"https:\/\/dicodusport.fr\/blog\/wp-content\/uploads\/2021\/05\/Maxime-Boulard-150x150.jpg","caption":"Maxime Boulard"},"description":"Journaliste\/r\u00e9dacteur depuis octobre 2020 - Si mon plus vieux souvenir de sport aurait pu m'en d\u00e9go\u00fbter, la finale de la Coupe du monde 2006 a \u00e9t\u00e9 tout le contraire. V\u00e9ritable d\u00e9clencheur d'une passion qui aujourd'hui ne fait que grandir avec le temps, mon leitmotiv est la France qui brille ! Je relate les exploits pass\u00e9s et pr\u00e9sents du sport bleu-blanc-rouge sans m\u00e9nagement depuis octobre 2020. Sport valide ou handisport, aucune diff\u00e9rence, il n'y a que du sport et plusieurs fa\u00e7ons de le pratiquer.","sameAs":["https:\/\/www.facebook.com\/Max.Bld2\/","https:\/\/x.com\/https:\/\/twitter.com\/MaximeB_2"],"url":"https:\/\/dicodusport.fr\/blog\/author\/maxime-b\/"}]}},"_links":{"self":[{"href":"https:\/\/dicodusport.fr\/blog\/wp-json\/wp\/v2\/posts\/106001","targetHints":{"allow":["GET"]}}],"collection":[{"href":"https:\/\/dicodusport.fr\/blog\/wp-json\/wp\/v2\/posts"}],"about":[{"href":"https:\/\/dicodusport.fr\/blog\/wp-json\/wp\/v2\/types\/post"}],"author":[{"embeddable":true,"href":"https:\/\/dicodusport.fr\/blog\/wp-json\/wp\/v2\/users\/43"}],"replies":[{"embeddable":true,"href":"https:\/\/dicodusport.fr\/blog\/wp-json\/wp\/v2\/comments?post=106001"}],"version-history":[{"count":0,"href":"https:\/\/dicodusport.fr\/blog\/wp-json\/wp\/v2\/posts\/106001\/revisions"}],"wp:featuredmedia":[{"embeddable":true,"href":"https:\/\/dicodusport.fr\/blog\/wp-json\/wp\/v2\/media\/106009"}],"wp:attachment":[{"href":"https:\/\/dicodusport.fr\/blog\/wp-json\/wp\/v2\/media?parent=106001"}],"wp:term":[{"taxonomy":"category","embeddable":true,"href":"https:\/\/dicodusport.fr\/blog\/wp-json\/wp\/v2\/categories?post=106001"},{"taxonomy":"post_tag","embeddable":true,"href":"https:\/\/dicodusport.fr\/blog\/wp-json\/wp\/v2\/tags?post=106001"}],"curies":[{"name":"wp","href":"https:\/\/api.w.org\/{rel}","templated":true}]}}