{"id":106340,"date":"2021-02-14T13:46:21","date_gmt":"2021-02-14T12:46:21","guid":{"rendered":"https:\/\/dicodusport.fr\/blog\/?p=106340&#038;preview=true&#038;preview_id=106340"},"modified":"2021-02-14T14:32:41","modified_gmt":"2021-02-14T13:32:41","slug":"pokljuka-emilien-jacquelin-conserve-son-titre-mondial-sur-la-poursuite","status":"publish","type":"post","link":"https:\/\/dicodusport.fr\/blog\/pokljuka-emilien-jacquelin-conserve-son-titre-mondial-sur-la-poursuite\/","title":{"rendered":"Pokljuka : \u00c9milien Jacquelin conserve son titre mondial sur la poursuite"},"content":{"rendered":"<p style=\"text-align: justify;\"><strong><em><a href=\"https:\/\/dicodusport.fr\/blog\/biathlon-championnats-du-monde-2021-programme-complet-pokljuka\/\" target=\"_blank\" rel=\"noopener\">BIATHLON &#8211; CHAMPIONNATS DU MONDE 2021<\/a> &#8211; Stratosph\u00e9rique, \u00c9milien Jacquelin a d\u00e9croch\u00e9 un deuxi\u00e8me titre mondial cons\u00e9cutif sur la poursuite \u00e0 Pokljuka (Slov\u00e9nie). Le Fran\u00e7ais a r\u00e9alis\u00e9 le sans-faute au tir (20\/20) et devance le Su\u00e9dois Sebastian Samuelsson, qui a battu Johannes Boe au sprint pour la m\u00e9daille d&rsquo;argent.<\/em><\/strong><\/p>\n<p style=\"text-align: justify;\">Il est ph\u00e9nom\u00e9nal ! Ce dimanche, <strong>\u00c9milien Jacquelin<\/strong>, 25 ans, a conserv\u00e9 son titre de champion du monde de la poursuite, au terme d&rsquo;une course qu&rsquo;il a domin\u00e9e de la t\u00eate et des \u00e9paules. Troisi\u00e8me et en bronze sur le sprint, l&rsquo;Is\u00e9rois a \u00e9t\u00e9 impeccable au tir (20\/20) et a fait la course seul en t\u00eate d\u00e8s le deuxi\u00e8me tir couch\u00e9. De quoi d\u00e9crocher sa quatri\u00e8me m\u00e9daille individuelle mondiale. Derri\u00e8re, c&rsquo;est le Su\u00e9dois <strong>Sebastian Samuelsson<\/strong> (20\/20 \u00e9galement) qui prend l&rsquo;argent, en dominant au sprint un <strong>Johannes Boe<\/strong> une nouvelle fois perfectible au tir (18\/20), mais toujours aussi rapide sur les skis.<\/p>\n<p style=\"text-align: justify;\">Quatri\u00e8me, <strong>Quentin Fillon Maillet<\/strong> pourra regretter son premier tir couch\u00e9 (2 fautes), avant de r\u00e9aliser le 15\/15 ensuite. La Jurassien devance le vice-champion du monde du sprint, Simon Desthieux (19\/20). Trois Fran\u00e7ais dans le top 5 et des Norv\u00e9giens plus en retrait (Laegreid 6\u00e8me, Dale 11\u00e8me et T. Boe 14\u00e8me), la suite des \u00e9v\u00e9nements s&rsquo;annonce palpitante.<\/p>\n<blockquote class=\"twitter-tweet\">\n<p dir=\"ltr\" lang=\"fr\">&#x1f1eb;&#x1f1f7;&#x1f1eb;&#x1f1f7;&#x1f1eb;&#x1f1f7;&#x1f1eb;&#x1f1f7;<\/p>\n<p>EMILIEN JACQUELIN CHAMPION DU MONDE !!!<\/p>\n<p>&#x1f60d; Le Fran\u00e7ais conserve son titre sur la poursuite.<a href=\"https:\/\/twitter.com\/hashtag\/lequipeBIATHLON?src=hash&amp;ref_src=twsrc%5Etfw\">#lequipeBIATHLON<\/a> <a href=\"https:\/\/t.co\/FKuW68tIYB\">pic.twitter.com\/FKuW68tIYB<\/a><\/p>\n<p>\u2014 la chaine L&rsquo;\u00c9quipe (@lachainelequipe) <a href=\"https:\/\/twitter.com\/lachainelequipe\/status\/1360934071891865602?ref_src=twsrc%5Etfw\">February 14, 2021<\/a><\/p><\/blockquote>\n<p><script async src=\"https:\/\/platform.twitter.com\/widgets.js\" charset=\"utf-8\"><\/script><\/p>\n<h2 style=\"text-align: justify;\">Le classement des Fran\u00e7ais<\/h2>\n<p style=\"text-align: justify;\"><strong>1. \u00c9milien Jacquelin<\/strong> en 31:22.1 &#8211; 20\/20 au tir<br \/>\n<strong>4. Quentin Fillon Maillet<\/strong> \u00e0 32.5 secondes &#8211; 18\/20 au tir (2-0-0-0)<br \/>\n<strong>5. Simon Desthieux<\/strong> \u00e0 41.9 secondes &#8211; 19\/20 au tir (0-0-0-1)<br \/>\n<strong>12. Fabien Claude<\/strong> \u00e0 2:20.5 &#8211; 18\/20 au tir (0-1-1-0)<br \/>\n<strong>21. Antonin Guigonnat<\/strong> \u00e0 2:58.8 &#8211; 14\/20 au tir (3-0-2-1)<\/p>\n<h2 style=\"text-align: justify;\">Le dernier tir d&rsquo;\u00c9milien Jacquelin<\/h2>\n<blockquote class=\"twitter-tweet\">\n<p dir=\"ltr\" lang=\"fr\">&#x1f1eb;&#x1f1f7;&#x1f1eb;&#x1f1f7;&#x1f1eb;&#x1f1f7;&#x1f1eb;&#x1f1f7;<\/p>\n<p>EMILIEN JACQUELIN VA \u00caTRE CHAMPION DU MONDE !!!!<\/p>\n<p>&#x1f4f1;&#x1f4fa;&#x1f4bb; Suivez la course en direct : <a href=\"https:\/\/t.co\/JPy9ZNmPoY\">https:\/\/t.co\/JPy9ZNmPoY<\/a><a href=\"https:\/\/twitter.com\/hashtag\/lequipeBIATHLON?src=hash&amp;ref_src=twsrc%5Etfw\">#lequipeBIATHLON<\/a> <a href=\"https:\/\/t.co\/kq1q91Jl8e\">pic.twitter.com\/kq1q91Jl8e<\/a><\/p>\n<p>\u2014 la chaine L&rsquo;\u00c9quipe (@lachainelequipe) <a href=\"https:\/\/twitter.com\/lachainelequipe\/status\/1360932716397662210?ref_src=twsrc%5Etfw\">February 14, 2021<\/a><\/p><\/blockquote>\n<p><script async src=\"https:\/\/platform.twitter.com\/widgets.js\" charset=\"utf-8\"><\/script><\/p>\n<h2 style=\"text-align: justify;\">\u00c0 lire aussi<\/h2>\n<ul>\n<li style=\"text-align: justify;\"><a href=\"https:\/\/dicodusport.fr\/blog\/biathlon-championnats-du-monde-2021-classement-poursuite-hommes\/\" target=\"_blank\" rel=\"noopener\"><strong>Le classement de la poursuite hommes<\/strong><\/a><\/li>\n<li style=\"text-align: justify;\"><a href=\"https:\/\/dicodusport.fr\/blog\/biathlon-championnats-du-monde-2021-tableau-des-medailles\/\" target=\"_blank\" rel=\"noopener\"><strong>Le tableau des m\u00e9dailles<\/strong><\/a><\/li>\n<li style=\"text-align: justify;\"><a href=\"https:\/\/dicodusport.fr\/blog\/biathlon-coupe-du-monde-2020-2021-classement-general-hommes\/\" target=\"_blank\" rel=\"noopener\"><strong>Le classement g\u00e9n\u00e9ral de la Coupe du monde de biathlon 2020\/2021<\/strong><\/a><\/li>\n<\/ul>\n<p><strong><em>Dicodusport<br \/>\n<a href=\"https:\/\/www.facebook.com\/dicodusport\/\" target=\"_blank\" rel=\"noopener noreferrer\"><img loading=\"lazy\" decoding=\"async\" class=\"alignnone wp-image-2909\" src=\"http:\/\/dicodusport.fr\/blog\/wp-content\/uploads\/2017\/07\/logo-facebook-150x150.png\" alt=\"\" width=\"40\" height=\"40\" \/><\/a><a href=\"https:\/\/twitter.com\/dicodusport\" target=\"_blank\" rel=\"noopener noreferrer\"><img loading=\"lazy\" decoding=\"async\" class=\"alignnone wp-image-2908\" src=\"http:\/\/dicodusport.fr\/blog\/wp-content\/uploads\/2017\/07\/logo-twitter-150x150.png\" alt=\"\" width=\"39\" height=\"39\" \/><\/a><\/em><\/strong><\/p>\n","protected":false},"excerpt":{"rendered":"<p>BIATHLON &#8211; CHAMPIONNATS DU MONDE 2021 &#8211; Stratosph\u00e9rique, \u00c9milien Jacquelin a d\u00e9croch\u00e9 un deuxi\u00e8me titre mondial cons\u00e9cutif sur la poursuite \u00e0 Pokljuka (Slov\u00e9nie). Le Fran\u00e7ais a r\u00e9alis\u00e9 la sans faute au tir (20\/20).<\/p>\n","protected":false},"author":4,"featured_media":106399,"comment_status":"open","ping_status":"closed","sticky":false,"template":"","format":"standard","meta":{"_acf_changed":false,"_daextam_enable_autolinks":"","footnotes":""},"categories":[47039],"tags":[24],"class_list":["post-106340","post","type-post","status-publish","format-standard","has-post-thumbnail","hentry","category-championnats-du-monde-de-biathlon","tag-sport"],"acf":[],"yoast_head":"<!-- This site is optimized with the Yoast SEO Premium plugin v26.7 (Yoast SEO v26.7) - https:\/\/yoast.com\/wordpress\/plugins\/seo\/ -->\n<title>Pokljuka : \u00c9milien Jacquelin conserve son titre mondial sur la poursuite<\/title>\n<meta name=\"description\" content=\"BIATHLON - CHAMPIONNATS DU MONDE 2021 - Stratosph\u00e9rique, \u00c9milien Jacquelin a d\u00e9croch\u00e9 un deuxi\u00e8me titre mondial cons\u00e9cutif sur la poursuite \u00e0 Pokljuka (Slov\u00e9nie). Le Fran\u00e7ais a r\u00e9alis\u00e9 la sans faute au tir (20\/20).\" \/>\n<meta name=\"robots\" content=\"index, follow, max-snippet:-1, max-image-preview:large, max-video-preview:-1\" \/>\n<link rel=\"canonical\" href=\"https:\/\/dicodusport.fr\/blog\/pokljuka-emilien-jacquelin-conserve-son-titre-mondial-sur-la-poursuite\/\" \/>\n<meta property=\"og:locale\" content=\"fr_FR\" \/>\n<meta property=\"og:type\" content=\"article\" \/>\n<meta property=\"og:title\" content=\"Pokljuka : \u00c9milien Jacquelin conserve son titre mondial sur la poursuite\" \/>\n<meta property=\"og:description\" content=\"BIATHLON - CHAMPIONNATS DU MONDE 2021 - Stratosph\u00e9rique, \u00c9milien Jacquelin a d\u00e9croch\u00e9 un deuxi\u00e8me titre mondial cons\u00e9cutif sur la poursuite \u00e0 Pokljuka (Slov\u00e9nie). Le Fran\u00e7ais a r\u00e9alis\u00e9 la sans faute au tir (20\/20).\" \/>\n<meta property=\"og:url\" content=\"https:\/\/dicodusport.fr\/blog\/pokljuka-emilien-jacquelin-conserve-son-titre-mondial-sur-la-poursuite\/\" \/>\n<meta property=\"og:site_name\" content=\"Dicodusport\" \/>\n<meta property=\"article:publisher\" content=\"https:\/\/www.facebook.com\/dicodusport\" \/>\n<meta property=\"article:author\" content=\"https:\/\/www.facebook.com\/florent.ostermann\" \/>\n<meta property=\"article:published_time\" content=\"2021-02-14T12:46:21+00:00\" \/>\n<meta property=\"article:modified_time\" content=\"2021-02-14T13:32:41+00:00\" \/>\n<meta property=\"og:image\" content=\"https:\/\/dicodusport.fr\/blog\/wp-content\/uploads\/2021\/02\/Biathlon-Pokljuka-Emilien-Jacquelin-conserve-son-titre-mondial-sur-la-poursuite.png\" \/>\n\t<meta property=\"og:image:width\" content=\"800\" \/>\n\t<meta property=\"og:image:height\" content=\"445\" \/>\n\t<meta property=\"og:image:type\" content=\"image\/png\" \/>\n<meta name=\"author\" content=\"Flo Ostermann\" \/>\n<meta name=\"twitter:card\" content=\"summary_large_image\" \/>\n<meta name=\"twitter:title\" content=\"Pokljuka : \u00c9milien Jacquelin conserve son titre mondial sur la poursuite\" \/>\n<meta name=\"twitter:creator\" content=\"@https:\/\/twitter.com\/FlOstermann\" \/>\n<meta name=\"twitter:site\" content=\"@dicodusport\" \/>\n<script type=\"application\/ld+json\" class=\"yoast-schema-graph\">{\"@context\":\"https:\/\/schema.org\",\"@graph\":[{\"@type\":\"NewsArticle\",\"@id\":\"https:\/\/dicodusport.fr\/blog\/pokljuka-emilien-jacquelin-conserve-son-titre-mondial-sur-la-poursuite\/#article\",\"isPartOf\":{\"@id\":\"https:\/\/dicodusport.fr\/blog\/pokljuka-emilien-jacquelin-conserve-son-titre-mondial-sur-la-poursuite\/\"},\"author\":{\"name\":\"Flo Ostermann\",\"@id\":\"https:\/\/dicodusport.fr\/blog\/#\/schema\/person\/cb02af4c173ce4a653b55e9baf388d4a\"},\"headline\":\"Pokljuka : \u00c9milien Jacquelin conserve son titre mondial sur la poursuite\",\"datePublished\":\"2021-02-14T12:46:21+00:00\",\"dateModified\":\"2021-02-14T13:32:41+00:00\",\"mainEntityOfPage\":{\"@id\":\"https:\/\/dicodusport.fr\/blog\/pokljuka-emilien-jacquelin-conserve-son-titre-mondial-sur-la-poursuite\/\"},\"wordCount\":434,\"commentCount\":0,\"publisher\":{\"@id\":\"https:\/\/dicodusport.fr\/blog\/#organization\"},\"image\":{\"@id\":\"https:\/\/dicodusport.fr\/blog\/pokljuka-emilien-jacquelin-conserve-son-titre-mondial-sur-la-poursuite\/#primaryimage\"},\"thumbnailUrl\":\"https:\/\/dicodusport.fr\/blog\/wp-content\/uploads\/2021\/02\/Biathlon-Pokljuka-Emilien-Jacquelin-conserve-son-titre-mondial-sur-la-poursuite.png\",\"keywords\":[\"sport\"],\"articleSection\":[\"Championnats du monde de biathlon\"],\"inLanguage\":\"fr-FR\",\"potentialAction\":[{\"@type\":\"CommentAction\",\"name\":\"Comment\",\"target\":[\"https:\/\/dicodusport.fr\/blog\/pokljuka-emilien-jacquelin-conserve-son-titre-mondial-sur-la-poursuite\/#respond\"]}],\"copyrightYear\":\"2021\",\"copyrightHolder\":{\"@id\":\"https:\/\/dicodusport.fr\/blog\/#organization\"}},{\"@type\":\"WebPage\",\"@id\":\"https:\/\/dicodusport.fr\/blog\/pokljuka-emilien-jacquelin-conserve-son-titre-mondial-sur-la-poursuite\/\",\"url\":\"https:\/\/dicodusport.fr\/blog\/pokljuka-emilien-jacquelin-conserve-son-titre-mondial-sur-la-poursuite\/\",\"name\":\"Pokljuka : \u00c9milien Jacquelin conserve son titre mondial sur la poursuite\",\"isPartOf\":{\"@id\":\"https:\/\/dicodusport.fr\/blog\/#website\"},\"primaryImageOfPage\":{\"@id\":\"https:\/\/dicodusport.fr\/blog\/pokljuka-emilien-jacquelin-conserve-son-titre-mondial-sur-la-poursuite\/#primaryimage\"},\"image\":{\"@id\":\"https:\/\/dicodusport.fr\/blog\/pokljuka-emilien-jacquelin-conserve-son-titre-mondial-sur-la-poursuite\/#primaryimage\"},\"thumbnailUrl\":\"https:\/\/dicodusport.fr\/blog\/wp-content\/uploads\/2021\/02\/Biathlon-Pokljuka-Emilien-Jacquelin-conserve-son-titre-mondial-sur-la-poursuite.png\",\"datePublished\":\"2021-02-14T12:46:21+00:00\",\"dateModified\":\"2021-02-14T13:32:41+00:00\",\"description\":\"BIATHLON - CHAMPIONNATS DU MONDE 2021 - Stratosph\u00e9rique, \u00c9milien Jacquelin a d\u00e9croch\u00e9 un deuxi\u00e8me titre mondial cons\u00e9cutif sur la poursuite \u00e0 Pokljuka (Slov\u00e9nie). Le Fran\u00e7ais a r\u00e9alis\u00e9 la sans faute au tir (20\/20).\",\"breadcrumb\":{\"@id\":\"https:\/\/dicodusport.fr\/blog\/pokljuka-emilien-jacquelin-conserve-son-titre-mondial-sur-la-poursuite\/#breadcrumb\"},\"inLanguage\":\"fr-FR\",\"potentialAction\":[{\"@type\":\"ReadAction\",\"target\":[\"https:\/\/dicodusport.fr\/blog\/pokljuka-emilien-jacquelin-conserve-son-titre-mondial-sur-la-poursuite\/\"]}]},{\"@type\":\"ImageObject\",\"inLanguage\":\"fr-FR\",\"@id\":\"https:\/\/dicodusport.fr\/blog\/pokljuka-emilien-jacquelin-conserve-son-titre-mondial-sur-la-poursuite\/#primaryimage\",\"url\":\"https:\/\/dicodusport.fr\/blog\/wp-content\/uploads\/2021\/02\/Biathlon-Pokljuka-Emilien-Jacquelin-conserve-son-titre-mondial-sur-la-poursuite.png\",\"contentUrl\":\"https:\/\/dicodusport.fr\/blog\/wp-content\/uploads\/2021\/02\/Biathlon-Pokljuka-Emilien-Jacquelin-conserve-son-titre-mondial-sur-la-poursuite.png\",\"width\":800,\"height\":445,\"caption\":\"Biathlon \u2013 Nove Mesto : notre pronostic pour la poursuite hommes\"},{\"@type\":\"BreadcrumbList\",\"@id\":\"https:\/\/dicodusport.fr\/blog\/pokljuka-emilien-jacquelin-conserve-son-titre-mondial-sur-la-poursuite\/#breadcrumb\",\"itemListElement\":[{\"@type\":\"ListItem\",\"position\":1,\"name\":\"Accueil\",\"item\":\"https:\/\/dicodusport.fr\/blog\/\"},{\"@type\":\"ListItem\",\"position\":2,\"name\":\"Pokljuka : \u00c9milien Jacquelin conserve son titre mondial sur la poursuite\"}]},{\"@type\":\"WebSite\",\"@id\":\"https:\/\/dicodusport.fr\/blog\/#website\",\"url\":\"https:\/\/dicodusport.fr\/blog\/\",\"name\":\"Dicodusport\",\"description\":\"L&#039;encyclop\u00e9die de l&#039;actualit\u00e9 sportive\",\"publisher\":{\"@id\":\"https:\/\/dicodusport.fr\/blog\/#organization\"},\"potentialAction\":[{\"@type\":\"SearchAction\",\"target\":{\"@type\":\"EntryPoint\",\"urlTemplate\":\"https:\/\/dicodusport.fr\/blog\/?s={search_term_string}\"},\"query-input\":{\"@type\":\"PropertyValueSpecification\",\"valueRequired\":true,\"valueName\":\"search_term_string\"}}],\"inLanguage\":\"fr-FR\"},{\"@type\":\"NewsMediaOrganization\",\"@id\":\"https:\/\/dicodusport.fr\/blog\/#organization\",\"name\":\"Dicodusport\",\"url\":\"https:\/\/dicodusport.fr\/blog\/\",\"logo\":{\"@type\":\"ImageObject\",\"inLanguage\":\"fr-FR\",\"@id\":\"https:\/\/dicodusport.fr\/blog\/#\/schema\/logo\/image\/\",\"url\":\"https:\/\/dicodusport.fr\/blog\/wp-content\/uploads\/2020\/06\/cropped-LOGO-DICODUSPORT-2020-SANS-FOND-SANS-TEXTE.png\",\"contentUrl\":\"https:\/\/dicodusport.fr\/blog\/wp-content\/uploads\/2020\/06\/cropped-LOGO-DICODUSPORT-2020-SANS-FOND-SANS-TEXTE.png\",\"width\":512,\"height\":512,\"caption\":\"Dicodusport\"},\"image\":{\"@id\":\"https:\/\/dicodusport.fr\/blog\/#\/schema\/logo\/image\/\"},\"sameAs\":[\"https:\/\/www.facebook.com\/dicodusport\",\"https:\/\/x.com\/dicodusport\",\"https:\/\/www.instagram.com\/dicodusport\/\",\"https:\/\/www.youtube.com\/channel\/UC7V2KZ5sd3htJivAbA4ZG3w\"],\"description\":\"Dicodusport est l'encyclop\u00e9die de l'actualit\u00e9 sportive.\",\"email\":\"bonjour@dicodusport.fr\",\"legalName\":\"DICODUSPORT\",\"foundingDate\":\"2018-01-14\",\"vatID\":\"FR71834470973\",\"taxID\":\"83447097300043\",\"numberOfEmployees\":{\"@type\":\"QuantitativeValue\",\"minValue\":\"1\",\"maxValue\":\"10\"}},{\"@type\":\"Person\",\"@id\":\"https:\/\/dicodusport.fr\/blog\/#\/schema\/person\/cb02af4c173ce4a653b55e9baf388d4a\",\"name\":\"Flo Ostermann\",\"image\":{\"@type\":\"ImageObject\",\"inLanguage\":\"fr-FR\",\"@id\":\"https:\/\/dicodusport.fr\/blog\/#\/schema\/person\/image\/\",\"url\":\"https:\/\/dicodusport.fr\/blog\/wp-content\/uploads\/2021\/05\/Flo-Ostermann-150x150.jpg\",\"contentUrl\":\"https:\/\/dicodusport.fr\/blog\/wp-content\/uploads\/2021\/05\/Flo-Ostermann-150x150.jpg\",\"caption\":\"Flo Ostermann\"},\"description\":\"Journaliste\/R\u00e9dacteur depuis septembre 2015 - Mes premiers souvenirs dans le sport ? Les envol\u00e9es du Stade Toulousain et les duels Villeneuve-Schumacher et H\u00e4kkinen-Schumacher \u00e0 la fin des ann\u00e9es 90, la Coupe du monde de football en 1998, l\u2019exploit du XV de France face aux All Blacks en 1999, mais aussi Richard C\u0153ur de Lion qui vole sur les montagnes du Tour de France. Bien parti pour devenir professeur d\u2019EPS, les \u00e9v\u00e9nements de la vie (et la flemme d\u2019animer des s\u00e9ances de 3x500 m\u00e8tres toute ma vie) m\u2019ont conduit \u00e0 revoir mes plans. Me voil\u00e0 depuis fin 2017 sur Dicodusport, m\u00e9dia gr\u00e2ce (et pour) lequel je partage ma passion : le sport dans tous ses \u00e9tats. Le tout accompagn\u00e9 par les fous furieux et folles furieuses cit\u00e9s sur cette page !\",\"sameAs\":[\"https:\/\/www.facebook.com\/florent.ostermann\",\"https:\/\/x.com\/https:\/\/twitter.com\/FlOstermann\",\"admin\"],\"url\":\"https:\/\/dicodusport.fr\/blog\/author\/flo\/\"}]}<\/script>\n<!-- \/ Yoast SEO Premium plugin. -->","yoast_head_json":{"title":"Pokljuka : \u00c9milien Jacquelin conserve son titre mondial sur la poursuite","description":"BIATHLON - CHAMPIONNATS DU MONDE 2021 - Stratosph\u00e9rique, \u00c9milien Jacquelin a d\u00e9croch\u00e9 un deuxi\u00e8me titre mondial cons\u00e9cutif sur la poursuite \u00e0 Pokljuka (Slov\u00e9nie). Le Fran\u00e7ais a r\u00e9alis\u00e9 la sans faute au tir (20\/20).","robots":{"index":"index","follow":"follow","max-snippet":"max-snippet:-1","max-image-preview":"max-image-preview:large","max-video-preview":"max-video-preview:-1"},"canonical":"https:\/\/dicodusport.fr\/blog\/pokljuka-emilien-jacquelin-conserve-son-titre-mondial-sur-la-poursuite\/","og_locale":"fr_FR","og_type":"article","og_title":"Pokljuka : \u00c9milien Jacquelin conserve son titre mondial sur la poursuite","og_description":"BIATHLON - CHAMPIONNATS DU MONDE 2021 - Stratosph\u00e9rique, \u00c9milien Jacquelin a d\u00e9croch\u00e9 un deuxi\u00e8me titre mondial cons\u00e9cutif sur la poursuite \u00e0 Pokljuka (Slov\u00e9nie). Le Fran\u00e7ais a r\u00e9alis\u00e9 la sans faute au tir (20\/20).","og_url":"https:\/\/dicodusport.fr\/blog\/pokljuka-emilien-jacquelin-conserve-son-titre-mondial-sur-la-poursuite\/","og_site_name":"Dicodusport","article_publisher":"https:\/\/www.facebook.com\/dicodusport","article_author":"https:\/\/www.facebook.com\/florent.ostermann","article_published_time":"2021-02-14T12:46:21+00:00","article_modified_time":"2021-02-14T13:32:41+00:00","og_image":[{"width":800,"height":445,"url":"https:\/\/dicodusport.fr\/blog\/wp-content\/uploads\/2021\/02\/Biathlon-Pokljuka-Emilien-Jacquelin-conserve-son-titre-mondial-sur-la-poursuite.png","type":"image\/png"}],"author":"Flo Ostermann","twitter_card":"summary_large_image","twitter_title":"Pokljuka : \u00c9milien Jacquelin conserve son titre mondial sur la poursuite","twitter_creator":"@https:\/\/twitter.com\/FlOstermann","twitter_site":"@dicodusport","schema":{"@context":"https:\/\/schema.org","@graph":[{"@type":"NewsArticle","@id":"https:\/\/dicodusport.fr\/blog\/pokljuka-emilien-jacquelin-conserve-son-titre-mondial-sur-la-poursuite\/#article","isPartOf":{"@id":"https:\/\/dicodusport.fr\/blog\/pokljuka-emilien-jacquelin-conserve-son-titre-mondial-sur-la-poursuite\/"},"author":{"name":"Flo Ostermann","@id":"https:\/\/dicodusport.fr\/blog\/#\/schema\/person\/cb02af4c173ce4a653b55e9baf388d4a"},"headline":"Pokljuka : \u00c9milien Jacquelin conserve son titre mondial sur la poursuite","datePublished":"2021-02-14T12:46:21+00:00","dateModified":"2021-02-14T13:32:41+00:00","mainEntityOfPage":{"@id":"https:\/\/dicodusport.fr\/blog\/pokljuka-emilien-jacquelin-conserve-son-titre-mondial-sur-la-poursuite\/"},"wordCount":434,"commentCount":0,"publisher":{"@id":"https:\/\/dicodusport.fr\/blog\/#organization"},"image":{"@id":"https:\/\/dicodusport.fr\/blog\/pokljuka-emilien-jacquelin-conserve-son-titre-mondial-sur-la-poursuite\/#primaryimage"},"thumbnailUrl":"https:\/\/dicodusport.fr\/blog\/wp-content\/uploads\/2021\/02\/Biathlon-Pokljuka-Emilien-Jacquelin-conserve-son-titre-mondial-sur-la-poursuite.png","keywords":["sport"],"articleSection":["Championnats du monde de biathlon"],"inLanguage":"fr-FR","potentialAction":[{"@type":"CommentAction","name":"Comment","target":["https:\/\/dicodusport.fr\/blog\/pokljuka-emilien-jacquelin-conserve-son-titre-mondial-sur-la-poursuite\/#respond"]}],"copyrightYear":"2021","copyrightHolder":{"@id":"https:\/\/dicodusport.fr\/blog\/#organization"}},{"@type":"WebPage","@id":"https:\/\/dicodusport.fr\/blog\/pokljuka-emilien-jacquelin-conserve-son-titre-mondial-sur-la-poursuite\/","url":"https:\/\/dicodusport.fr\/blog\/pokljuka-emilien-jacquelin-conserve-son-titre-mondial-sur-la-poursuite\/","name":"Pokljuka : \u00c9milien Jacquelin conserve son titre mondial sur la poursuite","isPartOf":{"@id":"https:\/\/dicodusport.fr\/blog\/#website"},"primaryImageOfPage":{"@id":"https:\/\/dicodusport.fr\/blog\/pokljuka-emilien-jacquelin-conserve-son-titre-mondial-sur-la-poursuite\/#primaryimage"},"image":{"@id":"https:\/\/dicodusport.fr\/blog\/pokljuka-emilien-jacquelin-conserve-son-titre-mondial-sur-la-poursuite\/#primaryimage"},"thumbnailUrl":"https:\/\/dicodusport.fr\/blog\/wp-content\/uploads\/2021\/02\/Biathlon-Pokljuka-Emilien-Jacquelin-conserve-son-titre-mondial-sur-la-poursuite.png","datePublished":"2021-02-14T12:46:21+00:00","dateModified":"2021-02-14T13:32:41+00:00","description":"BIATHLON - CHAMPIONNATS DU MONDE 2021 - Stratosph\u00e9rique, \u00c9milien Jacquelin a d\u00e9croch\u00e9 un deuxi\u00e8me titre mondial cons\u00e9cutif sur la poursuite \u00e0 Pokljuka (Slov\u00e9nie). Le Fran\u00e7ais a r\u00e9alis\u00e9 la sans faute au tir (20\/20).","breadcrumb":{"@id":"https:\/\/dicodusport.fr\/blog\/pokljuka-emilien-jacquelin-conserve-son-titre-mondial-sur-la-poursuite\/#breadcrumb"},"inLanguage":"fr-FR","potentialAction":[{"@type":"ReadAction","target":["https:\/\/dicodusport.fr\/blog\/pokljuka-emilien-jacquelin-conserve-son-titre-mondial-sur-la-poursuite\/"]}]},{"@type":"ImageObject","inLanguage":"fr-FR","@id":"https:\/\/dicodusport.fr\/blog\/pokljuka-emilien-jacquelin-conserve-son-titre-mondial-sur-la-poursuite\/#primaryimage","url":"https:\/\/dicodusport.fr\/blog\/wp-content\/uploads\/2021\/02\/Biathlon-Pokljuka-Emilien-Jacquelin-conserve-son-titre-mondial-sur-la-poursuite.png","contentUrl":"https:\/\/dicodusport.fr\/blog\/wp-content\/uploads\/2021\/02\/Biathlon-Pokljuka-Emilien-Jacquelin-conserve-son-titre-mondial-sur-la-poursuite.png","width":800,"height":445,"caption":"Biathlon \u2013 Nove Mesto : notre pronostic pour la poursuite hommes"},{"@type":"BreadcrumbList","@id":"https:\/\/dicodusport.fr\/blog\/pokljuka-emilien-jacquelin-conserve-son-titre-mondial-sur-la-poursuite\/#breadcrumb","itemListElement":[{"@type":"ListItem","position":1,"name":"Accueil","item":"https:\/\/dicodusport.fr\/blog\/"},{"@type":"ListItem","position":2,"name":"Pokljuka : \u00c9milien Jacquelin conserve son titre mondial sur la poursuite"}]},{"@type":"WebSite","@id":"https:\/\/dicodusport.fr\/blog\/#website","url":"https:\/\/dicodusport.fr\/blog\/","name":"Dicodusport","description":"L&#039;encyclop\u00e9die de l&#039;actualit\u00e9 sportive","publisher":{"@id":"https:\/\/dicodusport.fr\/blog\/#organization"},"potentialAction":[{"@type":"SearchAction","target":{"@type":"EntryPoint","urlTemplate":"https:\/\/dicodusport.fr\/blog\/?s={search_term_string}"},"query-input":{"@type":"PropertyValueSpecification","valueRequired":true,"valueName":"search_term_string"}}],"inLanguage":"fr-FR"},{"@type":"NewsMediaOrganization","@id":"https:\/\/dicodusport.fr\/blog\/#organization","name":"Dicodusport","url":"https:\/\/dicodusport.fr\/blog\/","logo":{"@type":"ImageObject","inLanguage":"fr-FR","@id":"https:\/\/dicodusport.fr\/blog\/#\/schema\/logo\/image\/","url":"https:\/\/dicodusport.fr\/blog\/wp-content\/uploads\/2020\/06\/cropped-LOGO-DICODUSPORT-2020-SANS-FOND-SANS-TEXTE.png","contentUrl":"https:\/\/dicodusport.fr\/blog\/wp-content\/uploads\/2020\/06\/cropped-LOGO-DICODUSPORT-2020-SANS-FOND-SANS-TEXTE.png","width":512,"height":512,"caption":"Dicodusport"},"image":{"@id":"https:\/\/dicodusport.fr\/blog\/#\/schema\/logo\/image\/"},"sameAs":["https:\/\/www.facebook.com\/dicodusport","https:\/\/x.com\/dicodusport","https:\/\/www.instagram.com\/dicodusport\/","https:\/\/www.youtube.com\/channel\/UC7V2KZ5sd3htJivAbA4ZG3w"],"description":"Dicodusport est l'encyclop\u00e9die de l'actualit\u00e9 sportive.","email":"bonjour@dicodusport.fr","legalName":"DICODUSPORT","foundingDate":"2018-01-14","vatID":"FR71834470973","taxID":"83447097300043","numberOfEmployees":{"@type":"QuantitativeValue","minValue":"1","maxValue":"10"}},{"@type":"Person","@id":"https:\/\/dicodusport.fr\/blog\/#\/schema\/person\/cb02af4c173ce4a653b55e9baf388d4a","name":"Flo Ostermann","image":{"@type":"ImageObject","inLanguage":"fr-FR","@id":"https:\/\/dicodusport.fr\/blog\/#\/schema\/person\/image\/","url":"https:\/\/dicodusport.fr\/blog\/wp-content\/uploads\/2021\/05\/Flo-Ostermann-150x150.jpg","contentUrl":"https:\/\/dicodusport.fr\/blog\/wp-content\/uploads\/2021\/05\/Flo-Ostermann-150x150.jpg","caption":"Flo Ostermann"},"description":"Journaliste\/R\u00e9dacteur depuis septembre 2015 - Mes premiers souvenirs dans le sport ? Les envol\u00e9es du Stade Toulousain et les duels Villeneuve-Schumacher et H\u00e4kkinen-Schumacher \u00e0 la fin des ann\u00e9es 90, la Coupe du monde de football en 1998, l\u2019exploit du XV de France face aux All Blacks en 1999, mais aussi Richard C\u0153ur de Lion qui vole sur les montagnes du Tour de France. Bien parti pour devenir professeur d\u2019EPS, les \u00e9v\u00e9nements de la vie (et la flemme d\u2019animer des s\u00e9ances de 3x500 m\u00e8tres toute ma vie) m\u2019ont conduit \u00e0 revoir mes plans. Me voil\u00e0 depuis fin 2017 sur Dicodusport, m\u00e9dia gr\u00e2ce (et pour) lequel je partage ma passion : le sport dans tous ses \u00e9tats. Le tout accompagn\u00e9 par les fous furieux et folles furieuses cit\u00e9s sur cette page !","sameAs":["https:\/\/www.facebook.com\/florent.ostermann","https:\/\/x.com\/https:\/\/twitter.com\/FlOstermann","admin"],"url":"https:\/\/dicodusport.fr\/blog\/author\/flo\/"}]}},"_links":{"self":[{"href":"https:\/\/dicodusport.fr\/blog\/wp-json\/wp\/v2\/posts\/106340","targetHints":{"allow":["GET"]}}],"collection":[{"href":"https:\/\/dicodusport.fr\/blog\/wp-json\/wp\/v2\/posts"}],"about":[{"href":"https:\/\/dicodusport.fr\/blog\/wp-json\/wp\/v2\/types\/post"}],"author":[{"embeddable":true,"href":"https:\/\/dicodusport.fr\/blog\/wp-json\/wp\/v2\/users\/4"}],"replies":[{"embeddable":true,"href":"https:\/\/dicodusport.fr\/blog\/wp-json\/wp\/v2\/comments?post=106340"}],"version-history":[{"count":0,"href":"https:\/\/dicodusport.fr\/blog\/wp-json\/wp\/v2\/posts\/106340\/revisions"}],"wp:featuredmedia":[{"embeddable":true,"href":"https:\/\/dicodusport.fr\/blog\/wp-json\/wp\/v2\/media\/106399"}],"wp:attachment":[{"href":"https:\/\/dicodusport.fr\/blog\/wp-json\/wp\/v2\/media?parent=106340"}],"wp:term":[{"taxonomy":"category","embeddable":true,"href":"https:\/\/dicodusport.fr\/blog\/wp-json\/wp\/v2\/categories?post=106340"},{"taxonomy":"post_tag","embeddable":true,"href":"https:\/\/dicodusport.fr\/blog\/wp-json\/wp\/v2\/tags?post=106340"}],"curies":[{"name":"wp","href":"https:\/\/api.w.org\/{rel}","templated":true}]}}