{"id":1064,"date":"2017-02-09T14:54:33","date_gmt":"2017-02-09T13:54:33","guid":{"rendered":"http:\/\/dicodusport.fr\/blog\/?p=1064"},"modified":"2021-04-13T23:27:23","modified_gmt":"2021-04-13T21:27:23","slug":"dimitri-berge-confirmer-2017-bonne-saison-2016","status":"publish","type":"post","link":"https:\/\/dicodusport.fr\/blog\/dimitri-berge-confirmer-2017-bonne-saison-2016\/","title":{"rendered":"Dimitri Berg\u00e9, confirmer en 2017 la bonne saison 2016"},"content":{"rendered":"<p class=\"p1\" style=\"text-align: justify;\"><span style=\"color: #000000;\"><em>On a rencontr\u00e9 Dimitri Berg\u00e9, pilote de speedway fran\u00e7ais, qui veut confirmer sa bonne saison 2016 sur les circuits en 2017.<\/em><\/span><\/p>\n<p class=\"p1\" style=\"text-align: justify;\"><span style=\"text-decoration: underline; color: #000000;\"><span class=\"s1\"><b>Dimitri, peux-tu te pr\u00e9senter en quelques mots ?<\/b><\/span><\/span><\/p>\n<p class=\"p1\" style=\"text-align: justify;\"><span class=\"s1\" style=\"color: #000000;\">Je m&rsquo;appelle Dimitri Berg\u00e9, jai 21 ans, je suis pilote professionnel de speedway.<\/span><\/p>\n<p class=\"p1\" style=\"text-align: justify;\"><span style=\"text-decoration: underline; color: #000000;\"><span class=\"s1\"><b>Quel bilan fais-tu de ta saison 2016 ?<\/b><\/span><\/span><\/p>\n<p class=\"p1\" style=\"text-align: justify;\"><span style=\"color: #000000;\"><span class=\"s1\">C&rsquo;est ma meilleure saison depuis mes d\u00e9buts en tant que pro, j&rsquo;ai fait\u00a0en sorte d&rsquo;\u00eatre r\u00e9gulier le plus possible durant toute la saison. J&rsquo;ai termin\u00e9\u00a05 \u00e8me aux championnats du monde de speedway -21 ans et j&rsquo;ai remport\u00e9 le titre de champion d&rsquo;Europe d<\/span><span class=\"s1\">e speedway -21 ans qui s&rsquo;est\u00a0d\u00e9roul\u00e9 en France.<\/span><\/span><\/p>\n<p class=\"p1\" style=\"text-align: justify;\"><span style=\"text-decoration: underline; color: #000000;\"><span class=\"s1\"><b>Cette fracture du bras en septembre a \u00e9t\u00e9 un moment difficile ?<\/b><\/span><\/span><\/p>\n<p class=\"p1\" style=\"text-align: justify;\"><span class=\"s1\" style=\"color: #000000;\">Oui, car c&rsquo;\u00e9tait sur le dernier round du championnat du monde qui s&rsquo;est d\u00e9roul\u00e9 en Pologne et je jouais la 3\u00e8me place sur le podium et malheureusement cette chute a mis fin \u00e0 mes chances.<\/span><\/p>\n<p class=\"p1\" style=\"text-align: justify;\"><span style=\"text-decoration: underline; color: #000000;\"><span class=\"s1\"><b>Aujourd\u2019hui tu n&rsquo;as plus du tout de douleur, es-tu pr\u00eat pour une nouvelle saison ?<\/b><\/span><\/span><\/p>\n<p class=\"p1\" style=\"text-align: justify;\"><span class=\"s1\" style=\"color: #000000;\">Oui, je suis de nouveau pr\u00eat.<\/span><\/p>\n<p class=\"p1\" style=\"text-align: justify;\"><span style=\"text-decoration: underline; color: #000000;\"><span class=\"s1\"><b>Quels vont \u00eatre tes objectifs sportifs pour 2017 ?<\/b><\/span><\/span><\/p>\n<p class=\"p1\" style=\"text-align: justify;\"><span class=\"s1\" style=\"color: #000000;\">Je veux rejouer le titre Europe 2016 et \u00eatre champion du monde de speedway -21 ans et faire une bonne saison en Angleterre et en Pologne.<\/span><\/p>\n<p class=\"p1\" style=\"text-align: justify;\"><span style=\"text-decoration: underline; color: #000000;\"><span class=\"s1\"><b>Quel est ton r\u00eave ultime comme sportif ?<\/b><\/span><\/span><\/p>\n<p class=\"p1\" style=\"text-align: justify;\"><span class=\"s1\" style=\"color: #000000;\">\u00catre champion du monde de speedway dans la cat\u00e9gorie reine.<\/span><\/p>\n<p class=\"p1\" style=\"text-align: justify;\"><span style=\"text-decoration: underline; color: #000000;\"><span class=\"s1\"><b>Quand tu n&rsquo;es pas sur une moto, comment occupes-tu ton temps ?<\/b><\/span><\/span><\/p>\n<p class=\"p1\" style=\"text-align: justify;\"><span class=\"s1\" style=\"color: #000000;\">Au sport, au garage et diverses activit\u00e9s.<\/span><\/p>\n<p>&nbsp;<\/p>\n<p class=\"p1\" style=\"text-align: justify;\"><a style=\"color: #000000;\" href=\"http:\/\/dicodusport.fr\" target=\"_blank\" rel=\"noopener\"><img loading=\"lazy\" decoding=\"async\" class=\"size-thumbnail wp-image-999 aligncenter\" src=\"http:\/\/dicodusport.fr\/blog\/wp-content\/uploads\/2017\/01\/cropped-logo-dicodusport-sans-fond-150x150.png\" alt=\"\" width=\"150\" height=\"150\" srcset=\"https:\/\/dicodusport.fr\/blog\/wp-content\/uploads\/2017\/01\/cropped-logo-dicodusport-sans-fond-150x150.png 150w, https:\/\/dicodusport.fr\/blog\/wp-content\/uploads\/2017\/01\/cropped-logo-dicodusport-sans-fond-300x300.png 300w, https:\/\/dicodusport.fr\/blog\/wp-content\/uploads\/2017\/01\/cropped-logo-dicodusport-sans-fond-270x270.png 270w, https:\/\/dicodusport.fr\/blog\/wp-content\/uploads\/2017\/01\/cropped-logo-dicodusport-sans-fond-192x192.png 192w, https:\/\/dicodusport.fr\/blog\/wp-content\/uploads\/2017\/01\/cropped-logo-dicodusport-sans-fond-180x180.png 180w, https:\/\/dicodusport.fr\/blog\/wp-content\/uploads\/2017\/01\/cropped-logo-dicodusport-sans-fond-32x32.png 32w, https:\/\/dicodusport.fr\/blog\/wp-content\/uploads\/2017\/01\/cropped-logo-dicodusport-sans-fond.png 512w\" sizes=\"auto, (max-width: 150px) 100vw, 150px\" \/><\/a><\/p>\n","protected":false},"excerpt":{"rendered":"<p>On a rencontr\u00e9 Dimitri Berg\u00e9, pilote de speedway fran\u00e7ais, qui veut confirmer sa bonne saison 2016 sur les circuits en 2017. Dimitri, peux-tu te pr\u00e9senter en quelques mots ? Je m&rsquo;appelle Dimitri Berg\u00e9, jai 21 ans, je suis pilote professionnel de speedway. Quel bilan fais-tu de ta saison 2016 ? C&rsquo;est ma meilleure saison depuis [&hellip;]<\/p>\n","protected":false},"author":1,"featured_media":1065,"comment_status":"open","ping_status":"closed","sticky":false,"template":"","format":"standard","meta":{"_acf_changed":false,"_daextam_enable_autolinks":"","footnotes":""},"categories":[4],"tags":[843],"class_list":["post-1064","post","type-post","status-publish","format-standard","has-post-thumbnail","hentry","category-portraits","tag-moto"],"acf":[],"yoast_head":"<!-- This site is optimized with the Yoast SEO Premium plugin v26.7 (Yoast SEO v26.7) - https:\/\/yoast.com\/wordpress\/plugins\/seo\/ -->\n<title>Dimitri Berg\u00e9, confirmer en 2017 la bonne saison 2016<\/title>\n<meta name=\"description\" content=\"On a rencontr\u00e9 Dimitri Berg\u00e9, pilote de speedway fran\u00e7ais, qui veut confirmer sa bonne saison 2016 sur les circuits en 2017.\" \/>\n<meta name=\"robots\" content=\"index, follow, max-snippet:-1, max-image-preview:large, max-video-preview:-1\" \/>\n<link rel=\"canonical\" href=\"https:\/\/dicodusport.fr\/blog\/dimitri-berge-confirmer-2017-bonne-saison-2016\/\" \/>\n<meta property=\"og:locale\" content=\"fr_FR\" \/>\n<meta property=\"og:type\" content=\"article\" \/>\n<meta property=\"og:title\" content=\"Dimitri Berg\u00e9, confirmer en 2017 la bonne saison 2016\" \/>\n<meta property=\"og:description\" content=\"On a rencontr\u00e9 Dimitri Berg\u00e9, pilote de speedway fran\u00e7ais, qui veut confirmer sa bonne saison 2016 sur les circuits en 2017.\" \/>\n<meta property=\"og:url\" content=\"https:\/\/dicodusport.fr\/blog\/dimitri-berge-confirmer-2017-bonne-saison-2016\/\" \/>\n<meta property=\"og:site_name\" content=\"Dicodusport\" \/>\n<meta property=\"article:publisher\" content=\"https:\/\/www.facebook.com\/dicodusport\" \/>\n<meta property=\"article:author\" content=\"https:\/\/www.facebook.com\/dicodusport\" \/>\n<meta property=\"article:published_time\" content=\"2017-02-09T13:54:33+00:00\" \/>\n<meta property=\"article:modified_time\" content=\"2021-04-13T21:27:23+00:00\" \/>\n<meta property=\"og:image\" content=\"https:\/\/dicodusport.fr\/blog\/wp-content\/uploads\/2017\/02\/Dimitri-Berg\u00e9.png\" \/>\n\t<meta property=\"og:image:width\" content=\"1200\" \/>\n\t<meta property=\"og:image:height\" content=\"670\" \/>\n\t<meta property=\"og:image:type\" content=\"image\/png\" \/>\n<meta name=\"author\" content=\"Nicolas Jacquemard\" \/>\n<meta name=\"twitter:card\" content=\"summary_large_image\" \/>\n<meta name=\"twitter:creator\" content=\"@https:\/\/twitter.com\/Nico_Jacquemard\" \/>\n<meta name=\"twitter:site\" content=\"@dicodusport\" \/>\n<script type=\"application\/ld+json\" class=\"yoast-schema-graph\">{\"@context\":\"https:\/\/schema.org\",\"@graph\":[{\"@type\":\"NewsArticle\",\"@id\":\"https:\/\/dicodusport.fr\/blog\/dimitri-berge-confirmer-2017-bonne-saison-2016\/#article\",\"isPartOf\":{\"@id\":\"https:\/\/dicodusport.fr\/blog\/dimitri-berge-confirmer-2017-bonne-saison-2016\/\"},\"author\":{\"name\":\"Nicolas Jacquemard\",\"@id\":\"https:\/\/dicodusport.fr\/blog\/#\/schema\/person\/55dcb50ad410894e431ed812bbb70191\"},\"headline\":\"Dimitri Berg\u00e9, confirmer en 2017 la bonne saison 2016\",\"datePublished\":\"2017-02-09T13:54:33+00:00\",\"dateModified\":\"2021-04-13T21:27:23+00:00\",\"mainEntityOfPage\":{\"@id\":\"https:\/\/dicodusport.fr\/blog\/dimitri-berge-confirmer-2017-bonne-saison-2016\/\"},\"wordCount\":261,\"commentCount\":0,\"publisher\":{\"@id\":\"https:\/\/dicodusport.fr\/blog\/#organization\"},\"image\":{\"@id\":\"https:\/\/dicodusport.fr\/blog\/dimitri-berge-confirmer-2017-bonne-saison-2016\/#primaryimage\"},\"thumbnailUrl\":\"https:\/\/dicodusport.fr\/blog\/wp-content\/uploads\/2017\/02\/Dimitri-Berg\u00e9.png\",\"keywords\":[\"moto\"],\"articleSection\":[\"Portraits\"],\"inLanguage\":\"fr-FR\",\"potentialAction\":[{\"@type\":\"CommentAction\",\"name\":\"Comment\",\"target\":[\"https:\/\/dicodusport.fr\/blog\/dimitri-berge-confirmer-2017-bonne-saison-2016\/#respond\"]}],\"copyrightYear\":\"2017\",\"copyrightHolder\":{\"@id\":\"https:\/\/dicodusport.fr\/blog\/#organization\"}},{\"@type\":\"WebPage\",\"@id\":\"https:\/\/dicodusport.fr\/blog\/dimitri-berge-confirmer-2017-bonne-saison-2016\/\",\"url\":\"https:\/\/dicodusport.fr\/blog\/dimitri-berge-confirmer-2017-bonne-saison-2016\/\",\"name\":\"Dimitri Berg\u00e9, confirmer en 2017 la bonne saison 2016\",\"isPartOf\":{\"@id\":\"https:\/\/dicodusport.fr\/blog\/#website\"},\"primaryImageOfPage\":{\"@id\":\"https:\/\/dicodusport.fr\/blog\/dimitri-berge-confirmer-2017-bonne-saison-2016\/#primaryimage\"},\"image\":{\"@id\":\"https:\/\/dicodusport.fr\/blog\/dimitri-berge-confirmer-2017-bonne-saison-2016\/#primaryimage\"},\"thumbnailUrl\":\"https:\/\/dicodusport.fr\/blog\/wp-content\/uploads\/2017\/02\/Dimitri-Berg\u00e9.png\",\"datePublished\":\"2017-02-09T13:54:33+00:00\",\"dateModified\":\"2021-04-13T21:27:23+00:00\",\"description\":\"On a rencontr\u00e9 Dimitri Berg\u00e9, pilote de speedway fran\u00e7ais, qui veut confirmer sa bonne saison 2016 sur les circuits en 2017.\",\"breadcrumb\":{\"@id\":\"https:\/\/dicodusport.fr\/blog\/dimitri-berge-confirmer-2017-bonne-saison-2016\/#breadcrumb\"},\"inLanguage\":\"fr-FR\",\"potentialAction\":[{\"@type\":\"ReadAction\",\"target\":[\"https:\/\/dicodusport.fr\/blog\/dimitri-berge-confirmer-2017-bonne-saison-2016\/\"]}]},{\"@type\":\"ImageObject\",\"inLanguage\":\"fr-FR\",\"@id\":\"https:\/\/dicodusport.fr\/blog\/dimitri-berge-confirmer-2017-bonne-saison-2016\/#primaryimage\",\"url\":\"https:\/\/dicodusport.fr\/blog\/wp-content\/uploads\/2017\/02\/Dimitri-Berg\u00e9.png\",\"contentUrl\":\"https:\/\/dicodusport.fr\/blog\/wp-content\/uploads\/2017\/02\/Dimitri-Berg\u00e9.png\",\"width\":1200,\"height\":670,\"caption\":\"Dimitri Berg\u00e9\"},{\"@type\":\"BreadcrumbList\",\"@id\":\"https:\/\/dicodusport.fr\/blog\/dimitri-berge-confirmer-2017-bonne-saison-2016\/#breadcrumb\",\"itemListElement\":[{\"@type\":\"ListItem\",\"position\":1,\"name\":\"Accueil\",\"item\":\"https:\/\/dicodusport.fr\/blog\/\"},{\"@type\":\"ListItem\",\"position\":2,\"name\":\"Dimitri Berg\u00e9, confirmer en 2017 la bonne saison 2016\"}]},{\"@type\":\"WebSite\",\"@id\":\"https:\/\/dicodusport.fr\/blog\/#website\",\"url\":\"https:\/\/dicodusport.fr\/blog\/\",\"name\":\"Dicodusport\",\"description\":\"L&#039;encyclop\u00e9die de l&#039;actualit\u00e9 sportive\",\"publisher\":{\"@id\":\"https:\/\/dicodusport.fr\/blog\/#organization\"},\"potentialAction\":[{\"@type\":\"SearchAction\",\"target\":{\"@type\":\"EntryPoint\",\"urlTemplate\":\"https:\/\/dicodusport.fr\/blog\/?s={search_term_string}\"},\"query-input\":{\"@type\":\"PropertyValueSpecification\",\"valueRequired\":true,\"valueName\":\"search_term_string\"}}],\"inLanguage\":\"fr-FR\"},{\"@type\":\"NewsMediaOrganization\",\"@id\":\"https:\/\/dicodusport.fr\/blog\/#organization\",\"name\":\"Dicodusport\",\"url\":\"https:\/\/dicodusport.fr\/blog\/\",\"logo\":{\"@type\":\"ImageObject\",\"inLanguage\":\"fr-FR\",\"@id\":\"https:\/\/dicodusport.fr\/blog\/#\/schema\/logo\/image\/\",\"url\":\"https:\/\/dicodusport.fr\/blog\/wp-content\/uploads\/2020\/06\/cropped-LOGO-DICODUSPORT-2020-SANS-FOND-SANS-TEXTE.png\",\"contentUrl\":\"https:\/\/dicodusport.fr\/blog\/wp-content\/uploads\/2020\/06\/cropped-LOGO-DICODUSPORT-2020-SANS-FOND-SANS-TEXTE.png\",\"width\":512,\"height\":512,\"caption\":\"Dicodusport\"},\"image\":{\"@id\":\"https:\/\/dicodusport.fr\/blog\/#\/schema\/logo\/image\/\"},\"sameAs\":[\"https:\/\/www.facebook.com\/dicodusport\",\"https:\/\/x.com\/dicodusport\",\"https:\/\/www.instagram.com\/dicodusport\/\",\"https:\/\/www.youtube.com\/channel\/UC7V2KZ5sd3htJivAbA4ZG3w\"],\"description\":\"Dicodusport est l'encyclop\u00e9die de l'actualit\u00e9 sportive.\",\"email\":\"bonjour@dicodusport.fr\",\"legalName\":\"DICODUSPORT\",\"foundingDate\":\"2018-01-14\",\"vatID\":\"FR71834470973\",\"taxID\":\"83447097300043\",\"numberOfEmployees\":{\"@type\":\"QuantitativeValue\",\"minValue\":\"1\",\"maxValue\":\"10\"}},{\"@type\":\"Person\",\"@id\":\"https:\/\/dicodusport.fr\/blog\/#\/schema\/person\/55dcb50ad410894e431ed812bbb70191\",\"name\":\"Nicolas Jacquemard\",\"image\":{\"@type\":\"ImageObject\",\"inLanguage\":\"fr-FR\",\"@id\":\"https:\/\/dicodusport.fr\/blog\/#\/schema\/person\/image\/\",\"url\":\"https:\/\/dicodusport.fr\/blog\/wp-content\/uploads\/2021\/05\/Nicolas-Jacquemard-150x150.jpeg\",\"contentUrl\":\"https:\/\/dicodusport.fr\/blog\/wp-content\/uploads\/2021\/05\/Nicolas-Jacquemard-150x150.jpeg\",\"caption\":\"Nicolas Jacquemard\"},\"description\":\"Passionn\u00e9 de sport et entrepreneur depuis mes 18 ans, la cr\u00e9ation de Dicodusport m'a sembl\u00e9 \u00e9vidente pour participer \u00e0 la m\u00e9diatisation d'un plus grand nombre de sports. Le chemin est long mais avec une \u00e9quipe des plus motiv\u00e9es et les Jeux Olympiques de Paris 2024 en point de mire, nous y arriverons ! Journaliste dans le monde du sport depuis plus de 5 ans, je traite aussi bien de football, de rugby, de biathlon que de cyclisme.\",\"sameAs\":[\"https:\/\/www.facebook.com\/dicodusport\",\"https:\/\/x.com\/https:\/\/twitter.com\/Nico_Jacquemard\"],\"url\":\"https:\/\/dicodusport.fr\/blog\/author\/dicodusport\/\"}]}<\/script>\n<!-- \/ Yoast SEO Premium plugin. -->","yoast_head_json":{"title":"Dimitri Berg\u00e9, confirmer en 2017 la bonne saison 2016","description":"On a rencontr\u00e9 Dimitri Berg\u00e9, pilote de speedway fran\u00e7ais, qui veut confirmer sa bonne saison 2016 sur les circuits en 2017.","robots":{"index":"index","follow":"follow","max-snippet":"max-snippet:-1","max-image-preview":"max-image-preview:large","max-video-preview":"max-video-preview:-1"},"canonical":"https:\/\/dicodusport.fr\/blog\/dimitri-berge-confirmer-2017-bonne-saison-2016\/","og_locale":"fr_FR","og_type":"article","og_title":"Dimitri Berg\u00e9, confirmer en 2017 la bonne saison 2016","og_description":"On a rencontr\u00e9 Dimitri Berg\u00e9, pilote de speedway fran\u00e7ais, qui veut confirmer sa bonne saison 2016 sur les circuits en 2017.","og_url":"https:\/\/dicodusport.fr\/blog\/dimitri-berge-confirmer-2017-bonne-saison-2016\/","og_site_name":"Dicodusport","article_publisher":"https:\/\/www.facebook.com\/dicodusport","article_author":"https:\/\/www.facebook.com\/dicodusport","article_published_time":"2017-02-09T13:54:33+00:00","article_modified_time":"2021-04-13T21:27:23+00:00","og_image":[{"width":1200,"height":670,"url":"https:\/\/dicodusport.fr\/blog\/wp-content\/uploads\/2017\/02\/Dimitri-Berg\u00e9.png","type":"image\/png"}],"author":"Nicolas Jacquemard","twitter_card":"summary_large_image","twitter_creator":"@https:\/\/twitter.com\/Nico_Jacquemard","twitter_site":"@dicodusport","schema":{"@context":"https:\/\/schema.org","@graph":[{"@type":"NewsArticle","@id":"https:\/\/dicodusport.fr\/blog\/dimitri-berge-confirmer-2017-bonne-saison-2016\/#article","isPartOf":{"@id":"https:\/\/dicodusport.fr\/blog\/dimitri-berge-confirmer-2017-bonne-saison-2016\/"},"author":{"name":"Nicolas Jacquemard","@id":"https:\/\/dicodusport.fr\/blog\/#\/schema\/person\/55dcb50ad410894e431ed812bbb70191"},"headline":"Dimitri Berg\u00e9, confirmer en 2017 la bonne saison 2016","datePublished":"2017-02-09T13:54:33+00:00","dateModified":"2021-04-13T21:27:23+00:00","mainEntityOfPage":{"@id":"https:\/\/dicodusport.fr\/blog\/dimitri-berge-confirmer-2017-bonne-saison-2016\/"},"wordCount":261,"commentCount":0,"publisher":{"@id":"https:\/\/dicodusport.fr\/blog\/#organization"},"image":{"@id":"https:\/\/dicodusport.fr\/blog\/dimitri-berge-confirmer-2017-bonne-saison-2016\/#primaryimage"},"thumbnailUrl":"https:\/\/dicodusport.fr\/blog\/wp-content\/uploads\/2017\/02\/Dimitri-Berg\u00e9.png","keywords":["moto"],"articleSection":["Portraits"],"inLanguage":"fr-FR","potentialAction":[{"@type":"CommentAction","name":"Comment","target":["https:\/\/dicodusport.fr\/blog\/dimitri-berge-confirmer-2017-bonne-saison-2016\/#respond"]}],"copyrightYear":"2017","copyrightHolder":{"@id":"https:\/\/dicodusport.fr\/blog\/#organization"}},{"@type":"WebPage","@id":"https:\/\/dicodusport.fr\/blog\/dimitri-berge-confirmer-2017-bonne-saison-2016\/","url":"https:\/\/dicodusport.fr\/blog\/dimitri-berge-confirmer-2017-bonne-saison-2016\/","name":"Dimitri Berg\u00e9, confirmer en 2017 la bonne saison 2016","isPartOf":{"@id":"https:\/\/dicodusport.fr\/blog\/#website"},"primaryImageOfPage":{"@id":"https:\/\/dicodusport.fr\/blog\/dimitri-berge-confirmer-2017-bonne-saison-2016\/#primaryimage"},"image":{"@id":"https:\/\/dicodusport.fr\/blog\/dimitri-berge-confirmer-2017-bonne-saison-2016\/#primaryimage"},"thumbnailUrl":"https:\/\/dicodusport.fr\/blog\/wp-content\/uploads\/2017\/02\/Dimitri-Berg\u00e9.png","datePublished":"2017-02-09T13:54:33+00:00","dateModified":"2021-04-13T21:27:23+00:00","description":"On a rencontr\u00e9 Dimitri Berg\u00e9, pilote de speedway fran\u00e7ais, qui veut confirmer sa bonne saison 2016 sur les circuits en 2017.","breadcrumb":{"@id":"https:\/\/dicodusport.fr\/blog\/dimitri-berge-confirmer-2017-bonne-saison-2016\/#breadcrumb"},"inLanguage":"fr-FR","potentialAction":[{"@type":"ReadAction","target":["https:\/\/dicodusport.fr\/blog\/dimitri-berge-confirmer-2017-bonne-saison-2016\/"]}]},{"@type":"ImageObject","inLanguage":"fr-FR","@id":"https:\/\/dicodusport.fr\/blog\/dimitri-berge-confirmer-2017-bonne-saison-2016\/#primaryimage","url":"https:\/\/dicodusport.fr\/blog\/wp-content\/uploads\/2017\/02\/Dimitri-Berg\u00e9.png","contentUrl":"https:\/\/dicodusport.fr\/blog\/wp-content\/uploads\/2017\/02\/Dimitri-Berg\u00e9.png","width":1200,"height":670,"caption":"Dimitri Berg\u00e9"},{"@type":"BreadcrumbList","@id":"https:\/\/dicodusport.fr\/blog\/dimitri-berge-confirmer-2017-bonne-saison-2016\/#breadcrumb","itemListElement":[{"@type":"ListItem","position":1,"name":"Accueil","item":"https:\/\/dicodusport.fr\/blog\/"},{"@type":"ListItem","position":2,"name":"Dimitri Berg\u00e9, confirmer en 2017 la bonne saison 2016"}]},{"@type":"WebSite","@id":"https:\/\/dicodusport.fr\/blog\/#website","url":"https:\/\/dicodusport.fr\/blog\/","name":"Dicodusport","description":"L&#039;encyclop\u00e9die de l&#039;actualit\u00e9 sportive","publisher":{"@id":"https:\/\/dicodusport.fr\/blog\/#organization"},"potentialAction":[{"@type":"SearchAction","target":{"@type":"EntryPoint","urlTemplate":"https:\/\/dicodusport.fr\/blog\/?s={search_term_string}"},"query-input":{"@type":"PropertyValueSpecification","valueRequired":true,"valueName":"search_term_string"}}],"inLanguage":"fr-FR"},{"@type":"NewsMediaOrganization","@id":"https:\/\/dicodusport.fr\/blog\/#organization","name":"Dicodusport","url":"https:\/\/dicodusport.fr\/blog\/","logo":{"@type":"ImageObject","inLanguage":"fr-FR","@id":"https:\/\/dicodusport.fr\/blog\/#\/schema\/logo\/image\/","url":"https:\/\/dicodusport.fr\/blog\/wp-content\/uploads\/2020\/06\/cropped-LOGO-DICODUSPORT-2020-SANS-FOND-SANS-TEXTE.png","contentUrl":"https:\/\/dicodusport.fr\/blog\/wp-content\/uploads\/2020\/06\/cropped-LOGO-DICODUSPORT-2020-SANS-FOND-SANS-TEXTE.png","width":512,"height":512,"caption":"Dicodusport"},"image":{"@id":"https:\/\/dicodusport.fr\/blog\/#\/schema\/logo\/image\/"},"sameAs":["https:\/\/www.facebook.com\/dicodusport","https:\/\/x.com\/dicodusport","https:\/\/www.instagram.com\/dicodusport\/","https:\/\/www.youtube.com\/channel\/UC7V2KZ5sd3htJivAbA4ZG3w"],"description":"Dicodusport est l'encyclop\u00e9die de l'actualit\u00e9 sportive.","email":"bonjour@dicodusport.fr","legalName":"DICODUSPORT","foundingDate":"2018-01-14","vatID":"FR71834470973","taxID":"83447097300043","numberOfEmployees":{"@type":"QuantitativeValue","minValue":"1","maxValue":"10"}},{"@type":"Person","@id":"https:\/\/dicodusport.fr\/blog\/#\/schema\/person\/55dcb50ad410894e431ed812bbb70191","name":"Nicolas Jacquemard","image":{"@type":"ImageObject","inLanguage":"fr-FR","@id":"https:\/\/dicodusport.fr\/blog\/#\/schema\/person\/image\/","url":"https:\/\/dicodusport.fr\/blog\/wp-content\/uploads\/2021\/05\/Nicolas-Jacquemard-150x150.jpeg","contentUrl":"https:\/\/dicodusport.fr\/blog\/wp-content\/uploads\/2021\/05\/Nicolas-Jacquemard-150x150.jpeg","caption":"Nicolas Jacquemard"},"description":"Passionn\u00e9 de sport et entrepreneur depuis mes 18 ans, la cr\u00e9ation de Dicodusport m'a sembl\u00e9 \u00e9vidente pour participer \u00e0 la m\u00e9diatisation d'un plus grand nombre de sports. Le chemin est long mais avec une \u00e9quipe des plus motiv\u00e9es et les Jeux Olympiques de Paris 2024 en point de mire, nous y arriverons ! Journaliste dans le monde du sport depuis plus de 5 ans, je traite aussi bien de football, de rugby, de biathlon que de cyclisme.","sameAs":["https:\/\/www.facebook.com\/dicodusport","https:\/\/x.com\/https:\/\/twitter.com\/Nico_Jacquemard"],"url":"https:\/\/dicodusport.fr\/blog\/author\/dicodusport\/"}]}},"_links":{"self":[{"href":"https:\/\/dicodusport.fr\/blog\/wp-json\/wp\/v2\/posts\/1064","targetHints":{"allow":["GET"]}}],"collection":[{"href":"https:\/\/dicodusport.fr\/blog\/wp-json\/wp\/v2\/posts"}],"about":[{"href":"https:\/\/dicodusport.fr\/blog\/wp-json\/wp\/v2\/types\/post"}],"author":[{"embeddable":true,"href":"https:\/\/dicodusport.fr\/blog\/wp-json\/wp\/v2\/users\/1"}],"replies":[{"embeddable":true,"href":"https:\/\/dicodusport.fr\/blog\/wp-json\/wp\/v2\/comments?post=1064"}],"version-history":[{"count":0,"href":"https:\/\/dicodusport.fr\/blog\/wp-json\/wp\/v2\/posts\/1064\/revisions"}],"wp:featuredmedia":[{"embeddable":true,"href":"https:\/\/dicodusport.fr\/blog\/wp-json\/wp\/v2\/media\/1065"}],"wp:attachment":[{"href":"https:\/\/dicodusport.fr\/blog\/wp-json\/wp\/v2\/media?parent=1064"}],"wp:term":[{"taxonomy":"category","embeddable":true,"href":"https:\/\/dicodusport.fr\/blog\/wp-json\/wp\/v2\/categories?post=1064"},{"taxonomy":"post_tag","embeddable":true,"href":"https:\/\/dicodusport.fr\/blog\/wp-json\/wp\/v2\/tags?post=1064"}],"curies":[{"name":"wp","href":"https:\/\/api.w.org\/{rel}","templated":true}]}}