{"id":106598,"date":"2021-02-15T10:56:30","date_gmt":"2021-02-15T09:56:30","guid":{"rendered":"https:\/\/dicodusport.fr\/blog\/?p=106598&#038;preview=true&#038;preview_id=106598"},"modified":"2021-02-15T11:16:50","modified_gmt":"2021-02-15T10:16:50","slug":"cortina-d-ampezzo-brignone-en-tete-du-combine-alpin-apres-super-g-shiffrin-et-vlhova-placees","status":"publish","type":"post","link":"https:\/\/dicodusport.fr\/blog\/cortina-d-ampezzo-brignone-en-tete-du-combine-alpin-apres-super-g-shiffrin-et-vlhova-placees\/","title":{"rendered":"Cortina d&rsquo;Ampezzo : Brignone en t\u00eate du combin\u00e9 apr\u00e8s le Super-G, Shiffrin et Vlhova plac\u00e9es"},"content":{"rendered":"<p style=\"text-align: justify;\"><strong><em><a href=\"https:\/\/dicodusport.fr\/blog\/ski-alpin-championnats-du-monde-2021-programme-complet\/\" target=\"_blank\" rel=\"noopener\">SKI ALPIN &#8211; CHAMPIONNATS DU MONDE 2021<\/a> &#8211; L&rsquo;Italienne Federica Brignone a r\u00e9alis\u00e9 le meilleur temps du Super-G du combin\u00e9 alpin des Mondiaux de Cortina d&rsquo;Ampezzo ce lundi matin. Elle devance sa compatriote Elena Curtoni (+0.01) et l&rsquo;une des grandes favorites, l&rsquo;Am\u00e9ricaine Mikaela Shiffrin (+0.06).<\/em><\/strong><\/p>\n<p style=\"text-align: justify;\">14. Cet apr\u00e8s-midi, \u00e0 14h10, elles seront 14 skieuses dans la m\u00eame seconde au d\u00e9part du slalom du combin\u00e9 alpin des <strong>Mondiaux de Cortina d&rsquo;Ampezzo<\/strong>. Parmi elles, l&rsquo;Italienne <strong>Federica Brignone<\/strong> s&rsquo;est empar\u00e9e du meilleur temps du Super-G, avec un petit centi\u00e8me d&rsquo;avance sur sa compatriote, <strong>Elena Curtoni<\/strong>. Mais la grosse information, c&rsquo;est bien la troisi\u00e8me place de <strong>Mikaela Shiffrin<\/strong> : l&rsquo;Am\u00e9ricaine partira avec un retard de six petits centi\u00e8mes sur Brignone. Shiffrin, qui a d\u00e9laiss\u00e9 le combin\u00e9 depuis les JO de Pyeongchang en 2018 lors desquels elle avait rafl\u00e9 la m\u00e9daille d&rsquo;argent, est pour rappel quadruple championne du monde en titre du slalom.<\/p>\n<p style=\"text-align: justify;\">\u00c0 surveiller \u00e9galement, <strong>Petra Vlhova<\/strong>, qui est actuellement la meilleure slalomeuse au monde, avec trois succ\u00e8s en Coupe du monde cette saison. La Slovaque, 7\u00e8me du Super-G, est \u00e0 34 centi\u00e8mes de Shiffrin. C\u00f4t\u00e9 Fran\u00e7aises, <strong>Laura Gauch\u00e9<\/strong> est 16\u00e8me (+1.18), <strong>Tifany Roux<\/strong> 28\u00e8me (+3.44).<\/p>\n<blockquote class=\"twitter-tweet\">\n<p dir=\"ltr\" lang=\"fr\">[Jour de combin\u00e9 Alpin] C&rsquo;est un \u00e9norme slalom qui aura lieu en d\u00e9but d&rsquo;apr\u00e8s midi avec 14 skieuses dans la seconde<br \/>\nRegardez ce classement<br \/>\n1 Federica Brignone<br \/>\n2 Elena Curtoni (+0.01)<br \/>\n3 Mikaela Shiffrin (+0.06)<br \/>\n4 Ester Ledecka (+0.16)<br \/>\n5 Michelle Gisin (+0.26)<br \/>\nPetra Vhlova \u00e0 +0.40<\/p>\n<p>\u2014 Top Ski News (@Top_Ski_News) <a href=\"https:\/\/twitter.com\/Top_Ski_News\/status\/1361250418714681345?ref_src=twsrc%5Etfw\">February 15, 2021<\/a><\/p><\/blockquote>\n<p><script async src=\"https:\/\/platform.twitter.com\/widgets.js\" charset=\"utf-8\"><\/script><\/p>\n<h2 style=\"text-align: justify;\">\u00c0 lire aussi<\/h2>\n<ul>\n<li style=\"text-align: justify;\"><a href=\"https:\/\/dicodusport.fr\/blog\/ski-alpin-championnats-du-monde-2021-classement-combine-alpin-femmes\/\" target=\"_blank\" rel=\"noopener\"><strong>Le classement du combin\u00e9 alpin femmes apr\u00e8s le Super-G<\/strong><\/a><\/li>\n<li style=\"text-align: justify;\"><a href=\"https:\/\/dicodusport.fr\/blog\/ski-alpin-championnats-du-monde-2021-tableau-des-medailles\/\" target=\"_blank\" rel=\"noopener\"><strong>Le tableau des m\u00e9dailles<\/strong><\/a><\/li>\n<\/ul>\n<p><strong><em>Dicodusport<br \/>\n<a href=\"https:\/\/www.facebook.com\/dicodusport\/\" target=\"_blank\" rel=\"noopener noreferrer\"><img loading=\"lazy\" decoding=\"async\" class=\"alignnone wp-image-2909\" src=\"http:\/\/dicodusport.fr\/blog\/wp-content\/uploads\/2017\/07\/logo-facebook-150x150.png\" alt=\"\" width=\"40\" height=\"40\" \/><\/a><a href=\"https:\/\/twitter.com\/dicodusport\" target=\"_blank\" rel=\"noopener noreferrer\"><img loading=\"lazy\" decoding=\"async\" class=\"alignnone wp-image-2908\" src=\"http:\/\/dicodusport.fr\/blog\/wp-content\/uploads\/2017\/07\/logo-twitter-150x150.png\" alt=\"\" width=\"39\" height=\"39\" \/><\/a><\/em><\/strong><\/p>\n","protected":false},"excerpt":{"rendered":"<p>SKI ALPIN &#8211; CHAMPIONNATS DU MONDE 2021 &#8211; L&rsquo;Italienne Federica Brignone a r\u00e9alis\u00e9 le meilleur temps du Super-G du combin\u00e9 alpin des Mondiaux de Cortina d&rsquo;Ampezzo ce lundi matin. Elle devance sa compatriote Elena Curtoni (+0.01) et l&rsquo;une des grandes favorites, l&rsquo;Am\u00e9ricaine Mikaela Shiffrin (+0.06).<\/p>\n","protected":false},"author":4,"featured_media":106615,"comment_status":"open","ping_status":"closed","sticky":false,"template":"","format":"standard","meta":{"_acf_changed":false,"_daextam_enable_autolinks":"","footnotes":""},"categories":[47083],"tags":[2233],"class_list":["post-106598","post","type-post","status-publish","format-standard","has-post-thumbnail","hentry","category-championnats-du-monde-ski-alpin","tag-ski-alpin"],"acf":[],"yoast_head":"<!-- This site is optimized with the Yoast SEO Premium plugin v26.7 (Yoast SEO v26.7) - https:\/\/yoast.com\/wordpress\/plugins\/seo\/ -->\n<title>Cortina d&#039;Ampezzo : Brignone en t\u00eate du combin\u00e9 apr\u00e8s le Super-G, Shiffrin et Vlhova plac\u00e9es<\/title>\n<meta name=\"description\" content=\"SKI ALPIN - CHAMPIONNATS DU MONDE 2021 - Federica Brignone a r\u00e9alis\u00e9 le meilleur temps du Super-G du combin\u00e9 alpin des Mondiaux de Cortina d&#039;Ampezzo.\" \/>\n<meta name=\"robots\" content=\"index, follow, max-snippet:-1, max-image-preview:large, max-video-preview:-1\" \/>\n<link rel=\"canonical\" href=\"https:\/\/dicodusport.fr\/blog\/cortina-d-ampezzo-brignone-en-tete-du-combine-alpin-apres-super-g-shiffrin-et-vlhova-placees\/\" \/>\n<meta property=\"og:locale\" content=\"fr_FR\" \/>\n<meta property=\"og:type\" content=\"article\" \/>\n<meta property=\"og:title\" content=\"Cortina d&#039;Ampezzo : Brignone en t\u00eate du combin\u00e9 apr\u00e8s le Super-G, Shiffrin et Vlhova plac\u00e9es\" \/>\n<meta property=\"og:description\" content=\"SKI ALPIN - CHAMPIONNATS DU MONDE 2021 - Federica Brignone a r\u00e9alis\u00e9 le meilleur temps du Super-G du combin\u00e9 alpin des Mondiaux de Cortina d&#039;Ampezzo.\" \/>\n<meta property=\"og:url\" content=\"https:\/\/dicodusport.fr\/blog\/cortina-d-ampezzo-brignone-en-tete-du-combine-alpin-apres-super-g-shiffrin-et-vlhova-placees\/\" \/>\n<meta property=\"og:site_name\" content=\"Dicodusport\" \/>\n<meta property=\"article:publisher\" content=\"https:\/\/www.facebook.com\/dicodusport\" \/>\n<meta property=\"article:author\" content=\"https:\/\/www.facebook.com\/florent.ostermann\" \/>\n<meta property=\"article:published_time\" content=\"2021-02-15T09:56:30+00:00\" \/>\n<meta property=\"article:modified_time\" content=\"2021-02-15T10:16:50+00:00\" \/>\n<meta property=\"og:image\" content=\"https:\/\/dicodusport.fr\/blog\/wp-content\/uploads\/2021\/02\/Cortina-dAmpezzo-Brignone-en-tete-du-combine-apres-le-Super-G-Shiffrin-et-Vlhova-placees.png\" \/>\n\t<meta property=\"og:image:width\" content=\"800\" \/>\n\t<meta property=\"og:image:height\" content=\"445\" \/>\n\t<meta property=\"og:image:type\" content=\"image\/png\" \/>\n<meta name=\"author\" content=\"Flo Ostermann\" \/>\n<meta name=\"twitter:card\" content=\"summary_large_image\" \/>\n<meta name=\"twitter:title\" content=\"Cortina d&#039;Ampezzo : Brignone en t\u00eate du combin\u00e9 apr\u00e8s le Super-G, Shiffrin et Vlhova plac\u00e9es\" \/>\n<meta name=\"twitter:creator\" content=\"@https:\/\/twitter.com\/FlOstermann\" \/>\n<meta name=\"twitter:site\" content=\"@dicodusport\" \/>\n<script type=\"application\/ld+json\" class=\"yoast-schema-graph\">{\"@context\":\"https:\/\/schema.org\",\"@graph\":[{\"@type\":\"NewsArticle\",\"@id\":\"https:\/\/dicodusport.fr\/blog\/cortina-d-ampezzo-brignone-en-tete-du-combine-alpin-apres-super-g-shiffrin-et-vlhova-placees\/#article\",\"isPartOf\":{\"@id\":\"https:\/\/dicodusport.fr\/blog\/cortina-d-ampezzo-brignone-en-tete-du-combine-alpin-apres-super-g-shiffrin-et-vlhova-placees\/\"},\"author\":{\"name\":\"Flo Ostermann\",\"@id\":\"https:\/\/dicodusport.fr\/blog\/#\/schema\/person\/cb02af4c173ce4a653b55e9baf388d4a\"},\"headline\":\"Cortina d&rsquo;Ampezzo : Brignone en t\u00eate du combin\u00e9 apr\u00e8s le Super-G, Shiffrin et Vlhova plac\u00e9es\",\"datePublished\":\"2021-02-15T09:56:30+00:00\",\"dateModified\":\"2021-02-15T10:16:50+00:00\",\"mainEntityOfPage\":{\"@id\":\"https:\/\/dicodusport.fr\/blog\/cortina-d-ampezzo-brignone-en-tete-du-combine-alpin-apres-super-g-shiffrin-et-vlhova-placees\/\"},\"wordCount\":288,\"commentCount\":0,\"publisher\":{\"@id\":\"https:\/\/dicodusport.fr\/blog\/#organization\"},\"image\":{\"@id\":\"https:\/\/dicodusport.fr\/blog\/cortina-d-ampezzo-brignone-en-tete-du-combine-alpin-apres-super-g-shiffrin-et-vlhova-placees\/#primaryimage\"},\"thumbnailUrl\":\"https:\/\/dicodusport.fr\/blog\/wp-content\/uploads\/2021\/02\/Cortina-dAmpezzo-Brignone-en-tete-du-combine-apres-le-Super-G-Shiffrin-et-Vlhova-placees.png\",\"keywords\":[\"Ski alpin\"],\"articleSection\":[\"Championnats du monde de ski alpin\"],\"inLanguage\":\"fr-FR\",\"potentialAction\":[{\"@type\":\"CommentAction\",\"name\":\"Comment\",\"target\":[\"https:\/\/dicodusport.fr\/blog\/cortina-d-ampezzo-brignone-en-tete-du-combine-alpin-apres-super-g-shiffrin-et-vlhova-placees\/#respond\"]}],\"copyrightYear\":\"2021\",\"copyrightHolder\":{\"@id\":\"https:\/\/dicodusport.fr\/blog\/#organization\"}},{\"@type\":\"WebPage\",\"@id\":\"https:\/\/dicodusport.fr\/blog\/cortina-d-ampezzo-brignone-en-tete-du-combine-alpin-apres-super-g-shiffrin-et-vlhova-placees\/\",\"url\":\"https:\/\/dicodusport.fr\/blog\/cortina-d-ampezzo-brignone-en-tete-du-combine-alpin-apres-super-g-shiffrin-et-vlhova-placees\/\",\"name\":\"Cortina d'Ampezzo : Brignone en t\u00eate du combin\u00e9 apr\u00e8s le Super-G, Shiffrin et Vlhova plac\u00e9es\",\"isPartOf\":{\"@id\":\"https:\/\/dicodusport.fr\/blog\/#website\"},\"primaryImageOfPage\":{\"@id\":\"https:\/\/dicodusport.fr\/blog\/cortina-d-ampezzo-brignone-en-tete-du-combine-alpin-apres-super-g-shiffrin-et-vlhova-placees\/#primaryimage\"},\"image\":{\"@id\":\"https:\/\/dicodusport.fr\/blog\/cortina-d-ampezzo-brignone-en-tete-du-combine-alpin-apres-super-g-shiffrin-et-vlhova-placees\/#primaryimage\"},\"thumbnailUrl\":\"https:\/\/dicodusport.fr\/blog\/wp-content\/uploads\/2021\/02\/Cortina-dAmpezzo-Brignone-en-tete-du-combine-apres-le-Super-G-Shiffrin-et-Vlhova-placees.png\",\"datePublished\":\"2021-02-15T09:56:30+00:00\",\"dateModified\":\"2021-02-15T10:16:50+00:00\",\"description\":\"SKI ALPIN - CHAMPIONNATS DU MONDE 2021 - Federica Brignone a r\u00e9alis\u00e9 le meilleur temps du Super-G du combin\u00e9 alpin des Mondiaux de Cortina d'Ampezzo.\",\"breadcrumb\":{\"@id\":\"https:\/\/dicodusport.fr\/blog\/cortina-d-ampezzo-brignone-en-tete-du-combine-alpin-apres-super-g-shiffrin-et-vlhova-placees\/#breadcrumb\"},\"inLanguage\":\"fr-FR\",\"potentialAction\":[{\"@type\":\"ReadAction\",\"target\":[\"https:\/\/dicodusport.fr\/blog\/cortina-d-ampezzo-brignone-en-tete-du-combine-alpin-apres-super-g-shiffrin-et-vlhova-placees\/\"]}]},{\"@type\":\"ImageObject\",\"inLanguage\":\"fr-FR\",\"@id\":\"https:\/\/dicodusport.fr\/blog\/cortina-d-ampezzo-brignone-en-tete-du-combine-alpin-apres-super-g-shiffrin-et-vlhova-placees\/#primaryimage\",\"url\":\"https:\/\/dicodusport.fr\/blog\/wp-content\/uploads\/2021\/02\/Cortina-dAmpezzo-Brignone-en-tete-du-combine-apres-le-Super-G-Shiffrin-et-Vlhova-placees.png\",\"contentUrl\":\"https:\/\/dicodusport.fr\/blog\/wp-content\/uploads\/2021\/02\/Cortina-dAmpezzo-Brignone-en-tete-du-combine-apres-le-Super-G-Shiffrin-et-Vlhova-placees.png\",\"width\":800,\"height\":445,\"caption\":\"Ski alpin - Championnats du monde 2021 : la startlist des qualifications du slalom parall\u00e8le femmes\"},{\"@type\":\"BreadcrumbList\",\"@id\":\"https:\/\/dicodusport.fr\/blog\/cortina-d-ampezzo-brignone-en-tete-du-combine-alpin-apres-super-g-shiffrin-et-vlhova-placees\/#breadcrumb\",\"itemListElement\":[{\"@type\":\"ListItem\",\"position\":1,\"name\":\"Accueil\",\"item\":\"https:\/\/dicodusport.fr\/blog\/\"},{\"@type\":\"ListItem\",\"position\":2,\"name\":\"Cortina d&rsquo;Ampezzo : Brignone en t\u00eate du combin\u00e9 apr\u00e8s le Super-G, Shiffrin et Vlhova plac\u00e9es\"}]},{\"@type\":\"WebSite\",\"@id\":\"https:\/\/dicodusport.fr\/blog\/#website\",\"url\":\"https:\/\/dicodusport.fr\/blog\/\",\"name\":\"Dicodusport\",\"description\":\"L&#039;encyclop\u00e9die de l&#039;actualit\u00e9 sportive\",\"publisher\":{\"@id\":\"https:\/\/dicodusport.fr\/blog\/#organization\"},\"potentialAction\":[{\"@type\":\"SearchAction\",\"target\":{\"@type\":\"EntryPoint\",\"urlTemplate\":\"https:\/\/dicodusport.fr\/blog\/?s={search_term_string}\"},\"query-input\":{\"@type\":\"PropertyValueSpecification\",\"valueRequired\":true,\"valueName\":\"search_term_string\"}}],\"inLanguage\":\"fr-FR\"},{\"@type\":\"NewsMediaOrganization\",\"@id\":\"https:\/\/dicodusport.fr\/blog\/#organization\",\"name\":\"Dicodusport\",\"url\":\"https:\/\/dicodusport.fr\/blog\/\",\"logo\":{\"@type\":\"ImageObject\",\"inLanguage\":\"fr-FR\",\"@id\":\"https:\/\/dicodusport.fr\/blog\/#\/schema\/logo\/image\/\",\"url\":\"https:\/\/dicodusport.fr\/blog\/wp-content\/uploads\/2020\/06\/cropped-LOGO-DICODUSPORT-2020-SANS-FOND-SANS-TEXTE.png\",\"contentUrl\":\"https:\/\/dicodusport.fr\/blog\/wp-content\/uploads\/2020\/06\/cropped-LOGO-DICODUSPORT-2020-SANS-FOND-SANS-TEXTE.png\",\"width\":512,\"height\":512,\"caption\":\"Dicodusport\"},\"image\":{\"@id\":\"https:\/\/dicodusport.fr\/blog\/#\/schema\/logo\/image\/\"},\"sameAs\":[\"https:\/\/www.facebook.com\/dicodusport\",\"https:\/\/x.com\/dicodusport\",\"https:\/\/www.instagram.com\/dicodusport\/\",\"https:\/\/www.youtube.com\/channel\/UC7V2KZ5sd3htJivAbA4ZG3w\"],\"description\":\"Dicodusport est l'encyclop\u00e9die de l'actualit\u00e9 sportive.\",\"email\":\"bonjour@dicodusport.fr\",\"legalName\":\"DICODUSPORT\",\"foundingDate\":\"2018-01-14\",\"vatID\":\"FR71834470973\",\"taxID\":\"83447097300043\",\"numberOfEmployees\":{\"@type\":\"QuantitativeValue\",\"minValue\":\"1\",\"maxValue\":\"10\"}},{\"@type\":\"Person\",\"@id\":\"https:\/\/dicodusport.fr\/blog\/#\/schema\/person\/cb02af4c173ce4a653b55e9baf388d4a\",\"name\":\"Flo Ostermann\",\"image\":{\"@type\":\"ImageObject\",\"inLanguage\":\"fr-FR\",\"@id\":\"https:\/\/dicodusport.fr\/blog\/#\/schema\/person\/image\/\",\"url\":\"https:\/\/dicodusport.fr\/blog\/wp-content\/uploads\/2021\/05\/Flo-Ostermann-150x150.jpg\",\"contentUrl\":\"https:\/\/dicodusport.fr\/blog\/wp-content\/uploads\/2021\/05\/Flo-Ostermann-150x150.jpg\",\"caption\":\"Flo Ostermann\"},\"description\":\"Journaliste\/R\u00e9dacteur depuis septembre 2015 - Mes premiers souvenirs dans le sport ? Les envol\u00e9es du Stade Toulousain et les duels Villeneuve-Schumacher et H\u00e4kkinen-Schumacher \u00e0 la fin des ann\u00e9es 90, la Coupe du monde de football en 1998, l\u2019exploit du XV de France face aux All Blacks en 1999, mais aussi Richard C\u0153ur de Lion qui vole sur les montagnes du Tour de France. Bien parti pour devenir professeur d\u2019EPS, les \u00e9v\u00e9nements de la vie (et la flemme d\u2019animer des s\u00e9ances de 3x500 m\u00e8tres toute ma vie) m\u2019ont conduit \u00e0 revoir mes plans. Me voil\u00e0 depuis fin 2017 sur Dicodusport, m\u00e9dia gr\u00e2ce (et pour) lequel je partage ma passion : le sport dans tous ses \u00e9tats. Le tout accompagn\u00e9 par les fous furieux et folles furieuses cit\u00e9s sur cette page !\",\"sameAs\":[\"https:\/\/www.facebook.com\/florent.ostermann\",\"https:\/\/x.com\/https:\/\/twitter.com\/FlOstermann\",\"admin\"],\"url\":\"https:\/\/dicodusport.fr\/blog\/author\/flo\/\"}]}<\/script>\n<!-- \/ Yoast SEO Premium plugin. -->","yoast_head_json":{"title":"Cortina d'Ampezzo : Brignone en t\u00eate du combin\u00e9 apr\u00e8s le Super-G, Shiffrin et Vlhova plac\u00e9es","description":"SKI ALPIN - CHAMPIONNATS DU MONDE 2021 - Federica Brignone a r\u00e9alis\u00e9 le meilleur temps du Super-G du combin\u00e9 alpin des Mondiaux de Cortina d'Ampezzo.","robots":{"index":"index","follow":"follow","max-snippet":"max-snippet:-1","max-image-preview":"max-image-preview:large","max-video-preview":"max-video-preview:-1"},"canonical":"https:\/\/dicodusport.fr\/blog\/cortina-d-ampezzo-brignone-en-tete-du-combine-alpin-apres-super-g-shiffrin-et-vlhova-placees\/","og_locale":"fr_FR","og_type":"article","og_title":"Cortina d'Ampezzo : Brignone en t\u00eate du combin\u00e9 apr\u00e8s le Super-G, Shiffrin et Vlhova plac\u00e9es","og_description":"SKI ALPIN - CHAMPIONNATS DU MONDE 2021 - Federica Brignone a r\u00e9alis\u00e9 le meilleur temps du Super-G du combin\u00e9 alpin des Mondiaux de Cortina d'Ampezzo.","og_url":"https:\/\/dicodusport.fr\/blog\/cortina-d-ampezzo-brignone-en-tete-du-combine-alpin-apres-super-g-shiffrin-et-vlhova-placees\/","og_site_name":"Dicodusport","article_publisher":"https:\/\/www.facebook.com\/dicodusport","article_author":"https:\/\/www.facebook.com\/florent.ostermann","article_published_time":"2021-02-15T09:56:30+00:00","article_modified_time":"2021-02-15T10:16:50+00:00","og_image":[{"width":800,"height":445,"url":"https:\/\/dicodusport.fr\/blog\/wp-content\/uploads\/2021\/02\/Cortina-dAmpezzo-Brignone-en-tete-du-combine-apres-le-Super-G-Shiffrin-et-Vlhova-placees.png","type":"image\/png"}],"author":"Flo Ostermann","twitter_card":"summary_large_image","twitter_title":"Cortina d'Ampezzo : Brignone en t\u00eate du combin\u00e9 apr\u00e8s le Super-G, Shiffrin et Vlhova plac\u00e9es","twitter_creator":"@https:\/\/twitter.com\/FlOstermann","twitter_site":"@dicodusport","schema":{"@context":"https:\/\/schema.org","@graph":[{"@type":"NewsArticle","@id":"https:\/\/dicodusport.fr\/blog\/cortina-d-ampezzo-brignone-en-tete-du-combine-alpin-apres-super-g-shiffrin-et-vlhova-placees\/#article","isPartOf":{"@id":"https:\/\/dicodusport.fr\/blog\/cortina-d-ampezzo-brignone-en-tete-du-combine-alpin-apres-super-g-shiffrin-et-vlhova-placees\/"},"author":{"name":"Flo Ostermann","@id":"https:\/\/dicodusport.fr\/blog\/#\/schema\/person\/cb02af4c173ce4a653b55e9baf388d4a"},"headline":"Cortina d&rsquo;Ampezzo : Brignone en t\u00eate du combin\u00e9 apr\u00e8s le Super-G, Shiffrin et Vlhova plac\u00e9es","datePublished":"2021-02-15T09:56:30+00:00","dateModified":"2021-02-15T10:16:50+00:00","mainEntityOfPage":{"@id":"https:\/\/dicodusport.fr\/blog\/cortina-d-ampezzo-brignone-en-tete-du-combine-alpin-apres-super-g-shiffrin-et-vlhova-placees\/"},"wordCount":288,"commentCount":0,"publisher":{"@id":"https:\/\/dicodusport.fr\/blog\/#organization"},"image":{"@id":"https:\/\/dicodusport.fr\/blog\/cortina-d-ampezzo-brignone-en-tete-du-combine-alpin-apres-super-g-shiffrin-et-vlhova-placees\/#primaryimage"},"thumbnailUrl":"https:\/\/dicodusport.fr\/blog\/wp-content\/uploads\/2021\/02\/Cortina-dAmpezzo-Brignone-en-tete-du-combine-apres-le-Super-G-Shiffrin-et-Vlhova-placees.png","keywords":["Ski alpin"],"articleSection":["Championnats du monde de ski alpin"],"inLanguage":"fr-FR","potentialAction":[{"@type":"CommentAction","name":"Comment","target":["https:\/\/dicodusport.fr\/blog\/cortina-d-ampezzo-brignone-en-tete-du-combine-alpin-apres-super-g-shiffrin-et-vlhova-placees\/#respond"]}],"copyrightYear":"2021","copyrightHolder":{"@id":"https:\/\/dicodusport.fr\/blog\/#organization"}},{"@type":"WebPage","@id":"https:\/\/dicodusport.fr\/blog\/cortina-d-ampezzo-brignone-en-tete-du-combine-alpin-apres-super-g-shiffrin-et-vlhova-placees\/","url":"https:\/\/dicodusport.fr\/blog\/cortina-d-ampezzo-brignone-en-tete-du-combine-alpin-apres-super-g-shiffrin-et-vlhova-placees\/","name":"Cortina d'Ampezzo : Brignone en t\u00eate du combin\u00e9 apr\u00e8s le Super-G, Shiffrin et Vlhova plac\u00e9es","isPartOf":{"@id":"https:\/\/dicodusport.fr\/blog\/#website"},"primaryImageOfPage":{"@id":"https:\/\/dicodusport.fr\/blog\/cortina-d-ampezzo-brignone-en-tete-du-combine-alpin-apres-super-g-shiffrin-et-vlhova-placees\/#primaryimage"},"image":{"@id":"https:\/\/dicodusport.fr\/blog\/cortina-d-ampezzo-brignone-en-tete-du-combine-alpin-apres-super-g-shiffrin-et-vlhova-placees\/#primaryimage"},"thumbnailUrl":"https:\/\/dicodusport.fr\/blog\/wp-content\/uploads\/2021\/02\/Cortina-dAmpezzo-Brignone-en-tete-du-combine-apres-le-Super-G-Shiffrin-et-Vlhova-placees.png","datePublished":"2021-02-15T09:56:30+00:00","dateModified":"2021-02-15T10:16:50+00:00","description":"SKI ALPIN - CHAMPIONNATS DU MONDE 2021 - Federica Brignone a r\u00e9alis\u00e9 le meilleur temps du Super-G du combin\u00e9 alpin des Mondiaux de Cortina d'Ampezzo.","breadcrumb":{"@id":"https:\/\/dicodusport.fr\/blog\/cortina-d-ampezzo-brignone-en-tete-du-combine-alpin-apres-super-g-shiffrin-et-vlhova-placees\/#breadcrumb"},"inLanguage":"fr-FR","potentialAction":[{"@type":"ReadAction","target":["https:\/\/dicodusport.fr\/blog\/cortina-d-ampezzo-brignone-en-tete-du-combine-alpin-apres-super-g-shiffrin-et-vlhova-placees\/"]}]},{"@type":"ImageObject","inLanguage":"fr-FR","@id":"https:\/\/dicodusport.fr\/blog\/cortina-d-ampezzo-brignone-en-tete-du-combine-alpin-apres-super-g-shiffrin-et-vlhova-placees\/#primaryimage","url":"https:\/\/dicodusport.fr\/blog\/wp-content\/uploads\/2021\/02\/Cortina-dAmpezzo-Brignone-en-tete-du-combine-apres-le-Super-G-Shiffrin-et-Vlhova-placees.png","contentUrl":"https:\/\/dicodusport.fr\/blog\/wp-content\/uploads\/2021\/02\/Cortina-dAmpezzo-Brignone-en-tete-du-combine-apres-le-Super-G-Shiffrin-et-Vlhova-placees.png","width":800,"height":445,"caption":"Ski alpin - Championnats du monde 2021 : la startlist des qualifications du slalom parall\u00e8le femmes"},{"@type":"BreadcrumbList","@id":"https:\/\/dicodusport.fr\/blog\/cortina-d-ampezzo-brignone-en-tete-du-combine-alpin-apres-super-g-shiffrin-et-vlhova-placees\/#breadcrumb","itemListElement":[{"@type":"ListItem","position":1,"name":"Accueil","item":"https:\/\/dicodusport.fr\/blog\/"},{"@type":"ListItem","position":2,"name":"Cortina d&rsquo;Ampezzo : Brignone en t\u00eate du combin\u00e9 apr\u00e8s le Super-G, Shiffrin et Vlhova plac\u00e9es"}]},{"@type":"WebSite","@id":"https:\/\/dicodusport.fr\/blog\/#website","url":"https:\/\/dicodusport.fr\/blog\/","name":"Dicodusport","description":"L&#039;encyclop\u00e9die de l&#039;actualit\u00e9 sportive","publisher":{"@id":"https:\/\/dicodusport.fr\/blog\/#organization"},"potentialAction":[{"@type":"SearchAction","target":{"@type":"EntryPoint","urlTemplate":"https:\/\/dicodusport.fr\/blog\/?s={search_term_string}"},"query-input":{"@type":"PropertyValueSpecification","valueRequired":true,"valueName":"search_term_string"}}],"inLanguage":"fr-FR"},{"@type":"NewsMediaOrganization","@id":"https:\/\/dicodusport.fr\/blog\/#organization","name":"Dicodusport","url":"https:\/\/dicodusport.fr\/blog\/","logo":{"@type":"ImageObject","inLanguage":"fr-FR","@id":"https:\/\/dicodusport.fr\/blog\/#\/schema\/logo\/image\/","url":"https:\/\/dicodusport.fr\/blog\/wp-content\/uploads\/2020\/06\/cropped-LOGO-DICODUSPORT-2020-SANS-FOND-SANS-TEXTE.png","contentUrl":"https:\/\/dicodusport.fr\/blog\/wp-content\/uploads\/2020\/06\/cropped-LOGO-DICODUSPORT-2020-SANS-FOND-SANS-TEXTE.png","width":512,"height":512,"caption":"Dicodusport"},"image":{"@id":"https:\/\/dicodusport.fr\/blog\/#\/schema\/logo\/image\/"},"sameAs":["https:\/\/www.facebook.com\/dicodusport","https:\/\/x.com\/dicodusport","https:\/\/www.instagram.com\/dicodusport\/","https:\/\/www.youtube.com\/channel\/UC7V2KZ5sd3htJivAbA4ZG3w"],"description":"Dicodusport est l'encyclop\u00e9die de l'actualit\u00e9 sportive.","email":"bonjour@dicodusport.fr","legalName":"DICODUSPORT","foundingDate":"2018-01-14","vatID":"FR71834470973","taxID":"83447097300043","numberOfEmployees":{"@type":"QuantitativeValue","minValue":"1","maxValue":"10"}},{"@type":"Person","@id":"https:\/\/dicodusport.fr\/blog\/#\/schema\/person\/cb02af4c173ce4a653b55e9baf388d4a","name":"Flo Ostermann","image":{"@type":"ImageObject","inLanguage":"fr-FR","@id":"https:\/\/dicodusport.fr\/blog\/#\/schema\/person\/image\/","url":"https:\/\/dicodusport.fr\/blog\/wp-content\/uploads\/2021\/05\/Flo-Ostermann-150x150.jpg","contentUrl":"https:\/\/dicodusport.fr\/blog\/wp-content\/uploads\/2021\/05\/Flo-Ostermann-150x150.jpg","caption":"Flo Ostermann"},"description":"Journaliste\/R\u00e9dacteur depuis septembre 2015 - Mes premiers souvenirs dans le sport ? Les envol\u00e9es du Stade Toulousain et les duels Villeneuve-Schumacher et H\u00e4kkinen-Schumacher \u00e0 la fin des ann\u00e9es 90, la Coupe du monde de football en 1998, l\u2019exploit du XV de France face aux All Blacks en 1999, mais aussi Richard C\u0153ur de Lion qui vole sur les montagnes du Tour de France. Bien parti pour devenir professeur d\u2019EPS, les \u00e9v\u00e9nements de la vie (et la flemme d\u2019animer des s\u00e9ances de 3x500 m\u00e8tres toute ma vie) m\u2019ont conduit \u00e0 revoir mes plans. Me voil\u00e0 depuis fin 2017 sur Dicodusport, m\u00e9dia gr\u00e2ce (et pour) lequel je partage ma passion : le sport dans tous ses \u00e9tats. Le tout accompagn\u00e9 par les fous furieux et folles furieuses cit\u00e9s sur cette page !","sameAs":["https:\/\/www.facebook.com\/florent.ostermann","https:\/\/x.com\/https:\/\/twitter.com\/FlOstermann","admin"],"url":"https:\/\/dicodusport.fr\/blog\/author\/flo\/"}]}},"_links":{"self":[{"href":"https:\/\/dicodusport.fr\/blog\/wp-json\/wp\/v2\/posts\/106598","targetHints":{"allow":["GET"]}}],"collection":[{"href":"https:\/\/dicodusport.fr\/blog\/wp-json\/wp\/v2\/posts"}],"about":[{"href":"https:\/\/dicodusport.fr\/blog\/wp-json\/wp\/v2\/types\/post"}],"author":[{"embeddable":true,"href":"https:\/\/dicodusport.fr\/blog\/wp-json\/wp\/v2\/users\/4"}],"replies":[{"embeddable":true,"href":"https:\/\/dicodusport.fr\/blog\/wp-json\/wp\/v2\/comments?post=106598"}],"version-history":[{"count":0,"href":"https:\/\/dicodusport.fr\/blog\/wp-json\/wp\/v2\/posts\/106598\/revisions"}],"wp:featuredmedia":[{"embeddable":true,"href":"https:\/\/dicodusport.fr\/blog\/wp-json\/wp\/v2\/media\/106615"}],"wp:attachment":[{"href":"https:\/\/dicodusport.fr\/blog\/wp-json\/wp\/v2\/media?parent=106598"}],"wp:term":[{"taxonomy":"category","embeddable":true,"href":"https:\/\/dicodusport.fr\/blog\/wp-json\/wp\/v2\/categories?post=106598"},{"taxonomy":"post_tag","embeddable":true,"href":"https:\/\/dicodusport.fr\/blog\/wp-json\/wp\/v2\/tags?post=106598"}],"curies":[{"name":"wp","href":"https:\/\/api.w.org\/{rel}","templated":true}]}}