{"id":106707,"date":"2021-02-15T16:02:00","date_gmt":"2021-02-15T15:02:00","guid":{"rendered":"https:\/\/dicodusport.fr\/blog\/?p=106707&#038;preview=true&#038;preview_id=106707"},"modified":"2021-02-15T16:38:05","modified_gmt":"2021-02-15T15:38:05","slug":"cortina-d-ampezzo-alexis-pinturault-en-argent-sur-combine-marco-schwarz-sacre","status":"publish","type":"post","link":"https:\/\/dicodusport.fr\/blog\/cortina-d-ampezzo-alexis-pinturault-en-argent-sur-combine-marco-schwarz-sacre\/","title":{"rendered":"Cortina d&rsquo;Ampezzo : Alexis Pinturault en argent sur le combin\u00e9, Marco Schwarz sacr\u00e9"},"content":{"rendered":"<p style=\"text-align: justify;\"><strong><em><a href=\"https:\/\/dicodusport.fr\/blog\/ski-alpin-championnats-du-monde-2021-programme-complet\/\" target=\"_blank\" rel=\"noopener\">SKI ALPIN &#8211; CHAMPIONNATS DU MONDE 2021<\/a> &#8211; Sacr\u00e9 en 2019, Alexis Pinturault a c\u00e9d\u00e9 son titre mondial du combin\u00e9 alpin \u00e0 Marco Schwarz ce lundi, \u00e0 Cortina d&rsquo;Ampezzo. Le Fran\u00e7ais, deuxi\u00e8me du Super-G, se pare n\u00e9anmoins d&rsquo;argent et d\u00e9croche une deuxi\u00e8me m\u00e9daille sur ces Mondiaux. Le Suisse Lo\u00efc Meillard prend le bronze.<\/em><\/strong><\/p>\n<p style=\"text-align: justify;\">Quatre centi\u00e8mes. Il a manqu\u00e9 quatre centi\u00e8mes \u00e0 <strong>Alexis Pinturault<\/strong> pour d\u00e9crocher un second titre mondial cons\u00e9cutif en combin\u00e9 alpin ce lundi, \u00e0 Cortina d&rsquo;Ampezzo. Deuxi\u00e8me du Super-G \u00e0 huit centi\u00e8mes du Canadien <strong>James Crawford<\/strong>, surprenant 4\u00e8me au final, le Fran\u00e7ais a r\u00e9alis\u00e9 un slalom propre avec le deuxi\u00e8me temps de l&rsquo;\u00e9preuve.<\/p>\n<p style=\"text-align: justify;\">Mais <em>Pintu<\/em> n&rsquo;a rien pu faire face au meilleur slalomeur du moment, l&rsquo;Autrichien <strong>Marco Schwarz<\/strong>. Ce dernier, 5\u00e8me du Super-G \u00e0 32 centi\u00e8mes du Savoyard, en a repris 36 sur l&rsquo;\u00e9preuve technique. Cons\u00e9quence, il devance donc <strong>Pinturault<\/strong> de quatre centi\u00e8mes \u00e0 l&rsquo;arriv\u00e9e. Schwarz, 25 ans, d\u00e9croche son premier titre mondial, lui qui avait glan\u00e9 le bronze en 2019 en combin\u00e9. <strong>Lo\u00efc Meillard<\/strong> compl\u00e8te le podium. Second Fran\u00e7ais engag\u00e9, <strong>Victor Muffat-Jeandet<\/strong> se classe 6\u00e8me, avec le 4\u00e8me temps du slalom.<\/p>\n<blockquote class=\"twitter-tweet\">\n<p dir=\"ltr\" lang=\"fr\">&#x26f7; Malgr\u00e9 un bon slalom, Alexis Pinturault ne d\u00e9crochera pas l&rsquo;or battu par le slalomeur autrichien Marco Schwarz ! <a href=\"https:\/\/twitter.com\/cortina2021?ref_src=twsrc%5Etfw\">@cortina2021<\/a><\/p>\n<p>&#x25b6; La fin du combin\u00e9 hommes en direct vid\u00e9o : <a href=\"https:\/\/t.co\/sNyAasDi35\">https:\/\/t.co\/sNyAasDi35<\/a> <a href=\"https:\/\/t.co\/TGUOY7cVZJ\">pic.twitter.com\/TGUOY7cVZJ<\/a><\/p>\n<p>\u2014 France tv sport (@francetvsport) <a href=\"https:\/\/twitter.com\/francetvsport\/status\/1361322018113781761?ref_src=twsrc%5Etfw\">February 15, 2021<\/a><\/p><\/blockquote>\n<p><script async src=\"https:\/\/platform.twitter.com\/widgets.js\" charset=\"utf-8\"><\/script><\/p>\n<h2 style=\"text-align: justify;\">\u00c0 lire aussi<\/h2>\n<ul>\n<li style=\"text-align: justify;\"><a href=\"https:\/\/dicodusport.fr\/blog\/ski-alpin-championnats-du-monde-2021-classement-combine-alpin-hommes\/\" target=\"_blank\" rel=\"noopener\"><strong>Le classement du combin\u00e9 alpin hommes<\/strong><\/a><\/li>\n<li style=\"text-align: justify;\"><a href=\"https:\/\/dicodusport.fr\/blog\/ski-alpin-championnats-du-monde-2021-tableau-des-medailles\/\" target=\"_blank\" rel=\"noopener\"><strong>Le tableau des m\u00e9dailles<\/strong><\/a><\/li>\n<\/ul>\n<p><strong><em>Dicodusport<br \/>\n<a href=\"https:\/\/www.facebook.com\/dicodusport\/\" target=\"_blank\" rel=\"noopener noreferrer\"><img loading=\"lazy\" decoding=\"async\" class=\"alignnone wp-image-2909\" src=\"http:\/\/dicodusport.fr\/blog\/wp-content\/uploads\/2017\/07\/logo-facebook-150x150.png\" alt=\"\" width=\"40\" height=\"40\" \/><\/a><a href=\"https:\/\/twitter.com\/dicodusport\" target=\"_blank\" rel=\"noopener noreferrer\"><img loading=\"lazy\" decoding=\"async\" class=\"alignnone wp-image-2908\" src=\"http:\/\/dicodusport.fr\/blog\/wp-content\/uploads\/2017\/07\/logo-twitter-150x150.png\" alt=\"\" width=\"39\" height=\"39\" \/><\/a><\/em><\/strong><\/p>\n","protected":false},"excerpt":{"rendered":"<p>SKI ALPIN &#8211; CHAMPIONNATS DU MONDE 2021 &#8211; Sacr\u00e9 en 2019, Alexis Pinturault a c\u00e9d\u00e9 son titre mondial du combin\u00e9 alpin \u00e0 Marco Schwarz ce lundi, \u00e0 Cortina d&rsquo;Ampezzo. Le Fran\u00e7ais, deuxi\u00e8me du Super-G, se pare n\u00e9anmoins d&rsquo;argent et d\u00e9croche une deuxi\u00e8me m\u00e9daille sur ces Mondiaux. Le Suisse Lo\u00efc Meillard prend le bronze.<\/p>\n","protected":false},"author":4,"featured_media":106734,"comment_status":"open","ping_status":"closed","sticky":false,"template":"","format":"standard","meta":{"_acf_changed":false,"_daextam_enable_autolinks":"","footnotes":""},"categories":[47083],"tags":[2233,24],"class_list":["post-106707","post","type-post","status-publish","format-standard","has-post-thumbnail","hentry","category-championnats-du-monde-ski-alpin","tag-ski-alpin","tag-sport"],"acf":[],"yoast_head":"<!-- This site is optimized with the Yoast SEO Premium plugin v26.7 (Yoast SEO v26.7) - https:\/\/yoast.com\/wordpress\/plugins\/seo\/ -->\n<title>Cortina d&#039;Ampezzo : Alexis Pinturault en argent sur le combin\u00e9, Marco Schwarz sacr\u00e9<\/title>\n<meta name=\"description\" content=\"SKI ALPIN - CHAMPIONNATS DU MONDE 2021 - Sacr\u00e9 en 2019, Alexis Pinturault a c\u00e9d\u00e9 son titre mondial du combin\u00e9 alpin \u00e0 Marco Schwarz ce lundi, \u00e0 Cortina d&#039;Ampezzo.\" \/>\n<meta name=\"robots\" content=\"index, follow, max-snippet:-1, max-image-preview:large, max-video-preview:-1\" \/>\n<link rel=\"canonical\" href=\"https:\/\/dicodusport.fr\/blog\/cortina-d-ampezzo-alexis-pinturault-en-argent-sur-combine-marco-schwarz-sacre\/\" \/>\n<meta property=\"og:locale\" content=\"fr_FR\" \/>\n<meta property=\"og:type\" content=\"article\" \/>\n<meta property=\"og:title\" content=\"Cortina d&#039;Ampezzo : Alexis Pinturault en argent sur le combin\u00e9, Marco Schwarz sacr\u00e9\" \/>\n<meta property=\"og:description\" content=\"SKI ALPIN - CHAMPIONNATS DU MONDE 2021 - Sacr\u00e9 en 2019, Alexis Pinturault a c\u00e9d\u00e9 son titre mondial du combin\u00e9 alpin \u00e0 Marco Schwarz ce lundi, \u00e0 Cortina d&#039;Ampezzo.\" \/>\n<meta property=\"og:url\" content=\"https:\/\/dicodusport.fr\/blog\/cortina-d-ampezzo-alexis-pinturault-en-argent-sur-combine-marco-schwarz-sacre\/\" \/>\n<meta property=\"og:site_name\" content=\"Dicodusport\" \/>\n<meta property=\"article:publisher\" content=\"https:\/\/www.facebook.com\/dicodusport\" \/>\n<meta property=\"article:author\" content=\"https:\/\/www.facebook.com\/florent.ostermann\" \/>\n<meta property=\"article:published_time\" content=\"2021-02-15T15:02:00+00:00\" \/>\n<meta property=\"article:modified_time\" content=\"2021-02-15T15:38:05+00:00\" \/>\n<meta property=\"og:image\" content=\"https:\/\/dicodusport.fr\/blog\/wp-content\/uploads\/2021\/02\/Cortina-dAmpezzo-Alexis-Pinturault-en-argent-sur-le-combine-Marco-Schwarz-sacre.png\" \/>\n\t<meta property=\"og:image:width\" content=\"800\" \/>\n\t<meta property=\"og:image:height\" content=\"445\" \/>\n\t<meta property=\"og:image:type\" content=\"image\/png\" \/>\n<meta name=\"author\" content=\"Flo Ostermann\" \/>\n<meta name=\"twitter:card\" content=\"summary_large_image\" \/>\n<meta name=\"twitter:title\" content=\"Cortina d&#039;Ampezzo : Alexis Pinturault en argent sur le combin\u00e9, Marco Schwarz sacr\u00e9\" \/>\n<meta name=\"twitter:creator\" content=\"@https:\/\/twitter.com\/FlOstermann\" \/>\n<meta name=\"twitter:site\" content=\"@dicodusport\" \/>\n<script type=\"application\/ld+json\" class=\"yoast-schema-graph\">{\"@context\":\"https:\/\/schema.org\",\"@graph\":[{\"@type\":\"NewsArticle\",\"@id\":\"https:\/\/dicodusport.fr\/blog\/cortina-d-ampezzo-alexis-pinturault-en-argent-sur-combine-marco-schwarz-sacre\/#article\",\"isPartOf\":{\"@id\":\"https:\/\/dicodusport.fr\/blog\/cortina-d-ampezzo-alexis-pinturault-en-argent-sur-combine-marco-schwarz-sacre\/\"},\"author\":{\"name\":\"Flo Ostermann\",\"@id\":\"https:\/\/dicodusport.fr\/blog\/#\/schema\/person\/cb02af4c173ce4a653b55e9baf388d4a\"},\"headline\":\"Cortina d&rsquo;Ampezzo : Alexis Pinturault en argent sur le combin\u00e9, Marco Schwarz sacr\u00e9\",\"datePublished\":\"2021-02-15T15:02:00+00:00\",\"dateModified\":\"2021-02-15T15:38:05+00:00\",\"mainEntityOfPage\":{\"@id\":\"https:\/\/dicodusport.fr\/blog\/cortina-d-ampezzo-alexis-pinturault-en-argent-sur-combine-marco-schwarz-sacre\/\"},\"wordCount\":278,\"commentCount\":0,\"publisher\":{\"@id\":\"https:\/\/dicodusport.fr\/blog\/#organization\"},\"image\":{\"@id\":\"https:\/\/dicodusport.fr\/blog\/cortina-d-ampezzo-alexis-pinturault-en-argent-sur-combine-marco-schwarz-sacre\/#primaryimage\"},\"thumbnailUrl\":\"https:\/\/dicodusport.fr\/blog\/wp-content\/uploads\/2021\/02\/Cortina-dAmpezzo-Alexis-Pinturault-en-argent-sur-le-combine-Marco-Schwarz-sacre.png\",\"keywords\":[\"Ski alpin\",\"sport\"],\"articleSection\":[\"Championnats du monde de ski alpin\"],\"inLanguage\":\"fr-FR\",\"potentialAction\":[{\"@type\":\"CommentAction\",\"name\":\"Comment\",\"target\":[\"https:\/\/dicodusport.fr\/blog\/cortina-d-ampezzo-alexis-pinturault-en-argent-sur-combine-marco-schwarz-sacre\/#respond\"]}],\"copyrightYear\":\"2021\",\"copyrightHolder\":{\"@id\":\"https:\/\/dicodusport.fr\/blog\/#organization\"}},{\"@type\":\"WebPage\",\"@id\":\"https:\/\/dicodusport.fr\/blog\/cortina-d-ampezzo-alexis-pinturault-en-argent-sur-combine-marco-schwarz-sacre\/\",\"url\":\"https:\/\/dicodusport.fr\/blog\/cortina-d-ampezzo-alexis-pinturault-en-argent-sur-combine-marco-schwarz-sacre\/\",\"name\":\"Cortina d'Ampezzo : Alexis Pinturault en argent sur le combin\u00e9, Marco Schwarz sacr\u00e9\",\"isPartOf\":{\"@id\":\"https:\/\/dicodusport.fr\/blog\/#website\"},\"primaryImageOfPage\":{\"@id\":\"https:\/\/dicodusport.fr\/blog\/cortina-d-ampezzo-alexis-pinturault-en-argent-sur-combine-marco-schwarz-sacre\/#primaryimage\"},\"image\":{\"@id\":\"https:\/\/dicodusport.fr\/blog\/cortina-d-ampezzo-alexis-pinturault-en-argent-sur-combine-marco-schwarz-sacre\/#primaryimage\"},\"thumbnailUrl\":\"https:\/\/dicodusport.fr\/blog\/wp-content\/uploads\/2021\/02\/Cortina-dAmpezzo-Alexis-Pinturault-en-argent-sur-le-combine-Marco-Schwarz-sacre.png\",\"datePublished\":\"2021-02-15T15:02:00+00:00\",\"dateModified\":\"2021-02-15T15:38:05+00:00\",\"description\":\"SKI ALPIN - CHAMPIONNATS DU MONDE 2021 - Sacr\u00e9 en 2019, Alexis Pinturault a c\u00e9d\u00e9 son titre mondial du combin\u00e9 alpin \u00e0 Marco Schwarz ce lundi, \u00e0 Cortina d'Ampezzo.\",\"breadcrumb\":{\"@id\":\"https:\/\/dicodusport.fr\/blog\/cortina-d-ampezzo-alexis-pinturault-en-argent-sur-combine-marco-schwarz-sacre\/#breadcrumb\"},\"inLanguage\":\"fr-FR\",\"potentialAction\":[{\"@type\":\"ReadAction\",\"target\":[\"https:\/\/dicodusport.fr\/blog\/cortina-d-ampezzo-alexis-pinturault-en-argent-sur-combine-marco-schwarz-sacre\/\"]}]},{\"@type\":\"ImageObject\",\"inLanguage\":\"fr-FR\",\"@id\":\"https:\/\/dicodusport.fr\/blog\/cortina-d-ampezzo-alexis-pinturault-en-argent-sur-combine-marco-schwarz-sacre\/#primaryimage\",\"url\":\"https:\/\/dicodusport.fr\/blog\/wp-content\/uploads\/2021\/02\/Cortina-dAmpezzo-Alexis-Pinturault-en-argent-sur-le-combine-Marco-Schwarz-sacre.png\",\"contentUrl\":\"https:\/\/dicodusport.fr\/blog\/wp-content\/uploads\/2021\/02\/Cortina-dAmpezzo-Alexis-Pinturault-en-argent-sur-le-combine-Marco-Schwarz-sacre.png\",\"width\":800,\"height\":445,\"caption\":\"Ski alpin - Coupe du monde : la startlist du premier slalom g\u00e9ant de Bansko\"},{\"@type\":\"BreadcrumbList\",\"@id\":\"https:\/\/dicodusport.fr\/blog\/cortina-d-ampezzo-alexis-pinturault-en-argent-sur-combine-marco-schwarz-sacre\/#breadcrumb\",\"itemListElement\":[{\"@type\":\"ListItem\",\"position\":1,\"name\":\"Accueil\",\"item\":\"https:\/\/dicodusport.fr\/blog\/\"},{\"@type\":\"ListItem\",\"position\":2,\"name\":\"Cortina d&rsquo;Ampezzo : Alexis Pinturault en argent sur le combin\u00e9, Marco Schwarz sacr\u00e9\"}]},{\"@type\":\"WebSite\",\"@id\":\"https:\/\/dicodusport.fr\/blog\/#website\",\"url\":\"https:\/\/dicodusport.fr\/blog\/\",\"name\":\"Dicodusport\",\"description\":\"L&#039;encyclop\u00e9die de l&#039;actualit\u00e9 sportive\",\"publisher\":{\"@id\":\"https:\/\/dicodusport.fr\/blog\/#organization\"},\"potentialAction\":[{\"@type\":\"SearchAction\",\"target\":{\"@type\":\"EntryPoint\",\"urlTemplate\":\"https:\/\/dicodusport.fr\/blog\/?s={search_term_string}\"},\"query-input\":{\"@type\":\"PropertyValueSpecification\",\"valueRequired\":true,\"valueName\":\"search_term_string\"}}],\"inLanguage\":\"fr-FR\"},{\"@type\":\"NewsMediaOrganization\",\"@id\":\"https:\/\/dicodusport.fr\/blog\/#organization\",\"name\":\"Dicodusport\",\"url\":\"https:\/\/dicodusport.fr\/blog\/\",\"logo\":{\"@type\":\"ImageObject\",\"inLanguage\":\"fr-FR\",\"@id\":\"https:\/\/dicodusport.fr\/blog\/#\/schema\/logo\/image\/\",\"url\":\"https:\/\/dicodusport.fr\/blog\/wp-content\/uploads\/2020\/06\/cropped-LOGO-DICODUSPORT-2020-SANS-FOND-SANS-TEXTE.png\",\"contentUrl\":\"https:\/\/dicodusport.fr\/blog\/wp-content\/uploads\/2020\/06\/cropped-LOGO-DICODUSPORT-2020-SANS-FOND-SANS-TEXTE.png\",\"width\":512,\"height\":512,\"caption\":\"Dicodusport\"},\"image\":{\"@id\":\"https:\/\/dicodusport.fr\/blog\/#\/schema\/logo\/image\/\"},\"sameAs\":[\"https:\/\/www.facebook.com\/dicodusport\",\"https:\/\/x.com\/dicodusport\",\"https:\/\/www.instagram.com\/dicodusport\/\",\"https:\/\/www.youtube.com\/channel\/UC7V2KZ5sd3htJivAbA4ZG3w\"],\"description\":\"Dicodusport est l'encyclop\u00e9die de l'actualit\u00e9 sportive.\",\"email\":\"bonjour@dicodusport.fr\",\"legalName\":\"DICODUSPORT\",\"foundingDate\":\"2018-01-14\",\"vatID\":\"FR71834470973\",\"taxID\":\"83447097300043\",\"numberOfEmployees\":{\"@type\":\"QuantitativeValue\",\"minValue\":\"1\",\"maxValue\":\"10\"}},{\"@type\":\"Person\",\"@id\":\"https:\/\/dicodusport.fr\/blog\/#\/schema\/person\/cb02af4c173ce4a653b55e9baf388d4a\",\"name\":\"Flo Ostermann\",\"image\":{\"@type\":\"ImageObject\",\"inLanguage\":\"fr-FR\",\"@id\":\"https:\/\/dicodusport.fr\/blog\/#\/schema\/person\/image\/\",\"url\":\"https:\/\/dicodusport.fr\/blog\/wp-content\/uploads\/2021\/05\/Flo-Ostermann-150x150.jpg\",\"contentUrl\":\"https:\/\/dicodusport.fr\/blog\/wp-content\/uploads\/2021\/05\/Flo-Ostermann-150x150.jpg\",\"caption\":\"Flo Ostermann\"},\"description\":\"Journaliste\/R\u00e9dacteur depuis septembre 2015 - Mes premiers souvenirs dans le sport ? Les envol\u00e9es du Stade Toulousain et les duels Villeneuve-Schumacher et H\u00e4kkinen-Schumacher \u00e0 la fin des ann\u00e9es 90, la Coupe du monde de football en 1998, l\u2019exploit du XV de France face aux All Blacks en 1999, mais aussi Richard C\u0153ur de Lion qui vole sur les montagnes du Tour de France. Bien parti pour devenir professeur d\u2019EPS, les \u00e9v\u00e9nements de la vie (et la flemme d\u2019animer des s\u00e9ances de 3x500 m\u00e8tres toute ma vie) m\u2019ont conduit \u00e0 revoir mes plans. Me voil\u00e0 depuis fin 2017 sur Dicodusport, m\u00e9dia gr\u00e2ce (et pour) lequel je partage ma passion : le sport dans tous ses \u00e9tats. Le tout accompagn\u00e9 par les fous furieux et folles furieuses cit\u00e9s sur cette page !\",\"sameAs\":[\"https:\/\/www.facebook.com\/florent.ostermann\",\"https:\/\/x.com\/https:\/\/twitter.com\/FlOstermann\",\"admin\"],\"url\":\"https:\/\/dicodusport.fr\/blog\/author\/flo\/\"}]}<\/script>\n<!-- \/ Yoast SEO Premium plugin. -->","yoast_head_json":{"title":"Cortina d'Ampezzo : Alexis Pinturault en argent sur le combin\u00e9, Marco Schwarz sacr\u00e9","description":"SKI ALPIN - CHAMPIONNATS DU MONDE 2021 - Sacr\u00e9 en 2019, Alexis Pinturault a c\u00e9d\u00e9 son titre mondial du combin\u00e9 alpin \u00e0 Marco Schwarz ce lundi, \u00e0 Cortina d'Ampezzo.","robots":{"index":"index","follow":"follow","max-snippet":"max-snippet:-1","max-image-preview":"max-image-preview:large","max-video-preview":"max-video-preview:-1"},"canonical":"https:\/\/dicodusport.fr\/blog\/cortina-d-ampezzo-alexis-pinturault-en-argent-sur-combine-marco-schwarz-sacre\/","og_locale":"fr_FR","og_type":"article","og_title":"Cortina d'Ampezzo : Alexis Pinturault en argent sur le combin\u00e9, Marco Schwarz sacr\u00e9","og_description":"SKI ALPIN - CHAMPIONNATS DU MONDE 2021 - Sacr\u00e9 en 2019, Alexis Pinturault a c\u00e9d\u00e9 son titre mondial du combin\u00e9 alpin \u00e0 Marco Schwarz ce lundi, \u00e0 Cortina d'Ampezzo.","og_url":"https:\/\/dicodusport.fr\/blog\/cortina-d-ampezzo-alexis-pinturault-en-argent-sur-combine-marco-schwarz-sacre\/","og_site_name":"Dicodusport","article_publisher":"https:\/\/www.facebook.com\/dicodusport","article_author":"https:\/\/www.facebook.com\/florent.ostermann","article_published_time":"2021-02-15T15:02:00+00:00","article_modified_time":"2021-02-15T15:38:05+00:00","og_image":[{"width":800,"height":445,"url":"https:\/\/dicodusport.fr\/blog\/wp-content\/uploads\/2021\/02\/Cortina-dAmpezzo-Alexis-Pinturault-en-argent-sur-le-combine-Marco-Schwarz-sacre.png","type":"image\/png"}],"author":"Flo Ostermann","twitter_card":"summary_large_image","twitter_title":"Cortina d'Ampezzo : Alexis Pinturault en argent sur le combin\u00e9, Marco Schwarz sacr\u00e9","twitter_creator":"@https:\/\/twitter.com\/FlOstermann","twitter_site":"@dicodusport","schema":{"@context":"https:\/\/schema.org","@graph":[{"@type":"NewsArticle","@id":"https:\/\/dicodusport.fr\/blog\/cortina-d-ampezzo-alexis-pinturault-en-argent-sur-combine-marco-schwarz-sacre\/#article","isPartOf":{"@id":"https:\/\/dicodusport.fr\/blog\/cortina-d-ampezzo-alexis-pinturault-en-argent-sur-combine-marco-schwarz-sacre\/"},"author":{"name":"Flo Ostermann","@id":"https:\/\/dicodusport.fr\/blog\/#\/schema\/person\/cb02af4c173ce4a653b55e9baf388d4a"},"headline":"Cortina d&rsquo;Ampezzo : Alexis Pinturault en argent sur le combin\u00e9, Marco Schwarz sacr\u00e9","datePublished":"2021-02-15T15:02:00+00:00","dateModified":"2021-02-15T15:38:05+00:00","mainEntityOfPage":{"@id":"https:\/\/dicodusport.fr\/blog\/cortina-d-ampezzo-alexis-pinturault-en-argent-sur-combine-marco-schwarz-sacre\/"},"wordCount":278,"commentCount":0,"publisher":{"@id":"https:\/\/dicodusport.fr\/blog\/#organization"},"image":{"@id":"https:\/\/dicodusport.fr\/blog\/cortina-d-ampezzo-alexis-pinturault-en-argent-sur-combine-marco-schwarz-sacre\/#primaryimage"},"thumbnailUrl":"https:\/\/dicodusport.fr\/blog\/wp-content\/uploads\/2021\/02\/Cortina-dAmpezzo-Alexis-Pinturault-en-argent-sur-le-combine-Marco-Schwarz-sacre.png","keywords":["Ski alpin","sport"],"articleSection":["Championnats du monde de ski alpin"],"inLanguage":"fr-FR","potentialAction":[{"@type":"CommentAction","name":"Comment","target":["https:\/\/dicodusport.fr\/blog\/cortina-d-ampezzo-alexis-pinturault-en-argent-sur-combine-marco-schwarz-sacre\/#respond"]}],"copyrightYear":"2021","copyrightHolder":{"@id":"https:\/\/dicodusport.fr\/blog\/#organization"}},{"@type":"WebPage","@id":"https:\/\/dicodusport.fr\/blog\/cortina-d-ampezzo-alexis-pinturault-en-argent-sur-combine-marco-schwarz-sacre\/","url":"https:\/\/dicodusport.fr\/blog\/cortina-d-ampezzo-alexis-pinturault-en-argent-sur-combine-marco-schwarz-sacre\/","name":"Cortina d'Ampezzo : Alexis Pinturault en argent sur le combin\u00e9, Marco Schwarz sacr\u00e9","isPartOf":{"@id":"https:\/\/dicodusport.fr\/blog\/#website"},"primaryImageOfPage":{"@id":"https:\/\/dicodusport.fr\/blog\/cortina-d-ampezzo-alexis-pinturault-en-argent-sur-combine-marco-schwarz-sacre\/#primaryimage"},"image":{"@id":"https:\/\/dicodusport.fr\/blog\/cortina-d-ampezzo-alexis-pinturault-en-argent-sur-combine-marco-schwarz-sacre\/#primaryimage"},"thumbnailUrl":"https:\/\/dicodusport.fr\/blog\/wp-content\/uploads\/2021\/02\/Cortina-dAmpezzo-Alexis-Pinturault-en-argent-sur-le-combine-Marco-Schwarz-sacre.png","datePublished":"2021-02-15T15:02:00+00:00","dateModified":"2021-02-15T15:38:05+00:00","description":"SKI ALPIN - CHAMPIONNATS DU MONDE 2021 - Sacr\u00e9 en 2019, Alexis Pinturault a c\u00e9d\u00e9 son titre mondial du combin\u00e9 alpin \u00e0 Marco Schwarz ce lundi, \u00e0 Cortina d'Ampezzo.","breadcrumb":{"@id":"https:\/\/dicodusport.fr\/blog\/cortina-d-ampezzo-alexis-pinturault-en-argent-sur-combine-marco-schwarz-sacre\/#breadcrumb"},"inLanguage":"fr-FR","potentialAction":[{"@type":"ReadAction","target":["https:\/\/dicodusport.fr\/blog\/cortina-d-ampezzo-alexis-pinturault-en-argent-sur-combine-marco-schwarz-sacre\/"]}]},{"@type":"ImageObject","inLanguage":"fr-FR","@id":"https:\/\/dicodusport.fr\/blog\/cortina-d-ampezzo-alexis-pinturault-en-argent-sur-combine-marco-schwarz-sacre\/#primaryimage","url":"https:\/\/dicodusport.fr\/blog\/wp-content\/uploads\/2021\/02\/Cortina-dAmpezzo-Alexis-Pinturault-en-argent-sur-le-combine-Marco-Schwarz-sacre.png","contentUrl":"https:\/\/dicodusport.fr\/blog\/wp-content\/uploads\/2021\/02\/Cortina-dAmpezzo-Alexis-Pinturault-en-argent-sur-le-combine-Marco-Schwarz-sacre.png","width":800,"height":445,"caption":"Ski alpin - Coupe du monde : la startlist du premier slalom g\u00e9ant de Bansko"},{"@type":"BreadcrumbList","@id":"https:\/\/dicodusport.fr\/blog\/cortina-d-ampezzo-alexis-pinturault-en-argent-sur-combine-marco-schwarz-sacre\/#breadcrumb","itemListElement":[{"@type":"ListItem","position":1,"name":"Accueil","item":"https:\/\/dicodusport.fr\/blog\/"},{"@type":"ListItem","position":2,"name":"Cortina d&rsquo;Ampezzo : Alexis Pinturault en argent sur le combin\u00e9, Marco Schwarz sacr\u00e9"}]},{"@type":"WebSite","@id":"https:\/\/dicodusport.fr\/blog\/#website","url":"https:\/\/dicodusport.fr\/blog\/","name":"Dicodusport","description":"L&#039;encyclop\u00e9die de l&#039;actualit\u00e9 sportive","publisher":{"@id":"https:\/\/dicodusport.fr\/blog\/#organization"},"potentialAction":[{"@type":"SearchAction","target":{"@type":"EntryPoint","urlTemplate":"https:\/\/dicodusport.fr\/blog\/?s={search_term_string}"},"query-input":{"@type":"PropertyValueSpecification","valueRequired":true,"valueName":"search_term_string"}}],"inLanguage":"fr-FR"},{"@type":"NewsMediaOrganization","@id":"https:\/\/dicodusport.fr\/blog\/#organization","name":"Dicodusport","url":"https:\/\/dicodusport.fr\/blog\/","logo":{"@type":"ImageObject","inLanguage":"fr-FR","@id":"https:\/\/dicodusport.fr\/blog\/#\/schema\/logo\/image\/","url":"https:\/\/dicodusport.fr\/blog\/wp-content\/uploads\/2020\/06\/cropped-LOGO-DICODUSPORT-2020-SANS-FOND-SANS-TEXTE.png","contentUrl":"https:\/\/dicodusport.fr\/blog\/wp-content\/uploads\/2020\/06\/cropped-LOGO-DICODUSPORT-2020-SANS-FOND-SANS-TEXTE.png","width":512,"height":512,"caption":"Dicodusport"},"image":{"@id":"https:\/\/dicodusport.fr\/blog\/#\/schema\/logo\/image\/"},"sameAs":["https:\/\/www.facebook.com\/dicodusport","https:\/\/x.com\/dicodusport","https:\/\/www.instagram.com\/dicodusport\/","https:\/\/www.youtube.com\/channel\/UC7V2KZ5sd3htJivAbA4ZG3w"],"description":"Dicodusport est l'encyclop\u00e9die de l'actualit\u00e9 sportive.","email":"bonjour@dicodusport.fr","legalName":"DICODUSPORT","foundingDate":"2018-01-14","vatID":"FR71834470973","taxID":"83447097300043","numberOfEmployees":{"@type":"QuantitativeValue","minValue":"1","maxValue":"10"}},{"@type":"Person","@id":"https:\/\/dicodusport.fr\/blog\/#\/schema\/person\/cb02af4c173ce4a653b55e9baf388d4a","name":"Flo Ostermann","image":{"@type":"ImageObject","inLanguage":"fr-FR","@id":"https:\/\/dicodusport.fr\/blog\/#\/schema\/person\/image\/","url":"https:\/\/dicodusport.fr\/blog\/wp-content\/uploads\/2021\/05\/Flo-Ostermann-150x150.jpg","contentUrl":"https:\/\/dicodusport.fr\/blog\/wp-content\/uploads\/2021\/05\/Flo-Ostermann-150x150.jpg","caption":"Flo Ostermann"},"description":"Journaliste\/R\u00e9dacteur depuis septembre 2015 - Mes premiers souvenirs dans le sport ? Les envol\u00e9es du Stade Toulousain et les duels Villeneuve-Schumacher et H\u00e4kkinen-Schumacher \u00e0 la fin des ann\u00e9es 90, la Coupe du monde de football en 1998, l\u2019exploit du XV de France face aux All Blacks en 1999, mais aussi Richard C\u0153ur de Lion qui vole sur les montagnes du Tour de France. Bien parti pour devenir professeur d\u2019EPS, les \u00e9v\u00e9nements de la vie (et la flemme d\u2019animer des s\u00e9ances de 3x500 m\u00e8tres toute ma vie) m\u2019ont conduit \u00e0 revoir mes plans. Me voil\u00e0 depuis fin 2017 sur Dicodusport, m\u00e9dia gr\u00e2ce (et pour) lequel je partage ma passion : le sport dans tous ses \u00e9tats. Le tout accompagn\u00e9 par les fous furieux et folles furieuses cit\u00e9s sur cette page !","sameAs":["https:\/\/www.facebook.com\/florent.ostermann","https:\/\/x.com\/https:\/\/twitter.com\/FlOstermann","admin"],"url":"https:\/\/dicodusport.fr\/blog\/author\/flo\/"}]}},"_links":{"self":[{"href":"https:\/\/dicodusport.fr\/blog\/wp-json\/wp\/v2\/posts\/106707","targetHints":{"allow":["GET"]}}],"collection":[{"href":"https:\/\/dicodusport.fr\/blog\/wp-json\/wp\/v2\/posts"}],"about":[{"href":"https:\/\/dicodusport.fr\/blog\/wp-json\/wp\/v2\/types\/post"}],"author":[{"embeddable":true,"href":"https:\/\/dicodusport.fr\/blog\/wp-json\/wp\/v2\/users\/4"}],"replies":[{"embeddable":true,"href":"https:\/\/dicodusport.fr\/blog\/wp-json\/wp\/v2\/comments?post=106707"}],"version-history":[{"count":0,"href":"https:\/\/dicodusport.fr\/blog\/wp-json\/wp\/v2\/posts\/106707\/revisions"}],"wp:featuredmedia":[{"embeddable":true,"href":"https:\/\/dicodusport.fr\/blog\/wp-json\/wp\/v2\/media\/106734"}],"wp:attachment":[{"href":"https:\/\/dicodusport.fr\/blog\/wp-json\/wp\/v2\/media?parent=106707"}],"wp:term":[{"taxonomy":"category","embeddable":true,"href":"https:\/\/dicodusport.fr\/blog\/wp-json\/wp\/v2\/categories?post=106707"},{"taxonomy":"post_tag","embeddable":true,"href":"https:\/\/dicodusport.fr\/blog\/wp-json\/wp\/v2\/tags?post=106707"}],"curies":[{"name":"wp","href":"https:\/\/api.w.org\/{rel}","templated":true}]}}