{"id":10733,"date":"2018-01-20T14:00:26","date_gmt":"2018-01-20T13:00:26","guid":{"rendered":"http:\/\/dicodusport.fr\/blog\/?p=10733"},"modified":"2018-01-31T10:33:48","modified_gmt":"2018-01-31T09:33:48","slug":"retro-sotchi-2014-5-envol-coline-mattel","status":"publish","type":"post","link":"https:\/\/dicodusport.fr\/blog\/retro-sotchi-2014-5-envol-coline-mattel\/","title":{"rendered":"R\u00e9tro Sotchi 2014 #5 : l&rsquo;envol de Coline Mattel"},"content":{"rendered":"<p style=\"text-align: justify;\"><em><strong>A l&rsquo;approche des Jeux Olympiques de Pyeongchang, la r\u00e9daction de Dicodusport vous propose de revenir sur les quinze breloques r\u00e9colt\u00e9es par la d\u00e9l\u00e9gation tricolore \u00e0 Sotchi, il y a quatre ans. Pour notre cinqui\u00e8me volet, focus sur Coline Mattel, la sauteuse \u00e0 ski tricolore, \u00e2g\u00e9e de seulement 18 ans \u00e0 Sotchi. Elle avait arrach\u00e9 une magnifique m\u00e9daille de bronze.<br \/>\n<\/strong><\/em><\/p>\n<p style=\"text-align: justify;\">18 ans, et un caract\u00e8re bien tremp\u00e9. Coline Mattel arrivait en Russie avec la ferme intention de d\u00e9crocher une m\u00e9daille. Et son palmar\u00e8s chez les s\u00e9niors parlait (d\u00e9j\u00e0) pour elle : une m\u00e9daille de bronze aux Championnats du Monde \u00e0 Oslo en 2011 \u00e0 seulement 15 ans, une premi\u00e8re victoire en Coupe du Monde en 2012 sur le tremplin de Rosa Khoutor \u00e0 Sotchi, d\u00e9j\u00e0, suivi d&rsquo;une seconde en 2013 \u00e0 Sapporo au Japon. Bref, la Fran\u00e7aise, originaire des Contamines Montjoie se pr\u00e9sentait dans la peau d&rsquo;une parfaite outsider pour ses premiers Jeux Olympiques, derri\u00e8re la grande favorite, la Nippone Sara Takanashi.<\/p>\n<p style=\"text-align: justify;\">D\u00e8s la premi\u00e8re manche, la Haut-Savoyarde va faire honneur \u00e0 son statut. Deuxi\u00e8me avec un saut \u00e0 99,5m, la championne du Monde juniors en 2011 marque les esprits. Pendant que la num\u00e9ro une mondiale Sara Takanashi craque, la Tricolore parviendra \u00e0 garder sa place sur le podium lors du second saut, avec une marque \u00e0 97,5m. Une troisi\u00e8me place finale avec 254,2 points, derri\u00e8re l&rsquo;Allemande Carina Vogt, m\u00e9daille d&rsquo;or, et l&rsquo;Autrichienne Daniela Iraschko-Stolz, m\u00e9daille d&rsquo;argent. Une breloque en bronze pour le premier concours de saut \u00e0 ski f\u00e9minin de l\u2019histoire aux Jeux Olympiques, avec la meilleure note du jury \u00e0 chaque saut, tout simplement historique !<\/p>\n<h4 style=\"text-align: justify;\">L&rsquo;apr\u00e8s Sotchi<\/h4>\n<p style=\"text-align: justify;\">Une m\u00e9daille olympique n&rsquo;a jamais \u00e9t\u00e9 gage de succ\u00e8s pour la suite d&rsquo;une carri\u00e8re chez le sportif haut niveau. Malheureusement, cela s&rsquo;est v\u00e9rifi\u00e9 avec Coline Mattel, en difficult\u00e9 depuis trois ans. Seulement 27\u00e8me aux Championnats du Monde \u00e0 Falun (Su\u00e8de) en 2015, elle n&rsquo;a pas fait mieux qu&rsquo;une 33\u00e8me et une 32\u00e8me place lors des deux derni\u00e8res saisons en Coupe du Monde. A 22 ans, elle participera tout de m\u00eame pour la deuxi\u00e8me fois aux Jeux Olympiques \u00e0 Pyongchang. Un nouvel environnement pour ses entrainements et sa pr\u00e9paration suffira-t-il \u00e0 la championne pour r\u00e9\u00e9diter la m\u00eame performance qu&rsquo;\u00e0 Sotchi ?<\/p>\n<p><em><strong>Flo Ostermann<\/strong><\/em><em><br \/>\n<\/em><a href=\"https:\/\/www.facebook.com\/florent.ostermann\"><img loading=\"lazy\" decoding=\"async\" class=\"alignnone wp-image-2909\" src=\"http:\/\/dicodusport.fr\/blog\/wp-content\/uploads\/2017\/07\/logo-facebook-150x150.png\" alt=\"\" width=\"40\" height=\"40\" \/><\/a><a href=\"https:\/\/twitter.com\/SportInsideMag\"><img loading=\"lazy\" decoding=\"async\" class=\"alignnone wp-image-2908\" src=\"http:\/\/dicodusport.fr\/blog\/wp-content\/uploads\/2017\/07\/logo-twitter-150x150.png\" alt=\"\" width=\"39\" height=\"39\" \/><\/a><\/p>\n","protected":false},"excerpt":{"rendered":"<p>A l&rsquo;approche des Jeux Olympiques de Pyeongchang, la r\u00e9daction de Dicodusport vous propose de revenir sur les quinze breloques r\u00e9colt\u00e9es par la d\u00e9l\u00e9gation tricolore \u00e0 Sotchi, il y a quatre ans. Pour notre cinqui\u00e8me volet, focus sur Coline Mattel, la sauteuse \u00e0 ski tricolore, \u00e2g\u00e9e de seulement 18 ans \u00e0 Sotchi. Elle avait arrach\u00e9 une [&hellip;]<\/p>\n","protected":false},"author":4,"featured_media":10734,"comment_status":"open","ping_status":"closed","sticky":false,"template":"","format":"standard","meta":{"_acf_changed":false,"_daextam_enable_autolinks":"","footnotes":""},"categories":[8,3588,2313],"tags":[2554],"class_list":["post-10733","post","type-post","status-publish","format-standard","has-post-thumbnail","hentry","category-histoire","category-pyeongchang-2018","category-sports-dhiver","tag-saut-a-ski"],"acf":[],"yoast_head":"<!-- This site is optimized with the Yoast SEO Premium plugin v26.7 (Yoast SEO v26.7) - https:\/\/yoast.com\/wordpress\/plugins\/seo\/ -->\n<title>R\u00e9tro Sotchi 2014 #5 : l&#039;envol de Coline Mattel<\/title>\n<meta name=\"description\" content=\"Pour notre cinqui\u00e8me volet, focus sur Coline Mattel, la sauteuse \u00e0 skis tricolore, \u00e2g\u00e9e de seulement 18 ans \u00e0 Sotchi. Elle avait arrach\u00e9 une magnifique m\u00e9daille de bronze.\" \/>\n<meta name=\"robots\" content=\"index, follow, max-snippet:-1, max-image-preview:large, max-video-preview:-1\" \/>\n<link rel=\"canonical\" href=\"https:\/\/dicodusport.fr\/blog\/retro-sotchi-2014-5-envol-coline-mattel\/\" \/>\n<meta property=\"og:locale\" content=\"fr_FR\" \/>\n<meta property=\"og:type\" content=\"article\" \/>\n<meta property=\"og:title\" content=\"R\u00e9tro Sotchi 2014 #5 : l&#039;envol de Coline Mattel\" \/>\n<meta property=\"og:description\" content=\"Pour notre cinqui\u00e8me volet, focus sur Coline Mattel, la sauteuse \u00e0 skis tricolore, \u00e2g\u00e9e de seulement 18 ans \u00e0 Sotchi. Elle avait arrach\u00e9 une magnifique m\u00e9daille de bronze.\" \/>\n<meta property=\"og:url\" content=\"https:\/\/dicodusport.fr\/blog\/retro-sotchi-2014-5-envol-coline-mattel\/\" \/>\n<meta property=\"og:site_name\" content=\"Dicodusport\" \/>\n<meta property=\"article:publisher\" content=\"https:\/\/www.facebook.com\/dicodusport\" \/>\n<meta property=\"article:author\" content=\"https:\/\/www.facebook.com\/florent.ostermann\" \/>\n<meta property=\"article:published_time\" content=\"2018-01-20T13:00:26+00:00\" \/>\n<meta property=\"article:modified_time\" content=\"2018-01-31T09:33:48+00:00\" \/>\n<meta property=\"og:image\" content=\"https:\/\/dicodusport.fr\/blog\/wp-content\/uploads\/2018\/01\/Coline-Mattel-Sotchi-2014.png\" \/>\n\t<meta property=\"og:image:width\" content=\"1200\" \/>\n\t<meta property=\"og:image:height\" content=\"670\" \/>\n\t<meta property=\"og:image:type\" content=\"image\/png\" \/>\n<meta name=\"author\" content=\"Flo Ostermann\" \/>\n<meta name=\"twitter:card\" content=\"summary_large_image\" \/>\n<meta name=\"twitter:creator\" content=\"@https:\/\/twitter.com\/FlOstermann\" \/>\n<meta name=\"twitter:site\" content=\"@dicodusport\" \/>\n<script type=\"application\/ld+json\" class=\"yoast-schema-graph\">{\"@context\":\"https:\/\/schema.org\",\"@graph\":[{\"@type\":\"NewsArticle\",\"@id\":\"https:\/\/dicodusport.fr\/blog\/retro-sotchi-2014-5-envol-coline-mattel\/#article\",\"isPartOf\":{\"@id\":\"https:\/\/dicodusport.fr\/blog\/retro-sotchi-2014-5-envol-coline-mattel\/\"},\"author\":{\"name\":\"Flo Ostermann\",\"@id\":\"https:\/\/dicodusport.fr\/blog\/#\/schema\/person\/cb02af4c173ce4a653b55e9baf388d4a\"},\"headline\":\"R\u00e9tro Sotchi 2014 #5 : l&rsquo;envol de Coline Mattel\",\"datePublished\":\"2018-01-20T13:00:26+00:00\",\"dateModified\":\"2018-01-31T09:33:48+00:00\",\"mainEntityOfPage\":{\"@id\":\"https:\/\/dicodusport.fr\/blog\/retro-sotchi-2014-5-envol-coline-mattel\/\"},\"wordCount\":405,\"commentCount\":0,\"publisher\":{\"@id\":\"https:\/\/dicodusport.fr\/blog\/#organization\"},\"image\":{\"@id\":\"https:\/\/dicodusport.fr\/blog\/retro-sotchi-2014-5-envol-coline-mattel\/#primaryimage\"},\"thumbnailUrl\":\"https:\/\/dicodusport.fr\/blog\/wp-content\/uploads\/2018\/01\/Coline-Mattel-Sotchi-2014.png\",\"keywords\":[\"saut \u00e0 ski\"],\"articleSection\":[\"Histoire\",\"Pyeongchang 2018\",\"Sports d'hiver\"],\"inLanguage\":\"fr-FR\",\"potentialAction\":[{\"@type\":\"CommentAction\",\"name\":\"Comment\",\"target\":[\"https:\/\/dicodusport.fr\/blog\/retro-sotchi-2014-5-envol-coline-mattel\/#respond\"]}],\"copyrightYear\":\"2018\",\"copyrightHolder\":{\"@id\":\"https:\/\/dicodusport.fr\/blog\/#organization\"}},{\"@type\":\"WebPage\",\"@id\":\"https:\/\/dicodusport.fr\/blog\/retro-sotchi-2014-5-envol-coline-mattel\/\",\"url\":\"https:\/\/dicodusport.fr\/blog\/retro-sotchi-2014-5-envol-coline-mattel\/\",\"name\":\"R\u00e9tro Sotchi 2014 #5 : l'envol de Coline Mattel\",\"isPartOf\":{\"@id\":\"https:\/\/dicodusport.fr\/blog\/#website\"},\"primaryImageOfPage\":{\"@id\":\"https:\/\/dicodusport.fr\/blog\/retro-sotchi-2014-5-envol-coline-mattel\/#primaryimage\"},\"image\":{\"@id\":\"https:\/\/dicodusport.fr\/blog\/retro-sotchi-2014-5-envol-coline-mattel\/#primaryimage\"},\"thumbnailUrl\":\"https:\/\/dicodusport.fr\/blog\/wp-content\/uploads\/2018\/01\/Coline-Mattel-Sotchi-2014.png\",\"datePublished\":\"2018-01-20T13:00:26+00:00\",\"dateModified\":\"2018-01-31T09:33:48+00:00\",\"description\":\"Pour notre cinqui\u00e8me volet, focus sur Coline Mattel, la sauteuse \u00e0 skis tricolore, \u00e2g\u00e9e de seulement 18 ans \u00e0 Sotchi. Elle avait arrach\u00e9 une magnifique m\u00e9daille de bronze.\",\"breadcrumb\":{\"@id\":\"https:\/\/dicodusport.fr\/blog\/retro-sotchi-2014-5-envol-coline-mattel\/#breadcrumb\"},\"inLanguage\":\"fr-FR\",\"potentialAction\":[{\"@type\":\"ReadAction\",\"target\":[\"https:\/\/dicodusport.fr\/blog\/retro-sotchi-2014-5-envol-coline-mattel\/\"]}]},{\"@type\":\"ImageObject\",\"inLanguage\":\"fr-FR\",\"@id\":\"https:\/\/dicodusport.fr\/blog\/retro-sotchi-2014-5-envol-coline-mattel\/#primaryimage\",\"url\":\"https:\/\/dicodusport.fr\/blog\/wp-content\/uploads\/2018\/01\/Coline-Mattel-Sotchi-2014.png\",\"contentUrl\":\"https:\/\/dicodusport.fr\/blog\/wp-content\/uploads\/2018\/01\/Coline-Mattel-Sotchi-2014.png\",\"width\":1200,\"height\":670},{\"@type\":\"BreadcrumbList\",\"@id\":\"https:\/\/dicodusport.fr\/blog\/retro-sotchi-2014-5-envol-coline-mattel\/#breadcrumb\",\"itemListElement\":[{\"@type\":\"ListItem\",\"position\":1,\"name\":\"Accueil\",\"item\":\"https:\/\/dicodusport.fr\/blog\/\"},{\"@type\":\"ListItem\",\"position\":2,\"name\":\"R\u00e9tro Sotchi 2014 #5 : l&rsquo;envol de Coline Mattel\"}]},{\"@type\":\"WebSite\",\"@id\":\"https:\/\/dicodusport.fr\/blog\/#website\",\"url\":\"https:\/\/dicodusport.fr\/blog\/\",\"name\":\"Dicodusport\",\"description\":\"L&#039;encyclop\u00e9die de l&#039;actualit\u00e9 sportive\",\"publisher\":{\"@id\":\"https:\/\/dicodusport.fr\/blog\/#organization\"},\"potentialAction\":[{\"@type\":\"SearchAction\",\"target\":{\"@type\":\"EntryPoint\",\"urlTemplate\":\"https:\/\/dicodusport.fr\/blog\/?s={search_term_string}\"},\"query-input\":{\"@type\":\"PropertyValueSpecification\",\"valueRequired\":true,\"valueName\":\"search_term_string\"}}],\"inLanguage\":\"fr-FR\"},{\"@type\":\"NewsMediaOrganization\",\"@id\":\"https:\/\/dicodusport.fr\/blog\/#organization\",\"name\":\"Dicodusport\",\"url\":\"https:\/\/dicodusport.fr\/blog\/\",\"logo\":{\"@type\":\"ImageObject\",\"inLanguage\":\"fr-FR\",\"@id\":\"https:\/\/dicodusport.fr\/blog\/#\/schema\/logo\/image\/\",\"url\":\"https:\/\/dicodusport.fr\/blog\/wp-content\/uploads\/2020\/06\/cropped-LOGO-DICODUSPORT-2020-SANS-FOND-SANS-TEXTE.png\",\"contentUrl\":\"https:\/\/dicodusport.fr\/blog\/wp-content\/uploads\/2020\/06\/cropped-LOGO-DICODUSPORT-2020-SANS-FOND-SANS-TEXTE.png\",\"width\":512,\"height\":512,\"caption\":\"Dicodusport\"},\"image\":{\"@id\":\"https:\/\/dicodusport.fr\/blog\/#\/schema\/logo\/image\/\"},\"sameAs\":[\"https:\/\/www.facebook.com\/dicodusport\",\"https:\/\/x.com\/dicodusport\",\"https:\/\/www.instagram.com\/dicodusport\/\",\"https:\/\/www.youtube.com\/channel\/UC7V2KZ5sd3htJivAbA4ZG3w\"],\"description\":\"Dicodusport est l'encyclop\u00e9die de l'actualit\u00e9 sportive.\",\"email\":\"bonjour@dicodusport.fr\",\"legalName\":\"DICODUSPORT\",\"foundingDate\":\"2018-01-14\",\"vatID\":\"FR71834470973\",\"taxID\":\"83447097300043\",\"numberOfEmployees\":{\"@type\":\"QuantitativeValue\",\"minValue\":\"1\",\"maxValue\":\"10\"}},{\"@type\":\"Person\",\"@id\":\"https:\/\/dicodusport.fr\/blog\/#\/schema\/person\/cb02af4c173ce4a653b55e9baf388d4a\",\"name\":\"Flo Ostermann\",\"image\":{\"@type\":\"ImageObject\",\"inLanguage\":\"fr-FR\",\"@id\":\"https:\/\/dicodusport.fr\/blog\/#\/schema\/person\/image\/\",\"url\":\"https:\/\/dicodusport.fr\/blog\/wp-content\/uploads\/2021\/05\/Flo-Ostermann-150x150.jpg\",\"contentUrl\":\"https:\/\/dicodusport.fr\/blog\/wp-content\/uploads\/2021\/05\/Flo-Ostermann-150x150.jpg\",\"caption\":\"Flo Ostermann\"},\"description\":\"Journaliste\/R\u00e9dacteur depuis septembre 2015 - Mes premiers souvenirs dans le sport ? Les envol\u00e9es du Stade Toulousain et les duels Villeneuve-Schumacher et H\u00e4kkinen-Schumacher \u00e0 la fin des ann\u00e9es 90, la Coupe du monde de football en 1998, l\u2019exploit du XV de France face aux All Blacks en 1999, mais aussi Richard C\u0153ur de Lion qui vole sur les montagnes du Tour de France. Bien parti pour devenir professeur d\u2019EPS, les \u00e9v\u00e9nements de la vie (et la flemme d\u2019animer des s\u00e9ances de 3x500 m\u00e8tres toute ma vie) m\u2019ont conduit \u00e0 revoir mes plans. Me voil\u00e0 depuis fin 2017 sur Dicodusport, m\u00e9dia gr\u00e2ce (et pour) lequel je partage ma passion : le sport dans tous ses \u00e9tats. Le tout accompagn\u00e9 par les fous furieux et folles furieuses cit\u00e9s sur cette page !\",\"sameAs\":[\"https:\/\/www.facebook.com\/florent.ostermann\",\"https:\/\/x.com\/https:\/\/twitter.com\/FlOstermann\",\"admin\"],\"url\":\"https:\/\/dicodusport.fr\/blog\/author\/flo\/\"}]}<\/script>\n<!-- \/ Yoast SEO Premium plugin. -->","yoast_head_json":{"title":"R\u00e9tro Sotchi 2014 #5 : l'envol de Coline Mattel","description":"Pour notre cinqui\u00e8me volet, focus sur Coline Mattel, la sauteuse \u00e0 skis tricolore, \u00e2g\u00e9e de seulement 18 ans \u00e0 Sotchi. Elle avait arrach\u00e9 une magnifique m\u00e9daille de bronze.","robots":{"index":"index","follow":"follow","max-snippet":"max-snippet:-1","max-image-preview":"max-image-preview:large","max-video-preview":"max-video-preview:-1"},"canonical":"https:\/\/dicodusport.fr\/blog\/retro-sotchi-2014-5-envol-coline-mattel\/","og_locale":"fr_FR","og_type":"article","og_title":"R\u00e9tro Sotchi 2014 #5 : l'envol de Coline Mattel","og_description":"Pour notre cinqui\u00e8me volet, focus sur Coline Mattel, la sauteuse \u00e0 skis tricolore, \u00e2g\u00e9e de seulement 18 ans \u00e0 Sotchi. Elle avait arrach\u00e9 une magnifique m\u00e9daille de bronze.","og_url":"https:\/\/dicodusport.fr\/blog\/retro-sotchi-2014-5-envol-coline-mattel\/","og_site_name":"Dicodusport","article_publisher":"https:\/\/www.facebook.com\/dicodusport","article_author":"https:\/\/www.facebook.com\/florent.ostermann","article_published_time":"2018-01-20T13:00:26+00:00","article_modified_time":"2018-01-31T09:33:48+00:00","og_image":[{"width":1200,"height":670,"url":"https:\/\/dicodusport.fr\/blog\/wp-content\/uploads\/2018\/01\/Coline-Mattel-Sotchi-2014.png","type":"image\/png"}],"author":"Flo Ostermann","twitter_card":"summary_large_image","twitter_creator":"@https:\/\/twitter.com\/FlOstermann","twitter_site":"@dicodusport","schema":{"@context":"https:\/\/schema.org","@graph":[{"@type":"NewsArticle","@id":"https:\/\/dicodusport.fr\/blog\/retro-sotchi-2014-5-envol-coline-mattel\/#article","isPartOf":{"@id":"https:\/\/dicodusport.fr\/blog\/retro-sotchi-2014-5-envol-coline-mattel\/"},"author":{"name":"Flo Ostermann","@id":"https:\/\/dicodusport.fr\/blog\/#\/schema\/person\/cb02af4c173ce4a653b55e9baf388d4a"},"headline":"R\u00e9tro Sotchi 2014 #5 : l&rsquo;envol de Coline Mattel","datePublished":"2018-01-20T13:00:26+00:00","dateModified":"2018-01-31T09:33:48+00:00","mainEntityOfPage":{"@id":"https:\/\/dicodusport.fr\/blog\/retro-sotchi-2014-5-envol-coline-mattel\/"},"wordCount":405,"commentCount":0,"publisher":{"@id":"https:\/\/dicodusport.fr\/blog\/#organization"},"image":{"@id":"https:\/\/dicodusport.fr\/blog\/retro-sotchi-2014-5-envol-coline-mattel\/#primaryimage"},"thumbnailUrl":"https:\/\/dicodusport.fr\/blog\/wp-content\/uploads\/2018\/01\/Coline-Mattel-Sotchi-2014.png","keywords":["saut \u00e0 ski"],"articleSection":["Histoire","Pyeongchang 2018","Sports d'hiver"],"inLanguage":"fr-FR","potentialAction":[{"@type":"CommentAction","name":"Comment","target":["https:\/\/dicodusport.fr\/blog\/retro-sotchi-2014-5-envol-coline-mattel\/#respond"]}],"copyrightYear":"2018","copyrightHolder":{"@id":"https:\/\/dicodusport.fr\/blog\/#organization"}},{"@type":"WebPage","@id":"https:\/\/dicodusport.fr\/blog\/retro-sotchi-2014-5-envol-coline-mattel\/","url":"https:\/\/dicodusport.fr\/blog\/retro-sotchi-2014-5-envol-coline-mattel\/","name":"R\u00e9tro Sotchi 2014 #5 : l'envol de Coline Mattel","isPartOf":{"@id":"https:\/\/dicodusport.fr\/blog\/#website"},"primaryImageOfPage":{"@id":"https:\/\/dicodusport.fr\/blog\/retro-sotchi-2014-5-envol-coline-mattel\/#primaryimage"},"image":{"@id":"https:\/\/dicodusport.fr\/blog\/retro-sotchi-2014-5-envol-coline-mattel\/#primaryimage"},"thumbnailUrl":"https:\/\/dicodusport.fr\/blog\/wp-content\/uploads\/2018\/01\/Coline-Mattel-Sotchi-2014.png","datePublished":"2018-01-20T13:00:26+00:00","dateModified":"2018-01-31T09:33:48+00:00","description":"Pour notre cinqui\u00e8me volet, focus sur Coline Mattel, la sauteuse \u00e0 skis tricolore, \u00e2g\u00e9e de seulement 18 ans \u00e0 Sotchi. Elle avait arrach\u00e9 une magnifique m\u00e9daille de bronze.","breadcrumb":{"@id":"https:\/\/dicodusport.fr\/blog\/retro-sotchi-2014-5-envol-coline-mattel\/#breadcrumb"},"inLanguage":"fr-FR","potentialAction":[{"@type":"ReadAction","target":["https:\/\/dicodusport.fr\/blog\/retro-sotchi-2014-5-envol-coline-mattel\/"]}]},{"@type":"ImageObject","inLanguage":"fr-FR","@id":"https:\/\/dicodusport.fr\/blog\/retro-sotchi-2014-5-envol-coline-mattel\/#primaryimage","url":"https:\/\/dicodusport.fr\/blog\/wp-content\/uploads\/2018\/01\/Coline-Mattel-Sotchi-2014.png","contentUrl":"https:\/\/dicodusport.fr\/blog\/wp-content\/uploads\/2018\/01\/Coline-Mattel-Sotchi-2014.png","width":1200,"height":670},{"@type":"BreadcrumbList","@id":"https:\/\/dicodusport.fr\/blog\/retro-sotchi-2014-5-envol-coline-mattel\/#breadcrumb","itemListElement":[{"@type":"ListItem","position":1,"name":"Accueil","item":"https:\/\/dicodusport.fr\/blog\/"},{"@type":"ListItem","position":2,"name":"R\u00e9tro Sotchi 2014 #5 : l&rsquo;envol de Coline Mattel"}]},{"@type":"WebSite","@id":"https:\/\/dicodusport.fr\/blog\/#website","url":"https:\/\/dicodusport.fr\/blog\/","name":"Dicodusport","description":"L&#039;encyclop\u00e9die de l&#039;actualit\u00e9 sportive","publisher":{"@id":"https:\/\/dicodusport.fr\/blog\/#organization"},"potentialAction":[{"@type":"SearchAction","target":{"@type":"EntryPoint","urlTemplate":"https:\/\/dicodusport.fr\/blog\/?s={search_term_string}"},"query-input":{"@type":"PropertyValueSpecification","valueRequired":true,"valueName":"search_term_string"}}],"inLanguage":"fr-FR"},{"@type":"NewsMediaOrganization","@id":"https:\/\/dicodusport.fr\/blog\/#organization","name":"Dicodusport","url":"https:\/\/dicodusport.fr\/blog\/","logo":{"@type":"ImageObject","inLanguage":"fr-FR","@id":"https:\/\/dicodusport.fr\/blog\/#\/schema\/logo\/image\/","url":"https:\/\/dicodusport.fr\/blog\/wp-content\/uploads\/2020\/06\/cropped-LOGO-DICODUSPORT-2020-SANS-FOND-SANS-TEXTE.png","contentUrl":"https:\/\/dicodusport.fr\/blog\/wp-content\/uploads\/2020\/06\/cropped-LOGO-DICODUSPORT-2020-SANS-FOND-SANS-TEXTE.png","width":512,"height":512,"caption":"Dicodusport"},"image":{"@id":"https:\/\/dicodusport.fr\/blog\/#\/schema\/logo\/image\/"},"sameAs":["https:\/\/www.facebook.com\/dicodusport","https:\/\/x.com\/dicodusport","https:\/\/www.instagram.com\/dicodusport\/","https:\/\/www.youtube.com\/channel\/UC7V2KZ5sd3htJivAbA4ZG3w"],"description":"Dicodusport est l'encyclop\u00e9die de l'actualit\u00e9 sportive.","email":"bonjour@dicodusport.fr","legalName":"DICODUSPORT","foundingDate":"2018-01-14","vatID":"FR71834470973","taxID":"83447097300043","numberOfEmployees":{"@type":"QuantitativeValue","minValue":"1","maxValue":"10"}},{"@type":"Person","@id":"https:\/\/dicodusport.fr\/blog\/#\/schema\/person\/cb02af4c173ce4a653b55e9baf388d4a","name":"Flo Ostermann","image":{"@type":"ImageObject","inLanguage":"fr-FR","@id":"https:\/\/dicodusport.fr\/blog\/#\/schema\/person\/image\/","url":"https:\/\/dicodusport.fr\/blog\/wp-content\/uploads\/2021\/05\/Flo-Ostermann-150x150.jpg","contentUrl":"https:\/\/dicodusport.fr\/blog\/wp-content\/uploads\/2021\/05\/Flo-Ostermann-150x150.jpg","caption":"Flo Ostermann"},"description":"Journaliste\/R\u00e9dacteur depuis septembre 2015 - Mes premiers souvenirs dans le sport ? Les envol\u00e9es du Stade Toulousain et les duels Villeneuve-Schumacher et H\u00e4kkinen-Schumacher \u00e0 la fin des ann\u00e9es 90, la Coupe du monde de football en 1998, l\u2019exploit du XV de France face aux All Blacks en 1999, mais aussi Richard C\u0153ur de Lion qui vole sur les montagnes du Tour de France. Bien parti pour devenir professeur d\u2019EPS, les \u00e9v\u00e9nements de la vie (et la flemme d\u2019animer des s\u00e9ances de 3x500 m\u00e8tres toute ma vie) m\u2019ont conduit \u00e0 revoir mes plans. Me voil\u00e0 depuis fin 2017 sur Dicodusport, m\u00e9dia gr\u00e2ce (et pour) lequel je partage ma passion : le sport dans tous ses \u00e9tats. Le tout accompagn\u00e9 par les fous furieux et folles furieuses cit\u00e9s sur cette page !","sameAs":["https:\/\/www.facebook.com\/florent.ostermann","https:\/\/x.com\/https:\/\/twitter.com\/FlOstermann","admin"],"url":"https:\/\/dicodusport.fr\/blog\/author\/flo\/"}]}},"_links":{"self":[{"href":"https:\/\/dicodusport.fr\/blog\/wp-json\/wp\/v2\/posts\/10733","targetHints":{"allow":["GET"]}}],"collection":[{"href":"https:\/\/dicodusport.fr\/blog\/wp-json\/wp\/v2\/posts"}],"about":[{"href":"https:\/\/dicodusport.fr\/blog\/wp-json\/wp\/v2\/types\/post"}],"author":[{"embeddable":true,"href":"https:\/\/dicodusport.fr\/blog\/wp-json\/wp\/v2\/users\/4"}],"replies":[{"embeddable":true,"href":"https:\/\/dicodusport.fr\/blog\/wp-json\/wp\/v2\/comments?post=10733"}],"version-history":[{"count":0,"href":"https:\/\/dicodusport.fr\/blog\/wp-json\/wp\/v2\/posts\/10733\/revisions"}],"wp:featuredmedia":[{"embeddable":true,"href":"https:\/\/dicodusport.fr\/blog\/wp-json\/wp\/v2\/media\/10734"}],"wp:attachment":[{"href":"https:\/\/dicodusport.fr\/blog\/wp-json\/wp\/v2\/media?parent=10733"}],"wp:term":[{"taxonomy":"category","embeddable":true,"href":"https:\/\/dicodusport.fr\/blog\/wp-json\/wp\/v2\/categories?post=10733"},{"taxonomy":"post_tag","embeddable":true,"href":"https:\/\/dicodusport.fr\/blog\/wp-json\/wp\/v2\/tags?post=10733"}],"curies":[{"name":"wp","href":"https:\/\/api.w.org\/{rel}","templated":true}]}}