{"id":107331,"date":"2021-02-18T10:48:31","date_gmt":"2021-02-18T09:48:31","guid":{"rendered":"https:\/\/dicodusport.fr\/blog\/?p=107331"},"modified":"2021-02-18T21:03:57","modified_gmt":"2021-02-18T20:03:57","slug":"tour-des-alpes-maritimes-et-du-var-2021-parcours-en-detail","status":"publish","type":"post","link":"https:\/\/dicodusport.fr\/blog\/tour-des-alpes-maritimes-et-du-var-2021-parcours-en-detail\/","title":{"rendered":"Tour des Alpes-Maritimes et du Var 2021 : le parcours en d\u00e9tail"},"content":{"rendered":"<p style=\"text-align: justify;\"><strong><em><a href=\"https:\/\/dicodusport.fr\/definition-sport\/cyclisme\/\" target=\"_blank\" rel=\"noopener\">CYCLISME<\/a> &#8211; Apr\u00e8s le Grand Prix La Marseillaise, l\u2019\u00c9toile de Bess\u00e8ges et le Tour de La Provence, la quatri\u00e8me course fran\u00e7aise de la saison se d\u00e9roulera du 19 au 21 f\u00e9vrier. Trois \u00e9tapes seront au programme du <a href=\"https:\/\/www.procyclingstats.com\/race\/tour-du-haut-var\/2021\/overview\" target=\"_blank\" rel=\"noopener\">53\u00e8me\u00a0Tour des Alpes-Maritimes et du Var<\/a><\/em> <em>pour 498,5 km au total. Le parcours a \u00e9t\u00e9 dessin\u00e9 pour les puncheurs et les grimpeurs. Le plateau de cette \u00e9preuve sera particuli\u00e8rement relev\u00e9 avec <a href=\"https:\/\/dicodusport.fr\/blog\/thibaut-pinot-on-sait-qu-on-ne-suit-pas-tous-les-memes-regles-c-est-ca-qui-est-dommage\/\">Thibaut Pinot<\/a>, <a href=\"https:\/\/dicodusport.fr\/blog\/david-gaudu-j-ai-la-chance-d-etre-a-cote-de-thibaut-pinot\/\">David Gaudu<\/a>, Bauke Mollema, le tenant du titre <a href=\"https:\/\/dicodusport.fr\/blog\/nairo-quintana-confirme-etre-vise-par-une-enquete-et-declare-qu-il-ne-s-est-jamais-dope\/\">Nairo Quintana<\/a>, <a href=\"https:\/\/dicodusport.fr\/blog\/noms-jakob-fuglsang-alexey-lutsenko-lies-docteur-ferrari\/\">Jakob Fuglsang<\/a>, le vainqueur sortant du Tour d&rsquo;Italie <a href=\"https:\/\/dicodusport.fr\/blog\/tour-d-italie-2020-tao-geoghegan-hart-s-impose-sur-20eme-etape-jai-hindley-en-rose\/\">Tao Geoghegan Hart<\/a> ou encore Geraint Thomas.<\/em><\/strong><\/p>\n<h2 style=\"text-align: justify;\">Trois \u00e9tapes difficiles dans le sud de la France<\/h2>\n<h3 style=\"text-align: justify;\">\u00c9tape 1 &#8211; Vendredi 19 f\u00e9vrier : Biot &gt; Gourdon &#8211; 186,8 km<\/h3>\n<p style=\"text-align: justify;\">D&rsquo;abord, la premi\u00e8re \u00e9tape de ce Tour des Alpes-Maritimes et du Var pr\u00e9sentera un parcours difficile. Entre <strong>Biot<\/strong> et <strong>Gourdon<\/strong>, l&rsquo;itin\u00e9raire ne laissera aucun r\u00e9pit aux coureurs avec trois ascensions du <strong>Col de Gourdon (7,8 km \u00e0 4,1 %)<\/strong> dans le <strong>Parc naturel r\u00e9gional des Pr\u00e9alpes d&rsquo;Azur<\/strong>. L&rsquo;arriv\u00e9e sera au sommet de cette ascension dont les deux premiers kilom\u00e8tres seront les plus durs avec des rampes autour des 7 %. Cependant, son dernier kilom\u00e8tre sera \u00e0 un peu moins de 6% et devrait faire la diff\u00e9rence pour la victoire d&rsquo;\u00e9tape.<\/p>\n<h3 style=\"text-align: justify;\">\u00c9tape 2 &#8211; Samedi 20 f\u00e9vrier : Fayence &gt; Fayence &#8211; 175,7 km<\/h3>\n<p style=\"text-align: justify;\">Ensuite, place \u00e0 une journ\u00e9e autour de <strong>Fayence<\/strong>. Le d\u00e9but de l&rsquo;\u00e9tape sera un peu accident\u00e9 avec surtout la <strong>mont\u00e9e des Marjoris (2,3 km \u00e0 6,8 %) <\/strong>et le <strong>Col de Mons (6 km \u00e0 5,3 %)<\/strong> dans la premi\u00e8re moiti\u00e9 du parcours. La suite de la journ\u00e9e sera moins exigeante avec un premier passage sur la ligne d&rsquo;arriv\u00e9e \u00e0 moins de 35 kilom\u00e8tres de l&rsquo;arriv\u00e9e. L&rsquo;arriv\u00e9e sera jug\u00e9e au sommet d&rsquo;une c\u00f4te longue de <strong>1200 m \u00e0 9,8 %<\/strong>.<\/p>\n<h3 class=\"ljqsnud1\" dir=\"auto\" style=\"text-align: justify;\"><strong>\u00c9tape 3 &#8211; Dimanche 21 f\u00e9vrier : Blausasc &gt; Blausasc &#8211; 136 km<\/strong><\/h3>\n<p style=\"text-align: justify;\">Enfin, la troisi\u00e8me et derni\u00e8re \u00e9tape pr\u00e9sentera le parcours le plus montagneux autour de <strong>Blausasc<\/strong> au c\u0153ur du pays des Paillons, au pied des Alpes et du parc national du Mercantour. Plusieurs cols seront \u00e0 gravir : <strong>la mont\u00e9e vers Berre-les-Alpes (4,5 km \u00e0 6,1%), l&rsquo;ascension vers Coaraze (6 km \u00e0 5,8 %), le Col de Saint-Roch (5,8 km \u00e0 7,2 % ), le Col de Braus (10 km \u00e0 6,3 %), le Col de Castillon (6,2 km \u00e0 5,7 % ) <\/strong>et le <strong>Col de la Madone de Gorbio (11,2 km \u00e0 6,9 %)<\/strong>. Le sommet de ce dernier col se situera \u00e0 25 km du terme. Cependant, le final de l&rsquo;\u00e9tape restera compliqu\u00e9 avec deux petites bosses avant la plong\u00e9e vers <strong>Blaussac<\/strong>. Une journ\u00e9e pour les hommes forts pour conclure ce Tour des Alpes-Maritimes et du Var.<\/p>\n<div dir=\"auto\"><\/div>\n<div id=\"attachment_107374\" style=\"width: 1112px\" class=\"wp-caption aligncenter\"><a href=\"https:\/\/dicodusport.fr\/blog\/wp-content\/uploads\/2021\/02\/Carte-du-parcours-du-Tour-des-Alpes-Maritimes-et-du-Var-2021.png\"><img loading=\"lazy\" decoding=\"async\" aria-describedby=\"caption-attachment-107374\" class=\"size-full wp-image-107374\" src=\"https:\/\/dicodusport.fr\/blog\/wp-content\/uploads\/2021\/02\/Carte-du-parcours-du-Tour-des-Alpes-Maritimes-et-du-Var-2021.png\" alt=\"Carte du parcours du Tour des Alpes-Maritimes et du Var 2021\" width=\"1102\" height=\"690\" srcset=\"https:\/\/dicodusport.fr\/blog\/wp-content\/uploads\/2021\/02\/Carte-du-parcours-du-Tour-des-Alpes-Maritimes-et-du-Var-2021.png 1102w, https:\/\/dicodusport.fr\/blog\/wp-content\/uploads\/2021\/02\/Carte-du-parcours-du-Tour-des-Alpes-Maritimes-et-du-Var-2021-300x188.png 300w, https:\/\/dicodusport.fr\/blog\/wp-content\/uploads\/2021\/02\/Carte-du-parcours-du-Tour-des-Alpes-Maritimes-et-du-Var-2021-1024x641.png 1024w, https:\/\/dicodusport.fr\/blog\/wp-content\/uploads\/2021\/02\/Carte-du-parcours-du-Tour-des-Alpes-Maritimes-et-du-Var-2021-768x481.png 768w\" sizes=\"auto, (max-width: 1102px) 100vw, 1102px\" \/><\/a><p id=\"caption-attachment-107374\" class=\"wp-caption-text\">Carte du parcours du Tour des Alpes-Maritimes et du Var 2021 &#8211; Via Pro Cycling Stats<\/p><\/div>\n<p style=\"text-align: justify;\">Le Tour des Alpes-Maritimes et du Var 2021 sera retransmis sur <strong>Eurosport<\/strong> et <strong>France 3 Provence Alpes C\u00f4te d\u2019Azur<\/strong> pour les deux derni\u00e8res \u00e9tapes.<\/p>\n<hr \/>\n<h2 style=\"text-align: justify;\">\u00c0 lire aussi<\/h2>\n<ul>\n<li style=\"text-align: justify;\"><strong><a href=\"https:\/\/dicodusport.fr\/blog\/tour-des-alpes-maritimes-et-du-var-2021-profil-des-etapes\/\" target=\"_blank\" rel=\"noopener\">Tour des Alpes-Maritimes et du Var 2021 : le profil des \u00e9tapes<\/a><\/strong><\/li>\n<li><a href=\"https:\/\/dicodusport.fr\/blog\/tour-des-alpes-maritimes-et-du-var-2021-la-liste-des-engages\/\" target=\"_blank\" rel=\"noopener\"><strong>Tour des Alpes-Maritimes et du Var 2021 : la liste des engag\u00e9s<\/strong><\/a><\/li>\n<\/ul>\n<hr \/>\n<h2 style=\"text-align: justify;\">Le palmar\u00e8s des 10 derni\u00e8res \u00e9ditions<\/h2>\n<p style=\"text-align: center;\"><strong>2011 :<\/strong> Thomas Voeckler<\/p>\n<p style=\"text-align: center;\"><strong>2012 :<\/strong> Jonathan Tiernan-Locke<\/p>\n<p style=\"text-align: center;\"><strong>2013 :<\/strong> Arthur Vichot<\/p>\n<p style=\"text-align: center;\"><strong>2014 :<\/strong> Carlos Betancur<\/p>\n<p style=\"text-align: center;\"><strong>2015 :<\/strong> Ben Gastauer<\/p>\n<p style=\"text-align: center;\"><strong>2016 :<\/strong> Arthur Vichot<\/p>\n<p style=\"text-align: center;\"><strong>2017 :<\/strong> Arthur Vichot<\/p>\n<p style=\"text-align: center;\"><strong>2018 :<\/strong> Jonathan Hivert<\/p>\n<p style=\"text-align: center;\"><strong>2019 :<\/strong> Thibaut Pinot<\/p>\n<p style=\"text-align: center;\"><strong>2020 :<\/strong> Nairo Quintana<\/p>\n<div dir=\"auto\"><\/div>\n<div dir=\"auto\"><strong><em>Emilien Descampiaux<br \/>\n<a href=\"https:\/\/www.facebook.com\/groups\/LesRoisDuPeloton\" target=\"_blank\" rel=\"noopener noreferrer\"><img loading=\"lazy\" decoding=\"async\" class=\"alignnone wp-image-2909\" src=\"http:\/\/dicodusport.fr\/blog\/wp-content\/uploads\/2017\/07\/logo-facebook-150x150.png\" alt=\"\" width=\"40\" height=\"40\" \/><\/a><a href=\"https:\/\/twitter.com\/LRoisDuPeloton\" target=\"_blank\" rel=\"noopener noreferrer\"><img loading=\"lazy\" decoding=\"async\" class=\"alignnone wp-image-2908\" src=\"http:\/\/dicodusport.fr\/blog\/wp-content\/uploads\/2017\/07\/logo-twitter-150x150.png\" alt=\"\" width=\"40\" height=\"40\" \/><\/a><\/em><\/strong><\/div>\n","protected":false},"excerpt":{"rendered":"<p>CYCLISME &#8211; Apr\u00e8s le Grand Prix La Marseillaise, l\u2019\u00c9toile de Bess\u00e8ges et le Tour de La Provence, la quatri\u00e8me course fran\u00e7aise de la saison se d\u00e9roulera du 19 au 21 f\u00e9vrier. Trois \u00e9tapes seront au programme du 53\u00e8me\u00a0Tour des Alpes-Maritimes et du Var pour 498,5 km au total. Le parcours a \u00e9t\u00e9 dessin\u00e9 pour les puncheurs et les grimpeurs. Le plateau de cette \u00e9preuve sera particuli\u00e8rement relev\u00e9 avec Thibaut Pinot, David Gaudu, Bauke Mollema, le tenant du titre Nairo Quintana, Jakob Fuglsang, le vainqueur sortant du Tour d&rsquo;Italie Tao Geoghegan Hart ou encore Geraint Thomas.<\/p>\n","protected":false},"author":48,"featured_media":107386,"comment_status":"open","ping_status":"closed","sticky":false,"template":"","format":"standard","meta":{"_acf_changed":false,"_daextam_enable_autolinks":"","footnotes":""},"categories":[2307],"tags":[3119,9982],"class_list":["post-107331","post","type-post","status-publish","format-standard","has-post-thumbnail","hentry","category-cyclisme","tag-actualite-cyclisme","tag-tour-des-alpes-maritimes-et-du-var"],"acf":[],"yoast_head":"<!-- This site is optimized with the Yoast SEO Premium plugin v26.7 (Yoast SEO v26.7) - https:\/\/yoast.com\/wordpress\/plugins\/seo\/ -->\n<title>Tour des Alpes-Maritimes et du Var 2021 : le parcours en d\u00e9tail<\/title>\n<meta name=\"description\" content=\"CYCLISME - Place au 53\u00e8me Tour des Alpes-Maritimes et du Var \u00e0 partir de ce vendredi. Le parcours dans le d\u00e9tail.\" \/>\n<meta name=\"robots\" content=\"index, follow, max-snippet:-1, max-image-preview:large, max-video-preview:-1\" \/>\n<link rel=\"canonical\" href=\"https:\/\/dicodusport.fr\/blog\/tour-des-alpes-maritimes-et-du-var-2021-parcours-en-detail\/\" \/>\n<meta property=\"og:locale\" content=\"fr_FR\" \/>\n<meta property=\"og:type\" content=\"article\" \/>\n<meta property=\"og:title\" content=\"Tour des Alpes-Maritimes et du Var 2021 : le parcours en d\u00e9tail\" \/>\n<meta property=\"og:description\" content=\"CYCLISME - Place au 53\u00e8me Tour des Alpes-Maritimes et du Var \u00e0 partir de ce vendredi. Le parcours dans le d\u00e9tail.\" \/>\n<meta property=\"og:url\" content=\"https:\/\/dicodusport.fr\/blog\/tour-des-alpes-maritimes-et-du-var-2021-parcours-en-detail\/\" \/>\n<meta property=\"og:site_name\" content=\"Dicodusport\" \/>\n<meta property=\"article:publisher\" content=\"https:\/\/www.facebook.com\/dicodusport\" \/>\n<meta property=\"article:author\" content=\"https:\/\/www.facebook.com\/groups\/LesRoisDuPeloton\" \/>\n<meta property=\"article:published_time\" content=\"2021-02-18T09:48:31+00:00\" \/>\n<meta property=\"article:modified_time\" content=\"2021-02-18T20:03:57+00:00\" \/>\n<meta property=\"og:image\" content=\"https:\/\/dicodusport.fr\/blog\/wp-content\/uploads\/2021\/02\/Tour-des-Alpes-Maritimes-et-du-Var-2021-Le-parcours-en-detail.png\" \/>\n\t<meta property=\"og:image:width\" content=\"800\" \/>\n\t<meta property=\"og:image:height\" content=\"445\" \/>\n\t<meta property=\"og:image:type\" content=\"image\/png\" \/>\n<meta name=\"author\" content=\"Emilien Descampiaux\" \/>\n<meta name=\"twitter:card\" content=\"summary_large_image\" \/>\n<meta name=\"twitter:title\" content=\"Tour des Alpes-Maritimes et du Var 2021 : le parcours en d\u00e9tail\" \/>\n<meta name=\"twitter:creator\" content=\"@https:\/\/twitter.com\/LRoisDuPeloton\" \/>\n<meta name=\"twitter:site\" content=\"@dicodusport\" \/>\n<script type=\"application\/ld+json\" class=\"yoast-schema-graph\">{\"@context\":\"https:\/\/schema.org\",\"@graph\":[{\"@type\":\"NewsArticle\",\"@id\":\"https:\/\/dicodusport.fr\/blog\/tour-des-alpes-maritimes-et-du-var-2021-parcours-en-detail\/#article\",\"isPartOf\":{\"@id\":\"https:\/\/dicodusport.fr\/blog\/tour-des-alpes-maritimes-et-du-var-2021-parcours-en-detail\/\"},\"author\":{\"name\":\"Emilien Descampiaux\",\"@id\":\"https:\/\/dicodusport.fr\/blog\/#\/schema\/person\/6db4bae06b171592211be385b32876a7\"},\"headline\":\"Tour des Alpes-Maritimes et du Var 2021 : le parcours en d\u00e9tail\",\"datePublished\":\"2021-02-18T09:48:31+00:00\",\"dateModified\":\"2021-02-18T20:03:57+00:00\",\"mainEntityOfPage\":{\"@id\":\"https:\/\/dicodusport.fr\/blog\/tour-des-alpes-maritimes-et-du-var-2021-parcours-en-detail\/\"},\"wordCount\":548,\"commentCount\":0,\"publisher\":{\"@id\":\"https:\/\/dicodusport.fr\/blog\/#organization\"},\"image\":{\"@id\":\"https:\/\/dicodusport.fr\/blog\/tour-des-alpes-maritimes-et-du-var-2021-parcours-en-detail\/#primaryimage\"},\"thumbnailUrl\":\"https:\/\/dicodusport.fr\/blog\/wp-content\/uploads\/2021\/02\/Tour-des-Alpes-Maritimes-et-du-Var-2021-Le-parcours-en-detail.png\",\"keywords\":[\"Actualit\u00e9 Cyclisme\",\"Tour des Alpes-Maritimes et du Var\"],\"articleSection\":[\"Cyclisme\"],\"inLanguage\":\"fr-FR\",\"potentialAction\":[{\"@type\":\"CommentAction\",\"name\":\"Comment\",\"target\":[\"https:\/\/dicodusport.fr\/blog\/tour-des-alpes-maritimes-et-du-var-2021-parcours-en-detail\/#respond\"]}],\"copyrightYear\":\"2021\",\"copyrightHolder\":{\"@id\":\"https:\/\/dicodusport.fr\/blog\/#organization\"}},{\"@type\":\"WebPage\",\"@id\":\"https:\/\/dicodusport.fr\/blog\/tour-des-alpes-maritimes-et-du-var-2021-parcours-en-detail\/\",\"url\":\"https:\/\/dicodusport.fr\/blog\/tour-des-alpes-maritimes-et-du-var-2021-parcours-en-detail\/\",\"name\":\"Tour des Alpes-Maritimes et du Var 2021 : le parcours en d\u00e9tail\",\"isPartOf\":{\"@id\":\"https:\/\/dicodusport.fr\/blog\/#website\"},\"primaryImageOfPage\":{\"@id\":\"https:\/\/dicodusport.fr\/blog\/tour-des-alpes-maritimes-et-du-var-2021-parcours-en-detail\/#primaryimage\"},\"image\":{\"@id\":\"https:\/\/dicodusport.fr\/blog\/tour-des-alpes-maritimes-et-du-var-2021-parcours-en-detail\/#primaryimage\"},\"thumbnailUrl\":\"https:\/\/dicodusport.fr\/blog\/wp-content\/uploads\/2021\/02\/Tour-des-Alpes-Maritimes-et-du-Var-2021-Le-parcours-en-detail.png\",\"datePublished\":\"2021-02-18T09:48:31+00:00\",\"dateModified\":\"2021-02-18T20:03:57+00:00\",\"description\":\"CYCLISME - Place au 53\u00e8me Tour des Alpes-Maritimes et du Var \u00e0 partir de ce vendredi. Le parcours dans le d\u00e9tail.\",\"breadcrumb\":{\"@id\":\"https:\/\/dicodusport.fr\/blog\/tour-des-alpes-maritimes-et-du-var-2021-parcours-en-detail\/#breadcrumb\"},\"inLanguage\":\"fr-FR\",\"potentialAction\":[{\"@type\":\"ReadAction\",\"target\":[\"https:\/\/dicodusport.fr\/blog\/tour-des-alpes-maritimes-et-du-var-2021-parcours-en-detail\/\"]}]},{\"@type\":\"ImageObject\",\"inLanguage\":\"fr-FR\",\"@id\":\"https:\/\/dicodusport.fr\/blog\/tour-des-alpes-maritimes-et-du-var-2021-parcours-en-detail\/#primaryimage\",\"url\":\"https:\/\/dicodusport.fr\/blog\/wp-content\/uploads\/2021\/02\/Tour-des-Alpes-Maritimes-et-du-Var-2021-Le-parcours-en-detail.png\",\"contentUrl\":\"https:\/\/dicodusport.fr\/blog\/wp-content\/uploads\/2021\/02\/Tour-des-Alpes-Maritimes-et-du-Var-2021-Le-parcours-en-detail.png\",\"width\":800,\"height\":445,\"caption\":\"Tour des Alpes-Maritimes et du Var 2021 - Le parcours en d\u00e9tail\"},{\"@type\":\"BreadcrumbList\",\"@id\":\"https:\/\/dicodusport.fr\/blog\/tour-des-alpes-maritimes-et-du-var-2021-parcours-en-detail\/#breadcrumb\",\"itemListElement\":[{\"@type\":\"ListItem\",\"position\":1,\"name\":\"Accueil\",\"item\":\"https:\/\/dicodusport.fr\/blog\/\"},{\"@type\":\"ListItem\",\"position\":2,\"name\":\"Tour des Alpes-Maritimes et du Var 2021 : le parcours en d\u00e9tail\"}]},{\"@type\":\"WebSite\",\"@id\":\"https:\/\/dicodusport.fr\/blog\/#website\",\"url\":\"https:\/\/dicodusport.fr\/blog\/\",\"name\":\"Dicodusport\",\"description\":\"L&#039;encyclop\u00e9die de l&#039;actualit\u00e9 sportive\",\"publisher\":{\"@id\":\"https:\/\/dicodusport.fr\/blog\/#organization\"},\"potentialAction\":[{\"@type\":\"SearchAction\",\"target\":{\"@type\":\"EntryPoint\",\"urlTemplate\":\"https:\/\/dicodusport.fr\/blog\/?s={search_term_string}\"},\"query-input\":{\"@type\":\"PropertyValueSpecification\",\"valueRequired\":true,\"valueName\":\"search_term_string\"}}],\"inLanguage\":\"fr-FR\"},{\"@type\":\"NewsMediaOrganization\",\"@id\":\"https:\/\/dicodusport.fr\/blog\/#organization\",\"name\":\"Dicodusport\",\"url\":\"https:\/\/dicodusport.fr\/blog\/\",\"logo\":{\"@type\":\"ImageObject\",\"inLanguage\":\"fr-FR\",\"@id\":\"https:\/\/dicodusport.fr\/blog\/#\/schema\/logo\/image\/\",\"url\":\"https:\/\/dicodusport.fr\/blog\/wp-content\/uploads\/2020\/06\/cropped-LOGO-DICODUSPORT-2020-SANS-FOND-SANS-TEXTE.png\",\"contentUrl\":\"https:\/\/dicodusport.fr\/blog\/wp-content\/uploads\/2020\/06\/cropped-LOGO-DICODUSPORT-2020-SANS-FOND-SANS-TEXTE.png\",\"width\":512,\"height\":512,\"caption\":\"Dicodusport\"},\"image\":{\"@id\":\"https:\/\/dicodusport.fr\/blog\/#\/schema\/logo\/image\/\"},\"sameAs\":[\"https:\/\/www.facebook.com\/dicodusport\",\"https:\/\/x.com\/dicodusport\",\"https:\/\/www.instagram.com\/dicodusport\/\",\"https:\/\/www.youtube.com\/channel\/UC7V2KZ5sd3htJivAbA4ZG3w\"],\"description\":\"Dicodusport est l'encyclop\u00e9die de l'actualit\u00e9 sportive.\",\"email\":\"bonjour@dicodusport.fr\",\"legalName\":\"DICODUSPORT\",\"foundingDate\":\"2018-01-14\",\"vatID\":\"FR71834470973\",\"taxID\":\"83447097300043\",\"numberOfEmployees\":{\"@type\":\"QuantitativeValue\",\"minValue\":\"1\",\"maxValue\":\"10\"}},{\"@type\":\"Person\",\"@id\":\"https:\/\/dicodusport.fr\/blog\/#\/schema\/person\/6db4bae06b171592211be385b32876a7\",\"name\":\"Emilien Descampiaux\",\"image\":{\"@type\":\"ImageObject\",\"inLanguage\":\"fr-FR\",\"@id\":\"https:\/\/dicodusport.fr\/blog\/#\/schema\/person\/image\/\",\"url\":\"https:\/\/dicodusport.fr\/blog\/wp-content\/uploads\/2021\/05\/Emilien-Descampiaux-150x150.jpg\",\"contentUrl\":\"https:\/\/dicodusport.fr\/blog\/wp-content\/uploads\/2021\/05\/Emilien-Descampiaux-150x150.jpg\",\"caption\":\"Emilien Descampiaux\"},\"description\":\"Journaliste\/r\u00e9dacteur depuis 2014 - Fan de la classe de Frank Vandenbroucke, je vis cyclisme (et de ses paysages) depuis plus de 20 ans. Je suis tr\u00e8s impliqu\u00e9 sur mes diff\u00e9rents r\u00e9seaux sociaux pour partager ma passion sur le monde et l'Histoire de la bicyclette avec ma voix sur les images en noir et blanc du succ\u00e8s de Rik Van Steenbergen lors du Ronde sur le V\u00e9lodrome de Gand.\",\"sameAs\":[\"https:\/\/www.facebook.com\/groups\/LesRoisDuPeloton\",\"https:\/\/x.com\/https:\/\/twitter.com\/LRoisDuPeloton\"],\"url\":\"https:\/\/dicodusport.fr\/blog\/author\/emiliend\/\"}]}<\/script>\n<!-- \/ Yoast SEO Premium plugin. -->","yoast_head_json":{"title":"Tour des Alpes-Maritimes et du Var 2021 : le parcours en d\u00e9tail","description":"CYCLISME - Place au 53\u00e8me Tour des Alpes-Maritimes et du Var \u00e0 partir de ce vendredi. Le parcours dans le d\u00e9tail.","robots":{"index":"index","follow":"follow","max-snippet":"max-snippet:-1","max-image-preview":"max-image-preview:large","max-video-preview":"max-video-preview:-1"},"canonical":"https:\/\/dicodusport.fr\/blog\/tour-des-alpes-maritimes-et-du-var-2021-parcours-en-detail\/","og_locale":"fr_FR","og_type":"article","og_title":"Tour des Alpes-Maritimes et du Var 2021 : le parcours en d\u00e9tail","og_description":"CYCLISME - Place au 53\u00e8me Tour des Alpes-Maritimes et du Var \u00e0 partir de ce vendredi. Le parcours dans le d\u00e9tail.","og_url":"https:\/\/dicodusport.fr\/blog\/tour-des-alpes-maritimes-et-du-var-2021-parcours-en-detail\/","og_site_name":"Dicodusport","article_publisher":"https:\/\/www.facebook.com\/dicodusport","article_author":"https:\/\/www.facebook.com\/groups\/LesRoisDuPeloton","article_published_time":"2021-02-18T09:48:31+00:00","article_modified_time":"2021-02-18T20:03:57+00:00","og_image":[{"width":800,"height":445,"url":"https:\/\/dicodusport.fr\/blog\/wp-content\/uploads\/2021\/02\/Tour-des-Alpes-Maritimes-et-du-Var-2021-Le-parcours-en-detail.png","type":"image\/png"}],"author":"Emilien Descampiaux","twitter_card":"summary_large_image","twitter_title":"Tour des Alpes-Maritimes et du Var 2021 : le parcours en d\u00e9tail","twitter_creator":"@https:\/\/twitter.com\/LRoisDuPeloton","twitter_site":"@dicodusport","schema":{"@context":"https:\/\/schema.org","@graph":[{"@type":"NewsArticle","@id":"https:\/\/dicodusport.fr\/blog\/tour-des-alpes-maritimes-et-du-var-2021-parcours-en-detail\/#article","isPartOf":{"@id":"https:\/\/dicodusport.fr\/blog\/tour-des-alpes-maritimes-et-du-var-2021-parcours-en-detail\/"},"author":{"name":"Emilien Descampiaux","@id":"https:\/\/dicodusport.fr\/blog\/#\/schema\/person\/6db4bae06b171592211be385b32876a7"},"headline":"Tour des Alpes-Maritimes et du Var 2021 : le parcours en d\u00e9tail","datePublished":"2021-02-18T09:48:31+00:00","dateModified":"2021-02-18T20:03:57+00:00","mainEntityOfPage":{"@id":"https:\/\/dicodusport.fr\/blog\/tour-des-alpes-maritimes-et-du-var-2021-parcours-en-detail\/"},"wordCount":548,"commentCount":0,"publisher":{"@id":"https:\/\/dicodusport.fr\/blog\/#organization"},"image":{"@id":"https:\/\/dicodusport.fr\/blog\/tour-des-alpes-maritimes-et-du-var-2021-parcours-en-detail\/#primaryimage"},"thumbnailUrl":"https:\/\/dicodusport.fr\/blog\/wp-content\/uploads\/2021\/02\/Tour-des-Alpes-Maritimes-et-du-Var-2021-Le-parcours-en-detail.png","keywords":["Actualit\u00e9 Cyclisme","Tour des Alpes-Maritimes et du Var"],"articleSection":["Cyclisme"],"inLanguage":"fr-FR","potentialAction":[{"@type":"CommentAction","name":"Comment","target":["https:\/\/dicodusport.fr\/blog\/tour-des-alpes-maritimes-et-du-var-2021-parcours-en-detail\/#respond"]}],"copyrightYear":"2021","copyrightHolder":{"@id":"https:\/\/dicodusport.fr\/blog\/#organization"}},{"@type":"WebPage","@id":"https:\/\/dicodusport.fr\/blog\/tour-des-alpes-maritimes-et-du-var-2021-parcours-en-detail\/","url":"https:\/\/dicodusport.fr\/blog\/tour-des-alpes-maritimes-et-du-var-2021-parcours-en-detail\/","name":"Tour des Alpes-Maritimes et du Var 2021 : le parcours en d\u00e9tail","isPartOf":{"@id":"https:\/\/dicodusport.fr\/blog\/#website"},"primaryImageOfPage":{"@id":"https:\/\/dicodusport.fr\/blog\/tour-des-alpes-maritimes-et-du-var-2021-parcours-en-detail\/#primaryimage"},"image":{"@id":"https:\/\/dicodusport.fr\/blog\/tour-des-alpes-maritimes-et-du-var-2021-parcours-en-detail\/#primaryimage"},"thumbnailUrl":"https:\/\/dicodusport.fr\/blog\/wp-content\/uploads\/2021\/02\/Tour-des-Alpes-Maritimes-et-du-Var-2021-Le-parcours-en-detail.png","datePublished":"2021-02-18T09:48:31+00:00","dateModified":"2021-02-18T20:03:57+00:00","description":"CYCLISME - Place au 53\u00e8me Tour des Alpes-Maritimes et du Var \u00e0 partir de ce vendredi. Le parcours dans le d\u00e9tail.","breadcrumb":{"@id":"https:\/\/dicodusport.fr\/blog\/tour-des-alpes-maritimes-et-du-var-2021-parcours-en-detail\/#breadcrumb"},"inLanguage":"fr-FR","potentialAction":[{"@type":"ReadAction","target":["https:\/\/dicodusport.fr\/blog\/tour-des-alpes-maritimes-et-du-var-2021-parcours-en-detail\/"]}]},{"@type":"ImageObject","inLanguage":"fr-FR","@id":"https:\/\/dicodusport.fr\/blog\/tour-des-alpes-maritimes-et-du-var-2021-parcours-en-detail\/#primaryimage","url":"https:\/\/dicodusport.fr\/blog\/wp-content\/uploads\/2021\/02\/Tour-des-Alpes-Maritimes-et-du-Var-2021-Le-parcours-en-detail.png","contentUrl":"https:\/\/dicodusport.fr\/blog\/wp-content\/uploads\/2021\/02\/Tour-des-Alpes-Maritimes-et-du-Var-2021-Le-parcours-en-detail.png","width":800,"height":445,"caption":"Tour des Alpes-Maritimes et du Var 2021 - Le parcours en d\u00e9tail"},{"@type":"BreadcrumbList","@id":"https:\/\/dicodusport.fr\/blog\/tour-des-alpes-maritimes-et-du-var-2021-parcours-en-detail\/#breadcrumb","itemListElement":[{"@type":"ListItem","position":1,"name":"Accueil","item":"https:\/\/dicodusport.fr\/blog\/"},{"@type":"ListItem","position":2,"name":"Tour des Alpes-Maritimes et du Var 2021 : le parcours en d\u00e9tail"}]},{"@type":"WebSite","@id":"https:\/\/dicodusport.fr\/blog\/#website","url":"https:\/\/dicodusport.fr\/blog\/","name":"Dicodusport","description":"L&#039;encyclop\u00e9die de l&#039;actualit\u00e9 sportive","publisher":{"@id":"https:\/\/dicodusport.fr\/blog\/#organization"},"potentialAction":[{"@type":"SearchAction","target":{"@type":"EntryPoint","urlTemplate":"https:\/\/dicodusport.fr\/blog\/?s={search_term_string}"},"query-input":{"@type":"PropertyValueSpecification","valueRequired":true,"valueName":"search_term_string"}}],"inLanguage":"fr-FR"},{"@type":"NewsMediaOrganization","@id":"https:\/\/dicodusport.fr\/blog\/#organization","name":"Dicodusport","url":"https:\/\/dicodusport.fr\/blog\/","logo":{"@type":"ImageObject","inLanguage":"fr-FR","@id":"https:\/\/dicodusport.fr\/blog\/#\/schema\/logo\/image\/","url":"https:\/\/dicodusport.fr\/blog\/wp-content\/uploads\/2020\/06\/cropped-LOGO-DICODUSPORT-2020-SANS-FOND-SANS-TEXTE.png","contentUrl":"https:\/\/dicodusport.fr\/blog\/wp-content\/uploads\/2020\/06\/cropped-LOGO-DICODUSPORT-2020-SANS-FOND-SANS-TEXTE.png","width":512,"height":512,"caption":"Dicodusport"},"image":{"@id":"https:\/\/dicodusport.fr\/blog\/#\/schema\/logo\/image\/"},"sameAs":["https:\/\/www.facebook.com\/dicodusport","https:\/\/x.com\/dicodusport","https:\/\/www.instagram.com\/dicodusport\/","https:\/\/www.youtube.com\/channel\/UC7V2KZ5sd3htJivAbA4ZG3w"],"description":"Dicodusport est l'encyclop\u00e9die de l'actualit\u00e9 sportive.","email":"bonjour@dicodusport.fr","legalName":"DICODUSPORT","foundingDate":"2018-01-14","vatID":"FR71834470973","taxID":"83447097300043","numberOfEmployees":{"@type":"QuantitativeValue","minValue":"1","maxValue":"10"}},{"@type":"Person","@id":"https:\/\/dicodusport.fr\/blog\/#\/schema\/person\/6db4bae06b171592211be385b32876a7","name":"Emilien Descampiaux","image":{"@type":"ImageObject","inLanguage":"fr-FR","@id":"https:\/\/dicodusport.fr\/blog\/#\/schema\/person\/image\/","url":"https:\/\/dicodusport.fr\/blog\/wp-content\/uploads\/2021\/05\/Emilien-Descampiaux-150x150.jpg","contentUrl":"https:\/\/dicodusport.fr\/blog\/wp-content\/uploads\/2021\/05\/Emilien-Descampiaux-150x150.jpg","caption":"Emilien Descampiaux"},"description":"Journaliste\/r\u00e9dacteur depuis 2014 - Fan de la classe de Frank Vandenbroucke, je vis cyclisme (et de ses paysages) depuis plus de 20 ans. Je suis tr\u00e8s impliqu\u00e9 sur mes diff\u00e9rents r\u00e9seaux sociaux pour partager ma passion sur le monde et l'Histoire de la bicyclette avec ma voix sur les images en noir et blanc du succ\u00e8s de Rik Van Steenbergen lors du Ronde sur le V\u00e9lodrome de Gand.","sameAs":["https:\/\/www.facebook.com\/groups\/LesRoisDuPeloton","https:\/\/x.com\/https:\/\/twitter.com\/LRoisDuPeloton"],"url":"https:\/\/dicodusport.fr\/blog\/author\/emiliend\/"}]}},"_links":{"self":[{"href":"https:\/\/dicodusport.fr\/blog\/wp-json\/wp\/v2\/posts\/107331","targetHints":{"allow":["GET"]}}],"collection":[{"href":"https:\/\/dicodusport.fr\/blog\/wp-json\/wp\/v2\/posts"}],"about":[{"href":"https:\/\/dicodusport.fr\/blog\/wp-json\/wp\/v2\/types\/post"}],"author":[{"embeddable":true,"href":"https:\/\/dicodusport.fr\/blog\/wp-json\/wp\/v2\/users\/48"}],"replies":[{"embeddable":true,"href":"https:\/\/dicodusport.fr\/blog\/wp-json\/wp\/v2\/comments?post=107331"}],"version-history":[{"count":0,"href":"https:\/\/dicodusport.fr\/blog\/wp-json\/wp\/v2\/posts\/107331\/revisions"}],"wp:featuredmedia":[{"embeddable":true,"href":"https:\/\/dicodusport.fr\/blog\/wp-json\/wp\/v2\/media\/107386"}],"wp:attachment":[{"href":"https:\/\/dicodusport.fr\/blog\/wp-json\/wp\/v2\/media?parent=107331"}],"wp:term":[{"taxonomy":"category","embeddable":true,"href":"https:\/\/dicodusport.fr\/blog\/wp-json\/wp\/v2\/categories?post=107331"},{"taxonomy":"post_tag","embeddable":true,"href":"https:\/\/dicodusport.fr\/blog\/wp-json\/wp\/v2\/tags?post=107331"}],"curies":[{"name":"wp","href":"https:\/\/api.w.org\/{rel}","templated":true}]}}