{"id":10768,"date":"2018-01-24T10:00:29","date_gmt":"2018-01-24T09:00:29","guid":{"rendered":"http:\/\/dicodusport.fr\/blog\/?p=10768"},"modified":"2018-01-29T21:18:45","modified_gmt":"2018-01-29T20:18:45","slug":"gones-a-montreal-1-2-remi-garde-enfant-du-pays","status":"publish","type":"post","link":"https:\/\/dicodusport.fr\/blog\/gones-a-montreal-1-2-remi-garde-enfant-du-pays\/","title":{"rendered":"Des Gones \u00e0 Montr\u00e9al (1\/3) : R\u00e9mi Garde, l&rsquo;enfant du pays"},"content":{"rendered":"<p style=\"text-align: justify;\"><em><strong>Il y a quelques mois, le monde du football apprenait la signature en tant que coach principal de l\u2019Impact de Montr\u00e9al de R\u00e9mi Garde, ancien entra\u00eeneur, entre autre, de l\u2019Olympique Lyonnais. Peu apr\u00e8s, c\u2019est une v\u00e9ritable colonie lyonnaise qui se retrouve dans la Belle Province puisque pas moins de trois autres anciens gones se joignent au projet canadien. Retour sur cet exode des rhodaniens.<\/strong><\/em><\/p>\n<p style=\"text-align: justify;\"><div class=\"su-spoiler su-spoiler-style-fancy su-spoiler-icon-plus su-spoiler-closed\" data-scroll-offset=\"0\" data-anchor-in-url=\"no\"><div class=\"su-spoiler-title\" tabindex=\"0\" role=\"button\"><span class=\"su-spoiler-icon\"><\/span>R\u00e9mi Garde<\/div><div class=\"su-spoiler-content su-u-clearfix su-u-trim\">\n<p style=\"text-align: center;\"><strong>N\u00e9 le 03\/04\/66 \u00e0 L&rsquo;Arbresle (69)<\/strong><br \/>\nFootball<br \/>\nClub Actuel : Impact de Montr\u00e9al (Canada)<\/p>\n<p style=\"text-align: center;\"><strong> Palmar\u00e8s Joueur :<\/strong><br \/>\nChampion de France D2 avec Lyon (1989)<br \/>\nVainqueur de la Coupe Intertoto et Finale de la Coupe de la Ligue avec Strasbourg (1995)<br \/>\nChampion d&rsquo;Angleterre, Vainqueur de la Coupe d&rsquo;Angleterre et Charity Shiels avec Arsenal (1998)<\/p>\n<p style=\"text-align: center;\"><strong>Palmar\u00e8s Entra\u00eeneur :<\/strong><br \/>\nVainqueur de la Coupe de France et du Troph\u00e9e des Champions avec Lyon (2012)<br \/>\nFinaliste de la Coupe de la Ligue avec Lyon (2012 et 2014)<\/p>\n<p class=\"western\" style=\"text-align: center;\" align=\"center\"><a href=\"https:\/\/twitter.com\/Remi_Garde\" target=\"_blank\" rel=\"noopener noreferrer\">Twitter<\/a><\/p>\n<p style=\"text-align: center;\"><\/div><\/div>\n<h4 style=\"text-align: left;\"><strong>Retour sur sa carri\u00e8re de joueur<\/strong><\/h4>\n<p class=\"western\" align=\"justify\">V\u00e9ritable enfant de Lyon, ce natif de l\u2019Arbresle a fait toute sa formation de milieu de terrain au sein de l\u2019Olympique Lyonnais. Il y passe professionnel en 1988 et devient rapidement un homme de base de Raymond Domenech, alors entra\u00eeneur. Il incarne, d\u00e9j\u00e0, la volont\u00e9 du nouveau pr\u00e9sident, Jean-Michel Aulas, de faire confiance aux jeunes dans ce club. R\u00e9mi Garde participe activement \u00e0 la remont\u00e9e dans l\u2019\u00e9lite de l\u2019OL\u00a0o\u00f9 il a fini par devenir capitaine. Un meneur d\u2019hommes. Une fois l\u2019OL install\u00e9 en D1, voici le temps de la 1\u00e8re campagne europ\u00e9enne, ch\u00e8re au pr\u00e9sident.<\/p>\n<p class=\"western\" align=\"justify\">Comme un symbole, c\u2019est lui qui marque le 1<sup>er<\/sup> but en Coupe d\u2019Europe, le 1<sup>er<\/sup> depuis de longues ann\u00e9es. Ses bonnes prestations \u00e0 Lyon lui permettront de porter le maillot bleu 6 fois, appel\u00e9 par le s\u00e9lectionneur\u00a0: Michel Platini. En 1993, il change d\u2019air et s\u2019en va \u00e0 Strasbourg pour une dur\u00e9e de 3 ans. Il disputera une finale de Coupe de France avant de franchir la Manche et de poser ses valises \u00e0 Arsenal pour jouer sous la houlette d\u2019Ars\u00e8ne Wenger. Encore une fois, R\u00e9mi Garde s\u2019impose comme un leader en devenant le premier \u00e9tranger \u00e0 porter le brassard de capitaine des Gunners, preuve qu\u2019il est un homme de confiance. Il raccroche les crampons en 1999 \u00e0 33 ans apr\u00e8s, notamment un doubl\u00e9 Championnat-Cup en Angleterre en 1998.<\/p>\n<div id=\"attachment_10769\" style=\"width: 521px\" class=\"wp-caption aligncenter\"><img loading=\"lazy\" decoding=\"async\" aria-describedby=\"caption-attachment-10769\" class=\"wp-image-10769 \" src=\"http:\/\/dicodusport.fr\/blog\/wp-content\/uploads\/2018\/01\/22693951826_6ef73b1152_b-787x1024.jpg\" alt=\"\" width=\"511\" height=\"665\" srcset=\"https:\/\/dicodusport.fr\/blog\/wp-content\/uploads\/2018\/01\/22693951826_6ef73b1152_b.jpg 787w, https:\/\/dicodusport.fr\/blog\/wp-content\/uploads\/2018\/01\/22693951826_6ef73b1152_b-231x300.jpg 231w, https:\/\/dicodusport.fr\/blog\/wp-content\/uploads\/2018\/01\/22693951826_6ef73b1152_b-768x999.jpg 768w\" sizes=\"auto, (max-width: 511px) 100vw, 511px\" \/><p id=\"caption-attachment-10769\" class=\"wp-caption-text\">R\u00e9mi Garde avec le troph\u00e9e de Champion d&rsquo;Angleterre &#8211; Colorsport<\/p><\/div>\n<p class=\"western\" align=\"justify\">Apr\u00e8s sa carri\u00e8re de joueur, il se retourne dans son club formateur en 2003 pour faire ses armes d\u2019entra\u00eeneur. Il grimpe les \u00e9chelons en \u00e9tant tout d\u2019abord adjoint de Paul Le Guen puis de G\u00e9rard Houiller pendant l\u2019h\u00e9g\u00e9monie lyonnaise du d\u00e9but des ann\u00e9es 2000. Il est alors \u00e0 bonne \u00e9cole pour apprendre son m\u00e9tier. Il reste adjoint jusqu\u2019en 2010 o\u00f9 il prend les r\u00eanes du centre de formation, outil performant sortant r\u00e9guli\u00e8rement des joueurs utilis\u00e9s dans l\u2019Europe enti\u00e8re. Il est au premi\u00e8res loges pour observer les futures p\u00e9pites qui iront en \u00e9quipe premi\u00e8re. De plus, la politique du club est de se tourner vers son centre de formation, la priorit\u00e9 \u00e9tant mise sur la construction du nouveau stade.<\/p>\n<p class=\"western\" align=\"justify\">En 2011, apr\u00e8s les saisons difficiles de Claude Puel en tant que manager g\u00e9n\u00e9ral, le temps est venu de le remplacer par un entra\u00eeneur du cru. R\u00e9mi Garde s\u2019impose rapidement comme le choix \u00e9vident.<\/p>\n<h4 class=\"western\" style=\"text-align: justify;\" align=\"justify\">Un enfant du cru sur le banc<span style=\"text-decoration: underline;\"><strong><br \/>\n<\/strong><\/span><\/h4>\n<p class=\"western\" align=\"justify\">Depuis Bernard Lacombe au d\u00e9but des ann\u00e9es 2000, c\u2019est la premi\u00e8re fois qu\u2019un ancien du club prend en main les destin\u00e9es de l\u2019\u00e9quipe \u00e9lite. Adopt\u00e9 rapidement par les supporters,\u00a0pour qui\u00a0le courant ne passait plus du tout avec Claude Puel, R\u00e9mi Garde a la lourde t\u00e2che de remonter l\u2019OL en haut de classement et de produire du jeu\u00a0; tout \u00e7a avec des restrictions budg\u00e9taires pour cause de construction du grand stade. Il va donc s\u2019appuyer sur le centre de formation et r\u00e9aliser un bon m\u00e9lange entre grognards et jeunes pousses. En effet, il lance dans le grand bain les futurs tauliers de l\u2019\u00e9quipe, transf\u00e9r\u00e9s depuis, que sont Alexandre Lacazette, Corentin Tolisso ou Samuel Umtiti.<\/p>\n<p class=\"western\" align=\"justify\">Il pr\u00f4ne un jeu offensif et parvient \u00e0 amener le club pour sa douzi\u00e8me saison cons\u00e9cutives en Ligue des Champion apr\u00e8s un tour pr\u00e9liminaire. D\u2019ailleurs, nombre de suiveurs se rappellent du gros score \u00e0 Zagreb (7-1), avec un quadrupl\u00e9 de Gomis, permettant d\u2019arracher la qualification en 8\u00e8me de finale. Lyon renoue enfin avec les troph\u00e9es avec la Coupe de France 2012, dernier sacre en date. Comme un symbole, c\u2019est Lisandro Lopez qui marque. L\u2019ancienne g\u00e9n\u00e9ration qui termine son aventure. En effet, peu apr\u00e8s cette victoire, un grand\u00a0nombre d\u2019historiques quittent le club\u00a0: Lloris, Kallstrom, Cris\u2026 Une page se tourne, une nouvelle s\u2019ouvre, ax\u00e9e sur l\u2019\u00e9conomie et la formation.<\/p>\n<p class=\"western\" align=\"justify\">La suite du mandat lyonnais de R\u00e9mi Garde est plus compliqu\u00e9e d\u2019un point de vue r\u00e9sultats (une seule finale en Coupe de la Ligue perdue contre le PSG) mais la philosophie de jeu reste pr\u00e9sente et les jeunes pousses montrent de grandes choses. Anthony Lopes gagnant au fur et \u00e0 mesure ses galons de titulaire, Umtiti s\u2019affirmant de plus en plus en patron de d\u00e9fense, Corentin Tolisso commen\u00e7ant son ratissage au milieu et Alexandre Lacazette enfilant des buts comme des perles ont un point commun\u00a0: lanc\u00e9s en \u00e9lite par R\u00e9mi Garde. Un formateur qui pr\u00f4ne le jeu. Il faut dire qu\u2019il a \u00e9t\u00e9 \u00e0 bonne \u00e9cole avec un ancien entra\u00eeneur comme Wenger et des formateurs comme Houiller ou Le Guen. Son dernier fait d\u2019arme est l\u2019\u00e9limination\u00a0par la Juventus de Turin en 1\/4 de finale de la Ligue Europa dont les Lyonnais n\u2019ont nullement \u00e0 rougir tant ils ont jou\u00e9 yeux dans les yeux avec les Italiens. Un manque d\u2019exp\u00e9rience leur a \u00e9t\u00e9 finalement fatal. R\u00e9mi Garde a laiss\u00e9 de bons souvenirs aux suiveurs de l\u2019OL, m\u00eame si il a perdu des derbies et\u00a0termin\u00e9 derri\u00e8re l\u2019honni voisin une fois en championnat. R\u00e9mi Garde quitte le club en 2014.<\/p>\n<div id=\"attachment_10982\" style=\"width: 778px\" class=\"wp-caption aligncenter\"><img loading=\"lazy\" decoding=\"async\" aria-describedby=\"caption-attachment-10982\" class=\"size-full wp-image-10982\" src=\"http:\/\/dicodusport.fr\/blog\/wp-content\/uploads\/2018\/01\/R\u00e9mi-Garde-Alexandre-Lacazette.jpg\" alt=\"\" width=\"768\" height=\"432\" srcset=\"https:\/\/dicodusport.fr\/blog\/wp-content\/uploads\/2018\/01\/R\u00e9mi-Garde-Alexandre-Lacazette.jpg 768w, https:\/\/dicodusport.fr\/blog\/wp-content\/uploads\/2018\/01\/R\u00e9mi-Garde-Alexandre-Lacazette-300x169.jpg 300w\" sizes=\"auto, (max-width: 768px) 100vw, 768px\" \/><p id=\"caption-attachment-10982\" class=\"wp-caption-text\">R\u00e9mi Garde et Alexandre Lacazette &#8211; Sky Sports<\/p><\/div>\n<h4 class=\"western\" style=\"text-align: left;\" align=\"justify\">Une suite plut\u00f4t anglophone<\/h4>\n<p class=\"western\" align=\"justify\">Sans club depuis juin 2014, Garde retourne en Angleterre pour tenter une mission suicide avec Aston Villa. Il a pour objectif d\u2019atteindre le maintien mais la mission est trop compliqu\u00e9e. Arriv\u00e9 peu avant le mercato hivernal, il n\u2019a pas pu renforc\u00e9 son \u00e9quipe qui a continu\u00e9 son implacable descente aux enfers. Un bilan tr\u00e8s insatisfaisant (3 victoires en 23 matches toutes comp\u00e9titions confondues) le pousse au divorce par consentement mutuel des\u00a0deux parties. A la recherche d\u2019un nouveau challenge depuis, il a trouv\u00e9 un point de chute de l\u2019autre c\u00f4t\u00e9 de l\u2019Atlantique.<\/p>\n<p class=\"western\" align=\"justify\">En effet, il signe le 8 novembre 2017 un contrat avec l\u2019Impact de Montr\u00e9al qui \u00e9volue en Major League Soccer. Il a pour charge de redorer le blason bleu et noir, en difficult\u00e9 les ann\u00e9es pr\u00e9c\u00e9dentes, notamment depuis le d\u00e9part de Didier Drogba. D\u2019autant plus que le champion en titre est Toronto et qu\u2019il y a souvent une rivalit\u00e9 sportive entre les\u00a0deux villes. Gageons que R\u00e9mi Garde saura piocher dans\u00a0les p\u00e9pites de l\u2019acad\u00e9mie et arrivera \u00e0 mettre en place un jeu int\u00e9ressant pour se qualifier en s\u00e9rie \u00e9liminatoire en 2018. De plus, sa nomination peut \u00e9galement \u00eatre un coup marketing en permettant une meilleure visibilit\u00e9 du club, et du championnat, en France, notamment \u00e0 Lyon. Il a gard\u00e9 des attaches \u00e0 Lyon puisqu\u2019il a r\u00e9cup\u00e9r\u00e9 l\u2019entra\u00eeneur des gardiens\u00a0: Jo\u00ebl Bats, qu\u2019il a c\u00f4toy\u00e9 pendant plusieurs ann\u00e9es \u00e0 l\u2019OL.<\/p>\n<p align=\"justify\"><em><strong>Damien Meunier<\/strong><br \/>\n<\/em><a href=\"https:\/\/twitter.com\/Lyoson69\"><img loading=\"lazy\" decoding=\"async\" class=\"alignnone wp-image-2908\" src=\"http:\/\/dicodusport.fr\/blog\/wp-content\/uploads\/2017\/07\/logo-twitter-150x150.png\" alt=\"\" width=\"39\" height=\"39\" \/><\/a><\/p>\n","protected":false},"excerpt":{"rendered":"<p>Il y a quelques mois, le monde du football apprenait la signature en tant que coach principal de l\u2019Impact de Montr\u00e9al de R\u00e9mi Garde, ancien entra\u00eeneur, entre autre, de l\u2019Olympique Lyonnais. Peu apr\u00e8s, c\u2019est une v\u00e9ritable colonie lyonnaise qui se retrouve dans la Belle Province puisque pas moins de trois autres anciens gones se joignent [&hellip;]<\/p>\n","protected":false},"author":10,"featured_media":10862,"comment_status":"open","ping_status":"closed","sticky":false,"template":"","format":"standard","meta":{"_acf_changed":false,"_daextam_enable_autolinks":"","footnotes":""},"categories":[2,2301],"tags":[3434,3435,3437,75,1146],"class_list":["post-10768","post","type-post","status-publish","format-standard","has-post-thumbnail","hentry","category-actualites","category-football","tag-arsenal","tag-arsene-wenger","tag-claude-puel","tag-football","tag-olympique-lyonnais"],"acf":[],"yoast_head":"<!-- This site is optimized with the Yoast SEO Premium plugin v26.7 (Yoast SEO v26.7) - https:\/\/yoast.com\/wordpress\/plugins\/seo\/ -->\n<title>Des Gones \u00e0 Montr\u00e9al (1\/3) : R\u00e9mi Garde, l&#039;enfant du pays<\/title>\n<meta name=\"description\" content=\"Apr\u00e8s la signature en tant que Coach de l&#039;Impact de Montr\u00e9al de R\u00e9mi Garde, retour sur sa carri\u00e8re de joueur et d&#039;entra\u00eeneur\" \/>\n<meta name=\"robots\" content=\"index, follow, max-snippet:-1, max-image-preview:large, max-video-preview:-1\" \/>\n<link rel=\"canonical\" href=\"https:\/\/dicodusport.fr\/blog\/gones-a-montreal-1-2-remi-garde-enfant-du-pays\/\" \/>\n<meta property=\"og:locale\" content=\"fr_FR\" \/>\n<meta property=\"og:type\" content=\"article\" \/>\n<meta property=\"og:title\" content=\"Des Gones \u00e0 Montr\u00e9al (1\/3) : R\u00e9mi Garde, l&#039;enfant du pays\" \/>\n<meta property=\"og:description\" content=\"Apr\u00e8s la signature en tant que Coach de l&#039;Impact de Montr\u00e9al de R\u00e9mi Garde, retour sur sa carri\u00e8re de joueur et d&#039;entra\u00eeneur\" \/>\n<meta property=\"og:url\" content=\"https:\/\/dicodusport.fr\/blog\/gones-a-montreal-1-2-remi-garde-enfant-du-pays\/\" \/>\n<meta property=\"og:site_name\" content=\"Dicodusport\" \/>\n<meta property=\"article:publisher\" content=\"https:\/\/www.facebook.com\/dicodusport\" \/>\n<meta property=\"article:published_time\" content=\"2018-01-24T09:00:29+00:00\" \/>\n<meta property=\"article:modified_time\" content=\"2018-01-29T20:18:45+00:00\" \/>\n<meta property=\"og:image\" content=\"https:\/\/dicodusport.fr\/blog\/wp-content\/uploads\/2018\/01\/R\u00e9mi-Garde-Impact-Montr\u00e9al.png\" \/>\n\t<meta property=\"og:image:width\" content=\"1200\" \/>\n\t<meta property=\"og:image:height\" content=\"670\" \/>\n\t<meta property=\"og:image:type\" content=\"image\/png\" \/>\n<meta name=\"author\" content=\"Damien Meunier\" \/>\n<meta name=\"twitter:card\" content=\"summary_large_image\" \/>\n<meta name=\"twitter:creator\" content=\"@https:\/\/x.com\/DamienMeunier69\" \/>\n<meta name=\"twitter:site\" content=\"@dicodusport\" \/>\n<script type=\"application\/ld+json\" class=\"yoast-schema-graph\">{\"@context\":\"https:\/\/schema.org\",\"@graph\":[{\"@type\":\"NewsArticle\",\"@id\":\"https:\/\/dicodusport.fr\/blog\/gones-a-montreal-1-2-remi-garde-enfant-du-pays\/#article\",\"isPartOf\":{\"@id\":\"https:\/\/dicodusport.fr\/blog\/gones-a-montreal-1-2-remi-garde-enfant-du-pays\/\"},\"author\":{\"name\":\"Damien Meunier\",\"@id\":\"https:\/\/dicodusport.fr\/blog\/#\/schema\/person\/7ce262eb34bbc1847cff5f60345d4735\"},\"headline\":\"Des Gones \u00e0 Montr\u00e9al (1\/3) : R\u00e9mi Garde, l&rsquo;enfant du pays\",\"datePublished\":\"2018-01-24T09:00:29+00:00\",\"dateModified\":\"2018-01-29T20:18:45+00:00\",\"mainEntityOfPage\":{\"@id\":\"https:\/\/dicodusport.fr\/blog\/gones-a-montreal-1-2-remi-garde-enfant-du-pays\/\"},\"wordCount\":1372,\"commentCount\":0,\"publisher\":{\"@id\":\"https:\/\/dicodusport.fr\/blog\/#organization\"},\"image\":{\"@id\":\"https:\/\/dicodusport.fr\/blog\/gones-a-montreal-1-2-remi-garde-enfant-du-pays\/#primaryimage\"},\"thumbnailUrl\":\"https:\/\/dicodusport.fr\/blog\/wp-content\/uploads\/2018\/01\/R\u00e9mi-Garde-Impact-Montr\u00e9al.png\",\"keywords\":[\"Arsenal\",\"ars\u00e8ne wenger\",\"claude puel\",\"Football\",\"Olympique lyonnais\"],\"articleSection\":[\"Actualit\u00e9s\",\"Football\"],\"inLanguage\":\"fr-FR\",\"potentialAction\":[{\"@type\":\"CommentAction\",\"name\":\"Comment\",\"target\":[\"https:\/\/dicodusport.fr\/blog\/gones-a-montreal-1-2-remi-garde-enfant-du-pays\/#respond\"]}],\"copyrightYear\":\"2018\",\"copyrightHolder\":{\"@id\":\"https:\/\/dicodusport.fr\/blog\/#organization\"}},{\"@type\":\"WebPage\",\"@id\":\"https:\/\/dicodusport.fr\/blog\/gones-a-montreal-1-2-remi-garde-enfant-du-pays\/\",\"url\":\"https:\/\/dicodusport.fr\/blog\/gones-a-montreal-1-2-remi-garde-enfant-du-pays\/\",\"name\":\"Des Gones \u00e0 Montr\u00e9al (1\/3) : R\u00e9mi Garde, l'enfant du pays\",\"isPartOf\":{\"@id\":\"https:\/\/dicodusport.fr\/blog\/#website\"},\"primaryImageOfPage\":{\"@id\":\"https:\/\/dicodusport.fr\/blog\/gones-a-montreal-1-2-remi-garde-enfant-du-pays\/#primaryimage\"},\"image\":{\"@id\":\"https:\/\/dicodusport.fr\/blog\/gones-a-montreal-1-2-remi-garde-enfant-du-pays\/#primaryimage\"},\"thumbnailUrl\":\"https:\/\/dicodusport.fr\/blog\/wp-content\/uploads\/2018\/01\/R\u00e9mi-Garde-Impact-Montr\u00e9al.png\",\"datePublished\":\"2018-01-24T09:00:29+00:00\",\"dateModified\":\"2018-01-29T20:18:45+00:00\",\"description\":\"Apr\u00e8s la signature en tant que Coach de l'Impact de Montr\u00e9al de R\u00e9mi Garde, retour sur sa carri\u00e8re de joueur et d'entra\u00eeneur\",\"breadcrumb\":{\"@id\":\"https:\/\/dicodusport.fr\/blog\/gones-a-montreal-1-2-remi-garde-enfant-du-pays\/#breadcrumb\"},\"inLanguage\":\"fr-FR\",\"potentialAction\":[{\"@type\":\"ReadAction\",\"target\":[\"https:\/\/dicodusport.fr\/blog\/gones-a-montreal-1-2-remi-garde-enfant-du-pays\/\"]}]},{\"@type\":\"ImageObject\",\"inLanguage\":\"fr-FR\",\"@id\":\"https:\/\/dicodusport.fr\/blog\/gones-a-montreal-1-2-remi-garde-enfant-du-pays\/#primaryimage\",\"url\":\"https:\/\/dicodusport.fr\/blog\/wp-content\/uploads\/2018\/01\/R\u00e9mi-Garde-Impact-Montr\u00e9al.png\",\"contentUrl\":\"https:\/\/dicodusport.fr\/blog\/wp-content\/uploads\/2018\/01\/R\u00e9mi-Garde-Impact-Montr\u00e9al.png\",\"width\":1200,\"height\":670},{\"@type\":\"BreadcrumbList\",\"@id\":\"https:\/\/dicodusport.fr\/blog\/gones-a-montreal-1-2-remi-garde-enfant-du-pays\/#breadcrumb\",\"itemListElement\":[{\"@type\":\"ListItem\",\"position\":1,\"name\":\"Accueil\",\"item\":\"https:\/\/dicodusport.fr\/blog\/\"},{\"@type\":\"ListItem\",\"position\":2,\"name\":\"Des Gones \u00e0 Montr\u00e9al (1\/3) : R\u00e9mi Garde, l&rsquo;enfant du pays\"}]},{\"@type\":\"WebSite\",\"@id\":\"https:\/\/dicodusport.fr\/blog\/#website\",\"url\":\"https:\/\/dicodusport.fr\/blog\/\",\"name\":\"Dicodusport\",\"description\":\"L&#039;encyclop\u00e9die de l&#039;actualit\u00e9 sportive\",\"publisher\":{\"@id\":\"https:\/\/dicodusport.fr\/blog\/#organization\"},\"potentialAction\":[{\"@type\":\"SearchAction\",\"target\":{\"@type\":\"EntryPoint\",\"urlTemplate\":\"https:\/\/dicodusport.fr\/blog\/?s={search_term_string}\"},\"query-input\":{\"@type\":\"PropertyValueSpecification\",\"valueRequired\":true,\"valueName\":\"search_term_string\"}}],\"inLanguage\":\"fr-FR\"},{\"@type\":\"NewsMediaOrganization\",\"@id\":\"https:\/\/dicodusport.fr\/blog\/#organization\",\"name\":\"Dicodusport\",\"url\":\"https:\/\/dicodusport.fr\/blog\/\",\"logo\":{\"@type\":\"ImageObject\",\"inLanguage\":\"fr-FR\",\"@id\":\"https:\/\/dicodusport.fr\/blog\/#\/schema\/logo\/image\/\",\"url\":\"https:\/\/dicodusport.fr\/blog\/wp-content\/uploads\/2020\/06\/cropped-LOGO-DICODUSPORT-2020-SANS-FOND-SANS-TEXTE.png\",\"contentUrl\":\"https:\/\/dicodusport.fr\/blog\/wp-content\/uploads\/2020\/06\/cropped-LOGO-DICODUSPORT-2020-SANS-FOND-SANS-TEXTE.png\",\"width\":512,\"height\":512,\"caption\":\"Dicodusport\"},\"image\":{\"@id\":\"https:\/\/dicodusport.fr\/blog\/#\/schema\/logo\/image\/\"},\"sameAs\":[\"https:\/\/www.facebook.com\/dicodusport\",\"https:\/\/x.com\/dicodusport\",\"https:\/\/www.instagram.com\/dicodusport\/\",\"https:\/\/www.youtube.com\/channel\/UC7V2KZ5sd3htJivAbA4ZG3w\"],\"description\":\"Dicodusport est l'encyclop\u00e9die de l'actualit\u00e9 sportive.\",\"email\":\"bonjour@dicodusport.fr\",\"legalName\":\"DICODUSPORT\",\"foundingDate\":\"2018-01-14\",\"vatID\":\"FR71834470973\",\"taxID\":\"83447097300043\",\"numberOfEmployees\":{\"@type\":\"QuantitativeValue\",\"minValue\":\"1\",\"maxValue\":\"10\"}},{\"@type\":\"Person\",\"@id\":\"https:\/\/dicodusport.fr\/blog\/#\/schema\/person\/7ce262eb34bbc1847cff5f60345d4735\",\"name\":\"Damien Meunier\",\"image\":{\"@type\":\"ImageObject\",\"inLanguage\":\"fr-FR\",\"@id\":\"https:\/\/dicodusport.fr\/blog\/#\/schema\/person\/image\/\",\"url\":\"https:\/\/secure.gravatar.com\/avatar\/dfe0549a73ac21bb20dfdf302b222ba2?s=96&d=wp_user_avatar&r=g\",\"contentUrl\":\"https:\/\/secure.gravatar.com\/avatar\/dfe0549a73ac21bb20dfdf302b222ba2?s=96&d=wp_user_avatar&r=g\",\"caption\":\"Damien Meunier\"},\"description\":\"Journaliste\/r\u00e9dacteur depuis d\u00e9cembre 2016 - Amateur professionnel de sport, d\u2019abord le football, j\u2019aurais pu en faire mon m\u00e9tier. Mais bon, vous savez les \u2026 non, pas les crois\u00e9s, ils vont bien eux. Juste un manque de talent, de technique et de niveau surtout. Mais cette passion est ancr\u00e9e en moi telle la pomme dans la tarte tatin. Le c\u00f4t\u00e9 suiveur\/supporter est \u00e9videmment important au quotidien, que ce soit un soir de juillet 1998 en banlieue lyonnaise ou de juillet 2018 \u00e0 Montr\u00e9al. Car oui, depuis ma France natale, j\u2019ai migr\u00e9 outre-Atlantique, au pays des caribous. L\u00e0, le football se joue \u00e0 la main et non au pied. Et surtout, la religion sportive est plut\u00f4t froide et se joue avec une crosse. Non, ce n\u2019est pas le curling ni le Lacrosse, encore que, mais le hockey sur glace. Une autre vision, une autre culture. On troque les crudit\u00e9s devant la t\u00e9l\u00e9 pour une poutine et on s\u2019installe avec notre chandail pour suivre cela. Et en moins de temps qu\u2019il ne faut pour le dire, ou la vitesse d\u2019un slap shot de McDavid ou un arr\u00eat de la mitaine de Price, j\u2019\u00e9cris sur de l\u2019actualit\u00e9 par ici mais aussi le sport f\u00e9minin, pas assez mis en avant.\",\"sameAs\":[\"https:\/\/x.com\/https:\/\/x.com\/DamienMeunier69\"],\"url\":\"https:\/\/dicodusport.fr\/blog\/author\/damien-m\/\"}]}<\/script>\n<!-- \/ Yoast SEO Premium plugin. -->","yoast_head_json":{"title":"Des Gones \u00e0 Montr\u00e9al (1\/3) : R\u00e9mi Garde, l'enfant du pays","description":"Apr\u00e8s la signature en tant que Coach de l'Impact de Montr\u00e9al de R\u00e9mi Garde, retour sur sa carri\u00e8re de joueur et d'entra\u00eeneur","robots":{"index":"index","follow":"follow","max-snippet":"max-snippet:-1","max-image-preview":"max-image-preview:large","max-video-preview":"max-video-preview:-1"},"canonical":"https:\/\/dicodusport.fr\/blog\/gones-a-montreal-1-2-remi-garde-enfant-du-pays\/","og_locale":"fr_FR","og_type":"article","og_title":"Des Gones \u00e0 Montr\u00e9al (1\/3) : R\u00e9mi Garde, l'enfant du pays","og_description":"Apr\u00e8s la signature en tant que Coach de l'Impact de Montr\u00e9al de R\u00e9mi Garde, retour sur sa carri\u00e8re de joueur et d'entra\u00eeneur","og_url":"https:\/\/dicodusport.fr\/blog\/gones-a-montreal-1-2-remi-garde-enfant-du-pays\/","og_site_name":"Dicodusport","article_publisher":"https:\/\/www.facebook.com\/dicodusport","article_published_time":"2018-01-24T09:00:29+00:00","article_modified_time":"2018-01-29T20:18:45+00:00","og_image":[{"width":1200,"height":670,"url":"https:\/\/dicodusport.fr\/blog\/wp-content\/uploads\/2018\/01\/R\u00e9mi-Garde-Impact-Montr\u00e9al.png","type":"image\/png"}],"author":"Damien Meunier","twitter_card":"summary_large_image","twitter_creator":"@https:\/\/x.com\/DamienMeunier69","twitter_site":"@dicodusport","schema":{"@context":"https:\/\/schema.org","@graph":[{"@type":"NewsArticle","@id":"https:\/\/dicodusport.fr\/blog\/gones-a-montreal-1-2-remi-garde-enfant-du-pays\/#article","isPartOf":{"@id":"https:\/\/dicodusport.fr\/blog\/gones-a-montreal-1-2-remi-garde-enfant-du-pays\/"},"author":{"name":"Damien Meunier","@id":"https:\/\/dicodusport.fr\/blog\/#\/schema\/person\/7ce262eb34bbc1847cff5f60345d4735"},"headline":"Des Gones \u00e0 Montr\u00e9al (1\/3) : R\u00e9mi Garde, l&rsquo;enfant du pays","datePublished":"2018-01-24T09:00:29+00:00","dateModified":"2018-01-29T20:18:45+00:00","mainEntityOfPage":{"@id":"https:\/\/dicodusport.fr\/blog\/gones-a-montreal-1-2-remi-garde-enfant-du-pays\/"},"wordCount":1372,"commentCount":0,"publisher":{"@id":"https:\/\/dicodusport.fr\/blog\/#organization"},"image":{"@id":"https:\/\/dicodusport.fr\/blog\/gones-a-montreal-1-2-remi-garde-enfant-du-pays\/#primaryimage"},"thumbnailUrl":"https:\/\/dicodusport.fr\/blog\/wp-content\/uploads\/2018\/01\/R\u00e9mi-Garde-Impact-Montr\u00e9al.png","keywords":["Arsenal","ars\u00e8ne wenger","claude puel","Football","Olympique lyonnais"],"articleSection":["Actualit\u00e9s","Football"],"inLanguage":"fr-FR","potentialAction":[{"@type":"CommentAction","name":"Comment","target":["https:\/\/dicodusport.fr\/blog\/gones-a-montreal-1-2-remi-garde-enfant-du-pays\/#respond"]}],"copyrightYear":"2018","copyrightHolder":{"@id":"https:\/\/dicodusport.fr\/blog\/#organization"}},{"@type":"WebPage","@id":"https:\/\/dicodusport.fr\/blog\/gones-a-montreal-1-2-remi-garde-enfant-du-pays\/","url":"https:\/\/dicodusport.fr\/blog\/gones-a-montreal-1-2-remi-garde-enfant-du-pays\/","name":"Des Gones \u00e0 Montr\u00e9al (1\/3) : R\u00e9mi Garde, l'enfant du pays","isPartOf":{"@id":"https:\/\/dicodusport.fr\/blog\/#website"},"primaryImageOfPage":{"@id":"https:\/\/dicodusport.fr\/blog\/gones-a-montreal-1-2-remi-garde-enfant-du-pays\/#primaryimage"},"image":{"@id":"https:\/\/dicodusport.fr\/blog\/gones-a-montreal-1-2-remi-garde-enfant-du-pays\/#primaryimage"},"thumbnailUrl":"https:\/\/dicodusport.fr\/blog\/wp-content\/uploads\/2018\/01\/R\u00e9mi-Garde-Impact-Montr\u00e9al.png","datePublished":"2018-01-24T09:00:29+00:00","dateModified":"2018-01-29T20:18:45+00:00","description":"Apr\u00e8s la signature en tant que Coach de l'Impact de Montr\u00e9al de R\u00e9mi Garde, retour sur sa carri\u00e8re de joueur et d'entra\u00eeneur","breadcrumb":{"@id":"https:\/\/dicodusport.fr\/blog\/gones-a-montreal-1-2-remi-garde-enfant-du-pays\/#breadcrumb"},"inLanguage":"fr-FR","potentialAction":[{"@type":"ReadAction","target":["https:\/\/dicodusport.fr\/blog\/gones-a-montreal-1-2-remi-garde-enfant-du-pays\/"]}]},{"@type":"ImageObject","inLanguage":"fr-FR","@id":"https:\/\/dicodusport.fr\/blog\/gones-a-montreal-1-2-remi-garde-enfant-du-pays\/#primaryimage","url":"https:\/\/dicodusport.fr\/blog\/wp-content\/uploads\/2018\/01\/R\u00e9mi-Garde-Impact-Montr\u00e9al.png","contentUrl":"https:\/\/dicodusport.fr\/blog\/wp-content\/uploads\/2018\/01\/R\u00e9mi-Garde-Impact-Montr\u00e9al.png","width":1200,"height":670},{"@type":"BreadcrumbList","@id":"https:\/\/dicodusport.fr\/blog\/gones-a-montreal-1-2-remi-garde-enfant-du-pays\/#breadcrumb","itemListElement":[{"@type":"ListItem","position":1,"name":"Accueil","item":"https:\/\/dicodusport.fr\/blog\/"},{"@type":"ListItem","position":2,"name":"Des Gones \u00e0 Montr\u00e9al (1\/3) : R\u00e9mi Garde, l&rsquo;enfant du pays"}]},{"@type":"WebSite","@id":"https:\/\/dicodusport.fr\/blog\/#website","url":"https:\/\/dicodusport.fr\/blog\/","name":"Dicodusport","description":"L&#039;encyclop\u00e9die de l&#039;actualit\u00e9 sportive","publisher":{"@id":"https:\/\/dicodusport.fr\/blog\/#organization"},"potentialAction":[{"@type":"SearchAction","target":{"@type":"EntryPoint","urlTemplate":"https:\/\/dicodusport.fr\/blog\/?s={search_term_string}"},"query-input":{"@type":"PropertyValueSpecification","valueRequired":true,"valueName":"search_term_string"}}],"inLanguage":"fr-FR"},{"@type":"NewsMediaOrganization","@id":"https:\/\/dicodusport.fr\/blog\/#organization","name":"Dicodusport","url":"https:\/\/dicodusport.fr\/blog\/","logo":{"@type":"ImageObject","inLanguage":"fr-FR","@id":"https:\/\/dicodusport.fr\/blog\/#\/schema\/logo\/image\/","url":"https:\/\/dicodusport.fr\/blog\/wp-content\/uploads\/2020\/06\/cropped-LOGO-DICODUSPORT-2020-SANS-FOND-SANS-TEXTE.png","contentUrl":"https:\/\/dicodusport.fr\/blog\/wp-content\/uploads\/2020\/06\/cropped-LOGO-DICODUSPORT-2020-SANS-FOND-SANS-TEXTE.png","width":512,"height":512,"caption":"Dicodusport"},"image":{"@id":"https:\/\/dicodusport.fr\/blog\/#\/schema\/logo\/image\/"},"sameAs":["https:\/\/www.facebook.com\/dicodusport","https:\/\/x.com\/dicodusport","https:\/\/www.instagram.com\/dicodusport\/","https:\/\/www.youtube.com\/channel\/UC7V2KZ5sd3htJivAbA4ZG3w"],"description":"Dicodusport est l'encyclop\u00e9die de l'actualit\u00e9 sportive.","email":"bonjour@dicodusport.fr","legalName":"DICODUSPORT","foundingDate":"2018-01-14","vatID":"FR71834470973","taxID":"83447097300043","numberOfEmployees":{"@type":"QuantitativeValue","minValue":"1","maxValue":"10"}},{"@type":"Person","@id":"https:\/\/dicodusport.fr\/blog\/#\/schema\/person\/7ce262eb34bbc1847cff5f60345d4735","name":"Damien Meunier","image":{"@type":"ImageObject","inLanguage":"fr-FR","@id":"https:\/\/dicodusport.fr\/blog\/#\/schema\/person\/image\/","url":"https:\/\/secure.gravatar.com\/avatar\/dfe0549a73ac21bb20dfdf302b222ba2?s=96&d=wp_user_avatar&r=g","contentUrl":"https:\/\/secure.gravatar.com\/avatar\/dfe0549a73ac21bb20dfdf302b222ba2?s=96&d=wp_user_avatar&r=g","caption":"Damien Meunier"},"description":"Journaliste\/r\u00e9dacteur depuis d\u00e9cembre 2016 - Amateur professionnel de sport, d\u2019abord le football, j\u2019aurais pu en faire mon m\u00e9tier. Mais bon, vous savez les \u2026 non, pas les crois\u00e9s, ils vont bien eux. Juste un manque de talent, de technique et de niveau surtout. Mais cette passion est ancr\u00e9e en moi telle la pomme dans la tarte tatin. Le c\u00f4t\u00e9 suiveur\/supporter est \u00e9videmment important au quotidien, que ce soit un soir de juillet 1998 en banlieue lyonnaise ou de juillet 2018 \u00e0 Montr\u00e9al. Car oui, depuis ma France natale, j\u2019ai migr\u00e9 outre-Atlantique, au pays des caribous. L\u00e0, le football se joue \u00e0 la main et non au pied. Et surtout, la religion sportive est plut\u00f4t froide et se joue avec une crosse. Non, ce n\u2019est pas le curling ni le Lacrosse, encore que, mais le hockey sur glace. Une autre vision, une autre culture. On troque les crudit\u00e9s devant la t\u00e9l\u00e9 pour une poutine et on s\u2019installe avec notre chandail pour suivre cela. Et en moins de temps qu\u2019il ne faut pour le dire, ou la vitesse d\u2019un slap shot de McDavid ou un arr\u00eat de la mitaine de Price, j\u2019\u00e9cris sur de l\u2019actualit\u00e9 par ici mais aussi le sport f\u00e9minin, pas assez mis en avant.","sameAs":["https:\/\/x.com\/https:\/\/x.com\/DamienMeunier69"],"url":"https:\/\/dicodusport.fr\/blog\/author\/damien-m\/"}]}},"_links":{"self":[{"href":"https:\/\/dicodusport.fr\/blog\/wp-json\/wp\/v2\/posts\/10768","targetHints":{"allow":["GET"]}}],"collection":[{"href":"https:\/\/dicodusport.fr\/blog\/wp-json\/wp\/v2\/posts"}],"about":[{"href":"https:\/\/dicodusport.fr\/blog\/wp-json\/wp\/v2\/types\/post"}],"author":[{"embeddable":true,"href":"https:\/\/dicodusport.fr\/blog\/wp-json\/wp\/v2\/users\/10"}],"replies":[{"embeddable":true,"href":"https:\/\/dicodusport.fr\/blog\/wp-json\/wp\/v2\/comments?post=10768"}],"version-history":[{"count":0,"href":"https:\/\/dicodusport.fr\/blog\/wp-json\/wp\/v2\/posts\/10768\/revisions"}],"wp:featuredmedia":[{"embeddable":true,"href":"https:\/\/dicodusport.fr\/blog\/wp-json\/wp\/v2\/media\/10862"}],"wp:attachment":[{"href":"https:\/\/dicodusport.fr\/blog\/wp-json\/wp\/v2\/media?parent=10768"}],"wp:term":[{"taxonomy":"category","embeddable":true,"href":"https:\/\/dicodusport.fr\/blog\/wp-json\/wp\/v2\/categories?post=10768"},{"taxonomy":"post_tag","embeddable":true,"href":"https:\/\/dicodusport.fr\/blog\/wp-json\/wp\/v2\/tags?post=10768"}],"curies":[{"name":"wp","href":"https:\/\/api.w.org\/{rel}","templated":true}]}}