{"id":107749,"date":"2021-02-19T14:42:15","date_gmt":"2021-02-19T13:42:15","guid":{"rendered":"https:\/\/dicodusport.fr\/blog\/?p=107749&#038;preview=true&#038;preview_id=107749"},"modified":"2021-02-19T15:31:40","modified_gmt":"2021-02-19T14:31:40","slug":"cortina-d-ampezzo-mathieu-faivre-champion-du-monde-du-slalom-geant","status":"publish","type":"post","link":"https:\/\/dicodusport.fr\/blog\/cortina-d-ampezzo-mathieu-faivre-champion-du-monde-du-slalom-geant\/","title":{"rendered":"Cortina d&rsquo;Ampezzo : Mathieu Faivre champion du monde du slalom g\u00e9ant"},"content":{"rendered":"<p style=\"text-align: justify;\"><em><a style=\"font-weight: bold;\" href=\"https:\/\/dicodusport.fr\/blog\/ski-alpin-championnats-du-monde-2021-programme-complet\/\" target=\"_blank\" rel=\"noopener\">SKI ALPIN &#8211; CHAMPIONNATS DU MONDE 2021<\/a><b> &#8211; Incroyable Mathieu Faivre ! Le Fran\u00e7ais est devenu ce vendredi double champion du monde, en enlevant le titre en g\u00e9ant, trois jours apr\u00e8s celui acquis en slalom parall\u00e8le ! Il devance l&rsquo;Italien De Aliprandini et l&rsquo;Autrichien Schwarz. D\u00e9ception, en revanche, pour Alexis Pinturault. Meilleur temps de la premi\u00e8re manche, le natif de Mo\u00fbtiers a chut\u00e9 en haut du second trac\u00e9.<\/b><\/em><\/p>\n<p style=\"text-align: justify;\">C&rsquo;\u00e9tait sans doute inesp\u00e9r\u00e9 \u00e0 son arriv\u00e9e \u00e0 Cortina. <a href=\"https:\/\/dicodusport.fr\/blog\/cortina-d-ampezzo-mathieu-faivre-champion-du-monde-en-slalom-parallele-worley-bronze\/\" target=\"_blank\" rel=\"noopener\">Premier champion du monde de l&rsquo;histoire sur le slalom parall\u00e8le mardi dernier<\/a>, <strong>Mathieu Faivre<\/strong> a une nouvelle fois cr\u00e9\u00e9 la sensation ce vendredi. Le skieur d&rsquo;Isola 2000 est all\u00e9 d\u00e9crocher le titre mondial en slalom g\u00e9ant, au terme d&rsquo;une seconde manche de folie.<\/p>\n<p style=\"text-align: justify;\">Le Ni\u00e7ois d&rsquo;origine, quatri\u00e8me sur le premier trac\u00e9 \u00e0 58 centi\u00e8mes d&rsquo;<strong>Alexis Pinturault<\/strong>, a r\u00e9alis\u00e9 un run de haute vol\u00e9e pour l&#8217;emporter. Mais il a \u00e9galement profit\u00e9 de la chute de l&rsquo;Allemand <strong>Schmid<\/strong> (3\u00e8me de la premi\u00e8re manche), et surtout de la faillite d&rsquo;<strong>Alexis Pinturault<\/strong> ! Faivre, 29 ans, n&rsquo;est plus mont\u00e9 sur un podium en Coupe du monde depuis 2016 (2\u00e8me sur le g\u00e9ant d&rsquo;Alta Badia). Il devient ainsi le premier skieur fran\u00e7ais \u00e0 \u00eatre sacr\u00e9 en g\u00e9ant depuis <strong>Jean-Claude Killy<\/strong>, en 1968.<\/p>\n<blockquote class=\"twitter-tweet\">\n<p dir=\"ltr\" lang=\"fr\">&#x26f7; Quel sc\u00e9nario dingue que ce slalom g\u00e9ant hommes ! Mathieu Faivre remporte l&rsquo;or apr\u00e8s la chute d&rsquo;Alexis Pinturault dans la deuxi\u00e8me manche ! Le Ni\u00e7ois remporte sa deuxi\u00e8me m\u00e9daille d&rsquo;or dans ces Mondiaux de Cortina ! &#x1f947;&#x1f947;&#x1f1eb;&#x1f1f7; <a href=\"https:\/\/twitter.com\/cortina2021?ref_src=twsrc%5Etfw\">@cortina2021<\/a> <a href=\"https:\/\/t.co\/crjkgs0Y3F\">pic.twitter.com\/crjkgs0Y3F<\/a><\/p>\n<p>\u2014 France tv sport (@francetvsport) <a href=\"https:\/\/twitter.com\/francetvsport\/status\/1362759691265339392?ref_src=twsrc%5Etfw\">February 19, 2021<\/a><\/p><\/blockquote>\n<p><script async src=\"https:\/\/platform.twitter.com\/widgets.js\" charset=\"utf-8\"><\/script><\/p>\n<h2 style=\"text-align: justify;\">Pinturault out<\/h2>\n<p style=\"text-align: justify;\"><strong>Pinturault<\/strong>, qui a remport\u00e9 les trois derniers g\u00e9ants avant les Mondiaux, semblait pourtant intouchable \u00e0 l&rsquo;issue d&rsquo;une premi\u00e8re manche qu&rsquo;il a ma\u00eetris\u00e9e de la t\u00eate et des \u00e9paules. Mais le Savoyard a chut\u00e9 sur le haut du trac\u00e9 lors du second run, mettant fin \u00e0 ses espoirs de titre mondial. <strong>Pinturault<\/strong>, leader du g\u00e9n\u00e9ral de la Coupe du monde, peut toujours esp\u00e9rer d\u00e9crocher l&rsquo;or sur le slalom dimanche, lui qui a d\u00e9j\u00e0 glan\u00e9 l&rsquo;argent sur le combin\u00e9 et le bronze sur le Super-G. Mais cela reste une grande d\u00e9sillusion pour celui qui faisait office de grand favori.<\/p>\n<p style=\"text-align: justify;\">Surprenant lors des deux manches, l&rsquo;Italien <strong>Luca De Aliprandini<\/strong> d\u00e9croche l&rsquo;argent, lui qui n&rsquo;est jamais mont\u00e9 sur le podium en Coupe du monde. Sacr\u00e9 en combin\u00e9 alpin, l&rsquo;Autrichien <strong>Marco Schwarz<\/strong> s&#8217;empare quant \u00e0 lui du bronze.<\/p>\n<h2 style=\"text-align: justify;\">\u00c0 lire aussi<\/h2>\n<ul>\n<li style=\"text-align: justify;\"><a href=\"https:\/\/dicodusport.fr\/blog\/ski-alpin-championnats-du-monde-2021-classement-slalom-geant-hommes\/\" target=\"_blank\" rel=\"noopener\"><strong>Le classement du slalom g\u00e9ant hommes<\/strong><\/a><\/li>\n<li style=\"text-align: justify;\"><a href=\"https:\/\/dicodusport.fr\/blog\/ski-alpin-championnats-du-monde-2021-tableau-des-medailles\/\" target=\"_blank\" rel=\"noopener\"><strong>Le tableau des m\u00e9dailles<\/strong><\/a><\/li>\n<\/ul>\n<p><strong><em>Dicodusport<br \/>\n<a href=\"https:\/\/www.facebook.com\/dicodusport\/\" target=\"_blank\" rel=\"noopener noreferrer\"><img loading=\"lazy\" decoding=\"async\" class=\"alignnone wp-image-2909\" src=\"http:\/\/dicodusport.fr\/blog\/wp-content\/uploads\/2017\/07\/logo-facebook-150x150.png\" alt=\"\" width=\"40\" height=\"40\" \/><\/a><a href=\"https:\/\/twitter.com\/dicodusport\" target=\"_blank\" rel=\"noopener noreferrer\"><img loading=\"lazy\" decoding=\"async\" class=\"alignnone wp-image-2908\" src=\"http:\/\/dicodusport.fr\/blog\/wp-content\/uploads\/2017\/07\/logo-twitter-150x150.png\" alt=\"\" width=\"39\" height=\"39\" \/><\/a><\/em><\/strong><\/p>\n","protected":false},"excerpt":{"rendered":"<p>SKI ALPIN &#8211; CHAMPIONNATS DU MONDE 2021 &#8211; Incroyable Mathieu Faivre ! Le Fran\u00e7ais est devenu ce vendredi double champion du monde, en enlevant le titre en g\u00e9ant, trois jours apr\u00e8s celui acquis en slalom parall\u00e8le ! Il devance l&rsquo;Italien De Aliprandini et l&rsquo;Autrichien Schwarz. D\u00e9ception, en revanche, pour Alexis Pinturault.<\/p>\n","protected":false},"author":4,"featured_media":107817,"comment_status":"open","ping_status":"closed","sticky":false,"template":"","format":"standard","meta":{"_acf_changed":false,"_daextam_enable_autolinks":"","footnotes":""},"categories":[47083],"tags":[2233,24],"class_list":["post-107749","post","type-post","status-publish","format-standard","has-post-thumbnail","hentry","category-championnats-du-monde-ski-alpin","tag-ski-alpin","tag-sport"],"acf":[],"yoast_head":"<!-- This site is optimized with the Yoast SEO Premium plugin v26.7 (Yoast SEO v26.7) - https:\/\/yoast.com\/wordpress\/plugins\/seo\/ -->\n<title>Cortina d&#039;Ampezzo : Mathieu Faivre champion du monde du slalom g\u00e9ant<\/title>\n<meta name=\"description\" content=\"SKI ALPIN - CHAMPIONNATS DU MONDE 2021 - Mathieu Faivre est devenu ce vendredi double champion du monde, en enlevant le titre en g\u00e9ant, trois jours apr\u00e8s celui acquis en slalom parall\u00e8le !\" \/>\n<meta name=\"robots\" content=\"index, follow, max-snippet:-1, max-image-preview:large, max-video-preview:-1\" \/>\n<link rel=\"canonical\" href=\"https:\/\/dicodusport.fr\/blog\/cortina-d-ampezzo-mathieu-faivre-champion-du-monde-du-slalom-geant\/\" \/>\n<meta property=\"og:locale\" content=\"fr_FR\" \/>\n<meta property=\"og:type\" content=\"article\" \/>\n<meta property=\"og:title\" content=\"Cortina d&#039;Ampezzo : Mathieu Faivre champion du monde du slalom g\u00e9ant\" \/>\n<meta property=\"og:description\" content=\"SKI ALPIN - CHAMPIONNATS DU MONDE 2021 - Mathieu Faivre est devenu ce vendredi double champion du monde, en enlevant le titre en g\u00e9ant, trois jours apr\u00e8s celui acquis en slalom parall\u00e8le !\" \/>\n<meta property=\"og:url\" content=\"https:\/\/dicodusport.fr\/blog\/cortina-d-ampezzo-mathieu-faivre-champion-du-monde-du-slalom-geant\/\" \/>\n<meta property=\"og:site_name\" content=\"Dicodusport\" \/>\n<meta property=\"article:publisher\" content=\"https:\/\/www.facebook.com\/dicodusport\" \/>\n<meta property=\"article:author\" content=\"https:\/\/www.facebook.com\/florent.ostermann\" \/>\n<meta property=\"article:published_time\" content=\"2021-02-19T13:42:15+00:00\" \/>\n<meta property=\"article:modified_time\" content=\"2021-02-19T14:31:40+00:00\" \/>\n<meta property=\"og:image\" content=\"https:\/\/dicodusport.fr\/blog\/wp-content\/uploads\/2021\/02\/Ski-alpin-Cortina-dAmpezzo-Mathieu-Faivre-champion-du-monde-du-slalom-geant.png\" \/>\n\t<meta property=\"og:image:width\" content=\"800\" \/>\n\t<meta property=\"og:image:height\" content=\"445\" \/>\n\t<meta property=\"og:image:type\" content=\"image\/png\" \/>\n<meta name=\"author\" content=\"Flo Ostermann\" \/>\n<meta name=\"twitter:card\" content=\"summary_large_image\" \/>\n<meta name=\"twitter:title\" content=\"Cortina d&#039;Ampezzo : Mathieu Faivre champion du monde du slalom g\u00e9ant\" \/>\n<meta name=\"twitter:creator\" content=\"@https:\/\/twitter.com\/FlOstermann\" \/>\n<meta name=\"twitter:site\" content=\"@dicodusport\" \/>\n<script type=\"application\/ld+json\" class=\"yoast-schema-graph\">{\"@context\":\"https:\/\/schema.org\",\"@graph\":[{\"@type\":\"NewsArticle\",\"@id\":\"https:\/\/dicodusport.fr\/blog\/cortina-d-ampezzo-mathieu-faivre-champion-du-monde-du-slalom-geant\/#article\",\"isPartOf\":{\"@id\":\"https:\/\/dicodusport.fr\/blog\/cortina-d-ampezzo-mathieu-faivre-champion-du-monde-du-slalom-geant\/\"},\"author\":{\"name\":\"Flo Ostermann\",\"@id\":\"https:\/\/dicodusport.fr\/blog\/#\/schema\/person\/cb02af4c173ce4a653b55e9baf388d4a\"},\"headline\":\"Cortina d&rsquo;Ampezzo : Mathieu Faivre champion du monde du slalom g\u00e9ant\",\"datePublished\":\"2021-02-19T13:42:15+00:00\",\"dateModified\":\"2021-02-19T14:31:40+00:00\",\"mainEntityOfPage\":{\"@id\":\"https:\/\/dicodusport.fr\/blog\/cortina-d-ampezzo-mathieu-faivre-champion-du-monde-du-slalom-geant\/\"},\"wordCount\":473,\"commentCount\":0,\"publisher\":{\"@id\":\"https:\/\/dicodusport.fr\/blog\/#organization\"},\"image\":{\"@id\":\"https:\/\/dicodusport.fr\/blog\/cortina-d-ampezzo-mathieu-faivre-champion-du-monde-du-slalom-geant\/#primaryimage\"},\"thumbnailUrl\":\"https:\/\/dicodusport.fr\/blog\/wp-content\/uploads\/2021\/02\/Ski-alpin-Cortina-dAmpezzo-Mathieu-Faivre-champion-du-monde-du-slalom-geant.png\",\"keywords\":[\"Ski alpin\",\"sport\"],\"articleSection\":[\"Championnats du monde de ski alpin\"],\"inLanguage\":\"fr-FR\",\"potentialAction\":[{\"@type\":\"CommentAction\",\"name\":\"Comment\",\"target\":[\"https:\/\/dicodusport.fr\/blog\/cortina-d-ampezzo-mathieu-faivre-champion-du-monde-du-slalom-geant\/#respond\"]}],\"copyrightYear\":\"2021\",\"copyrightHolder\":{\"@id\":\"https:\/\/dicodusport.fr\/blog\/#organization\"}},{\"@type\":\"WebPage\",\"@id\":\"https:\/\/dicodusport.fr\/blog\/cortina-d-ampezzo-mathieu-faivre-champion-du-monde-du-slalom-geant\/\",\"url\":\"https:\/\/dicodusport.fr\/blog\/cortina-d-ampezzo-mathieu-faivre-champion-du-monde-du-slalom-geant\/\",\"name\":\"Cortina d'Ampezzo : Mathieu Faivre champion du monde du slalom g\u00e9ant\",\"isPartOf\":{\"@id\":\"https:\/\/dicodusport.fr\/blog\/#website\"},\"primaryImageOfPage\":{\"@id\":\"https:\/\/dicodusport.fr\/blog\/cortina-d-ampezzo-mathieu-faivre-champion-du-monde-du-slalom-geant\/#primaryimage\"},\"image\":{\"@id\":\"https:\/\/dicodusport.fr\/blog\/cortina-d-ampezzo-mathieu-faivre-champion-du-monde-du-slalom-geant\/#primaryimage\"},\"thumbnailUrl\":\"https:\/\/dicodusport.fr\/blog\/wp-content\/uploads\/2021\/02\/Ski-alpin-Cortina-dAmpezzo-Mathieu-Faivre-champion-du-monde-du-slalom-geant.png\",\"datePublished\":\"2021-02-19T13:42:15+00:00\",\"dateModified\":\"2021-02-19T14:31:40+00:00\",\"description\":\"SKI ALPIN - CHAMPIONNATS DU MONDE 2021 - Mathieu Faivre est devenu ce vendredi double champion du monde, en enlevant le titre en g\u00e9ant, trois jours apr\u00e8s celui acquis en slalom parall\u00e8le !\",\"breadcrumb\":{\"@id\":\"https:\/\/dicodusport.fr\/blog\/cortina-d-ampezzo-mathieu-faivre-champion-du-monde-du-slalom-geant\/#breadcrumb\"},\"inLanguage\":\"fr-FR\",\"potentialAction\":[{\"@type\":\"ReadAction\",\"target\":[\"https:\/\/dicodusport.fr\/blog\/cortina-d-ampezzo-mathieu-faivre-champion-du-monde-du-slalom-geant\/\"]}]},{\"@type\":\"ImageObject\",\"inLanguage\":\"fr-FR\",\"@id\":\"https:\/\/dicodusport.fr\/blog\/cortina-d-ampezzo-mathieu-faivre-champion-du-monde-du-slalom-geant\/#primaryimage\",\"url\":\"https:\/\/dicodusport.fr\/blog\/wp-content\/uploads\/2021\/02\/Ski-alpin-Cortina-dAmpezzo-Mathieu-Faivre-champion-du-monde-du-slalom-geant.png\",\"contentUrl\":\"https:\/\/dicodusport.fr\/blog\/wp-content\/uploads\/2021\/02\/Ski-alpin-Cortina-dAmpezzo-Mathieu-Faivre-champion-du-monde-du-slalom-geant.png\",\"width\":800,\"height\":445,\"caption\":\"Ski alpin - Cortina d'Ampezzo - Mathieu Faivre champion du monde du slalom g\u00e9ant\"},{\"@type\":\"BreadcrumbList\",\"@id\":\"https:\/\/dicodusport.fr\/blog\/cortina-d-ampezzo-mathieu-faivre-champion-du-monde-du-slalom-geant\/#breadcrumb\",\"itemListElement\":[{\"@type\":\"ListItem\",\"position\":1,\"name\":\"Accueil\",\"item\":\"https:\/\/dicodusport.fr\/blog\/\"},{\"@type\":\"ListItem\",\"position\":2,\"name\":\"Cortina d&rsquo;Ampezzo : Mathieu Faivre champion du monde du slalom g\u00e9ant\"}]},{\"@type\":\"WebSite\",\"@id\":\"https:\/\/dicodusport.fr\/blog\/#website\",\"url\":\"https:\/\/dicodusport.fr\/blog\/\",\"name\":\"Dicodusport\",\"description\":\"L&#039;encyclop\u00e9die de l&#039;actualit\u00e9 sportive\",\"publisher\":{\"@id\":\"https:\/\/dicodusport.fr\/blog\/#organization\"},\"potentialAction\":[{\"@type\":\"SearchAction\",\"target\":{\"@type\":\"EntryPoint\",\"urlTemplate\":\"https:\/\/dicodusport.fr\/blog\/?s={search_term_string}\"},\"query-input\":{\"@type\":\"PropertyValueSpecification\",\"valueRequired\":true,\"valueName\":\"search_term_string\"}}],\"inLanguage\":\"fr-FR\"},{\"@type\":\"NewsMediaOrganization\",\"@id\":\"https:\/\/dicodusport.fr\/blog\/#organization\",\"name\":\"Dicodusport\",\"url\":\"https:\/\/dicodusport.fr\/blog\/\",\"logo\":{\"@type\":\"ImageObject\",\"inLanguage\":\"fr-FR\",\"@id\":\"https:\/\/dicodusport.fr\/blog\/#\/schema\/logo\/image\/\",\"url\":\"https:\/\/dicodusport.fr\/blog\/wp-content\/uploads\/2020\/06\/cropped-LOGO-DICODUSPORT-2020-SANS-FOND-SANS-TEXTE.png\",\"contentUrl\":\"https:\/\/dicodusport.fr\/blog\/wp-content\/uploads\/2020\/06\/cropped-LOGO-DICODUSPORT-2020-SANS-FOND-SANS-TEXTE.png\",\"width\":512,\"height\":512,\"caption\":\"Dicodusport\"},\"image\":{\"@id\":\"https:\/\/dicodusport.fr\/blog\/#\/schema\/logo\/image\/\"},\"sameAs\":[\"https:\/\/www.facebook.com\/dicodusport\",\"https:\/\/x.com\/dicodusport\",\"https:\/\/www.instagram.com\/dicodusport\/\",\"https:\/\/www.youtube.com\/channel\/UC7V2KZ5sd3htJivAbA4ZG3w\"],\"description\":\"Dicodusport est l'encyclop\u00e9die de l'actualit\u00e9 sportive.\",\"email\":\"bonjour@dicodusport.fr\",\"legalName\":\"DICODUSPORT\",\"foundingDate\":\"2018-01-14\",\"vatID\":\"FR71834470973\",\"taxID\":\"83447097300043\",\"numberOfEmployees\":{\"@type\":\"QuantitativeValue\",\"minValue\":\"1\",\"maxValue\":\"10\"}},{\"@type\":\"Person\",\"@id\":\"https:\/\/dicodusport.fr\/blog\/#\/schema\/person\/cb02af4c173ce4a653b55e9baf388d4a\",\"name\":\"Flo Ostermann\",\"image\":{\"@type\":\"ImageObject\",\"inLanguage\":\"fr-FR\",\"@id\":\"https:\/\/dicodusport.fr\/blog\/#\/schema\/person\/image\/\",\"url\":\"https:\/\/dicodusport.fr\/blog\/wp-content\/uploads\/2021\/05\/Flo-Ostermann-150x150.jpg\",\"contentUrl\":\"https:\/\/dicodusport.fr\/blog\/wp-content\/uploads\/2021\/05\/Flo-Ostermann-150x150.jpg\",\"caption\":\"Flo Ostermann\"},\"description\":\"Journaliste\/R\u00e9dacteur depuis septembre 2015 - Mes premiers souvenirs dans le sport ? Les envol\u00e9es du Stade Toulousain et les duels Villeneuve-Schumacher et H\u00e4kkinen-Schumacher \u00e0 la fin des ann\u00e9es 90, la Coupe du monde de football en 1998, l\u2019exploit du XV de France face aux All Blacks en 1999, mais aussi Richard C\u0153ur de Lion qui vole sur les montagnes du Tour de France. Bien parti pour devenir professeur d\u2019EPS, les \u00e9v\u00e9nements de la vie (et la flemme d\u2019animer des s\u00e9ances de 3x500 m\u00e8tres toute ma vie) m\u2019ont conduit \u00e0 revoir mes plans. Me voil\u00e0 depuis fin 2017 sur Dicodusport, m\u00e9dia gr\u00e2ce (et pour) lequel je partage ma passion : le sport dans tous ses \u00e9tats. Le tout accompagn\u00e9 par les fous furieux et folles furieuses cit\u00e9s sur cette page !\",\"sameAs\":[\"https:\/\/www.facebook.com\/florent.ostermann\",\"https:\/\/x.com\/https:\/\/twitter.com\/FlOstermann\",\"admin\"],\"url\":\"https:\/\/dicodusport.fr\/blog\/author\/flo\/\"}]}<\/script>\n<!-- \/ Yoast SEO Premium plugin. -->","yoast_head_json":{"title":"Cortina d'Ampezzo : Mathieu Faivre champion du monde du slalom g\u00e9ant","description":"SKI ALPIN - CHAMPIONNATS DU MONDE 2021 - Mathieu Faivre est devenu ce vendredi double champion du monde, en enlevant le titre en g\u00e9ant, trois jours apr\u00e8s celui acquis en slalom parall\u00e8le !","robots":{"index":"index","follow":"follow","max-snippet":"max-snippet:-1","max-image-preview":"max-image-preview:large","max-video-preview":"max-video-preview:-1"},"canonical":"https:\/\/dicodusport.fr\/blog\/cortina-d-ampezzo-mathieu-faivre-champion-du-monde-du-slalom-geant\/","og_locale":"fr_FR","og_type":"article","og_title":"Cortina d'Ampezzo : Mathieu Faivre champion du monde du slalom g\u00e9ant","og_description":"SKI ALPIN - CHAMPIONNATS DU MONDE 2021 - Mathieu Faivre est devenu ce vendredi double champion du monde, en enlevant le titre en g\u00e9ant, trois jours apr\u00e8s celui acquis en slalom parall\u00e8le !","og_url":"https:\/\/dicodusport.fr\/blog\/cortina-d-ampezzo-mathieu-faivre-champion-du-monde-du-slalom-geant\/","og_site_name":"Dicodusport","article_publisher":"https:\/\/www.facebook.com\/dicodusport","article_author":"https:\/\/www.facebook.com\/florent.ostermann","article_published_time":"2021-02-19T13:42:15+00:00","article_modified_time":"2021-02-19T14:31:40+00:00","og_image":[{"width":800,"height":445,"url":"https:\/\/dicodusport.fr\/blog\/wp-content\/uploads\/2021\/02\/Ski-alpin-Cortina-dAmpezzo-Mathieu-Faivre-champion-du-monde-du-slalom-geant.png","type":"image\/png"}],"author":"Flo Ostermann","twitter_card":"summary_large_image","twitter_title":"Cortina d'Ampezzo : Mathieu Faivre champion du monde du slalom g\u00e9ant","twitter_creator":"@https:\/\/twitter.com\/FlOstermann","twitter_site":"@dicodusport","schema":{"@context":"https:\/\/schema.org","@graph":[{"@type":"NewsArticle","@id":"https:\/\/dicodusport.fr\/blog\/cortina-d-ampezzo-mathieu-faivre-champion-du-monde-du-slalom-geant\/#article","isPartOf":{"@id":"https:\/\/dicodusport.fr\/blog\/cortina-d-ampezzo-mathieu-faivre-champion-du-monde-du-slalom-geant\/"},"author":{"name":"Flo Ostermann","@id":"https:\/\/dicodusport.fr\/blog\/#\/schema\/person\/cb02af4c173ce4a653b55e9baf388d4a"},"headline":"Cortina d&rsquo;Ampezzo : Mathieu Faivre champion du monde du slalom g\u00e9ant","datePublished":"2021-02-19T13:42:15+00:00","dateModified":"2021-02-19T14:31:40+00:00","mainEntityOfPage":{"@id":"https:\/\/dicodusport.fr\/blog\/cortina-d-ampezzo-mathieu-faivre-champion-du-monde-du-slalom-geant\/"},"wordCount":473,"commentCount":0,"publisher":{"@id":"https:\/\/dicodusport.fr\/blog\/#organization"},"image":{"@id":"https:\/\/dicodusport.fr\/blog\/cortina-d-ampezzo-mathieu-faivre-champion-du-monde-du-slalom-geant\/#primaryimage"},"thumbnailUrl":"https:\/\/dicodusport.fr\/blog\/wp-content\/uploads\/2021\/02\/Ski-alpin-Cortina-dAmpezzo-Mathieu-Faivre-champion-du-monde-du-slalom-geant.png","keywords":["Ski alpin","sport"],"articleSection":["Championnats du monde de ski alpin"],"inLanguage":"fr-FR","potentialAction":[{"@type":"CommentAction","name":"Comment","target":["https:\/\/dicodusport.fr\/blog\/cortina-d-ampezzo-mathieu-faivre-champion-du-monde-du-slalom-geant\/#respond"]}],"copyrightYear":"2021","copyrightHolder":{"@id":"https:\/\/dicodusport.fr\/blog\/#organization"}},{"@type":"WebPage","@id":"https:\/\/dicodusport.fr\/blog\/cortina-d-ampezzo-mathieu-faivre-champion-du-monde-du-slalom-geant\/","url":"https:\/\/dicodusport.fr\/blog\/cortina-d-ampezzo-mathieu-faivre-champion-du-monde-du-slalom-geant\/","name":"Cortina d'Ampezzo : Mathieu Faivre champion du monde du slalom g\u00e9ant","isPartOf":{"@id":"https:\/\/dicodusport.fr\/blog\/#website"},"primaryImageOfPage":{"@id":"https:\/\/dicodusport.fr\/blog\/cortina-d-ampezzo-mathieu-faivre-champion-du-monde-du-slalom-geant\/#primaryimage"},"image":{"@id":"https:\/\/dicodusport.fr\/blog\/cortina-d-ampezzo-mathieu-faivre-champion-du-monde-du-slalom-geant\/#primaryimage"},"thumbnailUrl":"https:\/\/dicodusport.fr\/blog\/wp-content\/uploads\/2021\/02\/Ski-alpin-Cortina-dAmpezzo-Mathieu-Faivre-champion-du-monde-du-slalom-geant.png","datePublished":"2021-02-19T13:42:15+00:00","dateModified":"2021-02-19T14:31:40+00:00","description":"SKI ALPIN - CHAMPIONNATS DU MONDE 2021 - Mathieu Faivre est devenu ce vendredi double champion du monde, en enlevant le titre en g\u00e9ant, trois jours apr\u00e8s celui acquis en slalom parall\u00e8le !","breadcrumb":{"@id":"https:\/\/dicodusport.fr\/blog\/cortina-d-ampezzo-mathieu-faivre-champion-du-monde-du-slalom-geant\/#breadcrumb"},"inLanguage":"fr-FR","potentialAction":[{"@type":"ReadAction","target":["https:\/\/dicodusport.fr\/blog\/cortina-d-ampezzo-mathieu-faivre-champion-du-monde-du-slalom-geant\/"]}]},{"@type":"ImageObject","inLanguage":"fr-FR","@id":"https:\/\/dicodusport.fr\/blog\/cortina-d-ampezzo-mathieu-faivre-champion-du-monde-du-slalom-geant\/#primaryimage","url":"https:\/\/dicodusport.fr\/blog\/wp-content\/uploads\/2021\/02\/Ski-alpin-Cortina-dAmpezzo-Mathieu-Faivre-champion-du-monde-du-slalom-geant.png","contentUrl":"https:\/\/dicodusport.fr\/blog\/wp-content\/uploads\/2021\/02\/Ski-alpin-Cortina-dAmpezzo-Mathieu-Faivre-champion-du-monde-du-slalom-geant.png","width":800,"height":445,"caption":"Ski alpin - Cortina d'Ampezzo - Mathieu Faivre champion du monde du slalom g\u00e9ant"},{"@type":"BreadcrumbList","@id":"https:\/\/dicodusport.fr\/blog\/cortina-d-ampezzo-mathieu-faivre-champion-du-monde-du-slalom-geant\/#breadcrumb","itemListElement":[{"@type":"ListItem","position":1,"name":"Accueil","item":"https:\/\/dicodusport.fr\/blog\/"},{"@type":"ListItem","position":2,"name":"Cortina d&rsquo;Ampezzo : Mathieu Faivre champion du monde du slalom g\u00e9ant"}]},{"@type":"WebSite","@id":"https:\/\/dicodusport.fr\/blog\/#website","url":"https:\/\/dicodusport.fr\/blog\/","name":"Dicodusport","description":"L&#039;encyclop\u00e9die de l&#039;actualit\u00e9 sportive","publisher":{"@id":"https:\/\/dicodusport.fr\/blog\/#organization"},"potentialAction":[{"@type":"SearchAction","target":{"@type":"EntryPoint","urlTemplate":"https:\/\/dicodusport.fr\/blog\/?s={search_term_string}"},"query-input":{"@type":"PropertyValueSpecification","valueRequired":true,"valueName":"search_term_string"}}],"inLanguage":"fr-FR"},{"@type":"NewsMediaOrganization","@id":"https:\/\/dicodusport.fr\/blog\/#organization","name":"Dicodusport","url":"https:\/\/dicodusport.fr\/blog\/","logo":{"@type":"ImageObject","inLanguage":"fr-FR","@id":"https:\/\/dicodusport.fr\/blog\/#\/schema\/logo\/image\/","url":"https:\/\/dicodusport.fr\/blog\/wp-content\/uploads\/2020\/06\/cropped-LOGO-DICODUSPORT-2020-SANS-FOND-SANS-TEXTE.png","contentUrl":"https:\/\/dicodusport.fr\/blog\/wp-content\/uploads\/2020\/06\/cropped-LOGO-DICODUSPORT-2020-SANS-FOND-SANS-TEXTE.png","width":512,"height":512,"caption":"Dicodusport"},"image":{"@id":"https:\/\/dicodusport.fr\/blog\/#\/schema\/logo\/image\/"},"sameAs":["https:\/\/www.facebook.com\/dicodusport","https:\/\/x.com\/dicodusport","https:\/\/www.instagram.com\/dicodusport\/","https:\/\/www.youtube.com\/channel\/UC7V2KZ5sd3htJivAbA4ZG3w"],"description":"Dicodusport est l'encyclop\u00e9die de l'actualit\u00e9 sportive.","email":"bonjour@dicodusport.fr","legalName":"DICODUSPORT","foundingDate":"2018-01-14","vatID":"FR71834470973","taxID":"83447097300043","numberOfEmployees":{"@type":"QuantitativeValue","minValue":"1","maxValue":"10"}},{"@type":"Person","@id":"https:\/\/dicodusport.fr\/blog\/#\/schema\/person\/cb02af4c173ce4a653b55e9baf388d4a","name":"Flo Ostermann","image":{"@type":"ImageObject","inLanguage":"fr-FR","@id":"https:\/\/dicodusport.fr\/blog\/#\/schema\/person\/image\/","url":"https:\/\/dicodusport.fr\/blog\/wp-content\/uploads\/2021\/05\/Flo-Ostermann-150x150.jpg","contentUrl":"https:\/\/dicodusport.fr\/blog\/wp-content\/uploads\/2021\/05\/Flo-Ostermann-150x150.jpg","caption":"Flo Ostermann"},"description":"Journaliste\/R\u00e9dacteur depuis septembre 2015 - Mes premiers souvenirs dans le sport ? Les envol\u00e9es du Stade Toulousain et les duels Villeneuve-Schumacher et H\u00e4kkinen-Schumacher \u00e0 la fin des ann\u00e9es 90, la Coupe du monde de football en 1998, l\u2019exploit du XV de France face aux All Blacks en 1999, mais aussi Richard C\u0153ur de Lion qui vole sur les montagnes du Tour de France. Bien parti pour devenir professeur d\u2019EPS, les \u00e9v\u00e9nements de la vie (et la flemme d\u2019animer des s\u00e9ances de 3x500 m\u00e8tres toute ma vie) m\u2019ont conduit \u00e0 revoir mes plans. Me voil\u00e0 depuis fin 2017 sur Dicodusport, m\u00e9dia gr\u00e2ce (et pour) lequel je partage ma passion : le sport dans tous ses \u00e9tats. Le tout accompagn\u00e9 par les fous furieux et folles furieuses cit\u00e9s sur cette page !","sameAs":["https:\/\/www.facebook.com\/florent.ostermann","https:\/\/x.com\/https:\/\/twitter.com\/FlOstermann","admin"],"url":"https:\/\/dicodusport.fr\/blog\/author\/flo\/"}]}},"_links":{"self":[{"href":"https:\/\/dicodusport.fr\/blog\/wp-json\/wp\/v2\/posts\/107749","targetHints":{"allow":["GET"]}}],"collection":[{"href":"https:\/\/dicodusport.fr\/blog\/wp-json\/wp\/v2\/posts"}],"about":[{"href":"https:\/\/dicodusport.fr\/blog\/wp-json\/wp\/v2\/types\/post"}],"author":[{"embeddable":true,"href":"https:\/\/dicodusport.fr\/blog\/wp-json\/wp\/v2\/users\/4"}],"replies":[{"embeddable":true,"href":"https:\/\/dicodusport.fr\/blog\/wp-json\/wp\/v2\/comments?post=107749"}],"version-history":[{"count":0,"href":"https:\/\/dicodusport.fr\/blog\/wp-json\/wp\/v2\/posts\/107749\/revisions"}],"wp:featuredmedia":[{"embeddable":true,"href":"https:\/\/dicodusport.fr\/blog\/wp-json\/wp\/v2\/media\/107817"}],"wp:attachment":[{"href":"https:\/\/dicodusport.fr\/blog\/wp-json\/wp\/v2\/media?parent=107749"}],"wp:term":[{"taxonomy":"category","embeddable":true,"href":"https:\/\/dicodusport.fr\/blog\/wp-json\/wp\/v2\/categories?post=107749"},{"taxonomy":"post_tag","embeddable":true,"href":"https:\/\/dicodusport.fr\/blog\/wp-json\/wp\/v2\/tags?post=107749"}],"curies":[{"name":"wp","href":"https:\/\/api.w.org\/{rel}","templated":true}]}}