{"id":10819,"date":"2018-01-22T12:00:16","date_gmt":"2018-01-22T11:00:16","guid":{"rendered":"http:\/\/dicodusport.fr\/blog\/?p=10819"},"modified":"2018-01-22T12:42:32","modified_gmt":"2018-01-22T11:42:32","slug":"homme-du-week-end-nabil-fekir-taille-patron","status":"publish","type":"post","link":"https:\/\/dicodusport.fr\/blog\/homme-du-week-end-nabil-fekir-taille-patron\/","title":{"rendered":"L&rsquo;homme du week-end : Nabil Fekir, taille patron"},"content":{"rendered":"<p style=\"text-align: justify;\"><em><strong>Buteur d\u00e9cisif avec Lyon mercredi lors de la victoire de Lyon \u00e0 Guingamp, le capitaine de l&rsquo;OL, Nabil Fekir a de nouveau men\u00e9 son \u00e9quipe \u00e0 la victoire dimanche soir contre le PSG. S&rsquo;il est d\u00e9cisif statistiquement, il s&rsquo;est aussi\u00a0affirm\u00e9 comme le patron de son \u00e9quipe sur le terrain.\u00a0<\/strong><\/em><\/p>\n<h4 style=\"text-align: justify;\">Un but, une passe d\u00e9cisive et une victoire<\/h4>\n<p style=\"text-align: justify;\">D\u00e8s la deuxi\u00e8me minute de jeu, Nabil Fekir, marque un but qu&rsquo;il s&rsquo;est offert tout seul. Il va d&rsquo;abord obtenir le coup franc en conservant le ballon devant Rabiot et en obligeant le milieu parisien \u00e0 faire faute. Ensuite, comme il l&rsquo;a dit au micro de Canal +, en voyant le placement d&rsquo;Areola, il a l&rsquo;id\u00e9e de tenter sa chance directement malgr\u00e9 les 36 m\u00e8tres qui le s\u00e9pare du but. Ensuite le plus dur, c&rsquo;est la r\u00e9alisation, le geste parfait, un coup franc puissant et travaill\u00e9 qui touche le poteau du gardien parisien avant de rentrer. <strong>Grandiose<\/strong>.<br \/>\nEn fin de match sur la mauvaise relance de Kurzawa, le capitaine lyonnais h\u00e9rite du ballon \u00e0 40 m\u00e8tres avec de l&rsquo;espace. Si certains l&rsquo;imaginaient partir dans une chevauch\u00e9e pour donner la victoire aux siens, F\u00e9kir, \u00e9mouss\u00e9, pr\u00e9f\u00e9ra transmettre le ballon \u00e0 son partenaire, Depay, rentr\u00e9 en jeu 25 minutes plus t\u00f4t, qui inscrit le but de la journ\u00e9e avec une frappe\u00a0\u00e0 25 m\u00e8tres en pleine lucarne. <strong>Lucide<\/strong>.<\/p>\n<h4 style=\"text-align: justify;\">Milieu relayeur, nouveau placement sur le terrain<\/h4>\n<p style=\"text-align: justify;\">Pour pouvoir aligner Tanguy Ndombele, l&rsquo;autre Lyonnais qui a crev\u00e9 l&rsquo;\u00e9cran dimanche soir face au PSG, et avoir plus d&rsquo;\u00e9quilibre dans son onze de d\u00e9part, Bruno G\u00e9n\u00e9sio a d\u00e9cid\u00e9 de replacer Nabil Fekir au milieu du terrain dans un r\u00f4le de relayeur. Capitaine depuis cette saison, ce nouveau positionnement donne encore plus de responsabilit\u00e9s au Lyonnais, qui, en plus de son apport offensif, doit beaucoup plus travailler dans l&rsquo;entrejeu pour \u00eatre le pendant de l&rsquo;ancien Ami\u00e9nois, Ndombele. Ces deux premi\u00e8res sorties dans son nouveau r\u00f4le ont \u00e9t\u00e9 couronn\u00e9es de succ\u00e8s car Fekir est toujours d\u00e9cisif et l&rsquo;OL gagne, l&rsquo;exp\u00e9rience devrait \u00eatre reconduite tr\u00e8s prochainement par l&rsquo;entraineur lyonnais. 16 buts et 4 passes d\u00e9cisives en 19 matchs de Ligue 1, Nabil Fekir est le seul joueur capable de faire oublier quelques instants les \u00e9toiles parisiennes.<\/p>\n<p><em><strong>Nicolas Jacquemard<\/strong><br \/>\n<\/em><a style=\"color: #000000;\" href=\"https:\/\/twitter.com\/Nico_Jacquemard\" target=\"_blank\" rel=\"noopener noreferrer\"><img loading=\"lazy\" decoding=\"async\" class=\"alignnone wp-image-2908\" src=\"http:\/\/dicodusport.fr\/blog\/wp-content\/uploads\/2017\/07\/logo-twitter-150x150.png\" alt=\"\" width=\"39\" height=\"39\" \/><\/a><a style=\"color: #000000;\" href=\"https:\/\/www.facebook.com\/dicodusport\/\" target=\"_blank\" rel=\"noopener noreferrer\"><img loading=\"lazy\" decoding=\"async\" class=\"alignnone wp-image-2909\" src=\"http:\/\/dicodusport.fr\/blog\/wp-content\/uploads\/2017\/07\/logo-facebook-150x150.png\" alt=\"\" width=\"40\" height=\"40\" \/><\/a><\/p>\n","protected":false},"excerpt":{"rendered":"<p>Buteur d\u00e9cisif avec Lyon mercredi lors de la victoire de Lyon \u00e0 Guingamp, le capitaine de l&rsquo;OL, Nabil Fekir a de nouveau men\u00e9 son \u00e9quipe \u00e0 la victoire dimanche soir contre le PSG. S&rsquo;il est d\u00e9cisif statistiquement, il s&rsquo;est aussi\u00a0affirm\u00e9 comme le patron de son \u00e9quipe sur le terrain.\u00a0 Un but, une passe d\u00e9cisive et [&hellip;]<\/p>\n","protected":false},"author":1,"featured_media":10825,"comment_status":"open","ping_status":"closed","sticky":false,"template":"","format":"standard","meta":{"_acf_changed":false,"_daextam_enable_autolinks":"","footnotes":""},"categories":[2,2301],"tags":[1677,75,449,2150,1145],"class_list":["post-10819","post","type-post","status-publish","format-standard","has-post-thumbnail","hentry","category-actualites","category-football","tag-fekir","tag-football","tag-lyon","tag-nabil-fekir","tag-ol"],"acf":[],"yoast_head":"<!-- This site is optimized with the Yoast SEO Premium plugin v26.7 (Yoast SEO v26.7) - https:\/\/yoast.com\/wordpress\/plugins\/seo\/ -->\n<title>L&#039;homme du week-end : Nabil Fekir, taille patron<\/title>\n<meta name=\"description\" content=\"Buteur d\u00e9cisif avec Lyon mercredi lors de la victoire de Lyon \u00e0 Guingamp, le capitaine de l&#039;OL, Nabil Fekir a de nouveau men\u00e9 son \u00e9quipe \u00e0 la victoire dimanche soir contre le PSG.\" \/>\n<meta name=\"robots\" content=\"index, follow, max-snippet:-1, max-image-preview:large, max-video-preview:-1\" \/>\n<link rel=\"canonical\" href=\"https:\/\/dicodusport.fr\/blog\/homme-du-week-end-nabil-fekir-taille-patron\/\" \/>\n<meta property=\"og:locale\" content=\"fr_FR\" \/>\n<meta property=\"og:type\" content=\"article\" \/>\n<meta property=\"og:title\" content=\"L&#039;homme du week-end : Nabil Fekir, taille patron\" \/>\n<meta property=\"og:description\" content=\"Buteur d\u00e9cisif avec Lyon mercredi lors de la victoire de Lyon \u00e0 Guingamp, le capitaine de l&#039;OL, Nabil Fekir a de nouveau men\u00e9 son \u00e9quipe \u00e0 la victoire dimanche soir contre le PSG.\" \/>\n<meta property=\"og:url\" content=\"https:\/\/dicodusport.fr\/blog\/homme-du-week-end-nabil-fekir-taille-patron\/\" \/>\n<meta property=\"og:site_name\" content=\"Dicodusport\" \/>\n<meta property=\"article:publisher\" content=\"https:\/\/www.facebook.com\/dicodusport\" \/>\n<meta property=\"article:author\" content=\"https:\/\/www.facebook.com\/dicodusport\" \/>\n<meta property=\"article:published_time\" content=\"2018-01-22T11:00:16+00:00\" \/>\n<meta property=\"article:modified_time\" content=\"2018-01-22T11:42:32+00:00\" \/>\n<meta property=\"og:image\" content=\"https:\/\/dicodusport.fr\/blog\/wp-content\/uploads\/2018\/01\/Nabil-Fekir.png\" \/>\n\t<meta property=\"og:image:width\" content=\"800\" \/>\n\t<meta property=\"og:image:height\" content=\"445\" \/>\n\t<meta property=\"og:image:type\" content=\"image\/png\" \/>\n<meta name=\"author\" content=\"Nicolas Jacquemard\" \/>\n<meta name=\"twitter:card\" content=\"summary_large_image\" \/>\n<meta name=\"twitter:creator\" content=\"@https:\/\/twitter.com\/Nico_Jacquemard\" \/>\n<meta name=\"twitter:site\" content=\"@dicodusport\" \/>\n<script type=\"application\/ld+json\" class=\"yoast-schema-graph\">{\"@context\":\"https:\/\/schema.org\",\"@graph\":[{\"@type\":\"NewsArticle\",\"@id\":\"https:\/\/dicodusport.fr\/blog\/homme-du-week-end-nabil-fekir-taille-patron\/#article\",\"isPartOf\":{\"@id\":\"https:\/\/dicodusport.fr\/blog\/homme-du-week-end-nabil-fekir-taille-patron\/\"},\"author\":{\"name\":\"Nicolas Jacquemard\",\"@id\":\"https:\/\/dicodusport.fr\/blog\/#\/schema\/person\/55dcb50ad410894e431ed812bbb70191\"},\"headline\":\"L&rsquo;homme du week-end : Nabil Fekir, taille patron\",\"datePublished\":\"2018-01-22T11:00:16+00:00\",\"dateModified\":\"2018-01-22T11:42:32+00:00\",\"mainEntityOfPage\":{\"@id\":\"https:\/\/dicodusport.fr\/blog\/homme-du-week-end-nabil-fekir-taille-patron\/\"},\"wordCount\":413,\"commentCount\":0,\"publisher\":{\"@id\":\"https:\/\/dicodusport.fr\/blog\/#organization\"},\"image\":{\"@id\":\"https:\/\/dicodusport.fr\/blog\/homme-du-week-end-nabil-fekir-taille-patron\/#primaryimage\"},\"thumbnailUrl\":\"https:\/\/dicodusport.fr\/blog\/wp-content\/uploads\/2018\/01\/Nabil-Fekir.png\",\"keywords\":[\"Fekir\",\"Football\",\"Lyon\",\"Nabil Fekir\",\"OL\"],\"articleSection\":[\"Actualit\u00e9s\",\"Football\"],\"inLanguage\":\"fr-FR\",\"potentialAction\":[{\"@type\":\"CommentAction\",\"name\":\"Comment\",\"target\":[\"https:\/\/dicodusport.fr\/blog\/homme-du-week-end-nabil-fekir-taille-patron\/#respond\"]}],\"copyrightYear\":\"2018\",\"copyrightHolder\":{\"@id\":\"https:\/\/dicodusport.fr\/blog\/#organization\"}},{\"@type\":\"WebPage\",\"@id\":\"https:\/\/dicodusport.fr\/blog\/homme-du-week-end-nabil-fekir-taille-patron\/\",\"url\":\"https:\/\/dicodusport.fr\/blog\/homme-du-week-end-nabil-fekir-taille-patron\/\",\"name\":\"L'homme du week-end : Nabil Fekir, taille patron\",\"isPartOf\":{\"@id\":\"https:\/\/dicodusport.fr\/blog\/#website\"},\"primaryImageOfPage\":{\"@id\":\"https:\/\/dicodusport.fr\/blog\/homme-du-week-end-nabil-fekir-taille-patron\/#primaryimage\"},\"image\":{\"@id\":\"https:\/\/dicodusport.fr\/blog\/homme-du-week-end-nabil-fekir-taille-patron\/#primaryimage\"},\"thumbnailUrl\":\"https:\/\/dicodusport.fr\/blog\/wp-content\/uploads\/2018\/01\/Nabil-Fekir.png\",\"datePublished\":\"2018-01-22T11:00:16+00:00\",\"dateModified\":\"2018-01-22T11:42:32+00:00\",\"description\":\"Buteur d\u00e9cisif avec Lyon mercredi lors de la victoire de Lyon \u00e0 Guingamp, le capitaine de l'OL, Nabil Fekir a de nouveau men\u00e9 son \u00e9quipe \u00e0 la victoire dimanche soir contre le PSG.\",\"breadcrumb\":{\"@id\":\"https:\/\/dicodusport.fr\/blog\/homme-du-week-end-nabil-fekir-taille-patron\/#breadcrumb\"},\"inLanguage\":\"fr-FR\",\"potentialAction\":[{\"@type\":\"ReadAction\",\"target\":[\"https:\/\/dicodusport.fr\/blog\/homme-du-week-end-nabil-fekir-taille-patron\/\"]}]},{\"@type\":\"ImageObject\",\"inLanguage\":\"fr-FR\",\"@id\":\"https:\/\/dicodusport.fr\/blog\/homme-du-week-end-nabil-fekir-taille-patron\/#primaryimage\",\"url\":\"https:\/\/dicodusport.fr\/blog\/wp-content\/uploads\/2018\/01\/Nabil-Fekir.png\",\"contentUrl\":\"https:\/\/dicodusport.fr\/blog\/wp-content\/uploads\/2018\/01\/Nabil-Fekir.png\",\"width\":800,\"height\":445,\"caption\":\"Nabil Fekir\"},{\"@type\":\"BreadcrumbList\",\"@id\":\"https:\/\/dicodusport.fr\/blog\/homme-du-week-end-nabil-fekir-taille-patron\/#breadcrumb\",\"itemListElement\":[{\"@type\":\"ListItem\",\"position\":1,\"name\":\"Accueil\",\"item\":\"https:\/\/dicodusport.fr\/blog\/\"},{\"@type\":\"ListItem\",\"position\":2,\"name\":\"L&rsquo;homme du week-end : Nabil Fekir, taille patron\"}]},{\"@type\":\"WebSite\",\"@id\":\"https:\/\/dicodusport.fr\/blog\/#website\",\"url\":\"https:\/\/dicodusport.fr\/blog\/\",\"name\":\"Dicodusport\",\"description\":\"L&#039;encyclop\u00e9die de l&#039;actualit\u00e9 sportive\",\"publisher\":{\"@id\":\"https:\/\/dicodusport.fr\/blog\/#organization\"},\"potentialAction\":[{\"@type\":\"SearchAction\",\"target\":{\"@type\":\"EntryPoint\",\"urlTemplate\":\"https:\/\/dicodusport.fr\/blog\/?s={search_term_string}\"},\"query-input\":{\"@type\":\"PropertyValueSpecification\",\"valueRequired\":true,\"valueName\":\"search_term_string\"}}],\"inLanguage\":\"fr-FR\"},{\"@type\":\"NewsMediaOrganization\",\"@id\":\"https:\/\/dicodusport.fr\/blog\/#organization\",\"name\":\"Dicodusport\",\"url\":\"https:\/\/dicodusport.fr\/blog\/\",\"logo\":{\"@type\":\"ImageObject\",\"inLanguage\":\"fr-FR\",\"@id\":\"https:\/\/dicodusport.fr\/blog\/#\/schema\/logo\/image\/\",\"url\":\"https:\/\/dicodusport.fr\/blog\/wp-content\/uploads\/2020\/06\/cropped-LOGO-DICODUSPORT-2020-SANS-FOND-SANS-TEXTE.png\",\"contentUrl\":\"https:\/\/dicodusport.fr\/blog\/wp-content\/uploads\/2020\/06\/cropped-LOGO-DICODUSPORT-2020-SANS-FOND-SANS-TEXTE.png\",\"width\":512,\"height\":512,\"caption\":\"Dicodusport\"},\"image\":{\"@id\":\"https:\/\/dicodusport.fr\/blog\/#\/schema\/logo\/image\/\"},\"sameAs\":[\"https:\/\/www.facebook.com\/dicodusport\",\"https:\/\/x.com\/dicodusport\",\"https:\/\/www.instagram.com\/dicodusport\/\",\"https:\/\/www.youtube.com\/channel\/UC7V2KZ5sd3htJivAbA4ZG3w\"],\"description\":\"Dicodusport est l'encyclop\u00e9die de l'actualit\u00e9 sportive.\",\"email\":\"bonjour@dicodusport.fr\",\"legalName\":\"DICODUSPORT\",\"foundingDate\":\"2018-01-14\",\"vatID\":\"FR71834470973\",\"taxID\":\"83447097300043\",\"numberOfEmployees\":{\"@type\":\"QuantitativeValue\",\"minValue\":\"1\",\"maxValue\":\"10\"}},{\"@type\":\"Person\",\"@id\":\"https:\/\/dicodusport.fr\/blog\/#\/schema\/person\/55dcb50ad410894e431ed812bbb70191\",\"name\":\"Nicolas Jacquemard\",\"image\":{\"@type\":\"ImageObject\",\"inLanguage\":\"fr-FR\",\"@id\":\"https:\/\/dicodusport.fr\/blog\/#\/schema\/person\/image\/\",\"url\":\"https:\/\/dicodusport.fr\/blog\/wp-content\/uploads\/2021\/05\/Nicolas-Jacquemard-150x150.jpeg\",\"contentUrl\":\"https:\/\/dicodusport.fr\/blog\/wp-content\/uploads\/2021\/05\/Nicolas-Jacquemard-150x150.jpeg\",\"caption\":\"Nicolas Jacquemard\"},\"description\":\"Passionn\u00e9 de sport et entrepreneur depuis mes 18 ans, la cr\u00e9ation de Dicodusport m'a sembl\u00e9 \u00e9vidente pour participer \u00e0 la m\u00e9diatisation d'un plus grand nombre de sports. Le chemin est long mais avec une \u00e9quipe des plus motiv\u00e9es et les Jeux Olympiques de Paris 2024 en point de mire, nous y arriverons ! Journaliste dans le monde du sport depuis plus de 5 ans, je traite aussi bien de football, de rugby, de biathlon que de cyclisme.\",\"sameAs\":[\"https:\/\/www.facebook.com\/dicodusport\",\"https:\/\/x.com\/https:\/\/twitter.com\/Nico_Jacquemard\"],\"url\":\"https:\/\/dicodusport.fr\/blog\/author\/dicodusport\/\"}]}<\/script>\n<!-- \/ Yoast SEO Premium plugin. -->","yoast_head_json":{"title":"L'homme du week-end : Nabil Fekir, taille patron","description":"Buteur d\u00e9cisif avec Lyon mercredi lors de la victoire de Lyon \u00e0 Guingamp, le capitaine de l'OL, Nabil Fekir a de nouveau men\u00e9 son \u00e9quipe \u00e0 la victoire dimanche soir contre le PSG.","robots":{"index":"index","follow":"follow","max-snippet":"max-snippet:-1","max-image-preview":"max-image-preview:large","max-video-preview":"max-video-preview:-1"},"canonical":"https:\/\/dicodusport.fr\/blog\/homme-du-week-end-nabil-fekir-taille-patron\/","og_locale":"fr_FR","og_type":"article","og_title":"L'homme du week-end : Nabil Fekir, taille patron","og_description":"Buteur d\u00e9cisif avec Lyon mercredi lors de la victoire de Lyon \u00e0 Guingamp, le capitaine de l'OL, Nabil Fekir a de nouveau men\u00e9 son \u00e9quipe \u00e0 la victoire dimanche soir contre le PSG.","og_url":"https:\/\/dicodusport.fr\/blog\/homme-du-week-end-nabil-fekir-taille-patron\/","og_site_name":"Dicodusport","article_publisher":"https:\/\/www.facebook.com\/dicodusport","article_author":"https:\/\/www.facebook.com\/dicodusport","article_published_time":"2018-01-22T11:00:16+00:00","article_modified_time":"2018-01-22T11:42:32+00:00","og_image":[{"width":800,"height":445,"url":"https:\/\/dicodusport.fr\/blog\/wp-content\/uploads\/2018\/01\/Nabil-Fekir.png","type":"image\/png"}],"author":"Nicolas Jacquemard","twitter_card":"summary_large_image","twitter_creator":"@https:\/\/twitter.com\/Nico_Jacquemard","twitter_site":"@dicodusport","schema":{"@context":"https:\/\/schema.org","@graph":[{"@type":"NewsArticle","@id":"https:\/\/dicodusport.fr\/blog\/homme-du-week-end-nabil-fekir-taille-patron\/#article","isPartOf":{"@id":"https:\/\/dicodusport.fr\/blog\/homme-du-week-end-nabil-fekir-taille-patron\/"},"author":{"name":"Nicolas Jacquemard","@id":"https:\/\/dicodusport.fr\/blog\/#\/schema\/person\/55dcb50ad410894e431ed812bbb70191"},"headline":"L&rsquo;homme du week-end : Nabil Fekir, taille patron","datePublished":"2018-01-22T11:00:16+00:00","dateModified":"2018-01-22T11:42:32+00:00","mainEntityOfPage":{"@id":"https:\/\/dicodusport.fr\/blog\/homme-du-week-end-nabil-fekir-taille-patron\/"},"wordCount":413,"commentCount":0,"publisher":{"@id":"https:\/\/dicodusport.fr\/blog\/#organization"},"image":{"@id":"https:\/\/dicodusport.fr\/blog\/homme-du-week-end-nabil-fekir-taille-patron\/#primaryimage"},"thumbnailUrl":"https:\/\/dicodusport.fr\/blog\/wp-content\/uploads\/2018\/01\/Nabil-Fekir.png","keywords":["Fekir","Football","Lyon","Nabil Fekir","OL"],"articleSection":["Actualit\u00e9s","Football"],"inLanguage":"fr-FR","potentialAction":[{"@type":"CommentAction","name":"Comment","target":["https:\/\/dicodusport.fr\/blog\/homme-du-week-end-nabil-fekir-taille-patron\/#respond"]}],"copyrightYear":"2018","copyrightHolder":{"@id":"https:\/\/dicodusport.fr\/blog\/#organization"}},{"@type":"WebPage","@id":"https:\/\/dicodusport.fr\/blog\/homme-du-week-end-nabil-fekir-taille-patron\/","url":"https:\/\/dicodusport.fr\/blog\/homme-du-week-end-nabil-fekir-taille-patron\/","name":"L'homme du week-end : Nabil Fekir, taille patron","isPartOf":{"@id":"https:\/\/dicodusport.fr\/blog\/#website"},"primaryImageOfPage":{"@id":"https:\/\/dicodusport.fr\/blog\/homme-du-week-end-nabil-fekir-taille-patron\/#primaryimage"},"image":{"@id":"https:\/\/dicodusport.fr\/blog\/homme-du-week-end-nabil-fekir-taille-patron\/#primaryimage"},"thumbnailUrl":"https:\/\/dicodusport.fr\/blog\/wp-content\/uploads\/2018\/01\/Nabil-Fekir.png","datePublished":"2018-01-22T11:00:16+00:00","dateModified":"2018-01-22T11:42:32+00:00","description":"Buteur d\u00e9cisif avec Lyon mercredi lors de la victoire de Lyon \u00e0 Guingamp, le capitaine de l'OL, Nabil Fekir a de nouveau men\u00e9 son \u00e9quipe \u00e0 la victoire dimanche soir contre le PSG.","breadcrumb":{"@id":"https:\/\/dicodusport.fr\/blog\/homme-du-week-end-nabil-fekir-taille-patron\/#breadcrumb"},"inLanguage":"fr-FR","potentialAction":[{"@type":"ReadAction","target":["https:\/\/dicodusport.fr\/blog\/homme-du-week-end-nabil-fekir-taille-patron\/"]}]},{"@type":"ImageObject","inLanguage":"fr-FR","@id":"https:\/\/dicodusport.fr\/blog\/homme-du-week-end-nabil-fekir-taille-patron\/#primaryimage","url":"https:\/\/dicodusport.fr\/blog\/wp-content\/uploads\/2018\/01\/Nabil-Fekir.png","contentUrl":"https:\/\/dicodusport.fr\/blog\/wp-content\/uploads\/2018\/01\/Nabil-Fekir.png","width":800,"height":445,"caption":"Nabil Fekir"},{"@type":"BreadcrumbList","@id":"https:\/\/dicodusport.fr\/blog\/homme-du-week-end-nabil-fekir-taille-patron\/#breadcrumb","itemListElement":[{"@type":"ListItem","position":1,"name":"Accueil","item":"https:\/\/dicodusport.fr\/blog\/"},{"@type":"ListItem","position":2,"name":"L&rsquo;homme du week-end : Nabil Fekir, taille patron"}]},{"@type":"WebSite","@id":"https:\/\/dicodusport.fr\/blog\/#website","url":"https:\/\/dicodusport.fr\/blog\/","name":"Dicodusport","description":"L&#039;encyclop\u00e9die de l&#039;actualit\u00e9 sportive","publisher":{"@id":"https:\/\/dicodusport.fr\/blog\/#organization"},"potentialAction":[{"@type":"SearchAction","target":{"@type":"EntryPoint","urlTemplate":"https:\/\/dicodusport.fr\/blog\/?s={search_term_string}"},"query-input":{"@type":"PropertyValueSpecification","valueRequired":true,"valueName":"search_term_string"}}],"inLanguage":"fr-FR"},{"@type":"NewsMediaOrganization","@id":"https:\/\/dicodusport.fr\/blog\/#organization","name":"Dicodusport","url":"https:\/\/dicodusport.fr\/blog\/","logo":{"@type":"ImageObject","inLanguage":"fr-FR","@id":"https:\/\/dicodusport.fr\/blog\/#\/schema\/logo\/image\/","url":"https:\/\/dicodusport.fr\/blog\/wp-content\/uploads\/2020\/06\/cropped-LOGO-DICODUSPORT-2020-SANS-FOND-SANS-TEXTE.png","contentUrl":"https:\/\/dicodusport.fr\/blog\/wp-content\/uploads\/2020\/06\/cropped-LOGO-DICODUSPORT-2020-SANS-FOND-SANS-TEXTE.png","width":512,"height":512,"caption":"Dicodusport"},"image":{"@id":"https:\/\/dicodusport.fr\/blog\/#\/schema\/logo\/image\/"},"sameAs":["https:\/\/www.facebook.com\/dicodusport","https:\/\/x.com\/dicodusport","https:\/\/www.instagram.com\/dicodusport\/","https:\/\/www.youtube.com\/channel\/UC7V2KZ5sd3htJivAbA4ZG3w"],"description":"Dicodusport est l'encyclop\u00e9die de l'actualit\u00e9 sportive.","email":"bonjour@dicodusport.fr","legalName":"DICODUSPORT","foundingDate":"2018-01-14","vatID":"FR71834470973","taxID":"83447097300043","numberOfEmployees":{"@type":"QuantitativeValue","minValue":"1","maxValue":"10"}},{"@type":"Person","@id":"https:\/\/dicodusport.fr\/blog\/#\/schema\/person\/55dcb50ad410894e431ed812bbb70191","name":"Nicolas Jacquemard","image":{"@type":"ImageObject","inLanguage":"fr-FR","@id":"https:\/\/dicodusport.fr\/blog\/#\/schema\/person\/image\/","url":"https:\/\/dicodusport.fr\/blog\/wp-content\/uploads\/2021\/05\/Nicolas-Jacquemard-150x150.jpeg","contentUrl":"https:\/\/dicodusport.fr\/blog\/wp-content\/uploads\/2021\/05\/Nicolas-Jacquemard-150x150.jpeg","caption":"Nicolas Jacquemard"},"description":"Passionn\u00e9 de sport et entrepreneur depuis mes 18 ans, la cr\u00e9ation de Dicodusport m'a sembl\u00e9 \u00e9vidente pour participer \u00e0 la m\u00e9diatisation d'un plus grand nombre de sports. Le chemin est long mais avec une \u00e9quipe des plus motiv\u00e9es et les Jeux Olympiques de Paris 2024 en point de mire, nous y arriverons ! Journaliste dans le monde du sport depuis plus de 5 ans, je traite aussi bien de football, de rugby, de biathlon que de cyclisme.","sameAs":["https:\/\/www.facebook.com\/dicodusport","https:\/\/x.com\/https:\/\/twitter.com\/Nico_Jacquemard"],"url":"https:\/\/dicodusport.fr\/blog\/author\/dicodusport\/"}]}},"_links":{"self":[{"href":"https:\/\/dicodusport.fr\/blog\/wp-json\/wp\/v2\/posts\/10819","targetHints":{"allow":["GET"]}}],"collection":[{"href":"https:\/\/dicodusport.fr\/blog\/wp-json\/wp\/v2\/posts"}],"about":[{"href":"https:\/\/dicodusport.fr\/blog\/wp-json\/wp\/v2\/types\/post"}],"author":[{"embeddable":true,"href":"https:\/\/dicodusport.fr\/blog\/wp-json\/wp\/v2\/users\/1"}],"replies":[{"embeddable":true,"href":"https:\/\/dicodusport.fr\/blog\/wp-json\/wp\/v2\/comments?post=10819"}],"version-history":[{"count":0,"href":"https:\/\/dicodusport.fr\/blog\/wp-json\/wp\/v2\/posts\/10819\/revisions"}],"wp:featuredmedia":[{"embeddable":true,"href":"https:\/\/dicodusport.fr\/blog\/wp-json\/wp\/v2\/media\/10825"}],"wp:attachment":[{"href":"https:\/\/dicodusport.fr\/blog\/wp-json\/wp\/v2\/media?parent=10819"}],"wp:term":[{"taxonomy":"category","embeddable":true,"href":"https:\/\/dicodusport.fr\/blog\/wp-json\/wp\/v2\/categories?post=10819"},{"taxonomy":"post_tag","embeddable":true,"href":"https:\/\/dicodusport.fr\/blog\/wp-json\/wp\/v2\/tags?post=10819"}],"curies":[{"name":"wp","href":"https:\/\/api.w.org\/{rel}","templated":true}]}}