{"id":108467,"date":"2021-02-21T15:56:19","date_gmt":"2021-02-21T14:56:19","guid":{"rendered":"https:\/\/dicodusport.fr\/blog\/?p=108467&#038;preview=true&#038;preview_id=108467"},"modified":"2021-02-21T18:33:33","modified_gmt":"2021-02-21T17:33:33","slug":"pokljuka-quentin-fillon-maillet-en-bronze-sur-mass-start-sturla-laegreid-sacre","status":"publish","type":"post","link":"https:\/\/dicodusport.fr\/blog\/pokljuka-quentin-fillon-maillet-en-bronze-sur-mass-start-sturla-laegreid-sacre\/","title":{"rendered":"Pokljuka : Quentin Fillon Maillet en bronze sur la mass start, Sturla Laegreid sacr\u00e9"},"content":{"rendered":"<p style=\"text-align: justify;\"><strong><em><a href=\"https:\/\/dicodusport.fr\/blog\/biathlon-championnats-du-monde-2021-programme-complet-pokljuka\/\" target=\"_blank\" rel=\"noopener\">BIATHLON &#8211; CHAMPIONNATS DU MONDE 2021<\/a> &#8211; D\u00e9j\u00e0 sacr\u00e9 sur l&rsquo;individuel, le relais masculin et le relais mixte, Sturla Laegreid est devenu champion du monde de la mass start ce dimanche. Quentin Fillon Maillet d\u00e9croche quant \u00e0 lui le bronze. Johannes Boe, 8\u00e8me, est pass\u00e9 \u00e0 c\u00f4t\u00e9 au tir et repart de Pokljuka sans titre individuel.<\/em><\/strong><\/p>\n<p style=\"text-align: justify;\">Il est incroyable ! Ce dimanche, <strong>Sturla Laegreid<\/strong> est all\u00e9 d\u00e9crocher le titre mondial de la mass start \u00e0 Pokljuka (Slov\u00e9nie). Au lendemain de ses 24 ans, la nouvelle p\u00e9pite du biathlon mondial s&rsquo;est offert un 4\u00e8me sacre plan\u00e9taire cette ann\u00e9e, apr\u00e8s ceux acquis sur l&rsquo;individuel, et les relais mixte et masculin. Son 19\/20 au tir lui a permis de l&#8217;emporter en solitaire, devant son ami et compatriote <strong>Johannes Dale<\/strong> (18\/20), autre joyau du biathlon norv\u00e9gien.<\/p>\n<h2 style=\"text-align: justify;\">Fillon Maillet en bronze !<\/h2>\n<p style=\"text-align: justify;\">La bonne nouvelle, c&rsquo;est la troisi\u00e8me place de <strong>Quentin Fillon Maillet<\/strong>, et donc la m\u00e9daille de bronze pour le Jurassien ! Ce dernier, quatri\u00e8me du sprint, de l&rsquo;individuel et du sprint masculin, monte enfin sur la bo\u00eete sur ces <strong>Mondiaux de Pokljuka<\/strong>, et apporte une 7\u00e8me m\u00e9daille \u00e0 la France.<\/p>\n<blockquote class=\"twitter-tweet\">\n<p dir=\"ltr\" lang=\"fr\">Le bronze pour Quentin Fillon Maillet ! Quelle course ! &#x1f949;<\/p>\n<p>&#x1f947; &#x1f1f3;&#x1f1f4; Sturla Laegreid (4e titre pour lui dans ces championnats du Monde)<br \/>\n&#x1f948;&#x1f1f3;&#x1f1f4; Johannes Dale<br \/>\n&#x1f949;&#x1f1eb;&#x1f1f7; Quentin Fillon Maillet<a href=\"https:\/\/twitter.com\/hashtag\/lequipeBIATHLON?src=hash&amp;ref_src=twsrc%5Etfw\">#lequipeBIATHLON<\/a> <a href=\"https:\/\/twitter.com\/hashtag\/pokljuka2021?src=hash&amp;ref_src=twsrc%5Etfw\">#pokljuka2021<\/a> <a href=\"https:\/\/t.co\/MSpZgr89zk\">pic.twitter.com\/MSpZgr89zk<\/a><\/p>\n<p>\u2014 la chaine L&rsquo;\u00c9quipe (@lachainelequipe) <a href=\"https:\/\/twitter.com\/lachainelequipe\/status\/1363502686688182276?ref_src=twsrc%5Etfw\">February 21, 2021<\/a><\/p><\/blockquote>\n<p><script async src=\"https:\/\/platform.twitter.com\/widgets.js\" charset=\"utf-8\"><\/script><\/p>\n<p style=\"text-align: justify;\">C\u00f4t\u00e9 d\u00e9ceptions, on retiendra les \u00e9checs de <strong>Johannes Boe<\/strong> et <strong>\u00c9milien Jacquelin<\/strong>. Le premier cit\u00e9, 15\/20 au tir (2-0-2-1), se classe 8\u00e8me et repart sans titre individuel de Slov\u00e9nie. Moyen pour le double tenant du titre du gros globe et leader du classement g\u00e9n\u00e9ral. Quant au Fran\u00e7ais, sa 30\u00e8me et derni\u00e8re place ce dimanche apr\u00e8s un \u00e9norme trou d&rsquo;air sur le deuxi\u00e8me tir couch\u00e9 (5 fautes !) lui laissera un go\u00fbt amer, lui qui avait survol\u00e9 la poursuite et qui avait fait de cette mass start un objectif.<\/p>\n<h2 style=\"text-align: justify;\">\u00c0 lire aussi<\/h2>\n<ul>\n<li style=\"text-align: justify;\"><a href=\"https:\/\/dicodusport.fr\/blog\/biathlon-championnats-du-monde-2021-classement-mass-start-hommes\/\" target=\"_blank\" rel=\"noopener\"><strong>Le classement de la mass start hommes<\/strong><\/a><\/li>\n<li style=\"text-align: justify;\"><a href=\"https:\/\/dicodusport.fr\/blog\/biathlon-championnats-du-monde-2021-tableau-des-medailles\/\" target=\"_blank\" rel=\"noopener\"><strong>Le tableau des m\u00e9dailles<\/strong><\/a><\/li>\n<li style=\"text-align: justify;\"><a href=\"https:\/\/dicodusport.fr\/blog\/biathlon-coupe-du-monde-2020-2021-classement-general-hommes\/\" target=\"_blank\" rel=\"noopener\"><strong>Le classement g\u00e9n\u00e9ral de la Coupe du monde de biathlon 2020\/2021<\/strong><\/a><\/li>\n<\/ul>\n<p><strong><em>Dicodusport<br \/>\n<a href=\"https:\/\/www.facebook.com\/dicodusport\/\" target=\"_blank\" rel=\"noopener noreferrer\"><img loading=\"lazy\" decoding=\"async\" class=\"alignnone wp-image-2909\" src=\"http:\/\/dicodusport.fr\/blog\/wp-content\/uploads\/2017\/07\/logo-facebook-150x150.png\" alt=\"\" width=\"40\" height=\"40\" \/><\/a><a href=\"https:\/\/twitter.com\/dicodusport\" target=\"_blank\" rel=\"noopener noreferrer\"><img loading=\"lazy\" decoding=\"async\" class=\"alignnone wp-image-2908\" src=\"http:\/\/dicodusport.fr\/blog\/wp-content\/uploads\/2017\/07\/logo-twitter-150x150.png\" alt=\"\" width=\"39\" height=\"39\" \/><\/a><\/em><\/strong><\/p>\n","protected":false},"excerpt":{"rendered":"<p>BIATHLON &#8211; CHAMPIONNATS DU MONDE 2021 &#8211; D\u00e9j\u00e0 sacr\u00e9 sur l&rsquo;individuel, le relais masculin et le relais mixte, Sturla Laegreid est devenu champion du monde de la mass start ce dimanche. Quentin Fillon Maillet d\u00e9croche quant \u00e0 lui le bronze. Johannes Boe, 6\u00e8me, est pass\u00e9 \u00e0 c\u00f4t\u00e9 au tir et repart de Pokljuka sans titre individuel.<\/p>\n","protected":false},"author":4,"featured_media":108498,"comment_status":"open","ping_status":"closed","sticky":false,"template":"","format":"standard","meta":{"_acf_changed":false,"_daextam_enable_autolinks":"","footnotes":""},"categories":[47039],"tags":[24],"class_list":["post-108467","post","type-post","status-publish","format-standard","has-post-thumbnail","hentry","category-championnats-du-monde-de-biathlon","tag-sport"],"acf":[],"yoast_head":"<!-- This site is optimized with the Yoast SEO Premium plugin v26.7 (Yoast SEO v26.7) - https:\/\/yoast.com\/wordpress\/plugins\/seo\/ -->\n<title>Pokljuka : Quentin Fillon Maillet en bronze sur la mass start, Sturla Laegreid sacr\u00e9<\/title>\n<meta name=\"description\" content=\"BIATHLON - CHAMPIONNATS DU MONDE 2021 - Sturla Laegreid est devenu champion du monde de la mass start ce dimanche.\" \/>\n<meta name=\"robots\" content=\"index, follow, max-snippet:-1, max-image-preview:large, max-video-preview:-1\" \/>\n<link rel=\"canonical\" href=\"https:\/\/dicodusport.fr\/blog\/pokljuka-quentin-fillon-maillet-en-bronze-sur-mass-start-sturla-laegreid-sacre\/\" \/>\n<meta property=\"og:locale\" content=\"fr_FR\" \/>\n<meta property=\"og:type\" content=\"article\" \/>\n<meta property=\"og:title\" content=\"Pokljuka : Quentin Fillon Maillet en bronze sur la mass start, Sturla Laegreid sacr\u00e9\" \/>\n<meta property=\"og:description\" content=\"BIATHLON - CHAMPIONNATS DU MONDE 2021 - Sturla Laegreid est devenu champion du monde de la mass start ce dimanche.\" \/>\n<meta property=\"og:url\" content=\"https:\/\/dicodusport.fr\/blog\/pokljuka-quentin-fillon-maillet-en-bronze-sur-mass-start-sturla-laegreid-sacre\/\" \/>\n<meta property=\"og:site_name\" content=\"Dicodusport\" \/>\n<meta property=\"article:publisher\" content=\"https:\/\/www.facebook.com\/dicodusport\" \/>\n<meta property=\"article:author\" content=\"https:\/\/www.facebook.com\/florent.ostermann\" \/>\n<meta property=\"article:published_time\" content=\"2021-02-21T14:56:19+00:00\" \/>\n<meta property=\"article:modified_time\" content=\"2021-02-21T17:33:33+00:00\" \/>\n<meta property=\"og:image\" content=\"https:\/\/dicodusport.fr\/blog\/wp-content\/uploads\/2021\/02\/Pokljuka-Quentin-Fillon-Maillet-en-bronze-sur-la-mass-start-Sturla-Laegreid-sacre.png\" \/>\n\t<meta property=\"og:image:width\" content=\"800\" \/>\n\t<meta property=\"og:image:height\" content=\"445\" \/>\n\t<meta property=\"og:image:type\" content=\"image\/png\" \/>\n<meta name=\"author\" content=\"Flo Ostermann\" \/>\n<meta name=\"twitter:card\" content=\"summary_large_image\" \/>\n<meta name=\"twitter:title\" content=\"Pokljuka : Quentin Fillon Maillet en bronze sur la mass start, Sturla Laegreid sacr\u00e9\" \/>\n<meta name=\"twitter:creator\" content=\"@https:\/\/twitter.com\/FlOstermann\" \/>\n<meta name=\"twitter:site\" content=\"@dicodusport\" \/>\n<script type=\"application\/ld+json\" class=\"yoast-schema-graph\">{\"@context\":\"https:\/\/schema.org\",\"@graph\":[{\"@type\":\"NewsArticle\",\"@id\":\"https:\/\/dicodusport.fr\/blog\/pokljuka-quentin-fillon-maillet-en-bronze-sur-mass-start-sturla-laegreid-sacre\/#article\",\"isPartOf\":{\"@id\":\"https:\/\/dicodusport.fr\/blog\/pokljuka-quentin-fillon-maillet-en-bronze-sur-mass-start-sturla-laegreid-sacre\/\"},\"author\":{\"name\":\"Flo Ostermann\",\"@id\":\"https:\/\/dicodusport.fr\/blog\/#\/schema\/person\/cb02af4c173ce4a653b55e9baf388d4a\"},\"headline\":\"Pokljuka : Quentin Fillon Maillet en bronze sur la mass start, Sturla Laegreid sacr\u00e9\",\"datePublished\":\"2021-02-21T14:56:19+00:00\",\"dateModified\":\"2021-02-21T17:33:33+00:00\",\"mainEntityOfPage\":{\"@id\":\"https:\/\/dicodusport.fr\/blog\/pokljuka-quentin-fillon-maillet-en-bronze-sur-mass-start-sturla-laegreid-sacre\/\"},\"wordCount\":398,\"commentCount\":0,\"publisher\":{\"@id\":\"https:\/\/dicodusport.fr\/blog\/#organization\"},\"image\":{\"@id\":\"https:\/\/dicodusport.fr\/blog\/pokljuka-quentin-fillon-maillet-en-bronze-sur-mass-start-sturla-laegreid-sacre\/#primaryimage\"},\"thumbnailUrl\":\"https:\/\/dicodusport.fr\/blog\/wp-content\/uploads\/2021\/02\/Pokljuka-Quentin-Fillon-Maillet-en-bronze-sur-la-mass-start-Sturla-Laegreid-sacre.png\",\"keywords\":[\"sport\"],\"articleSection\":[\"Championnats du monde de biathlon\"],\"inLanguage\":\"fr-FR\",\"potentialAction\":[{\"@type\":\"CommentAction\",\"name\":\"Comment\",\"target\":[\"https:\/\/dicodusport.fr\/blog\/pokljuka-quentin-fillon-maillet-en-bronze-sur-mass-start-sturla-laegreid-sacre\/#respond\"]}],\"copyrightYear\":\"2021\",\"copyrightHolder\":{\"@id\":\"https:\/\/dicodusport.fr\/blog\/#organization\"}},{\"@type\":\"WebPage\",\"@id\":\"https:\/\/dicodusport.fr\/blog\/pokljuka-quentin-fillon-maillet-en-bronze-sur-mass-start-sturla-laegreid-sacre\/\",\"url\":\"https:\/\/dicodusport.fr\/blog\/pokljuka-quentin-fillon-maillet-en-bronze-sur-mass-start-sturla-laegreid-sacre\/\",\"name\":\"Pokljuka : Quentin Fillon Maillet en bronze sur la mass start, Sturla Laegreid sacr\u00e9\",\"isPartOf\":{\"@id\":\"https:\/\/dicodusport.fr\/blog\/#website\"},\"primaryImageOfPage\":{\"@id\":\"https:\/\/dicodusport.fr\/blog\/pokljuka-quentin-fillon-maillet-en-bronze-sur-mass-start-sturla-laegreid-sacre\/#primaryimage\"},\"image\":{\"@id\":\"https:\/\/dicodusport.fr\/blog\/pokljuka-quentin-fillon-maillet-en-bronze-sur-mass-start-sturla-laegreid-sacre\/#primaryimage\"},\"thumbnailUrl\":\"https:\/\/dicodusport.fr\/blog\/wp-content\/uploads\/2021\/02\/Pokljuka-Quentin-Fillon-Maillet-en-bronze-sur-la-mass-start-Sturla-Laegreid-sacre.png\",\"datePublished\":\"2021-02-21T14:56:19+00:00\",\"dateModified\":\"2021-02-21T17:33:33+00:00\",\"description\":\"BIATHLON - CHAMPIONNATS DU MONDE 2021 - Sturla Laegreid est devenu champion du monde de la mass start ce dimanche.\",\"breadcrumb\":{\"@id\":\"https:\/\/dicodusport.fr\/blog\/pokljuka-quentin-fillon-maillet-en-bronze-sur-mass-start-sturla-laegreid-sacre\/#breadcrumb\"},\"inLanguage\":\"fr-FR\",\"potentialAction\":[{\"@type\":\"ReadAction\",\"target\":[\"https:\/\/dicodusport.fr\/blog\/pokljuka-quentin-fillon-maillet-en-bronze-sur-mass-start-sturla-laegreid-sacre\/\"]}]},{\"@type\":\"ImageObject\",\"inLanguage\":\"fr-FR\",\"@id\":\"https:\/\/dicodusport.fr\/blog\/pokljuka-quentin-fillon-maillet-en-bronze-sur-mass-start-sturla-laegreid-sacre\/#primaryimage\",\"url\":\"https:\/\/dicodusport.fr\/blog\/wp-content\/uploads\/2021\/02\/Pokljuka-Quentin-Fillon-Maillet-en-bronze-sur-la-mass-start-Sturla-Laegreid-sacre.png\",\"contentUrl\":\"https:\/\/dicodusport.fr\/blog\/wp-content\/uploads\/2021\/02\/Pokljuka-Quentin-Fillon-Maillet-en-bronze-sur-la-mass-start-Sturla-Laegreid-sacre.png\",\"width\":800,\"height\":445,\"caption\":\"Biathlon - Nove Mesto : la startlist de la poursuite hommes\"},{\"@type\":\"BreadcrumbList\",\"@id\":\"https:\/\/dicodusport.fr\/blog\/pokljuka-quentin-fillon-maillet-en-bronze-sur-mass-start-sturla-laegreid-sacre\/#breadcrumb\",\"itemListElement\":[{\"@type\":\"ListItem\",\"position\":1,\"name\":\"Accueil\",\"item\":\"https:\/\/dicodusport.fr\/blog\/\"},{\"@type\":\"ListItem\",\"position\":2,\"name\":\"Pokljuka : Quentin Fillon Maillet en bronze sur la mass start, Sturla Laegreid sacr\u00e9\"}]},{\"@type\":\"WebSite\",\"@id\":\"https:\/\/dicodusport.fr\/blog\/#website\",\"url\":\"https:\/\/dicodusport.fr\/blog\/\",\"name\":\"Dicodusport\",\"description\":\"L&#039;encyclop\u00e9die de l&#039;actualit\u00e9 sportive\",\"publisher\":{\"@id\":\"https:\/\/dicodusport.fr\/blog\/#organization\"},\"potentialAction\":[{\"@type\":\"SearchAction\",\"target\":{\"@type\":\"EntryPoint\",\"urlTemplate\":\"https:\/\/dicodusport.fr\/blog\/?s={search_term_string}\"},\"query-input\":{\"@type\":\"PropertyValueSpecification\",\"valueRequired\":true,\"valueName\":\"search_term_string\"}}],\"inLanguage\":\"fr-FR\"},{\"@type\":\"NewsMediaOrganization\",\"@id\":\"https:\/\/dicodusport.fr\/blog\/#organization\",\"name\":\"Dicodusport\",\"url\":\"https:\/\/dicodusport.fr\/blog\/\",\"logo\":{\"@type\":\"ImageObject\",\"inLanguage\":\"fr-FR\",\"@id\":\"https:\/\/dicodusport.fr\/blog\/#\/schema\/logo\/image\/\",\"url\":\"https:\/\/dicodusport.fr\/blog\/wp-content\/uploads\/2020\/06\/cropped-LOGO-DICODUSPORT-2020-SANS-FOND-SANS-TEXTE.png\",\"contentUrl\":\"https:\/\/dicodusport.fr\/blog\/wp-content\/uploads\/2020\/06\/cropped-LOGO-DICODUSPORT-2020-SANS-FOND-SANS-TEXTE.png\",\"width\":512,\"height\":512,\"caption\":\"Dicodusport\"},\"image\":{\"@id\":\"https:\/\/dicodusport.fr\/blog\/#\/schema\/logo\/image\/\"},\"sameAs\":[\"https:\/\/www.facebook.com\/dicodusport\",\"https:\/\/x.com\/dicodusport\",\"https:\/\/www.instagram.com\/dicodusport\/\",\"https:\/\/www.youtube.com\/channel\/UC7V2KZ5sd3htJivAbA4ZG3w\"],\"description\":\"Dicodusport est l'encyclop\u00e9die de l'actualit\u00e9 sportive.\",\"email\":\"bonjour@dicodusport.fr\",\"legalName\":\"DICODUSPORT\",\"foundingDate\":\"2018-01-14\",\"vatID\":\"FR71834470973\",\"taxID\":\"83447097300043\",\"numberOfEmployees\":{\"@type\":\"QuantitativeValue\",\"minValue\":\"1\",\"maxValue\":\"10\"}},{\"@type\":\"Person\",\"@id\":\"https:\/\/dicodusport.fr\/blog\/#\/schema\/person\/cb02af4c173ce4a653b55e9baf388d4a\",\"name\":\"Flo Ostermann\",\"image\":{\"@type\":\"ImageObject\",\"inLanguage\":\"fr-FR\",\"@id\":\"https:\/\/dicodusport.fr\/blog\/#\/schema\/person\/image\/\",\"url\":\"https:\/\/dicodusport.fr\/blog\/wp-content\/uploads\/2021\/05\/Flo-Ostermann-150x150.jpg\",\"contentUrl\":\"https:\/\/dicodusport.fr\/blog\/wp-content\/uploads\/2021\/05\/Flo-Ostermann-150x150.jpg\",\"caption\":\"Flo Ostermann\"},\"description\":\"Journaliste\/R\u00e9dacteur depuis septembre 2015 - Mes premiers souvenirs dans le sport ? Les envol\u00e9es du Stade Toulousain et les duels Villeneuve-Schumacher et H\u00e4kkinen-Schumacher \u00e0 la fin des ann\u00e9es 90, la Coupe du monde de football en 1998, l\u2019exploit du XV de France face aux All Blacks en 1999, mais aussi Richard C\u0153ur de Lion qui vole sur les montagnes du Tour de France. Bien parti pour devenir professeur d\u2019EPS, les \u00e9v\u00e9nements de la vie (et la flemme d\u2019animer des s\u00e9ances de 3x500 m\u00e8tres toute ma vie) m\u2019ont conduit \u00e0 revoir mes plans. Me voil\u00e0 depuis fin 2017 sur Dicodusport, m\u00e9dia gr\u00e2ce (et pour) lequel je partage ma passion : le sport dans tous ses \u00e9tats. Le tout accompagn\u00e9 par les fous furieux et folles furieuses cit\u00e9s sur cette page !\",\"sameAs\":[\"https:\/\/www.facebook.com\/florent.ostermann\",\"https:\/\/x.com\/https:\/\/twitter.com\/FlOstermann\",\"admin\"],\"url\":\"https:\/\/dicodusport.fr\/blog\/author\/flo\/\"}]}<\/script>\n<!-- \/ Yoast SEO Premium plugin. -->","yoast_head_json":{"title":"Pokljuka : Quentin Fillon Maillet en bronze sur la mass start, Sturla Laegreid sacr\u00e9","description":"BIATHLON - CHAMPIONNATS DU MONDE 2021 - Sturla Laegreid est devenu champion du monde de la mass start ce dimanche.","robots":{"index":"index","follow":"follow","max-snippet":"max-snippet:-1","max-image-preview":"max-image-preview:large","max-video-preview":"max-video-preview:-1"},"canonical":"https:\/\/dicodusport.fr\/blog\/pokljuka-quentin-fillon-maillet-en-bronze-sur-mass-start-sturla-laegreid-sacre\/","og_locale":"fr_FR","og_type":"article","og_title":"Pokljuka : Quentin Fillon Maillet en bronze sur la mass start, Sturla Laegreid sacr\u00e9","og_description":"BIATHLON - CHAMPIONNATS DU MONDE 2021 - Sturla Laegreid est devenu champion du monde de la mass start ce dimanche.","og_url":"https:\/\/dicodusport.fr\/blog\/pokljuka-quentin-fillon-maillet-en-bronze-sur-mass-start-sturla-laegreid-sacre\/","og_site_name":"Dicodusport","article_publisher":"https:\/\/www.facebook.com\/dicodusport","article_author":"https:\/\/www.facebook.com\/florent.ostermann","article_published_time":"2021-02-21T14:56:19+00:00","article_modified_time":"2021-02-21T17:33:33+00:00","og_image":[{"width":800,"height":445,"url":"https:\/\/dicodusport.fr\/blog\/wp-content\/uploads\/2021\/02\/Pokljuka-Quentin-Fillon-Maillet-en-bronze-sur-la-mass-start-Sturla-Laegreid-sacre.png","type":"image\/png"}],"author":"Flo Ostermann","twitter_card":"summary_large_image","twitter_title":"Pokljuka : Quentin Fillon Maillet en bronze sur la mass start, Sturla Laegreid sacr\u00e9","twitter_creator":"@https:\/\/twitter.com\/FlOstermann","twitter_site":"@dicodusport","schema":{"@context":"https:\/\/schema.org","@graph":[{"@type":"NewsArticle","@id":"https:\/\/dicodusport.fr\/blog\/pokljuka-quentin-fillon-maillet-en-bronze-sur-mass-start-sturla-laegreid-sacre\/#article","isPartOf":{"@id":"https:\/\/dicodusport.fr\/blog\/pokljuka-quentin-fillon-maillet-en-bronze-sur-mass-start-sturla-laegreid-sacre\/"},"author":{"name":"Flo Ostermann","@id":"https:\/\/dicodusport.fr\/blog\/#\/schema\/person\/cb02af4c173ce4a653b55e9baf388d4a"},"headline":"Pokljuka : Quentin Fillon Maillet en bronze sur la mass start, Sturla Laegreid sacr\u00e9","datePublished":"2021-02-21T14:56:19+00:00","dateModified":"2021-02-21T17:33:33+00:00","mainEntityOfPage":{"@id":"https:\/\/dicodusport.fr\/blog\/pokljuka-quentin-fillon-maillet-en-bronze-sur-mass-start-sturla-laegreid-sacre\/"},"wordCount":398,"commentCount":0,"publisher":{"@id":"https:\/\/dicodusport.fr\/blog\/#organization"},"image":{"@id":"https:\/\/dicodusport.fr\/blog\/pokljuka-quentin-fillon-maillet-en-bronze-sur-mass-start-sturla-laegreid-sacre\/#primaryimage"},"thumbnailUrl":"https:\/\/dicodusport.fr\/blog\/wp-content\/uploads\/2021\/02\/Pokljuka-Quentin-Fillon-Maillet-en-bronze-sur-la-mass-start-Sturla-Laegreid-sacre.png","keywords":["sport"],"articleSection":["Championnats du monde de biathlon"],"inLanguage":"fr-FR","potentialAction":[{"@type":"CommentAction","name":"Comment","target":["https:\/\/dicodusport.fr\/blog\/pokljuka-quentin-fillon-maillet-en-bronze-sur-mass-start-sturla-laegreid-sacre\/#respond"]}],"copyrightYear":"2021","copyrightHolder":{"@id":"https:\/\/dicodusport.fr\/blog\/#organization"}},{"@type":"WebPage","@id":"https:\/\/dicodusport.fr\/blog\/pokljuka-quentin-fillon-maillet-en-bronze-sur-mass-start-sturla-laegreid-sacre\/","url":"https:\/\/dicodusport.fr\/blog\/pokljuka-quentin-fillon-maillet-en-bronze-sur-mass-start-sturla-laegreid-sacre\/","name":"Pokljuka : Quentin Fillon Maillet en bronze sur la mass start, Sturla Laegreid sacr\u00e9","isPartOf":{"@id":"https:\/\/dicodusport.fr\/blog\/#website"},"primaryImageOfPage":{"@id":"https:\/\/dicodusport.fr\/blog\/pokljuka-quentin-fillon-maillet-en-bronze-sur-mass-start-sturla-laegreid-sacre\/#primaryimage"},"image":{"@id":"https:\/\/dicodusport.fr\/blog\/pokljuka-quentin-fillon-maillet-en-bronze-sur-mass-start-sturla-laegreid-sacre\/#primaryimage"},"thumbnailUrl":"https:\/\/dicodusport.fr\/blog\/wp-content\/uploads\/2021\/02\/Pokljuka-Quentin-Fillon-Maillet-en-bronze-sur-la-mass-start-Sturla-Laegreid-sacre.png","datePublished":"2021-02-21T14:56:19+00:00","dateModified":"2021-02-21T17:33:33+00:00","description":"BIATHLON - CHAMPIONNATS DU MONDE 2021 - Sturla Laegreid est devenu champion du monde de la mass start ce dimanche.","breadcrumb":{"@id":"https:\/\/dicodusport.fr\/blog\/pokljuka-quentin-fillon-maillet-en-bronze-sur-mass-start-sturla-laegreid-sacre\/#breadcrumb"},"inLanguage":"fr-FR","potentialAction":[{"@type":"ReadAction","target":["https:\/\/dicodusport.fr\/blog\/pokljuka-quentin-fillon-maillet-en-bronze-sur-mass-start-sturla-laegreid-sacre\/"]}]},{"@type":"ImageObject","inLanguage":"fr-FR","@id":"https:\/\/dicodusport.fr\/blog\/pokljuka-quentin-fillon-maillet-en-bronze-sur-mass-start-sturla-laegreid-sacre\/#primaryimage","url":"https:\/\/dicodusport.fr\/blog\/wp-content\/uploads\/2021\/02\/Pokljuka-Quentin-Fillon-Maillet-en-bronze-sur-la-mass-start-Sturla-Laegreid-sacre.png","contentUrl":"https:\/\/dicodusport.fr\/blog\/wp-content\/uploads\/2021\/02\/Pokljuka-Quentin-Fillon-Maillet-en-bronze-sur-la-mass-start-Sturla-Laegreid-sacre.png","width":800,"height":445,"caption":"Biathlon - Nove Mesto : la startlist de la poursuite hommes"},{"@type":"BreadcrumbList","@id":"https:\/\/dicodusport.fr\/blog\/pokljuka-quentin-fillon-maillet-en-bronze-sur-mass-start-sturla-laegreid-sacre\/#breadcrumb","itemListElement":[{"@type":"ListItem","position":1,"name":"Accueil","item":"https:\/\/dicodusport.fr\/blog\/"},{"@type":"ListItem","position":2,"name":"Pokljuka : Quentin Fillon Maillet en bronze sur la mass start, Sturla Laegreid sacr\u00e9"}]},{"@type":"WebSite","@id":"https:\/\/dicodusport.fr\/blog\/#website","url":"https:\/\/dicodusport.fr\/blog\/","name":"Dicodusport","description":"L&#039;encyclop\u00e9die de l&#039;actualit\u00e9 sportive","publisher":{"@id":"https:\/\/dicodusport.fr\/blog\/#organization"},"potentialAction":[{"@type":"SearchAction","target":{"@type":"EntryPoint","urlTemplate":"https:\/\/dicodusport.fr\/blog\/?s={search_term_string}"},"query-input":{"@type":"PropertyValueSpecification","valueRequired":true,"valueName":"search_term_string"}}],"inLanguage":"fr-FR"},{"@type":"NewsMediaOrganization","@id":"https:\/\/dicodusport.fr\/blog\/#organization","name":"Dicodusport","url":"https:\/\/dicodusport.fr\/blog\/","logo":{"@type":"ImageObject","inLanguage":"fr-FR","@id":"https:\/\/dicodusport.fr\/blog\/#\/schema\/logo\/image\/","url":"https:\/\/dicodusport.fr\/blog\/wp-content\/uploads\/2020\/06\/cropped-LOGO-DICODUSPORT-2020-SANS-FOND-SANS-TEXTE.png","contentUrl":"https:\/\/dicodusport.fr\/blog\/wp-content\/uploads\/2020\/06\/cropped-LOGO-DICODUSPORT-2020-SANS-FOND-SANS-TEXTE.png","width":512,"height":512,"caption":"Dicodusport"},"image":{"@id":"https:\/\/dicodusport.fr\/blog\/#\/schema\/logo\/image\/"},"sameAs":["https:\/\/www.facebook.com\/dicodusport","https:\/\/x.com\/dicodusport","https:\/\/www.instagram.com\/dicodusport\/","https:\/\/www.youtube.com\/channel\/UC7V2KZ5sd3htJivAbA4ZG3w"],"description":"Dicodusport est l'encyclop\u00e9die de l'actualit\u00e9 sportive.","email":"bonjour@dicodusport.fr","legalName":"DICODUSPORT","foundingDate":"2018-01-14","vatID":"FR71834470973","taxID":"83447097300043","numberOfEmployees":{"@type":"QuantitativeValue","minValue":"1","maxValue":"10"}},{"@type":"Person","@id":"https:\/\/dicodusport.fr\/blog\/#\/schema\/person\/cb02af4c173ce4a653b55e9baf388d4a","name":"Flo Ostermann","image":{"@type":"ImageObject","inLanguage":"fr-FR","@id":"https:\/\/dicodusport.fr\/blog\/#\/schema\/person\/image\/","url":"https:\/\/dicodusport.fr\/blog\/wp-content\/uploads\/2021\/05\/Flo-Ostermann-150x150.jpg","contentUrl":"https:\/\/dicodusport.fr\/blog\/wp-content\/uploads\/2021\/05\/Flo-Ostermann-150x150.jpg","caption":"Flo Ostermann"},"description":"Journaliste\/R\u00e9dacteur depuis septembre 2015 - Mes premiers souvenirs dans le sport ? Les envol\u00e9es du Stade Toulousain et les duels Villeneuve-Schumacher et H\u00e4kkinen-Schumacher \u00e0 la fin des ann\u00e9es 90, la Coupe du monde de football en 1998, l\u2019exploit du XV de France face aux All Blacks en 1999, mais aussi Richard C\u0153ur de Lion qui vole sur les montagnes du Tour de France. Bien parti pour devenir professeur d\u2019EPS, les \u00e9v\u00e9nements de la vie (et la flemme d\u2019animer des s\u00e9ances de 3x500 m\u00e8tres toute ma vie) m\u2019ont conduit \u00e0 revoir mes plans. Me voil\u00e0 depuis fin 2017 sur Dicodusport, m\u00e9dia gr\u00e2ce (et pour) lequel je partage ma passion : le sport dans tous ses \u00e9tats. Le tout accompagn\u00e9 par les fous furieux et folles furieuses cit\u00e9s sur cette page !","sameAs":["https:\/\/www.facebook.com\/florent.ostermann","https:\/\/x.com\/https:\/\/twitter.com\/FlOstermann","admin"],"url":"https:\/\/dicodusport.fr\/blog\/author\/flo\/"}]}},"_links":{"self":[{"href":"https:\/\/dicodusport.fr\/blog\/wp-json\/wp\/v2\/posts\/108467","targetHints":{"allow":["GET"]}}],"collection":[{"href":"https:\/\/dicodusport.fr\/blog\/wp-json\/wp\/v2\/posts"}],"about":[{"href":"https:\/\/dicodusport.fr\/blog\/wp-json\/wp\/v2\/types\/post"}],"author":[{"embeddable":true,"href":"https:\/\/dicodusport.fr\/blog\/wp-json\/wp\/v2\/users\/4"}],"replies":[{"embeddable":true,"href":"https:\/\/dicodusport.fr\/blog\/wp-json\/wp\/v2\/comments?post=108467"}],"version-history":[{"count":0,"href":"https:\/\/dicodusport.fr\/blog\/wp-json\/wp\/v2\/posts\/108467\/revisions"}],"wp:featuredmedia":[{"embeddable":true,"href":"https:\/\/dicodusport.fr\/blog\/wp-json\/wp\/v2\/media\/108498"}],"wp:attachment":[{"href":"https:\/\/dicodusport.fr\/blog\/wp-json\/wp\/v2\/media?parent=108467"}],"wp:term":[{"taxonomy":"category","embeddable":true,"href":"https:\/\/dicodusport.fr\/blog\/wp-json\/wp\/v2\/categories?post=108467"},{"taxonomy":"post_tag","embeddable":true,"href":"https:\/\/dicodusport.fr\/blog\/wp-json\/wp\/v2\/tags?post=108467"}],"curies":[{"name":"wp","href":"https:\/\/api.w.org\/{rel}","templated":true}]}}