{"id":108738,"date":"2021-02-22T19:22:18","date_gmt":"2021-02-22T18:22:18","guid":{"rendered":"https:\/\/dicodusport.fr\/blog\/?p=108738&#038;preview=true&#038;preview_id=108738"},"modified":"2021-04-20T14:28:27","modified_gmt":"2021-04-20T12:28:27","slug":"allo-madrid-la-liga-ne-repond-plus","status":"publish","type":"post","link":"https:\/\/dicodusport.fr\/blog\/allo-madrid-la-liga-ne-repond-plus\/","title":{"rendered":"All\u00f4 Madrid, la Liga ne r\u00e9pond plus !"},"content":{"rendered":"<p style=\"text-align: justify;\"><strong><em><a href=\"https:\/\/dicodusport.fr\/blog\/actualites\/football\/\" target=\"_blank\" rel=\"noopener\">FOOTBALL<\/a> &#8211; Depuis la reprise des championnats durant l&rsquo;\u00e9t\u00e9 2020, quelque chose semble avoir chang\u00e9 en Espagne. Entre finances exsangues et jeu en d\u00e9clin, la Liga semble en danger.<\/em><\/strong><\/p>\n<p style=\"text-align: justify;\">Consid\u00e9r\u00e9e un temps comme le plus fort championnat europ\u00e9en, <strong>La Liga<\/strong> souffre depuis la crise de la Covid-19. Durement touch\u00e9e par l&rsquo;\u00e9pid\u00e9mie, l&rsquo;Espagne n&rsquo;entend pas parler d&rsquo;un retour des fans dans les stades. Et au niveau du portefeuille, cela tire de partout. Car oui, les clubs espagnols ont beaucoup perdu avec la crise et de nombreux clubs ne peuvent aujourd&rsquo;hui recruter en raison des lourdes pertes subies, qui ont un impact direct sur leur <strong>budget salarial<\/strong>. Car en Espagne, un budget salarial personnalis\u00e9 par club est \u00e9tabli, et chaque club doit le respecter.<\/p>\n<p style=\"text-align: justify;\">Pour preuve que les finances vont mal, <strong>La Liga<\/strong> est le championnat du Top 5 qui a le moins recrut\u00e9. M\u00eame les mastodontes que sont le Bar\u00e7a et le Real Madrid n&rsquo;ont pas boug\u00e9. Outre ces histoires, les droits TV sont d\u00e9tenus en partie par Mediapro qui, comme pour la Ligue 1, veut rediscuter des tarifs. Pas tr\u00e8s r\u00e9jouissant et m\u00eame inqui\u00e9tant malgr\u00e9 une \u00e9claircie qui arrive de Catalogne et de Girona, o\u00f9 le public avec un protocole strict va pouvoir revenir.<\/p>\n<h2 style=\"text-align: justify;\">C\u00f4t\u00e9 terrain, ce n&rsquo;est pas mieux<\/h2>\n<p style=\"text-align: justify;\">Pass\u00e9 ce discours bas\u00e9 sur l&rsquo;argent, place au terrain. Et l\u00e0 encore, ce n&rsquo;est pas reluisant. La premi\u00e8re partie de saison en Liga a \u00e9t\u00e9 tr\u00e8s pauvre, peu d&rsquo;\u00e9quipes \u00e9tant \u00e0 leur aise. Parmi les gros, seul l&rsquo;<strong>Atletico<\/strong> semblait bien se comporter, avec un syst\u00e8me de jeu fid\u00e8le \u00e0 <strong>Diego Simeone<\/strong> qui fait ses preuves malgr\u00e9 quelques accrocs ces derni\u00e8res semaines. Le <strong>Real Madrid<\/strong> ? C&rsquo;est compliqu\u00e9, et c&rsquo;est par p\u00e9riode. Zidane, en danger, r\u00e9ussit \u00e0 rebondir en remportant des victoires importantes, mais \u00e7a patine souvent face \u00e0 plus modeste. Le <strong>Bar\u00e7a<\/strong> ? Encore pire. Largu\u00e9 en championnat, il s&rsquo;est fait gifler en Europe par le PSG (1-4) et semble bien loin du niveau qui \u00e9tait le sien ces derni\u00e8res ann\u00e9es. Le <strong>FC S\u00e9ville<\/strong> navigue entre le bon et le moins bon. Mais en Europe, il a aussi sombr\u00e9 \u00e0 domicile face \u00e0 un Dortmund qui n&rsquo;est que 6\u00e8me de Bundesliga !<\/p>\n<div id=\"attachment_69559\" style=\"width: 810px\" class=\"wp-caption aligncenter\"><a href=\"https:\/\/dicodusport.fr\/blog\/wp-content\/uploads\/2018\/06\/Quiz-\u00cates-vous-incollable-sur-Zin\u00e9dine-Zidane.png\"><img loading=\"lazy\" decoding=\"async\" aria-describedby=\"caption-attachment-69559\" class=\"size-full wp-image-69559\" src=\"https:\/\/dicodusport.fr\/blog\/wp-content\/uploads\/2018\/06\/Quiz-\u00cates-vous-incollable-sur-Zin\u00e9dine-Zidane.png\" alt=\"\" width=\"800\" height=\"445\" srcset=\"https:\/\/dicodusport.fr\/blog\/wp-content\/uploads\/2018\/06\/Quiz-\u00cates-vous-incollable-sur-Zin\u00e9dine-Zidane.png 800w, https:\/\/dicodusport.fr\/blog\/wp-content\/uploads\/2018\/06\/Quiz-\u00cates-vous-incollable-sur-Zin\u00e9dine-Zidane-300x167.png 300w, https:\/\/dicodusport.fr\/blog\/wp-content\/uploads\/2018\/06\/Quiz-\u00cates-vous-incollable-sur-Zin\u00e9dine-Zidane-768x427.png 768w\" sizes=\"auto, (max-width: 800px) 100vw, 800px\" \/><\/a><p id=\"caption-attachment-69559\" class=\"wp-caption-text\">AFP<\/p><\/div>\n<p style=\"text-align: justify;\">Les plus modestes, qui ont souvent r\u00e9gal\u00e9 ces derni\u00e8res ann\u00e9es en voulant jouer \u00e0 tout prix, ont \u00e9galement pris un nouveau tournant. Exit le jeu et place \u00e0 la solidit\u00e9 pour esp\u00e9rer survivre en Liga, et donc b\u00e9n\u00e9ficier de plus de retomb\u00e9es financi\u00e8res. Globalement, m\u00eame s&rsquo;il y a du mieux r\u00e9cemment, la Liga nous a ennuy\u00e9. La possession n&rsquo;est plus \u00e0 la mode, surtout quand elle est st\u00e9rile, et il semble que le championnat entier doive se r\u00e9inventer sous peine d&rsquo;\u00eatre largu\u00e9.<\/p>\n<p style=\"text-align: justify;\">L&rsquo;avenir s&rsquo;annonce sombre, notamment au niveau \u00e9conomique. Car pour de nombreux clubs, le contrecoup aura lieu la saison prochaine. Les clubs vont devoir r\u00e9inventer leur mercato, voire refaire confiance \u00e0 leur centre de formation et aux divisions inf\u00e9rieures. Comme pour le Calcio, qui lui a r\u00e9ussi \u00e0 se relever, la situation n&rsquo;est pas irr\u00e9versible. Mais il faudra passer par des changements profonds, et pourquoi pas une nouvelle philosophe de jeu. <strong>Les deux clubs de Madrid ont encore de bonnes chances en Ligue des Champions et Grenade \u00e9pate en Ligue Europa<\/strong>. Il faudra suivre attentivement cette fin de saison ainsi que le prochain mercato pour faire un nouveau bilan.<\/p>\n","protected":false},"excerpt":{"rendered":"<p>FOOTBALL &#8211; Depuis la reprise des championnats durant l&rsquo;\u00e9t\u00e9 2020, quelque chose semble avoir chang\u00e9 en Espagne. Entre finances exsangues et jeu en d\u00e9clin, la Liga semble en danger.<\/p>\n","protected":false},"author":49,"featured_media":108774,"comment_status":"open","ping_status":"closed","sticky":false,"template":"","format":"standard","meta":{"_acf_changed":false,"_daextam_enable_autolinks":"","footnotes":""},"categories":[2301],"tags":[359,75,4204],"class_list":["post-108738","post","type-post","status-publish","format-standard","has-post-thumbnail","hentry","category-football","tag-espagne","tag-football","tag-liga"],"acf":[],"yoast_head":"<!-- This site is optimized with the Yoast SEO Premium plugin v26.7 (Yoast SEO v26.7) - https:\/\/yoast.com\/wordpress\/plugins\/seo\/ -->\n<title>All\u00f4 Madrid, la Liga ne r\u00e9pond plus !<\/title>\n<meta name=\"description\" content=\"FOOTBALL - Depuis la reprise des championnats durant l&#039;\u00e9t\u00e9 2020, quelque chose semble avoir chang\u00e9 en Espagne. Entre finances exsangues et jeu en d\u00e9clin, la Liga semble en danger.\" \/>\n<meta name=\"robots\" content=\"index, follow, max-snippet:-1, max-image-preview:large, max-video-preview:-1\" \/>\n<link rel=\"canonical\" href=\"https:\/\/dicodusport.fr\/blog\/allo-madrid-la-liga-ne-repond-plus\/\" \/>\n<meta property=\"og:locale\" content=\"fr_FR\" \/>\n<meta property=\"og:type\" content=\"article\" \/>\n<meta property=\"og:title\" content=\"All\u00f4 Madrid, la Liga ne r\u00e9pond plus !\" \/>\n<meta property=\"og:description\" content=\"FOOTBALL - Depuis la reprise des championnats durant l&#039;\u00e9t\u00e9 2020, quelque chose semble avoir chang\u00e9 en Espagne. Entre finances exsangues et jeu en d\u00e9clin, la Liga semble en danger.\" \/>\n<meta property=\"og:url\" content=\"https:\/\/dicodusport.fr\/blog\/allo-madrid-la-liga-ne-repond-plus\/\" \/>\n<meta property=\"og:site_name\" content=\"Dicodusport\" \/>\n<meta property=\"article:publisher\" content=\"https:\/\/www.facebook.com\/dicodusport\" \/>\n<meta property=\"article:published_time\" content=\"2021-02-22T18:22:18+00:00\" \/>\n<meta property=\"article:modified_time\" content=\"2021-04-20T12:28:27+00:00\" \/>\n<meta property=\"og:image\" content=\"https:\/\/dicodusport.fr\/blog\/wp-content\/uploads\/2021\/02\/Allo-Madrid-la-Liga-ne-repond-plus.png\" \/>\n\t<meta property=\"og:image:width\" content=\"800\" \/>\n\t<meta property=\"og:image:height\" content=\"445\" \/>\n\t<meta property=\"og:image:type\" content=\"image\/png\" \/>\n<meta name=\"author\" content=\"Gregory Caffort\" \/>\n<meta name=\"twitter:card\" content=\"summary_large_image\" \/>\n<meta name=\"twitter:title\" content=\"All\u00f4 Madrid, la Liga ne r\u00e9pond plus !\" \/>\n<meta name=\"twitter:creator\" content=\"@https:\/\/twitter.com\/GregCaffort\" \/>\n<meta name=\"twitter:site\" content=\"@dicodusport\" \/>\n<script type=\"application\/ld+json\" class=\"yoast-schema-graph\">{\"@context\":\"https:\/\/schema.org\",\"@graph\":[{\"@type\":\"NewsArticle\",\"@id\":\"https:\/\/dicodusport.fr\/blog\/allo-madrid-la-liga-ne-repond-plus\/#article\",\"isPartOf\":{\"@id\":\"https:\/\/dicodusport.fr\/blog\/allo-madrid-la-liga-ne-repond-plus\/\"},\"author\":{\"name\":\"Gregory Caffort\",\"@id\":\"https:\/\/dicodusport.fr\/blog\/#\/schema\/person\/1d9e54defe16cbb5468f150418483f7e\"},\"headline\":\"All\u00f4 Madrid, la Liga ne r\u00e9pond plus !\",\"datePublished\":\"2021-02-22T18:22:18+00:00\",\"dateModified\":\"2021-04-20T12:28:27+00:00\",\"mainEntityOfPage\":{\"@id\":\"https:\/\/dicodusport.fr\/blog\/allo-madrid-la-liga-ne-repond-plus\/\"},\"wordCount\":614,\"commentCount\":0,\"publisher\":{\"@id\":\"https:\/\/dicodusport.fr\/blog\/#organization\"},\"image\":{\"@id\":\"https:\/\/dicodusport.fr\/blog\/allo-madrid-la-liga-ne-repond-plus\/#primaryimage\"},\"thumbnailUrl\":\"https:\/\/dicodusport.fr\/blog\/wp-content\/uploads\/2021\/02\/Allo-Madrid-la-Liga-ne-repond-plus.png\",\"keywords\":[\"Espagne\",\"Football\",\"Liga\"],\"articleSection\":[\"Football\"],\"inLanguage\":\"fr-FR\",\"potentialAction\":[{\"@type\":\"CommentAction\",\"name\":\"Comment\",\"target\":[\"https:\/\/dicodusport.fr\/blog\/allo-madrid-la-liga-ne-repond-plus\/#respond\"]}],\"copyrightYear\":\"2021\",\"copyrightHolder\":{\"@id\":\"https:\/\/dicodusport.fr\/blog\/#organization\"}},{\"@type\":\"WebPage\",\"@id\":\"https:\/\/dicodusport.fr\/blog\/allo-madrid-la-liga-ne-repond-plus\/\",\"url\":\"https:\/\/dicodusport.fr\/blog\/allo-madrid-la-liga-ne-repond-plus\/\",\"name\":\"All\u00f4 Madrid, la Liga ne r\u00e9pond plus !\",\"isPartOf\":{\"@id\":\"https:\/\/dicodusport.fr\/blog\/#website\"},\"primaryImageOfPage\":{\"@id\":\"https:\/\/dicodusport.fr\/blog\/allo-madrid-la-liga-ne-repond-plus\/#primaryimage\"},\"image\":{\"@id\":\"https:\/\/dicodusport.fr\/blog\/allo-madrid-la-liga-ne-repond-plus\/#primaryimage\"},\"thumbnailUrl\":\"https:\/\/dicodusport.fr\/blog\/wp-content\/uploads\/2021\/02\/Allo-Madrid-la-Liga-ne-repond-plus.png\",\"datePublished\":\"2021-02-22T18:22:18+00:00\",\"dateModified\":\"2021-04-20T12:28:27+00:00\",\"description\":\"FOOTBALL - Depuis la reprise des championnats durant l'\u00e9t\u00e9 2020, quelque chose semble avoir chang\u00e9 en Espagne. Entre finances exsangues et jeu en d\u00e9clin, la Liga semble en danger.\",\"breadcrumb\":{\"@id\":\"https:\/\/dicodusport.fr\/blog\/allo-madrid-la-liga-ne-repond-plus\/#breadcrumb\"},\"inLanguage\":\"fr-FR\",\"potentialAction\":[{\"@type\":\"ReadAction\",\"target\":[\"https:\/\/dicodusport.fr\/blog\/allo-madrid-la-liga-ne-repond-plus\/\"]}]},{\"@type\":\"ImageObject\",\"inLanguage\":\"fr-FR\",\"@id\":\"https:\/\/dicodusport.fr\/blog\/allo-madrid-la-liga-ne-repond-plus\/#primaryimage\",\"url\":\"https:\/\/dicodusport.fr\/blog\/wp-content\/uploads\/2021\/02\/Allo-Madrid-la-Liga-ne-repond-plus.png\",\"contentUrl\":\"https:\/\/dicodusport.fr\/blog\/wp-content\/uploads\/2021\/02\/Allo-Madrid-la-Liga-ne-repond-plus.png\",\"width\":800,\"height\":445,\"caption\":\"All\u00f4 Madrid, la Liga ne r\u00e9pond plus !\"},{\"@type\":\"BreadcrumbList\",\"@id\":\"https:\/\/dicodusport.fr\/blog\/allo-madrid-la-liga-ne-repond-plus\/#breadcrumb\",\"itemListElement\":[{\"@type\":\"ListItem\",\"position\":1,\"name\":\"Accueil\",\"item\":\"https:\/\/dicodusport.fr\/blog\/\"},{\"@type\":\"ListItem\",\"position\":2,\"name\":\"All\u00f4 Madrid, la Liga ne r\u00e9pond plus !\"}]},{\"@type\":\"WebSite\",\"@id\":\"https:\/\/dicodusport.fr\/blog\/#website\",\"url\":\"https:\/\/dicodusport.fr\/blog\/\",\"name\":\"Dicodusport\",\"description\":\"L&#039;encyclop\u00e9die de l&#039;actualit\u00e9 sportive\",\"publisher\":{\"@id\":\"https:\/\/dicodusport.fr\/blog\/#organization\"},\"potentialAction\":[{\"@type\":\"SearchAction\",\"target\":{\"@type\":\"EntryPoint\",\"urlTemplate\":\"https:\/\/dicodusport.fr\/blog\/?s={search_term_string}\"},\"query-input\":{\"@type\":\"PropertyValueSpecification\",\"valueRequired\":true,\"valueName\":\"search_term_string\"}}],\"inLanguage\":\"fr-FR\"},{\"@type\":\"NewsMediaOrganization\",\"@id\":\"https:\/\/dicodusport.fr\/blog\/#organization\",\"name\":\"Dicodusport\",\"url\":\"https:\/\/dicodusport.fr\/blog\/\",\"logo\":{\"@type\":\"ImageObject\",\"inLanguage\":\"fr-FR\",\"@id\":\"https:\/\/dicodusport.fr\/blog\/#\/schema\/logo\/image\/\",\"url\":\"https:\/\/dicodusport.fr\/blog\/wp-content\/uploads\/2020\/06\/cropped-LOGO-DICODUSPORT-2020-SANS-FOND-SANS-TEXTE.png\",\"contentUrl\":\"https:\/\/dicodusport.fr\/blog\/wp-content\/uploads\/2020\/06\/cropped-LOGO-DICODUSPORT-2020-SANS-FOND-SANS-TEXTE.png\",\"width\":512,\"height\":512,\"caption\":\"Dicodusport\"},\"image\":{\"@id\":\"https:\/\/dicodusport.fr\/blog\/#\/schema\/logo\/image\/\"},\"sameAs\":[\"https:\/\/www.facebook.com\/dicodusport\",\"https:\/\/x.com\/dicodusport\",\"https:\/\/www.instagram.com\/dicodusport\/\",\"https:\/\/www.youtube.com\/channel\/UC7V2KZ5sd3htJivAbA4ZG3w\"],\"description\":\"Dicodusport est l'encyclop\u00e9die de l'actualit\u00e9 sportive.\",\"email\":\"bonjour@dicodusport.fr\",\"legalName\":\"DICODUSPORT\",\"foundingDate\":\"2018-01-14\",\"vatID\":\"FR71834470973\",\"taxID\":\"83447097300043\",\"numberOfEmployees\":{\"@type\":\"QuantitativeValue\",\"minValue\":\"1\",\"maxValue\":\"10\"}},{\"@type\":\"Person\",\"@id\":\"https:\/\/dicodusport.fr\/blog\/#\/schema\/person\/1d9e54defe16cbb5468f150418483f7e\",\"name\":\"Gregory Caffort\",\"image\":{\"@type\":\"ImageObject\",\"inLanguage\":\"fr-FR\",\"@id\":\"https:\/\/dicodusport.fr\/blog\/#\/schema\/person\/image\/\",\"url\":\"https:\/\/dicodusport.fr\/blog\/wp-content\/uploads\/2021\/04\/Maillot-Greg-Dicodusport-150x150.png\",\"contentUrl\":\"https:\/\/dicodusport.fr\/blog\/wp-content\/uploads\/2021\/04\/Maillot-Greg-Dicodusport-150x150.png\",\"caption\":\"Gregory Caffort\"},\"description\":\"Apr\u00e8s une carri\u00e8re de pr\u00e8s de 13 ans dans le secteur bancaire, ma passion pour le sport m'a rattrap\u00e9. C'est tout naturellement que j'ai accept\u00e9 de me joindre \u00e0 l'aventure Dicodusport avec l'id\u00e9e de faire grandir ce m\u00e9dia consacr\u00e9 aux sports du plus connu au plus confidentiel.\",\"sameAs\":[\"https:\/\/x.com\/https:\/\/twitter.com\/GregCaffort\"],\"url\":\"https:\/\/dicodusport.fr\/blog\/author\/greg\/\"}]}<\/script>\n<!-- \/ Yoast SEO Premium plugin. -->","yoast_head_json":{"title":"All\u00f4 Madrid, la Liga ne r\u00e9pond plus !","description":"FOOTBALL - Depuis la reprise des championnats durant l'\u00e9t\u00e9 2020, quelque chose semble avoir chang\u00e9 en Espagne. Entre finances exsangues et jeu en d\u00e9clin, la Liga semble en danger.","robots":{"index":"index","follow":"follow","max-snippet":"max-snippet:-1","max-image-preview":"max-image-preview:large","max-video-preview":"max-video-preview:-1"},"canonical":"https:\/\/dicodusport.fr\/blog\/allo-madrid-la-liga-ne-repond-plus\/","og_locale":"fr_FR","og_type":"article","og_title":"All\u00f4 Madrid, la Liga ne r\u00e9pond plus !","og_description":"FOOTBALL - Depuis la reprise des championnats durant l'\u00e9t\u00e9 2020, quelque chose semble avoir chang\u00e9 en Espagne. Entre finances exsangues et jeu en d\u00e9clin, la Liga semble en danger.","og_url":"https:\/\/dicodusport.fr\/blog\/allo-madrid-la-liga-ne-repond-plus\/","og_site_name":"Dicodusport","article_publisher":"https:\/\/www.facebook.com\/dicodusport","article_published_time":"2021-02-22T18:22:18+00:00","article_modified_time":"2021-04-20T12:28:27+00:00","og_image":[{"width":800,"height":445,"url":"https:\/\/dicodusport.fr\/blog\/wp-content\/uploads\/2021\/02\/Allo-Madrid-la-Liga-ne-repond-plus.png","type":"image\/png"}],"author":"Gregory Caffort","twitter_card":"summary_large_image","twitter_title":"All\u00f4 Madrid, la Liga ne r\u00e9pond plus !","twitter_creator":"@https:\/\/twitter.com\/GregCaffort","twitter_site":"@dicodusport","schema":{"@context":"https:\/\/schema.org","@graph":[{"@type":"NewsArticle","@id":"https:\/\/dicodusport.fr\/blog\/allo-madrid-la-liga-ne-repond-plus\/#article","isPartOf":{"@id":"https:\/\/dicodusport.fr\/blog\/allo-madrid-la-liga-ne-repond-plus\/"},"author":{"name":"Gregory Caffort","@id":"https:\/\/dicodusport.fr\/blog\/#\/schema\/person\/1d9e54defe16cbb5468f150418483f7e"},"headline":"All\u00f4 Madrid, la Liga ne r\u00e9pond plus !","datePublished":"2021-02-22T18:22:18+00:00","dateModified":"2021-04-20T12:28:27+00:00","mainEntityOfPage":{"@id":"https:\/\/dicodusport.fr\/blog\/allo-madrid-la-liga-ne-repond-plus\/"},"wordCount":614,"commentCount":0,"publisher":{"@id":"https:\/\/dicodusport.fr\/blog\/#organization"},"image":{"@id":"https:\/\/dicodusport.fr\/blog\/allo-madrid-la-liga-ne-repond-plus\/#primaryimage"},"thumbnailUrl":"https:\/\/dicodusport.fr\/blog\/wp-content\/uploads\/2021\/02\/Allo-Madrid-la-Liga-ne-repond-plus.png","keywords":["Espagne","Football","Liga"],"articleSection":["Football"],"inLanguage":"fr-FR","potentialAction":[{"@type":"CommentAction","name":"Comment","target":["https:\/\/dicodusport.fr\/blog\/allo-madrid-la-liga-ne-repond-plus\/#respond"]}],"copyrightYear":"2021","copyrightHolder":{"@id":"https:\/\/dicodusport.fr\/blog\/#organization"}},{"@type":"WebPage","@id":"https:\/\/dicodusport.fr\/blog\/allo-madrid-la-liga-ne-repond-plus\/","url":"https:\/\/dicodusport.fr\/blog\/allo-madrid-la-liga-ne-repond-plus\/","name":"All\u00f4 Madrid, la Liga ne r\u00e9pond plus !","isPartOf":{"@id":"https:\/\/dicodusport.fr\/blog\/#website"},"primaryImageOfPage":{"@id":"https:\/\/dicodusport.fr\/blog\/allo-madrid-la-liga-ne-repond-plus\/#primaryimage"},"image":{"@id":"https:\/\/dicodusport.fr\/blog\/allo-madrid-la-liga-ne-repond-plus\/#primaryimage"},"thumbnailUrl":"https:\/\/dicodusport.fr\/blog\/wp-content\/uploads\/2021\/02\/Allo-Madrid-la-Liga-ne-repond-plus.png","datePublished":"2021-02-22T18:22:18+00:00","dateModified":"2021-04-20T12:28:27+00:00","description":"FOOTBALL - Depuis la reprise des championnats durant l'\u00e9t\u00e9 2020, quelque chose semble avoir chang\u00e9 en Espagne. Entre finances exsangues et jeu en d\u00e9clin, la Liga semble en danger.","breadcrumb":{"@id":"https:\/\/dicodusport.fr\/blog\/allo-madrid-la-liga-ne-repond-plus\/#breadcrumb"},"inLanguage":"fr-FR","potentialAction":[{"@type":"ReadAction","target":["https:\/\/dicodusport.fr\/blog\/allo-madrid-la-liga-ne-repond-plus\/"]}]},{"@type":"ImageObject","inLanguage":"fr-FR","@id":"https:\/\/dicodusport.fr\/blog\/allo-madrid-la-liga-ne-repond-plus\/#primaryimage","url":"https:\/\/dicodusport.fr\/blog\/wp-content\/uploads\/2021\/02\/Allo-Madrid-la-Liga-ne-repond-plus.png","contentUrl":"https:\/\/dicodusport.fr\/blog\/wp-content\/uploads\/2021\/02\/Allo-Madrid-la-Liga-ne-repond-plus.png","width":800,"height":445,"caption":"All\u00f4 Madrid, la Liga ne r\u00e9pond plus !"},{"@type":"BreadcrumbList","@id":"https:\/\/dicodusport.fr\/blog\/allo-madrid-la-liga-ne-repond-plus\/#breadcrumb","itemListElement":[{"@type":"ListItem","position":1,"name":"Accueil","item":"https:\/\/dicodusport.fr\/blog\/"},{"@type":"ListItem","position":2,"name":"All\u00f4 Madrid, la Liga ne r\u00e9pond plus !"}]},{"@type":"WebSite","@id":"https:\/\/dicodusport.fr\/blog\/#website","url":"https:\/\/dicodusport.fr\/blog\/","name":"Dicodusport","description":"L&#039;encyclop\u00e9die de l&#039;actualit\u00e9 sportive","publisher":{"@id":"https:\/\/dicodusport.fr\/blog\/#organization"},"potentialAction":[{"@type":"SearchAction","target":{"@type":"EntryPoint","urlTemplate":"https:\/\/dicodusport.fr\/blog\/?s={search_term_string}"},"query-input":{"@type":"PropertyValueSpecification","valueRequired":true,"valueName":"search_term_string"}}],"inLanguage":"fr-FR"},{"@type":"NewsMediaOrganization","@id":"https:\/\/dicodusport.fr\/blog\/#organization","name":"Dicodusport","url":"https:\/\/dicodusport.fr\/blog\/","logo":{"@type":"ImageObject","inLanguage":"fr-FR","@id":"https:\/\/dicodusport.fr\/blog\/#\/schema\/logo\/image\/","url":"https:\/\/dicodusport.fr\/blog\/wp-content\/uploads\/2020\/06\/cropped-LOGO-DICODUSPORT-2020-SANS-FOND-SANS-TEXTE.png","contentUrl":"https:\/\/dicodusport.fr\/blog\/wp-content\/uploads\/2020\/06\/cropped-LOGO-DICODUSPORT-2020-SANS-FOND-SANS-TEXTE.png","width":512,"height":512,"caption":"Dicodusport"},"image":{"@id":"https:\/\/dicodusport.fr\/blog\/#\/schema\/logo\/image\/"},"sameAs":["https:\/\/www.facebook.com\/dicodusport","https:\/\/x.com\/dicodusport","https:\/\/www.instagram.com\/dicodusport\/","https:\/\/www.youtube.com\/channel\/UC7V2KZ5sd3htJivAbA4ZG3w"],"description":"Dicodusport est l'encyclop\u00e9die de l'actualit\u00e9 sportive.","email":"bonjour@dicodusport.fr","legalName":"DICODUSPORT","foundingDate":"2018-01-14","vatID":"FR71834470973","taxID":"83447097300043","numberOfEmployees":{"@type":"QuantitativeValue","minValue":"1","maxValue":"10"}},{"@type":"Person","@id":"https:\/\/dicodusport.fr\/blog\/#\/schema\/person\/1d9e54defe16cbb5468f150418483f7e","name":"Gregory Caffort","image":{"@type":"ImageObject","inLanguage":"fr-FR","@id":"https:\/\/dicodusport.fr\/blog\/#\/schema\/person\/image\/","url":"https:\/\/dicodusport.fr\/blog\/wp-content\/uploads\/2021\/04\/Maillot-Greg-Dicodusport-150x150.png","contentUrl":"https:\/\/dicodusport.fr\/blog\/wp-content\/uploads\/2021\/04\/Maillot-Greg-Dicodusport-150x150.png","caption":"Gregory Caffort"},"description":"Apr\u00e8s une carri\u00e8re de pr\u00e8s de 13 ans dans le secteur bancaire, ma passion pour le sport m'a rattrap\u00e9. C'est tout naturellement que j'ai accept\u00e9 de me joindre \u00e0 l'aventure Dicodusport avec l'id\u00e9e de faire grandir ce m\u00e9dia consacr\u00e9 aux sports du plus connu au plus confidentiel.","sameAs":["https:\/\/x.com\/https:\/\/twitter.com\/GregCaffort"],"url":"https:\/\/dicodusport.fr\/blog\/author\/greg\/"}]}},"_links":{"self":[{"href":"https:\/\/dicodusport.fr\/blog\/wp-json\/wp\/v2\/posts\/108738","targetHints":{"allow":["GET"]}}],"collection":[{"href":"https:\/\/dicodusport.fr\/blog\/wp-json\/wp\/v2\/posts"}],"about":[{"href":"https:\/\/dicodusport.fr\/blog\/wp-json\/wp\/v2\/types\/post"}],"author":[{"embeddable":true,"href":"https:\/\/dicodusport.fr\/blog\/wp-json\/wp\/v2\/users\/49"}],"replies":[{"embeddable":true,"href":"https:\/\/dicodusport.fr\/blog\/wp-json\/wp\/v2\/comments?post=108738"}],"version-history":[{"count":0,"href":"https:\/\/dicodusport.fr\/blog\/wp-json\/wp\/v2\/posts\/108738\/revisions"}],"wp:featuredmedia":[{"embeddable":true,"href":"https:\/\/dicodusport.fr\/blog\/wp-json\/wp\/v2\/media\/108774"}],"wp:attachment":[{"href":"https:\/\/dicodusport.fr\/blog\/wp-json\/wp\/v2\/media?parent=108738"}],"wp:term":[{"taxonomy":"category","embeddable":true,"href":"https:\/\/dicodusport.fr\/blog\/wp-json\/wp\/v2\/categories?post=108738"},{"taxonomy":"post_tag","embeddable":true,"href":"https:\/\/dicodusport.fr\/blog\/wp-json\/wp\/v2\/tags?post=108738"}],"curies":[{"name":"wp","href":"https:\/\/api.w.org\/{rel}","templated":true}]}}