{"id":108847,"date":"2021-02-23T16:02:04","date_gmt":"2021-02-23T15:02:04","guid":{"rendered":"https:\/\/dicodusport.fr\/blog\/?p=108847&#038;preview=true&#038;preview_id=108847"},"modified":"2021-02-24T10:03:30","modified_gmt":"2021-02-24T09:03:30","slug":"la-saison-de-padel-dans-les-starting-blocks","status":"publish","type":"post","link":"https:\/\/dicodusport.fr\/blog\/la-saison-de-padel-dans-les-starting-blocks\/","title":{"rendered":"La saison de padel dans les starting-blocks"},"content":{"rendered":"<p style=\"text-align: justify;\"><b><i>La nouvelle saison de <a href=\"https:\/\/dicodusport.fr\/definition-sport\/padel\/\" target=\"_blank\" rel=\"noopener\">padel<\/a> est sur le point de reprendre apr\u00e8s un faux d\u00e9part ces derniers jours. Direction le Paraguay pour la premi\u00e8re \u00e9tape de l&rsquo;APT Padel Tour. Le World Padel Tour d\u00e9butera lui au mois d&rsquo;avril.<\/i><\/b><\/p>\n<p style=\"text-align: justify;\">Le <strong>padel<\/strong> est un sport en forte croissance en Europe, et notamment en France. Le circuit international est sur le point de reprendre, mais est un peu complexe avec deux entit\u00e9s distinctes qui restent concurrentes entre elles. Aujourd&rsquo;hui, le <strong>World Padel Tour<\/strong> domine le circuit et a sous contrat les plus grandes stars de la discipline. Mais son concurrent, l&rsquo;<strong>APT Padel Tour<\/strong> qui se veut plus international, grappille peu \u00e0 peu son retard. L&rsquo;ATP, qui a vu son premier tournoi au Chili report\u00e9 pour cause des restrictions sanitaires, va pouvoir d\u00e9buter d\u00e8s le 15 mars au Paraguay. Il comptera 18 \u00e9v\u00e8nements avec 11 Open, 4 Masters, 2 Grands Masters et 1 Master final. Tournoi international, il passe par l&rsquo;Am\u00e9rique du Sud, l&rsquo;Am\u00e9rique du Nord, et l&rsquo;Europe.<\/p>\n<div id=\"attachment_108886\" style=\"width: 510px\" class=\"wp-caption aligncenter\"><a href=\"https:\/\/dicodusport.fr\/blog\/wp-content\/uploads\/2021\/02\/Calendrier-de-lAPT-Padel-Tour-2021.jpg\" target=\"_blank\" rel=\"noopener\"><img loading=\"lazy\" decoding=\"async\" aria-describedby=\"caption-attachment-108886\" class=\"wp-image-108886\" src=\"https:\/\/dicodusport.fr\/blog\/wp-content\/uploads\/2021\/02\/Calendrier-de-lAPT-Padel-Tour-2021.jpg\" alt=\"Calendrier de l'APT Padel Tour 2021\" width=\"500\" height=\"625\" srcset=\"https:\/\/dicodusport.fr\/blog\/wp-content\/uploads\/2021\/02\/Calendrier-de-lAPT-Padel-Tour-2021.jpg 819w, https:\/\/dicodusport.fr\/blog\/wp-content\/uploads\/2021\/02\/Calendrier-de-lAPT-Padel-Tour-2021-240x300.jpg 240w, https:\/\/dicodusport.fr\/blog\/wp-content\/uploads\/2021\/02\/Calendrier-de-lAPT-Padel-Tour-2021-768x960.jpg 768w\" sizes=\"auto, (max-width: 500px) 100vw, 500px\" \/><\/a><p id=\"caption-attachment-108886\" class=\"wp-caption-text\">Calendrier de l&rsquo;APT Padel Tour 2021<\/p><\/div>\n<p style=\"text-align: justify;\">Son concurrent du <strong>WPT<\/strong> comptera lui plus d&rsquo;\u00e9v\u00e8nements puisqu&rsquo;\u00e0 partir du 5 avril \u00e0 Madrid, ce ne sont pas moins de 26 dates qui sont pr\u00e9vues. Avec un tournoi exhibition, 6 Challengers, 13 Open, 5 Masters, et 1 Master final, qui lui aussi se jouera dans la capitale espagnole, le <strong>WPT<\/strong> va animer la saison jusqu&rsquo;en d\u00e9cembre. Au contraire de l&rsquo;<strong>APT<\/strong>, le <strong>WPT<\/strong> se concentre en Europe avec la majorit\u00e9 des \u00e9v\u00e8nements pr\u00e9sents sur le sol espagnol et quelques excursions en Su\u00e8de, Sardaigne, Mexique et Argentine.<\/p>\n<div id=\"attachment_108883\" style=\"width: 1110px\" class=\"wp-caption aligncenter\"><a href=\"https:\/\/dicodusport.fr\/blog\/wp-content\/uploads\/2021\/02\/Calendrier-du-World-Padel-Tour-2021.jpg\" target=\"_blank\" rel=\"noopener\"><img loading=\"lazy\" decoding=\"async\" aria-describedby=\"caption-attachment-108883\" class=\"wp-image-108883 size-full\" src=\"https:\/\/dicodusport.fr\/blog\/wp-content\/uploads\/2021\/02\/Calendrier-du-World-Padel-Tour-2021.jpg\" alt=\"Calendrier 2021 du World Padel Tour\" width=\"1100\" height=\"619\" srcset=\"https:\/\/dicodusport.fr\/blog\/wp-content\/uploads\/2021\/02\/Calendrier-du-World-Padel-Tour-2021.jpg 1100w, https:\/\/dicodusport.fr\/blog\/wp-content\/uploads\/2021\/02\/Calendrier-du-World-Padel-Tour-2021-300x169.jpg 300w, https:\/\/dicodusport.fr\/blog\/wp-content\/uploads\/2021\/02\/Calendrier-du-World-Padel-Tour-2021-1024x576.jpg 1024w, https:\/\/dicodusport.fr\/blog\/wp-content\/uploads\/2021\/02\/Calendrier-du-World-Padel-Tour-2021-768x432.jpg 768w\" sizes=\"auto, (max-width: 1100px) 100vw, 1100px\" \/><\/a><p id=\"caption-attachment-108883\" class=\"wp-caption-text\">Calendrier 2021 du World Padel Tour<\/p><\/div>\n<h2 style=\"text-align: justify;\">WPT vs ATP<\/h2>\n<p style=\"text-align: justify;\">Pour le moment, le <strong>WPT<\/strong> reste la comp\u00e9tition num\u00e9ro une au monde et dispose de sa propre Web TV pour retransmettre les matchs. Les plus grandes stars de la discipline sont d&rsquo;ailleurs sous contrat avec le tournoi et ne disputent donc que les \u00e9v\u00e9nements estampill\u00e9s WPT. Outre le circuit masculin qui compte les plus grandes stars de la discipline comme l&rsquo;Argentin <strong>Fernande Belasteguin<\/strong> ou l&rsquo;Espagnol <strong>Paquito Navarro<\/strong>, un circuit f\u00e9minin est \u00e9galement organis\u00e9, au contraire de son concurrent. N\u00e9anmoins, le circuit ATP a un atout non n\u00e9gligeable dans sa manche : le Prize Money. En effet, celui-ci est similaire \u00e0 celui du WPT. Mais pour des joueurs loin au classement et qui n&rsquo;atteignent que rarement le tableau final, ce serait une opportunit\u00e9 de glisser vers l&rsquo;APT, o\u00f9 la concurrence semble moins rude.<\/p>\n<p style=\"text-align: justify;\">La saison s&rsquo;annonce tr\u00e8s int\u00e9ressante, tant du c\u00f4t\u00e9 de l&rsquo;APT et du WPT. Nous suivrons attentivement les r\u00e9sultats cette saison en esp\u00e9rant que nos repr\u00e9sentants fran\u00e7ais arrivent \u00e0 se hisser dans les tableaux finaux des \u00e9v\u00e8nements. Quoi qu&rsquo;il en soit, les ann\u00e9es \u00e0 venir vont marquer un tournant dans la discipline qui \u00e0 terme, devrait pouvoir unifier ses forces et s&rsquo;entendre pour rendre le circuit beaucoup plus lisible pour le grand public. Son d\u00e9veloppement \u00e0 l&rsquo;international passera par l\u00e0, et par une exposition croissante \u00e0 la t\u00e9l\u00e9vision.<\/p>\n<p style=\"text-align: justify;\"><em>Informations tir\u00e9es de <a href=\"https:\/\/padelmagazine.fr\/world-padel-tour-vs-apt-padel-tour\/\" target=\"_blank\" rel=\"noopener\">Padel Magazine<\/a>.<\/em><\/p>\n<p><b><i>Lionel Coupez<\/i><\/b><strong><em><br \/>\n<a href=\"https:\/\/www.facebook.com\/dicodusport\/\" target=\"_blank\" rel=\"noopener noreferrer\"><img loading=\"lazy\" decoding=\"async\" class=\"alignnone wp-image-2909\" src=\"http:\/\/dicodusport.fr\/blog\/wp-content\/uploads\/2017\/07\/logo-facebook-150x150.png\" alt=\"\" width=\"40\" height=\"40\" \/><\/a><a href=\"https:\/\/twitter.com\/dicodusport\" target=\"_blank\" rel=\"noopener noreferrer\"><img loading=\"lazy\" decoding=\"async\" class=\"alignnone wp-image-2908\" src=\"http:\/\/dicodusport.fr\/blog\/wp-content\/uploads\/2017\/07\/logo-twitter-150x150.png\" alt=\"\" width=\"39\" height=\"39\" \/><\/a><\/em><\/strong><\/p>\n","protected":false},"excerpt":{"rendered":"<p>La nouvelle saison de Padel est sur le point de reprendre apr\u00e8s un faux d\u00e9part ces derniers jours. Direction le Paraguay pour la premi\u00e8re \u00e9tape de l&rsquo;APT Padel Tour. Le World Padel Tour d\u00e9butera lui au mois d&rsquo;avril.<\/p>\n","protected":false},"author":49,"featured_media":108876,"comment_status":"open","ping_status":"closed","sticky":false,"template":"","format":"standard","meta":{"_acf_changed":false,"_daextam_enable_autolinks":"","footnotes":""},"categories":[14665],"tags":[2154],"class_list":["post-108847","post","type-post","status-publish","format-standard","has-post-thumbnail","hentry","category-padel","tag-padel"],"acf":[],"yoast_head":"<!-- This site is optimized with the Yoast SEO Premium plugin v26.7 (Yoast SEO v26.7) - https:\/\/yoast.com\/wordpress\/plugins\/seo\/ -->\n<title>La saison de padel dans les starting-blocks<\/title>\n<meta name=\"description\" content=\"La nouvelle saison de Padel est sur le point de reprendre. Ce qu&#039;il faut savoir sur la reprises et les deux circuits principaux.\" \/>\n<meta name=\"robots\" content=\"index, follow, max-snippet:-1, max-image-preview:large, max-video-preview:-1\" \/>\n<link rel=\"canonical\" href=\"https:\/\/dicodusport.fr\/blog\/la-saison-de-padel-dans-les-starting-blocks\/\" \/>\n<meta property=\"og:locale\" content=\"fr_FR\" \/>\n<meta property=\"og:type\" content=\"article\" \/>\n<meta property=\"og:title\" content=\"La saison de padel dans les starting-blocks\" \/>\n<meta property=\"og:description\" content=\"La nouvelle saison de Padel est sur le point de reprendre. Ce qu&#039;il faut savoir sur la reprises et les deux circuits principaux.\" \/>\n<meta property=\"og:url\" content=\"https:\/\/dicodusport.fr\/blog\/la-saison-de-padel-dans-les-starting-blocks\/\" \/>\n<meta property=\"og:site_name\" content=\"Dicodusport\" \/>\n<meta property=\"article:publisher\" content=\"https:\/\/www.facebook.com\/dicodusport\" \/>\n<meta property=\"article:published_time\" content=\"2021-02-23T15:02:04+00:00\" \/>\n<meta property=\"article:modified_time\" content=\"2021-02-24T09:03:30+00:00\" \/>\n<meta property=\"og:image\" content=\"https:\/\/dicodusport.fr\/blog\/wp-content\/uploads\/2021\/02\/La-saison-de-Padel-dans-les-starting-blocks.png\" \/>\n\t<meta property=\"og:image:width\" content=\"800\" \/>\n\t<meta property=\"og:image:height\" content=\"445\" \/>\n\t<meta property=\"og:image:type\" content=\"image\/png\" \/>\n<meta name=\"author\" content=\"Gregory Caffort\" \/>\n<meta name=\"twitter:card\" content=\"summary_large_image\" \/>\n<meta name=\"twitter:title\" content=\"La saison de padel dans les starting-blocks\" \/>\n<meta name=\"twitter:creator\" content=\"@https:\/\/twitter.com\/GregCaffort\" \/>\n<meta name=\"twitter:site\" content=\"@dicodusport\" \/>\n<script type=\"application\/ld+json\" class=\"yoast-schema-graph\">{\"@context\":\"https:\/\/schema.org\",\"@graph\":[{\"@type\":\"NewsArticle\",\"@id\":\"https:\/\/dicodusport.fr\/blog\/la-saison-de-padel-dans-les-starting-blocks\/#article\",\"isPartOf\":{\"@id\":\"https:\/\/dicodusport.fr\/blog\/la-saison-de-padel-dans-les-starting-blocks\/\"},\"author\":{\"name\":\"Gregory Caffort\",\"@id\":\"https:\/\/dicodusport.fr\/blog\/#\/schema\/person\/1d9e54defe16cbb5468f150418483f7e\"},\"headline\":\"La saison de padel dans les starting-blocks\",\"datePublished\":\"2021-02-23T15:02:04+00:00\",\"dateModified\":\"2021-02-24T09:03:30+00:00\",\"mainEntityOfPage\":{\"@id\":\"https:\/\/dicodusport.fr\/blog\/la-saison-de-padel-dans-les-starting-blocks\/\"},\"wordCount\":547,\"commentCount\":0,\"publisher\":{\"@id\":\"https:\/\/dicodusport.fr\/blog\/#organization\"},\"image\":{\"@id\":\"https:\/\/dicodusport.fr\/blog\/la-saison-de-padel-dans-les-starting-blocks\/#primaryimage\"},\"thumbnailUrl\":\"https:\/\/dicodusport.fr\/blog\/wp-content\/uploads\/2021\/02\/La-saison-de-Padel-dans-les-starting-blocks.png\",\"keywords\":[\"padel\"],\"articleSection\":[\"Padel\"],\"inLanguage\":\"fr-FR\",\"potentialAction\":[{\"@type\":\"CommentAction\",\"name\":\"Comment\",\"target\":[\"https:\/\/dicodusport.fr\/blog\/la-saison-de-padel-dans-les-starting-blocks\/#respond\"]}],\"copyrightYear\":\"2021\",\"copyrightHolder\":{\"@id\":\"https:\/\/dicodusport.fr\/blog\/#organization\"}},{\"@type\":\"WebPage\",\"@id\":\"https:\/\/dicodusport.fr\/blog\/la-saison-de-padel-dans-les-starting-blocks\/\",\"url\":\"https:\/\/dicodusport.fr\/blog\/la-saison-de-padel-dans-les-starting-blocks\/\",\"name\":\"La saison de padel dans les starting-blocks\",\"isPartOf\":{\"@id\":\"https:\/\/dicodusport.fr\/blog\/#website\"},\"primaryImageOfPage\":{\"@id\":\"https:\/\/dicodusport.fr\/blog\/la-saison-de-padel-dans-les-starting-blocks\/#primaryimage\"},\"image\":{\"@id\":\"https:\/\/dicodusport.fr\/blog\/la-saison-de-padel-dans-les-starting-blocks\/#primaryimage\"},\"thumbnailUrl\":\"https:\/\/dicodusport.fr\/blog\/wp-content\/uploads\/2021\/02\/La-saison-de-Padel-dans-les-starting-blocks.png\",\"datePublished\":\"2021-02-23T15:02:04+00:00\",\"dateModified\":\"2021-02-24T09:03:30+00:00\",\"description\":\"La nouvelle saison de Padel est sur le point de reprendre. Ce qu'il faut savoir sur la reprises et les deux circuits principaux.\",\"breadcrumb\":{\"@id\":\"https:\/\/dicodusport.fr\/blog\/la-saison-de-padel-dans-les-starting-blocks\/#breadcrumb\"},\"inLanguage\":\"fr-FR\",\"potentialAction\":[{\"@type\":\"ReadAction\",\"target\":[\"https:\/\/dicodusport.fr\/blog\/la-saison-de-padel-dans-les-starting-blocks\/\"]}]},{\"@type\":\"ImageObject\",\"inLanguage\":\"fr-FR\",\"@id\":\"https:\/\/dicodusport.fr\/blog\/la-saison-de-padel-dans-les-starting-blocks\/#primaryimage\",\"url\":\"https:\/\/dicodusport.fr\/blog\/wp-content\/uploads\/2021\/02\/La-saison-de-Padel-dans-les-starting-blocks.png\",\"contentUrl\":\"https:\/\/dicodusport.fr\/blog\/wp-content\/uploads\/2021\/02\/La-saison-de-Padel-dans-les-starting-blocks.png\",\"width\":800,\"height\":445,\"caption\":\"La saison de Padel dans les starting-blocks\"},{\"@type\":\"BreadcrumbList\",\"@id\":\"https:\/\/dicodusport.fr\/blog\/la-saison-de-padel-dans-les-starting-blocks\/#breadcrumb\",\"itemListElement\":[{\"@type\":\"ListItem\",\"position\":1,\"name\":\"Accueil\",\"item\":\"https:\/\/dicodusport.fr\/blog\/\"},{\"@type\":\"ListItem\",\"position\":2,\"name\":\"La saison de padel dans les starting-blocks\"}]},{\"@type\":\"WebSite\",\"@id\":\"https:\/\/dicodusport.fr\/blog\/#website\",\"url\":\"https:\/\/dicodusport.fr\/blog\/\",\"name\":\"Dicodusport\",\"description\":\"L&#039;encyclop\u00e9die de l&#039;actualit\u00e9 sportive\",\"publisher\":{\"@id\":\"https:\/\/dicodusport.fr\/blog\/#organization\"},\"potentialAction\":[{\"@type\":\"SearchAction\",\"target\":{\"@type\":\"EntryPoint\",\"urlTemplate\":\"https:\/\/dicodusport.fr\/blog\/?s={search_term_string}\"},\"query-input\":{\"@type\":\"PropertyValueSpecification\",\"valueRequired\":true,\"valueName\":\"search_term_string\"}}],\"inLanguage\":\"fr-FR\"},{\"@type\":\"NewsMediaOrganization\",\"@id\":\"https:\/\/dicodusport.fr\/blog\/#organization\",\"name\":\"Dicodusport\",\"url\":\"https:\/\/dicodusport.fr\/blog\/\",\"logo\":{\"@type\":\"ImageObject\",\"inLanguage\":\"fr-FR\",\"@id\":\"https:\/\/dicodusport.fr\/blog\/#\/schema\/logo\/image\/\",\"url\":\"https:\/\/dicodusport.fr\/blog\/wp-content\/uploads\/2020\/06\/cropped-LOGO-DICODUSPORT-2020-SANS-FOND-SANS-TEXTE.png\",\"contentUrl\":\"https:\/\/dicodusport.fr\/blog\/wp-content\/uploads\/2020\/06\/cropped-LOGO-DICODUSPORT-2020-SANS-FOND-SANS-TEXTE.png\",\"width\":512,\"height\":512,\"caption\":\"Dicodusport\"},\"image\":{\"@id\":\"https:\/\/dicodusport.fr\/blog\/#\/schema\/logo\/image\/\"},\"sameAs\":[\"https:\/\/www.facebook.com\/dicodusport\",\"https:\/\/x.com\/dicodusport\",\"https:\/\/www.instagram.com\/dicodusport\/\",\"https:\/\/www.youtube.com\/channel\/UC7V2KZ5sd3htJivAbA4ZG3w\"],\"description\":\"Dicodusport est l'encyclop\u00e9die de l'actualit\u00e9 sportive.\",\"email\":\"bonjour@dicodusport.fr\",\"legalName\":\"DICODUSPORT\",\"foundingDate\":\"2018-01-14\",\"vatID\":\"FR71834470973\",\"taxID\":\"83447097300043\",\"numberOfEmployees\":{\"@type\":\"QuantitativeValue\",\"minValue\":\"1\",\"maxValue\":\"10\"}},{\"@type\":\"Person\",\"@id\":\"https:\/\/dicodusport.fr\/blog\/#\/schema\/person\/1d9e54defe16cbb5468f150418483f7e\",\"name\":\"Gregory Caffort\",\"image\":{\"@type\":\"ImageObject\",\"inLanguage\":\"fr-FR\",\"@id\":\"https:\/\/dicodusport.fr\/blog\/#\/schema\/person\/image\/\",\"url\":\"https:\/\/dicodusport.fr\/blog\/wp-content\/uploads\/2021\/04\/Maillot-Greg-Dicodusport-150x150.png\",\"contentUrl\":\"https:\/\/dicodusport.fr\/blog\/wp-content\/uploads\/2021\/04\/Maillot-Greg-Dicodusport-150x150.png\",\"caption\":\"Gregory Caffort\"},\"description\":\"Apr\u00e8s une carri\u00e8re de pr\u00e8s de 13 ans dans le secteur bancaire, ma passion pour le sport m'a rattrap\u00e9. C'est tout naturellement que j'ai accept\u00e9 de me joindre \u00e0 l'aventure Dicodusport avec l'id\u00e9e de faire grandir ce m\u00e9dia consacr\u00e9 aux sports du plus connu au plus confidentiel.\",\"sameAs\":[\"https:\/\/x.com\/https:\/\/twitter.com\/GregCaffort\"],\"url\":\"https:\/\/dicodusport.fr\/blog\/author\/greg\/\"}]}<\/script>\n<!-- \/ Yoast SEO Premium plugin. -->","yoast_head_json":{"title":"La saison de padel dans les starting-blocks","description":"La nouvelle saison de Padel est sur le point de reprendre. Ce qu'il faut savoir sur la reprises et les deux circuits principaux.","robots":{"index":"index","follow":"follow","max-snippet":"max-snippet:-1","max-image-preview":"max-image-preview:large","max-video-preview":"max-video-preview:-1"},"canonical":"https:\/\/dicodusport.fr\/blog\/la-saison-de-padel-dans-les-starting-blocks\/","og_locale":"fr_FR","og_type":"article","og_title":"La saison de padel dans les starting-blocks","og_description":"La nouvelle saison de Padel est sur le point de reprendre. Ce qu'il faut savoir sur la reprises et les deux circuits principaux.","og_url":"https:\/\/dicodusport.fr\/blog\/la-saison-de-padel-dans-les-starting-blocks\/","og_site_name":"Dicodusport","article_publisher":"https:\/\/www.facebook.com\/dicodusport","article_published_time":"2021-02-23T15:02:04+00:00","article_modified_time":"2021-02-24T09:03:30+00:00","og_image":[{"width":800,"height":445,"url":"https:\/\/dicodusport.fr\/blog\/wp-content\/uploads\/2021\/02\/La-saison-de-Padel-dans-les-starting-blocks.png","type":"image\/png"}],"author":"Gregory Caffort","twitter_card":"summary_large_image","twitter_title":"La saison de padel dans les starting-blocks","twitter_creator":"@https:\/\/twitter.com\/GregCaffort","twitter_site":"@dicodusport","schema":{"@context":"https:\/\/schema.org","@graph":[{"@type":"NewsArticle","@id":"https:\/\/dicodusport.fr\/blog\/la-saison-de-padel-dans-les-starting-blocks\/#article","isPartOf":{"@id":"https:\/\/dicodusport.fr\/blog\/la-saison-de-padel-dans-les-starting-blocks\/"},"author":{"name":"Gregory Caffort","@id":"https:\/\/dicodusport.fr\/blog\/#\/schema\/person\/1d9e54defe16cbb5468f150418483f7e"},"headline":"La saison de padel dans les starting-blocks","datePublished":"2021-02-23T15:02:04+00:00","dateModified":"2021-02-24T09:03:30+00:00","mainEntityOfPage":{"@id":"https:\/\/dicodusport.fr\/blog\/la-saison-de-padel-dans-les-starting-blocks\/"},"wordCount":547,"commentCount":0,"publisher":{"@id":"https:\/\/dicodusport.fr\/blog\/#organization"},"image":{"@id":"https:\/\/dicodusport.fr\/blog\/la-saison-de-padel-dans-les-starting-blocks\/#primaryimage"},"thumbnailUrl":"https:\/\/dicodusport.fr\/blog\/wp-content\/uploads\/2021\/02\/La-saison-de-Padel-dans-les-starting-blocks.png","keywords":["padel"],"articleSection":["Padel"],"inLanguage":"fr-FR","potentialAction":[{"@type":"CommentAction","name":"Comment","target":["https:\/\/dicodusport.fr\/blog\/la-saison-de-padel-dans-les-starting-blocks\/#respond"]}],"copyrightYear":"2021","copyrightHolder":{"@id":"https:\/\/dicodusport.fr\/blog\/#organization"}},{"@type":"WebPage","@id":"https:\/\/dicodusport.fr\/blog\/la-saison-de-padel-dans-les-starting-blocks\/","url":"https:\/\/dicodusport.fr\/blog\/la-saison-de-padel-dans-les-starting-blocks\/","name":"La saison de padel dans les starting-blocks","isPartOf":{"@id":"https:\/\/dicodusport.fr\/blog\/#website"},"primaryImageOfPage":{"@id":"https:\/\/dicodusport.fr\/blog\/la-saison-de-padel-dans-les-starting-blocks\/#primaryimage"},"image":{"@id":"https:\/\/dicodusport.fr\/blog\/la-saison-de-padel-dans-les-starting-blocks\/#primaryimage"},"thumbnailUrl":"https:\/\/dicodusport.fr\/blog\/wp-content\/uploads\/2021\/02\/La-saison-de-Padel-dans-les-starting-blocks.png","datePublished":"2021-02-23T15:02:04+00:00","dateModified":"2021-02-24T09:03:30+00:00","description":"La nouvelle saison de Padel est sur le point de reprendre. Ce qu'il faut savoir sur la reprises et les deux circuits principaux.","breadcrumb":{"@id":"https:\/\/dicodusport.fr\/blog\/la-saison-de-padel-dans-les-starting-blocks\/#breadcrumb"},"inLanguage":"fr-FR","potentialAction":[{"@type":"ReadAction","target":["https:\/\/dicodusport.fr\/blog\/la-saison-de-padel-dans-les-starting-blocks\/"]}]},{"@type":"ImageObject","inLanguage":"fr-FR","@id":"https:\/\/dicodusport.fr\/blog\/la-saison-de-padel-dans-les-starting-blocks\/#primaryimage","url":"https:\/\/dicodusport.fr\/blog\/wp-content\/uploads\/2021\/02\/La-saison-de-Padel-dans-les-starting-blocks.png","contentUrl":"https:\/\/dicodusport.fr\/blog\/wp-content\/uploads\/2021\/02\/La-saison-de-Padel-dans-les-starting-blocks.png","width":800,"height":445,"caption":"La saison de Padel dans les starting-blocks"},{"@type":"BreadcrumbList","@id":"https:\/\/dicodusport.fr\/blog\/la-saison-de-padel-dans-les-starting-blocks\/#breadcrumb","itemListElement":[{"@type":"ListItem","position":1,"name":"Accueil","item":"https:\/\/dicodusport.fr\/blog\/"},{"@type":"ListItem","position":2,"name":"La saison de padel dans les starting-blocks"}]},{"@type":"WebSite","@id":"https:\/\/dicodusport.fr\/blog\/#website","url":"https:\/\/dicodusport.fr\/blog\/","name":"Dicodusport","description":"L&#039;encyclop\u00e9die de l&#039;actualit\u00e9 sportive","publisher":{"@id":"https:\/\/dicodusport.fr\/blog\/#organization"},"potentialAction":[{"@type":"SearchAction","target":{"@type":"EntryPoint","urlTemplate":"https:\/\/dicodusport.fr\/blog\/?s={search_term_string}"},"query-input":{"@type":"PropertyValueSpecification","valueRequired":true,"valueName":"search_term_string"}}],"inLanguage":"fr-FR"},{"@type":"NewsMediaOrganization","@id":"https:\/\/dicodusport.fr\/blog\/#organization","name":"Dicodusport","url":"https:\/\/dicodusport.fr\/blog\/","logo":{"@type":"ImageObject","inLanguage":"fr-FR","@id":"https:\/\/dicodusport.fr\/blog\/#\/schema\/logo\/image\/","url":"https:\/\/dicodusport.fr\/blog\/wp-content\/uploads\/2020\/06\/cropped-LOGO-DICODUSPORT-2020-SANS-FOND-SANS-TEXTE.png","contentUrl":"https:\/\/dicodusport.fr\/blog\/wp-content\/uploads\/2020\/06\/cropped-LOGO-DICODUSPORT-2020-SANS-FOND-SANS-TEXTE.png","width":512,"height":512,"caption":"Dicodusport"},"image":{"@id":"https:\/\/dicodusport.fr\/blog\/#\/schema\/logo\/image\/"},"sameAs":["https:\/\/www.facebook.com\/dicodusport","https:\/\/x.com\/dicodusport","https:\/\/www.instagram.com\/dicodusport\/","https:\/\/www.youtube.com\/channel\/UC7V2KZ5sd3htJivAbA4ZG3w"],"description":"Dicodusport est l'encyclop\u00e9die de l'actualit\u00e9 sportive.","email":"bonjour@dicodusport.fr","legalName":"DICODUSPORT","foundingDate":"2018-01-14","vatID":"FR71834470973","taxID":"83447097300043","numberOfEmployees":{"@type":"QuantitativeValue","minValue":"1","maxValue":"10"}},{"@type":"Person","@id":"https:\/\/dicodusport.fr\/blog\/#\/schema\/person\/1d9e54defe16cbb5468f150418483f7e","name":"Gregory Caffort","image":{"@type":"ImageObject","inLanguage":"fr-FR","@id":"https:\/\/dicodusport.fr\/blog\/#\/schema\/person\/image\/","url":"https:\/\/dicodusport.fr\/blog\/wp-content\/uploads\/2021\/04\/Maillot-Greg-Dicodusport-150x150.png","contentUrl":"https:\/\/dicodusport.fr\/blog\/wp-content\/uploads\/2021\/04\/Maillot-Greg-Dicodusport-150x150.png","caption":"Gregory Caffort"},"description":"Apr\u00e8s une carri\u00e8re de pr\u00e8s de 13 ans dans le secteur bancaire, ma passion pour le sport m'a rattrap\u00e9. C'est tout naturellement que j'ai accept\u00e9 de me joindre \u00e0 l'aventure Dicodusport avec l'id\u00e9e de faire grandir ce m\u00e9dia consacr\u00e9 aux sports du plus connu au plus confidentiel.","sameAs":["https:\/\/x.com\/https:\/\/twitter.com\/GregCaffort"],"url":"https:\/\/dicodusport.fr\/blog\/author\/greg\/"}]}},"_links":{"self":[{"href":"https:\/\/dicodusport.fr\/blog\/wp-json\/wp\/v2\/posts\/108847","targetHints":{"allow":["GET"]}}],"collection":[{"href":"https:\/\/dicodusport.fr\/blog\/wp-json\/wp\/v2\/posts"}],"about":[{"href":"https:\/\/dicodusport.fr\/blog\/wp-json\/wp\/v2\/types\/post"}],"author":[{"embeddable":true,"href":"https:\/\/dicodusport.fr\/blog\/wp-json\/wp\/v2\/users\/49"}],"replies":[{"embeddable":true,"href":"https:\/\/dicodusport.fr\/blog\/wp-json\/wp\/v2\/comments?post=108847"}],"version-history":[{"count":0,"href":"https:\/\/dicodusport.fr\/blog\/wp-json\/wp\/v2\/posts\/108847\/revisions"}],"wp:featuredmedia":[{"embeddable":true,"href":"https:\/\/dicodusport.fr\/blog\/wp-json\/wp\/v2\/media\/108876"}],"wp:attachment":[{"href":"https:\/\/dicodusport.fr\/blog\/wp-json\/wp\/v2\/media?parent=108847"}],"wp:term":[{"taxonomy":"category","embeddable":true,"href":"https:\/\/dicodusport.fr\/blog\/wp-json\/wp\/v2\/categories?post=108847"},{"taxonomy":"post_tag","embeddable":true,"href":"https:\/\/dicodusport.fr\/blog\/wp-json\/wp\/v2\/tags?post=108847"}],"curies":[{"name":"wp","href":"https:\/\/api.w.org\/{rel}","templated":true}]}}