{"id":109056,"date":"2021-02-25T08:51:09","date_gmt":"2021-02-25T07:51:09","guid":{"rendered":"https:\/\/dicodusport.fr\/blog\/?p=109056"},"modified":"2021-02-25T08:51:09","modified_gmt":"2021-02-25T07:51:09","slug":"motogp-ou-en-est-marc-marquez","status":"publish","type":"post","link":"https:\/\/dicodusport.fr\/blog\/motogp-ou-en-est-marc-marquez\/","title":{"rendered":"MotoGP : O\u00f9 en est Marc Marquez ?"},"content":{"rendered":"<p style=\"text-align: justify;\"><em><strong>MOTOGP 2021 &#8211; A quelques semaines de la reprise du championnat de Moto GP, la situation de Marc Marquez reste assez floue. Annonc\u00e9 r\u00e9cemment incertain pour le premier Grand Prix de la saison au Qatar le 28 mars, l&rsquo;ann\u00e9e 2021 s&rsquo;annonce d\u00e9j\u00e0 compliqu\u00e9e pour le pilote espagnol. Mais alors, o\u00f9 en est Marc Marquez ?<\/strong><\/em><\/p>\n<p style=\"text-align: justify;\">Depuis <a href=\"https:\/\/dicodusport.fr\/blog\/tag\/marc-marquez\/\" target=\"_blank\" rel=\"noopener\">sa lourde chute \u00e0 Jerez le 19 juillet 2020<\/a>, le pilote espagnol <strong>Marc Marquez<\/strong> est tenu loin des circuits apr\u00e8s avoir tent\u00e9 le pari fou de remonter sur sa moto seulement une petite semaine apr\u00e8s l&rsquo;accident. Cette erreur lui a co\u00fbt\u00e9 une saison enti\u00e8re et l&#8217;emp\u00eache encore de se pr\u00e9parer \u00e0 100% pour la saison \u00e0 venir. <em>\u00ab<\/em> <em>On a fait une erreur en revenant \u00e0 Jerez et il faut que l&rsquo;on accepte cette erreur \u00bb, <\/em>d\u00e9clarait-il lors de la pr\u00e9sentation de la version 2021 de la Honda<em>.\u00a0<\/em>Il fera (normalement) son retour en 2021, mais son manque de temps pass\u00e9 sur la moto en comparaison avec ses concurrents risque de le p\u00e9naliser consid\u00e9rablement.<\/p>\n<blockquote class=\"twitter-tweet\">\n<p dir=\"ltr\" lang=\"fr\">La terrible chute de Marc M\u00e1rquez ! Le pilote a \u00e9t\u00e9 violemment \u00e9ject\u00e9, il reste sonn\u00e9 ! S&rsquo;est-il bless\u00e9 ?<a href=\"https:\/\/twitter.com\/hashtag\/MotoGP?src=hash&amp;ref_src=twsrc%5Etfw\">#MotoGP<\/a> | <a href=\"https:\/\/twitter.com\/hashtag\/SpanishGP?src=hash&amp;ref_src=twsrc%5Etfw\">#SpanishGP<\/a><\/p>\n<p>&#x25b6;&#xfe0f; <a href=\"https:\/\/t.co\/6vTgdTN2gP\">https:\/\/t.co\/6vTgdTN2gP<\/a> <a href=\"https:\/\/t.co\/AJAssrCDHW\">pic.twitter.com\/AJAssrCDHW<\/a><\/p>\n<p>\u2014 CANAL+ MotoGP&#x2122; (@CanalplusMotoGP) <a href=\"https:\/\/twitter.com\/CanalplusMotoGP\/status\/1284830771522473987?ref_src=twsrc%5Etfw\">July 19, 2020<\/a><\/p><\/blockquote>\n<p><script async src=\"https:\/\/platform.twitter.com\/widgets.js\" charset=\"utf-8\"><\/script><\/p>\n<h2 style=\"text-align: justify;\">R\u00e9\u00e9ducation toujours en cours<\/h2>\n<p style=\"text-align: justify;\">Pr\u00e8s de 7 mois apr\u00e8s son spectaculaire accident, les stigmates de ses multiples fractures \u00e0 l&rsquo;hum\u00e9rus droit se font toujours ressentir. Au-del\u00e0 de son retour pr\u00e9matur\u00e9, seulement quatre jours apr\u00e8s son op\u00e9ration, son accident domestique, ses multiples interventions chirurgicales et son infection ont rendu sa p\u00e9riode de convalescence bien plus importante que ce qu&rsquo;elle devait \u00eatre initialement. <strong>Marc Marquez<\/strong> a effectivement manqu\u00e9 de chance en plus de son malheur. C&rsquo;est pourquoi il est encore en p\u00e9riode de r\u00e9\u00e9ducation, ce qui l&#8217;emp\u00eache de reprendre des entra\u00eenements ad\u00e9quats afin de remonter sur sa moto.<\/p>\n<h2 style=\"text-align: justify;\">Absent pour les test hivernaux, incertain pour le GP du Qatar<\/h2>\n<p style=\"text-align: justify;\">Ces encha\u00eenements de malchance font que le sextuple champion du monde de <strong>MotoGP<\/strong> a d&rsquo;ores et d\u00e9j\u00e0 d\u00fb renoncer aux essais hivernaux pr\u00e9vus \u00e0 partir du 6 mars 2021. La m\u00e9fiance des m\u00e9decins du pilote Honda quant \u00e0 son retour nous permet de nous questionner sur l&rsquo;\u00e9volution de sa blessure. Il n&rsquo;est d&rsquo;ailleurs toujours pas certain qu&rsquo;il sera pr\u00e9sent pour la grande rentr\u00e9e le 28 mars au Qatar. M\u00eame si ses fans peuvent garder espoir, le <strong>Marc Marquez<\/strong> version 2021 risquera d&rsquo;\u00eatre quelque peu moins performant qu&rsquo;\u00e0 l&rsquo;accoutum\u00e9e. Cela est tout \u00e0 fait compr\u00e9hensible et logique compte tenu de l&rsquo;ampleur de la blessure et de sa longue absence des circuits.<\/p>\n<h2 style=\"text-align: justify;\">\u00ab Je ne vais pas arriver \u00e0 la premi\u00e8re course avec l&rsquo;objectif de gagner \u00bb<\/h2>\n<p style=\"text-align: justify;\">M\u00eame s&rsquo;il semble impatient de remonter sur sa moto, l&rsquo;Espagnol \u00e2g\u00e9 de 28 ans reste tr\u00e8s terre \u00e0 terre quant \u00e0 ses chances pour la saison \u00e0 venir. Il sait que son retour au top niveau prendra du temps et semble se focaliser sur ses sensations et sur le plaisir de piloter de nouveau sa Honda.<\/p>\n<blockquote>\n<p style=\"text-align: justify;\">La pression, on se la met soi-m\u00eame. Je ne vais pas arriver \u00e0 la premi\u00e8re course avec l&rsquo;objectif de gagner, ce ne serait pas r\u00e9aliste. L&rsquo;objectif est de remonter sur la moto et de recommencer \u00e0 m&rsquo;amuser, puis petit \u00e0 petit d&rsquo;essayer d&rsquo;\u00eatre \u00e0 nouveau le Marc que j&rsquo;\u00e9tais avant. Pour ce qui est de me battre pour des podiums et des victoires, je ne sais pas combien de temps cela va prendre. Voil\u00e0 la pression que je me mets.<\/p>\n<\/blockquote>\n<p style=\"text-align: justify;\">C&rsquo;est donc un <strong>Marc Marquez<\/strong> tr\u00e8s prudent et tr\u00e8s pragmatique que l&rsquo;on retrouve sur la sc\u00e8ne m\u00e9diatique. Ce retour ne sera pas sans r\u00e9jouir ses fans mais ils devront probablement patienter encore avant de retrouver, sur les circuits, la star de la Moto GP. Mais une fois de retour, sera-t-il en mesure d&rsquo;aller \u00e9crire de nouvelles lignes \u00e0 sa l\u00e9gende d\u00e9j\u00e0 bien garnie ?<\/p>\n<p><b><i><strong><em>Tanguy Le Jeune<br \/>\n<a href=\"https:\/\/twitter.com\/LeJeuneT_\"><img loading=\"lazy\" decoding=\"async\" class=\"alignnone wp-image-2908\" src=\"https:\/\/i1.wp.com\/dicodusport.fr\/blog\/wp-content\/uploads\/2017\/07\/logo-twitter.png?resize=38%2C38\" alt=\"\" width=\"38\" height=\"38\" \/><\/a><a href=\"https:\/\/www.instagram.com\/tanguyljn_\/\"><img loading=\"lazy\" decoding=\"async\" class=\"alignnone wp-image-3709\" src=\"https:\/\/i0.wp.com\/dicodusport.fr\/blog\/wp-content\/uploads\/2017\/08\/signature-instagram.png?resize=38%2C38&amp;ssl=1\" sizes=\"auto, (max-width: 38px) 100vw, 38px\" srcset=\"https:\/\/i0.wp.com\/dicodusport.fr\/blog\/wp-content\/uploads\/2017\/08\/signature-instagram.png?resize=38%2C38&amp;ssl=1 283w, https:\/\/dicodusport.fr\/blog\/wp-content\/uploads\/2017\/08\/signature-instagram-150x150.png 150w\" alt=\"\" width=\"38\" height=\"38\" \/><\/a><\/em><\/strong>\u00a0<\/i><\/b><\/p>\n","protected":false},"excerpt":{"rendered":"<p>MOTOGP 2021 &#8211; A quelques semaines de la reprise du championnat de Moto GP, la situation de Marc Marquez reste assez floue. Annonc\u00e9 r\u00e9cemment incertain pour le premier Grand Prix de la saison au Qatar le 28 mars, l&rsquo;ann\u00e9e 2021 s&rsquo;annonce d\u00e9j\u00e0 compliqu\u00e9e pour le pilote espagnol. Mais alors, o\u00f9 en est Marc Marquez ?<\/p>\n","protected":false},"author":46,"featured_media":109121,"comment_status":"open","ping_status":"closed","sticky":false,"template":"","format":"standard","meta":{"_acf_changed":false,"_daextam_enable_autolinks":"","footnotes":""},"categories":[47087],"tags":[4775,7796,4736],"class_list":["post-109056","post","type-post","status-publish","format-standard","has-post-thumbnail","hentry","category-motogp","tag-marc-marquez","tag-marquez","tag-moto-gp"],"acf":[],"yoast_head":"<!-- This site is optimized with the Yoast SEO Premium plugin v26.7 (Yoast SEO v26.7) - https:\/\/yoast.com\/wordpress\/plugins\/seo\/ -->\n<title>MotoGP : O\u00f9 en est Marc Marquez ?<\/title>\n<meta name=\"description\" content=\"MOTOGP - Forfait pour les essais hivernaux le 6 mars prochain, Marquez ne voit toujours pas le bout du tunnel. Mais o\u00f9 en est le pilote espagnol ?\" \/>\n<meta name=\"robots\" content=\"index, follow, max-snippet:-1, max-image-preview:large, max-video-preview:-1\" \/>\n<link rel=\"canonical\" href=\"https:\/\/dicodusport.fr\/blog\/motogp-ou-en-est-marc-marquez\/\" \/>\n<meta property=\"og:locale\" content=\"fr_FR\" \/>\n<meta property=\"og:type\" content=\"article\" \/>\n<meta property=\"og:title\" content=\"MotoGP : O\u00f9 en est Marc Marquez ?\" \/>\n<meta property=\"og:description\" content=\"MOTOGP - Forfait pour les essais hivernaux le 6 mars prochain, Marquez ne voit toujours pas le bout du tunnel. Mais o\u00f9 en est le pilote espagnol ?\" \/>\n<meta property=\"og:url\" content=\"https:\/\/dicodusport.fr\/blog\/motogp-ou-en-est-marc-marquez\/\" \/>\n<meta property=\"og:site_name\" content=\"Dicodusport\" \/>\n<meta property=\"article:publisher\" content=\"https:\/\/www.facebook.com\/dicodusport\" \/>\n<meta property=\"article:published_time\" content=\"2021-02-25T07:51:09+00:00\" \/>\n<meta property=\"og:image\" content=\"https:\/\/dicodusport.fr\/blog\/wp-content\/uploads\/2021\/02\/MotoGP-Ou-en-est-Marc-Marquez.png\" \/>\n\t<meta property=\"og:image:width\" content=\"800\" \/>\n\t<meta property=\"og:image:height\" content=\"445\" \/>\n\t<meta property=\"og:image:type\" content=\"image\/png\" \/>\n<meta name=\"author\" content=\"Tanguy Le Jeune\" \/>\n<meta name=\"twitter:card\" content=\"summary_large_image\" \/>\n<meta name=\"twitter:title\" content=\"MotoGP : O\u00f9 en est Marc Marquez ?\" \/>\n<meta name=\"twitter:creator\" content=\"@https:\/\/twitter.com\/LeJeuneT_\" \/>\n<meta name=\"twitter:site\" content=\"@dicodusport\" \/>\n<script type=\"application\/ld+json\" class=\"yoast-schema-graph\">{\"@context\":\"https:\/\/schema.org\",\"@graph\":[{\"@type\":\"NewsArticle\",\"@id\":\"https:\/\/dicodusport.fr\/blog\/motogp-ou-en-est-marc-marquez\/#article\",\"isPartOf\":{\"@id\":\"https:\/\/dicodusport.fr\/blog\/motogp-ou-en-est-marc-marquez\/\"},\"author\":{\"name\":\"Tanguy Le Jeune\",\"@id\":\"https:\/\/dicodusport.fr\/blog\/#\/schema\/person\/37ea0f6075559930024fec7c0f79e8f2\"},\"headline\":\"MotoGP : O\u00f9 en est Marc Marquez ?\",\"datePublished\":\"2021-02-25T07:51:09+00:00\",\"mainEntityOfPage\":{\"@id\":\"https:\/\/dicodusport.fr\/blog\/motogp-ou-en-est-marc-marquez\/\"},\"wordCount\":692,\"commentCount\":0,\"publisher\":{\"@id\":\"https:\/\/dicodusport.fr\/blog\/#organization\"},\"image\":{\"@id\":\"https:\/\/dicodusport.fr\/blog\/motogp-ou-en-est-marc-marquez\/#primaryimage\"},\"thumbnailUrl\":\"https:\/\/dicodusport.fr\/blog\/wp-content\/uploads\/2021\/02\/MotoGP-Ou-en-est-Marc-Marquez.png\",\"keywords\":[\"Marc Marquez\",\"Marquez\",\"Moto GP\"],\"articleSection\":[\"MotoGP\"],\"inLanguage\":\"fr-FR\",\"potentialAction\":[{\"@type\":\"CommentAction\",\"name\":\"Comment\",\"target\":[\"https:\/\/dicodusport.fr\/blog\/motogp-ou-en-est-marc-marquez\/#respond\"]}],\"copyrightYear\":\"2021\",\"copyrightHolder\":{\"@id\":\"https:\/\/dicodusport.fr\/blog\/#organization\"}},{\"@type\":\"WebPage\",\"@id\":\"https:\/\/dicodusport.fr\/blog\/motogp-ou-en-est-marc-marquez\/\",\"url\":\"https:\/\/dicodusport.fr\/blog\/motogp-ou-en-est-marc-marquez\/\",\"name\":\"MotoGP : O\u00f9 en est Marc Marquez ?\",\"isPartOf\":{\"@id\":\"https:\/\/dicodusport.fr\/blog\/#website\"},\"primaryImageOfPage\":{\"@id\":\"https:\/\/dicodusport.fr\/blog\/motogp-ou-en-est-marc-marquez\/#primaryimage\"},\"image\":{\"@id\":\"https:\/\/dicodusport.fr\/blog\/motogp-ou-en-est-marc-marquez\/#primaryimage\"},\"thumbnailUrl\":\"https:\/\/dicodusport.fr\/blog\/wp-content\/uploads\/2021\/02\/MotoGP-Ou-en-est-Marc-Marquez.png\",\"datePublished\":\"2021-02-25T07:51:09+00:00\",\"description\":\"MOTOGP - Forfait pour les essais hivernaux le 6 mars prochain, Marquez ne voit toujours pas le bout du tunnel. Mais o\u00f9 en est le pilote espagnol ?\",\"breadcrumb\":{\"@id\":\"https:\/\/dicodusport.fr\/blog\/motogp-ou-en-est-marc-marquez\/#breadcrumb\"},\"inLanguage\":\"fr-FR\",\"potentialAction\":[{\"@type\":\"ReadAction\",\"target\":[\"https:\/\/dicodusport.fr\/blog\/motogp-ou-en-est-marc-marquez\/\"]}]},{\"@type\":\"ImageObject\",\"inLanguage\":\"fr-FR\",\"@id\":\"https:\/\/dicodusport.fr\/blog\/motogp-ou-en-est-marc-marquez\/#primaryimage\",\"url\":\"https:\/\/dicodusport.fr\/blog\/wp-content\/uploads\/2021\/02\/MotoGP-Ou-en-est-Marc-Marquez.png\",\"contentUrl\":\"https:\/\/dicodusport.fr\/blog\/wp-content\/uploads\/2021\/02\/MotoGP-Ou-en-est-Marc-Marquez.png\",\"width\":800,\"height\":445,\"caption\":\"MotoGP - O\u00f9 en est Marc Marquez\"},{\"@type\":\"BreadcrumbList\",\"@id\":\"https:\/\/dicodusport.fr\/blog\/motogp-ou-en-est-marc-marquez\/#breadcrumb\",\"itemListElement\":[{\"@type\":\"ListItem\",\"position\":1,\"name\":\"Accueil\",\"item\":\"https:\/\/dicodusport.fr\/blog\/\"},{\"@type\":\"ListItem\",\"position\":2,\"name\":\"MotoGP : O\u00f9 en est Marc Marquez ?\"}]},{\"@type\":\"WebSite\",\"@id\":\"https:\/\/dicodusport.fr\/blog\/#website\",\"url\":\"https:\/\/dicodusport.fr\/blog\/\",\"name\":\"Dicodusport\",\"description\":\"L&#039;encyclop\u00e9die de l&#039;actualit\u00e9 sportive\",\"publisher\":{\"@id\":\"https:\/\/dicodusport.fr\/blog\/#organization\"},\"potentialAction\":[{\"@type\":\"SearchAction\",\"target\":{\"@type\":\"EntryPoint\",\"urlTemplate\":\"https:\/\/dicodusport.fr\/blog\/?s={search_term_string}\"},\"query-input\":{\"@type\":\"PropertyValueSpecification\",\"valueRequired\":true,\"valueName\":\"search_term_string\"}}],\"inLanguage\":\"fr-FR\"},{\"@type\":\"NewsMediaOrganization\",\"@id\":\"https:\/\/dicodusport.fr\/blog\/#organization\",\"name\":\"Dicodusport\",\"url\":\"https:\/\/dicodusport.fr\/blog\/\",\"logo\":{\"@type\":\"ImageObject\",\"inLanguage\":\"fr-FR\",\"@id\":\"https:\/\/dicodusport.fr\/blog\/#\/schema\/logo\/image\/\",\"url\":\"https:\/\/dicodusport.fr\/blog\/wp-content\/uploads\/2020\/06\/cropped-LOGO-DICODUSPORT-2020-SANS-FOND-SANS-TEXTE.png\",\"contentUrl\":\"https:\/\/dicodusport.fr\/blog\/wp-content\/uploads\/2020\/06\/cropped-LOGO-DICODUSPORT-2020-SANS-FOND-SANS-TEXTE.png\",\"width\":512,\"height\":512,\"caption\":\"Dicodusport\"},\"image\":{\"@id\":\"https:\/\/dicodusport.fr\/blog\/#\/schema\/logo\/image\/\"},\"sameAs\":[\"https:\/\/www.facebook.com\/dicodusport\",\"https:\/\/x.com\/dicodusport\",\"https:\/\/www.instagram.com\/dicodusport\/\",\"https:\/\/www.youtube.com\/channel\/UC7V2KZ5sd3htJivAbA4ZG3w\"],\"description\":\"Dicodusport est l'encyclop\u00e9die de l'actualit\u00e9 sportive.\",\"email\":\"bonjour@dicodusport.fr\",\"legalName\":\"DICODUSPORT\",\"foundingDate\":\"2018-01-14\",\"vatID\":\"FR71834470973\",\"taxID\":\"83447097300043\",\"numberOfEmployees\":{\"@type\":\"QuantitativeValue\",\"minValue\":\"1\",\"maxValue\":\"10\"}},{\"@type\":\"Person\",\"@id\":\"https:\/\/dicodusport.fr\/blog\/#\/schema\/person\/37ea0f6075559930024fec7c0f79e8f2\",\"name\":\"Tanguy Le Jeune\",\"image\":{\"@type\":\"ImageObject\",\"inLanguage\":\"fr-FR\",\"@id\":\"https:\/\/dicodusport.fr\/blog\/#\/schema\/person\/image\/\",\"url\":\"https:\/\/dicodusport.fr\/blog\/wp-content\/uploads\/2021\/05\/Tanguy-Le-Jeune-150x150.jpg\",\"contentUrl\":\"https:\/\/dicodusport.fr\/blog\/wp-content\/uploads\/2021\/05\/Tanguy-Le-Jeune-150x150.jpg\",\"caption\":\"Tanguy Le Jeune\"},\"description\":\"Journaliste\/r\u00e9dacteur depuis novembre 2020 - Lionel Messi, Kobe Bryant, Lewis Hamilton. Quel rapport entre ces trois l\u00e9gendes ? Aucun, hormis leur statut de l\u00e9gende. Mais, pour moi, ces stars ont quelque chose en commun. Ce sont mes idoles, mes exemples et les grands cr\u00e9ateurs de ma passion pour le sport. Malgr\u00e9 mon cruel manque de talent pour pratiquer le sport au haut niveau, mon amour et ma passion me poussent, chaque jour, \u00e0 vous partager l\u2019actualit\u00e9 au travers de ce que je sais probablement faire le mieux : \u00e9crire.\",\"sameAs\":[\"https:\/\/www.instagram.com\/tanguyljn_\/\",\"https:\/\/x.com\/https:\/\/twitter.com\/LeJeuneT_\"],\"url\":\"https:\/\/dicodusport.fr\/blog\/author\/tanguylj\/\"}]}<\/script>\n<!-- \/ Yoast SEO Premium plugin. -->","yoast_head_json":{"title":"MotoGP : O\u00f9 en est Marc Marquez ?","description":"MOTOGP - Forfait pour les essais hivernaux le 6 mars prochain, Marquez ne voit toujours pas le bout du tunnel. Mais o\u00f9 en est le pilote espagnol ?","robots":{"index":"index","follow":"follow","max-snippet":"max-snippet:-1","max-image-preview":"max-image-preview:large","max-video-preview":"max-video-preview:-1"},"canonical":"https:\/\/dicodusport.fr\/blog\/motogp-ou-en-est-marc-marquez\/","og_locale":"fr_FR","og_type":"article","og_title":"MotoGP : O\u00f9 en est Marc Marquez ?","og_description":"MOTOGP - Forfait pour les essais hivernaux le 6 mars prochain, Marquez ne voit toujours pas le bout du tunnel. Mais o\u00f9 en est le pilote espagnol ?","og_url":"https:\/\/dicodusport.fr\/blog\/motogp-ou-en-est-marc-marquez\/","og_site_name":"Dicodusport","article_publisher":"https:\/\/www.facebook.com\/dicodusport","article_published_time":"2021-02-25T07:51:09+00:00","og_image":[{"width":800,"height":445,"url":"https:\/\/dicodusport.fr\/blog\/wp-content\/uploads\/2021\/02\/MotoGP-Ou-en-est-Marc-Marquez.png","type":"image\/png"}],"author":"Tanguy Le Jeune","twitter_card":"summary_large_image","twitter_title":"MotoGP : O\u00f9 en est Marc Marquez ?","twitter_creator":"@https:\/\/twitter.com\/LeJeuneT_","twitter_site":"@dicodusport","schema":{"@context":"https:\/\/schema.org","@graph":[{"@type":"NewsArticle","@id":"https:\/\/dicodusport.fr\/blog\/motogp-ou-en-est-marc-marquez\/#article","isPartOf":{"@id":"https:\/\/dicodusport.fr\/blog\/motogp-ou-en-est-marc-marquez\/"},"author":{"name":"Tanguy Le Jeune","@id":"https:\/\/dicodusport.fr\/blog\/#\/schema\/person\/37ea0f6075559930024fec7c0f79e8f2"},"headline":"MotoGP : O\u00f9 en est Marc Marquez ?","datePublished":"2021-02-25T07:51:09+00:00","mainEntityOfPage":{"@id":"https:\/\/dicodusport.fr\/blog\/motogp-ou-en-est-marc-marquez\/"},"wordCount":692,"commentCount":0,"publisher":{"@id":"https:\/\/dicodusport.fr\/blog\/#organization"},"image":{"@id":"https:\/\/dicodusport.fr\/blog\/motogp-ou-en-est-marc-marquez\/#primaryimage"},"thumbnailUrl":"https:\/\/dicodusport.fr\/blog\/wp-content\/uploads\/2021\/02\/MotoGP-Ou-en-est-Marc-Marquez.png","keywords":["Marc Marquez","Marquez","Moto GP"],"articleSection":["MotoGP"],"inLanguage":"fr-FR","potentialAction":[{"@type":"CommentAction","name":"Comment","target":["https:\/\/dicodusport.fr\/blog\/motogp-ou-en-est-marc-marquez\/#respond"]}],"copyrightYear":"2021","copyrightHolder":{"@id":"https:\/\/dicodusport.fr\/blog\/#organization"}},{"@type":"WebPage","@id":"https:\/\/dicodusport.fr\/blog\/motogp-ou-en-est-marc-marquez\/","url":"https:\/\/dicodusport.fr\/blog\/motogp-ou-en-est-marc-marquez\/","name":"MotoGP : O\u00f9 en est Marc Marquez ?","isPartOf":{"@id":"https:\/\/dicodusport.fr\/blog\/#website"},"primaryImageOfPage":{"@id":"https:\/\/dicodusport.fr\/blog\/motogp-ou-en-est-marc-marquez\/#primaryimage"},"image":{"@id":"https:\/\/dicodusport.fr\/blog\/motogp-ou-en-est-marc-marquez\/#primaryimage"},"thumbnailUrl":"https:\/\/dicodusport.fr\/blog\/wp-content\/uploads\/2021\/02\/MotoGP-Ou-en-est-Marc-Marquez.png","datePublished":"2021-02-25T07:51:09+00:00","description":"MOTOGP - Forfait pour les essais hivernaux le 6 mars prochain, Marquez ne voit toujours pas le bout du tunnel. Mais o\u00f9 en est le pilote espagnol ?","breadcrumb":{"@id":"https:\/\/dicodusport.fr\/blog\/motogp-ou-en-est-marc-marquez\/#breadcrumb"},"inLanguage":"fr-FR","potentialAction":[{"@type":"ReadAction","target":["https:\/\/dicodusport.fr\/blog\/motogp-ou-en-est-marc-marquez\/"]}]},{"@type":"ImageObject","inLanguage":"fr-FR","@id":"https:\/\/dicodusport.fr\/blog\/motogp-ou-en-est-marc-marquez\/#primaryimage","url":"https:\/\/dicodusport.fr\/blog\/wp-content\/uploads\/2021\/02\/MotoGP-Ou-en-est-Marc-Marquez.png","contentUrl":"https:\/\/dicodusport.fr\/blog\/wp-content\/uploads\/2021\/02\/MotoGP-Ou-en-est-Marc-Marquez.png","width":800,"height":445,"caption":"MotoGP - O\u00f9 en est Marc Marquez"},{"@type":"BreadcrumbList","@id":"https:\/\/dicodusport.fr\/blog\/motogp-ou-en-est-marc-marquez\/#breadcrumb","itemListElement":[{"@type":"ListItem","position":1,"name":"Accueil","item":"https:\/\/dicodusport.fr\/blog\/"},{"@type":"ListItem","position":2,"name":"MotoGP : O\u00f9 en est Marc Marquez ?"}]},{"@type":"WebSite","@id":"https:\/\/dicodusport.fr\/blog\/#website","url":"https:\/\/dicodusport.fr\/blog\/","name":"Dicodusport","description":"L&#039;encyclop\u00e9die de l&#039;actualit\u00e9 sportive","publisher":{"@id":"https:\/\/dicodusport.fr\/blog\/#organization"},"potentialAction":[{"@type":"SearchAction","target":{"@type":"EntryPoint","urlTemplate":"https:\/\/dicodusport.fr\/blog\/?s={search_term_string}"},"query-input":{"@type":"PropertyValueSpecification","valueRequired":true,"valueName":"search_term_string"}}],"inLanguage":"fr-FR"},{"@type":"NewsMediaOrganization","@id":"https:\/\/dicodusport.fr\/blog\/#organization","name":"Dicodusport","url":"https:\/\/dicodusport.fr\/blog\/","logo":{"@type":"ImageObject","inLanguage":"fr-FR","@id":"https:\/\/dicodusport.fr\/blog\/#\/schema\/logo\/image\/","url":"https:\/\/dicodusport.fr\/blog\/wp-content\/uploads\/2020\/06\/cropped-LOGO-DICODUSPORT-2020-SANS-FOND-SANS-TEXTE.png","contentUrl":"https:\/\/dicodusport.fr\/blog\/wp-content\/uploads\/2020\/06\/cropped-LOGO-DICODUSPORT-2020-SANS-FOND-SANS-TEXTE.png","width":512,"height":512,"caption":"Dicodusport"},"image":{"@id":"https:\/\/dicodusport.fr\/blog\/#\/schema\/logo\/image\/"},"sameAs":["https:\/\/www.facebook.com\/dicodusport","https:\/\/x.com\/dicodusport","https:\/\/www.instagram.com\/dicodusport\/","https:\/\/www.youtube.com\/channel\/UC7V2KZ5sd3htJivAbA4ZG3w"],"description":"Dicodusport est l'encyclop\u00e9die de l'actualit\u00e9 sportive.","email":"bonjour@dicodusport.fr","legalName":"DICODUSPORT","foundingDate":"2018-01-14","vatID":"FR71834470973","taxID":"83447097300043","numberOfEmployees":{"@type":"QuantitativeValue","minValue":"1","maxValue":"10"}},{"@type":"Person","@id":"https:\/\/dicodusport.fr\/blog\/#\/schema\/person\/37ea0f6075559930024fec7c0f79e8f2","name":"Tanguy Le Jeune","image":{"@type":"ImageObject","inLanguage":"fr-FR","@id":"https:\/\/dicodusport.fr\/blog\/#\/schema\/person\/image\/","url":"https:\/\/dicodusport.fr\/blog\/wp-content\/uploads\/2021\/05\/Tanguy-Le-Jeune-150x150.jpg","contentUrl":"https:\/\/dicodusport.fr\/blog\/wp-content\/uploads\/2021\/05\/Tanguy-Le-Jeune-150x150.jpg","caption":"Tanguy Le Jeune"},"description":"Journaliste\/r\u00e9dacteur depuis novembre 2020 - Lionel Messi, Kobe Bryant, Lewis Hamilton. Quel rapport entre ces trois l\u00e9gendes ? Aucun, hormis leur statut de l\u00e9gende. Mais, pour moi, ces stars ont quelque chose en commun. Ce sont mes idoles, mes exemples et les grands cr\u00e9ateurs de ma passion pour le sport. Malgr\u00e9 mon cruel manque de talent pour pratiquer le sport au haut niveau, mon amour et ma passion me poussent, chaque jour, \u00e0 vous partager l\u2019actualit\u00e9 au travers de ce que je sais probablement faire le mieux : \u00e9crire.","sameAs":["https:\/\/www.instagram.com\/tanguyljn_\/","https:\/\/x.com\/https:\/\/twitter.com\/LeJeuneT_"],"url":"https:\/\/dicodusport.fr\/blog\/author\/tanguylj\/"}]}},"_links":{"self":[{"href":"https:\/\/dicodusport.fr\/blog\/wp-json\/wp\/v2\/posts\/109056","targetHints":{"allow":["GET"]}}],"collection":[{"href":"https:\/\/dicodusport.fr\/blog\/wp-json\/wp\/v2\/posts"}],"about":[{"href":"https:\/\/dicodusport.fr\/blog\/wp-json\/wp\/v2\/types\/post"}],"author":[{"embeddable":true,"href":"https:\/\/dicodusport.fr\/blog\/wp-json\/wp\/v2\/users\/46"}],"replies":[{"embeddable":true,"href":"https:\/\/dicodusport.fr\/blog\/wp-json\/wp\/v2\/comments?post=109056"}],"version-history":[{"count":0,"href":"https:\/\/dicodusport.fr\/blog\/wp-json\/wp\/v2\/posts\/109056\/revisions"}],"wp:featuredmedia":[{"embeddable":true,"href":"https:\/\/dicodusport.fr\/blog\/wp-json\/wp\/v2\/media\/109121"}],"wp:attachment":[{"href":"https:\/\/dicodusport.fr\/blog\/wp-json\/wp\/v2\/media?parent=109056"}],"wp:term":[{"taxonomy":"category","embeddable":true,"href":"https:\/\/dicodusport.fr\/blog\/wp-json\/wp\/v2\/categories?post=109056"},{"taxonomy":"post_tag","embeddable":true,"href":"https:\/\/dicodusport.fr\/blog\/wp-json\/wp\/v2\/tags?post=109056"}],"curies":[{"name":"wp","href":"https:\/\/api.w.org\/{rel}","templated":true}]}}