{"id":109117,"date":"2021-02-25T09:11:08","date_gmt":"2021-02-25T08:11:08","guid":{"rendered":"https:\/\/dicodusport.fr\/blog\/?p=109117&#038;preview=true&#038;preview_id=109117"},"modified":"2021-02-25T09:11:08","modified_gmt":"2021-02-25T08:11:08","slug":"lou-jeanmonnot-rejoint-l-equipe-de-france-pour-coupe-du-monde-nove-mesto","status":"publish","type":"post","link":"https:\/\/dicodusport.fr\/blog\/lou-jeanmonnot-rejoint-l-equipe-de-france-pour-coupe-du-monde-nove-mesto\/","title":{"rendered":"Lou Jeanmonnot rejoint l&rsquo;\u00e9quipe de France pour la Coupe du monde de Nove Mesto"},"content":{"rendered":"<p style=\"text-align: justify;\"><strong><em><a href=\"https:\/\/dicodusport.fr\/blog\/biathlon-coupe-du-monde-2020-2021-calendrier-complet\/\" target=\"_blank\" rel=\"noopener\">COUPE DU MONDE DE BIATHLON 2020\/2021<\/a> &#8211; Le staff de l&rsquo;\u00e9quipe de France a d\u00e9voil\u00e9 la composition des \u00e9quipes de France pour la prochaine Coupe du monde \u00e0 Nove Mesto (R\u00e9publique Tch\u00e8que), avec une petite surprise.<\/em><\/strong><\/p>\n<p style=\"text-align: justify;\">Les 10 biathl\u00e8tes pr\u00e9sents aux championnats du monde de Pokljuka seront bien de la partie pour la premi\u00e8re des deux Coupes du monde de Nove Mesto (R\u00e9p. Tch\u00e8que) qui se d\u00e9roulera du 4 au 7 mars. La petite surprise est la premi\u00e8re apparition de <strong>Lou Jeanmonnot<\/strong>, apr\u00e8s plusieurs bons r\u00e9sultats en IBU Cup. La jeune biathl\u00e8te de 22 ans a r\u00e9alis\u00e9 six Top 10 cette saison, dont un podium sur le sprint d&rsquo;Arber en Allemagne.<\/p>\n<h2 style=\"text-align: justify;\">\u00c9quipe de France f\u00e9minine<\/h2>\n<p style=\"text-align: justify;\">Justine Braisaz-Bouchet<br \/>\nJulia Simon<br \/>\nAna\u00efs Chevalier-Bouchet<br \/>\nAna\u00efs Bescond<br \/>\nChlo\u00e9 Chevalier<br \/>\nLou Jeanmonnot<\/p>\n<h2 style=\"text-align: justify;\">\u00c9quipe de France masculine<\/h2>\n<p style=\"text-align: justify;\">\u00c9milien Jacquelin<br \/>\nQuentin Fillon Maillet<br \/>\nAntonin Guigonnat<br \/>\nSimon Desthieux<br \/>\nFabien Claude<\/p>\n<blockquote class=\"twitter-tweet\">\n<p dir=\"ltr\" lang=\"fr\">Voici la s\u00e9lection tricolore pour la prochaine Coupe du Monde de Biathlon \u00e0 Nove Mesto du 4 au 14 mars : <a href=\"https:\/\/t.co\/BW1g3hbqX2\">https:\/\/t.co\/BW1g3hbqX2<\/a> <a href=\"https:\/\/t.co\/jj1t3UafhA\">pic.twitter.com\/jj1t3UafhA<\/a><\/p>\n<p>\u2014 FFS &#8211; F\u00e9d\u00e9ration Fran\u00e7aise de Ski (@FedFranceSki) <a href=\"https:\/\/twitter.com\/FedFranceSki\/status\/1364584974444298241?ref_src=twsrc%5Etfw\">February 24, 2021<\/a><\/p><\/blockquote>\n<p><script async src=\"https:\/\/platform.twitter.com\/widgets.js\" charset=\"utf-8\"><\/script><\/p>\n<p><strong><em>Dicodusport<br \/>\n<a href=\"https:\/\/www.facebook.com\/dicodusport\/\" target=\"_blank\" rel=\"noopener noreferrer\"><img loading=\"lazy\" decoding=\"async\" class=\"alignnone wp-image-2909\" src=\"http:\/\/dicodusport.fr\/blog\/wp-content\/uploads\/2017\/07\/logo-facebook-150x150.png\" alt=\"\" width=\"40\" height=\"40\" \/><\/a><a href=\"https:\/\/twitter.com\/dicodusport\" target=\"_blank\" rel=\"noopener noreferrer\"><img loading=\"lazy\" decoding=\"async\" class=\"alignnone wp-image-2908\" src=\"http:\/\/dicodusport.fr\/blog\/wp-content\/uploads\/2017\/07\/logo-twitter-150x150.png\" alt=\"\" width=\"39\" height=\"39\" \/><\/a><\/em><\/strong><\/p>\n","protected":false},"excerpt":{"rendered":"<p>COUPE DU MONDE DE BIATHLON 2020\/2021 &#8211; Le staff de l&rsquo;\u00e9quipe de France a d\u00e9voil\u00e9 la composition des \u00e9quipes de France pour la prochaine Coupe du monde \u00e0 Nove Mesto (R\u00e9publique Tch\u00e8que), avec une petite surprise.<\/p>\n","protected":false},"author":1,"featured_media":109133,"comment_status":"open","ping_status":"closed","sticky":false,"template":"","format":"standard","meta":{"_acf_changed":false,"_daextam_enable_autolinks":"","footnotes":""},"categories":[47040],"tags":[2865,7304,6928],"class_list":["post-109117","post","type-post","status-publish","format-standard","has-post-thumbnail","hentry","category-coupe-du-monde-de-biathlon","tag-equipe-de-france-de-biathlon","tag-lou-jeanmonnot","tag-nove-mesto"],"acf":[],"yoast_head":"<!-- This site is optimized with the Yoast SEO Premium plugin v26.7 (Yoast SEO v26.7) - https:\/\/yoast.com\/wordpress\/plugins\/seo\/ -->\n<title>Lou Jeanmonnot rejoint l&#039;\u00e9quipe de France pour la Coupe du monde de Nove Mesto<\/title>\n<meta name=\"description\" content=\"COUPE DU MONDE DE BIATHLON 2020\/2021 - Le staff de l&#039;\u00e9quipe de France a d\u00e9voil\u00e9 la composition des \u00e9quipes de France pour la prochaine Coupe du monde \u00e0 Nove Mesto (R\u00e9publique Tch\u00e8que).\" \/>\n<meta name=\"robots\" content=\"index, follow, max-snippet:-1, max-image-preview:large, max-video-preview:-1\" \/>\n<link rel=\"canonical\" href=\"https:\/\/dicodusport.fr\/blog\/lou-jeanmonnot-rejoint-l-equipe-de-france-pour-coupe-du-monde-nove-mesto\/\" \/>\n<meta property=\"og:locale\" content=\"fr_FR\" \/>\n<meta property=\"og:type\" content=\"article\" \/>\n<meta property=\"og:title\" content=\"Lou Jeanmonnot rejoint l&#039;\u00e9quipe de France pour la Coupe du monde de Nove Mesto\" \/>\n<meta property=\"og:description\" content=\"COUPE DU MONDE DE BIATHLON 2020\/2021 - Le staff de l&#039;\u00e9quipe de France a d\u00e9voil\u00e9 la composition des \u00e9quipes de France pour la prochaine Coupe du monde \u00e0 Nove Mesto (R\u00e9publique Tch\u00e8que).\" \/>\n<meta property=\"og:url\" content=\"https:\/\/dicodusport.fr\/blog\/lou-jeanmonnot-rejoint-l-equipe-de-france-pour-coupe-du-monde-nove-mesto\/\" \/>\n<meta property=\"og:site_name\" content=\"Dicodusport\" \/>\n<meta property=\"article:publisher\" content=\"https:\/\/www.facebook.com\/dicodusport\" \/>\n<meta property=\"article:author\" content=\"https:\/\/www.facebook.com\/dicodusport\" \/>\n<meta property=\"article:published_time\" content=\"2021-02-25T08:11:08+00:00\" \/>\n<meta property=\"og:image\" content=\"https:\/\/dicodusport.fr\/blog\/wp-content\/uploads\/2021\/02\/Lou-Jeanmonnot-rejoint-lequipe-de-France-pour-la-Coupe-du-monde-de-Nove-Mesto.png\" \/>\n\t<meta property=\"og:image:width\" content=\"800\" \/>\n\t<meta property=\"og:image:height\" content=\"445\" \/>\n\t<meta property=\"og:image:type\" content=\"image\/png\" \/>\n<meta name=\"author\" content=\"Nicolas Jacquemard\" \/>\n<meta name=\"twitter:card\" content=\"summary_large_image\" \/>\n<meta name=\"twitter:title\" content=\"Lou Jeanmonnot rejoint l&#039;\u00e9quipe de France pour la Coupe du monde de Nove Mesto\" \/>\n<meta name=\"twitter:creator\" content=\"@https:\/\/twitter.com\/Nico_Jacquemard\" \/>\n<meta name=\"twitter:site\" content=\"@dicodusport\" \/>\n<script type=\"application\/ld+json\" class=\"yoast-schema-graph\">{\"@context\":\"https:\/\/schema.org\",\"@graph\":[{\"@type\":\"NewsArticle\",\"@id\":\"https:\/\/dicodusport.fr\/blog\/lou-jeanmonnot-rejoint-l-equipe-de-france-pour-coupe-du-monde-nove-mesto\/#article\",\"isPartOf\":{\"@id\":\"https:\/\/dicodusport.fr\/blog\/lou-jeanmonnot-rejoint-l-equipe-de-france-pour-coupe-du-monde-nove-mesto\/\"},\"author\":{\"name\":\"Nicolas Jacquemard\",\"@id\":\"https:\/\/dicodusport.fr\/blog\/#\/schema\/person\/55dcb50ad410894e431ed812bbb70191\"},\"headline\":\"Lou Jeanmonnot rejoint l&rsquo;\u00e9quipe de France pour la Coupe du monde de Nove Mesto\",\"datePublished\":\"2021-02-25T08:11:08+00:00\",\"mainEntityOfPage\":{\"@id\":\"https:\/\/dicodusport.fr\/blog\/lou-jeanmonnot-rejoint-l-equipe-de-france-pour-coupe-du-monde-nove-mesto\/\"},\"wordCount\":211,\"commentCount\":0,\"publisher\":{\"@id\":\"https:\/\/dicodusport.fr\/blog\/#organization\"},\"image\":{\"@id\":\"https:\/\/dicodusport.fr\/blog\/lou-jeanmonnot-rejoint-l-equipe-de-france-pour-coupe-du-monde-nove-mesto\/#primaryimage\"},\"thumbnailUrl\":\"https:\/\/dicodusport.fr\/blog\/wp-content\/uploads\/2021\/02\/Lou-Jeanmonnot-rejoint-lequipe-de-France-pour-la-Coupe-du-monde-de-Nove-Mesto.png\",\"keywords\":[\"Equipe de France de Biathlon\",\"Lou Jeanmonnot\",\"Nove Mesto\"],\"articleSection\":[\"Coupe du monde de biathlon\"],\"inLanguage\":\"fr-FR\",\"potentialAction\":[{\"@type\":\"CommentAction\",\"name\":\"Comment\",\"target\":[\"https:\/\/dicodusport.fr\/blog\/lou-jeanmonnot-rejoint-l-equipe-de-france-pour-coupe-du-monde-nove-mesto\/#respond\"]}],\"copyrightYear\":\"2021\",\"copyrightHolder\":{\"@id\":\"https:\/\/dicodusport.fr\/blog\/#organization\"}},{\"@type\":\"WebPage\",\"@id\":\"https:\/\/dicodusport.fr\/blog\/lou-jeanmonnot-rejoint-l-equipe-de-france-pour-coupe-du-monde-nove-mesto\/\",\"url\":\"https:\/\/dicodusport.fr\/blog\/lou-jeanmonnot-rejoint-l-equipe-de-france-pour-coupe-du-monde-nove-mesto\/\",\"name\":\"Lou Jeanmonnot rejoint l'\u00e9quipe de France pour la Coupe du monde de Nove Mesto\",\"isPartOf\":{\"@id\":\"https:\/\/dicodusport.fr\/blog\/#website\"},\"primaryImageOfPage\":{\"@id\":\"https:\/\/dicodusport.fr\/blog\/lou-jeanmonnot-rejoint-l-equipe-de-france-pour-coupe-du-monde-nove-mesto\/#primaryimage\"},\"image\":{\"@id\":\"https:\/\/dicodusport.fr\/blog\/lou-jeanmonnot-rejoint-l-equipe-de-france-pour-coupe-du-monde-nove-mesto\/#primaryimage\"},\"thumbnailUrl\":\"https:\/\/dicodusport.fr\/blog\/wp-content\/uploads\/2021\/02\/Lou-Jeanmonnot-rejoint-lequipe-de-France-pour-la-Coupe-du-monde-de-Nove-Mesto.png\",\"datePublished\":\"2021-02-25T08:11:08+00:00\",\"description\":\"COUPE DU MONDE DE BIATHLON 2020\/2021 - Le staff de l'\u00e9quipe de France a d\u00e9voil\u00e9 la composition des \u00e9quipes de France pour la prochaine Coupe du monde \u00e0 Nove Mesto (R\u00e9publique Tch\u00e8que).\",\"breadcrumb\":{\"@id\":\"https:\/\/dicodusport.fr\/blog\/lou-jeanmonnot-rejoint-l-equipe-de-france-pour-coupe-du-monde-nove-mesto\/#breadcrumb\"},\"inLanguage\":\"fr-FR\",\"potentialAction\":[{\"@type\":\"ReadAction\",\"target\":[\"https:\/\/dicodusport.fr\/blog\/lou-jeanmonnot-rejoint-l-equipe-de-france-pour-coupe-du-monde-nove-mesto\/\"]}]},{\"@type\":\"ImageObject\",\"inLanguage\":\"fr-FR\",\"@id\":\"https:\/\/dicodusport.fr\/blog\/lou-jeanmonnot-rejoint-l-equipe-de-france-pour-coupe-du-monde-nove-mesto\/#primaryimage\",\"url\":\"https:\/\/dicodusport.fr\/blog\/wp-content\/uploads\/2021\/02\/Lou-Jeanmonnot-rejoint-lequipe-de-France-pour-la-Coupe-du-monde-de-Nove-Mesto.png\",\"contentUrl\":\"https:\/\/dicodusport.fr\/blog\/wp-content\/uploads\/2021\/02\/Lou-Jeanmonnot-rejoint-lequipe-de-France-pour-la-Coupe-du-monde-de-Nove-Mesto.png\",\"width\":800,\"height\":445,\"caption\":\"Lou Jeanmonnot rejoint l'\u00e9quipe de France pour la Coupe du monde de Nove Mesto\"},{\"@type\":\"BreadcrumbList\",\"@id\":\"https:\/\/dicodusport.fr\/blog\/lou-jeanmonnot-rejoint-l-equipe-de-france-pour-coupe-du-monde-nove-mesto\/#breadcrumb\",\"itemListElement\":[{\"@type\":\"ListItem\",\"position\":1,\"name\":\"Accueil\",\"item\":\"https:\/\/dicodusport.fr\/blog\/\"},{\"@type\":\"ListItem\",\"position\":2,\"name\":\"Lou Jeanmonnot rejoint l&rsquo;\u00e9quipe de France pour la Coupe du monde de Nove Mesto\"}]},{\"@type\":\"WebSite\",\"@id\":\"https:\/\/dicodusport.fr\/blog\/#website\",\"url\":\"https:\/\/dicodusport.fr\/blog\/\",\"name\":\"Dicodusport\",\"description\":\"L&#039;encyclop\u00e9die de l&#039;actualit\u00e9 sportive\",\"publisher\":{\"@id\":\"https:\/\/dicodusport.fr\/blog\/#organization\"},\"potentialAction\":[{\"@type\":\"SearchAction\",\"target\":{\"@type\":\"EntryPoint\",\"urlTemplate\":\"https:\/\/dicodusport.fr\/blog\/?s={search_term_string}\"},\"query-input\":{\"@type\":\"PropertyValueSpecification\",\"valueRequired\":true,\"valueName\":\"search_term_string\"}}],\"inLanguage\":\"fr-FR\"},{\"@type\":\"NewsMediaOrganization\",\"@id\":\"https:\/\/dicodusport.fr\/blog\/#organization\",\"name\":\"Dicodusport\",\"url\":\"https:\/\/dicodusport.fr\/blog\/\",\"logo\":{\"@type\":\"ImageObject\",\"inLanguage\":\"fr-FR\",\"@id\":\"https:\/\/dicodusport.fr\/blog\/#\/schema\/logo\/image\/\",\"url\":\"https:\/\/dicodusport.fr\/blog\/wp-content\/uploads\/2020\/06\/cropped-LOGO-DICODUSPORT-2020-SANS-FOND-SANS-TEXTE.png\",\"contentUrl\":\"https:\/\/dicodusport.fr\/blog\/wp-content\/uploads\/2020\/06\/cropped-LOGO-DICODUSPORT-2020-SANS-FOND-SANS-TEXTE.png\",\"width\":512,\"height\":512,\"caption\":\"Dicodusport\"},\"image\":{\"@id\":\"https:\/\/dicodusport.fr\/blog\/#\/schema\/logo\/image\/\"},\"sameAs\":[\"https:\/\/www.facebook.com\/dicodusport\",\"https:\/\/x.com\/dicodusport\",\"https:\/\/www.instagram.com\/dicodusport\/\",\"https:\/\/www.youtube.com\/channel\/UC7V2KZ5sd3htJivAbA4ZG3w\"],\"description\":\"Dicodusport est l'encyclop\u00e9die de l'actualit\u00e9 sportive.\",\"email\":\"bonjour@dicodusport.fr\",\"legalName\":\"DICODUSPORT\",\"foundingDate\":\"2018-01-14\",\"vatID\":\"FR71834470973\",\"taxID\":\"83447097300043\",\"numberOfEmployees\":{\"@type\":\"QuantitativeValue\",\"minValue\":\"1\",\"maxValue\":\"10\"}},{\"@type\":\"Person\",\"@id\":\"https:\/\/dicodusport.fr\/blog\/#\/schema\/person\/55dcb50ad410894e431ed812bbb70191\",\"name\":\"Nicolas Jacquemard\",\"image\":{\"@type\":\"ImageObject\",\"inLanguage\":\"fr-FR\",\"@id\":\"https:\/\/dicodusport.fr\/blog\/#\/schema\/person\/image\/\",\"url\":\"https:\/\/dicodusport.fr\/blog\/wp-content\/uploads\/2021\/05\/Nicolas-Jacquemard-150x150.jpeg\",\"contentUrl\":\"https:\/\/dicodusport.fr\/blog\/wp-content\/uploads\/2021\/05\/Nicolas-Jacquemard-150x150.jpeg\",\"caption\":\"Nicolas Jacquemard\"},\"description\":\"Passionn\u00e9 de sport et entrepreneur depuis mes 18 ans, la cr\u00e9ation de Dicodusport m'a sembl\u00e9 \u00e9vidente pour participer \u00e0 la m\u00e9diatisation d'un plus grand nombre de sports. Le chemin est long mais avec une \u00e9quipe des plus motiv\u00e9es et les Jeux Olympiques de Paris 2024 en point de mire, nous y arriverons ! Journaliste dans le monde du sport depuis plus de 5 ans, je traite aussi bien de football, de rugby, de biathlon que de cyclisme.\",\"sameAs\":[\"https:\/\/www.facebook.com\/dicodusport\",\"https:\/\/x.com\/https:\/\/twitter.com\/Nico_Jacquemard\"],\"url\":\"https:\/\/dicodusport.fr\/blog\/author\/dicodusport\/\"}]}<\/script>\n<!-- \/ Yoast SEO Premium plugin. -->","yoast_head_json":{"title":"Lou Jeanmonnot rejoint l'\u00e9quipe de France pour la Coupe du monde de Nove Mesto","description":"COUPE DU MONDE DE BIATHLON 2020\/2021 - Le staff de l'\u00e9quipe de France a d\u00e9voil\u00e9 la composition des \u00e9quipes de France pour la prochaine Coupe du monde \u00e0 Nove Mesto (R\u00e9publique Tch\u00e8que).","robots":{"index":"index","follow":"follow","max-snippet":"max-snippet:-1","max-image-preview":"max-image-preview:large","max-video-preview":"max-video-preview:-1"},"canonical":"https:\/\/dicodusport.fr\/blog\/lou-jeanmonnot-rejoint-l-equipe-de-france-pour-coupe-du-monde-nove-mesto\/","og_locale":"fr_FR","og_type":"article","og_title":"Lou Jeanmonnot rejoint l'\u00e9quipe de France pour la Coupe du monde de Nove Mesto","og_description":"COUPE DU MONDE DE BIATHLON 2020\/2021 - Le staff de l'\u00e9quipe de France a d\u00e9voil\u00e9 la composition des \u00e9quipes de France pour la prochaine Coupe du monde \u00e0 Nove Mesto (R\u00e9publique Tch\u00e8que).","og_url":"https:\/\/dicodusport.fr\/blog\/lou-jeanmonnot-rejoint-l-equipe-de-france-pour-coupe-du-monde-nove-mesto\/","og_site_name":"Dicodusport","article_publisher":"https:\/\/www.facebook.com\/dicodusport","article_author":"https:\/\/www.facebook.com\/dicodusport","article_published_time":"2021-02-25T08:11:08+00:00","og_image":[{"width":800,"height":445,"url":"https:\/\/dicodusport.fr\/blog\/wp-content\/uploads\/2021\/02\/Lou-Jeanmonnot-rejoint-lequipe-de-France-pour-la-Coupe-du-monde-de-Nove-Mesto.png","type":"image\/png"}],"author":"Nicolas Jacquemard","twitter_card":"summary_large_image","twitter_title":"Lou Jeanmonnot rejoint l'\u00e9quipe de France pour la Coupe du monde de Nove Mesto","twitter_creator":"@https:\/\/twitter.com\/Nico_Jacquemard","twitter_site":"@dicodusport","schema":{"@context":"https:\/\/schema.org","@graph":[{"@type":"NewsArticle","@id":"https:\/\/dicodusport.fr\/blog\/lou-jeanmonnot-rejoint-l-equipe-de-france-pour-coupe-du-monde-nove-mesto\/#article","isPartOf":{"@id":"https:\/\/dicodusport.fr\/blog\/lou-jeanmonnot-rejoint-l-equipe-de-france-pour-coupe-du-monde-nove-mesto\/"},"author":{"name":"Nicolas Jacquemard","@id":"https:\/\/dicodusport.fr\/blog\/#\/schema\/person\/55dcb50ad410894e431ed812bbb70191"},"headline":"Lou Jeanmonnot rejoint l&rsquo;\u00e9quipe de France pour la Coupe du monde de Nove Mesto","datePublished":"2021-02-25T08:11:08+00:00","mainEntityOfPage":{"@id":"https:\/\/dicodusport.fr\/blog\/lou-jeanmonnot-rejoint-l-equipe-de-france-pour-coupe-du-monde-nove-mesto\/"},"wordCount":211,"commentCount":0,"publisher":{"@id":"https:\/\/dicodusport.fr\/blog\/#organization"},"image":{"@id":"https:\/\/dicodusport.fr\/blog\/lou-jeanmonnot-rejoint-l-equipe-de-france-pour-coupe-du-monde-nove-mesto\/#primaryimage"},"thumbnailUrl":"https:\/\/dicodusport.fr\/blog\/wp-content\/uploads\/2021\/02\/Lou-Jeanmonnot-rejoint-lequipe-de-France-pour-la-Coupe-du-monde-de-Nove-Mesto.png","keywords":["Equipe de France de Biathlon","Lou Jeanmonnot","Nove Mesto"],"articleSection":["Coupe du monde de biathlon"],"inLanguage":"fr-FR","potentialAction":[{"@type":"CommentAction","name":"Comment","target":["https:\/\/dicodusport.fr\/blog\/lou-jeanmonnot-rejoint-l-equipe-de-france-pour-coupe-du-monde-nove-mesto\/#respond"]}],"copyrightYear":"2021","copyrightHolder":{"@id":"https:\/\/dicodusport.fr\/blog\/#organization"}},{"@type":"WebPage","@id":"https:\/\/dicodusport.fr\/blog\/lou-jeanmonnot-rejoint-l-equipe-de-france-pour-coupe-du-monde-nove-mesto\/","url":"https:\/\/dicodusport.fr\/blog\/lou-jeanmonnot-rejoint-l-equipe-de-france-pour-coupe-du-monde-nove-mesto\/","name":"Lou Jeanmonnot rejoint l'\u00e9quipe de France pour la Coupe du monde de Nove Mesto","isPartOf":{"@id":"https:\/\/dicodusport.fr\/blog\/#website"},"primaryImageOfPage":{"@id":"https:\/\/dicodusport.fr\/blog\/lou-jeanmonnot-rejoint-l-equipe-de-france-pour-coupe-du-monde-nove-mesto\/#primaryimage"},"image":{"@id":"https:\/\/dicodusport.fr\/blog\/lou-jeanmonnot-rejoint-l-equipe-de-france-pour-coupe-du-monde-nove-mesto\/#primaryimage"},"thumbnailUrl":"https:\/\/dicodusport.fr\/blog\/wp-content\/uploads\/2021\/02\/Lou-Jeanmonnot-rejoint-lequipe-de-France-pour-la-Coupe-du-monde-de-Nove-Mesto.png","datePublished":"2021-02-25T08:11:08+00:00","description":"COUPE DU MONDE DE BIATHLON 2020\/2021 - Le staff de l'\u00e9quipe de France a d\u00e9voil\u00e9 la composition des \u00e9quipes de France pour la prochaine Coupe du monde \u00e0 Nove Mesto (R\u00e9publique Tch\u00e8que).","breadcrumb":{"@id":"https:\/\/dicodusport.fr\/blog\/lou-jeanmonnot-rejoint-l-equipe-de-france-pour-coupe-du-monde-nove-mesto\/#breadcrumb"},"inLanguage":"fr-FR","potentialAction":[{"@type":"ReadAction","target":["https:\/\/dicodusport.fr\/blog\/lou-jeanmonnot-rejoint-l-equipe-de-france-pour-coupe-du-monde-nove-mesto\/"]}]},{"@type":"ImageObject","inLanguage":"fr-FR","@id":"https:\/\/dicodusport.fr\/blog\/lou-jeanmonnot-rejoint-l-equipe-de-france-pour-coupe-du-monde-nove-mesto\/#primaryimage","url":"https:\/\/dicodusport.fr\/blog\/wp-content\/uploads\/2021\/02\/Lou-Jeanmonnot-rejoint-lequipe-de-France-pour-la-Coupe-du-monde-de-Nove-Mesto.png","contentUrl":"https:\/\/dicodusport.fr\/blog\/wp-content\/uploads\/2021\/02\/Lou-Jeanmonnot-rejoint-lequipe-de-France-pour-la-Coupe-du-monde-de-Nove-Mesto.png","width":800,"height":445,"caption":"Lou Jeanmonnot rejoint l'\u00e9quipe de France pour la Coupe du monde de Nove Mesto"},{"@type":"BreadcrumbList","@id":"https:\/\/dicodusport.fr\/blog\/lou-jeanmonnot-rejoint-l-equipe-de-france-pour-coupe-du-monde-nove-mesto\/#breadcrumb","itemListElement":[{"@type":"ListItem","position":1,"name":"Accueil","item":"https:\/\/dicodusport.fr\/blog\/"},{"@type":"ListItem","position":2,"name":"Lou Jeanmonnot rejoint l&rsquo;\u00e9quipe de France pour la Coupe du monde de Nove Mesto"}]},{"@type":"WebSite","@id":"https:\/\/dicodusport.fr\/blog\/#website","url":"https:\/\/dicodusport.fr\/blog\/","name":"Dicodusport","description":"L&#039;encyclop\u00e9die de l&#039;actualit\u00e9 sportive","publisher":{"@id":"https:\/\/dicodusport.fr\/blog\/#organization"},"potentialAction":[{"@type":"SearchAction","target":{"@type":"EntryPoint","urlTemplate":"https:\/\/dicodusport.fr\/blog\/?s={search_term_string}"},"query-input":{"@type":"PropertyValueSpecification","valueRequired":true,"valueName":"search_term_string"}}],"inLanguage":"fr-FR"},{"@type":"NewsMediaOrganization","@id":"https:\/\/dicodusport.fr\/blog\/#organization","name":"Dicodusport","url":"https:\/\/dicodusport.fr\/blog\/","logo":{"@type":"ImageObject","inLanguage":"fr-FR","@id":"https:\/\/dicodusport.fr\/blog\/#\/schema\/logo\/image\/","url":"https:\/\/dicodusport.fr\/blog\/wp-content\/uploads\/2020\/06\/cropped-LOGO-DICODUSPORT-2020-SANS-FOND-SANS-TEXTE.png","contentUrl":"https:\/\/dicodusport.fr\/blog\/wp-content\/uploads\/2020\/06\/cropped-LOGO-DICODUSPORT-2020-SANS-FOND-SANS-TEXTE.png","width":512,"height":512,"caption":"Dicodusport"},"image":{"@id":"https:\/\/dicodusport.fr\/blog\/#\/schema\/logo\/image\/"},"sameAs":["https:\/\/www.facebook.com\/dicodusport","https:\/\/x.com\/dicodusport","https:\/\/www.instagram.com\/dicodusport\/","https:\/\/www.youtube.com\/channel\/UC7V2KZ5sd3htJivAbA4ZG3w"],"description":"Dicodusport est l'encyclop\u00e9die de l'actualit\u00e9 sportive.","email":"bonjour@dicodusport.fr","legalName":"DICODUSPORT","foundingDate":"2018-01-14","vatID":"FR71834470973","taxID":"83447097300043","numberOfEmployees":{"@type":"QuantitativeValue","minValue":"1","maxValue":"10"}},{"@type":"Person","@id":"https:\/\/dicodusport.fr\/blog\/#\/schema\/person\/55dcb50ad410894e431ed812bbb70191","name":"Nicolas Jacquemard","image":{"@type":"ImageObject","inLanguage":"fr-FR","@id":"https:\/\/dicodusport.fr\/blog\/#\/schema\/person\/image\/","url":"https:\/\/dicodusport.fr\/blog\/wp-content\/uploads\/2021\/05\/Nicolas-Jacquemard-150x150.jpeg","contentUrl":"https:\/\/dicodusport.fr\/blog\/wp-content\/uploads\/2021\/05\/Nicolas-Jacquemard-150x150.jpeg","caption":"Nicolas Jacquemard"},"description":"Passionn\u00e9 de sport et entrepreneur depuis mes 18 ans, la cr\u00e9ation de Dicodusport m'a sembl\u00e9 \u00e9vidente pour participer \u00e0 la m\u00e9diatisation d'un plus grand nombre de sports. Le chemin est long mais avec une \u00e9quipe des plus motiv\u00e9es et les Jeux Olympiques de Paris 2024 en point de mire, nous y arriverons ! Journaliste dans le monde du sport depuis plus de 5 ans, je traite aussi bien de football, de rugby, de biathlon que de cyclisme.","sameAs":["https:\/\/www.facebook.com\/dicodusport","https:\/\/x.com\/https:\/\/twitter.com\/Nico_Jacquemard"],"url":"https:\/\/dicodusport.fr\/blog\/author\/dicodusport\/"}]}},"_links":{"self":[{"href":"https:\/\/dicodusport.fr\/blog\/wp-json\/wp\/v2\/posts\/109117","targetHints":{"allow":["GET"]}}],"collection":[{"href":"https:\/\/dicodusport.fr\/blog\/wp-json\/wp\/v2\/posts"}],"about":[{"href":"https:\/\/dicodusport.fr\/blog\/wp-json\/wp\/v2\/types\/post"}],"author":[{"embeddable":true,"href":"https:\/\/dicodusport.fr\/blog\/wp-json\/wp\/v2\/users\/1"}],"replies":[{"embeddable":true,"href":"https:\/\/dicodusport.fr\/blog\/wp-json\/wp\/v2\/comments?post=109117"}],"version-history":[{"count":0,"href":"https:\/\/dicodusport.fr\/blog\/wp-json\/wp\/v2\/posts\/109117\/revisions"}],"wp:featuredmedia":[{"embeddable":true,"href":"https:\/\/dicodusport.fr\/blog\/wp-json\/wp\/v2\/media\/109133"}],"wp:attachment":[{"href":"https:\/\/dicodusport.fr\/blog\/wp-json\/wp\/v2\/media?parent=109117"}],"wp:term":[{"taxonomy":"category","embeddable":true,"href":"https:\/\/dicodusport.fr\/blog\/wp-json\/wp\/v2\/categories?post=109117"},{"taxonomy":"post_tag","embeddable":true,"href":"https:\/\/dicodusport.fr\/blog\/wp-json\/wp\/v2\/tags?post=109117"}],"curies":[{"name":"wp","href":"https:\/\/api.w.org\/{rel}","templated":true}]}}