{"id":109131,"date":"2021-03-07T19:31:16","date_gmt":"2021-03-07T18:31:16","guid":{"rendered":"https:\/\/dicodusport.fr\/blog\/?p=109131&#038;preview=true&#038;preview_id=109131"},"modified":"2021-03-07T20:09:47","modified_gmt":"2021-03-07T19:09:47","slug":"athletisme-championnats-deurope-en-salle-2021-programme-et-resultats","status":"publish","type":"post","link":"https:\/\/dicodusport.fr\/blog\/athletisme-championnats-deurope-en-salle-2021-programme-et-resultats\/","title":{"rendered":"Athl\u00e9tisme &#8211; Championnats d&rsquo;Europe en salle 2021 : programme et r\u00e9sultats"},"content":{"rendered":"<p style=\"text-align: justify;\"><strong><em><a href=\"https:\/\/dicodusport.fr\/definition-sport\/athletisme\/\" target=\"_blank\" rel=\"noopener\">ATHL\u00c9TISME<\/a> &#8211; Les Championnats d&rsquo;Europe en salle ont lieu du jeudi 4 mars au dimanche 7 mars \u00e0 Torun en Pologne. Voici le programme et les r\u00e9sultats.<\/em><\/strong><\/p>\n<hr \/>\n<p><strong>\u00c0 lire aussi <\/strong><\/p>\n<ul>\n<li><strong><a href=\"https:\/\/dicodusport.fr\/blog\/athletisme-championnats-deurope-en-salle-2021-la-selection-francaise\/\" target=\"_blank\" rel=\"noopener\">Championnats d&rsquo;Europe en salle 2021 : la s\u00e9lection fran\u00e7aise<\/a><\/strong><\/li>\n<li><strong><a href=\"https:\/\/dicodusport.fr\/blog\/athletisme-championnats-d-europe-en-salle-2021-tableau-des-medailles\/\" target=\"_blank\" rel=\"noopener\">Championnats d&rsquo;Europe en salle 2021 : le tableau des m\u00e9dailles<\/a><\/strong><\/li>\n<\/ul>\n<hr \/>\n<h3>Retransmission<\/h3>\n<p style=\"text-align: justify;\">Les Championnats sont \u00e0 suivre en int\u00e9gralit\u00e9 sur la <strong><a href=\"https:\/\/european-athletics.com\/live-stream\" target=\"_blank\" rel=\"noopener\">plateforme All athletics<\/a><\/strong> en collaboration avec la f\u00e9d\u00e9ration, ainsi que sur l&rsquo;application et le site internet <strong>France tv sport<\/strong> \u00e0 partir de 19h vendredi, 18h50 samedi et 16h50 dimanche.<\/p>\n<h2 style=\"text-align: justify;\">Le programme complet<\/h2>\n<p style=\"text-align: justify;\"><div class=\"su-tabs su-tabs-style-default su-tabs-mobile-stack\" data-active=\"4\" data-scroll-offset=\"0\" data-anchor-in-url=\"no\"><div class=\"su-tabs-nav\"><span class=\"\" data-url=\"\" data-target=\"blank\" tabindex=\"0\" role=\"button\">Jeudi 4 mars<\/span><span class=\"\" data-url=\"\" data-target=\"blank\" tabindex=\"0\" role=\"button\">Vendredi 5 mars<\/span><span class=\"\" data-url=\"\" data-target=\"blank\" tabindex=\"0\" role=\"button\">Samedi 6 mars<\/span><span class=\"\" data-url=\"\" data-target=\"blank\" tabindex=\"0\" role=\"button\">Dimanche 7 mars<\/span><\/div><div class=\"su-tabs-panes\"><div class=\"su-tabs-pane su-u-clearfix su-u-trim\" data-title=\"Jeudi 4 mars\">\n<p style=\"text-align: justify;\"><strong><span style=\"color: #800080;\">18h30 : C\u00e9r\u00e9monie d&rsquo;ouverture<\/span><br \/>\n19h : <\/strong><a href=\"https:\/\/results.european-athletics.com\/irs\/en\/results\/athletics\/result-high-jump-men-qual-a00100-.htm\" target=\"_blank\" rel=\"noopener\">qualifications saut en hauteur H<\/a><br \/>\n<strong>19h08 : <\/strong><a href=\"https:\/\/results.european-athletics.com\/irs\/en\/results\/athletics\/result-long-jump-men-qual-a00100-.htm\" target=\"_blank\" rel=\"noopener\">qualifications saut en longueur H<\/a><br \/>\n<strong>19h15 :<\/strong> <a href=\"https:\/\/results.european-athletics.com\/irs\/en\/results\/athletics\/result-shot-put-women-qual-a00100-.htm\" target=\"_blank\" rel=\"noopener\">qualifications lancer du poids F<\/a><br \/>\n<strong>19h30 : <\/strong><a href=\"https:\/\/results.european-athletics.com\/irs\/resEICH21-\/pdf\/EICH21-\/ATH\/EICH21-_ATH_C73H_ATHW3000M-------------RND1--------.pdf\" target=\"_blank\" rel=\"noopener\">s\u00e9ries 3000 m F<\/a><strong><br \/>\n20h20 : <\/strong><a href=\"https:\/\/results.european-athletics.com\/irs\/resEICH21-\/pdf\/EICH21-\/ATH\/EICH21-_ATH_C73H_ATHM1500M-------------RND1--------.pdf\" target=\"_blank\" rel=\"noopener\">s\u00e9ries 1500 m H<\/a><\/p>\n<p style=\"text-align: justify;\"><strong><a href=\"https:\/\/dicodusport.fr\/blog\/torun-2021-championnats-deurope-dathletisme-en-salle-alice-finot-en-finale\/\" target=\"_blank\" rel=\"noopener\">R\u00e9sultats fran\u00e7ais de la session 1<\/a><br \/>\n<\/strong><\/div>\n<div class=\"su-tabs-pane su-u-clearfix su-u-trim\" data-title=\"Vendredi 5 mars\">\n<p style=\"text-align: justify;\"><strong>10h : <\/strong><a href=\"https:\/\/results.european-athletics.com\/irs\/resEICH21-\/pdf\/EICH21-\/ATH\/EICH21-_ATH_C73D_ATHWPENTATH-----------60H---------.pdf\" target=\"_blank\" rel=\"noopener\">pentathlon &#8211; 60 m haies F<\/a> <em>&#x1f1eb;&#x1f1f7; C\u00e9lia Perron<\/em><strong><br \/>\n10h11 : <\/strong><a href=\"https:\/\/liveresults.european-athletics.com\/resEICH21-\/pdf\/EICH21-\/ATH\/EICH21-_ATH_C73O_ATHMTRPLJUMP----------QUAL--------.pdf\" target=\"_blank\" rel=\"noopener\">qualifications triple saut H<\/a> <em>&#x1f1eb;&#x1f1f7;<\/em> <em>Marvin Raffin<\/em><br \/>\n<strong>10h13 :<\/strong> <a href=\"https:\/\/liveresults.european-athletics.com\/resEICH21-\/pdf\/EICH21-\/ATH\/EICH21-_ATH_C73B_ATHM400M--------------RND1--------.pdf\" target=\"_blank\" rel=\"noopener\">s\u00e9ries 400 m H<\/a> &#x1f1eb;&#x1f1f7; <em>Thomas Jordier<\/em><br \/>\n<strong>10h52 : <\/strong><a href=\"https:\/\/liveresults.european-athletics.com\/resEICH21-\/pdf\/EICH21-\/ATH\/EICH21-_ATH_C73N_ATHWPENTATH-----------HJ----------.pdf\" target=\"_blank\" rel=\"noopener\">pentathlon &#8211; saut en hauteur<\/a> F <strong>&#x1f1eb;&#x1f1f7; <\/strong><em>C\u00e9lia Perron<\/em><br \/>\n<strong>11h18 : <\/strong><a href=\"https:\/\/liveresults.european-athletics.com\/resEICH21-\/pdf\/EICH21-\/ATH\/EICH21-_ATH_C73R_ATHMSHOTPUT-----------QUAL--------.pdf\" target=\"_blank\" rel=\"noopener\">qualifications lancer du poids<\/a> H<br \/>\n<strong>11h22 : <\/strong><a href=\"https:\/\/liveresults.european-athletics.com\/resEICH21-\/pdf\/EICH21-\/ATH\/EICH21-_ATH_C73B_ATHW400M--------------RND1--------.pdf\" target=\"_blank\" rel=\"noopener\">s\u00e9ries 400 m F<\/a> <em>&#x1f1eb;&#x1f1f7;<\/em> <em>Amandine Brossier<\/em><br \/>\n<strong>12h18 : <\/strong><a href=\"https:\/\/liveresults.european-athletics.com\/resEICH21-\/pdf\/EICH21-\/ATH\/EICH21-_ATH_C73O_ATHWLONGJUMP----------QUAL--------.pdf\" target=\"_blank\" rel=\"noopener\">qualifications saut en longueur F<\/a><br \/>\n<strong>12h22 :<\/strong> <a href=\"https:\/\/liveresults.european-athletics.com\/resEICH21-\/pdf\/EICH21-\/ATH\/EICH21-_ATH_C73H_ATHW1500M-------------RND1--------.pdf\" target=\"_blank\" rel=\"noopener\">s\u00e9ries 1500 m F<\/a><br \/>\n<strong>13h :<\/strong> <a href=\"https:\/\/liveresults.european-athletics.com\/resEICH21-\/pdf\/EICH21-\/ATH\/EICH21-_ATH_C73H_ATHW800M--------------RND1--------.pdf\" target=\"_blank\" rel=\"noopener\">s\u00e9ries 800 m F<\/a><br \/>\n<strong>13h05 :<\/strong> <a href=\"https:\/\/liveresults.european-athletics.com\/resEICH21-\/pdf\/EICH21-\/ATH\/EICH21-_ATH_C73T_ATHWPENTATH-----------SP----------.pdf\" target=\"_blank\" rel=\"noopener\">pentathlon &#8211; lancer du poids F<\/a> <strong>&#x1f1eb;&#x1f1f7; <\/strong><em>C\u00e9lia Perron<\/em><\/p>\n<p><a href=\"https:\/\/dicodusport.fr\/blog\/torun-2021-championnats-deurope-dathletisme-en-salle-deception-chez-les-bleus\/\" target=\"_blank\" rel=\"noopener\"><strong>R\u00e9sultats fran\u00e7ais de la session 2<\/strong><\/a><\/p>\n<p style=\"text-align: justify;\"><strong>19h :<\/strong> <a href=\"https:\/\/liveresults.european-athletics.com\/en\/results\/athletics\/result-pentathlon-women-lj-000100-.htm\" target=\"_blank\" rel=\"noopener\">pentathlon &#8211; longueur F<\/a> <strong>&#x1f1eb;&#x1f1f7;<\/strong>\u00a0<em>C\u00e9lia Perron<\/em><br \/>\n<strong>19h06 : <a href=\"https:\/\/liveresults.european-athletics.com\/en\/results\/athletics\/result-shot-put-women-fnl-000100-.htm\" target=\"_blank\" rel=\"noopener\">finale lancer du poids F<\/a><br \/>\n19h10 : <\/strong><a href=\"https:\/\/liveresults.european-athletics.com\/resEICH21-\/pdf\/EICH21-\/ATH\/EICH21-_ATH_C73B_ATHM400M--------------SFNL--------.pdf\" target=\"_blank\" rel=\"noopener\">demi-finales 400 m H<\/a><br \/>\n<strong>19h13 :<\/strong> <a href=\"https:\/\/liveresults.european-athletics.com\/resEICH21-\/pdf\/EICH21-\/ATH\/EICH21-_ATH_C73L_ATHWHIGHJUMP----------QUAL--------.pdf\" target=\"_blank\" rel=\"noopener\">qualifications saut en hauteur F<\/a><br \/>\n<strong>19h33 :<\/strong> <a href=\"https:\/\/liveresults.european-athletics.com\/resEICH21-\/pdf\/EICH21-\/ATH\/EICH21-_ATH_C73B_ATHW400M--------------SFNL--------.pdf\" target=\"_blank\" rel=\"noopener\">demi-finales 400 m F<\/a><br \/>\n<strong>19h55 :<\/strong> <a href=\"https:\/\/liveresults.european-athletics.com\/resEICH21-\/pdf\/EICH21-\/ATH\/EICH21-_ATH_C73H_ATHM800M--------------RND1--------.pdf\" target=\"_blank\" rel=\"noopener\">s\u00e9ries 800 m H<\/a> <em>&#x1f1eb;&#x1f1f7;<\/em> <em>Benjamin Robert, Pierre-Ambroise Bosse, Nasredine Khatir<\/em><br \/>\n<strong>20h20 : <a href=\"https:\/\/liveresults.european-athletics.com\/en\/results\/athletics\/result-long-jump-men-fnl-000100-.htm\" target=\"_blank\" rel=\"noopener\">finale saut en longueur H<\/a><\/strong><br \/>\n<strong>20h35 : <a href=\"https:\/\/liveresults.european-athletics.com\/resEICH21-\/pdf\/EICH21-\/ATH\/EICH21-_ATH_C73S_ATHMSHOTPUT-----------FNL---------.pdf\" target=\"_blank\" rel=\"noopener\">finale lancer du poids H<\/a><\/strong><br \/>\n<strong>20h45 :\u00a0 <a href=\"https:\/\/liveresults.european-athletics.com\/resEICH21-\/pdf\/EICH21-\/ATH\/EICH21-_ATH_C73U_ATHWPENTATH-----------800---------.pdf\" target=\"_blank\" rel=\"noopener\">finale pentathlon 800 m F<\/a><\/strong><br \/>\n<strong>21h : <a href=\"https:\/\/liveresults.european-athletics.com\/resEICH21-\/pdf\/EICH21-\/ATH\/EICH21-_ATH_C73G_ATHW3000M-------------FNL-000100--.pdf\" target=\"_blank\" rel=\"noopener\">finale 3000 m F<\/a> &#x1f1eb;&#x1f1f7; <\/strong><em>Alice Finot<\/em><strong><br \/>\n21h35 : <a href=\"https:\/\/liveresults.european-athletics.com\/resEICH21-\/pdf\/EICH21-\/ATH\/EICH21-_ATH_C73G_ATHM1500M-------------FNL-000100--.pdf\" target=\"_blank\" rel=\"noopener\">finale 1500 m H<\/a><br \/>\n<em><span style=\"color: #800080;\">21h43 : C\u00e9r\u00e9monie lancer du poids F<\/span><\/em><br \/>\n<em><span style=\"color: #800080;\">21h46 : C\u00e9r\u00e9monie pentathlon F<\/span><\/em><br \/>\n<em><span style=\"color: #800080;\">21h49 : C\u00e9r\u00e9monie 3000 m F<\/span><\/em><\/strong><\/p>\n<p><a href=\"https:\/\/dicodusport.fr\/blog\/torun-2021-championnats-deurope-dathletisme-en-salle-alice-finot-medaillee-dargent-au-3000-m\/\" target=\"_blank\" rel=\"noopener\"><strong>R\u00e9sultats fran\u00e7ais de la session 3<\/strong><\/a><\/p>\n<p style=\"text-align: justify;\"><\/div>\n<div class=\"su-tabs-pane su-u-clearfix su-u-trim\" data-title=\"Samedi 6 mars\">\n<p style=\"text-align: justify;\"><strong><span style=\"color: #800080;\"><em>9h48 : C\u00e9r\u00e9monie saut en longueur H<\/em><\/span><br \/>\n<span style=\"color: #800080;\"><em>9h51 : C\u00e9r\u00e9monie lancer du poids H<\/em><\/span><br \/>\n<span style=\"color: #800080;\"><em>9h54 : C\u00e9r\u00e9monie 1500 m H<\/em><\/span><br \/>\n10h : <\/strong><a href=\"https:\/\/liveresults.european-athletics.com\/resEICH21-\/pdf\/EICH21-\/ATH\/EICH21-_ATH_C73U_ATHMHEPTATH-----------60----------.pdf\" target=\"_blank\" rel=\"noopener\">heptathlon &#8211; 60 m H<\/a> &#x1f1eb;&#x1f1f7; <em>Kevin Mayer<\/em><strong><br \/>\n10h04 : <\/strong><a href=\"https:\/\/liveresults.european-athletics.com\/resEICH21-\/pdf\/EICH21-\/ATH\/EICH21-_ATH_C73L_ATHMPLEVAULT----------QUAL--------.pdf\" target=\"_blank\" rel=\"noopener\">qualifications saut \u00e0 la perche H<\/a> <strong>&#x1f1eb;&#x1f1f7; <\/strong><em>Ethan Cormont, Valentin Lavillenie<\/em><br \/>\n<strong>10h18 : <\/strong><a href=\"https:\/\/liveresults.european-athletics.com\/resEICH21-\/pdf\/EICH21-\/ATH\/EICH21-_ATH_C73B_ATHM60M---------------RND1--------.pdf\" target=\"_blank\" rel=\"noopener\">s\u00e9ries 60 m H<\/a> <strong>&#x1f1eb;&#x1f1f7; <\/strong><em>Mouhamadou Fall, Amaury Golitin<\/em><br \/>\n<strong>10h44 : <\/strong><a href=\"https:\/\/liveresults.european-athletics.com\/resEICH21-\/pdf\/EICH21-\/ATH\/EICH21-_ATH_C73Q_ATHMHEPTATH-----------LJ----------.pdf\" target=\"_blank\" rel=\"noopener\">heptathlon &#8211; saut en longueur<\/a> &#x1f1eb;&#x1f1f7; <em>Kevin Mayer<\/em><br \/>\n<strong>11h25 : <\/strong><a href=\"https:\/\/liveresults.european-athletics.com\/resEICH21-\/pdf\/EICH21-\/ATH\/EICH21-_ATH_C73H_ATHM3000M-------------RND1--------.pdf\" target=\"_blank\" rel=\"noopener\">s\u00e9ries 3000 m H<\/a> <strong>&#x1f1eb;&#x1f1f7; <\/strong><em>Djilali Bedrani, Jimmy Gressier, Hugo Hay<\/em><br \/>\n<strong>12h05 : <\/strong><a href=\"https:\/\/liveresults.european-athletics.com\/resEICH21-\/pdf\/EICH21-\/ATH\/EICH21-_ATH_C73O_ATHWTRPLJUMP----------QUAL--------.pdf\" target=\"_blank\" rel=\"noopener\">qualifications triple saut F<\/a><br \/>\n<strong>12h10 : <\/strong><a href=\"https:\/\/liveresults.european-athletics.com\/resEICH21-\/pdf\/EICH21-\/ATH\/EICH21-_ATH_C73B_ATHW60MHURD-----------RND1--------.pdf\" target=\"_blank\" rel=\"noopener\">s\u00e9ries 60 m haies F<\/a> &#x1f1eb;&#x1f1f7; <em>Laeticia Bapt\u00e9, Cyrena Samba-Mayela<\/em><br \/>\n<strong>13h05 :<\/strong> <a href=\"https:\/\/liveresults.european-athletics.com\/resEICH21-\/pdf\/EICH21-\/ATH\/EICH21-_ATH_C73B_ATHM60MHURD-----------RND1--------.pdf\" target=\"_blank\" rel=\"noopener\">s\u00e9ries 60 m haies H<\/a> <strong>&#x1f1eb;&#x1f1f7; <\/strong><em>Wilhem Belocian, Aurel Manga<\/em><br \/>\n<strong>13h17 : <\/strong><a href=\"https:\/\/liveresults.european-athletics.com\/resEICH21-\/pdf\/EICH21-\/ATH\/EICH21-_ATH_C73T_ATHMHEPTATH-----------SP----------.pdf\" target=\"_blank\" rel=\"noopener\">heptathlon &#8211; lancer du poids H<\/a> &#x1f1eb;&#x1f1f7; <em>Kevin Mayer<\/em><br \/>\n<strong>13h50 : <\/strong><a href=\"https:\/\/liveresults.european-athletics.com\/resEICH21-\/pdf\/EICH21-\/ATH\/EICH21-_ATH_C73B_ATHM60M---------------SFNL--------.pdf\" target=\"_blank\" rel=\"noopener\">demi-finales 60 m H<\/a> <strong>&#x1f1eb;&#x1f1f7; <\/strong><em>Mouhamadou Fall, Amaury Golitin<\/em><\/p>\n<p><a href=\"https:\/\/dicodusport.fr\/blog\/torun-2021-championnats-deurope-dathletisme-en-salle-bonne-matinee-de-samedi-pour-les-bleus\/\" target=\"_blank\" rel=\"noopener\"><strong>R\u00e9sultats fran\u00e7ais de la session 4<\/strong><\/a><\/p>\n<p><strong>18h45 : <a href=\"https:\/\/liveresults.european-athletics.com\/resEICH21-\/pdf\/EICH21-\/ATH\/EICH21-_ATH_C73M_ATHWPLEVAULT----------FNL---------.pdf\" target=\"_blank\" rel=\"noopener\">finale saut \u00e0 la perche F<\/a><br \/>\n<\/strong><strong>18h50 : <\/strong><a href=\"https:\/\/liveresults.european-athletics.com\/resEICH21-\/pdf\/EICH21-\/ATH\/EICH21-_ATH_C73N_ATHMHEPTATH-----------HJ----------.pdf\" target=\"_blank\" rel=\"noopener\">heptathlon &#8211; saut en hauteur H<\/a><strong> &#x1f1eb;&#x1f1f7; <\/strong><em>Kevin Mayer<\/em><strong><br \/>\n19h : <\/strong><a href=\"https:\/\/liveresults.european-athletics.com\/resEICH21-\/pdf\/EICH21-\/ATH\/EICH21-_ATH_C73H_ATHW800M--------------SFNL--------.pdf\" target=\"_blank\" rel=\"noopener\">demi-finales 800 m F<\/a><br \/>\n<strong>19h25 : <\/strong><a href=\"https:\/\/liveresults.european-athletics.com\/resEICH21-\/pdf\/EICH21-\/ATH\/EICH21-_ATH_C73H_ATHM800M--------------SFNL--------.pdf\" target=\"_blank\" rel=\"noopener\">demi-finales 800 m H<\/a> <em>&#x1f1eb;&#x1f1f7;<\/em> <em>Benjamin Robert, Pierre-Ambroise Bosse, Nasredine Khatir<\/em><strong><br \/>\n19h40 : <a href=\"https:\/\/liveresults.european-athletics.com\/resEICH21-\/pdf\/EICH21-\/ATH\/EICH21-_ATH_C73P_ATHWLONGJUMP----------FNL---------.pdf\" target=\"_blank\" rel=\"noopener\">finale saut en longueur F<\/a><br \/>\n19h50 : <a href=\"https:\/\/liveresults.european-athletics.com\/resEICH21-\/pdf\/EICH21-\/ATH\/EICH21-_ATH_C73G_ATHW1500M-------------FNL-000100--.pdf\" target=\"_blank\" rel=\"noopener\">finale 1500 m F<\/a><br \/>\n20h10 :\u00a0 <a href=\"https:\/\/liveresults.european-athletics.com\/resEICH21-\/pdf\/EICH21-\/ATH\/EICH21-_ATH_C73A_ATHM400M--------------FNL-000100--.pdf\" target=\"_blank\" rel=\"noopener\">finale 400 m H<\/a><\/strong><br \/>\n<strong>20h25 : <a href=\"https:\/\/liveresults.european-athletics.com\/resEICH21-\/pdf\/EICH21-\/ATH\/EICH21-_ATH_C73A_ATHW400M--------------FNL-000100--.pdf\" target=\"_blank\" rel=\"noopener\">finale 400 m F<\/a><br \/>\n20h58 : <a href=\"https:\/\/liveresults.european-athletics.com\/resEICH21-\/pdf\/EICH21-\/ATH\/EICH21-_ATH_C73A_ATHM60M---------------FNL-000100--.pdf\" target=\"_blank\" rel=\"noopener\">finale 60 m H<\/a><br \/>\n<span style=\"color: #800080;\"><em>21h01 : C\u00e9r\u00e9monie 1500 m F<\/em><\/span><br \/>\n<span style=\"color: #800080;\"><em>21h04 : C\u00e9r\u00e9monie 400 m H<\/em><\/span><br \/>\n<span style=\"color: #800080;\"><em>21h07 : C\u00e9r\u00e9monie 400 F<\/em><\/span><\/strong><\/p>\n<p><a href=\"https:\/\/dicodusport.fr\/blog\/torun-2021-championnats-deurope-dathletisme-en-salle-kevin-mayer-en-tete-de-lheptathlon-pierre-ambroise-bosse-en-finale-du-800-m\/\" target=\"_blank\" rel=\"noopener\"><strong>R\u00e9sultats fran\u00e7ais de la session 5<\/strong><\/a><\/p>\n<\/div>\n<div class=\"su-tabs-pane su-u-clearfix su-u-trim\" data-title=\"Dimanche 7 mars\">\n<p style=\"text-align: justify;\"><span style=\"color: #800080;\"><em><strong>9h48 : C\u00e9r\u00e9monie saut en longueur F<br \/>\n9h51 : C\u00e9r\u00e9monie saut \u00e0 la perche F<\/strong><\/em><\/span><br \/>\n<strong><span style=\"color: #800080;\"><em>9h54 : C\u00e9r\u00e9monie 60 m H<\/em><\/span><br \/>\n10h : <\/strong><a href=\"https:\/\/liveresults.european-athletics.com\/en\/results\/athletics\/result-heptathlon-men-60h-000200-.htm\" target=\"_blank\" rel=\"noopener\">heptathlon &#8211; 60 m haies H<\/a> &#x1f1eb;&#x1f1f7; <em>Kevin Mayer<\/em><strong><br \/>\n10h18 : <\/strong><a href=\"https:\/\/liveresults.european-athletics.com\/resEICH21-\/pdf\/EICH21-\/ATH\/EICH21-_ATH_C73B_ATHW60M---------------RND1--------.pdf\" target=\"_blank\" rel=\"noopener\">s\u00e9ries 60 m F<\/a> &#x1f1eb;&#x1f1f7; <em>Orlann Ombissa-Dzangue, Carolle Zahi<\/em><strong><br \/>\n10h50 : <a href=\"https:\/\/liveresults.european-athletics.com\/resEICH21-\/pdf\/EICH21-\/ATH\/EICH21-_ATH_C73P_ATHMTRPLJUMP----------FNL---------.pdf\" target=\"_blank\" rel=\"noopener\">finale triple saut H<\/a><\/strong><br \/>\n<strong>11h :<\/strong> <a href=\"https:\/\/liveresults.european-athletics.com\/resEICH21-\/pdf\/EICH21-\/ATH\/EICH21-_ATH_C73N_ATHMHEPTATH-----------PV----------.pdf\" target=\"_blank\" rel=\"noopener\">heptathlon &#8211; saut \u00e0 la perche H<\/a> &#x1f1eb;&#x1f1f7;<em> Kevin Mayer<\/em><br \/>\n<strong>11h25 : <a href=\"https:\/\/liveresults.european-athletics.com\/resEICH21-\/pdf\/EICH21-\/ATH\/EICH21-_ATH_C73M_ATHMHIGHJUMP----------FNL---------.pdf\" target=\"_blank\" rel=\"noopener\">finale saut en hauteur H<\/a><\/strong><br \/>\n<strong>12h40 :<\/strong> <a href=\"https:\/\/liveresults.european-athletics.com\/resEICH21-\/pdf\/EICH21-\/ATH\/EICH21-_ATH_C73B_ATHW60M---------------SFNL--------.pdf\" target=\"_blank\" rel=\"noopener\">demi-finales 60 m F<\/a> &#x1f1eb;&#x1f1f7;\u00a0<em>Carolle Zahi, Orlann Ombissa-Dzangue<\/em><br \/>\n<span style=\"color: #800080;\"><em><strong>12h58 : C\u00e9r\u00e9monie triple saut H<\/strong><\/em><\/span><br \/>\n<strong>13h05 :<\/strong> <a href=\"https:\/\/liveresults.european-athletics.com\/resEICH21-\/pdf\/EICH21-\/ATH\/EICH21-_ATH_C73B_ATHM60MHURD-----------SFNL--------.pdf\" target=\"_blank\" rel=\"noopener\">demi-finales 60 m haies H<\/a> <em>&#x1f1eb;&#x1f1f7; Aurel Manga, Wilhem Belocian<\/em><br \/>\n<span style=\"color: #800080;\"><em><strong>13h25 : C\u00e9r\u00e9monie saut en hauteur H<\/strong><\/em><\/span><br \/>\n<strong>13h30 :<\/strong> <a href=\"https:\/\/liveresults.european-athletics.com\/resEICH21-\/pdf\/EICH21-\/ATH\/EICH21-_ATH_C73B_ATHW60MHURD-----------SFNL--------.pdf\" target=\"_blank\" rel=\"noopener\">demi-finales 60 m haies F<\/a> <em>&#x1f1eb;&#x1f1f7;\u00a0 Laeticia Bapt\u00e9<\/em><\/p>\n<p><a href=\"https:\/\/dicodusport.fr\/blog\/torun-2021-championnats-deurope-dathletisme-en-salle-dimanche-matin-parfait-pour-les-bleus\/\" target=\"_blank\" rel=\"noopener\"><strong>R\u00e9sultats fran\u00e7ais de la session 6<\/strong><\/a><\/p>\n<p style=\"text-align: justify;\"><strong>17h : <a href=\"https:\/\/liveresults.european-athletics.com\/resEICH21-\/pdf\/EICH21-\/ATH\/EICH21-_ATH_C73A_ATHM60MHURD-----------FNL-000100--.pdf\" target=\"_blank\" rel=\"noopener\">finale 60 m haies H <\/a><\/strong><em>&#x1f1eb;&#x1f1f7; Aurel Manga, Wilhem Belocian<\/em><br \/>\n<strong>17h05 : <a href=\"https:\/\/liveresults.european-athletics.com\/resEICH21-\/pdf\/EICH21-\/ATH\/EICH21-_ATH_C73M_ATHMPLEVAULT----------FNL---------.pdf\" target=\"_blank\" rel=\"noopener\">finale saut \u00e0 la perche H <\/a><\/strong>&#x1f1eb;&#x1f1f7; <em>Valentin Lavillenie<\/em><br \/>\n<strong>17h15 :<a href=\"https:\/\/liveresults.european-athletics.com\/resEICH21-\/pdf\/EICH21-\/ATH\/EICH21-_ATH_C73A_ATHW60MHURD-----------FNL-000100--.pdf\" target=\"_blank\" rel=\"noopener\"> finale 60 m haies F<\/a>\u00a0<\/strong><br \/>\n<strong>17h20 : <a href=\"https:\/\/liveresults.european-athletics.com\/resEICH21-\/pdf\/EICH21-\/ATH\/EICH21-_ATH_C73P_ATHWTRPLJUMP----------FNL---------.pdf\" target=\"_blank\" rel=\"noopener\">finale triple saut F<\/a><\/strong><br \/>\n<strong>17h30 : <a href=\"https:\/\/liveresults.european-athletics.com\/resEICH21-\/pdf\/EICH21-\/ATH\/EICH21-_ATH_C73I_ATHMHEPTATH-----------1000000100--.pdf\" target=\"_blank\" rel=\"noopener\">heptathlon &#8211; finale 1000 m H <\/a><\/strong>&#x1f1eb;&#x1f1f7; <em>Kevin Mayer<br \/>\n<\/em><a href=\"https:\/\/liveresults.european-athletics.com\/resEICH21-\/pdf\/EICH21-\/ATH\/EICH21-_ATH_C73U_ATHMHEPTATH-----------1000--------.pdf\" target=\"_blank\" rel=\"noopener\">Classement final heptathlon<\/a><br \/>\n<span style=\"color: #800080;\"><em><strong>17h37 : C\u00e9r\u00e9monie 60 m haies H<\/strong><\/em><\/span><br \/>\n<strong>17h45 : <a href=\"https:\/\/liveresults.european-athletics.com\/resEICH21-\/pdf\/EICH21-\/ATH\/EICH21-_ATH_C73M_ATHWHIGHJUMP----------FNL---------.pdf\" target=\"_blank\" rel=\"noopener\">finale saut en hauteur F<\/a><\/strong><br \/>\n<strong>17h52 : <a href=\"https:\/\/liveresults.european-athletics.com\/resEICH21-\/pdf\/EICH21-\/ATH\/EICH21-_ATH_C73G_ATHM3000M-------------FNL-000100--.pdf\" target=\"_blank\" rel=\"noopener\">finale 3000 m H<\/a> &#x1f1eb;&#x1f1f7; <\/strong><em>Jimmy Gressier, Hugo Hay<\/em><br \/>\n<strong><span style=\"color: #800080;\"><em>18h02 : C\u00e9r\u00e9monie 60 m haies F<\/em><\/span><\/strong><br \/>\n<strong><span style=\"color: #800080;\"><em>18h05 : C\u00e9r\u00e9monie heptathlon H<br \/>\n<\/em><\/span>18h13 : <a href=\"https:\/\/liveresults.european-athletics.com\/resEICH21-\/pdf\/EICH21-\/ATH\/EICH21-_ATH_C73G_ATHW800M--------------FNL-000100--.pdf\" target=\"_blank\" rel=\"noopener\">finale 800 m F<\/a><\/strong><br \/>\n<strong>18h25 : <a href=\"https:\/\/liveresults.european-athletics.com\/resEICH21-\/pdf\/EICH21-\/ATH\/EICH21-_ATH_C73G_ATHM800M--------------FNL-000100--.pdf\" target=\"_blank\" rel=\"noopener\">finale 800 m H <\/a><\/strong><em>&#x1f1eb;&#x1f1f7; <\/em><em>Pierre-Ambroise Bosse<\/em><br \/>\n<strong><span style=\"color: #800080;\"><em>18h30 : C\u00e9r\u00e9monie 3000 m H<\/em><\/span><\/strong><br \/>\n<strong>18h46 : <a href=\"https:\/\/liveresults.european-athletics.com\/resEICH21-\/pdf\/EICH21-\/ATH\/EICH21-_ATH_C73A_ATHW60M---------------FNL-000100--.pdf\" target=\"_blank\" rel=\"noopener\">finale 60 m F<\/a><\/strong> &#x1f1eb;&#x1f1f7;\u00a0<em>Carolle Zahi, Orlann Ombissa-Dzangue<\/em><br \/>\n<strong>18h57 : <a href=\"https:\/\/liveresults.european-athletics.com\/resEICH21-\/pdf\/EICH21-\/ATH\/EICH21-_ATH_C73E_ATHM4X400M------------FNL-000100--.pdf\" target=\"_blank\" rel=\"noopener\">finale 4X400 m H<\/a><\/strong><br \/>\n<strong><span style=\"color: #800080;\"><em>19h03 : C\u00e9r\u00e9monie 800 m F<\/em><\/span><\/strong><br \/>\n<strong>19h10 : <a href=\"https:\/\/liveresults.european-athletics.com\/resEICH21-\/pdf\/EICH21-\/ATH\/EICH21-_ATH_C73E_ATHW4X400M------------FNL-000100--.pdf\" target=\"_blank\" rel=\"noopener\">finale 4X400 m F<\/a><\/strong><br \/>\n<span style=\"color: #800080;\"><em><strong>19h17 : C\u00e9r\u00e9monie triple saut H<\/strong><\/em><\/span><br \/>\n<span style=\"color: #800080;\"><em><strong>19h20 : C\u00e9r\u00e9monie 800 m H<br \/>\n<\/strong><\/em><em><strong>19h23 :<\/strong> <\/em><em><strong>C\u00e9r\u00e9monie saut \u00e0 la perche H<\/strong><\/em><\/span><br \/>\n<span style=\"color: #800080;\"><em><strong>19h26 : C\u00e9r\u00e9monie 60 m F<\/strong><\/em><\/span><br \/>\n<span style=\"color: #800080;\"><em><strong>19h29 : C\u00e9r\u00e9monie saut en hauteur F<\/strong><\/em><\/span><br \/>\n<span style=\"color: #800080;\"><em><strong>19h32 : C\u00e9r\u00e9monie 4X400 m H<\/strong><\/em><\/span><br \/>\n<span style=\"color: #800080;\"><em><strong>19h35 : C\u00e9r\u00e9monie 4X400 m F\u00a0<\/strong><\/em><\/span><\/p>\n<ul>\n<li><a href=\"https:\/\/dicodusport.fr\/blog\/torun-2021-wilhem-belocian-champion-deurope-en-salle-du-60-m-haies\/\" target=\"_blank\" rel=\"noopener\"><strong>Wilhem Belocian champion d&rsquo;Europe du 60 m haies<\/strong><\/a><\/li>\n<li><a href=\"https:\/\/dicodusport.fr\/blog\/torun-2021-championnats-deurope-dathletisme-en-salle-kevin-mayer-double-champion-deurope-en-salle-de-lheptathlon\/\"><strong>Kevin Mayer champion d&rsquo;Europe de l&rsquo;heptathlon<\/strong><\/a><\/li>\n<li><a href=\"https:\/\/dicodusport.fr\/blog\/torun-2021-championnats-deurope-dathletisme-en-salle-valentin-lavillenie-medaille-dargent\/\" target=\"_blank\" rel=\"noopener\"><strong>Valentin Lavillenie m\u00e9daill\u00e9 d&rsquo;argent<\/strong><\/a><\/li>\n<li><a href=\"https:\/\/dicodusport.fr\/blog\/torun-2021-championnats-deurope-dathletisme-en-salle-hugo-hay-et-jimmy-gressiers-6e-et-8e-du-3000-m\/\" target=\"_blank\" rel=\"noopener\"><strong>Hugo Hay et Jimmy Gressier 6e et 8e du 3000 m<\/strong><\/a><\/li>\n<li><a href=\"https:\/\/dicodusport.fr\/blog\/torun-2021-championnats-deurope-dathletisme-en-salle-pierre-ambroise-bosse-piege-ombissa-dzangue-4e-zahi-6e\/\" target=\"_blank\" rel=\"noopener\"><strong>Pierre-Ambroise Bosse pi\u00e9g\u00e9, Ombissa-Dzangue 4e, Zahi 6e<\/strong><\/a><\/li>\n<\/ul>\n<p style=\"text-align: justify;\"><\/div><\/div><\/div>\n<h2>Les podiums<\/h2>\n<h3 style=\"text-align: justify;\">Femmes<\/h3>\n<div class=\"su-table su-table-alternate\">\n<table style=\"width: 800px;border-collapse: collapse\">\n<tbody>\n<tr>\n<td style=\"text-align: center;width: 200px;vertical-align: middle\"><strong>\u00c9preuves<\/strong><\/td>\n<td style=\"background-color: #fff242;text-align: center;width: 200px;vertical-align: middle\"><strong>&#x1f947; Or<\/strong><\/td>\n<td style=\"background-color: #a8a8a8;text-align: center;width: 200px;vertical-align: middle\"><strong>&#x1f948; Argent<\/strong><\/td>\n<td style=\"background-color: #c97159;text-align: center;width: 200px;vertical-align: middle\"><strong>&#x1f949; Bronze<\/strong><\/td>\n<\/tr>\n<tr>\n<td style=\"text-align: center;width: 200px;vertical-align: middle\"><strong>60 m<\/strong><\/td>\n<td style=\"text-align: center;width: 200px;vertical-align: middle\">&#x1f1e8;&#x1f1ed; Ajla Del Ponte<br \/>\n7\u203303 WL<\/td>\n<td style=\"text-align: center;width: 200px;vertical-align: middle\">&#x1f1eb;&#x1f1ee; Lotta Kemppinen<br \/>\n7\u203322<\/td>\n<td style=\"text-align: center;width: 200px;vertical-align: middle\">&#x1f1f3;&#x1f1f1; Jamile Samuel<br \/>\n7\u203322 SB<\/td>\n<\/tr>\n<tr>\n<td style=\"text-align: center;width: 200px;vertical-align: middle\"><strong>400 m<\/strong><\/td>\n<td style=\"text-align: center;width: 200px;vertical-align: middle\">&#x1f1f3;&#x1f1f1; Femke Bol<br \/>\n50\u203363<\/td>\n<td style=\"text-align: center;width: 200px;vertical-align: middle\">&#x1f1f5;&#x1f1f1; Justyna Swiety-Ersetic<br \/>\n51\u203341<\/td>\n<td style=\"text-align: center;width: 200px;vertical-align: middle\"><b><img decoding=\"async\" class=\"emoji\" role=\"img\" src=\"https:\/\/s.w.org\/images\/core\/emoji\/13.0.1\/svg\/1f1ec-1f1e7.svg\" alt=\"&#x1f1ec;&#x1f1e7;\" \/> <\/b>Jodie Williams<br \/>\n51\u203373 PB<\/td>\n<\/tr>\n<tr>\n<td style=\"text-align: center;width: 200px;vertical-align: middle\"><strong>800 m<\/strong><\/td>\n<td style=\"text-align: center;width: 200px;vertical-align: middle\"><b><img decoding=\"async\" class=\"emoji\" role=\"img\" src=\"https:\/\/s.w.org\/images\/core\/emoji\/13.0.1\/svg\/1f1ec-1f1e7.svg\" alt=\"&#x1f1ec;&#x1f1e7;\" \/> <\/b>Keely Hodgkinson<br \/>\n2\u203203\u203388<\/td>\n<td style=\"text-align: center;width: 200px;vertical-align: middle\">&#x1f1f5;&#x1f1f1; Joanna Jozwik<br \/>\n2\u203204\u203300<\/td>\n<td style=\"text-align: center;width: 200px;vertical-align: middle\">&#x1f1f5;&#x1f1f1; Angelika Cichocka<br \/>\n2\u203204\u203315<\/td>\n<\/tr>\n<tr>\n<td style=\"text-align: center;width: 200px;vertical-align: middle\"><strong>1500 m<\/strong><\/td>\n<td style=\"text-align: center;width: 200px;vertical-align: middle\">&#x1f1e7;&#x1f1ea; Elise Vanderelst<br \/>\n4\u203218\u203344<\/td>\n<td style=\"text-align: center;width: 200px;vertical-align: middle\"><b><img decoding=\"async\" class=\"emoji\" role=\"img\" src=\"https:\/\/s.w.org\/images\/core\/emoji\/13.0.1\/svg\/1f1ec-1f1e7.svg\" alt=\"&#x1f1ec;&#x1f1e7;\" \/> <\/b>Holly Archer<br \/>\n4\u203219\u203391<\/td>\n<td style=\"text-align: center;width: 200px;vertical-align: middle\">&#x1f1e9;&#x1f1ea; Hanna Klein<br \/>\n4\u203220\u203307<\/td>\n<\/tr>\n<tr>\n<td style=\"text-align: center;width: 200px;vertical-align: middle\"><strong>3000 m<\/strong><\/td>\n<td style=\"text-align: center;width: 200px;vertical-align: middle\"><b><img decoding=\"async\" class=\"emoji\" role=\"img\" src=\"https:\/\/s.w.org\/images\/core\/emoji\/13.0.1\/svg\/1f1ec-1f1e7.svg\" alt=\"&#x1f1ec;&#x1f1e7;\" \/> <\/b>Amy-Eloise Markovc<br \/>\n8\u203246\u203343 PB<\/td>\n<td style=\"text-align: center;width: 200px;vertical-align: middle\">&#x1f1eb;&#x1f1f7; <strong>Alice Finot<\/strong><br \/>\n8\u203246\u203354 PB<\/td>\n<td style=\"text-align: center;width: 200px;vertical-align: middle\"><b><img decoding=\"async\" class=\"emoji\" role=\"img\" src=\"https:\/\/s.w.org\/images\/core\/emoji\/13.0.1\/svg\/1f1ec-1f1e7.svg\" alt=\"&#x1f1ec;&#x1f1e7;\" \/> <\/b>Verity Ockenden<br \/>\n8\u203246\u203360 PB<\/td>\n<\/tr>\n<tr>\n<td style=\"text-align: center;width: 200px;vertical-align: middle\"><strong>60 m haies<\/strong><\/td>\n<td style=\"text-align: center;width: 200px;vertical-align: middle\">&#x1f1f3;&#x1f1f1; Nadine Visser<br \/>\n7\u203377 WL<\/td>\n<td style=\"text-align: center;width: 200px;vertical-align: middle\"><b><img decoding=\"async\" class=\"emoji\" role=\"img\" src=\"https:\/\/s.w.org\/images\/core\/emoji\/13.0.1\/svg\/1f1ec-1f1e7.svg\" alt=\"&#x1f1ec;&#x1f1e7;\" \/> <\/b>Cynthia Sember<br \/>\n7\u203389<\/td>\n<td style=\"text-align: center;width: 200px;vertical-align: middle\"><b><img decoding=\"async\" class=\"emoji\" role=\"img\" src=\"https:\/\/s.w.org\/images\/core\/emoji\/13.0.1\/svg\/1f1ec-1f1e7.svg\" alt=\"&#x1f1ec;&#x1f1e7;\" \/> <\/b>Tiffany Porter<br \/>\n7\u203392<\/td>\n<\/tr>\n<tr>\n<td style=\"text-align: center;width: 200px;vertical-align: middle\"><strong>4 X 400 m<\/strong><\/td>\n<td style=\"text-align: center;width: 200px;vertical-align: middle\">&#x1f1f3;&#x1f1f1; Pays-Bas<br \/>\n3\u203227\u203315 CR<\/td>\n<td style=\"text-align: center;width: 200px;vertical-align: middle\"><b><img decoding=\"async\" class=\"emoji\" role=\"img\" src=\"https:\/\/s.w.org\/images\/core\/emoji\/13.0.1\/svg\/1f1ec-1f1e7.svg\" alt=\"&#x1f1ec;&#x1f1e7;\" \/> <\/b>Grande-Bretagne<br \/>\n3\u203228\u203320<\/td>\n<td style=\"text-align: center;width: 200px;vertical-align: middle\">&#x1f1f5;&#x1f1f1; Pologne<br \/>\n3\u203229\u203394<\/td>\n<\/tr>\n<tr>\n<td style=\"text-align: center;width: 200px;vertical-align: middle\"><strong>Saut en hauteur<\/strong><\/td>\n<td style=\"text-align: center;width: 200px;vertical-align: middle\">&#x1f1fa;&#x1f1e6; Yaroslava Mahuchikh<br \/>\n2m00<\/td>\n<td style=\"text-align: center;width: 200px;vertical-align: middle\">&#x1f1fa;&#x1f1e6; Iryna Herashchenko<br \/>\n1m98 PB<\/td>\n<td style=\"text-align: center;width: 200px;vertical-align: middle\">&#x1f1eb;&#x1f1ee; Ella Junnila<br \/>\n1m96 NR<\/td>\n<\/tr>\n<tr>\n<td style=\"text-align: center;width: 200px;vertical-align: middle\"><strong>Saut \u00e0 la perche<\/strong><\/td>\n<td style=\"text-align: center;width: 200px;vertical-align: middle\">&#x1f1e8;&#x1f1ed; Angelica Moser<br \/>\n4m75 PB<\/td>\n<td style=\"text-align: center;width: 200px;vertical-align: middle\">&#x1f1f8;&#x1f1ee; Tina Sutej<br \/>\n4m70 SB<\/td>\n<td style=\"text-align: center;width: 200px;vertical-align: middle\"><b><img decoding=\"async\" class=\"emoji\" role=\"img\" src=\"https:\/\/s.w.org\/images\/core\/emoji\/13.0.1\/svg\/1f1ec-1f1e7.svg\" alt=\"&#x1f1ec;&#x1f1e7;\" \/> <\/b>Holly Bradshaw<br \/>\n&#x1f1e7;&#x1f1fe; Iryna Zhuk<br \/>\n4m65<\/td>\n<\/tr>\n<tr>\n<td style=\"text-align: center;width: 200px;vertical-align: middle\"><strong>Saut en longueur<\/strong><\/td>\n<td style=\"text-align: center;width: 200px;vertical-align: middle\">&#x1f1f8;&#x1f1ea; Maryna Bekh-Romanchuk<br \/>\n6m92 WL<\/td>\n<td style=\"text-align: center;width: 200px;vertical-align: middle\">&#x1f1e9;&#x1f1ea; Malaika Mihambo<br \/>\n6m88 SB<\/td>\n<td style=\"text-align: center;width: 200px;vertical-align: middle\">&#x1f1fa;&#x1f1e6; Khaddi Sagnia<br \/>\n6m75<\/td>\n<\/tr>\n<tr>\n<td style=\"text-align: center;width: 200px;vertical-align: middle\"><strong>Triple saut<\/strong><\/td>\n<td style=\"text-align: center;width: 200px;vertical-align: middle\">&#x1f1f5;&#x1f1f9; Patricia Mamona<br \/>\n14m53 NR<\/td>\n<td style=\"text-align: center;width: 200px;vertical-align: middle\">&#x1f1ea;&#x1f1f8; Ana Peleteiro<br \/>\n14m52 SB<\/td>\n<td style=\"text-align: center;width: 200px;vertical-align: middle\">&#x1f1e9;&#x1f1ea; Neele Eckhardt<br \/>\n14m52 PB<\/td>\n<\/tr>\n<tr>\n<td style=\"text-align: center;width: 200px;vertical-align: middle\"><strong>Lancer du poids<\/strong><\/td>\n<td style=\"text-align: center;width: 200px;vertical-align: middle\">&#x1f1f5;&#x1f1f9; Auriol Dongmo<br \/>\n19m34<\/td>\n<td style=\"text-align: center;width: 200px;vertical-align: middle\">&#x1f1f8;&#x1f1ea; Fanny Roos<br \/>\n19m29 NR<\/td>\n<td style=\"text-align: center;width: 200px;vertical-align: middle\">&#x1f1e9;&#x1f1ea; Christina Schwanitz<br \/>\n19m04<\/td>\n<\/tr>\n<tr>\n<td style=\"text-align: center;width: 200px;vertical-align: middle\"><strong>Pentathlon<\/strong><\/td>\n<td style=\"text-align: center;width: 200px;vertical-align: middle\">&#x1f1e7;&#x1f1ea; Nafissatou Thiam<br \/>\n4904 pts<\/td>\n<td style=\"text-align: center;width: 200px;vertical-align: middle\">&#x1f1e7;&#x1f1ea; Noor Vidts<br \/>\n4791 pts PB<\/td>\n<td style=\"text-align: center;width: 200px;vertical-align: middle\">&#x1f1ed;&#x1f1fa; Xenia Krizsan<br \/>\n4664 PB<\/td>\n<\/tr>\n<\/tbody>\n<\/table>\n<\/div>\n<h3 style=\"text-align: justify;\">Hommes<\/h3>\n<div class=\"su-table su-table-alternate\">\n<table style=\"width: 800px;border-collapse: collapse\">\n<tbody>\n<tr>\n<td style=\"text-align: center;width: 200px;vertical-align: middle\"><strong>\u00c9preuves<\/strong><\/td>\n<td style=\"background-color: #fff242;text-align: center;width: 200px;vertical-align: middle\"><strong>&#x1f947; Or<\/strong><\/td>\n<td style=\"background-color: #a8a8a8;text-align: center;width: 200px;vertical-align: middle\"><strong>&#x1f948; Argent<\/strong><\/td>\n<td style=\"background-color: #c97159;text-align: center;width: 200px;vertical-align: middle\"><strong>&#x1f949; Bronze<\/strong><\/td>\n<\/tr>\n<tr>\n<td style=\"text-align: center;width: 200px;vertical-align: middle\"><strong>60 m<\/strong><\/td>\n<td style=\"text-align: center;width: 200px;vertical-align: middle\">&#x1f1ee;&#x1f1f9; Lamont Marcell Jacobs<br \/>\n6\u203347 WL<\/td>\n<td style=\"text-align: center;width: 200px;vertical-align: middle\">&#x1f1e9;&#x1f1ea; Kevin Kranz<br \/>\n6\u203360<\/td>\n<td style=\"text-align: center;width: 200px;vertical-align: middle\">&#x1f1f8;&#x1f1f0; Jan Volko<br \/>\n6\u203361<\/td>\n<\/tr>\n<tr>\n<td style=\"text-align: center;width: 200px;vertical-align: middle\"><strong>400 m<\/strong><\/td>\n<td style=\"text-align: center;width: 200px;vertical-align: middle\">&#x1f1ea;&#x1f1f8; Oscar Husillos<br \/>\n46\u203322 SB<\/td>\n<td style=\"text-align: center;width: 200px;vertical-align: middle\">&#x1f1f3;&#x1f1f1; Tony Van Diepen<br \/>\n46\u203325<\/td>\n<td style=\"text-align: center;width: 200px;vertical-align: middle\">&#x1f1f3;&#x1f1f1; Liemarvin Bonevacia<br \/>\n46\u203330<\/td>\n<\/tr>\n<tr>\n<td style=\"text-align: center;width: 200px;vertical-align: middle\"><strong>800 m<\/strong><\/td>\n<td style=\"text-align: center;width: 200px;vertical-align: middle\">&#x1f1f5;&#x1f1f1; Patryk Dobek<br \/>\n1\u203246\u203381 PB<\/td>\n<td style=\"text-align: center;width: 200px;vertical-align: middle\">&#x1f1f5;&#x1f1f1; Mateusz Borokowski<br \/>\n1\u203246\u203390<\/td>\n<td style=\"text-align: center;width: 200px;vertical-align: middle\"><b><img decoding=\"async\" class=\"emoji\" role=\"img\" src=\"https:\/\/s.w.org\/images\/core\/emoji\/13.0.1\/svg\/1f1ec-1f1e7.svg\" alt=\"&#x1f1ec;&#x1f1e7;\" \/> <\/b>Jami Webb<br \/>\n1\u203246\u203395<\/td>\n<\/tr>\n<tr>\n<td style=\"text-align: center;width: 200px;vertical-align: middle\"><strong>1500 m<\/strong><\/td>\n<td style=\"text-align: center;width: 200px;vertical-align: middle\">&#x1f1f3;&#x1f1f4; Jakob Ingebrigtsen<br \/>\n3\u203237\u203356<\/td>\n<td style=\"width: 200px;text-align: center;vertical-align: middle\">&#x1f1f5;&#x1f1f1; Marcin Lewandowski<br \/>\n3\u203238\u203306<\/td>\n<td style=\"width: 200px;text-align: center;vertical-align: middle\">&#x1f1ea;&#x1f1f8; Jesus Gomez<br \/>\n3\u203238\u203347<\/td>\n<\/tr>\n<tr>\n<td style=\"text-align: center;width: 200px;vertical-align: middle\"><strong>3000 m<\/strong><\/td>\n<td style=\"text-align: center;width: 200px;vertical-align: middle\">&#x1f1f3;&#x1f1f4; Jakob Ingebrigtsen<br \/>\n7\u203248\u203320<\/td>\n<td style=\"text-align: center;width: 200px;vertical-align: middle\">&#x1f1e7;&#x1f1ea; Isaac Kimeli<br \/>\n7\u203249\u203341<\/td>\n<td style=\"text-align: center;width: 200px;vertical-align: middle\">&#x1f1ea;&#x1f1f8; Adel Mechaal<br \/>\n7\u203249\u203347<\/td>\n<\/tr>\n<tr>\n<td style=\"text-align: center;width: 200px;vertical-align: middle\"><strong>60 m haies<\/strong><\/td>\n<td style=\"text-align: center;width: 200px;vertical-align: middle\">&#x1f1eb;&#x1f1f7; <strong>Wilhem Belocian<\/strong><br \/>\n7\u203342 PB<\/td>\n<td style=\"text-align: center;width: 200px;vertical-align: middle\"><b><img decoding=\"async\" class=\"emoji\" role=\"img\" src=\"https:\/\/s.w.org\/images\/core\/emoji\/13.0.1\/svg\/1f1ec-1f1e7.svg\" alt=\"&#x1f1ec;&#x1f1e7;\" \/> <\/b>Andy Pozzi<br \/>\n7\u203343 PB<\/td>\n<td style=\"text-align: center;width: 200px;vertical-align: middle\">&#x1f1ee;&#x1f1f9; Paolo Dal Molin<br \/>\n7\u203356<\/td>\n<\/tr>\n<tr>\n<td style=\"text-align: center;width: 200px;vertical-align: middle\"><strong>4 X 400 m<\/strong><\/td>\n<td style=\"text-align: center;width: 200px;vertical-align: middle\">&#x1f1f3;&#x1f1f1; Pays-Bas<br \/>\n3\u203206\u203306<\/td>\n<td style=\"text-align: center;width: 200px;vertical-align: middle\">&#x1f1e8;&#x1f1ff; R\u00e9publique Tch\u00e8que<br \/>\n3\u203206\u203354<\/td>\n<td style=\"text-align: center;width: 200px;vertical-align: middle\"><b><img decoding=\"async\" class=\"emoji\" role=\"img\" src=\"https:\/\/s.w.org\/images\/core\/emoji\/13.0.1\/svg\/1f1ec-1f1e7.svg\" alt=\"&#x1f1ec;&#x1f1e7;\" \/> <\/b>Grande-Bretagne<br \/>\n3\u203206\u203370<\/td>\n<\/tr>\n<tr>\n<td style=\"text-align: center;width: 200px;vertical-align: middle\"><strong>Saut en hauteur<\/strong><\/td>\n<td style=\"text-align: center;width: 200px;vertical-align: middle\">&#x1f1e7;&#x1f1fe; Maksim Nedasekau<br \/>\n2m37 WL<\/td>\n<td style=\"text-align: center;width: 200px;vertical-align: middle\">&#x1f1ee;&#x1f1f9; Gianmarco Tamberi<br \/>\n2m35 SB<\/td>\n<td style=\"text-align: center;width: 200px;vertical-align: middle\">&#x1f1e7;&#x1f1ea; Thomas Carmoy<br \/>\n2m26<\/td>\n<\/tr>\n<tr>\n<td style=\"text-align: center;width: 200px;vertical-align: middle\"><strong>Saut \u00e0 la perche<\/strong><\/td>\n<td style=\"text-align: center;width: 200px;vertical-align: middle\">&#x1f1f8;&#x1f1ea; Mondo Duplantis<br \/>\n6m05 CR<\/td>\n<td style=\"text-align: center;width: 200px;vertical-align: middle\">&#x1f1eb;&#x1f1f7; <strong>Valentin Lavillenie<\/strong><br \/>\n5m80<\/td>\n<td style=\"text-align: center;width: 200px;vertical-align: middle\">&#x1f1f5;&#x1f1f1; Piotr Lisek<br \/>\n5m80 SB<\/td>\n<\/tr>\n<tr>\n<td style=\"text-align: center;width: 200px;vertical-align: middle\"><strong>Saut en longueur<\/strong><\/td>\n<td style=\"text-align: center;width: 200px;vertical-align: middle\">&#x1f1ec;&#x1f1f7; Miltiadis Tentoglou<br \/>\n8m35 WL<\/td>\n<td style=\"text-align: center;width: 200px;vertical-align: middle\">&#x1f1f8;&#x1f1ea; Thobias Montler<br \/>\n8m31 NR<\/td>\n<td style=\"text-align: center;width: 200px;vertical-align: middle\">&#x1f1eb;&#x1f1ee; Kristian Pulli<br \/>\n8m24 NR<\/td>\n<\/tr>\n<tr>\n<td style=\"text-align: center;width: 200px;vertical-align: middle\"><strong>Triple saut<\/strong><\/td>\n<td style=\"text-align: center;width: 200px;vertical-align: middle\">&#x1f1f5;&#x1f1f9; Pedro Pablo Pichardo<br \/>\n17m30<\/td>\n<td style=\"text-align: center;width: 200px;vertical-align: middle\">&#x1f1e6;&#x1f1ff; Alexis Copello<br \/>\n17m04 SB<\/td>\n<td style=\"text-align: center;width: 200px;vertical-align: middle\">&#x1f1e9;&#x1f1ea; Max Heb<br \/>\n17m01 SB<\/td>\n<\/tr>\n<tr>\n<td style=\"text-align: center;width: 200px;vertical-align: middle\"><strong>Lancer du poids<\/strong><\/td>\n<td style=\"text-align: center;width: 200px;vertical-align: middle\">&#x1f1e8;&#x1f1ff; Tomas Stanek<br \/>\n21m62 SB<\/td>\n<td style=\"text-align: center;width: 200px;vertical-align: middle\">&#x1f1f5;&#x1f1f1; Michal Haratyk<br \/>\n21m47<\/td>\n<td style=\"text-align: center;width: 200px;vertical-align: middle\">&#x1f1ed;&#x1f1f7; Filip Mihaljevic<br \/>\n21m31<\/td>\n<\/tr>\n<tr>\n<td style=\"text-align: center;width: 200px;vertical-align: middle\"><strong>Heptathlon<br \/>\n<\/strong><\/td>\n<td style=\"text-align: center;width: 200px;vertical-align: middle\">&#x1f1eb;&#x1f1f7; <strong>Kevin Mayer<\/strong><br \/>\n6392 pts WL<\/td>\n<td style=\"text-align: center;width: 200px;vertical-align: middle\">&#x1f1ea;&#x1f1f8; Jorge Ure\u00f1a<br \/>\n6158 pts<\/td>\n<td style=\"text-align: center;width: 200px;vertical-align: middle\">&#x1f1f5;&#x1f1f1; Pawel Wiesiolek<br \/>\n6133 pts PB<\/td>\n<\/tr>\n<\/tbody>\n<\/table>\n<\/div>\n<p style=\"text-align: justify;\"><em><span style=\"font-size: 14px;\">PB : Record personnel<\/span><\/em><br \/>\n<em><span style=\"font-size: 14px;\">SB : Meilleure performance personnelle de la saison<\/span><\/em><br \/>\n<em><span style=\"font-size: 14px;\">CR : Record des Championnats<\/span><\/em><br \/>\n<em><span style=\"font-size: 14px;\">NR : Record national<\/span><\/em><br \/>\n<em><span style=\"font-size: 14px;\">WL : Meilleure performance mondiale de l&rsquo;ann\u00e9e<\/span><\/em><\/p>\n<p style=\"text-align: justify;\"><strong><em>Arlette<br \/>\n<a href=\"http:\/\/twitter.com\/Shiclette94\"><img loading=\"lazy\" decoding=\"async\" class=\"alignnone size-full wp-image-2908\" src=\"http:\/\/dicodusport.fr\/blog\/wp-content\/uploads\/2017\/07\/logo-twitter-e1516110106986.png\" alt=\"\" width=\"39\" height=\"39\" \/><\/a><br \/>\n<\/em><\/strong><\/p>\n","protected":false},"excerpt":{"rendered":"<p>Les Championnats de France cadets, juniors, espoirs et \u00e9lite en salle ont lieu du vendredi 19 f\u00e9vrier au dimanche 21 f\u00e9vrier \u00e0 Miramas. Parall\u00e8lement, les Championnats de France hivernaux de lancers longs ont lieu \u00e0 Salon-de-Provence le dimanche 21 f\u00e9vrier. Voici le programme et les r\u00e9sultats.<\/p>\n","protected":false},"author":12,"featured_media":110196,"comment_status":"open","ping_status":"closed","sticky":false,"template":"","format":"standard","meta":{"_acf_changed":false,"_daextam_enable_autolinks":"","footnotes":""},"categories":[46996],"tags":[143,7359,14710],"class_list":["post-109131","post","type-post","status-publish","format-standard","has-post-thumbnail","hentry","category-championnats-d-europe-athletisme","tag-athletisme","tag-championnats-deurope-dathletisme-en-salle","tag-torun"],"acf":[],"yoast_head":"<!-- This site is optimized with the Yoast SEO Premium plugin v26.7 (Yoast SEO v26.7) - https:\/\/yoast.com\/wordpress\/plugins\/seo\/ -->\n<title>Athl\u00e9tisme - Championnats d&#039;Europe en salle 2021 : programme et r\u00e9sultats<\/title>\n<meta name=\"description\" content=\"ATHL\u00c9TISME - Les Championnats d&#039;Europe en salle ont lieu du jeudi 4 mars au dimanche 7 mars \u00e0 Torun en Pologne. Programme et les r\u00e9sultats.\" \/>\n<meta name=\"robots\" content=\"index, follow, max-snippet:-1, max-image-preview:large, max-video-preview:-1\" \/>\n<link rel=\"canonical\" href=\"https:\/\/dicodusport.fr\/blog\/athletisme-championnats-deurope-en-salle-2021-programme-et-resultats\/\" \/>\n<meta property=\"og:locale\" content=\"fr_FR\" \/>\n<meta property=\"og:type\" content=\"article\" \/>\n<meta property=\"og:title\" content=\"Athl\u00e9tisme - Championnats d&#039;Europe en salle 2021 : programme et r\u00e9sultats\" \/>\n<meta property=\"og:description\" content=\"ATHL\u00c9TISME - Les Championnats d&#039;Europe en salle ont lieu du jeudi 4 mars au dimanche 7 mars \u00e0 Torun en Pologne. Programme et les r\u00e9sultats.\" \/>\n<meta property=\"og:url\" content=\"https:\/\/dicodusport.fr\/blog\/athletisme-championnats-deurope-en-salle-2021-programme-et-resultats\/\" \/>\n<meta property=\"og:site_name\" content=\"Dicodusport\" \/>\n<meta property=\"article:publisher\" content=\"https:\/\/www.facebook.com\/dicodusport\" \/>\n<meta property=\"article:published_time\" content=\"2021-03-07T18:31:16+00:00\" \/>\n<meta property=\"article:modified_time\" content=\"2021-03-07T19:09:47+00:00\" \/>\n<meta property=\"og:image\" content=\"https:\/\/dicodusport.fr\/blog\/wp-content\/uploads\/2021\/03\/Calendrier-et-resultats-des-Championnats-dEurope-dathletisme-en-salle.jpg\" \/>\n\t<meta property=\"og:image:width\" content=\"800\" \/>\n\t<meta property=\"og:image:height\" content=\"446\" \/>\n\t<meta property=\"og:image:type\" content=\"image\/jpeg\" \/>\n<meta name=\"author\" content=\"Arlette Yeye\" \/>\n<meta name=\"twitter:card\" content=\"summary_large_image\" \/>\n<meta name=\"twitter:title\" content=\"Athl\u00e9tisme - Championnats d&#039;Europe en salle 2021 : programme et r\u00e9sultats\" \/>\n<meta name=\"twitter:creator\" content=\"@https:\/\/twitter.com\/Shiclette94\" \/>\n<meta name=\"twitter:site\" content=\"@dicodusport\" \/>\n<script type=\"application\/ld+json\" class=\"yoast-schema-graph\">{\"@context\":\"https:\/\/schema.org\",\"@graph\":[{\"@type\":\"NewsArticle\",\"@id\":\"https:\/\/dicodusport.fr\/blog\/athletisme-championnats-deurope-en-salle-2021-programme-et-resultats\/#article\",\"isPartOf\":{\"@id\":\"https:\/\/dicodusport.fr\/blog\/athletisme-championnats-deurope-en-salle-2021-programme-et-resultats\/\"},\"author\":{\"name\":\"Arlette Yeye\",\"@id\":\"https:\/\/dicodusport.fr\/blog\/#\/schema\/person\/cce96fa88785bd8573e3d43078ac8c79\"},\"headline\":\"Athl\u00e9tisme &#8211; Championnats d&rsquo;Europe en salle 2021 : programme et r\u00e9sultats\",\"datePublished\":\"2021-03-07T18:31:16+00:00\",\"dateModified\":\"2021-03-07T19:09:47+00:00\",\"mainEntityOfPage\":{\"@id\":\"https:\/\/dicodusport.fr\/blog\/athletisme-championnats-deurope-en-salle-2021-programme-et-resultats\/\"},\"wordCount\":1814,\"commentCount\":0,\"publisher\":{\"@id\":\"https:\/\/dicodusport.fr\/blog\/#organization\"},\"image\":{\"@id\":\"https:\/\/dicodusport.fr\/blog\/athletisme-championnats-deurope-en-salle-2021-programme-et-resultats\/#primaryimage\"},\"thumbnailUrl\":\"https:\/\/dicodusport.fr\/blog\/wp-content\/uploads\/2021\/03\/Calendrier-et-resultats-des-Championnats-dEurope-dathletisme-en-salle.jpg\",\"keywords\":[\"Athl\u00e9tisme\",\"Championnats d'Europe d'athl\u00e9tisme en salle\",\"Torun\"],\"articleSection\":[\"Championnats d'Europe d'athl\u00e9tisme\"],\"inLanguage\":\"fr-FR\",\"potentialAction\":[{\"@type\":\"CommentAction\",\"name\":\"Comment\",\"target\":[\"https:\/\/dicodusport.fr\/blog\/athletisme-championnats-deurope-en-salle-2021-programme-et-resultats\/#respond\"]}],\"copyrightYear\":\"2021\",\"copyrightHolder\":{\"@id\":\"https:\/\/dicodusport.fr\/blog\/#organization\"}},{\"@type\":\"WebPage\",\"@id\":\"https:\/\/dicodusport.fr\/blog\/athletisme-championnats-deurope-en-salle-2021-programme-et-resultats\/\",\"url\":\"https:\/\/dicodusport.fr\/blog\/athletisme-championnats-deurope-en-salle-2021-programme-et-resultats\/\",\"name\":\"Athl\u00e9tisme - Championnats d'Europe en salle 2021 : programme et r\u00e9sultats\",\"isPartOf\":{\"@id\":\"https:\/\/dicodusport.fr\/blog\/#website\"},\"primaryImageOfPage\":{\"@id\":\"https:\/\/dicodusport.fr\/blog\/athletisme-championnats-deurope-en-salle-2021-programme-et-resultats\/#primaryimage\"},\"image\":{\"@id\":\"https:\/\/dicodusport.fr\/blog\/athletisme-championnats-deurope-en-salle-2021-programme-et-resultats\/#primaryimage\"},\"thumbnailUrl\":\"https:\/\/dicodusport.fr\/blog\/wp-content\/uploads\/2021\/03\/Calendrier-et-resultats-des-Championnats-dEurope-dathletisme-en-salle.jpg\",\"datePublished\":\"2021-03-07T18:31:16+00:00\",\"dateModified\":\"2021-03-07T19:09:47+00:00\",\"description\":\"ATHL\u00c9TISME - Les Championnats d'Europe en salle ont lieu du jeudi 4 mars au dimanche 7 mars \u00e0 Torun en Pologne. Programme et les r\u00e9sultats.\",\"breadcrumb\":{\"@id\":\"https:\/\/dicodusport.fr\/blog\/athletisme-championnats-deurope-en-salle-2021-programme-et-resultats\/#breadcrumb\"},\"inLanguage\":\"fr-FR\",\"potentialAction\":[{\"@type\":\"ReadAction\",\"target\":[\"https:\/\/dicodusport.fr\/blog\/athletisme-championnats-deurope-en-salle-2021-programme-et-resultats\/\"]}]},{\"@type\":\"ImageObject\",\"inLanguage\":\"fr-FR\",\"@id\":\"https:\/\/dicodusport.fr\/blog\/athletisme-championnats-deurope-en-salle-2021-programme-et-resultats\/#primaryimage\",\"url\":\"https:\/\/dicodusport.fr\/blog\/wp-content\/uploads\/2021\/03\/Calendrier-et-resultats-des-Championnats-dEurope-dathletisme-en-salle.jpg\",\"contentUrl\":\"https:\/\/dicodusport.fr\/blog\/wp-content\/uploads\/2021\/03\/Calendrier-et-resultats-des-Championnats-dEurope-dathletisme-en-salle.jpg\",\"width\":800,\"height\":446},{\"@type\":\"BreadcrumbList\",\"@id\":\"https:\/\/dicodusport.fr\/blog\/athletisme-championnats-deurope-en-salle-2021-programme-et-resultats\/#breadcrumb\",\"itemListElement\":[{\"@type\":\"ListItem\",\"position\":1,\"name\":\"Accueil\",\"item\":\"https:\/\/dicodusport.fr\/blog\/\"},{\"@type\":\"ListItem\",\"position\":2,\"name\":\"Athl\u00e9tisme &#8211; Championnats d&rsquo;Europe en salle 2021 : programme et r\u00e9sultats\"}]},{\"@type\":\"WebSite\",\"@id\":\"https:\/\/dicodusport.fr\/blog\/#website\",\"url\":\"https:\/\/dicodusport.fr\/blog\/\",\"name\":\"Dicodusport\",\"description\":\"L&#039;encyclop\u00e9die de l&#039;actualit\u00e9 sportive\",\"publisher\":{\"@id\":\"https:\/\/dicodusport.fr\/blog\/#organization\"},\"potentialAction\":[{\"@type\":\"SearchAction\",\"target\":{\"@type\":\"EntryPoint\",\"urlTemplate\":\"https:\/\/dicodusport.fr\/blog\/?s={search_term_string}\"},\"query-input\":{\"@type\":\"PropertyValueSpecification\",\"valueRequired\":true,\"valueName\":\"search_term_string\"}}],\"inLanguage\":\"fr-FR\"},{\"@type\":\"NewsMediaOrganization\",\"@id\":\"https:\/\/dicodusport.fr\/blog\/#organization\",\"name\":\"Dicodusport\",\"url\":\"https:\/\/dicodusport.fr\/blog\/\",\"logo\":{\"@type\":\"ImageObject\",\"inLanguage\":\"fr-FR\",\"@id\":\"https:\/\/dicodusport.fr\/blog\/#\/schema\/logo\/image\/\",\"url\":\"https:\/\/dicodusport.fr\/blog\/wp-content\/uploads\/2020\/06\/cropped-LOGO-DICODUSPORT-2020-SANS-FOND-SANS-TEXTE.png\",\"contentUrl\":\"https:\/\/dicodusport.fr\/blog\/wp-content\/uploads\/2020\/06\/cropped-LOGO-DICODUSPORT-2020-SANS-FOND-SANS-TEXTE.png\",\"width\":512,\"height\":512,\"caption\":\"Dicodusport\"},\"image\":{\"@id\":\"https:\/\/dicodusport.fr\/blog\/#\/schema\/logo\/image\/\"},\"sameAs\":[\"https:\/\/www.facebook.com\/dicodusport\",\"https:\/\/x.com\/dicodusport\",\"https:\/\/www.instagram.com\/dicodusport\/\",\"https:\/\/www.youtube.com\/channel\/UC7V2KZ5sd3htJivAbA4ZG3w\"],\"description\":\"Dicodusport est l'encyclop\u00e9die de l'actualit\u00e9 sportive.\",\"email\":\"bonjour@dicodusport.fr\",\"legalName\":\"DICODUSPORT\",\"foundingDate\":\"2018-01-14\",\"vatID\":\"FR71834470973\",\"taxID\":\"83447097300043\",\"numberOfEmployees\":{\"@type\":\"QuantitativeValue\",\"minValue\":\"1\",\"maxValue\":\"10\"}},{\"@type\":\"Person\",\"@id\":\"https:\/\/dicodusport.fr\/blog\/#\/schema\/person\/cce96fa88785bd8573e3d43078ac8c79\",\"name\":\"Arlette Yeye\",\"image\":{\"@type\":\"ImageObject\",\"inLanguage\":\"fr-FR\",\"@id\":\"https:\/\/dicodusport.fr\/blog\/#\/schema\/person\/image\/\",\"url\":\"https:\/\/secure.gravatar.com\/avatar\/dca4a6239e6d708e46c45d60e160de6c?s=96&d=wp_user_avatar&r=g\",\"contentUrl\":\"https:\/\/secure.gravatar.com\/avatar\/dca4a6239e6d708e46c45d60e160de6c?s=96&d=wp_user_avatar&r=g\",\"caption\":\"Arlette Yeye\"},\"description\":\"Journaliste\/r\u00e9dactrice depuis septembre 2015 - Supportrice de Chelsea, j'ai pour sports de pr\u00e9dilection le handball, l'athl\u00e9tisme et le tennis. Si je tweete plus vite que mon ombre, vous pouvez aussi me retrouver les week-ends sur les playgrounds de Bruxelles pour un petit foot ou basket entre potes. Parcourir la France, l'Europe et plus si affinit\u00e9s pour suivre mes sportifs pr\u00e9f\u00e9r\u00e9s ? Mon kif ! Et c'est avec plaisir que je partage les r\u00e9sultats des sports populaires mais \u00e9galement plus confidentiels pour Dicodusport.\",\"sameAs\":[\"https:\/\/x.com\/https:\/\/twitter.com\/Shiclette94\"],\"url\":\"https:\/\/dicodusport.fr\/blog\/author\/arlette\/\"}]}<\/script>\n<!-- \/ Yoast SEO Premium plugin. -->","yoast_head_json":{"title":"Athl\u00e9tisme - Championnats d'Europe en salle 2021 : programme et r\u00e9sultats","description":"ATHL\u00c9TISME - Les Championnats d'Europe en salle ont lieu du jeudi 4 mars au dimanche 7 mars \u00e0 Torun en Pologne. Programme et les r\u00e9sultats.","robots":{"index":"index","follow":"follow","max-snippet":"max-snippet:-1","max-image-preview":"max-image-preview:large","max-video-preview":"max-video-preview:-1"},"canonical":"https:\/\/dicodusport.fr\/blog\/athletisme-championnats-deurope-en-salle-2021-programme-et-resultats\/","og_locale":"fr_FR","og_type":"article","og_title":"Athl\u00e9tisme - Championnats d'Europe en salle 2021 : programme et r\u00e9sultats","og_description":"ATHL\u00c9TISME - Les Championnats d'Europe en salle ont lieu du jeudi 4 mars au dimanche 7 mars \u00e0 Torun en Pologne. Programme et les r\u00e9sultats.","og_url":"https:\/\/dicodusport.fr\/blog\/athletisme-championnats-deurope-en-salle-2021-programme-et-resultats\/","og_site_name":"Dicodusport","article_publisher":"https:\/\/www.facebook.com\/dicodusport","article_published_time":"2021-03-07T18:31:16+00:00","article_modified_time":"2021-03-07T19:09:47+00:00","og_image":[{"width":800,"height":446,"url":"https:\/\/dicodusport.fr\/blog\/wp-content\/uploads\/2021\/03\/Calendrier-et-resultats-des-Championnats-dEurope-dathletisme-en-salle.jpg","type":"image\/jpeg"}],"author":"Arlette Yeye","twitter_card":"summary_large_image","twitter_title":"Athl\u00e9tisme - Championnats d'Europe en salle 2021 : programme et r\u00e9sultats","twitter_creator":"@https:\/\/twitter.com\/Shiclette94","twitter_site":"@dicodusport","schema":{"@context":"https:\/\/schema.org","@graph":[{"@type":"NewsArticle","@id":"https:\/\/dicodusport.fr\/blog\/athletisme-championnats-deurope-en-salle-2021-programme-et-resultats\/#article","isPartOf":{"@id":"https:\/\/dicodusport.fr\/blog\/athletisme-championnats-deurope-en-salle-2021-programme-et-resultats\/"},"author":{"name":"Arlette Yeye","@id":"https:\/\/dicodusport.fr\/blog\/#\/schema\/person\/cce96fa88785bd8573e3d43078ac8c79"},"headline":"Athl\u00e9tisme &#8211; Championnats d&rsquo;Europe en salle 2021 : programme et r\u00e9sultats","datePublished":"2021-03-07T18:31:16+00:00","dateModified":"2021-03-07T19:09:47+00:00","mainEntityOfPage":{"@id":"https:\/\/dicodusport.fr\/blog\/athletisme-championnats-deurope-en-salle-2021-programme-et-resultats\/"},"wordCount":1814,"commentCount":0,"publisher":{"@id":"https:\/\/dicodusport.fr\/blog\/#organization"},"image":{"@id":"https:\/\/dicodusport.fr\/blog\/athletisme-championnats-deurope-en-salle-2021-programme-et-resultats\/#primaryimage"},"thumbnailUrl":"https:\/\/dicodusport.fr\/blog\/wp-content\/uploads\/2021\/03\/Calendrier-et-resultats-des-Championnats-dEurope-dathletisme-en-salle.jpg","keywords":["Athl\u00e9tisme","Championnats d'Europe d'athl\u00e9tisme en salle","Torun"],"articleSection":["Championnats d'Europe d'athl\u00e9tisme"],"inLanguage":"fr-FR","potentialAction":[{"@type":"CommentAction","name":"Comment","target":["https:\/\/dicodusport.fr\/blog\/athletisme-championnats-deurope-en-salle-2021-programme-et-resultats\/#respond"]}],"copyrightYear":"2021","copyrightHolder":{"@id":"https:\/\/dicodusport.fr\/blog\/#organization"}},{"@type":"WebPage","@id":"https:\/\/dicodusport.fr\/blog\/athletisme-championnats-deurope-en-salle-2021-programme-et-resultats\/","url":"https:\/\/dicodusport.fr\/blog\/athletisme-championnats-deurope-en-salle-2021-programme-et-resultats\/","name":"Athl\u00e9tisme - Championnats d'Europe en salle 2021 : programme et r\u00e9sultats","isPartOf":{"@id":"https:\/\/dicodusport.fr\/blog\/#website"},"primaryImageOfPage":{"@id":"https:\/\/dicodusport.fr\/blog\/athletisme-championnats-deurope-en-salle-2021-programme-et-resultats\/#primaryimage"},"image":{"@id":"https:\/\/dicodusport.fr\/blog\/athletisme-championnats-deurope-en-salle-2021-programme-et-resultats\/#primaryimage"},"thumbnailUrl":"https:\/\/dicodusport.fr\/blog\/wp-content\/uploads\/2021\/03\/Calendrier-et-resultats-des-Championnats-dEurope-dathletisme-en-salle.jpg","datePublished":"2021-03-07T18:31:16+00:00","dateModified":"2021-03-07T19:09:47+00:00","description":"ATHL\u00c9TISME - Les Championnats d'Europe en salle ont lieu du jeudi 4 mars au dimanche 7 mars \u00e0 Torun en Pologne. Programme et les r\u00e9sultats.","breadcrumb":{"@id":"https:\/\/dicodusport.fr\/blog\/athletisme-championnats-deurope-en-salle-2021-programme-et-resultats\/#breadcrumb"},"inLanguage":"fr-FR","potentialAction":[{"@type":"ReadAction","target":["https:\/\/dicodusport.fr\/blog\/athletisme-championnats-deurope-en-salle-2021-programme-et-resultats\/"]}]},{"@type":"ImageObject","inLanguage":"fr-FR","@id":"https:\/\/dicodusport.fr\/blog\/athletisme-championnats-deurope-en-salle-2021-programme-et-resultats\/#primaryimage","url":"https:\/\/dicodusport.fr\/blog\/wp-content\/uploads\/2021\/03\/Calendrier-et-resultats-des-Championnats-dEurope-dathletisme-en-salle.jpg","contentUrl":"https:\/\/dicodusport.fr\/blog\/wp-content\/uploads\/2021\/03\/Calendrier-et-resultats-des-Championnats-dEurope-dathletisme-en-salle.jpg","width":800,"height":446},{"@type":"BreadcrumbList","@id":"https:\/\/dicodusport.fr\/blog\/athletisme-championnats-deurope-en-salle-2021-programme-et-resultats\/#breadcrumb","itemListElement":[{"@type":"ListItem","position":1,"name":"Accueil","item":"https:\/\/dicodusport.fr\/blog\/"},{"@type":"ListItem","position":2,"name":"Athl\u00e9tisme &#8211; Championnats d&rsquo;Europe en salle 2021 : programme et r\u00e9sultats"}]},{"@type":"WebSite","@id":"https:\/\/dicodusport.fr\/blog\/#website","url":"https:\/\/dicodusport.fr\/blog\/","name":"Dicodusport","description":"L&#039;encyclop\u00e9die de l&#039;actualit\u00e9 sportive","publisher":{"@id":"https:\/\/dicodusport.fr\/blog\/#organization"},"potentialAction":[{"@type":"SearchAction","target":{"@type":"EntryPoint","urlTemplate":"https:\/\/dicodusport.fr\/blog\/?s={search_term_string}"},"query-input":{"@type":"PropertyValueSpecification","valueRequired":true,"valueName":"search_term_string"}}],"inLanguage":"fr-FR"},{"@type":"NewsMediaOrganization","@id":"https:\/\/dicodusport.fr\/blog\/#organization","name":"Dicodusport","url":"https:\/\/dicodusport.fr\/blog\/","logo":{"@type":"ImageObject","inLanguage":"fr-FR","@id":"https:\/\/dicodusport.fr\/blog\/#\/schema\/logo\/image\/","url":"https:\/\/dicodusport.fr\/blog\/wp-content\/uploads\/2020\/06\/cropped-LOGO-DICODUSPORT-2020-SANS-FOND-SANS-TEXTE.png","contentUrl":"https:\/\/dicodusport.fr\/blog\/wp-content\/uploads\/2020\/06\/cropped-LOGO-DICODUSPORT-2020-SANS-FOND-SANS-TEXTE.png","width":512,"height":512,"caption":"Dicodusport"},"image":{"@id":"https:\/\/dicodusport.fr\/blog\/#\/schema\/logo\/image\/"},"sameAs":["https:\/\/www.facebook.com\/dicodusport","https:\/\/x.com\/dicodusport","https:\/\/www.instagram.com\/dicodusport\/","https:\/\/www.youtube.com\/channel\/UC7V2KZ5sd3htJivAbA4ZG3w"],"description":"Dicodusport est l'encyclop\u00e9die de l'actualit\u00e9 sportive.","email":"bonjour@dicodusport.fr","legalName":"DICODUSPORT","foundingDate":"2018-01-14","vatID":"FR71834470973","taxID":"83447097300043","numberOfEmployees":{"@type":"QuantitativeValue","minValue":"1","maxValue":"10"}},{"@type":"Person","@id":"https:\/\/dicodusport.fr\/blog\/#\/schema\/person\/cce96fa88785bd8573e3d43078ac8c79","name":"Arlette Yeye","image":{"@type":"ImageObject","inLanguage":"fr-FR","@id":"https:\/\/dicodusport.fr\/blog\/#\/schema\/person\/image\/","url":"https:\/\/secure.gravatar.com\/avatar\/dca4a6239e6d708e46c45d60e160de6c?s=96&d=wp_user_avatar&r=g","contentUrl":"https:\/\/secure.gravatar.com\/avatar\/dca4a6239e6d708e46c45d60e160de6c?s=96&d=wp_user_avatar&r=g","caption":"Arlette Yeye"},"description":"Journaliste\/r\u00e9dactrice depuis septembre 2015 - Supportrice de Chelsea, j'ai pour sports de pr\u00e9dilection le handball, l'athl\u00e9tisme et le tennis. Si je tweete plus vite que mon ombre, vous pouvez aussi me retrouver les week-ends sur les playgrounds de Bruxelles pour un petit foot ou basket entre potes. Parcourir la France, l'Europe et plus si affinit\u00e9s pour suivre mes sportifs pr\u00e9f\u00e9r\u00e9s ? Mon kif ! Et c'est avec plaisir que je partage les r\u00e9sultats des sports populaires mais \u00e9galement plus confidentiels pour Dicodusport.","sameAs":["https:\/\/x.com\/https:\/\/twitter.com\/Shiclette94"],"url":"https:\/\/dicodusport.fr\/blog\/author\/arlette\/"}]}},"_links":{"self":[{"href":"https:\/\/dicodusport.fr\/blog\/wp-json\/wp\/v2\/posts\/109131","targetHints":{"allow":["GET"]}}],"collection":[{"href":"https:\/\/dicodusport.fr\/blog\/wp-json\/wp\/v2\/posts"}],"about":[{"href":"https:\/\/dicodusport.fr\/blog\/wp-json\/wp\/v2\/types\/post"}],"author":[{"embeddable":true,"href":"https:\/\/dicodusport.fr\/blog\/wp-json\/wp\/v2\/users\/12"}],"replies":[{"embeddable":true,"href":"https:\/\/dicodusport.fr\/blog\/wp-json\/wp\/v2\/comments?post=109131"}],"version-history":[{"count":0,"href":"https:\/\/dicodusport.fr\/blog\/wp-json\/wp\/v2\/posts\/109131\/revisions"}],"wp:featuredmedia":[{"embeddable":true,"href":"https:\/\/dicodusport.fr\/blog\/wp-json\/wp\/v2\/media\/110196"}],"wp:attachment":[{"href":"https:\/\/dicodusport.fr\/blog\/wp-json\/wp\/v2\/media?parent=109131"}],"wp:term":[{"taxonomy":"category","embeddable":true,"href":"https:\/\/dicodusport.fr\/blog\/wp-json\/wp\/v2\/categories?post=109131"},{"taxonomy":"post_tag","embeddable":true,"href":"https:\/\/dicodusport.fr\/blog\/wp-json\/wp\/v2\/tags?post=109131"}],"curies":[{"name":"wp","href":"https:\/\/api.w.org\/{rel}","templated":true}]}}