{"id":109688,"date":"2021-02-27T14:12:11","date_gmt":"2021-02-27T13:12:11","guid":{"rendered":"https:\/\/dicodusport.fr\/blog\/?p=109688&#038;preview=true&#038;preview_id=109688"},"modified":"2021-02-27T14:22:54","modified_gmt":"2021-02-27T13:22:54","slug":"slalom-geant-bansko-mathieu-faivre-deuxieme-derriere-filip-zubcic-pinturault-4eme","status":"publish","type":"post","link":"https:\/\/dicodusport.fr\/blog\/slalom-geant-bansko-mathieu-faivre-deuxieme-derriere-filip-zubcic-pinturault-4eme\/","title":{"rendered":"Slalom g\u00e9ant de Bansko : Mathieu Faivre deuxi\u00e8me derri\u00e8re Filip Zubcic, Pinturault 4\u00e8me"},"content":{"rendered":"<p style=\"text-align: justify;\"><strong><em><a href=\"https:\/\/dicodusport.fr\/blog\/ski-alpin-coupe-du-monde-2020-2021-le-calendrier-complet\/\" target=\"_blank\" rel=\"noopener noreferrer\">SKI ALPIN 2020\/2021<\/a> &#8211; D\u00e9j\u00e0 vainqueur \u00e0 Santa Caterina di Valfurva cette saison, le Croate Filip Zubcic a remport\u00e9 ce samedi le premier g\u00e9ant de Bansko (Bulgarie). Il devance un excellent Mathieu Faivre, qui renoue avec le podium de la Coupe du monde pour la premi\u00e8re fois depuis 489 jours, 8 jours apr\u00e8s son titre mondial \u00e0 Cortina.<\/em><\/strong><\/p>\n<p style=\"text-align: justify;\">Quatri\u00e8me, <strong>Alexis Pinturault<\/strong> s&rsquo;est fait une \u00e9norme frayeur ! Le skieur de Courchevel a perdu l&rsquo;un de ses b\u00e2tons en haut du trac\u00e9 bulgare lors de la seconde manche, r\u00e9alisant l&rsquo;exploit de rester sur ses skis et \u00e0 performer. Au pied du podium, <em>Pintu<\/em> grappille 5 points sur <strong>Marco Odermatt<\/strong> dans la lutte pour le gros globe : le Suisse, 5\u00e8me ce samedi, compte d\u00e9sormais 230 points de retard sur le Fran\u00e7ais (744 contre 974). \u00c0 noter qu&rsquo;un troisi\u00e8me tricolore se classe dans le top : <strong>Thibaut Favrot<\/strong> prend en effet la 7\u00e8me place, soit son meilleur r\u00e9sultat en carri\u00e8re.<\/p>\n<h2 style=\"text-align: justify;\">Le run d&rsquo;Alexis Pinturault avec un seul b\u00e2ton<\/h2>\n<blockquote class=\"twitter-tweet\">\n<p dir=\"ltr\" lang=\"fr\">&#x1f44f;&#x1f1eb;&#x1f1f7; Avec un seul b\u00e2ton, mesdames et messieurs : l&rsquo;immense Pinturault termine au pied du podium \u00e0 Bansko, Faivre deuxi\u00e8me <a href=\"https:\/\/twitter.com\/hashtag\/ChaletClub?src=hash&amp;ref_src=twsrc%5Etfw\">#ChaletClub<\/a><\/p>\n<p>Le meilleur des sports d&rsquo;hiver, c&rsquo;est \u00e9videmment sur Eurosport et <a href=\"https:\/\/t.co\/XcZuM6O9AA\">https:\/\/t.co\/XcZuM6O9AA<\/a> <a href=\"https:\/\/t.co\/1ObcZ8OHJM\">pic.twitter.com\/1ObcZ8OHJM<\/a><\/p>\n<p>\u2014 Eurosport France (@Eurosport_FR) <a href=\"https:\/\/twitter.com\/Eurosport_FR\/status\/1365651425624211456?ref_src=twsrc%5Etfw\">February 27, 2021<\/a><\/p><\/blockquote>\n<p><script async src=\"https:\/\/platform.twitter.com\/widgets.js\" charset=\"utf-8\"><\/script><\/p>\n<h2 style=\"text-align: justify;\">\u00c0 lire aussi<\/h2>\n<ul>\n<li><a href=\"https:\/\/dicodusport.fr\/blog\/ski-alpin-coupe-du-monde-classement-premier-slalom-geant-bansko\/\" target=\"_blank\" rel=\"noopener\"><strong>Le classement du premier slalom g\u00e9ant Bansko<\/strong><\/a><\/li>\n<li><a href=\"https:\/\/dicodusport.fr\/blog\/ski-alpin-coupe-du-monde-2020-2021-le-classement-general-hommes\/\" target=\"_blank\" rel=\"noopener noreferrer\"><strong>Ski alpin \u2013 Coupe du monde 2020\/2021 : le classement g\u00e9n\u00e9ral hommes<\/strong><\/a><\/li>\n<\/ul>\n<p><strong><em>Dicodusport<br \/>\n<a href=\"https:\/\/www.facebook.com\/dicodusport\/\" target=\"_blank\" rel=\"noopener noreferrer\"><img loading=\"lazy\" decoding=\"async\" class=\"alignnone wp-image-2909\" src=\"http:\/\/dicodusport.fr\/blog\/wp-content\/uploads\/2017\/07\/logo-facebook-150x150.png\" alt=\"\" width=\"40\" height=\"40\" \/><\/a><a href=\"https:\/\/twitter.com\/dicodusport\" target=\"_blank\" rel=\"noopener noreferrer\"><img loading=\"lazy\" decoding=\"async\" class=\"alignnone wp-image-2908\" src=\"http:\/\/dicodusport.fr\/blog\/wp-content\/uploads\/2017\/07\/logo-twitter-150x150.png\" alt=\"\" width=\"39\" height=\"39\" \/><\/a><\/em><\/strong><\/p>\n","protected":false},"excerpt":{"rendered":"<p>SKI ALPIN 2020\/2021 &#8211; D\u00e9j\u00e0 vainqueur \u00e0 Santa Caterina di Valfurva cette saison, le Croate Filip Zubcic a remport\u00e9 ce samedi le premier g\u00e9ant de Bansko (Bulgarie). Il devance un excellent Mathieu Faivre, qui renoue avec le podium de la Coupe du monde pour la premi\u00e8re fois depuis 489 jours, 8 jours apr\u00e8s son titre mondial \u00e0 Cortina.<\/p>\n","protected":false},"author":4,"featured_media":109708,"comment_status":"open","ping_status":"closed","sticky":false,"template":"","format":"standard","meta":{"_acf_changed":false,"_daextam_enable_autolinks":"","footnotes":""},"categories":[9217],"tags":[3543],"class_list":["post-109688","post","type-post","status-publish","format-standard","has-post-thumbnail","hentry","category-ski","tag-slalom-geant"],"acf":[],"yoast_head":"<!-- This site is optimized with the Yoast SEO Premium plugin v26.7 (Yoast SEO v26.7) - https:\/\/yoast.com\/wordpress\/plugins\/seo\/ -->\n<title>Slalom g\u00e9ant de Bansko : Mathieu Faivre deuxi\u00e8me derri\u00e8re Filip Zubcic, Pinturault 4\u00e8me<\/title>\n<meta name=\"description\" content=\"SKI ALPIN 2020\/2021 - D\u00e9j\u00e0 vainqueur \u00e0 Santa Caterina di Valfurva cette saison, le Croate Filip Zubcic a remport\u00e9 ce samedi le premier g\u00e9ant de Bansko (Bulgarie).\" \/>\n<meta name=\"robots\" content=\"index, follow, max-snippet:-1, max-image-preview:large, max-video-preview:-1\" \/>\n<link rel=\"canonical\" href=\"https:\/\/dicodusport.fr\/blog\/slalom-geant-bansko-mathieu-faivre-deuxieme-derriere-filip-zubcic-pinturault-4eme\/\" \/>\n<meta property=\"og:locale\" content=\"fr_FR\" \/>\n<meta property=\"og:type\" content=\"article\" \/>\n<meta property=\"og:title\" content=\"Slalom g\u00e9ant de Bansko : Mathieu Faivre deuxi\u00e8me derri\u00e8re Filip Zubcic, Pinturault 4\u00e8me\" \/>\n<meta property=\"og:description\" content=\"SKI ALPIN 2020\/2021 - D\u00e9j\u00e0 vainqueur \u00e0 Santa Caterina di Valfurva cette saison, le Croate Filip Zubcic a remport\u00e9 ce samedi le premier g\u00e9ant de Bansko (Bulgarie).\" \/>\n<meta property=\"og:url\" content=\"https:\/\/dicodusport.fr\/blog\/slalom-geant-bansko-mathieu-faivre-deuxieme-derriere-filip-zubcic-pinturault-4eme\/\" \/>\n<meta property=\"og:site_name\" content=\"Dicodusport\" \/>\n<meta property=\"article:publisher\" content=\"https:\/\/www.facebook.com\/dicodusport\" \/>\n<meta property=\"article:author\" content=\"https:\/\/www.facebook.com\/florent.ostermann\" \/>\n<meta property=\"article:published_time\" content=\"2021-02-27T13:12:11+00:00\" \/>\n<meta property=\"article:modified_time\" content=\"2021-02-27T13:22:54+00:00\" \/>\n<meta property=\"og:image\" content=\"https:\/\/dicodusport.fr\/blog\/wp-content\/uploads\/2021\/02\/Slalom-geant-de-Bansko-Mathieu-Faivre-deuxieme-derriere-Filip-Zubcic.png\" \/>\n\t<meta property=\"og:image:width\" content=\"800\" \/>\n\t<meta property=\"og:image:height\" content=\"445\" \/>\n\t<meta property=\"og:image:type\" content=\"image\/png\" \/>\n<meta name=\"author\" content=\"Flo Ostermann\" \/>\n<meta name=\"twitter:card\" content=\"summary_large_image\" \/>\n<meta name=\"twitter:title\" content=\"Slalom g\u00e9ant de Bansko : Mathieu Faivre deuxi\u00e8me derri\u00e8re Filip Zubcic, Pinturault 4\u00e8me\" \/>\n<meta name=\"twitter:creator\" content=\"@https:\/\/twitter.com\/FlOstermann\" \/>\n<meta name=\"twitter:site\" content=\"@dicodusport\" \/>\n<script type=\"application\/ld+json\" class=\"yoast-schema-graph\">{\"@context\":\"https:\/\/schema.org\",\"@graph\":[{\"@type\":\"NewsArticle\",\"@id\":\"https:\/\/dicodusport.fr\/blog\/slalom-geant-bansko-mathieu-faivre-deuxieme-derriere-filip-zubcic-pinturault-4eme\/#article\",\"isPartOf\":{\"@id\":\"https:\/\/dicodusport.fr\/blog\/slalom-geant-bansko-mathieu-faivre-deuxieme-derriere-filip-zubcic-pinturault-4eme\/\"},\"author\":{\"name\":\"Flo Ostermann\",\"@id\":\"https:\/\/dicodusport.fr\/blog\/#\/schema\/person\/cb02af4c173ce4a653b55e9baf388d4a\"},\"headline\":\"Slalom g\u00e9ant de Bansko : Mathieu Faivre deuxi\u00e8me derri\u00e8re Filip Zubcic, Pinturault 4\u00e8me\",\"datePublished\":\"2021-02-27T13:12:11+00:00\",\"dateModified\":\"2021-02-27T13:22:54+00:00\",\"mainEntityOfPage\":{\"@id\":\"https:\/\/dicodusport.fr\/blog\/slalom-geant-bansko-mathieu-faivre-deuxieme-derriere-filip-zubcic-pinturault-4eme\/\"},\"wordCount\":265,\"commentCount\":0,\"publisher\":{\"@id\":\"https:\/\/dicodusport.fr\/blog\/#organization\"},\"image\":{\"@id\":\"https:\/\/dicodusport.fr\/blog\/slalom-geant-bansko-mathieu-faivre-deuxieme-derriere-filip-zubcic-pinturault-4eme\/#primaryimage\"},\"thumbnailUrl\":\"https:\/\/dicodusport.fr\/blog\/wp-content\/uploads\/2021\/02\/Slalom-geant-de-Bansko-Mathieu-Faivre-deuxieme-derriere-Filip-Zubcic.png\",\"keywords\":[\"slalom g\u00e9ant\"],\"articleSection\":[\"Ski\"],\"inLanguage\":\"fr-FR\",\"potentialAction\":[{\"@type\":\"CommentAction\",\"name\":\"Comment\",\"target\":[\"https:\/\/dicodusport.fr\/blog\/slalom-geant-bansko-mathieu-faivre-deuxieme-derriere-filip-zubcic-pinturault-4eme\/#respond\"]}],\"copyrightYear\":\"2021\",\"copyrightHolder\":{\"@id\":\"https:\/\/dicodusport.fr\/blog\/#organization\"}},{\"@type\":\"WebPage\",\"@id\":\"https:\/\/dicodusport.fr\/blog\/slalom-geant-bansko-mathieu-faivre-deuxieme-derriere-filip-zubcic-pinturault-4eme\/\",\"url\":\"https:\/\/dicodusport.fr\/blog\/slalom-geant-bansko-mathieu-faivre-deuxieme-derriere-filip-zubcic-pinturault-4eme\/\",\"name\":\"Slalom g\u00e9ant de Bansko : Mathieu Faivre deuxi\u00e8me derri\u00e8re Filip Zubcic, Pinturault 4\u00e8me\",\"isPartOf\":{\"@id\":\"https:\/\/dicodusport.fr\/blog\/#website\"},\"primaryImageOfPage\":{\"@id\":\"https:\/\/dicodusport.fr\/blog\/slalom-geant-bansko-mathieu-faivre-deuxieme-derriere-filip-zubcic-pinturault-4eme\/#primaryimage\"},\"image\":{\"@id\":\"https:\/\/dicodusport.fr\/blog\/slalom-geant-bansko-mathieu-faivre-deuxieme-derriere-filip-zubcic-pinturault-4eme\/#primaryimage\"},\"thumbnailUrl\":\"https:\/\/dicodusport.fr\/blog\/wp-content\/uploads\/2021\/02\/Slalom-geant-de-Bansko-Mathieu-Faivre-deuxieme-derriere-Filip-Zubcic.png\",\"datePublished\":\"2021-02-27T13:12:11+00:00\",\"dateModified\":\"2021-02-27T13:22:54+00:00\",\"description\":\"SKI ALPIN 2020\/2021 - D\u00e9j\u00e0 vainqueur \u00e0 Santa Caterina di Valfurva cette saison, le Croate Filip Zubcic a remport\u00e9 ce samedi le premier g\u00e9ant de Bansko (Bulgarie).\",\"breadcrumb\":{\"@id\":\"https:\/\/dicodusport.fr\/blog\/slalom-geant-bansko-mathieu-faivre-deuxieme-derriere-filip-zubcic-pinturault-4eme\/#breadcrumb\"},\"inLanguage\":\"fr-FR\",\"potentialAction\":[{\"@type\":\"ReadAction\",\"target\":[\"https:\/\/dicodusport.fr\/blog\/slalom-geant-bansko-mathieu-faivre-deuxieme-derriere-filip-zubcic-pinturault-4eme\/\"]}]},{\"@type\":\"ImageObject\",\"inLanguage\":\"fr-FR\",\"@id\":\"https:\/\/dicodusport.fr\/blog\/slalom-geant-bansko-mathieu-faivre-deuxieme-derriere-filip-zubcic-pinturault-4eme\/#primaryimage\",\"url\":\"https:\/\/dicodusport.fr\/blog\/wp-content\/uploads\/2021\/02\/Slalom-geant-de-Bansko-Mathieu-Faivre-deuxieme-derriere-Filip-Zubcic.png\",\"contentUrl\":\"https:\/\/dicodusport.fr\/blog\/wp-content\/uploads\/2021\/02\/Slalom-geant-de-Bansko-Mathieu-Faivre-deuxieme-derriere-Filip-Zubcic.png\",\"width\":800,\"height\":445,\"caption\":\"Slalom g\u00e9ant de Bansko : Mathieu Faivre deuxi\u00e8me derri\u00e8re Filip Zubcic\"},{\"@type\":\"BreadcrumbList\",\"@id\":\"https:\/\/dicodusport.fr\/blog\/slalom-geant-bansko-mathieu-faivre-deuxieme-derriere-filip-zubcic-pinturault-4eme\/#breadcrumb\",\"itemListElement\":[{\"@type\":\"ListItem\",\"position\":1,\"name\":\"Accueil\",\"item\":\"https:\/\/dicodusport.fr\/blog\/\"},{\"@type\":\"ListItem\",\"position\":2,\"name\":\"Slalom g\u00e9ant de Bansko : Mathieu Faivre deuxi\u00e8me derri\u00e8re Filip Zubcic, Pinturault 4\u00e8me\"}]},{\"@type\":\"WebSite\",\"@id\":\"https:\/\/dicodusport.fr\/blog\/#website\",\"url\":\"https:\/\/dicodusport.fr\/blog\/\",\"name\":\"Dicodusport\",\"description\":\"L&#039;encyclop\u00e9die de l&#039;actualit\u00e9 sportive\",\"publisher\":{\"@id\":\"https:\/\/dicodusport.fr\/blog\/#organization\"},\"potentialAction\":[{\"@type\":\"SearchAction\",\"target\":{\"@type\":\"EntryPoint\",\"urlTemplate\":\"https:\/\/dicodusport.fr\/blog\/?s={search_term_string}\"},\"query-input\":{\"@type\":\"PropertyValueSpecification\",\"valueRequired\":true,\"valueName\":\"search_term_string\"}}],\"inLanguage\":\"fr-FR\"},{\"@type\":\"NewsMediaOrganization\",\"@id\":\"https:\/\/dicodusport.fr\/blog\/#organization\",\"name\":\"Dicodusport\",\"url\":\"https:\/\/dicodusport.fr\/blog\/\",\"logo\":{\"@type\":\"ImageObject\",\"inLanguage\":\"fr-FR\",\"@id\":\"https:\/\/dicodusport.fr\/blog\/#\/schema\/logo\/image\/\",\"url\":\"https:\/\/dicodusport.fr\/blog\/wp-content\/uploads\/2020\/06\/cropped-LOGO-DICODUSPORT-2020-SANS-FOND-SANS-TEXTE.png\",\"contentUrl\":\"https:\/\/dicodusport.fr\/blog\/wp-content\/uploads\/2020\/06\/cropped-LOGO-DICODUSPORT-2020-SANS-FOND-SANS-TEXTE.png\",\"width\":512,\"height\":512,\"caption\":\"Dicodusport\"},\"image\":{\"@id\":\"https:\/\/dicodusport.fr\/blog\/#\/schema\/logo\/image\/\"},\"sameAs\":[\"https:\/\/www.facebook.com\/dicodusport\",\"https:\/\/x.com\/dicodusport\",\"https:\/\/www.instagram.com\/dicodusport\/\",\"https:\/\/www.youtube.com\/channel\/UC7V2KZ5sd3htJivAbA4ZG3w\"],\"description\":\"Dicodusport est l'encyclop\u00e9die de l'actualit\u00e9 sportive.\",\"email\":\"bonjour@dicodusport.fr\",\"legalName\":\"DICODUSPORT\",\"foundingDate\":\"2018-01-14\",\"vatID\":\"FR71834470973\",\"taxID\":\"83447097300043\",\"numberOfEmployees\":{\"@type\":\"QuantitativeValue\",\"minValue\":\"1\",\"maxValue\":\"10\"}},{\"@type\":\"Person\",\"@id\":\"https:\/\/dicodusport.fr\/blog\/#\/schema\/person\/cb02af4c173ce4a653b55e9baf388d4a\",\"name\":\"Flo Ostermann\",\"image\":{\"@type\":\"ImageObject\",\"inLanguage\":\"fr-FR\",\"@id\":\"https:\/\/dicodusport.fr\/blog\/#\/schema\/person\/image\/\",\"url\":\"https:\/\/dicodusport.fr\/blog\/wp-content\/uploads\/2021\/05\/Flo-Ostermann-150x150.jpg\",\"contentUrl\":\"https:\/\/dicodusport.fr\/blog\/wp-content\/uploads\/2021\/05\/Flo-Ostermann-150x150.jpg\",\"caption\":\"Flo Ostermann\"},\"description\":\"Journaliste\/R\u00e9dacteur depuis septembre 2015 - Mes premiers souvenirs dans le sport ? Les envol\u00e9es du Stade Toulousain et les duels Villeneuve-Schumacher et H\u00e4kkinen-Schumacher \u00e0 la fin des ann\u00e9es 90, la Coupe du monde de football en 1998, l\u2019exploit du XV de France face aux All Blacks en 1999, mais aussi Richard C\u0153ur de Lion qui vole sur les montagnes du Tour de France. Bien parti pour devenir professeur d\u2019EPS, les \u00e9v\u00e9nements de la vie (et la flemme d\u2019animer des s\u00e9ances de 3x500 m\u00e8tres toute ma vie) m\u2019ont conduit \u00e0 revoir mes plans. Me voil\u00e0 depuis fin 2017 sur Dicodusport, m\u00e9dia gr\u00e2ce (et pour) lequel je partage ma passion : le sport dans tous ses \u00e9tats. Le tout accompagn\u00e9 par les fous furieux et folles furieuses cit\u00e9s sur cette page !\",\"sameAs\":[\"https:\/\/www.facebook.com\/florent.ostermann\",\"https:\/\/x.com\/https:\/\/twitter.com\/FlOstermann\",\"admin\"],\"url\":\"https:\/\/dicodusport.fr\/blog\/author\/flo\/\"}]}<\/script>\n<!-- \/ Yoast SEO Premium plugin. -->","yoast_head_json":{"title":"Slalom g\u00e9ant de Bansko : Mathieu Faivre deuxi\u00e8me derri\u00e8re Filip Zubcic, Pinturault 4\u00e8me","description":"SKI ALPIN 2020\/2021 - D\u00e9j\u00e0 vainqueur \u00e0 Santa Caterina di Valfurva cette saison, le Croate Filip Zubcic a remport\u00e9 ce samedi le premier g\u00e9ant de Bansko (Bulgarie).","robots":{"index":"index","follow":"follow","max-snippet":"max-snippet:-1","max-image-preview":"max-image-preview:large","max-video-preview":"max-video-preview:-1"},"canonical":"https:\/\/dicodusport.fr\/blog\/slalom-geant-bansko-mathieu-faivre-deuxieme-derriere-filip-zubcic-pinturault-4eme\/","og_locale":"fr_FR","og_type":"article","og_title":"Slalom g\u00e9ant de Bansko : Mathieu Faivre deuxi\u00e8me derri\u00e8re Filip Zubcic, Pinturault 4\u00e8me","og_description":"SKI ALPIN 2020\/2021 - D\u00e9j\u00e0 vainqueur \u00e0 Santa Caterina di Valfurva cette saison, le Croate Filip Zubcic a remport\u00e9 ce samedi le premier g\u00e9ant de Bansko (Bulgarie).","og_url":"https:\/\/dicodusport.fr\/blog\/slalom-geant-bansko-mathieu-faivre-deuxieme-derriere-filip-zubcic-pinturault-4eme\/","og_site_name":"Dicodusport","article_publisher":"https:\/\/www.facebook.com\/dicodusport","article_author":"https:\/\/www.facebook.com\/florent.ostermann","article_published_time":"2021-02-27T13:12:11+00:00","article_modified_time":"2021-02-27T13:22:54+00:00","og_image":[{"width":800,"height":445,"url":"https:\/\/dicodusport.fr\/blog\/wp-content\/uploads\/2021\/02\/Slalom-geant-de-Bansko-Mathieu-Faivre-deuxieme-derriere-Filip-Zubcic.png","type":"image\/png"}],"author":"Flo Ostermann","twitter_card":"summary_large_image","twitter_title":"Slalom g\u00e9ant de Bansko : Mathieu Faivre deuxi\u00e8me derri\u00e8re Filip Zubcic, Pinturault 4\u00e8me","twitter_creator":"@https:\/\/twitter.com\/FlOstermann","twitter_site":"@dicodusport","schema":{"@context":"https:\/\/schema.org","@graph":[{"@type":"NewsArticle","@id":"https:\/\/dicodusport.fr\/blog\/slalom-geant-bansko-mathieu-faivre-deuxieme-derriere-filip-zubcic-pinturault-4eme\/#article","isPartOf":{"@id":"https:\/\/dicodusport.fr\/blog\/slalom-geant-bansko-mathieu-faivre-deuxieme-derriere-filip-zubcic-pinturault-4eme\/"},"author":{"name":"Flo Ostermann","@id":"https:\/\/dicodusport.fr\/blog\/#\/schema\/person\/cb02af4c173ce4a653b55e9baf388d4a"},"headline":"Slalom g\u00e9ant de Bansko : Mathieu Faivre deuxi\u00e8me derri\u00e8re Filip Zubcic, Pinturault 4\u00e8me","datePublished":"2021-02-27T13:12:11+00:00","dateModified":"2021-02-27T13:22:54+00:00","mainEntityOfPage":{"@id":"https:\/\/dicodusport.fr\/blog\/slalom-geant-bansko-mathieu-faivre-deuxieme-derriere-filip-zubcic-pinturault-4eme\/"},"wordCount":265,"commentCount":0,"publisher":{"@id":"https:\/\/dicodusport.fr\/blog\/#organization"},"image":{"@id":"https:\/\/dicodusport.fr\/blog\/slalom-geant-bansko-mathieu-faivre-deuxieme-derriere-filip-zubcic-pinturault-4eme\/#primaryimage"},"thumbnailUrl":"https:\/\/dicodusport.fr\/blog\/wp-content\/uploads\/2021\/02\/Slalom-geant-de-Bansko-Mathieu-Faivre-deuxieme-derriere-Filip-Zubcic.png","keywords":["slalom g\u00e9ant"],"articleSection":["Ski"],"inLanguage":"fr-FR","potentialAction":[{"@type":"CommentAction","name":"Comment","target":["https:\/\/dicodusport.fr\/blog\/slalom-geant-bansko-mathieu-faivre-deuxieme-derriere-filip-zubcic-pinturault-4eme\/#respond"]}],"copyrightYear":"2021","copyrightHolder":{"@id":"https:\/\/dicodusport.fr\/blog\/#organization"}},{"@type":"WebPage","@id":"https:\/\/dicodusport.fr\/blog\/slalom-geant-bansko-mathieu-faivre-deuxieme-derriere-filip-zubcic-pinturault-4eme\/","url":"https:\/\/dicodusport.fr\/blog\/slalom-geant-bansko-mathieu-faivre-deuxieme-derriere-filip-zubcic-pinturault-4eme\/","name":"Slalom g\u00e9ant de Bansko : Mathieu Faivre deuxi\u00e8me derri\u00e8re Filip Zubcic, Pinturault 4\u00e8me","isPartOf":{"@id":"https:\/\/dicodusport.fr\/blog\/#website"},"primaryImageOfPage":{"@id":"https:\/\/dicodusport.fr\/blog\/slalom-geant-bansko-mathieu-faivre-deuxieme-derriere-filip-zubcic-pinturault-4eme\/#primaryimage"},"image":{"@id":"https:\/\/dicodusport.fr\/blog\/slalom-geant-bansko-mathieu-faivre-deuxieme-derriere-filip-zubcic-pinturault-4eme\/#primaryimage"},"thumbnailUrl":"https:\/\/dicodusport.fr\/blog\/wp-content\/uploads\/2021\/02\/Slalom-geant-de-Bansko-Mathieu-Faivre-deuxieme-derriere-Filip-Zubcic.png","datePublished":"2021-02-27T13:12:11+00:00","dateModified":"2021-02-27T13:22:54+00:00","description":"SKI ALPIN 2020\/2021 - D\u00e9j\u00e0 vainqueur \u00e0 Santa Caterina di Valfurva cette saison, le Croate Filip Zubcic a remport\u00e9 ce samedi le premier g\u00e9ant de Bansko (Bulgarie).","breadcrumb":{"@id":"https:\/\/dicodusport.fr\/blog\/slalom-geant-bansko-mathieu-faivre-deuxieme-derriere-filip-zubcic-pinturault-4eme\/#breadcrumb"},"inLanguage":"fr-FR","potentialAction":[{"@type":"ReadAction","target":["https:\/\/dicodusport.fr\/blog\/slalom-geant-bansko-mathieu-faivre-deuxieme-derriere-filip-zubcic-pinturault-4eme\/"]}]},{"@type":"ImageObject","inLanguage":"fr-FR","@id":"https:\/\/dicodusport.fr\/blog\/slalom-geant-bansko-mathieu-faivre-deuxieme-derriere-filip-zubcic-pinturault-4eme\/#primaryimage","url":"https:\/\/dicodusport.fr\/blog\/wp-content\/uploads\/2021\/02\/Slalom-geant-de-Bansko-Mathieu-Faivre-deuxieme-derriere-Filip-Zubcic.png","contentUrl":"https:\/\/dicodusport.fr\/blog\/wp-content\/uploads\/2021\/02\/Slalom-geant-de-Bansko-Mathieu-Faivre-deuxieme-derriere-Filip-Zubcic.png","width":800,"height":445,"caption":"Slalom g\u00e9ant de Bansko : Mathieu Faivre deuxi\u00e8me derri\u00e8re Filip Zubcic"},{"@type":"BreadcrumbList","@id":"https:\/\/dicodusport.fr\/blog\/slalom-geant-bansko-mathieu-faivre-deuxieme-derriere-filip-zubcic-pinturault-4eme\/#breadcrumb","itemListElement":[{"@type":"ListItem","position":1,"name":"Accueil","item":"https:\/\/dicodusport.fr\/blog\/"},{"@type":"ListItem","position":2,"name":"Slalom g\u00e9ant de Bansko : Mathieu Faivre deuxi\u00e8me derri\u00e8re Filip Zubcic, Pinturault 4\u00e8me"}]},{"@type":"WebSite","@id":"https:\/\/dicodusport.fr\/blog\/#website","url":"https:\/\/dicodusport.fr\/blog\/","name":"Dicodusport","description":"L&#039;encyclop\u00e9die de l&#039;actualit\u00e9 sportive","publisher":{"@id":"https:\/\/dicodusport.fr\/blog\/#organization"},"potentialAction":[{"@type":"SearchAction","target":{"@type":"EntryPoint","urlTemplate":"https:\/\/dicodusport.fr\/blog\/?s={search_term_string}"},"query-input":{"@type":"PropertyValueSpecification","valueRequired":true,"valueName":"search_term_string"}}],"inLanguage":"fr-FR"},{"@type":"NewsMediaOrganization","@id":"https:\/\/dicodusport.fr\/blog\/#organization","name":"Dicodusport","url":"https:\/\/dicodusport.fr\/blog\/","logo":{"@type":"ImageObject","inLanguage":"fr-FR","@id":"https:\/\/dicodusport.fr\/blog\/#\/schema\/logo\/image\/","url":"https:\/\/dicodusport.fr\/blog\/wp-content\/uploads\/2020\/06\/cropped-LOGO-DICODUSPORT-2020-SANS-FOND-SANS-TEXTE.png","contentUrl":"https:\/\/dicodusport.fr\/blog\/wp-content\/uploads\/2020\/06\/cropped-LOGO-DICODUSPORT-2020-SANS-FOND-SANS-TEXTE.png","width":512,"height":512,"caption":"Dicodusport"},"image":{"@id":"https:\/\/dicodusport.fr\/blog\/#\/schema\/logo\/image\/"},"sameAs":["https:\/\/www.facebook.com\/dicodusport","https:\/\/x.com\/dicodusport","https:\/\/www.instagram.com\/dicodusport\/","https:\/\/www.youtube.com\/channel\/UC7V2KZ5sd3htJivAbA4ZG3w"],"description":"Dicodusport est l'encyclop\u00e9die de l'actualit\u00e9 sportive.","email":"bonjour@dicodusport.fr","legalName":"DICODUSPORT","foundingDate":"2018-01-14","vatID":"FR71834470973","taxID":"83447097300043","numberOfEmployees":{"@type":"QuantitativeValue","minValue":"1","maxValue":"10"}},{"@type":"Person","@id":"https:\/\/dicodusport.fr\/blog\/#\/schema\/person\/cb02af4c173ce4a653b55e9baf388d4a","name":"Flo Ostermann","image":{"@type":"ImageObject","inLanguage":"fr-FR","@id":"https:\/\/dicodusport.fr\/blog\/#\/schema\/person\/image\/","url":"https:\/\/dicodusport.fr\/blog\/wp-content\/uploads\/2021\/05\/Flo-Ostermann-150x150.jpg","contentUrl":"https:\/\/dicodusport.fr\/blog\/wp-content\/uploads\/2021\/05\/Flo-Ostermann-150x150.jpg","caption":"Flo Ostermann"},"description":"Journaliste\/R\u00e9dacteur depuis septembre 2015 - Mes premiers souvenirs dans le sport ? Les envol\u00e9es du Stade Toulousain et les duels Villeneuve-Schumacher et H\u00e4kkinen-Schumacher \u00e0 la fin des ann\u00e9es 90, la Coupe du monde de football en 1998, l\u2019exploit du XV de France face aux All Blacks en 1999, mais aussi Richard C\u0153ur de Lion qui vole sur les montagnes du Tour de France. Bien parti pour devenir professeur d\u2019EPS, les \u00e9v\u00e9nements de la vie (et la flemme d\u2019animer des s\u00e9ances de 3x500 m\u00e8tres toute ma vie) m\u2019ont conduit \u00e0 revoir mes plans. Me voil\u00e0 depuis fin 2017 sur Dicodusport, m\u00e9dia gr\u00e2ce (et pour) lequel je partage ma passion : le sport dans tous ses \u00e9tats. Le tout accompagn\u00e9 par les fous furieux et folles furieuses cit\u00e9s sur cette page !","sameAs":["https:\/\/www.facebook.com\/florent.ostermann","https:\/\/x.com\/https:\/\/twitter.com\/FlOstermann","admin"],"url":"https:\/\/dicodusport.fr\/blog\/author\/flo\/"}]}},"_links":{"self":[{"href":"https:\/\/dicodusport.fr\/blog\/wp-json\/wp\/v2\/posts\/109688","targetHints":{"allow":["GET"]}}],"collection":[{"href":"https:\/\/dicodusport.fr\/blog\/wp-json\/wp\/v2\/posts"}],"about":[{"href":"https:\/\/dicodusport.fr\/blog\/wp-json\/wp\/v2\/types\/post"}],"author":[{"embeddable":true,"href":"https:\/\/dicodusport.fr\/blog\/wp-json\/wp\/v2\/users\/4"}],"replies":[{"embeddable":true,"href":"https:\/\/dicodusport.fr\/blog\/wp-json\/wp\/v2\/comments?post=109688"}],"version-history":[{"count":0,"href":"https:\/\/dicodusport.fr\/blog\/wp-json\/wp\/v2\/posts\/109688\/revisions"}],"wp:featuredmedia":[{"embeddable":true,"href":"https:\/\/dicodusport.fr\/blog\/wp-json\/wp\/v2\/media\/109708"}],"wp:attachment":[{"href":"https:\/\/dicodusport.fr\/blog\/wp-json\/wp\/v2\/media?parent=109688"}],"wp:term":[{"taxonomy":"category","embeddable":true,"href":"https:\/\/dicodusport.fr\/blog\/wp-json\/wp\/v2\/categories?post=109688"},{"taxonomy":"post_tag","embeddable":true,"href":"https:\/\/dicodusport.fr\/blog\/wp-json\/wp\/v2\/tags?post=109688"}],"curies":[{"name":"wp","href":"https:\/\/api.w.org\/{rel}","templated":true}]}}