{"id":10969,"date":"2018-01-24T12:00:36","date_gmt":"2018-01-24T11:00:36","guid":{"rendered":"http:\/\/dicodusport.fr\/blog\/?p=10969"},"modified":"2018-01-24T09:18:59","modified_gmt":"2018-01-24T08:18:59","slug":"face-a-face-pour-ou-contre-la-venue-de-joel-embiid-en-equipe-de-france","status":"publish","type":"post","link":"https:\/\/dicodusport.fr\/blog\/face-a-face-pour-ou-contre-la-venue-de-joel-embiid-en-equipe-de-france\/","title":{"rendered":"Face \u00e0 face : pour ou contre la venue de Jo\u00ebl Embiid en \u00e9quipe de France ?"},"content":{"rendered":"<p style=\"text-align: justify;\"><strong><em>Chaque mercredi, les r\u00e9dacteurs de Dicodusport entrent sur le ring et s\u2019affrontent dans un <a href=\"https:\/\/dicodusport.fr\/blog\/face-a-face\/\">Face \u00e0 Face<\/a> autour d\u2019un sujet d\u2019actualit\u00e9. Dans ce un-contre-un engag\u00e9, chaque r\u00e9dacteur ou r\u00e9dactrice tentera de convaincre son adversaire ainsi que vous, cher lecteur, qu\u2019il m\u00e9rite de remporter ce Face \u00e0 Face. Un arbitre sera alors charg\u00e9 de les d\u00e9partager et de d\u00e9signer un vainqueur. Cette semaine, focus sur le ph\u00e9nom\u00e8ne Jo\u00ebl Embiid. De nationalit\u00e9 camerounaise, il ne serait pas contre rejoindre l&rsquo;\u00e9quipe de France.<\/em><\/strong><\/p>\n<hr \/>\n<h5>\u00a0<img loading=\"lazy\" decoding=\"async\" class=\"aligncenter wp-image-10996\" src=\"http:\/\/dicodusport.fr\/blog\/wp-content\/uploads\/2018\/01\/Nico.png\" alt=\"\" width=\"599\" height=\"440\" srcset=\"https:\/\/dicodusport.fr\/blog\/wp-content\/uploads\/2018\/01\/Nico.png 922w, https:\/\/dicodusport.fr\/blog\/wp-content\/uploads\/2018\/01\/Nico-300x220.png 300w, https:\/\/dicodusport.fr\/blog\/wp-content\/uploads\/2018\/01\/Nico-768x564.png 768w\" sizes=\"auto, (max-width: 599px) 100vw, 599px\" \/><\/h5>\n<h5>&#x1f44d;<strong> Nicolas est pour la venue de Jo\u00ebl Embiid en \u00e9quipe de France.<br \/>\n<\/strong><\/h5>\n<p style=\"text-align: justify;\">Il y a deux points importants \u00e0 prendre en consid\u00e9ration pour r\u00e9pondre \u00e0 cette question. Le premier est qu\u2019il existe des r\u00e8gles pour ce qui est de la possibilit\u00e9 ou non de faire jouer un joueur en s\u00e9lection pour chaque sport. Si Jo\u00ebl Embiid r\u00e9pond \u00e0 ces crit\u00e8res il est donc s\u00e9lectionnable. Le deuxi\u00e8me, qui est le plus important, est la volont\u00e9 du joueur. S\u2019il veut jouer pour l\u2019\u00e9quipe de France, il est l\u00e0 aussi s\u00e9lectionnable. Si ces deux points vont dans le sens de jouer en \u00e9quipe de France, il est donc \u00e0 la disposition du s\u00e9lectionneur qui pourra faire appel \u00e0 lui ou non.<\/p>\n<p style=\"text-align: justify;\">La seule chose qui pousserait \u00e0 r\u00e9pondre non, c\u2019est d\u2019un point de vue moral, le fait qu\u2019il ne soit pas \u00ab vraiment \u00bb Fran\u00e7ais et qu\u2019il n\u2019ait donc pas sa place en bleu. N\u2019est-on pas le seul pays qui se pose ce type de questions ? Ou alors est-on d\u00e9j\u00e0 trop fort pour ne pas vouloir d\u2019un talent comme le sien en \u00e9quipe de France ? Notre morale devrait-elle nous pousser \u00e0 refuser qu\u2019un tel talent puisse aider notre \u00e9quipe nationale ? Il semble que les autres pays ne se posent pas la question.<\/p>\n<p style=\"text-align: justify;\">Si les r\u00e8gles lui permettent, si la volont\u00e9 du joueur est de jouer en \u00e9quipe de France et que le s\u00e9lectionneur estime qu\u2019il a besoin de lui, Jo\u00ebl Embiid doit faire partie de l\u2019\u00e9quipe de France !<\/p>\n<hr \/>\n<h5>\u00a0<img loading=\"lazy\" decoding=\"async\" class=\"aligncenter wp-image-10997\" src=\"http:\/\/dicodusport.fr\/blog\/wp-content\/uploads\/2018\/01\/Tom.jpg\" alt=\"\" width=\"518\" height=\"518\" srcset=\"https:\/\/dicodusport.fr\/blog\/wp-content\/uploads\/2018\/01\/Tom.jpg 960w, https:\/\/dicodusport.fr\/blog\/wp-content\/uploads\/2018\/01\/Tom-150x150.jpg 150w, https:\/\/dicodusport.fr\/blog\/wp-content\/uploads\/2018\/01\/Tom-300x300.jpg 300w, https:\/\/dicodusport.fr\/blog\/wp-content\/uploads\/2018\/01\/Tom-768x768.jpg 768w\" sizes=\"auto, (max-width: 518px) 100vw, 518px\" \/><\/h5>\n<h5>&#x1f44e; Tom est contre la venue de Jo\u00ebl Embiid en \u00e9quipe de France.<\/h5>\n<p style=\"text-align: justify;\">Afin de traiter le sujet Embiid, il faut repartir au point de d\u00e9part, c&rsquo;est-\u00e0-dire la d\u00e9finition-m\u00eame d\u2019une s\u00e9lection nationale : \u00ab une \u00e9quipe compos\u00e9e des meilleurs joueurs d\u2019un pays \u00bb. Si on se r\u00e9f\u00e8re \u00e0 cette d\u00e9finition, de quel droit l\u2019EDF peut-elle recruter un joueur d\u2019un autre pays, qui n\u2019a absolument aucun lien avec la France, mis \u00e0 part le fait qu\u2019il parle notre langue ? Un vrai probl\u00e8me d\u2019identit\u00e9 se pose ici. Chaque pays est cens\u00e9 se battre avec ses armes pour d\u00e9fendre ses couleurs, et en aucun cas aller piocher dans d\u2019autres nations des joueurs qui pourraient am\u00e9liorer son effectif. La s\u00e9lection nationale ne doit pas \u00eatre un business. De plus, qu\u2019en est-il des jeunes Fran\u00e7ais, form\u00e9s depuis leur enfance en France, qui donnent tout pour r\u00e9aliser leur r\u00eave et jouer un jour en EDF, et qui se voient doubler par un joueur qui n\u2019a quasiment jamais mis les pieds en France ?<\/p>\n<p style=\"text-align: justify;\">Pour en revenir au cas Embiid, bien que du point de vue sportif, il soit \u00e9videmment tr\u00e8s tentant d\u2019avoir un joueur de tel calibre dans notre effectif, il ne faut pas qu\u2019il joue pour la France. Quid des Lauvergne, Ajin\u00e7a et surtout Rudy Gobert, les habituels pivots de l\u2019EDF ? Des joueurs qui ont tout donn\u00e9 pendant des ann\u00e9es et fait des sacrifices pour l\u2019EDF et qui se verraient doubler par un joueur qui n\u2019a aucune attache avec notre pays ?<br \/>\nEt tout \u00e7a sans parler des probl\u00e8mes physiques r\u00e9currents d\u2019Embiid. D\u00e9j\u00e0 que le pivot camerounais ne peut pas jouer tous les matchs de NBA \u00e0 cause de sa fragilit\u00e9 physique, est-ce vraiment raisonnable de l\u2019envoyer jouer une vingtaine de matchs suppl\u00e9mentaires chaque \u00e9t\u00e9 ?<\/p>\n<p style=\"text-align: justify;\">De toute fa\u00e7on, les Sixers de Philadelphie mettront s\u00fbrement leur v\u00e9to sur leur p\u00e9pite, de fa\u00e7on \u00e0 le pr\u00e9server bien au chaud pendant la p\u00e9riode internationale. Ainsi, entre les blessures d\u2019Embiid, les probl\u00e8mes d\u2019identit\u00e9 nationale et les guerres d\u2019\u00e9go entre joueurs, la venue du pivot camerounais en France risque de partir dans de longs feuilletons qui devraient perturber l\u2019EDF plus qu\u2019autre chose.<\/p>\n<hr \/>\n<h4 style=\"text-align: justify;\"><strong>Verdict de l\u2019arbitre :<\/strong><\/h4>\n<p style=\"text-align: justify;\">Un cas des plus \u00e9pineux, qui n&rsquo;est pas sans rappeler les histoires des joueurs \u00e9trangers en \u00e9quipe de France de rugby. Ainsi, Nicolas ne voit aucun inconv\u00e9nient \u00e0 ce que Jo\u00ebl Embiid, joueur des Sixers d&rsquo;origine camerounaise, vienne jouer avec l&rsquo;\u00e9quipe de France. Selon lui, il serait compliqu\u00e9 de se passer d&rsquo;un tel potentiel, pr\u00eat \u00e0 jouer en bleu et de plus, il est vrai que rien n&rsquo;interdit sa venue au sein d&rsquo;un collectif fragile.<\/p>\n<p style=\"text-align: justify;\">A l&rsquo;oppos\u00e9, Tom est quant \u00e0 lui totalement contre l&rsquo;arriv\u00e9e de Jo\u00ebl Embiid en \u00e9quipe de France.\u00a0 Ses arguments reposent sur une d\u00e9finition sans \u00e9quivoque d&rsquo;une s\u00e9lection, mais aussi sur le fait que les Bleus ont suffisamment d&rsquo;armes au poste de pivot. Argument qui selon moi fait la diff\u00e9rence :\u00a0celui sur le tr\u00e8s probable v\u00e9to des Sixers, qui risquent de vouloir garder leur p\u00e9pite au chaud afin de le pr\u00e9server. Aussi talentueux soit-il, Embiid ne doit pas int\u00e9grer l&rsquo;\u00e9quipe de France. Non pas parce qu&rsquo;il n&rsquo;est pas Fran\u00e7ais, mais parce que toutes les conditions ne sont pas r\u00e9unies.<\/p>\n<p><strong>&#x1f3c6; Tom remporte par cons\u00e9quent ce d\u00e9bat.<br \/>\n<\/strong><\/p>\n","protected":false},"excerpt":{"rendered":"<p>Chaque mercredi, les r\u00e9dacteurs de Dicodusport entrent sur le ring et s\u2019affrontent dans un Face \u00e0 Face autour d\u2019un sujet d\u2019actualit\u00e9. Dans ce un-contre-un engag\u00e9, chaque r\u00e9dacteur ou r\u00e9dactrice tentera de convaincre son adversaire ainsi que vous, cher lecteur, qu\u2019il m\u00e9rite de remporter ce Face \u00e0 Face. Un arbitre sera alors charg\u00e9 de les d\u00e9partager [&hellip;]<\/p>\n","protected":false},"author":4,"featured_media":10998,"comment_status":"open","ping_status":"closed","sticky":false,"template":"","format":"standard","meta":{"_acf_changed":false,"_daextam_enable_autolinks":"","footnotes":""},"categories":[2,2305,2348],"tags":[174,2420,2422,2524,179],"class_list":["post-10969","post","type-post","status-publish","format-standard","has-post-thumbnail","hentry","category-actualites","category-basket-ball","category-face-a-face","tag-basket","tag-debat","tag-face-a-face","tag-joel-embiid","tag-nba"],"acf":[],"yoast_head":"<!-- This site is optimized with the Yoast SEO Premium plugin v26.7 (Yoast SEO v26.7) - https:\/\/yoast.com\/wordpress\/plugins\/seo\/ -->\n<title>Face \u00e0 face : pour ou contre la venue de Jo\u00ebl Embiid en \u00e9quipe de France ?<\/title>\n<meta name=\"description\" content=\"Cette semaine, focus sur le ph\u00e9nom\u00e8ne Jo\u00ebl Embiid. De nationalit\u00e9 camerounaise, il ne serait pas contre rejoindre l&#039;\u00e9quipe de France.\" \/>\n<meta name=\"robots\" content=\"index, follow, max-snippet:-1, max-image-preview:large, max-video-preview:-1\" \/>\n<link rel=\"canonical\" href=\"https:\/\/dicodusport.fr\/blog\/face-a-face-pour-ou-contre-la-venue-de-joel-embiid-en-equipe-de-france\/\" \/>\n<meta property=\"og:locale\" content=\"fr_FR\" \/>\n<meta property=\"og:type\" content=\"article\" \/>\n<meta property=\"og:title\" content=\"Face \u00e0 face : pour ou contre la venue de Jo\u00ebl Embiid en \u00e9quipe de France ?\" \/>\n<meta property=\"og:description\" content=\"Cette semaine, focus sur le ph\u00e9nom\u00e8ne Jo\u00ebl Embiid. De nationalit\u00e9 camerounaise, il ne serait pas contre rejoindre l&#039;\u00e9quipe de France.\" \/>\n<meta property=\"og:url\" content=\"https:\/\/dicodusport.fr\/blog\/face-a-face-pour-ou-contre-la-venue-de-joel-embiid-en-equipe-de-france\/\" \/>\n<meta property=\"og:site_name\" content=\"Dicodusport\" \/>\n<meta property=\"article:publisher\" content=\"https:\/\/www.facebook.com\/dicodusport\" \/>\n<meta property=\"article:author\" content=\"https:\/\/www.facebook.com\/florent.ostermann\" \/>\n<meta property=\"article:published_time\" content=\"2018-01-24T11:00:36+00:00\" \/>\n<meta property=\"og:image\" content=\"https:\/\/dicodusport.fr\/blog\/wp-content\/uploads\/2018\/01\/Jo\u00ebl-Embiid.png\" \/>\n\t<meta property=\"og:image:width\" content=\"1200\" \/>\n\t<meta property=\"og:image:height\" content=\"670\" \/>\n\t<meta property=\"og:image:type\" content=\"image\/png\" \/>\n<meta name=\"author\" content=\"Flo Ostermann\" \/>\n<meta name=\"twitter:card\" content=\"summary_large_image\" \/>\n<meta name=\"twitter:creator\" content=\"@https:\/\/twitter.com\/FlOstermann\" \/>\n<meta name=\"twitter:site\" content=\"@dicodusport\" \/>\n<script type=\"application\/ld+json\" class=\"yoast-schema-graph\">{\"@context\":\"https:\/\/schema.org\",\"@graph\":[{\"@type\":\"NewsArticle\",\"@id\":\"https:\/\/dicodusport.fr\/blog\/face-a-face-pour-ou-contre-la-venue-de-joel-embiid-en-equipe-de-france\/#article\",\"isPartOf\":{\"@id\":\"https:\/\/dicodusport.fr\/blog\/face-a-face-pour-ou-contre-la-venue-de-joel-embiid-en-equipe-de-france\/\"},\"author\":{\"name\":\"Flo Ostermann\",\"@id\":\"https:\/\/dicodusport.fr\/blog\/#\/schema\/person\/cb02af4c173ce4a653b55e9baf388d4a\"},\"headline\":\"Face \u00e0 face : pour ou contre la venue de Jo\u00ebl Embiid en \u00e9quipe de France ?\",\"datePublished\":\"2018-01-24T11:00:36+00:00\",\"mainEntityOfPage\":{\"@id\":\"https:\/\/dicodusport.fr\/blog\/face-a-face-pour-ou-contre-la-venue-de-joel-embiid-en-equipe-de-france\/\"},\"wordCount\":991,\"commentCount\":0,\"publisher\":{\"@id\":\"https:\/\/dicodusport.fr\/blog\/#organization\"},\"image\":{\"@id\":\"https:\/\/dicodusport.fr\/blog\/face-a-face-pour-ou-contre-la-venue-de-joel-embiid-en-equipe-de-france\/#primaryimage\"},\"thumbnailUrl\":\"https:\/\/dicodusport.fr\/blog\/wp-content\/uploads\/2018\/01\/Jo\u00ebl-Embiid.png\",\"keywords\":[\"basket\",\"D\u00e9bat\",\"face \u00e0 face\",\"Joel Embiid\",\"NBA\"],\"articleSection\":[\"Actualit\u00e9s\",\"Basket-ball\",\"Face \u00e0 face\"],\"inLanguage\":\"fr-FR\",\"potentialAction\":[{\"@type\":\"CommentAction\",\"name\":\"Comment\",\"target\":[\"https:\/\/dicodusport.fr\/blog\/face-a-face-pour-ou-contre-la-venue-de-joel-embiid-en-equipe-de-france\/#respond\"]}],\"copyrightYear\":\"2018\",\"copyrightHolder\":{\"@id\":\"https:\/\/dicodusport.fr\/blog\/#organization\"}},{\"@type\":\"WebPage\",\"@id\":\"https:\/\/dicodusport.fr\/blog\/face-a-face-pour-ou-contre-la-venue-de-joel-embiid-en-equipe-de-france\/\",\"url\":\"https:\/\/dicodusport.fr\/blog\/face-a-face-pour-ou-contre-la-venue-de-joel-embiid-en-equipe-de-france\/\",\"name\":\"Face \u00e0 face : pour ou contre la venue de Jo\u00ebl Embiid en \u00e9quipe de France ?\",\"isPartOf\":{\"@id\":\"https:\/\/dicodusport.fr\/blog\/#website\"},\"primaryImageOfPage\":{\"@id\":\"https:\/\/dicodusport.fr\/blog\/face-a-face-pour-ou-contre-la-venue-de-joel-embiid-en-equipe-de-france\/#primaryimage\"},\"image\":{\"@id\":\"https:\/\/dicodusport.fr\/blog\/face-a-face-pour-ou-contre-la-venue-de-joel-embiid-en-equipe-de-france\/#primaryimage\"},\"thumbnailUrl\":\"https:\/\/dicodusport.fr\/blog\/wp-content\/uploads\/2018\/01\/Jo\u00ebl-Embiid.png\",\"datePublished\":\"2018-01-24T11:00:36+00:00\",\"description\":\"Cette semaine, focus sur le ph\u00e9nom\u00e8ne Jo\u00ebl Embiid. De nationalit\u00e9 camerounaise, il ne serait pas contre rejoindre l'\u00e9quipe de France.\",\"breadcrumb\":{\"@id\":\"https:\/\/dicodusport.fr\/blog\/face-a-face-pour-ou-contre-la-venue-de-joel-embiid-en-equipe-de-france\/#breadcrumb\"},\"inLanguage\":\"fr-FR\",\"potentialAction\":[{\"@type\":\"ReadAction\",\"target\":[\"https:\/\/dicodusport.fr\/blog\/face-a-face-pour-ou-contre-la-venue-de-joel-embiid-en-equipe-de-france\/\"]}]},{\"@type\":\"ImageObject\",\"inLanguage\":\"fr-FR\",\"@id\":\"https:\/\/dicodusport.fr\/blog\/face-a-face-pour-ou-contre-la-venue-de-joel-embiid-en-equipe-de-france\/#primaryimage\",\"url\":\"https:\/\/dicodusport.fr\/blog\/wp-content\/uploads\/2018\/01\/Jo\u00ebl-Embiid.png\",\"contentUrl\":\"https:\/\/dicodusport.fr\/blog\/wp-content\/uploads\/2018\/01\/Jo\u00ebl-Embiid.png\",\"width\":1200,\"height\":670},{\"@type\":\"BreadcrumbList\",\"@id\":\"https:\/\/dicodusport.fr\/blog\/face-a-face-pour-ou-contre-la-venue-de-joel-embiid-en-equipe-de-france\/#breadcrumb\",\"itemListElement\":[{\"@type\":\"ListItem\",\"position\":1,\"name\":\"Accueil\",\"item\":\"https:\/\/dicodusport.fr\/blog\/\"},{\"@type\":\"ListItem\",\"position\":2,\"name\":\"Face \u00e0 face : pour ou contre la venue de Jo\u00ebl Embiid en \u00e9quipe de France ?\"}]},{\"@type\":\"WebSite\",\"@id\":\"https:\/\/dicodusport.fr\/blog\/#website\",\"url\":\"https:\/\/dicodusport.fr\/blog\/\",\"name\":\"Dicodusport\",\"description\":\"L&#039;encyclop\u00e9die de l&#039;actualit\u00e9 sportive\",\"publisher\":{\"@id\":\"https:\/\/dicodusport.fr\/blog\/#organization\"},\"potentialAction\":[{\"@type\":\"SearchAction\",\"target\":{\"@type\":\"EntryPoint\",\"urlTemplate\":\"https:\/\/dicodusport.fr\/blog\/?s={search_term_string}\"},\"query-input\":{\"@type\":\"PropertyValueSpecification\",\"valueRequired\":true,\"valueName\":\"search_term_string\"}}],\"inLanguage\":\"fr-FR\"},{\"@type\":\"NewsMediaOrganization\",\"@id\":\"https:\/\/dicodusport.fr\/blog\/#organization\",\"name\":\"Dicodusport\",\"url\":\"https:\/\/dicodusport.fr\/blog\/\",\"logo\":{\"@type\":\"ImageObject\",\"inLanguage\":\"fr-FR\",\"@id\":\"https:\/\/dicodusport.fr\/blog\/#\/schema\/logo\/image\/\",\"url\":\"https:\/\/dicodusport.fr\/blog\/wp-content\/uploads\/2020\/06\/cropped-LOGO-DICODUSPORT-2020-SANS-FOND-SANS-TEXTE.png\",\"contentUrl\":\"https:\/\/dicodusport.fr\/blog\/wp-content\/uploads\/2020\/06\/cropped-LOGO-DICODUSPORT-2020-SANS-FOND-SANS-TEXTE.png\",\"width\":512,\"height\":512,\"caption\":\"Dicodusport\"},\"image\":{\"@id\":\"https:\/\/dicodusport.fr\/blog\/#\/schema\/logo\/image\/\"},\"sameAs\":[\"https:\/\/www.facebook.com\/dicodusport\",\"https:\/\/x.com\/dicodusport\",\"https:\/\/www.instagram.com\/dicodusport\/\",\"https:\/\/www.youtube.com\/channel\/UC7V2KZ5sd3htJivAbA4ZG3w\"],\"description\":\"Dicodusport est l'encyclop\u00e9die de l'actualit\u00e9 sportive.\",\"email\":\"bonjour@dicodusport.fr\",\"legalName\":\"DICODUSPORT\",\"foundingDate\":\"2018-01-14\",\"vatID\":\"FR71834470973\",\"taxID\":\"83447097300043\",\"numberOfEmployees\":{\"@type\":\"QuantitativeValue\",\"minValue\":\"1\",\"maxValue\":\"10\"}},{\"@type\":\"Person\",\"@id\":\"https:\/\/dicodusport.fr\/blog\/#\/schema\/person\/cb02af4c173ce4a653b55e9baf388d4a\",\"name\":\"Flo Ostermann\",\"image\":{\"@type\":\"ImageObject\",\"inLanguage\":\"fr-FR\",\"@id\":\"https:\/\/dicodusport.fr\/blog\/#\/schema\/person\/image\/\",\"url\":\"https:\/\/dicodusport.fr\/blog\/wp-content\/uploads\/2021\/05\/Flo-Ostermann-150x150.jpg\",\"contentUrl\":\"https:\/\/dicodusport.fr\/blog\/wp-content\/uploads\/2021\/05\/Flo-Ostermann-150x150.jpg\",\"caption\":\"Flo Ostermann\"},\"description\":\"Journaliste\/R\u00e9dacteur depuis septembre 2015 - Mes premiers souvenirs dans le sport ? Les envol\u00e9es du Stade Toulousain et les duels Villeneuve-Schumacher et H\u00e4kkinen-Schumacher \u00e0 la fin des ann\u00e9es 90, la Coupe du monde de football en 1998, l\u2019exploit du XV de France face aux All Blacks en 1999, mais aussi Richard C\u0153ur de Lion qui vole sur les montagnes du Tour de France. Bien parti pour devenir professeur d\u2019EPS, les \u00e9v\u00e9nements de la vie (et la flemme d\u2019animer des s\u00e9ances de 3x500 m\u00e8tres toute ma vie) m\u2019ont conduit \u00e0 revoir mes plans. Me voil\u00e0 depuis fin 2017 sur Dicodusport, m\u00e9dia gr\u00e2ce (et pour) lequel je partage ma passion : le sport dans tous ses \u00e9tats. Le tout accompagn\u00e9 par les fous furieux et folles furieuses cit\u00e9s sur cette page !\",\"sameAs\":[\"https:\/\/www.facebook.com\/florent.ostermann\",\"https:\/\/x.com\/https:\/\/twitter.com\/FlOstermann\",\"admin\"],\"url\":\"https:\/\/dicodusport.fr\/blog\/author\/flo\/\"}]}<\/script>\n<!-- \/ Yoast SEO Premium plugin. -->","yoast_head_json":{"title":"Face \u00e0 face : pour ou contre la venue de Jo\u00ebl Embiid en \u00e9quipe de France ?","description":"Cette semaine, focus sur le ph\u00e9nom\u00e8ne Jo\u00ebl Embiid. De nationalit\u00e9 camerounaise, il ne serait pas contre rejoindre l'\u00e9quipe de France.","robots":{"index":"index","follow":"follow","max-snippet":"max-snippet:-1","max-image-preview":"max-image-preview:large","max-video-preview":"max-video-preview:-1"},"canonical":"https:\/\/dicodusport.fr\/blog\/face-a-face-pour-ou-contre-la-venue-de-joel-embiid-en-equipe-de-france\/","og_locale":"fr_FR","og_type":"article","og_title":"Face \u00e0 face : pour ou contre la venue de Jo\u00ebl Embiid en \u00e9quipe de France ?","og_description":"Cette semaine, focus sur le ph\u00e9nom\u00e8ne Jo\u00ebl Embiid. De nationalit\u00e9 camerounaise, il ne serait pas contre rejoindre l'\u00e9quipe de France.","og_url":"https:\/\/dicodusport.fr\/blog\/face-a-face-pour-ou-contre-la-venue-de-joel-embiid-en-equipe-de-france\/","og_site_name":"Dicodusport","article_publisher":"https:\/\/www.facebook.com\/dicodusport","article_author":"https:\/\/www.facebook.com\/florent.ostermann","article_published_time":"2018-01-24T11:00:36+00:00","og_image":[{"width":1200,"height":670,"url":"https:\/\/dicodusport.fr\/blog\/wp-content\/uploads\/2018\/01\/Jo\u00ebl-Embiid.png","type":"image\/png"}],"author":"Flo Ostermann","twitter_card":"summary_large_image","twitter_creator":"@https:\/\/twitter.com\/FlOstermann","twitter_site":"@dicodusport","schema":{"@context":"https:\/\/schema.org","@graph":[{"@type":"NewsArticle","@id":"https:\/\/dicodusport.fr\/blog\/face-a-face-pour-ou-contre-la-venue-de-joel-embiid-en-equipe-de-france\/#article","isPartOf":{"@id":"https:\/\/dicodusport.fr\/blog\/face-a-face-pour-ou-contre-la-venue-de-joel-embiid-en-equipe-de-france\/"},"author":{"name":"Flo Ostermann","@id":"https:\/\/dicodusport.fr\/blog\/#\/schema\/person\/cb02af4c173ce4a653b55e9baf388d4a"},"headline":"Face \u00e0 face : pour ou contre la venue de Jo\u00ebl Embiid en \u00e9quipe de France ?","datePublished":"2018-01-24T11:00:36+00:00","mainEntityOfPage":{"@id":"https:\/\/dicodusport.fr\/blog\/face-a-face-pour-ou-contre-la-venue-de-joel-embiid-en-equipe-de-france\/"},"wordCount":991,"commentCount":0,"publisher":{"@id":"https:\/\/dicodusport.fr\/blog\/#organization"},"image":{"@id":"https:\/\/dicodusport.fr\/blog\/face-a-face-pour-ou-contre-la-venue-de-joel-embiid-en-equipe-de-france\/#primaryimage"},"thumbnailUrl":"https:\/\/dicodusport.fr\/blog\/wp-content\/uploads\/2018\/01\/Jo\u00ebl-Embiid.png","keywords":["basket","D\u00e9bat","face \u00e0 face","Joel Embiid","NBA"],"articleSection":["Actualit\u00e9s","Basket-ball","Face \u00e0 face"],"inLanguage":"fr-FR","potentialAction":[{"@type":"CommentAction","name":"Comment","target":["https:\/\/dicodusport.fr\/blog\/face-a-face-pour-ou-contre-la-venue-de-joel-embiid-en-equipe-de-france\/#respond"]}],"copyrightYear":"2018","copyrightHolder":{"@id":"https:\/\/dicodusport.fr\/blog\/#organization"}},{"@type":"WebPage","@id":"https:\/\/dicodusport.fr\/blog\/face-a-face-pour-ou-contre-la-venue-de-joel-embiid-en-equipe-de-france\/","url":"https:\/\/dicodusport.fr\/blog\/face-a-face-pour-ou-contre-la-venue-de-joel-embiid-en-equipe-de-france\/","name":"Face \u00e0 face : pour ou contre la venue de Jo\u00ebl Embiid en \u00e9quipe de France ?","isPartOf":{"@id":"https:\/\/dicodusport.fr\/blog\/#website"},"primaryImageOfPage":{"@id":"https:\/\/dicodusport.fr\/blog\/face-a-face-pour-ou-contre-la-venue-de-joel-embiid-en-equipe-de-france\/#primaryimage"},"image":{"@id":"https:\/\/dicodusport.fr\/blog\/face-a-face-pour-ou-contre-la-venue-de-joel-embiid-en-equipe-de-france\/#primaryimage"},"thumbnailUrl":"https:\/\/dicodusport.fr\/blog\/wp-content\/uploads\/2018\/01\/Jo\u00ebl-Embiid.png","datePublished":"2018-01-24T11:00:36+00:00","description":"Cette semaine, focus sur le ph\u00e9nom\u00e8ne Jo\u00ebl Embiid. De nationalit\u00e9 camerounaise, il ne serait pas contre rejoindre l'\u00e9quipe de France.","breadcrumb":{"@id":"https:\/\/dicodusport.fr\/blog\/face-a-face-pour-ou-contre-la-venue-de-joel-embiid-en-equipe-de-france\/#breadcrumb"},"inLanguage":"fr-FR","potentialAction":[{"@type":"ReadAction","target":["https:\/\/dicodusport.fr\/blog\/face-a-face-pour-ou-contre-la-venue-de-joel-embiid-en-equipe-de-france\/"]}]},{"@type":"ImageObject","inLanguage":"fr-FR","@id":"https:\/\/dicodusport.fr\/blog\/face-a-face-pour-ou-contre-la-venue-de-joel-embiid-en-equipe-de-france\/#primaryimage","url":"https:\/\/dicodusport.fr\/blog\/wp-content\/uploads\/2018\/01\/Jo\u00ebl-Embiid.png","contentUrl":"https:\/\/dicodusport.fr\/blog\/wp-content\/uploads\/2018\/01\/Jo\u00ebl-Embiid.png","width":1200,"height":670},{"@type":"BreadcrumbList","@id":"https:\/\/dicodusport.fr\/blog\/face-a-face-pour-ou-contre-la-venue-de-joel-embiid-en-equipe-de-france\/#breadcrumb","itemListElement":[{"@type":"ListItem","position":1,"name":"Accueil","item":"https:\/\/dicodusport.fr\/blog\/"},{"@type":"ListItem","position":2,"name":"Face \u00e0 face : pour ou contre la venue de Jo\u00ebl Embiid en \u00e9quipe de France ?"}]},{"@type":"WebSite","@id":"https:\/\/dicodusport.fr\/blog\/#website","url":"https:\/\/dicodusport.fr\/blog\/","name":"Dicodusport","description":"L&#039;encyclop\u00e9die de l&#039;actualit\u00e9 sportive","publisher":{"@id":"https:\/\/dicodusport.fr\/blog\/#organization"},"potentialAction":[{"@type":"SearchAction","target":{"@type":"EntryPoint","urlTemplate":"https:\/\/dicodusport.fr\/blog\/?s={search_term_string}"},"query-input":{"@type":"PropertyValueSpecification","valueRequired":true,"valueName":"search_term_string"}}],"inLanguage":"fr-FR"},{"@type":"NewsMediaOrganization","@id":"https:\/\/dicodusport.fr\/blog\/#organization","name":"Dicodusport","url":"https:\/\/dicodusport.fr\/blog\/","logo":{"@type":"ImageObject","inLanguage":"fr-FR","@id":"https:\/\/dicodusport.fr\/blog\/#\/schema\/logo\/image\/","url":"https:\/\/dicodusport.fr\/blog\/wp-content\/uploads\/2020\/06\/cropped-LOGO-DICODUSPORT-2020-SANS-FOND-SANS-TEXTE.png","contentUrl":"https:\/\/dicodusport.fr\/blog\/wp-content\/uploads\/2020\/06\/cropped-LOGO-DICODUSPORT-2020-SANS-FOND-SANS-TEXTE.png","width":512,"height":512,"caption":"Dicodusport"},"image":{"@id":"https:\/\/dicodusport.fr\/blog\/#\/schema\/logo\/image\/"},"sameAs":["https:\/\/www.facebook.com\/dicodusport","https:\/\/x.com\/dicodusport","https:\/\/www.instagram.com\/dicodusport\/","https:\/\/www.youtube.com\/channel\/UC7V2KZ5sd3htJivAbA4ZG3w"],"description":"Dicodusport est l'encyclop\u00e9die de l'actualit\u00e9 sportive.","email":"bonjour@dicodusport.fr","legalName":"DICODUSPORT","foundingDate":"2018-01-14","vatID":"FR71834470973","taxID":"83447097300043","numberOfEmployees":{"@type":"QuantitativeValue","minValue":"1","maxValue":"10"}},{"@type":"Person","@id":"https:\/\/dicodusport.fr\/blog\/#\/schema\/person\/cb02af4c173ce4a653b55e9baf388d4a","name":"Flo Ostermann","image":{"@type":"ImageObject","inLanguage":"fr-FR","@id":"https:\/\/dicodusport.fr\/blog\/#\/schema\/person\/image\/","url":"https:\/\/dicodusport.fr\/blog\/wp-content\/uploads\/2021\/05\/Flo-Ostermann-150x150.jpg","contentUrl":"https:\/\/dicodusport.fr\/blog\/wp-content\/uploads\/2021\/05\/Flo-Ostermann-150x150.jpg","caption":"Flo Ostermann"},"description":"Journaliste\/R\u00e9dacteur depuis septembre 2015 - Mes premiers souvenirs dans le sport ? Les envol\u00e9es du Stade Toulousain et les duels Villeneuve-Schumacher et H\u00e4kkinen-Schumacher \u00e0 la fin des ann\u00e9es 90, la Coupe du monde de football en 1998, l\u2019exploit du XV de France face aux All Blacks en 1999, mais aussi Richard C\u0153ur de Lion qui vole sur les montagnes du Tour de France. Bien parti pour devenir professeur d\u2019EPS, les \u00e9v\u00e9nements de la vie (et la flemme d\u2019animer des s\u00e9ances de 3x500 m\u00e8tres toute ma vie) m\u2019ont conduit \u00e0 revoir mes plans. Me voil\u00e0 depuis fin 2017 sur Dicodusport, m\u00e9dia gr\u00e2ce (et pour) lequel je partage ma passion : le sport dans tous ses \u00e9tats. Le tout accompagn\u00e9 par les fous furieux et folles furieuses cit\u00e9s sur cette page !","sameAs":["https:\/\/www.facebook.com\/florent.ostermann","https:\/\/x.com\/https:\/\/twitter.com\/FlOstermann","admin"],"url":"https:\/\/dicodusport.fr\/blog\/author\/flo\/"}]}},"_links":{"self":[{"href":"https:\/\/dicodusport.fr\/blog\/wp-json\/wp\/v2\/posts\/10969","targetHints":{"allow":["GET"]}}],"collection":[{"href":"https:\/\/dicodusport.fr\/blog\/wp-json\/wp\/v2\/posts"}],"about":[{"href":"https:\/\/dicodusport.fr\/blog\/wp-json\/wp\/v2\/types\/post"}],"author":[{"embeddable":true,"href":"https:\/\/dicodusport.fr\/blog\/wp-json\/wp\/v2\/users\/4"}],"replies":[{"embeddable":true,"href":"https:\/\/dicodusport.fr\/blog\/wp-json\/wp\/v2\/comments?post=10969"}],"version-history":[{"count":0,"href":"https:\/\/dicodusport.fr\/blog\/wp-json\/wp\/v2\/posts\/10969\/revisions"}],"wp:featuredmedia":[{"embeddable":true,"href":"https:\/\/dicodusport.fr\/blog\/wp-json\/wp\/v2\/media\/10998"}],"wp:attachment":[{"href":"https:\/\/dicodusport.fr\/blog\/wp-json\/wp\/v2\/media?parent=10969"}],"wp:term":[{"taxonomy":"category","embeddable":true,"href":"https:\/\/dicodusport.fr\/blog\/wp-json\/wp\/v2\/categories?post=10969"},{"taxonomy":"post_tag","embeddable":true,"href":"https:\/\/dicodusport.fr\/blog\/wp-json\/wp\/v2\/tags?post=10969"}],"curies":[{"name":"wp","href":"https:\/\/api.w.org\/{rel}","templated":true}]}}